{"id":52079,"date":"2020-09-09T09:25:12","date_gmt":"2020-09-09T12:25:12","guid":{"rendered":"https:\/\/diariofemenino.com.ar\/?p=52079"},"modified":"2020-09-09T09:25:12","modified_gmt":"2020-09-09T12:25:12","slug":"suenos-de-libertad-en-latinoamerica","status":"publish","type":"post","link":"https:\/\/diariofemenino.com.ar\/df\/suenos-de-libertad-en-latinoamerica\/","title":{"rendered":"Sue\u00f1os de Libertad en Latinoam\u00e9rica"},"content":{"rendered":"<p>Llegan dos nuevos <a href=\"https:\/\/tienda-chirimbote.mercadoshops.com.ar\/\">libros<\/a> de <strong>Editorial Chirimbote<\/strong>: <strong><em>Guerreras de la Independencia <\/em><\/strong>(Liga de Antiprincesas N\u00b0 4) y <strong><em>Silvio Rodr\u00edguez para chicas y chicos<\/em><\/strong> (Colecci\u00f3n Antih\u00e9roes N\u00b0 5), de Nadia Fink, Mart\u00edn Azcurra y Pitu Sa\u00e1.<\/p>\n<figure id=\"attachment_52081\" aria-describedby=\"caption-attachment-52081\" style=\"width: 288px\" class=\"wp-caption alignleft\"><img loading=\"lazy\" decoding=\"async\" class=\" wp-image-52081\" src=\"https:\/\/diariofemenino.com.ar\/df\/wp-content\/uploads\/2020\/09\/LDA-4.jpg\" alt=\"Sue\u00f1os de Libertad en Latinoam\u00e9rica\" width=\"288\" height=\"288\" srcset=\"https:\/\/diariofemenino.com.ar\/df\/wp-content\/uploads\/2020\/09\/LDA-4.jpg 827w, https:\/\/diariofemenino.com.ar\/df\/wp-content\/uploads\/2020\/09\/LDA-4-150x150.jpg 150w, https:\/\/diariofemenino.com.ar\/df\/wp-content\/uploads\/2020\/09\/LDA-4-300x300.jpg 300w, https:\/\/diariofemenino.com.ar\/df\/wp-content\/uploads\/2020\/09\/LDA-4-768x768.jpg 768w\" sizes=\"auto, (max-width: 288px) 100vw, 288px\" \/><figcaption id=\"caption-attachment-52081\" class=\"wp-caption-text\">Sue\u00f1os de Libertad en Latinoam\u00e9rica<\/figcaption><\/figure>\n<p>La <strong>Liga de Antiprincesas 4 <\/strong>nos lleva de viaje por las luchas independentistas de toda Am\u00e9rica Latina, <strong>visibilizando a las mujeres libertadoras que la historia oficial nos neg\u00f3<\/strong>. Esta vez, Juana Azurduy viaja en el tiempo con su amigo Tomasito hasta 1780, y desde all\u00ed transitan la historia de la regi\u00f3n con sus protagonistas, las guerreras Micaela Bastidas, Bartolina Sisa, Manuela Pedraza, Mar\u00eda Remedios del Valle, Martina Silva, Machaca G\u00fcemes, las lanceras de Artigas, las Amazonas, hasta llegar a Manuela S\u00e1enz en 1824. <strong>Y tambi\u00e9n, los h\u00e9roes patri\u00f3ticos que permitieron luchas m\u00e1s igualitarias<\/strong>, como Manuel Belgrano, San Mart\u00edn, Jos\u00e9 Artigas y Mart\u00edn Miguel de G\u00fcemes. <strong>De ese modo, las familias podr\u00e1n repasar nuestra historia no como una fecha en un calendario, sino como un proceso hist\u00f3rico y popular, con una mirada inclusiva<\/strong>.<\/p>\n<p>&nbsp;<\/p>\n<p><img loading=\"lazy\" decoding=\"async\" class=\"alignright wp-image-52082\" src=\"https:\/\/diariofemenino.com.ar\/df\/wp-content\/uploads\/2020\/09\/Silvio-1.jpg\" alt=\"Sue\u00f1os de Libertad en Latinoam\u00e9rica\" width=\"279\" height=\"279\" srcset=\"https:\/\/diariofemenino.com.ar\/df\/wp-content\/uploads\/2020\/09\/Silvio-1.jpg 827w, https:\/\/diariofemenino.com.ar\/df\/wp-content\/uploads\/2020\/09\/Silvio-1-150x150.jpg 150w, https:\/\/diariofemenino.com.ar\/df\/wp-content\/uploads\/2020\/09\/Silvio-1-300x300.jpg 300w, https:\/\/diariofemenino.com.ar\/df\/wp-content\/uploads\/2020\/09\/Silvio-1-768x768.jpg 768w\" sizes=\"auto, (max-width: 279px) 100vw, 279px\" \/><\/p>\n<p>Por otra parte, una visita guiada por las canciones del Antih\u00e9roe que form\u00f3 parte de la Trova Cubana, para chicas y chicos. <strong>Silvio Rodr\u00edguez<\/strong> traspas\u00f3 fronteras con sus canciones de revoluci\u00f3n; esas canciones como disparos de flores hacia todo el mundo. <strong>El lanzamiento se realiza en forma conjunta desde la cuenta de Facebook de Silvio (Zurr\u00f3n del Aprendiz) con una versi\u00f3n digital libre para las infancias cubanas y latinoamericanas. <\/strong><\/p>\n<p>En palabras del propio Silvio, cuando recibi\u00f3 la copia del libro:<\/p>\n<p><em>\u201cIncre\u00edble, llueve con ganas, est\u00e1n cayendo rayos y centellas, y yo en la oscuridad leyendo esto donde soy un personaje de historieta. Esto me pasa por haberlas dejado por la guitarra. La espiral eterna\u201d.<\/em><\/p>\n<p>&nbsp;<\/p>\n<p>Fuente para <a href=\"https:\/\/diariofemenino.com.ar\/\">Diario Digital Femenino<\/a><br \/>\n<strong><u>PRENSA CHIRIMBOTE<br \/>\n<\/u><\/strong><a href=\"mailto:prensa.chirimbote@gmail.com\">prensa.chirimbote@gmail.com\u00a0<\/a><br \/>\n<a href=\"http:\/\/www.chirimbote.com.ar\">www.chirimbote.com.ar<\/a><\/p>\n","protected":false},"excerpt":{"rendered":"<p>Llegan dos nuevos libros de Editorial Chirimbote: Guerreras de la Independencia (Liga de Antiprincesas N\u00b0 4) y Silvio Rodr\u00edguez para chicas y chicos (Colecci\u00f3n Antih\u00e9roes N\u00b0 5), de Nadia Fink, Mart\u00edn Azcurra y Pitu Sa\u00e1. La Liga de Antiprincesas 4 nos lleva de viaje por las luchas independentistas de toda Am\u00e9rica Latina, visibilizando a las [&hellip;]<\/p>\n","protected":false},"author":4,"featured_media":52081,"comment_status":"open","ping_status":"open","sticky":false,"template":"","format":"standard","meta":{"iawp_total_views":2,"footnotes":""},"categories":[581,9],"tags":[3331,624],"class_list":["post-52079","post","type-post","status-publish","format-standard","has-post-thumbnail","hentry","category-azul-profundo","category-de-esi-si-se-habla","tag-la-liga-de-antiprincesas-4-guerreras-de-la-independencia","tag-libros"],"nelio_content":{"autoShareEndMode":"never","automationSources":{"useCustomSentences":false,"customSentences":[]},"efiAlt":"","efiUrl":"","followers":[4],"highlights":[],"isAutoShareEnabled":true,"networkImageIds":[],"permalinkQueryArgs":[],"series":[],"suggestedReferences":[]},"yoast_head":"<!-- This site is optimized with the Yoast SEO plugin v27.5 - https:\/\/yoast.com\/product\/yoast-seo-wordpress\/ -->\n<title>Sue\u00f1os de Libertad en Latinoam\u00e9rica - Diario Digital Femenino<\/title>\n<meta name=\"description\" content=\"Sue\u00f1os de Libertad. Llegan dos nuevos libros de Editorial Chirimbote: Guerreras de la Independencia y Silvio Rodr\u00edguez para chicas y chicos\" \/>\n<meta name=\"robots\" content=\"index, follow, max-snippet:-1, max-image-preview:large, max-video-preview:-1\" \/>\n<link rel=\"canonical\" href=\"https:\/\/diariofemenino.com.ar\/df\/suenos-de-libertad-en-latinoamerica\/\" \/>\n<meta property=\"og:locale\" content=\"es_ES\" \/>\n<meta property=\"og:type\" content=\"article\" \/>\n<meta property=\"og:title\" content=\"Sue\u00f1os de Libertad en Latinoam\u00e9rica - Diario Digital Femenino\" \/>\n<meta property=\"og:description\" content=\"Sue\u00f1os de Libertad. Llegan dos nuevos libros de Editorial Chirimbote: Guerreras de la Independencia y Silvio Rodr\u00edguez para chicas y chicos\" \/>\n<meta property=\"og:url\" content=\"https:\/\/diariofemenino.com.ar\/df\/suenos-de-libertad-en-latinoamerica\/\" \/>\n<meta property=\"og:site_name\" content=\"Diario Digital Femenino\" \/>\n<meta property=\"article:publisher\" content=\"https:\/\/www.facebook.com\/DiarioDigitaFemenino\/\" \/>\n<meta property=\"article:published_time\" content=\"2020-09-09T12:25:12+00:00\" \/>\n<meta property=\"og:image\" content=\"https:\/\/diariofemenino.com.ar\/df\/wp-content\/uploads\/2020\/09\/LDA-4.jpg\" \/>\n\t<meta property=\"og:image:width\" content=\"827\" \/>\n\t<meta property=\"og:image:height\" content=\"827\" \/>\n\t<meta property=\"og:image:type\" content=\"image\/jpeg\" \/>\n<meta name=\"author\" content=\"Admin\" \/>\n<meta name=\"twitter:card\" content=\"summary_large_image\" \/>\n<meta name=\"twitter:creator\" content=\"@DiarioFemenino1\" \/>\n<meta name=\"twitter:site\" content=\"@DiarioFemenino1\" \/>\n<meta name=\"twitter:label1\" content=\"Escrito por\" \/>\n\t<meta name=\"twitter:data1\" content=\"Admin\" \/>\n\t<meta name=\"twitter:label2\" content=\"Tiempo de lectura\" \/>\n\t<meta name=\"twitter:data2\" content=\"2 minutos\" \/>\n<script type=\"application\/ld+json\" class=\"yoast-schema-graph\">{\"@context\":\"https:\\\/\\\/schema.org\",\"@graph\":[{\"@type\":\"Article\",\"@id\":\"https:\\\/\\\/diariofemenino.com.ar\\\/df\\\/suenos-de-libertad-en-latinoamerica\\\/#article\",\"isPartOf\":{\"@id\":\"https:\\\/\\\/diariofemenino.com.ar\\\/df\\\/suenos-de-libertad-en-latinoamerica\\\/\"},\"author\":{\"name\":\"Admin\",\"@id\":\"https:\\\/\\\/diariofemenino.com.ar\\\/df\\\/#\\\/schema\\\/person\\\/bf6199e8158c657ea6f789b11ec85509\"},\"headline\":\"Sue\u00f1os de Libertad en Latinoam\u00e9rica\",\"datePublished\":\"2020-09-09T12:25:12+00:00\",\"mainEntityOfPage\":{\"@id\":\"https:\\\/\\\/diariofemenino.com.ar\\\/df\\\/suenos-de-libertad-en-latinoamerica\\\/\"},\"wordCount\":339,\"commentCount\":0,\"publisher\":{\"@id\":\"https:\\\/\\\/diariofemenino.com.ar\\\/df\\\/#organization\"},\"image\":{\"@id\":\"https:\\\/\\\/diariofemenino.com.ar\\\/df\\\/suenos-de-libertad-en-latinoamerica\\\/#primaryimage\"},\"thumbnailUrl\":\"https:\\\/\\\/diariofemenino.com.ar\\\/df\\\/wp-content\\\/uploads\\\/2020\\\/09\\\/LDA-4.jpg\",\"keywords\":[\"La Liga de Antiprincesas 4 -Guerreras de la Independencia-\",\"Libros\"],\"articleSection\":[\"Azul Profundo\",\"De ESI S\u00ed Se Habla\"],\"inLanguage\":\"es\",\"potentialAction\":[{\"@type\":\"CommentAction\",\"name\":\"Comment\",\"target\":[\"https:\\\/\\\/diariofemenino.com.ar\\\/df\\\/suenos-de-libertad-en-latinoamerica\\\/#respond\"]}]},{\"@type\":\"WebPage\",\"@id\":\"https:\\\/\\\/diariofemenino.com.ar\\\/df\\\/suenos-de-libertad-en-latinoamerica\\\/\",\"url\":\"https:\\\/\\\/diariofemenino.com.ar\\\/df\\\/suenos-de-libertad-en-latinoamerica\\\/\",\"name\":\"Sue\u00f1os de Libertad en Latinoam\u00e9rica - Diario Digital Femenino\",\"isPartOf\":{\"@id\":\"https:\\\/\\\/diariofemenino.com.ar\\\/df\\\/#website\"},\"primaryImageOfPage\":{\"@id\":\"https:\\\/\\\/diariofemenino.com.ar\\\/df\\\/suenos-de-libertad-en-latinoamerica\\\/#primaryimage\"},\"image\":{\"@id\":\"https:\\\/\\\/diariofemenino.com.ar\\\/df\\\/suenos-de-libertad-en-latinoamerica\\\/#primaryimage\"},\"thumbnailUrl\":\"https:\\\/\\\/diariofemenino.com.ar\\\/df\\\/wp-content\\\/uploads\\\/2020\\\/09\\\/LDA-4.jpg\",\"datePublished\":\"2020-09-09T12:25:12+00:00\",\"description\":\"Sue\u00f1os de Libertad. Llegan dos nuevos libros de Editorial Chirimbote: Guerreras de la Independencia y Silvio Rodr\u00edguez para chicas y chicos\",\"breadcrumb\":{\"@id\":\"https:\\\/\\\/diariofemenino.com.ar\\\/df\\\/suenos-de-libertad-en-latinoamerica\\\/#breadcrumb\"},\"inLanguage\":\"es\",\"potentialAction\":[{\"@type\":\"ReadAction\",\"target\":[\"https:\\\/\\\/diariofemenino.com.ar\\\/df\\\/suenos-de-libertad-en-latinoamerica\\\/\"]}]},{\"@type\":\"ImageObject\",\"inLanguage\":\"es\",\"@id\":\"https:\\\/\\\/diariofemenino.com.ar\\\/df\\\/suenos-de-libertad-en-latinoamerica\\\/#primaryimage\",\"url\":\"https:\\\/\\\/diariofemenino.com.ar\\\/df\\\/wp-content\\\/uploads\\\/2020\\\/09\\\/LDA-4.jpg\",\"contentUrl\":\"https:\\\/\\\/diariofemenino.com.ar\\\/df\\\/wp-content\\\/uploads\\\/2020\\\/09\\\/LDA-4.jpg\",\"width\":827,\"height\":827,\"caption\":\"Sue\u00f1os de Libertad en Latinoam\u00e9rica\"},{\"@type\":\"BreadcrumbList\",\"@id\":\"https:\\\/\\\/diariofemenino.com.ar\\\/df\\\/suenos-de-libertad-en-latinoamerica\\\/#breadcrumb\",\"itemListElement\":[{\"@type\":\"ListItem\",\"position\":1,\"name\":\"Portada\",\"item\":\"https:\\\/\\\/diariofemenino.com.ar\\\/df\\\/\"},{\"@type\":\"ListItem\",\"position\":2,\"name\":\"Sue\u00f1os de Libertad en Latinoam\u00e9rica\"}]},{\"@type\":\"WebSite\",\"@id\":\"https:\\\/\\\/diariofemenino.com.ar\\\/df\\\/#website\",\"url\":\"https:\\\/\\\/diariofemenino.com.ar\\\/df\\\/\",\"name\":\"Diario Digital Femenino\",\"description\":\"Cuesti\u00f3n de G\u00e9nero\",\"publisher\":{\"@id\":\"https:\\\/\\\/diariofemenino.com.ar\\\/df\\\/#organization\"},\"potentialAction\":[{\"@type\":\"SearchAction\",\"target\":{\"@type\":\"EntryPoint\",\"urlTemplate\":\"https:\\\/\\\/diariofemenino.com.ar\\\/df\\\/?s={search_term_string}\"},\"query-input\":{\"@type\":\"PropertyValueSpecification\",\"valueRequired\":true,\"valueName\":\"search_term_string\"}}],\"inLanguage\":\"es\"},{\"@type\":\"Organization\",\"@id\":\"https:\\\/\\\/diariofemenino.com.ar\\\/df\\\/#organization\",\"name\":\"Diario Femenino\",\"url\":\"https:\\\/\\\/diariofemenino.com.ar\\\/df\\\/\",\"logo\":{\"@type\":\"ImageObject\",\"inLanguage\":\"es\",\"@id\":\"https:\\\/\\\/diariofemenino.com.ar\\\/df\\\/#\\\/schema\\\/logo\\\/image\\\/\",\"url\":\"https:\\\/\\\/diariofemenino.com.ar\\\/df\\\/wp-content\\\/uploads\\\/2018\\\/10\\\/logo.png\",\"contentUrl\":\"https:\\\/\\\/diariofemenino.com.ar\\\/df\\\/wp-content\\\/uploads\\\/2018\\\/10\\\/logo.png\",\"width\":500,\"height\":92,\"caption\":\"Diario Femenino\"},\"image\":{\"@id\":\"https:\\\/\\\/diariofemenino.com.ar\\\/df\\\/#\\\/schema\\\/logo\\\/image\\\/\"},\"sameAs\":[\"https:\\\/\\\/www.facebook.com\\\/DiarioDigitaFemenino\\\/\",\"https:\\\/\\\/x.com\\\/DiarioFemenino1\"]},{\"@type\":\"Person\",\"@id\":\"https:\\\/\\\/diariofemenino.com.ar\\\/df\\\/#\\\/schema\\\/person\\\/bf6199e8158c657ea6f789b11ec85509\",\"name\":\"Admin\",\"image\":{\"@type\":\"ImageObject\",\"inLanguage\":\"es\",\"@id\":\"https:\\\/\\\/diariofemenino.com.ar\\\/df\\\/wp-content\\\/uploads\\\/2018\\\/12\\\/favicon-150x150.jpg\",\"url\":\"https:\\\/\\\/diariofemenino.com.ar\\\/df\\\/wp-content\\\/uploads\\\/2018\\\/12\\\/favicon-150x150.jpg\",\"contentUrl\":\"https:\\\/\\\/diariofemenino.com.ar\\\/df\\\/wp-content\\\/uploads\\\/2018\\\/12\\\/favicon-150x150.jpg\",\"caption\":\"Admin\"},\"url\":\"https:\\\/\\\/diariofemenino.com.ar\\\/df\\\/author\\\/lenny\\\/\"}]}<\/script>\n<!-- \/ Yoast SEO plugin. -->","yoast_head_json":{"title":"Sue\u00f1os de Libertad en Latinoam\u00e9rica - Diario Digital Femenino","description":"Sue\u00f1os de Libertad. Llegan dos nuevos libros de Editorial Chirimbote: Guerreras de la Independencia y Silvio Rodr\u00edguez para chicas y chicos","robots":{"index":"index","follow":"follow","max-snippet":"max-snippet:-1","max-image-preview":"max-image-preview:large","max-video-preview":"max-video-preview:-1"},"canonical":"https:\/\/diariofemenino.com.ar\/df\/suenos-de-libertad-en-latinoamerica\/","og_locale":"es_ES","og_type":"article","og_title":"Sue\u00f1os de Libertad en Latinoam\u00e9rica - Diario Digital Femenino","og_description":"Sue\u00f1os de Libertad. Llegan dos nuevos libros de Editorial Chirimbote: Guerreras de la Independencia y Silvio Rodr\u00edguez para chicas y chicos","og_url":"https:\/\/diariofemenino.com.ar\/df\/suenos-de-libertad-en-latinoamerica\/","og_site_name":"Diario Digital Femenino","article_publisher":"https:\/\/www.facebook.com\/DiarioDigitaFemenino\/","article_published_time":"2020-09-09T12:25:12+00:00","og_image":[{"width":827,"height":827,"url":"https:\/\/diariofemenino.com.ar\/df\/wp-content\/uploads\/2020\/09\/LDA-4.jpg","type":"image\/jpeg"}],"author":"Admin","twitter_card":"summary_large_image","twitter_creator":"@DiarioFemenino1","twitter_site":"@DiarioFemenino1","twitter_misc":{"Escrito por":"Admin","Tiempo de lectura":"2 minutos"},"schema":{"@context":"https:\/\/schema.org","@graph":[{"@type":"Article","@id":"https:\/\/diariofemenino.com.ar\/df\/suenos-de-libertad-en-latinoamerica\/#article","isPartOf":{"@id":"https:\/\/diariofemenino.com.ar\/df\/suenos-de-libertad-en-latinoamerica\/"},"author":{"name":"Admin","@id":"https:\/\/diariofemenino.com.ar\/df\/#\/schema\/person\/bf6199e8158c657ea6f789b11ec85509"},"headline":"Sue\u00f1os de Libertad en Latinoam\u00e9rica","datePublished":"2020-09-09T12:25:12+00:00","mainEntityOfPage":{"@id":"https:\/\/diariofemenino.com.ar\/df\/suenos-de-libertad-en-latinoamerica\/"},"wordCount":339,"commentCount":0,"publisher":{"@id":"https:\/\/diariofemenino.com.ar\/df\/#organization"},"image":{"@id":"https:\/\/diariofemenino.com.ar\/df\/suenos-de-libertad-en-latinoamerica\/#primaryimage"},"thumbnailUrl":"https:\/\/diariofemenino.com.ar\/df\/wp-content\/uploads\/2020\/09\/LDA-4.jpg","keywords":["La Liga de Antiprincesas 4 -Guerreras de la Independencia-","Libros"],"articleSection":["Azul Profundo","De ESI S\u00ed Se Habla"],"inLanguage":"es","potentialAction":[{"@type":"CommentAction","name":"Comment","target":["https:\/\/diariofemenino.com.ar\/df\/suenos-de-libertad-en-latinoamerica\/#respond"]}]},{"@type":"WebPage","@id":"https:\/\/diariofemenino.com.ar\/df\/suenos-de-libertad-en-latinoamerica\/","url":"https:\/\/diariofemenino.com.ar\/df\/suenos-de-libertad-en-latinoamerica\/","name":"Sue\u00f1os de Libertad en Latinoam\u00e9rica - Diario Digital Femenino","isPartOf":{"@id":"https:\/\/diariofemenino.com.ar\/df\/#website"},"primaryImageOfPage":{"@id":"https:\/\/diariofemenino.com.ar\/df\/suenos-de-libertad-en-latinoamerica\/#primaryimage"},"image":{"@id":"https:\/\/diariofemenino.com.ar\/df\/suenos-de-libertad-en-latinoamerica\/#primaryimage"},"thumbnailUrl":"https:\/\/diariofemenino.com.ar\/df\/wp-content\/uploads\/2020\/09\/LDA-4.jpg","datePublished":"2020-09-09T12:25:12+00:00","description":"Sue\u00f1os de Libertad. Llegan dos nuevos libros de Editorial Chirimbote: Guerreras de la Independencia y Silvio Rodr\u00edguez para chicas y chicos","breadcrumb":{"@id":"https:\/\/diariofemenino.com.ar\/df\/suenos-de-libertad-en-latinoamerica\/#breadcrumb"},"inLanguage":"es","potentialAction":[{"@type":"ReadAction","target":["https:\/\/diariofemenino.com.ar\/df\/suenos-de-libertad-en-latinoamerica\/"]}]},{"@type":"ImageObject","inLanguage":"es","@id":"https:\/\/diariofemenino.com.ar\/df\/suenos-de-libertad-en-latinoamerica\/#primaryimage","url":"https:\/\/diariofemenino.com.ar\/df\/wp-content\/uploads\/2020\/09\/LDA-4.jpg","contentUrl":"https:\/\/diariofemenino.com.ar\/df\/wp-content\/uploads\/2020\/09\/LDA-4.jpg","width":827,"height":827,"caption":"Sue\u00f1os de Libertad en Latinoam\u00e9rica"},{"@type":"BreadcrumbList","@id":"https:\/\/diariofemenino.com.ar\/df\/suenos-de-libertad-en-latinoamerica\/#breadcrumb","itemListElement":[{"@type":"ListItem","position":1,"name":"Portada","item":"https:\/\/diariofemenino.com.ar\/df\/"},{"@type":"ListItem","position":2,"name":"Sue\u00f1os de Libertad en Latinoam\u00e9rica"}]},{"@type":"WebSite","@id":"https:\/\/diariofemenino.com.ar\/df\/#website","url":"https:\/\/diariofemenino.com.ar\/df\/","name":"Diario Digital Femenino","description":"Cuesti\u00f3n de G\u00e9nero","publisher":{"@id":"https:\/\/diariofemenino.com.ar\/df\/#organization"},"potentialAction":[{"@type":"SearchAction","target":{"@type":"EntryPoint","urlTemplate":"https:\/\/diariofemenino.com.ar\/df\/?s={search_term_string}"},"query-input":{"@type":"PropertyValueSpecification","valueRequired":true,"valueName":"search_term_string"}}],"inLanguage":"es"},{"@type":"Organization","@id":"https:\/\/diariofemenino.com.ar\/df\/#organization","name":"Diario Femenino","url":"https:\/\/diariofemenino.com.ar\/df\/","logo":{"@type":"ImageObject","inLanguage":"es","@id":"https:\/\/diariofemenino.com.ar\/df\/#\/schema\/logo\/image\/","url":"https:\/\/diariofemenino.com.ar\/df\/wp-content\/uploads\/2018\/10\/logo.png","contentUrl":"https:\/\/diariofemenino.com.ar\/df\/wp-content\/uploads\/2018\/10\/logo.png","width":500,"height":92,"caption":"Diario Femenino"},"image":{"@id":"https:\/\/diariofemenino.com.ar\/df\/#\/schema\/logo\/image\/"},"sameAs":["https:\/\/www.facebook.com\/DiarioDigitaFemenino\/","https:\/\/x.com\/DiarioFemenino1"]},{"@type":"Person","@id":"https:\/\/diariofemenino.com.ar\/df\/#\/schema\/person\/bf6199e8158c657ea6f789b11ec85509","name":"Admin","image":{"@type":"ImageObject","inLanguage":"es","@id":"https:\/\/diariofemenino.com.ar\/df\/wp-content\/uploads\/2018\/12\/favicon-150x150.jpg","url":"https:\/\/diariofemenino.com.ar\/df\/wp-content\/uploads\/2018\/12\/favicon-150x150.jpg","contentUrl":"https:\/\/diariofemenino.com.ar\/df\/wp-content\/uploads\/2018\/12\/favicon-150x150.jpg","caption":"Admin"},"url":"https:\/\/diariofemenino.com.ar\/df\/author\/lenny\/"}]}},"jetpack_featured_media_url":"https:\/\/diariofemenino.com.ar\/df\/wp-content\/uploads\/2020\/09\/LDA-4.jpg","jetpack_sharing_enabled":true,"rttpg_featured_image_url":{"full":["https:\/\/diariofemenino.com.ar\/df\/wp-content\/uploads\/2020\/09\/LDA-4.jpg",827,827,false],"landscape":["https:\/\/diariofemenino.com.ar\/df\/wp-content\/uploads\/2020\/09\/LDA-4.jpg",827,827,false],"portraits":["https:\/\/diariofemenino.com.ar\/df\/wp-content\/uploads\/2020\/09\/LDA-4.jpg",827,827,false],"thumbnail":["https:\/\/diariofemenino.com.ar\/df\/wp-content\/uploads\/2020\/09\/LDA-4-150x150.jpg",150,150,true],"medium":["https:\/\/diariofemenino.com.ar\/df\/wp-content\/uploads\/2020\/09\/LDA-4-300x300.jpg",300,300,true],"large":["https:\/\/diariofemenino.com.ar\/df\/wp-content\/uploads\/2020\/09\/LDA-4.jpg",827,827,false],"1536x1536":["https:\/\/diariofemenino.com.ar\/df\/wp-content\/uploads\/2020\/09\/LDA-4.jpg",827,827,false],"2048x2048":["https:\/\/diariofemenino.com.ar\/df\/wp-content\/uploads\/2020\/09\/LDA-4.jpg",827,827,false]},"rttpg_author":{"display_name":"Admin","author_link":"https:\/\/diariofemenino.com.ar\/df\/author\/lenny\/"},"rttpg_comment":0,"rttpg_category":"<a href=\"https:\/\/diariofemenino.com.ar\/df\/category\/azul-profundo\/\" rel=\"category tag\">Azul Profundo<\/a> <a href=\"https:\/\/diariofemenino.com.ar\/df\/category\/de-esi-si-se-habla\/\" rel=\"category tag\">De ESI S\u00ed Se Habla<\/a>","rttpg_excerpt":"Llegan dos nuevos libros de Editorial Chirimbote: Guerreras de la Independencia (Liga de Antiprincesas N\u00b0 4) y Silvio Rodr\u00edguez para chicas y chicos (Colecci\u00f3n Antih\u00e9roes N\u00b0 5), de Nadia Fink, Mart\u00edn Azcurra y Pitu Sa\u00e1. La Liga de Antiprincesas 4 nos lleva de viaje por las luchas independentistas de toda Am\u00e9rica Latina, visibilizando a las&hellip;","_links":{"self":[{"href":"https:\/\/diariofemenino.com.ar\/df\/wp-json\/wp\/v2\/posts\/52079","targetHints":{"allow":["GET"]}}],"collection":[{"href":"https:\/\/diariofemenino.com.ar\/df\/wp-json\/wp\/v2\/posts"}],"about":[{"href":"https:\/\/diariofemenino.com.ar\/df\/wp-json\/wp\/v2\/types\/post"}],"author":[{"embeddable":true,"href":"https:\/\/diariofemenino.com.ar\/df\/wp-json\/wp\/v2\/users\/4"}],"replies":[{"embeddable":true,"href":"https:\/\/diariofemenino.com.ar\/df\/wp-json\/wp\/v2\/comments?post=52079"}],"version-history":[{"count":0,"href":"https:\/\/diariofemenino.com.ar\/df\/wp-json\/wp\/v2\/posts\/52079\/revisions"}],"wp:featuredmedia":[{"embeddable":true,"href":"https:\/\/diariofemenino.com.ar\/df\/wp-json\/wp\/v2\/media\/52081"}],"wp:attachment":[{"href":"https:\/\/diariofemenino.com.ar\/df\/wp-json\/wp\/v2\/media?parent=52079"}],"wp:term":[{"taxonomy":"category","embeddable":true,"href":"https:\/\/diariofemenino.com.ar\/df\/wp-json\/wp\/v2\/categories?post=52079"},{"taxonomy":"post_tag","embeddable":true,"href":"https:\/\/diariofemenino.com.ar\/df\/wp-json\/wp\/v2\/tags?post=52079"}],"curies":[{"name":"wp","href":"https:\/\/api.w.org\/{rel}","templated":true}]}}