{"id":51926,"date":"2020-09-03T11:52:04","date_gmt":"2020-09-03T14:52:04","guid":{"rendered":"https:\/\/diariofemenino.com.ar\/?p=51926"},"modified":"2020-09-03T11:52:04","modified_gmt":"2020-09-03T14:52:04","slug":"embarazo-adolescente-bajo-la-tasa-en-la-pampa","status":"publish","type":"post","link":"https:\/\/diariofemenino.com.ar\/df\/embarazo-adolescente-bajo-la-tasa-en-la-pampa\/","title":{"rendered":"Embarazo adolescente: Baj\u00f3 la tasa en La Pampa"},"content":{"rendered":"<p>El defensor de Ni\u00f1as, Ni\u00f1os y Adolescentes de La Pampa, Juan Pablo Meaca, destac\u00f3 la baja en la tasa de embarazo adolescente (10 a 19 a\u00f1os) en La Pampa durante el per\u00edodo 2019-2020.<\/p>\n<figure id=\"attachment_51927\" aria-describedby=\"caption-attachment-51927\" style=\"width: 197px\" class=\"wp-caption alignleft\"><img loading=\"lazy\" decoding=\"async\" class=\" wp-image-51927\" src=\"https:\/\/diariofemenino.com.ar\/df\/wp-content\/uploads\/2020\/09\/08-Meaca-apremios-a-menores477975f8.jpg\" alt=\"Embarazo adolescente: Baj\u00f3 la tasa en La Pampa\" width=\"197\" height=\"131\" srcset=\"https:\/\/diariofemenino.com.ar\/df\/wp-content\/uploads\/2020\/09\/08-Meaca-apremios-a-menores477975f8.jpg 700w, https:\/\/diariofemenino.com.ar\/df\/wp-content\/uploads\/2020\/09\/08-Meaca-apremios-a-menores477975f8-300x199.jpg 300w\" sizes=\"auto, (max-width: 197px) 100vw, 197px\" \/><figcaption id=\"caption-attachment-51927\" class=\"wp-caption-text\">Embarazo adolescente: Baj\u00f3 la tasa en La Pampa<\/figcaption><\/figure>\n<p>Meaca <a href=\"http:\/\/www.laarena.com.ar\/la_pampa-bajo-la-tasa-de-embarazo-adolescente-2130369-163.html\">dijo<\/a> que en el informe anual (2019\/2020) que realiza el organismo se analiz\u00f3 la situaci\u00f3n del embarazo adolescente en la provincia y la evoluci\u00f3n para evaluar las pol\u00edticas de la <a href=\"https:\/\/diariofemenino.com.ar\/category\/de-esi-si-se-habla\/\">ESI<\/a> (Educaci\u00f3n Sexual Integral) y anticoncepci\u00f3n que se realizan en la provincia, y los efectos que los mismos programas producen en la pol\u00edtica p\u00fablica de ni\u00f1ez.<\/p>\n<p>\u00abEn el 2019 nacieron en La Pampa 4143 ni\u00f1os\/as de los cuales 421 corresponden a adolescentes\/ni\u00f1as, teniendo una tasa de embarazo de adolescentes\/ni\u00f1as del 10.16% en referencia al total de nacimientos. Esto marca una baja de dicho porcentaje evaluando el a\u00f1o 2018 donde fue del 11.91% y del 2017 donde fue del 12.49%, y del 13.69% del 2016\u00bb, enumer\u00f3 Meaca.<\/p>\n<figure id=\"attachment_51928\" aria-describedby=\"caption-attachment-51928\" style=\"width: 511px\" class=\"wp-caption aligncenter\"><img loading=\"lazy\" decoding=\"async\" class=\"size-full wp-image-51928\" src=\"https:\/\/diariofemenino.com.ar\/df\/wp-content\/uploads\/2020\/09\/WhatsApp-Image-2020-09-02-at-09.40.41.jpeg\" alt=\"Embarazo adolescente: Baj\u00f3 la tasa en La Pampa\" width=\"511\" height=\"321\" srcset=\"https:\/\/diariofemenino.com.ar\/df\/wp-content\/uploads\/2020\/09\/WhatsApp-Image-2020-09-02-at-09.40.41.jpeg 511w, https:\/\/diariofemenino.com.ar\/df\/wp-content\/uploads\/2020\/09\/WhatsApp-Image-2020-09-02-at-09.40.41-300x188.jpeg 300w\" sizes=\"auto, (max-width: 511px) 100vw, 511px\" \/><figcaption id=\"caption-attachment-51928\" class=\"wp-caption-text\">Embarazo adolescente: Baj\u00f3 la tasa en La Pampa<\/figcaption><\/figure>\n<p>Y ampli\u00f3 que en el a\u00f1o 2019 los nacimientos de madres con menos de 15 a\u00f1os fueron 8, habiendo sido 10 en el 2018.<\/p>\n<p>\u00abQue estos \u00edndices marcan la imperiosa necesidad de seguir apostando a una pol\u00edtica focalizada en la implementaci\u00f3n de la <a href=\"https:\/\/diariofemenino.com.ar\/el-derecho-a-la-esi\/\">ESI<\/a> en todo nuestro territorio, de espacios de salud accesibles para ni\u00f1os; ni\u00f1as y adolescentes para hacer las consultas sobre anticoncepci\u00f3n y recibir toda la informaci\u00f3n y m\u00e9todos que puedan requerir. Como meta se debe establecer que reci\u00e9n a partir de los 18 a\u00f1os de edad como adultos\/as, se inicien los procesos de maternidad y paternidad, en etapas personales elaboradas y elegidas de personas en total desarrollo madurativo y personal (datos Maternidad e Infancia Ministerio de Salud)\u00bb, complet\u00f3.<\/p>\n<p>&nbsp;<\/p>\n<p><a href=\"http:\/\/www.laarena.com.ar\/\">La Arena<\/a><\/p>\n","protected":false},"excerpt":{"rendered":"<p>El defensor de Ni\u00f1as, Ni\u00f1os y Adolescentes de La Pampa, Juan Pablo Meaca, destac\u00f3 la baja en la tasa de embarazo adolescente (10 a 19 a\u00f1os) en La Pampa durante el per\u00edodo 2019-2020. Meaca dijo que en el informe anual (2019\/2020) que realiza el organismo se analiz\u00f3 la situaci\u00f3n del embarazo adolescente en la provincia [&hellip;]<\/p>\n","protected":false},"author":4,"featured_media":51928,"comment_status":"open","ping_status":"open","sticky":false,"template":"","format":"standard","meta":{"iawp_total_views":26,"footnotes":""},"categories":[1067,581,9,21,23],"tags":[3519,57,167,97,714,439,14],"class_list":["post-51926","post","type-post","status-publish","format-standard","has-post-thumbnail","hentry","category-agenda-feminista","category-azul-profundo","category-de-esi-si-se-habla","category-noticias","category-salud","tag-defensor-por-los-derechos-de-ninas-ninos-y-adolescentes-de-la-pampa","tag-derechos-de-ninxs","tag-embarazo-adolescente","tag-esi","tag-juan-pablo-meaca","tag-la-pampa","tag-salud-sexual-y-reproductiva"],"nelio_content":{"autoShareEndMode":"never","automationSources":{"useCustomSentences":false,"customSentences":[]},"efiAlt":"","efiUrl":"","followers":[4],"highlights":[],"isAutoShareEnabled":true,"networkImageIds":[],"permalinkQueryArgs":[],"series":[],"suggestedReferences":[]},"yoast_head":"<!-- This site is optimized with the Yoast SEO plugin v27.5 - https:\/\/yoast.com\/product\/yoast-seo-wordpress\/ -->\n<title>Embarazo adolescente: Baj\u00f3 la tasa en La Pampa - Diario Digital Femenino<\/title>\n<meta name=\"description\" content=\"Embarazo adolescente.\" \/>\n<meta name=\"robots\" content=\"index, follow, max-snippet:-1, max-image-preview:large, max-video-preview:-1\" \/>\n<link rel=\"canonical\" href=\"https:\/\/diariofemenino.com.ar\/df\/embarazo-adolescente-bajo-la-tasa-en-la-pampa\/\" \/>\n<meta property=\"og:locale\" content=\"es_ES\" \/>\n<meta property=\"og:type\" content=\"article\" \/>\n<meta property=\"og:title\" content=\"Embarazo adolescente: Baj\u00f3 la tasa en La Pampa - Diario Digital Femenino\" \/>\n<meta property=\"og:description\" content=\"Embarazo adolescente.\" \/>\n<meta property=\"og:url\" content=\"https:\/\/diariofemenino.com.ar\/df\/embarazo-adolescente-bajo-la-tasa-en-la-pampa\/\" \/>\n<meta property=\"og:site_name\" content=\"Diario Digital Femenino\" \/>\n<meta property=\"article:publisher\" content=\"https:\/\/www.facebook.com\/DiarioDigitaFemenino\/\" \/>\n<meta property=\"article:published_time\" content=\"2020-09-03T14:52:04+00:00\" \/>\n<meta property=\"og:image\" content=\"https:\/\/diariofemenino.com.ar\/df\/wp-content\/uploads\/2020\/09\/WhatsApp-Image-2020-09-02-at-09.40.41.jpeg\" \/>\n\t<meta property=\"og:image:width\" content=\"511\" \/>\n\t<meta property=\"og:image:height\" content=\"321\" \/>\n\t<meta property=\"og:image:type\" content=\"image\/jpeg\" \/>\n<meta name=\"author\" content=\"Admin\" \/>\n<meta name=\"twitter:card\" content=\"summary_large_image\" \/>\n<meta name=\"twitter:creator\" content=\"@DiarioFemenino1\" \/>\n<meta name=\"twitter:site\" content=\"@DiarioFemenino1\" \/>\n<meta name=\"twitter:label1\" content=\"Escrito por\" \/>\n\t<meta name=\"twitter:data1\" content=\"Admin\" \/>\n\t<meta name=\"twitter:label2\" content=\"Tiempo de lectura\" \/>\n\t<meta name=\"twitter:data2\" content=\"2 minutos\" \/>\n<script type=\"application\/ld+json\" class=\"yoast-schema-graph\">{\"@context\":\"https:\\\/\\\/schema.org\",\"@graph\":[{\"@type\":\"Article\",\"@id\":\"https:\\\/\\\/diariofemenino.com.ar\\\/df\\\/embarazo-adolescente-bajo-la-tasa-en-la-pampa\\\/#article\",\"isPartOf\":{\"@id\":\"https:\\\/\\\/diariofemenino.com.ar\\\/df\\\/embarazo-adolescente-bajo-la-tasa-en-la-pampa\\\/\"},\"author\":{\"name\":\"Admin\",\"@id\":\"https:\\\/\\\/diariofemenino.com.ar\\\/df\\\/#\\\/schema\\\/person\\\/bf6199e8158c657ea6f789b11ec85509\"},\"headline\":\"Embarazo adolescente: Baj\u00f3 la tasa en La Pampa\",\"datePublished\":\"2020-09-03T14:52:04+00:00\",\"mainEntityOfPage\":{\"@id\":\"https:\\\/\\\/diariofemenino.com.ar\\\/df\\\/embarazo-adolescente-bajo-la-tasa-en-la-pampa\\\/\"},\"wordCount\":324,\"commentCount\":0,\"publisher\":{\"@id\":\"https:\\\/\\\/diariofemenino.com.ar\\\/df\\\/#organization\"},\"image\":{\"@id\":\"https:\\\/\\\/diariofemenino.com.ar\\\/df\\\/embarazo-adolescente-bajo-la-tasa-en-la-pampa\\\/#primaryimage\"},\"thumbnailUrl\":\"https:\\\/\\\/diariofemenino.com.ar\\\/df\\\/wp-content\\\/uploads\\\/2020\\\/09\\\/WhatsApp-Image-2020-09-02-at-09.40.41.jpeg\",\"keywords\":[\"Defensor por los Derechos de Ni\u00f1as Ni\u00f1os y Adolescentes de La Pampa\",\"Derechos de ni\u00f1xs\",\"Embarazo adolescente\",\"ESI\",\"Juan Pablo Meaca\",\"La Pampa\",\"Salud Sexual y Reproductiva\"],\"articleSection\":[\"Agenda Feminista\",\"Azul Profundo\",\"De ESI S\u00ed Se Habla\",\"Noticias\",\"Salud\"],\"inLanguage\":\"es\",\"potentialAction\":[{\"@type\":\"CommentAction\",\"name\":\"Comment\",\"target\":[\"https:\\\/\\\/diariofemenino.com.ar\\\/df\\\/embarazo-adolescente-bajo-la-tasa-en-la-pampa\\\/#respond\"]}]},{\"@type\":\"WebPage\",\"@id\":\"https:\\\/\\\/diariofemenino.com.ar\\\/df\\\/embarazo-adolescente-bajo-la-tasa-en-la-pampa\\\/\",\"url\":\"https:\\\/\\\/diariofemenino.com.ar\\\/df\\\/embarazo-adolescente-bajo-la-tasa-en-la-pampa\\\/\",\"name\":\"Embarazo adolescente: Baj\u00f3 la tasa en La Pampa - Diario Digital Femenino\",\"isPartOf\":{\"@id\":\"https:\\\/\\\/diariofemenino.com.ar\\\/df\\\/#website\"},\"primaryImageOfPage\":{\"@id\":\"https:\\\/\\\/diariofemenino.com.ar\\\/df\\\/embarazo-adolescente-bajo-la-tasa-en-la-pampa\\\/#primaryimage\"},\"image\":{\"@id\":\"https:\\\/\\\/diariofemenino.com.ar\\\/df\\\/embarazo-adolescente-bajo-la-tasa-en-la-pampa\\\/#primaryimage\"},\"thumbnailUrl\":\"https:\\\/\\\/diariofemenino.com.ar\\\/df\\\/wp-content\\\/uploads\\\/2020\\\/09\\\/WhatsApp-Image-2020-09-02-at-09.40.41.jpeg\",\"datePublished\":\"2020-09-03T14:52:04+00:00\",\"description\":\"Embarazo adolescente.\",\"breadcrumb\":{\"@id\":\"https:\\\/\\\/diariofemenino.com.ar\\\/df\\\/embarazo-adolescente-bajo-la-tasa-en-la-pampa\\\/#breadcrumb\"},\"inLanguage\":\"es\",\"potentialAction\":[{\"@type\":\"ReadAction\",\"target\":[\"https:\\\/\\\/diariofemenino.com.ar\\\/df\\\/embarazo-adolescente-bajo-la-tasa-en-la-pampa\\\/\"]}]},{\"@type\":\"ImageObject\",\"inLanguage\":\"es\",\"@id\":\"https:\\\/\\\/diariofemenino.com.ar\\\/df\\\/embarazo-adolescente-bajo-la-tasa-en-la-pampa\\\/#primaryimage\",\"url\":\"https:\\\/\\\/diariofemenino.com.ar\\\/df\\\/wp-content\\\/uploads\\\/2020\\\/09\\\/WhatsApp-Image-2020-09-02-at-09.40.41.jpeg\",\"contentUrl\":\"https:\\\/\\\/diariofemenino.com.ar\\\/df\\\/wp-content\\\/uploads\\\/2020\\\/09\\\/WhatsApp-Image-2020-09-02-at-09.40.41.jpeg\",\"width\":511,\"height\":321,\"caption\":\"Embarazo adolescente: Baj\u00f3 la tasa en La Pampa\"},{\"@type\":\"BreadcrumbList\",\"@id\":\"https:\\\/\\\/diariofemenino.com.ar\\\/df\\\/embarazo-adolescente-bajo-la-tasa-en-la-pampa\\\/#breadcrumb\",\"itemListElement\":[{\"@type\":\"ListItem\",\"position\":1,\"name\":\"Portada\",\"item\":\"https:\\\/\\\/diariofemenino.com.ar\\\/df\\\/\"},{\"@type\":\"ListItem\",\"position\":2,\"name\":\"Embarazo adolescente: Baj\u00f3 la tasa en La Pampa\"}]},{\"@type\":\"WebSite\",\"@id\":\"https:\\\/\\\/diariofemenino.com.ar\\\/df\\\/#website\",\"url\":\"https:\\\/\\\/diariofemenino.com.ar\\\/df\\\/\",\"name\":\"Diario Digital Femenino\",\"description\":\"Cuesti\u00f3n de G\u00e9nero\",\"publisher\":{\"@id\":\"https:\\\/\\\/diariofemenino.com.ar\\\/df\\\/#organization\"},\"potentialAction\":[{\"@type\":\"SearchAction\",\"target\":{\"@type\":\"EntryPoint\",\"urlTemplate\":\"https:\\\/\\\/diariofemenino.com.ar\\\/df\\\/?s={search_term_string}\"},\"query-input\":{\"@type\":\"PropertyValueSpecification\",\"valueRequired\":true,\"valueName\":\"search_term_string\"}}],\"inLanguage\":\"es\"},{\"@type\":\"Organization\",\"@id\":\"https:\\\/\\\/diariofemenino.com.ar\\\/df\\\/#organization\",\"name\":\"Diario Femenino\",\"url\":\"https:\\\/\\\/diariofemenino.com.ar\\\/df\\\/\",\"logo\":{\"@type\":\"ImageObject\",\"inLanguage\":\"es\",\"@id\":\"https:\\\/\\\/diariofemenino.com.ar\\\/df\\\/#\\\/schema\\\/logo\\\/image\\\/\",\"url\":\"https:\\\/\\\/diariofemenino.com.ar\\\/df\\\/wp-content\\\/uploads\\\/2018\\\/10\\\/logo.png\",\"contentUrl\":\"https:\\\/\\\/diariofemenino.com.ar\\\/df\\\/wp-content\\\/uploads\\\/2018\\\/10\\\/logo.png\",\"width\":500,\"height\":92,\"caption\":\"Diario Femenino\"},\"image\":{\"@id\":\"https:\\\/\\\/diariofemenino.com.ar\\\/df\\\/#\\\/schema\\\/logo\\\/image\\\/\"},\"sameAs\":[\"https:\\\/\\\/www.facebook.com\\\/DiarioDigitaFemenino\\\/\",\"https:\\\/\\\/x.com\\\/DiarioFemenino1\"]},{\"@type\":\"Person\",\"@id\":\"https:\\\/\\\/diariofemenino.com.ar\\\/df\\\/#\\\/schema\\\/person\\\/bf6199e8158c657ea6f789b11ec85509\",\"name\":\"Admin\",\"image\":{\"@type\":\"ImageObject\",\"inLanguage\":\"es\",\"@id\":\"https:\\\/\\\/diariofemenino.com.ar\\\/df\\\/wp-content\\\/uploads\\\/2018\\\/12\\\/favicon-150x150.jpg\",\"url\":\"https:\\\/\\\/diariofemenino.com.ar\\\/df\\\/wp-content\\\/uploads\\\/2018\\\/12\\\/favicon-150x150.jpg\",\"contentUrl\":\"https:\\\/\\\/diariofemenino.com.ar\\\/df\\\/wp-content\\\/uploads\\\/2018\\\/12\\\/favicon-150x150.jpg\",\"caption\":\"Admin\"},\"url\":\"https:\\\/\\\/diariofemenino.com.ar\\\/df\\\/author\\\/lenny\\\/\"}]}<\/script>\n<!-- \/ Yoast SEO plugin. -->","yoast_head_json":{"title":"Embarazo adolescente: Baj\u00f3 la tasa en La Pampa - Diario Digital Femenino","description":"Embarazo adolescente.","robots":{"index":"index","follow":"follow","max-snippet":"max-snippet:-1","max-image-preview":"max-image-preview:large","max-video-preview":"max-video-preview:-1"},"canonical":"https:\/\/diariofemenino.com.ar\/df\/embarazo-adolescente-bajo-la-tasa-en-la-pampa\/","og_locale":"es_ES","og_type":"article","og_title":"Embarazo adolescente: Baj\u00f3 la tasa en La Pampa - Diario Digital Femenino","og_description":"Embarazo adolescente.","og_url":"https:\/\/diariofemenino.com.ar\/df\/embarazo-adolescente-bajo-la-tasa-en-la-pampa\/","og_site_name":"Diario Digital Femenino","article_publisher":"https:\/\/www.facebook.com\/DiarioDigitaFemenino\/","article_published_time":"2020-09-03T14:52:04+00:00","og_image":[{"width":511,"height":321,"url":"https:\/\/diariofemenino.com.ar\/df\/wp-content\/uploads\/2020\/09\/WhatsApp-Image-2020-09-02-at-09.40.41.jpeg","type":"image\/jpeg"}],"author":"Admin","twitter_card":"summary_large_image","twitter_creator":"@DiarioFemenino1","twitter_site":"@DiarioFemenino1","twitter_misc":{"Escrito por":"Admin","Tiempo de lectura":"2 minutos"},"schema":{"@context":"https:\/\/schema.org","@graph":[{"@type":"Article","@id":"https:\/\/diariofemenino.com.ar\/df\/embarazo-adolescente-bajo-la-tasa-en-la-pampa\/#article","isPartOf":{"@id":"https:\/\/diariofemenino.com.ar\/df\/embarazo-adolescente-bajo-la-tasa-en-la-pampa\/"},"author":{"name":"Admin","@id":"https:\/\/diariofemenino.com.ar\/df\/#\/schema\/person\/bf6199e8158c657ea6f789b11ec85509"},"headline":"Embarazo adolescente: Baj\u00f3 la tasa en La Pampa","datePublished":"2020-09-03T14:52:04+00:00","mainEntityOfPage":{"@id":"https:\/\/diariofemenino.com.ar\/df\/embarazo-adolescente-bajo-la-tasa-en-la-pampa\/"},"wordCount":324,"commentCount":0,"publisher":{"@id":"https:\/\/diariofemenino.com.ar\/df\/#organization"},"image":{"@id":"https:\/\/diariofemenino.com.ar\/df\/embarazo-adolescente-bajo-la-tasa-en-la-pampa\/#primaryimage"},"thumbnailUrl":"https:\/\/diariofemenino.com.ar\/df\/wp-content\/uploads\/2020\/09\/WhatsApp-Image-2020-09-02-at-09.40.41.jpeg","keywords":["Defensor por los Derechos de Ni\u00f1as Ni\u00f1os y Adolescentes de La Pampa","Derechos de ni\u00f1xs","Embarazo adolescente","ESI","Juan Pablo Meaca","La Pampa","Salud Sexual y Reproductiva"],"articleSection":["Agenda Feminista","Azul Profundo","De ESI S\u00ed Se Habla","Noticias","Salud"],"inLanguage":"es","potentialAction":[{"@type":"CommentAction","name":"Comment","target":["https:\/\/diariofemenino.com.ar\/df\/embarazo-adolescente-bajo-la-tasa-en-la-pampa\/#respond"]}]},{"@type":"WebPage","@id":"https:\/\/diariofemenino.com.ar\/df\/embarazo-adolescente-bajo-la-tasa-en-la-pampa\/","url":"https:\/\/diariofemenino.com.ar\/df\/embarazo-adolescente-bajo-la-tasa-en-la-pampa\/","name":"Embarazo adolescente: Baj\u00f3 la tasa en La Pampa - Diario Digital Femenino","isPartOf":{"@id":"https:\/\/diariofemenino.com.ar\/df\/#website"},"primaryImageOfPage":{"@id":"https:\/\/diariofemenino.com.ar\/df\/embarazo-adolescente-bajo-la-tasa-en-la-pampa\/#primaryimage"},"image":{"@id":"https:\/\/diariofemenino.com.ar\/df\/embarazo-adolescente-bajo-la-tasa-en-la-pampa\/#primaryimage"},"thumbnailUrl":"https:\/\/diariofemenino.com.ar\/df\/wp-content\/uploads\/2020\/09\/WhatsApp-Image-2020-09-02-at-09.40.41.jpeg","datePublished":"2020-09-03T14:52:04+00:00","description":"Embarazo adolescente.","breadcrumb":{"@id":"https:\/\/diariofemenino.com.ar\/df\/embarazo-adolescente-bajo-la-tasa-en-la-pampa\/#breadcrumb"},"inLanguage":"es","potentialAction":[{"@type":"ReadAction","target":["https:\/\/diariofemenino.com.ar\/df\/embarazo-adolescente-bajo-la-tasa-en-la-pampa\/"]}]},{"@type":"ImageObject","inLanguage":"es","@id":"https:\/\/diariofemenino.com.ar\/df\/embarazo-adolescente-bajo-la-tasa-en-la-pampa\/#primaryimage","url":"https:\/\/diariofemenino.com.ar\/df\/wp-content\/uploads\/2020\/09\/WhatsApp-Image-2020-09-02-at-09.40.41.jpeg","contentUrl":"https:\/\/diariofemenino.com.ar\/df\/wp-content\/uploads\/2020\/09\/WhatsApp-Image-2020-09-02-at-09.40.41.jpeg","width":511,"height":321,"caption":"Embarazo adolescente: Baj\u00f3 la tasa en La Pampa"},{"@type":"BreadcrumbList","@id":"https:\/\/diariofemenino.com.ar\/df\/embarazo-adolescente-bajo-la-tasa-en-la-pampa\/#breadcrumb","itemListElement":[{"@type":"ListItem","position":1,"name":"Portada","item":"https:\/\/diariofemenino.com.ar\/df\/"},{"@type":"ListItem","position":2,"name":"Embarazo adolescente: Baj\u00f3 la tasa en La Pampa"}]},{"@type":"WebSite","@id":"https:\/\/diariofemenino.com.ar\/df\/#website","url":"https:\/\/diariofemenino.com.ar\/df\/","name":"Diario Digital Femenino","description":"Cuesti\u00f3n de G\u00e9nero","publisher":{"@id":"https:\/\/diariofemenino.com.ar\/df\/#organization"},"potentialAction":[{"@type":"SearchAction","target":{"@type":"EntryPoint","urlTemplate":"https:\/\/diariofemenino.com.ar\/df\/?s={search_term_string}"},"query-input":{"@type":"PropertyValueSpecification","valueRequired":true,"valueName":"search_term_string"}}],"inLanguage":"es"},{"@type":"Organization","@id":"https:\/\/diariofemenino.com.ar\/df\/#organization","name":"Diario Femenino","url":"https:\/\/diariofemenino.com.ar\/df\/","logo":{"@type":"ImageObject","inLanguage":"es","@id":"https:\/\/diariofemenino.com.ar\/df\/#\/schema\/logo\/image\/","url":"https:\/\/diariofemenino.com.ar\/df\/wp-content\/uploads\/2018\/10\/logo.png","contentUrl":"https:\/\/diariofemenino.com.ar\/df\/wp-content\/uploads\/2018\/10\/logo.png","width":500,"height":92,"caption":"Diario Femenino"},"image":{"@id":"https:\/\/diariofemenino.com.ar\/df\/#\/schema\/logo\/image\/"},"sameAs":["https:\/\/www.facebook.com\/DiarioDigitaFemenino\/","https:\/\/x.com\/DiarioFemenino1"]},{"@type":"Person","@id":"https:\/\/diariofemenino.com.ar\/df\/#\/schema\/person\/bf6199e8158c657ea6f789b11ec85509","name":"Admin","image":{"@type":"ImageObject","inLanguage":"es","@id":"https:\/\/diariofemenino.com.ar\/df\/wp-content\/uploads\/2018\/12\/favicon-150x150.jpg","url":"https:\/\/diariofemenino.com.ar\/df\/wp-content\/uploads\/2018\/12\/favicon-150x150.jpg","contentUrl":"https:\/\/diariofemenino.com.ar\/df\/wp-content\/uploads\/2018\/12\/favicon-150x150.jpg","caption":"Admin"},"url":"https:\/\/diariofemenino.com.ar\/df\/author\/lenny\/"}]}},"jetpack_featured_media_url":"https:\/\/diariofemenino.com.ar\/df\/wp-content\/uploads\/2020\/09\/WhatsApp-Image-2020-09-02-at-09.40.41.jpeg","jetpack_sharing_enabled":true,"rttpg_featured_image_url":{"full":["https:\/\/diariofemenino.com.ar\/df\/wp-content\/uploads\/2020\/09\/WhatsApp-Image-2020-09-02-at-09.40.41.jpeg",511,321,false],"landscape":["https:\/\/diariofemenino.com.ar\/df\/wp-content\/uploads\/2020\/09\/WhatsApp-Image-2020-09-02-at-09.40.41.jpeg",511,321,false],"portraits":["https:\/\/diariofemenino.com.ar\/df\/wp-content\/uploads\/2020\/09\/WhatsApp-Image-2020-09-02-at-09.40.41.jpeg",511,321,false],"thumbnail":["https:\/\/diariofemenino.com.ar\/df\/wp-content\/uploads\/2020\/09\/WhatsApp-Image-2020-09-02-at-09.40.41-150x150.jpeg",150,150,true],"medium":["https:\/\/diariofemenino.com.ar\/df\/wp-content\/uploads\/2020\/09\/WhatsApp-Image-2020-09-02-at-09.40.41-300x188.jpeg",300,188,true],"large":["https:\/\/diariofemenino.com.ar\/df\/wp-content\/uploads\/2020\/09\/WhatsApp-Image-2020-09-02-at-09.40.41.jpeg",511,321,false],"1536x1536":["https:\/\/diariofemenino.com.ar\/df\/wp-content\/uploads\/2020\/09\/WhatsApp-Image-2020-09-02-at-09.40.41.jpeg",511,321,false],"2048x2048":["https:\/\/diariofemenino.com.ar\/df\/wp-content\/uploads\/2020\/09\/WhatsApp-Image-2020-09-02-at-09.40.41.jpeg",511,321,false]},"rttpg_author":{"display_name":"Admin","author_link":"https:\/\/diariofemenino.com.ar\/df\/author\/lenny\/"},"rttpg_comment":0,"rttpg_category":"<a href=\"https:\/\/diariofemenino.com.ar\/df\/category\/agenda-feminista\/\" rel=\"category tag\">Agenda Feminista<\/a> <a href=\"https:\/\/diariofemenino.com.ar\/df\/category\/azul-profundo\/\" rel=\"category tag\">Azul Profundo<\/a> <a href=\"https:\/\/diariofemenino.com.ar\/df\/category\/de-esi-si-se-habla\/\" rel=\"category tag\">De ESI S\u00ed Se Habla<\/a> <a href=\"https:\/\/diariofemenino.com.ar\/df\/category\/noticias\/\" rel=\"category tag\">Noticias<\/a> <a href=\"https:\/\/diariofemenino.com.ar\/df\/category\/salud\/\" rel=\"category tag\">Salud<\/a>","rttpg_excerpt":"El defensor de Ni\u00f1as, Ni\u00f1os y Adolescentes de La Pampa, Juan Pablo Meaca, destac\u00f3 la baja en la tasa de embarazo adolescente (10 a 19 a\u00f1os) en La Pampa durante el per\u00edodo 2019-2020. Meaca dijo que en el informe anual (2019\/2020) que realiza el organismo se analiz\u00f3 la situaci\u00f3n del embarazo adolescente en la provincia&hellip;","_links":{"self":[{"href":"https:\/\/diariofemenino.com.ar\/df\/wp-json\/wp\/v2\/posts\/51926","targetHints":{"allow":["GET"]}}],"collection":[{"href":"https:\/\/diariofemenino.com.ar\/df\/wp-json\/wp\/v2\/posts"}],"about":[{"href":"https:\/\/diariofemenino.com.ar\/df\/wp-json\/wp\/v2\/types\/post"}],"author":[{"embeddable":true,"href":"https:\/\/diariofemenino.com.ar\/df\/wp-json\/wp\/v2\/users\/4"}],"replies":[{"embeddable":true,"href":"https:\/\/diariofemenino.com.ar\/df\/wp-json\/wp\/v2\/comments?post=51926"}],"version-history":[{"count":0,"href":"https:\/\/diariofemenino.com.ar\/df\/wp-json\/wp\/v2\/posts\/51926\/revisions"}],"wp:featuredmedia":[{"embeddable":true,"href":"https:\/\/diariofemenino.com.ar\/df\/wp-json\/wp\/v2\/media\/51928"}],"wp:attachment":[{"href":"https:\/\/diariofemenino.com.ar\/df\/wp-json\/wp\/v2\/media?parent=51926"}],"wp:term":[{"taxonomy":"category","embeddable":true,"href":"https:\/\/diariofemenino.com.ar\/df\/wp-json\/wp\/v2\/categories?post=51926"},{"taxonomy":"post_tag","embeddable":true,"href":"https:\/\/diariofemenino.com.ar\/df\/wp-json\/wp\/v2\/tags?post=51926"}],"curies":[{"name":"wp","href":"https:\/\/api.w.org\/{rel}","templated":true}]}}