{"id":51896,"date":"2020-09-02T15:58:00","date_gmt":"2020-09-02T18:58:00","guid":{"rendered":"https:\/\/diariofemenino.com.ar\/?p=51896"},"modified":"2020-09-02T16:22:58","modified_gmt":"2020-09-02T19:22:58","slug":"a-75-anos-de-la-proclamacion-de-ho-chi-minh","status":"publish","type":"post","link":"https:\/\/diariofemenino.com.ar\/df\/a-75-anos-de-la-proclamacion-de-ho-chi-minh\/","title":{"rendered":"A 75 a\u00f1os de la proclamaci\u00f3n de Ho Chi Minh el rol decisivo de las mujeres en la independencia y en la guerra de Vietnam"},"content":{"rendered":"<p>El rol decisivo de las mujeres en la independencia y en la guerra de Vietnam:<\/p>\n<p>En el Sur lideraron la resistencia y libraron batallas pol\u00edticas y militares; en el norte cuidaron heridos, enterraron muertos, movieron escombros y cosecharon arroz.<\/p>\n<p>Por\u00a0<a href=\"https:\/\/www.pagina12.com.ar\/autores\/4804-paula-sabates\">Paula Sabat\u00e9s<\/a><\/p>\n<figure id=\"attachment_51899\" aria-describedby=\"caption-attachment-51899\" style=\"width: 223px\" class=\"wp-caption alignleft\"><img loading=\"lazy\" decoding=\"async\" class=\"size-medium wp-image-51899\" src=\"https:\/\/diariofemenino.com.ar\/df\/wp-content\/uploads\/2020\/09\/wbanothervietnam2-14-223x300.jpg\" alt=\"A 75 a\u00f1os de la proclamaci\u00f3n de Ho Chi Minh el rol decisivo de las mujeres en la independencia y en la guerra de Vietnam\" width=\"223\" height=\"300\" srcset=\"https:\/\/diariofemenino.com.ar\/df\/wp-content\/uploads\/2020\/09\/wbanothervietnam2-14-223x300.jpg 223w, https:\/\/diariofemenino.com.ar\/df\/wp-content\/uploads\/2020\/09\/wbanothervietnam2-14.jpg 761w\" sizes=\"auto, (max-width: 223px) 100vw, 223px\" \/><figcaption id=\"caption-attachment-51899\" class=\"wp-caption-text\">A 75 a\u00f1os de la proclamaci\u00f3n de Ho Chi Minh el rol decisivo de las mujeres en la independencia y en la guerra de Vietnam<\/figcaption><\/figure>\n<p>A\u00fan cuando no la narra Hollywood,\u00a0a la historia de Vietnam siempre le falta una parte: la de que no hubieran sido posibles la independencia ni su victoria en la guerra sin la participaci\u00f3n decisiva de las mujeres vietnamitas.\u00a0A 75 a\u00f1os de aquel 2 de septiembre de 1945 en el que el presidente Ho Chi Minh proclam\u00f3 la liberaci\u00f3n del yugo colonialista franc\u00e9s, todav\u00eda es necesaria una reparaci\u00f3n hist\u00f3rica que no s\u00f3lo las reconozca como hero\u00ednas de las trincheras sino tambi\u00e9n como estrategas militares y guerreras entrenadas del propio campo de batalla.<\/p>\n<p>Incluso mucho antes de la victoriosa\u00a0Revoluci\u00f3n de Agosto\u00a0que dio vida a la entonces Rep\u00fablica Democr\u00e1tica de Vietnam, las mujeres vietnamitas hab\u00edan jugado un papel crucial en la defensa de la naci\u00f3n tras la invasi\u00f3n china. A mediados del siglo I, las hermanas\u00a0Trung Trac y Trung Nhi\u00a0lideraron una rebeli\u00f3n contra el dominio de la dinast\u00eda Han. Doscientos a\u00f1os despu\u00e9s, la \u201cJuana de Arco vietnamita\u201d,\u00a0Trieu Thi Trinh, con s\u00f3lo 23 a\u00f1os logr\u00f3 resistir con \u00e9xito durante un tiempo al estado chino de Wu. M\u00e1s ac\u00e1 en el tiempo, en un arbitrario salto que deja atr\u00e1s a otras tantas guerrilleras adiestradas en artes marciales y estrategia militar, la comandante general en jefe Bui Thi Xuan contribuy\u00f3 a finales del siglo XVIII a la victoria contra cerca de 300 mil invasores chinos.<\/p>\n<p>Con la creaci\u00f3n del Partido Comunista de Vietnam, que desde 1930 lider\u00f3 la batalla por la independencia de la Francia de las supuestas Libertad, Igualdad y Fraternidad, las mujeres volvieron a jugar un rol central. Protegieron las bases del Partido -que en uno de sus 10 puntos centrales postulaba la igualdad de g\u00e9neros- pero adem\u00e1s se organizaron en diversas agrupaciones propias, como la c\u00e9lebre\u00a0Asociaci\u00f3n de Mujeres Anticolonialistas\u00a0que se dedic\u00f3 al trabajo de propaganda y particip\u00f3 activamente de revueltas obreras. Hacia 1935, era tal el esp\u00edritu revolucionario entre las mujeres que una de ellas, Nguyen Thi Minh Khai, expres\u00f3 ante delegados comunistas durante un Congreso de la Internacional en Mosc\u00fa que \u201cjunto con los obreros y campesinos de nuestro pa\u00eds luchamos por obtener un salario igual al del hombre por un trabajo igual y contra los colonialistas que nos oprimen por la independencia total de nuestro pa\u00eds\u201d.<\/p>\n<p>En 1941\u00a0Ho Chi Minh\u00a0cre\u00f3 el\u00a0Vietminh, esa amplia alianza nacionalista con la que busc\u00f3 combatir la ahora ocupaci\u00f3n japonesa, coletazo de los devenires de la Segunda Guerra Mundial. Entonces la fuerza femenina se convirti\u00f3 al nombre de Asociaci\u00f3n de Mujeres por la Liberaci\u00f3n Nacional en un proceso que la llev\u00f3 a madurar como organizaci\u00f3n militar. Miles fueron arrestadas, encarceladas y asesinadas por desafiar al enemigo. Su participaci\u00f3n en el movimiento de insurrecci\u00f3n general fue decisivo para lograr la victoria. Una decena de guerrilleras recibi\u00f3 el t\u00edtulo de \u201cH\u00e9roe\u201d, entre ellas\u00a0Ho Thi Bi, Nguyen Thi Chien, Mac Thi Buoi y Vo Thi Sau. Sus nombres hoy son emblema de la resistencia popular.<\/p>\n<p>Pero la paz dur\u00f3 poco en la Rep\u00fablica Democr\u00e1tica de Vietnam, que pronto vio reimplantada la amenaza colonial. La agresi\u00f3n francesa volv\u00eda y se quedar\u00eda en el pa\u00eds indochino durante nueve a\u00f1os m\u00e1s. De nuevo las mujeres fueron una fuerza decisiva en la estrategia militar. Se cre\u00f3 la Uni\u00f3n de Mujeres Vietnamitas que volvi\u00f3 a movilizarlas al campo de batalla y tambi\u00e9n les dio un lugar central en tareas de producci\u00f3n y abastecimiento. Seg\u00fan documentos del\u00a0Museo de las Mujeres\u00a0de Vietnam, de 1950 a 1954, en las zonas parcialmente liberadas, las mujeres dedicaron un total de 9.578.000 d\u00edas laborales al transporte de alimentos y armas, de los cuales 2.381.000 fueron solo para la batalla de\u00a0Dien Bien Phu, cuya gran victoria puso fin a la ocupaci\u00f3n.<\/p>\n<p>Tras la firma de los Acuerdos de Ginebra de 1954, Vietnam se dividi\u00f3 en dos: el Norte entr\u00f3 en un per\u00edodo de transici\u00f3n hacia el socialismo mientras que en el Sur, sumido en una dictadura capitalista, diversas facciones continuaron resistiendo a las fuerzas estadounidenses y luchando por la reunificaci\u00f3n nacional. Hasta que sucedi\u00f3, el papel de las mujeres vietnamitas fue distinto en uno y otro lugar, pero crucial en ambos frentes. Si en el Sur lideraron la resistencia en zonas rurales y urbanas y libraron batallas pol\u00edticas y militares, en el Norte tuvieron un rol no menos relevante: reconstruyeron los escombros, cuidaron a los heridos, enterraron a los muertos y fueron las responsables de la producci\u00f3n de arroz. El 70% de la producci\u00f3n de comida en el Norte estuvo a cargo de las mujeres.<\/p>\n<p>Se destaca en esos a\u00f1os la fuerza armada de mujeres que pele\u00f3 por la liberaci\u00f3n de Vietnam del Sur. Conocido popularmente como\u00a0\u201cEl ej\u00e9rcito del pelo largo\u201d, fue definido por el \u201cT\u00edo\u201d Ho como un grupo de combatientes \u201clo suficientemente astutas y valientes como para aterrorizar al enemigo\u201d. Su principal dirigente fue Madame\u00a0Nguyen Thi Dinh, oficial de alto rango del\u00a0Frente Nacional de Liberaci\u00f3n de Vietnam (FNLV), o Vietcong. En el Sur las mujeres representaron el 40 por ciento de la guerrilla y las milicias. Hubo m\u00e1s de cincuenta escuadrones femeninos y muchos pelotones de guerrilleras y combatientes de artiller\u00eda en regiones rurales o monta\u00f1osas.<\/p>\n<p>Si bien en el Norte fueron menos las que salieron directamente a pelear, las trabajadoras asumieron con convicci\u00f3n pol\u00edtica la importancia de su mencionada contribuci\u00f3n productiva. Muchas se unieron al movimiento \u201cTres Tomas de Responsabilidades\u201d, creado por la\u00a0Uni\u00f3n de Mujeres\u00a0para convertir al Norte en una s\u00f3lida base de apoyo al Sur. Como cont\u00f3 la periodista\u00a0Ines Nunes\u00a0en un art\u00edculo que escribi\u00f3 luego de visitar Vietnam, \u201cuno de los esl\u00f3ganes de la Uni\u00f3n de Mujeres fue \u00b4Let the women of the North shed more sweat so their sisters in the South could shed less blood\u00b4, algo as\u00ed como \u00b4Que las mujeres del Norte derramen m\u00e1s sudor para que sus hermanas de Sur derramen menos sangre\u00b4\u201d.<\/p>\n<p>Hasta el final mismo de la guerra desempe\u00f1aron un papel activo las mujeres vietnamitas. Y lo siguieron haciendo despu\u00e9s: su rol fue central en la recomposici\u00f3n social de un pa\u00eds en el que la mayor\u00eda de los l\u00edderes de familia hab\u00eda muerto o desaparecido, y lo sigue siendo ahora, con los desaf\u00edos que enfrenta el Vietnam de hoy. Sin su hero\u00edsmo y tenacidad ser\u00eda imposible explicar la victoria de un pueblo que enfrent\u00f3 cientos de revueltas por la independencia nacional. Su historia, hasta ahora poco contada, es sin\u00f3nimo de revoluci\u00f3n.<\/p>\n<p>&nbsp;<\/p>\n<p><a href=\"https:\/\/www.pagina12.com.ar\/\">P\u00e1gina 12<\/a><\/p>\n<p><a href=\"https:\/\/diariofemenino.com.ar\/category\/actividades\/\">Actividades<\/a><br \/>\n<a href=\"https:\/\/diariofemenino.com.ar\/\">Diario Digital Femenino<\/a><\/p>\n<p>&nbsp;<\/p>\n","protected":false},"excerpt":{"rendered":"<p>El rol decisivo de las mujeres en la independencia y en la guerra de Vietnam: En el Sur lideraron la resistencia y libraron batallas pol\u00edticas y militares; en el norte cuidaron heridos, enterraron muertos, movieron escombros y cosecharon arroz. Por\u00a0Paula Sabat\u00e9s A\u00fan cuando no la narra Hollywood,\u00a0a la historia de Vietnam siempre le falta una [&hellip;]<\/p>\n","protected":false},"author":1,"featured_media":51898,"comment_status":"open","ping_status":"open","sticky":false,"template":"","format":"standard","meta":{"iawp_total_views":58,"footnotes":""},"categories":[7],"tags":[341,130,3514],"class_list":["post-51896","post","type-post","status-publish","format-standard","has-post-thumbnail","hentry","category-actividades","tag-historia","tag-mujeres","tag-vietnam"],"nelio_content":{"autoShareEndMode":"never","automationSources":{"useCustomSentences":false,"customSentences":[]},"efiAlt":"","efiUrl":"","followers":[4],"highlights":[],"isAutoShareEnabled":true,"networkImageIds":[],"permalinkQueryArgs":[],"series":[],"suggestedReferences":[]},"yoast_head":"<!-- This site is optimized with the Yoast SEO plugin v27.5 - https:\/\/yoast.com\/product\/yoast-seo-wordpress\/ -->\n<title>A 75 a\u00f1os de la proclamaci\u00f3n de Ho Chi Minh el rol decisivo de las mujeres en la independencia y en la guerra de Vietnam - Diario Digital Femenino<\/title>\n<meta name=\"description\" content=\"A 75 a\u00f1os de la proclamaci\u00f3n de Ho Chi Minh el rol decisivo de las mujeres en la independencia y en la guerra de Vietnam.\" \/>\n<meta name=\"robots\" content=\"index, follow, max-snippet:-1, max-image-preview:large, max-video-preview:-1\" \/>\n<link rel=\"canonical\" href=\"https:\/\/diariofemenino.com.ar\/df\/a-75-anos-de-la-proclamacion-de-ho-chi-minh\/\" \/>\n<meta property=\"og:locale\" content=\"es_ES\" \/>\n<meta property=\"og:type\" content=\"article\" \/>\n<meta property=\"og:title\" content=\"A 75 a\u00f1os de la proclamaci\u00f3n de Ho Chi Minh el rol decisivo de las mujeres en la independencia y en la guerra de Vietnam - Diario Digital Femenino\" \/>\n<meta property=\"og:description\" content=\"A 75 a\u00f1os de la proclamaci\u00f3n de Ho Chi Minh el rol decisivo de las mujeres en la independencia y en la guerra de Vietnam.\" \/>\n<meta property=\"og:url\" content=\"https:\/\/diariofemenino.com.ar\/df\/a-75-anos-de-la-proclamacion-de-ho-chi-minh\/\" \/>\n<meta property=\"og:site_name\" content=\"Diario Digital Femenino\" \/>\n<meta property=\"article:publisher\" content=\"https:\/\/www.facebook.com\/DiarioDigitaFemenino\/\" \/>\n<meta property=\"article:published_time\" content=\"2020-09-02T18:58:00+00:00\" \/>\n<meta property=\"article:modified_time\" content=\"2020-09-02T19:22:58+00:00\" \/>\n<meta property=\"og:image\" content=\"https:\/\/diariofemenino.com.ar\/df\/wp-content\/uploads\/2020\/09\/101270-94f43787-1db7-4e47-a9c8-47665c2389de_0.jpg\" \/>\n\t<meta property=\"og:image:width\" content=\"1200\" \/>\n\t<meta property=\"og:image:height\" content=\"1050\" \/>\n\t<meta property=\"og:image:type\" content=\"image\/jpeg\" \/>\n<meta name=\"author\" content=\"Admin\" \/>\n<meta name=\"twitter:card\" content=\"summary_large_image\" \/>\n<meta name=\"twitter:creator\" content=\"@DiarioFemenino1\" \/>\n<meta name=\"twitter:site\" content=\"@DiarioFemenino1\" \/>\n<meta name=\"twitter:label1\" content=\"Escrito por\" \/>\n\t<meta name=\"twitter:data1\" content=\"Admin\" \/>\n\t<meta name=\"twitter:label2\" content=\"Tiempo de lectura\" \/>\n\t<meta name=\"twitter:data2\" content=\"6 minutos\" \/>\n<script type=\"application\/ld+json\" class=\"yoast-schema-graph\">{\"@context\":\"https:\\\/\\\/schema.org\",\"@graph\":[{\"@type\":\"Article\",\"@id\":\"https:\\\/\\\/diariofemenino.com.ar\\\/df\\\/a-75-anos-de-la-proclamacion-de-ho-chi-minh\\\/#article\",\"isPartOf\":{\"@id\":\"https:\\\/\\\/diariofemenino.com.ar\\\/df\\\/a-75-anos-de-la-proclamacion-de-ho-chi-minh\\\/\"},\"author\":{\"name\":\"Admin\",\"@id\":\"https:\\\/\\\/diariofemenino.com.ar\\\/df\\\/#\\\/schema\\\/person\\\/38f54b3bfd13f561de2460ba95c169c6\"},\"headline\":\"A 75 a\u00f1os de la proclamaci\u00f3n de Ho Chi Minh el rol decisivo de las mujeres en la independencia y en la guerra de Vietnam\",\"datePublished\":\"2020-09-02T18:58:00+00:00\",\"dateModified\":\"2020-09-02T19:22:58+00:00\",\"mainEntityOfPage\":{\"@id\":\"https:\\\/\\\/diariofemenino.com.ar\\\/df\\\/a-75-anos-de-la-proclamacion-de-ho-chi-minh\\\/\"},\"wordCount\":1247,\"commentCount\":0,\"publisher\":{\"@id\":\"https:\\\/\\\/diariofemenino.com.ar\\\/df\\\/#organization\"},\"image\":{\"@id\":\"https:\\\/\\\/diariofemenino.com.ar\\\/df\\\/a-75-anos-de-la-proclamacion-de-ho-chi-minh\\\/#primaryimage\"},\"thumbnailUrl\":\"https:\\\/\\\/diariofemenino.com.ar\\\/df\\\/wp-content\\\/uploads\\\/2020\\\/09\\\/101270-94f43787-1db7-4e47-a9c8-47665c2389de_0.jpg\",\"keywords\":[\"Historia\",\"Mujeres\",\"Vietnam\"],\"articleSection\":[\"Actividades\"],\"inLanguage\":\"es\",\"potentialAction\":[{\"@type\":\"CommentAction\",\"name\":\"Comment\",\"target\":[\"https:\\\/\\\/diariofemenino.com.ar\\\/df\\\/a-75-anos-de-la-proclamacion-de-ho-chi-minh\\\/#respond\"]}]},{\"@type\":\"WebPage\",\"@id\":\"https:\\\/\\\/diariofemenino.com.ar\\\/df\\\/a-75-anos-de-la-proclamacion-de-ho-chi-minh\\\/\",\"url\":\"https:\\\/\\\/diariofemenino.com.ar\\\/df\\\/a-75-anos-de-la-proclamacion-de-ho-chi-minh\\\/\",\"name\":\"A 75 a\u00f1os de la proclamaci\u00f3n de Ho Chi Minh el rol decisivo de las mujeres en la independencia y en la guerra de Vietnam - Diario Digital Femenino\",\"isPartOf\":{\"@id\":\"https:\\\/\\\/diariofemenino.com.ar\\\/df\\\/#website\"},\"primaryImageOfPage\":{\"@id\":\"https:\\\/\\\/diariofemenino.com.ar\\\/df\\\/a-75-anos-de-la-proclamacion-de-ho-chi-minh\\\/#primaryimage\"},\"image\":{\"@id\":\"https:\\\/\\\/diariofemenino.com.ar\\\/df\\\/a-75-anos-de-la-proclamacion-de-ho-chi-minh\\\/#primaryimage\"},\"thumbnailUrl\":\"https:\\\/\\\/diariofemenino.com.ar\\\/df\\\/wp-content\\\/uploads\\\/2020\\\/09\\\/101270-94f43787-1db7-4e47-a9c8-47665c2389de_0.jpg\",\"datePublished\":\"2020-09-02T18:58:00+00:00\",\"dateModified\":\"2020-09-02T19:22:58+00:00\",\"description\":\"A 75 a\u00f1os de la proclamaci\u00f3n de Ho Chi Minh el rol decisivo de las mujeres en la independencia y en la guerra de Vietnam.\",\"breadcrumb\":{\"@id\":\"https:\\\/\\\/diariofemenino.com.ar\\\/df\\\/a-75-anos-de-la-proclamacion-de-ho-chi-minh\\\/#breadcrumb\"},\"inLanguage\":\"es\",\"potentialAction\":[{\"@type\":\"ReadAction\",\"target\":[\"https:\\\/\\\/diariofemenino.com.ar\\\/df\\\/a-75-anos-de-la-proclamacion-de-ho-chi-minh\\\/\"]}]},{\"@type\":\"ImageObject\",\"inLanguage\":\"es\",\"@id\":\"https:\\\/\\\/diariofemenino.com.ar\\\/df\\\/a-75-anos-de-la-proclamacion-de-ho-chi-minh\\\/#primaryimage\",\"url\":\"https:\\\/\\\/diariofemenino.com.ar\\\/df\\\/wp-content\\\/uploads\\\/2020\\\/09\\\/101270-94f43787-1db7-4e47-a9c8-47665c2389de_0.jpg\",\"contentUrl\":\"https:\\\/\\\/diariofemenino.com.ar\\\/df\\\/wp-content\\\/uploads\\\/2020\\\/09\\\/101270-94f43787-1db7-4e47-a9c8-47665c2389de_0.jpg\",\"width\":1200,\"height\":1050,\"caption\":\"A 75 a\u00f1os de la proclamaci\u00f3n de Ho Chi Minh el rol decisivo de las mujeres en la independencia y en la guerra de Vietnam\"},{\"@type\":\"BreadcrumbList\",\"@id\":\"https:\\\/\\\/diariofemenino.com.ar\\\/df\\\/a-75-anos-de-la-proclamacion-de-ho-chi-minh\\\/#breadcrumb\",\"itemListElement\":[{\"@type\":\"ListItem\",\"position\":1,\"name\":\"Portada\",\"item\":\"https:\\\/\\\/diariofemenino.com.ar\\\/df\\\/\"},{\"@type\":\"ListItem\",\"position\":2,\"name\":\"A 75 a\u00f1os de la proclamaci\u00f3n de Ho Chi Minh el rol decisivo de las mujeres en la independencia y en la guerra de Vietnam\"}]},{\"@type\":\"WebSite\",\"@id\":\"https:\\\/\\\/diariofemenino.com.ar\\\/df\\\/#website\",\"url\":\"https:\\\/\\\/diariofemenino.com.ar\\\/df\\\/\",\"name\":\"Diario Digital Femenino\",\"description\":\"Cuesti\u00f3n de G\u00e9nero\",\"publisher\":{\"@id\":\"https:\\\/\\\/diariofemenino.com.ar\\\/df\\\/#organization\"},\"potentialAction\":[{\"@type\":\"SearchAction\",\"target\":{\"@type\":\"EntryPoint\",\"urlTemplate\":\"https:\\\/\\\/diariofemenino.com.ar\\\/df\\\/?s={search_term_string}\"},\"query-input\":{\"@type\":\"PropertyValueSpecification\",\"valueRequired\":true,\"valueName\":\"search_term_string\"}}],\"inLanguage\":\"es\"},{\"@type\":\"Organization\",\"@id\":\"https:\\\/\\\/diariofemenino.com.ar\\\/df\\\/#organization\",\"name\":\"Diario Femenino\",\"url\":\"https:\\\/\\\/diariofemenino.com.ar\\\/df\\\/\",\"logo\":{\"@type\":\"ImageObject\",\"inLanguage\":\"es\",\"@id\":\"https:\\\/\\\/diariofemenino.com.ar\\\/df\\\/#\\\/schema\\\/logo\\\/image\\\/\",\"url\":\"https:\\\/\\\/diariofemenino.com.ar\\\/df\\\/wp-content\\\/uploads\\\/2018\\\/10\\\/logo.png\",\"contentUrl\":\"https:\\\/\\\/diariofemenino.com.ar\\\/df\\\/wp-content\\\/uploads\\\/2018\\\/10\\\/logo.png\",\"width\":500,\"height\":92,\"caption\":\"Diario Femenino\"},\"image\":{\"@id\":\"https:\\\/\\\/diariofemenino.com.ar\\\/df\\\/#\\\/schema\\\/logo\\\/image\\\/\"},\"sameAs\":[\"https:\\\/\\\/www.facebook.com\\\/DiarioDigitaFemenino\\\/\",\"https:\\\/\\\/x.com\\\/DiarioFemenino1\"]},{\"@type\":\"Person\",\"@id\":\"https:\\\/\\\/diariofemenino.com.ar\\\/df\\\/#\\\/schema\\\/person\\\/38f54b3bfd13f561de2460ba95c169c6\",\"name\":\"Admin\",\"image\":{\"@type\":\"ImageObject\",\"inLanguage\":\"es\",\"@id\":\"https:\\\/\\\/diariofemenino.com.ar\\\/df\\\/wp-content\\\/uploads\\\/2018\\\/12\\\/favicon-150x150.jpg\",\"url\":\"https:\\\/\\\/diariofemenino.com.ar\\\/df\\\/wp-content\\\/uploads\\\/2018\\\/12\\\/favicon-150x150.jpg\",\"contentUrl\":\"https:\\\/\\\/diariofemenino.com.ar\\\/df\\\/wp-content\\\/uploads\\\/2018\\\/12\\\/favicon-150x150.jpg\",\"caption\":\"Admin\"},\"url\":\"https:\\\/\\\/diariofemenino.com.ar\\\/df\\\/author\\\/adm18df\\\/\"}]}<\/script>\n<!-- \/ Yoast SEO plugin. -->","yoast_head_json":{"title":"A 75 a\u00f1os de la proclamaci\u00f3n de Ho Chi Minh el rol decisivo de las mujeres en la independencia y en la guerra de Vietnam - Diario Digital Femenino","description":"A 75 a\u00f1os de la proclamaci\u00f3n de Ho Chi Minh el rol decisivo de las mujeres en la independencia y en la guerra de Vietnam.","robots":{"index":"index","follow":"follow","max-snippet":"max-snippet:-1","max-image-preview":"max-image-preview:large","max-video-preview":"max-video-preview:-1"},"canonical":"https:\/\/diariofemenino.com.ar\/df\/a-75-anos-de-la-proclamacion-de-ho-chi-minh\/","og_locale":"es_ES","og_type":"article","og_title":"A 75 a\u00f1os de la proclamaci\u00f3n de Ho Chi Minh el rol decisivo de las mujeres en la independencia y en la guerra de Vietnam - Diario Digital Femenino","og_description":"A 75 a\u00f1os de la proclamaci\u00f3n de Ho Chi Minh el rol decisivo de las mujeres en la independencia y en la guerra de Vietnam.","og_url":"https:\/\/diariofemenino.com.ar\/df\/a-75-anos-de-la-proclamacion-de-ho-chi-minh\/","og_site_name":"Diario Digital Femenino","article_publisher":"https:\/\/www.facebook.com\/DiarioDigitaFemenino\/","article_published_time":"2020-09-02T18:58:00+00:00","article_modified_time":"2020-09-02T19:22:58+00:00","og_image":[{"width":1200,"height":1050,"url":"https:\/\/diariofemenino.com.ar\/df\/wp-content\/uploads\/2020\/09\/101270-94f43787-1db7-4e47-a9c8-47665c2389de_0.jpg","type":"image\/jpeg"}],"author":"Admin","twitter_card":"summary_large_image","twitter_creator":"@DiarioFemenino1","twitter_site":"@DiarioFemenino1","twitter_misc":{"Escrito por":"Admin","Tiempo de lectura":"6 minutos"},"schema":{"@context":"https:\/\/schema.org","@graph":[{"@type":"Article","@id":"https:\/\/diariofemenino.com.ar\/df\/a-75-anos-de-la-proclamacion-de-ho-chi-minh\/#article","isPartOf":{"@id":"https:\/\/diariofemenino.com.ar\/df\/a-75-anos-de-la-proclamacion-de-ho-chi-minh\/"},"author":{"name":"Admin","@id":"https:\/\/diariofemenino.com.ar\/df\/#\/schema\/person\/38f54b3bfd13f561de2460ba95c169c6"},"headline":"A 75 a\u00f1os de la proclamaci\u00f3n de Ho Chi Minh el rol decisivo de las mujeres en la independencia y en la guerra de Vietnam","datePublished":"2020-09-02T18:58:00+00:00","dateModified":"2020-09-02T19:22:58+00:00","mainEntityOfPage":{"@id":"https:\/\/diariofemenino.com.ar\/df\/a-75-anos-de-la-proclamacion-de-ho-chi-minh\/"},"wordCount":1247,"commentCount":0,"publisher":{"@id":"https:\/\/diariofemenino.com.ar\/df\/#organization"},"image":{"@id":"https:\/\/diariofemenino.com.ar\/df\/a-75-anos-de-la-proclamacion-de-ho-chi-minh\/#primaryimage"},"thumbnailUrl":"https:\/\/diariofemenino.com.ar\/df\/wp-content\/uploads\/2020\/09\/101270-94f43787-1db7-4e47-a9c8-47665c2389de_0.jpg","keywords":["Historia","Mujeres","Vietnam"],"articleSection":["Actividades"],"inLanguage":"es","potentialAction":[{"@type":"CommentAction","name":"Comment","target":["https:\/\/diariofemenino.com.ar\/df\/a-75-anos-de-la-proclamacion-de-ho-chi-minh\/#respond"]}]},{"@type":"WebPage","@id":"https:\/\/diariofemenino.com.ar\/df\/a-75-anos-de-la-proclamacion-de-ho-chi-minh\/","url":"https:\/\/diariofemenino.com.ar\/df\/a-75-anos-de-la-proclamacion-de-ho-chi-minh\/","name":"A 75 a\u00f1os de la proclamaci\u00f3n de Ho Chi Minh el rol decisivo de las mujeres en la independencia y en la guerra de Vietnam - Diario Digital Femenino","isPartOf":{"@id":"https:\/\/diariofemenino.com.ar\/df\/#website"},"primaryImageOfPage":{"@id":"https:\/\/diariofemenino.com.ar\/df\/a-75-anos-de-la-proclamacion-de-ho-chi-minh\/#primaryimage"},"image":{"@id":"https:\/\/diariofemenino.com.ar\/df\/a-75-anos-de-la-proclamacion-de-ho-chi-minh\/#primaryimage"},"thumbnailUrl":"https:\/\/diariofemenino.com.ar\/df\/wp-content\/uploads\/2020\/09\/101270-94f43787-1db7-4e47-a9c8-47665c2389de_0.jpg","datePublished":"2020-09-02T18:58:00+00:00","dateModified":"2020-09-02T19:22:58+00:00","description":"A 75 a\u00f1os de la proclamaci\u00f3n de Ho Chi Minh el rol decisivo de las mujeres en la independencia y en la guerra de Vietnam.","breadcrumb":{"@id":"https:\/\/diariofemenino.com.ar\/df\/a-75-anos-de-la-proclamacion-de-ho-chi-minh\/#breadcrumb"},"inLanguage":"es","potentialAction":[{"@type":"ReadAction","target":["https:\/\/diariofemenino.com.ar\/df\/a-75-anos-de-la-proclamacion-de-ho-chi-minh\/"]}]},{"@type":"ImageObject","inLanguage":"es","@id":"https:\/\/diariofemenino.com.ar\/df\/a-75-anos-de-la-proclamacion-de-ho-chi-minh\/#primaryimage","url":"https:\/\/diariofemenino.com.ar\/df\/wp-content\/uploads\/2020\/09\/101270-94f43787-1db7-4e47-a9c8-47665c2389de_0.jpg","contentUrl":"https:\/\/diariofemenino.com.ar\/df\/wp-content\/uploads\/2020\/09\/101270-94f43787-1db7-4e47-a9c8-47665c2389de_0.jpg","width":1200,"height":1050,"caption":"A 75 a\u00f1os de la proclamaci\u00f3n de Ho Chi Minh el rol decisivo de las mujeres en la independencia y en la guerra de Vietnam"},{"@type":"BreadcrumbList","@id":"https:\/\/diariofemenino.com.ar\/df\/a-75-anos-de-la-proclamacion-de-ho-chi-minh\/#breadcrumb","itemListElement":[{"@type":"ListItem","position":1,"name":"Portada","item":"https:\/\/diariofemenino.com.ar\/df\/"},{"@type":"ListItem","position":2,"name":"A 75 a\u00f1os de la proclamaci\u00f3n de Ho Chi Minh el rol decisivo de las mujeres en la independencia y en la guerra de Vietnam"}]},{"@type":"WebSite","@id":"https:\/\/diariofemenino.com.ar\/df\/#website","url":"https:\/\/diariofemenino.com.ar\/df\/","name":"Diario Digital Femenino","description":"Cuesti\u00f3n de G\u00e9nero","publisher":{"@id":"https:\/\/diariofemenino.com.ar\/df\/#organization"},"potentialAction":[{"@type":"SearchAction","target":{"@type":"EntryPoint","urlTemplate":"https:\/\/diariofemenino.com.ar\/df\/?s={search_term_string}"},"query-input":{"@type":"PropertyValueSpecification","valueRequired":true,"valueName":"search_term_string"}}],"inLanguage":"es"},{"@type":"Organization","@id":"https:\/\/diariofemenino.com.ar\/df\/#organization","name":"Diario Femenino","url":"https:\/\/diariofemenino.com.ar\/df\/","logo":{"@type":"ImageObject","inLanguage":"es","@id":"https:\/\/diariofemenino.com.ar\/df\/#\/schema\/logo\/image\/","url":"https:\/\/diariofemenino.com.ar\/df\/wp-content\/uploads\/2018\/10\/logo.png","contentUrl":"https:\/\/diariofemenino.com.ar\/df\/wp-content\/uploads\/2018\/10\/logo.png","width":500,"height":92,"caption":"Diario Femenino"},"image":{"@id":"https:\/\/diariofemenino.com.ar\/df\/#\/schema\/logo\/image\/"},"sameAs":["https:\/\/www.facebook.com\/DiarioDigitaFemenino\/","https:\/\/x.com\/DiarioFemenino1"]},{"@type":"Person","@id":"https:\/\/diariofemenino.com.ar\/df\/#\/schema\/person\/38f54b3bfd13f561de2460ba95c169c6","name":"Admin","image":{"@type":"ImageObject","inLanguage":"es","@id":"https:\/\/diariofemenino.com.ar\/df\/wp-content\/uploads\/2018\/12\/favicon-150x150.jpg","url":"https:\/\/diariofemenino.com.ar\/df\/wp-content\/uploads\/2018\/12\/favicon-150x150.jpg","contentUrl":"https:\/\/diariofemenino.com.ar\/df\/wp-content\/uploads\/2018\/12\/favicon-150x150.jpg","caption":"Admin"},"url":"https:\/\/diariofemenino.com.ar\/df\/author\/adm18df\/"}]}},"jetpack_featured_media_url":"https:\/\/diariofemenino.com.ar\/df\/wp-content\/uploads\/2020\/09\/101270-94f43787-1db7-4e47-a9c8-47665c2389de_0.jpg","jetpack_sharing_enabled":true,"rttpg_featured_image_url":{"full":["https:\/\/diariofemenino.com.ar\/df\/wp-content\/uploads\/2020\/09\/101270-94f43787-1db7-4e47-a9c8-47665c2389de_0.jpg",1200,1050,false],"landscape":["https:\/\/diariofemenino.com.ar\/df\/wp-content\/uploads\/2020\/09\/101270-94f43787-1db7-4e47-a9c8-47665c2389de_0.jpg",1200,1050,false],"portraits":["https:\/\/diariofemenino.com.ar\/df\/wp-content\/uploads\/2020\/09\/101270-94f43787-1db7-4e47-a9c8-47665c2389de_0.jpg",1200,1050,false],"thumbnail":["https:\/\/diariofemenino.com.ar\/df\/wp-content\/uploads\/2020\/09\/101270-94f43787-1db7-4e47-a9c8-47665c2389de_0-150x150.jpg",150,150,true],"medium":["https:\/\/diariofemenino.com.ar\/df\/wp-content\/uploads\/2020\/09\/101270-94f43787-1db7-4e47-a9c8-47665c2389de_0-300x263.jpg",300,263,true],"large":["https:\/\/diariofemenino.com.ar\/df\/wp-content\/uploads\/2020\/09\/101270-94f43787-1db7-4e47-a9c8-47665c2389de_0-1024x896.jpg",1024,896,true],"1536x1536":["https:\/\/diariofemenino.com.ar\/df\/wp-content\/uploads\/2020\/09\/101270-94f43787-1db7-4e47-a9c8-47665c2389de_0.jpg",1200,1050,false],"2048x2048":["https:\/\/diariofemenino.com.ar\/df\/wp-content\/uploads\/2020\/09\/101270-94f43787-1db7-4e47-a9c8-47665c2389de_0.jpg",1200,1050,false]},"rttpg_author":{"display_name":"Admin","author_link":"https:\/\/diariofemenino.com.ar\/df\/author\/adm18df\/"},"rttpg_comment":0,"rttpg_category":"<a href=\"https:\/\/diariofemenino.com.ar\/df\/category\/actividades\/\" rel=\"category tag\">Actividades<\/a>","rttpg_excerpt":"El rol decisivo de las mujeres en la independencia y en la guerra de Vietnam: En el Sur lideraron la resistencia y libraron batallas pol\u00edticas y militares; en el norte cuidaron heridos, enterraron muertos, movieron escombros y cosecharon arroz. Por\u00a0Paula Sabat\u00e9s A\u00fan cuando no la narra Hollywood,\u00a0a la historia de Vietnam siempre le falta una&hellip;","_links":{"self":[{"href":"https:\/\/diariofemenino.com.ar\/df\/wp-json\/wp\/v2\/posts\/51896","targetHints":{"allow":["GET"]}}],"collection":[{"href":"https:\/\/diariofemenino.com.ar\/df\/wp-json\/wp\/v2\/posts"}],"about":[{"href":"https:\/\/diariofemenino.com.ar\/df\/wp-json\/wp\/v2\/types\/post"}],"author":[{"embeddable":true,"href":"https:\/\/diariofemenino.com.ar\/df\/wp-json\/wp\/v2\/users\/1"}],"replies":[{"embeddable":true,"href":"https:\/\/diariofemenino.com.ar\/df\/wp-json\/wp\/v2\/comments?post=51896"}],"version-history":[{"count":0,"href":"https:\/\/diariofemenino.com.ar\/df\/wp-json\/wp\/v2\/posts\/51896\/revisions"}],"wp:featuredmedia":[{"embeddable":true,"href":"https:\/\/diariofemenino.com.ar\/df\/wp-json\/wp\/v2\/media\/51898"}],"wp:attachment":[{"href":"https:\/\/diariofemenino.com.ar\/df\/wp-json\/wp\/v2\/media?parent=51896"}],"wp:term":[{"taxonomy":"category","embeddable":true,"href":"https:\/\/diariofemenino.com.ar\/df\/wp-json\/wp\/v2\/categories?post=51896"},{"taxonomy":"post_tag","embeddable":true,"href":"https:\/\/diariofemenino.com.ar\/df\/wp-json\/wp\/v2\/tags?post=51896"}],"curies":[{"name":"wp","href":"https:\/\/api.w.org\/{rel}","templated":true}]}}