{"id":51483,"date":"2020-08-21T10:16:28","date_gmt":"2020-08-21T13:16:28","guid":{"rendered":"https:\/\/diariofemenino.com.ar\/?p=51483"},"modified":"2020-08-21T10:16:28","modified_gmt":"2020-08-21T13:16:28","slug":"24-anos-presente-revisitar-a-carlos-jauregui","status":"publish","type":"post","link":"https:\/\/diariofemenino.com.ar\/df\/24-anos-presente-revisitar-a-carlos-jauregui\/","title":{"rendered":"24 a\u00f1os presente: revisitar a Carlos J\u00e1uregui"},"content":{"rendered":"<p class=\"lst-tituloNota\" style=\"text-align: center;\"><strong>24 a\u00f1os presente: revisitar a Carlos J\u00e1uregui<\/strong><\/p>\n<p>Hay quienes trascienden su esfera personal y el paso del tiempo, quienes aunque no las hayamos conocido perviven entre nosotres. Carlos J\u00e1uregui es de esas personas, y el 20 de agosto se cumplen 24 a\u00f1os de su fallecimiento. \u00bfC\u00f3mo hacer memoria de quien nunca conociste? \u00bfC\u00f3mo leer una figura del movimiento <a href=\"https:\/\/diariofemenino.com.ar\/un-proyecto-impulsa-una-mayor-representacion-de-la-diversidad-sexual-en-los-medios\/\">LGBT+<\/a> a la luz de su acci\u00f3n pol\u00edtica?<\/p>\n<p>Desde la llamada \u201capertura democr\u00e1tica\u201d en 1983, el activismo diverso y disidente signific\u00f3 un vector de los movimientos que comenzaron a reactivarse. La Comunidad Homosexual Argentina (CHA), presidida y fundada por Carlos J\u00e1uregui, fue uno de esos espacios que se inscribieron tras la lucha por\u00a0<em>\u201c<\/em>Derechos Humanos. <a href=\"https:\/\/diariofemenino.com.ar\/las-personas-trans-no-somos-tu-meme\/\">Respeto<\/a> y solidaridad mutua. No <a href=\"https:\/\/diariofemenino.com.ar\/durante-el-2020-se-produjeron-al-menos-100-casos-de-casos-agresiones-hacia-el-colectivo-lgbtiq\/\">violencia<\/a>. Legalidad<em>\u201d,\u00a0<\/em>seg\u00fan su primer bolet\u00edn de presentaci\u00f3n.<em>\u00a0<\/em>La CHA fue una de las organizaciones que llev\u00f3 adelante la primera Marcha del Orgullo en la Argentina, con antifaces y en plena pandemia de VIH, imprimiendo una orientaci\u00f3n que marcar\u00eda el movimiento en esta etapa: construir visibilidad y conquistar derechos civiles negados.<\/p>\n<p>Su propia figura fue representante de esa t\u00e1ctica, mostr\u00e1ndose p\u00fablicamente al aparecer en la revista\u00a0<em>Siete D\u00edas<\/em>, bajo el titular de \u201cEl riesgo de ser homosexual en la Argentina\u201d. El hecho de \u201csalir al sol y vivir a la luz<em>\u201d<\/em>\u00a0le cost\u00f3 perder su trabajo en la Universidad; pero tambi\u00e9n permiti\u00f3 la difusi\u00f3n de un reclamo y contrarrestar el estigma que pesaba sobre la homosexualidad a partir de la llamada \u201cpeste rosa\u201d. La lucha contra el VIH\/SIDA, contra la represi\u00f3n policial heredada de la dictadura, y por la uni\u00f3n civil y contra la discrimaci\u00f3n por orientaci\u00f3n sexual fueron parte del programa de lucha entre los ochenta y los noventa.<\/p>\n<p>Concebir la disputa pol\u00edtica con el movimiento LGBT+ como sujetas y sujetos de derechos espec\u00edficos permiti\u00f3 abrir un panorama de actividad pol\u00edtica diferente al de la etapa anterior: construir un espacio de derechos humanos apartidario permit\u00eda darle legitimidad a personas que desde los partidos pol\u00edticos eran negados, minimizados, expulsados, o incluso violentados activamente. Sin embargo, la pol\u00edtica de alianzas que impulsaba Carlos -seg\u00fan el libro biogr\u00e1fico\u00a0<em>Orgullo: Carlos J\u00e1uregui. Una biograf\u00eda pol\u00edtica<\/em>, de Mabel Bellucci- no s\u00f3lo era entre gays, travestis, lesbianas a la interna de la comunidad, sino tambi\u00e9n de di\u00e1logo con los partidos, exponiendo tensiones y contradicciones entre las estructuras de poder y favoreciendo procesos de organizaci\u00f3n como la Alternativa Socialista por la Libertad Sexual, conformada por integrantes del Movimiento Al Socialismo (MAS).<\/p>\n<p>Sin dudas fue \u00e9l quien observ\u00f3 la conformaci\u00f3n de la Constituci\u00f3n de la Ciudad de Buenos Aires como una ventana de oportunidad para el activismo. La \u201ccl\u00e1usula antidiscriminatoria\u201d que elaboraron de conjunto con abogados de Gays por los Derechos Civiles se present\u00f3 ante la Convenci\u00f3n Estatuyente de la Ciudad de Buenos Aires y fue aprobada ese mismo a\u00f1o, luego del fallecimiento de Carlos. As\u00ed, se consolid\u00f3 la victoria ante los edictos policiales 2 y 4 que justificaban la persecuci\u00f3n de travestis y homosexuales.<\/p>\n<p>Carlos sufri\u00f3 la p\u00e9rdida de dos personas cercanas en su vida: Pablo Azcona, su pareja, que falleci\u00f3 en 1988, y Roberto J\u00e1uregui, su hermano, en 1994. En cuanto a la enfermedad, fue Roberto quien acompa\u00f1\u00f3 los procesos de organizaci\u00f3n de Carlos poniendo foco en la investigaci\u00f3n y difusi\u00f3n de informaci\u00f3n sobre el virus. Fue, incluso, el primer Coordinador General de Fundaci\u00f3n Hu\u00e9sped (1990). De conjunto, la militancia antidiscrimaci\u00f3n tomar\u00eda un car\u00e1cter masivo dada la proliferaci\u00f3n del virus y el recrudecimiento de los dispositivos represivos sobre la poblaci\u00f3n LGBT+.<\/p>\n<p>Al d\u00eda de hoy, la vida de Carlos invita a reflexionar sobre las diversas manifestaciones de la opresi\u00f3n y la discriminaci\u00f3n. \u00bfQu\u00e9 significa el movimiento diverso y disidente hoy, a casi tres d\u00e9cadas de su resurgimiento? La t\u00e1ctica de negociaci\u00f3n y conquista de derechos civiles ha dado sus frutos en estos a\u00f1os, con hitos como el Matrimonio Igualitario y la Ley de Identidad de G\u00e9nero para quienes no conocimos la lucha de los noventa. A\u00fan as\u00ed, la represi\u00f3n y la violencia no han cesado: los travesticidios y cr\u00edmenes de odio crecen.<\/p>\n<p>\u00bfQu\u00e9 otras t\u00e1cticas nos damos para sobrevivir a nuestra visibilidad? Si la polic\u00eda es la misma de los noventa y de la dictadura, \u00bfqu\u00e9 defensas nos armamos para llevar una vida digna? Y si la visibilidad se convierte para algunos en nicho de mercado, \u00bfc\u00f3mo luchar contra la despolitizaci\u00f3n de nuestres referentes y no ser tan s\u00f3lo un recuerdo desdibujado en una estaci\u00f3n de subte? Si el odio a\u00fan persiste, y la violencia crece, \u00bfqu\u00e9 pedagog\u00eda aprendemos y reproducimos en nuestro accionar cotidiano para que esa inhumanidad nos siga dando batalla?<\/p>\n<p>Una historia de luchas con el horizonte de la libertad, con tantos logros que hacen nuestro presente m\u00e1s habitable y con tantos caminos comenzados, que a\u00fan deben ser recorridos.<\/p>\n<p><img loading=\"lazy\" decoding=\"async\" class=\"aligncenter size-full wp-image-51486\" src=\"https:\/\/diariofemenino.com.ar\/df\/wp-content\/uploads\/2020\/08\/WhatsApp-Image-2020-08-20-at-12.13.39-AM-1.jpeg\" alt=\"\" width=\"855\" height=\"458\" srcset=\"https:\/\/diariofemenino.com.ar\/df\/wp-content\/uploads\/2020\/08\/WhatsApp-Image-2020-08-20-at-12.13.39-AM-1.jpeg 855w, https:\/\/diariofemenino.com.ar\/df\/wp-content\/uploads\/2020\/08\/WhatsApp-Image-2020-08-20-at-12.13.39-AM-1-300x161.jpeg 300w, https:\/\/diariofemenino.com.ar\/df\/wp-content\/uploads\/2020\/08\/WhatsApp-Image-2020-08-20-at-12.13.39-AM-1-768x411.jpeg 768w\" sizes=\"auto, (max-width: 855px) 100vw, 855px\" \/><\/p>\n<p><a href=\"https:\/\/notasperiodismopopular.com.ar\/2020\/08\/20\/24-anos-presente-revisitar-a-carlos-jauregui\/\">Notas Periodismo Popular<\/a><\/p>\n","protected":false},"excerpt":{"rendered":"<p>24 a\u00f1os presente: revisitar a Carlos J\u00e1uregui Hay quienes trascienden su esfera personal y el paso del tiempo, quienes aunque no las hayamos conocido perviven entre nosotres. Carlos J\u00e1uregui es de esas personas, y el 20 de agosto se cumplen 24 a\u00f1os de su fallecimiento. \u00bfC\u00f3mo hacer memoria de quien nunca conociste? \u00bfC\u00f3mo leer una [&hellip;]<\/p>\n","protected":false},"author":3,"featured_media":51485,"comment_status":"open","ping_status":"open","sticky":false,"template":"","format":"standard","meta":{"iawp_total_views":112,"footnotes":""},"categories":[178],"tags":[397,1232,3467,440],"class_list":["post-51483","post","type-post","status-publish","format-standard","has-post-thumbnail","hentry","category-articulos-y-comunicados","tag-derechos","tag-activismo-lgbti","tag-carlos-jauregui","tag-orgullo"],"nelio_content":{"autoShareEndMode":"never","automationSources":{"useCustomSentences":false,"customSentences":[]},"efiAlt":"","efiUrl":"","followers":[3],"highlights":[],"isAutoShareEnabled":true,"networkImageIds":[],"permalinkQueryArgs":[],"series":[],"suggestedReferences":[]},"yoast_head":"<!-- This site is optimized with the Yoast SEO plugin v27.5 - https:\/\/yoast.com\/product\/yoast-seo-wordpress\/ -->\n<title>24 a\u00f1os presente: revisitar a Carlos J\u00e1uregui - Diario Digital Femenino<\/title>\n<meta name=\"description\" content=\"24 a\u00f1os presente: revisitar a Carlos J\u00e1ureguiHay quienes trascienden su esfera personal y el paso del tiempo, quienes aunque no las hayamos\" \/>\n<meta name=\"robots\" content=\"index, follow, max-snippet:-1, max-image-preview:large, max-video-preview:-1\" \/>\n<link rel=\"canonical\" href=\"https:\/\/diariofemenino.com.ar\/df\/24-anos-presente-revisitar-a-carlos-jauregui\/\" \/>\n<meta property=\"og:locale\" content=\"es_ES\" \/>\n<meta property=\"og:type\" content=\"article\" \/>\n<meta property=\"og:title\" content=\"24 a\u00f1os presente: revisitar a Carlos J\u00e1uregui - Diario Digital Femenino\" \/>\n<meta property=\"og:description\" content=\"24 a\u00f1os presente: revisitar a Carlos J\u00e1ureguiHay quienes trascienden su esfera personal y el paso del tiempo, quienes aunque no las hayamos\" \/>\n<meta property=\"og:url\" content=\"https:\/\/diariofemenino.com.ar\/df\/24-anos-presente-revisitar-a-carlos-jauregui\/\" \/>\n<meta property=\"og:site_name\" content=\"Diario Digital Femenino\" \/>\n<meta property=\"article:publisher\" content=\"https:\/\/www.facebook.com\/DiarioDigitaFemenino\/\" \/>\n<meta property=\"article:published_time\" content=\"2020-08-21T13:16:28+00:00\" \/>\n<meta property=\"og:image\" content=\"https:\/\/diariofemenino.com.ar\/df\/wp-content\/uploads\/2020\/08\/unnamed-1.jpg\" \/>\n\t<meta property=\"og:image:width\" content=\"512\" \/>\n\t<meta property=\"og:image:height\" content=\"269\" \/>\n\t<meta property=\"og:image:type\" content=\"image\/jpeg\" \/>\n<meta name=\"author\" content=\"Admin\" \/>\n<meta name=\"twitter:card\" content=\"summary_large_image\" \/>\n<meta name=\"twitter:creator\" content=\"@DiarioFemenino1\" \/>\n<meta name=\"twitter:site\" content=\"@DiarioFemenino1\" \/>\n<meta name=\"twitter:label1\" content=\"Escrito por\" \/>\n\t<meta name=\"twitter:data1\" content=\"Admin\" \/>\n\t<meta name=\"twitter:label2\" content=\"Tiempo de lectura\" \/>\n\t<meta name=\"twitter:data2\" content=\"4 minutos\" \/>\n<script type=\"application\/ld+json\" class=\"yoast-schema-graph\">{\"@context\":\"https:\\\/\\\/schema.org\",\"@graph\":[{\"@type\":\"Article\",\"@id\":\"https:\\\/\\\/diariofemenino.com.ar\\\/df\\\/24-anos-presente-revisitar-a-carlos-jauregui\\\/#article\",\"isPartOf\":{\"@id\":\"https:\\\/\\\/diariofemenino.com.ar\\\/df\\\/24-anos-presente-revisitar-a-carlos-jauregui\\\/\"},\"author\":{\"name\":\"Admin\",\"@id\":\"https:\\\/\\\/diariofemenino.com.ar\\\/df\\\/#\\\/schema\\\/person\\\/1c36bc3bf394d8ec320814298b4fdd3f\"},\"headline\":\"24 a\u00f1os presente: revisitar a Carlos J\u00e1uregui\",\"datePublished\":\"2020-08-21T13:16:28+00:00\",\"mainEntityOfPage\":{\"@id\":\"https:\\\/\\\/diariofemenino.com.ar\\\/df\\\/24-anos-presente-revisitar-a-carlos-jauregui\\\/\"},\"wordCount\":868,\"commentCount\":0,\"publisher\":{\"@id\":\"https:\\\/\\\/diariofemenino.com.ar\\\/df\\\/#organization\"},\"image\":{\"@id\":\"https:\\\/\\\/diariofemenino.com.ar\\\/df\\\/24-anos-presente-revisitar-a-carlos-jauregui\\\/#primaryimage\"},\"thumbnailUrl\":\"https:\\\/\\\/diariofemenino.com.ar\\\/df\\\/wp-content\\\/uploads\\\/2020\\\/08\\\/unnamed-1.jpg\",\"keywords\":[\"#derechos\",\"Activismo LGBTI\",\"Carlos jauregui\",\"Orgullo\"],\"articleSection\":[\"Art\u00edculos y Comunicados\"],\"inLanguage\":\"es\",\"potentialAction\":[{\"@type\":\"CommentAction\",\"name\":\"Comment\",\"target\":[\"https:\\\/\\\/diariofemenino.com.ar\\\/df\\\/24-anos-presente-revisitar-a-carlos-jauregui\\\/#respond\"]}]},{\"@type\":\"WebPage\",\"@id\":\"https:\\\/\\\/diariofemenino.com.ar\\\/df\\\/24-anos-presente-revisitar-a-carlos-jauregui\\\/\",\"url\":\"https:\\\/\\\/diariofemenino.com.ar\\\/df\\\/24-anos-presente-revisitar-a-carlos-jauregui\\\/\",\"name\":\"24 a\u00f1os presente: revisitar a Carlos J\u00e1uregui - Diario Digital Femenino\",\"isPartOf\":{\"@id\":\"https:\\\/\\\/diariofemenino.com.ar\\\/df\\\/#website\"},\"primaryImageOfPage\":{\"@id\":\"https:\\\/\\\/diariofemenino.com.ar\\\/df\\\/24-anos-presente-revisitar-a-carlos-jauregui\\\/#primaryimage\"},\"image\":{\"@id\":\"https:\\\/\\\/diariofemenino.com.ar\\\/df\\\/24-anos-presente-revisitar-a-carlos-jauregui\\\/#primaryimage\"},\"thumbnailUrl\":\"https:\\\/\\\/diariofemenino.com.ar\\\/df\\\/wp-content\\\/uploads\\\/2020\\\/08\\\/unnamed-1.jpg\",\"datePublished\":\"2020-08-21T13:16:28+00:00\",\"description\":\"24 a\u00f1os presente: revisitar a Carlos J\u00e1ureguiHay quienes trascienden su esfera personal y el paso del tiempo, quienes aunque no las hayamos\",\"breadcrumb\":{\"@id\":\"https:\\\/\\\/diariofemenino.com.ar\\\/df\\\/24-anos-presente-revisitar-a-carlos-jauregui\\\/#breadcrumb\"},\"inLanguage\":\"es\",\"potentialAction\":[{\"@type\":\"ReadAction\",\"target\":[\"https:\\\/\\\/diariofemenino.com.ar\\\/df\\\/24-anos-presente-revisitar-a-carlos-jauregui\\\/\"]}]},{\"@type\":\"ImageObject\",\"inLanguage\":\"es\",\"@id\":\"https:\\\/\\\/diariofemenino.com.ar\\\/df\\\/24-anos-presente-revisitar-a-carlos-jauregui\\\/#primaryimage\",\"url\":\"https:\\\/\\\/diariofemenino.com.ar\\\/df\\\/wp-content\\\/uploads\\\/2020\\\/08\\\/unnamed-1.jpg\",\"contentUrl\":\"https:\\\/\\\/diariofemenino.com.ar\\\/df\\\/wp-content\\\/uploads\\\/2020\\\/08\\\/unnamed-1.jpg\",\"width\":512,\"height\":269},{\"@type\":\"BreadcrumbList\",\"@id\":\"https:\\\/\\\/diariofemenino.com.ar\\\/df\\\/24-anos-presente-revisitar-a-carlos-jauregui\\\/#breadcrumb\",\"itemListElement\":[{\"@type\":\"ListItem\",\"position\":1,\"name\":\"Portada\",\"item\":\"https:\\\/\\\/diariofemenino.com.ar\\\/df\\\/\"},{\"@type\":\"ListItem\",\"position\":2,\"name\":\"24 a\u00f1os presente: revisitar a Carlos J\u00e1uregui\"}]},{\"@type\":\"WebSite\",\"@id\":\"https:\\\/\\\/diariofemenino.com.ar\\\/df\\\/#website\",\"url\":\"https:\\\/\\\/diariofemenino.com.ar\\\/df\\\/\",\"name\":\"Diario Digital Femenino\",\"description\":\"Cuesti\u00f3n de G\u00e9nero\",\"publisher\":{\"@id\":\"https:\\\/\\\/diariofemenino.com.ar\\\/df\\\/#organization\"},\"potentialAction\":[{\"@type\":\"SearchAction\",\"target\":{\"@type\":\"EntryPoint\",\"urlTemplate\":\"https:\\\/\\\/diariofemenino.com.ar\\\/df\\\/?s={search_term_string}\"},\"query-input\":{\"@type\":\"PropertyValueSpecification\",\"valueRequired\":true,\"valueName\":\"search_term_string\"}}],\"inLanguage\":\"es\"},{\"@type\":\"Organization\",\"@id\":\"https:\\\/\\\/diariofemenino.com.ar\\\/df\\\/#organization\",\"name\":\"Diario Femenino\",\"url\":\"https:\\\/\\\/diariofemenino.com.ar\\\/df\\\/\",\"logo\":{\"@type\":\"ImageObject\",\"inLanguage\":\"es\",\"@id\":\"https:\\\/\\\/diariofemenino.com.ar\\\/df\\\/#\\\/schema\\\/logo\\\/image\\\/\",\"url\":\"https:\\\/\\\/diariofemenino.com.ar\\\/df\\\/wp-content\\\/uploads\\\/2018\\\/10\\\/logo.png\",\"contentUrl\":\"https:\\\/\\\/diariofemenino.com.ar\\\/df\\\/wp-content\\\/uploads\\\/2018\\\/10\\\/logo.png\",\"width\":500,\"height\":92,\"caption\":\"Diario Femenino\"},\"image\":{\"@id\":\"https:\\\/\\\/diariofemenino.com.ar\\\/df\\\/#\\\/schema\\\/logo\\\/image\\\/\"},\"sameAs\":[\"https:\\\/\\\/www.facebook.com\\\/DiarioDigitaFemenino\\\/\",\"https:\\\/\\\/x.com\\\/DiarioFemenino1\"]},{\"@type\":\"Person\",\"@id\":\"https:\\\/\\\/diariofemenino.com.ar\\\/df\\\/#\\\/schema\\\/person\\\/1c36bc3bf394d8ec320814298b4fdd3f\",\"name\":\"Admin\",\"image\":{\"@type\":\"ImageObject\",\"inLanguage\":\"es\",\"@id\":\"https:\\\/\\\/diariofemenino.com.ar\\\/df\\\/wp-content\\\/uploads\\\/2018\\\/12\\\/favicon-150x150.jpg\",\"url\":\"https:\\\/\\\/diariofemenino.com.ar\\\/df\\\/wp-content\\\/uploads\\\/2018\\\/12\\\/favicon-150x150.jpg\",\"contentUrl\":\"https:\\\/\\\/diariofemenino.com.ar\\\/df\\\/wp-content\\\/uploads\\\/2018\\\/12\\\/favicon-150x150.jpg\",\"caption\":\"Admin\"},\"url\":\"https:\\\/\\\/diariofemenino.com.ar\\\/df\\\/author\\\/sofiperez\\\/\"}]}<\/script>\n<!-- \/ Yoast SEO plugin. -->","yoast_head_json":{"title":"24 a\u00f1os presente: revisitar a Carlos J\u00e1uregui - Diario Digital Femenino","description":"24 a\u00f1os presente: revisitar a Carlos J\u00e1ureguiHay quienes trascienden su esfera personal y el paso del tiempo, quienes aunque no las hayamos","robots":{"index":"index","follow":"follow","max-snippet":"max-snippet:-1","max-image-preview":"max-image-preview:large","max-video-preview":"max-video-preview:-1"},"canonical":"https:\/\/diariofemenino.com.ar\/df\/24-anos-presente-revisitar-a-carlos-jauregui\/","og_locale":"es_ES","og_type":"article","og_title":"24 a\u00f1os presente: revisitar a Carlos J\u00e1uregui - Diario Digital Femenino","og_description":"24 a\u00f1os presente: revisitar a Carlos J\u00e1ureguiHay quienes trascienden su esfera personal y el paso del tiempo, quienes aunque no las hayamos","og_url":"https:\/\/diariofemenino.com.ar\/df\/24-anos-presente-revisitar-a-carlos-jauregui\/","og_site_name":"Diario Digital Femenino","article_publisher":"https:\/\/www.facebook.com\/DiarioDigitaFemenino\/","article_published_time":"2020-08-21T13:16:28+00:00","og_image":[{"width":512,"height":269,"url":"https:\/\/diariofemenino.com.ar\/df\/wp-content\/uploads\/2020\/08\/unnamed-1.jpg","type":"image\/jpeg"}],"author":"Admin","twitter_card":"summary_large_image","twitter_creator":"@DiarioFemenino1","twitter_site":"@DiarioFemenino1","twitter_misc":{"Escrito por":"Admin","Tiempo de lectura":"4 minutos"},"schema":{"@context":"https:\/\/schema.org","@graph":[{"@type":"Article","@id":"https:\/\/diariofemenino.com.ar\/df\/24-anos-presente-revisitar-a-carlos-jauregui\/#article","isPartOf":{"@id":"https:\/\/diariofemenino.com.ar\/df\/24-anos-presente-revisitar-a-carlos-jauregui\/"},"author":{"name":"Admin","@id":"https:\/\/diariofemenino.com.ar\/df\/#\/schema\/person\/1c36bc3bf394d8ec320814298b4fdd3f"},"headline":"24 a\u00f1os presente: revisitar a Carlos J\u00e1uregui","datePublished":"2020-08-21T13:16:28+00:00","mainEntityOfPage":{"@id":"https:\/\/diariofemenino.com.ar\/df\/24-anos-presente-revisitar-a-carlos-jauregui\/"},"wordCount":868,"commentCount":0,"publisher":{"@id":"https:\/\/diariofemenino.com.ar\/df\/#organization"},"image":{"@id":"https:\/\/diariofemenino.com.ar\/df\/24-anos-presente-revisitar-a-carlos-jauregui\/#primaryimage"},"thumbnailUrl":"https:\/\/diariofemenino.com.ar\/df\/wp-content\/uploads\/2020\/08\/unnamed-1.jpg","keywords":["#derechos","Activismo LGBTI","Carlos jauregui","Orgullo"],"articleSection":["Art\u00edculos y Comunicados"],"inLanguage":"es","potentialAction":[{"@type":"CommentAction","name":"Comment","target":["https:\/\/diariofemenino.com.ar\/df\/24-anos-presente-revisitar-a-carlos-jauregui\/#respond"]}]},{"@type":"WebPage","@id":"https:\/\/diariofemenino.com.ar\/df\/24-anos-presente-revisitar-a-carlos-jauregui\/","url":"https:\/\/diariofemenino.com.ar\/df\/24-anos-presente-revisitar-a-carlos-jauregui\/","name":"24 a\u00f1os presente: revisitar a Carlos J\u00e1uregui - Diario Digital Femenino","isPartOf":{"@id":"https:\/\/diariofemenino.com.ar\/df\/#website"},"primaryImageOfPage":{"@id":"https:\/\/diariofemenino.com.ar\/df\/24-anos-presente-revisitar-a-carlos-jauregui\/#primaryimage"},"image":{"@id":"https:\/\/diariofemenino.com.ar\/df\/24-anos-presente-revisitar-a-carlos-jauregui\/#primaryimage"},"thumbnailUrl":"https:\/\/diariofemenino.com.ar\/df\/wp-content\/uploads\/2020\/08\/unnamed-1.jpg","datePublished":"2020-08-21T13:16:28+00:00","description":"24 a\u00f1os presente: revisitar a Carlos J\u00e1ureguiHay quienes trascienden su esfera personal y el paso del tiempo, quienes aunque no las hayamos","breadcrumb":{"@id":"https:\/\/diariofemenino.com.ar\/df\/24-anos-presente-revisitar-a-carlos-jauregui\/#breadcrumb"},"inLanguage":"es","potentialAction":[{"@type":"ReadAction","target":["https:\/\/diariofemenino.com.ar\/df\/24-anos-presente-revisitar-a-carlos-jauregui\/"]}]},{"@type":"ImageObject","inLanguage":"es","@id":"https:\/\/diariofemenino.com.ar\/df\/24-anos-presente-revisitar-a-carlos-jauregui\/#primaryimage","url":"https:\/\/diariofemenino.com.ar\/df\/wp-content\/uploads\/2020\/08\/unnamed-1.jpg","contentUrl":"https:\/\/diariofemenino.com.ar\/df\/wp-content\/uploads\/2020\/08\/unnamed-1.jpg","width":512,"height":269},{"@type":"BreadcrumbList","@id":"https:\/\/diariofemenino.com.ar\/df\/24-anos-presente-revisitar-a-carlos-jauregui\/#breadcrumb","itemListElement":[{"@type":"ListItem","position":1,"name":"Portada","item":"https:\/\/diariofemenino.com.ar\/df\/"},{"@type":"ListItem","position":2,"name":"24 a\u00f1os presente: revisitar a Carlos J\u00e1uregui"}]},{"@type":"WebSite","@id":"https:\/\/diariofemenino.com.ar\/df\/#website","url":"https:\/\/diariofemenino.com.ar\/df\/","name":"Diario Digital Femenino","description":"Cuesti\u00f3n de G\u00e9nero","publisher":{"@id":"https:\/\/diariofemenino.com.ar\/df\/#organization"},"potentialAction":[{"@type":"SearchAction","target":{"@type":"EntryPoint","urlTemplate":"https:\/\/diariofemenino.com.ar\/df\/?s={search_term_string}"},"query-input":{"@type":"PropertyValueSpecification","valueRequired":true,"valueName":"search_term_string"}}],"inLanguage":"es"},{"@type":"Organization","@id":"https:\/\/diariofemenino.com.ar\/df\/#organization","name":"Diario Femenino","url":"https:\/\/diariofemenino.com.ar\/df\/","logo":{"@type":"ImageObject","inLanguage":"es","@id":"https:\/\/diariofemenino.com.ar\/df\/#\/schema\/logo\/image\/","url":"https:\/\/diariofemenino.com.ar\/df\/wp-content\/uploads\/2018\/10\/logo.png","contentUrl":"https:\/\/diariofemenino.com.ar\/df\/wp-content\/uploads\/2018\/10\/logo.png","width":500,"height":92,"caption":"Diario Femenino"},"image":{"@id":"https:\/\/diariofemenino.com.ar\/df\/#\/schema\/logo\/image\/"},"sameAs":["https:\/\/www.facebook.com\/DiarioDigitaFemenino\/","https:\/\/x.com\/DiarioFemenino1"]},{"@type":"Person","@id":"https:\/\/diariofemenino.com.ar\/df\/#\/schema\/person\/1c36bc3bf394d8ec320814298b4fdd3f","name":"Admin","image":{"@type":"ImageObject","inLanguage":"es","@id":"https:\/\/diariofemenino.com.ar\/df\/wp-content\/uploads\/2018\/12\/favicon-150x150.jpg","url":"https:\/\/diariofemenino.com.ar\/df\/wp-content\/uploads\/2018\/12\/favicon-150x150.jpg","contentUrl":"https:\/\/diariofemenino.com.ar\/df\/wp-content\/uploads\/2018\/12\/favicon-150x150.jpg","caption":"Admin"},"url":"https:\/\/diariofemenino.com.ar\/df\/author\/sofiperez\/"}]}},"jetpack_featured_media_url":"https:\/\/diariofemenino.com.ar\/df\/wp-content\/uploads\/2020\/08\/unnamed-1.jpg","jetpack_sharing_enabled":true,"rttpg_featured_image_url":{"full":["https:\/\/diariofemenino.com.ar\/df\/wp-content\/uploads\/2020\/08\/unnamed-1.jpg",512,269,false],"landscape":["https:\/\/diariofemenino.com.ar\/df\/wp-content\/uploads\/2020\/08\/unnamed-1.jpg",512,269,false],"portraits":["https:\/\/diariofemenino.com.ar\/df\/wp-content\/uploads\/2020\/08\/unnamed-1.jpg",512,269,false],"thumbnail":["https:\/\/diariofemenino.com.ar\/df\/wp-content\/uploads\/2020\/08\/unnamed-1-150x150.jpg",150,150,true],"medium":["https:\/\/diariofemenino.com.ar\/df\/wp-content\/uploads\/2020\/08\/unnamed-1-300x158.jpg",300,158,true],"large":["https:\/\/diariofemenino.com.ar\/df\/wp-content\/uploads\/2020\/08\/unnamed-1.jpg",512,269,false],"1536x1536":["https:\/\/diariofemenino.com.ar\/df\/wp-content\/uploads\/2020\/08\/unnamed-1.jpg",512,269,false],"2048x2048":["https:\/\/diariofemenino.com.ar\/df\/wp-content\/uploads\/2020\/08\/unnamed-1.jpg",512,269,false]},"rttpg_author":{"display_name":"Admin","author_link":"https:\/\/diariofemenino.com.ar\/df\/author\/sofiperez\/"},"rttpg_comment":0,"rttpg_category":"<a href=\"https:\/\/diariofemenino.com.ar\/df\/category\/articulos-y-comunicados\/\" rel=\"category tag\">Art\u00edculos y Comunicados<\/a>","rttpg_excerpt":"24 a\u00f1os presente: revisitar a Carlos J\u00e1uregui Hay quienes trascienden su esfera personal y el paso del tiempo, quienes aunque no las hayamos conocido perviven entre nosotres. Carlos J\u00e1uregui es de esas personas, y el 20 de agosto se cumplen 24 a\u00f1os de su fallecimiento. \u00bfC\u00f3mo hacer memoria de quien nunca conociste? \u00bfC\u00f3mo leer una&hellip;","_links":{"self":[{"href":"https:\/\/diariofemenino.com.ar\/df\/wp-json\/wp\/v2\/posts\/51483","targetHints":{"allow":["GET"]}}],"collection":[{"href":"https:\/\/diariofemenino.com.ar\/df\/wp-json\/wp\/v2\/posts"}],"about":[{"href":"https:\/\/diariofemenino.com.ar\/df\/wp-json\/wp\/v2\/types\/post"}],"author":[{"embeddable":true,"href":"https:\/\/diariofemenino.com.ar\/df\/wp-json\/wp\/v2\/users\/3"}],"replies":[{"embeddable":true,"href":"https:\/\/diariofemenino.com.ar\/df\/wp-json\/wp\/v2\/comments?post=51483"}],"version-history":[{"count":0,"href":"https:\/\/diariofemenino.com.ar\/df\/wp-json\/wp\/v2\/posts\/51483\/revisions"}],"wp:featuredmedia":[{"embeddable":true,"href":"https:\/\/diariofemenino.com.ar\/df\/wp-json\/wp\/v2\/media\/51485"}],"wp:attachment":[{"href":"https:\/\/diariofemenino.com.ar\/df\/wp-json\/wp\/v2\/media?parent=51483"}],"wp:term":[{"taxonomy":"category","embeddable":true,"href":"https:\/\/diariofemenino.com.ar\/df\/wp-json\/wp\/v2\/categories?post=51483"},{"taxonomy":"post_tag","embeddable":true,"href":"https:\/\/diariofemenino.com.ar\/df\/wp-json\/wp\/v2\/tags?post=51483"}],"curies":[{"name":"wp","href":"https:\/\/api.w.org\/{rel}","templated":true}]}}