{"id":51472,"date":"2020-08-20T12:26:00","date_gmt":"2020-08-20T15:26:00","guid":{"rendered":"https:\/\/diariofemenino.com.ar\/?p=51472"},"modified":"2020-08-20T12:30:04","modified_gmt":"2020-08-20T15:30:04","slug":"tupungato","status":"publish","type":"post","link":"https:\/\/diariofemenino.com.ar\/df\/tupungato\/","title":{"rendered":"Tupungato: con 13 a\u00f1os decidi\u00f3 cambiar su identidad de g\u00e9nero y su t\u00edo inici\u00f3 una campa\u00f1a para reflexionar en la comunidad"},"content":{"rendered":"<p>Se trata de un joven tupungatino que pudo realizar la partida de nacimiento y cambiar su <a href=\"https:\/\/diariofemenino.com.ar\/guia-para-el-tratamiento-de-identidades-de-generos-orientacion-sexual-e-intersexualidad\/\">identidad<\/a> de mujer a hombre, bajo la ley 26.746\u00a0que establece el \u201cDerecho a la Identidad de G\u00e9nero de las personas\u201d.<\/p>\n<figure id=\"attachment_51474\" aria-describedby=\"caption-attachment-51474\" style=\"width: 596px\" class=\"wp-caption aligncenter\"><img loading=\"lazy\" decoding=\"async\" class=\" wp-image-51474\" src=\"https:\/\/diariofemenino.com.ar\/df\/wp-content\/uploads\/2020\/08\/ABBBEE53-815B-4821-B46E-3535FC6B7B8D-1140x815-1024x732.jpeg\" alt=\"Tupungato: con 13 a\u00f1os decidi\u00f3 cambiar su identidad de g\u00e9nero y su t\u00edo inici\u00f3 una campa\u00f1a para reflexionar en la comunidad\" width=\"596\" height=\"426\" srcset=\"https:\/\/diariofemenino.com.ar\/df\/wp-content\/uploads\/2020\/08\/ABBBEE53-815B-4821-B46E-3535FC6B7B8D-1140x815-1024x732.jpeg 1024w, https:\/\/diariofemenino.com.ar\/df\/wp-content\/uploads\/2020\/08\/ABBBEE53-815B-4821-B46E-3535FC6B7B8D-1140x815-300x214.jpeg 300w, https:\/\/diariofemenino.com.ar\/df\/wp-content\/uploads\/2020\/08\/ABBBEE53-815B-4821-B46E-3535FC6B7B8D-1140x815-768x549.jpeg 768w, https:\/\/diariofemenino.com.ar\/df\/wp-content\/uploads\/2020\/08\/ABBBEE53-815B-4821-B46E-3535FC6B7B8D-1140x815.jpeg 1140w\" sizes=\"auto, (max-width: 596px) 100vw, 596px\" \/><figcaption id=\"caption-attachment-51474\" class=\"wp-caption-text\">Tupungato: con 13 a\u00f1os decidi\u00f3 cambiar su identidad de g\u00e9nero y su t\u00edo inici\u00f3 una campa\u00f1a para reflexionar en la comunidad<\/figcaption><\/figure>\n<p>El d\u00eda martes el Registro Civil del Departamento de Tupungato fue testigo del tr\u00e1mite realizado por el primer menor que cambi\u00f3\u00a0su identidad de g\u00e9nero. Su t\u00edo Cesar Cuello inici\u00f3 una campa\u00f1a de reflexi\u00f3n para concientizar en las redes sociales que consiste en la\u00a0publicaci\u00f3n de im\u00e1genes producidas con el interrogante \u00bfCu\u00e1l es la Diferencia?.<\/p>\n<p>En el pa\u00eds la ley ampara el reconocimiento de la identidad y garantiza el desarrollo libre como personas conforme a la identidad de\u00a0g\u00e9nero, recibir un trato digno con dicha elecci\u00f3n y ser identificado con el nombre de pila, propia imagen y sexo.<\/p>\n<p>El objetivo de la campa\u00f1a es concientizar en la comunidad, \u201c\u2026Quer\u00eda mostrar a la gente que somos libres de elegir. Deben empezar a\u00a0reflexionar y cambiar la manera de pensar, no hay nada de malo. Son decisiones que puede tomar cualquier ser humano\u2026\u201d expres\u00f3 C\u00e9sar\u00a0a nuestro <a href=\"https:\/\/diariondi.com\/tupungato-con-13-anos-decidio-cambiar-su-identidad-de-genero-y-su-tio-inicio-una-campana-para-reflexionar-en-la-comunidad\/\">medio de comunicaci\u00f3n<\/a>.<\/p>\n<figure id=\"attachment_51475\" aria-describedby=\"caption-attachment-51475\" style=\"width: 658px\" class=\"wp-caption aligncenter\"><img loading=\"lazy\" decoding=\"async\" class=\" wp-image-51475\" src=\"https:\/\/diariofemenino.com.ar\/df\/wp-content\/uploads\/2020\/08\/EE4DFEE4-B5CE-4AC5-A41B-49E4D946EBE6-1024x768-1024x768.jpeg\" alt=\"Tupungato: con 13 a\u00f1os decidi\u00f3 cambiar su identidad de g\u00e9nero y su t\u00edo inici\u00f3 una campa\u00f1a para reflexionar en la comunidad\" width=\"658\" height=\"494\" srcset=\"https:\/\/diariofemenino.com.ar\/df\/wp-content\/uploads\/2020\/08\/EE4DFEE4-B5CE-4AC5-A41B-49E4D946EBE6-1024x768.jpeg 1024w, https:\/\/diariofemenino.com.ar\/df\/wp-content\/uploads\/2020\/08\/EE4DFEE4-B5CE-4AC5-A41B-49E4D946EBE6-1024x768-300x225.jpeg 300w, https:\/\/diariofemenino.com.ar\/df\/wp-content\/uploads\/2020\/08\/EE4DFEE4-B5CE-4AC5-A41B-49E4D946EBE6-1024x768-768x576.jpeg 768w\" sizes=\"auto, (max-width: 658px) 100vw, 658px\" \/><figcaption id=\"caption-attachment-51475\" class=\"wp-caption-text\">Tupungato: con 13 a\u00f1os decidi\u00f3 cambiar su identidad de g\u00e9nero y su t\u00edo inici\u00f3 una campa\u00f1a para reflexionar en la comunidad<\/figcaption><\/figure>\n<p>El primer impacto se gener\u00f3 en su grupo \u00edntimo de amigos en las redes, pero las respuestas fueron de apoyo a la reflexi\u00f3n. \u201c\u2026la idea es\u00a0empezar por los v\u00ednculos m\u00e1s cercanos pero que lindo ser\u00eda que todo el Departamento hable de g\u00e9nero y sobre todo lo respete, quiero un\u00a0mundo donde nadie discrimine a mi sobrino y mucho menos efect\u00faen violencia contra \u00e9l\u2026\u201d mencion\u00f3.<\/p>\n<p>La publicaci\u00f3n en Facebook e Instagram anunci\u00f3:<br \/>\n\u201c\u2026Soy C\u00e9sar, muchos de ustedes me conocen de diversos lugares. Hoy vengo hablar de LIBERTAD, con mucho orgullo mi sobrino de\u00a013 a\u00f1os decidi\u00f3 hacer el tr\u00e1mite sobre su IDENTIDAD DE G\u00c9NERO, como t\u00edo quise transmitir mi apoyo y concientizar a trav\u00e9s de estas\u00a0im\u00e1genes.<\/p>\n<p>Hoy todos deber\u00edamos preguntarnos \u00bfCU\u00c1L ES LA DIFERENCIA?, y es lo que trato que REFLEXIONEMOS con esta peque\u00f1a campa\u00f1a.<\/p>\n<p>Vos podes sumarte y hablar como yo de aquello a lo que muchos le tienen miedo.<br \/>\nSEAMOS LIBRES DE ELEGIR, nadie deber\u00eda cuestionarnos, nadie deber\u00eda discriminar, todos podemos tomar las decisiones que\u00a0deseamos.<\/p>\n<p>YO RESPETO Y ACOMPA\u00d1O EL PROCESO DE EJERCER TU DERECHO AL RECONOCIMIENTO DE IDENTIDAD DE G\u00c9NERO\u2026\u201d.<br \/>\nEl t\u00edo coment\u00f3 que reflexionar no fue f\u00e1cil para \u00e9l, antes de conocer la decisi\u00f3n de su sobrino sus pensamientos no eran los mismos. \u201c\u2026\u00a0yo antes era muy cuadrado, pero hay mucho que desconocemos, me toc\u00f3 de cerca y quiero apoyar de esta manera, s\u00e9 que hay gente que\u00a0lo va a entender y s\u00e9 que las cr\u00edticas ser\u00e1n m\u00faltiples, hasta malos entendidos, pero ac\u00e1 lo importante es que somos libres de elegir\u2026\u201d.<\/p>\n<p>A trav\u00e9s de im\u00e1genes invita a la reflexi\u00f3n y son producciones propias que realiz\u00f3 con su grupo de amigas, \u201c\u2026yo apoyo a mi sobrino\u00a0desde mi lugar, sin ofender a nadie, estoy orgulloso y feliz de que mi sobrino ejerci\u00f3 su derecho, los invito a sumarse porque ustedes\u00a0tambi\u00e9n pueden concientizar\u2026\u201d finaliz\u00f3.<\/p>\n<p>Diario <a href=\"https:\/\/diariondi.com\/\">NDI<\/a><\/p>\n<p><img loading=\"lazy\" decoding=\"async\" class=\" wp-image-51473\" src=\"https:\/\/diariofemenino.com.ar\/df\/wp-content\/uploads\/2020\/08\/91AD3E0B-0AE7-421C-B178-8ABE245E80FF-1024x665-1024x665.jpeg\" alt=\"Tupungato: con 13 a\u00f1os decidi\u00f3 cambiar su identidad de g\u00e9nero y su t\u00edo inici\u00f3 una campa\u00f1a para reflexionar en la comunidad\" width=\"517\" height=\"336\" srcset=\"https:\/\/diariofemenino.com.ar\/df\/wp-content\/uploads\/2020\/08\/91AD3E0B-0AE7-421C-B178-8ABE245E80FF-1024x665.jpeg 1024w, https:\/\/diariofemenino.com.ar\/df\/wp-content\/uploads\/2020\/08\/91AD3E0B-0AE7-421C-B178-8ABE245E80FF-1024x665-300x195.jpeg 300w, https:\/\/diariofemenino.com.ar\/df\/wp-content\/uploads\/2020\/08\/91AD3E0B-0AE7-421C-B178-8ABE245E80FF-1024x665-768x499.jpeg 768w\" sizes=\"auto, (max-width: 517px) 100vw, 517px\" \/><\/p>\n<p>&nbsp;<\/p>\n<p><a href=\"https:\/\/diariofemenino.com.ar\/\">Diario Digital Femenino\u00a0<\/a><\/p>\n<p>&nbsp;<\/p>\n","protected":false},"excerpt":{"rendered":"<p>Se trata de un joven tupungatino que pudo realizar la partida de nacimiento y cambiar su identidad de mujer a hombre, bajo la ley 26.746\u00a0que establece el \u201cDerecho a la Identidad de G\u00e9nero de las personas\u201d. El d\u00eda martes el Registro Civil del Departamento de Tupungato fue testigo del tr\u00e1mite realizado por el primer menor [&hellip;]<\/p>\n","protected":false},"author":4,"featured_media":51473,"comment_status":"open","ping_status":"open","sticky":false,"template":"","format":"standard","meta":{"iawp_total_views":12,"footnotes":""},"categories":[7,1067],"tags":[3466,29,3388,20],"class_list":["post-51472","post","type-post","status-publish","format-standard","has-post-thumbnail","hentry","category-actividades","category-agenda-feminista","tag-apoyo","tag-campanas","tag-contencion","tag-identidad-de-genero"],"nelio_content":{"autoShareEndMode":"never","automationSources":{"useCustomSentences":false,"customSentences":[]},"efiAlt":"","efiUrl":"","followers":[4],"highlights":[],"isAutoShareEnabled":true,"networkImageIds":[],"permalinkQueryArgs":[],"series":[],"suggestedReferences":[]},"yoast_head":"<!-- This site is optimized with the Yoast SEO plugin v27.5 - https:\/\/yoast.com\/product\/yoast-seo-wordpress\/ -->\n<title>Tupungato: con 13 a\u00f1os decidi\u00f3 cambiar su identidad de g\u00e9nero y su t\u00edo inici\u00f3 una campa\u00f1a para reflexionar en la comunidad - Diario Digital Femenino<\/title>\n<meta name=\"description\" content=\"Tupungato.\" \/>\n<meta name=\"robots\" content=\"index, follow, max-snippet:-1, max-image-preview:large, max-video-preview:-1\" \/>\n<link rel=\"canonical\" href=\"https:\/\/diariofemenino.com.ar\/df\/tupungato\/\" \/>\n<meta property=\"og:locale\" content=\"es_ES\" \/>\n<meta property=\"og:type\" content=\"article\" \/>\n<meta property=\"og:title\" content=\"Tupungato: con 13 a\u00f1os decidi\u00f3 cambiar su identidad de g\u00e9nero y su t\u00edo inici\u00f3 una campa\u00f1a para reflexionar en la comunidad - Diario Digital Femenino\" \/>\n<meta property=\"og:description\" content=\"Tupungato.\" \/>\n<meta property=\"og:url\" content=\"https:\/\/diariofemenino.com.ar\/df\/tupungato\/\" \/>\n<meta property=\"og:site_name\" content=\"Diario Digital Femenino\" \/>\n<meta property=\"article:publisher\" content=\"https:\/\/www.facebook.com\/DiarioDigitaFemenino\/\" \/>\n<meta property=\"article:published_time\" content=\"2020-08-20T15:26:00+00:00\" \/>\n<meta property=\"article:modified_time\" content=\"2020-08-20T15:30:04+00:00\" \/>\n<meta property=\"og:image\" content=\"https:\/\/diariofemenino.com.ar\/df\/wp-content\/uploads\/2020\/08\/91AD3E0B-0AE7-421C-B178-8ABE245E80FF-1024x665.jpeg\" \/>\n\t<meta property=\"og:image:width\" content=\"1024\" \/>\n\t<meta property=\"og:image:height\" content=\"665\" \/>\n\t<meta property=\"og:image:type\" content=\"image\/jpeg\" \/>\n<meta name=\"author\" content=\"Admin\" \/>\n<meta name=\"twitter:card\" content=\"summary_large_image\" \/>\n<meta name=\"twitter:creator\" content=\"@DiarioFemenino1\" \/>\n<meta name=\"twitter:site\" content=\"@DiarioFemenino1\" \/>\n<meta name=\"twitter:label1\" content=\"Escrito por\" \/>\n\t<meta name=\"twitter:data1\" content=\"Admin\" \/>\n\t<meta name=\"twitter:label2\" content=\"Tiempo de lectura\" \/>\n\t<meta name=\"twitter:data2\" content=\"3 minutos\" \/>\n<script type=\"application\/ld+json\" class=\"yoast-schema-graph\">{\"@context\":\"https:\\\/\\\/schema.org\",\"@graph\":[{\"@type\":\"Article\",\"@id\":\"https:\\\/\\\/diariofemenino.com.ar\\\/df\\\/tupungato\\\/#article\",\"isPartOf\":{\"@id\":\"https:\\\/\\\/diariofemenino.com.ar\\\/df\\\/tupungato\\\/\"},\"author\":{\"name\":\"Admin\",\"@id\":\"https:\\\/\\\/diariofemenino.com.ar\\\/df\\\/#\\\/schema\\\/person\\\/bf6199e8158c657ea6f789b11ec85509\"},\"headline\":\"Tupungato: con 13 a\u00f1os decidi\u00f3 cambiar su identidad de g\u00e9nero y su t\u00edo inici\u00f3 una campa\u00f1a para reflexionar en la comunidad\",\"datePublished\":\"2020-08-20T15:26:00+00:00\",\"dateModified\":\"2020-08-20T15:30:04+00:00\",\"mainEntityOfPage\":{\"@id\":\"https:\\\/\\\/diariofemenino.com.ar\\\/df\\\/tupungato\\\/\"},\"wordCount\":635,\"commentCount\":0,\"publisher\":{\"@id\":\"https:\\\/\\\/diariofemenino.com.ar\\\/df\\\/#organization\"},\"image\":{\"@id\":\"https:\\\/\\\/diariofemenino.com.ar\\\/df\\\/tupungato\\\/#primaryimage\"},\"thumbnailUrl\":\"https:\\\/\\\/diariofemenino.com.ar\\\/df\\\/wp-content\\\/uploads\\\/2020\\\/08\\\/91AD3E0B-0AE7-421C-B178-8ABE245E80FF-1024x665.jpeg\",\"keywords\":[\"Apoyo\",\"Campa\u00f1as\",\"Contenci\u00f3n\",\"Identidad de G\u00e9nero\"],\"articleSection\":[\"Actividades\",\"Agenda Feminista\"],\"inLanguage\":\"es\",\"potentialAction\":[{\"@type\":\"CommentAction\",\"name\":\"Comment\",\"target\":[\"https:\\\/\\\/diariofemenino.com.ar\\\/df\\\/tupungato\\\/#respond\"]}]},{\"@type\":\"WebPage\",\"@id\":\"https:\\\/\\\/diariofemenino.com.ar\\\/df\\\/tupungato\\\/\",\"url\":\"https:\\\/\\\/diariofemenino.com.ar\\\/df\\\/tupungato\\\/\",\"name\":\"Tupungato: con 13 a\u00f1os decidi\u00f3 cambiar su identidad de g\u00e9nero y su t\u00edo inici\u00f3 una campa\u00f1a para reflexionar en la comunidad - Diario Digital Femenino\",\"isPartOf\":{\"@id\":\"https:\\\/\\\/diariofemenino.com.ar\\\/df\\\/#website\"},\"primaryImageOfPage\":{\"@id\":\"https:\\\/\\\/diariofemenino.com.ar\\\/df\\\/tupungato\\\/#primaryimage\"},\"image\":{\"@id\":\"https:\\\/\\\/diariofemenino.com.ar\\\/df\\\/tupungato\\\/#primaryimage\"},\"thumbnailUrl\":\"https:\\\/\\\/diariofemenino.com.ar\\\/df\\\/wp-content\\\/uploads\\\/2020\\\/08\\\/91AD3E0B-0AE7-421C-B178-8ABE245E80FF-1024x665.jpeg\",\"datePublished\":\"2020-08-20T15:26:00+00:00\",\"dateModified\":\"2020-08-20T15:30:04+00:00\",\"description\":\"Tupungato.\",\"breadcrumb\":{\"@id\":\"https:\\\/\\\/diariofemenino.com.ar\\\/df\\\/tupungato\\\/#breadcrumb\"},\"inLanguage\":\"es\",\"potentialAction\":[{\"@type\":\"ReadAction\",\"target\":[\"https:\\\/\\\/diariofemenino.com.ar\\\/df\\\/tupungato\\\/\"]}]},{\"@type\":\"ImageObject\",\"inLanguage\":\"es\",\"@id\":\"https:\\\/\\\/diariofemenino.com.ar\\\/df\\\/tupungato\\\/#primaryimage\",\"url\":\"https:\\\/\\\/diariofemenino.com.ar\\\/df\\\/wp-content\\\/uploads\\\/2020\\\/08\\\/91AD3E0B-0AE7-421C-B178-8ABE245E80FF-1024x665.jpeg\",\"contentUrl\":\"https:\\\/\\\/diariofemenino.com.ar\\\/df\\\/wp-content\\\/uploads\\\/2020\\\/08\\\/91AD3E0B-0AE7-421C-B178-8ABE245E80FF-1024x665.jpeg\",\"width\":1024,\"height\":665,\"caption\":\"Tupungato: con 13 a\u00f1os decidi\u00f3 cambiar su identidad de g\u00e9nero y su t\u00edo inici\u00f3 una campa\u00f1a para reflexionar en la comunidad\"},{\"@type\":\"BreadcrumbList\",\"@id\":\"https:\\\/\\\/diariofemenino.com.ar\\\/df\\\/tupungato\\\/#breadcrumb\",\"itemListElement\":[{\"@type\":\"ListItem\",\"position\":1,\"name\":\"Portada\",\"item\":\"https:\\\/\\\/diariofemenino.com.ar\\\/df\\\/\"},{\"@type\":\"ListItem\",\"position\":2,\"name\":\"Tupungato: con 13 a\u00f1os decidi\u00f3 cambiar su identidad de g\u00e9nero y su t\u00edo inici\u00f3 una campa\u00f1a para reflexionar en la comunidad\"}]},{\"@type\":\"WebSite\",\"@id\":\"https:\\\/\\\/diariofemenino.com.ar\\\/df\\\/#website\",\"url\":\"https:\\\/\\\/diariofemenino.com.ar\\\/df\\\/\",\"name\":\"Diario Digital Femenino\",\"description\":\"Cuesti\u00f3n de G\u00e9nero\",\"publisher\":{\"@id\":\"https:\\\/\\\/diariofemenino.com.ar\\\/df\\\/#organization\"},\"potentialAction\":[{\"@type\":\"SearchAction\",\"target\":{\"@type\":\"EntryPoint\",\"urlTemplate\":\"https:\\\/\\\/diariofemenino.com.ar\\\/df\\\/?s={search_term_string}\"},\"query-input\":{\"@type\":\"PropertyValueSpecification\",\"valueRequired\":true,\"valueName\":\"search_term_string\"}}],\"inLanguage\":\"es\"},{\"@type\":\"Organization\",\"@id\":\"https:\\\/\\\/diariofemenino.com.ar\\\/df\\\/#organization\",\"name\":\"Diario Femenino\",\"url\":\"https:\\\/\\\/diariofemenino.com.ar\\\/df\\\/\",\"logo\":{\"@type\":\"ImageObject\",\"inLanguage\":\"es\",\"@id\":\"https:\\\/\\\/diariofemenino.com.ar\\\/df\\\/#\\\/schema\\\/logo\\\/image\\\/\",\"url\":\"https:\\\/\\\/diariofemenino.com.ar\\\/df\\\/wp-content\\\/uploads\\\/2018\\\/10\\\/logo.png\",\"contentUrl\":\"https:\\\/\\\/diariofemenino.com.ar\\\/df\\\/wp-content\\\/uploads\\\/2018\\\/10\\\/logo.png\",\"width\":500,\"height\":92,\"caption\":\"Diario Femenino\"},\"image\":{\"@id\":\"https:\\\/\\\/diariofemenino.com.ar\\\/df\\\/#\\\/schema\\\/logo\\\/image\\\/\"},\"sameAs\":[\"https:\\\/\\\/www.facebook.com\\\/DiarioDigitaFemenino\\\/\",\"https:\\\/\\\/x.com\\\/DiarioFemenino1\"]},{\"@type\":\"Person\",\"@id\":\"https:\\\/\\\/diariofemenino.com.ar\\\/df\\\/#\\\/schema\\\/person\\\/bf6199e8158c657ea6f789b11ec85509\",\"name\":\"Admin\",\"image\":{\"@type\":\"ImageObject\",\"inLanguage\":\"es\",\"@id\":\"https:\\\/\\\/diariofemenino.com.ar\\\/df\\\/wp-content\\\/uploads\\\/2018\\\/12\\\/favicon-150x150.jpg\",\"url\":\"https:\\\/\\\/diariofemenino.com.ar\\\/df\\\/wp-content\\\/uploads\\\/2018\\\/12\\\/favicon-150x150.jpg\",\"contentUrl\":\"https:\\\/\\\/diariofemenino.com.ar\\\/df\\\/wp-content\\\/uploads\\\/2018\\\/12\\\/favicon-150x150.jpg\",\"caption\":\"Admin\"},\"url\":\"https:\\\/\\\/diariofemenino.com.ar\\\/df\\\/author\\\/lenny\\\/\"}]}<\/script>\n<!-- \/ Yoast SEO plugin. -->","yoast_head_json":{"title":"Tupungato: con 13 a\u00f1os decidi\u00f3 cambiar su identidad de g\u00e9nero y su t\u00edo inici\u00f3 una campa\u00f1a para reflexionar en la comunidad - Diario Digital Femenino","description":"Tupungato.","robots":{"index":"index","follow":"follow","max-snippet":"max-snippet:-1","max-image-preview":"max-image-preview:large","max-video-preview":"max-video-preview:-1"},"canonical":"https:\/\/diariofemenino.com.ar\/df\/tupungato\/","og_locale":"es_ES","og_type":"article","og_title":"Tupungato: con 13 a\u00f1os decidi\u00f3 cambiar su identidad de g\u00e9nero y su t\u00edo inici\u00f3 una campa\u00f1a para reflexionar en la comunidad - Diario Digital Femenino","og_description":"Tupungato.","og_url":"https:\/\/diariofemenino.com.ar\/df\/tupungato\/","og_site_name":"Diario Digital Femenino","article_publisher":"https:\/\/www.facebook.com\/DiarioDigitaFemenino\/","article_published_time":"2020-08-20T15:26:00+00:00","article_modified_time":"2020-08-20T15:30:04+00:00","og_image":[{"width":1024,"height":665,"url":"https:\/\/diariofemenino.com.ar\/df\/wp-content\/uploads\/2020\/08\/91AD3E0B-0AE7-421C-B178-8ABE245E80FF-1024x665.jpeg","type":"image\/jpeg"}],"author":"Admin","twitter_card":"summary_large_image","twitter_creator":"@DiarioFemenino1","twitter_site":"@DiarioFemenino1","twitter_misc":{"Escrito por":"Admin","Tiempo de lectura":"3 minutos"},"schema":{"@context":"https:\/\/schema.org","@graph":[{"@type":"Article","@id":"https:\/\/diariofemenino.com.ar\/df\/tupungato\/#article","isPartOf":{"@id":"https:\/\/diariofemenino.com.ar\/df\/tupungato\/"},"author":{"name":"Admin","@id":"https:\/\/diariofemenino.com.ar\/df\/#\/schema\/person\/bf6199e8158c657ea6f789b11ec85509"},"headline":"Tupungato: con 13 a\u00f1os decidi\u00f3 cambiar su identidad de g\u00e9nero y su t\u00edo inici\u00f3 una campa\u00f1a para reflexionar en la comunidad","datePublished":"2020-08-20T15:26:00+00:00","dateModified":"2020-08-20T15:30:04+00:00","mainEntityOfPage":{"@id":"https:\/\/diariofemenino.com.ar\/df\/tupungato\/"},"wordCount":635,"commentCount":0,"publisher":{"@id":"https:\/\/diariofemenino.com.ar\/df\/#organization"},"image":{"@id":"https:\/\/diariofemenino.com.ar\/df\/tupungato\/#primaryimage"},"thumbnailUrl":"https:\/\/diariofemenino.com.ar\/df\/wp-content\/uploads\/2020\/08\/91AD3E0B-0AE7-421C-B178-8ABE245E80FF-1024x665.jpeg","keywords":["Apoyo","Campa\u00f1as","Contenci\u00f3n","Identidad de G\u00e9nero"],"articleSection":["Actividades","Agenda Feminista"],"inLanguage":"es","potentialAction":[{"@type":"CommentAction","name":"Comment","target":["https:\/\/diariofemenino.com.ar\/df\/tupungato\/#respond"]}]},{"@type":"WebPage","@id":"https:\/\/diariofemenino.com.ar\/df\/tupungato\/","url":"https:\/\/diariofemenino.com.ar\/df\/tupungato\/","name":"Tupungato: con 13 a\u00f1os decidi\u00f3 cambiar su identidad de g\u00e9nero y su t\u00edo inici\u00f3 una campa\u00f1a para reflexionar en la comunidad - Diario Digital Femenino","isPartOf":{"@id":"https:\/\/diariofemenino.com.ar\/df\/#website"},"primaryImageOfPage":{"@id":"https:\/\/diariofemenino.com.ar\/df\/tupungato\/#primaryimage"},"image":{"@id":"https:\/\/diariofemenino.com.ar\/df\/tupungato\/#primaryimage"},"thumbnailUrl":"https:\/\/diariofemenino.com.ar\/df\/wp-content\/uploads\/2020\/08\/91AD3E0B-0AE7-421C-B178-8ABE245E80FF-1024x665.jpeg","datePublished":"2020-08-20T15:26:00+00:00","dateModified":"2020-08-20T15:30:04+00:00","description":"Tupungato.","breadcrumb":{"@id":"https:\/\/diariofemenino.com.ar\/df\/tupungato\/#breadcrumb"},"inLanguage":"es","potentialAction":[{"@type":"ReadAction","target":["https:\/\/diariofemenino.com.ar\/df\/tupungato\/"]}]},{"@type":"ImageObject","inLanguage":"es","@id":"https:\/\/diariofemenino.com.ar\/df\/tupungato\/#primaryimage","url":"https:\/\/diariofemenino.com.ar\/df\/wp-content\/uploads\/2020\/08\/91AD3E0B-0AE7-421C-B178-8ABE245E80FF-1024x665.jpeg","contentUrl":"https:\/\/diariofemenino.com.ar\/df\/wp-content\/uploads\/2020\/08\/91AD3E0B-0AE7-421C-B178-8ABE245E80FF-1024x665.jpeg","width":1024,"height":665,"caption":"Tupungato: con 13 a\u00f1os decidi\u00f3 cambiar su identidad de g\u00e9nero y su t\u00edo inici\u00f3 una campa\u00f1a para reflexionar en la comunidad"},{"@type":"BreadcrumbList","@id":"https:\/\/diariofemenino.com.ar\/df\/tupungato\/#breadcrumb","itemListElement":[{"@type":"ListItem","position":1,"name":"Portada","item":"https:\/\/diariofemenino.com.ar\/df\/"},{"@type":"ListItem","position":2,"name":"Tupungato: con 13 a\u00f1os decidi\u00f3 cambiar su identidad de g\u00e9nero y su t\u00edo inici\u00f3 una campa\u00f1a para reflexionar en la comunidad"}]},{"@type":"WebSite","@id":"https:\/\/diariofemenino.com.ar\/df\/#website","url":"https:\/\/diariofemenino.com.ar\/df\/","name":"Diario Digital Femenino","description":"Cuesti\u00f3n de G\u00e9nero","publisher":{"@id":"https:\/\/diariofemenino.com.ar\/df\/#organization"},"potentialAction":[{"@type":"SearchAction","target":{"@type":"EntryPoint","urlTemplate":"https:\/\/diariofemenino.com.ar\/df\/?s={search_term_string}"},"query-input":{"@type":"PropertyValueSpecification","valueRequired":true,"valueName":"search_term_string"}}],"inLanguage":"es"},{"@type":"Organization","@id":"https:\/\/diariofemenino.com.ar\/df\/#organization","name":"Diario Femenino","url":"https:\/\/diariofemenino.com.ar\/df\/","logo":{"@type":"ImageObject","inLanguage":"es","@id":"https:\/\/diariofemenino.com.ar\/df\/#\/schema\/logo\/image\/","url":"https:\/\/diariofemenino.com.ar\/df\/wp-content\/uploads\/2018\/10\/logo.png","contentUrl":"https:\/\/diariofemenino.com.ar\/df\/wp-content\/uploads\/2018\/10\/logo.png","width":500,"height":92,"caption":"Diario Femenino"},"image":{"@id":"https:\/\/diariofemenino.com.ar\/df\/#\/schema\/logo\/image\/"},"sameAs":["https:\/\/www.facebook.com\/DiarioDigitaFemenino\/","https:\/\/x.com\/DiarioFemenino1"]},{"@type":"Person","@id":"https:\/\/diariofemenino.com.ar\/df\/#\/schema\/person\/bf6199e8158c657ea6f789b11ec85509","name":"Admin","image":{"@type":"ImageObject","inLanguage":"es","@id":"https:\/\/diariofemenino.com.ar\/df\/wp-content\/uploads\/2018\/12\/favicon-150x150.jpg","url":"https:\/\/diariofemenino.com.ar\/df\/wp-content\/uploads\/2018\/12\/favicon-150x150.jpg","contentUrl":"https:\/\/diariofemenino.com.ar\/df\/wp-content\/uploads\/2018\/12\/favicon-150x150.jpg","caption":"Admin"},"url":"https:\/\/diariofemenino.com.ar\/df\/author\/lenny\/"}]}},"jetpack_featured_media_url":"https:\/\/diariofemenino.com.ar\/df\/wp-content\/uploads\/2020\/08\/91AD3E0B-0AE7-421C-B178-8ABE245E80FF-1024x665.jpeg","jetpack_sharing_enabled":true,"rttpg_featured_image_url":{"full":["https:\/\/diariofemenino.com.ar\/df\/wp-content\/uploads\/2020\/08\/91AD3E0B-0AE7-421C-B178-8ABE245E80FF-1024x665.jpeg",1024,665,false],"landscape":["https:\/\/diariofemenino.com.ar\/df\/wp-content\/uploads\/2020\/08\/91AD3E0B-0AE7-421C-B178-8ABE245E80FF-1024x665.jpeg",1024,665,false],"portraits":["https:\/\/diariofemenino.com.ar\/df\/wp-content\/uploads\/2020\/08\/91AD3E0B-0AE7-421C-B178-8ABE245E80FF-1024x665.jpeg",1024,665,false],"thumbnail":["https:\/\/diariofemenino.com.ar\/df\/wp-content\/uploads\/2020\/08\/91AD3E0B-0AE7-421C-B178-8ABE245E80FF-1024x665-150x150.jpeg",150,150,true],"medium":["https:\/\/diariofemenino.com.ar\/df\/wp-content\/uploads\/2020\/08\/91AD3E0B-0AE7-421C-B178-8ABE245E80FF-1024x665-300x195.jpeg",300,195,true],"large":["https:\/\/diariofemenino.com.ar\/df\/wp-content\/uploads\/2020\/08\/91AD3E0B-0AE7-421C-B178-8ABE245E80FF-1024x665-1024x665.jpeg",1024,665,true],"1536x1536":["https:\/\/diariofemenino.com.ar\/df\/wp-content\/uploads\/2020\/08\/91AD3E0B-0AE7-421C-B178-8ABE245E80FF-1024x665.jpeg",1024,665,false],"2048x2048":["https:\/\/diariofemenino.com.ar\/df\/wp-content\/uploads\/2020\/08\/91AD3E0B-0AE7-421C-B178-8ABE245E80FF-1024x665.jpeg",1024,665,false]},"rttpg_author":{"display_name":"Admin","author_link":"https:\/\/diariofemenino.com.ar\/df\/author\/lenny\/"},"rttpg_comment":0,"rttpg_category":"<a href=\"https:\/\/diariofemenino.com.ar\/df\/category\/actividades\/\" rel=\"category tag\">Actividades<\/a> <a href=\"https:\/\/diariofemenino.com.ar\/df\/category\/agenda-feminista\/\" rel=\"category tag\">Agenda Feminista<\/a>","rttpg_excerpt":"Se trata de un joven tupungatino que pudo realizar la partida de nacimiento y cambiar su identidad de mujer a hombre, bajo la ley 26.746\u00a0que establece el \u201cDerecho a la Identidad de G\u00e9nero de las personas\u201d. El d\u00eda martes el Registro Civil del Departamento de Tupungato fue testigo del tr\u00e1mite realizado por el primer menor&hellip;","_links":{"self":[{"href":"https:\/\/diariofemenino.com.ar\/df\/wp-json\/wp\/v2\/posts\/51472","targetHints":{"allow":["GET"]}}],"collection":[{"href":"https:\/\/diariofemenino.com.ar\/df\/wp-json\/wp\/v2\/posts"}],"about":[{"href":"https:\/\/diariofemenino.com.ar\/df\/wp-json\/wp\/v2\/types\/post"}],"author":[{"embeddable":true,"href":"https:\/\/diariofemenino.com.ar\/df\/wp-json\/wp\/v2\/users\/4"}],"replies":[{"embeddable":true,"href":"https:\/\/diariofemenino.com.ar\/df\/wp-json\/wp\/v2\/comments?post=51472"}],"version-history":[{"count":0,"href":"https:\/\/diariofemenino.com.ar\/df\/wp-json\/wp\/v2\/posts\/51472\/revisions"}],"wp:featuredmedia":[{"embeddable":true,"href":"https:\/\/diariofemenino.com.ar\/df\/wp-json\/wp\/v2\/media\/51473"}],"wp:attachment":[{"href":"https:\/\/diariofemenino.com.ar\/df\/wp-json\/wp\/v2\/media?parent=51472"}],"wp:term":[{"taxonomy":"category","embeddable":true,"href":"https:\/\/diariofemenino.com.ar\/df\/wp-json\/wp\/v2\/categories?post=51472"},{"taxonomy":"post_tag","embeddable":true,"href":"https:\/\/diariofemenino.com.ar\/df\/wp-json\/wp\/v2\/tags?post=51472"}],"curies":[{"name":"wp","href":"https:\/\/api.w.org\/{rel}","templated":true}]}}