{"id":50825,"date":"2020-07-24T08:24:18","date_gmt":"2020-07-24T11:24:18","guid":{"rendered":"https:\/\/diariofemenino.com.ar\/?p=50825"},"modified":"2020-07-24T08:24:18","modified_gmt":"2020-07-24T11:24:18","slug":"los-cuerpos-en-los-medios","status":"publish","type":"post","link":"https:\/\/diariofemenino.com.ar\/df\/los-cuerpos-en-los-medios\/","title":{"rendered":"Los cuerpos en los medios"},"content":{"rendered":"<p>Ante el rechazo originado en las redes sociales por la tapa de la revista Caras en la que se alude a la princesa heredera al trono holand\u00e9s como \u201cplus size\u201d, publicaci\u00f3n que fue casi un\u00e1nimemente considerada como violenta por hacer hincapi\u00e9 en el aspecto f\u00edsico de una adolescente, corresponde analizar qu\u00e9 sucede con los mensajes que parten de los medios de comunicaci\u00f3n con referencia a los cuerpos feminizados.<\/p>\n<p>*por Noor Jimenez Abraham<\/p>\n<p>Esta no es la primera vez que Caras u otro contenido medi\u00e1tico se refieren a la apariencia de las mujeres, pero el tema de si la publicaci\u00f3n apunta al cuerpo de Amalia \u2013la hija mayor de la reina M\u00e1xima de Holanda-, con una mirada gordof\u00f3bica, instal\u00f3 el debate sobre el peso de las mujeres, los problemas de alimentaci\u00f3n y la bajada que hacen los medios al incentivar par\u00e1metros est\u00e9ticos casi imposibles.<\/p>\n<p>\u00bfPor qu\u00e9 se insiste tanto en la apariencia de las formas femeninas? En esa tapa se podr\u00eda haber aludido a lo que estudia la joven, a sus m\u00e9ritos o a sus aspiraciones en cuanto a un futuro en el que probablemente se convertir\u00e1 en reina. En cambio, la mirada se reduce a su f\u00edsico, el que tambi\u00e9n se menciona en el interior de la nota.<\/p>\n<p>Esta constante en la mirada medi\u00e1tica, aun cuando lo que se exprese sean alabanzas, retroalimenta el hecho de depender de la aprobaci\u00f3n exterior para aceptar el propio cuerpo que se convertir\u00e1 tal vez en pasaporte a logros, a trav\u00e9s de sacrificios y mucha infelicidad.<\/p>\n<p>D\u00edas previos a la tapa de la princesa de Holanda en Caras, la cantante Oriana Sabatini hab\u00eda subido a sus redes im\u00e1genes en las que mostraba su cuerpo en forma natural, es decir sin retoques de edici\u00f3n, junto a un texto en el que rebelaba el agotamiento \u2013a sus 24 a\u00f1os- por seguir unas pautas que resultan agobiantes y destructivas. \u201cSiempre me saco fotos o grabo cuando estoy entrenando 24\/7\u201d, manifest\u00f3 la joven, a lo que agreg\u00f3: \u201cS\u00e9 que tengo poco culo, pocas lolas, no estoy dura, estoy llena de estr\u00edas, claramente un poco de celulitis\u201d<\/p>\n<p>\u00bfCu\u00e1nto desv\u00edo de sus intereses centrales deben atravesar las personas con cuerpos feminizados para lograr una apariencia hegem\u00f3nica que es idealizada y a la vez opresiva? Dinero, tiempo, energ\u00edas, pensamientos, que acercan a resultados que ser\u00e1n ef\u00edmeros, porque se establecen en una carrera contra el tiempo y la gen\u00e9tica en la que siempre se corre desde atr\u00e1s si el objetivo es mantener esos est\u00e1ndares r\u00edgidos e inalcanzables.<\/p>\n<p>Hace pocos d\u00edas un periodista present\u00f3 a una entrevistada con la menci\u00f3n de sus logros y entre ellos destac\u00f3 que era rubia como una cualidad. Es decir, constantemente se hace alusi\u00f3n a un excluyente aspecto ideal de las femineidades, cuesti\u00f3n que no sucede con varones ya que en los medios audiovisuales los hay panzones, canosos, adultos mayores, pelados.<\/p>\n<p>Cuando Oriana se refiere a los atracones, esa compulsi\u00f3n por comer \u201clo prohibido\u201d que al desatarse no reconoce el l\u00edmite de la saciedad, cabe la pregunta de cu\u00e1nta violencia hizo tragar esta sociedad empe\u00f1ada en los cuerpos de las mujeres. \u201cInfelicidad corporal\u201d se denomina, seg\u00fan la m\u00e9dica especialista en nutrici\u00f3n, M\u00f3nica Katz, quien afirma que Argentina est\u00e1 tercera en el mundo en lo que concierne a trastornos alimentarios, mientras que en un programa de televisi\u00f3n \u2013Intrusos en el espect\u00e1culo- aconseja ingerir un solo plato de alimentos por comida en el que la mitad sean verduras.<\/p>\n<p>D\u00edas atr\u00e1s se desat\u00f3 el debate por un top transparente de Romina Malaspina en la conducci\u00f3n del fragmento a su cargo en el canal 26, como sucedi\u00f3 en otras circunstancias con mujeres que al momento de lucir sus cuerpos realizaban tareas para las que no se requerir\u00eda mostrarlos. Nuevamente el tema de la apariencia que se contrapone con ese eslogan publicitario de \u201clas mujeres reales\u201d como si hubiera algunas que no lo son, en tal caso unas ser\u00e1n m\u00e1s aceptadas, otras menos felices, pero verdaderas son absolutamente todas.<\/p>\n<p>\u00bfEn qu\u00e9 resultan beneficiosas estas discusiones? \u00bfQu\u00e9 sucede en el caso de las personas que se alejan de los patrones dominantes? \u00bfCu\u00e1nto se paga por dejar de lado estos estereotipos de cuerpos hegem\u00f3nicos que se plantean como el camino al \u00e9xito? En televisi\u00f3n, \u00bfhay espacio para las mujeres que no son blancas, delgadas, j\u00f3venes y urbanas?<\/p>\n<p>El 23 de julio el Ministerio de las Mujeres, G\u00e9neros y Diversidad (<a href=\"https:\/\/www.argentina.gob.ar\/generos\">MMGyD<\/a>) suscribi\u00f3 junto al Instituto Nacional contra la Discriminaci\u00f3n, la Xenofobia y el Racismo (<a href=\"https:\/\/www.argentina.gob.ar\/inadi\">INADI<\/a>) y el Ente Nacional de Comunicaciones (<a href=\"https:\/\/www.enacom.gob.ar\/\">ENACOM<\/a>), un convenio para desarrollar l\u00edneas de investigaci\u00f3n y an\u00e1lisis sobre violencia simb\u00f3lica, con el objetivo de erradicar mensajes que promuevan y sostengan las violencias y desigualdades por motivos de g\u00e9nero en los medios de comunicaci\u00f3n.<\/p>\n<p>La Comisi\u00f3n Bicameral Permanente de Promoci\u00f3n y Seguimiento de la Comunicaci\u00f3n Audiovisual, las Tecnolog\u00edas de las Telecomunicaciones y la Digitalizaci\u00f3n, presidida por la diputada Gabriela Cerruti, firm\u00f3 este mes un \u201ccompromiso para la construcci\u00f3n de medios de comunicaci\u00f3n con perspectiva de g\u00e9nero\u201d como respuesta al trabajo y an\u00e1lisis previos que presentaron periodistas de todo el pa\u00eds.<\/p>\n<p>Calificar los cuerpos es violento, se deshumaniza a las personas mediante la cosificaci\u00f3n. El 15 de julio, en Argentina, se celebraron los 10 a\u00f1os de la Ley 26618, de Matrimonio Igualitario, una reglamentaci\u00f3n que rompi\u00f3 con la hegemon\u00eda del binarismo hombre-mujer para posibilitar otras opciones; la normativa influy\u00f3 no solo en t\u00e9rminos legales, sino que abri\u00f3 paso a una sociedad m\u00e1s inclusiva en cuanto a las relaciones de pareja. Es momento ya de ir por la diversidad tambi\u00e9n en las formas y las apariencias f\u00edsicas.<\/p>\n<figure id=\"attachment_50826\" aria-describedby=\"caption-attachment-50826\" style=\"width: 628px\" class=\"wp-caption aligncenter\"><img loading=\"lazy\" decoding=\"async\" class=\"size-full wp-image-50826\" src=\"https:\/\/diariofemenino.com.ar\/df\/wp-content\/uploads\/2020\/07\/cuerpos.jpg\" alt=\"Los cuerpos en los medios\" width=\"628\" height=\"355\" srcset=\"https:\/\/diariofemenino.com.ar\/df\/wp-content\/uploads\/2020\/07\/cuerpos.jpg 628w, https:\/\/diariofemenino.com.ar\/df\/wp-content\/uploads\/2020\/07\/cuerpos-300x170.jpg 300w\" sizes=\"auto, (max-width: 628px) 100vw, 628px\" \/><figcaption id=\"caption-attachment-50826\" class=\"wp-caption-text\">Los cuerpos en los medios<\/figcaption><\/figure>\n<p>&nbsp;<\/p>\n<p>*Doctora en Ciencias de la Comunicaci\u00f3n Social<br \/>\n<a href=\"https:\/\/twitter.com\/Noor_J_Abraham\">@Noor_J_Abraham<\/a><\/p>\n<p>&nbsp;<\/p>\n<p><a href=\"https:\/\/diariofemenino.com.ar\/category\/de-la-revolucion-al-reaprendizaje\/\">Dela Revoluci\u00f3n al Reaprendizaje<\/a><br \/>\n<a href=\"https:\/\/diariofemenino.com.ar\/\">Diario Digital Femenino<\/a><\/p>\n","protected":false},"excerpt":{"rendered":"<p>Ante el rechazo originado en las redes sociales por la tapa de la revista Caras en la que se alude a la princesa heredera al trono holand\u00e9s como \u201cplus size\u201d, publicaci\u00f3n que fue casi un\u00e1nimemente considerada como violenta por hacer hincapi\u00e9 en el aspecto f\u00edsico de una adolescente, corresponde analizar qu\u00e9 sucede con los mensajes [&hellip;]<\/p>\n","protected":false},"author":4,"featured_media":50827,"comment_status":"open","ping_status":"open","sticky":false,"template":"","format":"standard","meta":{"iawp_total_views":37,"footnotes":""},"categories":[1067,178,3,4,32,6,592],"tags":[429,616,162,878,547,188],"class_list":["post-50825","post","type-post","status-publish","format-standard","has-post-thumbnail","hentry","category-agenda-feminista","category-articulos-y-comunicados","category-de-la-revolucion-al-reaprendizaje","category-medios","category-mujeres","category-articulos","category-violencias","tag-cuerpos","tag-genero","tag-medios-de-comunicacion","tag-medios-de-comunicacion-y-genero","tag-noor-jimenez-abraham","tag-perspectiva-de-genero"],"nelio_content":{"autoShareEndMode":"never","automationSources":{"useCustomSentences":false,"customSentences":[]},"efiAlt":"","efiUrl":"","followers":[4],"highlights":[],"isAutoShareEnabled":true,"networkImageIds":[],"permalinkQueryArgs":[],"series":[],"suggestedReferences":[]},"yoast_head":"<!-- This site is optimized with the Yoast SEO plugin v27.5 - https:\/\/yoast.com\/product\/yoast-seo-wordpress\/ -->\n<title>Los cuerpos en los medios - Diario Digital Femenino<\/title>\n<meta name=\"description\" content=\"Los cuerpos en los medios. La doctora en Ciencias de la Comunicaci\u00f3n Social, Noor Jimenez Abraham analiza las mirada de los medios sobre los cuerpos...\" \/>\n<meta name=\"robots\" content=\"index, follow, max-snippet:-1, max-image-preview:large, max-video-preview:-1\" \/>\n<link rel=\"canonical\" href=\"https:\/\/diariofemenino.com.ar\/df\/los-cuerpos-en-los-medios\/\" \/>\n<meta property=\"og:locale\" content=\"es_ES\" \/>\n<meta property=\"og:type\" content=\"article\" \/>\n<meta property=\"og:title\" content=\"Los cuerpos en los medios - Diario Digital Femenino\" \/>\n<meta property=\"og:description\" content=\"Los cuerpos en los medios. La doctora en Ciencias de la Comunicaci\u00f3n Social, Noor Jimenez Abraham analiza las mirada de los medios sobre los cuerpos...\" \/>\n<meta property=\"og:url\" content=\"https:\/\/diariofemenino.com.ar\/df\/los-cuerpos-en-los-medios\/\" \/>\n<meta property=\"og:site_name\" content=\"Diario Digital Femenino\" \/>\n<meta property=\"article:publisher\" content=\"https:\/\/www.facebook.com\/DiarioDigitaFemenino\/\" \/>\n<meta property=\"article:published_time\" content=\"2020-07-24T11:24:18+00:00\" \/>\n<meta property=\"og:image\" content=\"https:\/\/diariofemenino.com.ar\/df\/wp-content\/uploads\/2020\/07\/cuerpos3.jpg\" \/>\n\t<meta property=\"og:image:width\" content=\"960\" \/>\n\t<meta property=\"og:image:height\" content=\"651\" \/>\n\t<meta property=\"og:image:type\" content=\"image\/jpeg\" \/>\n<meta name=\"author\" content=\"Admin\" \/>\n<meta name=\"twitter:card\" content=\"summary_large_image\" \/>\n<meta name=\"twitter:creator\" content=\"@DiarioFemenino1\" \/>\n<meta name=\"twitter:site\" content=\"@DiarioFemenino1\" \/>\n<meta name=\"twitter:label1\" content=\"Escrito por\" \/>\n\t<meta name=\"twitter:data1\" content=\"Admin\" \/>\n\t<meta name=\"twitter:label2\" content=\"Tiempo de lectura\" \/>\n\t<meta name=\"twitter:data2\" content=\"5 minutos\" \/>\n<script type=\"application\/ld+json\" class=\"yoast-schema-graph\">{\"@context\":\"https:\\\/\\\/schema.org\",\"@graph\":[{\"@type\":\"Article\",\"@id\":\"https:\\\/\\\/diariofemenino.com.ar\\\/df\\\/los-cuerpos-en-los-medios\\\/#article\",\"isPartOf\":{\"@id\":\"https:\\\/\\\/diariofemenino.com.ar\\\/df\\\/los-cuerpos-en-los-medios\\\/\"},\"author\":{\"name\":\"Admin\",\"@id\":\"https:\\\/\\\/diariofemenino.com.ar\\\/df\\\/#\\\/schema\\\/person\\\/bf6199e8158c657ea6f789b11ec85509\"},\"headline\":\"Los cuerpos en los medios\",\"datePublished\":\"2020-07-24T11:24:18+00:00\",\"mainEntityOfPage\":{\"@id\":\"https:\\\/\\\/diariofemenino.com.ar\\\/df\\\/los-cuerpos-en-los-medios\\\/\"},\"wordCount\":1038,\"commentCount\":0,\"publisher\":{\"@id\":\"https:\\\/\\\/diariofemenino.com.ar\\\/df\\\/#organization\"},\"image\":{\"@id\":\"https:\\\/\\\/diariofemenino.com.ar\\\/df\\\/los-cuerpos-en-los-medios\\\/#primaryimage\"},\"thumbnailUrl\":\"https:\\\/\\\/diariofemenino.com.ar\\\/df\\\/wp-content\\\/uploads\\\/2020\\\/07\\\/cuerpos3.jpg\",\"keywords\":[\"Cuerpos\",\"G\u00e9nero\",\"Medios de Comunicaci\u00f3n\",\"Medios de Comunicaci\u00f3n y G\u00e9nero\",\"Noor Jim\u00e9nez Abraham\",\"Perspectiva de g\u00e9nero\"],\"articleSection\":[\"Agenda Feminista\",\"Art\u00edculos y Comunicados\",\"De la Revoluci\u00f3n al Reaprendizaje\",\"Medios\",\"Mujeres\",\"Mujeres en Palabras\",\"Violencias\"],\"inLanguage\":\"es\",\"potentialAction\":[{\"@type\":\"CommentAction\",\"name\":\"Comment\",\"target\":[\"https:\\\/\\\/diariofemenino.com.ar\\\/df\\\/los-cuerpos-en-los-medios\\\/#respond\"]}]},{\"@type\":\"WebPage\",\"@id\":\"https:\\\/\\\/diariofemenino.com.ar\\\/df\\\/los-cuerpos-en-los-medios\\\/\",\"url\":\"https:\\\/\\\/diariofemenino.com.ar\\\/df\\\/los-cuerpos-en-los-medios\\\/\",\"name\":\"Los cuerpos en los medios - Diario Digital Femenino\",\"isPartOf\":{\"@id\":\"https:\\\/\\\/diariofemenino.com.ar\\\/df\\\/#website\"},\"primaryImageOfPage\":{\"@id\":\"https:\\\/\\\/diariofemenino.com.ar\\\/df\\\/los-cuerpos-en-los-medios\\\/#primaryimage\"},\"image\":{\"@id\":\"https:\\\/\\\/diariofemenino.com.ar\\\/df\\\/los-cuerpos-en-los-medios\\\/#primaryimage\"},\"thumbnailUrl\":\"https:\\\/\\\/diariofemenino.com.ar\\\/df\\\/wp-content\\\/uploads\\\/2020\\\/07\\\/cuerpos3.jpg\",\"datePublished\":\"2020-07-24T11:24:18+00:00\",\"description\":\"Los cuerpos en los medios. La doctora en Ciencias de la Comunicaci\u00f3n Social, Noor Jimenez Abraham analiza las mirada de los medios sobre los cuerpos...\",\"breadcrumb\":{\"@id\":\"https:\\\/\\\/diariofemenino.com.ar\\\/df\\\/los-cuerpos-en-los-medios\\\/#breadcrumb\"},\"inLanguage\":\"es\",\"potentialAction\":[{\"@type\":\"ReadAction\",\"target\":[\"https:\\\/\\\/diariofemenino.com.ar\\\/df\\\/los-cuerpos-en-los-medios\\\/\"]}]},{\"@type\":\"ImageObject\",\"inLanguage\":\"es\",\"@id\":\"https:\\\/\\\/diariofemenino.com.ar\\\/df\\\/los-cuerpos-en-los-medios\\\/#primaryimage\",\"url\":\"https:\\\/\\\/diariofemenino.com.ar\\\/df\\\/wp-content\\\/uploads\\\/2020\\\/07\\\/cuerpos3.jpg\",\"contentUrl\":\"https:\\\/\\\/diariofemenino.com.ar\\\/df\\\/wp-content\\\/uploads\\\/2020\\\/07\\\/cuerpos3.jpg\",\"width\":960,\"height\":651,\"caption\":\"Los cuerpos en los medios\"},{\"@type\":\"BreadcrumbList\",\"@id\":\"https:\\\/\\\/diariofemenino.com.ar\\\/df\\\/los-cuerpos-en-los-medios\\\/#breadcrumb\",\"itemListElement\":[{\"@type\":\"ListItem\",\"position\":1,\"name\":\"Portada\",\"item\":\"https:\\\/\\\/diariofemenino.com.ar\\\/df\\\/\"},{\"@type\":\"ListItem\",\"position\":2,\"name\":\"Los cuerpos en los medios\"}]},{\"@type\":\"WebSite\",\"@id\":\"https:\\\/\\\/diariofemenino.com.ar\\\/df\\\/#website\",\"url\":\"https:\\\/\\\/diariofemenino.com.ar\\\/df\\\/\",\"name\":\"Diario Digital Femenino\",\"description\":\"Cuesti\u00f3n de G\u00e9nero\",\"publisher\":{\"@id\":\"https:\\\/\\\/diariofemenino.com.ar\\\/df\\\/#organization\"},\"potentialAction\":[{\"@type\":\"SearchAction\",\"target\":{\"@type\":\"EntryPoint\",\"urlTemplate\":\"https:\\\/\\\/diariofemenino.com.ar\\\/df\\\/?s={search_term_string}\"},\"query-input\":{\"@type\":\"PropertyValueSpecification\",\"valueRequired\":true,\"valueName\":\"search_term_string\"}}],\"inLanguage\":\"es\"},{\"@type\":\"Organization\",\"@id\":\"https:\\\/\\\/diariofemenino.com.ar\\\/df\\\/#organization\",\"name\":\"Diario Femenino\",\"url\":\"https:\\\/\\\/diariofemenino.com.ar\\\/df\\\/\",\"logo\":{\"@type\":\"ImageObject\",\"inLanguage\":\"es\",\"@id\":\"https:\\\/\\\/diariofemenino.com.ar\\\/df\\\/#\\\/schema\\\/logo\\\/image\\\/\",\"url\":\"https:\\\/\\\/diariofemenino.com.ar\\\/df\\\/wp-content\\\/uploads\\\/2018\\\/10\\\/logo.png\",\"contentUrl\":\"https:\\\/\\\/diariofemenino.com.ar\\\/df\\\/wp-content\\\/uploads\\\/2018\\\/10\\\/logo.png\",\"width\":500,\"height\":92,\"caption\":\"Diario Femenino\"},\"image\":{\"@id\":\"https:\\\/\\\/diariofemenino.com.ar\\\/df\\\/#\\\/schema\\\/logo\\\/image\\\/\"},\"sameAs\":[\"https:\\\/\\\/www.facebook.com\\\/DiarioDigitaFemenino\\\/\",\"https:\\\/\\\/x.com\\\/DiarioFemenino1\"]},{\"@type\":\"Person\",\"@id\":\"https:\\\/\\\/diariofemenino.com.ar\\\/df\\\/#\\\/schema\\\/person\\\/bf6199e8158c657ea6f789b11ec85509\",\"name\":\"Admin\",\"image\":{\"@type\":\"ImageObject\",\"inLanguage\":\"es\",\"@id\":\"https:\\\/\\\/diariofemenino.com.ar\\\/df\\\/wp-content\\\/uploads\\\/2018\\\/12\\\/favicon-150x150.jpg\",\"url\":\"https:\\\/\\\/diariofemenino.com.ar\\\/df\\\/wp-content\\\/uploads\\\/2018\\\/12\\\/favicon-150x150.jpg\",\"contentUrl\":\"https:\\\/\\\/diariofemenino.com.ar\\\/df\\\/wp-content\\\/uploads\\\/2018\\\/12\\\/favicon-150x150.jpg\",\"caption\":\"Admin\"},\"url\":\"https:\\\/\\\/diariofemenino.com.ar\\\/df\\\/author\\\/lenny\\\/\"}]}<\/script>\n<!-- \/ Yoast SEO plugin. -->","yoast_head_json":{"title":"Los cuerpos en los medios - Diario Digital Femenino","description":"Los cuerpos en los medios. La doctora en Ciencias de la Comunicaci\u00f3n Social, Noor Jimenez Abraham analiza las mirada de los medios sobre los cuerpos...","robots":{"index":"index","follow":"follow","max-snippet":"max-snippet:-1","max-image-preview":"max-image-preview:large","max-video-preview":"max-video-preview:-1"},"canonical":"https:\/\/diariofemenino.com.ar\/df\/los-cuerpos-en-los-medios\/","og_locale":"es_ES","og_type":"article","og_title":"Los cuerpos en los medios - Diario Digital Femenino","og_description":"Los cuerpos en los medios. La doctora en Ciencias de la Comunicaci\u00f3n Social, Noor Jimenez Abraham analiza las mirada de los medios sobre los cuerpos...","og_url":"https:\/\/diariofemenino.com.ar\/df\/los-cuerpos-en-los-medios\/","og_site_name":"Diario Digital Femenino","article_publisher":"https:\/\/www.facebook.com\/DiarioDigitaFemenino\/","article_published_time":"2020-07-24T11:24:18+00:00","og_image":[{"width":960,"height":651,"url":"https:\/\/diariofemenino.com.ar\/df\/wp-content\/uploads\/2020\/07\/cuerpos3.jpg","type":"image\/jpeg"}],"author":"Admin","twitter_card":"summary_large_image","twitter_creator":"@DiarioFemenino1","twitter_site":"@DiarioFemenino1","twitter_misc":{"Escrito por":"Admin","Tiempo de lectura":"5 minutos"},"schema":{"@context":"https:\/\/schema.org","@graph":[{"@type":"Article","@id":"https:\/\/diariofemenino.com.ar\/df\/los-cuerpos-en-los-medios\/#article","isPartOf":{"@id":"https:\/\/diariofemenino.com.ar\/df\/los-cuerpos-en-los-medios\/"},"author":{"name":"Admin","@id":"https:\/\/diariofemenino.com.ar\/df\/#\/schema\/person\/bf6199e8158c657ea6f789b11ec85509"},"headline":"Los cuerpos en los medios","datePublished":"2020-07-24T11:24:18+00:00","mainEntityOfPage":{"@id":"https:\/\/diariofemenino.com.ar\/df\/los-cuerpos-en-los-medios\/"},"wordCount":1038,"commentCount":0,"publisher":{"@id":"https:\/\/diariofemenino.com.ar\/df\/#organization"},"image":{"@id":"https:\/\/diariofemenino.com.ar\/df\/los-cuerpos-en-los-medios\/#primaryimage"},"thumbnailUrl":"https:\/\/diariofemenino.com.ar\/df\/wp-content\/uploads\/2020\/07\/cuerpos3.jpg","keywords":["Cuerpos","G\u00e9nero","Medios de Comunicaci\u00f3n","Medios de Comunicaci\u00f3n y G\u00e9nero","Noor Jim\u00e9nez Abraham","Perspectiva de g\u00e9nero"],"articleSection":["Agenda Feminista","Art\u00edculos y Comunicados","De la Revoluci\u00f3n al Reaprendizaje","Medios","Mujeres","Mujeres en Palabras","Violencias"],"inLanguage":"es","potentialAction":[{"@type":"CommentAction","name":"Comment","target":["https:\/\/diariofemenino.com.ar\/df\/los-cuerpos-en-los-medios\/#respond"]}]},{"@type":"WebPage","@id":"https:\/\/diariofemenino.com.ar\/df\/los-cuerpos-en-los-medios\/","url":"https:\/\/diariofemenino.com.ar\/df\/los-cuerpos-en-los-medios\/","name":"Los cuerpos en los medios - Diario Digital Femenino","isPartOf":{"@id":"https:\/\/diariofemenino.com.ar\/df\/#website"},"primaryImageOfPage":{"@id":"https:\/\/diariofemenino.com.ar\/df\/los-cuerpos-en-los-medios\/#primaryimage"},"image":{"@id":"https:\/\/diariofemenino.com.ar\/df\/los-cuerpos-en-los-medios\/#primaryimage"},"thumbnailUrl":"https:\/\/diariofemenino.com.ar\/df\/wp-content\/uploads\/2020\/07\/cuerpos3.jpg","datePublished":"2020-07-24T11:24:18+00:00","description":"Los cuerpos en los medios. La doctora en Ciencias de la Comunicaci\u00f3n Social, Noor Jimenez Abraham analiza las mirada de los medios sobre los cuerpos...","breadcrumb":{"@id":"https:\/\/diariofemenino.com.ar\/df\/los-cuerpos-en-los-medios\/#breadcrumb"},"inLanguage":"es","potentialAction":[{"@type":"ReadAction","target":["https:\/\/diariofemenino.com.ar\/df\/los-cuerpos-en-los-medios\/"]}]},{"@type":"ImageObject","inLanguage":"es","@id":"https:\/\/diariofemenino.com.ar\/df\/los-cuerpos-en-los-medios\/#primaryimage","url":"https:\/\/diariofemenino.com.ar\/df\/wp-content\/uploads\/2020\/07\/cuerpos3.jpg","contentUrl":"https:\/\/diariofemenino.com.ar\/df\/wp-content\/uploads\/2020\/07\/cuerpos3.jpg","width":960,"height":651,"caption":"Los cuerpos en los medios"},{"@type":"BreadcrumbList","@id":"https:\/\/diariofemenino.com.ar\/df\/los-cuerpos-en-los-medios\/#breadcrumb","itemListElement":[{"@type":"ListItem","position":1,"name":"Portada","item":"https:\/\/diariofemenino.com.ar\/df\/"},{"@type":"ListItem","position":2,"name":"Los cuerpos en los medios"}]},{"@type":"WebSite","@id":"https:\/\/diariofemenino.com.ar\/df\/#website","url":"https:\/\/diariofemenino.com.ar\/df\/","name":"Diario Digital Femenino","description":"Cuesti\u00f3n de G\u00e9nero","publisher":{"@id":"https:\/\/diariofemenino.com.ar\/df\/#organization"},"potentialAction":[{"@type":"SearchAction","target":{"@type":"EntryPoint","urlTemplate":"https:\/\/diariofemenino.com.ar\/df\/?s={search_term_string}"},"query-input":{"@type":"PropertyValueSpecification","valueRequired":true,"valueName":"search_term_string"}}],"inLanguage":"es"},{"@type":"Organization","@id":"https:\/\/diariofemenino.com.ar\/df\/#organization","name":"Diario Femenino","url":"https:\/\/diariofemenino.com.ar\/df\/","logo":{"@type":"ImageObject","inLanguage":"es","@id":"https:\/\/diariofemenino.com.ar\/df\/#\/schema\/logo\/image\/","url":"https:\/\/diariofemenino.com.ar\/df\/wp-content\/uploads\/2018\/10\/logo.png","contentUrl":"https:\/\/diariofemenino.com.ar\/df\/wp-content\/uploads\/2018\/10\/logo.png","width":500,"height":92,"caption":"Diario Femenino"},"image":{"@id":"https:\/\/diariofemenino.com.ar\/df\/#\/schema\/logo\/image\/"},"sameAs":["https:\/\/www.facebook.com\/DiarioDigitaFemenino\/","https:\/\/x.com\/DiarioFemenino1"]},{"@type":"Person","@id":"https:\/\/diariofemenino.com.ar\/df\/#\/schema\/person\/bf6199e8158c657ea6f789b11ec85509","name":"Admin","image":{"@type":"ImageObject","inLanguage":"es","@id":"https:\/\/diariofemenino.com.ar\/df\/wp-content\/uploads\/2018\/12\/favicon-150x150.jpg","url":"https:\/\/diariofemenino.com.ar\/df\/wp-content\/uploads\/2018\/12\/favicon-150x150.jpg","contentUrl":"https:\/\/diariofemenino.com.ar\/df\/wp-content\/uploads\/2018\/12\/favicon-150x150.jpg","caption":"Admin"},"url":"https:\/\/diariofemenino.com.ar\/df\/author\/lenny\/"}]}},"jetpack_featured_media_url":"https:\/\/diariofemenino.com.ar\/df\/wp-content\/uploads\/2020\/07\/cuerpos3.jpg","jetpack_sharing_enabled":true,"rttpg_featured_image_url":{"full":["https:\/\/diariofemenino.com.ar\/df\/wp-content\/uploads\/2020\/07\/cuerpos3.jpg",960,651,false],"landscape":["https:\/\/diariofemenino.com.ar\/df\/wp-content\/uploads\/2020\/07\/cuerpos3.jpg",960,651,false],"portraits":["https:\/\/diariofemenino.com.ar\/df\/wp-content\/uploads\/2020\/07\/cuerpos3.jpg",960,651,false],"thumbnail":["https:\/\/diariofemenino.com.ar\/df\/wp-content\/uploads\/2020\/07\/cuerpos3-150x150.jpg",150,150,true],"medium":["https:\/\/diariofemenino.com.ar\/df\/wp-content\/uploads\/2020\/07\/cuerpos3-300x203.jpg",300,203,true],"large":["https:\/\/diariofemenino.com.ar\/df\/wp-content\/uploads\/2020\/07\/cuerpos3.jpg",960,651,false],"1536x1536":["https:\/\/diariofemenino.com.ar\/df\/wp-content\/uploads\/2020\/07\/cuerpos3.jpg",960,651,false],"2048x2048":["https:\/\/diariofemenino.com.ar\/df\/wp-content\/uploads\/2020\/07\/cuerpos3.jpg",960,651,false]},"rttpg_author":{"display_name":"Admin","author_link":"https:\/\/diariofemenino.com.ar\/df\/author\/lenny\/"},"rttpg_comment":0,"rttpg_category":"<a href=\"https:\/\/diariofemenino.com.ar\/df\/category\/agenda-feminista\/\" rel=\"category tag\">Agenda Feminista<\/a> <a href=\"https:\/\/diariofemenino.com.ar\/df\/category\/articulos-y-comunicados\/\" rel=\"category tag\">Art\u00edculos y Comunicados<\/a> <a href=\"https:\/\/diariofemenino.com.ar\/df\/category\/de-la-revolucion-al-reaprendizaje\/\" rel=\"category tag\">De la Revoluci\u00f3n al Reaprendizaje<\/a> <a href=\"https:\/\/diariofemenino.com.ar\/df\/category\/medios\/\" rel=\"category tag\">Medios<\/a> <a href=\"https:\/\/diariofemenino.com.ar\/df\/category\/mujeres\/\" rel=\"category tag\">Mujeres<\/a> <a href=\"https:\/\/diariofemenino.com.ar\/df\/category\/articulos\/\" rel=\"category tag\">Mujeres en Palabras<\/a> <a href=\"https:\/\/diariofemenino.com.ar\/df\/category\/violencias\/\" rel=\"category tag\">Violencias<\/a>","rttpg_excerpt":"Ante el rechazo originado en las redes sociales por la tapa de la revista Caras en la que se alude a la princesa heredera al trono holand\u00e9s como \u201cplus size\u201d, publicaci\u00f3n que fue casi un\u00e1nimemente considerada como violenta por hacer hincapi\u00e9 en el aspecto f\u00edsico de una adolescente, corresponde analizar qu\u00e9 sucede con los mensajes&hellip;","_links":{"self":[{"href":"https:\/\/diariofemenino.com.ar\/df\/wp-json\/wp\/v2\/posts\/50825","targetHints":{"allow":["GET"]}}],"collection":[{"href":"https:\/\/diariofemenino.com.ar\/df\/wp-json\/wp\/v2\/posts"}],"about":[{"href":"https:\/\/diariofemenino.com.ar\/df\/wp-json\/wp\/v2\/types\/post"}],"author":[{"embeddable":true,"href":"https:\/\/diariofemenino.com.ar\/df\/wp-json\/wp\/v2\/users\/4"}],"replies":[{"embeddable":true,"href":"https:\/\/diariofemenino.com.ar\/df\/wp-json\/wp\/v2\/comments?post=50825"}],"version-history":[{"count":0,"href":"https:\/\/diariofemenino.com.ar\/df\/wp-json\/wp\/v2\/posts\/50825\/revisions"}],"wp:featuredmedia":[{"embeddable":true,"href":"https:\/\/diariofemenino.com.ar\/df\/wp-json\/wp\/v2\/media\/50827"}],"wp:attachment":[{"href":"https:\/\/diariofemenino.com.ar\/df\/wp-json\/wp\/v2\/media?parent=50825"}],"wp:term":[{"taxonomy":"category","embeddable":true,"href":"https:\/\/diariofemenino.com.ar\/df\/wp-json\/wp\/v2\/categories?post=50825"},{"taxonomy":"post_tag","embeddable":true,"href":"https:\/\/diariofemenino.com.ar\/df\/wp-json\/wp\/v2\/tags?post=50825"}],"curies":[{"name":"wp","href":"https:\/\/api.w.org\/{rel}","templated":true}]}}