{"id":50666,"date":"2020-07-19T00:05:02","date_gmt":"2020-07-19T03:05:02","guid":{"rendered":"https:\/\/diariofemenino.com.ar\/?p=50666"},"modified":"2020-07-19T00:05:02","modified_gmt":"2020-07-19T03:05:02","slug":"genero-y-libertad-de-expresion-no-vale-todo","status":"publish","type":"post","link":"https:\/\/diariofemenino.com.ar\/df\/genero-y-libertad-de-expresion-no-vale-todo\/","title":{"rendered":"G\u00e9nero y libertad de expresi\u00f3n: No vale todo"},"content":{"rendered":"<p><em>Editorial de Diario Digital Femenino<\/em><\/p>\n<p>\u00abCristina es el c\u00e1ncer de esta sociedad\u00bb. Esa frase fue dicha con soltura por Baby Etchecopar en un programa televisivo que se emite en horario central. Ning\u00fan invitado o invitada lo rechaz\u00f3. La conductora tampoco.<\/p>\n<p>La expresi\u00f3n, cargada de una notable violencia que nos remite a la tristemente c\u00e9lebre \u201cViva el c\u00e1ncer\u201d (en ambos casos la destinataria era una mujer), es una de las tantas que se expresan bajo el amparo de la tan ninguneada libertad de expresi\u00f3n.<\/p>\n<figure id=\"attachment_50668\" aria-describedby=\"caption-attachment-50668\" style=\"width: 900px\" class=\"wp-caption aligncenter\"><img loading=\"lazy\" decoding=\"async\" class=\"size-large wp-image-50668\" src=\"https:\/\/diariofemenino.com.ar\/df\/wp-content\/uploads\/2020\/07\/Otra-cancer-1024x417.jpg\" alt=\"G\u00e9nero y libertad de expresi\u00f3n: No vale todo\" width=\"900\" height=\"367\" srcset=\"https:\/\/diariofemenino.com.ar\/df\/wp-content\/uploads\/2020\/07\/Otra-cancer-1024x417.jpg 1024w, https:\/\/diariofemenino.com.ar\/df\/wp-content\/uploads\/2020\/07\/Otra-cancer-300x122.jpg 300w, https:\/\/diariofemenino.com.ar\/df\/wp-content\/uploads\/2020\/07\/Otra-cancer-768x313.jpg 768w, https:\/\/diariofemenino.com.ar\/df\/wp-content\/uploads\/2020\/07\/Otra-cancer.jpg 1417w\" sizes=\"auto, (max-width: 900px) 100vw, 900px\" \/><figcaption id=\"caption-attachment-50668\" class=\"wp-caption-text\">G\u00e9nero y libertad de expresi\u00f3n: No vale todo<\/figcaption><\/figure>\n<p>En este caso no se trata de defender a CFK. Hay muchos cuestionamientos hacia su gobierno. Pero, desde un sector de la pol\u00edtica y del establishment medi\u00e1tico se la ha elegido con blanco de ataque con expresiones que dan cuenta de un machismo y una violencia que se encuentra por fuera de la ley.<\/p>\n<p>Se trata de una violencia simb\u00f3lica que se reproduce constantemente. Tal como lo tipifica la ley, se trata de un accionar que se da a trav\u00e9s de la transmisi\u00f3n y reproducci\u00f3n de patrones estereotipados, mensajes, valores, \u00edconos o signos que sostienen la dominaci\u00f3n, desigualdad y discriminaci\u00f3n en las relaciones sociales, naturalizando la subordinaci\u00f3n de la mujer en la sociedad.<\/p>\n<p>M\u00e1s all\u00e1 de los an\u00e1lisis de cada caso particular de las que hemos sido testigo las mujeres y las identidades disidentes, nuestro objetivo en esta oportunidad es dejar establecido que, si bien la libertad de expresi\u00f3n es un derecho consagrado en nuestro pa\u00eds, lo cierto es que no todo vale y no se puede decir cualquier cosa. Existen l\u00edmites, deberes y, sobre todo, responsabilidades.<\/p>\n<p>Uno puede emitir opiniones sobre todos los temas que est\u00e1n en la agenda p\u00fablica, o incluso intentar instalar o visibilizar debates que no est\u00e1n incluidos. Pero lo que no se puede permitir esa la reproducci\u00f3n y naturalizaci\u00f3n de discursos de odio, y particularmente los que llevan una importante carga de violencia machista.<\/p>\n<p><strong>Discursos anacr\u00f3nicos<\/strong><\/p>\n<p>La <a href=\"https:\/\/defensadelpublico.gob.ar\/\">Defensor\u00eda del P\u00fablico<\/a> emiti\u00f3 un dictamen sobre las expresiones vertidas por Baby Etchecopar y consider\u00f3 que \u201cse trata de expresiones que contienen\u00a0violencia simb\u00f3lica y medi\u00e1tica en relaci\u00f3n con el ejercicio de derechos pol\u00edticos de las mujeres\u201d y recomend\u00f3 a la empresa due\u00f1a del canal \u201ccoordinar una actividad de intercambio y capacitaci\u00f3n\u201d que \u201ccontribuya a una comunicaci\u00f3n audiovisual igualitaria, no discriminatoria\u201d y a otorgar un espacio dentro del programa para \u201cvisibilizar y concientizar sobre tratamiento digno e igualitario de las mujeres en general, y, espec\u00edficamente, de las mujeres que se desempe\u00f1an en el \u00e1mbito p\u00fablico pol\u00edtico\u201d.<\/p>\n<p>A pesar de la intervenci\u00f3n, la pol\u00e9mica fue direccionada hac\u00eda la titular del organismo, Miriam Lewin. Algunos medios se hicieron eco de las declaraciones que brind\u00f3 la periodista en un programa radial (emitido en Radio Con Vos), pero fueron de sacadas de contexto para construir una idea de \u201ccensura\u201d o \u201cautoritarismo estatal\u201d.<\/p>\n<p>Lewin hab\u00eda revelado que, desde el a\u00f1o 2013, en la Defensor\u00eda se tramitaron 24 actuaciones por diferentes manifestaciones de Etchecopar. \u201c\u00bfSon solamente las mujeres el objeto de este discurso estigmatizante que podr\u00edamos llamar el discurso del odio? No, tambi\u00e9n los migrantes, las personas habitantes de barrios populares o de las villas. O sea, es una persona que promueve la discriminaci\u00f3n, los estereotipos, emite discursos que son realmente peligrosos\u201d.<\/p>\n<p>A su vez, explic\u00f3 que desde el organismo apuntan a \u201cque estos discursos ya no sean aceptables socialmente, es decir que sean considerados anacr\u00f3nicos, pertenecientes a otra \u00e9poca como se dice en buen criollo\u201d. Para ello, opin\u00f3, \u201ctenemos que desarrollar audiencias cr\u00edticas y audiencias activas. Cualquiera que se sienta ofendido por algo que se dice en radio o en televisi\u00f3n puede entrar a la p\u00e1gina de la Defensor\u00eda, puede levantar el tel\u00e9fono y llamar y ah\u00ed va a tener una respuesta. La respuesta que va a ir siempre en este sentido. No a restringir la libertad de expresi\u00f3n, sino a mejorar la calidad del debate democr\u00e1tico porque no estamos tratando de silenciar a alguien que piensa distinto, a alguien que pertenece a otro partido pol\u00edtico sino a evitar este tipo de discursos\u201d.<\/p>\n<p><strong>Cierto feminismo express.<\/strong><\/p>\n<p>El domingo pasado, Mar\u00eda Moreno public\u00f3 un art\u00edculo en <a href=\"https:\/\/www.pagina12.com.ar\/277944-cierto-feminismo-express\">P\u00e1gina 12<\/a> donde advierte sobre el surgimiento de \u201ccierto feminismo express\u201d y que consistir\u00eda en una utilizaci\u00f3n del g\u00e9nero en el marco de disputas pol\u00edticas e ideol\u00f3gicas, <strong>una apropiaci\u00f3n que el movimiento feminista no puede permitir.<\/strong><\/p>\n<p>Seg\u00fan la autora, este \u201cfeminismo express\u201d surge como una \u201cdefensa extorsiva ante cualquier conflicto protagonizado por una mujer cuando, si se la escucha bien y se le responde, la cuesti\u00f3n de g\u00e9nero se vuelve irrelevante\u201d.<\/p>\n<p>Son dos los ejemplos que nombra: \u201cCuando Alberto Fern\u00e1ndez le respondi\u00f3 a la periodista Silvia Mercado, lo hizo con la firmeza necesaria ya que la pregunta por la angustia no ven\u00eda del psicoan\u00e1lisis sino como\u00a0<em>packaging<\/em>\u00a0opositor de la autoayuda que convierte la angustia en algo a liquidar\u201d.<\/p>\n<p>\u201cD\u00edas despu\u00e9s la periodista Cristina P\u00e9rez le preguntaba por la decisi\u00f3n, adelantada como pol\u00e9mica y cuestionable, de expropiar Vicentin. Quien recuerda la escena convendr\u00e1 en el tono paciente de Alberto Fern\u00e1ndez, quien empez\u00f3 por se\u00f1alarle como si la tuviera de alumna en pre escolar de TEA, la escuela de periodismo, que el oficio no se trata de lo que uno cree sino que debe demostrarlo. Y la respuesta de Cristina P\u00e9rez fue algo as\u00ed como \u201c`no lo digo yo sino que lo dicen los constitucionalistas\u2019. O sea su argumento se basaba en\u00a0<em>el que dir\u00e1n<\/em>\u00a0mientras no desarrollara un argumento detallado de su posici\u00f3n, citando fuentes y documentos, cosa que no hizo\u201d.<\/p>\n<p>\u201cCristina P\u00e9rez usufructu\u00f3 de un feminismo express de corte denuncista, us\u00f3 estereotipos adjudicados a las mujeres oprimidas como el hablar por detr\u00e1s y m\u00e1s tarde. Mientras, en el resto del programa, se mostr\u00f3 serena y hasta lleg\u00f3 a chichonear a Alberto record\u00e1ndole que hab\u00edan sido ella y su compa\u00f1ero Barili, quienes lo hab\u00edan entrevistado luego de que fuera nombrado jefe de gabinete de N\u00e9stor Kirchner\u201d.<\/p>\n<p>\u201cClaro que quien tendr\u00eda que haberse ofendido fue Alberto Fern\u00e1ndez, cuando Cristina P\u00e9rez le pregunt\u00f3 qui\u00e9n era el autor del proyecto de expropiaci\u00f3n, si \u00e9l o Cristina Kirchner\u201d, sostuvo Moreno y mencion\u00f3 otra pregunta: \u201csi esta es su presidencia o si es el delegado de\u00a0Cristina Kirchner\u00a0y su radicalizaci\u00f3n\u201d, confundiendo una alianza pol\u00edtica, hecha de debates y consensos, de estrategias compartidas y diferencias a negociar con el objetivo del bien com\u00fan, con los avatares de poder en una sociedad conyugal o como si se tratara de una cuesti\u00f3n de bolas (sobre Per\u00f3n y Evita corr\u00edan mitos parecidos). \u201cY Alberto Fern\u00e1ndez contest\u00f3 haci\u00e9ndose el zonzo que hab\u00eda sido \u00e9l, aunque sin dejar de interpretar la pregunta: seguramente su motivo profundo era que se trataba de una medida antip\u00e1tica y por eso, como sol\u00eda suceder en esos casos, se la adjudicaban a Cristina\u201d, agrega la autora.<\/p>\n<p>En virtud de lo expuesto es necesario que la libertad de expresi\u00f3n sea atravesada por la perspectiva de g\u00e9nero y el Estado debe ser el garante para evitar que se sigan reproduciendo discursos de odio que violentan, humillan y\/o agreden a las mujeres e identidades disidentes. Est\u00e1 claro que no se trata de silenciar a nadie, sino en remarcar que las y los comunicadores tenemos responsabilidades que no se pueden omitir. Por otro lado, el movimiento feminista, en toda su diversidad, no puede permitir la utilizaci\u00f3n de su lucha en tironeos partidarios banalizando su historia.<\/p>\n<p>&nbsp;<\/p>\n<p>&nbsp;<\/p>\n<p><a href=\"https:\/\/diariofemenino.com.ar\/un-plan-de-accion-con-aciertos-y-falencias\/\">Editorial<\/a><br \/>\n<a href=\"https:\/\/diariofemenino.com.ar\/\">Diario Digital Femenino<\/a><\/p>\n","protected":false},"excerpt":{"rendered":"<p>Editorial de Diario Digital Femenino \u00abCristina es el c\u00e1ncer de esta sociedad\u00bb. Esa frase fue dicha con soltura por Baby Etchecopar en un programa televisivo que se emite en horario central. Ning\u00fan invitado o invitada lo rechaz\u00f3. La conductora tampoco. La expresi\u00f3n, cargada de una notable violencia que nos remite a la tristemente c\u00e9lebre \u201cViva [&hellip;]<\/p>\n","protected":false},"author":4,"featured_media":50669,"comment_status":"open","ping_status":"open","sticky":false,"template":"","format":"standard","meta":{"iawp_total_views":16,"footnotes":""},"categories":[1067,1251,21],"tags":[414,3328,26,3374,28,188],"class_list":["post-50666","post","type-post","status-publish","format-standard","has-post-thumbnail","hentry","category-agenda-feminista","category-mujeres-de-la-pampa","category-noticias","tag-diario-digital-femenino","tag-editorial","tag-feminismo","tag-genero-y-libertad-de-expresion","tag-periodismo","tag-perspectiva-de-genero"],"nelio_content":{"autoShareEndMode":"never","automationSources":{"useCustomSentences":false,"customSentences":[]},"efiAlt":"","efiUrl":"","followers":[4],"highlights":[],"isAutoShareEnabled":true,"networkImageIds":[],"permalinkQueryArgs":[],"series":[],"suggestedReferences":[]},"yoast_head":"<!-- This site is optimized with the Yoast SEO plugin v27.5 - https:\/\/yoast.com\/product\/yoast-seo-wordpress\/ -->\n<title>G\u00e9nero y libertad de expresi\u00f3n: No vale todo - Diario Digital Femenino<\/title>\n<meta name=\"description\" content=\"G\u00e9nero y libertad de expresi\u00f3n. Sobre argumentos y frases que se expresan bajo el amparo de la tan ninguneada libertad de expresi\u00f3n.\" \/>\n<meta name=\"robots\" content=\"index, follow, max-snippet:-1, max-image-preview:large, max-video-preview:-1\" \/>\n<link rel=\"canonical\" href=\"https:\/\/diariofemenino.com.ar\/df\/genero-y-libertad-de-expresion-no-vale-todo\/\" \/>\n<meta property=\"og:locale\" content=\"es_ES\" \/>\n<meta property=\"og:type\" content=\"article\" \/>\n<meta property=\"og:title\" content=\"G\u00e9nero y libertad de expresi\u00f3n: No vale todo - Diario Digital Femenino\" \/>\n<meta property=\"og:description\" content=\"G\u00e9nero y libertad de expresi\u00f3n. Sobre argumentos y frases que se expresan bajo el amparo de la tan ninguneada libertad de expresi\u00f3n.\" \/>\n<meta property=\"og:url\" content=\"https:\/\/diariofemenino.com.ar\/df\/genero-y-libertad-de-expresion-no-vale-todo\/\" \/>\n<meta property=\"og:site_name\" content=\"Diario Digital Femenino\" \/>\n<meta property=\"article:publisher\" content=\"https:\/\/www.facebook.com\/DiarioDigitaFemenino\/\" \/>\n<meta property=\"article:published_time\" content=\"2020-07-19T03:05:02+00:00\" \/>\n<meta property=\"og:image\" content=\"https:\/\/diariofemenino.com.ar\/df\/wp-content\/uploads\/2020\/07\/periodistas.jpg\" \/>\n\t<meta property=\"og:image:width\" content=\"1330\" \/>\n\t<meta property=\"og:image:height\" content=\"880\" \/>\n\t<meta property=\"og:image:type\" content=\"image\/jpeg\" \/>\n<meta name=\"author\" content=\"Admin\" \/>\n<meta name=\"twitter:card\" content=\"summary_large_image\" \/>\n<meta name=\"twitter:creator\" content=\"@DiarioFemenino1\" \/>\n<meta name=\"twitter:site\" content=\"@DiarioFemenino1\" \/>\n<meta name=\"twitter:label1\" content=\"Escrito por\" \/>\n\t<meta name=\"twitter:data1\" content=\"Admin\" \/>\n\t<meta name=\"twitter:label2\" content=\"Tiempo de lectura\" \/>\n\t<meta name=\"twitter:data2\" content=\"7 minutos\" \/>\n<script type=\"application\/ld+json\" class=\"yoast-schema-graph\">{\"@context\":\"https:\\\/\\\/schema.org\",\"@graph\":[{\"@type\":\"Article\",\"@id\":\"https:\\\/\\\/diariofemenino.com.ar\\\/df\\\/genero-y-libertad-de-expresion-no-vale-todo\\\/#article\",\"isPartOf\":{\"@id\":\"https:\\\/\\\/diariofemenino.com.ar\\\/df\\\/genero-y-libertad-de-expresion-no-vale-todo\\\/\"},\"author\":{\"name\":\"Admin\",\"@id\":\"https:\\\/\\\/diariofemenino.com.ar\\\/df\\\/#\\\/schema\\\/person\\\/bf6199e8158c657ea6f789b11ec85509\"},\"headline\":\"G\u00e9nero y libertad de expresi\u00f3n: No vale todo\",\"datePublished\":\"2020-07-19T03:05:02+00:00\",\"mainEntityOfPage\":{\"@id\":\"https:\\\/\\\/diariofemenino.com.ar\\\/df\\\/genero-y-libertad-de-expresion-no-vale-todo\\\/\"},\"wordCount\":1351,\"commentCount\":0,\"publisher\":{\"@id\":\"https:\\\/\\\/diariofemenino.com.ar\\\/df\\\/#organization\"},\"image\":{\"@id\":\"https:\\\/\\\/diariofemenino.com.ar\\\/df\\\/genero-y-libertad-de-expresion-no-vale-todo\\\/#primaryimage\"},\"thumbnailUrl\":\"https:\\\/\\\/diariofemenino.com.ar\\\/df\\\/wp-content\\\/uploads\\\/2020\\\/07\\\/periodistas.jpg\",\"keywords\":[\"Diario Digital Femenino\",\"Editorial\",\"Feminismo\",\"G\u00e9nero y libertad de expresi\u00f3n\",\"Periodismo\",\"Perspectiva de g\u00e9nero\"],\"articleSection\":[\"Agenda Feminista\",\"Mujeres de La Pampa\",\"Noticias\"],\"inLanguage\":\"es\",\"potentialAction\":[{\"@type\":\"CommentAction\",\"name\":\"Comment\",\"target\":[\"https:\\\/\\\/diariofemenino.com.ar\\\/df\\\/genero-y-libertad-de-expresion-no-vale-todo\\\/#respond\"]}]},{\"@type\":\"WebPage\",\"@id\":\"https:\\\/\\\/diariofemenino.com.ar\\\/df\\\/genero-y-libertad-de-expresion-no-vale-todo\\\/\",\"url\":\"https:\\\/\\\/diariofemenino.com.ar\\\/df\\\/genero-y-libertad-de-expresion-no-vale-todo\\\/\",\"name\":\"G\u00e9nero y libertad de expresi\u00f3n: No vale todo - Diario Digital Femenino\",\"isPartOf\":{\"@id\":\"https:\\\/\\\/diariofemenino.com.ar\\\/df\\\/#website\"},\"primaryImageOfPage\":{\"@id\":\"https:\\\/\\\/diariofemenino.com.ar\\\/df\\\/genero-y-libertad-de-expresion-no-vale-todo\\\/#primaryimage\"},\"image\":{\"@id\":\"https:\\\/\\\/diariofemenino.com.ar\\\/df\\\/genero-y-libertad-de-expresion-no-vale-todo\\\/#primaryimage\"},\"thumbnailUrl\":\"https:\\\/\\\/diariofemenino.com.ar\\\/df\\\/wp-content\\\/uploads\\\/2020\\\/07\\\/periodistas.jpg\",\"datePublished\":\"2020-07-19T03:05:02+00:00\",\"description\":\"G\u00e9nero y libertad de expresi\u00f3n. Sobre argumentos y frases que se expresan bajo el amparo de la tan ninguneada libertad de expresi\u00f3n.\",\"breadcrumb\":{\"@id\":\"https:\\\/\\\/diariofemenino.com.ar\\\/df\\\/genero-y-libertad-de-expresion-no-vale-todo\\\/#breadcrumb\"},\"inLanguage\":\"es\",\"potentialAction\":[{\"@type\":\"ReadAction\",\"target\":[\"https:\\\/\\\/diariofemenino.com.ar\\\/df\\\/genero-y-libertad-de-expresion-no-vale-todo\\\/\"]}]},{\"@type\":\"ImageObject\",\"inLanguage\":\"es\",\"@id\":\"https:\\\/\\\/diariofemenino.com.ar\\\/df\\\/genero-y-libertad-de-expresion-no-vale-todo\\\/#primaryimage\",\"url\":\"https:\\\/\\\/diariofemenino.com.ar\\\/df\\\/wp-content\\\/uploads\\\/2020\\\/07\\\/periodistas.jpg\",\"contentUrl\":\"https:\\\/\\\/diariofemenino.com.ar\\\/df\\\/wp-content\\\/uploads\\\/2020\\\/07\\\/periodistas.jpg\",\"width\":1330,\"height\":880,\"caption\":\"G\u00e9nero y libertad de expresi\u00f3n: No vale todo\"},{\"@type\":\"BreadcrumbList\",\"@id\":\"https:\\\/\\\/diariofemenino.com.ar\\\/df\\\/genero-y-libertad-de-expresion-no-vale-todo\\\/#breadcrumb\",\"itemListElement\":[{\"@type\":\"ListItem\",\"position\":1,\"name\":\"Portada\",\"item\":\"https:\\\/\\\/diariofemenino.com.ar\\\/df\\\/\"},{\"@type\":\"ListItem\",\"position\":2,\"name\":\"G\u00e9nero y libertad de expresi\u00f3n: No vale todo\"}]},{\"@type\":\"WebSite\",\"@id\":\"https:\\\/\\\/diariofemenino.com.ar\\\/df\\\/#website\",\"url\":\"https:\\\/\\\/diariofemenino.com.ar\\\/df\\\/\",\"name\":\"Diario Digital Femenino\",\"description\":\"Cuesti\u00f3n de G\u00e9nero\",\"publisher\":{\"@id\":\"https:\\\/\\\/diariofemenino.com.ar\\\/df\\\/#organization\"},\"potentialAction\":[{\"@type\":\"SearchAction\",\"target\":{\"@type\":\"EntryPoint\",\"urlTemplate\":\"https:\\\/\\\/diariofemenino.com.ar\\\/df\\\/?s={search_term_string}\"},\"query-input\":{\"@type\":\"PropertyValueSpecification\",\"valueRequired\":true,\"valueName\":\"search_term_string\"}}],\"inLanguage\":\"es\"},{\"@type\":\"Organization\",\"@id\":\"https:\\\/\\\/diariofemenino.com.ar\\\/df\\\/#organization\",\"name\":\"Diario Femenino\",\"url\":\"https:\\\/\\\/diariofemenino.com.ar\\\/df\\\/\",\"logo\":{\"@type\":\"ImageObject\",\"inLanguage\":\"es\",\"@id\":\"https:\\\/\\\/diariofemenino.com.ar\\\/df\\\/#\\\/schema\\\/logo\\\/image\\\/\",\"url\":\"https:\\\/\\\/diariofemenino.com.ar\\\/df\\\/wp-content\\\/uploads\\\/2018\\\/10\\\/logo.png\",\"contentUrl\":\"https:\\\/\\\/diariofemenino.com.ar\\\/df\\\/wp-content\\\/uploads\\\/2018\\\/10\\\/logo.png\",\"width\":500,\"height\":92,\"caption\":\"Diario Femenino\"},\"image\":{\"@id\":\"https:\\\/\\\/diariofemenino.com.ar\\\/df\\\/#\\\/schema\\\/logo\\\/image\\\/\"},\"sameAs\":[\"https:\\\/\\\/www.facebook.com\\\/DiarioDigitaFemenino\\\/\",\"https:\\\/\\\/x.com\\\/DiarioFemenino1\"]},{\"@type\":\"Person\",\"@id\":\"https:\\\/\\\/diariofemenino.com.ar\\\/df\\\/#\\\/schema\\\/person\\\/bf6199e8158c657ea6f789b11ec85509\",\"name\":\"Admin\",\"image\":{\"@type\":\"ImageObject\",\"inLanguage\":\"es\",\"@id\":\"https:\\\/\\\/diariofemenino.com.ar\\\/df\\\/wp-content\\\/uploads\\\/2018\\\/12\\\/favicon-150x150.jpg\",\"url\":\"https:\\\/\\\/diariofemenino.com.ar\\\/df\\\/wp-content\\\/uploads\\\/2018\\\/12\\\/favicon-150x150.jpg\",\"contentUrl\":\"https:\\\/\\\/diariofemenino.com.ar\\\/df\\\/wp-content\\\/uploads\\\/2018\\\/12\\\/favicon-150x150.jpg\",\"caption\":\"Admin\"},\"url\":\"https:\\\/\\\/diariofemenino.com.ar\\\/df\\\/author\\\/lenny\\\/\"}]}<\/script>\n<!-- \/ Yoast SEO plugin. -->","yoast_head_json":{"title":"G\u00e9nero y libertad de expresi\u00f3n: No vale todo - Diario Digital Femenino","description":"G\u00e9nero y libertad de expresi\u00f3n. Sobre argumentos y frases que se expresan bajo el amparo de la tan ninguneada libertad de expresi\u00f3n.","robots":{"index":"index","follow":"follow","max-snippet":"max-snippet:-1","max-image-preview":"max-image-preview:large","max-video-preview":"max-video-preview:-1"},"canonical":"https:\/\/diariofemenino.com.ar\/df\/genero-y-libertad-de-expresion-no-vale-todo\/","og_locale":"es_ES","og_type":"article","og_title":"G\u00e9nero y libertad de expresi\u00f3n: No vale todo - Diario Digital Femenino","og_description":"G\u00e9nero y libertad de expresi\u00f3n. Sobre argumentos y frases que se expresan bajo el amparo de la tan ninguneada libertad de expresi\u00f3n.","og_url":"https:\/\/diariofemenino.com.ar\/df\/genero-y-libertad-de-expresion-no-vale-todo\/","og_site_name":"Diario Digital Femenino","article_publisher":"https:\/\/www.facebook.com\/DiarioDigitaFemenino\/","article_published_time":"2020-07-19T03:05:02+00:00","og_image":[{"width":1330,"height":880,"url":"https:\/\/diariofemenino.com.ar\/df\/wp-content\/uploads\/2020\/07\/periodistas.jpg","type":"image\/jpeg"}],"author":"Admin","twitter_card":"summary_large_image","twitter_creator":"@DiarioFemenino1","twitter_site":"@DiarioFemenino1","twitter_misc":{"Escrito por":"Admin","Tiempo de lectura":"7 minutos"},"schema":{"@context":"https:\/\/schema.org","@graph":[{"@type":"Article","@id":"https:\/\/diariofemenino.com.ar\/df\/genero-y-libertad-de-expresion-no-vale-todo\/#article","isPartOf":{"@id":"https:\/\/diariofemenino.com.ar\/df\/genero-y-libertad-de-expresion-no-vale-todo\/"},"author":{"name":"Admin","@id":"https:\/\/diariofemenino.com.ar\/df\/#\/schema\/person\/bf6199e8158c657ea6f789b11ec85509"},"headline":"G\u00e9nero y libertad de expresi\u00f3n: No vale todo","datePublished":"2020-07-19T03:05:02+00:00","mainEntityOfPage":{"@id":"https:\/\/diariofemenino.com.ar\/df\/genero-y-libertad-de-expresion-no-vale-todo\/"},"wordCount":1351,"commentCount":0,"publisher":{"@id":"https:\/\/diariofemenino.com.ar\/df\/#organization"},"image":{"@id":"https:\/\/diariofemenino.com.ar\/df\/genero-y-libertad-de-expresion-no-vale-todo\/#primaryimage"},"thumbnailUrl":"https:\/\/diariofemenino.com.ar\/df\/wp-content\/uploads\/2020\/07\/periodistas.jpg","keywords":["Diario Digital Femenino","Editorial","Feminismo","G\u00e9nero y libertad de expresi\u00f3n","Periodismo","Perspectiva de g\u00e9nero"],"articleSection":["Agenda Feminista","Mujeres de La Pampa","Noticias"],"inLanguage":"es","potentialAction":[{"@type":"CommentAction","name":"Comment","target":["https:\/\/diariofemenino.com.ar\/df\/genero-y-libertad-de-expresion-no-vale-todo\/#respond"]}]},{"@type":"WebPage","@id":"https:\/\/diariofemenino.com.ar\/df\/genero-y-libertad-de-expresion-no-vale-todo\/","url":"https:\/\/diariofemenino.com.ar\/df\/genero-y-libertad-de-expresion-no-vale-todo\/","name":"G\u00e9nero y libertad de expresi\u00f3n: No vale todo - Diario Digital Femenino","isPartOf":{"@id":"https:\/\/diariofemenino.com.ar\/df\/#website"},"primaryImageOfPage":{"@id":"https:\/\/diariofemenino.com.ar\/df\/genero-y-libertad-de-expresion-no-vale-todo\/#primaryimage"},"image":{"@id":"https:\/\/diariofemenino.com.ar\/df\/genero-y-libertad-de-expresion-no-vale-todo\/#primaryimage"},"thumbnailUrl":"https:\/\/diariofemenino.com.ar\/df\/wp-content\/uploads\/2020\/07\/periodistas.jpg","datePublished":"2020-07-19T03:05:02+00:00","description":"G\u00e9nero y libertad de expresi\u00f3n. Sobre argumentos y frases que se expresan bajo el amparo de la tan ninguneada libertad de expresi\u00f3n.","breadcrumb":{"@id":"https:\/\/diariofemenino.com.ar\/df\/genero-y-libertad-de-expresion-no-vale-todo\/#breadcrumb"},"inLanguage":"es","potentialAction":[{"@type":"ReadAction","target":["https:\/\/diariofemenino.com.ar\/df\/genero-y-libertad-de-expresion-no-vale-todo\/"]}]},{"@type":"ImageObject","inLanguage":"es","@id":"https:\/\/diariofemenino.com.ar\/df\/genero-y-libertad-de-expresion-no-vale-todo\/#primaryimage","url":"https:\/\/diariofemenino.com.ar\/df\/wp-content\/uploads\/2020\/07\/periodistas.jpg","contentUrl":"https:\/\/diariofemenino.com.ar\/df\/wp-content\/uploads\/2020\/07\/periodistas.jpg","width":1330,"height":880,"caption":"G\u00e9nero y libertad de expresi\u00f3n: No vale todo"},{"@type":"BreadcrumbList","@id":"https:\/\/diariofemenino.com.ar\/df\/genero-y-libertad-de-expresion-no-vale-todo\/#breadcrumb","itemListElement":[{"@type":"ListItem","position":1,"name":"Portada","item":"https:\/\/diariofemenino.com.ar\/df\/"},{"@type":"ListItem","position":2,"name":"G\u00e9nero y libertad de expresi\u00f3n: No vale todo"}]},{"@type":"WebSite","@id":"https:\/\/diariofemenino.com.ar\/df\/#website","url":"https:\/\/diariofemenino.com.ar\/df\/","name":"Diario Digital Femenino","description":"Cuesti\u00f3n de G\u00e9nero","publisher":{"@id":"https:\/\/diariofemenino.com.ar\/df\/#organization"},"potentialAction":[{"@type":"SearchAction","target":{"@type":"EntryPoint","urlTemplate":"https:\/\/diariofemenino.com.ar\/df\/?s={search_term_string}"},"query-input":{"@type":"PropertyValueSpecification","valueRequired":true,"valueName":"search_term_string"}}],"inLanguage":"es"},{"@type":"Organization","@id":"https:\/\/diariofemenino.com.ar\/df\/#organization","name":"Diario Femenino","url":"https:\/\/diariofemenino.com.ar\/df\/","logo":{"@type":"ImageObject","inLanguage":"es","@id":"https:\/\/diariofemenino.com.ar\/df\/#\/schema\/logo\/image\/","url":"https:\/\/diariofemenino.com.ar\/df\/wp-content\/uploads\/2018\/10\/logo.png","contentUrl":"https:\/\/diariofemenino.com.ar\/df\/wp-content\/uploads\/2018\/10\/logo.png","width":500,"height":92,"caption":"Diario Femenino"},"image":{"@id":"https:\/\/diariofemenino.com.ar\/df\/#\/schema\/logo\/image\/"},"sameAs":["https:\/\/www.facebook.com\/DiarioDigitaFemenino\/","https:\/\/x.com\/DiarioFemenino1"]},{"@type":"Person","@id":"https:\/\/diariofemenino.com.ar\/df\/#\/schema\/person\/bf6199e8158c657ea6f789b11ec85509","name":"Admin","image":{"@type":"ImageObject","inLanguage":"es","@id":"https:\/\/diariofemenino.com.ar\/df\/wp-content\/uploads\/2018\/12\/favicon-150x150.jpg","url":"https:\/\/diariofemenino.com.ar\/df\/wp-content\/uploads\/2018\/12\/favicon-150x150.jpg","contentUrl":"https:\/\/diariofemenino.com.ar\/df\/wp-content\/uploads\/2018\/12\/favicon-150x150.jpg","caption":"Admin"},"url":"https:\/\/diariofemenino.com.ar\/df\/author\/lenny\/"}]}},"jetpack_featured_media_url":"https:\/\/diariofemenino.com.ar\/df\/wp-content\/uploads\/2020\/07\/periodistas.jpg","jetpack_sharing_enabled":true,"rttpg_featured_image_url":{"full":["https:\/\/diariofemenino.com.ar\/df\/wp-content\/uploads\/2020\/07\/periodistas.jpg",1330,880,false],"landscape":["https:\/\/diariofemenino.com.ar\/df\/wp-content\/uploads\/2020\/07\/periodistas.jpg",1330,880,false],"portraits":["https:\/\/diariofemenino.com.ar\/df\/wp-content\/uploads\/2020\/07\/periodistas.jpg",1330,880,false],"thumbnail":["https:\/\/diariofemenino.com.ar\/df\/wp-content\/uploads\/2020\/07\/periodistas-150x150.jpg",150,150,true],"medium":["https:\/\/diariofemenino.com.ar\/df\/wp-content\/uploads\/2020\/07\/periodistas-300x198.jpg",300,198,true],"large":["https:\/\/diariofemenino.com.ar\/df\/wp-content\/uploads\/2020\/07\/periodistas-1024x678.jpg",1024,678,true],"1536x1536":["https:\/\/diariofemenino.com.ar\/df\/wp-content\/uploads\/2020\/07\/periodistas.jpg",1330,880,false],"2048x2048":["https:\/\/diariofemenino.com.ar\/df\/wp-content\/uploads\/2020\/07\/periodistas.jpg",1330,880,false]},"rttpg_author":{"display_name":"Admin","author_link":"https:\/\/diariofemenino.com.ar\/df\/author\/lenny\/"},"rttpg_comment":0,"rttpg_category":"<a href=\"https:\/\/diariofemenino.com.ar\/df\/category\/agenda-feminista\/\" rel=\"category tag\">Agenda Feminista<\/a> <a href=\"https:\/\/diariofemenino.com.ar\/df\/category\/mujeres-de-la-pampa\/\" rel=\"category tag\">Mujeres de La Pampa<\/a> <a href=\"https:\/\/diariofemenino.com.ar\/df\/category\/noticias\/\" rel=\"category tag\">Noticias<\/a>","rttpg_excerpt":"Editorial de Diario Digital Femenino \u00abCristina es el c\u00e1ncer de esta sociedad\u00bb. Esa frase fue dicha con soltura por Baby Etchecopar en un programa televisivo que se emite en horario central. Ning\u00fan invitado o invitada lo rechaz\u00f3. La conductora tampoco. La expresi\u00f3n, cargada de una notable violencia que nos remite a la tristemente c\u00e9lebre \u201cViva&hellip;","_links":{"self":[{"href":"https:\/\/diariofemenino.com.ar\/df\/wp-json\/wp\/v2\/posts\/50666","targetHints":{"allow":["GET"]}}],"collection":[{"href":"https:\/\/diariofemenino.com.ar\/df\/wp-json\/wp\/v2\/posts"}],"about":[{"href":"https:\/\/diariofemenino.com.ar\/df\/wp-json\/wp\/v2\/types\/post"}],"author":[{"embeddable":true,"href":"https:\/\/diariofemenino.com.ar\/df\/wp-json\/wp\/v2\/users\/4"}],"replies":[{"embeddable":true,"href":"https:\/\/diariofemenino.com.ar\/df\/wp-json\/wp\/v2\/comments?post=50666"}],"version-history":[{"count":0,"href":"https:\/\/diariofemenino.com.ar\/df\/wp-json\/wp\/v2\/posts\/50666\/revisions"}],"wp:featuredmedia":[{"embeddable":true,"href":"https:\/\/diariofemenino.com.ar\/df\/wp-json\/wp\/v2\/media\/50669"}],"wp:attachment":[{"href":"https:\/\/diariofemenino.com.ar\/df\/wp-json\/wp\/v2\/media?parent=50666"}],"wp:term":[{"taxonomy":"category","embeddable":true,"href":"https:\/\/diariofemenino.com.ar\/df\/wp-json\/wp\/v2\/categories?post=50666"},{"taxonomy":"post_tag","embeddable":true,"href":"https:\/\/diariofemenino.com.ar\/df\/wp-json\/wp\/v2\/tags?post=50666"}],"curies":[{"name":"wp","href":"https:\/\/api.w.org\/{rel}","templated":true}]}}