{"id":5054,"date":"2012-11-25T20:46:10","date_gmt":"2012-11-25T23:46:10","guid":{"rendered":"http:\/\/www.diariofemenino.com.ar\/?p=5054"},"modified":"2012-11-25T20:46:10","modified_gmt":"2012-11-25T23:46:10","slug":"direccion-de-violencia-y-subdireccion-de-politicas-de-genero-25-de-noviembre","status":"publish","type":"post","link":"https:\/\/diariofemenino.com.ar\/df\/direccion-de-violencia-y-subdireccion-de-politicas-de-genero-25-de-noviembre\/","title":{"rendered":"Direcci\u00f3n de Violencia y Subdirecci\u00f3n de Pol\u00edticas de G\u00e9nero &#8211; 25 de noviembre"},"content":{"rendered":"<p>&nbsp;<br \/>\n&nbsp;<br \/>\n&nbsp;<br \/>\n&nbsp;<br \/>\nEn el marco del D\u00eda Internacional de la Eliminaci\u00f3n de la Violencia contra la Mujer, que se celebra cada 25 de noviembre en memoria del asesinato de las hermanas dominicanas Mirabal, ayer en la Plaza San Mart\u00edn de Santa Rosa se realiz\u00f3 un acto organizado por la Direcci\u00f3n de Prevenci\u00f3n y Asistencia de la violencia familiar de la provincia de La Pampa y la Subdirecci\u00f3n de Pol\u00edticas de G\u00e9nero de la Municipalidad de Santa Rosa.<br \/>\n<a href=\"http:\/\/www.diariofemenino.com.ar\/wp-content\/uploads\/AFICHE-FINAL-11.jpg\"><img loading=\"lazy\" decoding=\"async\" class=\"alignright size-full wp-image-5055\" title=\"AFICHE FINAL 11\" src=\"http:\/\/www.diariofemenino.com.ar\/wp-content\/uploads\/AFICHE-FINAL-11.jpg\" alt=\"\" width=\"397\" height=\"574\" \/><\/a><br \/>\nLa actividad cont\u00f3 con la participaci\u00f3n del grupo \u00abAndar\u00bb que realiz\u00f3 mon\u00f3logos en base a la tem\u00e1tica. Adem\u00e1s hubo entrega de folleter\u00eda -consejos para evitar casos de violencias, lugares donde recurrir, n\u00fameros telef\u00f3nicos a donde llamar, y las leyes que protegen los derechos de las ni\u00f1as- y se proyectaron videos alusivos.<br \/>\nEl evento cont\u00f3 con la presencia de Fabiana Monta\u00f1ez, subdirectora de Pol\u00edticas de G\u00e9nero, y Ana Mar\u00eda Alcala, directora de Prevenci\u00f3n y Asistencia de la violencia familiar. Ambas funcionarias dialogaron en relaci\u00f3n a los casos de Carla Figueroa y Sof\u00eda Viale, y a la prevenci\u00f3n.<br \/>\nEn primer lugar, Fabiana Monta\u00f1ez dijo que \u00abambos hechos fueron lamentables\u00bb. \u00abOjal\u00e1 trabajemos para que no vuelvan a ocurrir. Estamos tan comprometidos junto con Provincia, Naci\u00f3n y la Justicia para articular y evitar que vuelvan a suceder casos como estos\u00bb, indic\u00f3 la funcionaria municipal.<br \/>\nMientras que Ana Mar\u00eda Alcala manifest\u00f3 que el homicidio de Sof\u00eda Viale fue un hecho lamentable pero que ayuda a reflexionar. \u00ab\u00daltimamente en esta provincia pas\u00f3 un hecho muy lamentable que tiene que ver con una ni\u00f1a. Eso nos tiene que servir, m\u00e1s all\u00e1 de todo lo que nos conmueve e inmuta, para reflexionar y seguir pensando que la prevenci\u00f3n es la \u00fanica herramienta que nos va a permitir disminuir estas situaciones\u00bb, indic\u00f3 Alcala.<br \/>\nPor \u00faltimo, la directora de Prevenci\u00f3n y Asistencia de la violencia familiar, argument\u00f3 que el sistema es machista y para que eso erradique se debe realizar un cambio estructural. \u00abM\u00e1s all\u00e1 de que hay cambios, de que hemos progresado y hay un proceso que va avanzando d\u00eda a d\u00eda, vivimos en un sistema absolutamente machista\u00bb. Adem\u00e1s agreg\u00f3 que, el hecho de que una mujer sea la presidenta de Argentina tiene que ver con su m\u00e9rito propio.<br \/>\nEn ese contexto, se\u00f1al\u00f3 que todas los establecimientos est\u00e1 dirigidos por hombres. \u00abLas Iglesias, los clubes, y dem\u00e1s instituciones est\u00e1n presididas y empoderadas a trav\u00e9s de la figura patriarcal. Para que los cambios sean reales y profundos tenemos que seguir revisando esas cuestiones estructurales\u00bb, concluy\u00f3.<br \/>\n&nbsp;<br \/>\n&nbsp;<br \/>\n&nbsp;<br \/>\n&nbsp;<br \/>\n&nbsp;<br \/>\n&nbsp;<br \/>\nFuente: La Arena<\/p>\n","protected":false},"excerpt":{"rendered":"<p>&nbsp; &nbsp; &nbsp; &nbsp; En el marco del D\u00eda Internacional de la Eliminaci\u00f3n de la Violencia contra la Mujer, que se celebra cada 25 de noviembre en memoria del asesinato de las hermanas dominicanas Mirabal, ayer en la Plaza San Mart\u00edn de Santa Rosa se realiz\u00f3 un acto organizado por la Direcci\u00f3n de Prevenci\u00f3n y [&hellip;]<\/p>\n","protected":false},"author":1,"featured_media":0,"comment_status":"open","ping_status":"open","sticky":false,"template":"","format":"standard","meta":{"iawp_total_views":2,"footnotes":""},"categories":[7,4],"tags":[],"class_list":["post-5054","post","type-post","status-publish","format-standard","hentry","category-actividades","category-medios"],"nelio_content":{"autoShareEndMode":"never","automationSources":{"useCustomSentences":false,"customSentences":[]},"efiAlt":"","efiUrl":"","followers":[],"highlights":[],"isAutoShareEnabled":true,"networkImageIds":[],"permalinkQueryArgs":[],"series":[],"suggestedReferences":[]},"yoast_head":"<!-- This site is optimized with the Yoast SEO plugin v27.4 - https:\/\/yoast.com\/product\/yoast-seo-wordpress\/ -->\n<title>Direcci\u00f3n de Violencia y Subdirecci\u00f3n de Pol\u00edticas de G\u00e9nero - 25 de noviembre - Diario Digital Femenino<\/title>\n<meta name=\"robots\" content=\"index, follow, max-snippet:-1, max-image-preview:large, max-video-preview:-1\" \/>\n<link rel=\"canonical\" href=\"https:\/\/diariofemenino.com.ar\/df\/direccion-de-violencia-y-subdireccion-de-politicas-de-genero-25-de-noviembre\/\" \/>\n<meta property=\"og:locale\" content=\"es_ES\" \/>\n<meta property=\"og:type\" content=\"article\" \/>\n<meta property=\"og:title\" content=\"Direcci\u00f3n de Violencia y Subdirecci\u00f3n de Pol\u00edticas de G\u00e9nero - 25 de noviembre - Diario Digital Femenino\" \/>\n<meta property=\"og:description\" content=\"&nbsp; &nbsp; &nbsp; &nbsp; En el marco del D\u00eda Internacional de la Eliminaci\u00f3n de la Violencia contra la Mujer, que se celebra cada 25 de noviembre en memoria del asesinato de las hermanas dominicanas Mirabal, ayer en la Plaza San Mart\u00edn de Santa Rosa se realiz\u00f3 un acto organizado por la Direcci\u00f3n de Prevenci\u00f3n y [&hellip;]\" \/>\n<meta property=\"og:url\" content=\"https:\/\/diariofemenino.com.ar\/df\/direccion-de-violencia-y-subdireccion-de-politicas-de-genero-25-de-noviembre\/\" \/>\n<meta property=\"og:site_name\" content=\"Diario Digital Femenino\" \/>\n<meta property=\"article:publisher\" content=\"https:\/\/www.facebook.com\/DiarioDigitaFemenino\/\" \/>\n<meta property=\"article:published_time\" content=\"2012-11-25T23:46:10+00:00\" \/>\n<meta property=\"og:image\" content=\"http:\/\/www.diariofemenino.com.ar\/wp-content\/uploads\/AFICHE-FINAL-11.jpg\" \/>\n<meta name=\"author\" content=\"Admin\" \/>\n<meta name=\"twitter:card\" content=\"summary_large_image\" \/>\n<meta name=\"twitter:creator\" content=\"@DiarioFemenino1\" \/>\n<meta name=\"twitter:site\" content=\"@DiarioFemenino1\" \/>\n<meta name=\"twitter:label1\" content=\"Escrito por\" \/>\n\t<meta name=\"twitter:data1\" content=\"Admin\" \/>\n\t<meta name=\"twitter:label2\" content=\"Tiempo de lectura\" \/>\n\t<meta name=\"twitter:data2\" content=\"2 minutos\" \/>\n<script type=\"application\/ld+json\" class=\"yoast-schema-graph\">{\"@context\":\"https:\\\/\\\/schema.org\",\"@graph\":[{\"@type\":\"Article\",\"@id\":\"https:\\\/\\\/diariofemenino.com.ar\\\/df\\\/direccion-de-violencia-y-subdireccion-de-politicas-de-genero-25-de-noviembre\\\/#article\",\"isPartOf\":{\"@id\":\"https:\\\/\\\/diariofemenino.com.ar\\\/df\\\/direccion-de-violencia-y-subdireccion-de-politicas-de-genero-25-de-noviembre\\\/\"},\"author\":{\"name\":\"Admin\",\"@id\":\"https:\\\/\\\/diariofemenino.com.ar\\\/df\\\/#\\\/schema\\\/person\\\/38f54b3bfd13f561de2460ba95c169c6\"},\"headline\":\"Direcci\u00f3n de Violencia y Subdirecci\u00f3n de Pol\u00edticas de G\u00e9nero &#8211; 25 de noviembre\",\"datePublished\":\"2012-11-25T23:46:10+00:00\",\"mainEntityOfPage\":{\"@id\":\"https:\\\/\\\/diariofemenino.com.ar\\\/df\\\/direccion-de-violencia-y-subdireccion-de-politicas-de-genero-25-de-noviembre\\\/\"},\"wordCount\":479,\"commentCount\":0,\"publisher\":{\"@id\":\"https:\\\/\\\/diariofemenino.com.ar\\\/df\\\/#organization\"},\"image\":{\"@id\":\"https:\\\/\\\/diariofemenino.com.ar\\\/df\\\/direccion-de-violencia-y-subdireccion-de-politicas-de-genero-25-de-noviembre\\\/#primaryimage\"},\"thumbnailUrl\":\"http:\\\/\\\/www.diariofemenino.com.ar\\\/wp-content\\\/uploads\\\/AFICHE-FINAL-11.jpg\",\"articleSection\":[\"Actividades\",\"Medios\"],\"inLanguage\":\"es\",\"potentialAction\":[{\"@type\":\"CommentAction\",\"name\":\"Comment\",\"target\":[\"https:\\\/\\\/diariofemenino.com.ar\\\/df\\\/direccion-de-violencia-y-subdireccion-de-politicas-de-genero-25-de-noviembre\\\/#respond\"]}]},{\"@type\":\"WebPage\",\"@id\":\"https:\\\/\\\/diariofemenino.com.ar\\\/df\\\/direccion-de-violencia-y-subdireccion-de-politicas-de-genero-25-de-noviembre\\\/\",\"url\":\"https:\\\/\\\/diariofemenino.com.ar\\\/df\\\/direccion-de-violencia-y-subdireccion-de-politicas-de-genero-25-de-noviembre\\\/\",\"name\":\"Direcci\u00f3n de Violencia y Subdirecci\u00f3n de Pol\u00edticas de G\u00e9nero - 25 de noviembre - Diario Digital Femenino\",\"isPartOf\":{\"@id\":\"https:\\\/\\\/diariofemenino.com.ar\\\/df\\\/#website\"},\"primaryImageOfPage\":{\"@id\":\"https:\\\/\\\/diariofemenino.com.ar\\\/df\\\/direccion-de-violencia-y-subdireccion-de-politicas-de-genero-25-de-noviembre\\\/#primaryimage\"},\"image\":{\"@id\":\"https:\\\/\\\/diariofemenino.com.ar\\\/df\\\/direccion-de-violencia-y-subdireccion-de-politicas-de-genero-25-de-noviembre\\\/#primaryimage\"},\"thumbnailUrl\":\"http:\\\/\\\/www.diariofemenino.com.ar\\\/wp-content\\\/uploads\\\/AFICHE-FINAL-11.jpg\",\"datePublished\":\"2012-11-25T23:46:10+00:00\",\"breadcrumb\":{\"@id\":\"https:\\\/\\\/diariofemenino.com.ar\\\/df\\\/direccion-de-violencia-y-subdireccion-de-politicas-de-genero-25-de-noviembre\\\/#breadcrumb\"},\"inLanguage\":\"es\",\"potentialAction\":[{\"@type\":\"ReadAction\",\"target\":[\"https:\\\/\\\/diariofemenino.com.ar\\\/df\\\/direccion-de-violencia-y-subdireccion-de-politicas-de-genero-25-de-noviembre\\\/\"]}]},{\"@type\":\"ImageObject\",\"inLanguage\":\"es\",\"@id\":\"https:\\\/\\\/diariofemenino.com.ar\\\/df\\\/direccion-de-violencia-y-subdireccion-de-politicas-de-genero-25-de-noviembre\\\/#primaryimage\",\"url\":\"http:\\\/\\\/www.diariofemenino.com.ar\\\/wp-content\\\/uploads\\\/AFICHE-FINAL-11.jpg\",\"contentUrl\":\"http:\\\/\\\/www.diariofemenino.com.ar\\\/wp-content\\\/uploads\\\/AFICHE-FINAL-11.jpg\"},{\"@type\":\"BreadcrumbList\",\"@id\":\"https:\\\/\\\/diariofemenino.com.ar\\\/df\\\/direccion-de-violencia-y-subdireccion-de-politicas-de-genero-25-de-noviembre\\\/#breadcrumb\",\"itemListElement\":[{\"@type\":\"ListItem\",\"position\":1,\"name\":\"Portada\",\"item\":\"https:\\\/\\\/diariofemenino.com.ar\\\/df\\\/\"},{\"@type\":\"ListItem\",\"position\":2,\"name\":\"Direcci\u00f3n de Violencia y Subdirecci\u00f3n de Pol\u00edticas de G\u00e9nero &#8211; 25 de noviembre\"}]},{\"@type\":\"WebSite\",\"@id\":\"https:\\\/\\\/diariofemenino.com.ar\\\/df\\\/#website\",\"url\":\"https:\\\/\\\/diariofemenino.com.ar\\\/df\\\/\",\"name\":\"Diario Digital Femenino\",\"description\":\"Cuesti\u00f3n de G\u00e9nero\",\"publisher\":{\"@id\":\"https:\\\/\\\/diariofemenino.com.ar\\\/df\\\/#organization\"},\"potentialAction\":[{\"@type\":\"SearchAction\",\"target\":{\"@type\":\"EntryPoint\",\"urlTemplate\":\"https:\\\/\\\/diariofemenino.com.ar\\\/df\\\/?s={search_term_string}\"},\"query-input\":{\"@type\":\"PropertyValueSpecification\",\"valueRequired\":true,\"valueName\":\"search_term_string\"}}],\"inLanguage\":\"es\"},{\"@type\":\"Organization\",\"@id\":\"https:\\\/\\\/diariofemenino.com.ar\\\/df\\\/#organization\",\"name\":\"Diario Femenino\",\"url\":\"https:\\\/\\\/diariofemenino.com.ar\\\/df\\\/\",\"logo\":{\"@type\":\"ImageObject\",\"inLanguage\":\"es\",\"@id\":\"https:\\\/\\\/diariofemenino.com.ar\\\/df\\\/#\\\/schema\\\/logo\\\/image\\\/\",\"url\":\"https:\\\/\\\/diariofemenino.com.ar\\\/df\\\/wp-content\\\/uploads\\\/2018\\\/10\\\/logo.png\",\"contentUrl\":\"https:\\\/\\\/diariofemenino.com.ar\\\/df\\\/wp-content\\\/uploads\\\/2018\\\/10\\\/logo.png\",\"width\":500,\"height\":92,\"caption\":\"Diario Femenino\"},\"image\":{\"@id\":\"https:\\\/\\\/diariofemenino.com.ar\\\/df\\\/#\\\/schema\\\/logo\\\/image\\\/\"},\"sameAs\":[\"https:\\\/\\\/www.facebook.com\\\/DiarioDigitaFemenino\\\/\",\"https:\\\/\\\/x.com\\\/DiarioFemenino1\"]},{\"@type\":\"Person\",\"@id\":\"https:\\\/\\\/diariofemenino.com.ar\\\/df\\\/#\\\/schema\\\/person\\\/38f54b3bfd13f561de2460ba95c169c6\",\"name\":\"Admin\",\"image\":{\"@type\":\"ImageObject\",\"inLanguage\":\"es\",\"@id\":\"https:\\\/\\\/diariofemenino.com.ar\\\/df\\\/wp-content\\\/uploads\\\/2018\\\/12\\\/favicon-150x150.jpg\",\"url\":\"https:\\\/\\\/diariofemenino.com.ar\\\/df\\\/wp-content\\\/uploads\\\/2018\\\/12\\\/favicon-150x150.jpg\",\"contentUrl\":\"https:\\\/\\\/diariofemenino.com.ar\\\/df\\\/wp-content\\\/uploads\\\/2018\\\/12\\\/favicon-150x150.jpg\",\"caption\":\"Admin\"},\"url\":\"https:\\\/\\\/diariofemenino.com.ar\\\/df\\\/author\\\/adm18df\\\/\"}]}<\/script>\n<!-- \/ Yoast SEO plugin. -->","yoast_head_json":{"title":"Direcci\u00f3n de Violencia y Subdirecci\u00f3n de Pol\u00edticas de G\u00e9nero - 25 de noviembre - Diario Digital Femenino","robots":{"index":"index","follow":"follow","max-snippet":"max-snippet:-1","max-image-preview":"max-image-preview:large","max-video-preview":"max-video-preview:-1"},"canonical":"https:\/\/diariofemenino.com.ar\/df\/direccion-de-violencia-y-subdireccion-de-politicas-de-genero-25-de-noviembre\/","og_locale":"es_ES","og_type":"article","og_title":"Direcci\u00f3n de Violencia y Subdirecci\u00f3n de Pol\u00edticas de G\u00e9nero - 25 de noviembre - Diario Digital Femenino","og_description":"&nbsp; &nbsp; &nbsp; &nbsp; En el marco del D\u00eda Internacional de la Eliminaci\u00f3n de la Violencia contra la Mujer, que se celebra cada 25 de noviembre en memoria del asesinato de las hermanas dominicanas Mirabal, ayer en la Plaza San Mart\u00edn de Santa Rosa se realiz\u00f3 un acto organizado por la Direcci\u00f3n de Prevenci\u00f3n y [&hellip;]","og_url":"https:\/\/diariofemenino.com.ar\/df\/direccion-de-violencia-y-subdireccion-de-politicas-de-genero-25-de-noviembre\/","og_site_name":"Diario Digital Femenino","article_publisher":"https:\/\/www.facebook.com\/DiarioDigitaFemenino\/","article_published_time":"2012-11-25T23:46:10+00:00","og_image":[{"url":"http:\/\/www.diariofemenino.com.ar\/wp-content\/uploads\/AFICHE-FINAL-11.jpg","type":"","width":"","height":""}],"author":"Admin","twitter_card":"summary_large_image","twitter_creator":"@DiarioFemenino1","twitter_site":"@DiarioFemenino1","twitter_misc":{"Escrito por":"Admin","Tiempo de lectura":"2 minutos"},"schema":{"@context":"https:\/\/schema.org","@graph":[{"@type":"Article","@id":"https:\/\/diariofemenino.com.ar\/df\/direccion-de-violencia-y-subdireccion-de-politicas-de-genero-25-de-noviembre\/#article","isPartOf":{"@id":"https:\/\/diariofemenino.com.ar\/df\/direccion-de-violencia-y-subdireccion-de-politicas-de-genero-25-de-noviembre\/"},"author":{"name":"Admin","@id":"https:\/\/diariofemenino.com.ar\/df\/#\/schema\/person\/38f54b3bfd13f561de2460ba95c169c6"},"headline":"Direcci\u00f3n de Violencia y Subdirecci\u00f3n de Pol\u00edticas de G\u00e9nero &#8211; 25 de noviembre","datePublished":"2012-11-25T23:46:10+00:00","mainEntityOfPage":{"@id":"https:\/\/diariofemenino.com.ar\/df\/direccion-de-violencia-y-subdireccion-de-politicas-de-genero-25-de-noviembre\/"},"wordCount":479,"commentCount":0,"publisher":{"@id":"https:\/\/diariofemenino.com.ar\/df\/#organization"},"image":{"@id":"https:\/\/diariofemenino.com.ar\/df\/direccion-de-violencia-y-subdireccion-de-politicas-de-genero-25-de-noviembre\/#primaryimage"},"thumbnailUrl":"http:\/\/www.diariofemenino.com.ar\/wp-content\/uploads\/AFICHE-FINAL-11.jpg","articleSection":["Actividades","Medios"],"inLanguage":"es","potentialAction":[{"@type":"CommentAction","name":"Comment","target":["https:\/\/diariofemenino.com.ar\/df\/direccion-de-violencia-y-subdireccion-de-politicas-de-genero-25-de-noviembre\/#respond"]}]},{"@type":"WebPage","@id":"https:\/\/diariofemenino.com.ar\/df\/direccion-de-violencia-y-subdireccion-de-politicas-de-genero-25-de-noviembre\/","url":"https:\/\/diariofemenino.com.ar\/df\/direccion-de-violencia-y-subdireccion-de-politicas-de-genero-25-de-noviembre\/","name":"Direcci\u00f3n de Violencia y Subdirecci\u00f3n de Pol\u00edticas de G\u00e9nero - 25 de noviembre - Diario Digital Femenino","isPartOf":{"@id":"https:\/\/diariofemenino.com.ar\/df\/#website"},"primaryImageOfPage":{"@id":"https:\/\/diariofemenino.com.ar\/df\/direccion-de-violencia-y-subdireccion-de-politicas-de-genero-25-de-noviembre\/#primaryimage"},"image":{"@id":"https:\/\/diariofemenino.com.ar\/df\/direccion-de-violencia-y-subdireccion-de-politicas-de-genero-25-de-noviembre\/#primaryimage"},"thumbnailUrl":"http:\/\/www.diariofemenino.com.ar\/wp-content\/uploads\/AFICHE-FINAL-11.jpg","datePublished":"2012-11-25T23:46:10+00:00","breadcrumb":{"@id":"https:\/\/diariofemenino.com.ar\/df\/direccion-de-violencia-y-subdireccion-de-politicas-de-genero-25-de-noviembre\/#breadcrumb"},"inLanguage":"es","potentialAction":[{"@type":"ReadAction","target":["https:\/\/diariofemenino.com.ar\/df\/direccion-de-violencia-y-subdireccion-de-politicas-de-genero-25-de-noviembre\/"]}]},{"@type":"ImageObject","inLanguage":"es","@id":"https:\/\/diariofemenino.com.ar\/df\/direccion-de-violencia-y-subdireccion-de-politicas-de-genero-25-de-noviembre\/#primaryimage","url":"http:\/\/www.diariofemenino.com.ar\/wp-content\/uploads\/AFICHE-FINAL-11.jpg","contentUrl":"http:\/\/www.diariofemenino.com.ar\/wp-content\/uploads\/AFICHE-FINAL-11.jpg"},{"@type":"BreadcrumbList","@id":"https:\/\/diariofemenino.com.ar\/df\/direccion-de-violencia-y-subdireccion-de-politicas-de-genero-25-de-noviembre\/#breadcrumb","itemListElement":[{"@type":"ListItem","position":1,"name":"Portada","item":"https:\/\/diariofemenino.com.ar\/df\/"},{"@type":"ListItem","position":2,"name":"Direcci\u00f3n de Violencia y Subdirecci\u00f3n de Pol\u00edticas de G\u00e9nero &#8211; 25 de noviembre"}]},{"@type":"WebSite","@id":"https:\/\/diariofemenino.com.ar\/df\/#website","url":"https:\/\/diariofemenino.com.ar\/df\/","name":"Diario Digital Femenino","description":"Cuesti\u00f3n de G\u00e9nero","publisher":{"@id":"https:\/\/diariofemenino.com.ar\/df\/#organization"},"potentialAction":[{"@type":"SearchAction","target":{"@type":"EntryPoint","urlTemplate":"https:\/\/diariofemenino.com.ar\/df\/?s={search_term_string}"},"query-input":{"@type":"PropertyValueSpecification","valueRequired":true,"valueName":"search_term_string"}}],"inLanguage":"es"},{"@type":"Organization","@id":"https:\/\/diariofemenino.com.ar\/df\/#organization","name":"Diario Femenino","url":"https:\/\/diariofemenino.com.ar\/df\/","logo":{"@type":"ImageObject","inLanguage":"es","@id":"https:\/\/diariofemenino.com.ar\/df\/#\/schema\/logo\/image\/","url":"https:\/\/diariofemenino.com.ar\/df\/wp-content\/uploads\/2018\/10\/logo.png","contentUrl":"https:\/\/diariofemenino.com.ar\/df\/wp-content\/uploads\/2018\/10\/logo.png","width":500,"height":92,"caption":"Diario Femenino"},"image":{"@id":"https:\/\/diariofemenino.com.ar\/df\/#\/schema\/logo\/image\/"},"sameAs":["https:\/\/www.facebook.com\/DiarioDigitaFemenino\/","https:\/\/x.com\/DiarioFemenino1"]},{"@type":"Person","@id":"https:\/\/diariofemenino.com.ar\/df\/#\/schema\/person\/38f54b3bfd13f561de2460ba95c169c6","name":"Admin","image":{"@type":"ImageObject","inLanguage":"es","@id":"https:\/\/diariofemenino.com.ar\/df\/wp-content\/uploads\/2018\/12\/favicon-150x150.jpg","url":"https:\/\/diariofemenino.com.ar\/df\/wp-content\/uploads\/2018\/12\/favicon-150x150.jpg","contentUrl":"https:\/\/diariofemenino.com.ar\/df\/wp-content\/uploads\/2018\/12\/favicon-150x150.jpg","caption":"Admin"},"url":"https:\/\/diariofemenino.com.ar\/df\/author\/adm18df\/"}]}},"jetpack_featured_media_url":"","jetpack_sharing_enabled":true,"rttpg_featured_image_url":null,"rttpg_author":{"display_name":"Admin","author_link":"https:\/\/diariofemenino.com.ar\/df\/author\/adm18df\/"},"rttpg_comment":0,"rttpg_category":"<a href=\"https:\/\/diariofemenino.com.ar\/df\/category\/actividades\/\" rel=\"category tag\">Actividades<\/a> <a href=\"https:\/\/diariofemenino.com.ar\/df\/category\/medios\/\" rel=\"category tag\">Medios<\/a>","rttpg_excerpt":"&nbsp; &nbsp; &nbsp; &nbsp; En el marco del D\u00eda Internacional de la Eliminaci\u00f3n de la Violencia contra la Mujer, que se celebra cada 25 de noviembre en memoria del asesinato de las hermanas dominicanas Mirabal, ayer en la Plaza San Mart\u00edn de Santa Rosa se realiz\u00f3 un acto organizado por la Direcci\u00f3n de Prevenci\u00f3n y&hellip;","_links":{"self":[{"href":"https:\/\/diariofemenino.com.ar\/df\/wp-json\/wp\/v2\/posts\/5054","targetHints":{"allow":["GET"]}}],"collection":[{"href":"https:\/\/diariofemenino.com.ar\/df\/wp-json\/wp\/v2\/posts"}],"about":[{"href":"https:\/\/diariofemenino.com.ar\/df\/wp-json\/wp\/v2\/types\/post"}],"author":[{"embeddable":true,"href":"https:\/\/diariofemenino.com.ar\/df\/wp-json\/wp\/v2\/users\/1"}],"replies":[{"embeddable":true,"href":"https:\/\/diariofemenino.com.ar\/df\/wp-json\/wp\/v2\/comments?post=5054"}],"version-history":[{"count":0,"href":"https:\/\/diariofemenino.com.ar\/df\/wp-json\/wp\/v2\/posts\/5054\/revisions"}],"wp:attachment":[{"href":"https:\/\/diariofemenino.com.ar\/df\/wp-json\/wp\/v2\/media?parent=5054"}],"wp:term":[{"taxonomy":"category","embeddable":true,"href":"https:\/\/diariofemenino.com.ar\/df\/wp-json\/wp\/v2\/categories?post=5054"},{"taxonomy":"post_tag","embeddable":true,"href":"https:\/\/diariofemenino.com.ar\/df\/wp-json\/wp\/v2\/tags?post=5054"}],"curies":[{"name":"wp","href":"https:\/\/api.w.org\/{rel}","templated":true}]}}