{"id":5048,"date":"2012-11-25T19:04:24","date_gmt":"2012-11-25T22:04:24","guid":{"rendered":"http:\/\/www.diariofemenino.com.ar\/?p=5048"},"modified":"2012-11-25T19:04:24","modified_gmt":"2012-11-25T22:04:24","slug":"la-violencia-invisible","status":"publish","type":"post","link":"https:\/\/diariofemenino.com.ar\/df\/la-violencia-invisible\/","title":{"rendered":"La violencia invisible"},"content":{"rendered":"<p>&nbsp;<br \/>\n&nbsp;<br \/>\n&nbsp;<br \/>\n&nbsp;<br \/>\nPor Mariana Carbajal<br \/>\nHoy se conmemora el D\u00eda Internacional por la Eliminaci\u00f3n de la Violencia hacia las Mujeres. Aqu\u00ed, un caso que expone con crudeza una situaci\u00f3n que suele ser invisibilizada: la violencia en los hospitales amparada por una Justicia que se niega a intervenir.<br \/>\n<a href=\"http:\/\/www.diariofemenino.com.ar\/wp-content\/uploads\/na23fo01.jpg\"><img loading=\"lazy\" decoding=\"async\" class=\"alignright size-full wp-image-5049\" title=\"na23fo01\" src=\"http:\/\/www.diariofemenino.com.ar\/wp-content\/uploads\/na23fo01.jpg\" alt=\"\" width=\"450\" height=\"300\" \/><\/a>La Justicia de Tucum\u00e1n se neg\u00f3 a investigar la violaci\u00f3n del secreto m\u00e9dico y la violencia obst\u00e9trica, psicol\u00f3gica e institucional que denunci\u00f3 una paciente de la Maternidad Nuestra Se\u00f1ora de las Mercedes, que depende del gobierno provincial y es la m\u00e1s grande, por cantidad de partos, del norte argentino. La mujer, de 26 a\u00f1os, condici\u00f3n muy humilde y madre de tres hijos, lleg\u00f3 al centro de salud con un aborto en curso. Pero las dos m\u00e9dicas que la atendieron decidieron llamar a la polic\u00eda para denunciarla ante la sospecha de que se hab\u00eda provocado el aborto y dejaron ingresar a la madrugada a la sala de partos comunitaria \u2013donde hab\u00eda parturientas y sus familiares\u2013 a dos uniformados para tomarle declaraci\u00f3n mientras permanec\u00eda internada, acostada en una cama del hospital. Pero antes la sometieron a un interrogatorio cargado de maltrato y le practicaron un legrado sin anestesia, seg\u00fan denunci\u00f3 la paciente.<br \/>\nSin embargo, para el fiscal interviniente, Arnoldo Suasnabar, el caso no merece investigaci\u00f3n alguna: orden\u00f3 archivar el expediente sin siquiera citar a las m\u00e9dicas denunciadas. La resoluci\u00f3n fue apelada por la joven. Su oposici\u00f3n al archivo fue apoyada por Comit\u00e9 de Am\u00e9rica latina y el Caribe para la Defensa de los Derechos de la Mujer (Cladem). En la historia cl\u00ednica consta que la paciente fue legrada sin recurso alguno que mitigara su dolor, como ocurr\u00eda tiempo atr\u00e1s como pr\u00e1ctica habitual en hospitales p\u00fablicos a modo de castigo. Pero para el fiscal, esta situaci\u00f3n no signific\u00f3 ning\u00fan tipo de violencia hacia la mujer. La Maternidad est\u00e1 ubicada en la capital tucumana.<br \/>\nEl caso, interesante para reflexionar en el D\u00eda Internacional por la Eliminaci\u00f3n de la Violencia hacia las Mujeres, refleja la actuaci\u00f3n de la Justicia frente a formas de violencia de g\u00e9nero menos visibilizadas en el imaginario social y muestra al mismo tiempo el desconocimiento de la jurisprudencia vigente \u2013avalada por la Corte Suprema de la Naci\u00f3n\u2013, por la cual no se puede instruir sumario criminal en contra de una mujer que se sospecha haya causado su propio aborto o consentido que otra persona se lo provocara. Suasnabar es el mismo fiscal que investiga a la mujer por aborto. Esa causa no la archiv\u00f3.<br \/>\n\u201cLo m\u00e1s triste de todo es ver c\u00f3mo el Poder Judicial se vuelve c\u00f3mplice de aquellos que violan los derechos de los m\u00e1s vulnerables\u201d, opin\u00f3 en di\u00e1logo con P\u00e1gina\/12 la abogada que patrocina a la joven, Soledad Deza, integrante de la Alianza de Abogad@s por los derechos humanos de las mujeres, que agrupa a m\u00e1s de un centenar de profesionales de distintos puntos del pa\u00eds. El 17 de agosto, Deza present\u00f3 un escrito ante la Corte Suprema de Tucum\u00e1n en el que solicit\u00f3 que se capacite a los fiscales con perspectiva de g\u00e9nero y puntualmente en materia de violaci\u00f3n de secreto y aborto. No obtuvo respuesta. El 21 de septiembre reiter\u00f3 el pedido dirigido esta vez a la Oficina de la Mujer del m\u00e1ximo tribunal, recientemente creada. Cuando el fiscal orden\u00f3 el archivo de la causa, m\u00e1s de una docena de organizaciones del movimiento de mujeres de Tucum\u00e1n se sumaron ante la Corte con el mismo reclamo, y tambi\u00e9n la oficina local del Comit\u00e9 de Am\u00e9rica latina y el Caribe para la Defensa de los Derechos de la Mujer (Cladem) y la Asociaci\u00f3n Argentina de Mujeres en Carreras Jur\u00eddicas. Para preservar la intimidad de la paciente, la mujer fue identificada con el nombre ficticio de \u201cMar\u00eda Magdalena\u201d. Este diario public\u00f3 sobre el caso en agosto. \u201cLa presencia de los uniformados rodeando a la paciente en su lecho de convalecencia constatada por personal de salud mental de la Maternidad, obrante en la historia cl\u00ednica, tampoco es dato relevante para la Fiscal\u00eda de la violaci\u00f3n de la intimidad de la paciente\u201d, objet\u00f3 Deza. \u201cEl archivo es un intento de silencio ante la injusticia de g\u00e9nero que mella en la vida de Mar\u00eda Magdalena las m\u00e1s crueles de las realidades y que no s\u00f3lo implica asimetr\u00eda de poder entre paciente y m\u00e9dica, sino entre mujer pobre y sistema que la repele en vez de protegerla, es una muestra m\u00e1s de que la Justicia no tiene perspectiva de g\u00e9nero y que los derechos de las mujeres en Tucum\u00e1n deben militarse con la vida y con la propia libertad\u201d, agreg\u00f3 la letrada. \u201cLo que se visibiliza en este caso es que la intimidad y la dignidad de una mujer en estado de vulnerabilidad que concurre a la salud p\u00fablica para acceder a la salud como derecho humano fundamental es una intimidad \u2018de segunda\u2019. Su vida privada, para el fiscal Suasnabar, no tiene el mismo peso que la de cualquier mujer e incluso merece menos protecci\u00f3n que la correspondencia epistolar\u201d, concluy\u00f3 Deza.<br \/>\nLa abogada fue notificada el 26 de octubre de la decisi\u00f3n del fiscal. Al fundamentar el archivo de las actuaciones, la fiscal\u00eda aleg\u00f3 que \u201cde ning\u00fan modo se dan los elementos objetivos y subjetivos de la figura penal en examen, violaci\u00f3n de secreto profesional previsto y penado por el art. 156 del CP\u201d. Y adem\u00e1s, sostuvo que \u201cexisten ciertos delitos \u2013como las pr\u00e1cticas abortivas\u2013 que imponen al profesional de la salud a denunciar el hecho\u201d. Respecto de la violencia obst\u00e9trica, psicol\u00f3gica e institucional denunciada, el fiscal no dice nada. \u201cEs alarmante que no diga nada de los distintos tipos de violencia hacia la mujer denunciados. Sabemos que lo que no se nombra no existe\u201d, apunt\u00f3 Deza.<br \/>\nEl hecho que dispar\u00f3 la denuncia contra las dos m\u00e9dicas ocurri\u00f3 en el verano. Mar\u00eda Magdalena ingres\u00f3 a la guardia de la Maternidad en la madrugada del 12 de enero con fuertes dolores abdominales. La acompa\u00f1aban su pareja y su madre. \u201cLuego de maniobras ginecol\u00f3gicas de exploraci\u00f3n, se me acusa de haberme provocado un aborto\u201d, cont\u00f3 en la denuncia. En la historia cl\u00ednica figura que le extrajeron dentro de la cavidad uterina, al hacerle el legrado sin anestesia, restos fetales y \u201cun palito de pl\u00e1stico de chupet\u00edn\u201d. La mujer neg\u00f3 haberse sometido a un aborto y cont\u00f3 que estaba bajo tratamiento por una patolog\u00eda biliar y que utilizaba un m\u00e9todo anticonceptivo inyectable. Mar\u00eda Magdalena neg\u00f3 adem\u00e1s conocer que estaba embarazada, incluso detall\u00f3 que en diciembre \u2013es decir, un mes antes\u2013 le hicieron una ecograf\u00eda abdominal donde no le informaron de ninguna gestaci\u00f3n en curso. Mar\u00eda Magdalena tiene en su poder ese estudio.<br \/>\nPero las m\u00e9dicas en la guardia de la Maternidad Nuestra Se\u00f1ora de las Mercedes Claudia Callejas y Alejandra Berenguer, una, jefa y la otra, residente, la interrogaron en un contexto de profundo maltrato, seg\u00fan denunci\u00f3 la mujer. \u201cEl acoso del personal m\u00e9dico fue de tal magnitud que mi madre se vio presa de un ataque de nervios y mi pareja se vio fuertemente consternada no s\u00f3lo con la sorpresa del embarazo que \u2013 reitero\u2013 desconoc\u00edamos, sino adem\u00e1s con el trato que se me proporcionaba: altamente violento, hostigador y acusador, lo cual me llev\u00f3 a permanecer casi todo el tiempo en estado de llanto\u201d, detall\u00f3 en la presentaci\u00f3n judicial. \u201cLuego se me hizo un legrado, sin recibir anestesia, y se hizo ingresar nuevamente a mi pareja con el objeto de mostrarle el feto que se me acusaba de haber abortado. La madrugada fue para m\u00ed insoportable, no s\u00f3lo por los dolores f\u00edsicos, sino por el maltrato psicol\u00f3gico. En todo momento se me agred\u00eda verbalmente y las m\u00e9dicas que me atend\u00edan en ese momento emit\u00edan juicios de valor sobre mi conducta, que ya hab\u00edan juzgado como delictiva y cruel. Llegaron a decirme en presencia de mi pareja que por lo que hab\u00eda hecho \u201c\u00e9l ni siquiera flores me iba a llevar a la tumba si yo me mor\u00eda de una infecci\u00f3n\u201d. Aclaro que es el padre de mis tres hijos y estamos juntos desde hace m\u00e1s de 10 a\u00f1os, pese a mis cortos 26 a\u00f1os de vida\u201d, detall\u00f3 Mar\u00eda Magdalena en la denuncia.<br \/>\nLas m\u00e9dicas llamaron a la polic\u00eda y denunciaron a la mujer por la supuesta realizaci\u00f3n de un aborto. Cuando los uniformados ingresaron a la sala de internaci\u00f3n comunitaria, interrogaron a Mar\u00eda Magdalena, con el consentimiento de las dos ginec\u00f3logas. La mujer neg\u00f3 en todo momento haber interrumpido un embarazo. \u201cSin embargo, las acusaciones del personal m\u00e9dico eran permanentes y de viva voz, con lo cual recib\u00ed tambi\u00e9n la censura de las dem\u00e1s parturientas, lo cual agravaba a\u00fan m\u00e1s mi desaz\u00f3n al ver que las mismas personas que me acusaban y maltrataban eran de las cuales depend\u00eda mi salud. Por la ma\u00f1ana ingres\u00f3 una psic\u00f3loga donde yo estaba internada y al constatar que me rodeaban dos polic\u00edas uniformados y uno de seguridad privada en el lecho de convalecencia, quienes adem\u00e1s me hac\u00edan preguntas sobre la denuncia formulada por mis m\u00e9dicas tratantes, orden\u00f3 que se retiraran de inmediato, me llevaran a un lugar donde dispusiera de privacidad y dijo expresamente que se estaba violando mi intimidad\u201d, sigui\u00f3 Mar\u00eda Magdalena en su denuncia.<br \/>\nEsa psic\u00f3loga y otras dos m\u00e1s que vieron la escena dejaron constancia de la violaci\u00f3n del secreto profesional, de la intimidad y de la violencia obst\u00e9trica contra la paciente en la historia cl\u00ednica. Las autoridades hospitalarias resolvieron archivar el caso. Ahora es la Justicia de Tucum\u00e1n la que silencia la denuncia de Mar\u00eda Magdalena.<br \/>\n&nbsp;<br \/>\n&nbsp;<br \/>\n&nbsp;<br \/>\nFuente: P{agina12<\/p>\n","protected":false},"excerpt":{"rendered":"<p>&nbsp; &nbsp; &nbsp; &nbsp; Por Mariana Carbajal Hoy se conmemora el D\u00eda Internacional por la Eliminaci\u00f3n de la Violencia hacia las Mujeres. Aqu\u00ed, un caso que expone con crudeza una situaci\u00f3n que suele ser invisibilizada: la violencia en los hospitales amparada por una Justicia que se niega a intervenir. La Justicia de Tucum\u00e1n se neg\u00f3 [&hellip;]<\/p>\n","protected":false},"author":1,"featured_media":0,"comment_status":"open","ping_status":"open","sticky":false,"template":"","format":"standard","meta":{"iawp_total_views":4,"footnotes":""},"categories":[4,6,21],"tags":[],"class_list":["post-5048","post","type-post","status-publish","format-standard","hentry","category-medios","category-articulos","category-noticias"],"nelio_content":{"autoShareEndMode":"never","automationSources":{"useCustomSentences":false,"customSentences":[]},"efiAlt":"","efiUrl":"","followers":[],"highlights":[],"isAutoShareEnabled":true,"networkImageIds":[],"permalinkQueryArgs":[],"series":[],"suggestedReferences":[]},"yoast_head":"<!-- This site is optimized with the Yoast SEO plugin v27.4 - https:\/\/yoast.com\/product\/yoast-seo-wordpress\/ -->\n<title>La violencia invisible - Diario Digital Femenino<\/title>\n<meta name=\"robots\" content=\"index, follow, max-snippet:-1, max-image-preview:large, max-video-preview:-1\" \/>\n<link rel=\"canonical\" href=\"https:\/\/diariofemenino.com.ar\/df\/la-violencia-invisible\/\" \/>\n<meta property=\"og:locale\" content=\"es_ES\" \/>\n<meta property=\"og:type\" content=\"article\" \/>\n<meta property=\"og:title\" content=\"La violencia invisible - Diario Digital Femenino\" \/>\n<meta property=\"og:description\" content=\"&nbsp; &nbsp; &nbsp; &nbsp; Por Mariana Carbajal Hoy se conmemora el D\u00eda Internacional por la Eliminaci\u00f3n de la Violencia hacia las Mujeres. Aqu\u00ed, un caso que expone con crudeza una situaci\u00f3n que suele ser invisibilizada: la violencia en los hospitales amparada por una Justicia que se niega a intervenir. La Justicia de Tucum\u00e1n se neg\u00f3 [&hellip;]\" \/>\n<meta property=\"og:url\" content=\"https:\/\/diariofemenino.com.ar\/df\/la-violencia-invisible\/\" \/>\n<meta property=\"og:site_name\" content=\"Diario Digital Femenino\" \/>\n<meta property=\"article:publisher\" content=\"https:\/\/www.facebook.com\/DiarioDigitaFemenino\/\" \/>\n<meta property=\"article:published_time\" content=\"2012-11-25T22:04:24+00:00\" \/>\n<meta property=\"og:image\" content=\"http:\/\/www.diariofemenino.com.ar\/wp-content\/uploads\/na23fo01.jpg\" \/>\n<meta name=\"author\" content=\"Admin\" \/>\n<meta name=\"twitter:card\" content=\"summary_large_image\" \/>\n<meta name=\"twitter:creator\" content=\"@DiarioFemenino1\" \/>\n<meta name=\"twitter:site\" content=\"@DiarioFemenino1\" \/>\n<meta name=\"twitter:label1\" content=\"Escrito por\" \/>\n\t<meta name=\"twitter:data1\" content=\"Admin\" \/>\n\t<meta name=\"twitter:label2\" content=\"Tiempo de lectura\" \/>\n\t<meta name=\"twitter:data2\" content=\"9 minutos\" \/>\n<script type=\"application\/ld+json\" class=\"yoast-schema-graph\">{\"@context\":\"https:\\\/\\\/schema.org\",\"@graph\":[{\"@type\":\"Article\",\"@id\":\"https:\\\/\\\/diariofemenino.com.ar\\\/df\\\/la-violencia-invisible\\\/#article\",\"isPartOf\":{\"@id\":\"https:\\\/\\\/diariofemenino.com.ar\\\/df\\\/la-violencia-invisible\\\/\"},\"author\":{\"name\":\"Admin\",\"@id\":\"https:\\\/\\\/diariofemenino.com.ar\\\/df\\\/#\\\/schema\\\/person\\\/38f54b3bfd13f561de2460ba95c169c6\"},\"headline\":\"La violencia invisible\",\"datePublished\":\"2012-11-25T22:04:24+00:00\",\"mainEntityOfPage\":{\"@id\":\"https:\\\/\\\/diariofemenino.com.ar\\\/df\\\/la-violencia-invisible\\\/\"},\"wordCount\":1714,\"commentCount\":0,\"publisher\":{\"@id\":\"https:\\\/\\\/diariofemenino.com.ar\\\/df\\\/#organization\"},\"image\":{\"@id\":\"https:\\\/\\\/diariofemenino.com.ar\\\/df\\\/la-violencia-invisible\\\/#primaryimage\"},\"thumbnailUrl\":\"http:\\\/\\\/www.diariofemenino.com.ar\\\/wp-content\\\/uploads\\\/na23fo01.jpg\",\"articleSection\":[\"Medios\",\"Mujeres en Palabras\",\"Noticias\"],\"inLanguage\":\"es\",\"potentialAction\":[{\"@type\":\"CommentAction\",\"name\":\"Comment\",\"target\":[\"https:\\\/\\\/diariofemenino.com.ar\\\/df\\\/la-violencia-invisible\\\/#respond\"]}]},{\"@type\":\"WebPage\",\"@id\":\"https:\\\/\\\/diariofemenino.com.ar\\\/df\\\/la-violencia-invisible\\\/\",\"url\":\"https:\\\/\\\/diariofemenino.com.ar\\\/df\\\/la-violencia-invisible\\\/\",\"name\":\"La violencia invisible - Diario Digital Femenino\",\"isPartOf\":{\"@id\":\"https:\\\/\\\/diariofemenino.com.ar\\\/df\\\/#website\"},\"primaryImageOfPage\":{\"@id\":\"https:\\\/\\\/diariofemenino.com.ar\\\/df\\\/la-violencia-invisible\\\/#primaryimage\"},\"image\":{\"@id\":\"https:\\\/\\\/diariofemenino.com.ar\\\/df\\\/la-violencia-invisible\\\/#primaryimage\"},\"thumbnailUrl\":\"http:\\\/\\\/www.diariofemenino.com.ar\\\/wp-content\\\/uploads\\\/na23fo01.jpg\",\"datePublished\":\"2012-11-25T22:04:24+00:00\",\"breadcrumb\":{\"@id\":\"https:\\\/\\\/diariofemenino.com.ar\\\/df\\\/la-violencia-invisible\\\/#breadcrumb\"},\"inLanguage\":\"es\",\"potentialAction\":[{\"@type\":\"ReadAction\",\"target\":[\"https:\\\/\\\/diariofemenino.com.ar\\\/df\\\/la-violencia-invisible\\\/\"]}]},{\"@type\":\"ImageObject\",\"inLanguage\":\"es\",\"@id\":\"https:\\\/\\\/diariofemenino.com.ar\\\/df\\\/la-violencia-invisible\\\/#primaryimage\",\"url\":\"http:\\\/\\\/www.diariofemenino.com.ar\\\/wp-content\\\/uploads\\\/na23fo01.jpg\",\"contentUrl\":\"http:\\\/\\\/www.diariofemenino.com.ar\\\/wp-content\\\/uploads\\\/na23fo01.jpg\"},{\"@type\":\"BreadcrumbList\",\"@id\":\"https:\\\/\\\/diariofemenino.com.ar\\\/df\\\/la-violencia-invisible\\\/#breadcrumb\",\"itemListElement\":[{\"@type\":\"ListItem\",\"position\":1,\"name\":\"Portada\",\"item\":\"https:\\\/\\\/diariofemenino.com.ar\\\/df\\\/\"},{\"@type\":\"ListItem\",\"position\":2,\"name\":\"La violencia invisible\"}]},{\"@type\":\"WebSite\",\"@id\":\"https:\\\/\\\/diariofemenino.com.ar\\\/df\\\/#website\",\"url\":\"https:\\\/\\\/diariofemenino.com.ar\\\/df\\\/\",\"name\":\"Diario Digital Femenino\",\"description\":\"Cuesti\u00f3n de G\u00e9nero\",\"publisher\":{\"@id\":\"https:\\\/\\\/diariofemenino.com.ar\\\/df\\\/#organization\"},\"potentialAction\":[{\"@type\":\"SearchAction\",\"target\":{\"@type\":\"EntryPoint\",\"urlTemplate\":\"https:\\\/\\\/diariofemenino.com.ar\\\/df\\\/?s={search_term_string}\"},\"query-input\":{\"@type\":\"PropertyValueSpecification\",\"valueRequired\":true,\"valueName\":\"search_term_string\"}}],\"inLanguage\":\"es\"},{\"@type\":\"Organization\",\"@id\":\"https:\\\/\\\/diariofemenino.com.ar\\\/df\\\/#organization\",\"name\":\"Diario Femenino\",\"url\":\"https:\\\/\\\/diariofemenino.com.ar\\\/df\\\/\",\"logo\":{\"@type\":\"ImageObject\",\"inLanguage\":\"es\",\"@id\":\"https:\\\/\\\/diariofemenino.com.ar\\\/df\\\/#\\\/schema\\\/logo\\\/image\\\/\",\"url\":\"https:\\\/\\\/diariofemenino.com.ar\\\/df\\\/wp-content\\\/uploads\\\/2018\\\/10\\\/logo.png\",\"contentUrl\":\"https:\\\/\\\/diariofemenino.com.ar\\\/df\\\/wp-content\\\/uploads\\\/2018\\\/10\\\/logo.png\",\"width\":500,\"height\":92,\"caption\":\"Diario Femenino\"},\"image\":{\"@id\":\"https:\\\/\\\/diariofemenino.com.ar\\\/df\\\/#\\\/schema\\\/logo\\\/image\\\/\"},\"sameAs\":[\"https:\\\/\\\/www.facebook.com\\\/DiarioDigitaFemenino\\\/\",\"https:\\\/\\\/x.com\\\/DiarioFemenino1\"]},{\"@type\":\"Person\",\"@id\":\"https:\\\/\\\/diariofemenino.com.ar\\\/df\\\/#\\\/schema\\\/person\\\/38f54b3bfd13f561de2460ba95c169c6\",\"name\":\"Admin\",\"image\":{\"@type\":\"ImageObject\",\"inLanguage\":\"es\",\"@id\":\"https:\\\/\\\/diariofemenino.com.ar\\\/df\\\/wp-content\\\/uploads\\\/2018\\\/12\\\/favicon-150x150.jpg\",\"url\":\"https:\\\/\\\/diariofemenino.com.ar\\\/df\\\/wp-content\\\/uploads\\\/2018\\\/12\\\/favicon-150x150.jpg\",\"contentUrl\":\"https:\\\/\\\/diariofemenino.com.ar\\\/df\\\/wp-content\\\/uploads\\\/2018\\\/12\\\/favicon-150x150.jpg\",\"caption\":\"Admin\"},\"url\":\"https:\\\/\\\/diariofemenino.com.ar\\\/df\\\/author\\\/adm18df\\\/\"}]}<\/script>\n<!-- \/ Yoast SEO plugin. -->","yoast_head_json":{"title":"La violencia invisible - Diario Digital Femenino","robots":{"index":"index","follow":"follow","max-snippet":"max-snippet:-1","max-image-preview":"max-image-preview:large","max-video-preview":"max-video-preview:-1"},"canonical":"https:\/\/diariofemenino.com.ar\/df\/la-violencia-invisible\/","og_locale":"es_ES","og_type":"article","og_title":"La violencia invisible - Diario Digital Femenino","og_description":"&nbsp; &nbsp; &nbsp; &nbsp; Por Mariana Carbajal Hoy se conmemora el D\u00eda Internacional por la Eliminaci\u00f3n de la Violencia hacia las Mujeres. Aqu\u00ed, un caso que expone con crudeza una situaci\u00f3n que suele ser invisibilizada: la violencia en los hospitales amparada por una Justicia que se niega a intervenir. La Justicia de Tucum\u00e1n se neg\u00f3 [&hellip;]","og_url":"https:\/\/diariofemenino.com.ar\/df\/la-violencia-invisible\/","og_site_name":"Diario Digital Femenino","article_publisher":"https:\/\/www.facebook.com\/DiarioDigitaFemenino\/","article_published_time":"2012-11-25T22:04:24+00:00","og_image":[{"url":"http:\/\/www.diariofemenino.com.ar\/wp-content\/uploads\/na23fo01.jpg","type":"","width":"","height":""}],"author":"Admin","twitter_card":"summary_large_image","twitter_creator":"@DiarioFemenino1","twitter_site":"@DiarioFemenino1","twitter_misc":{"Escrito por":"Admin","Tiempo de lectura":"9 minutos"},"schema":{"@context":"https:\/\/schema.org","@graph":[{"@type":"Article","@id":"https:\/\/diariofemenino.com.ar\/df\/la-violencia-invisible\/#article","isPartOf":{"@id":"https:\/\/diariofemenino.com.ar\/df\/la-violencia-invisible\/"},"author":{"name":"Admin","@id":"https:\/\/diariofemenino.com.ar\/df\/#\/schema\/person\/38f54b3bfd13f561de2460ba95c169c6"},"headline":"La violencia invisible","datePublished":"2012-11-25T22:04:24+00:00","mainEntityOfPage":{"@id":"https:\/\/diariofemenino.com.ar\/df\/la-violencia-invisible\/"},"wordCount":1714,"commentCount":0,"publisher":{"@id":"https:\/\/diariofemenino.com.ar\/df\/#organization"},"image":{"@id":"https:\/\/diariofemenino.com.ar\/df\/la-violencia-invisible\/#primaryimage"},"thumbnailUrl":"http:\/\/www.diariofemenino.com.ar\/wp-content\/uploads\/na23fo01.jpg","articleSection":["Medios","Mujeres en Palabras","Noticias"],"inLanguage":"es","potentialAction":[{"@type":"CommentAction","name":"Comment","target":["https:\/\/diariofemenino.com.ar\/df\/la-violencia-invisible\/#respond"]}]},{"@type":"WebPage","@id":"https:\/\/diariofemenino.com.ar\/df\/la-violencia-invisible\/","url":"https:\/\/diariofemenino.com.ar\/df\/la-violencia-invisible\/","name":"La violencia invisible - Diario Digital Femenino","isPartOf":{"@id":"https:\/\/diariofemenino.com.ar\/df\/#website"},"primaryImageOfPage":{"@id":"https:\/\/diariofemenino.com.ar\/df\/la-violencia-invisible\/#primaryimage"},"image":{"@id":"https:\/\/diariofemenino.com.ar\/df\/la-violencia-invisible\/#primaryimage"},"thumbnailUrl":"http:\/\/www.diariofemenino.com.ar\/wp-content\/uploads\/na23fo01.jpg","datePublished":"2012-11-25T22:04:24+00:00","breadcrumb":{"@id":"https:\/\/diariofemenino.com.ar\/df\/la-violencia-invisible\/#breadcrumb"},"inLanguage":"es","potentialAction":[{"@type":"ReadAction","target":["https:\/\/diariofemenino.com.ar\/df\/la-violencia-invisible\/"]}]},{"@type":"ImageObject","inLanguage":"es","@id":"https:\/\/diariofemenino.com.ar\/df\/la-violencia-invisible\/#primaryimage","url":"http:\/\/www.diariofemenino.com.ar\/wp-content\/uploads\/na23fo01.jpg","contentUrl":"http:\/\/www.diariofemenino.com.ar\/wp-content\/uploads\/na23fo01.jpg"},{"@type":"BreadcrumbList","@id":"https:\/\/diariofemenino.com.ar\/df\/la-violencia-invisible\/#breadcrumb","itemListElement":[{"@type":"ListItem","position":1,"name":"Portada","item":"https:\/\/diariofemenino.com.ar\/df\/"},{"@type":"ListItem","position":2,"name":"La violencia invisible"}]},{"@type":"WebSite","@id":"https:\/\/diariofemenino.com.ar\/df\/#website","url":"https:\/\/diariofemenino.com.ar\/df\/","name":"Diario Digital Femenino","description":"Cuesti\u00f3n de G\u00e9nero","publisher":{"@id":"https:\/\/diariofemenino.com.ar\/df\/#organization"},"potentialAction":[{"@type":"SearchAction","target":{"@type":"EntryPoint","urlTemplate":"https:\/\/diariofemenino.com.ar\/df\/?s={search_term_string}"},"query-input":{"@type":"PropertyValueSpecification","valueRequired":true,"valueName":"search_term_string"}}],"inLanguage":"es"},{"@type":"Organization","@id":"https:\/\/diariofemenino.com.ar\/df\/#organization","name":"Diario Femenino","url":"https:\/\/diariofemenino.com.ar\/df\/","logo":{"@type":"ImageObject","inLanguage":"es","@id":"https:\/\/diariofemenino.com.ar\/df\/#\/schema\/logo\/image\/","url":"https:\/\/diariofemenino.com.ar\/df\/wp-content\/uploads\/2018\/10\/logo.png","contentUrl":"https:\/\/diariofemenino.com.ar\/df\/wp-content\/uploads\/2018\/10\/logo.png","width":500,"height":92,"caption":"Diario Femenino"},"image":{"@id":"https:\/\/diariofemenino.com.ar\/df\/#\/schema\/logo\/image\/"},"sameAs":["https:\/\/www.facebook.com\/DiarioDigitaFemenino\/","https:\/\/x.com\/DiarioFemenino1"]},{"@type":"Person","@id":"https:\/\/diariofemenino.com.ar\/df\/#\/schema\/person\/38f54b3bfd13f561de2460ba95c169c6","name":"Admin","image":{"@type":"ImageObject","inLanguage":"es","@id":"https:\/\/diariofemenino.com.ar\/df\/wp-content\/uploads\/2018\/12\/favicon-150x150.jpg","url":"https:\/\/diariofemenino.com.ar\/df\/wp-content\/uploads\/2018\/12\/favicon-150x150.jpg","contentUrl":"https:\/\/diariofemenino.com.ar\/df\/wp-content\/uploads\/2018\/12\/favicon-150x150.jpg","caption":"Admin"},"url":"https:\/\/diariofemenino.com.ar\/df\/author\/adm18df\/"}]}},"jetpack_featured_media_url":"","jetpack_sharing_enabled":true,"rttpg_featured_image_url":null,"rttpg_author":{"display_name":"Admin","author_link":"https:\/\/diariofemenino.com.ar\/df\/author\/adm18df\/"},"rttpg_comment":0,"rttpg_category":"<a href=\"https:\/\/diariofemenino.com.ar\/df\/category\/medios\/\" rel=\"category tag\">Medios<\/a> <a href=\"https:\/\/diariofemenino.com.ar\/df\/category\/articulos\/\" rel=\"category tag\">Mujeres en Palabras<\/a> <a href=\"https:\/\/diariofemenino.com.ar\/df\/category\/noticias\/\" rel=\"category tag\">Noticias<\/a>","rttpg_excerpt":"&nbsp; &nbsp; &nbsp; &nbsp; Por Mariana Carbajal Hoy se conmemora el D\u00eda Internacional por la Eliminaci\u00f3n de la Violencia hacia las Mujeres. Aqu\u00ed, un caso que expone con crudeza una situaci\u00f3n que suele ser invisibilizada: la violencia en los hospitales amparada por una Justicia que se niega a intervenir. La Justicia de Tucum\u00e1n se neg\u00f3&hellip;","_links":{"self":[{"href":"https:\/\/diariofemenino.com.ar\/df\/wp-json\/wp\/v2\/posts\/5048","targetHints":{"allow":["GET"]}}],"collection":[{"href":"https:\/\/diariofemenino.com.ar\/df\/wp-json\/wp\/v2\/posts"}],"about":[{"href":"https:\/\/diariofemenino.com.ar\/df\/wp-json\/wp\/v2\/types\/post"}],"author":[{"embeddable":true,"href":"https:\/\/diariofemenino.com.ar\/df\/wp-json\/wp\/v2\/users\/1"}],"replies":[{"embeddable":true,"href":"https:\/\/diariofemenino.com.ar\/df\/wp-json\/wp\/v2\/comments?post=5048"}],"version-history":[{"count":0,"href":"https:\/\/diariofemenino.com.ar\/df\/wp-json\/wp\/v2\/posts\/5048\/revisions"}],"wp:attachment":[{"href":"https:\/\/diariofemenino.com.ar\/df\/wp-json\/wp\/v2\/media?parent=5048"}],"wp:term":[{"taxonomy":"category","embeddable":true,"href":"https:\/\/diariofemenino.com.ar\/df\/wp-json\/wp\/v2\/categories?post=5048"},{"taxonomy":"post_tag","embeddable":true,"href":"https:\/\/diariofemenino.com.ar\/df\/wp-json\/wp\/v2\/tags?post=5048"}],"curies":[{"name":"wp","href":"https:\/\/api.w.org\/{rel}","templated":true}]}}