{"id":5041,"date":"2012-11-25T18:56:47","date_gmt":"2012-11-25T21:56:47","guid":{"rendered":"http:\/\/www.diariofemenino.com.ar\/?p=5041"},"modified":"2012-11-25T18:56:47","modified_gmt":"2012-11-25T21:56:47","slug":"violencia-de-genero-la-vida-despues","status":"publish","type":"post","link":"https:\/\/diariofemenino.com.ar\/df\/violencia-de-genero-la-vida-despues\/","title":{"rendered":"Violencia de G\u00e9nero: La vida despu\u00e9s"},"content":{"rendered":"<p>&nbsp;<br \/>\n&nbsp;<br \/>\n&nbsp;<br \/>\n&nbsp;<br \/>\nPor Luciana Peker<br \/>\nDia de la eliminacion de la violencia contra la mujer En ning\u00fan caso fue f\u00e1cil decir basta. Y cuando pudieron articular esa palabra supieron tambi\u00e9n que no alcanza con pronunciarla: es necesario sostenerla, buscar y encontrar escucha, protecci\u00f3n, redes; una sociedad en acci\u00f3n a trav\u00e9s de pol\u00edticas de Estado que puedan blindar ese primer \u201cbasta\u201d a la violencia de g\u00e9nero hasta convertirlo en un verdadero \u201cnunca m\u00e1s\u201d. Tres mujeres que sobrevivieron a la violencia hablan de la vulnerabilidad que vivieron despu\u00e9s de la denuncia, del miedo a morir pero, sobre todo, de las ganas de vivir.<br \/>\n<a href=\"http:\/\/www.diariofemenino.com.ar\/wp-content\/uploads\/me03fo011.jpg\"><img loading=\"lazy\" decoding=\"async\" class=\"size-full wp-image-5043 alignleft\" title=\"me03fo01\" src=\"http:\/\/www.diariofemenino.com.ar\/wp-content\/uploads\/me03fo011.jpg\" alt=\"\" width=\"232\" height=\"154\" \/><\/a><br \/>\n&nbsp;<br \/>\n\u201cHay que trabajar en el d\u00eda despu\u00e9s de la denuncia.\u201d<br \/>\nCorina Fern\u00e1ndez<br \/>\n&nbsp;<br \/>\n&nbsp;<br \/>\nCorina Fern\u00e1ndez decidi\u00f3 mudarse. No pod\u00eda volver al PH de donde se escap\u00f3 cuando las paredes de su casa se volvieron una c\u00e1rcel. Tampoco pod\u00eda quedarse en lo de su madre, sin cuarto propio. Necesitaba luz. Ese rayito que atraviesa la ventana nueva y le trae una referencia del horizonte, la l\u00ednea sobre la que puede dibujar lo que vendr\u00e1. Cont\u00f3 con m\u00e1s deseo que dinero para mudarse, pero ni el minimalismo forzado por la necesidad de empezar de nuevo (sin siquiera un tenedor de su vieja vida) consigue alguna mueca distinta de esa sonrisa que tan bien enmarca su pelo largo y abundante. El pelo es la parte de su cuerpo que m\u00e1s quiere; la que m\u00e1s le dol\u00eda cuando la amenazaban con tajearle todo, todo, hasta su color cobrizo.<br \/>\nEl 2 de agosto del 2010 su ex pareja Javier Weber intento matarla en la puerta de la escuela Manuela Pedraza, de Palermo, donde ella iba a dejar a las hijas de ambos. El estaba disfrazado y le gatill\u00f3: \u201cTe dije que te iba a matar, hija de puta\u201d. El fallo, del 8 de agosto de este a\u00f1o, del Tribunal Oral Criminal<br \/>\nN\u00ba 9 de la ciudad de Buenos Aires, lo conden\u00f3 a 21 a\u00f1os de prisi\u00f3n y, por primera vez, caratul\u00f3 la causa de tentativa de femicidio. Otros aspectos importantes de la sentencia es que nombra expl\u00edcitamente la violencia de g\u00e9nero y que descarta la emoci\u00f3n violenta como atenuante. El fiscal general de la ciudad de Buenos Aires, Julio Castro, remarc\u00f3 en su alegato la importancia de que la causa \u201ctrascienda el marco jurisdiccional\u201d, para evitar que otras mujeres v\u00edctimas de violencia de g\u00e9nero queden tan desprotegidas como Corina Fern\u00e1ndez, y solicit\u00f3 que la sentencia sea enviada al Ministerio de Justicia para que \u201cestablezca pol\u00edticas p\u00fablicas\u201d.<br \/>\nDespu\u00e9s de la Justicia, la vida sigue. Corina ahora trabaja en la Direcci\u00f3n de la Mujer del Gobierno de la Ciudad de Buenos Aires y busca m\u00e1s trabajo. Para resistir. Y para poder criar a sus dos hijas tan adolescentes como pendientes de sus celulares. Una meta que no es f\u00e1cil despu\u00e9s de ser testigos de la violencia y de casi perder a su mam\u00e1. Pero ella se aferra a la vida cotidiana, a la nueva planta, a la gran ventana, para creer que con todos los vaivenes del desamparo y del trauma, ella va a poder salir y sacar a sus hijas adelante.<br \/>\nClaudia tiene 47 a\u00f1os, 8 hijos, 6 nietos y todav\u00eda recuerda que su ex pareja lleg\u00f3 a violarla una semana despu\u00e9s de su \u00faltima ces\u00e1rea. Se describe a s\u00ed misma como una mujer golpeada durante dieciocho a\u00f1os y se anhela con un refugio, un comedor nocturno para ni\u00f1os y un taller de manualidades para tener trabajo. Ella vive en Las Varillas, C\u00f3rdoba. A los 19 a\u00f1os, ya estaba embarazada de seis meses y ya conoc\u00eda la vulnerabilidad de lo que no siempre es dulce espera. \u201cMe agarr\u00f3 de los pelos, me tir\u00f3 al suelo y me pate\u00f3 cuanto quiso\u201d, recuerda, como si el dolor no se quisiera borrar para que no queden impunes las huellas. Su primer esposo la abandon\u00f3 con cinco hijos. \u201cHasta que luego de un a\u00f1o vino un se\u00f1or, mal llamado se\u00f1or, una bestia, a ofrecerme un mundo color de rosas para criarme a mis hijos\u201d, recuerda. \u201cAl principio me tra\u00eda regalos, me ten\u00eda como una reina, hasta que un d\u00eda se convirti\u00f3 en el infierno. No pod\u00eda alzar a mis hijos a upa. Ten\u00eda que ir a las reuniones del colegio con la cabeza gacha sin mirar ni saludar, escuchaba mis conversaciones telef\u00f3nicas. Lleg\u00f3 a violarme, golpearme con una cadena, quebrarme tres costillas, torcerme el cuello\u201d, describe como si el horror no llegara a un punto final. \u201cTambi\u00e9n le di hijos porque, como muchas, pensaba que iba a cambiar por los hijos\u201d, rememora.<br \/>\nLa vida de Claudia resalta la falta de refugios. Ella denunciaba, pero no ten\u00eda ad\u00f3nde irse con sus hijos.<br \/>\n\u2013\u00bfQui\u00e9n te da techo y comida? \u2013se pregunta. Y se entusiasma: \u201cPor eso mi lucha es abrir una casa refugio\u201d.<br \/>\nPara que nunca m\u00e1s una mujer tenga que mantener la boca cerrada.<br \/>\n\u2013Si llegaba a saludar, re\u00edrme o hablar con alguien seguro era una paliza \u2013describe.<br \/>\nDelia Silva tiene 58 a\u00f1os, tres hijas mujeres y un orgullo: estar cursando el secundario. Es soltera, pero sabe lo que es estar cazada y no casada durante veintid\u00f3s a\u00f1os. Ella trabajaba en el hip\u00f3dromo de San Isidro y \u00e9l ten\u00eda todo lo que pod\u00eda tener: era abogado, seductor y buen mozo. Al mes ella se sent\u00eda enamorada y cre\u00eda que los celos de \u00e9l y sus exigencias para que no se arreglara eran parte de su amor. \u201cNosotras nos criamos con la Cenicienta y Cor\u00edn Tellado por eso no nos damos cuenta de que los celos no son normales\u201d, diferencia ahora. Antes todo parec\u00eda parte de una relaci\u00f3n sentimental. \u201cNo me daba cuenta de los indicios hasta que una Navidad me golpe\u00f3\u201d, se remonta Delia. Ella ya es otra. Es una mujer que puede hablar en pasado, gracias a los grupos de la psic\u00f3loga Luc\u00eda Heredia en Tigre y a su propia valent\u00eda. Pero tambi\u00e9n reconoce las secuelas de cada d\u00eda.<br \/>\n\u2013Yo tengo mucha suerte de no haber muerto: tuve muchos golpes en la cabeza y en el cuerpo \u2013dispara una de las mujeres que se podr\u00edan contabilizar como femicidios, pero est\u00e1n aqu\u00ed para recordarnos la ayuda que necesitan las que est\u00e1n vivas.<br \/>\nCorina tambi\u00e9n sobrevivi\u00f3. Por eso, tiene que hablarles a las que todav\u00eda pueden y necesitan ayuda para que la violencia quede atr\u00e1s y la vida siga para adelante. \u201cYo ten\u00eda mucha necesidad de trabajar y empezar una vida nueva. Por eso, cuando me llamaron de la Direcci\u00f3n de la Mujer para trabajar en el \u00e1rea de violencia entend\u00ed que el camino era por ah\u00ed. Mi testimonio sirve para que las mujeres se animen. Me ofrecieron otros empleos de secretaria biling\u00fce que son de m\u00e1s plata, pero quiero ayudar. Por algo me salv\u00e9. Y si me salv\u00e9 para ayudar a otras mujeres bienvenido sea. Hoy tengo que devolverle a la vida estar viva. No quiero trabajar desde el lugar de v\u00edctima, sino de par. Se est\u00e1n armando grupos, estamos recorriendo las villas, rescatando mujeres. La idea es tratar de prevenir, captar y ayudar. Tambi\u00e9n quiero armar una ONG para incentivar la prevenci\u00f3n. No hace falta llegar a las balas. Cuando una mujer es violentada no queda nada de vos, pero yo quiero decir que hay una vida. Estar de puertas adentro con un violento no es vida. Est\u00e1s pensando cada paso que das, cada palabra\u201d, relata.<br \/>\n\u00bfEn qu\u00e9 cre\u00e9s que pod\u00e9s ayudar a otras mujeres?<br \/>\n\u2013No desde la v\u00edctima, sino del empoderamiento de la mujer. La v\u00edctima ya fue, ya pas\u00f3. Gracias a Dios que estoy viva. Pero hoy quiero dar el mensaje de que se animen a denunciar, que no hay nada peor que estar ah\u00ed adentro. Todo el mundo me dice que soy un estandarte porque estoy viva y desde ese rol tratar\u00e9 de hacer lo mejor que pueda.<br \/>\nMuchas veces se acusa a las mujeres de aceptar la violencia y de no animarse a hacer la denuncia. Pero ahora hay mujeres muertas despu\u00e9s de separarse y denunciar&#8230;<br \/>\n\u2013Las leyes est\u00e1n hechas, pero no hay una red social que lo sustente. Yo creo que hay que trabajar en el d\u00eda despu\u00e9s de la denuncia. El d\u00eda que yo lo denunci\u00e9 me sent\u00ed liberada y cre\u00ed que estaba m\u00e1s protegida, pero me di cuenta de que estaba m\u00e1s desprotegida que nunca. De puertas adentro, mal que mal, sab\u00e9s c\u00f3mo manejarte. Pero cuando lo denunci\u00e1s las cartas est\u00e1n jugadas sobre la mesa y la otra persona sabe que est\u00e1 todo mal porque lo denunciaste y se brota. El maltratador tiene el poder sobre vos, cuando perdi\u00f3 el poder empieza a querer mostrarte todo el poder que tiene, como cuando a m\u00ed me dec\u00eda: \u201cVos no est\u00e1s muerta porque yo no quiero, si est\u00e1s viva es porque se me canta\u201d. De hecho, intent\u00f3 matarme.<br \/>\n\u00bfQu\u00e9 les pasa a las mujeres de clase media?<br \/>\n\u2013Yo me pude ir porque trabajaba y ten\u00eda una red social: la casa de mi mam\u00e1. Pero cualquier mujer violentada sabe que si hay un cartel que dice \u201cno est\u00e1s sola\u201d ese cartel est\u00e1 dirigido a vos. El tema es animarse. Es horrible. Pas\u00e1s mucha verg\u00fcenza. Yo la pas\u00e9. Pero la volver\u00eda a pasar mil veces. Porque cualquier cosa es mejor a estar en ese lugar.<br \/>\n\u00bfCu\u00e1ntos a\u00f1os viviste violencia y c\u00f3mo te animaste a denunciarlo?<br \/>\n\u2013Yo estuve en pareja catorce a\u00f1os y los \u00faltimos cinco a\u00f1os fueron los peores. Cada vez era peor. Empez\u00f3 con que yo lo enga\u00f1aba. Todo hombre era sospechoso. Hasta que un d\u00eda quer\u00eda abrir la casilla de correo de mi trabajo y no se lo permit\u00ed porque sab\u00eda que me pod\u00eda hacer echar, y me estuvo pegando desde la una del mediod\u00eda hasta las once de la noche. En realidad, eso fue otra tentativa de homicidio. Estuvo mal caratulado. Me tiraba cuchillos como si yo fuera un tiro al blanco. Me peg\u00f3 con el palo de la aspiradora. Me sac\u00f3 las llaves de la casa y me sac\u00f3 el celular y me llev\u00f3 al fondo de la casa para que no se escucharan los golpes. Tuve un Dios aparte porque hab\u00eda una amiga que sab\u00eda que las cosas estaban mal y cuando vio que no estaba en el trabajo y que no atend\u00eda el tel\u00e9fono de la casa ni el celular se le prendi\u00f3 la lamparita de llamar a la polic\u00eda. Mi amiga me dec\u00eda \u201cvos vas a salir de ac\u00e1 muerta\u201d. Esto fue en el 2008 y me bale\u00f3 un a\u00f1o despu\u00e9s. La polic\u00eda casi tira la puerta abajo. Ah\u00ed yo sal\u00ed e hice las denuncias por lesiones, amenaza de muerte (\u00e9l amenazaba con matarse, matarme a m\u00ed y matar a las chicas) y lo que ellos llaman violencia dom\u00e9stica, que en este caso tendr\u00eda que ser caratulado tentativa de homicidio. Esa noche no me quisieron entregar a mis hijas. Pero al otro d\u00eda estaba en la Oficina de Violencia Dom\u00e9stica (OVD) de la Corte Suprema de Justicia de la Naci\u00f3n y me dieron la exclusi\u00f3n del hogar y prohibici\u00f3n de acercamiento. Pero como \u00e9l me peg\u00f3 tanto y yo sab\u00eda que \u00e9l pod\u00eda entrar por el techo me fui de esa casa con mis hijas a lo de mi madre y nunca m\u00e1s volv\u00ed a esa casa. Entiendo que no todo el mundo tiene esa posibilidad. La decisi\u00f3n de denunciar no es f\u00e1cil. \u00bfSab\u00e9s las veces que estaba por ir a la OVD y no iba? Lleva un tiempo animarse. Pero es importante saber que ten\u00e9s esa posibilidad. Y no a todo el mundo le tiene que ir tan mal como a m\u00ed, sino que el sistema debe ser eficiente.<br \/>\n\u00bfQu\u00e9 pas\u00f3 despu\u00e9s?<br \/>\n\u2013Yo le hice una denuncia por semana, en total 80 denuncias, hasta que me vino a balear. Aparec\u00eda y romp\u00eda la prohibici\u00f3n de acercamiento y me amenazaba de muerte. Si alguien rompe la prohibici\u00f3n de acercamiento hay que meterlo preso, porque si no se genera m\u00e1s impunidad. El estaba cada vez m\u00e1s agrandado. Yo me la pasaba llamando al 911 y cuando llegaba ya se hab\u00eda ido, ya me hab\u00eda amenazado y asustado. Pero lo que hizo fue dejar testigos en todos lados. Hab\u00eda mam\u00e1s del colegio que pensaban que me estaban asaltando.<br \/>\n\u00bfC\u00f3mo te bale\u00f3 en la puerta del colegio de tus hijas?<br \/>\n\u2013En las vacaciones de invierno me fui a lo de una amiga porque en lo de mi mam\u00e1 no hab\u00eda lugar para estar con las nenas todas juntas todo el tiempo y durante quince d\u00edas no me encontr\u00f3 y enloqueci\u00f3. El primer d\u00eda de clases, cuando llev\u00e9 a las nenas, se apareci\u00f3, a las 8 de la ma\u00f1ana, y me bale\u00f3. Me salv\u00e9 de milagro. Apoy\u00f3 el rev\u00f3lver, la bala no tom\u00f3 velocidad, la costilla la desvi\u00f3. Una cosa de Dios. Un milagro, dicho por los m\u00e9dicos del Hospital Fern\u00e1ndez. Ni ellos se explicaban c\u00f3mo estoy viva con tres balazos. Pero mucho tiene que ver con la fortaleza. Yo sab\u00eda que no merec\u00eda morir y que la hab\u00eda pasado bastante mal como para terminar as\u00ed y que \u00e9l se saliera con la suya. Yo tiendo a ser valiente, porque cuando viviste bajo violencia est\u00e1s entrenad\u00edsima en situaciones de tensi\u00f3n. Antes de desmayarme dije qui\u00e9n me hab\u00eda baleado y d\u00f3nde lo iban a encontrar. Y en el juicio me banqu\u00e9 una semana teni\u00e9ndolo enfrente.<br \/>\n\u00bfQu\u00e9 cambiar\u00edas de las leyes?<br \/>\n\u2013No sirve la exclusi\u00f3n del hogar porque te lo sacan de la casa y te lo dejan en la esquina. Vos no pod\u00e9s estar presa en tu casa. Ten\u00e9s que trabajar y llevar a tus hijas al colegio, y estas personas se creen Dios y si las leyes no los paran se sienten cada vez m\u00e1s poderosos con una pobre mujer, porque con otras cosas son cagones.<br \/>\n\u00bfEstas conforme con la Justicia?<br \/>\n\u2013S\u00ed, le dieron 21 a\u00f1os cuando en el caso de Wanda Taddei \u2013por haberla matado\u2013 le dieron 18. Pero lo que hay que entender es que yo no estoy muerta porque hay un Dios que me salv\u00f3, porque \u00e9l hizo todo para que yo est\u00e9 muerta. No me peg\u00f3 en el brazo o en la pierna para asustarme. Me dispar\u00f3 al coraz\u00f3n. Que no le haya salido bien es otro tema. Pero \u00e9l vino a matarme. El deja escrito en una carta. Eso fue lo que peor me hizo del juicio. Mi abogada, Marta Nerselles, me cuid\u00f3 un mont\u00f3n y sab\u00eda que en el juicio me iba a enterar de un mont\u00f3n de cosas. No s\u00f3lo me di cuenta de que tengo un enemigo ac\u00e9rrimo en la vida. Cuando le\u00edan una carta que escribi\u00f3 antes de salir a dispararme, despu\u00e9s de dos a\u00f1os de no escucharlo, fue como volver a sentir lo que yo viv\u00eda a diario. El dec\u00eda en la carta: \u201cVas a gemir de dolor y te voy a partir el pecho a balazos\u201d. Es tan terrible cuando ten\u00e9s alguien que te violenta psicol\u00f3gicamente. \u00bfQu\u00e9 puede ser peor que eso? \u00bfC\u00f3mo est\u00e1s cuando escuch\u00e1s todo el d\u00eda eso?<br \/>\nAntes del juicio vos recib\u00edas amenazas. \u00bfContinuaron despu\u00e9s de la sentencia?<br \/>\n\u2013Antes del juicio era hostigamiento. Me hizo echar del trabajo porque era capaz de hacer cincuenta llamados en una hora. Te enfermaba de verdad. Despu\u00e9s no recib\u00ed amenazas, pero s\u00ed llam\u00f3 y dej\u00f3 mensajes en el contestador.<br \/>\nEl fallo de tu caso se caratul\u00f3 como hist\u00f3rico. \u00bfCre\u00e9s que es un antes y un despu\u00e9s?<br \/>\n\u2013Espero que si y que todo lo que yo tuve que vivir sirva para que otras mujeres no tengan que pasar por esto. Ac\u00e1 el problema es la impunidad. Los denunci\u00e1s y no pasa nada. Rompen la orden de no acercamiento y no pasa nada. Ahora se est\u00e1n comiendo 21 a\u00f1os de c\u00e1rcel, pero est\u00e1 enloquecido por venir a matarme porque yo estoy vivita y coleando.<br \/>\n\u00bfCu\u00e1l es tu mensaje para las mujeres que puedan estar pasando situaciones similares?<br \/>\n\u2013Mi mensaje es que todo vale la pena: vale la pena denunciar. No importa qu\u00e9 dif\u00edcil sea el camino, pero al menos es un camino que una construye y lo m\u00e1s importante es recuperar lo que una es. Solamente las mujeres que padecieron esto saben qu\u00e9 es vivir constantemente con el miedo. No hay que dejar que te a\u00edslen ni decir que no lo hacemos por los chicos. Los chicos sufren m\u00e1s si hay violencia. Cuando a mi nena m\u00e1s chiquita \u00e9l le dec\u00eda \u201cgorda\u201d si yo me met\u00eda a defenderla terminaba ba\u00f1ada en Coca-Cola y con un plato de fideos en la cabeza. Una no puede vivir as\u00ed. No se puede pensar \u201c\u00bfqu\u00e9 va a pasar hoy?\u201d Est\u00e1s muerta en vida. Por eso, mi consejo es pedir ayuda \u2013a m\u00ed me salv\u00f3 una amiga\u2013 y volver a recuperar la dignidad.<br \/>\nDelia pag\u00f3 cara su supervivencia. \u201cYo hipotequ\u00e9 mi casa para que \u00e9l hiciera un negocio y la perd\u00ed\u201d, se lamenta. La dependencia econ\u00f3mica era una de las trabas para no destrabar la relaci\u00f3n. \u201cSiempre tuve temor a estar sola\u201d, cuenta. Tambi\u00e9n que hubo un enga\u00f1o: \u201cPusimos un negocio que dur\u00f3 tres meses. El sal\u00eda con una de las empleadas y yo tengo una reacci\u00f3n con la chica. El me golpea, yo lo golpeo y la golpeo a la chica, era como una cadena\u201d, revela. Ahora tambi\u00e9n puede desatar esa cadena en donde el poder y la vulnerabilidad no ten\u00edan el mismo peso: \u201cA veces las mujeres nos equivocamos. Una no debe insultar a otra mujer. No es ella la responsable. El era responsable. Me hubiera dejado antes de estar con otra persona. Nunca m\u00e1s volver\u00eda a insultar a una mujer. Me he vuelto un poco feminista, creo que las mujeres debemos protegernos m\u00e1s\u201d, rescata.<br \/>\nPero llegar hasta ac\u00e1, hasta hoy, no fue f\u00e1cil. Ella era v\u00edctima de una violencia que no sab\u00eda describir como de g\u00e9nero. El la quer\u00eda internar. Ella estaba bastante medicada. Y atada. Hace poco pudo separarse y lanzarse a la aventura de poder pagar un alquiler. \u201cYo soy artesana. Me cuesta bastante enfrentar la vida\u201d, dice. Tambi\u00e9n queda claro que las leyes son insuficientes. \u201cPudimos hacer que se fuera \u00e9l porque siempre me ten\u00eda que ir yo. Pudimos sacarle la llave. No hice una medida perimetral porque vive cerca. Sigue viendo a mi hija menor y tambi\u00e9n la insulta o la denigra\u201d, desarma la idea de final feliz o de \u2013simplemente\u2013 un final. La violencia es una saga. Pero tambi\u00e9n con peque\u00f1as victorias. \u201cA los 58 a\u00f1os me volv\u00ed a te\u00f1ir y a pintarme y, por sobre todo, retom\u00e9 mis estudios secundarios. Se puede salir, pero el da\u00f1o deja secuelas y una tiene que ser muy fuerte para volver a ser la persona que era\u201d, se alegra.<br \/>\n&nbsp;<br \/>\n&nbsp;<br \/>\n&nbsp;<br \/>\n&nbsp;<br \/>\nFuente: Las12<\/p>\n","protected":false},"excerpt":{"rendered":"<p>&nbsp; &nbsp; &nbsp; &nbsp; Por Luciana Peker Dia de la eliminacion de la violencia contra la mujer En ning\u00fan caso fue f\u00e1cil decir basta. Y cuando pudieron articular esa palabra supieron tambi\u00e9n que no alcanza con pronunciarla: es necesario sostenerla, buscar y encontrar escucha, protecci\u00f3n, redes; una sociedad en acci\u00f3n a trav\u00e9s de pol\u00edticas de [&hellip;]<\/p>\n","protected":false},"author":1,"featured_media":0,"comment_status":"open","ping_status":"open","sticky":false,"template":"","format":"standard","meta":{"iawp_total_views":5,"footnotes":""},"categories":[4],"tags":[],"class_list":["post-5041","post","type-post","status-publish","format-standard","hentry","category-medios"],"nelio_content":{"autoShareEndMode":"never","automationSources":{"useCustomSentences":false,"customSentences":[]},"efiAlt":"","efiUrl":"","followers":[],"highlights":[],"isAutoShareEnabled":true,"networkImageIds":[],"permalinkQueryArgs":[],"series":[],"suggestedReferences":[]},"yoast_head":"<!-- This site is optimized with the Yoast SEO plugin v27.4 - https:\/\/yoast.com\/product\/yoast-seo-wordpress\/ -->\n<title>Violencia de G\u00e9nero: La vida despu\u00e9s - Diario Digital Femenino<\/title>\n<meta name=\"robots\" content=\"index, follow, max-snippet:-1, max-image-preview:large, max-video-preview:-1\" \/>\n<link rel=\"canonical\" href=\"https:\/\/diariofemenino.com.ar\/df\/violencia-de-genero-la-vida-despues\/\" \/>\n<meta property=\"og:locale\" content=\"es_ES\" \/>\n<meta property=\"og:type\" content=\"article\" \/>\n<meta property=\"og:title\" content=\"Violencia de G\u00e9nero: La vida despu\u00e9s - Diario Digital Femenino\" \/>\n<meta property=\"og:description\" content=\"&nbsp; &nbsp; &nbsp; &nbsp; Por Luciana Peker Dia de la eliminacion de la violencia contra la mujer En ning\u00fan caso fue f\u00e1cil decir basta. Y cuando pudieron articular esa palabra supieron tambi\u00e9n que no alcanza con pronunciarla: es necesario sostenerla, buscar y encontrar escucha, protecci\u00f3n, redes; una sociedad en acci\u00f3n a trav\u00e9s de pol\u00edticas de [&hellip;]\" \/>\n<meta property=\"og:url\" content=\"https:\/\/diariofemenino.com.ar\/df\/violencia-de-genero-la-vida-despues\/\" \/>\n<meta property=\"og:site_name\" content=\"Diario Digital Femenino\" \/>\n<meta property=\"article:publisher\" content=\"https:\/\/www.facebook.com\/DiarioDigitaFemenino\/\" \/>\n<meta property=\"article:published_time\" content=\"2012-11-25T21:56:47+00:00\" \/>\n<meta property=\"og:image\" content=\"http:\/\/www.diariofemenino.com.ar\/wp-content\/uploads\/me03fo011.jpg\" \/>\n<meta name=\"author\" content=\"Admin\" \/>\n<meta name=\"twitter:card\" content=\"summary_large_image\" \/>\n<meta name=\"twitter:creator\" content=\"@DiarioFemenino1\" \/>\n<meta name=\"twitter:site\" content=\"@DiarioFemenino1\" \/>\n<meta name=\"twitter:label1\" content=\"Escrito por\" \/>\n\t<meta name=\"twitter:data1\" content=\"Admin\" \/>\n\t<meta name=\"twitter:label2\" content=\"Tiempo de lectura\" \/>\n\t<meta name=\"twitter:data2\" content=\"17 minutos\" \/>\n<script type=\"application\/ld+json\" class=\"yoast-schema-graph\">{\"@context\":\"https:\\\/\\\/schema.org\",\"@graph\":[{\"@type\":\"Article\",\"@id\":\"https:\\\/\\\/diariofemenino.com.ar\\\/df\\\/violencia-de-genero-la-vida-despues\\\/#article\",\"isPartOf\":{\"@id\":\"https:\\\/\\\/diariofemenino.com.ar\\\/df\\\/violencia-de-genero-la-vida-despues\\\/\"},\"author\":{\"name\":\"Admin\",\"@id\":\"https:\\\/\\\/diariofemenino.com.ar\\\/df\\\/#\\\/schema\\\/person\\\/38f54b3bfd13f561de2460ba95c169c6\"},\"headline\":\"Violencia de G\u00e9nero: La vida despu\u00e9s\",\"datePublished\":\"2012-11-25T21:56:47+00:00\",\"mainEntityOfPage\":{\"@id\":\"https:\\\/\\\/diariofemenino.com.ar\\\/df\\\/violencia-de-genero-la-vida-despues\\\/\"},\"wordCount\":3331,\"commentCount\":0,\"publisher\":{\"@id\":\"https:\\\/\\\/diariofemenino.com.ar\\\/df\\\/#organization\"},\"image\":{\"@id\":\"https:\\\/\\\/diariofemenino.com.ar\\\/df\\\/violencia-de-genero-la-vida-despues\\\/#primaryimage\"},\"thumbnailUrl\":\"http:\\\/\\\/www.diariofemenino.com.ar\\\/wp-content\\\/uploads\\\/me03fo011.jpg\",\"articleSection\":[\"Medios\"],\"inLanguage\":\"es\",\"potentialAction\":[{\"@type\":\"CommentAction\",\"name\":\"Comment\",\"target\":[\"https:\\\/\\\/diariofemenino.com.ar\\\/df\\\/violencia-de-genero-la-vida-despues\\\/#respond\"]}]},{\"@type\":\"WebPage\",\"@id\":\"https:\\\/\\\/diariofemenino.com.ar\\\/df\\\/violencia-de-genero-la-vida-despues\\\/\",\"url\":\"https:\\\/\\\/diariofemenino.com.ar\\\/df\\\/violencia-de-genero-la-vida-despues\\\/\",\"name\":\"Violencia de G\u00e9nero: La vida despu\u00e9s - Diario Digital Femenino\",\"isPartOf\":{\"@id\":\"https:\\\/\\\/diariofemenino.com.ar\\\/df\\\/#website\"},\"primaryImageOfPage\":{\"@id\":\"https:\\\/\\\/diariofemenino.com.ar\\\/df\\\/violencia-de-genero-la-vida-despues\\\/#primaryimage\"},\"image\":{\"@id\":\"https:\\\/\\\/diariofemenino.com.ar\\\/df\\\/violencia-de-genero-la-vida-despues\\\/#primaryimage\"},\"thumbnailUrl\":\"http:\\\/\\\/www.diariofemenino.com.ar\\\/wp-content\\\/uploads\\\/me03fo011.jpg\",\"datePublished\":\"2012-11-25T21:56:47+00:00\",\"breadcrumb\":{\"@id\":\"https:\\\/\\\/diariofemenino.com.ar\\\/df\\\/violencia-de-genero-la-vida-despues\\\/#breadcrumb\"},\"inLanguage\":\"es\",\"potentialAction\":[{\"@type\":\"ReadAction\",\"target\":[\"https:\\\/\\\/diariofemenino.com.ar\\\/df\\\/violencia-de-genero-la-vida-despues\\\/\"]}]},{\"@type\":\"ImageObject\",\"inLanguage\":\"es\",\"@id\":\"https:\\\/\\\/diariofemenino.com.ar\\\/df\\\/violencia-de-genero-la-vida-despues\\\/#primaryimage\",\"url\":\"http:\\\/\\\/www.diariofemenino.com.ar\\\/wp-content\\\/uploads\\\/me03fo011.jpg\",\"contentUrl\":\"http:\\\/\\\/www.diariofemenino.com.ar\\\/wp-content\\\/uploads\\\/me03fo011.jpg\"},{\"@type\":\"BreadcrumbList\",\"@id\":\"https:\\\/\\\/diariofemenino.com.ar\\\/df\\\/violencia-de-genero-la-vida-despues\\\/#breadcrumb\",\"itemListElement\":[{\"@type\":\"ListItem\",\"position\":1,\"name\":\"Portada\",\"item\":\"https:\\\/\\\/diariofemenino.com.ar\\\/df\\\/\"},{\"@type\":\"ListItem\",\"position\":2,\"name\":\"Violencia de G\u00e9nero: La vida despu\u00e9s\"}]},{\"@type\":\"WebSite\",\"@id\":\"https:\\\/\\\/diariofemenino.com.ar\\\/df\\\/#website\",\"url\":\"https:\\\/\\\/diariofemenino.com.ar\\\/df\\\/\",\"name\":\"Diario Digital Femenino\",\"description\":\"Cuesti\u00f3n de G\u00e9nero\",\"publisher\":{\"@id\":\"https:\\\/\\\/diariofemenino.com.ar\\\/df\\\/#organization\"},\"potentialAction\":[{\"@type\":\"SearchAction\",\"target\":{\"@type\":\"EntryPoint\",\"urlTemplate\":\"https:\\\/\\\/diariofemenino.com.ar\\\/df\\\/?s={search_term_string}\"},\"query-input\":{\"@type\":\"PropertyValueSpecification\",\"valueRequired\":true,\"valueName\":\"search_term_string\"}}],\"inLanguage\":\"es\"},{\"@type\":\"Organization\",\"@id\":\"https:\\\/\\\/diariofemenino.com.ar\\\/df\\\/#organization\",\"name\":\"Diario Femenino\",\"url\":\"https:\\\/\\\/diariofemenino.com.ar\\\/df\\\/\",\"logo\":{\"@type\":\"ImageObject\",\"inLanguage\":\"es\",\"@id\":\"https:\\\/\\\/diariofemenino.com.ar\\\/df\\\/#\\\/schema\\\/logo\\\/image\\\/\",\"url\":\"https:\\\/\\\/diariofemenino.com.ar\\\/df\\\/wp-content\\\/uploads\\\/2018\\\/10\\\/logo.png\",\"contentUrl\":\"https:\\\/\\\/diariofemenino.com.ar\\\/df\\\/wp-content\\\/uploads\\\/2018\\\/10\\\/logo.png\",\"width\":500,\"height\":92,\"caption\":\"Diario Femenino\"},\"image\":{\"@id\":\"https:\\\/\\\/diariofemenino.com.ar\\\/df\\\/#\\\/schema\\\/logo\\\/image\\\/\"},\"sameAs\":[\"https:\\\/\\\/www.facebook.com\\\/DiarioDigitaFemenino\\\/\",\"https:\\\/\\\/x.com\\\/DiarioFemenino1\"]},{\"@type\":\"Person\",\"@id\":\"https:\\\/\\\/diariofemenino.com.ar\\\/df\\\/#\\\/schema\\\/person\\\/38f54b3bfd13f561de2460ba95c169c6\",\"name\":\"Admin\",\"image\":{\"@type\":\"ImageObject\",\"inLanguage\":\"es\",\"@id\":\"https:\\\/\\\/diariofemenino.com.ar\\\/df\\\/wp-content\\\/uploads\\\/2018\\\/12\\\/favicon-150x150.jpg\",\"url\":\"https:\\\/\\\/diariofemenino.com.ar\\\/df\\\/wp-content\\\/uploads\\\/2018\\\/12\\\/favicon-150x150.jpg\",\"contentUrl\":\"https:\\\/\\\/diariofemenino.com.ar\\\/df\\\/wp-content\\\/uploads\\\/2018\\\/12\\\/favicon-150x150.jpg\",\"caption\":\"Admin\"},\"url\":\"https:\\\/\\\/diariofemenino.com.ar\\\/df\\\/author\\\/adm18df\\\/\"}]}<\/script>\n<!-- \/ Yoast SEO plugin. -->","yoast_head_json":{"title":"Violencia de G\u00e9nero: La vida despu\u00e9s - Diario Digital Femenino","robots":{"index":"index","follow":"follow","max-snippet":"max-snippet:-1","max-image-preview":"max-image-preview:large","max-video-preview":"max-video-preview:-1"},"canonical":"https:\/\/diariofemenino.com.ar\/df\/violencia-de-genero-la-vida-despues\/","og_locale":"es_ES","og_type":"article","og_title":"Violencia de G\u00e9nero: La vida despu\u00e9s - Diario Digital Femenino","og_description":"&nbsp; &nbsp; &nbsp; &nbsp; Por Luciana Peker Dia de la eliminacion de la violencia contra la mujer En ning\u00fan caso fue f\u00e1cil decir basta. Y cuando pudieron articular esa palabra supieron tambi\u00e9n que no alcanza con pronunciarla: es necesario sostenerla, buscar y encontrar escucha, protecci\u00f3n, redes; una sociedad en acci\u00f3n a trav\u00e9s de pol\u00edticas de [&hellip;]","og_url":"https:\/\/diariofemenino.com.ar\/df\/violencia-de-genero-la-vida-despues\/","og_site_name":"Diario Digital Femenino","article_publisher":"https:\/\/www.facebook.com\/DiarioDigitaFemenino\/","article_published_time":"2012-11-25T21:56:47+00:00","og_image":[{"url":"http:\/\/www.diariofemenino.com.ar\/wp-content\/uploads\/me03fo011.jpg","type":"","width":"","height":""}],"author":"Admin","twitter_card":"summary_large_image","twitter_creator":"@DiarioFemenino1","twitter_site":"@DiarioFemenino1","twitter_misc":{"Escrito por":"Admin","Tiempo de lectura":"17 minutos"},"schema":{"@context":"https:\/\/schema.org","@graph":[{"@type":"Article","@id":"https:\/\/diariofemenino.com.ar\/df\/violencia-de-genero-la-vida-despues\/#article","isPartOf":{"@id":"https:\/\/diariofemenino.com.ar\/df\/violencia-de-genero-la-vida-despues\/"},"author":{"name":"Admin","@id":"https:\/\/diariofemenino.com.ar\/df\/#\/schema\/person\/38f54b3bfd13f561de2460ba95c169c6"},"headline":"Violencia de G\u00e9nero: La vida despu\u00e9s","datePublished":"2012-11-25T21:56:47+00:00","mainEntityOfPage":{"@id":"https:\/\/diariofemenino.com.ar\/df\/violencia-de-genero-la-vida-despues\/"},"wordCount":3331,"commentCount":0,"publisher":{"@id":"https:\/\/diariofemenino.com.ar\/df\/#organization"},"image":{"@id":"https:\/\/diariofemenino.com.ar\/df\/violencia-de-genero-la-vida-despues\/#primaryimage"},"thumbnailUrl":"http:\/\/www.diariofemenino.com.ar\/wp-content\/uploads\/me03fo011.jpg","articleSection":["Medios"],"inLanguage":"es","potentialAction":[{"@type":"CommentAction","name":"Comment","target":["https:\/\/diariofemenino.com.ar\/df\/violencia-de-genero-la-vida-despues\/#respond"]}]},{"@type":"WebPage","@id":"https:\/\/diariofemenino.com.ar\/df\/violencia-de-genero-la-vida-despues\/","url":"https:\/\/diariofemenino.com.ar\/df\/violencia-de-genero-la-vida-despues\/","name":"Violencia de G\u00e9nero: La vida despu\u00e9s - Diario Digital Femenino","isPartOf":{"@id":"https:\/\/diariofemenino.com.ar\/df\/#website"},"primaryImageOfPage":{"@id":"https:\/\/diariofemenino.com.ar\/df\/violencia-de-genero-la-vida-despues\/#primaryimage"},"image":{"@id":"https:\/\/diariofemenino.com.ar\/df\/violencia-de-genero-la-vida-despues\/#primaryimage"},"thumbnailUrl":"http:\/\/www.diariofemenino.com.ar\/wp-content\/uploads\/me03fo011.jpg","datePublished":"2012-11-25T21:56:47+00:00","breadcrumb":{"@id":"https:\/\/diariofemenino.com.ar\/df\/violencia-de-genero-la-vida-despues\/#breadcrumb"},"inLanguage":"es","potentialAction":[{"@type":"ReadAction","target":["https:\/\/diariofemenino.com.ar\/df\/violencia-de-genero-la-vida-despues\/"]}]},{"@type":"ImageObject","inLanguage":"es","@id":"https:\/\/diariofemenino.com.ar\/df\/violencia-de-genero-la-vida-despues\/#primaryimage","url":"http:\/\/www.diariofemenino.com.ar\/wp-content\/uploads\/me03fo011.jpg","contentUrl":"http:\/\/www.diariofemenino.com.ar\/wp-content\/uploads\/me03fo011.jpg"},{"@type":"BreadcrumbList","@id":"https:\/\/diariofemenino.com.ar\/df\/violencia-de-genero-la-vida-despues\/#breadcrumb","itemListElement":[{"@type":"ListItem","position":1,"name":"Portada","item":"https:\/\/diariofemenino.com.ar\/df\/"},{"@type":"ListItem","position":2,"name":"Violencia de G\u00e9nero: La vida despu\u00e9s"}]},{"@type":"WebSite","@id":"https:\/\/diariofemenino.com.ar\/df\/#website","url":"https:\/\/diariofemenino.com.ar\/df\/","name":"Diario Digital Femenino","description":"Cuesti\u00f3n de G\u00e9nero","publisher":{"@id":"https:\/\/diariofemenino.com.ar\/df\/#organization"},"potentialAction":[{"@type":"SearchAction","target":{"@type":"EntryPoint","urlTemplate":"https:\/\/diariofemenino.com.ar\/df\/?s={search_term_string}"},"query-input":{"@type":"PropertyValueSpecification","valueRequired":true,"valueName":"search_term_string"}}],"inLanguage":"es"},{"@type":"Organization","@id":"https:\/\/diariofemenino.com.ar\/df\/#organization","name":"Diario Femenino","url":"https:\/\/diariofemenino.com.ar\/df\/","logo":{"@type":"ImageObject","inLanguage":"es","@id":"https:\/\/diariofemenino.com.ar\/df\/#\/schema\/logo\/image\/","url":"https:\/\/diariofemenino.com.ar\/df\/wp-content\/uploads\/2018\/10\/logo.png","contentUrl":"https:\/\/diariofemenino.com.ar\/df\/wp-content\/uploads\/2018\/10\/logo.png","width":500,"height":92,"caption":"Diario Femenino"},"image":{"@id":"https:\/\/diariofemenino.com.ar\/df\/#\/schema\/logo\/image\/"},"sameAs":["https:\/\/www.facebook.com\/DiarioDigitaFemenino\/","https:\/\/x.com\/DiarioFemenino1"]},{"@type":"Person","@id":"https:\/\/diariofemenino.com.ar\/df\/#\/schema\/person\/38f54b3bfd13f561de2460ba95c169c6","name":"Admin","image":{"@type":"ImageObject","inLanguage":"es","@id":"https:\/\/diariofemenino.com.ar\/df\/wp-content\/uploads\/2018\/12\/favicon-150x150.jpg","url":"https:\/\/diariofemenino.com.ar\/df\/wp-content\/uploads\/2018\/12\/favicon-150x150.jpg","contentUrl":"https:\/\/diariofemenino.com.ar\/df\/wp-content\/uploads\/2018\/12\/favicon-150x150.jpg","caption":"Admin"},"url":"https:\/\/diariofemenino.com.ar\/df\/author\/adm18df\/"}]}},"jetpack_featured_media_url":"","jetpack_sharing_enabled":true,"rttpg_featured_image_url":null,"rttpg_author":{"display_name":"Admin","author_link":"https:\/\/diariofemenino.com.ar\/df\/author\/adm18df\/"},"rttpg_comment":0,"rttpg_category":"<a href=\"https:\/\/diariofemenino.com.ar\/df\/category\/medios\/\" rel=\"category tag\">Medios<\/a>","rttpg_excerpt":"&nbsp; &nbsp; &nbsp; &nbsp; Por Luciana Peker Dia de la eliminacion de la violencia contra la mujer En ning\u00fan caso fue f\u00e1cil decir basta. Y cuando pudieron articular esa palabra supieron tambi\u00e9n que no alcanza con pronunciarla: es necesario sostenerla, buscar y encontrar escucha, protecci\u00f3n, redes; una sociedad en acci\u00f3n a trav\u00e9s de pol\u00edticas de&hellip;","_links":{"self":[{"href":"https:\/\/diariofemenino.com.ar\/df\/wp-json\/wp\/v2\/posts\/5041","targetHints":{"allow":["GET"]}}],"collection":[{"href":"https:\/\/diariofemenino.com.ar\/df\/wp-json\/wp\/v2\/posts"}],"about":[{"href":"https:\/\/diariofemenino.com.ar\/df\/wp-json\/wp\/v2\/types\/post"}],"author":[{"embeddable":true,"href":"https:\/\/diariofemenino.com.ar\/df\/wp-json\/wp\/v2\/users\/1"}],"replies":[{"embeddable":true,"href":"https:\/\/diariofemenino.com.ar\/df\/wp-json\/wp\/v2\/comments?post=5041"}],"version-history":[{"count":0,"href":"https:\/\/diariofemenino.com.ar\/df\/wp-json\/wp\/v2\/posts\/5041\/revisions"}],"wp:attachment":[{"href":"https:\/\/diariofemenino.com.ar\/df\/wp-json\/wp\/v2\/media?parent=5041"}],"wp:term":[{"taxonomy":"category","embeddable":true,"href":"https:\/\/diariofemenino.com.ar\/df\/wp-json\/wp\/v2\/categories?post=5041"},{"taxonomy":"post_tag","embeddable":true,"href":"https:\/\/diariofemenino.com.ar\/df\/wp-json\/wp\/v2\/tags?post=5041"}],"curies":[{"name":"wp","href":"https:\/\/api.w.org\/{rel}","templated":true}]}}