{"id":5028,"date":"2012-11-25T18:27:38","date_gmt":"2012-11-25T21:27:38","guid":{"rendered":"http:\/\/www.diariofemenino.com.ar\/?p=5028"},"modified":"2012-11-25T18:27:38","modified_gmt":"2012-11-25T21:27:38","slug":"violencia-contra-la-mujer-organizaciones-pampeanas-piden-la-emergencia-nacional","status":"publish","type":"post","link":"https:\/\/diariofemenino.com.ar\/df\/violencia-contra-la-mujer-organizaciones-pampeanas-piden-la-emergencia-nacional\/","title":{"rendered":"Violencia contra la Mujer: organizaciones pampeanas piden la Emergencia Nacional"},"content":{"rendered":"<p>&nbsp;<br \/>\n&nbsp;<br \/>\n&nbsp;<br \/>\n&nbsp;<br \/>\nEn el D\u00eda Internacional de la No Violencia contra las Mujeres, los movimientos, organizaciones e institucione se\u00f1alaron que \u201cresponsabilizamos de las violaciones y muertes de Sof\u00eda y Carla y de la desaparici\u00f3n de Andrea a los tres poderes del Estado provincial por la negligencia e impunidad de sus actuaciones. Porque las actuales y las anteriores gestiones\u00a0 que no implementaron pol\u00edticas\u00a0 p\u00fablicas con perspectiva de g\u00e9nero, no se capacitaron ni invirtieron recursos en la formaci\u00f3n de su personal, no utilizaron las instituciones pertinentes, no aplicaron las leyes correspondientes, desoyeron a la sociedad civil y miraron para el costado cuando desaparec\u00edan mujeres, se las violaba y golpeaba hasta morir\u201d.<br \/>\n<a href=\"http:\/\/www.diariofemenino.com.ar\/wp-content\/uploads\/carla-figueroa-marcha-145.jpg\"><img loading=\"lazy\" decoding=\"async\" class=\"alignright size-full wp-image-5029\" title=\"carla-figueroa-marcha-145\" src=\"http:\/\/www.diariofemenino.com.ar\/wp-content\/uploads\/carla-figueroa-marcha-145.jpg\" alt=\"\" width=\"650\" height=\"433\" \/><\/a><br \/>\n&nbsp;<br \/>\nAdem\u00e1s exigieron \u201cjuicio pol\u00edtico o jury al Ministro de Gobierno, Cesar Rodr\u00edguez; al Jefe de Polic\u00eda, Ricardo Baudaux; al Jefe de la Unidad Regional II, con asiento en Pico, Fabio Caimari; al Procurador General Mario Bongianino y\u00a0 al Jefe de Fiscales de Pico, Carlos Salinas\u201d.<br \/>\nLas organizaciones reclamaron: 1.- la Declaraci\u00f3n de la Emergencia Nacional contra la Violencia de G\u00e9nero. Partida presupuestaria para garantizar la efectiva aplicaci\u00f3n de la Ley N\u00b0 26485. 2.- Al Estado la creaci\u00f3n de hogares de tr\u00e1nsito\/refugio que cuenten con equipos t\u00e9cnicos\u00a0 para la atenci\u00f3n a las mujeres v\u00edctimas de violencia. 3.- Implementaci\u00f3n de programas de atenci\u00f3n integrales que contemplen la autonom\u00eda econ\u00f3mica de las mujeres. 4.- Al Estado Provincial que garantice el cumplimiento de la atenci\u00f3n integral del Aborto No Punible, tal lo dispuesto por el fallo de la Corte Suprema de Justicia de la Naci\u00f3n sobre la correcta interpretaci\u00f3n del art\u00edculo 86 del C\u00f3digo Penal vigente desde 1921, incluyendo la difusi\u00f3n masiva de este derecho y la capacitaci\u00f3n de todas y todos sus efectores, es decir, todo el personal de salud que asiste a las mujeres en tales situaciones. 5.- Al Congreso Nacional el tratamiento legislativo del Proyecto de Ley que despenaliza y legaliza la Interrupci\u00f3n Voluntaria del Embarazo presentado por\u00a0 la Campa\u00f1a Nacional por el Derecho al Aborto Seguro, Legal y Gratuito que cuenta con m\u00e1s de 50 firmas de Diputadas\/os Nacionales de todo el arco pol\u00edtico nacional.<br \/>\nRemarcaron que \u201cefectuamos estos reclamos por que en Argentina, muere una mujer cada 30 hs. por violencia machista y en el primer semestre de este a\u00f1o se registraron 119 femicidios, quedando centenares de ni\u00f1os hu\u00e9rfanos. A esto hay que sumar la muerte de m\u00e1s de 100 mujeres v\u00edctimas de abortos clandestinos. Muchas de estas v\u00edctimas no fueron adecuadamente escuchadas por las\/os distintos agentes de organismos del Estado, lo que evidencia el abandono y decid\u00eda hacia las ciudadanas en situaci\u00f3n de vulnerabilidad\u201d.<br \/>\n\u201cHoy, como todos los d\u00edas, es necesario levantar la voz para reclamar por el respeto a nuestros derechos, es decir, una sociedad sin violencia\u201d, afirmaron en un comunciado.<br \/>\nLas organizaciones firmantes son Movimiento por los Derechos de las Mujeres (Pico), Mujeres por la Solidaridad (Santa Rosa), Foro Pampeano por el Derecho al Aborto Legal, Seguro y Gratuito, Mujeres del Encuentro Renacer de Castex, Mujeres en Movimiento de Winifreda, Secretaria de G\u00e9nero de la Facultad de Ciencias Humanas, Biblioteca Popular \u201cTeresa P\u00e9rez\u201d<br \/>\nAgrupaci\u00f3n ENTROP\u00cdA de la Facultad de ciencias Exactas y Naturales, Movimiento Pampeano por los Derechos Humanos, Tamboras, Instituto Interdisciplinario de Estudios de la Mujer de la Universidad Nacional de La Pampa, Desayunador de Villa Germinal, C\u00e1tedra Extracurricular Educaci\u00f3n Sexual Integral de la Facultad de Ciencias Humanas, Integrantes de la RED PAR, Mujeres Autoconvocadas contra la Violencia de G\u00e9nero, Desayunador de Villa Parque y Mujeres de Victorica<br \/>\n&nbsp;<br \/>\n&nbsp;<br \/>\n&nbsp;<br \/>\n&nbsp;<br \/>\nFuente: El Diario<\/p>\n","protected":false},"excerpt":{"rendered":"<p>&nbsp; &nbsp; &nbsp; &nbsp; En el D\u00eda Internacional de la No Violencia contra las Mujeres, los movimientos, organizaciones e institucione se\u00f1alaron que \u201cresponsabilizamos de las violaciones y muertes de Sof\u00eda y Carla y de la desaparici\u00f3n de Andrea a los tres poderes del Estado provincial por la negligencia e impunidad de sus actuaciones. Porque las [&hellip;]<\/p>\n","protected":false},"author":1,"featured_media":0,"comment_status":"open","ping_status":"open","sticky":false,"template":"","format":"standard","meta":{"iawp_total_views":3,"footnotes":""},"categories":[4,13],"tags":[],"class_list":["post-5028","post","type-post","status-publish","format-standard","hentry","category-medios","category-mujeres-sindicalistas"],"nelio_content":{"autoShareEndMode":"never","automationSources":{"useCustomSentences":false,"customSentences":[]},"efiAlt":"","efiUrl":"","followers":[],"highlights":[],"isAutoShareEnabled":true,"networkImageIds":[],"permalinkQueryArgs":[],"series":[],"suggestedReferences":[]},"yoast_head":"<!-- This site is optimized with the Yoast SEO plugin v27.4 - https:\/\/yoast.com\/product\/yoast-seo-wordpress\/ -->\n<title>Violencia contra la Mujer: organizaciones pampeanas piden la Emergencia Nacional - Diario Digital Femenino<\/title>\n<meta name=\"robots\" content=\"index, follow, max-snippet:-1, max-image-preview:large, max-video-preview:-1\" \/>\n<link rel=\"canonical\" href=\"https:\/\/diariofemenino.com.ar\/df\/violencia-contra-la-mujer-organizaciones-pampeanas-piden-la-emergencia-nacional\/\" \/>\n<meta property=\"og:locale\" content=\"es_ES\" \/>\n<meta property=\"og:type\" content=\"article\" \/>\n<meta property=\"og:title\" content=\"Violencia contra la Mujer: organizaciones pampeanas piden la Emergencia Nacional - Diario Digital Femenino\" \/>\n<meta property=\"og:description\" content=\"&nbsp; &nbsp; &nbsp; &nbsp; En el D\u00eda Internacional de la No Violencia contra las Mujeres, los movimientos, organizaciones e institucione se\u00f1alaron que \u201cresponsabilizamos de las violaciones y muertes de Sof\u00eda y Carla y de la desaparici\u00f3n de Andrea a los tres poderes del Estado provincial por la negligencia e impunidad de sus actuaciones. Porque las [&hellip;]\" \/>\n<meta property=\"og:url\" content=\"https:\/\/diariofemenino.com.ar\/df\/violencia-contra-la-mujer-organizaciones-pampeanas-piden-la-emergencia-nacional\/\" \/>\n<meta property=\"og:site_name\" content=\"Diario Digital Femenino\" \/>\n<meta property=\"article:publisher\" content=\"https:\/\/www.facebook.com\/DiarioDigitaFemenino\/\" \/>\n<meta property=\"article:published_time\" content=\"2012-11-25T21:27:38+00:00\" \/>\n<meta property=\"og:image\" content=\"http:\/\/www.diariofemenino.com.ar\/wp-content\/uploads\/carla-figueroa-marcha-145.jpg\" \/>\n<meta name=\"author\" content=\"Admin\" \/>\n<meta name=\"twitter:card\" content=\"summary_large_image\" \/>\n<meta name=\"twitter:creator\" content=\"@DiarioFemenino1\" \/>\n<meta name=\"twitter:site\" content=\"@DiarioFemenino1\" \/>\n<meta name=\"twitter:label1\" content=\"Escrito por\" \/>\n\t<meta name=\"twitter:data1\" content=\"Admin\" \/>\n\t<meta name=\"twitter:label2\" content=\"Tiempo de lectura\" \/>\n\t<meta name=\"twitter:data2\" content=\"3 minutos\" \/>\n<script type=\"application\/ld+json\" class=\"yoast-schema-graph\">{\"@context\":\"https:\\\/\\\/schema.org\",\"@graph\":[{\"@type\":\"Article\",\"@id\":\"https:\\\/\\\/diariofemenino.com.ar\\\/df\\\/violencia-contra-la-mujer-organizaciones-pampeanas-piden-la-emergencia-nacional\\\/#article\",\"isPartOf\":{\"@id\":\"https:\\\/\\\/diariofemenino.com.ar\\\/df\\\/violencia-contra-la-mujer-organizaciones-pampeanas-piden-la-emergencia-nacional\\\/\"},\"author\":{\"name\":\"Admin\",\"@id\":\"https:\\\/\\\/diariofemenino.com.ar\\\/df\\\/#\\\/schema\\\/person\\\/38f54b3bfd13f561de2460ba95c169c6\"},\"headline\":\"Violencia contra la Mujer: organizaciones pampeanas piden la Emergencia Nacional\",\"datePublished\":\"2012-11-25T21:27:38+00:00\",\"mainEntityOfPage\":{\"@id\":\"https:\\\/\\\/diariofemenino.com.ar\\\/df\\\/violencia-contra-la-mujer-organizaciones-pampeanas-piden-la-emergencia-nacional\\\/\"},\"wordCount\":640,\"commentCount\":0,\"publisher\":{\"@id\":\"https:\\\/\\\/diariofemenino.com.ar\\\/df\\\/#organization\"},\"image\":{\"@id\":\"https:\\\/\\\/diariofemenino.com.ar\\\/df\\\/violencia-contra-la-mujer-organizaciones-pampeanas-piden-la-emergencia-nacional\\\/#primaryimage\"},\"thumbnailUrl\":\"http:\\\/\\\/www.diariofemenino.com.ar\\\/wp-content\\\/uploads\\\/carla-figueroa-marcha-145.jpg\",\"articleSection\":[\"Medios\",\"Mujeres Sindicalistas\"],\"inLanguage\":\"es\",\"potentialAction\":[{\"@type\":\"CommentAction\",\"name\":\"Comment\",\"target\":[\"https:\\\/\\\/diariofemenino.com.ar\\\/df\\\/violencia-contra-la-mujer-organizaciones-pampeanas-piden-la-emergencia-nacional\\\/#respond\"]}]},{\"@type\":\"WebPage\",\"@id\":\"https:\\\/\\\/diariofemenino.com.ar\\\/df\\\/violencia-contra-la-mujer-organizaciones-pampeanas-piden-la-emergencia-nacional\\\/\",\"url\":\"https:\\\/\\\/diariofemenino.com.ar\\\/df\\\/violencia-contra-la-mujer-organizaciones-pampeanas-piden-la-emergencia-nacional\\\/\",\"name\":\"Violencia contra la Mujer: organizaciones pampeanas piden la Emergencia Nacional - Diario Digital Femenino\",\"isPartOf\":{\"@id\":\"https:\\\/\\\/diariofemenino.com.ar\\\/df\\\/#website\"},\"primaryImageOfPage\":{\"@id\":\"https:\\\/\\\/diariofemenino.com.ar\\\/df\\\/violencia-contra-la-mujer-organizaciones-pampeanas-piden-la-emergencia-nacional\\\/#primaryimage\"},\"image\":{\"@id\":\"https:\\\/\\\/diariofemenino.com.ar\\\/df\\\/violencia-contra-la-mujer-organizaciones-pampeanas-piden-la-emergencia-nacional\\\/#primaryimage\"},\"thumbnailUrl\":\"http:\\\/\\\/www.diariofemenino.com.ar\\\/wp-content\\\/uploads\\\/carla-figueroa-marcha-145.jpg\",\"datePublished\":\"2012-11-25T21:27:38+00:00\",\"breadcrumb\":{\"@id\":\"https:\\\/\\\/diariofemenino.com.ar\\\/df\\\/violencia-contra-la-mujer-organizaciones-pampeanas-piden-la-emergencia-nacional\\\/#breadcrumb\"},\"inLanguage\":\"es\",\"potentialAction\":[{\"@type\":\"ReadAction\",\"target\":[\"https:\\\/\\\/diariofemenino.com.ar\\\/df\\\/violencia-contra-la-mujer-organizaciones-pampeanas-piden-la-emergencia-nacional\\\/\"]}]},{\"@type\":\"ImageObject\",\"inLanguage\":\"es\",\"@id\":\"https:\\\/\\\/diariofemenino.com.ar\\\/df\\\/violencia-contra-la-mujer-organizaciones-pampeanas-piden-la-emergencia-nacional\\\/#primaryimage\",\"url\":\"http:\\\/\\\/www.diariofemenino.com.ar\\\/wp-content\\\/uploads\\\/carla-figueroa-marcha-145.jpg\",\"contentUrl\":\"http:\\\/\\\/www.diariofemenino.com.ar\\\/wp-content\\\/uploads\\\/carla-figueroa-marcha-145.jpg\"},{\"@type\":\"BreadcrumbList\",\"@id\":\"https:\\\/\\\/diariofemenino.com.ar\\\/df\\\/violencia-contra-la-mujer-organizaciones-pampeanas-piden-la-emergencia-nacional\\\/#breadcrumb\",\"itemListElement\":[{\"@type\":\"ListItem\",\"position\":1,\"name\":\"Portada\",\"item\":\"https:\\\/\\\/diariofemenino.com.ar\\\/df\\\/\"},{\"@type\":\"ListItem\",\"position\":2,\"name\":\"Violencia contra la Mujer: organizaciones pampeanas piden la Emergencia Nacional\"}]},{\"@type\":\"WebSite\",\"@id\":\"https:\\\/\\\/diariofemenino.com.ar\\\/df\\\/#website\",\"url\":\"https:\\\/\\\/diariofemenino.com.ar\\\/df\\\/\",\"name\":\"Diario Digital Femenino\",\"description\":\"Cuesti\u00f3n de G\u00e9nero\",\"publisher\":{\"@id\":\"https:\\\/\\\/diariofemenino.com.ar\\\/df\\\/#organization\"},\"potentialAction\":[{\"@type\":\"SearchAction\",\"target\":{\"@type\":\"EntryPoint\",\"urlTemplate\":\"https:\\\/\\\/diariofemenino.com.ar\\\/df\\\/?s={search_term_string}\"},\"query-input\":{\"@type\":\"PropertyValueSpecification\",\"valueRequired\":true,\"valueName\":\"search_term_string\"}}],\"inLanguage\":\"es\"},{\"@type\":\"Organization\",\"@id\":\"https:\\\/\\\/diariofemenino.com.ar\\\/df\\\/#organization\",\"name\":\"Diario Femenino\",\"url\":\"https:\\\/\\\/diariofemenino.com.ar\\\/df\\\/\",\"logo\":{\"@type\":\"ImageObject\",\"inLanguage\":\"es\",\"@id\":\"https:\\\/\\\/diariofemenino.com.ar\\\/df\\\/#\\\/schema\\\/logo\\\/image\\\/\",\"url\":\"https:\\\/\\\/diariofemenino.com.ar\\\/df\\\/wp-content\\\/uploads\\\/2018\\\/10\\\/logo.png\",\"contentUrl\":\"https:\\\/\\\/diariofemenino.com.ar\\\/df\\\/wp-content\\\/uploads\\\/2018\\\/10\\\/logo.png\",\"width\":500,\"height\":92,\"caption\":\"Diario Femenino\"},\"image\":{\"@id\":\"https:\\\/\\\/diariofemenino.com.ar\\\/df\\\/#\\\/schema\\\/logo\\\/image\\\/\"},\"sameAs\":[\"https:\\\/\\\/www.facebook.com\\\/DiarioDigitaFemenino\\\/\",\"https:\\\/\\\/x.com\\\/DiarioFemenino1\"]},{\"@type\":\"Person\",\"@id\":\"https:\\\/\\\/diariofemenino.com.ar\\\/df\\\/#\\\/schema\\\/person\\\/38f54b3bfd13f561de2460ba95c169c6\",\"name\":\"Admin\",\"image\":{\"@type\":\"ImageObject\",\"inLanguage\":\"es\",\"@id\":\"https:\\\/\\\/diariofemenino.com.ar\\\/df\\\/wp-content\\\/uploads\\\/2018\\\/12\\\/favicon-150x150.jpg\",\"url\":\"https:\\\/\\\/diariofemenino.com.ar\\\/df\\\/wp-content\\\/uploads\\\/2018\\\/12\\\/favicon-150x150.jpg\",\"contentUrl\":\"https:\\\/\\\/diariofemenino.com.ar\\\/df\\\/wp-content\\\/uploads\\\/2018\\\/12\\\/favicon-150x150.jpg\",\"caption\":\"Admin\"},\"url\":\"https:\\\/\\\/diariofemenino.com.ar\\\/df\\\/author\\\/adm18df\\\/\"}]}<\/script>\n<!-- \/ Yoast SEO plugin. -->","yoast_head_json":{"title":"Violencia contra la Mujer: organizaciones pampeanas piden la Emergencia Nacional - Diario Digital Femenino","robots":{"index":"index","follow":"follow","max-snippet":"max-snippet:-1","max-image-preview":"max-image-preview:large","max-video-preview":"max-video-preview:-1"},"canonical":"https:\/\/diariofemenino.com.ar\/df\/violencia-contra-la-mujer-organizaciones-pampeanas-piden-la-emergencia-nacional\/","og_locale":"es_ES","og_type":"article","og_title":"Violencia contra la Mujer: organizaciones pampeanas piden la Emergencia Nacional - Diario Digital Femenino","og_description":"&nbsp; &nbsp; &nbsp; &nbsp; En el D\u00eda Internacional de la No Violencia contra las Mujeres, los movimientos, organizaciones e institucione se\u00f1alaron que \u201cresponsabilizamos de las violaciones y muertes de Sof\u00eda y Carla y de la desaparici\u00f3n de Andrea a los tres poderes del Estado provincial por la negligencia e impunidad de sus actuaciones. Porque las [&hellip;]","og_url":"https:\/\/diariofemenino.com.ar\/df\/violencia-contra-la-mujer-organizaciones-pampeanas-piden-la-emergencia-nacional\/","og_site_name":"Diario Digital Femenino","article_publisher":"https:\/\/www.facebook.com\/DiarioDigitaFemenino\/","article_published_time":"2012-11-25T21:27:38+00:00","og_image":[{"url":"http:\/\/www.diariofemenino.com.ar\/wp-content\/uploads\/carla-figueroa-marcha-145.jpg","type":"","width":"","height":""}],"author":"Admin","twitter_card":"summary_large_image","twitter_creator":"@DiarioFemenino1","twitter_site":"@DiarioFemenino1","twitter_misc":{"Escrito por":"Admin","Tiempo de lectura":"3 minutos"},"schema":{"@context":"https:\/\/schema.org","@graph":[{"@type":"Article","@id":"https:\/\/diariofemenino.com.ar\/df\/violencia-contra-la-mujer-organizaciones-pampeanas-piden-la-emergencia-nacional\/#article","isPartOf":{"@id":"https:\/\/diariofemenino.com.ar\/df\/violencia-contra-la-mujer-organizaciones-pampeanas-piden-la-emergencia-nacional\/"},"author":{"name":"Admin","@id":"https:\/\/diariofemenino.com.ar\/df\/#\/schema\/person\/38f54b3bfd13f561de2460ba95c169c6"},"headline":"Violencia contra la Mujer: organizaciones pampeanas piden la Emergencia Nacional","datePublished":"2012-11-25T21:27:38+00:00","mainEntityOfPage":{"@id":"https:\/\/diariofemenino.com.ar\/df\/violencia-contra-la-mujer-organizaciones-pampeanas-piden-la-emergencia-nacional\/"},"wordCount":640,"commentCount":0,"publisher":{"@id":"https:\/\/diariofemenino.com.ar\/df\/#organization"},"image":{"@id":"https:\/\/diariofemenino.com.ar\/df\/violencia-contra-la-mujer-organizaciones-pampeanas-piden-la-emergencia-nacional\/#primaryimage"},"thumbnailUrl":"http:\/\/www.diariofemenino.com.ar\/wp-content\/uploads\/carla-figueroa-marcha-145.jpg","articleSection":["Medios","Mujeres Sindicalistas"],"inLanguage":"es","potentialAction":[{"@type":"CommentAction","name":"Comment","target":["https:\/\/diariofemenino.com.ar\/df\/violencia-contra-la-mujer-organizaciones-pampeanas-piden-la-emergencia-nacional\/#respond"]}]},{"@type":"WebPage","@id":"https:\/\/diariofemenino.com.ar\/df\/violencia-contra-la-mujer-organizaciones-pampeanas-piden-la-emergencia-nacional\/","url":"https:\/\/diariofemenino.com.ar\/df\/violencia-contra-la-mujer-organizaciones-pampeanas-piden-la-emergencia-nacional\/","name":"Violencia contra la Mujer: organizaciones pampeanas piden la Emergencia Nacional - Diario Digital Femenino","isPartOf":{"@id":"https:\/\/diariofemenino.com.ar\/df\/#website"},"primaryImageOfPage":{"@id":"https:\/\/diariofemenino.com.ar\/df\/violencia-contra-la-mujer-organizaciones-pampeanas-piden-la-emergencia-nacional\/#primaryimage"},"image":{"@id":"https:\/\/diariofemenino.com.ar\/df\/violencia-contra-la-mujer-organizaciones-pampeanas-piden-la-emergencia-nacional\/#primaryimage"},"thumbnailUrl":"http:\/\/www.diariofemenino.com.ar\/wp-content\/uploads\/carla-figueroa-marcha-145.jpg","datePublished":"2012-11-25T21:27:38+00:00","breadcrumb":{"@id":"https:\/\/diariofemenino.com.ar\/df\/violencia-contra-la-mujer-organizaciones-pampeanas-piden-la-emergencia-nacional\/#breadcrumb"},"inLanguage":"es","potentialAction":[{"@type":"ReadAction","target":["https:\/\/diariofemenino.com.ar\/df\/violencia-contra-la-mujer-organizaciones-pampeanas-piden-la-emergencia-nacional\/"]}]},{"@type":"ImageObject","inLanguage":"es","@id":"https:\/\/diariofemenino.com.ar\/df\/violencia-contra-la-mujer-organizaciones-pampeanas-piden-la-emergencia-nacional\/#primaryimage","url":"http:\/\/www.diariofemenino.com.ar\/wp-content\/uploads\/carla-figueroa-marcha-145.jpg","contentUrl":"http:\/\/www.diariofemenino.com.ar\/wp-content\/uploads\/carla-figueroa-marcha-145.jpg"},{"@type":"BreadcrumbList","@id":"https:\/\/diariofemenino.com.ar\/df\/violencia-contra-la-mujer-organizaciones-pampeanas-piden-la-emergencia-nacional\/#breadcrumb","itemListElement":[{"@type":"ListItem","position":1,"name":"Portada","item":"https:\/\/diariofemenino.com.ar\/df\/"},{"@type":"ListItem","position":2,"name":"Violencia contra la Mujer: organizaciones pampeanas piden la Emergencia Nacional"}]},{"@type":"WebSite","@id":"https:\/\/diariofemenino.com.ar\/df\/#website","url":"https:\/\/diariofemenino.com.ar\/df\/","name":"Diario Digital Femenino","description":"Cuesti\u00f3n de G\u00e9nero","publisher":{"@id":"https:\/\/diariofemenino.com.ar\/df\/#organization"},"potentialAction":[{"@type":"SearchAction","target":{"@type":"EntryPoint","urlTemplate":"https:\/\/diariofemenino.com.ar\/df\/?s={search_term_string}"},"query-input":{"@type":"PropertyValueSpecification","valueRequired":true,"valueName":"search_term_string"}}],"inLanguage":"es"},{"@type":"Organization","@id":"https:\/\/diariofemenino.com.ar\/df\/#organization","name":"Diario Femenino","url":"https:\/\/diariofemenino.com.ar\/df\/","logo":{"@type":"ImageObject","inLanguage":"es","@id":"https:\/\/diariofemenino.com.ar\/df\/#\/schema\/logo\/image\/","url":"https:\/\/diariofemenino.com.ar\/df\/wp-content\/uploads\/2018\/10\/logo.png","contentUrl":"https:\/\/diariofemenino.com.ar\/df\/wp-content\/uploads\/2018\/10\/logo.png","width":500,"height":92,"caption":"Diario Femenino"},"image":{"@id":"https:\/\/diariofemenino.com.ar\/df\/#\/schema\/logo\/image\/"},"sameAs":["https:\/\/www.facebook.com\/DiarioDigitaFemenino\/","https:\/\/x.com\/DiarioFemenino1"]},{"@type":"Person","@id":"https:\/\/diariofemenino.com.ar\/df\/#\/schema\/person\/38f54b3bfd13f561de2460ba95c169c6","name":"Admin","image":{"@type":"ImageObject","inLanguage":"es","@id":"https:\/\/diariofemenino.com.ar\/df\/wp-content\/uploads\/2018\/12\/favicon-150x150.jpg","url":"https:\/\/diariofemenino.com.ar\/df\/wp-content\/uploads\/2018\/12\/favicon-150x150.jpg","contentUrl":"https:\/\/diariofemenino.com.ar\/df\/wp-content\/uploads\/2018\/12\/favicon-150x150.jpg","caption":"Admin"},"url":"https:\/\/diariofemenino.com.ar\/df\/author\/adm18df\/"}]}},"jetpack_featured_media_url":"","jetpack_sharing_enabled":true,"rttpg_featured_image_url":null,"rttpg_author":{"display_name":"Admin","author_link":"https:\/\/diariofemenino.com.ar\/df\/author\/adm18df\/"},"rttpg_comment":0,"rttpg_category":"<a href=\"https:\/\/diariofemenino.com.ar\/df\/category\/medios\/\" rel=\"category tag\">Medios<\/a> <a href=\"https:\/\/diariofemenino.com.ar\/df\/category\/mujeres-sindicalistas\/\" rel=\"category tag\">Mujeres Sindicalistas<\/a>","rttpg_excerpt":"&nbsp; &nbsp; &nbsp; &nbsp; En el D\u00eda Internacional de la No Violencia contra las Mujeres, los movimientos, organizaciones e institucione se\u00f1alaron que \u201cresponsabilizamos de las violaciones y muertes de Sof\u00eda y Carla y de la desaparici\u00f3n de Andrea a los tres poderes del Estado provincial por la negligencia e impunidad de sus actuaciones. Porque las&hellip;","_links":{"self":[{"href":"https:\/\/diariofemenino.com.ar\/df\/wp-json\/wp\/v2\/posts\/5028","targetHints":{"allow":["GET"]}}],"collection":[{"href":"https:\/\/diariofemenino.com.ar\/df\/wp-json\/wp\/v2\/posts"}],"about":[{"href":"https:\/\/diariofemenino.com.ar\/df\/wp-json\/wp\/v2\/types\/post"}],"author":[{"embeddable":true,"href":"https:\/\/diariofemenino.com.ar\/df\/wp-json\/wp\/v2\/users\/1"}],"replies":[{"embeddable":true,"href":"https:\/\/diariofemenino.com.ar\/df\/wp-json\/wp\/v2\/comments?post=5028"}],"version-history":[{"count":0,"href":"https:\/\/diariofemenino.com.ar\/df\/wp-json\/wp\/v2\/posts\/5028\/revisions"}],"wp:attachment":[{"href":"https:\/\/diariofemenino.com.ar\/df\/wp-json\/wp\/v2\/media?parent=5028"}],"wp:term":[{"taxonomy":"category","embeddable":true,"href":"https:\/\/diariofemenino.com.ar\/df\/wp-json\/wp\/v2\/categories?post=5028"},{"taxonomy":"post_tag","embeddable":true,"href":"https:\/\/diariofemenino.com.ar\/df\/wp-json\/wp\/v2\/tags?post=5028"}],"curies":[{"name":"wp","href":"https:\/\/api.w.org\/{rel}","templated":true}]}}