{"id":50232,"date":"2020-07-06T14:33:35","date_gmt":"2020-07-06T17:33:35","guid":{"rendered":"https:\/\/diariofemenino.com.ar\/?p=50232"},"modified":"2020-07-06T15:37:55","modified_gmt":"2020-07-06T18:37:55","slug":"hoy-rima-cumple-20-anos","status":"publish","type":"post","link":"https:\/\/diariofemenino.com.ar\/df\/hoy-rima-cumple-20-anos\/","title":{"rendered":"Hoy RIMA cumple 20 a\u00f1os"},"content":{"rendered":"<p>RIMA cumple 20 a\u00f1os<\/p>\n<p>La Red Informativa de Mujeres de Argentina (RIMA) celebra hoy sus 20 a\u00f1os de existencia. En ese marco, <strong>Claudia Anzorena<\/strong> record\u00f3 c\u00f3mo se lleg\u00f3 a la decisi\u00f3n de crear la red y\u00a0 c\u00f3mo revolucion\u00f3 a la sociedad.<\/p>\n<p>En di\u00e1logo con\u00a0<a href=\"https:\/\/diariofemenino.com.ar\/\">Diario Digital Femenino<\/a>, la coordinadora actual de RIMA cont\u00f3 que la iniciativa naci\u00f3 en Rosario, en el a\u00f1o 2000, cuando \u201creci\u00e9n empezaba a haber internet. Era todo muy nuevo, poca gente ten\u00eda acceso\u201d.<\/p>\n<figure id=\"attachment_50240\" aria-describedby=\"caption-attachment-50240\" style=\"width: 995px\" class=\"wp-caption alignnone\"><img loading=\"lazy\" decoding=\"async\" class=\"size-full wp-image-50240\" src=\"https:\/\/diariofemenino.com.ar\/df\/wp-content\/uploads\/2020\/07\/WhatsApp-Image-2020-07-05-at-20.49.14.jpeg\" alt=\"Hoy RIMA cumple 20 a\u00f1os. En 2004 Susana Bartolom\u00e9., Gabriela Adelstein, Claudia Anzorena, Liliana Pauluzzi Basia Gil, Irene Ocampo y\u00a0Natalia Bolcatto\" width=\"995\" height=\"561\" srcset=\"https:\/\/diariofemenino.com.ar\/df\/wp-content\/uploads\/2020\/07\/WhatsApp-Image-2020-07-05-at-20.49.14.jpeg 995w, https:\/\/diariofemenino.com.ar\/df\/wp-content\/uploads\/2020\/07\/WhatsApp-Image-2020-07-05-at-20.49.14-300x169.jpeg 300w, https:\/\/diariofemenino.com.ar\/df\/wp-content\/uploads\/2020\/07\/WhatsApp-Image-2020-07-05-at-20.49.14-768x433.jpeg 768w\" sizes=\"auto, (max-width: 995px) 100vw, 995px\" \/><figcaption id=\"caption-attachment-50240\" class=\"wp-caption-text\">Hoy RIMA cumple 20 a\u00f1os. En 2004 Susana Bartolom\u00e9., Gabriela Adelstein, Claudia Anzorena, Liliana Pauluzzi, Basia Gil, Irene Ocampo y\u00a0Natalia Bolcatto<\/figcaption><\/figure>\n<p>En aquel momento, se realiz\u00f3 un taller sobre Comunicaci\u00f3n y Nuevas Tecnolog\u00edas en Radio La Tribu, \u201cdonde estaba Liliana Daunes, entre otras feministas, y tambi\u00e9n estaban Gaby de Cicco e Irene Ocampo que ven\u00edan de las letras, poetas las dos, y eran pareja en ese entonces\u201d. All\u00ed tom\u00f3 contacto con la Red.<\/p>\n<p>De esa manera, comenz\u00f3 a gestarse \u201cesta idea de armar una lista de mails donde circulara informaci\u00f3n sobre mujeres y feminismo. Una de las conclusiones era que en los medios de comunicaci\u00f3n no se hablaba nada de temas de mujeres, g\u00e9neros, feminismos, etc\u00e9tera\u201d.<\/p>\n<p>Fue as\u00ed que RIMA naci\u00f3 como \u201cun espacio para difundir informaci\u00f3n sobre estas tem\u00e1ticas que no circulaban en ning\u00fan lado, no solo desde la visi\u00f3n del periodismo y la comunicaci\u00f3n, sino que serv\u00eda para nosotras mismas que est\u00e1bamos en distintos lugares del pa\u00eds. Hab\u00eda cuestiones que se desconoc\u00edan y estos espacios nos ayudaban a que nos enter\u00e1ramos de estas cosas\u201d.<\/p>\n<p>Un comienzo artesanal.<\/p>\n<p>Anzorena explic\u00f3 que en el Encuentro Nacional de Mujeres del 2000, que se realiz\u00f3 en Paran\u00e1, conoci\u00f3 a \u201cGaby e Irene y me contaron sobre este proyecto de Rima que hab\u00eda empezado en julio. La idea era un espacio donde circulara informaci\u00f3n sobre cuestiones de mujeres, g\u00e9neros, feminismos, diversidad y todas estas cuestiones\u201d.<\/p>\n<figure id=\"attachment_50237\" aria-describedby=\"caption-attachment-50237\" style=\"width: 573px\" class=\"wp-caption aligncenter\"><img loading=\"lazy\" decoding=\"async\" class=\"wp-image-50237 \" src=\"https:\/\/diariofemenino.com.ar\/df\/wp-content\/uploads\/2020\/07\/5ae9e89c-6fd3-4bf5-b5c4-0279cc1a8919.jpg\" alt=\"\" width=\"573\" height=\"430\" srcset=\"https:\/\/diariofemenino.com.ar\/df\/wp-content\/uploads\/2020\/07\/5ae9e89c-6fd3-4bf5-b5c4-0279cc1a8919.jpg 960w, https:\/\/diariofemenino.com.ar\/df\/wp-content\/uploads\/2020\/07\/5ae9e89c-6fd3-4bf5-b5c4-0279cc1a8919-300x225.jpg 300w, https:\/\/diariofemenino.com.ar\/df\/wp-content\/uploads\/2020\/07\/5ae9e89c-6fd3-4bf5-b5c4-0279cc1a8919-768x576.jpg 768w\" sizes=\"auto, (max-width: 573px) 100vw, 573px\" \/><figcaption id=\"caption-attachment-50237\" class=\"wp-caption-text\">Hoy RIMA cumple 20 a\u00f1os. Gabriela Adelstein &#8211; Claudia Anzorena<\/figcaption><\/figure>\n<p>Esto lo hac\u00eda de manera \u201cartesanal\u201d, desde su casa, donde armaron una p\u00e1gina web. \u201cSe llama <strong><a href=\"http:\/\/www.rimaweb.com.ar\/\">rimaweb.com.ar<\/a><\/strong> que ah\u00ed est\u00e1 la p\u00e1gina vieja tambi\u00e9n <a href=\"https:\/\/anterior.rimaweb.com.ar\/\"><strong>https:\/\/anterior.rimaweb.com.ar\/<\/strong><\/a>. Despu\u00e9s se empezaron a hacer otros espacios dentro de Rima, que empieza llam\u00e1ndose Red Informativa de Mujeres de Argentina, pero participaban mujeres de todos lados\u201d.<\/p>\n<p>Captura: La primera versi\u00f3n de RIMA, impulsada por Gaby de Cicco e Irene Ocampo<\/p>\n<p>\u201cYa tiene identidad\u201d<\/p>\n<p>La coordinadora cont\u00f3 que hubo debates, porque se quer\u00eda cambiar la l\u00f3gica de RIMA \u201cporque era muy mujerista, pero cambiar el nombre es cambiar el sentido, ya tiene identidad. Circula mucha informaci\u00f3n que no circulaba en ning\u00fan otro lado\u201d.<\/p>\n<p>\u201cEra s\u00faper interesante. Y era una cuesti\u00f3n que quienes particip\u00e1bamos activamente busc\u00e1bamos informaci\u00f3n, revis\u00e1bamos la fuente, le sac\u00e1bamos el formato para que pudieran descargar en un formato liviano\u201d.<\/p>\n<p>Por otro lado, record\u00f3 que \u201cen el 2003 se hace un taller de comunicaci\u00f3n de Rima, y ah\u00ed nos conocimos muchas personas. De C\u00f3rdoba, de Jujuy, de muchos lugares con compa\u00f1eras. Tambi\u00e9n en algunos momentos se populariza el feminismo, se crean distintos espacios y muchas de las organizaciones sociales empiezan a hacerse espacios para hablar y hacer reflexi\u00f3n de mujeres\u201d.<\/p>\n<p>En ese contexto, lo que se hac\u00eda desde RIMA era \u201ccondensar todo esto que pasaba y surg\u00edan colectivas de tantos lugares y nos conect\u00e1bamos entre nosotras en un momento en que no hab\u00eda conexi\u00f3n entre nosotras\u201d.<\/p>\n<p>\u201cAntes el trabajo grande era porque se moderaban todos los mails. Hoy en d\u00eda Rima se modera sola. El Facebook de Rima tiene m\u00e1s de 20000 miembros. Se mantiene la cuesti\u00f3n de no dejar entrar a varones masculinos, cis varones. Hay un c\u00edrculo que qued\u00f3 desde siempre que hace circular informaci\u00f3n que nos ayuda a enterarnos de todo lo que sucede. Muy federal, nos enter\u00e1bamos de cosas que suced\u00edan en otros lugares. Hubo muchas iniciativas como por ejemplo \u201cYo abort\u00e9\u201d en 2004, cuando vino Rebecca Gomperts. De esa campa\u00f1a hay muchos testimonios y fue muy lindo, hay casi 60 testimonios\u201d, destac\u00f3.<\/p>\n<p><strong>Convocatoria para la campa\u00f1a \u201cYo Abort\u00e9\u201d<\/strong><\/p>\n<figure id=\"attachment_50242\" aria-describedby=\"caption-attachment-50242\" style=\"width: 945px\" class=\"wp-caption alignnone\"><img loading=\"lazy\" decoding=\"async\" class=\"size-full wp-image-50242\" src=\"https:\/\/diariofemenino.com.ar\/df\/wp-content\/uploads\/2020\/07\/Campa\u00f1aYoAbort\u00e9.jpg\" alt=\"Hoy RIMA cumple 20 a\u00f1os\" width=\"945\" height=\"397\" srcset=\"https:\/\/diariofemenino.com.ar\/df\/wp-content\/uploads\/2020\/07\/Campa\u00f1aYoAbort\u00e9.jpg 945w, https:\/\/diariofemenino.com.ar\/df\/wp-content\/uploads\/2020\/07\/Campa\u00f1aYoAbort\u00e9-300x126.jpg 300w, https:\/\/diariofemenino.com.ar\/df\/wp-content\/uploads\/2020\/07\/Campa\u00f1aYoAbort\u00e9-768x323.jpg 768w\" sizes=\"auto, (max-width: 945px) 100vw, 945px\" \/><figcaption id=\"caption-attachment-50242\" class=\"wp-caption-text\">Hoy RIMA cumple 20 a\u00f1os<\/figcaption><\/figure>\n<p>&nbsp;<\/p>\n<p>Desaf\u00edos e \u201cinfiltrados\u201d<\/p>\n<p>\u201cEl espacio no ten\u00eda oficina f\u00edsica, sino que estaba en la casa de Gaby e Irene en rosario y para moderar se conectaban a las 23:00 hasta las 02:00 hs porque internet andaba m\u00e1s r\u00e1pido\u201d, rememor\u00f3 Anzorena, graficando las dificultades de conectividad en aquel entonces.<\/p>\n<p>\u201cEn alg\u00fan momento se ganaron algunos proyectos, pero lo que se ganaba era para comprar computadoras nuevas o pagar el host unos a\u00f1os y otras cosas que hac\u00edan falta.\u00a0 Compa\u00f1eras muy valiosas, que han fallecido, formaban parte de esto. Como Lohana Berkins, Isabel Monzon, Liliana Pauluzzi. Se han cruzado muchos debates, prostituci\u00f3n, abolicionismo, reglamentarismo, mujerismo, transfobia, etc. Y se nos han metido tipos con correos de mujeres\u201d, resalt\u00f3.<\/p>\n<p>De a poco, RIMA se transform\u00f3 en un espacio de comunicaci\u00f3n, de intercambio y de informaci\u00f3n, donde ya no hay muchos debates. La coordinadora reconoci\u00f3 esto y admiti\u00f3 que \u201cen la lista no hay tanto debates. El debate quiebra los espacios, as\u00ed que est\u00e1 bueno que no haya debate\u201d.<\/p>\n<p>\u201cPorque muchas veces hay discursos unipersonales, no debates. Yo tengo una visi\u00f3n particular, me duele mucho que el feminismo haya devenido en que en el feminismo no se puede debatir posturas. Lo m\u00e1s relevante es pensar que este espacio en cuanto empez\u00f3 fue novedoso y revolucionario, logramos algunas incidencias, algunas acciones. Llegamos a personas. Forma parte de la genealog\u00eda de nuestro feminismo m\u00e1s federal y no tan porte\u00f1o c\u00e9ntrico y es una iniciativa que surge en Rosario, no en Buenos Aires\u201d.<\/p>\n<p><strong>Galer\u00eda de Fotos<\/strong><\/p>\n<table>\n<tbody>\n<tr>\n<td width=\"566\"><img loading=\"lazy\" decoding=\"async\" class=\"alignnone size-large wp-image-50238\" src=\"https:\/\/diariofemenino.com.ar\/df\/wp-content\/uploads\/2020\/07\/30445e9a-09ac-4555-9414-2b2b0beb0912-1024x576.jpg\" alt=\"\" width=\"900\" height=\"506\" srcset=\"https:\/\/diariofemenino.com.ar\/df\/wp-content\/uploads\/2020\/07\/30445e9a-09ac-4555-9414-2b2b0beb0912-1024x576.jpg 1024w, https:\/\/diariofemenino.com.ar\/df\/wp-content\/uploads\/2020\/07\/30445e9a-09ac-4555-9414-2b2b0beb0912-300x169.jpg 300w, https:\/\/diariofemenino.com.ar\/df\/wp-content\/uploads\/2020\/07\/30445e9a-09ac-4555-9414-2b2b0beb0912-768x432.jpg 768w, https:\/\/diariofemenino.com.ar\/df\/wp-content\/uploads\/2020\/07\/30445e9a-09ac-4555-9414-2b2b0beb0912.jpg 1080w\" sizes=\"auto, (max-width: 900px) 100vw, 900px\" \/><\/td>\n<\/tr>\n<tr>\n<td width=\"566\">\n<p><figure id=\"attachment_50235\" aria-describedby=\"caption-attachment-50235\" style=\"width: 602px\" class=\"wp-caption alignnone\"><img loading=\"lazy\" decoding=\"async\" class=\" wp-image-50235\" src=\"https:\/\/diariofemenino.com.ar\/df\/wp-content\/uploads\/2020\/07\/WhatsApp-Image-2020-07-05-at-20.48.53.jpeg\" alt=\"Hoy RIMA cumple 20 a\u00f1os\" width=\"602\" height=\"375\" srcset=\"https:\/\/diariofemenino.com.ar\/df\/wp-content\/uploads\/2020\/07\/WhatsApp-Image-2020-07-05-at-20.48.53.jpeg 953w, https:\/\/diariofemenino.com.ar\/df\/wp-content\/uploads\/2020\/07\/WhatsApp-Image-2020-07-05-at-20.48.53-300x187.jpeg 300w, https:\/\/diariofemenino.com.ar\/df\/wp-content\/uploads\/2020\/07\/WhatsApp-Image-2020-07-05-at-20.48.53-768x479.jpeg 768w\" sizes=\"auto, (max-width: 602px) 100vw, 602px\" \/><figcaption id=\"caption-attachment-50235\" class=\"wp-caption-text\">Hoy RIMA cumple 20 a\u00f1os<\/figcaption><\/figure><\/td>\n<\/tr>\n<tr>\n<td width=\"566\">\n<p><figure id=\"attachment_50247\" aria-describedby=\"caption-attachment-50247\" style=\"width: 561px\" class=\"wp-caption alignnone\"><img loading=\"lazy\" decoding=\"async\" class=\"wp-image-50247 \" src=\"https:\/\/diariofemenino.com.ar\/df\/wp-content\/uploads\/2020\/07\/cumple2010-1024x768.jpg\" alt=\"Hoy RIMA cumple 20 a\u00f1os\" width=\"561\" height=\"421\" srcset=\"https:\/\/diariofemenino.com.ar\/df\/wp-content\/uploads\/2020\/07\/cumple2010-1024x768.jpg 1024w, https:\/\/diariofemenino.com.ar\/df\/wp-content\/uploads\/2020\/07\/cumple2010-300x225.jpg 300w, https:\/\/diariofemenino.com.ar\/df\/wp-content\/uploads\/2020\/07\/cumple2010-768x576.jpg 768w\" sizes=\"auto, (max-width: 561px) 100vw, 561px\" \/><figcaption id=\"caption-attachment-50247\" class=\"wp-caption-text\">Hoy RIMA cumple 20 a\u00f1os<\/figcaption><\/figure><\/td>\n<\/tr>\n<tr>\n<td width=\"566\"><img loading=\"lazy\" decoding=\"async\" class=\"alignnone wp-image-50246\" src=\"https:\/\/diariofemenino.com.ar\/df\/wp-content\/uploads\/2020\/07\/IMG_7626-1024x768.jpg\" alt=\"\" width=\"591\" height=\"443\" srcset=\"https:\/\/diariofemenino.com.ar\/df\/wp-content\/uploads\/2020\/07\/IMG_7626-1024x768.jpg 1024w, https:\/\/diariofemenino.com.ar\/df\/wp-content\/uploads\/2020\/07\/IMG_7626-300x225.jpg 300w, https:\/\/diariofemenino.com.ar\/df\/wp-content\/uploads\/2020\/07\/IMG_7626-768x576.jpg 768w\" sizes=\"auto, (max-width: 591px) 100vw, 591px\" \/><\/td>\n<\/tr>\n<tr>\n<td width=\"566\">\n<p><figure id=\"attachment_50244\" aria-describedby=\"caption-attachment-50244\" style=\"width: 600px\" class=\"wp-caption alignnone\"><img loading=\"lazy\" decoding=\"async\" class=\"wp-image-50244 \" src=\"https:\/\/diariofemenino.com.ar\/df\/wp-content\/uploads\/2020\/07\/IMG_7635-1024x768.jpg\" alt=\"Hoy RIMA cumple 20 a\u00f1os\" width=\"600\" height=\"450\" srcset=\"https:\/\/diariofemenino.com.ar\/df\/wp-content\/uploads\/2020\/07\/IMG_7635-1024x768.jpg 1024w, https:\/\/diariofemenino.com.ar\/df\/wp-content\/uploads\/2020\/07\/IMG_7635-300x225.jpg 300w, https:\/\/diariofemenino.com.ar\/df\/wp-content\/uploads\/2020\/07\/IMG_7635-768x576.jpg 768w\" sizes=\"auto, (max-width: 600px) 100vw, 600px\" \/><figcaption id=\"caption-attachment-50244\" class=\"wp-caption-text\">Hoy RIMA cumple 20 a\u00f1os<\/figcaption><\/figure><\/td>\n<\/tr>\n<tr>\n<td width=\"566\"><img loading=\"lazy\" decoding=\"async\" class=\"alignnone wp-image-50248\" src=\"https:\/\/diariofemenino.com.ar\/df\/wp-content\/uploads\/2020\/07\/cumpleri2004.jpg\" alt=\"\" width=\"598\" height=\"444\" srcset=\"https:\/\/diariofemenino.com.ar\/df\/wp-content\/uploads\/2020\/07\/cumpleri2004.jpg 502w, https:\/\/diariofemenino.com.ar\/df\/wp-content\/uploads\/2020\/07\/cumpleri2004-300x223.jpg 300w\" sizes=\"auto, (max-width: 598px) 100vw, 598px\" \/><\/td>\n<\/tr>\n<tr>\n<td width=\"566\"><img loading=\"lazy\" decoding=\"async\" class=\"alignnone size-full wp-image-50249\" src=\"https:\/\/diariofemenino.com.ar\/df\/wp-content\/uploads\/2020\/07\/Copia-de-14.jpg\" alt=\"\" width=\"800\" height=\"488\" srcset=\"https:\/\/diariofemenino.com.ar\/df\/wp-content\/uploads\/2020\/07\/Copia-de-14.jpg 800w, https:\/\/diariofemenino.com.ar\/df\/wp-content\/uploads\/2020\/07\/Copia-de-14-300x183.jpg 300w, https:\/\/diariofemenino.com.ar\/df\/wp-content\/uploads\/2020\/07\/Copia-de-14-768x468.jpg 768w\" sizes=\"auto, (max-width: 800px) 100vw, 800px\" \/><\/td>\n<\/tr>\n<tr>\n<td width=\"566\"><img loading=\"lazy\" decoding=\"async\" class=\"alignnone size-full wp-image-50250\" src=\"https:\/\/diariofemenino.com.ar\/df\/wp-content\/uploads\/2020\/07\/Taller2003.jpg\" alt=\"\" width=\"800\" height=\"610\" srcset=\"https:\/\/diariofemenino.com.ar\/df\/wp-content\/uploads\/2020\/07\/Taller2003.jpg 800w, https:\/\/diariofemenino.com.ar\/df\/wp-content\/uploads\/2020\/07\/Taller2003-300x229.jpg 300w, https:\/\/diariofemenino.com.ar\/df\/wp-content\/uploads\/2020\/07\/Taller2003-768x586.jpg 768w\" sizes=\"auto, (max-width: 800px) 100vw, 800px\" \/><\/td>\n<\/tr>\n<tr>\n<td width=\"566\"><img loading=\"lazy\" decoding=\"async\" class=\"alignnone size-full wp-image-50252\" src=\"https:\/\/diariofemenino.com.ar\/df\/wp-content\/uploads\/2020\/07\/13-1.jpg\" alt=\"\" width=\"800\" height=\"555\" srcset=\"https:\/\/diariofemenino.com.ar\/df\/wp-content\/uploads\/2020\/07\/13-1.jpg 800w, https:\/\/diariofemenino.com.ar\/df\/wp-content\/uploads\/2020\/07\/13-1-300x208.jpg 300w, https:\/\/diariofemenino.com.ar\/df\/wp-content\/uploads\/2020\/07\/13-1-768x533.jpg 768w\" sizes=\"auto, (max-width: 800px) 100vw, 800px\" \/><\/td>\n<\/tr>\n<tr>\n<td width=\"566\"><img loading=\"lazy\" decoding=\"async\" class=\"alignnone size-full wp-image-50253\" src=\"https:\/\/diariofemenino.com.ar\/df\/wp-content\/uploads\/2020\/07\/11.jpg\" alt=\"\" width=\"800\" height=\"548\" srcset=\"https:\/\/diariofemenino.com.ar\/df\/wp-content\/uploads\/2020\/07\/11.jpg 800w, https:\/\/diariofemenino.com.ar\/df\/wp-content\/uploads\/2020\/07\/11-300x206.jpg 300w, https:\/\/diariofemenino.com.ar\/df\/wp-content\/uploads\/2020\/07\/11-768x526.jpg 768w\" sizes=\"auto, (max-width: 800px) 100vw, 800px\" \/><\/td>\n<\/tr>\n<tr>\n<td width=\"566\"><img loading=\"lazy\" decoding=\"async\" class=\"alignnone size-full wp-image-50254\" src=\"https:\/\/diariofemenino.com.ar\/df\/wp-content\/uploads\/2020\/07\/9.jpg\" alt=\"\" width=\"800\" height=\"482\" srcset=\"https:\/\/diariofemenino.com.ar\/df\/wp-content\/uploads\/2020\/07\/9.jpg 800w, https:\/\/diariofemenino.com.ar\/df\/wp-content\/uploads\/2020\/07\/9-300x181.jpg 300w, https:\/\/diariofemenino.com.ar\/df\/wp-content\/uploads\/2020\/07\/9-768x463.jpg 768w\" sizes=\"auto, (max-width: 800px) 100vw, 800px\" \/><\/td>\n<\/tr>\n<tr>\n<td width=\"566\"><img loading=\"lazy\" decoding=\"async\" class=\"alignnone size-full wp-image-50255\" src=\"https:\/\/diariofemenino.com.ar\/df\/wp-content\/uploads\/2020\/07\/8.jpg\" alt=\"\" width=\"800\" height=\"520\" srcset=\"https:\/\/diariofemenino.com.ar\/df\/wp-content\/uploads\/2020\/07\/8.jpg 800w, https:\/\/diariofemenino.com.ar\/df\/wp-content\/uploads\/2020\/07\/8-300x195.jpg 300w, https:\/\/diariofemenino.com.ar\/df\/wp-content\/uploads\/2020\/07\/8-768x499.jpg 768w\" sizes=\"auto, (max-width: 800px) 100vw, 800px\" \/><\/td>\n<\/tr>\n<tr>\n<td width=\"566\"><img loading=\"lazy\" decoding=\"async\" class=\"alignnone size-full wp-image-50256\" src=\"https:\/\/diariofemenino.com.ar\/df\/wp-content\/uploads\/2020\/07\/7-1.jpg\" alt=\"\" width=\"800\" height=\"580\" srcset=\"https:\/\/diariofemenino.com.ar\/df\/wp-content\/uploads\/2020\/07\/7-1.jpg 800w, https:\/\/diariofemenino.com.ar\/df\/wp-content\/uploads\/2020\/07\/7-1-300x218.jpg 300w, https:\/\/diariofemenino.com.ar\/df\/wp-content\/uploads\/2020\/07\/7-1-768x557.jpg 768w\" sizes=\"auto, (max-width: 800px) 100vw, 800px\" \/><\/td>\n<\/tr>\n<tr>\n<td width=\"566\"><img loading=\"lazy\" decoding=\"async\" class=\"alignnone size-full wp-image-50257\" src=\"https:\/\/diariofemenino.com.ar\/df\/wp-content\/uploads\/2020\/07\/5-1.jpg\" alt=\"\" width=\"800\" height=\"499\" srcset=\"https:\/\/diariofemenino.com.ar\/df\/wp-content\/uploads\/2020\/07\/5-1.jpg 800w, https:\/\/diariofemenino.com.ar\/df\/wp-content\/uploads\/2020\/07\/5-1-300x187.jpg 300w, https:\/\/diariofemenino.com.ar\/df\/wp-content\/uploads\/2020\/07\/5-1-768x479.jpg 768w\" sizes=\"auto, (max-width: 800px) 100vw, 800px\" \/><\/td>\n<\/tr>\n<tr>\n<td width=\"566\"><img loading=\"lazy\" decoding=\"async\" class=\"alignnone size-full wp-image-50258\" src=\"https:\/\/diariofemenino.com.ar\/df\/wp-content\/uploads\/2020\/07\/3.jpg\" alt=\"\" width=\"800\" height=\"580\" srcset=\"https:\/\/diariofemenino.com.ar\/df\/wp-content\/uploads\/2020\/07\/3.jpg 800w, https:\/\/diariofemenino.com.ar\/df\/wp-content\/uploads\/2020\/07\/3-300x218.jpg 300w, https:\/\/diariofemenino.com.ar\/df\/wp-content\/uploads\/2020\/07\/3-768x557.jpg 768w\" sizes=\"auto, (max-width: 800px) 100vw, 800px\" \/><\/td>\n<\/tr>\n<tr>\n<td width=\"566\"><img loading=\"lazy\" decoding=\"async\" class=\"alignnone size-full wp-image-50259\" src=\"https:\/\/diariofemenino.com.ar\/df\/wp-content\/uploads\/2020\/07\/2-1.jpg\" alt=\"\" width=\"800\" height=\"555\" srcset=\"https:\/\/diariofemenino.com.ar\/df\/wp-content\/uploads\/2020\/07\/2-1.jpg 800w, https:\/\/diariofemenino.com.ar\/df\/wp-content\/uploads\/2020\/07\/2-1-300x208.jpg 300w, https:\/\/diariofemenino.com.ar\/df\/wp-content\/uploads\/2020\/07\/2-1-768x533.jpg 768w\" sizes=\"auto, (max-width: 800px) 100vw, 800px\" \/><\/td>\n<\/tr>\n<tr>\n<td width=\"566\"><img loading=\"lazy\" decoding=\"async\" class=\"alignnone wp-image-50243\" src=\"https:\/\/diariofemenino.com.ar\/df\/wp-content\/uploads\/2020\/07\/dmygaba01.jpg\" alt=\"\" width=\"601\" height=\"406\" srcset=\"https:\/\/diariofemenino.com.ar\/df\/wp-content\/uploads\/2020\/07\/dmygaba01.jpg 480w, https:\/\/diariofemenino.com.ar\/df\/wp-content\/uploads\/2020\/07\/dmygaba01-300x203.jpg 300w\" sizes=\"auto, (max-width: 601px) 100vw, 601px\" \/><\/td>\n<\/tr>\n<tr>\n<td width=\"566\"><\/td>\n<\/tr>\n<tr>\n<td width=\"566\"><\/td>\n<\/tr>\n<tr>\n<td width=\"566\"><a href=\"https:\/\/diariofemenino.com.ar\/category\/articulos\/\">Mujeres en palabras<\/a><\/td>\n<\/tr>\n<tr>\n<td width=\"566\"><\/td>\n<\/tr>\n<tr>\n<td width=\"566\"><\/td>\n<\/tr>\n<\/tbody>\n<\/table>\n","protected":false},"excerpt":{"rendered":"<p>RIMA cumple 20 a\u00f1os La Red Informativa de Mujeres de Argentina (RIMA) celebra hoy sus 20 a\u00f1os de existencia. En ese marco, Claudia Anzorena record\u00f3 c\u00f3mo se lleg\u00f3 a la decisi\u00f3n de crear la red y\u00a0 c\u00f3mo revolucion\u00f3 a la sociedad. En di\u00e1logo con\u00a0Diario Digital Femenino, la coordinadora actual de RIMA cont\u00f3 que la iniciativa [&hellip;]<\/p>\n","protected":false},"author":4,"featured_media":50239,"comment_status":"open","ping_status":"open","sticky":false,"template":"","format":"standard","meta":{"iawp_total_views":39,"footnotes":""},"categories":[1067,4,6,21],"tags":[3307,3306],"class_list":["post-50232","post","type-post","status-publish","format-standard","has-post-thumbnail","hentry","category-agenda-feminista","category-medios","category-articulos","category-noticias","tag-20-anos","tag-rima"],"nelio_content":{"autoShareEndMode":"never","automationSources":{"useCustomSentences":false,"customSentences":[]},"efiAlt":"","efiUrl":"","followers":[4],"highlights":[],"isAutoShareEnabled":true,"networkImageIds":[],"permalinkQueryArgs":[],"series":[],"suggestedReferences":[]},"yoast_head":"<!-- This site is optimized with the Yoast SEO plugin v27.4 - https:\/\/yoast.com\/product\/yoast-seo-wordpress\/ -->\n<title>Hoy RIMA cumple 20 a\u00f1os - Diario Digital Femenino<\/title>\n<meta name=\"description\" content=\"RIMA cumple 20 a\u00f1os. La Red Informativa de Mujeres de Argentina (RIMA) celebra hoy sus 20 a\u00f1os de existencia. Dialogamos con Claudia Anzorena\" \/>\n<meta name=\"robots\" content=\"index, follow, max-snippet:-1, max-image-preview:large, max-video-preview:-1\" \/>\n<link rel=\"canonical\" href=\"https:\/\/diariofemenino.com.ar\/df\/hoy-rima-cumple-20-anos\/\" \/>\n<meta property=\"og:locale\" content=\"es_ES\" \/>\n<meta property=\"og:type\" content=\"article\" \/>\n<meta property=\"og:title\" content=\"Hoy RIMA cumple 20 a\u00f1os - Diario Digital Femenino\" \/>\n<meta property=\"og:description\" content=\"RIMA cumple 20 a\u00f1os. La Red Informativa de Mujeres de Argentina (RIMA) celebra hoy sus 20 a\u00f1os de existencia. Dialogamos con Claudia Anzorena\" \/>\n<meta property=\"og:url\" content=\"https:\/\/diariofemenino.com.ar\/df\/hoy-rima-cumple-20-anos\/\" \/>\n<meta property=\"og:site_name\" content=\"Diario Digital Femenino\" \/>\n<meta property=\"article:publisher\" content=\"https:\/\/www.facebook.com\/DiarioDigitaFemenino\/\" \/>\n<meta property=\"article:published_time\" content=\"2020-07-06T17:33:35+00:00\" \/>\n<meta property=\"article:modified_time\" content=\"2020-07-06T18:37:55+00:00\" \/>\n<meta property=\"og:image\" content=\"https:\/\/diariofemenino.com.ar\/df\/wp-content\/uploads\/2020\/07\/RIMITA-2001.jpg\" \/>\n\t<meta property=\"og:image:width\" content=\"800\" \/>\n\t<meta property=\"og:image:height\" content=\"549\" \/>\n\t<meta property=\"og:image:type\" content=\"image\/jpeg\" \/>\n<meta name=\"author\" content=\"Admin\" \/>\n<meta name=\"twitter:card\" content=\"summary_large_image\" \/>\n<meta name=\"twitter:creator\" content=\"@DiarioFemenino1\" \/>\n<meta name=\"twitter:site\" content=\"@DiarioFemenino1\" \/>\n<meta name=\"twitter:label1\" content=\"Escrito por\" \/>\n\t<meta name=\"twitter:data1\" content=\"Admin\" \/>\n\t<meta name=\"twitter:label2\" content=\"Tiempo de lectura\" \/>\n\t<meta name=\"twitter:data2\" content=\"5 minutos\" \/>\n<script type=\"application\/ld+json\" class=\"yoast-schema-graph\">{\"@context\":\"https:\\\/\\\/schema.org\",\"@graph\":[{\"@type\":\"Article\",\"@id\":\"https:\\\/\\\/diariofemenino.com.ar\\\/df\\\/hoy-rima-cumple-20-anos\\\/#article\",\"isPartOf\":{\"@id\":\"https:\\\/\\\/diariofemenino.com.ar\\\/df\\\/hoy-rima-cumple-20-anos\\\/\"},\"author\":{\"name\":\"Admin\",\"@id\":\"https:\\\/\\\/diariofemenino.com.ar\\\/df\\\/#\\\/schema\\\/person\\\/bf6199e8158c657ea6f789b11ec85509\"},\"headline\":\"Hoy RIMA cumple 20 a\u00f1os\",\"datePublished\":\"2020-07-06T17:33:35+00:00\",\"dateModified\":\"2020-07-06T18:37:55+00:00\",\"mainEntityOfPage\":{\"@id\":\"https:\\\/\\\/diariofemenino.com.ar\\\/df\\\/hoy-rima-cumple-20-anos\\\/\"},\"wordCount\":1059,\"commentCount\":0,\"publisher\":{\"@id\":\"https:\\\/\\\/diariofemenino.com.ar\\\/df\\\/#organization\"},\"image\":{\"@id\":\"https:\\\/\\\/diariofemenino.com.ar\\\/df\\\/hoy-rima-cumple-20-anos\\\/#primaryimage\"},\"thumbnailUrl\":\"https:\\\/\\\/diariofemenino.com.ar\\\/df\\\/wp-content\\\/uploads\\\/2020\\\/07\\\/RIMITA-2001.jpg\",\"keywords\":[\"20 a\u00f1os\",\"RIMA\"],\"articleSection\":[\"Agenda Feminista\",\"Medios\",\"Mujeres en Palabras\",\"Noticias\"],\"inLanguage\":\"es\",\"potentialAction\":[{\"@type\":\"CommentAction\",\"name\":\"Comment\",\"target\":[\"https:\\\/\\\/diariofemenino.com.ar\\\/df\\\/hoy-rima-cumple-20-anos\\\/#respond\"]}]},{\"@type\":\"WebPage\",\"@id\":\"https:\\\/\\\/diariofemenino.com.ar\\\/df\\\/hoy-rima-cumple-20-anos\\\/\",\"url\":\"https:\\\/\\\/diariofemenino.com.ar\\\/df\\\/hoy-rima-cumple-20-anos\\\/\",\"name\":\"Hoy RIMA cumple 20 a\u00f1os - Diario Digital Femenino\",\"isPartOf\":{\"@id\":\"https:\\\/\\\/diariofemenino.com.ar\\\/df\\\/#website\"},\"primaryImageOfPage\":{\"@id\":\"https:\\\/\\\/diariofemenino.com.ar\\\/df\\\/hoy-rima-cumple-20-anos\\\/#primaryimage\"},\"image\":{\"@id\":\"https:\\\/\\\/diariofemenino.com.ar\\\/df\\\/hoy-rima-cumple-20-anos\\\/#primaryimage\"},\"thumbnailUrl\":\"https:\\\/\\\/diariofemenino.com.ar\\\/df\\\/wp-content\\\/uploads\\\/2020\\\/07\\\/RIMITA-2001.jpg\",\"datePublished\":\"2020-07-06T17:33:35+00:00\",\"dateModified\":\"2020-07-06T18:37:55+00:00\",\"description\":\"RIMA cumple 20 a\u00f1os. La Red Informativa de Mujeres de Argentina (RIMA) celebra hoy sus 20 a\u00f1os de existencia. Dialogamos con Claudia Anzorena\",\"breadcrumb\":{\"@id\":\"https:\\\/\\\/diariofemenino.com.ar\\\/df\\\/hoy-rima-cumple-20-anos\\\/#breadcrumb\"},\"inLanguage\":\"es\",\"potentialAction\":[{\"@type\":\"ReadAction\",\"target\":[\"https:\\\/\\\/diariofemenino.com.ar\\\/df\\\/hoy-rima-cumple-20-anos\\\/\"]}]},{\"@type\":\"ImageObject\",\"inLanguage\":\"es\",\"@id\":\"https:\\\/\\\/diariofemenino.com.ar\\\/df\\\/hoy-rima-cumple-20-anos\\\/#primaryimage\",\"url\":\"https:\\\/\\\/diariofemenino.com.ar\\\/df\\\/wp-content\\\/uploads\\\/2020\\\/07\\\/RIMITA-2001.jpg\",\"contentUrl\":\"https:\\\/\\\/diariofemenino.com.ar\\\/df\\\/wp-content\\\/uploads\\\/2020\\\/07\\\/RIMITA-2001.jpg\",\"width\":800,\"height\":549,\"caption\":\"Hoy RIMA cumple 20 a\u00f1os\"},{\"@type\":\"BreadcrumbList\",\"@id\":\"https:\\\/\\\/diariofemenino.com.ar\\\/df\\\/hoy-rima-cumple-20-anos\\\/#breadcrumb\",\"itemListElement\":[{\"@type\":\"ListItem\",\"position\":1,\"name\":\"Portada\",\"item\":\"https:\\\/\\\/diariofemenino.com.ar\\\/df\\\/\"},{\"@type\":\"ListItem\",\"position\":2,\"name\":\"Hoy RIMA cumple 20 a\u00f1os\"}]},{\"@type\":\"WebSite\",\"@id\":\"https:\\\/\\\/diariofemenino.com.ar\\\/df\\\/#website\",\"url\":\"https:\\\/\\\/diariofemenino.com.ar\\\/df\\\/\",\"name\":\"Diario Digital Femenino\",\"description\":\"Cuesti\u00f3n de G\u00e9nero\",\"publisher\":{\"@id\":\"https:\\\/\\\/diariofemenino.com.ar\\\/df\\\/#organization\"},\"potentialAction\":[{\"@type\":\"SearchAction\",\"target\":{\"@type\":\"EntryPoint\",\"urlTemplate\":\"https:\\\/\\\/diariofemenino.com.ar\\\/df\\\/?s={search_term_string}\"},\"query-input\":{\"@type\":\"PropertyValueSpecification\",\"valueRequired\":true,\"valueName\":\"search_term_string\"}}],\"inLanguage\":\"es\"},{\"@type\":\"Organization\",\"@id\":\"https:\\\/\\\/diariofemenino.com.ar\\\/df\\\/#organization\",\"name\":\"Diario Femenino\",\"url\":\"https:\\\/\\\/diariofemenino.com.ar\\\/df\\\/\",\"logo\":{\"@type\":\"ImageObject\",\"inLanguage\":\"es\",\"@id\":\"https:\\\/\\\/diariofemenino.com.ar\\\/df\\\/#\\\/schema\\\/logo\\\/image\\\/\",\"url\":\"https:\\\/\\\/diariofemenino.com.ar\\\/df\\\/wp-content\\\/uploads\\\/2018\\\/10\\\/logo.png\",\"contentUrl\":\"https:\\\/\\\/diariofemenino.com.ar\\\/df\\\/wp-content\\\/uploads\\\/2018\\\/10\\\/logo.png\",\"width\":500,\"height\":92,\"caption\":\"Diario Femenino\"},\"image\":{\"@id\":\"https:\\\/\\\/diariofemenino.com.ar\\\/df\\\/#\\\/schema\\\/logo\\\/image\\\/\"},\"sameAs\":[\"https:\\\/\\\/www.facebook.com\\\/DiarioDigitaFemenino\\\/\",\"https:\\\/\\\/x.com\\\/DiarioFemenino1\"]},{\"@type\":\"Person\",\"@id\":\"https:\\\/\\\/diariofemenino.com.ar\\\/df\\\/#\\\/schema\\\/person\\\/bf6199e8158c657ea6f789b11ec85509\",\"name\":\"Admin\",\"image\":{\"@type\":\"ImageObject\",\"inLanguage\":\"es\",\"@id\":\"https:\\\/\\\/diariofemenino.com.ar\\\/df\\\/wp-content\\\/uploads\\\/2018\\\/12\\\/favicon-150x150.jpg\",\"url\":\"https:\\\/\\\/diariofemenino.com.ar\\\/df\\\/wp-content\\\/uploads\\\/2018\\\/12\\\/favicon-150x150.jpg\",\"contentUrl\":\"https:\\\/\\\/diariofemenino.com.ar\\\/df\\\/wp-content\\\/uploads\\\/2018\\\/12\\\/favicon-150x150.jpg\",\"caption\":\"Admin\"},\"url\":\"https:\\\/\\\/diariofemenino.com.ar\\\/df\\\/author\\\/lenny\\\/\"}]}<\/script>\n<!-- \/ Yoast SEO plugin. -->","yoast_head_json":{"title":"Hoy RIMA cumple 20 a\u00f1os - Diario Digital Femenino","description":"RIMA cumple 20 a\u00f1os. La Red Informativa de Mujeres de Argentina (RIMA) celebra hoy sus 20 a\u00f1os de existencia. Dialogamos con Claudia Anzorena","robots":{"index":"index","follow":"follow","max-snippet":"max-snippet:-1","max-image-preview":"max-image-preview:large","max-video-preview":"max-video-preview:-1"},"canonical":"https:\/\/diariofemenino.com.ar\/df\/hoy-rima-cumple-20-anos\/","og_locale":"es_ES","og_type":"article","og_title":"Hoy RIMA cumple 20 a\u00f1os - Diario Digital Femenino","og_description":"RIMA cumple 20 a\u00f1os. La Red Informativa de Mujeres de Argentina (RIMA) celebra hoy sus 20 a\u00f1os de existencia. Dialogamos con Claudia Anzorena","og_url":"https:\/\/diariofemenino.com.ar\/df\/hoy-rima-cumple-20-anos\/","og_site_name":"Diario Digital Femenino","article_publisher":"https:\/\/www.facebook.com\/DiarioDigitaFemenino\/","article_published_time":"2020-07-06T17:33:35+00:00","article_modified_time":"2020-07-06T18:37:55+00:00","og_image":[{"width":800,"height":549,"url":"https:\/\/diariofemenino.com.ar\/df\/wp-content\/uploads\/2020\/07\/RIMITA-2001.jpg","type":"image\/jpeg"}],"author":"Admin","twitter_card":"summary_large_image","twitter_creator":"@DiarioFemenino1","twitter_site":"@DiarioFemenino1","twitter_misc":{"Escrito por":"Admin","Tiempo de lectura":"5 minutos"},"schema":{"@context":"https:\/\/schema.org","@graph":[{"@type":"Article","@id":"https:\/\/diariofemenino.com.ar\/df\/hoy-rima-cumple-20-anos\/#article","isPartOf":{"@id":"https:\/\/diariofemenino.com.ar\/df\/hoy-rima-cumple-20-anos\/"},"author":{"name":"Admin","@id":"https:\/\/diariofemenino.com.ar\/df\/#\/schema\/person\/bf6199e8158c657ea6f789b11ec85509"},"headline":"Hoy RIMA cumple 20 a\u00f1os","datePublished":"2020-07-06T17:33:35+00:00","dateModified":"2020-07-06T18:37:55+00:00","mainEntityOfPage":{"@id":"https:\/\/diariofemenino.com.ar\/df\/hoy-rima-cumple-20-anos\/"},"wordCount":1059,"commentCount":0,"publisher":{"@id":"https:\/\/diariofemenino.com.ar\/df\/#organization"},"image":{"@id":"https:\/\/diariofemenino.com.ar\/df\/hoy-rima-cumple-20-anos\/#primaryimage"},"thumbnailUrl":"https:\/\/diariofemenino.com.ar\/df\/wp-content\/uploads\/2020\/07\/RIMITA-2001.jpg","keywords":["20 a\u00f1os","RIMA"],"articleSection":["Agenda Feminista","Medios","Mujeres en Palabras","Noticias"],"inLanguage":"es","potentialAction":[{"@type":"CommentAction","name":"Comment","target":["https:\/\/diariofemenino.com.ar\/df\/hoy-rima-cumple-20-anos\/#respond"]}]},{"@type":"WebPage","@id":"https:\/\/diariofemenino.com.ar\/df\/hoy-rima-cumple-20-anos\/","url":"https:\/\/diariofemenino.com.ar\/df\/hoy-rima-cumple-20-anos\/","name":"Hoy RIMA cumple 20 a\u00f1os - Diario Digital Femenino","isPartOf":{"@id":"https:\/\/diariofemenino.com.ar\/df\/#website"},"primaryImageOfPage":{"@id":"https:\/\/diariofemenino.com.ar\/df\/hoy-rima-cumple-20-anos\/#primaryimage"},"image":{"@id":"https:\/\/diariofemenino.com.ar\/df\/hoy-rima-cumple-20-anos\/#primaryimage"},"thumbnailUrl":"https:\/\/diariofemenino.com.ar\/df\/wp-content\/uploads\/2020\/07\/RIMITA-2001.jpg","datePublished":"2020-07-06T17:33:35+00:00","dateModified":"2020-07-06T18:37:55+00:00","description":"RIMA cumple 20 a\u00f1os. La Red Informativa de Mujeres de Argentina (RIMA) celebra hoy sus 20 a\u00f1os de existencia. Dialogamos con Claudia Anzorena","breadcrumb":{"@id":"https:\/\/diariofemenino.com.ar\/df\/hoy-rima-cumple-20-anos\/#breadcrumb"},"inLanguage":"es","potentialAction":[{"@type":"ReadAction","target":["https:\/\/diariofemenino.com.ar\/df\/hoy-rima-cumple-20-anos\/"]}]},{"@type":"ImageObject","inLanguage":"es","@id":"https:\/\/diariofemenino.com.ar\/df\/hoy-rima-cumple-20-anos\/#primaryimage","url":"https:\/\/diariofemenino.com.ar\/df\/wp-content\/uploads\/2020\/07\/RIMITA-2001.jpg","contentUrl":"https:\/\/diariofemenino.com.ar\/df\/wp-content\/uploads\/2020\/07\/RIMITA-2001.jpg","width":800,"height":549,"caption":"Hoy RIMA cumple 20 a\u00f1os"},{"@type":"BreadcrumbList","@id":"https:\/\/diariofemenino.com.ar\/df\/hoy-rima-cumple-20-anos\/#breadcrumb","itemListElement":[{"@type":"ListItem","position":1,"name":"Portada","item":"https:\/\/diariofemenino.com.ar\/df\/"},{"@type":"ListItem","position":2,"name":"Hoy RIMA cumple 20 a\u00f1os"}]},{"@type":"WebSite","@id":"https:\/\/diariofemenino.com.ar\/df\/#website","url":"https:\/\/diariofemenino.com.ar\/df\/","name":"Diario Digital Femenino","description":"Cuesti\u00f3n de G\u00e9nero","publisher":{"@id":"https:\/\/diariofemenino.com.ar\/df\/#organization"},"potentialAction":[{"@type":"SearchAction","target":{"@type":"EntryPoint","urlTemplate":"https:\/\/diariofemenino.com.ar\/df\/?s={search_term_string}"},"query-input":{"@type":"PropertyValueSpecification","valueRequired":true,"valueName":"search_term_string"}}],"inLanguage":"es"},{"@type":"Organization","@id":"https:\/\/diariofemenino.com.ar\/df\/#organization","name":"Diario Femenino","url":"https:\/\/diariofemenino.com.ar\/df\/","logo":{"@type":"ImageObject","inLanguage":"es","@id":"https:\/\/diariofemenino.com.ar\/df\/#\/schema\/logo\/image\/","url":"https:\/\/diariofemenino.com.ar\/df\/wp-content\/uploads\/2018\/10\/logo.png","contentUrl":"https:\/\/diariofemenino.com.ar\/df\/wp-content\/uploads\/2018\/10\/logo.png","width":500,"height":92,"caption":"Diario Femenino"},"image":{"@id":"https:\/\/diariofemenino.com.ar\/df\/#\/schema\/logo\/image\/"},"sameAs":["https:\/\/www.facebook.com\/DiarioDigitaFemenino\/","https:\/\/x.com\/DiarioFemenino1"]},{"@type":"Person","@id":"https:\/\/diariofemenino.com.ar\/df\/#\/schema\/person\/bf6199e8158c657ea6f789b11ec85509","name":"Admin","image":{"@type":"ImageObject","inLanguage":"es","@id":"https:\/\/diariofemenino.com.ar\/df\/wp-content\/uploads\/2018\/12\/favicon-150x150.jpg","url":"https:\/\/diariofemenino.com.ar\/df\/wp-content\/uploads\/2018\/12\/favicon-150x150.jpg","contentUrl":"https:\/\/diariofemenino.com.ar\/df\/wp-content\/uploads\/2018\/12\/favicon-150x150.jpg","caption":"Admin"},"url":"https:\/\/diariofemenino.com.ar\/df\/author\/lenny\/"}]}},"jetpack_featured_media_url":"https:\/\/diariofemenino.com.ar\/df\/wp-content\/uploads\/2020\/07\/RIMITA-2001.jpg","jetpack_sharing_enabled":true,"rttpg_featured_image_url":{"full":["https:\/\/diariofemenino.com.ar\/df\/wp-content\/uploads\/2020\/07\/RIMITA-2001.jpg",800,549,false],"landscape":["https:\/\/diariofemenino.com.ar\/df\/wp-content\/uploads\/2020\/07\/RIMITA-2001.jpg",800,549,false],"portraits":["https:\/\/diariofemenino.com.ar\/df\/wp-content\/uploads\/2020\/07\/RIMITA-2001.jpg",800,549,false],"thumbnail":["https:\/\/diariofemenino.com.ar\/df\/wp-content\/uploads\/2020\/07\/RIMITA-2001-150x150.jpg",150,150,true],"medium":["https:\/\/diariofemenino.com.ar\/df\/wp-content\/uploads\/2020\/07\/RIMITA-2001-300x206.jpg",300,206,true],"large":["https:\/\/diariofemenino.com.ar\/df\/wp-content\/uploads\/2020\/07\/RIMITA-2001.jpg",800,549,false],"1536x1536":["https:\/\/diariofemenino.com.ar\/df\/wp-content\/uploads\/2020\/07\/RIMITA-2001.jpg",800,549,false],"2048x2048":["https:\/\/diariofemenino.com.ar\/df\/wp-content\/uploads\/2020\/07\/RIMITA-2001.jpg",800,549,false]},"rttpg_author":{"display_name":"Admin","author_link":"https:\/\/diariofemenino.com.ar\/df\/author\/lenny\/"},"rttpg_comment":0,"rttpg_category":"<a href=\"https:\/\/diariofemenino.com.ar\/df\/category\/agenda-feminista\/\" rel=\"category tag\">Agenda Feminista<\/a> <a href=\"https:\/\/diariofemenino.com.ar\/df\/category\/medios\/\" rel=\"category tag\">Medios<\/a> <a href=\"https:\/\/diariofemenino.com.ar\/df\/category\/articulos\/\" rel=\"category tag\">Mujeres en Palabras<\/a> <a href=\"https:\/\/diariofemenino.com.ar\/df\/category\/noticias\/\" rel=\"category tag\">Noticias<\/a>","rttpg_excerpt":"RIMA cumple 20 a\u00f1os La Red Informativa de Mujeres de Argentina (RIMA) celebra hoy sus 20 a\u00f1os de existencia. En ese marco, Claudia Anzorena record\u00f3 c\u00f3mo se lleg\u00f3 a la decisi\u00f3n de crear la red y\u00a0 c\u00f3mo revolucion\u00f3 a la sociedad. En di\u00e1logo con\u00a0Diario Digital Femenino, la coordinadora actual de RIMA cont\u00f3 que la iniciativa&hellip;","_links":{"self":[{"href":"https:\/\/diariofemenino.com.ar\/df\/wp-json\/wp\/v2\/posts\/50232","targetHints":{"allow":["GET"]}}],"collection":[{"href":"https:\/\/diariofemenino.com.ar\/df\/wp-json\/wp\/v2\/posts"}],"about":[{"href":"https:\/\/diariofemenino.com.ar\/df\/wp-json\/wp\/v2\/types\/post"}],"author":[{"embeddable":true,"href":"https:\/\/diariofemenino.com.ar\/df\/wp-json\/wp\/v2\/users\/4"}],"replies":[{"embeddable":true,"href":"https:\/\/diariofemenino.com.ar\/df\/wp-json\/wp\/v2\/comments?post=50232"}],"version-history":[{"count":0,"href":"https:\/\/diariofemenino.com.ar\/df\/wp-json\/wp\/v2\/posts\/50232\/revisions"}],"wp:featuredmedia":[{"embeddable":true,"href":"https:\/\/diariofemenino.com.ar\/df\/wp-json\/wp\/v2\/media\/50239"}],"wp:attachment":[{"href":"https:\/\/diariofemenino.com.ar\/df\/wp-json\/wp\/v2\/media?parent=50232"}],"wp:term":[{"taxonomy":"category","embeddable":true,"href":"https:\/\/diariofemenino.com.ar\/df\/wp-json\/wp\/v2\/categories?post=50232"},{"taxonomy":"post_tag","embeddable":true,"href":"https:\/\/diariofemenino.com.ar\/df\/wp-json\/wp\/v2\/tags?post=50232"}],"curies":[{"name":"wp","href":"https:\/\/api.w.org\/{rel}","templated":true}]}}