{"id":5023,"date":"2012-11-24T18:32:36","date_gmt":"2012-11-24T21:32:36","guid":{"rendered":"http:\/\/www.diariofemenino.com.ar\/?p=5023"},"modified":"2012-11-24T18:32:36","modified_gmt":"2012-11-24T21:32:36","slug":"25-de-noviembre-dia-internacional-por-la-eliminacion-de-la-violencia-hacia-las-mujeres","status":"publish","type":"post","link":"https:\/\/diariofemenino.com.ar\/df\/25-de-noviembre-dia-internacional-por-la-eliminacion-de-la-violencia-hacia-las-mujeres\/","title":{"rendered":"25 DE NOVIEMBRE. D\u00cdA INTERNACIONAL POR LA ELIMINACI\u00d3N DE LA VIOLENCIA HACIA LAS MUJERES"},"content":{"rendered":"<p>&nbsp;<br \/>\n&nbsp;<br \/>\n&nbsp;<br \/>\n&nbsp;<br \/>\n<a href=\"http:\/\/www.diariofemenino.com.ar\/wp-content\/uploads\/logo-feim-color4.png\"><img loading=\"lazy\" decoding=\"async\" class=\"alignright  wp-image-5024\" title=\"logo-feim-color\" src=\"http:\/\/www.diariofemenino.com.ar\/wp-content\/uploads\/logo-feim-color4.png\" alt=\"\" width=\"331\" height=\"310\" \/><\/a><br \/>\n\u201cNecesitamos frenar ya la violencia hacia mujeres y ni\u00f1as. Por eso pedimos la Emergencia Nacional por Violencia de G\u00e9nero\u201d, reclam\u00f3 Mabel Bianco, presidenta de FEIM, la Fundaci\u00f3n para Estudio e Investigaci\u00f3n de la Mujer con motivo del D\u00eda Internacional por la Eliminaci\u00f3n de la Violencia contra las Mujeres.<br \/>\nLa violencia hacia mujeres y ni\u00f1as es la violaci\u00f3n a los derechos humanos m\u00e1s frecuente, silenciada e impune. Para hacer visible este problema y reclamar medidas para eliminar todas las formas de violencia hacia las mujeres, cada a\u00f1o se desarrolla en todo el mundo la Campa\u00f1a de los 16 D\u00edas de activismo contra la violencia de g\u00e9nero.<br \/>\nEl 25 de noviembre de 1960 fueron asesinadas las tres hermanas dominicanas Mirabal, las mariposas que enfrentaron a la dictadura de Rafael Le\u00f3nidas Trujillo. En su memoria, el 25 de noviembre se declar\u00f3 como D\u00eda Internacional por la Eliminaci\u00f3n de la Violencia contra las Mujeres, fecha que luego fue oficialmente reconocida por las Naciones Unidas.<br \/>\nLa Campa\u00f1a de los 16 D\u00edas se extiende desde el 25 de noviembre hasta el 10 de diciembre (D\u00eda Internacional de los Derechos Humanos) y este a\u00f1o lleva como lema a nivel global \u201cDe la Paz en el Hogar a la Paz en el Mundo: \u00a1Desafiemos el Militarismo y Pongamos Fin a la Violencia Contra las Mujeres!\u201d. El tema fue seleccionado para hacer visible los v\u00ednculos entre la violencia de g\u00e9nero y el militarismo. Las mujeres tienen tres veces m\u00e1s probabilidades de morir de forma violenta si hay un arma en la casa.<br \/>\nEn Argentina, cada d\u00eda y medio una mujer es asesinada por el hecho de ser mujer, por un var\u00f3n que la crey\u00f3 de su propiedad. Y por cada mujer asesinada, muchas m\u00e1s son heridas o amenazadas. En este contexto, FEIM reclama que no se demore m\u00e1s la plena aplicaci\u00f3n en todo el territorio de la ley 26.485 de \u201cProtecci\u00f3n integral para prevenir, sancionar y erradicar la violencia contra las mujeres en los \u00e1mbitos en que desarrollen sus relaciones interpersonales\u201d, sancionada en 2009.<\/p>\n<p id=\"yui_3_7_2_1_1353789234819_128\"><strong>M\u00e1s informaci\u00f3n<\/strong><strong id=\"yui_3_7_2_1_1353789234819_126\"> <strong id=\"yui_3_7_2_1_1353789234819_122\">FUNDACI\u00d3N PARA ESTUDIO E INVESTIGACI\u00d3N DE LA MUJER \u2013 FEIM.\u00a0<\/strong><\/strong> (5411) 4372.2763 |\u00a0<a href=\"mailto:feim@feim.org.ar\" rel=\"nofollow\" target=\"_blank\">feim@feim.org.ar<\/a>\u00a0|<a href=\"http:\/\/www.feim.org.ar\" rel=\"nofollow\">www.feim.org.ar<\/a><\/p>\n<p>Mabel Bianco: (5411) 15.6478.3635<br \/>\nContacto de prensa: (5411) 15.4421.4264 |\u00a0<a href=\"mailto:gisela@feim.org.ar\" rel=\"nofollow\" target=\"_blank\">gisela@feim.org.ar<\/a><br \/>\n&nbsp;<br \/>\n&nbsp;<br \/>\n&nbsp;<\/p>\n","protected":false},"excerpt":{"rendered":"<p>&nbsp; &nbsp; &nbsp; &nbsp; \u201cNecesitamos frenar ya la violencia hacia mujeres y ni\u00f1as. Por eso pedimos la Emergencia Nacional por Violencia de G\u00e9nero\u201d, reclam\u00f3 Mabel Bianco, presidenta de FEIM, la Fundaci\u00f3n para Estudio e Investigaci\u00f3n de la Mujer con motivo del D\u00eda Internacional por la Eliminaci\u00f3n de la Violencia contra las Mujeres. La violencia hacia [&hellip;]<\/p>\n","protected":false},"author":1,"featured_media":0,"comment_status":"open","ping_status":"open","sticky":false,"template":"","format":"standard","meta":{"iawp_total_views":6,"footnotes":""},"categories":[4,13],"tags":[],"class_list":["post-5023","post","type-post","status-publish","format-standard","hentry","category-medios","category-mujeres-sindicalistas"],"nelio_content":{"autoShareEndMode":"never","automationSources":{"useCustomSentences":false,"customSentences":[]},"efiAlt":"","efiUrl":"","followers":[],"highlights":[],"isAutoShareEnabled":true,"networkImageIds":[],"permalinkQueryArgs":[],"series":[],"suggestedReferences":[]},"yoast_head":"<!-- This site is optimized with the Yoast SEO plugin v27.4 - https:\/\/yoast.com\/product\/yoast-seo-wordpress\/ -->\n<title>25 DE NOVIEMBRE. D\u00cdA INTERNACIONAL POR LA ELIMINACI\u00d3N DE LA VIOLENCIA HACIA LAS MUJERES - Diario Digital Femenino<\/title>\n<meta name=\"robots\" content=\"index, follow, max-snippet:-1, max-image-preview:large, max-video-preview:-1\" \/>\n<link rel=\"canonical\" href=\"https:\/\/diariofemenino.com.ar\/df\/25-de-noviembre-dia-internacional-por-la-eliminacion-de-la-violencia-hacia-las-mujeres\/\" \/>\n<meta property=\"og:locale\" content=\"es_ES\" \/>\n<meta property=\"og:type\" content=\"article\" \/>\n<meta property=\"og:title\" content=\"25 DE NOVIEMBRE. D\u00cdA INTERNACIONAL POR LA ELIMINACI\u00d3N DE LA VIOLENCIA HACIA LAS MUJERES - Diario Digital Femenino\" \/>\n<meta property=\"og:description\" content=\"&nbsp; &nbsp; &nbsp; &nbsp; \u201cNecesitamos frenar ya la violencia hacia mujeres y ni\u00f1as. Por eso pedimos la Emergencia Nacional por Violencia de G\u00e9nero\u201d, reclam\u00f3 Mabel Bianco, presidenta de FEIM, la Fundaci\u00f3n para Estudio e Investigaci\u00f3n de la Mujer con motivo del D\u00eda Internacional por la Eliminaci\u00f3n de la Violencia contra las Mujeres. La violencia hacia [&hellip;]\" \/>\n<meta property=\"og:url\" content=\"https:\/\/diariofemenino.com.ar\/df\/25-de-noviembre-dia-internacional-por-la-eliminacion-de-la-violencia-hacia-las-mujeres\/\" \/>\n<meta property=\"og:site_name\" content=\"Diario Digital Femenino\" \/>\n<meta property=\"article:publisher\" content=\"https:\/\/www.facebook.com\/DiarioDigitaFemenino\/\" \/>\n<meta property=\"article:published_time\" content=\"2012-11-24T21:32:36+00:00\" \/>\n<meta property=\"og:image\" content=\"http:\/\/www.diariofemenino.com.ar\/wp-content\/uploads\/logo-feim-color4.png\" \/>\n<meta name=\"author\" content=\"Admin\" \/>\n<meta name=\"twitter:card\" content=\"summary_large_image\" \/>\n<meta name=\"twitter:creator\" content=\"@DiarioFemenino1\" \/>\n<meta name=\"twitter:site\" content=\"@DiarioFemenino1\" \/>\n<meta name=\"twitter:label1\" content=\"Escrito por\" \/>\n\t<meta name=\"twitter:data1\" content=\"Admin\" \/>\n\t<meta name=\"twitter:label2\" content=\"Tiempo de lectura\" \/>\n\t<meta name=\"twitter:data2\" content=\"2 minutos\" \/>\n<script type=\"application\/ld+json\" class=\"yoast-schema-graph\">{\"@context\":\"https:\\\/\\\/schema.org\",\"@graph\":[{\"@type\":\"Article\",\"@id\":\"https:\\\/\\\/diariofemenino.com.ar\\\/df\\\/25-de-noviembre-dia-internacional-por-la-eliminacion-de-la-violencia-hacia-las-mujeres\\\/#article\",\"isPartOf\":{\"@id\":\"https:\\\/\\\/diariofemenino.com.ar\\\/df\\\/25-de-noviembre-dia-internacional-por-la-eliminacion-de-la-violencia-hacia-las-mujeres\\\/\"},\"author\":{\"name\":\"Admin\",\"@id\":\"https:\\\/\\\/diariofemenino.com.ar\\\/df\\\/#\\\/schema\\\/person\\\/38f54b3bfd13f561de2460ba95c169c6\"},\"headline\":\"25 DE NOVIEMBRE. D\u00cdA INTERNACIONAL POR LA ELIMINACI\u00d3N DE LA VIOLENCIA HACIA LAS MUJERES\",\"datePublished\":\"2012-11-24T21:32:36+00:00\",\"mainEntityOfPage\":{\"@id\":\"https:\\\/\\\/diariofemenino.com.ar\\\/df\\\/25-de-noviembre-dia-internacional-por-la-eliminacion-de-la-violencia-hacia-las-mujeres\\\/\"},\"wordCount\":409,\"commentCount\":0,\"publisher\":{\"@id\":\"https:\\\/\\\/diariofemenino.com.ar\\\/df\\\/#organization\"},\"image\":{\"@id\":\"https:\\\/\\\/diariofemenino.com.ar\\\/df\\\/25-de-noviembre-dia-internacional-por-la-eliminacion-de-la-violencia-hacia-las-mujeres\\\/#primaryimage\"},\"thumbnailUrl\":\"http:\\\/\\\/www.diariofemenino.com.ar\\\/wp-content\\\/uploads\\\/logo-feim-color4.png\",\"articleSection\":[\"Medios\",\"Mujeres Sindicalistas\"],\"inLanguage\":\"es\",\"potentialAction\":[{\"@type\":\"CommentAction\",\"name\":\"Comment\",\"target\":[\"https:\\\/\\\/diariofemenino.com.ar\\\/df\\\/25-de-noviembre-dia-internacional-por-la-eliminacion-de-la-violencia-hacia-las-mujeres\\\/#respond\"]}]},{\"@type\":\"WebPage\",\"@id\":\"https:\\\/\\\/diariofemenino.com.ar\\\/df\\\/25-de-noviembre-dia-internacional-por-la-eliminacion-de-la-violencia-hacia-las-mujeres\\\/\",\"url\":\"https:\\\/\\\/diariofemenino.com.ar\\\/df\\\/25-de-noviembre-dia-internacional-por-la-eliminacion-de-la-violencia-hacia-las-mujeres\\\/\",\"name\":\"25 DE NOVIEMBRE. D\u00cdA INTERNACIONAL POR LA ELIMINACI\u00d3N DE LA VIOLENCIA HACIA LAS MUJERES - Diario Digital Femenino\",\"isPartOf\":{\"@id\":\"https:\\\/\\\/diariofemenino.com.ar\\\/df\\\/#website\"},\"primaryImageOfPage\":{\"@id\":\"https:\\\/\\\/diariofemenino.com.ar\\\/df\\\/25-de-noviembre-dia-internacional-por-la-eliminacion-de-la-violencia-hacia-las-mujeres\\\/#primaryimage\"},\"image\":{\"@id\":\"https:\\\/\\\/diariofemenino.com.ar\\\/df\\\/25-de-noviembre-dia-internacional-por-la-eliminacion-de-la-violencia-hacia-las-mujeres\\\/#primaryimage\"},\"thumbnailUrl\":\"http:\\\/\\\/www.diariofemenino.com.ar\\\/wp-content\\\/uploads\\\/logo-feim-color4.png\",\"datePublished\":\"2012-11-24T21:32:36+00:00\",\"breadcrumb\":{\"@id\":\"https:\\\/\\\/diariofemenino.com.ar\\\/df\\\/25-de-noviembre-dia-internacional-por-la-eliminacion-de-la-violencia-hacia-las-mujeres\\\/#breadcrumb\"},\"inLanguage\":\"es\",\"potentialAction\":[{\"@type\":\"ReadAction\",\"target\":[\"https:\\\/\\\/diariofemenino.com.ar\\\/df\\\/25-de-noviembre-dia-internacional-por-la-eliminacion-de-la-violencia-hacia-las-mujeres\\\/\"]}]},{\"@type\":\"ImageObject\",\"inLanguage\":\"es\",\"@id\":\"https:\\\/\\\/diariofemenino.com.ar\\\/df\\\/25-de-noviembre-dia-internacional-por-la-eliminacion-de-la-violencia-hacia-las-mujeres\\\/#primaryimage\",\"url\":\"http:\\\/\\\/www.diariofemenino.com.ar\\\/wp-content\\\/uploads\\\/logo-feim-color4.png\",\"contentUrl\":\"http:\\\/\\\/www.diariofemenino.com.ar\\\/wp-content\\\/uploads\\\/logo-feim-color4.png\"},{\"@type\":\"BreadcrumbList\",\"@id\":\"https:\\\/\\\/diariofemenino.com.ar\\\/df\\\/25-de-noviembre-dia-internacional-por-la-eliminacion-de-la-violencia-hacia-las-mujeres\\\/#breadcrumb\",\"itemListElement\":[{\"@type\":\"ListItem\",\"position\":1,\"name\":\"Portada\",\"item\":\"https:\\\/\\\/diariofemenino.com.ar\\\/df\\\/\"},{\"@type\":\"ListItem\",\"position\":2,\"name\":\"25 DE NOVIEMBRE. D\u00cdA INTERNACIONAL POR LA ELIMINACI\u00d3N DE LA VIOLENCIA HACIA LAS MUJERES\"}]},{\"@type\":\"WebSite\",\"@id\":\"https:\\\/\\\/diariofemenino.com.ar\\\/df\\\/#website\",\"url\":\"https:\\\/\\\/diariofemenino.com.ar\\\/df\\\/\",\"name\":\"Diario Digital Femenino\",\"description\":\"Cuesti\u00f3n de G\u00e9nero\",\"publisher\":{\"@id\":\"https:\\\/\\\/diariofemenino.com.ar\\\/df\\\/#organization\"},\"potentialAction\":[{\"@type\":\"SearchAction\",\"target\":{\"@type\":\"EntryPoint\",\"urlTemplate\":\"https:\\\/\\\/diariofemenino.com.ar\\\/df\\\/?s={search_term_string}\"},\"query-input\":{\"@type\":\"PropertyValueSpecification\",\"valueRequired\":true,\"valueName\":\"search_term_string\"}}],\"inLanguage\":\"es\"},{\"@type\":\"Organization\",\"@id\":\"https:\\\/\\\/diariofemenino.com.ar\\\/df\\\/#organization\",\"name\":\"Diario Femenino\",\"url\":\"https:\\\/\\\/diariofemenino.com.ar\\\/df\\\/\",\"logo\":{\"@type\":\"ImageObject\",\"inLanguage\":\"es\",\"@id\":\"https:\\\/\\\/diariofemenino.com.ar\\\/df\\\/#\\\/schema\\\/logo\\\/image\\\/\",\"url\":\"https:\\\/\\\/diariofemenino.com.ar\\\/df\\\/wp-content\\\/uploads\\\/2018\\\/10\\\/logo.png\",\"contentUrl\":\"https:\\\/\\\/diariofemenino.com.ar\\\/df\\\/wp-content\\\/uploads\\\/2018\\\/10\\\/logo.png\",\"width\":500,\"height\":92,\"caption\":\"Diario Femenino\"},\"image\":{\"@id\":\"https:\\\/\\\/diariofemenino.com.ar\\\/df\\\/#\\\/schema\\\/logo\\\/image\\\/\"},\"sameAs\":[\"https:\\\/\\\/www.facebook.com\\\/DiarioDigitaFemenino\\\/\",\"https:\\\/\\\/x.com\\\/DiarioFemenino1\"]},{\"@type\":\"Person\",\"@id\":\"https:\\\/\\\/diariofemenino.com.ar\\\/df\\\/#\\\/schema\\\/person\\\/38f54b3bfd13f561de2460ba95c169c6\",\"name\":\"Admin\",\"image\":{\"@type\":\"ImageObject\",\"inLanguage\":\"es\",\"@id\":\"https:\\\/\\\/diariofemenino.com.ar\\\/df\\\/wp-content\\\/uploads\\\/2018\\\/12\\\/favicon-150x150.jpg\",\"url\":\"https:\\\/\\\/diariofemenino.com.ar\\\/df\\\/wp-content\\\/uploads\\\/2018\\\/12\\\/favicon-150x150.jpg\",\"contentUrl\":\"https:\\\/\\\/diariofemenino.com.ar\\\/df\\\/wp-content\\\/uploads\\\/2018\\\/12\\\/favicon-150x150.jpg\",\"caption\":\"Admin\"},\"url\":\"https:\\\/\\\/diariofemenino.com.ar\\\/df\\\/author\\\/adm18df\\\/\"}]}<\/script>\n<!-- \/ Yoast SEO plugin. -->","yoast_head_json":{"title":"25 DE NOVIEMBRE. D\u00cdA INTERNACIONAL POR LA ELIMINACI\u00d3N DE LA VIOLENCIA HACIA LAS MUJERES - Diario Digital Femenino","robots":{"index":"index","follow":"follow","max-snippet":"max-snippet:-1","max-image-preview":"max-image-preview:large","max-video-preview":"max-video-preview:-1"},"canonical":"https:\/\/diariofemenino.com.ar\/df\/25-de-noviembre-dia-internacional-por-la-eliminacion-de-la-violencia-hacia-las-mujeres\/","og_locale":"es_ES","og_type":"article","og_title":"25 DE NOVIEMBRE. D\u00cdA INTERNACIONAL POR LA ELIMINACI\u00d3N DE LA VIOLENCIA HACIA LAS MUJERES - Diario Digital Femenino","og_description":"&nbsp; &nbsp; &nbsp; &nbsp; \u201cNecesitamos frenar ya la violencia hacia mujeres y ni\u00f1as. Por eso pedimos la Emergencia Nacional por Violencia de G\u00e9nero\u201d, reclam\u00f3 Mabel Bianco, presidenta de FEIM, la Fundaci\u00f3n para Estudio e Investigaci\u00f3n de la Mujer con motivo del D\u00eda Internacional por la Eliminaci\u00f3n de la Violencia contra las Mujeres. La violencia hacia [&hellip;]","og_url":"https:\/\/diariofemenino.com.ar\/df\/25-de-noviembre-dia-internacional-por-la-eliminacion-de-la-violencia-hacia-las-mujeres\/","og_site_name":"Diario Digital Femenino","article_publisher":"https:\/\/www.facebook.com\/DiarioDigitaFemenino\/","article_published_time":"2012-11-24T21:32:36+00:00","og_image":[{"url":"http:\/\/www.diariofemenino.com.ar\/wp-content\/uploads\/logo-feim-color4.png","type":"","width":"","height":""}],"author":"Admin","twitter_card":"summary_large_image","twitter_creator":"@DiarioFemenino1","twitter_site":"@DiarioFemenino1","twitter_misc":{"Escrito por":"Admin","Tiempo de lectura":"2 minutos"},"schema":{"@context":"https:\/\/schema.org","@graph":[{"@type":"Article","@id":"https:\/\/diariofemenino.com.ar\/df\/25-de-noviembre-dia-internacional-por-la-eliminacion-de-la-violencia-hacia-las-mujeres\/#article","isPartOf":{"@id":"https:\/\/diariofemenino.com.ar\/df\/25-de-noviembre-dia-internacional-por-la-eliminacion-de-la-violencia-hacia-las-mujeres\/"},"author":{"name":"Admin","@id":"https:\/\/diariofemenino.com.ar\/df\/#\/schema\/person\/38f54b3bfd13f561de2460ba95c169c6"},"headline":"25 DE NOVIEMBRE. D\u00cdA INTERNACIONAL POR LA ELIMINACI\u00d3N DE LA VIOLENCIA HACIA LAS MUJERES","datePublished":"2012-11-24T21:32:36+00:00","mainEntityOfPage":{"@id":"https:\/\/diariofemenino.com.ar\/df\/25-de-noviembre-dia-internacional-por-la-eliminacion-de-la-violencia-hacia-las-mujeres\/"},"wordCount":409,"commentCount":0,"publisher":{"@id":"https:\/\/diariofemenino.com.ar\/df\/#organization"},"image":{"@id":"https:\/\/diariofemenino.com.ar\/df\/25-de-noviembre-dia-internacional-por-la-eliminacion-de-la-violencia-hacia-las-mujeres\/#primaryimage"},"thumbnailUrl":"http:\/\/www.diariofemenino.com.ar\/wp-content\/uploads\/logo-feim-color4.png","articleSection":["Medios","Mujeres Sindicalistas"],"inLanguage":"es","potentialAction":[{"@type":"CommentAction","name":"Comment","target":["https:\/\/diariofemenino.com.ar\/df\/25-de-noviembre-dia-internacional-por-la-eliminacion-de-la-violencia-hacia-las-mujeres\/#respond"]}]},{"@type":"WebPage","@id":"https:\/\/diariofemenino.com.ar\/df\/25-de-noviembre-dia-internacional-por-la-eliminacion-de-la-violencia-hacia-las-mujeres\/","url":"https:\/\/diariofemenino.com.ar\/df\/25-de-noviembre-dia-internacional-por-la-eliminacion-de-la-violencia-hacia-las-mujeres\/","name":"25 DE NOVIEMBRE. D\u00cdA INTERNACIONAL POR LA ELIMINACI\u00d3N DE LA VIOLENCIA HACIA LAS MUJERES - Diario Digital Femenino","isPartOf":{"@id":"https:\/\/diariofemenino.com.ar\/df\/#website"},"primaryImageOfPage":{"@id":"https:\/\/diariofemenino.com.ar\/df\/25-de-noviembre-dia-internacional-por-la-eliminacion-de-la-violencia-hacia-las-mujeres\/#primaryimage"},"image":{"@id":"https:\/\/diariofemenino.com.ar\/df\/25-de-noviembre-dia-internacional-por-la-eliminacion-de-la-violencia-hacia-las-mujeres\/#primaryimage"},"thumbnailUrl":"http:\/\/www.diariofemenino.com.ar\/wp-content\/uploads\/logo-feim-color4.png","datePublished":"2012-11-24T21:32:36+00:00","breadcrumb":{"@id":"https:\/\/diariofemenino.com.ar\/df\/25-de-noviembre-dia-internacional-por-la-eliminacion-de-la-violencia-hacia-las-mujeres\/#breadcrumb"},"inLanguage":"es","potentialAction":[{"@type":"ReadAction","target":["https:\/\/diariofemenino.com.ar\/df\/25-de-noviembre-dia-internacional-por-la-eliminacion-de-la-violencia-hacia-las-mujeres\/"]}]},{"@type":"ImageObject","inLanguage":"es","@id":"https:\/\/diariofemenino.com.ar\/df\/25-de-noviembre-dia-internacional-por-la-eliminacion-de-la-violencia-hacia-las-mujeres\/#primaryimage","url":"http:\/\/www.diariofemenino.com.ar\/wp-content\/uploads\/logo-feim-color4.png","contentUrl":"http:\/\/www.diariofemenino.com.ar\/wp-content\/uploads\/logo-feim-color4.png"},{"@type":"BreadcrumbList","@id":"https:\/\/diariofemenino.com.ar\/df\/25-de-noviembre-dia-internacional-por-la-eliminacion-de-la-violencia-hacia-las-mujeres\/#breadcrumb","itemListElement":[{"@type":"ListItem","position":1,"name":"Portada","item":"https:\/\/diariofemenino.com.ar\/df\/"},{"@type":"ListItem","position":2,"name":"25 DE NOVIEMBRE. D\u00cdA INTERNACIONAL POR LA ELIMINACI\u00d3N DE LA VIOLENCIA HACIA LAS MUJERES"}]},{"@type":"WebSite","@id":"https:\/\/diariofemenino.com.ar\/df\/#website","url":"https:\/\/diariofemenino.com.ar\/df\/","name":"Diario Digital Femenino","description":"Cuesti\u00f3n de G\u00e9nero","publisher":{"@id":"https:\/\/diariofemenino.com.ar\/df\/#organization"},"potentialAction":[{"@type":"SearchAction","target":{"@type":"EntryPoint","urlTemplate":"https:\/\/diariofemenino.com.ar\/df\/?s={search_term_string}"},"query-input":{"@type":"PropertyValueSpecification","valueRequired":true,"valueName":"search_term_string"}}],"inLanguage":"es"},{"@type":"Organization","@id":"https:\/\/diariofemenino.com.ar\/df\/#organization","name":"Diario Femenino","url":"https:\/\/diariofemenino.com.ar\/df\/","logo":{"@type":"ImageObject","inLanguage":"es","@id":"https:\/\/diariofemenino.com.ar\/df\/#\/schema\/logo\/image\/","url":"https:\/\/diariofemenino.com.ar\/df\/wp-content\/uploads\/2018\/10\/logo.png","contentUrl":"https:\/\/diariofemenino.com.ar\/df\/wp-content\/uploads\/2018\/10\/logo.png","width":500,"height":92,"caption":"Diario Femenino"},"image":{"@id":"https:\/\/diariofemenino.com.ar\/df\/#\/schema\/logo\/image\/"},"sameAs":["https:\/\/www.facebook.com\/DiarioDigitaFemenino\/","https:\/\/x.com\/DiarioFemenino1"]},{"@type":"Person","@id":"https:\/\/diariofemenino.com.ar\/df\/#\/schema\/person\/38f54b3bfd13f561de2460ba95c169c6","name":"Admin","image":{"@type":"ImageObject","inLanguage":"es","@id":"https:\/\/diariofemenino.com.ar\/df\/wp-content\/uploads\/2018\/12\/favicon-150x150.jpg","url":"https:\/\/diariofemenino.com.ar\/df\/wp-content\/uploads\/2018\/12\/favicon-150x150.jpg","contentUrl":"https:\/\/diariofemenino.com.ar\/df\/wp-content\/uploads\/2018\/12\/favicon-150x150.jpg","caption":"Admin"},"url":"https:\/\/diariofemenino.com.ar\/df\/author\/adm18df\/"}]}},"jetpack_featured_media_url":"","jetpack_sharing_enabled":true,"rttpg_featured_image_url":null,"rttpg_author":{"display_name":"Admin","author_link":"https:\/\/diariofemenino.com.ar\/df\/author\/adm18df\/"},"rttpg_comment":0,"rttpg_category":"<a href=\"https:\/\/diariofemenino.com.ar\/df\/category\/medios\/\" rel=\"category tag\">Medios<\/a> <a href=\"https:\/\/diariofemenino.com.ar\/df\/category\/mujeres-sindicalistas\/\" rel=\"category tag\">Mujeres Sindicalistas<\/a>","rttpg_excerpt":"&nbsp; &nbsp; &nbsp; &nbsp; \u201cNecesitamos frenar ya la violencia hacia mujeres y ni\u00f1as. Por eso pedimos la Emergencia Nacional por Violencia de G\u00e9nero\u201d, reclam\u00f3 Mabel Bianco, presidenta de FEIM, la Fundaci\u00f3n para Estudio e Investigaci\u00f3n de la Mujer con motivo del D\u00eda Internacional por la Eliminaci\u00f3n de la Violencia contra las Mujeres. La violencia hacia&hellip;","_links":{"self":[{"href":"https:\/\/diariofemenino.com.ar\/df\/wp-json\/wp\/v2\/posts\/5023","targetHints":{"allow":["GET"]}}],"collection":[{"href":"https:\/\/diariofemenino.com.ar\/df\/wp-json\/wp\/v2\/posts"}],"about":[{"href":"https:\/\/diariofemenino.com.ar\/df\/wp-json\/wp\/v2\/types\/post"}],"author":[{"embeddable":true,"href":"https:\/\/diariofemenino.com.ar\/df\/wp-json\/wp\/v2\/users\/1"}],"replies":[{"embeddable":true,"href":"https:\/\/diariofemenino.com.ar\/df\/wp-json\/wp\/v2\/comments?post=5023"}],"version-history":[{"count":0,"href":"https:\/\/diariofemenino.com.ar\/df\/wp-json\/wp\/v2\/posts\/5023\/revisions"}],"wp:attachment":[{"href":"https:\/\/diariofemenino.com.ar\/df\/wp-json\/wp\/v2\/media?parent=5023"}],"wp:term":[{"taxonomy":"category","embeddable":true,"href":"https:\/\/diariofemenino.com.ar\/df\/wp-json\/wp\/v2\/categories?post=5023"},{"taxonomy":"post_tag","embeddable":true,"href":"https:\/\/diariofemenino.com.ar\/df\/wp-json\/wp\/v2\/tags?post=5023"}],"curies":[{"name":"wp","href":"https:\/\/api.w.org\/{rel}","templated":true}]}}