{"id":50226,"date":"2020-07-06T11:29:20","date_gmt":"2020-07-06T14:29:20","guid":{"rendered":"https:\/\/diariofemenino.com.ar\/?p=50226"},"modified":"2020-07-06T11:29:20","modified_gmt":"2020-07-06T14:29:20","slug":"la-mujer-no-ocupa-cargos-de-poder-real","status":"publish","type":"post","link":"https:\/\/diariofemenino.com.ar\/df\/la-mujer-no-ocupa-cargos-de-poder-real\/","title":{"rendered":"\u00abLa mujer no ocupa cargos de poder real\u00bb"},"content":{"rendered":"<p style=\"text-align: center;\">\u00abLa mujer no ocupa cargos de poder real\u00bb<\/p>\n<p>La asesora de ni\u00f1os, ni\u00f1as y adolescentes de la Segunda Circunscripci\u00f3n Judicial, Elisa Cat\u00e1n, reclam\u00f3 mayor paridad de g\u00e9nero en el Poder Judicial de La Pampa. En este sentido, indic\u00f3 que mayormente las mujeres no ocupan \u00abcargos de poder real\u00bb en los diferentes estamentos, que les es asignado el rol de \u00abcuidadoras\u00bb y que ocupan los \u00abcargos medios para abajo\u00bb.<\/p>\n<p>\u00abAlgunas estad\u00edsticas a nivel nacional dicen que solamente el 30 por ciento de las mujeres pueden arribar a cargos, el otro 70 por ciento es de los varones. Hay mucha disparidad de g\u00e9nero. En La Pampa, las mujeres no ocupamos lugares de poder real\u00bb, dijo la funcionaria en di\u00e1logo con LA ARENA.<\/p>\n<p>\u00abEn el Superior Tribunal de Justicia (STJ) hay cuatro varones y una sola mujer; el procurador general es var\u00f3n (Mario Bongianino); los fiscales generales, que son jefes de todos los fiscales, son todos varones; en el TIP (Tribunal de Impugnaci\u00f3n Penal) son varones. Eso s\u00ed, secretarias son pr\u00e1cticamente todas mujeres. En los mandos medios para abajo somos mujeres, pero en los mandos de real poder, que son directores del poder, son todos varones. Creo que hay un trabajo para hacer adentro del <a href=\"https:\/\/diariofemenino.com.ar\/lucia-perez-cuando-el-poder-judicial-actua-como-muchos-femicidas\/\">Poder Judicial<\/a> a nivel nacional y provincial\u00bb, agreg\u00f3.<\/p>\n<h4>Cuidadoras.<\/h4>\n<p>Cat\u00e1n explic\u00f3 que las <a href=\"https:\/\/diariofemenino.com.ar\/el-cuidado-desde-una-perspectiva-de-genero\/\">mujeres asumen el rol de \u00abcuidadoras\u00bb<\/a> en la funci\u00f3n de \u00abasesoras de menores, juezas de familia mujeres y defensoras\u00bb.<br \/>\n\u00abA los lugares de cuidado estamos asignadas las mujeres, pero en los lugares de real poder que no sean mandos medios, hay varones. Por ser mujer, sufr\u00ed discriminaciones dentro y fuera del Poder Judicial. Yo soy jefa de una repartici\u00f3n y se han tomado decisiones sin siquiera consultarme, y eso el hombre no lo sufre\u00bb, se\u00f1al\u00f3.<br \/>\n\u00abEl machismo est\u00e1 en todos lados y es una deconstrucci\u00f3n que se tiene que hacer de a poco y la tenemos que hacer todos, inclusive nosotras. Es momento de que haya paridad de g\u00e9nero en el Poder Judicial y que haya una descentralizaci\u00f3n de poder, que todas las circunscripciones est\u00e9n representadas en el STJ\u00bb, marc\u00f3.<br \/>\nEn este sentido, indic\u00f3 que el ministro de Gobierno, Justicia y Derechos Humanos, Daniel Pablo Bensus\u00e1n, \u00abes un buen candidato para deconstruir esto que se ha construido, para que en el Poder Judicial de La Pampa, haya paridad de g\u00e9nero\u00bb.<br \/>\n\u00abS\u00e9 que es una persona que podr\u00eda deconstruir esto, para que las mujeres empecemos a estar en lugares muchos m\u00e1s jer\u00e1rquicos, porque uno a trav\u00e9s de ese poder puede cambiar la realidad de la gente\u00bb, se\u00f1al\u00f3.<\/p>\n<p>La funcionaria judicial piquense dijo que a trav\u00e9s de estos conceptos se encolumna detr\u00e1s del Proyecto de Ley de Paridad de G\u00e9nero, sobre el que trabaja la titular de la Secretar\u00eda de la Mujer, Liliana Robledo.<\/p>\n<h4>\u00abSe avanz\u00f3 muy poco\u00bb.<\/h4>\n<p>La asesora de General Pico, que es especialista en derecho de familia y se form\u00f3 en la tem\u00e1tica de Prevenci\u00f3n y Tratamiento de la Violencia, destac\u00f3 la capacitaci\u00f3n enmarcada en la <a href=\"https:\/\/diariofemenino.com.ar\/se-pone-en-marcha-la-ley-micaela-en-la-pampa\/\">Ley Micaela<\/a>, que se brind\u00f3 de manera reciente a los agentes estatales en La Pampa.<br \/>\n\u00abLa capacitaci\u00f3n sirvi\u00f3 much\u00edsimo porque se hizo un taller sobre perspectiva de g\u00e9nero, se habl\u00f3 mucho del lenguaje, los roles, los estereotipos y los prejuicios con respecto al g\u00e9nero femenino. De todos modos, creo que en algunos lugares muy sensibles, como son las asesor\u00edas civiles, se tendr\u00eda que profundizar un poco m\u00e1s. Hago un balance positivo de la capacitaci\u00f3n, pero se tiene que seguir trabajando mucho m\u00e1s\u00bb, sostuvo Cat\u00e1n.<br \/>\n\u00abHace siete u ocho a\u00f1os, entr\u00e9 a trabajar en las defensor\u00edas, y en su momento hice un proyecto, en el que propuse que una de las defensor\u00edas ten\u00eda que ser tem\u00e1tica y que se llamar\u00eda \u2018Defensor\u00eda de La mujer\u2019. Como hay fiscal\u00eda tem\u00e1ticas de g\u00e9nero, que hubiese tambi\u00e9n una defensor\u00eda de la mujer, en el que un equipo interdisciplinario pudiese ayudarla y la apuntale a seguir el proceso, que no desista de esa denuncia, porque muchas mujeres despu\u00e9s se arrepienten. En cambio, si est\u00e1n acompa\u00f1adas interdisciplinariamente pueden continuar. O sea, que aparte de lo legal, tendr\u00eda que haber otro tipo de contenci\u00f3n en las defensor\u00edas\u00bb, se\u00f1al\u00f3.<\/p>\n<p>Por \u00faltimo, Elisa Cat\u00e1n dijo que si bien la Justicia pampeana ya mostr\u00f3 un avance, a\u00fan \u00abhay much\u00edsimo m\u00e1s para hacer a nivel institucional\u00bb.<br \/>\n\u00abEmpezar a nombrar fiscales mujeres, a nombrar juezas, fue un aprendizaje, pero se avanz\u00f3 muy poco y ah\u00ed se ha quedado. Siento que nos tiran las migajas, pero en los lugares reales de poder, no estamos. Hay muchas mujeres id\u00f3neas en todos los niveles\u00bb, finaliz\u00f3.<\/p>\n<div class=\"td-a-ad id_bottom_ad\"><img loading=\"lazy\" decoding=\"async\" class=\"aligncenter size-full wp-image-50228\" src=\"https:\/\/diariofemenino.com.ar\/df\/wp-content\/uploads\/2020\/07\/mujeres-en-puestos_0.jpg\" alt=\"\" width=\"640\" height=\"426\" srcset=\"https:\/\/diariofemenino.com.ar\/df\/wp-content\/uploads\/2020\/07\/mujeres-en-puestos_0.jpg 640w, https:\/\/diariofemenino.com.ar\/df\/wp-content\/uploads\/2020\/07\/mujeres-en-puestos_0-300x200.jpg 300w\" sizes=\"auto, (max-width: 640px) 100vw, 640px\" \/><\/div>\n<div>Fuente: <a href=\"http:\/\/www.laarena.com.ar\/la_pampa-la-mujer-no-ocupa-cargos-de-poder-real-2120339-163.html\">La Arena<\/a><\/div>\n","protected":false},"excerpt":{"rendered":"<p>\u00abLa mujer no ocupa cargos de poder real\u00bb La asesora de ni\u00f1os, ni\u00f1as y adolescentes de la Segunda Circunscripci\u00f3n Judicial, Elisa Cat\u00e1n, reclam\u00f3 mayor paridad de g\u00e9nero en el Poder Judicial de La Pampa. En este sentido, indic\u00f3 que mayormente las mujeres no ocupan \u00abcargos de poder real\u00bb en los diferentes estamentos, que les es [&hellip;]<\/p>\n","protected":false},"author":3,"featured_media":50229,"comment_status":"open","ping_status":"open","sticky":false,"template":"","format":"standard","meta":{"iawp_total_views":7,"footnotes":""},"categories":[32],"tags":[616,1437,3305,130,138],"class_list":["post-50226","post","type-post","status-publish","format-standard","has-post-thumbnail","hentry","category-mujeres","tag-genero","tag-ley-micaela","tag-lugares-de-poder","tag-mujeres","tag-violencia"],"nelio_content":{"autoShareEndMode":"never","automationSources":{"useCustomSentences":false,"customSentences":[]},"efiAlt":"","efiUrl":"","followers":[3],"highlights":[],"isAutoShareEnabled":true,"networkImageIds":[],"permalinkQueryArgs":[],"series":[],"suggestedReferences":[]},"yoast_head":"<!-- This site is optimized with the Yoast SEO plugin v27.4 - https:\/\/yoast.com\/product\/yoast-seo-wordpress\/ -->\n<title>&quot;La mujer no ocupa cargos de poder real&quot; - Diario Digital Femenino<\/title>\n<meta name=\"description\" content=\"&quot;La mujer no ocupa cargos de poder real&quot;La asesora de ni\u00f1os, ni\u00f1as y adolescentes de la Segunda Circunscripci\u00f3n Judicial, Elisa Cat\u00e1n.\" \/>\n<meta name=\"robots\" content=\"index, follow, max-snippet:-1, max-image-preview:large, max-video-preview:-1\" \/>\n<link rel=\"canonical\" href=\"https:\/\/diariofemenino.com.ar\/df\/la-mujer-no-ocupa-cargos-de-poder-real\/\" \/>\n<meta property=\"og:locale\" content=\"es_ES\" \/>\n<meta property=\"og:type\" content=\"article\" \/>\n<meta property=\"og:title\" content=\"&quot;La mujer no ocupa cargos de poder real&quot; - Diario Digital Femenino\" \/>\n<meta property=\"og:description\" content=\"&quot;La mujer no ocupa cargos de poder real&quot;La asesora de ni\u00f1os, ni\u00f1as y adolescentes de la Segunda Circunscripci\u00f3n Judicial, Elisa Cat\u00e1n.\" \/>\n<meta property=\"og:url\" content=\"https:\/\/diariofemenino.com.ar\/df\/la-mujer-no-ocupa-cargos-de-poder-real\/\" \/>\n<meta property=\"og:site_name\" content=\"Diario Digital Femenino\" \/>\n<meta property=\"article:publisher\" content=\"https:\/\/www.facebook.com\/DiarioDigitaFemenino\/\" \/>\n<meta property=\"article:published_time\" content=\"2020-07-06T14:29:20+00:00\" \/>\n<meta property=\"og:image\" content=\"https:\/\/diariofemenino.com.ar\/df\/wp-content\/uploads\/2020\/07\/03-Cupo396c97d9.jpg\" \/>\n\t<meta property=\"og:image:width\" content=\"696\" \/>\n\t<meta property=\"og:image:height\" content=\"466\" \/>\n\t<meta property=\"og:image:type\" content=\"image\/jpeg\" \/>\n<meta name=\"author\" content=\"Admin\" \/>\n<meta name=\"twitter:card\" content=\"summary_large_image\" \/>\n<meta name=\"twitter:creator\" content=\"@DiarioFemenino1\" \/>\n<meta name=\"twitter:site\" content=\"@DiarioFemenino1\" \/>\n<meta name=\"twitter:label1\" content=\"Escrito por\" \/>\n\t<meta name=\"twitter:data1\" content=\"Admin\" \/>\n\t<meta name=\"twitter:label2\" content=\"Tiempo de lectura\" \/>\n\t<meta name=\"twitter:data2\" content=\"4 minutos\" \/>\n<script type=\"application\/ld+json\" class=\"yoast-schema-graph\">{\"@context\":\"https:\\\/\\\/schema.org\",\"@graph\":[{\"@type\":\"Article\",\"@id\":\"https:\\\/\\\/diariofemenino.com.ar\\\/df\\\/la-mujer-no-ocupa-cargos-de-poder-real\\\/#article\",\"isPartOf\":{\"@id\":\"https:\\\/\\\/diariofemenino.com.ar\\\/df\\\/la-mujer-no-ocupa-cargos-de-poder-real\\\/\"},\"author\":{\"name\":\"Admin\",\"@id\":\"https:\\\/\\\/diariofemenino.com.ar\\\/df\\\/#\\\/schema\\\/person\\\/1c36bc3bf394d8ec320814298b4fdd3f\"},\"headline\":\"\u00abLa mujer no ocupa cargos de poder real\u00bb\",\"datePublished\":\"2020-07-06T14:29:20+00:00\",\"mainEntityOfPage\":{\"@id\":\"https:\\\/\\\/diariofemenino.com.ar\\\/df\\\/la-mujer-no-ocupa-cargos-de-poder-real\\\/\"},\"wordCount\":827,\"commentCount\":0,\"publisher\":{\"@id\":\"https:\\\/\\\/diariofemenino.com.ar\\\/df\\\/#organization\"},\"image\":{\"@id\":\"https:\\\/\\\/diariofemenino.com.ar\\\/df\\\/la-mujer-no-ocupa-cargos-de-poder-real\\\/#primaryimage\"},\"thumbnailUrl\":\"https:\\\/\\\/diariofemenino.com.ar\\\/df\\\/wp-content\\\/uploads\\\/2020\\\/07\\\/03-Cupo396c97d9.jpg\",\"keywords\":[\"G\u00e9nero\",\"Ley Micaela\",\"lugares de poder\",\"Mujeres\",\"Violencia\"],\"articleSection\":[\"Mujeres\"],\"inLanguage\":\"es\",\"potentialAction\":[{\"@type\":\"CommentAction\",\"name\":\"Comment\",\"target\":[\"https:\\\/\\\/diariofemenino.com.ar\\\/df\\\/la-mujer-no-ocupa-cargos-de-poder-real\\\/#respond\"]}]},{\"@type\":\"WebPage\",\"@id\":\"https:\\\/\\\/diariofemenino.com.ar\\\/df\\\/la-mujer-no-ocupa-cargos-de-poder-real\\\/\",\"url\":\"https:\\\/\\\/diariofemenino.com.ar\\\/df\\\/la-mujer-no-ocupa-cargos-de-poder-real\\\/\",\"name\":\"\\\"La mujer no ocupa cargos de poder real\\\" - Diario Digital Femenino\",\"isPartOf\":{\"@id\":\"https:\\\/\\\/diariofemenino.com.ar\\\/df\\\/#website\"},\"primaryImageOfPage\":{\"@id\":\"https:\\\/\\\/diariofemenino.com.ar\\\/df\\\/la-mujer-no-ocupa-cargos-de-poder-real\\\/#primaryimage\"},\"image\":{\"@id\":\"https:\\\/\\\/diariofemenino.com.ar\\\/df\\\/la-mujer-no-ocupa-cargos-de-poder-real\\\/#primaryimage\"},\"thumbnailUrl\":\"https:\\\/\\\/diariofemenino.com.ar\\\/df\\\/wp-content\\\/uploads\\\/2020\\\/07\\\/03-Cupo396c97d9.jpg\",\"datePublished\":\"2020-07-06T14:29:20+00:00\",\"description\":\"\\\"La mujer no ocupa cargos de poder real\\\"La asesora de ni\u00f1os, ni\u00f1as y adolescentes de la Segunda Circunscripci\u00f3n Judicial, Elisa Cat\u00e1n.\",\"breadcrumb\":{\"@id\":\"https:\\\/\\\/diariofemenino.com.ar\\\/df\\\/la-mujer-no-ocupa-cargos-de-poder-real\\\/#breadcrumb\"},\"inLanguage\":\"es\",\"potentialAction\":[{\"@type\":\"ReadAction\",\"target\":[\"https:\\\/\\\/diariofemenino.com.ar\\\/df\\\/la-mujer-no-ocupa-cargos-de-poder-real\\\/\"]}]},{\"@type\":\"ImageObject\",\"inLanguage\":\"es\",\"@id\":\"https:\\\/\\\/diariofemenino.com.ar\\\/df\\\/la-mujer-no-ocupa-cargos-de-poder-real\\\/#primaryimage\",\"url\":\"https:\\\/\\\/diariofemenino.com.ar\\\/df\\\/wp-content\\\/uploads\\\/2020\\\/07\\\/03-Cupo396c97d9.jpg\",\"contentUrl\":\"https:\\\/\\\/diariofemenino.com.ar\\\/df\\\/wp-content\\\/uploads\\\/2020\\\/07\\\/03-Cupo396c97d9.jpg\",\"width\":696,\"height\":466},{\"@type\":\"BreadcrumbList\",\"@id\":\"https:\\\/\\\/diariofemenino.com.ar\\\/df\\\/la-mujer-no-ocupa-cargos-de-poder-real\\\/#breadcrumb\",\"itemListElement\":[{\"@type\":\"ListItem\",\"position\":1,\"name\":\"Portada\",\"item\":\"https:\\\/\\\/diariofemenino.com.ar\\\/df\\\/\"},{\"@type\":\"ListItem\",\"position\":2,\"name\":\"\u00abLa mujer no ocupa cargos de poder real\u00bb\"}]},{\"@type\":\"WebSite\",\"@id\":\"https:\\\/\\\/diariofemenino.com.ar\\\/df\\\/#website\",\"url\":\"https:\\\/\\\/diariofemenino.com.ar\\\/df\\\/\",\"name\":\"Diario Digital Femenino\",\"description\":\"Cuesti\u00f3n de G\u00e9nero\",\"publisher\":{\"@id\":\"https:\\\/\\\/diariofemenino.com.ar\\\/df\\\/#organization\"},\"potentialAction\":[{\"@type\":\"SearchAction\",\"target\":{\"@type\":\"EntryPoint\",\"urlTemplate\":\"https:\\\/\\\/diariofemenino.com.ar\\\/df\\\/?s={search_term_string}\"},\"query-input\":{\"@type\":\"PropertyValueSpecification\",\"valueRequired\":true,\"valueName\":\"search_term_string\"}}],\"inLanguage\":\"es\"},{\"@type\":\"Organization\",\"@id\":\"https:\\\/\\\/diariofemenino.com.ar\\\/df\\\/#organization\",\"name\":\"Diario Femenino\",\"url\":\"https:\\\/\\\/diariofemenino.com.ar\\\/df\\\/\",\"logo\":{\"@type\":\"ImageObject\",\"inLanguage\":\"es\",\"@id\":\"https:\\\/\\\/diariofemenino.com.ar\\\/df\\\/#\\\/schema\\\/logo\\\/image\\\/\",\"url\":\"https:\\\/\\\/diariofemenino.com.ar\\\/df\\\/wp-content\\\/uploads\\\/2018\\\/10\\\/logo.png\",\"contentUrl\":\"https:\\\/\\\/diariofemenino.com.ar\\\/df\\\/wp-content\\\/uploads\\\/2018\\\/10\\\/logo.png\",\"width\":500,\"height\":92,\"caption\":\"Diario Femenino\"},\"image\":{\"@id\":\"https:\\\/\\\/diariofemenino.com.ar\\\/df\\\/#\\\/schema\\\/logo\\\/image\\\/\"},\"sameAs\":[\"https:\\\/\\\/www.facebook.com\\\/DiarioDigitaFemenino\\\/\",\"https:\\\/\\\/x.com\\\/DiarioFemenino1\"]},{\"@type\":\"Person\",\"@id\":\"https:\\\/\\\/diariofemenino.com.ar\\\/df\\\/#\\\/schema\\\/person\\\/1c36bc3bf394d8ec320814298b4fdd3f\",\"name\":\"Admin\",\"image\":{\"@type\":\"ImageObject\",\"inLanguage\":\"es\",\"@id\":\"https:\\\/\\\/diariofemenino.com.ar\\\/df\\\/wp-content\\\/uploads\\\/2018\\\/12\\\/favicon-150x150.jpg\",\"url\":\"https:\\\/\\\/diariofemenino.com.ar\\\/df\\\/wp-content\\\/uploads\\\/2018\\\/12\\\/favicon-150x150.jpg\",\"contentUrl\":\"https:\\\/\\\/diariofemenino.com.ar\\\/df\\\/wp-content\\\/uploads\\\/2018\\\/12\\\/favicon-150x150.jpg\",\"caption\":\"Admin\"},\"url\":\"https:\\\/\\\/diariofemenino.com.ar\\\/df\\\/author\\\/sofiperez\\\/\"}]}<\/script>\n<!-- \/ Yoast SEO plugin. -->","yoast_head_json":{"title":"\"La mujer no ocupa cargos de poder real\" - Diario Digital Femenino","description":"\"La mujer no ocupa cargos de poder real\"La asesora de ni\u00f1os, ni\u00f1as y adolescentes de la Segunda Circunscripci\u00f3n Judicial, Elisa Cat\u00e1n.","robots":{"index":"index","follow":"follow","max-snippet":"max-snippet:-1","max-image-preview":"max-image-preview:large","max-video-preview":"max-video-preview:-1"},"canonical":"https:\/\/diariofemenino.com.ar\/df\/la-mujer-no-ocupa-cargos-de-poder-real\/","og_locale":"es_ES","og_type":"article","og_title":"\"La mujer no ocupa cargos de poder real\" - Diario Digital Femenino","og_description":"\"La mujer no ocupa cargos de poder real\"La asesora de ni\u00f1os, ni\u00f1as y adolescentes de la Segunda Circunscripci\u00f3n Judicial, Elisa Cat\u00e1n.","og_url":"https:\/\/diariofemenino.com.ar\/df\/la-mujer-no-ocupa-cargos-de-poder-real\/","og_site_name":"Diario Digital Femenino","article_publisher":"https:\/\/www.facebook.com\/DiarioDigitaFemenino\/","article_published_time":"2020-07-06T14:29:20+00:00","og_image":[{"width":696,"height":466,"url":"https:\/\/diariofemenino.com.ar\/df\/wp-content\/uploads\/2020\/07\/03-Cupo396c97d9.jpg","type":"image\/jpeg"}],"author":"Admin","twitter_card":"summary_large_image","twitter_creator":"@DiarioFemenino1","twitter_site":"@DiarioFemenino1","twitter_misc":{"Escrito por":"Admin","Tiempo de lectura":"4 minutos"},"schema":{"@context":"https:\/\/schema.org","@graph":[{"@type":"Article","@id":"https:\/\/diariofemenino.com.ar\/df\/la-mujer-no-ocupa-cargos-de-poder-real\/#article","isPartOf":{"@id":"https:\/\/diariofemenino.com.ar\/df\/la-mujer-no-ocupa-cargos-de-poder-real\/"},"author":{"name":"Admin","@id":"https:\/\/diariofemenino.com.ar\/df\/#\/schema\/person\/1c36bc3bf394d8ec320814298b4fdd3f"},"headline":"\u00abLa mujer no ocupa cargos de poder real\u00bb","datePublished":"2020-07-06T14:29:20+00:00","mainEntityOfPage":{"@id":"https:\/\/diariofemenino.com.ar\/df\/la-mujer-no-ocupa-cargos-de-poder-real\/"},"wordCount":827,"commentCount":0,"publisher":{"@id":"https:\/\/diariofemenino.com.ar\/df\/#organization"},"image":{"@id":"https:\/\/diariofemenino.com.ar\/df\/la-mujer-no-ocupa-cargos-de-poder-real\/#primaryimage"},"thumbnailUrl":"https:\/\/diariofemenino.com.ar\/df\/wp-content\/uploads\/2020\/07\/03-Cupo396c97d9.jpg","keywords":["G\u00e9nero","Ley Micaela","lugares de poder","Mujeres","Violencia"],"articleSection":["Mujeres"],"inLanguage":"es","potentialAction":[{"@type":"CommentAction","name":"Comment","target":["https:\/\/diariofemenino.com.ar\/df\/la-mujer-no-ocupa-cargos-de-poder-real\/#respond"]}]},{"@type":"WebPage","@id":"https:\/\/diariofemenino.com.ar\/df\/la-mujer-no-ocupa-cargos-de-poder-real\/","url":"https:\/\/diariofemenino.com.ar\/df\/la-mujer-no-ocupa-cargos-de-poder-real\/","name":"\"La mujer no ocupa cargos de poder real\" - Diario Digital Femenino","isPartOf":{"@id":"https:\/\/diariofemenino.com.ar\/df\/#website"},"primaryImageOfPage":{"@id":"https:\/\/diariofemenino.com.ar\/df\/la-mujer-no-ocupa-cargos-de-poder-real\/#primaryimage"},"image":{"@id":"https:\/\/diariofemenino.com.ar\/df\/la-mujer-no-ocupa-cargos-de-poder-real\/#primaryimage"},"thumbnailUrl":"https:\/\/diariofemenino.com.ar\/df\/wp-content\/uploads\/2020\/07\/03-Cupo396c97d9.jpg","datePublished":"2020-07-06T14:29:20+00:00","description":"\"La mujer no ocupa cargos de poder real\"La asesora de ni\u00f1os, ni\u00f1as y adolescentes de la Segunda Circunscripci\u00f3n Judicial, Elisa Cat\u00e1n.","breadcrumb":{"@id":"https:\/\/diariofemenino.com.ar\/df\/la-mujer-no-ocupa-cargos-de-poder-real\/#breadcrumb"},"inLanguage":"es","potentialAction":[{"@type":"ReadAction","target":["https:\/\/diariofemenino.com.ar\/df\/la-mujer-no-ocupa-cargos-de-poder-real\/"]}]},{"@type":"ImageObject","inLanguage":"es","@id":"https:\/\/diariofemenino.com.ar\/df\/la-mujer-no-ocupa-cargos-de-poder-real\/#primaryimage","url":"https:\/\/diariofemenino.com.ar\/df\/wp-content\/uploads\/2020\/07\/03-Cupo396c97d9.jpg","contentUrl":"https:\/\/diariofemenino.com.ar\/df\/wp-content\/uploads\/2020\/07\/03-Cupo396c97d9.jpg","width":696,"height":466},{"@type":"BreadcrumbList","@id":"https:\/\/diariofemenino.com.ar\/df\/la-mujer-no-ocupa-cargos-de-poder-real\/#breadcrumb","itemListElement":[{"@type":"ListItem","position":1,"name":"Portada","item":"https:\/\/diariofemenino.com.ar\/df\/"},{"@type":"ListItem","position":2,"name":"\u00abLa mujer no ocupa cargos de poder real\u00bb"}]},{"@type":"WebSite","@id":"https:\/\/diariofemenino.com.ar\/df\/#website","url":"https:\/\/diariofemenino.com.ar\/df\/","name":"Diario Digital Femenino","description":"Cuesti\u00f3n de G\u00e9nero","publisher":{"@id":"https:\/\/diariofemenino.com.ar\/df\/#organization"},"potentialAction":[{"@type":"SearchAction","target":{"@type":"EntryPoint","urlTemplate":"https:\/\/diariofemenino.com.ar\/df\/?s={search_term_string}"},"query-input":{"@type":"PropertyValueSpecification","valueRequired":true,"valueName":"search_term_string"}}],"inLanguage":"es"},{"@type":"Organization","@id":"https:\/\/diariofemenino.com.ar\/df\/#organization","name":"Diario Femenino","url":"https:\/\/diariofemenino.com.ar\/df\/","logo":{"@type":"ImageObject","inLanguage":"es","@id":"https:\/\/diariofemenino.com.ar\/df\/#\/schema\/logo\/image\/","url":"https:\/\/diariofemenino.com.ar\/df\/wp-content\/uploads\/2018\/10\/logo.png","contentUrl":"https:\/\/diariofemenino.com.ar\/df\/wp-content\/uploads\/2018\/10\/logo.png","width":500,"height":92,"caption":"Diario Femenino"},"image":{"@id":"https:\/\/diariofemenino.com.ar\/df\/#\/schema\/logo\/image\/"},"sameAs":["https:\/\/www.facebook.com\/DiarioDigitaFemenino\/","https:\/\/x.com\/DiarioFemenino1"]},{"@type":"Person","@id":"https:\/\/diariofemenino.com.ar\/df\/#\/schema\/person\/1c36bc3bf394d8ec320814298b4fdd3f","name":"Admin","image":{"@type":"ImageObject","inLanguage":"es","@id":"https:\/\/diariofemenino.com.ar\/df\/wp-content\/uploads\/2018\/12\/favicon-150x150.jpg","url":"https:\/\/diariofemenino.com.ar\/df\/wp-content\/uploads\/2018\/12\/favicon-150x150.jpg","contentUrl":"https:\/\/diariofemenino.com.ar\/df\/wp-content\/uploads\/2018\/12\/favicon-150x150.jpg","caption":"Admin"},"url":"https:\/\/diariofemenino.com.ar\/df\/author\/sofiperez\/"}]}},"jetpack_featured_media_url":"https:\/\/diariofemenino.com.ar\/df\/wp-content\/uploads\/2020\/07\/03-Cupo396c97d9.jpg","jetpack_sharing_enabled":true,"rttpg_featured_image_url":{"full":["https:\/\/diariofemenino.com.ar\/df\/wp-content\/uploads\/2020\/07\/03-Cupo396c97d9.jpg",696,466,false],"landscape":["https:\/\/diariofemenino.com.ar\/df\/wp-content\/uploads\/2020\/07\/03-Cupo396c97d9.jpg",696,466,false],"portraits":["https:\/\/diariofemenino.com.ar\/df\/wp-content\/uploads\/2020\/07\/03-Cupo396c97d9.jpg",696,466,false],"thumbnail":["https:\/\/diariofemenino.com.ar\/df\/wp-content\/uploads\/2020\/07\/03-Cupo396c97d9-150x150.jpg",150,150,true],"medium":["https:\/\/diariofemenino.com.ar\/df\/wp-content\/uploads\/2020\/07\/03-Cupo396c97d9-300x201.jpg",300,201,true],"large":["https:\/\/diariofemenino.com.ar\/df\/wp-content\/uploads\/2020\/07\/03-Cupo396c97d9.jpg",696,466,false],"1536x1536":["https:\/\/diariofemenino.com.ar\/df\/wp-content\/uploads\/2020\/07\/03-Cupo396c97d9.jpg",696,466,false],"2048x2048":["https:\/\/diariofemenino.com.ar\/df\/wp-content\/uploads\/2020\/07\/03-Cupo396c97d9.jpg",696,466,false]},"rttpg_author":{"display_name":"Admin","author_link":"https:\/\/diariofemenino.com.ar\/df\/author\/sofiperez\/"},"rttpg_comment":0,"rttpg_category":"<a href=\"https:\/\/diariofemenino.com.ar\/df\/category\/mujeres\/\" rel=\"category tag\">Mujeres<\/a>","rttpg_excerpt":"\u00abLa mujer no ocupa cargos de poder real\u00bb La asesora de ni\u00f1os, ni\u00f1as y adolescentes de la Segunda Circunscripci\u00f3n Judicial, Elisa Cat\u00e1n, reclam\u00f3 mayor paridad de g\u00e9nero en el Poder Judicial de La Pampa. En este sentido, indic\u00f3 que mayormente las mujeres no ocupan \u00abcargos de poder real\u00bb en los diferentes estamentos, que les es&hellip;","_links":{"self":[{"href":"https:\/\/diariofemenino.com.ar\/df\/wp-json\/wp\/v2\/posts\/50226","targetHints":{"allow":["GET"]}}],"collection":[{"href":"https:\/\/diariofemenino.com.ar\/df\/wp-json\/wp\/v2\/posts"}],"about":[{"href":"https:\/\/diariofemenino.com.ar\/df\/wp-json\/wp\/v2\/types\/post"}],"author":[{"embeddable":true,"href":"https:\/\/diariofemenino.com.ar\/df\/wp-json\/wp\/v2\/users\/3"}],"replies":[{"embeddable":true,"href":"https:\/\/diariofemenino.com.ar\/df\/wp-json\/wp\/v2\/comments?post=50226"}],"version-history":[{"count":0,"href":"https:\/\/diariofemenino.com.ar\/df\/wp-json\/wp\/v2\/posts\/50226\/revisions"}],"wp:featuredmedia":[{"embeddable":true,"href":"https:\/\/diariofemenino.com.ar\/df\/wp-json\/wp\/v2\/media\/50229"}],"wp:attachment":[{"href":"https:\/\/diariofemenino.com.ar\/df\/wp-json\/wp\/v2\/media?parent=50226"}],"wp:term":[{"taxonomy":"category","embeddable":true,"href":"https:\/\/diariofemenino.com.ar\/df\/wp-json\/wp\/v2\/categories?post=50226"},{"taxonomy":"post_tag","embeddable":true,"href":"https:\/\/diariofemenino.com.ar\/df\/wp-json\/wp\/v2\/tags?post=50226"}],"curies":[{"name":"wp","href":"https:\/\/api.w.org\/{rel}","templated":true}]}}