{"id":5012,"date":"2012-11-23T17:45:17","date_gmt":"2012-11-23T20:45:17","guid":{"rendered":"http:\/\/www.diariofemenino.com.ar\/?p=5012"},"modified":"2012-11-23T17:45:17","modified_gmt":"2012-11-23T20:45:17","slug":"el-parlamento-de-las-mujeres-mostro-su-preocupacion-por-la-violencia-de-genero","status":"publish","type":"post","link":"https:\/\/diariofemenino.com.ar\/df\/el-parlamento-de-las-mujeres-mostro-su-preocupacion-por-la-violencia-de-genero\/","title":{"rendered":"El Parlamento de las Mujeres mostr\u00f3 su preocupaci\u00f3n por la violencia de g\u00e9nero"},"content":{"rendered":"<p>&nbsp;<br \/>\n&nbsp;<br \/>\n&nbsp;<br \/>\n&nbsp;<br \/>\n<strong id=\"yui_3_7_2_1_1353702409560_101\">25 de noviembre- D\u00eda Internacional por la No Violencia hacia las mujeres.<\/strong><br \/>\n<a href=\"http:\/\/www.diariofemenino.com.ar\/wp-content\/uploads\/174667_620.jpg\"><img loading=\"lazy\" decoding=\"async\" class=\"alignright size-full wp-image-5015\" title=\"174667_620\" src=\"http:\/\/www.diariofemenino.com.ar\/wp-content\/uploads\/174667_620.jpg\" alt=\"\" width=\"620\" height=\"465\" \/><\/a><br \/>\nEn el marco del D\u00eda Internacional por la No Violencia hacia las mujeres, la diputada Mar\u00eda Elena Naddeo, presidenta de la Comisi\u00f3n de Mujer Infancia Adolescencia y Juventud, valor\u00f3 el trabajo de las organizaciones sociales que este a\u00f1o participaron del Parlamento de las Mujeres de la Legislatura porte\u00f1a y votaron varias iniciativas para prevenir este flagelo.<br \/>\n\u00abNuestra sociedad vive un proceso positivo de ampliaci\u00f3n de derechos, tal como han sido el matrimonio igualitario, el voto joven y la asignaci\u00f3n universal por hijo. La muerte de cientos de mujeres por ataques de violencia intrafamiliar nos lleva a ampliar y fundar nuevas pol\u00edticas publica para que la ley nacional sea una realidad\u00bb, expres\u00f3 Naddeo.<br \/>\nAlgunos de los proyectos aprobados por el Parlamento de las Mujeres para trabajar en la erradicaci\u00f3n de la violencia de g\u00e9nero fueron los siguientes:<br \/>\n* Proyecto de Ley-Obligatoriedad de formaci\u00f3n de g\u00e9nero en carreras de Psicolog\u00eda terciarias y universitarias que se dicten en la CABA\u00a0\u00a0y\u00a0\u00a0la prohibici\u00f3n del uso\u00a0\u00a0en\u00a0\u00e1mbitos judiciales de\u00a0\u00a0supuestas t\u00e9cnicas diagn\u00f3sticas sin aval cient\u00edfico nacional e internacional sobre mujeres, ni\u00f1os\/as\u00a0y adolescentes.-<strong>\u00a0 (Asociaci\u00f3n de Psic\u00f3logos de Buenos Aires &#8211; Exp. N\u00b0 3129 .P. 2012)<\/strong><br \/>\n* Proyecto de Creaci\u00f3n de un Observatorio de Violencia de G\u00e9nero y Seguimiento de la Aplicaci\u00f3n de la Legislaci\u00f3n de G\u00e9nero.<strong>\u00a0(Asoc. De Abogados de Buenos Aires \u201cAABA\u201d &#8211; Exp. N\u00b0 3157 .P. 2012)<\/strong><br \/>\n* Proyecto de Creaci\u00f3n de un Subsidio Econ\u00f3mico para Mujeres Victimas de Violencia de G\u00e9nero.<strong>\u00a0(Asoc. De Abogados de Buenos Aires \u201cAABA\u201d- Exp. N\u00b0 3158 .P. 2012)<\/strong><br \/>\n* Proyecto de Ley \u201cCrease en todas las Comunas de la Ciudad de Buenos Aires equipos interdisciplinarios formados en Violencia Familiar (<strong>Integraci\u00f3n Latinoamericana de Estudios Pol\u00edticos y Sociales\u00a0 \u201cILEPOS<\/strong>\u201d &#8211;\u00a0<strong>Exp. N\u00b0 3161 .P. 2012)<\/strong><\/p>\n<p id=\"yui_3_7_2_1_1353702409560_107\">*Proyecto para garantizar la atenci\u00f3n a mujeres v\u00edctimas de violencia creando Centros Integrales de la Mujer en todas las comunas.<strong id=\"yui_3_7_2_1_1353702409560_105\">\u00a0(Secretar\u00eda de G\u00e9nero e Igualdad de Oportunidades \u201cCTA Capital\u00bb \u00a0&#8211; Exp. N\u00b0 3164 .P. 2012)<\/strong><\/p>\n<p>*Proyecto de Ley \u201cIncorporaci\u00f3n de preservativo femenino para la prevenci\u00f3n del VIH y el embarazo<strong>\u00a0(Fundaci\u00f3n Para Estudio e Investigaci\u00f3n de\u00a0<\/strong><strong>la Mujer<\/strong><strong>\u00a0\u201cFEIM\u201d- Exp. N\u00b0 3171 .P. 2012)<\/strong><br \/>\n* Propuesta Campa\u00f1a de Prevenci\u00f3n de la Transmisi\u00f3n Vertical y la No Violencia de\u00a0 ICWGLOBAL<strong>\u00a0(Latina Comunidad Internacional de Mujeres Viviendo con VIH-SIDA \u201cICW GLOBAL\u201d &#8211; Exp. N\u00b0 3172 .P. 201)<\/strong><br \/>\n&nbsp;<br \/>\nContacto de Prensa:<br \/>\nM\u00f3nica Zavala 156-000-0290<br \/>\nSonia Santoro 155-661-0804<br \/>\n<a href=\"mailto:prensa.naddeo@gmail.com\">prensa.naddeo@gmail.com<\/a><br \/>\n&nbsp;<br \/>\n&nbsp;<\/p>\n","protected":false},"excerpt":{"rendered":"<p>&nbsp; &nbsp; &nbsp; &nbsp; 25 de noviembre- D\u00eda Internacional por la No Violencia hacia las mujeres. En el marco del D\u00eda Internacional por la No Violencia hacia las mujeres, la diputada Mar\u00eda Elena Naddeo, presidenta de la Comisi\u00f3n de Mujer Infancia Adolescencia y Juventud, valor\u00f3 el trabajo de las organizaciones sociales que este a\u00f1o participaron [&hellip;]<\/p>\n","protected":false},"author":1,"featured_media":0,"comment_status":"open","ping_status":"open","sticky":false,"template":"","format":"standard","meta":{"iawp_total_views":2,"footnotes":""},"categories":[4,21],"tags":[],"class_list":["post-5012","post","type-post","status-publish","format-standard","hentry","category-medios","category-noticias"],"nelio_content":{"autoShareEndMode":"never","automationSources":{"useCustomSentences":false,"customSentences":[]},"efiAlt":"","efiUrl":"","followers":[],"highlights":[],"isAutoShareEnabled":true,"networkImageIds":[],"permalinkQueryArgs":[],"series":[],"suggestedReferences":[]},"yoast_head":"<!-- This site is optimized with the Yoast SEO plugin v27.4 - https:\/\/yoast.com\/product\/yoast-seo-wordpress\/ -->\n<title>El Parlamento de las Mujeres mostr\u00f3 su preocupaci\u00f3n por la violencia de g\u00e9nero - Diario Digital Femenino<\/title>\n<meta name=\"robots\" content=\"index, follow, max-snippet:-1, max-image-preview:large, max-video-preview:-1\" \/>\n<link rel=\"canonical\" href=\"https:\/\/diariofemenino.com.ar\/df\/el-parlamento-de-las-mujeres-mostro-su-preocupacion-por-la-violencia-de-genero\/\" \/>\n<meta property=\"og:locale\" content=\"es_ES\" \/>\n<meta property=\"og:type\" content=\"article\" \/>\n<meta property=\"og:title\" content=\"El Parlamento de las Mujeres mostr\u00f3 su preocupaci\u00f3n por la violencia de g\u00e9nero - Diario Digital Femenino\" \/>\n<meta property=\"og:description\" content=\"&nbsp; &nbsp; &nbsp; &nbsp; 25 de noviembre- D\u00eda Internacional por la No Violencia hacia las mujeres. En el marco del D\u00eda Internacional por la No Violencia hacia las mujeres, la diputada Mar\u00eda Elena Naddeo, presidenta de la Comisi\u00f3n de Mujer Infancia Adolescencia y Juventud, valor\u00f3 el trabajo de las organizaciones sociales que este a\u00f1o participaron [&hellip;]\" \/>\n<meta property=\"og:url\" content=\"https:\/\/diariofemenino.com.ar\/df\/el-parlamento-de-las-mujeres-mostro-su-preocupacion-por-la-violencia-de-genero\/\" \/>\n<meta property=\"og:site_name\" content=\"Diario Digital Femenino\" \/>\n<meta property=\"article:publisher\" content=\"https:\/\/www.facebook.com\/DiarioDigitaFemenino\/\" \/>\n<meta property=\"article:published_time\" content=\"2012-11-23T20:45:17+00:00\" \/>\n<meta property=\"og:image\" content=\"http:\/\/www.diariofemenino.com.ar\/wp-content\/uploads\/174667_620.jpg\" \/>\n<meta name=\"author\" content=\"Admin\" \/>\n<meta name=\"twitter:card\" content=\"summary_large_image\" \/>\n<meta name=\"twitter:creator\" content=\"@DiarioFemenino1\" \/>\n<meta name=\"twitter:site\" content=\"@DiarioFemenino1\" \/>\n<meta name=\"twitter:label1\" content=\"Escrito por\" \/>\n\t<meta name=\"twitter:data1\" content=\"Admin\" \/>\n\t<meta name=\"twitter:label2\" content=\"Tiempo de lectura\" \/>\n\t<meta name=\"twitter:data2\" content=\"2 minutos\" \/>\n<script type=\"application\/ld+json\" class=\"yoast-schema-graph\">{\"@context\":\"https:\\\/\\\/schema.org\",\"@graph\":[{\"@type\":\"Article\",\"@id\":\"https:\\\/\\\/diariofemenino.com.ar\\\/df\\\/el-parlamento-de-las-mujeres-mostro-su-preocupacion-por-la-violencia-de-genero\\\/#article\",\"isPartOf\":{\"@id\":\"https:\\\/\\\/diariofemenino.com.ar\\\/df\\\/el-parlamento-de-las-mujeres-mostro-su-preocupacion-por-la-violencia-de-genero\\\/\"},\"author\":{\"name\":\"Admin\",\"@id\":\"https:\\\/\\\/diariofemenino.com.ar\\\/df\\\/#\\\/schema\\\/person\\\/38f54b3bfd13f561de2460ba95c169c6\"},\"headline\":\"El Parlamento de las Mujeres mostr\u00f3 su preocupaci\u00f3n por la violencia de g\u00e9nero\",\"datePublished\":\"2012-11-23T20:45:17+00:00\",\"mainEntityOfPage\":{\"@id\":\"https:\\\/\\\/diariofemenino.com.ar\\\/df\\\/el-parlamento-de-las-mujeres-mostro-su-preocupacion-por-la-violencia-de-genero\\\/\"},\"wordCount\":459,\"commentCount\":0,\"publisher\":{\"@id\":\"https:\\\/\\\/diariofemenino.com.ar\\\/df\\\/#organization\"},\"image\":{\"@id\":\"https:\\\/\\\/diariofemenino.com.ar\\\/df\\\/el-parlamento-de-las-mujeres-mostro-su-preocupacion-por-la-violencia-de-genero\\\/#primaryimage\"},\"thumbnailUrl\":\"http:\\\/\\\/www.diariofemenino.com.ar\\\/wp-content\\\/uploads\\\/174667_620.jpg\",\"articleSection\":[\"Medios\",\"Noticias\"],\"inLanguage\":\"es\",\"potentialAction\":[{\"@type\":\"CommentAction\",\"name\":\"Comment\",\"target\":[\"https:\\\/\\\/diariofemenino.com.ar\\\/df\\\/el-parlamento-de-las-mujeres-mostro-su-preocupacion-por-la-violencia-de-genero\\\/#respond\"]}]},{\"@type\":\"WebPage\",\"@id\":\"https:\\\/\\\/diariofemenino.com.ar\\\/df\\\/el-parlamento-de-las-mujeres-mostro-su-preocupacion-por-la-violencia-de-genero\\\/\",\"url\":\"https:\\\/\\\/diariofemenino.com.ar\\\/df\\\/el-parlamento-de-las-mujeres-mostro-su-preocupacion-por-la-violencia-de-genero\\\/\",\"name\":\"El Parlamento de las Mujeres mostr\u00f3 su preocupaci\u00f3n por la violencia de g\u00e9nero - Diario Digital Femenino\",\"isPartOf\":{\"@id\":\"https:\\\/\\\/diariofemenino.com.ar\\\/df\\\/#website\"},\"primaryImageOfPage\":{\"@id\":\"https:\\\/\\\/diariofemenino.com.ar\\\/df\\\/el-parlamento-de-las-mujeres-mostro-su-preocupacion-por-la-violencia-de-genero\\\/#primaryimage\"},\"image\":{\"@id\":\"https:\\\/\\\/diariofemenino.com.ar\\\/df\\\/el-parlamento-de-las-mujeres-mostro-su-preocupacion-por-la-violencia-de-genero\\\/#primaryimage\"},\"thumbnailUrl\":\"http:\\\/\\\/www.diariofemenino.com.ar\\\/wp-content\\\/uploads\\\/174667_620.jpg\",\"datePublished\":\"2012-11-23T20:45:17+00:00\",\"breadcrumb\":{\"@id\":\"https:\\\/\\\/diariofemenino.com.ar\\\/df\\\/el-parlamento-de-las-mujeres-mostro-su-preocupacion-por-la-violencia-de-genero\\\/#breadcrumb\"},\"inLanguage\":\"es\",\"potentialAction\":[{\"@type\":\"ReadAction\",\"target\":[\"https:\\\/\\\/diariofemenino.com.ar\\\/df\\\/el-parlamento-de-las-mujeres-mostro-su-preocupacion-por-la-violencia-de-genero\\\/\"]}]},{\"@type\":\"ImageObject\",\"inLanguage\":\"es\",\"@id\":\"https:\\\/\\\/diariofemenino.com.ar\\\/df\\\/el-parlamento-de-las-mujeres-mostro-su-preocupacion-por-la-violencia-de-genero\\\/#primaryimage\",\"url\":\"http:\\\/\\\/www.diariofemenino.com.ar\\\/wp-content\\\/uploads\\\/174667_620.jpg\",\"contentUrl\":\"http:\\\/\\\/www.diariofemenino.com.ar\\\/wp-content\\\/uploads\\\/174667_620.jpg\"},{\"@type\":\"BreadcrumbList\",\"@id\":\"https:\\\/\\\/diariofemenino.com.ar\\\/df\\\/el-parlamento-de-las-mujeres-mostro-su-preocupacion-por-la-violencia-de-genero\\\/#breadcrumb\",\"itemListElement\":[{\"@type\":\"ListItem\",\"position\":1,\"name\":\"Portada\",\"item\":\"https:\\\/\\\/diariofemenino.com.ar\\\/df\\\/\"},{\"@type\":\"ListItem\",\"position\":2,\"name\":\"El Parlamento de las Mujeres mostr\u00f3 su preocupaci\u00f3n por la violencia de g\u00e9nero\"}]},{\"@type\":\"WebSite\",\"@id\":\"https:\\\/\\\/diariofemenino.com.ar\\\/df\\\/#website\",\"url\":\"https:\\\/\\\/diariofemenino.com.ar\\\/df\\\/\",\"name\":\"Diario Digital Femenino\",\"description\":\"Cuesti\u00f3n de G\u00e9nero\",\"publisher\":{\"@id\":\"https:\\\/\\\/diariofemenino.com.ar\\\/df\\\/#organization\"},\"potentialAction\":[{\"@type\":\"SearchAction\",\"target\":{\"@type\":\"EntryPoint\",\"urlTemplate\":\"https:\\\/\\\/diariofemenino.com.ar\\\/df\\\/?s={search_term_string}\"},\"query-input\":{\"@type\":\"PropertyValueSpecification\",\"valueRequired\":true,\"valueName\":\"search_term_string\"}}],\"inLanguage\":\"es\"},{\"@type\":\"Organization\",\"@id\":\"https:\\\/\\\/diariofemenino.com.ar\\\/df\\\/#organization\",\"name\":\"Diario Femenino\",\"url\":\"https:\\\/\\\/diariofemenino.com.ar\\\/df\\\/\",\"logo\":{\"@type\":\"ImageObject\",\"inLanguage\":\"es\",\"@id\":\"https:\\\/\\\/diariofemenino.com.ar\\\/df\\\/#\\\/schema\\\/logo\\\/image\\\/\",\"url\":\"https:\\\/\\\/diariofemenino.com.ar\\\/df\\\/wp-content\\\/uploads\\\/2018\\\/10\\\/logo.png\",\"contentUrl\":\"https:\\\/\\\/diariofemenino.com.ar\\\/df\\\/wp-content\\\/uploads\\\/2018\\\/10\\\/logo.png\",\"width\":500,\"height\":92,\"caption\":\"Diario Femenino\"},\"image\":{\"@id\":\"https:\\\/\\\/diariofemenino.com.ar\\\/df\\\/#\\\/schema\\\/logo\\\/image\\\/\"},\"sameAs\":[\"https:\\\/\\\/www.facebook.com\\\/DiarioDigitaFemenino\\\/\",\"https:\\\/\\\/x.com\\\/DiarioFemenino1\"]},{\"@type\":\"Person\",\"@id\":\"https:\\\/\\\/diariofemenino.com.ar\\\/df\\\/#\\\/schema\\\/person\\\/38f54b3bfd13f561de2460ba95c169c6\",\"name\":\"Admin\",\"image\":{\"@type\":\"ImageObject\",\"inLanguage\":\"es\",\"@id\":\"https:\\\/\\\/diariofemenino.com.ar\\\/df\\\/wp-content\\\/uploads\\\/2018\\\/12\\\/favicon-150x150.jpg\",\"url\":\"https:\\\/\\\/diariofemenino.com.ar\\\/df\\\/wp-content\\\/uploads\\\/2018\\\/12\\\/favicon-150x150.jpg\",\"contentUrl\":\"https:\\\/\\\/diariofemenino.com.ar\\\/df\\\/wp-content\\\/uploads\\\/2018\\\/12\\\/favicon-150x150.jpg\",\"caption\":\"Admin\"},\"url\":\"https:\\\/\\\/diariofemenino.com.ar\\\/df\\\/author\\\/adm18df\\\/\"}]}<\/script>\n<!-- \/ Yoast SEO plugin. -->","yoast_head_json":{"title":"El Parlamento de las Mujeres mostr\u00f3 su preocupaci\u00f3n por la violencia de g\u00e9nero - Diario Digital Femenino","robots":{"index":"index","follow":"follow","max-snippet":"max-snippet:-1","max-image-preview":"max-image-preview:large","max-video-preview":"max-video-preview:-1"},"canonical":"https:\/\/diariofemenino.com.ar\/df\/el-parlamento-de-las-mujeres-mostro-su-preocupacion-por-la-violencia-de-genero\/","og_locale":"es_ES","og_type":"article","og_title":"El Parlamento de las Mujeres mostr\u00f3 su preocupaci\u00f3n por la violencia de g\u00e9nero - Diario Digital Femenino","og_description":"&nbsp; &nbsp; &nbsp; &nbsp; 25 de noviembre- D\u00eda Internacional por la No Violencia hacia las mujeres. En el marco del D\u00eda Internacional por la No Violencia hacia las mujeres, la diputada Mar\u00eda Elena Naddeo, presidenta de la Comisi\u00f3n de Mujer Infancia Adolescencia y Juventud, valor\u00f3 el trabajo de las organizaciones sociales que este a\u00f1o participaron [&hellip;]","og_url":"https:\/\/diariofemenino.com.ar\/df\/el-parlamento-de-las-mujeres-mostro-su-preocupacion-por-la-violencia-de-genero\/","og_site_name":"Diario Digital Femenino","article_publisher":"https:\/\/www.facebook.com\/DiarioDigitaFemenino\/","article_published_time":"2012-11-23T20:45:17+00:00","og_image":[{"url":"http:\/\/www.diariofemenino.com.ar\/wp-content\/uploads\/174667_620.jpg","type":"","width":"","height":""}],"author":"Admin","twitter_card":"summary_large_image","twitter_creator":"@DiarioFemenino1","twitter_site":"@DiarioFemenino1","twitter_misc":{"Escrito por":"Admin","Tiempo de lectura":"2 minutos"},"schema":{"@context":"https:\/\/schema.org","@graph":[{"@type":"Article","@id":"https:\/\/diariofemenino.com.ar\/df\/el-parlamento-de-las-mujeres-mostro-su-preocupacion-por-la-violencia-de-genero\/#article","isPartOf":{"@id":"https:\/\/diariofemenino.com.ar\/df\/el-parlamento-de-las-mujeres-mostro-su-preocupacion-por-la-violencia-de-genero\/"},"author":{"name":"Admin","@id":"https:\/\/diariofemenino.com.ar\/df\/#\/schema\/person\/38f54b3bfd13f561de2460ba95c169c6"},"headline":"El Parlamento de las Mujeres mostr\u00f3 su preocupaci\u00f3n por la violencia de g\u00e9nero","datePublished":"2012-11-23T20:45:17+00:00","mainEntityOfPage":{"@id":"https:\/\/diariofemenino.com.ar\/df\/el-parlamento-de-las-mujeres-mostro-su-preocupacion-por-la-violencia-de-genero\/"},"wordCount":459,"commentCount":0,"publisher":{"@id":"https:\/\/diariofemenino.com.ar\/df\/#organization"},"image":{"@id":"https:\/\/diariofemenino.com.ar\/df\/el-parlamento-de-las-mujeres-mostro-su-preocupacion-por-la-violencia-de-genero\/#primaryimage"},"thumbnailUrl":"http:\/\/www.diariofemenino.com.ar\/wp-content\/uploads\/174667_620.jpg","articleSection":["Medios","Noticias"],"inLanguage":"es","potentialAction":[{"@type":"CommentAction","name":"Comment","target":["https:\/\/diariofemenino.com.ar\/df\/el-parlamento-de-las-mujeres-mostro-su-preocupacion-por-la-violencia-de-genero\/#respond"]}]},{"@type":"WebPage","@id":"https:\/\/diariofemenino.com.ar\/df\/el-parlamento-de-las-mujeres-mostro-su-preocupacion-por-la-violencia-de-genero\/","url":"https:\/\/diariofemenino.com.ar\/df\/el-parlamento-de-las-mujeres-mostro-su-preocupacion-por-la-violencia-de-genero\/","name":"El Parlamento de las Mujeres mostr\u00f3 su preocupaci\u00f3n por la violencia de g\u00e9nero - Diario Digital Femenino","isPartOf":{"@id":"https:\/\/diariofemenino.com.ar\/df\/#website"},"primaryImageOfPage":{"@id":"https:\/\/diariofemenino.com.ar\/df\/el-parlamento-de-las-mujeres-mostro-su-preocupacion-por-la-violencia-de-genero\/#primaryimage"},"image":{"@id":"https:\/\/diariofemenino.com.ar\/df\/el-parlamento-de-las-mujeres-mostro-su-preocupacion-por-la-violencia-de-genero\/#primaryimage"},"thumbnailUrl":"http:\/\/www.diariofemenino.com.ar\/wp-content\/uploads\/174667_620.jpg","datePublished":"2012-11-23T20:45:17+00:00","breadcrumb":{"@id":"https:\/\/diariofemenino.com.ar\/df\/el-parlamento-de-las-mujeres-mostro-su-preocupacion-por-la-violencia-de-genero\/#breadcrumb"},"inLanguage":"es","potentialAction":[{"@type":"ReadAction","target":["https:\/\/diariofemenino.com.ar\/df\/el-parlamento-de-las-mujeres-mostro-su-preocupacion-por-la-violencia-de-genero\/"]}]},{"@type":"ImageObject","inLanguage":"es","@id":"https:\/\/diariofemenino.com.ar\/df\/el-parlamento-de-las-mujeres-mostro-su-preocupacion-por-la-violencia-de-genero\/#primaryimage","url":"http:\/\/www.diariofemenino.com.ar\/wp-content\/uploads\/174667_620.jpg","contentUrl":"http:\/\/www.diariofemenino.com.ar\/wp-content\/uploads\/174667_620.jpg"},{"@type":"BreadcrumbList","@id":"https:\/\/diariofemenino.com.ar\/df\/el-parlamento-de-las-mujeres-mostro-su-preocupacion-por-la-violencia-de-genero\/#breadcrumb","itemListElement":[{"@type":"ListItem","position":1,"name":"Portada","item":"https:\/\/diariofemenino.com.ar\/df\/"},{"@type":"ListItem","position":2,"name":"El Parlamento de las Mujeres mostr\u00f3 su preocupaci\u00f3n por la violencia de g\u00e9nero"}]},{"@type":"WebSite","@id":"https:\/\/diariofemenino.com.ar\/df\/#website","url":"https:\/\/diariofemenino.com.ar\/df\/","name":"Diario Digital Femenino","description":"Cuesti\u00f3n de G\u00e9nero","publisher":{"@id":"https:\/\/diariofemenino.com.ar\/df\/#organization"},"potentialAction":[{"@type":"SearchAction","target":{"@type":"EntryPoint","urlTemplate":"https:\/\/diariofemenino.com.ar\/df\/?s={search_term_string}"},"query-input":{"@type":"PropertyValueSpecification","valueRequired":true,"valueName":"search_term_string"}}],"inLanguage":"es"},{"@type":"Organization","@id":"https:\/\/diariofemenino.com.ar\/df\/#organization","name":"Diario Femenino","url":"https:\/\/diariofemenino.com.ar\/df\/","logo":{"@type":"ImageObject","inLanguage":"es","@id":"https:\/\/diariofemenino.com.ar\/df\/#\/schema\/logo\/image\/","url":"https:\/\/diariofemenino.com.ar\/df\/wp-content\/uploads\/2018\/10\/logo.png","contentUrl":"https:\/\/diariofemenino.com.ar\/df\/wp-content\/uploads\/2018\/10\/logo.png","width":500,"height":92,"caption":"Diario Femenino"},"image":{"@id":"https:\/\/diariofemenino.com.ar\/df\/#\/schema\/logo\/image\/"},"sameAs":["https:\/\/www.facebook.com\/DiarioDigitaFemenino\/","https:\/\/x.com\/DiarioFemenino1"]},{"@type":"Person","@id":"https:\/\/diariofemenino.com.ar\/df\/#\/schema\/person\/38f54b3bfd13f561de2460ba95c169c6","name":"Admin","image":{"@type":"ImageObject","inLanguage":"es","@id":"https:\/\/diariofemenino.com.ar\/df\/wp-content\/uploads\/2018\/12\/favicon-150x150.jpg","url":"https:\/\/diariofemenino.com.ar\/df\/wp-content\/uploads\/2018\/12\/favicon-150x150.jpg","contentUrl":"https:\/\/diariofemenino.com.ar\/df\/wp-content\/uploads\/2018\/12\/favicon-150x150.jpg","caption":"Admin"},"url":"https:\/\/diariofemenino.com.ar\/df\/author\/adm18df\/"}]}},"jetpack_featured_media_url":"","jetpack_sharing_enabled":true,"rttpg_featured_image_url":null,"rttpg_author":{"display_name":"Admin","author_link":"https:\/\/diariofemenino.com.ar\/df\/author\/adm18df\/"},"rttpg_comment":0,"rttpg_category":"<a href=\"https:\/\/diariofemenino.com.ar\/df\/category\/medios\/\" rel=\"category tag\">Medios<\/a> <a href=\"https:\/\/diariofemenino.com.ar\/df\/category\/noticias\/\" rel=\"category tag\">Noticias<\/a>","rttpg_excerpt":"&nbsp; &nbsp; &nbsp; &nbsp; 25 de noviembre- D\u00eda Internacional por la No Violencia hacia las mujeres. En el marco del D\u00eda Internacional por la No Violencia hacia las mujeres, la diputada Mar\u00eda Elena Naddeo, presidenta de la Comisi\u00f3n de Mujer Infancia Adolescencia y Juventud, valor\u00f3 el trabajo de las organizaciones sociales que este a\u00f1o participaron&hellip;","_links":{"self":[{"href":"https:\/\/diariofemenino.com.ar\/df\/wp-json\/wp\/v2\/posts\/5012","targetHints":{"allow":["GET"]}}],"collection":[{"href":"https:\/\/diariofemenino.com.ar\/df\/wp-json\/wp\/v2\/posts"}],"about":[{"href":"https:\/\/diariofemenino.com.ar\/df\/wp-json\/wp\/v2\/types\/post"}],"author":[{"embeddable":true,"href":"https:\/\/diariofemenino.com.ar\/df\/wp-json\/wp\/v2\/users\/1"}],"replies":[{"embeddable":true,"href":"https:\/\/diariofemenino.com.ar\/df\/wp-json\/wp\/v2\/comments?post=5012"}],"version-history":[{"count":0,"href":"https:\/\/diariofemenino.com.ar\/df\/wp-json\/wp\/v2\/posts\/5012\/revisions"}],"wp:attachment":[{"href":"https:\/\/diariofemenino.com.ar\/df\/wp-json\/wp\/v2\/media?parent=5012"}],"wp:term":[{"taxonomy":"category","embeddable":true,"href":"https:\/\/diariofemenino.com.ar\/df\/wp-json\/wp\/v2\/categories?post=5012"},{"taxonomy":"post_tag","embeddable":true,"href":"https:\/\/diariofemenino.com.ar\/df\/wp-json\/wp\/v2\/tags?post=5012"}],"curies":[{"name":"wp","href":"https:\/\/api.w.org\/{rel}","templated":true}]}}