{"id":50107,"date":"2020-06-29T13:52:04","date_gmt":"2020-06-29T16:52:04","guid":{"rendered":"https:\/\/diariofemenino.com.ar\/?p=50107"},"modified":"2020-06-29T13:52:04","modified_gmt":"2020-06-29T16:52:04","slug":"otra-investigacion-atravesada-por-el-covid-19","status":"publish","type":"post","link":"https:\/\/diariofemenino.com.ar\/df\/otra-investigacion-atravesada-por-el-covid-19\/","title":{"rendered":"Otra investigaci\u00f3n atravesada por el Covid -19"},"content":{"rendered":"<p style=\"text-align: center;\"><strong>Otra investigaci\u00f3n atravesada por el Covid -19<\/strong><\/p>\n<p>Una de las instituciones que hizo punta en la fabricaci\u00f3n de mascarillas hospitalarias fue la Facultad de Ciencias Exactas y Naturales de la Universidad Nacional de La Pampa, donde docentes y alumnos de la Licenciatura en F\u00edsica aprovecharon la disponibilidad de equipos y materiales para hacer un aporte a la comunidad.<\/p>\n<p>El operativo fue coordinado desde su domicilio por Victoria Ferreyra, una joven f\u00edsica que cumpl\u00eda su cuarentena preventiva tras regresar aceleradamente de Espa\u00f1a cuando la pandemia empez\u00f3 a impactar con fuerza en ese pa\u00eds.<br \/>\nLa pandemia de Covid-19 encontr\u00f3 a Victoria Ferreyra en la ciudad vasca de Pamplona, donde hab\u00eda viajado a realizar una pasant\u00eda en la Universidad de Navarra en el marco del programa de ayudas econ\u00f3micas de la UNLPampor el cual viajaron Gisela Weiz y Mariela Lis Ambronsino, dos j\u00f3venes pampeanas que tambi\u00e9n se encontraron con que el coronavirus trastoc\u00f3 sus planes de estudio en Europa.<br \/>\nVictoria lleg\u00f3 a Pamplona el 2 de febrero y comenz\u00f3 a trabajar en su <a href=\"https:\/\/diariofemenino.com.ar\/rebelion-en-la-ciencia-mujeres-contra-el-techo-de-cristal\/\">investigaci\u00f3n<\/a> sin sospechar que en cuesti\u00f3n de d\u00edas todo cambiar\u00eda. A los pocos d\u00edas de su llegada la pandemia \u00abestall\u00f3\u00bb en Italia y para principios de marzo empezaron a conocerse los primeros casos en Espa\u00f1a.<\/p>\n<p>\u00abDiez d\u00edas antes de que yo me vuelva, apareci\u00f3 el primer caso en Pamplona. Cuando lo miro ahora, veo que todo fue muy r\u00e1pido, muy vertiginoso. En ese momento no estaba en claro cu\u00e1l era la peligrosidad en la expansi\u00f3n del virus. La peligrosidad no estaba tanto en su nivel de mortalidad sino en el nivel de contagio que tiene, que atora los servicios sanitarios\u00bb.<br \/>\nA poco de que la enfermedad llegara a Espa\u00f1a, aparecieron los primeros casos en Pamplona y tres de ellos fueron en la Universidad de Navarra. \u00abUn docente, una chica del sistema administrativo y una alumna\u00bb, detall\u00f3.<\/p>\n<p>\u00abCuando se empieza a hablar de la posibilidad de cerrar la universidad, aparece el director del grupo donde estaba trabajando y me dice \u2018vos te vas\u2019. No me dio ninguna opci\u00f3n. Estuve dos d\u00edas m\u00e1s trabajando para terminar todos los experimentos para que me quedara algo m\u00e1s avanzado y yo pudiera trabajar ac\u00e1 (en Santa Rosa), hasta que me fui para Barcelona, que era de donde sal\u00eda mi avi\u00f3n\u00bb.<br \/>\nEn la ciudad catalana, estuvo un par de d\u00edas instalada en la casa de una amiga hasta que pudo contactar con la aerol\u00ednea Iberia y logr\u00f3 que le cambiaran el vuelo. Espa\u00f1a ya hab\u00eda dictado el aislamiento total.<\/p>\n<p><strong>Controles.<\/strong><\/p>\n<p>\u00abLlegu\u00e9 ac\u00e1 un d\u00eda despu\u00e9s que cerrara el aeropuerto de Ezeiza y se cancelaran todos los vuelos que ven\u00edan de Europa. Yo vine por Brasil, que en ese momento no era considerado pa\u00eds con circulaci\u00f3n. El \u00fanico lugar donde nos hicieron controles de temperatura y nos pidieron una declaraci\u00f3n jurada de s\u00edntomas, fue ac\u00e1 en Argentina. En Brasil, nada, ni siquiera controlaban que se cumpliera con el distanciamiento social\u00bb, destac\u00f3.<\/p>\n<p>\u00abCuando llegamos a Ezeiza no nos dejaron bajar del avi\u00f3n hasta que no constataron que las personas que hab\u00edan declarado s\u00edntomas estaban bien, que no ten\u00edan temperatura alta. Cuando bajamos nos tomaron la temperatura a todos y todas. Ah\u00ed me estaba esperando una persona que me trajo hasta Santa Rosa y que cuando volvi\u00f3 a Buenos Aires tuvo que hacer una cuarentena preventiva\u00bb, agreg\u00f3.<\/p>\n<p>Tras llegar a Santa Rosa, Victoria se instal\u00f3 en su domicilio particular para realizar la cuarentena. \u00abDurante 15 d\u00edas no tuve contacto con nadie\u00bb.<br \/>\nFue en ese contexto que \u00abencontr\u00e9 la publicaci\u00f3n de una gente de Espa\u00f1a que estaba haciendo m\u00e1scaras con las impresoras 3D\u00bb, tema que la motiv\u00f3 para replicar la experiencia en nuestra ciudad, de la mano del personal y los equipos de la Facultad. \u00abAh\u00ed arrancamos con este proyecto\u00bb, cont\u00f3. El director del grupo de trabajo en Materiales Granulares, Luis Pugnaloni, \u00abse cop\u00f3 enseguida\u00bb y coordin\u00f3 en territorio las indicaciones que Victoria suger\u00eda desde su casa. \u00abConsegu\u00ed el contacto con el Ministerio de Salud gracias a mis compa\u00f1eros de Patria Grande, el espacio en el que milito, busqu\u00e9 cu\u00e1l era el mejor modelo para las m\u00e1scaras, los archivos de impresi\u00f3n, que son todos gratuitos, y me contact\u00e9 con otra gente de Santa Rosa que ya estaba haciendo m\u00e1scaras. <a href=\"https:\/\/diariofemenino.com.ar\/carlos-rodriguez-el-teletrabajo-llego-para-quedarse\/\">Todo esto desde casa con el tel\u00e9fono y la computadora<\/a>\u00bb.<br \/>\nEl vicedecano Jaime Bernardos y la secretaria de Investigaci\u00f3n y Posgrado, Laura Wisner, se encargaron de abrir las puertas de la Facultad a los docentes y estudiantes avanzados que fueron a imprimir las mascarillas, tarea en la que se utiliz\u00f3 la impresora 3D que pertenece al grupo de F\u00edsica de Materiales Granulares. Los alumnos que se encargaron de imprimir las mascarillas fueron Juli\u00e1n G\u00f3mez Paccapello, Gabriel Gazzano y Kevin Tomas, todos ellos alumnos avanzados de la Licenciatura en F\u00edsica.<\/p>\n<p>Para la impresi\u00f3n se utiliz\u00f3 material que ya estaba en la Facultad y luego se adquiri\u00f3 un poco m\u00e1s. Las planchas de acetado las provey\u00f3 el Ministerio de Salud de la provincia. Al cabo de varios d\u00edas de trabajo se fabricaron 160 mascarillas, las que se destinaron al personal de Salud de la provincia y a otros trabajadores de servicios esenciales expuestos al contagio.<br \/>\nEn la Facultad de Ciencias Exactas y Naturales tambi\u00e9n particip\u00f3 de la propuesta el profesor de Matem\u00e1tica Leandro Castro, quien posee una impresora 3D en su casa.<\/p>\n<p><strong>Universidad de Navarra.<\/strong><\/p>\n<p>Durante su estad\u00eda en Pamplona, Victoria se sum\u00f3 al equipo de profesionales del laboratorio de materiales granulares de la Universidad de Navarra, muchos de ellos conocidos de su director en la investigaci\u00f3n, Luis Pugnaloni. All\u00ed se dedic\u00f3 a realizar experimentos sobre la din\u00e1mica de descarga de dep\u00f3sitos de materiales granulares -que en nuestra provincia est\u00e1n representados por los silos que almacenan la producci\u00f3n de cereales y oleaginosas-, un campo de estudio muy abarcativo y con muchas ramificaciones.<br \/>\n\u00abSon dep\u00f3sitos de materiales granulares que en general tienen forma cil\u00edndrica y una boca en su parte inferior por la cual se extrae el material\u00bb, detall\u00f3 Victoria, describiendo con criterios f\u00edsicos las caracter\u00edsticas estructurales de nuestros conocidos silos.<br \/>\nVictoria centr\u00f3 su investigaci\u00f3n en dos casos particulares de descarga de silos. El primero de ellos se denomina \u00absilo forzado\u00bb porque se le coloca en la parte superior un peso que aumenta la velocidad de salida del material. En este caso el foco de estudio estuvo centrado en ver c\u00f3mo aumenta la velocidad de descarga de acuerdo a diferentes pesos.<br \/>\nEl otro experimento apunt\u00f3 a calcular la probabilidad de atasco de los granos, colocando en la salida una cinta transportadora, tal como sucede en muchos procesos industriales.<br \/>\nPara simular los granos se utilizan distintos tama\u00f1os de bolitas. Para el segundo experimento, por ejemplo, \u00abhacemos caer las bolitas por un orificio m\u00e1s o menos chiquito, que ten\u00eda cierta probabilidad de atasco, y abajo pon\u00edamos una cinta transportadora que iba juntando el material\u00bb, describi\u00f3. \u00abLuego mir\u00e1bamos c\u00f3mo iba cambiando la probabilidad de atasco seg\u00fan la velocidad de la cinta\u00bb, teniendo en cuenta que la cinta puede producir un frenado en los granos y ello hace cambiar la probabilidad de atasco.<\/p>\n<p><strong>Terminar el \u2018posdoc\u2019.<\/strong><\/p>\n<p>Mientras <a href=\"https:\/\/diariofemenino.com.ar\/el-futuro-del-trabajo-las-nuevas-tecnologias-y-el-trabajo-decente\/\">dicta clases virtuales en la Facultad<\/a> de Exactas en la c\u00e1tedra Mec\u00e1nica Cl\u00e1sica I, Victoria avanza a paso firme en pos de terminar su investigaci\u00f3n y presentarla para el mes de julio.<br \/>\n\u00abAhora estoy analizando datos y empezando a armar los gr\u00e1ficos para hacer una publicaci\u00f3n. Eso lleva un poco m\u00e1s de tiempo pero se puede hacer mediante reuniones virtuales, discusiones semanales entre las personas que estamos involucrados. Por suerte no necesito hacer m\u00e1s mediciones\u00bb.<\/p>\n<p>El objetivo que se plantearon con Pugnaloni es analizar cu\u00e1l es la din\u00e1mica del flujo y ver c\u00f3mo cambia esa din\u00e1mica seg\u00fan el peso que se le coloca arriba; c\u00f3mo es la presi\u00f3n en el fondo del silo, y c\u00f3mo va cambiando a medida que se va descargando. \u00abY cuando tengamos la informaci\u00f3n, hacer un modelo te\u00f3rico que trate de explicar los datos que hemos tomado\u00bb, concluy\u00f3 Victoria.<\/p>\n<p>Una<a href=\"https:\/\/diariofemenino.com.ar\/julia-herrero-albillos-con-la-participacion-de-las-mujeres-la-ciencia-es-mejor\/\"> investigaci\u00f3n<\/a> de esta \u00edndole tiene una aplicaci\u00f3n directa en nuestra provincia, donde en forma peri\u00f3dica ocurren accidentes cuando se produce un atasco en una tolva o en un silo y los trabajadores rurales intentan desobstruirlo exponiendo su propio cuerpo. Muchos de estos accidentes tienen desenlaces fatales porque los trabajadores quedan sepultados bajo los granos cuando se produce la liberaci\u00f3n del volumen atorado, o bien son absorbidos por los \u00abchimangos\u00bb, como se conoce informalmente a las m\u00e1quinas que elevan los granos hasta el dep\u00f3sito.<\/p>\n<p><img loading=\"lazy\" decoding=\"async\" class=\"aligncenter size-full wp-image-50109\" src=\"https:\/\/diariofemenino.com.ar\/df\/wp-content\/uploads\/2020\/06\/17-a-3x85e487133.jpg\" alt=\"\" width=\"696\" height=\"522\" srcset=\"https:\/\/diariofemenino.com.ar\/df\/wp-content\/uploads\/2020\/06\/17-a-3x85e487133.jpg 696w, https:\/\/diariofemenino.com.ar\/df\/wp-content\/uploads\/2020\/06\/17-a-3x85e487133-300x225.jpg 300w\" sizes=\"auto, (max-width: 696px) 100vw, 696px\" \/><\/p>\n<p>Fuente: <a href=\"http:\/\/www.laarena.com.ar\/la_pampa-otra-investigacion-atravesada-por-covid-2119211-163.html\">La Arena<\/a><\/p>\n","protected":false},"excerpt":{"rendered":"<p>Otra investigaci\u00f3n atravesada por el Covid -19 Una de las instituciones que hizo punta en la fabricaci\u00f3n de mascarillas hospitalarias fue la Facultad de Ciencias Exactas y Naturales de la Universidad Nacional de La Pampa, donde docentes y alumnos de la Licenciatura en F\u00edsica aprovecharon la disponibilidad de equipos y materiales para hacer un aporte [&hellip;]<\/p>\n","protected":false},"author":3,"featured_media":50110,"comment_status":"open","ping_status":"open","sticky":false,"template":"","format":"standard","meta":{"iawp_total_views":8,"footnotes":""},"categories":[7,8],"tags":[125,2986,130,2998],"class_list":["post-50107","post","type-post","status-publish","format-standard","has-post-thumbnail","hentry","category-actividades","category-entrevistas","tag-ciencia","tag-covid-19","tag-mujeres","tag-pandemia"],"nelio_content":{"autoShareEndMode":"never","automationSources":{"useCustomSentences":false,"customSentences":[]},"efiAlt":"","efiUrl":"","followers":[3],"highlights":[],"isAutoShareEnabled":true,"networkImageIds":[],"permalinkQueryArgs":[],"series":[],"suggestedReferences":[]},"yoast_head":"<!-- This site is optimized with the Yoast SEO plugin v27.5 - https:\/\/yoast.com\/product\/yoast-seo-wordpress\/ -->\n<title>Otra investigaci\u00f3n atravesada por el Covid -19 - Diario Digital Femenino<\/title>\n<meta name=\"description\" content=\"Otra investigaci\u00f3n atravesada por el Covid -19Una de las instituciones que hizo punta en la fabricaci\u00f3n de mascarillas hospitalarias fue la Facultad de\" \/>\n<meta name=\"robots\" content=\"index, follow, max-snippet:-1, max-image-preview:large, max-video-preview:-1\" \/>\n<link rel=\"canonical\" href=\"https:\/\/diariofemenino.com.ar\/df\/otra-investigacion-atravesada-por-el-covid-19\/\" \/>\n<meta property=\"og:locale\" content=\"es_ES\" \/>\n<meta property=\"og:type\" content=\"article\" \/>\n<meta property=\"og:title\" content=\"Otra investigaci\u00f3n atravesada por el Covid -19 - Diario Digital Femenino\" \/>\n<meta property=\"og:description\" content=\"Otra investigaci\u00f3n atravesada por el Covid -19Una de las instituciones que hizo punta en la fabricaci\u00f3n de mascarillas hospitalarias fue la Facultad de\" \/>\n<meta property=\"og:url\" content=\"https:\/\/diariofemenino.com.ar\/df\/otra-investigacion-atravesada-por-el-covid-19\/\" \/>\n<meta property=\"og:site_name\" content=\"Diario Digital Femenino\" \/>\n<meta property=\"article:publisher\" content=\"https:\/\/www.facebook.com\/DiarioDigitaFemenino\/\" \/>\n<meta property=\"article:published_time\" content=\"2020-06-29T16:52:04+00:00\" \/>\n<meta property=\"og:image\" content=\"https:\/\/diariofemenino.com.ar\/df\/wp-content\/uploads\/2020\/06\/victoria-ferreyra.jpg\" \/>\n\t<meta property=\"og:image:width\" content=\"620\" \/>\n\t<meta property=\"og:image:height\" content=\"300\" \/>\n\t<meta property=\"og:image:type\" content=\"image\/jpeg\" \/>\n<meta name=\"author\" content=\"Admin\" \/>\n<meta name=\"twitter:card\" content=\"summary_large_image\" \/>\n<meta name=\"twitter:creator\" content=\"@DiarioFemenino1\" \/>\n<meta name=\"twitter:site\" content=\"@DiarioFemenino1\" \/>\n<meta name=\"twitter:label1\" content=\"Escrito por\" \/>\n\t<meta name=\"twitter:data1\" content=\"Admin\" \/>\n\t<meta name=\"twitter:label2\" content=\"Tiempo de lectura\" \/>\n\t<meta name=\"twitter:data2\" content=\"8 minutos\" \/>\n<script type=\"application\/ld+json\" class=\"yoast-schema-graph\">{\"@context\":\"https:\\\/\\\/schema.org\",\"@graph\":[{\"@type\":\"Article\",\"@id\":\"https:\\\/\\\/diariofemenino.com.ar\\\/df\\\/otra-investigacion-atravesada-por-el-covid-19\\\/#article\",\"isPartOf\":{\"@id\":\"https:\\\/\\\/diariofemenino.com.ar\\\/df\\\/otra-investigacion-atravesada-por-el-covid-19\\\/\"},\"author\":{\"name\":\"Admin\",\"@id\":\"https:\\\/\\\/diariofemenino.com.ar\\\/df\\\/#\\\/schema\\\/person\\\/1c36bc3bf394d8ec320814298b4fdd3f\"},\"headline\":\"Otra investigaci\u00f3n atravesada por el Covid -19\",\"datePublished\":\"2020-06-29T16:52:04+00:00\",\"mainEntityOfPage\":{\"@id\":\"https:\\\/\\\/diariofemenino.com.ar\\\/df\\\/otra-investigacion-atravesada-por-el-covid-19\\\/\"},\"wordCount\":1512,\"commentCount\":0,\"publisher\":{\"@id\":\"https:\\\/\\\/diariofemenino.com.ar\\\/df\\\/#organization\"},\"image\":{\"@id\":\"https:\\\/\\\/diariofemenino.com.ar\\\/df\\\/otra-investigacion-atravesada-por-el-covid-19\\\/#primaryimage\"},\"thumbnailUrl\":\"https:\\\/\\\/diariofemenino.com.ar\\\/df\\\/wp-content\\\/uploads\\\/2020\\\/06\\\/victoria-ferreyra.jpg\",\"keywords\":[\"Ciencia.\",\"COVID-19\",\"Mujeres\",\"Pandemia\"],\"articleSection\":[\"Actividades\",\"Entrevistas\"],\"inLanguage\":\"es\",\"potentialAction\":[{\"@type\":\"CommentAction\",\"name\":\"Comment\",\"target\":[\"https:\\\/\\\/diariofemenino.com.ar\\\/df\\\/otra-investigacion-atravesada-por-el-covid-19\\\/#respond\"]}]},{\"@type\":\"WebPage\",\"@id\":\"https:\\\/\\\/diariofemenino.com.ar\\\/df\\\/otra-investigacion-atravesada-por-el-covid-19\\\/\",\"url\":\"https:\\\/\\\/diariofemenino.com.ar\\\/df\\\/otra-investigacion-atravesada-por-el-covid-19\\\/\",\"name\":\"Otra investigaci\u00f3n atravesada por el Covid -19 - Diario Digital Femenino\",\"isPartOf\":{\"@id\":\"https:\\\/\\\/diariofemenino.com.ar\\\/df\\\/#website\"},\"primaryImageOfPage\":{\"@id\":\"https:\\\/\\\/diariofemenino.com.ar\\\/df\\\/otra-investigacion-atravesada-por-el-covid-19\\\/#primaryimage\"},\"image\":{\"@id\":\"https:\\\/\\\/diariofemenino.com.ar\\\/df\\\/otra-investigacion-atravesada-por-el-covid-19\\\/#primaryimage\"},\"thumbnailUrl\":\"https:\\\/\\\/diariofemenino.com.ar\\\/df\\\/wp-content\\\/uploads\\\/2020\\\/06\\\/victoria-ferreyra.jpg\",\"datePublished\":\"2020-06-29T16:52:04+00:00\",\"description\":\"Otra investigaci\u00f3n atravesada por el Covid -19Una de las instituciones que hizo punta en la fabricaci\u00f3n de mascarillas hospitalarias fue la Facultad de\",\"breadcrumb\":{\"@id\":\"https:\\\/\\\/diariofemenino.com.ar\\\/df\\\/otra-investigacion-atravesada-por-el-covid-19\\\/#breadcrumb\"},\"inLanguage\":\"es\",\"potentialAction\":[{\"@type\":\"ReadAction\",\"target\":[\"https:\\\/\\\/diariofemenino.com.ar\\\/df\\\/otra-investigacion-atravesada-por-el-covid-19\\\/\"]}]},{\"@type\":\"ImageObject\",\"inLanguage\":\"es\",\"@id\":\"https:\\\/\\\/diariofemenino.com.ar\\\/df\\\/otra-investigacion-atravesada-por-el-covid-19\\\/#primaryimage\",\"url\":\"https:\\\/\\\/diariofemenino.com.ar\\\/df\\\/wp-content\\\/uploads\\\/2020\\\/06\\\/victoria-ferreyra.jpg\",\"contentUrl\":\"https:\\\/\\\/diariofemenino.com.ar\\\/df\\\/wp-content\\\/uploads\\\/2020\\\/06\\\/victoria-ferreyra.jpg\",\"width\":620,\"height\":300},{\"@type\":\"BreadcrumbList\",\"@id\":\"https:\\\/\\\/diariofemenino.com.ar\\\/df\\\/otra-investigacion-atravesada-por-el-covid-19\\\/#breadcrumb\",\"itemListElement\":[{\"@type\":\"ListItem\",\"position\":1,\"name\":\"Portada\",\"item\":\"https:\\\/\\\/diariofemenino.com.ar\\\/df\\\/\"},{\"@type\":\"ListItem\",\"position\":2,\"name\":\"Otra investigaci\u00f3n atravesada por el Covid -19\"}]},{\"@type\":\"WebSite\",\"@id\":\"https:\\\/\\\/diariofemenino.com.ar\\\/df\\\/#website\",\"url\":\"https:\\\/\\\/diariofemenino.com.ar\\\/df\\\/\",\"name\":\"Diario Digital Femenino\",\"description\":\"Cuesti\u00f3n de G\u00e9nero\",\"publisher\":{\"@id\":\"https:\\\/\\\/diariofemenino.com.ar\\\/df\\\/#organization\"},\"potentialAction\":[{\"@type\":\"SearchAction\",\"target\":{\"@type\":\"EntryPoint\",\"urlTemplate\":\"https:\\\/\\\/diariofemenino.com.ar\\\/df\\\/?s={search_term_string}\"},\"query-input\":{\"@type\":\"PropertyValueSpecification\",\"valueRequired\":true,\"valueName\":\"search_term_string\"}}],\"inLanguage\":\"es\"},{\"@type\":\"Organization\",\"@id\":\"https:\\\/\\\/diariofemenino.com.ar\\\/df\\\/#organization\",\"name\":\"Diario Femenino\",\"url\":\"https:\\\/\\\/diariofemenino.com.ar\\\/df\\\/\",\"logo\":{\"@type\":\"ImageObject\",\"inLanguage\":\"es\",\"@id\":\"https:\\\/\\\/diariofemenino.com.ar\\\/df\\\/#\\\/schema\\\/logo\\\/image\\\/\",\"url\":\"https:\\\/\\\/diariofemenino.com.ar\\\/df\\\/wp-content\\\/uploads\\\/2018\\\/10\\\/logo.png\",\"contentUrl\":\"https:\\\/\\\/diariofemenino.com.ar\\\/df\\\/wp-content\\\/uploads\\\/2018\\\/10\\\/logo.png\",\"width\":500,\"height\":92,\"caption\":\"Diario Femenino\"},\"image\":{\"@id\":\"https:\\\/\\\/diariofemenino.com.ar\\\/df\\\/#\\\/schema\\\/logo\\\/image\\\/\"},\"sameAs\":[\"https:\\\/\\\/www.facebook.com\\\/DiarioDigitaFemenino\\\/\",\"https:\\\/\\\/x.com\\\/DiarioFemenino1\"]},{\"@type\":\"Person\",\"@id\":\"https:\\\/\\\/diariofemenino.com.ar\\\/df\\\/#\\\/schema\\\/person\\\/1c36bc3bf394d8ec320814298b4fdd3f\",\"name\":\"Admin\",\"image\":{\"@type\":\"ImageObject\",\"inLanguage\":\"es\",\"@id\":\"https:\\\/\\\/diariofemenino.com.ar\\\/df\\\/wp-content\\\/uploads\\\/2018\\\/12\\\/favicon-150x150.jpg\",\"url\":\"https:\\\/\\\/diariofemenino.com.ar\\\/df\\\/wp-content\\\/uploads\\\/2018\\\/12\\\/favicon-150x150.jpg\",\"contentUrl\":\"https:\\\/\\\/diariofemenino.com.ar\\\/df\\\/wp-content\\\/uploads\\\/2018\\\/12\\\/favicon-150x150.jpg\",\"caption\":\"Admin\"},\"url\":\"https:\\\/\\\/diariofemenino.com.ar\\\/df\\\/author\\\/sofiperez\\\/\"}]}<\/script>\n<!-- \/ Yoast SEO plugin. -->","yoast_head_json":{"title":"Otra investigaci\u00f3n atravesada por el Covid -19 - Diario Digital Femenino","description":"Otra investigaci\u00f3n atravesada por el Covid -19Una de las instituciones que hizo punta en la fabricaci\u00f3n de mascarillas hospitalarias fue la Facultad de","robots":{"index":"index","follow":"follow","max-snippet":"max-snippet:-1","max-image-preview":"max-image-preview:large","max-video-preview":"max-video-preview:-1"},"canonical":"https:\/\/diariofemenino.com.ar\/df\/otra-investigacion-atravesada-por-el-covid-19\/","og_locale":"es_ES","og_type":"article","og_title":"Otra investigaci\u00f3n atravesada por el Covid -19 - Diario Digital Femenino","og_description":"Otra investigaci\u00f3n atravesada por el Covid -19Una de las instituciones que hizo punta en la fabricaci\u00f3n de mascarillas hospitalarias fue la Facultad de","og_url":"https:\/\/diariofemenino.com.ar\/df\/otra-investigacion-atravesada-por-el-covid-19\/","og_site_name":"Diario Digital Femenino","article_publisher":"https:\/\/www.facebook.com\/DiarioDigitaFemenino\/","article_published_time":"2020-06-29T16:52:04+00:00","og_image":[{"width":620,"height":300,"url":"https:\/\/diariofemenino.com.ar\/df\/wp-content\/uploads\/2020\/06\/victoria-ferreyra.jpg","type":"image\/jpeg"}],"author":"Admin","twitter_card":"summary_large_image","twitter_creator":"@DiarioFemenino1","twitter_site":"@DiarioFemenino1","twitter_misc":{"Escrito por":"Admin","Tiempo de lectura":"8 minutos"},"schema":{"@context":"https:\/\/schema.org","@graph":[{"@type":"Article","@id":"https:\/\/diariofemenino.com.ar\/df\/otra-investigacion-atravesada-por-el-covid-19\/#article","isPartOf":{"@id":"https:\/\/diariofemenino.com.ar\/df\/otra-investigacion-atravesada-por-el-covid-19\/"},"author":{"name":"Admin","@id":"https:\/\/diariofemenino.com.ar\/df\/#\/schema\/person\/1c36bc3bf394d8ec320814298b4fdd3f"},"headline":"Otra investigaci\u00f3n atravesada por el Covid -19","datePublished":"2020-06-29T16:52:04+00:00","mainEntityOfPage":{"@id":"https:\/\/diariofemenino.com.ar\/df\/otra-investigacion-atravesada-por-el-covid-19\/"},"wordCount":1512,"commentCount":0,"publisher":{"@id":"https:\/\/diariofemenino.com.ar\/df\/#organization"},"image":{"@id":"https:\/\/diariofemenino.com.ar\/df\/otra-investigacion-atravesada-por-el-covid-19\/#primaryimage"},"thumbnailUrl":"https:\/\/diariofemenino.com.ar\/df\/wp-content\/uploads\/2020\/06\/victoria-ferreyra.jpg","keywords":["Ciencia.","COVID-19","Mujeres","Pandemia"],"articleSection":["Actividades","Entrevistas"],"inLanguage":"es","potentialAction":[{"@type":"CommentAction","name":"Comment","target":["https:\/\/diariofemenino.com.ar\/df\/otra-investigacion-atravesada-por-el-covid-19\/#respond"]}]},{"@type":"WebPage","@id":"https:\/\/diariofemenino.com.ar\/df\/otra-investigacion-atravesada-por-el-covid-19\/","url":"https:\/\/diariofemenino.com.ar\/df\/otra-investigacion-atravesada-por-el-covid-19\/","name":"Otra investigaci\u00f3n atravesada por el Covid -19 - Diario Digital Femenino","isPartOf":{"@id":"https:\/\/diariofemenino.com.ar\/df\/#website"},"primaryImageOfPage":{"@id":"https:\/\/diariofemenino.com.ar\/df\/otra-investigacion-atravesada-por-el-covid-19\/#primaryimage"},"image":{"@id":"https:\/\/diariofemenino.com.ar\/df\/otra-investigacion-atravesada-por-el-covid-19\/#primaryimage"},"thumbnailUrl":"https:\/\/diariofemenino.com.ar\/df\/wp-content\/uploads\/2020\/06\/victoria-ferreyra.jpg","datePublished":"2020-06-29T16:52:04+00:00","description":"Otra investigaci\u00f3n atravesada por el Covid -19Una de las instituciones que hizo punta en la fabricaci\u00f3n de mascarillas hospitalarias fue la Facultad de","breadcrumb":{"@id":"https:\/\/diariofemenino.com.ar\/df\/otra-investigacion-atravesada-por-el-covid-19\/#breadcrumb"},"inLanguage":"es","potentialAction":[{"@type":"ReadAction","target":["https:\/\/diariofemenino.com.ar\/df\/otra-investigacion-atravesada-por-el-covid-19\/"]}]},{"@type":"ImageObject","inLanguage":"es","@id":"https:\/\/diariofemenino.com.ar\/df\/otra-investigacion-atravesada-por-el-covid-19\/#primaryimage","url":"https:\/\/diariofemenino.com.ar\/df\/wp-content\/uploads\/2020\/06\/victoria-ferreyra.jpg","contentUrl":"https:\/\/diariofemenino.com.ar\/df\/wp-content\/uploads\/2020\/06\/victoria-ferreyra.jpg","width":620,"height":300},{"@type":"BreadcrumbList","@id":"https:\/\/diariofemenino.com.ar\/df\/otra-investigacion-atravesada-por-el-covid-19\/#breadcrumb","itemListElement":[{"@type":"ListItem","position":1,"name":"Portada","item":"https:\/\/diariofemenino.com.ar\/df\/"},{"@type":"ListItem","position":2,"name":"Otra investigaci\u00f3n atravesada por el Covid -19"}]},{"@type":"WebSite","@id":"https:\/\/diariofemenino.com.ar\/df\/#website","url":"https:\/\/diariofemenino.com.ar\/df\/","name":"Diario Digital Femenino","description":"Cuesti\u00f3n de G\u00e9nero","publisher":{"@id":"https:\/\/diariofemenino.com.ar\/df\/#organization"},"potentialAction":[{"@type":"SearchAction","target":{"@type":"EntryPoint","urlTemplate":"https:\/\/diariofemenino.com.ar\/df\/?s={search_term_string}"},"query-input":{"@type":"PropertyValueSpecification","valueRequired":true,"valueName":"search_term_string"}}],"inLanguage":"es"},{"@type":"Organization","@id":"https:\/\/diariofemenino.com.ar\/df\/#organization","name":"Diario Femenino","url":"https:\/\/diariofemenino.com.ar\/df\/","logo":{"@type":"ImageObject","inLanguage":"es","@id":"https:\/\/diariofemenino.com.ar\/df\/#\/schema\/logo\/image\/","url":"https:\/\/diariofemenino.com.ar\/df\/wp-content\/uploads\/2018\/10\/logo.png","contentUrl":"https:\/\/diariofemenino.com.ar\/df\/wp-content\/uploads\/2018\/10\/logo.png","width":500,"height":92,"caption":"Diario Femenino"},"image":{"@id":"https:\/\/diariofemenino.com.ar\/df\/#\/schema\/logo\/image\/"},"sameAs":["https:\/\/www.facebook.com\/DiarioDigitaFemenino\/","https:\/\/x.com\/DiarioFemenino1"]},{"@type":"Person","@id":"https:\/\/diariofemenino.com.ar\/df\/#\/schema\/person\/1c36bc3bf394d8ec320814298b4fdd3f","name":"Admin","image":{"@type":"ImageObject","inLanguage":"es","@id":"https:\/\/diariofemenino.com.ar\/df\/wp-content\/uploads\/2018\/12\/favicon-150x150.jpg","url":"https:\/\/diariofemenino.com.ar\/df\/wp-content\/uploads\/2018\/12\/favicon-150x150.jpg","contentUrl":"https:\/\/diariofemenino.com.ar\/df\/wp-content\/uploads\/2018\/12\/favicon-150x150.jpg","caption":"Admin"},"url":"https:\/\/diariofemenino.com.ar\/df\/author\/sofiperez\/"}]}},"jetpack_featured_media_url":"https:\/\/diariofemenino.com.ar\/df\/wp-content\/uploads\/2020\/06\/victoria-ferreyra.jpg","jetpack_sharing_enabled":true,"rttpg_featured_image_url":{"full":["https:\/\/diariofemenino.com.ar\/df\/wp-content\/uploads\/2020\/06\/victoria-ferreyra.jpg",620,300,false],"landscape":["https:\/\/diariofemenino.com.ar\/df\/wp-content\/uploads\/2020\/06\/victoria-ferreyra.jpg",620,300,false],"portraits":["https:\/\/diariofemenino.com.ar\/df\/wp-content\/uploads\/2020\/06\/victoria-ferreyra.jpg",620,300,false],"thumbnail":["https:\/\/diariofemenino.com.ar\/df\/wp-content\/uploads\/2020\/06\/victoria-ferreyra-150x150.jpg",150,150,true],"medium":["https:\/\/diariofemenino.com.ar\/df\/wp-content\/uploads\/2020\/06\/victoria-ferreyra-300x145.jpg",300,145,true],"large":["https:\/\/diariofemenino.com.ar\/df\/wp-content\/uploads\/2020\/06\/victoria-ferreyra.jpg",620,300,false],"1536x1536":["https:\/\/diariofemenino.com.ar\/df\/wp-content\/uploads\/2020\/06\/victoria-ferreyra.jpg",620,300,false],"2048x2048":["https:\/\/diariofemenino.com.ar\/df\/wp-content\/uploads\/2020\/06\/victoria-ferreyra.jpg",620,300,false]},"rttpg_author":{"display_name":"Admin","author_link":"https:\/\/diariofemenino.com.ar\/df\/author\/sofiperez\/"},"rttpg_comment":0,"rttpg_category":"<a href=\"https:\/\/diariofemenino.com.ar\/df\/category\/actividades\/\" rel=\"category tag\">Actividades<\/a> <a href=\"https:\/\/diariofemenino.com.ar\/df\/category\/entrevistas\/\" rel=\"category tag\">Entrevistas<\/a>","rttpg_excerpt":"Otra investigaci\u00f3n atravesada por el Covid -19 Una de las instituciones que hizo punta en la fabricaci\u00f3n de mascarillas hospitalarias fue la Facultad de Ciencias Exactas y Naturales de la Universidad Nacional de La Pampa, donde docentes y alumnos de la Licenciatura en F\u00edsica aprovecharon la disponibilidad de equipos y materiales para hacer un aporte&hellip;","_links":{"self":[{"href":"https:\/\/diariofemenino.com.ar\/df\/wp-json\/wp\/v2\/posts\/50107","targetHints":{"allow":["GET"]}}],"collection":[{"href":"https:\/\/diariofemenino.com.ar\/df\/wp-json\/wp\/v2\/posts"}],"about":[{"href":"https:\/\/diariofemenino.com.ar\/df\/wp-json\/wp\/v2\/types\/post"}],"author":[{"embeddable":true,"href":"https:\/\/diariofemenino.com.ar\/df\/wp-json\/wp\/v2\/users\/3"}],"replies":[{"embeddable":true,"href":"https:\/\/diariofemenino.com.ar\/df\/wp-json\/wp\/v2\/comments?post=50107"}],"version-history":[{"count":0,"href":"https:\/\/diariofemenino.com.ar\/df\/wp-json\/wp\/v2\/posts\/50107\/revisions"}],"wp:featuredmedia":[{"embeddable":true,"href":"https:\/\/diariofemenino.com.ar\/df\/wp-json\/wp\/v2\/media\/50110"}],"wp:attachment":[{"href":"https:\/\/diariofemenino.com.ar\/df\/wp-json\/wp\/v2\/media?parent=50107"}],"wp:term":[{"taxonomy":"category","embeddable":true,"href":"https:\/\/diariofemenino.com.ar\/df\/wp-json\/wp\/v2\/categories?post=50107"},{"taxonomy":"post_tag","embeddable":true,"href":"https:\/\/diariofemenino.com.ar\/df\/wp-json\/wp\/v2\/tags?post=50107"}],"curies":[{"name":"wp","href":"https:\/\/api.w.org\/{rel}","templated":true}]}}