{"id":50103,"date":"2020-06-29T15:03:30","date_gmt":"2020-06-29T18:03:30","guid":{"rendered":"https:\/\/diariofemenino.com.ar\/?p=50103"},"modified":"2020-06-29T15:41:17","modified_gmt":"2020-06-29T18:41:17","slug":"mirarnos-desde-perspectivas-de-derechos","status":"publish","type":"post","link":"https:\/\/diariofemenino.com.ar\/df\/mirarnos-desde-perspectivas-de-derechos\/","title":{"rendered":"Mirarnos desde perspectivas de derechos"},"content":{"rendered":"<p style=\"text-align: center;\"><strong>Mirarnos desde perspectivas de derechos<\/strong><\/p>\n<p style=\"text-align: center;\"><em>Las tensiones entre el rol de la escuela y los discursos dominantes<\/em><br \/>\n<em>en la b\u00fasqueda de construir una sociedad m\u00e1s inclusiva. <\/em><\/p>\n<figure id=\"attachment_50106\" aria-describedby=\"caption-attachment-50106\" style=\"width: 424px\" class=\"wp-caption aligncenter\"><a href=\"https:\/\/www.atenprovincial.com.ar\/2020\/06\/29\/los-invitamos-a-la-presentacion-del-libro-mirarnos-desde-perspectivas-de-derechos\/\"><img loading=\"lazy\" decoding=\"async\" class=\" wp-image-50106\" src=\"https:\/\/diariofemenino.com.ar\/df\/wp-content\/uploads\/2020\/06\/7a315547-9929-4b5d-94e3-be116f454d67-1.jpg\" alt=\"Mirarnos desde perspectivas de derechos\" width=\"424\" height=\"493\" srcset=\"https:\/\/diariofemenino.com.ar\/df\/wp-content\/uploads\/2020\/06\/7a315547-9929-4b5d-94e3-be116f454d67-1.jpg 660w, https:\/\/diariofemenino.com.ar\/df\/wp-content\/uploads\/2020\/06\/7a315547-9929-4b5d-94e3-be116f454d67-1-258x300.jpg 258w\" sizes=\"auto, (max-width: 424px) 100vw, 424px\" \/><\/a><figcaption id=\"caption-attachment-50106\" class=\"wp-caption-text\">Mirarnos desde perspectivas de derechos<\/figcaption><\/figure>\n<p>La Asociaci\u00f3n de Trabajadorxs de la Educaci\u00f3n de Neuqu\u00e9n\u00a0 (<a href=\"https:\/\/www.atenprovincial.com.ar\/\">ATEN<\/a>) presentar\u00e1 el libro \u201cMirarnos desde perspectivas de derechos\u201d, el pr\u00f3ximo 30 junio a las 18:00 hs. por la plataforma Zoom.<br \/>\nComo sostiene en su pr\u00f3logo su secretario General, Marcelo Guagliardo,\u00a0 \u201cmirarnos desde una perspectiva de Derechos propone ser un disparador de debates. Un encuadre para pensar y repensar nuestras pr\u00e1cticas, con la meta de construir una pedagog\u00eda emancipadora, una educaci\u00f3n integral, solidaria y transformadora\u201d.<\/p>\n<p>El libro que fue compilado por Roberto Samar, Pablo Meuli y Cristian Lermanda busca cuestionar las miradas son racistas, machistas, heteronormativos, euroc\u00e9ntricos y clasistas que se naturalizan y reproducen en nuestra sociedad.<\/p>\n<p>Este es un trabajo coral que contiene una perspectiva cr\u00edtica pero no pesimista. Es un trabajo colectivo que tiene la intenci\u00f3n de contribuir a la b\u00fasqueda de una sociedad m\u00e1s inclusiva.<\/p>\n<p>El trabajo contiene textos de Marcelo Medrano, Mar\u00eda Beatriz Gentile, Pablo Imen, Mar\u00eda Bel\u00e9n D\u00b4Arc\u00e1ngelo, Andrea Stefan\u00eda Sierra Bonilla, Mart\u00edn A. Properzi, Lautaro Steimbreger, Emiliano Samar, Susana Yappert, Jorge Orlando L\u00f3pez, Enrique Samar, Roberto Samar, Mar\u00eda Cristina Valdez, Ailin Piren Huenaiuen, Pety Pici\u00f1am, Ver\u00f3nica Trpin, Andrea Gago, Romina Fuentes, Br\u00edgida Baeza, Nara Oses, Claudia Cesaroni y Esteban Rodr\u00edguez Alzueta. Estos textos que son acompa\u00f1ados por fotograf\u00edas de Tati Arregui y Cristian Lermanda.<\/p>\n<p>A partir del lunes el libro estar\u00e1 disponible en la biblioteca <strong>Virtual Enrique Samar de ATEN<\/strong>: <a href=\"https:\/\/www.atenprovincial.com.ar\/\">https:\/\/www.atenprovincial.com.ar\/<\/a>. Para inscribirse en la charla o recibir m\u00e1s informaci\u00f3n pueden escribir a <a href=\"mailto:bibliotecaesamar@gmail.com\">bibliotecaesamar@gmail.com<\/a><\/p>\n<p>Asociaci\u00f3n de Trabajadorxs de la Educaci\u00f3n de Neuqu\u00e9n -ATEN- gentilmente cedi\u00f3 a<a href=\"https:\/\/diariofemenino.com.ar\/\"> DDF<\/a> el mencionado libro para incorporarlo a nuestra Biblioteca virtual. Presentamos su pr\u00f3logo y pueden descargarlo con un click en la Portada<\/p>\n<p><strong>Pr\u00f3logo <\/strong><\/p>\n<figure id=\"attachment_50105\" aria-describedby=\"caption-attachment-50105\" style=\"width: 336px\" class=\"wp-caption alignleft\"><a href=\"https:\/\/diariofemenino.com.ar\/df\/wp-content\/uploads\/2020\/06\/Libro-Mirarnos-desde-perspectivas-de-derechos-Web.pdf\"><img loading=\"lazy\" decoding=\"async\" class=\"wp-image-50105 size-full\" src=\"https:\/\/diariofemenino.com.ar\/df\/wp-content\/uploads\/2020\/06\/Mirarnos-desde-perspectivas-de-derechos.jpg\" alt=\"Mirarnos desde perspectivas de derechos\" width=\"336\" height=\"465\" srcset=\"https:\/\/diariofemenino.com.ar\/df\/wp-content\/uploads\/2020\/06\/Mirarnos-desde-perspectivas-de-derechos.jpg 336w, https:\/\/diariofemenino.com.ar\/df\/wp-content\/uploads\/2020\/06\/Mirarnos-desde-perspectivas-de-derechos-217x300.jpg 217w\" sizes=\"auto, (max-width: 336px) 100vw, 336px\" \/><\/a><figcaption id=\"caption-attachment-50105\" class=\"wp-caption-text\">Mirarnos desde perspectivas de derechos<\/figcaption><\/figure>\n<p>Mirarnos desde una perspectiva de Derechos propone ser un disparador de debates. Un encuadre para pensar y repensar nuestras pr\u00e1cticas, con la meta de construir una pedagog\u00eda emancipadora, una educaci\u00f3n integral, solidaria y transformadora.<\/p>\n<p>Vivimos en una sociedad atravesada de discursos dominantes que son racistas, machistas, heteronormativos, euroc\u00e9ntricos y clasistas. Estas miradas muchas veces se naturalizan y se reproducen en distintos espacios de la sociedad: en los medios de comunicaci\u00f3n, en la industria del entretenimiento, en las instituciones, y en ese marco, en la escuela. Las miradas discriminatorias, legitiman o generan condiciones de posibilidad para otras violencias que sufrir\u00e1n particularmente grupos hist\u00f3ricamente vulnerados de la sociedad.<\/p>\n<p>En el \u00e1mbito educativo estas miradas limitan el ejercicio de derechos de ni\u00f1as, ni\u00f1os y ni\u00f1es. A modo de ejemplo, \u00bfc\u00f3mo afecta en un ni\u00f1o que lo habilitemos a ser violento?, \u00bfc\u00f3mo incide en las ni\u00f1as las miradas androc\u00e9ntricas? \u00bfQu\u00e9 les pasa a lxs integrantes del pueblo Mapuche si se habla del descubrimiento de Am\u00e9rica y no del genocidio que se padeci\u00f3 en estos territorios? En la escuela: \u00bfreproducimos estas miradas o las ponemos en tensi\u00f3n y proyectamos discursos inclusivos?<\/p>\n<p>Es as\u00ed que lxs autorxs nos invitan a analizar las conquistas en materia de Derechos Humanos, las desigualdades, y las inscriben en una perspectiva latinoamericana. Recuperan las pr\u00e1cticas educativas inclusivas y problematizan otras. Nos invitan a pensar las otredades, las diversidades, las transformaciones. Buscan que nos pensemos desde una perspectiva de g\u00e9nero.<\/p>\n<p>Tambi\u00e9n proponen desarrollar pr\u00e1cticas situadas desde la perspectiva del pueblo Mapuce, desde una Interculturalidad cr\u00edtica que denuncia el epistemicidio y la colonialidad del saber y el poder. Asimismo, proponen desnaturalizar miradas hegem\u00f3nicas y discriminatorias hacia migrantes. Y por \u00faltimo, recorren las conquistas en torno a los derechos de ni\u00f1as, ni\u00f1os y ni\u00f1es como un eje fundamental del material. Como as\u00ed tambi\u00e9n los intentos de descargar m\u00e1s pena y m\u00e1s dolor sobre ellxs y la violencia institucional que ejerce sobre nuestrxs j\u00f3venes. Este es un trabajo coral que contiene una perspectiva cr\u00edtica pero no pesimista. Es un trabajo colectivo que tiene la intenci\u00f3n de contribuir a la b\u00fasqueda de una sociedad m\u00e1s inclusiva.<\/p>\n<p style=\"text-align: right;\"><strong><em>Marcelo Andr\u00e9s Guagliardo<\/em><\/strong><br \/>\nSecretario General de Aten Provincial<\/p>\n<p>&nbsp;<\/p>\n<p>Fuente: Roberto Samar<br \/>\n<a href=\"https:\/\/www.atenprovincial.com.ar\/2020\/06\/29\/los-invitamos-a-la-presentacion-del-libro-mirarnos-desde-perspectivas-de-derechos\/\">ATEN<\/a><\/p>\n","protected":false},"excerpt":{"rendered":"<p>Mirarnos desde perspectivas de derechos Las tensiones entre el rol de la escuela y los discursos dominantes en la b\u00fasqueda de construir una sociedad m\u00e1s inclusiva. La Asociaci\u00f3n de Trabajadorxs de la Educaci\u00f3n de Neuqu\u00e9n\u00a0 (ATEN) presentar\u00e1 el libro \u201cMirarnos desde perspectivas de derechos\u201d, el pr\u00f3ximo 30 junio a las 18:00 hs. por la plataforma [&hellip;]<\/p>\n","protected":false},"author":4,"featured_media":50106,"comment_status":"open","ping_status":"open","sticky":false,"template":"","format":"standard","meta":{"iawp_total_views":9,"footnotes":""},"categories":[7,1067,581,19,9],"tags":[397,666,3287],"class_list":["post-50103","post","type-post","status-publish","format-standard","has-post-thumbnail","hentry","category-actividades","category-agenda-feminista","category-azul-profundo","category-biblioteca","category-de-esi-si-se-habla","tag-derechos","tag-libro","tag-mirarnos"],"nelio_content":{"autoShareEndMode":"never","automationSources":{"useCustomSentences":false,"customSentences":[]},"efiAlt":"","efiUrl":"","followers":[4],"highlights":[],"isAutoShareEnabled":true,"networkImageIds":[],"permalinkQueryArgs":[],"series":[],"suggestedReferences":[]},"yoast_head":"<!-- This site is optimized with the Yoast SEO plugin v27.5 - https:\/\/yoast.com\/product\/yoast-seo-wordpress\/ -->\n<title>Mirarnos desde perspectivas de derechos - Diario Digital Femenino<\/title>\n<meta name=\"description\" content=\"Mirarnos desde perspectivas de derechos. Entre el rol de la escuela y los discursos dominantesen la b\u00fasqueda de construir una sociedad m\u00e1s inclusiva.\" \/>\n<meta name=\"robots\" content=\"index, follow, max-snippet:-1, max-image-preview:large, max-video-preview:-1\" \/>\n<link rel=\"canonical\" href=\"https:\/\/diariofemenino.com.ar\/df\/mirarnos-desde-perspectivas-de-derechos\/\" \/>\n<meta property=\"og:locale\" content=\"es_ES\" \/>\n<meta property=\"og:type\" content=\"article\" \/>\n<meta property=\"og:title\" content=\"Mirarnos desde perspectivas de derechos - Diario Digital Femenino\" \/>\n<meta property=\"og:description\" content=\"Mirarnos desde perspectivas de derechos. Entre el rol de la escuela y los discursos dominantesen la b\u00fasqueda de construir una sociedad m\u00e1s inclusiva.\" \/>\n<meta property=\"og:url\" content=\"https:\/\/diariofemenino.com.ar\/df\/mirarnos-desde-perspectivas-de-derechos\/\" \/>\n<meta property=\"og:site_name\" content=\"Diario Digital Femenino\" \/>\n<meta property=\"article:publisher\" content=\"https:\/\/www.facebook.com\/DiarioDigitaFemenino\/\" \/>\n<meta property=\"article:published_time\" content=\"2020-06-29T18:03:30+00:00\" \/>\n<meta property=\"article:modified_time\" content=\"2020-06-29T18:41:17+00:00\" \/>\n<meta property=\"og:image\" content=\"https:\/\/diariofemenino.com.ar\/df\/wp-content\/uploads\/2020\/06\/7a315547-9929-4b5d-94e3-be116f454d67-1.jpg\" \/>\n\t<meta property=\"og:image:width\" content=\"660\" \/>\n\t<meta property=\"og:image:height\" content=\"768\" \/>\n\t<meta property=\"og:image:type\" content=\"image\/jpeg\" \/>\n<meta name=\"author\" content=\"Admin\" \/>\n<meta name=\"twitter:card\" content=\"summary_large_image\" \/>\n<meta name=\"twitter:creator\" content=\"@DiarioFemenino1\" \/>\n<meta name=\"twitter:site\" content=\"@DiarioFemenino1\" \/>\n<meta name=\"twitter:label1\" content=\"Escrito por\" \/>\n\t<meta name=\"twitter:data1\" content=\"Admin\" \/>\n\t<meta name=\"twitter:label2\" content=\"Tiempo de lectura\" \/>\n\t<meta name=\"twitter:data2\" content=\"4 minutos\" \/>\n<script type=\"application\/ld+json\" class=\"yoast-schema-graph\">{\"@context\":\"https:\\\/\\\/schema.org\",\"@graph\":[{\"@type\":\"Article\",\"@id\":\"https:\\\/\\\/diariofemenino.com.ar\\\/df\\\/mirarnos-desde-perspectivas-de-derechos\\\/#article\",\"isPartOf\":{\"@id\":\"https:\\\/\\\/diariofemenino.com.ar\\\/df\\\/mirarnos-desde-perspectivas-de-derechos\\\/\"},\"author\":{\"name\":\"Admin\",\"@id\":\"https:\\\/\\\/diariofemenino.com.ar\\\/df\\\/#\\\/schema\\\/person\\\/bf6199e8158c657ea6f789b11ec85509\"},\"headline\":\"Mirarnos desde perspectivas de derechos\",\"datePublished\":\"2020-06-29T18:03:30+00:00\",\"dateModified\":\"2020-06-29T18:41:17+00:00\",\"mainEntityOfPage\":{\"@id\":\"https:\\\/\\\/diariofemenino.com.ar\\\/df\\\/mirarnos-desde-perspectivas-de-derechos\\\/\"},\"wordCount\":768,\"commentCount\":0,\"publisher\":{\"@id\":\"https:\\\/\\\/diariofemenino.com.ar\\\/df\\\/#organization\"},\"image\":{\"@id\":\"https:\\\/\\\/diariofemenino.com.ar\\\/df\\\/mirarnos-desde-perspectivas-de-derechos\\\/#primaryimage\"},\"thumbnailUrl\":\"https:\\\/\\\/diariofemenino.com.ar\\\/df\\\/wp-content\\\/uploads\\\/2020\\\/06\\\/7a315547-9929-4b5d-94e3-be116f454d67-1.jpg\",\"keywords\":[\"#derechos\",\"Libro\",\"Mirarnos\"],\"articleSection\":[\"Actividades\",\"Agenda Feminista\",\"Azul Profundo\",\"Biblioteca Virtual\",\"De ESI S\u00ed Se Habla\"],\"inLanguage\":\"es\",\"potentialAction\":[{\"@type\":\"CommentAction\",\"name\":\"Comment\",\"target\":[\"https:\\\/\\\/diariofemenino.com.ar\\\/df\\\/mirarnos-desde-perspectivas-de-derechos\\\/#respond\"]}]},{\"@type\":\"WebPage\",\"@id\":\"https:\\\/\\\/diariofemenino.com.ar\\\/df\\\/mirarnos-desde-perspectivas-de-derechos\\\/\",\"url\":\"https:\\\/\\\/diariofemenino.com.ar\\\/df\\\/mirarnos-desde-perspectivas-de-derechos\\\/\",\"name\":\"Mirarnos desde perspectivas de derechos - Diario Digital Femenino\",\"isPartOf\":{\"@id\":\"https:\\\/\\\/diariofemenino.com.ar\\\/df\\\/#website\"},\"primaryImageOfPage\":{\"@id\":\"https:\\\/\\\/diariofemenino.com.ar\\\/df\\\/mirarnos-desde-perspectivas-de-derechos\\\/#primaryimage\"},\"image\":{\"@id\":\"https:\\\/\\\/diariofemenino.com.ar\\\/df\\\/mirarnos-desde-perspectivas-de-derechos\\\/#primaryimage\"},\"thumbnailUrl\":\"https:\\\/\\\/diariofemenino.com.ar\\\/df\\\/wp-content\\\/uploads\\\/2020\\\/06\\\/7a315547-9929-4b5d-94e3-be116f454d67-1.jpg\",\"datePublished\":\"2020-06-29T18:03:30+00:00\",\"dateModified\":\"2020-06-29T18:41:17+00:00\",\"description\":\"Mirarnos desde perspectivas de derechos. Entre el rol de la escuela y los discursos dominantesen la b\u00fasqueda de construir una sociedad m\u00e1s inclusiva.\",\"breadcrumb\":{\"@id\":\"https:\\\/\\\/diariofemenino.com.ar\\\/df\\\/mirarnos-desde-perspectivas-de-derechos\\\/#breadcrumb\"},\"inLanguage\":\"es\",\"potentialAction\":[{\"@type\":\"ReadAction\",\"target\":[\"https:\\\/\\\/diariofemenino.com.ar\\\/df\\\/mirarnos-desde-perspectivas-de-derechos\\\/\"]}]},{\"@type\":\"ImageObject\",\"inLanguage\":\"es\",\"@id\":\"https:\\\/\\\/diariofemenino.com.ar\\\/df\\\/mirarnos-desde-perspectivas-de-derechos\\\/#primaryimage\",\"url\":\"https:\\\/\\\/diariofemenino.com.ar\\\/df\\\/wp-content\\\/uploads\\\/2020\\\/06\\\/7a315547-9929-4b5d-94e3-be116f454d67-1.jpg\",\"contentUrl\":\"https:\\\/\\\/diariofemenino.com.ar\\\/df\\\/wp-content\\\/uploads\\\/2020\\\/06\\\/7a315547-9929-4b5d-94e3-be116f454d67-1.jpg\",\"width\":660,\"height\":768,\"caption\":\"Mirarnos desde perspectivas de derechos\"},{\"@type\":\"BreadcrumbList\",\"@id\":\"https:\\\/\\\/diariofemenino.com.ar\\\/df\\\/mirarnos-desde-perspectivas-de-derechos\\\/#breadcrumb\",\"itemListElement\":[{\"@type\":\"ListItem\",\"position\":1,\"name\":\"Portada\",\"item\":\"https:\\\/\\\/diariofemenino.com.ar\\\/df\\\/\"},{\"@type\":\"ListItem\",\"position\":2,\"name\":\"Mirarnos desde perspectivas de derechos\"}]},{\"@type\":\"WebSite\",\"@id\":\"https:\\\/\\\/diariofemenino.com.ar\\\/df\\\/#website\",\"url\":\"https:\\\/\\\/diariofemenino.com.ar\\\/df\\\/\",\"name\":\"Diario Digital Femenino\",\"description\":\"Cuesti\u00f3n de G\u00e9nero\",\"publisher\":{\"@id\":\"https:\\\/\\\/diariofemenino.com.ar\\\/df\\\/#organization\"},\"potentialAction\":[{\"@type\":\"SearchAction\",\"target\":{\"@type\":\"EntryPoint\",\"urlTemplate\":\"https:\\\/\\\/diariofemenino.com.ar\\\/df\\\/?s={search_term_string}\"},\"query-input\":{\"@type\":\"PropertyValueSpecification\",\"valueRequired\":true,\"valueName\":\"search_term_string\"}}],\"inLanguage\":\"es\"},{\"@type\":\"Organization\",\"@id\":\"https:\\\/\\\/diariofemenino.com.ar\\\/df\\\/#organization\",\"name\":\"Diario Femenino\",\"url\":\"https:\\\/\\\/diariofemenino.com.ar\\\/df\\\/\",\"logo\":{\"@type\":\"ImageObject\",\"inLanguage\":\"es\",\"@id\":\"https:\\\/\\\/diariofemenino.com.ar\\\/df\\\/#\\\/schema\\\/logo\\\/image\\\/\",\"url\":\"https:\\\/\\\/diariofemenino.com.ar\\\/df\\\/wp-content\\\/uploads\\\/2018\\\/10\\\/logo.png\",\"contentUrl\":\"https:\\\/\\\/diariofemenino.com.ar\\\/df\\\/wp-content\\\/uploads\\\/2018\\\/10\\\/logo.png\",\"width\":500,\"height\":92,\"caption\":\"Diario Femenino\"},\"image\":{\"@id\":\"https:\\\/\\\/diariofemenino.com.ar\\\/df\\\/#\\\/schema\\\/logo\\\/image\\\/\"},\"sameAs\":[\"https:\\\/\\\/www.facebook.com\\\/DiarioDigitaFemenino\\\/\",\"https:\\\/\\\/x.com\\\/DiarioFemenino1\"]},{\"@type\":\"Person\",\"@id\":\"https:\\\/\\\/diariofemenino.com.ar\\\/df\\\/#\\\/schema\\\/person\\\/bf6199e8158c657ea6f789b11ec85509\",\"name\":\"Admin\",\"image\":{\"@type\":\"ImageObject\",\"inLanguage\":\"es\",\"@id\":\"https:\\\/\\\/diariofemenino.com.ar\\\/df\\\/wp-content\\\/uploads\\\/2018\\\/12\\\/favicon-150x150.jpg\",\"url\":\"https:\\\/\\\/diariofemenino.com.ar\\\/df\\\/wp-content\\\/uploads\\\/2018\\\/12\\\/favicon-150x150.jpg\",\"contentUrl\":\"https:\\\/\\\/diariofemenino.com.ar\\\/df\\\/wp-content\\\/uploads\\\/2018\\\/12\\\/favicon-150x150.jpg\",\"caption\":\"Admin\"},\"url\":\"https:\\\/\\\/diariofemenino.com.ar\\\/df\\\/author\\\/lenny\\\/\"}]}<\/script>\n<!-- \/ Yoast SEO plugin. -->","yoast_head_json":{"title":"Mirarnos desde perspectivas de derechos - Diario Digital Femenino","description":"Mirarnos desde perspectivas de derechos. Entre el rol de la escuela y los discursos dominantesen la b\u00fasqueda de construir una sociedad m\u00e1s inclusiva.","robots":{"index":"index","follow":"follow","max-snippet":"max-snippet:-1","max-image-preview":"max-image-preview:large","max-video-preview":"max-video-preview:-1"},"canonical":"https:\/\/diariofemenino.com.ar\/df\/mirarnos-desde-perspectivas-de-derechos\/","og_locale":"es_ES","og_type":"article","og_title":"Mirarnos desde perspectivas de derechos - Diario Digital Femenino","og_description":"Mirarnos desde perspectivas de derechos. Entre el rol de la escuela y los discursos dominantesen la b\u00fasqueda de construir una sociedad m\u00e1s inclusiva.","og_url":"https:\/\/diariofemenino.com.ar\/df\/mirarnos-desde-perspectivas-de-derechos\/","og_site_name":"Diario Digital Femenino","article_publisher":"https:\/\/www.facebook.com\/DiarioDigitaFemenino\/","article_published_time":"2020-06-29T18:03:30+00:00","article_modified_time":"2020-06-29T18:41:17+00:00","og_image":[{"width":660,"height":768,"url":"https:\/\/diariofemenino.com.ar\/df\/wp-content\/uploads\/2020\/06\/7a315547-9929-4b5d-94e3-be116f454d67-1.jpg","type":"image\/jpeg"}],"author":"Admin","twitter_card":"summary_large_image","twitter_creator":"@DiarioFemenino1","twitter_site":"@DiarioFemenino1","twitter_misc":{"Escrito por":"Admin","Tiempo de lectura":"4 minutos"},"schema":{"@context":"https:\/\/schema.org","@graph":[{"@type":"Article","@id":"https:\/\/diariofemenino.com.ar\/df\/mirarnos-desde-perspectivas-de-derechos\/#article","isPartOf":{"@id":"https:\/\/diariofemenino.com.ar\/df\/mirarnos-desde-perspectivas-de-derechos\/"},"author":{"name":"Admin","@id":"https:\/\/diariofemenino.com.ar\/df\/#\/schema\/person\/bf6199e8158c657ea6f789b11ec85509"},"headline":"Mirarnos desde perspectivas de derechos","datePublished":"2020-06-29T18:03:30+00:00","dateModified":"2020-06-29T18:41:17+00:00","mainEntityOfPage":{"@id":"https:\/\/diariofemenino.com.ar\/df\/mirarnos-desde-perspectivas-de-derechos\/"},"wordCount":768,"commentCount":0,"publisher":{"@id":"https:\/\/diariofemenino.com.ar\/df\/#organization"},"image":{"@id":"https:\/\/diariofemenino.com.ar\/df\/mirarnos-desde-perspectivas-de-derechos\/#primaryimage"},"thumbnailUrl":"https:\/\/diariofemenino.com.ar\/df\/wp-content\/uploads\/2020\/06\/7a315547-9929-4b5d-94e3-be116f454d67-1.jpg","keywords":["#derechos","Libro","Mirarnos"],"articleSection":["Actividades","Agenda Feminista","Azul Profundo","Biblioteca Virtual","De ESI S\u00ed Se Habla"],"inLanguage":"es","potentialAction":[{"@type":"CommentAction","name":"Comment","target":["https:\/\/diariofemenino.com.ar\/df\/mirarnos-desde-perspectivas-de-derechos\/#respond"]}]},{"@type":"WebPage","@id":"https:\/\/diariofemenino.com.ar\/df\/mirarnos-desde-perspectivas-de-derechos\/","url":"https:\/\/diariofemenino.com.ar\/df\/mirarnos-desde-perspectivas-de-derechos\/","name":"Mirarnos desde perspectivas de derechos - Diario Digital Femenino","isPartOf":{"@id":"https:\/\/diariofemenino.com.ar\/df\/#website"},"primaryImageOfPage":{"@id":"https:\/\/diariofemenino.com.ar\/df\/mirarnos-desde-perspectivas-de-derechos\/#primaryimage"},"image":{"@id":"https:\/\/diariofemenino.com.ar\/df\/mirarnos-desde-perspectivas-de-derechos\/#primaryimage"},"thumbnailUrl":"https:\/\/diariofemenino.com.ar\/df\/wp-content\/uploads\/2020\/06\/7a315547-9929-4b5d-94e3-be116f454d67-1.jpg","datePublished":"2020-06-29T18:03:30+00:00","dateModified":"2020-06-29T18:41:17+00:00","description":"Mirarnos desde perspectivas de derechos. Entre el rol de la escuela y los discursos dominantesen la b\u00fasqueda de construir una sociedad m\u00e1s inclusiva.","breadcrumb":{"@id":"https:\/\/diariofemenino.com.ar\/df\/mirarnos-desde-perspectivas-de-derechos\/#breadcrumb"},"inLanguage":"es","potentialAction":[{"@type":"ReadAction","target":["https:\/\/diariofemenino.com.ar\/df\/mirarnos-desde-perspectivas-de-derechos\/"]}]},{"@type":"ImageObject","inLanguage":"es","@id":"https:\/\/diariofemenino.com.ar\/df\/mirarnos-desde-perspectivas-de-derechos\/#primaryimage","url":"https:\/\/diariofemenino.com.ar\/df\/wp-content\/uploads\/2020\/06\/7a315547-9929-4b5d-94e3-be116f454d67-1.jpg","contentUrl":"https:\/\/diariofemenino.com.ar\/df\/wp-content\/uploads\/2020\/06\/7a315547-9929-4b5d-94e3-be116f454d67-1.jpg","width":660,"height":768,"caption":"Mirarnos desde perspectivas de derechos"},{"@type":"BreadcrumbList","@id":"https:\/\/diariofemenino.com.ar\/df\/mirarnos-desde-perspectivas-de-derechos\/#breadcrumb","itemListElement":[{"@type":"ListItem","position":1,"name":"Portada","item":"https:\/\/diariofemenino.com.ar\/df\/"},{"@type":"ListItem","position":2,"name":"Mirarnos desde perspectivas de derechos"}]},{"@type":"WebSite","@id":"https:\/\/diariofemenino.com.ar\/df\/#website","url":"https:\/\/diariofemenino.com.ar\/df\/","name":"Diario Digital Femenino","description":"Cuesti\u00f3n de G\u00e9nero","publisher":{"@id":"https:\/\/diariofemenino.com.ar\/df\/#organization"},"potentialAction":[{"@type":"SearchAction","target":{"@type":"EntryPoint","urlTemplate":"https:\/\/diariofemenino.com.ar\/df\/?s={search_term_string}"},"query-input":{"@type":"PropertyValueSpecification","valueRequired":true,"valueName":"search_term_string"}}],"inLanguage":"es"},{"@type":"Organization","@id":"https:\/\/diariofemenino.com.ar\/df\/#organization","name":"Diario Femenino","url":"https:\/\/diariofemenino.com.ar\/df\/","logo":{"@type":"ImageObject","inLanguage":"es","@id":"https:\/\/diariofemenino.com.ar\/df\/#\/schema\/logo\/image\/","url":"https:\/\/diariofemenino.com.ar\/df\/wp-content\/uploads\/2018\/10\/logo.png","contentUrl":"https:\/\/diariofemenino.com.ar\/df\/wp-content\/uploads\/2018\/10\/logo.png","width":500,"height":92,"caption":"Diario Femenino"},"image":{"@id":"https:\/\/diariofemenino.com.ar\/df\/#\/schema\/logo\/image\/"},"sameAs":["https:\/\/www.facebook.com\/DiarioDigitaFemenino\/","https:\/\/x.com\/DiarioFemenino1"]},{"@type":"Person","@id":"https:\/\/diariofemenino.com.ar\/df\/#\/schema\/person\/bf6199e8158c657ea6f789b11ec85509","name":"Admin","image":{"@type":"ImageObject","inLanguage":"es","@id":"https:\/\/diariofemenino.com.ar\/df\/wp-content\/uploads\/2018\/12\/favicon-150x150.jpg","url":"https:\/\/diariofemenino.com.ar\/df\/wp-content\/uploads\/2018\/12\/favicon-150x150.jpg","contentUrl":"https:\/\/diariofemenino.com.ar\/df\/wp-content\/uploads\/2018\/12\/favicon-150x150.jpg","caption":"Admin"},"url":"https:\/\/diariofemenino.com.ar\/df\/author\/lenny\/"}]}},"jetpack_featured_media_url":"https:\/\/diariofemenino.com.ar\/df\/wp-content\/uploads\/2020\/06\/7a315547-9929-4b5d-94e3-be116f454d67-1.jpg","jetpack_sharing_enabled":true,"rttpg_featured_image_url":{"full":["https:\/\/diariofemenino.com.ar\/df\/wp-content\/uploads\/2020\/06\/7a315547-9929-4b5d-94e3-be116f454d67-1.jpg",660,768,false],"landscape":["https:\/\/diariofemenino.com.ar\/df\/wp-content\/uploads\/2020\/06\/7a315547-9929-4b5d-94e3-be116f454d67-1.jpg",660,768,false],"portraits":["https:\/\/diariofemenino.com.ar\/df\/wp-content\/uploads\/2020\/06\/7a315547-9929-4b5d-94e3-be116f454d67-1.jpg",660,768,false],"thumbnail":["https:\/\/diariofemenino.com.ar\/df\/wp-content\/uploads\/2020\/06\/7a315547-9929-4b5d-94e3-be116f454d67-1-150x150.jpg",150,150,true],"medium":["https:\/\/diariofemenino.com.ar\/df\/wp-content\/uploads\/2020\/06\/7a315547-9929-4b5d-94e3-be116f454d67-1-258x300.jpg",258,300,true],"large":["https:\/\/diariofemenino.com.ar\/df\/wp-content\/uploads\/2020\/06\/7a315547-9929-4b5d-94e3-be116f454d67-1.jpg",660,768,false],"1536x1536":["https:\/\/diariofemenino.com.ar\/df\/wp-content\/uploads\/2020\/06\/7a315547-9929-4b5d-94e3-be116f454d67-1.jpg",660,768,false],"2048x2048":["https:\/\/diariofemenino.com.ar\/df\/wp-content\/uploads\/2020\/06\/7a315547-9929-4b5d-94e3-be116f454d67-1.jpg",660,768,false]},"rttpg_author":{"display_name":"Admin","author_link":"https:\/\/diariofemenino.com.ar\/df\/author\/lenny\/"},"rttpg_comment":0,"rttpg_category":"<a href=\"https:\/\/diariofemenino.com.ar\/df\/category\/actividades\/\" rel=\"category tag\">Actividades<\/a> <a href=\"https:\/\/diariofemenino.com.ar\/df\/category\/agenda-feminista\/\" rel=\"category tag\">Agenda Feminista<\/a> <a href=\"https:\/\/diariofemenino.com.ar\/df\/category\/azul-profundo\/\" rel=\"category tag\">Azul Profundo<\/a> <a href=\"https:\/\/diariofemenino.com.ar\/df\/category\/biblioteca\/\" rel=\"category tag\">Biblioteca Virtual<\/a> <a href=\"https:\/\/diariofemenino.com.ar\/df\/category\/de-esi-si-se-habla\/\" rel=\"category tag\">De ESI S\u00ed Se Habla<\/a>","rttpg_excerpt":"Mirarnos desde perspectivas de derechos Las tensiones entre el rol de la escuela y los discursos dominantes en la b\u00fasqueda de construir una sociedad m\u00e1s inclusiva. La Asociaci\u00f3n de Trabajadorxs de la Educaci\u00f3n de Neuqu\u00e9n\u00a0 (ATEN) presentar\u00e1 el libro \u201cMirarnos desde perspectivas de derechos\u201d, el pr\u00f3ximo 30 junio a las 18:00 hs. por la plataforma&hellip;","_links":{"self":[{"href":"https:\/\/diariofemenino.com.ar\/df\/wp-json\/wp\/v2\/posts\/50103","targetHints":{"allow":["GET"]}}],"collection":[{"href":"https:\/\/diariofemenino.com.ar\/df\/wp-json\/wp\/v2\/posts"}],"about":[{"href":"https:\/\/diariofemenino.com.ar\/df\/wp-json\/wp\/v2\/types\/post"}],"author":[{"embeddable":true,"href":"https:\/\/diariofemenino.com.ar\/df\/wp-json\/wp\/v2\/users\/4"}],"replies":[{"embeddable":true,"href":"https:\/\/diariofemenino.com.ar\/df\/wp-json\/wp\/v2\/comments?post=50103"}],"version-history":[{"count":0,"href":"https:\/\/diariofemenino.com.ar\/df\/wp-json\/wp\/v2\/posts\/50103\/revisions"}],"wp:featuredmedia":[{"embeddable":true,"href":"https:\/\/diariofemenino.com.ar\/df\/wp-json\/wp\/v2\/media\/50106"}],"wp:attachment":[{"href":"https:\/\/diariofemenino.com.ar\/df\/wp-json\/wp\/v2\/media?parent=50103"}],"wp:term":[{"taxonomy":"category","embeddable":true,"href":"https:\/\/diariofemenino.com.ar\/df\/wp-json\/wp\/v2\/categories?post=50103"},{"taxonomy":"post_tag","embeddable":true,"href":"https:\/\/diariofemenino.com.ar\/df\/wp-json\/wp\/v2\/tags?post=50103"}],"curies":[{"name":"wp","href":"https:\/\/api.w.org\/{rel}","templated":true}]}}