{"id":49900,"date":"2020-06-24T10:43:15","date_gmt":"2020-06-24T13:43:15","guid":{"rendered":"https:\/\/diariofemenino.com.ar\/?p=49900"},"modified":"2020-06-24T10:43:15","modified_gmt":"2020-06-24T13:43:15","slug":"dos-debates-que-se-adeudaban-sobre-los-proyectos-lohana-berkins-y-diana-sacayan","status":"publish","type":"post","link":"https:\/\/diariofemenino.com.ar\/df\/dos-debates-que-se-adeudaban-sobre-los-proyectos-lohana-berkins-y-diana-sacayan\/","title":{"rendered":"Dos debates que se adeudaban sobre los proyectos Lohana Berkins y Diana Sacay\u00e1n"},"content":{"rendered":"<p style=\"text-align: center;\"><strong>Dos debates que se adeudaban sobre los proyectos Lohana Berkins y Diana Sacay\u00e1n<\/strong><\/p>\n<p>La comisi\u00f3n Mujeres y Diversidad, de la C\u00e1mara de Diputados, comenz\u00f3 este martes el debate en torno al tratamiento de los distintos proyectos de <a href=\"https:\/\/diariofemenino.com.ar\/ley-diana-sacayan\/\">Ley<\/a> que abordan el acceso laboral de las personas trans y travestis. La reuni\u00f3n informativa se llev\u00f3 a cabo de forma virtual, con la participaci\u00f3n de referentes de la comunidad LGTBQ+ de distintas provincias del pa\u00eds.<\/p>\n<p>En marzo de este a\u00f1o ingresaron al Congreso Nacional dos proyectos que ya hab\u00edan sido presentados anteriormente, que presentan dos perspectivas para abordar la problem\u00e1tica: la Ley Diana Sacay\u00e1n, de <a href=\"https:\/\/diariofemenino.com.ar\/1m-mapa-del-cupo-laboral-travesti-trans-en-argentina\/\">cupo laboral travesti trans<\/a>, y la Ley Lohana Berkins, de inclusi\u00f3n laboral formal trans y travesti.<\/p>\n<p>\u00abEs necesaria una pol\u00edtica de estado a nivel nacional para que tenga el impulso necesario y se implemente en todo el pa\u00eds\u00bb, se\u00f1al\u00f3 a P\u00e1gina\/12 Gabriela Est\u00e9vez, diputada del Frente de Todos e impulsora del proyecto Lohana Berkins, que fue creado junto a la Liga LGTBQ+ de las Provincias y la Convocatoria Federal Trans y Travesti de Argentina, que nuclean a m\u00e1s de 50 organizaciones de todo el pa\u00eds.<\/p>\n<p>\u00abLa diferencia entre cupo e inclusi\u00f3n es que el cupo plantea un techo, un n\u00famero limitado, mientras que la inclusi\u00f3n habla de compromiso, acompa\u00f1amiento, un proceso m\u00e1s amplio y que incluye tanto el \u00e1mbito p\u00fablico como el privado\u00bb, explic\u00f3 a este diario Claudia V\u00e1squez Haro, presidenta de Otrans y de la Convocatoria Federal, y remarc\u00f3 que \u00abuna Ley nacional jerarquiza nuestro reclamo, lo ubica como urgente y le da una mayor potencia\u00bb.<\/p>\n<p>En el pa\u00eds existen distintas normativas, tales como el Cupo Laboral Trans \u00abDiana Sacayan\u00bb, aprobada en 2015 en la Provincia de Buenos Aires pero reglamentada cuatro a\u00f1os despu\u00e9s, en 2019, as\u00ed como se han aprobado leyes similares en Santa Fe, R\u00edo Negro, Chaco y Chubut. Sin embargo, no existe hasta ahora una ley nacional que exija y reglamente la inclusi\u00f3n laboral formal de la poblaci\u00f3n trans y travesti. \u00abInstancias como la de hoy, donde hablamos por nosotres mismes, con la voz propia y la experiencia, son hist\u00f3ricas, como lo fue la lucha por Ley de identidad de g\u00e9nero en 2012\u00bb, se\u00f1al\u00f3 Karin Tuma, referente de la Liga LGTBQ+ de las Provincias. \u00abDecimos inclusi\u00f3n porque no podemos limitar la cantidad de trabajo disponible\u00bb, afirm\u00f3 Tuma, que vive en la localidad de Bell Ville, en C\u00f3rdoba, y explic\u00f3 que \u00aben mi ciudad, por ejemplo, el cupo es de una persona y somos m\u00e1s de cuarenta. La necesidad de trabajar la tenemos todes\u00bb.<\/p>\n<p>En la reuni\u00f3n informativa particip\u00f3 Say Sacay\u00e1n, hermane de Diana Sacay\u00e1n y que coordina el Movimiento Antidiscriminatorio de Liberaci\u00f3n, quien afirm\u00f3 que \u00abesta Ley lleva su nombre para que nunca olvidemos que ella remarc\u00f3 la responsabilidad del estado en la falta de acceso al trabajo registrado\u00bb, y explic\u00f3 que \u00abel acceso al mercado laboral es algo que a veces no podemos ni imaginar desde todos los lugares de la exclusi\u00f3n\u00bb.<\/p>\n<p>Ambos proyectos establecen que un porcentaje de los puestos de trabajo disponibles en el \u00e1mbito p\u00fablico -Legislativo, Ejecutivo y Judicial- se reserven para <a href=\"https:\/\/diariofemenino.com.ar\/la-casa-de-lohana-y-diana-un-nuevo-punto-de-encuentro-para-la-comunidad-travesti-y-trans\/\">personas trans y travesti<\/a>. En el caso de la Ley de Cupo Diana Sacay\u00e1n, el porcentaje es del 1%, tal como lo establece la Ley provincial bonaerense, mientras que en el caso de la Ley de Inclusi\u00f3n Lohana Berkins, se propone el 1,5% del porcentaje de puestos de trabajo disponibles.<\/p>\n<p>Lo que agrega el proyecto de inclusi\u00f3n -Ley Lohana Berkins- es la creaci\u00f3n de \u00abincentivos impositivos para las empresas privadas radicadas en la Rep\u00fablica Argentina que ocupen a personas travestis y trans\u00bb. Para esto, el art\u00edculo 9 del proyecto propone un sistema de porcentajes para regular estos incentivos seg\u00fan la magnitud de cada empresa.\u00a0\u00abCreemos que el sector privado es un gran generador de trabajo y que hay que apuntar ah\u00ed\u00bb, se\u00f1al\u00f3 Est\u00e9vez y remarc\u00f3 que \u00absi bien el proyecto contempla la generaci\u00f3n de cr\u00e9ditos para emprendimietos productivos de la poblaci\u00f3n trans y travesti, apuntamos al empleo formal como la garant\u00eda de un derecho que ha sido vulnerado por tanto tiempo\u00bb.<\/p>\n<p>Otro de los ejes en los que hace hincapi\u00e9 el proyecto es el hecho de enmarcar la situaci\u00f3n como una \u00abemergencia laboral\u00bb, por lo que propone la prohibici\u00f3n, por un plazo de 18 meses, de \u00abdespedir sin justa causa a cualquier persona trans o travesti tanto en el \u00e1mbito p\u00fablico como privado\u00bb. En ese sentido, V\u00e1squez Haro explic\u00f3 que \u00abla discriminaci\u00f3n laboral que sufrimos es estructural, no depende de las crisis internacionales o las malas pol\u00edticas econ\u00f3micas, aunque estos contextos no deja de recrudecer esa imposibilidad de acceder al trabajo\u00bb.<\/p>\n<p><img loading=\"lazy\" decoding=\"async\" class=\"aligncenter size-full wp-image-49902\" src=\"https:\/\/diariofemenino.com.ar\/df\/wp-content\/uploads\/2020\/06\/21-a-0.jpg\" alt=\"\" width=\"960\" height=\"640\" srcset=\"https:\/\/diariofemenino.com.ar\/df\/wp-content\/uploads\/2020\/06\/21-a-0.jpg 960w, https:\/\/diariofemenino.com.ar\/df\/wp-content\/uploads\/2020\/06\/21-a-0-300x200.jpg 300w, https:\/\/diariofemenino.com.ar\/df\/wp-content\/uploads\/2020\/06\/21-a-0-768x512.jpg 768w\" sizes=\"auto, (max-width: 960px) 100vw, 960px\" \/><\/p>\n<p>Informe: Lorena Bermejo.<\/p>\n<p>Fuente: <a href=\"https:\/\/www.pagina12.com.ar\/274185-dos-debates-que-se-adeudaban-sobre-los-proyectos-lohana-berk\">P\u00e1gina12<\/a><\/p>\n","protected":false},"excerpt":{"rendered":"<p>Dos debates que se adeudaban sobre los proyectos Lohana Berkins y Diana Sacay\u00e1n La comisi\u00f3n Mujeres y Diversidad, de la C\u00e1mara de Diputados, comenz\u00f3 este martes el debate en torno al tratamiento de los distintos proyectos de Ley que abordan el acceso laboral de las personas trans y travestis. La reuni\u00f3n informativa se llev\u00f3 a [&hellip;]<\/p>\n","protected":false},"author":3,"featured_media":49904,"comment_status":"open","ping_status":"open","sticky":false,"template":"","format":"standard","meta":{"iawp_total_views":19,"footnotes":""},"categories":[7,1067,21],"tags":[668,3265,667,1428,45],"class_list":["post-49900","post","type-post","status-publish","format-standard","has-post-thumbnail","hentry","category-actividades","category-agenda-feminista","category-noticias","tag-diana-amancay-sacayan","tag-ley","tag-lohana-berkins","tag-lucha","tag-trabajo"],"nelio_content":{"autoShareEndMode":"never","automationSources":{"useCustomSentences":false,"customSentences":[]},"efiAlt":"","efiUrl":"","followers":[3],"highlights":[],"isAutoShareEnabled":true,"networkImageIds":[],"permalinkQueryArgs":[],"series":[],"suggestedReferences":[]},"yoast_head":"<!-- This site is optimized with the Yoast SEO plugin v27.5 - https:\/\/yoast.com\/product\/yoast-seo-wordpress\/ -->\n<title>Dos debates que se adeudaban sobre los proyectos Lohana Berkins y Diana Sacay\u00e1n - Diario Digital Femenino<\/title>\n<meta name=\"description\" content=\"Dos debates que se adeudaban sobre los proyectos Lohana Berkins y Diana Sacay\u00e1nLa comisi\u00f3n Mujeres y Diversidad, de la C\u00e1mara de Diputados.\" \/>\n<meta name=\"robots\" content=\"index, follow, max-snippet:-1, max-image-preview:large, max-video-preview:-1\" \/>\n<link rel=\"canonical\" href=\"https:\/\/diariofemenino.com.ar\/df\/dos-debates-que-se-adeudaban-sobre-los-proyectos-lohana-berkins-y-diana-sacayan\/\" \/>\n<meta property=\"og:locale\" content=\"es_ES\" \/>\n<meta property=\"og:type\" content=\"article\" \/>\n<meta property=\"og:title\" content=\"Dos debates que se adeudaban sobre los proyectos Lohana Berkins y Diana Sacay\u00e1n - Diario Digital Femenino\" \/>\n<meta property=\"og:description\" content=\"Dos debates que se adeudaban sobre los proyectos Lohana Berkins y Diana Sacay\u00e1nLa comisi\u00f3n Mujeres y Diversidad, de la C\u00e1mara de Diputados.\" \/>\n<meta property=\"og:url\" content=\"https:\/\/diariofemenino.com.ar\/df\/dos-debates-que-se-adeudaban-sobre-los-proyectos-lohana-berkins-y-diana-sacayan\/\" \/>\n<meta property=\"og:site_name\" content=\"Diario Digital Femenino\" \/>\n<meta property=\"article:publisher\" content=\"https:\/\/www.facebook.com\/DiarioDigitaFemenino\/\" \/>\n<meta property=\"article:published_time\" content=\"2020-06-24T13:43:15+00:00\" \/>\n<meta property=\"og:image\" content=\"https:\/\/diariofemenino.com.ar\/df\/wp-content\/uploads\/2020\/06\/128.jpg\" \/>\n\t<meta property=\"og:image:width\" content=\"400\" \/>\n\t<meta property=\"og:image:height\" content=\"311\" \/>\n\t<meta property=\"og:image:type\" content=\"image\/jpeg\" \/>\n<meta name=\"author\" content=\"Admin\" \/>\n<meta name=\"twitter:card\" content=\"summary_large_image\" \/>\n<meta name=\"twitter:creator\" content=\"@DiarioFemenino1\" \/>\n<meta name=\"twitter:site\" content=\"@DiarioFemenino1\" \/>\n<meta name=\"twitter:label1\" content=\"Escrito por\" \/>\n\t<meta name=\"twitter:data1\" content=\"Admin\" \/>\n\t<meta name=\"twitter:label2\" content=\"Tiempo de lectura\" \/>\n\t<meta name=\"twitter:data2\" content=\"4 minutos\" \/>\n<script type=\"application\/ld+json\" class=\"yoast-schema-graph\">{\"@context\":\"https:\\\/\\\/schema.org\",\"@graph\":[{\"@type\":\"Article\",\"@id\":\"https:\\\/\\\/diariofemenino.com.ar\\\/df\\\/dos-debates-que-se-adeudaban-sobre-los-proyectos-lohana-berkins-y-diana-sacayan\\\/#article\",\"isPartOf\":{\"@id\":\"https:\\\/\\\/diariofemenino.com.ar\\\/df\\\/dos-debates-que-se-adeudaban-sobre-los-proyectos-lohana-berkins-y-diana-sacayan\\\/\"},\"author\":{\"name\":\"Admin\",\"@id\":\"https:\\\/\\\/diariofemenino.com.ar\\\/df\\\/#\\\/schema\\\/person\\\/1c36bc3bf394d8ec320814298b4fdd3f\"},\"headline\":\"Dos debates que se adeudaban sobre los proyectos Lohana Berkins y Diana Sacay\u00e1n\",\"datePublished\":\"2020-06-24T13:43:15+00:00\",\"mainEntityOfPage\":{\"@id\":\"https:\\\/\\\/diariofemenino.com.ar\\\/df\\\/dos-debates-que-se-adeudaban-sobre-los-proyectos-lohana-berkins-y-diana-sacayan\\\/\"},\"wordCount\":839,\"commentCount\":0,\"publisher\":{\"@id\":\"https:\\\/\\\/diariofemenino.com.ar\\\/df\\\/#organization\"},\"image\":{\"@id\":\"https:\\\/\\\/diariofemenino.com.ar\\\/df\\\/dos-debates-que-se-adeudaban-sobre-los-proyectos-lohana-berkins-y-diana-sacayan\\\/#primaryimage\"},\"thumbnailUrl\":\"https:\\\/\\\/diariofemenino.com.ar\\\/df\\\/wp-content\\\/uploads\\\/2020\\\/06\\\/128.jpg\",\"keywords\":[\"Diana Amancay Sacay\u00e1n\",\"Ley\",\"Lohana Berkins\",\"lucha\",\"Trabajo\"],\"articleSection\":[\"Actividades\",\"Agenda Feminista\",\"Noticias\"],\"inLanguage\":\"es\",\"potentialAction\":[{\"@type\":\"CommentAction\",\"name\":\"Comment\",\"target\":[\"https:\\\/\\\/diariofemenino.com.ar\\\/df\\\/dos-debates-que-se-adeudaban-sobre-los-proyectos-lohana-berkins-y-diana-sacayan\\\/#respond\"]}]},{\"@type\":\"WebPage\",\"@id\":\"https:\\\/\\\/diariofemenino.com.ar\\\/df\\\/dos-debates-que-se-adeudaban-sobre-los-proyectos-lohana-berkins-y-diana-sacayan\\\/\",\"url\":\"https:\\\/\\\/diariofemenino.com.ar\\\/df\\\/dos-debates-que-se-adeudaban-sobre-los-proyectos-lohana-berkins-y-diana-sacayan\\\/\",\"name\":\"Dos debates que se adeudaban sobre los proyectos Lohana Berkins y Diana Sacay\u00e1n - Diario Digital Femenino\",\"isPartOf\":{\"@id\":\"https:\\\/\\\/diariofemenino.com.ar\\\/df\\\/#website\"},\"primaryImageOfPage\":{\"@id\":\"https:\\\/\\\/diariofemenino.com.ar\\\/df\\\/dos-debates-que-se-adeudaban-sobre-los-proyectos-lohana-berkins-y-diana-sacayan\\\/#primaryimage\"},\"image\":{\"@id\":\"https:\\\/\\\/diariofemenino.com.ar\\\/df\\\/dos-debates-que-se-adeudaban-sobre-los-proyectos-lohana-berkins-y-diana-sacayan\\\/#primaryimage\"},\"thumbnailUrl\":\"https:\\\/\\\/diariofemenino.com.ar\\\/df\\\/wp-content\\\/uploads\\\/2020\\\/06\\\/128.jpg\",\"datePublished\":\"2020-06-24T13:43:15+00:00\",\"description\":\"Dos debates que se adeudaban sobre los proyectos Lohana Berkins y Diana Sacay\u00e1nLa comisi\u00f3n Mujeres y Diversidad, de la C\u00e1mara de Diputados.\",\"breadcrumb\":{\"@id\":\"https:\\\/\\\/diariofemenino.com.ar\\\/df\\\/dos-debates-que-se-adeudaban-sobre-los-proyectos-lohana-berkins-y-diana-sacayan\\\/#breadcrumb\"},\"inLanguage\":\"es\",\"potentialAction\":[{\"@type\":\"ReadAction\",\"target\":[\"https:\\\/\\\/diariofemenino.com.ar\\\/df\\\/dos-debates-que-se-adeudaban-sobre-los-proyectos-lohana-berkins-y-diana-sacayan\\\/\"]}]},{\"@type\":\"ImageObject\",\"inLanguage\":\"es\",\"@id\":\"https:\\\/\\\/diariofemenino.com.ar\\\/df\\\/dos-debates-que-se-adeudaban-sobre-los-proyectos-lohana-berkins-y-diana-sacayan\\\/#primaryimage\",\"url\":\"https:\\\/\\\/diariofemenino.com.ar\\\/df\\\/wp-content\\\/uploads\\\/2020\\\/06\\\/128.jpg\",\"contentUrl\":\"https:\\\/\\\/diariofemenino.com.ar\\\/df\\\/wp-content\\\/uploads\\\/2020\\\/06\\\/128.jpg\",\"width\":400,\"height\":311},{\"@type\":\"BreadcrumbList\",\"@id\":\"https:\\\/\\\/diariofemenino.com.ar\\\/df\\\/dos-debates-que-se-adeudaban-sobre-los-proyectos-lohana-berkins-y-diana-sacayan\\\/#breadcrumb\",\"itemListElement\":[{\"@type\":\"ListItem\",\"position\":1,\"name\":\"Portada\",\"item\":\"https:\\\/\\\/diariofemenino.com.ar\\\/df\\\/\"},{\"@type\":\"ListItem\",\"position\":2,\"name\":\"Dos debates que se adeudaban sobre los proyectos Lohana Berkins y Diana Sacay\u00e1n\"}]},{\"@type\":\"WebSite\",\"@id\":\"https:\\\/\\\/diariofemenino.com.ar\\\/df\\\/#website\",\"url\":\"https:\\\/\\\/diariofemenino.com.ar\\\/df\\\/\",\"name\":\"Diario Digital Femenino\",\"description\":\"Cuesti\u00f3n de G\u00e9nero\",\"publisher\":{\"@id\":\"https:\\\/\\\/diariofemenino.com.ar\\\/df\\\/#organization\"},\"potentialAction\":[{\"@type\":\"SearchAction\",\"target\":{\"@type\":\"EntryPoint\",\"urlTemplate\":\"https:\\\/\\\/diariofemenino.com.ar\\\/df\\\/?s={search_term_string}\"},\"query-input\":{\"@type\":\"PropertyValueSpecification\",\"valueRequired\":true,\"valueName\":\"search_term_string\"}}],\"inLanguage\":\"es\"},{\"@type\":\"Organization\",\"@id\":\"https:\\\/\\\/diariofemenino.com.ar\\\/df\\\/#organization\",\"name\":\"Diario Femenino\",\"url\":\"https:\\\/\\\/diariofemenino.com.ar\\\/df\\\/\",\"logo\":{\"@type\":\"ImageObject\",\"inLanguage\":\"es\",\"@id\":\"https:\\\/\\\/diariofemenino.com.ar\\\/df\\\/#\\\/schema\\\/logo\\\/image\\\/\",\"url\":\"https:\\\/\\\/diariofemenino.com.ar\\\/df\\\/wp-content\\\/uploads\\\/2018\\\/10\\\/logo.png\",\"contentUrl\":\"https:\\\/\\\/diariofemenino.com.ar\\\/df\\\/wp-content\\\/uploads\\\/2018\\\/10\\\/logo.png\",\"width\":500,\"height\":92,\"caption\":\"Diario Femenino\"},\"image\":{\"@id\":\"https:\\\/\\\/diariofemenino.com.ar\\\/df\\\/#\\\/schema\\\/logo\\\/image\\\/\"},\"sameAs\":[\"https:\\\/\\\/www.facebook.com\\\/DiarioDigitaFemenino\\\/\",\"https:\\\/\\\/x.com\\\/DiarioFemenino1\"]},{\"@type\":\"Person\",\"@id\":\"https:\\\/\\\/diariofemenino.com.ar\\\/df\\\/#\\\/schema\\\/person\\\/1c36bc3bf394d8ec320814298b4fdd3f\",\"name\":\"Admin\",\"image\":{\"@type\":\"ImageObject\",\"inLanguage\":\"es\",\"@id\":\"https:\\\/\\\/diariofemenino.com.ar\\\/df\\\/wp-content\\\/uploads\\\/2018\\\/12\\\/favicon-150x150.jpg\",\"url\":\"https:\\\/\\\/diariofemenino.com.ar\\\/df\\\/wp-content\\\/uploads\\\/2018\\\/12\\\/favicon-150x150.jpg\",\"contentUrl\":\"https:\\\/\\\/diariofemenino.com.ar\\\/df\\\/wp-content\\\/uploads\\\/2018\\\/12\\\/favicon-150x150.jpg\",\"caption\":\"Admin\"},\"url\":\"https:\\\/\\\/diariofemenino.com.ar\\\/df\\\/author\\\/sofiperez\\\/\"}]}<\/script>\n<!-- \/ Yoast SEO plugin. -->","yoast_head_json":{"title":"Dos debates que se adeudaban sobre los proyectos Lohana Berkins y Diana Sacay\u00e1n - Diario Digital Femenino","description":"Dos debates que se adeudaban sobre los proyectos Lohana Berkins y Diana Sacay\u00e1nLa comisi\u00f3n Mujeres y Diversidad, de la C\u00e1mara de Diputados.","robots":{"index":"index","follow":"follow","max-snippet":"max-snippet:-1","max-image-preview":"max-image-preview:large","max-video-preview":"max-video-preview:-1"},"canonical":"https:\/\/diariofemenino.com.ar\/df\/dos-debates-que-se-adeudaban-sobre-los-proyectos-lohana-berkins-y-diana-sacayan\/","og_locale":"es_ES","og_type":"article","og_title":"Dos debates que se adeudaban sobre los proyectos Lohana Berkins y Diana Sacay\u00e1n - Diario Digital Femenino","og_description":"Dos debates que se adeudaban sobre los proyectos Lohana Berkins y Diana Sacay\u00e1nLa comisi\u00f3n Mujeres y Diversidad, de la C\u00e1mara de Diputados.","og_url":"https:\/\/diariofemenino.com.ar\/df\/dos-debates-que-se-adeudaban-sobre-los-proyectos-lohana-berkins-y-diana-sacayan\/","og_site_name":"Diario Digital Femenino","article_publisher":"https:\/\/www.facebook.com\/DiarioDigitaFemenino\/","article_published_time":"2020-06-24T13:43:15+00:00","og_image":[{"width":400,"height":311,"url":"https:\/\/diariofemenino.com.ar\/df\/wp-content\/uploads\/2020\/06\/128.jpg","type":"image\/jpeg"}],"author":"Admin","twitter_card":"summary_large_image","twitter_creator":"@DiarioFemenino1","twitter_site":"@DiarioFemenino1","twitter_misc":{"Escrito por":"Admin","Tiempo de lectura":"4 minutos"},"schema":{"@context":"https:\/\/schema.org","@graph":[{"@type":"Article","@id":"https:\/\/diariofemenino.com.ar\/df\/dos-debates-que-se-adeudaban-sobre-los-proyectos-lohana-berkins-y-diana-sacayan\/#article","isPartOf":{"@id":"https:\/\/diariofemenino.com.ar\/df\/dos-debates-que-se-adeudaban-sobre-los-proyectos-lohana-berkins-y-diana-sacayan\/"},"author":{"name":"Admin","@id":"https:\/\/diariofemenino.com.ar\/df\/#\/schema\/person\/1c36bc3bf394d8ec320814298b4fdd3f"},"headline":"Dos debates que se adeudaban sobre los proyectos Lohana Berkins y Diana Sacay\u00e1n","datePublished":"2020-06-24T13:43:15+00:00","mainEntityOfPage":{"@id":"https:\/\/diariofemenino.com.ar\/df\/dos-debates-que-se-adeudaban-sobre-los-proyectos-lohana-berkins-y-diana-sacayan\/"},"wordCount":839,"commentCount":0,"publisher":{"@id":"https:\/\/diariofemenino.com.ar\/df\/#organization"},"image":{"@id":"https:\/\/diariofemenino.com.ar\/df\/dos-debates-que-se-adeudaban-sobre-los-proyectos-lohana-berkins-y-diana-sacayan\/#primaryimage"},"thumbnailUrl":"https:\/\/diariofemenino.com.ar\/df\/wp-content\/uploads\/2020\/06\/128.jpg","keywords":["Diana Amancay Sacay\u00e1n","Ley","Lohana Berkins","lucha","Trabajo"],"articleSection":["Actividades","Agenda Feminista","Noticias"],"inLanguage":"es","potentialAction":[{"@type":"CommentAction","name":"Comment","target":["https:\/\/diariofemenino.com.ar\/df\/dos-debates-que-se-adeudaban-sobre-los-proyectos-lohana-berkins-y-diana-sacayan\/#respond"]}]},{"@type":"WebPage","@id":"https:\/\/diariofemenino.com.ar\/df\/dos-debates-que-se-adeudaban-sobre-los-proyectos-lohana-berkins-y-diana-sacayan\/","url":"https:\/\/diariofemenino.com.ar\/df\/dos-debates-que-se-adeudaban-sobre-los-proyectos-lohana-berkins-y-diana-sacayan\/","name":"Dos debates que se adeudaban sobre los proyectos Lohana Berkins y Diana Sacay\u00e1n - Diario Digital Femenino","isPartOf":{"@id":"https:\/\/diariofemenino.com.ar\/df\/#website"},"primaryImageOfPage":{"@id":"https:\/\/diariofemenino.com.ar\/df\/dos-debates-que-se-adeudaban-sobre-los-proyectos-lohana-berkins-y-diana-sacayan\/#primaryimage"},"image":{"@id":"https:\/\/diariofemenino.com.ar\/df\/dos-debates-que-se-adeudaban-sobre-los-proyectos-lohana-berkins-y-diana-sacayan\/#primaryimage"},"thumbnailUrl":"https:\/\/diariofemenino.com.ar\/df\/wp-content\/uploads\/2020\/06\/128.jpg","datePublished":"2020-06-24T13:43:15+00:00","description":"Dos debates que se adeudaban sobre los proyectos Lohana Berkins y Diana Sacay\u00e1nLa comisi\u00f3n Mujeres y Diversidad, de la C\u00e1mara de Diputados.","breadcrumb":{"@id":"https:\/\/diariofemenino.com.ar\/df\/dos-debates-que-se-adeudaban-sobre-los-proyectos-lohana-berkins-y-diana-sacayan\/#breadcrumb"},"inLanguage":"es","potentialAction":[{"@type":"ReadAction","target":["https:\/\/diariofemenino.com.ar\/df\/dos-debates-que-se-adeudaban-sobre-los-proyectos-lohana-berkins-y-diana-sacayan\/"]}]},{"@type":"ImageObject","inLanguage":"es","@id":"https:\/\/diariofemenino.com.ar\/df\/dos-debates-que-se-adeudaban-sobre-los-proyectos-lohana-berkins-y-diana-sacayan\/#primaryimage","url":"https:\/\/diariofemenino.com.ar\/df\/wp-content\/uploads\/2020\/06\/128.jpg","contentUrl":"https:\/\/diariofemenino.com.ar\/df\/wp-content\/uploads\/2020\/06\/128.jpg","width":400,"height":311},{"@type":"BreadcrumbList","@id":"https:\/\/diariofemenino.com.ar\/df\/dos-debates-que-se-adeudaban-sobre-los-proyectos-lohana-berkins-y-diana-sacayan\/#breadcrumb","itemListElement":[{"@type":"ListItem","position":1,"name":"Portada","item":"https:\/\/diariofemenino.com.ar\/df\/"},{"@type":"ListItem","position":2,"name":"Dos debates que se adeudaban sobre los proyectos Lohana Berkins y Diana Sacay\u00e1n"}]},{"@type":"WebSite","@id":"https:\/\/diariofemenino.com.ar\/df\/#website","url":"https:\/\/diariofemenino.com.ar\/df\/","name":"Diario Digital Femenino","description":"Cuesti\u00f3n de G\u00e9nero","publisher":{"@id":"https:\/\/diariofemenino.com.ar\/df\/#organization"},"potentialAction":[{"@type":"SearchAction","target":{"@type":"EntryPoint","urlTemplate":"https:\/\/diariofemenino.com.ar\/df\/?s={search_term_string}"},"query-input":{"@type":"PropertyValueSpecification","valueRequired":true,"valueName":"search_term_string"}}],"inLanguage":"es"},{"@type":"Organization","@id":"https:\/\/diariofemenino.com.ar\/df\/#organization","name":"Diario Femenino","url":"https:\/\/diariofemenino.com.ar\/df\/","logo":{"@type":"ImageObject","inLanguage":"es","@id":"https:\/\/diariofemenino.com.ar\/df\/#\/schema\/logo\/image\/","url":"https:\/\/diariofemenino.com.ar\/df\/wp-content\/uploads\/2018\/10\/logo.png","contentUrl":"https:\/\/diariofemenino.com.ar\/df\/wp-content\/uploads\/2018\/10\/logo.png","width":500,"height":92,"caption":"Diario Femenino"},"image":{"@id":"https:\/\/diariofemenino.com.ar\/df\/#\/schema\/logo\/image\/"},"sameAs":["https:\/\/www.facebook.com\/DiarioDigitaFemenino\/","https:\/\/x.com\/DiarioFemenino1"]},{"@type":"Person","@id":"https:\/\/diariofemenino.com.ar\/df\/#\/schema\/person\/1c36bc3bf394d8ec320814298b4fdd3f","name":"Admin","image":{"@type":"ImageObject","inLanguage":"es","@id":"https:\/\/diariofemenino.com.ar\/df\/wp-content\/uploads\/2018\/12\/favicon-150x150.jpg","url":"https:\/\/diariofemenino.com.ar\/df\/wp-content\/uploads\/2018\/12\/favicon-150x150.jpg","contentUrl":"https:\/\/diariofemenino.com.ar\/df\/wp-content\/uploads\/2018\/12\/favicon-150x150.jpg","caption":"Admin"},"url":"https:\/\/diariofemenino.com.ar\/df\/author\/sofiperez\/"}]}},"jetpack_featured_media_url":"https:\/\/diariofemenino.com.ar\/df\/wp-content\/uploads\/2020\/06\/128.jpg","jetpack_sharing_enabled":true,"rttpg_featured_image_url":{"full":["https:\/\/diariofemenino.com.ar\/df\/wp-content\/uploads\/2020\/06\/128.jpg",400,311,false],"landscape":["https:\/\/diariofemenino.com.ar\/df\/wp-content\/uploads\/2020\/06\/128.jpg",400,311,false],"portraits":["https:\/\/diariofemenino.com.ar\/df\/wp-content\/uploads\/2020\/06\/128.jpg",400,311,false],"thumbnail":["https:\/\/diariofemenino.com.ar\/df\/wp-content\/uploads\/2020\/06\/128-150x150.jpg",150,150,true],"medium":["https:\/\/diariofemenino.com.ar\/df\/wp-content\/uploads\/2020\/06\/128-300x233.jpg",300,233,true],"large":["https:\/\/diariofemenino.com.ar\/df\/wp-content\/uploads\/2020\/06\/128.jpg",400,311,false],"1536x1536":["https:\/\/diariofemenino.com.ar\/df\/wp-content\/uploads\/2020\/06\/128.jpg",400,311,false],"2048x2048":["https:\/\/diariofemenino.com.ar\/df\/wp-content\/uploads\/2020\/06\/128.jpg",400,311,false]},"rttpg_author":{"display_name":"Admin","author_link":"https:\/\/diariofemenino.com.ar\/df\/author\/sofiperez\/"},"rttpg_comment":0,"rttpg_category":"<a href=\"https:\/\/diariofemenino.com.ar\/df\/category\/actividades\/\" rel=\"category tag\">Actividades<\/a> <a href=\"https:\/\/diariofemenino.com.ar\/df\/category\/agenda-feminista\/\" rel=\"category tag\">Agenda Feminista<\/a> <a href=\"https:\/\/diariofemenino.com.ar\/df\/category\/noticias\/\" rel=\"category tag\">Noticias<\/a>","rttpg_excerpt":"Dos debates que se adeudaban sobre los proyectos Lohana Berkins y Diana Sacay\u00e1n La comisi\u00f3n Mujeres y Diversidad, de la C\u00e1mara de Diputados, comenz\u00f3 este martes el debate en torno al tratamiento de los distintos proyectos de Ley que abordan el acceso laboral de las personas trans y travestis. La reuni\u00f3n informativa se llev\u00f3 a&hellip;","_links":{"self":[{"href":"https:\/\/diariofemenino.com.ar\/df\/wp-json\/wp\/v2\/posts\/49900","targetHints":{"allow":["GET"]}}],"collection":[{"href":"https:\/\/diariofemenino.com.ar\/df\/wp-json\/wp\/v2\/posts"}],"about":[{"href":"https:\/\/diariofemenino.com.ar\/df\/wp-json\/wp\/v2\/types\/post"}],"author":[{"embeddable":true,"href":"https:\/\/diariofemenino.com.ar\/df\/wp-json\/wp\/v2\/users\/3"}],"replies":[{"embeddable":true,"href":"https:\/\/diariofemenino.com.ar\/df\/wp-json\/wp\/v2\/comments?post=49900"}],"version-history":[{"count":0,"href":"https:\/\/diariofemenino.com.ar\/df\/wp-json\/wp\/v2\/posts\/49900\/revisions"}],"wp:featuredmedia":[{"embeddable":true,"href":"https:\/\/diariofemenino.com.ar\/df\/wp-json\/wp\/v2\/media\/49904"}],"wp:attachment":[{"href":"https:\/\/diariofemenino.com.ar\/df\/wp-json\/wp\/v2\/media?parent=49900"}],"wp:term":[{"taxonomy":"category","embeddable":true,"href":"https:\/\/diariofemenino.com.ar\/df\/wp-json\/wp\/v2\/categories?post=49900"},{"taxonomy":"post_tag","embeddable":true,"href":"https:\/\/diariofemenino.com.ar\/df\/wp-json\/wp\/v2\/tags?post=49900"}],"curies":[{"name":"wp","href":"https:\/\/api.w.org\/{rel}","templated":true}]}}