{"id":49718,"date":"2020-06-18T20:05:38","date_gmt":"2020-06-18T23:05:38","guid":{"rendered":"https:\/\/diariofemenino.com.ar\/?p=49718"},"modified":"2020-06-21T17:41:16","modified_gmt":"2020-06-21T20:41:16","slug":"la-aplicacion-del-denominado-sindrome-de-alienacion-parental","status":"publish","type":"post","link":"https:\/\/diariofemenino.com.ar\/df\/la-aplicacion-del-denominado-sindrome-de-alienacion-parental\/","title":{"rendered":"La aplicaci\u00f3n del denominado S\u00edndrome de Alienaci\u00f3n Parental (S.A.P.) produce severas afectaciones a los derechos de ni\u00f1os, ni\u00f1as y adolescentes"},"content":{"rendered":"<p>La aplicaci\u00f3n del denominado S\u00edndrome de Alienaci\u00f3n Parental (S.A.P.)<\/p>\n<p><strong>Comunicado de rechazo a su divulgaci\u00f3n de la\u00a0<a href=\"https:\/\/www.argentina.gob.ar\/desarrollosocial\/ninezyadolescencia\">Secretar\u00eda Nacional de Ni\u00f1ez, Adolescencia y Familia<\/a>, del Ministerio de <a href=\"https:\/\/www.argentina.gob.ar\/desarrollosocial\">Desarrollo Social<\/a><\/strong><\/p>\n<p>Muy recientemente ha vuelto a difundirse en algunos medios de comunicaci\u00f3nel denominado <strong>S\u00edndrome de Alienaci\u00f3n Parental<\/strong> (S.A.P.), cuyo empleo ha provocado y provoca severos perjuicios a muchos chicos y chicas en sus derechos. Es por esta raz\u00f3n que, <strong>desde la Secretar\u00eda Nacional de Ni\u00f1ez, Adolescencia y Familia, del Ministerio de Desarrollo Social, junto a un conjunto de otras y otros funcionarios, especialistas y referentes del campo de las infancias entendemos necesario hacer algunas aclaraciones y puntualizaciones para difundirlas a la opini\u00f3n p\u00fablica.<\/strong><\/p>\n<p>Desde la aprobaci\u00f3n y progresiva implementaci\u00f3n de la Convenci\u00f3n sobre los Derechos del Ni\u00f1o (CDN) se produjo un importante cambio en las relaciones jur\u00eddicas entre los ni\u00f1os y ni\u00f1as y el mundo adulto, que tuvo trascendencia en diferentes dimensiones de la vida social. Uno de esos campos que sufri\u00f3 transformaciones fue el de la reacci\u00f3n estatal ante la violencia y el abuso sexual contra ni\u00f1os y ni\u00f1as y su reflejo en los procesos administrativos y judiciales. Los chicos y chicas tienen, desde ese momento, sus derechos mejor resguardados frente a esas agresiones.<\/p>\n<p>En ese tratado de derechos humanos de las infancias, la CDN, de jerarqu\u00eda constitucional -y bajo ese paraguas, la Ley N\u00ba 26.061- se receptaron dos principios generales, con alto impacto con relaci\u00f3n a las situaciones violentas y abusivas en contra de ni\u00f1os y ni\u00f1as. Por un lado, <strong>la CDN determin\u00f3, con mucho \u00e9nfasis, que es facultad y responsabilidad de las y los progenitores encargarse de la crianza de ni\u00f1os, ni\u00f1as y adolescentes y al mismo tiempo oblig\u00f3 a los Estados a tomar medidas en favor de las y los ni\u00f1os, si se vulneraban sus derechos en los propios \u00e1mbitos familiares<\/strong> (arts. 5, 18, 19 CDN). Por otro lado, se estipul\u00f3, en el art. 12 de la CDN, <strong>que los ni\u00f1os y ni\u00f1as deben ser o\u00eddos en todos los asuntos que los afectan y que sus opiniones deben ser debidamente tomadas en cuenta<\/strong>, pr\u00e1ctica que debe ser receptada en los \u00e1mbitos administrativos y judiciales.<\/p>\n<p>Esos principios de la CDN \u2013presentes en la Ley 26.061- junto a nuevos avances en otras disciplinas sociales, fueron incidiendo en una progresiva mayor apertura de investigaciones, de aplicaci\u00f3n de medidas de protecci\u00f3n a ni\u00f1os y ni\u00f1as v\u00edctimas de abusos y otras violencias, y de imposici\u00f3n de sanciones a las y los autores. <strong>La escucha a los ni\u00f1os y ni\u00f1as v\u00edctimas y la decisi\u00f3n de no tolerar violaciones graves de derechos en los \u00e1mbitos familiares fueron determinantes en ese proceso.<\/strong><\/p>\n<p><strong>El llamado S\u00edndrome de Alienaci\u00f3n Parental (S.A.P.)<\/strong> -que se difundi\u00f3 en algunos medios recientemente- <strong>es una falacia carente de rigor cient\u00edfico a la que se recurre para limitar, obturar o deslegitimar el avance en la protecci\u00f3n de derechos de ni\u00f1os y ni\u00f1as v\u00edctimas<\/strong> que se describe m\u00e1s arriba. Generalmente <strong>invocan el S.A.P<\/strong>., en especial en \u00e1mbitos judiciales, <strong>varones adultos acusados de violencias graves y\/o abusos sexuales<\/strong> en perjuicio de sus hijos o hijas menores de edad.<\/p>\n<p><strong>Mediante el falso s\u00edndrome se pretende colocar un manto de sospecha sobre los dichos de ni\u00f1os o ni\u00f1as que declaran ser v\u00edctimas de violencias<\/strong>, alegando falsamente que los mismos no hacen m\u00e1s que repetir discursos inculcados por otra persona adulta \u2013generalmente la madre- que le habr\u00eda \u201cmetido en la cabeza\u201d que tiene que acusar falsamente al otro adulto. Desde este argumento,\u00a0todos, o la inmensa mayor\u00eda, de las ni\u00f1as y ni\u00f1os actuar\u00edan manipulados\/as y todas, o la inmensa mayor\u00eda, de las mam\u00e1s ser\u00edan manipuladoras inescrupulosas.<\/p>\n<p>El denominado S.A.P. \u2013promovido por una corriente de la psiquiatr\u00eda norteamericana a partir de mediados de los a\u00f1os 80\u2019- postula que el incremento de las denuncias de violencias y abusos en contra de los progenitores por las y los ni\u00f1os no obedece a que a las y los ni\u00f1os se los reconoce como verdaderos sujetos, sino que es el resultado de un adoctrinamiento por parte de un adulto vengativo que manipula a un ni\u00f1o o ni\u00f1a.<\/p>\n<p><strong>Ning\u00fan organismo especializado, ni a nivel local ni a nivel internacional, <a href=\"https:\/\/diariofemenino.com.ar\/luis-pedernera-la-ley-contra-la-violencia-en-la-infancia-debe-prohibir-el-uso-del-falso-sindrome-de-alienacion-parental\/\">reconoce valor cient\u00edfico al S.A.P.<\/a> <\/strong>y muchas asociaciones profesionales -la Federaci\u00f3n de Psic\u00f3logos de la Rep\u00fablica Argentina o el Colegio de Trabajadores Sociales de la Provincia de Buenos Aires, por ejemplo- as\u00ed como especialistas y referentes del campo de las infancias, han denunciado las graves violaciones a los derechos de ni\u00f1os y ni\u00f1as que conllevan la decisiones administrativas y judiciales que se inspiran en el citado \u201cS\u00edndrome\u201d.<\/p>\n<p><strong>Cuando el SAP inspira las pericias t\u00e9cnicas o las decisiones de las y los funcionarios o jueces se violenta ostensiblemente el derecho de chicos y chicas a ser escuchados, como lo prescriben la Convenci\u00f3n y la Ley N\u00b026.061<\/strong>, se los estigmatiza como \u201cfabuladores\u201d, y se niega su condici\u00f3n de sujetos de derecho. Pero, adem\u00e1s, <strong>se los y las priva de medidas de protecci\u00f3n contra el abuso y las violencias, se los expone a ser revictimizados\/as,<\/strong> y se los<strong> fuerza a revinculaciones forzosas.<\/strong> Consecuentemente, adem\u00e1s, la recurrencia al <strong>SAP ampl\u00eda las posibilidades de que los autores de graves delitos aseguren su impunidad.<\/strong> Y las madres de esos chicos y chicas son inescrupulosamente demonizadas.<\/p>\n<p><strong>No hay motivo, causa o fundamento para dejar de escuchar atenta y cuidadamente el decir de ni\u00f1os, ni\u00f1as y adolescentes<\/strong>. No pueden menospreciarse, descalificarse sus expresiones atendiendo a rotulaciones (SAP) que patologizan y que, adem\u00e1s, no cuentan con sustento te\u00f3rico. El S.A.P. -inventado por Richard Gardner- atenta entonces contra los derechos de las infancias, no solo en su descripci\u00f3n conceptual, sino tambi\u00e9n en el tratamiento que el supuesto s\u00edndrome propone.<\/p>\n<p>La finalidad del presente posicionamiento es <strong>alertar sobre lo perjudicial que resulta para los derechos de ni\u00f1os y ni\u00f1as v\u00edctimas de graves atropellos que se presente al \u201c<a href=\"https:\/\/diariofemenino.com.ar\/el-falso-sindrome-de-alienacion-parental-sap\/\">S\u00edndrome de Alienaci\u00f3n Parenta<\/a>l\u201d como una teor\u00eda seria, cient\u00edfica<\/strong>, validada por expertos. Este argumento, sin sustento acad\u00e9mico o de especialistas, es a\u00fan m\u00e1s preocupante si se lo hace desde \u00e1mbitos con capacidad de influir en la opini\u00f3n p\u00fablica. Las y los abajo firmantes solicitamos, en consecuencia, se aborde la cuesti\u00f3n con seriedad, rigor y profundidad.<\/p>\n<p>La imagen de Portada corresponde al libro de Sonia Vaccaro: El Pretendido S\u00edndrome de Alienaci\u00f3n Parental<\/p>\n<figure id=\"attachment_49720\" aria-describedby=\"caption-attachment-49720\" style=\"width: 850px\" class=\"wp-caption alignnone\"><img loading=\"lazy\" decoding=\"async\" class=\"size-full wp-image-49720\" src=\"https:\/\/diariofemenino.com.ar\/df\/wp-content\/uploads\/2020\/06\/falso-sindrome-alienacion-parental-850x491.jpg\" alt=\"La aplicaci\u00f3n del denominado S\u00edndrome de Alienaci\u00f3n Parental (S.A.P.) produce severas afectaciones a los derechos de ni\u00f1os, ni\u00f1as y adolescentes\" width=\"850\" height=\"491\" srcset=\"https:\/\/diariofemenino.com.ar\/df\/wp-content\/uploads\/2020\/06\/falso-sindrome-alienacion-parental-850x491.jpg 850w, https:\/\/diariofemenino.com.ar\/df\/wp-content\/uploads\/2020\/06\/falso-sindrome-alienacion-parental-850x491-300x173.jpg 300w, https:\/\/diariofemenino.com.ar\/df\/wp-content\/uploads\/2020\/06\/falso-sindrome-alienacion-parental-850x491-768x444.jpg 768w\" sizes=\"auto, (max-width: 850px) 100vw, 850px\" \/><figcaption id=\"caption-attachment-49720\" class=\"wp-caption-text\">La aplicaci\u00f3n del denominado S\u00edndrome de Alienaci\u00f3n Parental (S.A.P.) produce severas afectaciones a los derechos de ni\u00f1os, ni\u00f1as y adolescentes<\/figcaption><\/figure>\n<p>Gabriel Lerner (Secretar\u00eda Nacional de Ni\u00f1ez, Adolescencia y Familia \u2013 Ministerio de Desarrollo Social) &#8211; Erika Roffler (Jefatura de Gabinete &#8211; Ministerio de Desarrollo Social) &#8211; Beatr\u00edz Janin (Forum Infancias) &#8211; Cecilia Merch\u00e1n (Pol\u00edticas de Igualdad y Diversidad &#8211; Ministerio de las Mujeres, G\u00e9neros y Diversidad) &#8211; Marisa Herrera (CONICET &#8211; UBA) &#8211; Nora Schulman (Comit\u00e9 Argentino de Seguimiento de la Convenci\u00f3n sobre Derechos del Ni\u00f1o &#8211; CASACIDN) \u2013 Juan Mart\u00edn Mena (Secretar\u00eda de Justicia \u2013 Ministerio de Justicia y Derechos Humanos) &#8211; Hern\u00e1n Monath (UNICEF) &#8211; Norberto Liwsky (CODESEDH \u2013 DNI &#8211; UNIPE) &#8211; N\u00e9stor Argui\u00f1ano (Facultad de Trabajo Social &#8211; UNLP) &#8211; Josefina Kelly (Pol\u00edticas Contra la Violencia por Razones de G\u00e9nero &#8211; Ministerio de las Mujeres, G\u00e9neros y Diversidad) &#8211; Mar\u00eda Elena Naddeo (Asamblea Permanente por los Derechos Humanos &#8211; APDH) &#8211; Alicia In\u00e9s Stolkiner (Facultad de Psicolog\u00eda \u2013 UBA- UNLa) Carolina Mera (Facultad de Ciencias Sociales \u2013 UBA) Paula Ferro (Infancias, Juventudes, G\u00e9neros y Diversidades \u2013 ANSES) &#8211; Valeria Isla (ENIA &#8211; Ministerio de Salud) &#8211; Mariana Iglesias (Periodista Clar\u00edn) &#8211; Nora Pulido (Colectivo de Derechos de infancia y Adolescencia) &#8211; Cielo Salviolo (canal Pakapaka) &#8211; Marcelo Clingo (Asociaci\u00f3n de Psic\u00f3logas y Psic\u00f3logos de Buenos Aires &#8211; APBA) &#8211; Diana Maff\u00eda (UBA- Observatorio de G\u00e9nero en la Justicia del Consejo de la Magistratura CABA) \u2013 Laura Sirotsky (Educaci\u00f3n Social y Cultural \u2013 Ministerio de Educaci\u00f3n) &#8211; Eleonor Faur (IDAES \u2013 UNSAM) &#8211; Mariana Carbajal (Periodista P\u00e1gina 12- RedPar) &#8211; Representantes Consejo Federal de Ni\u00f1ez, Adolescencia y Familia: Eva Asprella, Buenos Aires &#8211; Mar\u00eda Carrizo, Catamarca &#8211; Mar\u00eda P\u00eda Chiacchio Cavana, Chaco &#8211; Cecilia Otarola, Chubut &#8211; Karina Leguizam\u00f3n, CABA &#8211; Jos\u00e9 Ricardo Pi\u00f1ero, C\u00f3rdoba &#8211; Anal\u00eda Monz\u00f3n, Corrientes &#8211; Horacio Leconte, Entre R\u00edos &#8211; Diego \u00c1lvarez, La Pampa &#8211; Adolfo Aumada, La Rioja &#8211; Vanina Barone, Mendoza &#8211; Benilda Dammer, Misiones &#8211; Emilce Troncoso, Neuqu\u00e9n &#8211; Roxana M\u00e9ndez, R\u00edo Negro &#8211; Ver\u00f3nica Figueroa, Salta &#8211; Marisa Pereyra G\u00f3mez, San Luis &#8211; B\u00e1rbara Weinzettel, Santa Cruz &#8211; Patricia Chialvo, Santa Fe &#8211; Claudia Ju\u00e1rez, Santiago del Estero &#8211; Ver\u00f3nica Gonz\u00e1lez, Tierra del Fuego &#8211; Lorena M\u00e1laga Barros Sosa, Tucum\u00e1n \u2013 Pablo Enrique Barbuto (Pol\u00edtica Criminal \u2013 Ministerio de Justicia y Derechos Humanos) -Gustavo Gallo (Asamblea Permanente por los Derechos Humanos &#8211; APDH) &#8211; Ingrid Beck (Periodista) &#8211; Mariano Luongo (Secretaria Nacional de Ni\u00f1ez, Adolescencia y Familia \u2013 Ministerio de Desarrollo Social) &#8211; Raquel Asencio (Abogada Feminista) &#8211; Fernanda Marchese (Colectivo de Derechos de infancia y Adolescencia) &#8211; Gimol Pinto (Abogada- Facultad de Derecho &#8211; UBA) &#8211; Romina Pzellinsky (Ministerio P\u00fablico Fiscal de la Naci\u00f3n) &#8211; Paula Chinellato (Secretaria Nacional de Ni\u00f1ez, Adolescencia y Familia \u2013 Ministerio de Desarrollo Social) &#8211; Gustavo Galli (UNAHUR- UMET) &#8211; Mabel Bianco (FEIM) &#8211; Enrique Stola (M\u00e9dico Psiquiatra) &#8211; Valeria Llobet (UNSAM- CONICET) \u2013 Dana Borzese (Doncel Asociaci\u00f3n Civil) &#8211; Mariana Incarnato (Red Latinoamericana de Egresados de Protecci\u00f3n) \u2013 Alejandra Solla (Fundaci\u00f3n SES) &#8211; Silvina Molina (Periodista) &#8211; Carla Villalta (CONICET- Facultad de Filosof\u00eda y letras &#8211; UBA) &#8211; Candelaria Rodr\u00edguez (Consejo Profesional de Graduados en Servicio Social o Trabajo Social) &#8211; Mariana Chaves (Movimiento Chicos del Pueblo) &#8211; Graciela Gonz\u00e1lez (Asociaci\u00f3n de Psic\u00f3logas y Psic\u00f3logos de Buenos Aires &#8211; APBA) &#8211; Gladis Mart\u00ednez (Facultad de Trabajo Social &#8211; UNER) &#8211; Alejandra Shanahan (Secretaria Nacional de Ni\u00f1ez, Adolescencia y Familia \u2013 Ministerio de Desarrollo Social) &#8211; Mar\u00eda Beatriz M\u00fcller (Salud Activa) &#8211; Paula Wachter (Red por la Infancia) &#8211; Mar\u00eda Josefina Ch\u00e1vez (ACEJ- UNAHUR) &#8211; Mar\u00eda In\u00e9s Peralta (Facultad de Ciencias Sociales \u2013 UNC) Karina Mancini (Consejo Profesional de Graduados en Servicio Social o Trabajo Social) &#8211; Mar\u00eda Isabel Bertolotto (Consejo Profesional de Graduados en Servicio Social o Trabajo Social) &#8211; Valeria Dotro (Infancias y medios \u2013 LatinLab) &#8211; Lorena Guzzetti (Carrera de Trabajo Social &#8211; Facultad de Ciencias Sociales &#8211; UBA) &#8211; Natalia Gherardi (ELA) &#8211; Luz Bruno (Facultad de Ciencias Sociales \u2013 UBA) &#8211; Flavia Centuri\u00f3n (ONG Las Mirabal) &#8211; Andrea P. P\u00e9rez Itadelman (Carrera de Trabajo Social &#8211; Facultad de Ciencias Sociales &#8211; UBA) &#8211; Elena Garos (Carrera de Trabajo Social &#8211; Facultad de Ciencias Sociales &#8211; UBA) &#8211; Adriana Noem\u00ed Franco (Facultad de Psicolog\u00eda \u2013 UBA) &#8211; \u00a0Lenny C\u00e1ceres, periodista -Ana Josefina Arias (Facultad de Ciencias Sociales \u2013 UBA) &#8211; D\u00e9bora Nakache (Facultad de Psicolog\u00eda \u2013 UBA) &#8211; Claudia Bracchi (Subsecretar\u00eda de Educaci\u00f3n \u2013 Direcci\u00f3n General de Cultura y Educaci\u00f3n de PBA) &#8211; B\u00e1rbara Garc\u00eda Godoy (Federaci\u00f3n Argentina de Unidades Acad\u00e9micas de Trabajo Social) &#8211; Andrea Echevarr\u00eda (Carrera de Trabajo Social &#8211; Facultad de Ciencias Sociales \u2013 UBA) &#8211; Edith Graciela Fuentes (Facultad de Ciencias Sociales \u2013UBA) &#8211; Silvina Ferreira dos Santos (Carrera de Psicolog\u00eda &#8211; Universidad Maim\u00f3nides) &#8211; Fernando Grosso (Facultad de Ciencias Sociales \u2013 UBA)<\/p>\n","protected":false},"excerpt":{"rendered":"<p>La aplicaci\u00f3n del denominado S\u00edndrome de Alienaci\u00f3n Parental (S.A.P.) Comunicado de rechazo a su divulgaci\u00f3n de la\u00a0Secretar\u00eda Nacional de Ni\u00f1ez, Adolescencia y Familia, del Ministerio de Desarrollo Social Muy recientemente ha vuelto a difundirse en algunos medios de comunicaci\u00f3nel denominado S\u00edndrome de Alienaci\u00f3n Parental (S.A.P.), cuyo empleo ha provocado y provoca severos perjuicios a muchos [&hellip;]<\/p>\n","protected":false},"author":4,"featured_media":49720,"comment_status":"open","ping_status":"open","sticky":false,"template":"","format":"standard","meta":{"iawp_total_views":57,"footnotes":""},"categories":[1067,581,9,21],"tags":[3248,3247,3246],"class_list":["post-49718","post","type-post","status-publish","format-standard","has-post-thumbnail","hentry","category-agenda-feminista","category-azul-profundo","category-de-esi-si-se-habla","category-noticias","tag-rechazo","tag-s-a-p","tag-sindrome-de-alienacion-parental"],"nelio_content":{"autoShareEndMode":"never","automationSources":{"useCustomSentences":false,"customSentences":[]},"efiAlt":"","efiUrl":"","followers":[4],"highlights":[],"isAutoShareEnabled":true,"networkImageIds":[],"permalinkQueryArgs":[],"series":[],"suggestedReferences":[]},"yoast_head":"<!-- This site is optimized with the Yoast SEO plugin v27.5 - https:\/\/yoast.com\/product\/yoast-seo-wordpress\/ -->\n<title>La aplicaci\u00f3n del denominado S\u00edndrome de Alienaci\u00f3n Parental (S.A.P.) produce severas afectaciones a los derechos de ni\u00f1os, ni\u00f1as y adolescentes - Diario Digital Femenino<\/title>\n<meta name=\"description\" content=\"La aplicaci\u00f3n del denominado S\u00edndrome de Alienaci\u00f3nParental (S.A.P.) produce severas afectaciones a los derechosde ni\u00f1os, ni\u00f1as y adolescentes\" \/>\n<meta name=\"robots\" content=\"index, follow, max-snippet:-1, max-image-preview:large, max-video-preview:-1\" \/>\n<link rel=\"canonical\" href=\"https:\/\/diariofemenino.com.ar\/df\/la-aplicacion-del-denominado-sindrome-de-alienacion-parental\/\" \/>\n<meta property=\"og:locale\" content=\"es_ES\" \/>\n<meta property=\"og:type\" content=\"article\" \/>\n<meta property=\"og:title\" content=\"La aplicaci\u00f3n del denominado S\u00edndrome de Alienaci\u00f3n Parental (S.A.P.) produce severas afectaciones a los derechos de ni\u00f1os, ni\u00f1as y adolescentes - Diario Digital Femenino\" \/>\n<meta property=\"og:description\" content=\"La aplicaci\u00f3n del denominado S\u00edndrome de Alienaci\u00f3nParental (S.A.P.) produce severas afectaciones a los derechosde ni\u00f1os, ni\u00f1as y adolescentes\" \/>\n<meta property=\"og:url\" content=\"https:\/\/diariofemenino.com.ar\/df\/la-aplicacion-del-denominado-sindrome-de-alienacion-parental\/\" \/>\n<meta property=\"og:site_name\" content=\"Diario Digital Femenino\" \/>\n<meta property=\"article:publisher\" content=\"https:\/\/www.facebook.com\/DiarioDigitaFemenino\/\" \/>\n<meta property=\"article:published_time\" content=\"2020-06-18T23:05:38+00:00\" \/>\n<meta property=\"article:modified_time\" content=\"2020-06-21T20:41:16+00:00\" \/>\n<meta property=\"og:image\" content=\"https:\/\/diariofemenino.com.ar\/df\/wp-content\/uploads\/2020\/06\/falso-sindrome-alienacion-parental-850x491.jpg\" \/>\n\t<meta property=\"og:image:width\" content=\"850\" \/>\n\t<meta property=\"og:image:height\" content=\"491\" \/>\n\t<meta property=\"og:image:type\" content=\"image\/jpeg\" \/>\n<meta name=\"author\" content=\"Admin\" \/>\n<meta name=\"twitter:card\" content=\"summary_large_image\" \/>\n<meta name=\"twitter:creator\" content=\"@DiarioFemenino1\" \/>\n<meta name=\"twitter:site\" content=\"@DiarioFemenino1\" \/>\n<meta name=\"twitter:label1\" content=\"Escrito por\" \/>\n\t<meta name=\"twitter:data1\" content=\"Admin\" \/>\n\t<meta name=\"twitter:label2\" content=\"Tiempo de lectura\" \/>\n\t<meta name=\"twitter:data2\" content=\"10 minutos\" \/>\n<script type=\"application\/ld+json\" class=\"yoast-schema-graph\">{\"@context\":\"https:\\\/\\\/schema.org\",\"@graph\":[{\"@type\":\"Article\",\"@id\":\"https:\\\/\\\/diariofemenino.com.ar\\\/df\\\/la-aplicacion-del-denominado-sindrome-de-alienacion-parental\\\/#article\",\"isPartOf\":{\"@id\":\"https:\\\/\\\/diariofemenino.com.ar\\\/df\\\/la-aplicacion-del-denominado-sindrome-de-alienacion-parental\\\/\"},\"author\":{\"name\":\"Admin\",\"@id\":\"https:\\\/\\\/diariofemenino.com.ar\\\/df\\\/#\\\/schema\\\/person\\\/bf6199e8158c657ea6f789b11ec85509\"},\"headline\":\"La aplicaci\u00f3n del denominado S\u00edndrome de Alienaci\u00f3n Parental (S.A.P.) produce severas afectaciones a los derechos de ni\u00f1os, ni\u00f1as y adolescentes\",\"datePublished\":\"2020-06-18T23:05:38+00:00\",\"dateModified\":\"2020-06-21T20:41:16+00:00\",\"mainEntityOfPage\":{\"@id\":\"https:\\\/\\\/diariofemenino.com.ar\\\/df\\\/la-aplicacion-del-denominado-sindrome-de-alienacion-parental\\\/\"},\"wordCount\":2058,\"commentCount\":1,\"publisher\":{\"@id\":\"https:\\\/\\\/diariofemenino.com.ar\\\/df\\\/#organization\"},\"image\":{\"@id\":\"https:\\\/\\\/diariofemenino.com.ar\\\/df\\\/la-aplicacion-del-denominado-sindrome-de-alienacion-parental\\\/#primaryimage\"},\"thumbnailUrl\":\"https:\\\/\\\/diariofemenino.com.ar\\\/df\\\/wp-content\\\/uploads\\\/2020\\\/06\\\/falso-sindrome-alienacion-parental-850x491.jpg\",\"keywords\":[\"Rechazo\",\"S.A.P.\",\"S\u00edndrome de Alienaci\u00f3n Parental\"],\"articleSection\":[\"Agenda Feminista\",\"Azul Profundo\",\"De ESI S\u00ed Se Habla\",\"Noticias\"],\"inLanguage\":\"es\",\"potentialAction\":[{\"@type\":\"CommentAction\",\"name\":\"Comment\",\"target\":[\"https:\\\/\\\/diariofemenino.com.ar\\\/df\\\/la-aplicacion-del-denominado-sindrome-de-alienacion-parental\\\/#respond\"]}]},{\"@type\":\"WebPage\",\"@id\":\"https:\\\/\\\/diariofemenino.com.ar\\\/df\\\/la-aplicacion-del-denominado-sindrome-de-alienacion-parental\\\/\",\"url\":\"https:\\\/\\\/diariofemenino.com.ar\\\/df\\\/la-aplicacion-del-denominado-sindrome-de-alienacion-parental\\\/\",\"name\":\"La aplicaci\u00f3n del denominado S\u00edndrome de Alienaci\u00f3n Parental (S.A.P.) produce severas afectaciones a los derechos de ni\u00f1os, ni\u00f1as y adolescentes - Diario Digital Femenino\",\"isPartOf\":{\"@id\":\"https:\\\/\\\/diariofemenino.com.ar\\\/df\\\/#website\"},\"primaryImageOfPage\":{\"@id\":\"https:\\\/\\\/diariofemenino.com.ar\\\/df\\\/la-aplicacion-del-denominado-sindrome-de-alienacion-parental\\\/#primaryimage\"},\"image\":{\"@id\":\"https:\\\/\\\/diariofemenino.com.ar\\\/df\\\/la-aplicacion-del-denominado-sindrome-de-alienacion-parental\\\/#primaryimage\"},\"thumbnailUrl\":\"https:\\\/\\\/diariofemenino.com.ar\\\/df\\\/wp-content\\\/uploads\\\/2020\\\/06\\\/falso-sindrome-alienacion-parental-850x491.jpg\",\"datePublished\":\"2020-06-18T23:05:38+00:00\",\"dateModified\":\"2020-06-21T20:41:16+00:00\",\"description\":\"La aplicaci\u00f3n del denominado S\u00edndrome de Alienaci\u00f3nParental (S.A.P.) produce severas afectaciones a los derechosde ni\u00f1os, ni\u00f1as y adolescentes\",\"breadcrumb\":{\"@id\":\"https:\\\/\\\/diariofemenino.com.ar\\\/df\\\/la-aplicacion-del-denominado-sindrome-de-alienacion-parental\\\/#breadcrumb\"},\"inLanguage\":\"es\",\"potentialAction\":[{\"@type\":\"ReadAction\",\"target\":[\"https:\\\/\\\/diariofemenino.com.ar\\\/df\\\/la-aplicacion-del-denominado-sindrome-de-alienacion-parental\\\/\"]}]},{\"@type\":\"ImageObject\",\"inLanguage\":\"es\",\"@id\":\"https:\\\/\\\/diariofemenino.com.ar\\\/df\\\/la-aplicacion-del-denominado-sindrome-de-alienacion-parental\\\/#primaryimage\",\"url\":\"https:\\\/\\\/diariofemenino.com.ar\\\/df\\\/wp-content\\\/uploads\\\/2020\\\/06\\\/falso-sindrome-alienacion-parental-850x491.jpg\",\"contentUrl\":\"https:\\\/\\\/diariofemenino.com.ar\\\/df\\\/wp-content\\\/uploads\\\/2020\\\/06\\\/falso-sindrome-alienacion-parental-850x491.jpg\",\"width\":850,\"height\":491,\"caption\":\"La aplicaci\u00f3n del denominado S\u00edndrome de Alienaci\u00f3n Parental (S.A.P.) produce severas afectaciones a los derechos de ni\u00f1os, ni\u00f1as y adolescentes\"},{\"@type\":\"BreadcrumbList\",\"@id\":\"https:\\\/\\\/diariofemenino.com.ar\\\/df\\\/la-aplicacion-del-denominado-sindrome-de-alienacion-parental\\\/#breadcrumb\",\"itemListElement\":[{\"@type\":\"ListItem\",\"position\":1,\"name\":\"Portada\",\"item\":\"https:\\\/\\\/diariofemenino.com.ar\\\/df\\\/\"},{\"@type\":\"ListItem\",\"position\":2,\"name\":\"La aplicaci\u00f3n del denominado S\u00edndrome de Alienaci\u00f3n Parental (S.A.P.) produce severas afectaciones a los derechos de ni\u00f1os, ni\u00f1as y adolescentes\"}]},{\"@type\":\"WebSite\",\"@id\":\"https:\\\/\\\/diariofemenino.com.ar\\\/df\\\/#website\",\"url\":\"https:\\\/\\\/diariofemenino.com.ar\\\/df\\\/\",\"name\":\"Diario Digital Femenino\",\"description\":\"Cuesti\u00f3n de G\u00e9nero\",\"publisher\":{\"@id\":\"https:\\\/\\\/diariofemenino.com.ar\\\/df\\\/#organization\"},\"potentialAction\":[{\"@type\":\"SearchAction\",\"target\":{\"@type\":\"EntryPoint\",\"urlTemplate\":\"https:\\\/\\\/diariofemenino.com.ar\\\/df\\\/?s={search_term_string}\"},\"query-input\":{\"@type\":\"PropertyValueSpecification\",\"valueRequired\":true,\"valueName\":\"search_term_string\"}}],\"inLanguage\":\"es\"},{\"@type\":\"Organization\",\"@id\":\"https:\\\/\\\/diariofemenino.com.ar\\\/df\\\/#organization\",\"name\":\"Diario Femenino\",\"url\":\"https:\\\/\\\/diariofemenino.com.ar\\\/df\\\/\",\"logo\":{\"@type\":\"ImageObject\",\"inLanguage\":\"es\",\"@id\":\"https:\\\/\\\/diariofemenino.com.ar\\\/df\\\/#\\\/schema\\\/logo\\\/image\\\/\",\"url\":\"https:\\\/\\\/diariofemenino.com.ar\\\/df\\\/wp-content\\\/uploads\\\/2018\\\/10\\\/logo.png\",\"contentUrl\":\"https:\\\/\\\/diariofemenino.com.ar\\\/df\\\/wp-content\\\/uploads\\\/2018\\\/10\\\/logo.png\",\"width\":500,\"height\":92,\"caption\":\"Diario Femenino\"},\"image\":{\"@id\":\"https:\\\/\\\/diariofemenino.com.ar\\\/df\\\/#\\\/schema\\\/logo\\\/image\\\/\"},\"sameAs\":[\"https:\\\/\\\/www.facebook.com\\\/DiarioDigitaFemenino\\\/\",\"https:\\\/\\\/x.com\\\/DiarioFemenino1\"]},{\"@type\":\"Person\",\"@id\":\"https:\\\/\\\/diariofemenino.com.ar\\\/df\\\/#\\\/schema\\\/person\\\/bf6199e8158c657ea6f789b11ec85509\",\"name\":\"Admin\",\"image\":{\"@type\":\"ImageObject\",\"inLanguage\":\"es\",\"@id\":\"https:\\\/\\\/diariofemenino.com.ar\\\/df\\\/wp-content\\\/uploads\\\/2018\\\/12\\\/favicon-150x150.jpg\",\"url\":\"https:\\\/\\\/diariofemenino.com.ar\\\/df\\\/wp-content\\\/uploads\\\/2018\\\/12\\\/favicon-150x150.jpg\",\"contentUrl\":\"https:\\\/\\\/diariofemenino.com.ar\\\/df\\\/wp-content\\\/uploads\\\/2018\\\/12\\\/favicon-150x150.jpg\",\"caption\":\"Admin\"},\"url\":\"https:\\\/\\\/diariofemenino.com.ar\\\/df\\\/author\\\/lenny\\\/\"}]}<\/script>\n<!-- \/ Yoast SEO plugin. -->","yoast_head_json":{"title":"La aplicaci\u00f3n del denominado S\u00edndrome de Alienaci\u00f3n Parental (S.A.P.) produce severas afectaciones a los derechos de ni\u00f1os, ni\u00f1as y adolescentes - Diario Digital Femenino","description":"La aplicaci\u00f3n del denominado S\u00edndrome de Alienaci\u00f3nParental (S.A.P.) produce severas afectaciones a los derechosde ni\u00f1os, ni\u00f1as y adolescentes","robots":{"index":"index","follow":"follow","max-snippet":"max-snippet:-1","max-image-preview":"max-image-preview:large","max-video-preview":"max-video-preview:-1"},"canonical":"https:\/\/diariofemenino.com.ar\/df\/la-aplicacion-del-denominado-sindrome-de-alienacion-parental\/","og_locale":"es_ES","og_type":"article","og_title":"La aplicaci\u00f3n del denominado S\u00edndrome de Alienaci\u00f3n Parental (S.A.P.) produce severas afectaciones a los derechos de ni\u00f1os, ni\u00f1as y adolescentes - Diario Digital Femenino","og_description":"La aplicaci\u00f3n del denominado S\u00edndrome de Alienaci\u00f3nParental (S.A.P.) produce severas afectaciones a los derechosde ni\u00f1os, ni\u00f1as y adolescentes","og_url":"https:\/\/diariofemenino.com.ar\/df\/la-aplicacion-del-denominado-sindrome-de-alienacion-parental\/","og_site_name":"Diario Digital Femenino","article_publisher":"https:\/\/www.facebook.com\/DiarioDigitaFemenino\/","article_published_time":"2020-06-18T23:05:38+00:00","article_modified_time":"2020-06-21T20:41:16+00:00","og_image":[{"width":850,"height":491,"url":"https:\/\/diariofemenino.com.ar\/df\/wp-content\/uploads\/2020\/06\/falso-sindrome-alienacion-parental-850x491.jpg","type":"image\/jpeg"}],"author":"Admin","twitter_card":"summary_large_image","twitter_creator":"@DiarioFemenino1","twitter_site":"@DiarioFemenino1","twitter_misc":{"Escrito por":"Admin","Tiempo de lectura":"10 minutos"},"schema":{"@context":"https:\/\/schema.org","@graph":[{"@type":"Article","@id":"https:\/\/diariofemenino.com.ar\/df\/la-aplicacion-del-denominado-sindrome-de-alienacion-parental\/#article","isPartOf":{"@id":"https:\/\/diariofemenino.com.ar\/df\/la-aplicacion-del-denominado-sindrome-de-alienacion-parental\/"},"author":{"name":"Admin","@id":"https:\/\/diariofemenino.com.ar\/df\/#\/schema\/person\/bf6199e8158c657ea6f789b11ec85509"},"headline":"La aplicaci\u00f3n del denominado S\u00edndrome de Alienaci\u00f3n Parental (S.A.P.) produce severas afectaciones a los derechos de ni\u00f1os, ni\u00f1as y adolescentes","datePublished":"2020-06-18T23:05:38+00:00","dateModified":"2020-06-21T20:41:16+00:00","mainEntityOfPage":{"@id":"https:\/\/diariofemenino.com.ar\/df\/la-aplicacion-del-denominado-sindrome-de-alienacion-parental\/"},"wordCount":2058,"commentCount":1,"publisher":{"@id":"https:\/\/diariofemenino.com.ar\/df\/#organization"},"image":{"@id":"https:\/\/diariofemenino.com.ar\/df\/la-aplicacion-del-denominado-sindrome-de-alienacion-parental\/#primaryimage"},"thumbnailUrl":"https:\/\/diariofemenino.com.ar\/df\/wp-content\/uploads\/2020\/06\/falso-sindrome-alienacion-parental-850x491.jpg","keywords":["Rechazo","S.A.P.","S\u00edndrome de Alienaci\u00f3n Parental"],"articleSection":["Agenda Feminista","Azul Profundo","De ESI S\u00ed Se Habla","Noticias"],"inLanguage":"es","potentialAction":[{"@type":"CommentAction","name":"Comment","target":["https:\/\/diariofemenino.com.ar\/df\/la-aplicacion-del-denominado-sindrome-de-alienacion-parental\/#respond"]}]},{"@type":"WebPage","@id":"https:\/\/diariofemenino.com.ar\/df\/la-aplicacion-del-denominado-sindrome-de-alienacion-parental\/","url":"https:\/\/diariofemenino.com.ar\/df\/la-aplicacion-del-denominado-sindrome-de-alienacion-parental\/","name":"La aplicaci\u00f3n del denominado S\u00edndrome de Alienaci\u00f3n Parental (S.A.P.) produce severas afectaciones a los derechos de ni\u00f1os, ni\u00f1as y adolescentes - Diario Digital Femenino","isPartOf":{"@id":"https:\/\/diariofemenino.com.ar\/df\/#website"},"primaryImageOfPage":{"@id":"https:\/\/diariofemenino.com.ar\/df\/la-aplicacion-del-denominado-sindrome-de-alienacion-parental\/#primaryimage"},"image":{"@id":"https:\/\/diariofemenino.com.ar\/df\/la-aplicacion-del-denominado-sindrome-de-alienacion-parental\/#primaryimage"},"thumbnailUrl":"https:\/\/diariofemenino.com.ar\/df\/wp-content\/uploads\/2020\/06\/falso-sindrome-alienacion-parental-850x491.jpg","datePublished":"2020-06-18T23:05:38+00:00","dateModified":"2020-06-21T20:41:16+00:00","description":"La aplicaci\u00f3n del denominado S\u00edndrome de Alienaci\u00f3nParental (S.A.P.) produce severas afectaciones a los derechosde ni\u00f1os, ni\u00f1as y adolescentes","breadcrumb":{"@id":"https:\/\/diariofemenino.com.ar\/df\/la-aplicacion-del-denominado-sindrome-de-alienacion-parental\/#breadcrumb"},"inLanguage":"es","potentialAction":[{"@type":"ReadAction","target":["https:\/\/diariofemenino.com.ar\/df\/la-aplicacion-del-denominado-sindrome-de-alienacion-parental\/"]}]},{"@type":"ImageObject","inLanguage":"es","@id":"https:\/\/diariofemenino.com.ar\/df\/la-aplicacion-del-denominado-sindrome-de-alienacion-parental\/#primaryimage","url":"https:\/\/diariofemenino.com.ar\/df\/wp-content\/uploads\/2020\/06\/falso-sindrome-alienacion-parental-850x491.jpg","contentUrl":"https:\/\/diariofemenino.com.ar\/df\/wp-content\/uploads\/2020\/06\/falso-sindrome-alienacion-parental-850x491.jpg","width":850,"height":491,"caption":"La aplicaci\u00f3n del denominado S\u00edndrome de Alienaci\u00f3n Parental (S.A.P.) produce severas afectaciones a los derechos de ni\u00f1os, ni\u00f1as y adolescentes"},{"@type":"BreadcrumbList","@id":"https:\/\/diariofemenino.com.ar\/df\/la-aplicacion-del-denominado-sindrome-de-alienacion-parental\/#breadcrumb","itemListElement":[{"@type":"ListItem","position":1,"name":"Portada","item":"https:\/\/diariofemenino.com.ar\/df\/"},{"@type":"ListItem","position":2,"name":"La aplicaci\u00f3n del denominado S\u00edndrome de Alienaci\u00f3n Parental (S.A.P.) produce severas afectaciones a los derechos de ni\u00f1os, ni\u00f1as y adolescentes"}]},{"@type":"WebSite","@id":"https:\/\/diariofemenino.com.ar\/df\/#website","url":"https:\/\/diariofemenino.com.ar\/df\/","name":"Diario Digital Femenino","description":"Cuesti\u00f3n de G\u00e9nero","publisher":{"@id":"https:\/\/diariofemenino.com.ar\/df\/#organization"},"potentialAction":[{"@type":"SearchAction","target":{"@type":"EntryPoint","urlTemplate":"https:\/\/diariofemenino.com.ar\/df\/?s={search_term_string}"},"query-input":{"@type":"PropertyValueSpecification","valueRequired":true,"valueName":"search_term_string"}}],"inLanguage":"es"},{"@type":"Organization","@id":"https:\/\/diariofemenino.com.ar\/df\/#organization","name":"Diario Femenino","url":"https:\/\/diariofemenino.com.ar\/df\/","logo":{"@type":"ImageObject","inLanguage":"es","@id":"https:\/\/diariofemenino.com.ar\/df\/#\/schema\/logo\/image\/","url":"https:\/\/diariofemenino.com.ar\/df\/wp-content\/uploads\/2018\/10\/logo.png","contentUrl":"https:\/\/diariofemenino.com.ar\/df\/wp-content\/uploads\/2018\/10\/logo.png","width":500,"height":92,"caption":"Diario Femenino"},"image":{"@id":"https:\/\/diariofemenino.com.ar\/df\/#\/schema\/logo\/image\/"},"sameAs":["https:\/\/www.facebook.com\/DiarioDigitaFemenino\/","https:\/\/x.com\/DiarioFemenino1"]},{"@type":"Person","@id":"https:\/\/diariofemenino.com.ar\/df\/#\/schema\/person\/bf6199e8158c657ea6f789b11ec85509","name":"Admin","image":{"@type":"ImageObject","inLanguage":"es","@id":"https:\/\/diariofemenino.com.ar\/df\/wp-content\/uploads\/2018\/12\/favicon-150x150.jpg","url":"https:\/\/diariofemenino.com.ar\/df\/wp-content\/uploads\/2018\/12\/favicon-150x150.jpg","contentUrl":"https:\/\/diariofemenino.com.ar\/df\/wp-content\/uploads\/2018\/12\/favicon-150x150.jpg","caption":"Admin"},"url":"https:\/\/diariofemenino.com.ar\/df\/author\/lenny\/"}]}},"jetpack_featured_media_url":"https:\/\/diariofemenino.com.ar\/df\/wp-content\/uploads\/2020\/06\/falso-sindrome-alienacion-parental-850x491.jpg","jetpack_sharing_enabled":true,"rttpg_featured_image_url":{"full":["https:\/\/diariofemenino.com.ar\/df\/wp-content\/uploads\/2020\/06\/falso-sindrome-alienacion-parental-850x491.jpg",850,491,false],"landscape":["https:\/\/diariofemenino.com.ar\/df\/wp-content\/uploads\/2020\/06\/falso-sindrome-alienacion-parental-850x491.jpg",850,491,false],"portraits":["https:\/\/diariofemenino.com.ar\/df\/wp-content\/uploads\/2020\/06\/falso-sindrome-alienacion-parental-850x491.jpg",850,491,false],"thumbnail":["https:\/\/diariofemenino.com.ar\/df\/wp-content\/uploads\/2020\/06\/falso-sindrome-alienacion-parental-850x491-150x150.jpg",150,150,true],"medium":["https:\/\/diariofemenino.com.ar\/df\/wp-content\/uploads\/2020\/06\/falso-sindrome-alienacion-parental-850x491-300x173.jpg",300,173,true],"large":["https:\/\/diariofemenino.com.ar\/df\/wp-content\/uploads\/2020\/06\/falso-sindrome-alienacion-parental-850x491.jpg",850,491,false],"1536x1536":["https:\/\/diariofemenino.com.ar\/df\/wp-content\/uploads\/2020\/06\/falso-sindrome-alienacion-parental-850x491.jpg",850,491,false],"2048x2048":["https:\/\/diariofemenino.com.ar\/df\/wp-content\/uploads\/2020\/06\/falso-sindrome-alienacion-parental-850x491.jpg",850,491,false]},"rttpg_author":{"display_name":"Admin","author_link":"https:\/\/diariofemenino.com.ar\/df\/author\/lenny\/"},"rttpg_comment":1,"rttpg_category":"<a href=\"https:\/\/diariofemenino.com.ar\/df\/category\/agenda-feminista\/\" rel=\"category tag\">Agenda Feminista<\/a> <a href=\"https:\/\/diariofemenino.com.ar\/df\/category\/azul-profundo\/\" rel=\"category tag\">Azul Profundo<\/a> <a href=\"https:\/\/diariofemenino.com.ar\/df\/category\/de-esi-si-se-habla\/\" rel=\"category tag\">De ESI S\u00ed Se Habla<\/a> <a href=\"https:\/\/diariofemenino.com.ar\/df\/category\/noticias\/\" rel=\"category tag\">Noticias<\/a>","rttpg_excerpt":"La aplicaci\u00f3n del denominado S\u00edndrome de Alienaci\u00f3n Parental (S.A.P.) Comunicado de rechazo a su divulgaci\u00f3n de la\u00a0Secretar\u00eda Nacional de Ni\u00f1ez, Adolescencia y Familia, del Ministerio de Desarrollo Social Muy recientemente ha vuelto a difundirse en algunos medios de comunicaci\u00f3nel denominado S\u00edndrome de Alienaci\u00f3n Parental (S.A.P.), cuyo empleo ha provocado y provoca severos perjuicios a muchos&hellip;","_links":{"self":[{"href":"https:\/\/diariofemenino.com.ar\/df\/wp-json\/wp\/v2\/posts\/49718","targetHints":{"allow":["GET"]}}],"collection":[{"href":"https:\/\/diariofemenino.com.ar\/df\/wp-json\/wp\/v2\/posts"}],"about":[{"href":"https:\/\/diariofemenino.com.ar\/df\/wp-json\/wp\/v2\/types\/post"}],"author":[{"embeddable":true,"href":"https:\/\/diariofemenino.com.ar\/df\/wp-json\/wp\/v2\/users\/4"}],"replies":[{"embeddable":true,"href":"https:\/\/diariofemenino.com.ar\/df\/wp-json\/wp\/v2\/comments?post=49718"}],"version-history":[{"count":0,"href":"https:\/\/diariofemenino.com.ar\/df\/wp-json\/wp\/v2\/posts\/49718\/revisions"}],"wp:featuredmedia":[{"embeddable":true,"href":"https:\/\/diariofemenino.com.ar\/df\/wp-json\/wp\/v2\/media\/49720"}],"wp:attachment":[{"href":"https:\/\/diariofemenino.com.ar\/df\/wp-json\/wp\/v2\/media?parent=49718"}],"wp:term":[{"taxonomy":"category","embeddable":true,"href":"https:\/\/diariofemenino.com.ar\/df\/wp-json\/wp\/v2\/categories?post=49718"},{"taxonomy":"post_tag","embeddable":true,"href":"https:\/\/diariofemenino.com.ar\/df\/wp-json\/wp\/v2\/tags?post=49718"}],"curies":[{"name":"wp","href":"https:\/\/api.w.org\/{rel}","templated":true}]}}