{"id":49404,"date":"2020-06-12T13:16:39","date_gmt":"2020-06-12T16:16:39","guid":{"rendered":"https:\/\/diariofemenino.com.ar\/?p=49404"},"modified":"2020-06-12T13:21:47","modified_gmt":"2020-06-12T16:21:47","slug":"la-prostitucion-no-es-trabajo-nunca-lo-va-a-ser","status":"publish","type":"post","link":"https:\/\/diariofemenino.com.ar\/df\/la-prostitucion-no-es-trabajo-nunca-lo-va-a-ser\/","title":{"rendered":"\u201cLa prostituci\u00f3n no es trabajo, nunca lo va a ser\u201d"},"content":{"rendered":"<p><strong>La prostituci\u00f3n no es trabajo, nunca lo va a ser<\/strong><\/p>\n<p><img loading=\"lazy\" decoding=\"async\" class=\"wp-image-44597 alignleft\" src=\"https:\/\/diariofemenino.com.ar\/df\/wp-content\/uploads\/2019\/12\/Delia-Escudilla.jpg\" alt=\"Delia Escudilla: &quot;repudio y hago un llamamiento al Ministerio de la Mujer y Diversidades para saber qu\u00e9 van a hacer con esa barbaridad&quot;\" width=\"189\" height=\"126\" srcset=\"https:\/\/diariofemenino.com.ar\/df\/wp-content\/uploads\/2019\/12\/Delia-Escudilla.jpg 380w, https:\/\/diariofemenino.com.ar\/df\/wp-content\/uploads\/2019\/12\/Delia-Escudilla-300x200.jpg 300w\" sizes=\"auto, (max-width: 189px) 100vw, 189px\" \/><\/p>\n<p><a href=\"https:\/\/diariofemenino.com.ar\/el-futuro-por-delante-la-prostitucion-y-el-abolicionismo-en-el-proceso-de-lucha-feminista\/\">Delia Escudilla<\/a>, una sobreviviente del sistema prostituyente, opin\u00f3 sobre las declaraciones brind\u00f3 la secretaria General del sindicato Asociaci\u00f3n de Mujeres Meretrices de Argentina (AMMAR), Georgina Orellano, y remarc\u00f3 que \u201cla prostituci\u00f3n no es trabajo, nunca lo va a ser\u201d.<\/p>\n<p>Orellano hab\u00eda manifestado que \u201ccon legalizar la prostituci\u00f3n habr\u00eda 60.000 puestos de trabajo\u201d. Ante esto, Escudilla se comunic\u00f3 con Diario Digital Femenino.<\/p>\n<p>\u201cA la lucha abolicionista volvemos recargadas, en lo personal agradezco a todas las organizaciones extranjeras. Alemania, Alicante, Barcelona, Chile, Uruguay, desde todos estos pa\u00edses me han llamado para darme apoyo. Vamos a seguir con esta lucha. No van a pasar, Argentina es abolicionista. No se pueden evadir los tratados internacionales\u201d, afirm\u00f3.<\/p>\n<p>Desde su postura de sobreviviente, repudi\u00f3 \u201cabsolutamente<\/p>\n<p>esto que est\u00e1n intentando hacer y van a seguir haciendo, lo digo por la solicitada que mando AMMAR a la Presidencia de la Naci\u00f3n, donde nosotras tambi\u00e9n estamos en la misma lucha\u201d.<\/p>\n<p>\u201cEsta vez no hago un llamamiento solamente al Ministerio de Provincia, que jam\u00e1s nos atendi\u00f3 ni nos recibi\u00f3 y no sabemos si recibi\u00f3 <a href=\"https:\/\/diariofemenino.com.ar\/delia-escudilla\/\">nuestros pedidos<\/a>. Siempre los recibi\u00f3 una secretaria. No sabemos si <a href=\"https:\/\/www.argentina.gob.ar\/generos\">Eli G\u00f3mez Alcorta<\/a> los recibi\u00f3. S\u00ed sabemos que G\u00f3mez Alcorta estuvo con Orellano dentro de esa reuni\u00f3n de Bio\u00e9tica que hicieron\u201d, continu\u00f3.<\/p>\n<p>En ese sentido, consider\u00f3 que fue \u201cuna burla a las sobrevivientes de prostituci\u00f3n. Una vez m\u00e1s, todos los colectivos abolicionistas y los colectivos de jovencitas, de quienes me enorgullezco que se est\u00e9n formando, no vamos a bajar la guardia. Si ellas pararon para tomar impulso, nosotras tambi\u00e9n\u201d.<\/p>\n<p>\u201cNuestro llamamiento lo hacemos a la gobernaci\u00f3n presidencial porque si bien pas\u00f3 por Arrollo, por P\u00e9rsico y por todo los dem\u00e1s personajes nefastos del <a href=\"https:\/\/www.argentina.gob.ar\/desarrollosocial\">Ministerio<\/a> de Desarrollo Social, tuvo que haberse filtrado primero por el Ejecutivo nacional\u201d, agreg\u00f3.<\/p>\n<p>Escudilla se\u00f1al\u00f3 que \u201centonces esta jugada no es solamente del Ministerio de Desarrollo Social, tiene que ver con el Ejecutivo. Y si Ejecutivo Nacional cree que en esta pandemia, donde el hambre se multiplico y las mujeres solas, con maridos y padres ausentes no saben qu\u00e9 hacer y van a ser reclutadas por esa organizaci\u00f3n que dice que la prostituci\u00f3n va ser llamada Trabajo informal, que entra dentro de la econom\u00eda popular, me parece que fracas\u00f3 como Presidente, fracas\u00f3 como persona, como ser humano, como hombre, fracas\u00f3 como todo\u201d.<\/p>\n<p>\u201cLa prostituci\u00f3n no es trabajo\u201d<\/p>\n<p>Desde su mirada personal, y recordando su pasado \u201cen la puta esquina\u201d, Escudilla afirm\u00f3 que \u201cno hice otra cosa que repudiar esa noche y hacer un llamamiento a nuestras jovencitas. Vamos a seguir con esta lucha. La prostituci\u00f3n no es trabajo, nunca lo va a ser\u201d.<\/p>\n<p>\u201cTenemos tratados internacionales. Esto no es Holanda, y tampoco es un pa\u00eds tan empobrecido como los pa\u00edses africanos, como pa\u00edses asi\u00e1ticos, donde las ni\u00f1as y las mujeres est\u00e1n prostituy\u00e9ndose a plena luz del d\u00eda. Donde a nadie le interesa. Donde hay galpones repletos\u00a0 de ni\u00f1as pobres prostituidas. Esto no es as\u00ed, este es un pa\u00eds rico, donde se puede generar comida, alimentaci\u00f3n para 40 millones de personas. Y est\u00e1n considerando que la Prostituci\u00f3n puede ser una opci\u00f3n para que las personas dejen de tener hambre\u201d, a\u00f1adi\u00f3.<\/p>\n<p>En ese sentido, Escudilla advirti\u00f3 que \u201cesta es una jugada netamente pol\u00edtica desde los estamentos de gobiernos donde est\u00e1n las reglamentaristas. Desde las organizaciones transnacionales que ayudan con dinero a AMMAR desde la red de trata, pero si ellas no paran, nosotras las abolicionistas tampoco pararemos\u201d.<\/p>\n<p>\u201cEn un momento donde la ayuda del gobierno no alcanza para paliar el hambre en esta pandemia, justo se va a lanzar ese plan de trabajo informal por medio de los cuerpos mercantilizados de las mujeres, de las ni\u00f1as, de las viejas, de las discapacitadas\u00a0 y todas aquellas que pueden poner el cuerpo para paliar este hambre\u201d, continu\u00f3 y sentenci\u00f3: \u201c\u00a1No! No van a pasar por encima de todas nuestras muertas, de todo lo que nos pas\u00f3, por encima de las jovencitas, ni por encima del futuro de las ni\u00f1as. Repudio total al Ejecutivo y hago un llamamiento a la lucha\u201d.<\/p>\n<p><strong>Nota a la que hace referencia:<\/strong><\/p>\n<blockquote class=\"wp-embedded-content\" data-secret=\"U88OHm31kz\"><p><a href=\"https:\/\/diariofemenino.com.ar\/delia-escudilla\/\">Delia Escudilla: \u00abrepudio y hago un llamamiento al Ministerio de la Mujer y Diversidades para saber qu\u00e9 van a hacer con esa barbaridad\u00bb<\/a><\/p><\/blockquote>\n<p><iframe loading=\"lazy\" class=\"wp-embedded-content\" sandbox=\"allow-scripts\" security=\"restricted\" style=\"position: absolute; clip: rect(1px, 1px, 1px, 1px);\" src=\"https:\/\/diariofemenino.com.ar\/delia-escudilla\/embed\/#?secret=U88OHm31kz\" data-secret=\"U88OHm31kz\" width=\"600\" height=\"338\" title=\"&#171;Delia Escudilla: \u00abrepudio y hago un llamamiento al Ministerio de la Mujer y Diversidades para saber qu\u00e9 van a hacer con esa barbaridad\u00bb&#187; &#8212; Diario Digital Femenino\" frameborder=\"0\" marginwidth=\"0\" marginheight=\"0\" scrolling=\"no\"><\/iframe><\/p>\n<p>&nbsp;<\/p>\n","protected":false},"excerpt":{"rendered":"<p>La prostituci\u00f3n no es trabajo, nunca lo va a ser Delia Escudilla, una sobreviviente del sistema prostituyente, opin\u00f3 sobre las declaraciones brind\u00f3 la secretaria General del sindicato Asociaci\u00f3n de Mujeres Meretrices de Argentina (AMMAR), Georgina Orellano, y remarc\u00f3 que \u201cla prostituci\u00f3n no es trabajo, nunca lo va a ser\u201d. Orellano hab\u00eda manifestado que \u201ccon legalizar [&hellip;]<\/p>\n","protected":false},"author":4,"featured_media":49414,"comment_status":"open","ping_status":"open","sticky":false,"template":"","format":"standard","meta":{"iawp_total_views":4,"footnotes":""},"categories":[1067,32,592],"tags":[1219,378,2587,394],"class_list":["post-49404","post","type-post","status-publish","format-standard","has-post-thumbnail","hentry","category-agenda-feminista","category-mujeres","category-violencias","tag-prostitucionestortura","tag-prostitucionesviolencia","tag-delia-escudilla","tag-prostitucion-no-es-trabajo"],"nelio_content":{"autoShareEndMode":"never","automationSources":{"useCustomSentences":false,"customSentences":[]},"efiAlt":"","efiUrl":"","followers":[4],"highlights":[],"isAutoShareEnabled":true,"networkImageIds":[],"permalinkQueryArgs":[],"series":[],"suggestedReferences":[]},"yoast_head":"<!-- This site is optimized with the Yoast SEO plugin v27.5 - https:\/\/yoast.com\/product\/yoast-seo-wordpress\/ -->\n<title>\u201cLa prostituci\u00f3n no es trabajo, nunca lo va a ser\u201d - Diario Digital Femenino<\/title>\n<meta name=\"description\" content=\"La prostituci\u00f3n no es trabajo. Delia Escudilla, una sobreviviente del sistema prostituyente se comunic\u00f3 con DIario Digital Femenino para dar su opini\u00f3n\" \/>\n<meta name=\"robots\" content=\"index, follow, max-snippet:-1, max-image-preview:large, max-video-preview:-1\" \/>\n<link rel=\"canonical\" href=\"https:\/\/diariofemenino.com.ar\/df\/la-prostitucion-no-es-trabajo-nunca-lo-va-a-ser\/\" \/>\n<meta property=\"og:locale\" content=\"es_ES\" \/>\n<meta property=\"og:type\" content=\"article\" \/>\n<meta property=\"og:title\" content=\"\u201cLa prostituci\u00f3n no es trabajo, nunca lo va a ser\u201d - Diario Digital Femenino\" \/>\n<meta property=\"og:description\" content=\"La prostituci\u00f3n no es trabajo. Delia Escudilla, una sobreviviente del sistema prostituyente se comunic\u00f3 con DIario Digital Femenino para dar su opini\u00f3n\" \/>\n<meta property=\"og:url\" content=\"https:\/\/diariofemenino.com.ar\/df\/la-prostitucion-no-es-trabajo-nunca-lo-va-a-ser\/\" \/>\n<meta property=\"og:site_name\" content=\"Diario Digital Femenino\" \/>\n<meta property=\"article:publisher\" content=\"https:\/\/www.facebook.com\/DiarioDigitaFemenino\/\" \/>\n<meta property=\"article:published_time\" content=\"2020-06-12T16:16:39+00:00\" \/>\n<meta property=\"article:modified_time\" content=\"2020-06-12T16:21:47+00:00\" \/>\n<meta property=\"og:image\" content=\"https:\/\/diariofemenino.com.ar\/df\/wp-content\/uploads\/2020\/06\/delia1-1.jpg\" \/>\n\t<meta property=\"og:image:width\" content=\"754\" \/>\n\t<meta property=\"og:image:height\" content=\"319\" \/>\n\t<meta property=\"og:image:type\" content=\"image\/jpeg\" \/>\n<meta name=\"author\" content=\"Admin\" \/>\n<meta name=\"twitter:card\" content=\"summary_large_image\" \/>\n<meta name=\"twitter:creator\" content=\"@DiarioFemenino1\" \/>\n<meta name=\"twitter:site\" content=\"@DiarioFemenino1\" \/>\n<meta name=\"twitter:label1\" content=\"Escrito por\" \/>\n\t<meta name=\"twitter:data1\" content=\"Admin\" \/>\n\t<meta name=\"twitter:label2\" content=\"Tiempo de lectura\" \/>\n\t<meta name=\"twitter:data2\" content=\"4 minutos\" \/>\n<script type=\"application\/ld+json\" class=\"yoast-schema-graph\">{\"@context\":\"https:\\\/\\\/schema.org\",\"@graph\":[{\"@type\":\"Article\",\"@id\":\"https:\\\/\\\/diariofemenino.com.ar\\\/df\\\/la-prostitucion-no-es-trabajo-nunca-lo-va-a-ser\\\/#article\",\"isPartOf\":{\"@id\":\"https:\\\/\\\/diariofemenino.com.ar\\\/df\\\/la-prostitucion-no-es-trabajo-nunca-lo-va-a-ser\\\/\"},\"author\":{\"name\":\"Admin\",\"@id\":\"https:\\\/\\\/diariofemenino.com.ar\\\/df\\\/#\\\/schema\\\/person\\\/bf6199e8158c657ea6f789b11ec85509\"},\"headline\":\"\u201cLa prostituci\u00f3n no es trabajo, nunca lo va a ser\u201d\",\"datePublished\":\"2020-06-12T16:16:39+00:00\",\"dateModified\":\"2020-06-12T16:21:47+00:00\",\"mainEntityOfPage\":{\"@id\":\"https:\\\/\\\/diariofemenino.com.ar\\\/df\\\/la-prostitucion-no-es-trabajo-nunca-lo-va-a-ser\\\/\"},\"wordCount\":742,\"commentCount\":0,\"publisher\":{\"@id\":\"https:\\\/\\\/diariofemenino.com.ar\\\/df\\\/#organization\"},\"image\":{\"@id\":\"https:\\\/\\\/diariofemenino.com.ar\\\/df\\\/la-prostitucion-no-es-trabajo-nunca-lo-va-a-ser\\\/#primaryimage\"},\"thumbnailUrl\":\"https:\\\/\\\/diariofemenino.com.ar\\\/df\\\/wp-content\\\/uploads\\\/2020\\\/06\\\/delia1-1.jpg\",\"keywords\":[\"#Prostituci\u00f3nEsTortura\",\"#Prostituci\u00f3nEsViolencia\",\"Delia Escudilla\",\"Prostituci\u00f3n NO es Trabajo\"],\"articleSection\":[\"Agenda Feminista\",\"Mujeres\",\"Violencias\"],\"inLanguage\":\"es\",\"potentialAction\":[{\"@type\":\"CommentAction\",\"name\":\"Comment\",\"target\":[\"https:\\\/\\\/diariofemenino.com.ar\\\/df\\\/la-prostitucion-no-es-trabajo-nunca-lo-va-a-ser\\\/#respond\"]}]},{\"@type\":\"WebPage\",\"@id\":\"https:\\\/\\\/diariofemenino.com.ar\\\/df\\\/la-prostitucion-no-es-trabajo-nunca-lo-va-a-ser\\\/\",\"url\":\"https:\\\/\\\/diariofemenino.com.ar\\\/df\\\/la-prostitucion-no-es-trabajo-nunca-lo-va-a-ser\\\/\",\"name\":\"\u201cLa prostituci\u00f3n no es trabajo, nunca lo va a ser\u201d - Diario Digital Femenino\",\"isPartOf\":{\"@id\":\"https:\\\/\\\/diariofemenino.com.ar\\\/df\\\/#website\"},\"primaryImageOfPage\":{\"@id\":\"https:\\\/\\\/diariofemenino.com.ar\\\/df\\\/la-prostitucion-no-es-trabajo-nunca-lo-va-a-ser\\\/#primaryimage\"},\"image\":{\"@id\":\"https:\\\/\\\/diariofemenino.com.ar\\\/df\\\/la-prostitucion-no-es-trabajo-nunca-lo-va-a-ser\\\/#primaryimage\"},\"thumbnailUrl\":\"https:\\\/\\\/diariofemenino.com.ar\\\/df\\\/wp-content\\\/uploads\\\/2020\\\/06\\\/delia1-1.jpg\",\"datePublished\":\"2020-06-12T16:16:39+00:00\",\"dateModified\":\"2020-06-12T16:21:47+00:00\",\"description\":\"La prostituci\u00f3n no es trabajo. Delia Escudilla, una sobreviviente del sistema prostituyente se comunic\u00f3 con DIario Digital Femenino para dar su opini\u00f3n\",\"breadcrumb\":{\"@id\":\"https:\\\/\\\/diariofemenino.com.ar\\\/df\\\/la-prostitucion-no-es-trabajo-nunca-lo-va-a-ser\\\/#breadcrumb\"},\"inLanguage\":\"es\",\"potentialAction\":[{\"@type\":\"ReadAction\",\"target\":[\"https:\\\/\\\/diariofemenino.com.ar\\\/df\\\/la-prostitucion-no-es-trabajo-nunca-lo-va-a-ser\\\/\"]}]},{\"@type\":\"ImageObject\",\"inLanguage\":\"es\",\"@id\":\"https:\\\/\\\/diariofemenino.com.ar\\\/df\\\/la-prostitucion-no-es-trabajo-nunca-lo-va-a-ser\\\/#primaryimage\",\"url\":\"https:\\\/\\\/diariofemenino.com.ar\\\/df\\\/wp-content\\\/uploads\\\/2020\\\/06\\\/delia1-1.jpg\",\"contentUrl\":\"https:\\\/\\\/diariofemenino.com.ar\\\/df\\\/wp-content\\\/uploads\\\/2020\\\/06\\\/delia1-1.jpg\",\"width\":754,\"height\":319,\"caption\":\"Delia Escudilla: \u201cNecesitamos pol\u00edticas p\u00fablicas reales\u201d\"},{\"@type\":\"BreadcrumbList\",\"@id\":\"https:\\\/\\\/diariofemenino.com.ar\\\/df\\\/la-prostitucion-no-es-trabajo-nunca-lo-va-a-ser\\\/#breadcrumb\",\"itemListElement\":[{\"@type\":\"ListItem\",\"position\":1,\"name\":\"Portada\",\"item\":\"https:\\\/\\\/diariofemenino.com.ar\\\/df\\\/\"},{\"@type\":\"ListItem\",\"position\":2,\"name\":\"\u201cLa prostituci\u00f3n no es trabajo, nunca lo va a ser\u201d\"}]},{\"@type\":\"WebSite\",\"@id\":\"https:\\\/\\\/diariofemenino.com.ar\\\/df\\\/#website\",\"url\":\"https:\\\/\\\/diariofemenino.com.ar\\\/df\\\/\",\"name\":\"Diario Digital Femenino\",\"description\":\"Cuesti\u00f3n de G\u00e9nero\",\"publisher\":{\"@id\":\"https:\\\/\\\/diariofemenino.com.ar\\\/df\\\/#organization\"},\"potentialAction\":[{\"@type\":\"SearchAction\",\"target\":{\"@type\":\"EntryPoint\",\"urlTemplate\":\"https:\\\/\\\/diariofemenino.com.ar\\\/df\\\/?s={search_term_string}\"},\"query-input\":{\"@type\":\"PropertyValueSpecification\",\"valueRequired\":true,\"valueName\":\"search_term_string\"}}],\"inLanguage\":\"es\"},{\"@type\":\"Organization\",\"@id\":\"https:\\\/\\\/diariofemenino.com.ar\\\/df\\\/#organization\",\"name\":\"Diario Femenino\",\"url\":\"https:\\\/\\\/diariofemenino.com.ar\\\/df\\\/\",\"logo\":{\"@type\":\"ImageObject\",\"inLanguage\":\"es\",\"@id\":\"https:\\\/\\\/diariofemenino.com.ar\\\/df\\\/#\\\/schema\\\/logo\\\/image\\\/\",\"url\":\"https:\\\/\\\/diariofemenino.com.ar\\\/df\\\/wp-content\\\/uploads\\\/2018\\\/10\\\/logo.png\",\"contentUrl\":\"https:\\\/\\\/diariofemenino.com.ar\\\/df\\\/wp-content\\\/uploads\\\/2018\\\/10\\\/logo.png\",\"width\":500,\"height\":92,\"caption\":\"Diario Femenino\"},\"image\":{\"@id\":\"https:\\\/\\\/diariofemenino.com.ar\\\/df\\\/#\\\/schema\\\/logo\\\/image\\\/\"},\"sameAs\":[\"https:\\\/\\\/www.facebook.com\\\/DiarioDigitaFemenino\\\/\",\"https:\\\/\\\/x.com\\\/DiarioFemenino1\"]},{\"@type\":\"Person\",\"@id\":\"https:\\\/\\\/diariofemenino.com.ar\\\/df\\\/#\\\/schema\\\/person\\\/bf6199e8158c657ea6f789b11ec85509\",\"name\":\"Admin\",\"image\":{\"@type\":\"ImageObject\",\"inLanguage\":\"es\",\"@id\":\"https:\\\/\\\/diariofemenino.com.ar\\\/df\\\/wp-content\\\/uploads\\\/2018\\\/12\\\/favicon-150x150.jpg\",\"url\":\"https:\\\/\\\/diariofemenino.com.ar\\\/df\\\/wp-content\\\/uploads\\\/2018\\\/12\\\/favicon-150x150.jpg\",\"contentUrl\":\"https:\\\/\\\/diariofemenino.com.ar\\\/df\\\/wp-content\\\/uploads\\\/2018\\\/12\\\/favicon-150x150.jpg\",\"caption\":\"Admin\"},\"url\":\"https:\\\/\\\/diariofemenino.com.ar\\\/df\\\/author\\\/lenny\\\/\"}]}<\/script>\n<!-- \/ Yoast SEO plugin. -->","yoast_head_json":{"title":"\u201cLa prostituci\u00f3n no es trabajo, nunca lo va a ser\u201d - Diario Digital Femenino","description":"La prostituci\u00f3n no es trabajo. Delia Escudilla, una sobreviviente del sistema prostituyente se comunic\u00f3 con DIario Digital Femenino para dar su opini\u00f3n","robots":{"index":"index","follow":"follow","max-snippet":"max-snippet:-1","max-image-preview":"max-image-preview:large","max-video-preview":"max-video-preview:-1"},"canonical":"https:\/\/diariofemenino.com.ar\/df\/la-prostitucion-no-es-trabajo-nunca-lo-va-a-ser\/","og_locale":"es_ES","og_type":"article","og_title":"\u201cLa prostituci\u00f3n no es trabajo, nunca lo va a ser\u201d - Diario Digital Femenino","og_description":"La prostituci\u00f3n no es trabajo. Delia Escudilla, una sobreviviente del sistema prostituyente se comunic\u00f3 con DIario Digital Femenino para dar su opini\u00f3n","og_url":"https:\/\/diariofemenino.com.ar\/df\/la-prostitucion-no-es-trabajo-nunca-lo-va-a-ser\/","og_site_name":"Diario Digital Femenino","article_publisher":"https:\/\/www.facebook.com\/DiarioDigitaFemenino\/","article_published_time":"2020-06-12T16:16:39+00:00","article_modified_time":"2020-06-12T16:21:47+00:00","og_image":[{"width":754,"height":319,"url":"https:\/\/diariofemenino.com.ar\/df\/wp-content\/uploads\/2020\/06\/delia1-1.jpg","type":"image\/jpeg"}],"author":"Admin","twitter_card":"summary_large_image","twitter_creator":"@DiarioFemenino1","twitter_site":"@DiarioFemenino1","twitter_misc":{"Escrito por":"Admin","Tiempo de lectura":"4 minutos"},"schema":{"@context":"https:\/\/schema.org","@graph":[{"@type":"Article","@id":"https:\/\/diariofemenino.com.ar\/df\/la-prostitucion-no-es-trabajo-nunca-lo-va-a-ser\/#article","isPartOf":{"@id":"https:\/\/diariofemenino.com.ar\/df\/la-prostitucion-no-es-trabajo-nunca-lo-va-a-ser\/"},"author":{"name":"Admin","@id":"https:\/\/diariofemenino.com.ar\/df\/#\/schema\/person\/bf6199e8158c657ea6f789b11ec85509"},"headline":"\u201cLa prostituci\u00f3n no es trabajo, nunca lo va a ser\u201d","datePublished":"2020-06-12T16:16:39+00:00","dateModified":"2020-06-12T16:21:47+00:00","mainEntityOfPage":{"@id":"https:\/\/diariofemenino.com.ar\/df\/la-prostitucion-no-es-trabajo-nunca-lo-va-a-ser\/"},"wordCount":742,"commentCount":0,"publisher":{"@id":"https:\/\/diariofemenino.com.ar\/df\/#organization"},"image":{"@id":"https:\/\/diariofemenino.com.ar\/df\/la-prostitucion-no-es-trabajo-nunca-lo-va-a-ser\/#primaryimage"},"thumbnailUrl":"https:\/\/diariofemenino.com.ar\/df\/wp-content\/uploads\/2020\/06\/delia1-1.jpg","keywords":["#Prostituci\u00f3nEsTortura","#Prostituci\u00f3nEsViolencia","Delia Escudilla","Prostituci\u00f3n NO es Trabajo"],"articleSection":["Agenda Feminista","Mujeres","Violencias"],"inLanguage":"es","potentialAction":[{"@type":"CommentAction","name":"Comment","target":["https:\/\/diariofemenino.com.ar\/df\/la-prostitucion-no-es-trabajo-nunca-lo-va-a-ser\/#respond"]}]},{"@type":"WebPage","@id":"https:\/\/diariofemenino.com.ar\/df\/la-prostitucion-no-es-trabajo-nunca-lo-va-a-ser\/","url":"https:\/\/diariofemenino.com.ar\/df\/la-prostitucion-no-es-trabajo-nunca-lo-va-a-ser\/","name":"\u201cLa prostituci\u00f3n no es trabajo, nunca lo va a ser\u201d - Diario Digital Femenino","isPartOf":{"@id":"https:\/\/diariofemenino.com.ar\/df\/#website"},"primaryImageOfPage":{"@id":"https:\/\/diariofemenino.com.ar\/df\/la-prostitucion-no-es-trabajo-nunca-lo-va-a-ser\/#primaryimage"},"image":{"@id":"https:\/\/diariofemenino.com.ar\/df\/la-prostitucion-no-es-trabajo-nunca-lo-va-a-ser\/#primaryimage"},"thumbnailUrl":"https:\/\/diariofemenino.com.ar\/df\/wp-content\/uploads\/2020\/06\/delia1-1.jpg","datePublished":"2020-06-12T16:16:39+00:00","dateModified":"2020-06-12T16:21:47+00:00","description":"La prostituci\u00f3n no es trabajo. Delia Escudilla, una sobreviviente del sistema prostituyente se comunic\u00f3 con DIario Digital Femenino para dar su opini\u00f3n","breadcrumb":{"@id":"https:\/\/diariofemenino.com.ar\/df\/la-prostitucion-no-es-trabajo-nunca-lo-va-a-ser\/#breadcrumb"},"inLanguage":"es","potentialAction":[{"@type":"ReadAction","target":["https:\/\/diariofemenino.com.ar\/df\/la-prostitucion-no-es-trabajo-nunca-lo-va-a-ser\/"]}]},{"@type":"ImageObject","inLanguage":"es","@id":"https:\/\/diariofemenino.com.ar\/df\/la-prostitucion-no-es-trabajo-nunca-lo-va-a-ser\/#primaryimage","url":"https:\/\/diariofemenino.com.ar\/df\/wp-content\/uploads\/2020\/06\/delia1-1.jpg","contentUrl":"https:\/\/diariofemenino.com.ar\/df\/wp-content\/uploads\/2020\/06\/delia1-1.jpg","width":754,"height":319,"caption":"Delia Escudilla: \u201cNecesitamos pol\u00edticas p\u00fablicas reales\u201d"},{"@type":"BreadcrumbList","@id":"https:\/\/diariofemenino.com.ar\/df\/la-prostitucion-no-es-trabajo-nunca-lo-va-a-ser\/#breadcrumb","itemListElement":[{"@type":"ListItem","position":1,"name":"Portada","item":"https:\/\/diariofemenino.com.ar\/df\/"},{"@type":"ListItem","position":2,"name":"\u201cLa prostituci\u00f3n no es trabajo, nunca lo va a ser\u201d"}]},{"@type":"WebSite","@id":"https:\/\/diariofemenino.com.ar\/df\/#website","url":"https:\/\/diariofemenino.com.ar\/df\/","name":"Diario Digital Femenino","description":"Cuesti\u00f3n de G\u00e9nero","publisher":{"@id":"https:\/\/diariofemenino.com.ar\/df\/#organization"},"potentialAction":[{"@type":"SearchAction","target":{"@type":"EntryPoint","urlTemplate":"https:\/\/diariofemenino.com.ar\/df\/?s={search_term_string}"},"query-input":{"@type":"PropertyValueSpecification","valueRequired":true,"valueName":"search_term_string"}}],"inLanguage":"es"},{"@type":"Organization","@id":"https:\/\/diariofemenino.com.ar\/df\/#organization","name":"Diario Femenino","url":"https:\/\/diariofemenino.com.ar\/df\/","logo":{"@type":"ImageObject","inLanguage":"es","@id":"https:\/\/diariofemenino.com.ar\/df\/#\/schema\/logo\/image\/","url":"https:\/\/diariofemenino.com.ar\/df\/wp-content\/uploads\/2018\/10\/logo.png","contentUrl":"https:\/\/diariofemenino.com.ar\/df\/wp-content\/uploads\/2018\/10\/logo.png","width":500,"height":92,"caption":"Diario Femenino"},"image":{"@id":"https:\/\/diariofemenino.com.ar\/df\/#\/schema\/logo\/image\/"},"sameAs":["https:\/\/www.facebook.com\/DiarioDigitaFemenino\/","https:\/\/x.com\/DiarioFemenino1"]},{"@type":"Person","@id":"https:\/\/diariofemenino.com.ar\/df\/#\/schema\/person\/bf6199e8158c657ea6f789b11ec85509","name":"Admin","image":{"@type":"ImageObject","inLanguage":"es","@id":"https:\/\/diariofemenino.com.ar\/df\/wp-content\/uploads\/2018\/12\/favicon-150x150.jpg","url":"https:\/\/diariofemenino.com.ar\/df\/wp-content\/uploads\/2018\/12\/favicon-150x150.jpg","contentUrl":"https:\/\/diariofemenino.com.ar\/df\/wp-content\/uploads\/2018\/12\/favicon-150x150.jpg","caption":"Admin"},"url":"https:\/\/diariofemenino.com.ar\/df\/author\/lenny\/"}]}},"jetpack_featured_media_url":"https:\/\/diariofemenino.com.ar\/df\/wp-content\/uploads\/2020\/06\/delia1-1.jpg","jetpack_sharing_enabled":true,"rttpg_featured_image_url":{"full":["https:\/\/diariofemenino.com.ar\/df\/wp-content\/uploads\/2020\/06\/delia1-1.jpg",754,319,false],"landscape":["https:\/\/diariofemenino.com.ar\/df\/wp-content\/uploads\/2020\/06\/delia1-1.jpg",754,319,false],"portraits":["https:\/\/diariofemenino.com.ar\/df\/wp-content\/uploads\/2020\/06\/delia1-1.jpg",754,319,false],"thumbnail":["https:\/\/diariofemenino.com.ar\/df\/wp-content\/uploads\/2020\/06\/delia1-1-150x150.jpg",150,150,true],"medium":["https:\/\/diariofemenino.com.ar\/df\/wp-content\/uploads\/2020\/06\/delia1-1-300x127.jpg",300,127,true],"large":["https:\/\/diariofemenino.com.ar\/df\/wp-content\/uploads\/2020\/06\/delia1-1.jpg",754,319,false],"1536x1536":["https:\/\/diariofemenino.com.ar\/df\/wp-content\/uploads\/2020\/06\/delia1-1.jpg",754,319,false],"2048x2048":["https:\/\/diariofemenino.com.ar\/df\/wp-content\/uploads\/2020\/06\/delia1-1.jpg",754,319,false]},"rttpg_author":{"display_name":"Admin","author_link":"https:\/\/diariofemenino.com.ar\/df\/author\/lenny\/"},"rttpg_comment":0,"rttpg_category":"<a href=\"https:\/\/diariofemenino.com.ar\/df\/category\/agenda-feminista\/\" rel=\"category tag\">Agenda Feminista<\/a> <a href=\"https:\/\/diariofemenino.com.ar\/df\/category\/mujeres\/\" rel=\"category tag\">Mujeres<\/a> <a href=\"https:\/\/diariofemenino.com.ar\/df\/category\/violencias\/\" rel=\"category tag\">Violencias<\/a>","rttpg_excerpt":"La prostituci\u00f3n no es trabajo, nunca lo va a ser Delia Escudilla, una sobreviviente del sistema prostituyente, opin\u00f3 sobre las declaraciones brind\u00f3 la secretaria General del sindicato Asociaci\u00f3n de Mujeres Meretrices de Argentina (AMMAR), Georgina Orellano, y remarc\u00f3 que \u201cla prostituci\u00f3n no es trabajo, nunca lo va a ser\u201d. Orellano hab\u00eda manifestado que \u201ccon legalizar&hellip;","_links":{"self":[{"href":"https:\/\/diariofemenino.com.ar\/df\/wp-json\/wp\/v2\/posts\/49404","targetHints":{"allow":["GET"]}}],"collection":[{"href":"https:\/\/diariofemenino.com.ar\/df\/wp-json\/wp\/v2\/posts"}],"about":[{"href":"https:\/\/diariofemenino.com.ar\/df\/wp-json\/wp\/v2\/types\/post"}],"author":[{"embeddable":true,"href":"https:\/\/diariofemenino.com.ar\/df\/wp-json\/wp\/v2\/users\/4"}],"replies":[{"embeddable":true,"href":"https:\/\/diariofemenino.com.ar\/df\/wp-json\/wp\/v2\/comments?post=49404"}],"version-history":[{"count":0,"href":"https:\/\/diariofemenino.com.ar\/df\/wp-json\/wp\/v2\/posts\/49404\/revisions"}],"wp:featuredmedia":[{"embeddable":true,"href":"https:\/\/diariofemenino.com.ar\/df\/wp-json\/wp\/v2\/media\/49414"}],"wp:attachment":[{"href":"https:\/\/diariofemenino.com.ar\/df\/wp-json\/wp\/v2\/media?parent=49404"}],"wp:term":[{"taxonomy":"category","embeddable":true,"href":"https:\/\/diariofemenino.com.ar\/df\/wp-json\/wp\/v2\/categories?post=49404"},{"taxonomy":"post_tag","embeddable":true,"href":"https:\/\/diariofemenino.com.ar\/df\/wp-json\/wp\/v2\/tags?post=49404"}],"curies":[{"name":"wp","href":"https:\/\/api.w.org\/{rel}","templated":true}]}}