{"id":4933,"date":"2012-11-20T23:52:20","date_gmt":"2012-11-21T02:52:20","guid":{"rendered":"http:\/\/www.diariofemenino.com.ar\/?p=4933"},"modified":"2012-11-20T23:52:20","modified_gmt":"2012-11-21T02:52:20","slug":"exitoso-taller-de-trabajo-sobre-genero-y-trata-de-personas","status":"publish","type":"post","link":"https:\/\/diariofemenino.com.ar\/df\/exitoso-taller-de-trabajo-sobre-genero-y-trata-de-personas\/","title":{"rendered":"Exitoso Taller de Trabajo sobre G\u00e9nero y Trata de Personas"},"content":{"rendered":"<p>&nbsp;<br \/>\n&nbsp;<br \/>\nLa gesti\u00f3n municipal de Camau Esp\u00ednola, en el marco de un Convenio subscripto oportunamente con la Corte Suprema de Justicia, inaugur\u00f3 un Taller de Trabajo destinado a dise\u00f1ar y desarrollar acciones sobre la perspectiva de g\u00e9nero y para prevenir el delito de trata de personas con fines de explotaci\u00f3n sexual. Participaron, adem\u00e1s de las autoridades municipales, la Presidenta de la C\u00e1mara Federal de Apelaciones de Corrientes, doctora Selva Ang\u00e9lica Spessot; y del Fiscal Federal de Corrientes Dr. Flavio Ferrini.<br \/>\nLa Municipalidad de Corrientes abri\u00f3 hoy el Taller de Trabajo destinado a dise\u00f1ar y desarrollar acciones sobre la perspectiva de g\u00e9nero y para prevenir el delito de trata de personas con fines de explotaci\u00f3n sexual.<br \/>\nLa actividad, coordinada y organizada a trav\u00e9s de la Direcci\u00f3n de G\u00e9nero y Diversidad de la Municipalidad de Corrientes, cont\u00f3 con apertura formal de la Presidenta de la C\u00e1mara Federal de Apelaciones de Corrientes, doctora Selva Ang\u00e9lica Spessot; y del Fiscal Federal de Corrientes Dr. Flavio Ferrini, quienes destacaron el trascendental aporte de la administraci\u00f3n de Camau Esp\u00ednola en poner en marcha acciones concretas de concientizaci\u00f3n y formaci\u00f3n.<br \/>\nEn la oportunidad, el Equipo de Replicadoras de la Oficina de la Mujer de la Corte Suprema de Justicia de la Naci\u00f3n y la Unidad Fiscal de Asistencia en Secuestros Extorsivos y Trata de Personas (U.F.A.S.E.) del Ministerio P\u00fablico Fiscal, comentaron aspectos espec\u00edficos de la Gu\u00eda de Trabajos en Talleres sobre G\u00e9nero y Trata de Personas con Fines de Explotaci\u00f3n Sexual, validado por el Sistema de Naciones Unidas en Argentina.<br \/>\nLas profesionales Cintia Ortiz de Terrine, Alejandra Viera, Erica Knesel y Mar\u00eda Susana Lisky explicaron en detalle los puntos m\u00e1s importantes del documento, buscando que los presentes, en su mayor\u00eda agentes comunitarios de contacto permanente con la ciudadan\u00eda, se conviertan en multiplicadores de la acci\u00f3n a llevar adelante.<br \/>\nVale recordar que el pasado 20 de septiembre, el Intendente de Corrientes, Camau Esp\u00ednola firm\u00f3 con la Ministra de la Corte Suprema de Justicia de la Naci\u00f3n doctora Carmen Mar\u00eda Argibay y la mencionada Presidenta de la C\u00e1mara Federal de Apelaciones de Corrientes, doctora Selva Ang\u00e9lica Spessot, un Convenio Marco de Colaboraci\u00f3n para dise\u00f1ar y desarrollar acciones sobre la perspectiva de g\u00e9nero, en el Sal\u00f3n de Acuerdos de la Corte Suprema.<br \/>\nEn representaci\u00f3n del intendente Camau Esp\u00ednola, las palabras de apertura estuvieron a cargo del doctor Mario Cocomarola, Jefe del Departamento Jur\u00eddico Permanente de la Municipalidad.<br \/>\nEl funcionario subray\u00f3 que \u201cestamos cumpliendo objetivos propuestos para la concientizaci\u00f3n y sensibilizaci\u00f3n social en la problem\u00e1tica. La idea firme es identificar los problemas, para as\u00ed trabajar en las factibles soluciones\u201d.<br \/>\n\u201cPara nosotros significa cumplir las pautas establecidas en el Convenio marco firmado entre la jueza Argibay y el intendente Esp\u00ednola. Pretendemos realizar un abordaje integral de la problem\u00e1tica, y entre las cosas pautadas en ese acuerdo estaba el realizar estos talleres\u201d, expres\u00f3 la doctora Selva Spessot.<br \/>\n\u201cEste tipo de reuniones tiene por finalidad sensibilizar, concientizar y reflexionar en el tema de la problem\u00e1tica del g\u00e9nero y la trata de personas\u201d, sostuvo la Presidenta de la C\u00e1mara Federal de Apelaciones, quien destac\u00f3 que la Gu\u00eda de Trabajo por abordar tiene el aval de las Naciones Unidas.<br \/>\nEl fiscal Flavio Ferrini, en tanto, consider\u00f3 que \u201cde ahora en mas tendremos todos la responsabilidad compartida de trasladar toda la informaci\u00f3n para la toma de conciencia de la problem\u00e1tica, en el marco de un problema que es violatorio a los DDHH esenciales\u201d.<br \/>\nLa titular de la Direcci\u00f3n de G\u00e9nero y Diversidad, Mariela Guastavino, destac\u00f3 \u201cla coordinaci\u00f3n de tareas establecidas con la Justicia Federal en el marco del convenio mencionado, que busca erradicar y prevenir la trata en la ciudad\u201d.<br \/>\nLa funcionaria resalt\u00f3 que el objetivo es \u201cque nuestro personal de las Delegaciones, SAPS, Jardines Maternales y otras instituciones, repliquen el contenido de \u00e9ste trabajo en la gente transform\u00e1ndose en agentes multiplicadores\u201d.<br \/>\nEntre otros, estuvieron presentes la Secretaria General de Gobierno, contadora Cecilia Custidiano; el Secretario de Salud y Medio Ambiente, doctor Roberto Jabornisky; concejales, directores, y personal de distintas \u00e1reas directamente relacionadas con el abordaje y tratamiento de temas sociales.<br \/>\n&nbsp;<br \/>\n&nbsp;<br \/>\n&nbsp;<br \/>\n&nbsp;<br \/>\nFuente: \u00a0<a href=\"http:\/\/www.corrienteshoy.com\/vernota.asp?id_noticia=120541\" target=\"_blank\">corrienteshoy.com<\/a><\/p>\n","protected":false},"excerpt":{"rendered":"<p>&nbsp; &nbsp; La gesti\u00f3n municipal de Camau Esp\u00ednola, en el marco de un Convenio subscripto oportunamente con la Corte Suprema de Justicia, inaugur\u00f3 un Taller de Trabajo destinado a dise\u00f1ar y desarrollar acciones sobre la perspectiva de g\u00e9nero y para prevenir el delito de trata de personas con fines de explotaci\u00f3n sexual. Participaron, adem\u00e1s de [&hellip;]<\/p>\n","protected":false},"author":1,"featured_media":4934,"comment_status":"open","ping_status":"open","sticky":false,"template":"","format":"standard","meta":{"iawp_total_views":3,"footnotes":""},"categories":[7,4,15],"tags":[],"class_list":["post-4933","post","type-post","status-publish","format-standard","has-post-thumbnail","hentry","category-actividades","category-medios","category-trata-de-personas"],"nelio_content":{"autoShareEndMode":"never","automationSources":{"useCustomSentences":false,"customSentences":[]},"efiAlt":"","efiUrl":"","followers":[],"highlights":[],"isAutoShareEnabled":true,"networkImageIds":[],"permalinkQueryArgs":[],"series":[],"suggestedReferences":[]},"yoast_head":"<!-- This site is optimized with the Yoast SEO plugin v27.4 - https:\/\/yoast.com\/product\/yoast-seo-wordpress\/ -->\n<title>Exitoso Taller de Trabajo sobre G\u00e9nero y Trata de Personas - Diario Digital Femenino<\/title>\n<meta name=\"robots\" content=\"index, follow, max-snippet:-1, max-image-preview:large, max-video-preview:-1\" \/>\n<link rel=\"canonical\" href=\"https:\/\/diariofemenino.com.ar\/df\/exitoso-taller-de-trabajo-sobre-genero-y-trata-de-personas\/\" \/>\n<meta property=\"og:locale\" content=\"es_ES\" \/>\n<meta property=\"og:type\" content=\"article\" \/>\n<meta property=\"og:title\" content=\"Exitoso Taller de Trabajo sobre G\u00e9nero y Trata de Personas - Diario Digital Femenino\" \/>\n<meta property=\"og:description\" content=\"&nbsp; &nbsp; La gesti\u00f3n municipal de Camau Esp\u00ednola, en el marco de un Convenio subscripto oportunamente con la Corte Suprema de Justicia, inaugur\u00f3 un Taller de Trabajo destinado a dise\u00f1ar y desarrollar acciones sobre la perspectiva de g\u00e9nero y para prevenir el delito de trata de personas con fines de explotaci\u00f3n sexual. Participaron, adem\u00e1s de [&hellip;]\" \/>\n<meta property=\"og:url\" content=\"https:\/\/diariofemenino.com.ar\/df\/exitoso-taller-de-trabajo-sobre-genero-y-trata-de-personas\/\" \/>\n<meta property=\"og:site_name\" content=\"Diario Digital Femenino\" \/>\n<meta property=\"article:publisher\" content=\"https:\/\/www.facebook.com\/DiarioDigitaFemenino\/\" \/>\n<meta property=\"article:published_time\" content=\"2012-11-21T02:52:20+00:00\" \/>\n<meta property=\"og:image\" content=\"https:\/\/diariofemenino.com.ar\/df\/wp-content\/uploads\/2016\/10\/logo-negro.png\" \/>\n\t<meta property=\"og:image:width\" content=\"855\" \/>\n\t<meta property=\"og:image:height\" content=\"319\" \/>\n\t<meta property=\"og:image:type\" content=\"image\/png\" \/>\n<meta name=\"author\" content=\"Admin\" \/>\n<meta name=\"twitter:card\" content=\"summary_large_image\" \/>\n<meta name=\"twitter:creator\" content=\"@DiarioFemenino1\" \/>\n<meta name=\"twitter:site\" content=\"@DiarioFemenino1\" \/>\n<meta name=\"twitter:label1\" content=\"Escrito por\" \/>\n\t<meta name=\"twitter:data1\" content=\"Admin\" \/>\n\t<meta name=\"twitter:label2\" content=\"Tiempo de lectura\" \/>\n\t<meta name=\"twitter:data2\" content=\"4 minutos\" \/>\n<script type=\"application\/ld+json\" class=\"yoast-schema-graph\">{\"@context\":\"https:\\\/\\\/schema.org\",\"@graph\":[{\"@type\":\"Article\",\"@id\":\"https:\\\/\\\/diariofemenino.com.ar\\\/df\\\/exitoso-taller-de-trabajo-sobre-genero-y-trata-de-personas\\\/#article\",\"isPartOf\":{\"@id\":\"https:\\\/\\\/diariofemenino.com.ar\\\/df\\\/exitoso-taller-de-trabajo-sobre-genero-y-trata-de-personas\\\/\"},\"author\":{\"name\":\"Admin\",\"@id\":\"https:\\\/\\\/diariofemenino.com.ar\\\/df\\\/#\\\/schema\\\/person\\\/38f54b3bfd13f561de2460ba95c169c6\"},\"headline\":\"Exitoso Taller de Trabajo sobre G\u00e9nero y Trata de Personas\",\"datePublished\":\"2012-11-21T02:52:20+00:00\",\"mainEntityOfPage\":{\"@id\":\"https:\\\/\\\/diariofemenino.com.ar\\\/df\\\/exitoso-taller-de-trabajo-sobre-genero-y-trata-de-personas\\\/\"},\"wordCount\":754,\"commentCount\":0,\"publisher\":{\"@id\":\"https:\\\/\\\/diariofemenino.com.ar\\\/df\\\/#organization\"},\"image\":{\"@id\":\"https:\\\/\\\/diariofemenino.com.ar\\\/df\\\/exitoso-taller-de-trabajo-sobre-genero-y-trata-de-personas\\\/#primaryimage\"},\"thumbnailUrl\":\"\",\"articleSection\":[\"Actividades\",\"Medios\",\"Trata de Pers.\"],\"inLanguage\":\"es\",\"potentialAction\":[{\"@type\":\"CommentAction\",\"name\":\"Comment\",\"target\":[\"https:\\\/\\\/diariofemenino.com.ar\\\/df\\\/exitoso-taller-de-trabajo-sobre-genero-y-trata-de-personas\\\/#respond\"]}]},{\"@type\":\"WebPage\",\"@id\":\"https:\\\/\\\/diariofemenino.com.ar\\\/df\\\/exitoso-taller-de-trabajo-sobre-genero-y-trata-de-personas\\\/\",\"url\":\"https:\\\/\\\/diariofemenino.com.ar\\\/df\\\/exitoso-taller-de-trabajo-sobre-genero-y-trata-de-personas\\\/\",\"name\":\"Exitoso Taller de Trabajo sobre G\u00e9nero y Trata de Personas - Diario Digital Femenino\",\"isPartOf\":{\"@id\":\"https:\\\/\\\/diariofemenino.com.ar\\\/df\\\/#website\"},\"primaryImageOfPage\":{\"@id\":\"https:\\\/\\\/diariofemenino.com.ar\\\/df\\\/exitoso-taller-de-trabajo-sobre-genero-y-trata-de-personas\\\/#primaryimage\"},\"image\":{\"@id\":\"https:\\\/\\\/diariofemenino.com.ar\\\/df\\\/exitoso-taller-de-trabajo-sobre-genero-y-trata-de-personas\\\/#primaryimage\"},\"thumbnailUrl\":\"\",\"datePublished\":\"2012-11-21T02:52:20+00:00\",\"breadcrumb\":{\"@id\":\"https:\\\/\\\/diariofemenino.com.ar\\\/df\\\/exitoso-taller-de-trabajo-sobre-genero-y-trata-de-personas\\\/#breadcrumb\"},\"inLanguage\":\"es\",\"potentialAction\":[{\"@type\":\"ReadAction\",\"target\":[\"https:\\\/\\\/diariofemenino.com.ar\\\/df\\\/exitoso-taller-de-trabajo-sobre-genero-y-trata-de-personas\\\/\"]}]},{\"@type\":\"ImageObject\",\"inLanguage\":\"es\",\"@id\":\"https:\\\/\\\/diariofemenino.com.ar\\\/df\\\/exitoso-taller-de-trabajo-sobre-genero-y-trata-de-personas\\\/#primaryimage\",\"url\":\"\",\"contentUrl\":\"\"},{\"@type\":\"BreadcrumbList\",\"@id\":\"https:\\\/\\\/diariofemenino.com.ar\\\/df\\\/exitoso-taller-de-trabajo-sobre-genero-y-trata-de-personas\\\/#breadcrumb\",\"itemListElement\":[{\"@type\":\"ListItem\",\"position\":1,\"name\":\"Portada\",\"item\":\"https:\\\/\\\/diariofemenino.com.ar\\\/df\\\/\"},{\"@type\":\"ListItem\",\"position\":2,\"name\":\"Exitoso Taller de Trabajo sobre G\u00e9nero y Trata de Personas\"}]},{\"@type\":\"WebSite\",\"@id\":\"https:\\\/\\\/diariofemenino.com.ar\\\/df\\\/#website\",\"url\":\"https:\\\/\\\/diariofemenino.com.ar\\\/df\\\/\",\"name\":\"Diario Digital Femenino\",\"description\":\"Cuesti\u00f3n de G\u00e9nero\",\"publisher\":{\"@id\":\"https:\\\/\\\/diariofemenino.com.ar\\\/df\\\/#organization\"},\"potentialAction\":[{\"@type\":\"SearchAction\",\"target\":{\"@type\":\"EntryPoint\",\"urlTemplate\":\"https:\\\/\\\/diariofemenino.com.ar\\\/df\\\/?s={search_term_string}\"},\"query-input\":{\"@type\":\"PropertyValueSpecification\",\"valueRequired\":true,\"valueName\":\"search_term_string\"}}],\"inLanguage\":\"es\"},{\"@type\":\"Organization\",\"@id\":\"https:\\\/\\\/diariofemenino.com.ar\\\/df\\\/#organization\",\"name\":\"Diario Femenino\",\"url\":\"https:\\\/\\\/diariofemenino.com.ar\\\/df\\\/\",\"logo\":{\"@type\":\"ImageObject\",\"inLanguage\":\"es\",\"@id\":\"https:\\\/\\\/diariofemenino.com.ar\\\/df\\\/#\\\/schema\\\/logo\\\/image\\\/\",\"url\":\"https:\\\/\\\/diariofemenino.com.ar\\\/df\\\/wp-content\\\/uploads\\\/2018\\\/10\\\/logo.png\",\"contentUrl\":\"https:\\\/\\\/diariofemenino.com.ar\\\/df\\\/wp-content\\\/uploads\\\/2018\\\/10\\\/logo.png\",\"width\":500,\"height\":92,\"caption\":\"Diario Femenino\"},\"image\":{\"@id\":\"https:\\\/\\\/diariofemenino.com.ar\\\/df\\\/#\\\/schema\\\/logo\\\/image\\\/\"},\"sameAs\":[\"https:\\\/\\\/www.facebook.com\\\/DiarioDigitaFemenino\\\/\",\"https:\\\/\\\/x.com\\\/DiarioFemenino1\"]},{\"@type\":\"Person\",\"@id\":\"https:\\\/\\\/diariofemenino.com.ar\\\/df\\\/#\\\/schema\\\/person\\\/38f54b3bfd13f561de2460ba95c169c6\",\"name\":\"Admin\",\"image\":{\"@type\":\"ImageObject\",\"inLanguage\":\"es\",\"@id\":\"https:\\\/\\\/diariofemenino.com.ar\\\/df\\\/wp-content\\\/uploads\\\/2018\\\/12\\\/favicon-150x150.jpg\",\"url\":\"https:\\\/\\\/diariofemenino.com.ar\\\/df\\\/wp-content\\\/uploads\\\/2018\\\/12\\\/favicon-150x150.jpg\",\"contentUrl\":\"https:\\\/\\\/diariofemenino.com.ar\\\/df\\\/wp-content\\\/uploads\\\/2018\\\/12\\\/favicon-150x150.jpg\",\"caption\":\"Admin\"},\"url\":\"https:\\\/\\\/diariofemenino.com.ar\\\/df\\\/author\\\/adm18df\\\/\"}]}<\/script>\n<!-- \/ Yoast SEO plugin. -->","yoast_head_json":{"title":"Exitoso Taller de Trabajo sobre G\u00e9nero y Trata de Personas - Diario Digital Femenino","robots":{"index":"index","follow":"follow","max-snippet":"max-snippet:-1","max-image-preview":"max-image-preview:large","max-video-preview":"max-video-preview:-1"},"canonical":"https:\/\/diariofemenino.com.ar\/df\/exitoso-taller-de-trabajo-sobre-genero-y-trata-de-personas\/","og_locale":"es_ES","og_type":"article","og_title":"Exitoso Taller de Trabajo sobre G\u00e9nero y Trata de Personas - Diario Digital Femenino","og_description":"&nbsp; &nbsp; La gesti\u00f3n municipal de Camau Esp\u00ednola, en el marco de un Convenio subscripto oportunamente con la Corte Suprema de Justicia, inaugur\u00f3 un Taller de Trabajo destinado a dise\u00f1ar y desarrollar acciones sobre la perspectiva de g\u00e9nero y para prevenir el delito de trata de personas con fines de explotaci\u00f3n sexual. Participaron, adem\u00e1s de [&hellip;]","og_url":"https:\/\/diariofemenino.com.ar\/df\/exitoso-taller-de-trabajo-sobre-genero-y-trata-de-personas\/","og_site_name":"Diario Digital Femenino","article_publisher":"https:\/\/www.facebook.com\/DiarioDigitaFemenino\/","article_published_time":"2012-11-21T02:52:20+00:00","og_image":[{"width":855,"height":319,"url":"https:\/\/diariofemenino.com.ar\/df\/wp-content\/uploads\/2016\/10\/logo-negro.png","type":"image\/png"}],"author":"Admin","twitter_card":"summary_large_image","twitter_creator":"@DiarioFemenino1","twitter_site":"@DiarioFemenino1","twitter_misc":{"Escrito por":"Admin","Tiempo de lectura":"4 minutos"},"schema":{"@context":"https:\/\/schema.org","@graph":[{"@type":"Article","@id":"https:\/\/diariofemenino.com.ar\/df\/exitoso-taller-de-trabajo-sobre-genero-y-trata-de-personas\/#article","isPartOf":{"@id":"https:\/\/diariofemenino.com.ar\/df\/exitoso-taller-de-trabajo-sobre-genero-y-trata-de-personas\/"},"author":{"name":"Admin","@id":"https:\/\/diariofemenino.com.ar\/df\/#\/schema\/person\/38f54b3bfd13f561de2460ba95c169c6"},"headline":"Exitoso Taller de Trabajo sobre G\u00e9nero y Trata de Personas","datePublished":"2012-11-21T02:52:20+00:00","mainEntityOfPage":{"@id":"https:\/\/diariofemenino.com.ar\/df\/exitoso-taller-de-trabajo-sobre-genero-y-trata-de-personas\/"},"wordCount":754,"commentCount":0,"publisher":{"@id":"https:\/\/diariofemenino.com.ar\/df\/#organization"},"image":{"@id":"https:\/\/diariofemenino.com.ar\/df\/exitoso-taller-de-trabajo-sobre-genero-y-trata-de-personas\/#primaryimage"},"thumbnailUrl":"","articleSection":["Actividades","Medios","Trata de Pers."],"inLanguage":"es","potentialAction":[{"@type":"CommentAction","name":"Comment","target":["https:\/\/diariofemenino.com.ar\/df\/exitoso-taller-de-trabajo-sobre-genero-y-trata-de-personas\/#respond"]}]},{"@type":"WebPage","@id":"https:\/\/diariofemenino.com.ar\/df\/exitoso-taller-de-trabajo-sobre-genero-y-trata-de-personas\/","url":"https:\/\/diariofemenino.com.ar\/df\/exitoso-taller-de-trabajo-sobre-genero-y-trata-de-personas\/","name":"Exitoso Taller de Trabajo sobre G\u00e9nero y Trata de Personas - Diario Digital Femenino","isPartOf":{"@id":"https:\/\/diariofemenino.com.ar\/df\/#website"},"primaryImageOfPage":{"@id":"https:\/\/diariofemenino.com.ar\/df\/exitoso-taller-de-trabajo-sobre-genero-y-trata-de-personas\/#primaryimage"},"image":{"@id":"https:\/\/diariofemenino.com.ar\/df\/exitoso-taller-de-trabajo-sobre-genero-y-trata-de-personas\/#primaryimage"},"thumbnailUrl":"","datePublished":"2012-11-21T02:52:20+00:00","breadcrumb":{"@id":"https:\/\/diariofemenino.com.ar\/df\/exitoso-taller-de-trabajo-sobre-genero-y-trata-de-personas\/#breadcrumb"},"inLanguage":"es","potentialAction":[{"@type":"ReadAction","target":["https:\/\/diariofemenino.com.ar\/df\/exitoso-taller-de-trabajo-sobre-genero-y-trata-de-personas\/"]}]},{"@type":"ImageObject","inLanguage":"es","@id":"https:\/\/diariofemenino.com.ar\/df\/exitoso-taller-de-trabajo-sobre-genero-y-trata-de-personas\/#primaryimage","url":"","contentUrl":""},{"@type":"BreadcrumbList","@id":"https:\/\/diariofemenino.com.ar\/df\/exitoso-taller-de-trabajo-sobre-genero-y-trata-de-personas\/#breadcrumb","itemListElement":[{"@type":"ListItem","position":1,"name":"Portada","item":"https:\/\/diariofemenino.com.ar\/df\/"},{"@type":"ListItem","position":2,"name":"Exitoso Taller de Trabajo sobre G\u00e9nero y Trata de Personas"}]},{"@type":"WebSite","@id":"https:\/\/diariofemenino.com.ar\/df\/#website","url":"https:\/\/diariofemenino.com.ar\/df\/","name":"Diario Digital Femenino","description":"Cuesti\u00f3n de G\u00e9nero","publisher":{"@id":"https:\/\/diariofemenino.com.ar\/df\/#organization"},"potentialAction":[{"@type":"SearchAction","target":{"@type":"EntryPoint","urlTemplate":"https:\/\/diariofemenino.com.ar\/df\/?s={search_term_string}"},"query-input":{"@type":"PropertyValueSpecification","valueRequired":true,"valueName":"search_term_string"}}],"inLanguage":"es"},{"@type":"Organization","@id":"https:\/\/diariofemenino.com.ar\/df\/#organization","name":"Diario Femenino","url":"https:\/\/diariofemenino.com.ar\/df\/","logo":{"@type":"ImageObject","inLanguage":"es","@id":"https:\/\/diariofemenino.com.ar\/df\/#\/schema\/logo\/image\/","url":"https:\/\/diariofemenino.com.ar\/df\/wp-content\/uploads\/2018\/10\/logo.png","contentUrl":"https:\/\/diariofemenino.com.ar\/df\/wp-content\/uploads\/2018\/10\/logo.png","width":500,"height":92,"caption":"Diario Femenino"},"image":{"@id":"https:\/\/diariofemenino.com.ar\/df\/#\/schema\/logo\/image\/"},"sameAs":["https:\/\/www.facebook.com\/DiarioDigitaFemenino\/","https:\/\/x.com\/DiarioFemenino1"]},{"@type":"Person","@id":"https:\/\/diariofemenino.com.ar\/df\/#\/schema\/person\/38f54b3bfd13f561de2460ba95c169c6","name":"Admin","image":{"@type":"ImageObject","inLanguage":"es","@id":"https:\/\/diariofemenino.com.ar\/df\/wp-content\/uploads\/2018\/12\/favicon-150x150.jpg","url":"https:\/\/diariofemenino.com.ar\/df\/wp-content\/uploads\/2018\/12\/favicon-150x150.jpg","contentUrl":"https:\/\/diariofemenino.com.ar\/df\/wp-content\/uploads\/2018\/12\/favicon-150x150.jpg","caption":"Admin"},"url":"https:\/\/diariofemenino.com.ar\/df\/author\/adm18df\/"}]}},"jetpack_featured_media_url":"","jetpack_sharing_enabled":true,"rttpg_featured_image_url":null,"rttpg_author":{"display_name":"Admin","author_link":"https:\/\/diariofemenino.com.ar\/df\/author\/adm18df\/"},"rttpg_comment":0,"rttpg_category":"<a href=\"https:\/\/diariofemenino.com.ar\/df\/category\/actividades\/\" rel=\"category tag\">Actividades<\/a> <a href=\"https:\/\/diariofemenino.com.ar\/df\/category\/medios\/\" rel=\"category tag\">Medios<\/a> <a href=\"https:\/\/diariofemenino.com.ar\/df\/category\/trata-de-personas\/\" rel=\"category tag\">Trata de Pers.<\/a>","rttpg_excerpt":"&nbsp; &nbsp; La gesti\u00f3n municipal de Camau Esp\u00ednola, en el marco de un Convenio subscripto oportunamente con la Corte Suprema de Justicia, inaugur\u00f3 un Taller de Trabajo destinado a dise\u00f1ar y desarrollar acciones sobre la perspectiva de g\u00e9nero y para prevenir el delito de trata de personas con fines de explotaci\u00f3n sexual. Participaron, adem\u00e1s de&hellip;","_links":{"self":[{"href":"https:\/\/diariofemenino.com.ar\/df\/wp-json\/wp\/v2\/posts\/4933","targetHints":{"allow":["GET"]}}],"collection":[{"href":"https:\/\/diariofemenino.com.ar\/df\/wp-json\/wp\/v2\/posts"}],"about":[{"href":"https:\/\/diariofemenino.com.ar\/df\/wp-json\/wp\/v2\/types\/post"}],"author":[{"embeddable":true,"href":"https:\/\/diariofemenino.com.ar\/df\/wp-json\/wp\/v2\/users\/1"}],"replies":[{"embeddable":true,"href":"https:\/\/diariofemenino.com.ar\/df\/wp-json\/wp\/v2\/comments?post=4933"}],"version-history":[{"count":0,"href":"https:\/\/diariofemenino.com.ar\/df\/wp-json\/wp\/v2\/posts\/4933\/revisions"}],"wp:featuredmedia":[{"embeddable":true,"href":"https:\/\/diariofemenino.com.ar\/df\/wp-json\/"}],"wp:attachment":[{"href":"https:\/\/diariofemenino.com.ar\/df\/wp-json\/wp\/v2\/media?parent=4933"}],"wp:term":[{"taxonomy":"category","embeddable":true,"href":"https:\/\/diariofemenino.com.ar\/df\/wp-json\/wp\/v2\/categories?post=4933"},{"taxonomy":"post_tag","embeddable":true,"href":"https:\/\/diariofemenino.com.ar\/df\/wp-json\/wp\/v2\/tags?post=4933"}],"curies":[{"name":"wp","href":"https:\/\/api.w.org\/{rel}","templated":true}]}}