{"id":4932,"date":"2012-11-20T23:52:05","date_gmt":"2012-11-21T02:52:05","guid":{"rendered":"http:\/\/www.diariofemenino.com.ar\/?p=4932"},"modified":"2012-11-20T23:52:05","modified_gmt":"2012-11-21T02:52:05","slug":"fideicomiso-de-onu-para-victimas-de-trafico-de-personas-pide-apoyo-para-ninos","status":"publish","type":"post","link":"https:\/\/diariofemenino.com.ar\/df\/fideicomiso-de-onu-para-victimas-de-trafico-de-personas-pide-apoyo-para-ninos\/","title":{"rendered":"Fideicomiso de ONU para v\u00edctimas de tr\u00e1fico de personas pide apoyo para ni\u00f1os"},"content":{"rendered":"<p>&nbsp;<br \/>\n&nbsp;<br \/>\n&nbsp;<br \/>\n&nbsp;<\/p>\n<p id=\"subtitle\"><strong>El Fondo Fiduciario de Naciones Unidas para las V\u00edctimas de la Trata de Personas pidi\u00f3 hoy apoyo para los ni\u00f1os, durante el D\u00eda Universal del Ni\u00f1o de Naciones Unidas<\/strong><\/p>\n<p>El Fondo Fiduciario de Naciones Unidas para las V\u00edctimas de la Trata de Personas pidi\u00f3 hoy apoyo para los ni\u00f1os, durante el D\u00eda Universal del Ni\u00f1o de Naciones Unidas.<br \/>\nLa junta de administradores del fondo dijo que \u00abdesea pedir una respuesta espec\u00edfica e inmediata a la dif\u00edcil situaci\u00f3n de millones de ni\u00f1os alrededor del mundo a quienes se les han negado sus derechos fundamentales\u00bb.<br \/>\nLos administradores dijeron que muchas ni\u00f1as y ni\u00f1os alrededor del mundo son v\u00edctimas de la trata de personas, frecuentemente como resultado del trabajo infantil, la explotaci\u00f3n sexual y la participaci\u00f3n forzada en actividades ilegales.<br \/>\nEl fideicomiso fue establecido en 2010 con el objetivo de proporcionar ayuda humanitaria, legal y financiera a las v\u00edctimas de la trata de personas, declar\u00f3 en un comunicado el Servicio de Informaci\u00f3n de Naciones Unidas (SINU).<br \/>\nA trav\u00e9s del \u00abPrograma de Peque\u00f1as Subvenciones\u00bb, el fondo otorga subvenciones de varios a\u00f1os de hasta 25.000 d\u00f3lares al a\u00f1o a organizaciones a nivel popular de todo el mundo que ayudan en la protecci\u00f3n de los ni\u00f1os en situaciones vulnerables.<br \/>\nLos administradores del fondo han pedido ayuda a otras agencias de la ONU, as\u00ed como a gobiernos, el sector privado e individuos.<br \/>\n&nbsp;<br \/>\n&nbsp;<br \/>\n&nbsp;<br \/>\n&nbsp;<\/p>\n","protected":false},"excerpt":{"rendered":"<p>&nbsp; &nbsp; &nbsp; &nbsp; El Fondo Fiduciario de Naciones Unidas para las V\u00edctimas de la Trata de Personas pidi\u00f3 hoy apoyo para los ni\u00f1os, durante el D\u00eda Universal del Ni\u00f1o de Naciones Unidas El Fondo Fiduciario de Naciones Unidas para las V\u00edctimas de la Trata de Personas pidi\u00f3 hoy apoyo para los ni\u00f1os, durante el [&hellip;]<\/p>\n","protected":false},"author":1,"featured_media":0,"comment_status":"open","ping_status":"open","sticky":false,"template":"","format":"standard","meta":{"iawp_total_views":5,"footnotes":""},"categories":[3,4,21],"tags":[],"class_list":["post-4932","post","type-post","status-publish","format-standard","hentry","category-de-la-revolucion-al-reaprendizaje","category-medios","category-noticias"],"nelio_content":{"autoShareEndMode":"never","automationSources":{"useCustomSentences":false,"customSentences":[]},"efiAlt":"","efiUrl":"","followers":[],"highlights":[],"isAutoShareEnabled":true,"networkImageIds":[],"permalinkQueryArgs":[],"series":[],"suggestedReferences":[]},"yoast_head":"<!-- This site is optimized with the Yoast SEO plugin v27.4 - https:\/\/yoast.com\/product\/yoast-seo-wordpress\/ -->\n<title>Fideicomiso de ONU para v\u00edctimas de tr\u00e1fico de personas pide apoyo para ni\u00f1os - Diario Digital Femenino<\/title>\n<meta name=\"robots\" content=\"index, follow, max-snippet:-1, max-image-preview:large, max-video-preview:-1\" \/>\n<link rel=\"canonical\" href=\"https:\/\/diariofemenino.com.ar\/df\/fideicomiso-de-onu-para-victimas-de-trafico-de-personas-pide-apoyo-para-ninos\/\" \/>\n<meta property=\"og:locale\" content=\"es_ES\" \/>\n<meta property=\"og:type\" content=\"article\" \/>\n<meta property=\"og:title\" content=\"Fideicomiso de ONU para v\u00edctimas de tr\u00e1fico de personas pide apoyo para ni\u00f1os - Diario Digital Femenino\" \/>\n<meta property=\"og:description\" content=\"&nbsp; &nbsp; &nbsp; &nbsp; El Fondo Fiduciario de Naciones Unidas para las V\u00edctimas de la Trata de Personas pidi\u00f3 hoy apoyo para los ni\u00f1os, durante el D\u00eda Universal del Ni\u00f1o de Naciones Unidas El Fondo Fiduciario de Naciones Unidas para las V\u00edctimas de la Trata de Personas pidi\u00f3 hoy apoyo para los ni\u00f1os, durante el [&hellip;]\" \/>\n<meta property=\"og:url\" content=\"https:\/\/diariofemenino.com.ar\/df\/fideicomiso-de-onu-para-victimas-de-trafico-de-personas-pide-apoyo-para-ninos\/\" \/>\n<meta property=\"og:site_name\" content=\"Diario Digital Femenino\" \/>\n<meta property=\"article:publisher\" content=\"https:\/\/www.facebook.com\/DiarioDigitaFemenino\/\" \/>\n<meta property=\"article:published_time\" content=\"2012-11-21T02:52:05+00:00\" \/>\n<meta property=\"og:image\" content=\"https:\/\/diariofemenino.com.ar\/df\/wp-content\/uploads\/2016\/10\/logo-negro.png\" \/>\n\t<meta property=\"og:image:width\" content=\"855\" \/>\n\t<meta property=\"og:image:height\" content=\"319\" \/>\n\t<meta property=\"og:image:type\" content=\"image\/png\" \/>\n<meta name=\"author\" content=\"Admin\" \/>\n<meta name=\"twitter:card\" content=\"summary_large_image\" \/>\n<meta name=\"twitter:creator\" content=\"@DiarioFemenino1\" \/>\n<meta name=\"twitter:site\" content=\"@DiarioFemenino1\" \/>\n<meta name=\"twitter:label1\" content=\"Escrito por\" \/>\n\t<meta name=\"twitter:data1\" content=\"Admin\" \/>\n\t<meta name=\"twitter:label2\" content=\"Tiempo de lectura\" \/>\n\t<meta name=\"twitter:data2\" content=\"1 minuto\" \/>\n<script type=\"application\/ld+json\" class=\"yoast-schema-graph\">{\"@context\":\"https:\\\/\\\/schema.org\",\"@graph\":[{\"@type\":\"Article\",\"@id\":\"https:\\\/\\\/diariofemenino.com.ar\\\/df\\\/fideicomiso-de-onu-para-victimas-de-trafico-de-personas-pide-apoyo-para-ninos\\\/#article\",\"isPartOf\":{\"@id\":\"https:\\\/\\\/diariofemenino.com.ar\\\/df\\\/fideicomiso-de-onu-para-victimas-de-trafico-de-personas-pide-apoyo-para-ninos\\\/\"},\"author\":{\"name\":\"Admin\",\"@id\":\"https:\\\/\\\/diariofemenino.com.ar\\\/df\\\/#\\\/schema\\\/person\\\/38f54b3bfd13f561de2460ba95c169c6\"},\"headline\":\"Fideicomiso de ONU para v\u00edctimas de tr\u00e1fico de personas pide apoyo para ni\u00f1os\",\"datePublished\":\"2012-11-21T02:52:05+00:00\",\"mainEntityOfPage\":{\"@id\":\"https:\\\/\\\/diariofemenino.com.ar\\\/df\\\/fideicomiso-de-onu-para-victimas-de-trafico-de-personas-pide-apoyo-para-ninos\\\/\"},\"wordCount\":273,\"commentCount\":0,\"publisher\":{\"@id\":\"https:\\\/\\\/diariofemenino.com.ar\\\/df\\\/#organization\"},\"articleSection\":[\"De la Revoluci\u00f3n al Reaprendizaje\",\"Medios\",\"Noticias\"],\"inLanguage\":\"es\",\"potentialAction\":[{\"@type\":\"CommentAction\",\"name\":\"Comment\",\"target\":[\"https:\\\/\\\/diariofemenino.com.ar\\\/df\\\/fideicomiso-de-onu-para-victimas-de-trafico-de-personas-pide-apoyo-para-ninos\\\/#respond\"]}]},{\"@type\":\"WebPage\",\"@id\":\"https:\\\/\\\/diariofemenino.com.ar\\\/df\\\/fideicomiso-de-onu-para-victimas-de-trafico-de-personas-pide-apoyo-para-ninos\\\/\",\"url\":\"https:\\\/\\\/diariofemenino.com.ar\\\/df\\\/fideicomiso-de-onu-para-victimas-de-trafico-de-personas-pide-apoyo-para-ninos\\\/\",\"name\":\"Fideicomiso de ONU para v\u00edctimas de tr\u00e1fico de personas pide apoyo para ni\u00f1os - Diario Digital Femenino\",\"isPartOf\":{\"@id\":\"https:\\\/\\\/diariofemenino.com.ar\\\/df\\\/#website\"},\"datePublished\":\"2012-11-21T02:52:05+00:00\",\"breadcrumb\":{\"@id\":\"https:\\\/\\\/diariofemenino.com.ar\\\/df\\\/fideicomiso-de-onu-para-victimas-de-trafico-de-personas-pide-apoyo-para-ninos\\\/#breadcrumb\"},\"inLanguage\":\"es\",\"potentialAction\":[{\"@type\":\"ReadAction\",\"target\":[\"https:\\\/\\\/diariofemenino.com.ar\\\/df\\\/fideicomiso-de-onu-para-victimas-de-trafico-de-personas-pide-apoyo-para-ninos\\\/\"]}]},{\"@type\":\"BreadcrumbList\",\"@id\":\"https:\\\/\\\/diariofemenino.com.ar\\\/df\\\/fideicomiso-de-onu-para-victimas-de-trafico-de-personas-pide-apoyo-para-ninos\\\/#breadcrumb\",\"itemListElement\":[{\"@type\":\"ListItem\",\"position\":1,\"name\":\"Portada\",\"item\":\"https:\\\/\\\/diariofemenino.com.ar\\\/df\\\/\"},{\"@type\":\"ListItem\",\"position\":2,\"name\":\"Fideicomiso de ONU para v\u00edctimas de tr\u00e1fico de personas pide apoyo para ni\u00f1os\"}]},{\"@type\":\"WebSite\",\"@id\":\"https:\\\/\\\/diariofemenino.com.ar\\\/df\\\/#website\",\"url\":\"https:\\\/\\\/diariofemenino.com.ar\\\/df\\\/\",\"name\":\"Diario Digital Femenino\",\"description\":\"Cuesti\u00f3n de G\u00e9nero\",\"publisher\":{\"@id\":\"https:\\\/\\\/diariofemenino.com.ar\\\/df\\\/#organization\"},\"potentialAction\":[{\"@type\":\"SearchAction\",\"target\":{\"@type\":\"EntryPoint\",\"urlTemplate\":\"https:\\\/\\\/diariofemenino.com.ar\\\/df\\\/?s={search_term_string}\"},\"query-input\":{\"@type\":\"PropertyValueSpecification\",\"valueRequired\":true,\"valueName\":\"search_term_string\"}}],\"inLanguage\":\"es\"},{\"@type\":\"Organization\",\"@id\":\"https:\\\/\\\/diariofemenino.com.ar\\\/df\\\/#organization\",\"name\":\"Diario Femenino\",\"url\":\"https:\\\/\\\/diariofemenino.com.ar\\\/df\\\/\",\"logo\":{\"@type\":\"ImageObject\",\"inLanguage\":\"es\",\"@id\":\"https:\\\/\\\/diariofemenino.com.ar\\\/df\\\/#\\\/schema\\\/logo\\\/image\\\/\",\"url\":\"https:\\\/\\\/diariofemenino.com.ar\\\/df\\\/wp-content\\\/uploads\\\/2018\\\/10\\\/logo.png\",\"contentUrl\":\"https:\\\/\\\/diariofemenino.com.ar\\\/df\\\/wp-content\\\/uploads\\\/2018\\\/10\\\/logo.png\",\"width\":500,\"height\":92,\"caption\":\"Diario Femenino\"},\"image\":{\"@id\":\"https:\\\/\\\/diariofemenino.com.ar\\\/df\\\/#\\\/schema\\\/logo\\\/image\\\/\"},\"sameAs\":[\"https:\\\/\\\/www.facebook.com\\\/DiarioDigitaFemenino\\\/\",\"https:\\\/\\\/x.com\\\/DiarioFemenino1\"]},{\"@type\":\"Person\",\"@id\":\"https:\\\/\\\/diariofemenino.com.ar\\\/df\\\/#\\\/schema\\\/person\\\/38f54b3bfd13f561de2460ba95c169c6\",\"name\":\"Admin\",\"image\":{\"@type\":\"ImageObject\",\"inLanguage\":\"es\",\"@id\":\"https:\\\/\\\/diariofemenino.com.ar\\\/df\\\/wp-content\\\/uploads\\\/2018\\\/12\\\/favicon-150x150.jpg\",\"url\":\"https:\\\/\\\/diariofemenino.com.ar\\\/df\\\/wp-content\\\/uploads\\\/2018\\\/12\\\/favicon-150x150.jpg\",\"contentUrl\":\"https:\\\/\\\/diariofemenino.com.ar\\\/df\\\/wp-content\\\/uploads\\\/2018\\\/12\\\/favicon-150x150.jpg\",\"caption\":\"Admin\"},\"url\":\"https:\\\/\\\/diariofemenino.com.ar\\\/df\\\/author\\\/adm18df\\\/\"}]}<\/script>\n<!-- \/ Yoast SEO plugin. -->","yoast_head_json":{"title":"Fideicomiso de ONU para v\u00edctimas de tr\u00e1fico de personas pide apoyo para ni\u00f1os - Diario Digital Femenino","robots":{"index":"index","follow":"follow","max-snippet":"max-snippet:-1","max-image-preview":"max-image-preview:large","max-video-preview":"max-video-preview:-1"},"canonical":"https:\/\/diariofemenino.com.ar\/df\/fideicomiso-de-onu-para-victimas-de-trafico-de-personas-pide-apoyo-para-ninos\/","og_locale":"es_ES","og_type":"article","og_title":"Fideicomiso de ONU para v\u00edctimas de tr\u00e1fico de personas pide apoyo para ni\u00f1os - Diario Digital Femenino","og_description":"&nbsp; &nbsp; &nbsp; &nbsp; El Fondo Fiduciario de Naciones Unidas para las V\u00edctimas de la Trata de Personas pidi\u00f3 hoy apoyo para los ni\u00f1os, durante el D\u00eda Universal del Ni\u00f1o de Naciones Unidas El Fondo Fiduciario de Naciones Unidas para las V\u00edctimas de la Trata de Personas pidi\u00f3 hoy apoyo para los ni\u00f1os, durante el [&hellip;]","og_url":"https:\/\/diariofemenino.com.ar\/df\/fideicomiso-de-onu-para-victimas-de-trafico-de-personas-pide-apoyo-para-ninos\/","og_site_name":"Diario Digital Femenino","article_publisher":"https:\/\/www.facebook.com\/DiarioDigitaFemenino\/","article_published_time":"2012-11-21T02:52:05+00:00","og_image":[{"width":855,"height":319,"url":"https:\/\/diariofemenino.com.ar\/df\/wp-content\/uploads\/2016\/10\/logo-negro.png","type":"image\/png"}],"author":"Admin","twitter_card":"summary_large_image","twitter_creator":"@DiarioFemenino1","twitter_site":"@DiarioFemenino1","twitter_misc":{"Escrito por":"Admin","Tiempo de lectura":"1 minuto"},"schema":{"@context":"https:\/\/schema.org","@graph":[{"@type":"Article","@id":"https:\/\/diariofemenino.com.ar\/df\/fideicomiso-de-onu-para-victimas-de-trafico-de-personas-pide-apoyo-para-ninos\/#article","isPartOf":{"@id":"https:\/\/diariofemenino.com.ar\/df\/fideicomiso-de-onu-para-victimas-de-trafico-de-personas-pide-apoyo-para-ninos\/"},"author":{"name":"Admin","@id":"https:\/\/diariofemenino.com.ar\/df\/#\/schema\/person\/38f54b3bfd13f561de2460ba95c169c6"},"headline":"Fideicomiso de ONU para v\u00edctimas de tr\u00e1fico de personas pide apoyo para ni\u00f1os","datePublished":"2012-11-21T02:52:05+00:00","mainEntityOfPage":{"@id":"https:\/\/diariofemenino.com.ar\/df\/fideicomiso-de-onu-para-victimas-de-trafico-de-personas-pide-apoyo-para-ninos\/"},"wordCount":273,"commentCount":0,"publisher":{"@id":"https:\/\/diariofemenino.com.ar\/df\/#organization"},"articleSection":["De la Revoluci\u00f3n al Reaprendizaje","Medios","Noticias"],"inLanguage":"es","potentialAction":[{"@type":"CommentAction","name":"Comment","target":["https:\/\/diariofemenino.com.ar\/df\/fideicomiso-de-onu-para-victimas-de-trafico-de-personas-pide-apoyo-para-ninos\/#respond"]}]},{"@type":"WebPage","@id":"https:\/\/diariofemenino.com.ar\/df\/fideicomiso-de-onu-para-victimas-de-trafico-de-personas-pide-apoyo-para-ninos\/","url":"https:\/\/diariofemenino.com.ar\/df\/fideicomiso-de-onu-para-victimas-de-trafico-de-personas-pide-apoyo-para-ninos\/","name":"Fideicomiso de ONU para v\u00edctimas de tr\u00e1fico de personas pide apoyo para ni\u00f1os - Diario Digital Femenino","isPartOf":{"@id":"https:\/\/diariofemenino.com.ar\/df\/#website"},"datePublished":"2012-11-21T02:52:05+00:00","breadcrumb":{"@id":"https:\/\/diariofemenino.com.ar\/df\/fideicomiso-de-onu-para-victimas-de-trafico-de-personas-pide-apoyo-para-ninos\/#breadcrumb"},"inLanguage":"es","potentialAction":[{"@type":"ReadAction","target":["https:\/\/diariofemenino.com.ar\/df\/fideicomiso-de-onu-para-victimas-de-trafico-de-personas-pide-apoyo-para-ninos\/"]}]},{"@type":"BreadcrumbList","@id":"https:\/\/diariofemenino.com.ar\/df\/fideicomiso-de-onu-para-victimas-de-trafico-de-personas-pide-apoyo-para-ninos\/#breadcrumb","itemListElement":[{"@type":"ListItem","position":1,"name":"Portada","item":"https:\/\/diariofemenino.com.ar\/df\/"},{"@type":"ListItem","position":2,"name":"Fideicomiso de ONU para v\u00edctimas de tr\u00e1fico de personas pide apoyo para ni\u00f1os"}]},{"@type":"WebSite","@id":"https:\/\/diariofemenino.com.ar\/df\/#website","url":"https:\/\/diariofemenino.com.ar\/df\/","name":"Diario Digital Femenino","description":"Cuesti\u00f3n de G\u00e9nero","publisher":{"@id":"https:\/\/diariofemenino.com.ar\/df\/#organization"},"potentialAction":[{"@type":"SearchAction","target":{"@type":"EntryPoint","urlTemplate":"https:\/\/diariofemenino.com.ar\/df\/?s={search_term_string}"},"query-input":{"@type":"PropertyValueSpecification","valueRequired":true,"valueName":"search_term_string"}}],"inLanguage":"es"},{"@type":"Organization","@id":"https:\/\/diariofemenino.com.ar\/df\/#organization","name":"Diario Femenino","url":"https:\/\/diariofemenino.com.ar\/df\/","logo":{"@type":"ImageObject","inLanguage":"es","@id":"https:\/\/diariofemenino.com.ar\/df\/#\/schema\/logo\/image\/","url":"https:\/\/diariofemenino.com.ar\/df\/wp-content\/uploads\/2018\/10\/logo.png","contentUrl":"https:\/\/diariofemenino.com.ar\/df\/wp-content\/uploads\/2018\/10\/logo.png","width":500,"height":92,"caption":"Diario Femenino"},"image":{"@id":"https:\/\/diariofemenino.com.ar\/df\/#\/schema\/logo\/image\/"},"sameAs":["https:\/\/www.facebook.com\/DiarioDigitaFemenino\/","https:\/\/x.com\/DiarioFemenino1"]},{"@type":"Person","@id":"https:\/\/diariofemenino.com.ar\/df\/#\/schema\/person\/38f54b3bfd13f561de2460ba95c169c6","name":"Admin","image":{"@type":"ImageObject","inLanguage":"es","@id":"https:\/\/diariofemenino.com.ar\/df\/wp-content\/uploads\/2018\/12\/favicon-150x150.jpg","url":"https:\/\/diariofemenino.com.ar\/df\/wp-content\/uploads\/2018\/12\/favicon-150x150.jpg","contentUrl":"https:\/\/diariofemenino.com.ar\/df\/wp-content\/uploads\/2018\/12\/favicon-150x150.jpg","caption":"Admin"},"url":"https:\/\/diariofemenino.com.ar\/df\/author\/adm18df\/"}]}},"jetpack_featured_media_url":"","jetpack_sharing_enabled":true,"rttpg_featured_image_url":null,"rttpg_author":{"display_name":"Admin","author_link":"https:\/\/diariofemenino.com.ar\/df\/author\/adm18df\/"},"rttpg_comment":0,"rttpg_category":"<a href=\"https:\/\/diariofemenino.com.ar\/df\/category\/de-la-revolucion-al-reaprendizaje\/\" rel=\"category tag\">De la Revoluci\u00f3n al Reaprendizaje<\/a> <a href=\"https:\/\/diariofemenino.com.ar\/df\/category\/medios\/\" rel=\"category tag\">Medios<\/a> <a href=\"https:\/\/diariofemenino.com.ar\/df\/category\/noticias\/\" rel=\"category tag\">Noticias<\/a>","rttpg_excerpt":"&nbsp; &nbsp; &nbsp; &nbsp; El Fondo Fiduciario de Naciones Unidas para las V\u00edctimas de la Trata de Personas pidi\u00f3 hoy apoyo para los ni\u00f1os, durante el D\u00eda Universal del Ni\u00f1o de Naciones Unidas El Fondo Fiduciario de Naciones Unidas para las V\u00edctimas de la Trata de Personas pidi\u00f3 hoy apoyo para los ni\u00f1os, durante el&hellip;","_links":{"self":[{"href":"https:\/\/diariofemenino.com.ar\/df\/wp-json\/wp\/v2\/posts\/4932","targetHints":{"allow":["GET"]}}],"collection":[{"href":"https:\/\/diariofemenino.com.ar\/df\/wp-json\/wp\/v2\/posts"}],"about":[{"href":"https:\/\/diariofemenino.com.ar\/df\/wp-json\/wp\/v2\/types\/post"}],"author":[{"embeddable":true,"href":"https:\/\/diariofemenino.com.ar\/df\/wp-json\/wp\/v2\/users\/1"}],"replies":[{"embeddable":true,"href":"https:\/\/diariofemenino.com.ar\/df\/wp-json\/wp\/v2\/comments?post=4932"}],"version-history":[{"count":0,"href":"https:\/\/diariofemenino.com.ar\/df\/wp-json\/wp\/v2\/posts\/4932\/revisions"}],"wp:attachment":[{"href":"https:\/\/diariofemenino.com.ar\/df\/wp-json\/wp\/v2\/media?parent=4932"}],"wp:term":[{"taxonomy":"category","embeddable":true,"href":"https:\/\/diariofemenino.com.ar\/df\/wp-json\/wp\/v2\/categories?post=4932"},{"taxonomy":"post_tag","embeddable":true,"href":"https:\/\/diariofemenino.com.ar\/df\/wp-json\/wp\/v2\/tags?post=4932"}],"curies":[{"name":"wp","href":"https:\/\/api.w.org\/{rel}","templated":true}]}}