{"id":4929,"date":"2012-11-20T23:12:54","date_gmt":"2012-11-21T02:12:54","guid":{"rendered":"http:\/\/www.diariofemenino.com.ar\/?p=4929"},"modified":"2012-11-20T23:12:54","modified_gmt":"2012-11-21T02:12:54","slug":"comunicado-de-la-consavig-violencia-simbolica","status":"publish","type":"post","link":"https:\/\/diariofemenino.com.ar\/df\/comunicado-de-la-consavig-violencia-simbolica\/","title":{"rendered":"COMUNICADO DE LA CONSAVIG &#8211; VIOLENCIA SIMBOLICA"},"content":{"rendered":"<p>&nbsp;<br \/>\n&nbsp;<br \/>\n&nbsp;<br \/>\n&nbsp;<br \/>\n&nbsp;<br \/>\n<strong>DESFILE DE MODAS<\/strong><br \/>\nHabiendo tomado conocimiento que el Consejo Provincial de la Mujer de la Provincia de Corrientes est\u00e1 organizando un\u00a0<strong>desfile de modas<\/strong>\u00a0por el \u201cNO a la Violencia Contra las Mujeres\u201d, la CONSAVIG (Comisi\u00f3n Nacional Coordinadora de Acciones para la Elaboraci\u00f3n de Sanciones de la Violencia de G\u00e9nero) comparte su inquietud en tanto una actividad de ese tipo reproduce estereotipos y contribuye a instalar una representaci\u00f3n un\u00edvoca de las mujeres conforme la cual se hace foco en la apariencia f\u00edsica de las mismas y no en sus cualidades subjetivas.<br \/>\nLa CONSAVIG trabaja reforzando los enunciados de la Ley N\u00b026.485 de Protecci\u00f3n Integral a las Mujeres por lo que estima importante resaltar, en lo que hace a la cuesti\u00f3n que nos ocupa, que la norma referida conceptualiza a la violencia simb\u00f3lica como la que \u201c<em>a trav\u00e9s de patrones estereotipados, mensajes, valores, \u00edconos o signos transmita y reproduzca dominaci\u00f3n, desigualdad y discriminaci\u00f3n en las relaciones sociales, naturalizando la subordinaci\u00f3n de la mujer en la sociedad<\/em>\u201d.<br \/>\nEntendemos que la conmemoraci\u00f3n del d\u00eda Internacional de la Eliminaci\u00f3n de la Violencia contra las Mujeres, deber\u00eda ser una oportunidad para reveer las acciones que configuran violencia simb\u00f3lica, la cual es el sustrato que legitima todos los dem\u00e1s tipos de violencias contra las mujeres, y promover un escenario en el que participen mujeres diversas, a fin de alentar la adopci\u00f3n de patrones y valores culturales que cuestionen la existencia de un modelo \u00fanico de mujer y de un ideal de belleza estereotipado.<br \/>\nLas buenas pr\u00e1cticas que implican difundir la imagen de mujeres, ni\u00f1as y adolescentes reales y diversas en sus roles, aspectos, intereses, y estilos de vida, respetuosas de sus derechos e integridad, nos permiten proponer una convivencia m\u00e1s democr\u00e1tica y solidaria.<br \/>\n&nbsp;<br \/>\n<strong>Perla Prigoshin<br \/>\n<\/strong>Coordinadora Nacional<\/p>\n<div><\/div>\n","protected":false},"excerpt":{"rendered":"<p>&nbsp; &nbsp; &nbsp; &nbsp; &nbsp; DESFILE DE MODAS Habiendo tomado conocimiento que el Consejo Provincial de la Mujer de la Provincia de Corrientes est\u00e1 organizando un\u00a0desfile de modas\u00a0por el \u201cNO a la Violencia Contra las Mujeres\u201d, la CONSAVIG (Comisi\u00f3n Nacional Coordinadora de Acciones para la Elaboraci\u00f3n de Sanciones de la Violencia de G\u00e9nero) comparte su [&hellip;]<\/p>\n","protected":false},"author":1,"featured_media":0,"comment_status":"open","ping_status":"open","sticky":false,"template":"","format":"standard","meta":{"iawp_total_views":2,"footnotes":""},"categories":[4,13],"tags":[],"class_list":["post-4929","post","type-post","status-publish","format-standard","hentry","category-medios","category-mujeres-sindicalistas"],"nelio_content":{"autoShareEndMode":"never","automationSources":{"useCustomSentences":false,"customSentences":[]},"efiAlt":"","efiUrl":"","followers":[],"highlights":[],"isAutoShareEnabled":true,"networkImageIds":[],"permalinkQueryArgs":[],"series":[],"suggestedReferences":[]},"yoast_head":"<!-- This site is optimized with the Yoast SEO plugin v27.4 - https:\/\/yoast.com\/product\/yoast-seo-wordpress\/ -->\n<title>COMUNICADO DE LA CONSAVIG - VIOLENCIA SIMBOLICA - Diario Digital Femenino<\/title>\n<meta name=\"robots\" content=\"index, follow, max-snippet:-1, max-image-preview:large, max-video-preview:-1\" \/>\n<link rel=\"canonical\" href=\"https:\/\/diariofemenino.com.ar\/df\/comunicado-de-la-consavig-violencia-simbolica\/\" \/>\n<meta property=\"og:locale\" content=\"es_ES\" \/>\n<meta property=\"og:type\" content=\"article\" \/>\n<meta property=\"og:title\" content=\"COMUNICADO DE LA CONSAVIG - VIOLENCIA SIMBOLICA - Diario Digital Femenino\" \/>\n<meta property=\"og:description\" content=\"&nbsp; &nbsp; &nbsp; &nbsp; &nbsp; DESFILE DE MODAS Habiendo tomado conocimiento que el Consejo Provincial de la Mujer de la Provincia de Corrientes est\u00e1 organizando un\u00a0desfile de modas\u00a0por el \u201cNO a la Violencia Contra las Mujeres\u201d, la CONSAVIG (Comisi\u00f3n Nacional Coordinadora de Acciones para la Elaboraci\u00f3n de Sanciones de la Violencia de G\u00e9nero) comparte su [&hellip;]\" \/>\n<meta property=\"og:url\" content=\"https:\/\/diariofemenino.com.ar\/df\/comunicado-de-la-consavig-violencia-simbolica\/\" \/>\n<meta property=\"og:site_name\" content=\"Diario Digital Femenino\" \/>\n<meta property=\"article:publisher\" content=\"https:\/\/www.facebook.com\/DiarioDigitaFemenino\/\" \/>\n<meta property=\"article:published_time\" content=\"2012-11-21T02:12:54+00:00\" \/>\n<meta property=\"og:image\" content=\"https:\/\/diariofemenino.com.ar\/df\/wp-content\/uploads\/2016\/10\/logo-negro.png\" \/>\n\t<meta property=\"og:image:width\" content=\"855\" \/>\n\t<meta property=\"og:image:height\" content=\"319\" \/>\n\t<meta property=\"og:image:type\" content=\"image\/png\" \/>\n<meta name=\"author\" content=\"Admin\" \/>\n<meta name=\"twitter:card\" content=\"summary_large_image\" \/>\n<meta name=\"twitter:creator\" content=\"@DiarioFemenino1\" \/>\n<meta name=\"twitter:site\" content=\"@DiarioFemenino1\" \/>\n<meta name=\"twitter:label1\" content=\"Escrito por\" \/>\n\t<meta name=\"twitter:data1\" content=\"Admin\" \/>\n\t<meta name=\"twitter:label2\" content=\"Tiempo de lectura\" \/>\n\t<meta name=\"twitter:data2\" content=\"2 minutos\" \/>\n<script type=\"application\/ld+json\" class=\"yoast-schema-graph\">{\"@context\":\"https:\\\/\\\/schema.org\",\"@graph\":[{\"@type\":\"Article\",\"@id\":\"https:\\\/\\\/diariofemenino.com.ar\\\/df\\\/comunicado-de-la-consavig-violencia-simbolica\\\/#article\",\"isPartOf\":{\"@id\":\"https:\\\/\\\/diariofemenino.com.ar\\\/df\\\/comunicado-de-la-consavig-violencia-simbolica\\\/\"},\"author\":{\"name\":\"Admin\",\"@id\":\"https:\\\/\\\/diariofemenino.com.ar\\\/df\\\/#\\\/schema\\\/person\\\/38f54b3bfd13f561de2460ba95c169c6\"},\"headline\":\"COMUNICADO DE LA CONSAVIG &#8211; VIOLENCIA SIMBOLICA\",\"datePublished\":\"2012-11-21T02:12:54+00:00\",\"mainEntityOfPage\":{\"@id\":\"https:\\\/\\\/diariofemenino.com.ar\\\/df\\\/comunicado-de-la-consavig-violencia-simbolica\\\/\"},\"wordCount\":328,\"commentCount\":0,\"publisher\":{\"@id\":\"https:\\\/\\\/diariofemenino.com.ar\\\/df\\\/#organization\"},\"articleSection\":[\"Medios\",\"Mujeres Sindicalistas\"],\"inLanguage\":\"es\",\"potentialAction\":[{\"@type\":\"CommentAction\",\"name\":\"Comment\",\"target\":[\"https:\\\/\\\/diariofemenino.com.ar\\\/df\\\/comunicado-de-la-consavig-violencia-simbolica\\\/#respond\"]}]},{\"@type\":\"WebPage\",\"@id\":\"https:\\\/\\\/diariofemenino.com.ar\\\/df\\\/comunicado-de-la-consavig-violencia-simbolica\\\/\",\"url\":\"https:\\\/\\\/diariofemenino.com.ar\\\/df\\\/comunicado-de-la-consavig-violencia-simbolica\\\/\",\"name\":\"COMUNICADO DE LA CONSAVIG - VIOLENCIA SIMBOLICA - Diario Digital Femenino\",\"isPartOf\":{\"@id\":\"https:\\\/\\\/diariofemenino.com.ar\\\/df\\\/#website\"},\"datePublished\":\"2012-11-21T02:12:54+00:00\",\"breadcrumb\":{\"@id\":\"https:\\\/\\\/diariofemenino.com.ar\\\/df\\\/comunicado-de-la-consavig-violencia-simbolica\\\/#breadcrumb\"},\"inLanguage\":\"es\",\"potentialAction\":[{\"@type\":\"ReadAction\",\"target\":[\"https:\\\/\\\/diariofemenino.com.ar\\\/df\\\/comunicado-de-la-consavig-violencia-simbolica\\\/\"]}]},{\"@type\":\"BreadcrumbList\",\"@id\":\"https:\\\/\\\/diariofemenino.com.ar\\\/df\\\/comunicado-de-la-consavig-violencia-simbolica\\\/#breadcrumb\",\"itemListElement\":[{\"@type\":\"ListItem\",\"position\":1,\"name\":\"Portada\",\"item\":\"https:\\\/\\\/diariofemenino.com.ar\\\/df\\\/\"},{\"@type\":\"ListItem\",\"position\":2,\"name\":\"COMUNICADO DE LA CONSAVIG &#8211; VIOLENCIA SIMBOLICA\"}]},{\"@type\":\"WebSite\",\"@id\":\"https:\\\/\\\/diariofemenino.com.ar\\\/df\\\/#website\",\"url\":\"https:\\\/\\\/diariofemenino.com.ar\\\/df\\\/\",\"name\":\"Diario Digital Femenino\",\"description\":\"Cuesti\u00f3n de G\u00e9nero\",\"publisher\":{\"@id\":\"https:\\\/\\\/diariofemenino.com.ar\\\/df\\\/#organization\"},\"potentialAction\":[{\"@type\":\"SearchAction\",\"target\":{\"@type\":\"EntryPoint\",\"urlTemplate\":\"https:\\\/\\\/diariofemenino.com.ar\\\/df\\\/?s={search_term_string}\"},\"query-input\":{\"@type\":\"PropertyValueSpecification\",\"valueRequired\":true,\"valueName\":\"search_term_string\"}}],\"inLanguage\":\"es\"},{\"@type\":\"Organization\",\"@id\":\"https:\\\/\\\/diariofemenino.com.ar\\\/df\\\/#organization\",\"name\":\"Diario Femenino\",\"url\":\"https:\\\/\\\/diariofemenino.com.ar\\\/df\\\/\",\"logo\":{\"@type\":\"ImageObject\",\"inLanguage\":\"es\",\"@id\":\"https:\\\/\\\/diariofemenino.com.ar\\\/df\\\/#\\\/schema\\\/logo\\\/image\\\/\",\"url\":\"https:\\\/\\\/diariofemenino.com.ar\\\/df\\\/wp-content\\\/uploads\\\/2018\\\/10\\\/logo.png\",\"contentUrl\":\"https:\\\/\\\/diariofemenino.com.ar\\\/df\\\/wp-content\\\/uploads\\\/2018\\\/10\\\/logo.png\",\"width\":500,\"height\":92,\"caption\":\"Diario Femenino\"},\"image\":{\"@id\":\"https:\\\/\\\/diariofemenino.com.ar\\\/df\\\/#\\\/schema\\\/logo\\\/image\\\/\"},\"sameAs\":[\"https:\\\/\\\/www.facebook.com\\\/DiarioDigitaFemenino\\\/\",\"https:\\\/\\\/x.com\\\/DiarioFemenino1\"]},{\"@type\":\"Person\",\"@id\":\"https:\\\/\\\/diariofemenino.com.ar\\\/df\\\/#\\\/schema\\\/person\\\/38f54b3bfd13f561de2460ba95c169c6\",\"name\":\"Admin\",\"image\":{\"@type\":\"ImageObject\",\"inLanguage\":\"es\",\"@id\":\"https:\\\/\\\/diariofemenino.com.ar\\\/df\\\/wp-content\\\/uploads\\\/2018\\\/12\\\/favicon-150x150.jpg\",\"url\":\"https:\\\/\\\/diariofemenino.com.ar\\\/df\\\/wp-content\\\/uploads\\\/2018\\\/12\\\/favicon-150x150.jpg\",\"contentUrl\":\"https:\\\/\\\/diariofemenino.com.ar\\\/df\\\/wp-content\\\/uploads\\\/2018\\\/12\\\/favicon-150x150.jpg\",\"caption\":\"Admin\"},\"url\":\"https:\\\/\\\/diariofemenino.com.ar\\\/df\\\/author\\\/adm18df\\\/\"}]}<\/script>\n<!-- \/ Yoast SEO plugin. -->","yoast_head_json":{"title":"COMUNICADO DE LA CONSAVIG - VIOLENCIA SIMBOLICA - Diario Digital Femenino","robots":{"index":"index","follow":"follow","max-snippet":"max-snippet:-1","max-image-preview":"max-image-preview:large","max-video-preview":"max-video-preview:-1"},"canonical":"https:\/\/diariofemenino.com.ar\/df\/comunicado-de-la-consavig-violencia-simbolica\/","og_locale":"es_ES","og_type":"article","og_title":"COMUNICADO DE LA CONSAVIG - VIOLENCIA SIMBOLICA - Diario Digital Femenino","og_description":"&nbsp; &nbsp; &nbsp; &nbsp; &nbsp; DESFILE DE MODAS Habiendo tomado conocimiento que el Consejo Provincial de la Mujer de la Provincia de Corrientes est\u00e1 organizando un\u00a0desfile de modas\u00a0por el \u201cNO a la Violencia Contra las Mujeres\u201d, la CONSAVIG (Comisi\u00f3n Nacional Coordinadora de Acciones para la Elaboraci\u00f3n de Sanciones de la Violencia de G\u00e9nero) comparte su [&hellip;]","og_url":"https:\/\/diariofemenino.com.ar\/df\/comunicado-de-la-consavig-violencia-simbolica\/","og_site_name":"Diario Digital Femenino","article_publisher":"https:\/\/www.facebook.com\/DiarioDigitaFemenino\/","article_published_time":"2012-11-21T02:12:54+00:00","og_image":[{"width":855,"height":319,"url":"https:\/\/diariofemenino.com.ar\/df\/wp-content\/uploads\/2016\/10\/logo-negro.png","type":"image\/png"}],"author":"Admin","twitter_card":"summary_large_image","twitter_creator":"@DiarioFemenino1","twitter_site":"@DiarioFemenino1","twitter_misc":{"Escrito por":"Admin","Tiempo de lectura":"2 minutos"},"schema":{"@context":"https:\/\/schema.org","@graph":[{"@type":"Article","@id":"https:\/\/diariofemenino.com.ar\/df\/comunicado-de-la-consavig-violencia-simbolica\/#article","isPartOf":{"@id":"https:\/\/diariofemenino.com.ar\/df\/comunicado-de-la-consavig-violencia-simbolica\/"},"author":{"name":"Admin","@id":"https:\/\/diariofemenino.com.ar\/df\/#\/schema\/person\/38f54b3bfd13f561de2460ba95c169c6"},"headline":"COMUNICADO DE LA CONSAVIG &#8211; VIOLENCIA SIMBOLICA","datePublished":"2012-11-21T02:12:54+00:00","mainEntityOfPage":{"@id":"https:\/\/diariofemenino.com.ar\/df\/comunicado-de-la-consavig-violencia-simbolica\/"},"wordCount":328,"commentCount":0,"publisher":{"@id":"https:\/\/diariofemenino.com.ar\/df\/#organization"},"articleSection":["Medios","Mujeres Sindicalistas"],"inLanguage":"es","potentialAction":[{"@type":"CommentAction","name":"Comment","target":["https:\/\/diariofemenino.com.ar\/df\/comunicado-de-la-consavig-violencia-simbolica\/#respond"]}]},{"@type":"WebPage","@id":"https:\/\/diariofemenino.com.ar\/df\/comunicado-de-la-consavig-violencia-simbolica\/","url":"https:\/\/diariofemenino.com.ar\/df\/comunicado-de-la-consavig-violencia-simbolica\/","name":"COMUNICADO DE LA CONSAVIG - VIOLENCIA SIMBOLICA - Diario Digital Femenino","isPartOf":{"@id":"https:\/\/diariofemenino.com.ar\/df\/#website"},"datePublished":"2012-11-21T02:12:54+00:00","breadcrumb":{"@id":"https:\/\/diariofemenino.com.ar\/df\/comunicado-de-la-consavig-violencia-simbolica\/#breadcrumb"},"inLanguage":"es","potentialAction":[{"@type":"ReadAction","target":["https:\/\/diariofemenino.com.ar\/df\/comunicado-de-la-consavig-violencia-simbolica\/"]}]},{"@type":"BreadcrumbList","@id":"https:\/\/diariofemenino.com.ar\/df\/comunicado-de-la-consavig-violencia-simbolica\/#breadcrumb","itemListElement":[{"@type":"ListItem","position":1,"name":"Portada","item":"https:\/\/diariofemenino.com.ar\/df\/"},{"@type":"ListItem","position":2,"name":"COMUNICADO DE LA CONSAVIG &#8211; VIOLENCIA SIMBOLICA"}]},{"@type":"WebSite","@id":"https:\/\/diariofemenino.com.ar\/df\/#website","url":"https:\/\/diariofemenino.com.ar\/df\/","name":"Diario Digital Femenino","description":"Cuesti\u00f3n de G\u00e9nero","publisher":{"@id":"https:\/\/diariofemenino.com.ar\/df\/#organization"},"potentialAction":[{"@type":"SearchAction","target":{"@type":"EntryPoint","urlTemplate":"https:\/\/diariofemenino.com.ar\/df\/?s={search_term_string}"},"query-input":{"@type":"PropertyValueSpecification","valueRequired":true,"valueName":"search_term_string"}}],"inLanguage":"es"},{"@type":"Organization","@id":"https:\/\/diariofemenino.com.ar\/df\/#organization","name":"Diario Femenino","url":"https:\/\/diariofemenino.com.ar\/df\/","logo":{"@type":"ImageObject","inLanguage":"es","@id":"https:\/\/diariofemenino.com.ar\/df\/#\/schema\/logo\/image\/","url":"https:\/\/diariofemenino.com.ar\/df\/wp-content\/uploads\/2018\/10\/logo.png","contentUrl":"https:\/\/diariofemenino.com.ar\/df\/wp-content\/uploads\/2018\/10\/logo.png","width":500,"height":92,"caption":"Diario Femenino"},"image":{"@id":"https:\/\/diariofemenino.com.ar\/df\/#\/schema\/logo\/image\/"},"sameAs":["https:\/\/www.facebook.com\/DiarioDigitaFemenino\/","https:\/\/x.com\/DiarioFemenino1"]},{"@type":"Person","@id":"https:\/\/diariofemenino.com.ar\/df\/#\/schema\/person\/38f54b3bfd13f561de2460ba95c169c6","name":"Admin","image":{"@type":"ImageObject","inLanguage":"es","@id":"https:\/\/diariofemenino.com.ar\/df\/wp-content\/uploads\/2018\/12\/favicon-150x150.jpg","url":"https:\/\/diariofemenino.com.ar\/df\/wp-content\/uploads\/2018\/12\/favicon-150x150.jpg","contentUrl":"https:\/\/diariofemenino.com.ar\/df\/wp-content\/uploads\/2018\/12\/favicon-150x150.jpg","caption":"Admin"},"url":"https:\/\/diariofemenino.com.ar\/df\/author\/adm18df\/"}]}},"jetpack_featured_media_url":"","jetpack_sharing_enabled":true,"rttpg_featured_image_url":null,"rttpg_author":{"display_name":"Admin","author_link":"https:\/\/diariofemenino.com.ar\/df\/author\/adm18df\/"},"rttpg_comment":0,"rttpg_category":"<a href=\"https:\/\/diariofemenino.com.ar\/df\/category\/medios\/\" rel=\"category tag\">Medios<\/a> <a href=\"https:\/\/diariofemenino.com.ar\/df\/category\/mujeres-sindicalistas\/\" rel=\"category tag\">Mujeres Sindicalistas<\/a>","rttpg_excerpt":"&nbsp; &nbsp; &nbsp; &nbsp; &nbsp; DESFILE DE MODAS Habiendo tomado conocimiento que el Consejo Provincial de la Mujer de la Provincia de Corrientes est\u00e1 organizando un\u00a0desfile de modas\u00a0por el \u201cNO a la Violencia Contra las Mujeres\u201d, la CONSAVIG (Comisi\u00f3n Nacional Coordinadora de Acciones para la Elaboraci\u00f3n de Sanciones de la Violencia de G\u00e9nero) comparte su&hellip;","_links":{"self":[{"href":"https:\/\/diariofemenino.com.ar\/df\/wp-json\/wp\/v2\/posts\/4929","targetHints":{"allow":["GET"]}}],"collection":[{"href":"https:\/\/diariofemenino.com.ar\/df\/wp-json\/wp\/v2\/posts"}],"about":[{"href":"https:\/\/diariofemenino.com.ar\/df\/wp-json\/wp\/v2\/types\/post"}],"author":[{"embeddable":true,"href":"https:\/\/diariofemenino.com.ar\/df\/wp-json\/wp\/v2\/users\/1"}],"replies":[{"embeddable":true,"href":"https:\/\/diariofemenino.com.ar\/df\/wp-json\/wp\/v2\/comments?post=4929"}],"version-history":[{"count":0,"href":"https:\/\/diariofemenino.com.ar\/df\/wp-json\/wp\/v2\/posts\/4929\/revisions"}],"wp:attachment":[{"href":"https:\/\/diariofemenino.com.ar\/df\/wp-json\/wp\/v2\/media?parent=4929"}],"wp:term":[{"taxonomy":"category","embeddable":true,"href":"https:\/\/diariofemenino.com.ar\/df\/wp-json\/wp\/v2\/categories?post=4929"},{"taxonomy":"post_tag","embeddable":true,"href":"https:\/\/diariofemenino.com.ar\/df\/wp-json\/wp\/v2\/tags?post=4929"}],"curies":[{"name":"wp","href":"https:\/\/api.w.org\/{rel}","templated":true}]}}