{"id":4915,"date":"2012-11-18T15:35:50","date_gmt":"2012-11-18T18:35:50","guid":{"rendered":"http:\/\/www.diariofemenino.com.ar\/?p=4915"},"modified":"2012-11-18T15:35:50","modified_gmt":"2012-11-18T18:35:50","slug":"el-acto-politico-de-ser-madre","status":"publish","type":"post","link":"https:\/\/diariofemenino.com.ar\/df\/el-acto-politico-de-ser-madre\/","title":{"rendered":"El \u201cacto pol\u00edtico\u201d de ser madre"},"content":{"rendered":"<p>\u00bfSer mujer y no ser madre es un estigma? Sabrina Ya\u00f1ez, becaria doctoral del Conicet y militante feminista, reflexiona sobre \u00a0la maternidad y sobre el papel social que ella otorga a las mujeres.<br \/>\nLas visiones sobre la maternidad son tan numerosas y aceptables como la cantidad de mujeres que la practican.\u00a0 \u00bfQu\u00e9 significar\u00eda rescatar la maternidad como acto pol\u00edtico? \u00bfDeconstruir el discurso de la maternidad \u00a0como gesto santificador les devuelve a las mujeres el dominio de un terreno que ha sido controlado por el patriarcado? \u00bfQu\u00e9 rol manifiestan las pol\u00edticas del cuerpo femenino promulgadas y promovidas por el Estado? \u00bfLa maternidad es elecci\u00f3n personal? \u00bfY la no-maternidad?<br \/>\nLa maternidad es un tema tan delicado porque se presta al servicio de m\u00faltiples apelaciones emocionales que corren de la lupa la parte pol\u00edtica, cultural, hist\u00f3rica de las sociedades en general y de las mujeres en particular.<br \/>\nLa antropolog\u00eda de g\u00e9nero se\u00f1ala que no existe un \u201c\u00fanico modelo de madre\u201d como tampoco hay un \u201c\u00fanico modelo de mujer\u201d. Ambos conceptos son plurales y diversos.<br \/>\nA pesar de parecer una instancia individual, la maternidad tambi\u00e9n est\u00e1 surcada por intereses pol\u00edticos, econ\u00f3micos, culturales.\u00a0 Estos se traducen en\u00a0 patrones introyectados de conducta que conviven con absoluta naturalizaci\u00f3n; por ende, con absoluta invisibilizaci\u00f3n. Ejemplo de ello es se\u00f1alar el trabajo de reproducci\u00f3n social asignado a la mujeres como madres.\u00a0 A merced del capitalismo, se genera y transcribe la fuerza de trabajo de manera gratuita. Edici\u00f3n Cuyo entrevist\u00f3 a Sabrina Ya\u00f1ez, becaria doctoral de CONICET (Consejo Nacional de Investigaciones Cient\u00edficas y T\u00e9cnicas),\u00a0 doctoranda en Antropolog\u00eda en la Facultad de Filosof\u00eda y Letras de la UBA (Universidad de Buenos Aires), e integrante de Colectiva Ultravioletas. Ya\u00f1ez lleva adelante un trabajo de investigaci\u00f3n llamado\u00a0<em>Convertirse en madre en Mendoza. Experiencias de mujeres de sectores populares y procesos de institucionalizaci\u00f3n de la maternidad<\/em><strong>.<\/strong><br \/>\nLa investigadora pertenece al grupo \u201cExperiencias pol\u00edticas, g\u00e9nero y memoria\u201d de la\u00a0 Dra. Alejandra Ciriza en el Incihusa. \u00a0Su directora es la Dra. Valeria \u00a0Fern\u00e1ndez Hasan y tambi\u00e9n ha trabajado el tema maternidad\/no maternidad \u00a0con \u00a0la Dra. Claudia Anzorena.<br \/>\n<strong>\u00bfC\u00f3mo ser\u00eda entender\u00a0 la maternidad como acto pol\u00edtico?<\/strong><br \/>\nSe podr\u00eda decir que muchas de las demandas de los movimientos de mujeres, especialmente aqu\u00ed en Am\u00e9rica Latina, al menos durante sus inicios, han tenido que ver con la maternidad y con el papel social que ella otorga a las mujeres. El libro de Marcela Nari (que explica c\u00f3mo se produjo la maternalizaci\u00f3n de las mujeres en nuestro pa\u00eds desde finales del siglo XIX hasta mediados del XX) ofrece ejemplos de c\u00f3mo muchas veces algunos sectores del feminismo argentino usaron la maternidad como plataforma para exigir derechos: si socialmente se consideraba un papel tan importante, ten\u00eda que venir acompa\u00f1ado de derechos (civiles, sociales, pol\u00edticos, econ\u00f3micos) para poder ser ejercido con los recursos (materiales y simb\u00f3licos) necesarios. Sin embargo, otras vertientes del feminismo han criticado la maternidad como \u00fanico destino para las mujeres, de ah\u00ed la lucha por la educaci\u00f3n sexual, el acceso a la anticoncepci\u00f3n y el derecho al aborto. Simone De Beauvoir fue una de las voces m\u00e1s fuertes en este sentido. Para ella, las mujeres ten\u00edan que liberarse de la tiran\u00eda de la reproducci\u00f3n para poder vivir sus propios proyectos de vida. En mi opini\u00f3n no son visiones opuestas, \u00a0pero s\u00ed considero que, para que la maternidad sea verdaderamente elegida, tiene que estar disponible la opci\u00f3n de la no-maternidad como proyecto de vida v\u00e1lido y que a\u00fan estamos lejos de lograr esa legitimidad. En cuanto a la maternidad elegida, creo que puede ser un acto pol\u00edtico cuando est\u00e1 inmersa en la lucha colectiva por la autonom\u00eda de nuestras decisiones y\u00a0 por la posibilidad de elegir los t\u00e9rminos de nuestras relaciones afectivas, sexuales, familiares. Por ejemplo, la maternidad como acto pol\u00edtico puede verse en las maternidades l\u00e9sbicas que cuestionan el mandato de heterosexualidad que pesa sobre las madres, tambi\u00e9n el de las mujeres que deciden parir en sus propios t\u00e9rminos, desoyendo el mandato de \u201cparir\u00e1s como la instituci\u00f3n m\u00e9dica indica\u201d.\u00a0 Son actos pol\u00edticos porque atentan contra la instituci\u00f3n de la maternidad, que dictamina formas monol\u00edticas de vivir y entender nuestros cuerpos sexuados. Adrienne Rich, una de mis te\u00f3ricas feministas de referencia que falleci\u00f3 hace poquito, opinaba que ser\u00eda revolucionario que las mujeres logr\u00e1ramos recuperar el poder sobre nuestros propios cuerpos y pudi\u00e9ramos verdaderamente crear nueva vida: \u201cno s\u00f3lo ni\u00f1os y ni\u00f1as\u201d dec\u00eda ella, sino tambi\u00e9n \u201clas reflexiones y los sue\u00f1os necesarios para cambiar la existencia humana\u201d.<br \/>\n<strong>\u00bfC\u00f3mo se podr\u00eda evitar la imposici\u00f3n de una \u00fanica manera de ser madre, caracter\u00edstica del patriarcado?<\/strong><br \/>\nCreo que esta es una tarea colectiva (que ata\u00f1e no s\u00f3lo a las mujeres), que requiere de cambios en la educaci\u00f3n y la cultura que empiecen lo m\u00e1s temprano posible. Desde que somos ni\u00f1as peque\u00f1as nos entregan mu\u00f1ecos para \u201ccuidar\u201d. Nos programan para ser madres y para ser madres de determinada manera en un determinado modelo de familia (nuclear, heterosexual). Tenemos que empezar a ampliar la gama de posibilidades con la que las nuevas generaciones crecen. Es decir, tenemos que luchar nada m\u00e1s y nada menos que contra las relaciones desiguales y violentas que la cultura heteropatriarcal nos impone. Los medios tambi\u00e9n tienen una gran responsabilidad, ya que muchas veces sostienen estos estereotipos y prejuicios. Por ejemplo, presentan noticias apocal\u00edpticas de madres que abandonan o maltratan a sus hijos\/as pero no les alcanzar\u00edan las p\u00e1ginas para la misma historia pero con padres como protagonistas.<br \/>\n<strong>Si bien se impulsan campa\u00f1as sobre la leche materna y el amamantamiento, no se da paso a las nuevas formas de aproximarse a la crianza y al parto humanizado. \u00bfNo es en parte una contradicci\u00f3n del Estado?<\/strong><br \/>\nNo necesariamente. Sospecho que la promoci\u00f3n de la lactancia materna no tiene que ver tanto con la revalorizaci\u00f3n de los cuerpos y los saberes de las mujeres como con intereses econ\u00f3micos en juego. Para uno de mis cursos de doctorado analic\u00e9 los discursos sobre lactancia materna y encontr\u00e9 algunos datos interesantes. A finales del siglo XIX se descubre la asepsia de la lactancia materna y se comienzan a sentar las bases de la pediatr\u00eda como especialidad m\u00e9dica, hechos que llevan a una mayor medicalizaci\u00f3n de la maternidad en general y de la lactancia en particular, y que preconizan el valor nutricional, inmunol\u00f3gico e incluso afectivo del amamantamiento. Marcela Nari describe que en Argentina se hac\u00edan concursos en La Rural de los beb\u00e9s m\u00e1s robustos alimentados exclusivamente a pecho.\u00a0 Sin embargo, el posterior desarrollo de f\u00f3rmulas para la alimentaci\u00f3n infantil en la primera mitad del siglo XX gener\u00f3 discursos contradictorios en torno al valor del amamantamiento. Muchos pediatras se alinearon con las empresas que fabricaban leche maternizada y convencieron a las mujeres de que sus leches no eran lo suficientemente buenas y que era mejor alimentar a los y las beb\u00e9s con un producto controlado y confiable. En los a\u00f1os 50 surgieron organizaciones como La Liga de la Leche, que se propon\u00edan apoyar a las mujeres para que volvieran a amamantar. No obstante reci\u00e9n en los 80, resurge el inter\u00e9s en la lactancia materna como asunto de salud p\u00fablica.\u00a0 Algunas autoras feministas han relacionado este resurgimiento con la evoluci\u00f3n de una racionalidad neoliberal luego del desmantelamiento del Estado de Bienestar y que actualmente subyace a las pol\u00edticas p\u00fablicas de muchos Estados occidentales. Esta racionalidad pone el acento en conceptos como el auto-gobierno y la auto-gesti\u00f3n y propone una l\u00f3gica del ahorro familiar y estatal en gastos de salud a trav\u00e9s de la promoci\u00f3n de la lactancia. La antrop\u00f3loga Vanessa Maher advierte que esta l\u00f3gica parece ignorar las condiciones de vida cada vez m\u00e1s duras que experimentan las mujeres,\u00a0 los ni\u00f1os y las ni\u00f1as en los pa\u00edses en desarrollo al sugerir que las mujeres extraigan y provean m\u00e1s recursos de sus propios cuerpos, incluso cuando est\u00e1n desnutridas ellas mismas. Seg\u00fan algunas de las mujeres que he entrevistado, amamantar se les presenta como casi un mandato, un indicador\u00a0 de \u201cbuena maternidad\u201d, a pesar de que la mayor\u00eda de ellas no hab\u00eda recibido instrucciones durante el embarazo para prepararse para la lactancia. En cuanto al respeto de los derechos durante el parto y el nacimiento, tenemos unas leyes incre\u00edbles como\u00a0 la Ley Nacional N\u00ba 25.929 del 2004, pero todos los profesionales que he entrevistado acuerdan que no est\u00e1n las condiciones dadas para su aplicaci\u00f3n. Algunos culpan a la falta de infraestructura, otros a la resistencia de sus colegas, y otros a las mujeres y sus familias que nos est\u00e1n preparados para participar de sus partos. Lo cierto es que parece que no mucho ha cambiado desde el 2004 a pesar de contar con el aval legal para el cambio. Por ejemplo, me pareci\u00f3 significativo que el Plan Nacer (que apunta a reducir la mortalidad materna e infantil) no incluyera en su programa de acci\u00f3n la mejora de la calidad de la atenci\u00f3n obst\u00e9trica en cuanto a respeto de la ley 25.929, enfoc\u00e1ndose principalmente en indicadores cuantitativos\u00a0 de cobertura y en la adquisici\u00f3n de tecnolog\u00eda por parte de los efectores de salud. Lo que creo es que tenemos que entender estos derechos como parte de una lucha m\u00e1s amplia por todos los derechos sexuales y reproductivos, en donde el respeto de la autonom\u00eda y la celebraci\u00f3n de la diversidad (cultural, \u00e9tnica, sexual, etc.) sean los principios que gu\u00eden las pol\u00edticas y no las relaciones de poder (entre los sexos, del Estado con las\/os ciudadanos\/as, de los\/as m\u00e9dicos\/as con quienes acuden a los servicios de salud, etc.) como sucede actualmente.<br \/>\n&nbsp;<br \/>\n&nbsp;<br \/>\n&nbsp;<br \/>\n&nbsp;<\/p>\n","protected":false},"excerpt":{"rendered":"<p>\u00bfSer mujer y no ser madre es un estigma? Sabrina Ya\u00f1ez, becaria doctoral del Conicet y militante feminista, reflexiona sobre \u00a0la maternidad y sobre el papel social que ella otorga a las mujeres. Las visiones sobre la maternidad son tan numerosas y aceptables como la cantidad de mujeres que la practican.\u00a0 \u00bfQu\u00e9 significar\u00eda rescatar la [&hellip;]<\/p>\n","protected":false},"author":1,"featured_media":29454,"comment_status":"open","ping_status":"open","sticky":false,"template":"","format":"standard","meta":{"iawp_total_views":43,"footnotes":""},"categories":[8,4,6],"tags":[],"class_list":["post-4915","post","type-post","status-publish","format-standard","has-post-thumbnail","hentry","category-entrevistas","category-medios","category-articulos"],"nelio_content":{"autoShareEndMode":"never","automationSources":{"useCustomSentences":false,"customSentences":[]},"efiAlt":"","efiUrl":"","followers":[],"highlights":[],"isAutoShareEnabled":true,"networkImageIds":[],"permalinkQueryArgs":[],"series":[],"suggestedReferences":[]},"yoast_head":"<!-- This site is optimized with the Yoast SEO plugin v27.4 - https:\/\/yoast.com\/product\/yoast-seo-wordpress\/ -->\n<title>El \u201cacto pol\u00edtico\u201d de ser madre - Diario Digital Femenino<\/title>\n<meta name=\"robots\" content=\"index, follow, max-snippet:-1, max-image-preview:large, max-video-preview:-1\" \/>\n<link rel=\"canonical\" href=\"https:\/\/diariofemenino.com.ar\/df\/el-acto-politico-de-ser-madre\/\" \/>\n<meta property=\"og:locale\" content=\"es_ES\" \/>\n<meta property=\"og:type\" content=\"article\" \/>\n<meta property=\"og:title\" content=\"El \u201cacto pol\u00edtico\u201d de ser madre - Diario Digital Femenino\" \/>\n<meta property=\"og:description\" content=\"\u00bfSer mujer y no ser madre es un estigma? Sabrina Ya\u00f1ez, becaria doctoral del Conicet y militante feminista, reflexiona sobre \u00a0la maternidad y sobre el papel social que ella otorga a las mujeres. Las visiones sobre la maternidad son tan numerosas y aceptables como la cantidad de mujeres que la practican.\u00a0 \u00bfQu\u00e9 significar\u00eda rescatar la [&hellip;]\" \/>\n<meta property=\"og:url\" content=\"https:\/\/diariofemenino.com.ar\/df\/el-acto-politico-de-ser-madre\/\" \/>\n<meta property=\"og:site_name\" content=\"Diario Digital Femenino\" \/>\n<meta property=\"article:publisher\" content=\"https:\/\/www.facebook.com\/DiarioDigitaFemenino\/\" \/>\n<meta property=\"article:published_time\" content=\"2012-11-18T18:35:50+00:00\" \/>\n<meta property=\"og:image\" content=\"https:\/\/diariofemenino.com.ar\/df\/wp-content\/uploads\/2018\/10\/galeria_mama.jpg\" \/>\n\t<meta property=\"og:image:width\" content=\"539\" \/>\n\t<meta property=\"og:image:height\" content=\"539\" \/>\n\t<meta property=\"og:image:type\" content=\"image\/jpeg\" \/>\n<meta name=\"author\" content=\"Admin\" \/>\n<meta name=\"twitter:card\" content=\"summary_large_image\" \/>\n<meta name=\"twitter:creator\" content=\"@DiarioFemenino1\" \/>\n<meta name=\"twitter:site\" content=\"@DiarioFemenino1\" \/>\n<meta name=\"twitter:label1\" content=\"Escrito por\" \/>\n\t<meta name=\"twitter:data1\" content=\"Admin\" \/>\n\t<meta name=\"twitter:label2\" content=\"Tiempo de lectura\" \/>\n\t<meta name=\"twitter:data2\" content=\"9 minutos\" \/>\n<script type=\"application\/ld+json\" class=\"yoast-schema-graph\">{\"@context\":\"https:\\\/\\\/schema.org\",\"@graph\":[{\"@type\":\"Article\",\"@id\":\"https:\\\/\\\/diariofemenino.com.ar\\\/df\\\/el-acto-politico-de-ser-madre\\\/#article\",\"isPartOf\":{\"@id\":\"https:\\\/\\\/diariofemenino.com.ar\\\/df\\\/el-acto-politico-de-ser-madre\\\/\"},\"author\":{\"name\":\"Admin\",\"@id\":\"https:\\\/\\\/diariofemenino.com.ar\\\/df\\\/#\\\/schema\\\/person\\\/38f54b3bfd13f561de2460ba95c169c6\"},\"headline\":\"El \u201cacto pol\u00edtico\u201d de ser madre\",\"datePublished\":\"2012-11-18T18:35:50+00:00\",\"mainEntityOfPage\":{\"@id\":\"https:\\\/\\\/diariofemenino.com.ar\\\/df\\\/el-acto-politico-de-ser-madre\\\/\"},\"wordCount\":1726,\"commentCount\":0,\"publisher\":{\"@id\":\"https:\\\/\\\/diariofemenino.com.ar\\\/df\\\/#organization\"},\"image\":{\"@id\":\"https:\\\/\\\/diariofemenino.com.ar\\\/df\\\/el-acto-politico-de-ser-madre\\\/#primaryimage\"},\"thumbnailUrl\":\"https:\\\/\\\/diariofemenino.com.ar\\\/df\\\/wp-content\\\/uploads\\\/2018\\\/10\\\/galeria_mama.jpg\",\"articleSection\":[\"Entrevistas\",\"Medios\",\"Mujeres en Palabras\"],\"inLanguage\":\"es\",\"potentialAction\":[{\"@type\":\"CommentAction\",\"name\":\"Comment\",\"target\":[\"https:\\\/\\\/diariofemenino.com.ar\\\/df\\\/el-acto-politico-de-ser-madre\\\/#respond\"]}]},{\"@type\":\"WebPage\",\"@id\":\"https:\\\/\\\/diariofemenino.com.ar\\\/df\\\/el-acto-politico-de-ser-madre\\\/\",\"url\":\"https:\\\/\\\/diariofemenino.com.ar\\\/df\\\/el-acto-politico-de-ser-madre\\\/\",\"name\":\"El \u201cacto pol\u00edtico\u201d de ser madre - Diario Digital Femenino\",\"isPartOf\":{\"@id\":\"https:\\\/\\\/diariofemenino.com.ar\\\/df\\\/#website\"},\"primaryImageOfPage\":{\"@id\":\"https:\\\/\\\/diariofemenino.com.ar\\\/df\\\/el-acto-politico-de-ser-madre\\\/#primaryimage\"},\"image\":{\"@id\":\"https:\\\/\\\/diariofemenino.com.ar\\\/df\\\/el-acto-politico-de-ser-madre\\\/#primaryimage\"},\"thumbnailUrl\":\"https:\\\/\\\/diariofemenino.com.ar\\\/df\\\/wp-content\\\/uploads\\\/2018\\\/10\\\/galeria_mama.jpg\",\"datePublished\":\"2012-11-18T18:35:50+00:00\",\"breadcrumb\":{\"@id\":\"https:\\\/\\\/diariofemenino.com.ar\\\/df\\\/el-acto-politico-de-ser-madre\\\/#breadcrumb\"},\"inLanguage\":\"es\",\"potentialAction\":[{\"@type\":\"ReadAction\",\"target\":[\"https:\\\/\\\/diariofemenino.com.ar\\\/df\\\/el-acto-politico-de-ser-madre\\\/\"]}]},{\"@type\":\"ImageObject\",\"inLanguage\":\"es\",\"@id\":\"https:\\\/\\\/diariofemenino.com.ar\\\/df\\\/el-acto-politico-de-ser-madre\\\/#primaryimage\",\"url\":\"https:\\\/\\\/diariofemenino.com.ar\\\/df\\\/wp-content\\\/uploads\\\/2018\\\/10\\\/galeria_mama.jpg\",\"contentUrl\":\"https:\\\/\\\/diariofemenino.com.ar\\\/df\\\/wp-content\\\/uploads\\\/2018\\\/10\\\/galeria_mama.jpg\",\"width\":539,\"height\":539},{\"@type\":\"BreadcrumbList\",\"@id\":\"https:\\\/\\\/diariofemenino.com.ar\\\/df\\\/el-acto-politico-de-ser-madre\\\/#breadcrumb\",\"itemListElement\":[{\"@type\":\"ListItem\",\"position\":1,\"name\":\"Portada\",\"item\":\"https:\\\/\\\/diariofemenino.com.ar\\\/df\\\/\"},{\"@type\":\"ListItem\",\"position\":2,\"name\":\"El \u201cacto pol\u00edtico\u201d de ser madre\"}]},{\"@type\":\"WebSite\",\"@id\":\"https:\\\/\\\/diariofemenino.com.ar\\\/df\\\/#website\",\"url\":\"https:\\\/\\\/diariofemenino.com.ar\\\/df\\\/\",\"name\":\"Diario Digital Femenino\",\"description\":\"Cuesti\u00f3n de G\u00e9nero\",\"publisher\":{\"@id\":\"https:\\\/\\\/diariofemenino.com.ar\\\/df\\\/#organization\"},\"potentialAction\":[{\"@type\":\"SearchAction\",\"target\":{\"@type\":\"EntryPoint\",\"urlTemplate\":\"https:\\\/\\\/diariofemenino.com.ar\\\/df\\\/?s={search_term_string}\"},\"query-input\":{\"@type\":\"PropertyValueSpecification\",\"valueRequired\":true,\"valueName\":\"search_term_string\"}}],\"inLanguage\":\"es\"},{\"@type\":\"Organization\",\"@id\":\"https:\\\/\\\/diariofemenino.com.ar\\\/df\\\/#organization\",\"name\":\"Diario Femenino\",\"url\":\"https:\\\/\\\/diariofemenino.com.ar\\\/df\\\/\",\"logo\":{\"@type\":\"ImageObject\",\"inLanguage\":\"es\",\"@id\":\"https:\\\/\\\/diariofemenino.com.ar\\\/df\\\/#\\\/schema\\\/logo\\\/image\\\/\",\"url\":\"https:\\\/\\\/diariofemenino.com.ar\\\/df\\\/wp-content\\\/uploads\\\/2018\\\/10\\\/logo.png\",\"contentUrl\":\"https:\\\/\\\/diariofemenino.com.ar\\\/df\\\/wp-content\\\/uploads\\\/2018\\\/10\\\/logo.png\",\"width\":500,\"height\":92,\"caption\":\"Diario Femenino\"},\"image\":{\"@id\":\"https:\\\/\\\/diariofemenino.com.ar\\\/df\\\/#\\\/schema\\\/logo\\\/image\\\/\"},\"sameAs\":[\"https:\\\/\\\/www.facebook.com\\\/DiarioDigitaFemenino\\\/\",\"https:\\\/\\\/x.com\\\/DiarioFemenino1\"]},{\"@type\":\"Person\",\"@id\":\"https:\\\/\\\/diariofemenino.com.ar\\\/df\\\/#\\\/schema\\\/person\\\/38f54b3bfd13f561de2460ba95c169c6\",\"name\":\"Admin\",\"image\":{\"@type\":\"ImageObject\",\"inLanguage\":\"es\",\"@id\":\"https:\\\/\\\/diariofemenino.com.ar\\\/df\\\/wp-content\\\/uploads\\\/2018\\\/12\\\/favicon-150x150.jpg\",\"url\":\"https:\\\/\\\/diariofemenino.com.ar\\\/df\\\/wp-content\\\/uploads\\\/2018\\\/12\\\/favicon-150x150.jpg\",\"contentUrl\":\"https:\\\/\\\/diariofemenino.com.ar\\\/df\\\/wp-content\\\/uploads\\\/2018\\\/12\\\/favicon-150x150.jpg\",\"caption\":\"Admin\"},\"url\":\"https:\\\/\\\/diariofemenino.com.ar\\\/df\\\/author\\\/adm18df\\\/\"}]}<\/script>\n<!-- \/ Yoast SEO plugin. -->","yoast_head_json":{"title":"El \u201cacto pol\u00edtico\u201d de ser madre - Diario Digital Femenino","robots":{"index":"index","follow":"follow","max-snippet":"max-snippet:-1","max-image-preview":"max-image-preview:large","max-video-preview":"max-video-preview:-1"},"canonical":"https:\/\/diariofemenino.com.ar\/df\/el-acto-politico-de-ser-madre\/","og_locale":"es_ES","og_type":"article","og_title":"El \u201cacto pol\u00edtico\u201d de ser madre - Diario Digital Femenino","og_description":"\u00bfSer mujer y no ser madre es un estigma? Sabrina Ya\u00f1ez, becaria doctoral del Conicet y militante feminista, reflexiona sobre \u00a0la maternidad y sobre el papel social que ella otorga a las mujeres. Las visiones sobre la maternidad son tan numerosas y aceptables como la cantidad de mujeres que la practican.\u00a0 \u00bfQu\u00e9 significar\u00eda rescatar la [&hellip;]","og_url":"https:\/\/diariofemenino.com.ar\/df\/el-acto-politico-de-ser-madre\/","og_site_name":"Diario Digital Femenino","article_publisher":"https:\/\/www.facebook.com\/DiarioDigitaFemenino\/","article_published_time":"2012-11-18T18:35:50+00:00","og_image":[{"width":539,"height":539,"url":"https:\/\/diariofemenino.com.ar\/df\/wp-content\/uploads\/2018\/10\/galeria_mama.jpg","type":"image\/jpeg"}],"author":"Admin","twitter_card":"summary_large_image","twitter_creator":"@DiarioFemenino1","twitter_site":"@DiarioFemenino1","twitter_misc":{"Escrito por":"Admin","Tiempo de lectura":"9 minutos"},"schema":{"@context":"https:\/\/schema.org","@graph":[{"@type":"Article","@id":"https:\/\/diariofemenino.com.ar\/df\/el-acto-politico-de-ser-madre\/#article","isPartOf":{"@id":"https:\/\/diariofemenino.com.ar\/df\/el-acto-politico-de-ser-madre\/"},"author":{"name":"Admin","@id":"https:\/\/diariofemenino.com.ar\/df\/#\/schema\/person\/38f54b3bfd13f561de2460ba95c169c6"},"headline":"El \u201cacto pol\u00edtico\u201d de ser madre","datePublished":"2012-11-18T18:35:50+00:00","mainEntityOfPage":{"@id":"https:\/\/diariofemenino.com.ar\/df\/el-acto-politico-de-ser-madre\/"},"wordCount":1726,"commentCount":0,"publisher":{"@id":"https:\/\/diariofemenino.com.ar\/df\/#organization"},"image":{"@id":"https:\/\/diariofemenino.com.ar\/df\/el-acto-politico-de-ser-madre\/#primaryimage"},"thumbnailUrl":"https:\/\/diariofemenino.com.ar\/df\/wp-content\/uploads\/2018\/10\/galeria_mama.jpg","articleSection":["Entrevistas","Medios","Mujeres en Palabras"],"inLanguage":"es","potentialAction":[{"@type":"CommentAction","name":"Comment","target":["https:\/\/diariofemenino.com.ar\/df\/el-acto-politico-de-ser-madre\/#respond"]}]},{"@type":"WebPage","@id":"https:\/\/diariofemenino.com.ar\/df\/el-acto-politico-de-ser-madre\/","url":"https:\/\/diariofemenino.com.ar\/df\/el-acto-politico-de-ser-madre\/","name":"El \u201cacto pol\u00edtico\u201d de ser madre - Diario Digital Femenino","isPartOf":{"@id":"https:\/\/diariofemenino.com.ar\/df\/#website"},"primaryImageOfPage":{"@id":"https:\/\/diariofemenino.com.ar\/df\/el-acto-politico-de-ser-madre\/#primaryimage"},"image":{"@id":"https:\/\/diariofemenino.com.ar\/df\/el-acto-politico-de-ser-madre\/#primaryimage"},"thumbnailUrl":"https:\/\/diariofemenino.com.ar\/df\/wp-content\/uploads\/2018\/10\/galeria_mama.jpg","datePublished":"2012-11-18T18:35:50+00:00","breadcrumb":{"@id":"https:\/\/diariofemenino.com.ar\/df\/el-acto-politico-de-ser-madre\/#breadcrumb"},"inLanguage":"es","potentialAction":[{"@type":"ReadAction","target":["https:\/\/diariofemenino.com.ar\/df\/el-acto-politico-de-ser-madre\/"]}]},{"@type":"ImageObject","inLanguage":"es","@id":"https:\/\/diariofemenino.com.ar\/df\/el-acto-politico-de-ser-madre\/#primaryimage","url":"https:\/\/diariofemenino.com.ar\/df\/wp-content\/uploads\/2018\/10\/galeria_mama.jpg","contentUrl":"https:\/\/diariofemenino.com.ar\/df\/wp-content\/uploads\/2018\/10\/galeria_mama.jpg","width":539,"height":539},{"@type":"BreadcrumbList","@id":"https:\/\/diariofemenino.com.ar\/df\/el-acto-politico-de-ser-madre\/#breadcrumb","itemListElement":[{"@type":"ListItem","position":1,"name":"Portada","item":"https:\/\/diariofemenino.com.ar\/df\/"},{"@type":"ListItem","position":2,"name":"El \u201cacto pol\u00edtico\u201d de ser madre"}]},{"@type":"WebSite","@id":"https:\/\/diariofemenino.com.ar\/df\/#website","url":"https:\/\/diariofemenino.com.ar\/df\/","name":"Diario Digital Femenino","description":"Cuesti\u00f3n de G\u00e9nero","publisher":{"@id":"https:\/\/diariofemenino.com.ar\/df\/#organization"},"potentialAction":[{"@type":"SearchAction","target":{"@type":"EntryPoint","urlTemplate":"https:\/\/diariofemenino.com.ar\/df\/?s={search_term_string}"},"query-input":{"@type":"PropertyValueSpecification","valueRequired":true,"valueName":"search_term_string"}}],"inLanguage":"es"},{"@type":"Organization","@id":"https:\/\/diariofemenino.com.ar\/df\/#organization","name":"Diario Femenino","url":"https:\/\/diariofemenino.com.ar\/df\/","logo":{"@type":"ImageObject","inLanguage":"es","@id":"https:\/\/diariofemenino.com.ar\/df\/#\/schema\/logo\/image\/","url":"https:\/\/diariofemenino.com.ar\/df\/wp-content\/uploads\/2018\/10\/logo.png","contentUrl":"https:\/\/diariofemenino.com.ar\/df\/wp-content\/uploads\/2018\/10\/logo.png","width":500,"height":92,"caption":"Diario Femenino"},"image":{"@id":"https:\/\/diariofemenino.com.ar\/df\/#\/schema\/logo\/image\/"},"sameAs":["https:\/\/www.facebook.com\/DiarioDigitaFemenino\/","https:\/\/x.com\/DiarioFemenino1"]},{"@type":"Person","@id":"https:\/\/diariofemenino.com.ar\/df\/#\/schema\/person\/38f54b3bfd13f561de2460ba95c169c6","name":"Admin","image":{"@type":"ImageObject","inLanguage":"es","@id":"https:\/\/diariofemenino.com.ar\/df\/wp-content\/uploads\/2018\/12\/favicon-150x150.jpg","url":"https:\/\/diariofemenino.com.ar\/df\/wp-content\/uploads\/2018\/12\/favicon-150x150.jpg","contentUrl":"https:\/\/diariofemenino.com.ar\/df\/wp-content\/uploads\/2018\/12\/favicon-150x150.jpg","caption":"Admin"},"url":"https:\/\/diariofemenino.com.ar\/df\/author\/adm18df\/"}]}},"jetpack_featured_media_url":"https:\/\/diariofemenino.com.ar\/df\/wp-content\/uploads\/2018\/10\/galeria_mama.jpg","jetpack_sharing_enabled":true,"rttpg_featured_image_url":{"full":["https:\/\/diariofemenino.com.ar\/df\/wp-content\/uploads\/2018\/10\/galeria_mama.jpg",539,539,false],"landscape":["https:\/\/diariofemenino.com.ar\/df\/wp-content\/uploads\/2018\/10\/galeria_mama.jpg",539,539,false],"portraits":["https:\/\/diariofemenino.com.ar\/df\/wp-content\/uploads\/2018\/10\/galeria_mama.jpg",539,539,false],"thumbnail":["https:\/\/diariofemenino.com.ar\/df\/wp-content\/uploads\/2018\/10\/galeria_mama-150x150.jpg",150,150,true],"medium":["https:\/\/diariofemenino.com.ar\/df\/wp-content\/uploads\/2018\/10\/galeria_mama-300x300.jpg",300,300,true],"large":["https:\/\/diariofemenino.com.ar\/df\/wp-content\/uploads\/2018\/10\/galeria_mama.jpg",539,539,false],"1536x1536":["https:\/\/diariofemenino.com.ar\/df\/wp-content\/uploads\/2018\/10\/galeria_mama.jpg",539,539,false],"2048x2048":["https:\/\/diariofemenino.com.ar\/df\/wp-content\/uploads\/2018\/10\/galeria_mama.jpg",539,539,false]},"rttpg_author":{"display_name":"Admin","author_link":"https:\/\/diariofemenino.com.ar\/df\/author\/adm18df\/"},"rttpg_comment":0,"rttpg_category":"<a href=\"https:\/\/diariofemenino.com.ar\/df\/category\/entrevistas\/\" rel=\"category tag\">Entrevistas<\/a> <a href=\"https:\/\/diariofemenino.com.ar\/df\/category\/medios\/\" rel=\"category tag\">Medios<\/a> <a href=\"https:\/\/diariofemenino.com.ar\/df\/category\/articulos\/\" rel=\"category tag\">Mujeres en Palabras<\/a>","rttpg_excerpt":"\u00bfSer mujer y no ser madre es un estigma? Sabrina Ya\u00f1ez, becaria doctoral del Conicet y militante feminista, reflexiona sobre \u00a0la maternidad y sobre el papel social que ella otorga a las mujeres. Las visiones sobre la maternidad son tan numerosas y aceptables como la cantidad de mujeres que la practican.\u00a0 \u00bfQu\u00e9 significar\u00eda rescatar la&hellip;","_links":{"self":[{"href":"https:\/\/diariofemenino.com.ar\/df\/wp-json\/wp\/v2\/posts\/4915","targetHints":{"allow":["GET"]}}],"collection":[{"href":"https:\/\/diariofemenino.com.ar\/df\/wp-json\/wp\/v2\/posts"}],"about":[{"href":"https:\/\/diariofemenino.com.ar\/df\/wp-json\/wp\/v2\/types\/post"}],"author":[{"embeddable":true,"href":"https:\/\/diariofemenino.com.ar\/df\/wp-json\/wp\/v2\/users\/1"}],"replies":[{"embeddable":true,"href":"https:\/\/diariofemenino.com.ar\/df\/wp-json\/wp\/v2\/comments?post=4915"}],"version-history":[{"count":0,"href":"https:\/\/diariofemenino.com.ar\/df\/wp-json\/wp\/v2\/posts\/4915\/revisions"}],"wp:featuredmedia":[{"embeddable":true,"href":"https:\/\/diariofemenino.com.ar\/df\/wp-json\/wp\/v2\/media\/29454"}],"wp:attachment":[{"href":"https:\/\/diariofemenino.com.ar\/df\/wp-json\/wp\/v2\/media?parent=4915"}],"wp:term":[{"taxonomy":"category","embeddable":true,"href":"https:\/\/diariofemenino.com.ar\/df\/wp-json\/wp\/v2\/categories?post=4915"},{"taxonomy":"post_tag","embeddable":true,"href":"https:\/\/diariofemenino.com.ar\/df\/wp-json\/wp\/v2\/tags?post=4915"}],"curies":[{"name":"wp","href":"https:\/\/api.w.org\/{rel}","templated":true}]}}