{"id":4900,"date":"2012-11-18T15:10:48","date_gmt":"2012-11-18T18:10:48","guid":{"rendered":"http:\/\/www.diariofemenino.com.ar\/?p=4900"},"modified":"2012-11-18T15:10:48","modified_gmt":"2012-11-18T18:10:48","slug":"cruzadas-por-la-clase-social","status":"publish","type":"post","link":"https:\/\/diariofemenino.com.ar\/df\/cruzadas-por-la-clase-social\/","title":{"rendered":"Cruzadas por la clase social"},"content":{"rendered":"<p>&nbsp;<br \/>\n&nbsp;<br \/>\n&nbsp;<br \/>\n&nbsp;<br \/>\n<em>Los sectores populares pierden los hilos de sus memorias porque, por decirlo en t\u00e9rminos de Rodolfo Walsh, las clases dominantes, se adue\u00f1an de la historia operando silenciamientos, aislando, fragmentando, impidi\u00e9ndoles que tengan de ella una visi\u00f3n m\u00e1s completa. Sobre este tema profundiza la investigadora, Alejandra Ciriza.<\/em><br \/>\n<a href=\"http:\/\/www.diariofemenino.com.ar\/wp-content\/uploads\/mg3744.jpg_600_8001.jpg\"><img loading=\"lazy\" decoding=\"async\" class=\"alignnone  wp-image-4901\" title=\"mg3744.jpg_600_8001\" src=\"http:\/\/www.diariofemenino.com.ar\/wp-content\/uploads\/mg3744.jpg_600_8001.jpg\" alt=\"\" width=\"586\" height=\"360\" \/><\/a><br \/>\n<em>En Am\u00e9rica Latina primero desaparecieron los aut\u00f3ctonos, sus culturas, sus religiones, sus recuerdos, sus nombres y el mundo que hab\u00edan nombrado. Luego fueron desapareciendo los proyectos de los humildes, sus palabras y sus esfuerzos.\u201d\u00a0<\/em>Fragomeno, Roberto.<br \/>\nLa investigadora Alejandra Ciriza es doctora en Filosof\u00eda, investigadora del Conicet, y docente de la Facultad de Ciencias Pol\u00edticas y Sociales de la UNCuyo. Su conocimiento en la historia de las ideas, la filosof\u00eda cr\u00edtica latinoamericana y el\u00a0 feminismo brindan un panorama para comprender las tensiones que cruzan las experiencias y memorias de los sujetos subalternos.<br \/>\nEl grupo de 10 investigadores\/as que Ciriza dirige estudia interdisciplinariamente las temporalidades de la experiencia, las memorias de los sectores subalternos y las mujeres consideradas como sujetos corp\u00f3reos. Lo hace a partir del cruce de tres puntos de vista te\u00f3ricos: los estudios feministas, la teor\u00eda cr\u00edtica marxista y una perspectiva cr\u00edtica latinoamericana. Se ocupa tanto de la reflexi\u00f3n te\u00f3rica y de la elaboraci\u00f3n conceptual como de la realizaci\u00f3n de investigaci\u00f3n emp\u00edrica orientada a la recuperaci\u00f3n de las memorias y miradas de esos sectores cuyas experiencias e historia est\u00e1n sujetas, de manera mucho m\u00e1s visible, a la incertidumbre, a los borramientos producidos por las derrotas pol\u00edticas, a la compleja articulaci\u00f3n entre los l\u00edmites que las clases dominantes imponen y las presiones desde abajo para modificarlos.<br \/>\n\u00a0<strong>I. Las miradas hacia los excluidos desde el punto de vista feminista<\/strong><br \/>\nCiriza indic\u00f3 que los feminismos son posiciones pol\u00edticas y tradiciones te\u00f3ricas que tienen que ver con la cr\u00edtica de la explotaci\u00f3n patriarcal del cuerpo, el trabajo y los afectos de las mujeres y de la posici\u00f3n subordinada que ellas ocupan merced el ejercicio sistem\u00e1tico de diversas formas de dominaci\u00f3n tanto material como simb\u00f3lica. Hay feminismos liberales, marxistas, anarquistas y socialistas.<br \/>\nYa Simone de Beauvoir en su obra\u00a0<em>El<\/em>\u00a0<em>segundo sexo\u00a0<\/em>(1949) se\u00f1alaba que las mujeres est\u00e1n dispersas en la sociedad, ellas tienen con los varones de su propia clase social una intimidad que los proletarios y las proletarias no tienen con sus explotadores. As\u00ed pues las burguesas son m\u00e1s solidarias con los burgueses que con las proletarias, y las proletarias son m\u00e1s fraternas con los proletarios que con las burguesas, y lo mismo sucede con las negras, y las indias, con las \u00e1rabes\u2026<br \/>\nLas posiciones feministas se hallan cruzadas por la clase social, la etnia, la localizaci\u00f3n de los sujetos. De all\u00ed que no haya un feminismo, sino feminismos. Las feministas se posicionan pol\u00edticamente de distintas maneras, incluso contradictorias entre s\u00ed,\u00a0 tanto que hay feministas en las clases dominantes, ciegas a la clase, como tambi\u00e9n las hay que portan miradas colonialistas y euroc\u00e9ntricas, que consideran a las mujeres del sur como eternas menores que debieran ser tuteladas, y las hay racistas, que repiten la letan\u00eda de la superioridad blanca.<br \/>\nSostiene Ciriza que: \u201cNosotras como latinoamericanas no podemos ser ciegas a esa fragmentaci\u00f3n, porque uno de nuestros problemas es que las mujeres migran del sur hacia el norte, para hacer las tareas que las europeas no desean realizar y son explotadas y discriminadas por su condici\u00f3n de migrantes. Otras mujeres son sometidas a situaciones de prostituci\u00f3n en un mundo en que la\u00a0<em>trata\u00a0<\/em>(esclavizaci\u00f3n) de seres humanos\/as y la prostituci\u00f3n han devenido un negocio transnacional. Por esto para nosotras es importante una perspectiva te\u00f3rica atenta al g\u00e9nero, la clase y la etnia<em>\u201d<\/em>.<br \/>\nComo latinoamericanas es relevante la preocupaci\u00f3n por nuestras genealog\u00edas locales, mucho m\u00e1s dif\u00edciles de recuperar. Hay que rescatar a pensadoras como Juana Manso, que fue directora de la primera revista feminista argentina, llamada\u00a0<em>\u00c1lbum de se\u00f1oritas, y a<\/em>miga de Sarmiento.<br \/>\n\u00a0<a href=\"http:\/\/www.diariofemenino.com.ar\/wp-content\/uploads\/mg3797ed2.jpg\"><img loading=\"lazy\" decoding=\"async\" class=\"alignnone  wp-image-4902\" title=\"mg3797ed2\" src=\"http:\/\/www.diariofemenino.com.ar\/wp-content\/uploads\/mg3797ed2.jpg\" alt=\"\" width=\"603\" height=\"416\" \/><\/a><br \/>\n<strong>\u00bfQu\u00e9 pensamiento habilitar\u00eda a una sociedad la legitimaci\u00f3n de la prostituci\u00f3n y la venta de \u00f3rganos?<\/strong><br \/>\nDesde el punto de vista filos\u00f3fico la legitimaci\u00f3n reposa en una vieja idea de (John) Locke, que consiste en considerar el cuerpo como una propiedad. De all\u00ed se podr\u00eda inferir que el individuo es libre de vender su cuerpo en las situaciones de prostituci\u00f3n.<br \/>\nLa l\u00f3gica del capitalismo, que convierte todo en mercanc\u00eda, ha llegado en los \u00faltimos a\u00f1os a un punto extremo, ha avanzado sobre aspectos de la vida que antes pod\u00edan sustraerse a su l\u00f3gica.<br \/>\nDesde nuestra perspectiva, el sujeto humano es siempre un sujeto encarnado, determinado no s\u00f3lo en su pensamiento sino en su carne por las condiciones hist\u00f3ricas y sociales en las que vive, por las experiencias que adquiere a lo largo de su vida, que van dejando en su cuerpo marcas que tienen que ver con su clase social, etnia, sexo, orientaci\u00f3n sexual y edad. Por ende, el cuerpo no es una cosa que se pueda separar, sino que uno mismo, una misma,\u00a0<em>unx mismx<\/em>, es su cuerpo. El cuerpo humano no puede ser,\u00a0 por esto, tratado como\u00a0 una propiedad,\u00a0 porque es lo que somos. No es una cosa que se pueda comprar y vender.<br \/>\n<strong>II. La incidencia de la pol\u00edtica en los cuerpos<\/strong><br \/>\nSobre los cuerpos y la pol\u00edtica la investigadora nos explic\u00f3 que los seres humanos vienen al mundo en cuerpos humanos sexuados, pero los feminismos consideran que la biolog\u00eda no es destino. Para abordar la cuesti\u00f3n de la corporalidad hay que pensar en la relaci\u00f3n entre la pol\u00edtica y los cuerpos, en los modos en que los cuerpos humanos han estado sujetos a la historia, a los avatares de cada sociedad.<br \/>\n<strong>\u00bfC\u00f3mo se puede ejemplificar esa relaci\u00f3n entre cuerpo y pol\u00edtica?<\/strong><br \/>\nNacer en un cuerpo sexuado de mujer, nacer en un cuerpo sexuado inadecuado (abyecto, dir\u00eda Butler) tiene consecuencias. Por ejemplo, en Argentina las mujeres no pudimos administrar nuestras propiedades hasta inicios de los a\u00f1os setenta del siglo XX, el derecho al voto se conquist\u00f3 en 1947. El voto masculino (llamado universal) es de 1912. Es decir, hemos estado siempre atr\u00e1s respecto a la conquista de derechos. Esta dificultad es mayor cuando se trata de la orientaci\u00f3n sexual, o de las personas trans. Los c\u00f3digos de faltas -hasta no hace mucho- consideraban una infracci\u00f3n el portar vestimenta diferente de la que,\u00a0 se supone,\u00a0\u00a0<em>corresponder\u00eda<\/em>\u00a0por el sexo biol\u00f3gico.<br \/>\nLas corporalidades de los\/las\/lxs sujetos tienen consecuencias pol\u00edticas, y esto se evidencia en las diferencias y desigualdades respecto del ejercicio de sus derechos: a la educaci\u00f3n, al voto, a la salud, a la autodeterminaci\u00f3n.<br \/>\nLo que sucede es que se ha pensado la pol\u00edtica como algo reducido al ejercicio del voto y la representaci\u00f3n. Pero sabemos que la pol\u00edtica impregna todos los aspectos de nuestras vidas. Por eso las feministas decimos que lo personal es pol\u00edtico. Durante mucho tiempo la violencia hacia las mujeres fue considerada como un asunto privado, una costumbre, un problema de pactos amorosos. La denuncia de las feministas ha hecho posible que se visibilice que s\u00ed hay mujeres golpeadas es porque existen relaciones de dominaci\u00f3n patriarcal y de violencia que est\u00e1n legitimadas. Ha sido la politizaci\u00f3n feminista lo que ha hecho posible percibir y conceptualizar la violencia hacia las mujeres, que son la mayor\u00eda abrumadora de las v\u00edctimas, como un delito.\u00a0<br \/>\n&nbsp;<br \/>\n<strong>\u00bfQu\u00e9 marcas nos ha dejado la \u00faltima dictadura militar?<\/strong><br \/>\nLa dictadura oper\u00f3 en el terreno de las relaciones econ\u00f3micas y pol\u00edticas y afect\u00f3 nuestras subjetividades. Por una parte desguaz\u00f3 el aparato productivo del pa\u00eds, por la otra apost\u00f3 a la individualizaci\u00f3n extrema, a quebrar las organizaciones pol\u00edticas y sindicales de los sujetos subalternos, a romper las relaciones de solidaridad y fraternidad. Apost\u00f3 al terror sistem\u00e1tico como forma de silenciamiento.<br \/>\nEl miedo a\u00edsla y paraliza. Toda la sociedad conserva las marcas de la dictadura, la memoria traum\u00e1tica de acontecimientos muy dif\u00edciles de procesar, como el m\u00e9todo de eliminaci\u00f3n de los\/las enemigos pol\u00edticos\/as,\u00a0 la desaparici\u00f3n forzada, que despoja incluso del derecho al duelo; la existencia de centros clandestinos de detenci\u00f3n, donde los\/las sujetos se hallaban encapuchados, despersonalizados, aislados, solos, solas ante el \/la verdugo; la tortura y las violaciones como parte de la experiencia en las c\u00e1rceles y en los centros clandestinos; el secuestro de ni\u00f1os y ni\u00f1as y su apropiaci\u00f3n por parte de los militares y sus c\u00f3mplices, que lanzaba a las familias a una b\u00fasqueda llena de incertidumbres; el exilio, externo e interno, que nos dej\u00f3 la sensaci\u00f3n de estar solos\/as, sin palabras, sin posibilidad de relaci\u00f3n con otras y otros en un mundo que se hab\u00eda vuelto brutalmente hostil. Afortunadamente hubo quienes pudieron resistir y lo hicieron. Sin embargo, tambi\u00e9n es verdad que lo sucedido pesa a\u00fan en nuestras vidas, en las pr\u00e1cticas de muchas instituciones, como las fuerzas de seguridad, en la dificultad para la construcci\u00f3n de espacios colectivos.<br \/>\n<strong>III. La memoria de los olvidados<\/strong><br \/>\nAcerca de las posibilidades de reconstrucci\u00f3n de la historia y la memoria de los sectores populares y subalternos, nuestra entrevistada reflexion\u00f3 sobre las dificultades te\u00f3ricas y materiales, sobre la escasez de documentos a partir de los cuales recuperar sus vidas y pensamientos y sobre nuestros h\u00e1bitos intelectuales.<br \/>\nEstamos habituados a pensar en los t\u00e9rminos que denunciaba Brecht: nuestra historia refiere las vidas de los reyes de Tebas y no a las de los innumerables trabajadores y trabajadoras que fueron capaces de levantar sus muros. Hay, sin embargo, momentos espec\u00edficos, lo que los griegos llamaban\u00a0<em>kair\u00f3s<\/em>, en que se produce una condensaci\u00f3n del tiempo que permite recuperar los fragmentos dispersos de ese pasado olvidado. Por ejemplo, el Bicentenario se presenta como una oportunidad para rememorar las escenas acontecidas hace 200 a\u00f1os, permiti\u00e9ndonos interpretar eso que sucedi\u00f3 en el pasado con mayor complejidad, a la luz de otros interrogantes capaces de iluminarlo atraves\u00e1ndolo con las preguntas que el presente es capaz de articular.\u00a0<br \/>\n\u00a0<strong>Proyecto de investigaci\u00f3n<\/strong><em>\u00a0 \u00a0 \u00a0 \u00a0 \u00a0 \u00a0 \u00a0 \u00a0 \u00a0 \u00a0 \u00a0 \u00a0 \u00a0 \u00a0 \u00a0 \u00a0 \u00a0 \u00a0 \u00a0 \u00a0 \u00a0 \u00a0 \u00a0 \u00a0 \u00a0 \u00a0 \u00a0 \u00a0 \u00a0 \u00a0 \u00a0 \u00a0 \u00a0 \u00a0 \u00a0 \u00a0 \u00a0 \u00a0 \u00a0 \u00a0 \u00a0 \u00a0 \u00a0 \u00a0 \u00a0 \u00a0 \u00a0 \u00a0 \u00a0 \u00a0 \u00a0 \u00a0 \u00a0 \u00a0 \u00a0 \u00a0 \u00a0 \u00a0 \u00a0 \u00a0 \u00a0 \u00a0 \u00a0 \u00a0 \u00a0<\/em><br \/>\n<em>Lecturas cr\u00edticas sobre las categor\u00edas de experiencia pol\u00edtica, memoria, g\u00e9nero y sus articulaciones. Miradas desde la filosof\u00eda y las ciencias sociales; s<\/em>ubsidiado por la Secretar\u00eda de Ciencia, T\u00e9cnica y Posgrado de la UNCuyo.<strong><\/strong><br \/>\n<strong>Integrantes<\/strong><em><\/em><br \/>\nDirectora:<strong>\u00a0<\/strong><em>CIRIZA, Alejandra.\u00a0<\/em>Co-Directora:<em>\u00a0FERNANDEZ HASAN, Valeria. ANZORENA, Claudia Cecilia; GRASSELLI, Fabiana Hebe; LLAVER, Nora; RODRIGUEZ, Rosana Paula; RODRIGUEZ AG\u00dcERO, Eva Gabriela; RODRIGUEZ AG\u00dcERO, Laura Mercedes; SALOMONE, Mariano Javier; YA\u00d1EZ, Sabrina Soledad; GIL, Ana Soledad.<\/em><br \/>\n<em><a href=\"http:\/\/www.diariofemenino.com.ar\/wp-content\/uploads\/mg3768ed3.jpg\"><img loading=\"lazy\" decoding=\"async\" class=\"alignnone  wp-image-4903\" title=\"mg3768ed3\" src=\"http:\/\/www.diariofemenino.com.ar\/wp-content\/uploads\/mg3768ed3.jpg\" alt=\"\" width=\"594\" height=\"420\" \/><\/a><\/em><br \/>\n<strong>Bibliograf\u00eda<\/strong><em><\/em><br \/>\n&#8211; CIRIZA, Alejandra (compiladora).\u00a0<em>\u201cIntervenciones sobre ciudadan\u00eda de mujeres, pol\u00edtica y memoria. Perspectivas subalternas.\u201d<\/em>\u00a0Buenos Aires. Ed Feminaria Editora. A\u00f1o 2008.<strong><\/strong><br \/>\n&#8211; FRAGOMENO, Roberto.\u00a0<em>\u201cDial\u00e9ctica desaparecedor\/desaparecido.\u201d<\/em>\u00a0En Pensamiento cr\u00edtico Latinoamericano. Santiago de Chile. Ed Ediciones Universidad Cat\u00f3lica Silvia Henr\u00edquez. A\u00f1o 2005. P\u00e1g 184.<br \/>\n&nbsp;<br \/>\n&nbsp;<br \/>\n&nbsp;<br \/>\nFuente: Natalia Bulacio &#8211; Edici\u00f3n Cuyo<\/p>\n","protected":false},"excerpt":{"rendered":"<p>&nbsp; &nbsp; &nbsp; &nbsp; Los sectores populares pierden los hilos de sus memorias porque, por decirlo en t\u00e9rminos de Rodolfo Walsh, las clases dominantes, se adue\u00f1an de la historia operando silenciamientos, aislando, fragmentando, impidi\u00e9ndoles que tengan de ella una visi\u00f3n m\u00e1s completa. Sobre este tema profundiza la investigadora, Alejandra Ciriza. En Am\u00e9rica Latina primero desaparecieron [&hellip;]<\/p>\n","protected":false},"author":1,"featured_media":0,"comment_status":"open","ping_status":"open","sticky":false,"template":"","format":"standard","meta":{"iawp_total_views":3,"footnotes":""},"categories":[8,4,6],"tags":[],"class_list":["post-4900","post","type-post","status-publish","format-standard","hentry","category-entrevistas","category-medios","category-articulos"],"nelio_content":{"autoShareEndMode":"never","automationSources":{"useCustomSentences":false,"customSentences":[]},"efiAlt":"","efiUrl":"","followers":[],"highlights":[],"isAutoShareEnabled":true,"networkImageIds":[],"permalinkQueryArgs":[],"series":[],"suggestedReferences":[]},"yoast_head":"<!-- This site is optimized with the Yoast SEO plugin v27.4 - https:\/\/yoast.com\/product\/yoast-seo-wordpress\/ -->\n<title>Cruzadas por la clase social - Diario Digital Femenino<\/title>\n<meta name=\"robots\" content=\"index, follow, max-snippet:-1, max-image-preview:large, max-video-preview:-1\" \/>\n<link rel=\"canonical\" href=\"https:\/\/diariofemenino.com.ar\/df\/cruzadas-por-la-clase-social\/\" \/>\n<meta property=\"og:locale\" content=\"es_ES\" \/>\n<meta property=\"og:type\" content=\"article\" \/>\n<meta property=\"og:title\" content=\"Cruzadas por la clase social - Diario Digital Femenino\" \/>\n<meta property=\"og:description\" content=\"&nbsp; &nbsp; &nbsp; &nbsp; Los sectores populares pierden los hilos de sus memorias porque, por decirlo en t\u00e9rminos de Rodolfo Walsh, las clases dominantes, se adue\u00f1an de la historia operando silenciamientos, aislando, fragmentando, impidi\u00e9ndoles que tengan de ella una visi\u00f3n m\u00e1s completa. Sobre este tema profundiza la investigadora, Alejandra Ciriza. En Am\u00e9rica Latina primero desaparecieron [&hellip;]\" \/>\n<meta property=\"og:url\" content=\"https:\/\/diariofemenino.com.ar\/df\/cruzadas-por-la-clase-social\/\" \/>\n<meta property=\"og:site_name\" content=\"Diario Digital Femenino\" \/>\n<meta property=\"article:publisher\" content=\"https:\/\/www.facebook.com\/DiarioDigitaFemenino\/\" \/>\n<meta property=\"article:published_time\" content=\"2012-11-18T18:10:48+00:00\" \/>\n<meta property=\"og:image\" content=\"http:\/\/www.diariofemenino.com.ar\/wp-content\/uploads\/mg3744.jpg_600_8001.jpg\" \/>\n<meta name=\"author\" content=\"Admin\" \/>\n<meta name=\"twitter:card\" content=\"summary_large_image\" \/>\n<meta name=\"twitter:creator\" content=\"@DiarioFemenino1\" \/>\n<meta name=\"twitter:site\" content=\"@DiarioFemenino1\" \/>\n<meta name=\"twitter:label1\" content=\"Escrito por\" \/>\n\t<meta name=\"twitter:data1\" content=\"Admin\" \/>\n\t<meta name=\"twitter:label2\" content=\"Tiempo de lectura\" \/>\n\t<meta name=\"twitter:data2\" content=\"10 minutos\" \/>\n<script type=\"application\/ld+json\" class=\"yoast-schema-graph\">{\"@context\":\"https:\\\/\\\/schema.org\",\"@graph\":[{\"@type\":\"Article\",\"@id\":\"https:\\\/\\\/diariofemenino.com.ar\\\/df\\\/cruzadas-por-la-clase-social\\\/#article\",\"isPartOf\":{\"@id\":\"https:\\\/\\\/diariofemenino.com.ar\\\/df\\\/cruzadas-por-la-clase-social\\\/\"},\"author\":{\"name\":\"Admin\",\"@id\":\"https:\\\/\\\/diariofemenino.com.ar\\\/df\\\/#\\\/schema\\\/person\\\/38f54b3bfd13f561de2460ba95c169c6\"},\"headline\":\"Cruzadas por la clase social\",\"datePublished\":\"2012-11-18T18:10:48+00:00\",\"mainEntityOfPage\":{\"@id\":\"https:\\\/\\\/diariofemenino.com.ar\\\/df\\\/cruzadas-por-la-clase-social\\\/\"},\"wordCount\":1907,\"commentCount\":0,\"publisher\":{\"@id\":\"https:\\\/\\\/diariofemenino.com.ar\\\/df\\\/#organization\"},\"image\":{\"@id\":\"https:\\\/\\\/diariofemenino.com.ar\\\/df\\\/cruzadas-por-la-clase-social\\\/#primaryimage\"},\"thumbnailUrl\":\"http:\\\/\\\/www.diariofemenino.com.ar\\\/wp-content\\\/uploads\\\/mg3744.jpg_600_8001.jpg\",\"articleSection\":[\"Entrevistas\",\"Medios\",\"Mujeres en Palabras\"],\"inLanguage\":\"es\",\"potentialAction\":[{\"@type\":\"CommentAction\",\"name\":\"Comment\",\"target\":[\"https:\\\/\\\/diariofemenino.com.ar\\\/df\\\/cruzadas-por-la-clase-social\\\/#respond\"]}]},{\"@type\":\"WebPage\",\"@id\":\"https:\\\/\\\/diariofemenino.com.ar\\\/df\\\/cruzadas-por-la-clase-social\\\/\",\"url\":\"https:\\\/\\\/diariofemenino.com.ar\\\/df\\\/cruzadas-por-la-clase-social\\\/\",\"name\":\"Cruzadas por la clase social - Diario Digital Femenino\",\"isPartOf\":{\"@id\":\"https:\\\/\\\/diariofemenino.com.ar\\\/df\\\/#website\"},\"primaryImageOfPage\":{\"@id\":\"https:\\\/\\\/diariofemenino.com.ar\\\/df\\\/cruzadas-por-la-clase-social\\\/#primaryimage\"},\"image\":{\"@id\":\"https:\\\/\\\/diariofemenino.com.ar\\\/df\\\/cruzadas-por-la-clase-social\\\/#primaryimage\"},\"thumbnailUrl\":\"http:\\\/\\\/www.diariofemenino.com.ar\\\/wp-content\\\/uploads\\\/mg3744.jpg_600_8001.jpg\",\"datePublished\":\"2012-11-18T18:10:48+00:00\",\"breadcrumb\":{\"@id\":\"https:\\\/\\\/diariofemenino.com.ar\\\/df\\\/cruzadas-por-la-clase-social\\\/#breadcrumb\"},\"inLanguage\":\"es\",\"potentialAction\":[{\"@type\":\"ReadAction\",\"target\":[\"https:\\\/\\\/diariofemenino.com.ar\\\/df\\\/cruzadas-por-la-clase-social\\\/\"]}]},{\"@type\":\"ImageObject\",\"inLanguage\":\"es\",\"@id\":\"https:\\\/\\\/diariofemenino.com.ar\\\/df\\\/cruzadas-por-la-clase-social\\\/#primaryimage\",\"url\":\"http:\\\/\\\/www.diariofemenino.com.ar\\\/wp-content\\\/uploads\\\/mg3744.jpg_600_8001.jpg\",\"contentUrl\":\"http:\\\/\\\/www.diariofemenino.com.ar\\\/wp-content\\\/uploads\\\/mg3744.jpg_600_8001.jpg\"},{\"@type\":\"BreadcrumbList\",\"@id\":\"https:\\\/\\\/diariofemenino.com.ar\\\/df\\\/cruzadas-por-la-clase-social\\\/#breadcrumb\",\"itemListElement\":[{\"@type\":\"ListItem\",\"position\":1,\"name\":\"Portada\",\"item\":\"https:\\\/\\\/diariofemenino.com.ar\\\/df\\\/\"},{\"@type\":\"ListItem\",\"position\":2,\"name\":\"Cruzadas por la clase social\"}]},{\"@type\":\"WebSite\",\"@id\":\"https:\\\/\\\/diariofemenino.com.ar\\\/df\\\/#website\",\"url\":\"https:\\\/\\\/diariofemenino.com.ar\\\/df\\\/\",\"name\":\"Diario Digital Femenino\",\"description\":\"Cuesti\u00f3n de G\u00e9nero\",\"publisher\":{\"@id\":\"https:\\\/\\\/diariofemenino.com.ar\\\/df\\\/#organization\"},\"potentialAction\":[{\"@type\":\"SearchAction\",\"target\":{\"@type\":\"EntryPoint\",\"urlTemplate\":\"https:\\\/\\\/diariofemenino.com.ar\\\/df\\\/?s={search_term_string}\"},\"query-input\":{\"@type\":\"PropertyValueSpecification\",\"valueRequired\":true,\"valueName\":\"search_term_string\"}}],\"inLanguage\":\"es\"},{\"@type\":\"Organization\",\"@id\":\"https:\\\/\\\/diariofemenino.com.ar\\\/df\\\/#organization\",\"name\":\"Diario Femenino\",\"url\":\"https:\\\/\\\/diariofemenino.com.ar\\\/df\\\/\",\"logo\":{\"@type\":\"ImageObject\",\"inLanguage\":\"es\",\"@id\":\"https:\\\/\\\/diariofemenino.com.ar\\\/df\\\/#\\\/schema\\\/logo\\\/image\\\/\",\"url\":\"https:\\\/\\\/diariofemenino.com.ar\\\/df\\\/wp-content\\\/uploads\\\/2018\\\/10\\\/logo.png\",\"contentUrl\":\"https:\\\/\\\/diariofemenino.com.ar\\\/df\\\/wp-content\\\/uploads\\\/2018\\\/10\\\/logo.png\",\"width\":500,\"height\":92,\"caption\":\"Diario Femenino\"},\"image\":{\"@id\":\"https:\\\/\\\/diariofemenino.com.ar\\\/df\\\/#\\\/schema\\\/logo\\\/image\\\/\"},\"sameAs\":[\"https:\\\/\\\/www.facebook.com\\\/DiarioDigitaFemenino\\\/\",\"https:\\\/\\\/x.com\\\/DiarioFemenino1\"]},{\"@type\":\"Person\",\"@id\":\"https:\\\/\\\/diariofemenino.com.ar\\\/df\\\/#\\\/schema\\\/person\\\/38f54b3bfd13f561de2460ba95c169c6\",\"name\":\"Admin\",\"image\":{\"@type\":\"ImageObject\",\"inLanguage\":\"es\",\"@id\":\"https:\\\/\\\/diariofemenino.com.ar\\\/df\\\/wp-content\\\/uploads\\\/2018\\\/12\\\/favicon-150x150.jpg\",\"url\":\"https:\\\/\\\/diariofemenino.com.ar\\\/df\\\/wp-content\\\/uploads\\\/2018\\\/12\\\/favicon-150x150.jpg\",\"contentUrl\":\"https:\\\/\\\/diariofemenino.com.ar\\\/df\\\/wp-content\\\/uploads\\\/2018\\\/12\\\/favicon-150x150.jpg\",\"caption\":\"Admin\"},\"url\":\"https:\\\/\\\/diariofemenino.com.ar\\\/df\\\/author\\\/adm18df\\\/\"}]}<\/script>\n<!-- \/ Yoast SEO plugin. -->","yoast_head_json":{"title":"Cruzadas por la clase social - Diario Digital Femenino","robots":{"index":"index","follow":"follow","max-snippet":"max-snippet:-1","max-image-preview":"max-image-preview:large","max-video-preview":"max-video-preview:-1"},"canonical":"https:\/\/diariofemenino.com.ar\/df\/cruzadas-por-la-clase-social\/","og_locale":"es_ES","og_type":"article","og_title":"Cruzadas por la clase social - Diario Digital Femenino","og_description":"&nbsp; &nbsp; &nbsp; &nbsp; Los sectores populares pierden los hilos de sus memorias porque, por decirlo en t\u00e9rminos de Rodolfo Walsh, las clases dominantes, se adue\u00f1an de la historia operando silenciamientos, aislando, fragmentando, impidi\u00e9ndoles que tengan de ella una visi\u00f3n m\u00e1s completa. Sobre este tema profundiza la investigadora, Alejandra Ciriza. En Am\u00e9rica Latina primero desaparecieron [&hellip;]","og_url":"https:\/\/diariofemenino.com.ar\/df\/cruzadas-por-la-clase-social\/","og_site_name":"Diario Digital Femenino","article_publisher":"https:\/\/www.facebook.com\/DiarioDigitaFemenino\/","article_published_time":"2012-11-18T18:10:48+00:00","og_image":[{"url":"http:\/\/www.diariofemenino.com.ar\/wp-content\/uploads\/mg3744.jpg_600_8001.jpg","type":"","width":"","height":""}],"author":"Admin","twitter_card":"summary_large_image","twitter_creator":"@DiarioFemenino1","twitter_site":"@DiarioFemenino1","twitter_misc":{"Escrito por":"Admin","Tiempo de lectura":"10 minutos"},"schema":{"@context":"https:\/\/schema.org","@graph":[{"@type":"Article","@id":"https:\/\/diariofemenino.com.ar\/df\/cruzadas-por-la-clase-social\/#article","isPartOf":{"@id":"https:\/\/diariofemenino.com.ar\/df\/cruzadas-por-la-clase-social\/"},"author":{"name":"Admin","@id":"https:\/\/diariofemenino.com.ar\/df\/#\/schema\/person\/38f54b3bfd13f561de2460ba95c169c6"},"headline":"Cruzadas por la clase social","datePublished":"2012-11-18T18:10:48+00:00","mainEntityOfPage":{"@id":"https:\/\/diariofemenino.com.ar\/df\/cruzadas-por-la-clase-social\/"},"wordCount":1907,"commentCount":0,"publisher":{"@id":"https:\/\/diariofemenino.com.ar\/df\/#organization"},"image":{"@id":"https:\/\/diariofemenino.com.ar\/df\/cruzadas-por-la-clase-social\/#primaryimage"},"thumbnailUrl":"http:\/\/www.diariofemenino.com.ar\/wp-content\/uploads\/mg3744.jpg_600_8001.jpg","articleSection":["Entrevistas","Medios","Mujeres en Palabras"],"inLanguage":"es","potentialAction":[{"@type":"CommentAction","name":"Comment","target":["https:\/\/diariofemenino.com.ar\/df\/cruzadas-por-la-clase-social\/#respond"]}]},{"@type":"WebPage","@id":"https:\/\/diariofemenino.com.ar\/df\/cruzadas-por-la-clase-social\/","url":"https:\/\/diariofemenino.com.ar\/df\/cruzadas-por-la-clase-social\/","name":"Cruzadas por la clase social - Diario Digital Femenino","isPartOf":{"@id":"https:\/\/diariofemenino.com.ar\/df\/#website"},"primaryImageOfPage":{"@id":"https:\/\/diariofemenino.com.ar\/df\/cruzadas-por-la-clase-social\/#primaryimage"},"image":{"@id":"https:\/\/diariofemenino.com.ar\/df\/cruzadas-por-la-clase-social\/#primaryimage"},"thumbnailUrl":"http:\/\/www.diariofemenino.com.ar\/wp-content\/uploads\/mg3744.jpg_600_8001.jpg","datePublished":"2012-11-18T18:10:48+00:00","breadcrumb":{"@id":"https:\/\/diariofemenino.com.ar\/df\/cruzadas-por-la-clase-social\/#breadcrumb"},"inLanguage":"es","potentialAction":[{"@type":"ReadAction","target":["https:\/\/diariofemenino.com.ar\/df\/cruzadas-por-la-clase-social\/"]}]},{"@type":"ImageObject","inLanguage":"es","@id":"https:\/\/diariofemenino.com.ar\/df\/cruzadas-por-la-clase-social\/#primaryimage","url":"http:\/\/www.diariofemenino.com.ar\/wp-content\/uploads\/mg3744.jpg_600_8001.jpg","contentUrl":"http:\/\/www.diariofemenino.com.ar\/wp-content\/uploads\/mg3744.jpg_600_8001.jpg"},{"@type":"BreadcrumbList","@id":"https:\/\/diariofemenino.com.ar\/df\/cruzadas-por-la-clase-social\/#breadcrumb","itemListElement":[{"@type":"ListItem","position":1,"name":"Portada","item":"https:\/\/diariofemenino.com.ar\/df\/"},{"@type":"ListItem","position":2,"name":"Cruzadas por la clase social"}]},{"@type":"WebSite","@id":"https:\/\/diariofemenino.com.ar\/df\/#website","url":"https:\/\/diariofemenino.com.ar\/df\/","name":"Diario Digital Femenino","description":"Cuesti\u00f3n de G\u00e9nero","publisher":{"@id":"https:\/\/diariofemenino.com.ar\/df\/#organization"},"potentialAction":[{"@type":"SearchAction","target":{"@type":"EntryPoint","urlTemplate":"https:\/\/diariofemenino.com.ar\/df\/?s={search_term_string}"},"query-input":{"@type":"PropertyValueSpecification","valueRequired":true,"valueName":"search_term_string"}}],"inLanguage":"es"},{"@type":"Organization","@id":"https:\/\/diariofemenino.com.ar\/df\/#organization","name":"Diario Femenino","url":"https:\/\/diariofemenino.com.ar\/df\/","logo":{"@type":"ImageObject","inLanguage":"es","@id":"https:\/\/diariofemenino.com.ar\/df\/#\/schema\/logo\/image\/","url":"https:\/\/diariofemenino.com.ar\/df\/wp-content\/uploads\/2018\/10\/logo.png","contentUrl":"https:\/\/diariofemenino.com.ar\/df\/wp-content\/uploads\/2018\/10\/logo.png","width":500,"height":92,"caption":"Diario Femenino"},"image":{"@id":"https:\/\/diariofemenino.com.ar\/df\/#\/schema\/logo\/image\/"},"sameAs":["https:\/\/www.facebook.com\/DiarioDigitaFemenino\/","https:\/\/x.com\/DiarioFemenino1"]},{"@type":"Person","@id":"https:\/\/diariofemenino.com.ar\/df\/#\/schema\/person\/38f54b3bfd13f561de2460ba95c169c6","name":"Admin","image":{"@type":"ImageObject","inLanguage":"es","@id":"https:\/\/diariofemenino.com.ar\/df\/wp-content\/uploads\/2018\/12\/favicon-150x150.jpg","url":"https:\/\/diariofemenino.com.ar\/df\/wp-content\/uploads\/2018\/12\/favicon-150x150.jpg","contentUrl":"https:\/\/diariofemenino.com.ar\/df\/wp-content\/uploads\/2018\/12\/favicon-150x150.jpg","caption":"Admin"},"url":"https:\/\/diariofemenino.com.ar\/df\/author\/adm18df\/"}]}},"jetpack_featured_media_url":"","jetpack_sharing_enabled":true,"rttpg_featured_image_url":null,"rttpg_author":{"display_name":"Admin","author_link":"https:\/\/diariofemenino.com.ar\/df\/author\/adm18df\/"},"rttpg_comment":0,"rttpg_category":"<a href=\"https:\/\/diariofemenino.com.ar\/df\/category\/entrevistas\/\" rel=\"category tag\">Entrevistas<\/a> <a href=\"https:\/\/diariofemenino.com.ar\/df\/category\/medios\/\" rel=\"category tag\">Medios<\/a> <a href=\"https:\/\/diariofemenino.com.ar\/df\/category\/articulos\/\" rel=\"category tag\">Mujeres en Palabras<\/a>","rttpg_excerpt":"&nbsp; &nbsp; &nbsp; &nbsp; Los sectores populares pierden los hilos de sus memorias porque, por decirlo en t\u00e9rminos de Rodolfo Walsh, las clases dominantes, se adue\u00f1an de la historia operando silenciamientos, aislando, fragmentando, impidi\u00e9ndoles que tengan de ella una visi\u00f3n m\u00e1s completa. Sobre este tema profundiza la investigadora, Alejandra Ciriza. En Am\u00e9rica Latina primero desaparecieron&hellip;","_links":{"self":[{"href":"https:\/\/diariofemenino.com.ar\/df\/wp-json\/wp\/v2\/posts\/4900","targetHints":{"allow":["GET"]}}],"collection":[{"href":"https:\/\/diariofemenino.com.ar\/df\/wp-json\/wp\/v2\/posts"}],"about":[{"href":"https:\/\/diariofemenino.com.ar\/df\/wp-json\/wp\/v2\/types\/post"}],"author":[{"embeddable":true,"href":"https:\/\/diariofemenino.com.ar\/df\/wp-json\/wp\/v2\/users\/1"}],"replies":[{"embeddable":true,"href":"https:\/\/diariofemenino.com.ar\/df\/wp-json\/wp\/v2\/comments?post=4900"}],"version-history":[{"count":0,"href":"https:\/\/diariofemenino.com.ar\/df\/wp-json\/wp\/v2\/posts\/4900\/revisions"}],"wp:attachment":[{"href":"https:\/\/diariofemenino.com.ar\/df\/wp-json\/wp\/v2\/media?parent=4900"}],"wp:term":[{"taxonomy":"category","embeddable":true,"href":"https:\/\/diariofemenino.com.ar\/df\/wp-json\/wp\/v2\/categories?post=4900"},{"taxonomy":"post_tag","embeddable":true,"href":"https:\/\/diariofemenino.com.ar\/df\/wp-json\/wp\/v2\/tags?post=4900"}],"curies":[{"name":"wp","href":"https:\/\/api.w.org\/{rel}","templated":true}]}}