{"id":4893,"date":"2012-11-16T23:56:43","date_gmt":"2012-11-17T02:56:43","guid":{"rendered":"http:\/\/www.diariofemenino.com.ar\/?p=4893"},"modified":"2012-11-16T23:56:43","modified_gmt":"2012-11-17T02:56:43","slug":"femicidio","status":"publish","type":"post","link":"https:\/\/diariofemenino.com.ar\/df\/femicidio\/","title":{"rendered":"Femicidio"},"content":{"rendered":"<p><strong>TEXTO DE LA MEDIA SANCI\u00d3N DE DIPUTADOS<\/strong><br \/>\n\u00a0<strong>Art\u00edculo 1\u00ba &#8211;<\/strong> Sustit\u00fayense los incisos 1\u00b0 y 4\u00b0 del art\u00edculo 80 del C\u00f3digo Penal que quedar\u00e1n redactados de la siguiente forma:<br \/>\nArt\u00edculo 80: Se impondr\u00e1 reclusi\u00f3n perpetua o prisi\u00f3n perpetua, pudiendo aplicarse lo dispuesto en el art\u00edculo 52, al que matare:<br \/>\n1\u00b0. A su ascendiente, descendiente, c\u00f3nyuge, ex c\u00f3nyuge, o a la persona con quien mantiene o ha mantenido una relaci\u00f3n de pareja, mediare o no convivencia.<br \/>\n4\u00b0. Por placer, codicia, odio racial, religioso, de g\u00e9nero o a la orientaci\u00f3n sexual, identidad de g\u00e9nero o su expresi\u00f3n.<br \/>\n<strong>Art\u00edculo 2\u00ba &#8211; <\/strong>Incorp\u00f3ranse como incisos 11 y 12 del art\u00edculo 80 del C\u00f3digo Penal los siguientes textos:<br \/>\n11. A una mujer cuando el hecho sea perpetrado por un hombre y mediare violencia de g\u00e9nero.<br \/>\n12. Con el prop\u00f3sito de causar sufrimiento a una persona con la que se mantiene o ha mantenido una relaci\u00f3n en los t\u00e9rminos del inciso 1\u00ba.<br \/>\n<strong>Art\u00edculo 3\u00ba &#8211; <\/strong>Sustit\u00fayese el art\u00edculo 80 in fine del C\u00f3digo Penal, el cual quedar\u00e1 redactado de la siguiente manera:<br \/>\nCuando en el caso del inciso 1\u00ba de este art\u00edculo, mediaren circunstancias extraordinarias de atenuaci\u00f3n, el juez podr\u00e1 aplicar prisi\u00f3n o reclusi\u00f3n de ocho (8) a veinticinco (25) a\u00f1os.<br \/>\nEsto no ser\u00e1 aplicable a quien anteriormente hubiera realizado actos de violencia contra la mujer v\u00edctima.<br \/>\n<strong>Art\u00edculo 4\u00ba &#8211;<\/strong> Comun\u00edquese al Poder Ejecutivo nacional.<br \/>\n&nbsp;<br \/>\n<strong>TEXTO DE LA MEDIA SANCI\u00d3N DE SENADORES<\/strong><br \/>\n<strong>Art\u00edculo 1\u00b0:<\/strong> Sustit\u00fayese el art\u00edculo 80 del C\u00f3digo Penal por el siguiente:<br \/>\n\u201cARTICULO 80. &#8211; Se impondr\u00e1 reclusi\u00f3n perpetua o prisi\u00f3n perpetua, pudiendo aplicarse lo dispuesto en el art\u00edculo 52, al que matare:<br \/>\n1\u00ba.- A su ascendiente, descendiente, c\u00f3nyuge, exc\u00f3nyuge, conviviente o exconviviente, sabiendo que lo son;<br \/>\n2\u00ba.- Con ensa\u00f1amiento, alevos\u00eda, veneno u otro procedimiento insidioso;<br \/>\n3\u00ba.- Por precio o promesa remuneratoria;<br \/>\n4\u00ba.- Por placer, codicia, odio racial, religioso, a la orientaci\u00f3n sexual, a la identidad de g\u00e9nero o su expresi\u00f3n;<br \/>\n5\u00ba.- Por un medio id\u00f3neo para crear un peligro com\u00fan;<br \/>\n6\u00ba.- Con el concurso premeditado de dos o m\u00e1s personas;<br \/>\n7\u00ba.- Para preparar, facilitar, consumar u ocultar otro delito o para asegurar sus resultados o procurar la impunidad para s\u00ed o para otro o por no haber logrado el fin propuesto al intentar otro delito;<br \/>\n8\u00b0.- A un miembro de las fuerzas de seguridad p\u00fablica, policiales o penitenciarias, por su funci\u00f3n, cargo o condici\u00f3n;<br \/>\n9\u00b0.- Abusando de su funci\u00f3n o cargo, cuando fuere miembro integrante de las fuerzas de seguridad, policiales o del servicio penitenciario;<br \/>\n10\u00b0.- A su superior militar frente a enemigo o tropa formada con armas;<br \/>\n11\u00b0.- Con el prop\u00f3sito de causar sufrimiento a una persona con la que se mantiene o se ha mantenido una relaci\u00f3n en los t\u00e9rminos del inciso 1\u00b0.<br \/>\nCuando en el caso del inciso primero de este art\u00edculo, mediaren circunstancias extraordinarias de atenuaci\u00f3n, el juez podr\u00e1 aplicar prisi\u00f3n o reclusi\u00f3n de ocho a veinticinco a\u00f1os. Esto no ser\u00e1 aplicable a quien anteriormente hubiera realizado actos de violencia contra la mujer v\u00edctima, otra mujer u otra persona que se autoperciba con identidad de g\u00e9nero femenino.\u201d<br \/>\n<strong>Art\u00edculo 2\u00b0: <\/strong>Incorp\u00f3rase como art\u00edculo 80 bis al C\u00f3digo Penal el siguiente:<br \/>\n\u201cArt\u00edculo 80 bis: Se impondr\u00e1 prisi\u00f3n perpetua al hombre que matare a una mujer o a una persona que se autoperciba con identidad de g\u00e9nero femenino y mediare violencia de g\u00e9nero.\u201d<br \/>\n<strong>Art\u00edculo 3\u00b0:<\/strong>Comun\u00edquese al Poder Ejecutivo.<br \/>\n&nbsp;<br \/>\n&nbsp;<br \/>\n&nbsp;<br \/>\n&nbsp;<br \/>\nFuente: Perla Prigoshin<\/p>\n","protected":false},"excerpt":{"rendered":"<p>TEXTO DE LA MEDIA SANCI\u00d3N DE DIPUTADOS \u00a0Art\u00edculo 1\u00ba &#8211; Sustit\u00fayense los incisos 1\u00b0 y 4\u00b0 del art\u00edculo 80 del C\u00f3digo Penal que quedar\u00e1n redactados de la siguiente forma: Art\u00edculo 80: Se impondr\u00e1 reclusi\u00f3n perpetua o prisi\u00f3n perpetua, pudiendo aplicarse lo dispuesto en el art\u00edculo 52, al que matare: 1\u00b0. A su ascendiente, descendiente, c\u00f3nyuge, [&hellip;]<\/p>\n","protected":false},"author":1,"featured_media":0,"comment_status":"open","ping_status":"open","sticky":false,"template":"","format":"standard","meta":{"iawp_total_views":2,"footnotes":""},"categories":[5,4],"tags":[],"class_list":["post-4893","post","type-post","status-publish","format-standard","hentry","category-historias-de-vida","category-medios"],"nelio_content":{"autoShareEndMode":"never","automationSources":{"useCustomSentences":false,"customSentences":[]},"efiAlt":"","efiUrl":"","followers":[],"highlights":[],"isAutoShareEnabled":true,"networkImageIds":[],"permalinkQueryArgs":[],"series":[],"suggestedReferences":[]},"yoast_head":"<!-- This site is optimized with the Yoast SEO plugin v27.4 - https:\/\/yoast.com\/product\/yoast-seo-wordpress\/ -->\n<title>Femicidio - Diario Digital Femenino<\/title>\n<meta name=\"robots\" content=\"index, follow, max-snippet:-1, max-image-preview:large, max-video-preview:-1\" \/>\n<link rel=\"canonical\" href=\"https:\/\/diariofemenino.com.ar\/df\/femicidio\/\" \/>\n<meta property=\"og:locale\" content=\"es_ES\" \/>\n<meta property=\"og:type\" content=\"article\" \/>\n<meta property=\"og:title\" content=\"Femicidio - Diario Digital Femenino\" \/>\n<meta property=\"og:description\" content=\"TEXTO DE LA MEDIA SANCI\u00d3N DE DIPUTADOS \u00a0Art\u00edculo 1\u00ba &#8211; Sustit\u00fayense los incisos 1\u00b0 y 4\u00b0 del art\u00edculo 80 del C\u00f3digo Penal que quedar\u00e1n redactados de la siguiente forma: Art\u00edculo 80: Se impondr\u00e1 reclusi\u00f3n perpetua o prisi\u00f3n perpetua, pudiendo aplicarse lo dispuesto en el art\u00edculo 52, al que matare: 1\u00b0. A su ascendiente, descendiente, c\u00f3nyuge, [&hellip;]\" \/>\n<meta property=\"og:url\" content=\"https:\/\/diariofemenino.com.ar\/df\/femicidio\/\" \/>\n<meta property=\"og:site_name\" content=\"Diario Digital Femenino\" \/>\n<meta property=\"article:publisher\" content=\"https:\/\/www.facebook.com\/DiarioDigitaFemenino\/\" \/>\n<meta property=\"article:published_time\" content=\"2012-11-17T02:56:43+00:00\" \/>\n<meta property=\"og:image\" content=\"https:\/\/diariofemenino.com.ar\/df\/wp-content\/uploads\/2016\/10\/logo-negro.png\" \/>\n\t<meta property=\"og:image:width\" content=\"855\" \/>\n\t<meta property=\"og:image:height\" content=\"319\" \/>\n\t<meta property=\"og:image:type\" content=\"image\/png\" \/>\n<meta name=\"author\" content=\"Admin\" \/>\n<meta name=\"twitter:card\" content=\"summary_large_image\" \/>\n<meta name=\"twitter:creator\" content=\"@DiarioFemenino1\" \/>\n<meta name=\"twitter:site\" content=\"@DiarioFemenino1\" \/>\n<meta name=\"twitter:label1\" content=\"Escrito por\" \/>\n\t<meta name=\"twitter:data1\" content=\"Admin\" \/>\n\t<meta name=\"twitter:label2\" content=\"Tiempo de lectura\" \/>\n\t<meta name=\"twitter:data2\" content=\"3 minutos\" \/>\n<script type=\"application\/ld+json\" class=\"yoast-schema-graph\">{\"@context\":\"https:\\\/\\\/schema.org\",\"@graph\":[{\"@type\":\"Article\",\"@id\":\"https:\\\/\\\/diariofemenino.com.ar\\\/df\\\/femicidio\\\/#article\",\"isPartOf\":{\"@id\":\"https:\\\/\\\/diariofemenino.com.ar\\\/df\\\/femicidio\\\/\"},\"author\":{\"name\":\"Admin\",\"@id\":\"https:\\\/\\\/diariofemenino.com.ar\\\/df\\\/#\\\/schema\\\/person\\\/38f54b3bfd13f561de2460ba95c169c6\"},\"headline\":\"Femicidio\",\"datePublished\":\"2012-11-17T02:56:43+00:00\",\"mainEntityOfPage\":{\"@id\":\"https:\\\/\\\/diariofemenino.com.ar\\\/df\\\/femicidio\\\/\"},\"wordCount\":615,\"commentCount\":0,\"publisher\":{\"@id\":\"https:\\\/\\\/diariofemenino.com.ar\\\/df\\\/#organization\"},\"articleSection\":[\"Historias de vida\",\"Medios\"],\"inLanguage\":\"es\",\"potentialAction\":[{\"@type\":\"CommentAction\",\"name\":\"Comment\",\"target\":[\"https:\\\/\\\/diariofemenino.com.ar\\\/df\\\/femicidio\\\/#respond\"]}]},{\"@type\":\"WebPage\",\"@id\":\"https:\\\/\\\/diariofemenino.com.ar\\\/df\\\/femicidio\\\/\",\"url\":\"https:\\\/\\\/diariofemenino.com.ar\\\/df\\\/femicidio\\\/\",\"name\":\"Femicidio - Diario Digital Femenino\",\"isPartOf\":{\"@id\":\"https:\\\/\\\/diariofemenino.com.ar\\\/df\\\/#website\"},\"datePublished\":\"2012-11-17T02:56:43+00:00\",\"breadcrumb\":{\"@id\":\"https:\\\/\\\/diariofemenino.com.ar\\\/df\\\/femicidio\\\/#breadcrumb\"},\"inLanguage\":\"es\",\"potentialAction\":[{\"@type\":\"ReadAction\",\"target\":[\"https:\\\/\\\/diariofemenino.com.ar\\\/df\\\/femicidio\\\/\"]}]},{\"@type\":\"BreadcrumbList\",\"@id\":\"https:\\\/\\\/diariofemenino.com.ar\\\/df\\\/femicidio\\\/#breadcrumb\",\"itemListElement\":[{\"@type\":\"ListItem\",\"position\":1,\"name\":\"Portada\",\"item\":\"https:\\\/\\\/diariofemenino.com.ar\\\/df\\\/\"},{\"@type\":\"ListItem\",\"position\":2,\"name\":\"Femicidio\"}]},{\"@type\":\"WebSite\",\"@id\":\"https:\\\/\\\/diariofemenino.com.ar\\\/df\\\/#website\",\"url\":\"https:\\\/\\\/diariofemenino.com.ar\\\/df\\\/\",\"name\":\"Diario Digital Femenino\",\"description\":\"Cuesti\u00f3n de G\u00e9nero\",\"publisher\":{\"@id\":\"https:\\\/\\\/diariofemenino.com.ar\\\/df\\\/#organization\"},\"potentialAction\":[{\"@type\":\"SearchAction\",\"target\":{\"@type\":\"EntryPoint\",\"urlTemplate\":\"https:\\\/\\\/diariofemenino.com.ar\\\/df\\\/?s={search_term_string}\"},\"query-input\":{\"@type\":\"PropertyValueSpecification\",\"valueRequired\":true,\"valueName\":\"search_term_string\"}}],\"inLanguage\":\"es\"},{\"@type\":\"Organization\",\"@id\":\"https:\\\/\\\/diariofemenino.com.ar\\\/df\\\/#organization\",\"name\":\"Diario Femenino\",\"url\":\"https:\\\/\\\/diariofemenino.com.ar\\\/df\\\/\",\"logo\":{\"@type\":\"ImageObject\",\"inLanguage\":\"es\",\"@id\":\"https:\\\/\\\/diariofemenino.com.ar\\\/df\\\/#\\\/schema\\\/logo\\\/image\\\/\",\"url\":\"https:\\\/\\\/diariofemenino.com.ar\\\/df\\\/wp-content\\\/uploads\\\/2018\\\/10\\\/logo.png\",\"contentUrl\":\"https:\\\/\\\/diariofemenino.com.ar\\\/df\\\/wp-content\\\/uploads\\\/2018\\\/10\\\/logo.png\",\"width\":500,\"height\":92,\"caption\":\"Diario Femenino\"},\"image\":{\"@id\":\"https:\\\/\\\/diariofemenino.com.ar\\\/df\\\/#\\\/schema\\\/logo\\\/image\\\/\"},\"sameAs\":[\"https:\\\/\\\/www.facebook.com\\\/DiarioDigitaFemenino\\\/\",\"https:\\\/\\\/x.com\\\/DiarioFemenino1\"]},{\"@type\":\"Person\",\"@id\":\"https:\\\/\\\/diariofemenino.com.ar\\\/df\\\/#\\\/schema\\\/person\\\/38f54b3bfd13f561de2460ba95c169c6\",\"name\":\"Admin\",\"image\":{\"@type\":\"ImageObject\",\"inLanguage\":\"es\",\"@id\":\"https:\\\/\\\/diariofemenino.com.ar\\\/df\\\/wp-content\\\/uploads\\\/2018\\\/12\\\/favicon-150x150.jpg\",\"url\":\"https:\\\/\\\/diariofemenino.com.ar\\\/df\\\/wp-content\\\/uploads\\\/2018\\\/12\\\/favicon-150x150.jpg\",\"contentUrl\":\"https:\\\/\\\/diariofemenino.com.ar\\\/df\\\/wp-content\\\/uploads\\\/2018\\\/12\\\/favicon-150x150.jpg\",\"caption\":\"Admin\"},\"url\":\"https:\\\/\\\/diariofemenino.com.ar\\\/df\\\/author\\\/adm18df\\\/\"}]}<\/script>\n<!-- \/ Yoast SEO plugin. -->","yoast_head_json":{"title":"Femicidio - Diario Digital Femenino","robots":{"index":"index","follow":"follow","max-snippet":"max-snippet:-1","max-image-preview":"max-image-preview:large","max-video-preview":"max-video-preview:-1"},"canonical":"https:\/\/diariofemenino.com.ar\/df\/femicidio\/","og_locale":"es_ES","og_type":"article","og_title":"Femicidio - Diario Digital Femenino","og_description":"TEXTO DE LA MEDIA SANCI\u00d3N DE DIPUTADOS \u00a0Art\u00edculo 1\u00ba &#8211; Sustit\u00fayense los incisos 1\u00b0 y 4\u00b0 del art\u00edculo 80 del C\u00f3digo Penal que quedar\u00e1n redactados de la siguiente forma: Art\u00edculo 80: Se impondr\u00e1 reclusi\u00f3n perpetua o prisi\u00f3n perpetua, pudiendo aplicarse lo dispuesto en el art\u00edculo 52, al que matare: 1\u00b0. A su ascendiente, descendiente, c\u00f3nyuge, [&hellip;]","og_url":"https:\/\/diariofemenino.com.ar\/df\/femicidio\/","og_site_name":"Diario Digital Femenino","article_publisher":"https:\/\/www.facebook.com\/DiarioDigitaFemenino\/","article_published_time":"2012-11-17T02:56:43+00:00","og_image":[{"width":855,"height":319,"url":"https:\/\/diariofemenino.com.ar\/df\/wp-content\/uploads\/2016\/10\/logo-negro.png","type":"image\/png"}],"author":"Admin","twitter_card":"summary_large_image","twitter_creator":"@DiarioFemenino1","twitter_site":"@DiarioFemenino1","twitter_misc":{"Escrito por":"Admin","Tiempo de lectura":"3 minutos"},"schema":{"@context":"https:\/\/schema.org","@graph":[{"@type":"Article","@id":"https:\/\/diariofemenino.com.ar\/df\/femicidio\/#article","isPartOf":{"@id":"https:\/\/diariofemenino.com.ar\/df\/femicidio\/"},"author":{"name":"Admin","@id":"https:\/\/diariofemenino.com.ar\/df\/#\/schema\/person\/38f54b3bfd13f561de2460ba95c169c6"},"headline":"Femicidio","datePublished":"2012-11-17T02:56:43+00:00","mainEntityOfPage":{"@id":"https:\/\/diariofemenino.com.ar\/df\/femicidio\/"},"wordCount":615,"commentCount":0,"publisher":{"@id":"https:\/\/diariofemenino.com.ar\/df\/#organization"},"articleSection":["Historias de vida","Medios"],"inLanguage":"es","potentialAction":[{"@type":"CommentAction","name":"Comment","target":["https:\/\/diariofemenino.com.ar\/df\/femicidio\/#respond"]}]},{"@type":"WebPage","@id":"https:\/\/diariofemenino.com.ar\/df\/femicidio\/","url":"https:\/\/diariofemenino.com.ar\/df\/femicidio\/","name":"Femicidio - Diario Digital Femenino","isPartOf":{"@id":"https:\/\/diariofemenino.com.ar\/df\/#website"},"datePublished":"2012-11-17T02:56:43+00:00","breadcrumb":{"@id":"https:\/\/diariofemenino.com.ar\/df\/femicidio\/#breadcrumb"},"inLanguage":"es","potentialAction":[{"@type":"ReadAction","target":["https:\/\/diariofemenino.com.ar\/df\/femicidio\/"]}]},{"@type":"BreadcrumbList","@id":"https:\/\/diariofemenino.com.ar\/df\/femicidio\/#breadcrumb","itemListElement":[{"@type":"ListItem","position":1,"name":"Portada","item":"https:\/\/diariofemenino.com.ar\/df\/"},{"@type":"ListItem","position":2,"name":"Femicidio"}]},{"@type":"WebSite","@id":"https:\/\/diariofemenino.com.ar\/df\/#website","url":"https:\/\/diariofemenino.com.ar\/df\/","name":"Diario Digital Femenino","description":"Cuesti\u00f3n de G\u00e9nero","publisher":{"@id":"https:\/\/diariofemenino.com.ar\/df\/#organization"},"potentialAction":[{"@type":"SearchAction","target":{"@type":"EntryPoint","urlTemplate":"https:\/\/diariofemenino.com.ar\/df\/?s={search_term_string}"},"query-input":{"@type":"PropertyValueSpecification","valueRequired":true,"valueName":"search_term_string"}}],"inLanguage":"es"},{"@type":"Organization","@id":"https:\/\/diariofemenino.com.ar\/df\/#organization","name":"Diario Femenino","url":"https:\/\/diariofemenino.com.ar\/df\/","logo":{"@type":"ImageObject","inLanguage":"es","@id":"https:\/\/diariofemenino.com.ar\/df\/#\/schema\/logo\/image\/","url":"https:\/\/diariofemenino.com.ar\/df\/wp-content\/uploads\/2018\/10\/logo.png","contentUrl":"https:\/\/diariofemenino.com.ar\/df\/wp-content\/uploads\/2018\/10\/logo.png","width":500,"height":92,"caption":"Diario Femenino"},"image":{"@id":"https:\/\/diariofemenino.com.ar\/df\/#\/schema\/logo\/image\/"},"sameAs":["https:\/\/www.facebook.com\/DiarioDigitaFemenino\/","https:\/\/x.com\/DiarioFemenino1"]},{"@type":"Person","@id":"https:\/\/diariofemenino.com.ar\/df\/#\/schema\/person\/38f54b3bfd13f561de2460ba95c169c6","name":"Admin","image":{"@type":"ImageObject","inLanguage":"es","@id":"https:\/\/diariofemenino.com.ar\/df\/wp-content\/uploads\/2018\/12\/favicon-150x150.jpg","url":"https:\/\/diariofemenino.com.ar\/df\/wp-content\/uploads\/2018\/12\/favicon-150x150.jpg","contentUrl":"https:\/\/diariofemenino.com.ar\/df\/wp-content\/uploads\/2018\/12\/favicon-150x150.jpg","caption":"Admin"},"url":"https:\/\/diariofemenino.com.ar\/df\/author\/adm18df\/"}]}},"jetpack_featured_media_url":"","jetpack_sharing_enabled":true,"rttpg_featured_image_url":null,"rttpg_author":{"display_name":"Admin","author_link":"https:\/\/diariofemenino.com.ar\/df\/author\/adm18df\/"},"rttpg_comment":0,"rttpg_category":"<a href=\"https:\/\/diariofemenino.com.ar\/df\/category\/historias-de-vida\/\" rel=\"category tag\">Historias de vida<\/a> <a href=\"https:\/\/diariofemenino.com.ar\/df\/category\/medios\/\" rel=\"category tag\">Medios<\/a>","rttpg_excerpt":"TEXTO DE LA MEDIA SANCI\u00d3N DE DIPUTADOS \u00a0Art\u00edculo 1\u00ba &#8211; Sustit\u00fayense los incisos 1\u00b0 y 4\u00b0 del art\u00edculo 80 del C\u00f3digo Penal que quedar\u00e1n redactados de la siguiente forma: Art\u00edculo 80: Se impondr\u00e1 reclusi\u00f3n perpetua o prisi\u00f3n perpetua, pudiendo aplicarse lo dispuesto en el art\u00edculo 52, al que matare: 1\u00b0. A su ascendiente, descendiente, c\u00f3nyuge,&hellip;","_links":{"self":[{"href":"https:\/\/diariofemenino.com.ar\/df\/wp-json\/wp\/v2\/posts\/4893","targetHints":{"allow":["GET"]}}],"collection":[{"href":"https:\/\/diariofemenino.com.ar\/df\/wp-json\/wp\/v2\/posts"}],"about":[{"href":"https:\/\/diariofemenino.com.ar\/df\/wp-json\/wp\/v2\/types\/post"}],"author":[{"embeddable":true,"href":"https:\/\/diariofemenino.com.ar\/df\/wp-json\/wp\/v2\/users\/1"}],"replies":[{"embeddable":true,"href":"https:\/\/diariofemenino.com.ar\/df\/wp-json\/wp\/v2\/comments?post=4893"}],"version-history":[{"count":0,"href":"https:\/\/diariofemenino.com.ar\/df\/wp-json\/wp\/v2\/posts\/4893\/revisions"}],"wp:attachment":[{"href":"https:\/\/diariofemenino.com.ar\/df\/wp-json\/wp\/v2\/media?parent=4893"}],"wp:term":[{"taxonomy":"category","embeddable":true,"href":"https:\/\/diariofemenino.com.ar\/df\/wp-json\/wp\/v2\/categories?post=4893"},{"taxonomy":"post_tag","embeddable":true,"href":"https:\/\/diariofemenino.com.ar\/df\/wp-json\/wp\/v2\/tags?post=4893"}],"curies":[{"name":"wp","href":"https:\/\/api.w.org\/{rel}","templated":true}]}}