{"id":48905,"date":"2020-05-25T17:33:43","date_gmt":"2020-05-25T20:33:43","guid":{"rendered":"https:\/\/diariofemenino.com.ar\/?p=48905"},"modified":"2020-05-25T17:33:43","modified_gmt":"2020-05-25T20:33:43","slug":"varones-y-tareas-del-hogar-por-que-bajo-el-rendimiento-academico-femenino","status":"publish","type":"post","link":"https:\/\/diariofemenino.com.ar\/df\/varones-y-tareas-del-hogar-por-que-bajo-el-rendimiento-academico-femenino\/","title":{"rendered":"Varones y tareas del hogar: \u00bfpor qu\u00e9 baj\u00f3 el rendimiento acad\u00e9mico femenino?"},"content":{"rendered":"<h3 class=\"newsfull__title\" style=\"text-align: center;\">Varones y tareas del hogar: \u00bfpor qu\u00e9 baj\u00f3 el rendimiento acad\u00e9mico femenino?<\/h3>\n<p>La crisis del coronavirus est\u00e1 exacerbando las disparidades de g\u00e9nero. Los <a href=\"https:\/\/diariofemenino.com.ar\/el-trabajo-domestico-no-remunerado-equivale-a-un-41-del-pib\/\">quehaceres dom\u00e9sticos<\/a>, ligados desde d\u00e9cadas al rol femenino, juegan un papel que complejiza\u00a0el aislamiento. En la academia la entrega de papers de las investigadoras se redujo y crece la preocupaci\u00f3n.<\/p>\n<p>\u201c<strong>El silencio y la concentraci\u00f3n son fundamentales para mi pensamiento y ense\u00f1anza<\/strong>. Cuando grabo lecciones para que mis alumnos las vean online, minimizar el ruido de fondo es imprescindible. Pero mi hijo tiene dos a\u00f1os. En la primera lecci\u00f3n que intent\u00e9 grabar, se puede escuchar claramente su trompeta de juguete durante las \u00faltimas dos diapositivas de la presentaci\u00f3n.\u00a0La noche y el amanecer, cuando est\u00e1 dormido, son mis \u00fanicas opciones para grabar\u201d, cuenta\u00a0<strong>Alessandra Minello<\/strong>, estad\u00edstica y dem\u00f3grafa social en la Universidad de Florencia (Italia), en una\u00a0art\u00edculo\u00a0de la revista Nature.<\/p>\n<p>Y contin\u00faa: \u201cEsta pandemia puede ense\u00f1arnos una lecci\u00f3n importante: madres y padres se enfrentan a una\u00a0<strong>reorganizaci\u00f3n a corto plazo de la atenci\u00f3n y el tiempo de trabajo<\/strong>. A la larga, estos cambios en la productividad afectar\u00e1n las carreras. Aquellos con menos tareas de cuidado apuntan a las estrellas.\u00a0\u00bfAlguien en la comunidad acad\u00e9mica tendr\u00e1 en cuenta este desequilibrio respecto a nuestro g\u00e9nero? No. Todos y todas participaremos en una competencia abierta para promoci\u00f3n y puestos, tanto padres como no padres\u201d.<\/p>\n<p>El aislamiento social nos desconfigur\u00f3 absolutamente todas las actividades diarias; y\u00a0mientras que para algunos esa reorganizaci\u00f3n del tiempo pudo significar la oportunidad y el lujo de una mayor dedicaci\u00f3n a la vida profesional, para otras, implic\u00f3 todo lo contrario.<\/p>\n<div><img loading=\"lazy\" decoding=\"async\" class=\"alignnone size-full wp-image-48907\" src=\"https:\/\/diariofemenino.com.ar\/df\/wp-content\/uploads\/2020\/05\/SYY2P8F11_163547.jpg\" alt=\"\" width=\"1280\" height=\"720\" srcset=\"https:\/\/diariofemenino.com.ar\/df\/wp-content\/uploads\/2020\/05\/SYY2P8F11_163547.jpg 1280w, https:\/\/diariofemenino.com.ar\/df\/wp-content\/uploads\/2020\/05\/SYY2P8F11_163547-300x169.jpg 300w, https:\/\/diariofemenino.com.ar\/df\/wp-content\/uploads\/2020\/05\/SYY2P8F11_163547-768x432.jpg 768w, https:\/\/diariofemenino.com.ar\/df\/wp-content\/uploads\/2020\/05\/SYY2P8F11_163547-1024x576.jpg 1024w\" sizes=\"auto, (max-width: 1280px) 100vw, 1280px\" \/><\/div>\n<div>\n<h4>\u00bfQu\u00e9 pasa en la academia?<\/h4>\n<p>Varias semanas despu\u00e9s de comenzada la cuarentena generalizada, editores de revistas acad\u00e9micas comenzaron a notar una preocupante pero nada sorprendente\u00a0<strong>tendencia<\/strong>:\u00a0las mujeres \u2014sobre quienes contin\u00faa recayendo de manera desproporcionada la carga del trabajo dom\u00e9stico y de cuidado\u2014 parecen estar presentando menos publicaciones cient\u00edficas.<\/p>\n<p>Un ejemplo de esto es lo que se\u00f1ala\u00a0<strong>Andy Casey<\/strong>, astrof\u00edsica de la Universidad de Monash (Australia) en\u00a0TheLily: analizando el n\u00famero de art\u00edculos cient\u00edficos enviados a los servidores de\u00a0<em>preprints\u00a0<\/em>(donde los acad\u00e9micos suelen publicar versiones tempranas de sus trabajos) y comparando los datos de enero a abril del 2020 con el mismo per\u00edodo de a\u00f1os anteriores, Casey not\u00f3\u00a0<strong>hasta un 50% de p\u00e9rdida de productividad entre las mujeres<\/strong>. Y, de hecho,\u00a0no fue la \u00fanica en advertir estas diferencias:<\/p>\n<p><img loading=\"lazy\" decoding=\"async\" class=\"alignnone size-full wp-image-48909\" src=\"https:\/\/diariofemenino.com.ar\/df\/wp-content\/uploads\/2020\/05\/twi.png\" alt=\"\" width=\"559\" height=\"273\" srcset=\"https:\/\/diariofemenino.com.ar\/df\/wp-content\/uploads\/2020\/05\/twi.png 559w, https:\/\/diariofemenino.com.ar\/df\/wp-content\/uploads\/2020\/05\/twi-300x147.png 300w\" sizes=\"auto, (max-width: 559px) 100vw, 559px\" \/><\/p>\n<p>\u00abSiento que arXiv [web donde se comparten\u00a0<em>preprits<\/em>]\u00a0<strong>se sesg\u00f3 fuertemente en las \u00faltimas semanas<\/strong>. Tambi\u00e9n las presentaciones en papel que estoy viendo como editora. \u00bfAlguien investig\u00f3 esto en la astrof\u00edsica?\u00bb, cuestiona<strong>\u00a0Anna Watts<\/strong>, profesora de astrof\u00edsica en la Universidad de Amsterdam.<\/p>\n<p>Esta problem\u00e1tica no se da, aparentemente, solo entre quienes se dedican al estudio de los objetos astron\u00f3micos.\u00a0<strong>Elizabeth Hannon<\/strong>, editora adjunta del\u00a0<em>British Journal for the Philosophy of Science<\/em>,\u00a0dijo que\u00a0los n\u00fameros eran diferentes a todo lo que hab\u00eda visto antes.<\/p>\n<p>\u00ab<strong>Hubo un n\u00famero insignificante de env\u00edos [de papers]\u00a0a la revista realizados por mujeres en el \u00faltimo mes<\/strong>. Nunca he visto algo as\u00ed\u00bb.<\/p>\n<p><em>Comparative Political Studies<\/em>,\u00a0una revista dedicada a trabajos acad\u00e9micos en torno a\u00a0an\u00e1lisis pol\u00edticos, mientras tanto, si bien recibi\u00f3 el mismo n\u00famero de papers\u00a0por mujeres este a\u00f1o y el a\u00f1o pasado,\u00a0<strong>los\u00a0realizados por\u00a0hombres aumentaron m\u00e1s del 50%<\/strong>.<\/p>\n<p>Aunque esta cuesti\u00f3n no se empez\u00f3 a investigar \u2014todav\u00eda\u2014 de forma sistem\u00e1tica en las revistas acad\u00e9micas, parece reflejar un\u00a0<strong>patr\u00f3n<\/strong>:\u00a0si hombres y mujeres est\u00e1n en sus casas, los hombres siempre \u00abencuentran la manera\u00bb de <a href=\"https:\/\/diariofemenino.com.ar\/enrique-stola-hay-varones-que-aprendieron-el-discurso-politicamente-correcto-del-feminismo-pero-ocultan-el-sostenimiento-del-machismo\/\">hacer m\u00e1s trabajo acad\u00e9mico<\/a>, mientras que las mujeres tienden a pasar ese tiempo centradas principal o \u00fanicamente en el <a href=\"https:\/\/diariofemenino.com.ar\/la-romantizacion-del-trabajo-domestico\/\">cuidado infantil y el trabajo dom\u00e9stico.<\/a><\/p>\n<h4>\u00bfY el trabajo dom\u00e9stico y de cuidado?<\/h4>\n<p>Seg\u00fan el estudio de la Ciudad de Buenos Aires,\u00a0<strong>el 70% del trabajo dom\u00e9stico no remunerado lo realizan las mujeres<\/strong>. Este n\u00famero no solo incluye la limpieza del hogar<strong>\u00a0<\/strong>sino tambi\u00e9n las cuestiones referidas al cuidado, la vestimenta, la preparaci\u00f3n de alimentos y la realizaci\u00f3n de compras, tr\u00e1mites y las actividades de voluntariado.<\/p>\n<p>Otro estudio, sobre Uso del Tiempo del Instituto Nacional de Estad\u00edstica y Censos (Indec), indica que<strong>\u00a0las mujeres invierten tres horas m\u00e1s de su tiempo que los hombres en las tareas dom\u00e9sticas<\/strong>. Y estas diferencias se verifican, pr\u00e1cticamente, en cada provincia del pa\u00eds. \u00abEl 76% de los trabajos dom\u00e9sticos no remunerados en Argentina son realizados por mujeres.\u00a0Incluso las mujeres que trabajan\u00a0full\u00a0time le dedican m\u00e1s tiempo de su vida a estas actividades que los hombres que est\u00e1n desempleados\u00bb, sostiene la economista y directora de Econom\u00eda, Igualdad y G\u00e9nero de la provincia de Buenos Aires\u00a0<strong>Mercedes d&#8217;Alessandro<\/strong>.<\/p>\n<p>El mismo estudio indica tambi\u00e9n que<strong>\u00a0nueve de cada diez mujeres dedica gran parte de su d\u00eda a estas tareas<\/strong>\u00a0que incluyen cocinar, limpiar, cuidar ni\u00f1os y adultos mayores mientras que, entre los varones, la participaci\u00f3n es menor:\u00a0<strong>solo seis de cada diez realizan estas tareas y tambi\u00e9n en menor tiempo promedio<\/strong>.\u00a0<img loading=\"lazy\" decoding=\"async\" class=\"alignnone size-full wp-image-48910\" src=\"https:\/\/diariofemenino.com.ar\/df\/wp-content\/uploads\/2020\/05\/istock-973228058.jpg_242985446.jpg\" alt=\"\" width=\"798\" height=\"562\" srcset=\"https:\/\/diariofemenino.com.ar\/df\/wp-content\/uploads\/2020\/05\/istock-973228058.jpg_242985446.jpg 798w, https:\/\/diariofemenino.com.ar\/df\/wp-content\/uploads\/2020\/05\/istock-973228058.jpg_242985446-300x211.jpg 300w, https:\/\/diariofemenino.com.ar\/df\/wp-content\/uploads\/2020\/05\/istock-973228058.jpg_242985446-768x541.jpg 768w\" sizes=\"auto, (max-width: 798px) 100vw, 798px\" \/><\/p>\n<p>Ahora bien, todos estos n\u00fameros corresponden a hogares antes del coronavirus. Hoy, tanto mujeres como varones se encuentran en sus casas, encerrades y sin poder esquivar demasiado las tareas dom\u00e9sticas. De hecho,\u00a0como pasamos tanto m\u00e1s tiempo en nuestras viviendas, los platos y la ropa sucia, el desorden y los labores se multiplican.<\/p>\n<p>Si bien<strong>\u00a0desde hace d\u00e9cadas los feminismos cuestionan y luchan en contra del rol cultural impl\u00edcito y expl\u00edcito que tiene la mujer respecto a este tipo de tareas<\/strong>, los cuales marcan y designan al g\u00e9nero femenino como responsable de las mismas, en estos contextos, las cifras hablan por s\u00ed solas. Ellas, en sus casas, dedican mucho m\u00e1s tiempo que los varones al cuidado y la limpieza.<\/p>\n<p>La mujer tiende a sacrificar aspectos de su vida personal para poder cumplir con las demandas del hogar y la familia. La mu\u00f1eca y la cocinita que nos regalaron a los cinco a\u00f1os, exactamente eso nos marc\u00f3:\u00a0<strong>el deber ser y deber servir<\/strong>.<\/p>\n<p>A\u00fan as\u00ed, el mundo cambi\u00f3 y si bien estas conductas se repiten,\u00a0<strong>las mujeres existen y resisten en el \u00e1mbito p\u00fablico y laboral<\/strong>. Seg\u00fan el Ministerio de Trabajo de la Naci\u00f3n, en las \u00faltimas d\u00e9cadas, las tasas de participaci\u00f3n de las mujeres en el mercado de trabajo pasaron del 36,8% en 1990 al 48,1% en el primer trimestre del 2017.<\/p>\n<p>Y si bien las mujeres representan la mitad de la poblaci\u00f3n, su tasa de empleo sigue siendo m\u00e1s baja que la de los varones: 43,1% para las mujeres y 66,3% para los varones y, nuestros salarios, tambi\u00e9n:\u00a0<strong>las mujeres ganan un 27% menos que sus colegas<\/strong>.<\/p>\n<p>Y hete aqu\u00ed el embrollo, porque ese 43,1% de feminidades que tienen un trabajo formal, se ocupan tambi\u00e9n de las cuestiones del hogar mientras que, los varones, contin\u00faan \u00abayudando\u00bb en casa.<\/p>\n<h4>El rol de los hombres<\/h4>\n<p>Hoy m\u00e1s que nunca es importante entender por qu\u00e9 la distribuci\u00f3n de este tipo de actividades es necesaria. Durante muchos a\u00f1os<strong>\u00a0las mujeres relegaron su vida laboral por las tareas de cuidado y limpieza\u00a0<\/strong>y estos papers no publicados, son la clara muestra de que a\u00fan esa tendencia contin\u00faa.<\/p>\n<p>Los\u00a0<strong>criterios de evaluaci\u00f3n<\/strong>\u00a0para acceder a la carrera de investigador, doctorados y cargos jer\u00e1rquicos, o bien a becas, subsidios y financiaci\u00f3n de proyectos; depende de, entre otras cosas, los\u00a0<strong>antecedentes\u00a0<\/strong>(l\u00e9ase: publicaciones cient\u00edficas en revistas y participaci\u00f3n en proyectos de investigaci\u00f3n). Entonces,\u00a0una menor dedicaci\u00f3n va a impactar, inevitablemente, en sus posibilidades. Y en una cultura que promueve y paga menos a las mujeres que a los hombres, esta situaci\u00f3n excepcional no hace m\u00e1s que<strong>\u00a0profundizar esa desigualdad<\/strong>. Una desigualdad que se ve reflejada no solo en la academia sino en la vida profesional de las mujeres en general.<\/p>\n<div>\n<figure class=\"image\"><img decoding=\"async\" title=\"\" src=\"https:\/\/www.filo.news\/export\/sites\/claro\/img\/2020\/05\/04\/im_bretxasalarial.jpg_1844010164.jpg\" alt=\"\" hspace=\"5\" vspace=\"5\" data-height=\"408\" data-size=\"w:726,h:408\" data-width=\"726\" \/><\/figure>\n<\/div>\n<p>Por otro lado, aunque se est\u00e1 produciendo un cambio notable en la sociedad respecto a los roles est\u00e1ticos y su incidencia en la desigualdad de oportunidades, a\u00fan hoy<strong>, la log\u00edstica, planificaci\u00f3n, coordinaci\u00f3n y toma de decisiones en el hogar<\/strong>, recae m\u00e1s en las mujeres que en los hombres.\u00a0La carga mental respecto a estas cuestiones tiene g\u00e9nero y ese g\u00e9nero es femenino.<\/p>\n<p><strong>No alcanza con dividir las tareas dom\u00e9sticas<\/strong>, tambi\u00e9n hay que lograr un equilibrio en la cantidad de tiempo ps\u00edquico que se ocupa en este tipo de cuestiones. Porque\u00a0la baja de investigaciones por parte de las mujeres cient\u00edficas, si bien habla de una proporci\u00f3n peque\u00f1a de nuestra sociedad, puede leerse como un espejo de lo que sucede fuera.<\/p>\n<h4>\u00bfY las personas trans y no binarias?<\/h4>\n<p>Una cuesti\u00f3n que falta abordar en las publicaciones cient\u00edficas, los censos, el estudio del trabajo no remunerado, el uso del tiempo y pr\u00e1cticamente cualquier otro tipo de an\u00e1lisis social, es\u00a0<strong>la poca (o nula) informaci\u00f3n sobre personas trans y no binarias<\/strong>. La invisibilizaci\u00f3n, la discriminaci\u00f3n hacia identidades disidentes y la ausencia de perspectiva de g\u00e9nero deja a las personas trans y no binarias\u00a0<strong>excluidas no solo de la construcci\u00f3n del conocimiento sino tambi\u00e9n de pol\u00edticas y estad\u00edsticas que puedan mejorar la situaci\u00f3n de este grupo poblacional<\/strong>.<\/p>\n<p>Fuente: <a href=\"https:\/\/www.filo.news\/genero\/Varones-y-tareas-del-hogar-por-que-bajo-el-rendimiento-academico-femenino-20200428-0044.html\">Filonews<\/a><\/p>\n<div>\n<div id=\"twitter-36\" class=\"ck-twitter\">\n<div id=\"google_center_div\">\n<div id=\"google_image_div\">\n<div dir=\"ltr\" aria-hidden=\"true\"><\/div>\n<div id=\"abgc\" class=\"&quot;abgc\" dir=\"ltr\" aria-hidden=\"true\">\n<div id=\"abgcp\" class=\"&quot;abgcp\">\n<div id=\"abgb\" class=\"abgb\"><\/div>\n<\/div>\n<form id=\"mta\" class=\"&quot;sv\" action=\"\/\/g.co\" target=\"_blank\"><input id=\"spr0\" name=\"a\" type=\"radio\" \/><input id=\"spr1\" name=\"a\" type=\"radio\" \/><input id=\"spr2\" name=\"a\" type=\"radio\" \/><input id=\"spr3\" name=\"a\" type=\"radio\" \/><\/p>\n<div id=\"spv1\" class=\"&quot;pn\"><\/div>\n<\/form>\n<\/div>\n<\/div>\n<\/div>\n<\/div>\n<\/div>\n<\/div>\n","protected":false},"excerpt":{"rendered":"<p>Varones y tareas del hogar: \u00bfpor qu\u00e9 baj\u00f3 el rendimiento acad\u00e9mico femenino? La crisis del coronavirus est\u00e1 exacerbando las disparidades de g\u00e9nero. Los quehaceres dom\u00e9sticos, ligados desde d\u00e9cadas al rol femenino, juegan un papel que complejiza\u00a0el aislamiento. En la academia la entrega de papers de las investigadoras se redujo y crece la preocupaci\u00f3n. \u201cEl silencio [&hellip;]<\/p>\n","protected":false},"author":3,"featured_media":48912,"comment_status":"open","ping_status":"open","sticky":false,"template":"","format":"standard","meta":{"iawp_total_views":12,"footnotes":""},"categories":[182],"tags":[3177,130,3176,45,3175],"class_list":["post-48905","post","type-post","status-publish","format-standard","has-post-thumbnail","hentry","category-informes","tag-carga-mental","tag-mujeres","tag-roles-de-cuidado","tag-trabajo","tag-varones-y-paternidad"],"nelio_content":{"autoShareEndMode":"never","automationSources":{"useCustomSentences":false,"customSentences":[]},"efiAlt":"","efiUrl":"","followers":[3],"highlights":[],"isAutoShareEnabled":true,"networkImageIds":[],"permalinkQueryArgs":[],"series":[],"suggestedReferences":[]},"yoast_head":"<!-- This site is optimized with the Yoast SEO plugin v27.5 - https:\/\/yoast.com\/product\/yoast-seo-wordpress\/ -->\n<title>Varones y tareas del hogar: \u00bfpor qu\u00e9 baj\u00f3 el rendimiento acad\u00e9mico femenino? - Diario Digital Femenino<\/title>\n<meta name=\"description\" content=\"Varones y tareas del hogar: \u00bfpor qu\u00e9 baj\u00f3 el rendimiento acad\u00e9mico femenino?La crisis del coronavirus est\u00e1 exacerbando las disparidades de g\u00e9nero. Los\" \/>\n<meta name=\"robots\" content=\"index, follow, max-snippet:-1, max-image-preview:large, max-video-preview:-1\" \/>\n<link rel=\"canonical\" href=\"https:\/\/diariofemenino.com.ar\/df\/varones-y-tareas-del-hogar-por-que-bajo-el-rendimiento-academico-femenino\/\" \/>\n<meta property=\"og:locale\" content=\"es_ES\" \/>\n<meta property=\"og:type\" content=\"article\" \/>\n<meta property=\"og:title\" content=\"Varones y tareas del hogar: \u00bfpor qu\u00e9 baj\u00f3 el rendimiento acad\u00e9mico femenino? - Diario Digital Femenino\" \/>\n<meta property=\"og:description\" content=\"Varones y tareas del hogar: \u00bfpor qu\u00e9 baj\u00f3 el rendimiento acad\u00e9mico femenino?La crisis del coronavirus est\u00e1 exacerbando las disparidades de g\u00e9nero. Los\" \/>\n<meta property=\"og:url\" content=\"https:\/\/diariofemenino.com.ar\/df\/varones-y-tareas-del-hogar-por-que-bajo-el-rendimiento-academico-femenino\/\" \/>\n<meta property=\"og:site_name\" content=\"Diario Digital Femenino\" \/>\n<meta property=\"article:publisher\" content=\"https:\/\/www.facebook.com\/DiarioDigitaFemenino\/\" \/>\n<meta property=\"article:published_time\" content=\"2020-05-25T20:33:43+00:00\" \/>\n<meta property=\"og:image\" content=\"https:\/\/diariofemenino.com.ar\/df\/wp-content\/uploads\/2020\/05\/varon.jpg\" \/>\n\t<meta property=\"og:image:width\" content=\"810\" \/>\n\t<meta property=\"og:image:height\" content=\"450\" \/>\n\t<meta property=\"og:image:type\" content=\"image\/jpeg\" \/>\n<meta name=\"author\" content=\"Admin\" \/>\n<meta name=\"twitter:card\" content=\"summary_large_image\" \/>\n<meta name=\"twitter:creator\" content=\"@DiarioFemenino1\" \/>\n<meta name=\"twitter:site\" content=\"@DiarioFemenino1\" \/>\n<meta name=\"twitter:label1\" content=\"Escrito por\" \/>\n\t<meta name=\"twitter:data1\" content=\"Admin\" \/>\n\t<meta name=\"twitter:label2\" content=\"Tiempo de lectura\" \/>\n\t<meta name=\"twitter:data2\" content=\"8 minutos\" \/>\n<script type=\"application\/ld+json\" class=\"yoast-schema-graph\">{\"@context\":\"https:\\\/\\\/schema.org\",\"@graph\":[{\"@type\":\"Article\",\"@id\":\"https:\\\/\\\/diariofemenino.com.ar\\\/df\\\/varones-y-tareas-del-hogar-por-que-bajo-el-rendimiento-academico-femenino\\\/#article\",\"isPartOf\":{\"@id\":\"https:\\\/\\\/diariofemenino.com.ar\\\/df\\\/varones-y-tareas-del-hogar-por-que-bajo-el-rendimiento-academico-femenino\\\/\"},\"author\":{\"name\":\"Admin\",\"@id\":\"https:\\\/\\\/diariofemenino.com.ar\\\/df\\\/#\\\/schema\\\/person\\\/1c36bc3bf394d8ec320814298b4fdd3f\"},\"headline\":\"Varones y tareas del hogar: \u00bfpor qu\u00e9 baj\u00f3 el rendimiento acad\u00e9mico femenino?\",\"datePublished\":\"2020-05-25T20:33:43+00:00\",\"mainEntityOfPage\":{\"@id\":\"https:\\\/\\\/diariofemenino.com.ar\\\/df\\\/varones-y-tareas-del-hogar-por-que-bajo-el-rendimiento-academico-femenino\\\/\"},\"wordCount\":1632,\"commentCount\":0,\"publisher\":{\"@id\":\"https:\\\/\\\/diariofemenino.com.ar\\\/df\\\/#organization\"},\"image\":{\"@id\":\"https:\\\/\\\/diariofemenino.com.ar\\\/df\\\/varones-y-tareas-del-hogar-por-que-bajo-el-rendimiento-academico-femenino\\\/#primaryimage\"},\"thumbnailUrl\":\"https:\\\/\\\/diariofemenino.com.ar\\\/df\\\/wp-content\\\/uploads\\\/2020\\\/05\\\/varon.jpg\",\"keywords\":[\"carga mental\",\"Mujeres\",\"roles de cuidado\",\"Trabajo\",\"varones y paternidad\"],\"articleSection\":[\"Informes\"],\"inLanguage\":\"es\",\"potentialAction\":[{\"@type\":\"CommentAction\",\"name\":\"Comment\",\"target\":[\"https:\\\/\\\/diariofemenino.com.ar\\\/df\\\/varones-y-tareas-del-hogar-por-que-bajo-el-rendimiento-academico-femenino\\\/#respond\"]}]},{\"@type\":\"WebPage\",\"@id\":\"https:\\\/\\\/diariofemenino.com.ar\\\/df\\\/varones-y-tareas-del-hogar-por-que-bajo-el-rendimiento-academico-femenino\\\/\",\"url\":\"https:\\\/\\\/diariofemenino.com.ar\\\/df\\\/varones-y-tareas-del-hogar-por-que-bajo-el-rendimiento-academico-femenino\\\/\",\"name\":\"Varones y tareas del hogar: \u00bfpor qu\u00e9 baj\u00f3 el rendimiento acad\u00e9mico femenino? - Diario Digital Femenino\",\"isPartOf\":{\"@id\":\"https:\\\/\\\/diariofemenino.com.ar\\\/df\\\/#website\"},\"primaryImageOfPage\":{\"@id\":\"https:\\\/\\\/diariofemenino.com.ar\\\/df\\\/varones-y-tareas-del-hogar-por-que-bajo-el-rendimiento-academico-femenino\\\/#primaryimage\"},\"image\":{\"@id\":\"https:\\\/\\\/diariofemenino.com.ar\\\/df\\\/varones-y-tareas-del-hogar-por-que-bajo-el-rendimiento-academico-femenino\\\/#primaryimage\"},\"thumbnailUrl\":\"https:\\\/\\\/diariofemenino.com.ar\\\/df\\\/wp-content\\\/uploads\\\/2020\\\/05\\\/varon.jpg\",\"datePublished\":\"2020-05-25T20:33:43+00:00\",\"description\":\"Varones y tareas del hogar: \u00bfpor qu\u00e9 baj\u00f3 el rendimiento acad\u00e9mico femenino?La crisis del coronavirus est\u00e1 exacerbando las disparidades de g\u00e9nero. Los\",\"breadcrumb\":{\"@id\":\"https:\\\/\\\/diariofemenino.com.ar\\\/df\\\/varones-y-tareas-del-hogar-por-que-bajo-el-rendimiento-academico-femenino\\\/#breadcrumb\"},\"inLanguage\":\"es\",\"potentialAction\":[{\"@type\":\"ReadAction\",\"target\":[\"https:\\\/\\\/diariofemenino.com.ar\\\/df\\\/varones-y-tareas-del-hogar-por-que-bajo-el-rendimiento-academico-femenino\\\/\"]}]},{\"@type\":\"ImageObject\",\"inLanguage\":\"es\",\"@id\":\"https:\\\/\\\/diariofemenino.com.ar\\\/df\\\/varones-y-tareas-del-hogar-por-que-bajo-el-rendimiento-academico-femenino\\\/#primaryimage\",\"url\":\"https:\\\/\\\/diariofemenino.com.ar\\\/df\\\/wp-content\\\/uploads\\\/2020\\\/05\\\/varon.jpg\",\"contentUrl\":\"https:\\\/\\\/diariofemenino.com.ar\\\/df\\\/wp-content\\\/uploads\\\/2020\\\/05\\\/varon.jpg\",\"width\":810,\"height\":450},{\"@type\":\"BreadcrumbList\",\"@id\":\"https:\\\/\\\/diariofemenino.com.ar\\\/df\\\/varones-y-tareas-del-hogar-por-que-bajo-el-rendimiento-academico-femenino\\\/#breadcrumb\",\"itemListElement\":[{\"@type\":\"ListItem\",\"position\":1,\"name\":\"Portada\",\"item\":\"https:\\\/\\\/diariofemenino.com.ar\\\/df\\\/\"},{\"@type\":\"ListItem\",\"position\":2,\"name\":\"Varones y tareas del hogar: \u00bfpor qu\u00e9 baj\u00f3 el rendimiento acad\u00e9mico femenino?\"}]},{\"@type\":\"WebSite\",\"@id\":\"https:\\\/\\\/diariofemenino.com.ar\\\/df\\\/#website\",\"url\":\"https:\\\/\\\/diariofemenino.com.ar\\\/df\\\/\",\"name\":\"Diario Digital Femenino\",\"description\":\"Cuesti\u00f3n de G\u00e9nero\",\"publisher\":{\"@id\":\"https:\\\/\\\/diariofemenino.com.ar\\\/df\\\/#organization\"},\"potentialAction\":[{\"@type\":\"SearchAction\",\"target\":{\"@type\":\"EntryPoint\",\"urlTemplate\":\"https:\\\/\\\/diariofemenino.com.ar\\\/df\\\/?s={search_term_string}\"},\"query-input\":{\"@type\":\"PropertyValueSpecification\",\"valueRequired\":true,\"valueName\":\"search_term_string\"}}],\"inLanguage\":\"es\"},{\"@type\":\"Organization\",\"@id\":\"https:\\\/\\\/diariofemenino.com.ar\\\/df\\\/#organization\",\"name\":\"Diario Femenino\",\"url\":\"https:\\\/\\\/diariofemenino.com.ar\\\/df\\\/\",\"logo\":{\"@type\":\"ImageObject\",\"inLanguage\":\"es\",\"@id\":\"https:\\\/\\\/diariofemenino.com.ar\\\/df\\\/#\\\/schema\\\/logo\\\/image\\\/\",\"url\":\"https:\\\/\\\/diariofemenino.com.ar\\\/df\\\/wp-content\\\/uploads\\\/2018\\\/10\\\/logo.png\",\"contentUrl\":\"https:\\\/\\\/diariofemenino.com.ar\\\/df\\\/wp-content\\\/uploads\\\/2018\\\/10\\\/logo.png\",\"width\":500,\"height\":92,\"caption\":\"Diario Femenino\"},\"image\":{\"@id\":\"https:\\\/\\\/diariofemenino.com.ar\\\/df\\\/#\\\/schema\\\/logo\\\/image\\\/\"},\"sameAs\":[\"https:\\\/\\\/www.facebook.com\\\/DiarioDigitaFemenino\\\/\",\"https:\\\/\\\/x.com\\\/DiarioFemenino1\"]},{\"@type\":\"Person\",\"@id\":\"https:\\\/\\\/diariofemenino.com.ar\\\/df\\\/#\\\/schema\\\/person\\\/1c36bc3bf394d8ec320814298b4fdd3f\",\"name\":\"Admin\",\"image\":{\"@type\":\"ImageObject\",\"inLanguage\":\"es\",\"@id\":\"https:\\\/\\\/diariofemenino.com.ar\\\/df\\\/wp-content\\\/uploads\\\/2018\\\/12\\\/favicon-150x150.jpg\",\"url\":\"https:\\\/\\\/diariofemenino.com.ar\\\/df\\\/wp-content\\\/uploads\\\/2018\\\/12\\\/favicon-150x150.jpg\",\"contentUrl\":\"https:\\\/\\\/diariofemenino.com.ar\\\/df\\\/wp-content\\\/uploads\\\/2018\\\/12\\\/favicon-150x150.jpg\",\"caption\":\"Admin\"},\"url\":\"https:\\\/\\\/diariofemenino.com.ar\\\/df\\\/author\\\/sofiperez\\\/\"}]}<\/script>\n<!-- \/ Yoast SEO plugin. -->","yoast_head_json":{"title":"Varones y tareas del hogar: \u00bfpor qu\u00e9 baj\u00f3 el rendimiento acad\u00e9mico femenino? - Diario Digital Femenino","description":"Varones y tareas del hogar: \u00bfpor qu\u00e9 baj\u00f3 el rendimiento acad\u00e9mico femenino?La crisis del coronavirus est\u00e1 exacerbando las disparidades de g\u00e9nero. Los","robots":{"index":"index","follow":"follow","max-snippet":"max-snippet:-1","max-image-preview":"max-image-preview:large","max-video-preview":"max-video-preview:-1"},"canonical":"https:\/\/diariofemenino.com.ar\/df\/varones-y-tareas-del-hogar-por-que-bajo-el-rendimiento-academico-femenino\/","og_locale":"es_ES","og_type":"article","og_title":"Varones y tareas del hogar: \u00bfpor qu\u00e9 baj\u00f3 el rendimiento acad\u00e9mico femenino? - Diario Digital Femenino","og_description":"Varones y tareas del hogar: \u00bfpor qu\u00e9 baj\u00f3 el rendimiento acad\u00e9mico femenino?La crisis del coronavirus est\u00e1 exacerbando las disparidades de g\u00e9nero. Los","og_url":"https:\/\/diariofemenino.com.ar\/df\/varones-y-tareas-del-hogar-por-que-bajo-el-rendimiento-academico-femenino\/","og_site_name":"Diario Digital Femenino","article_publisher":"https:\/\/www.facebook.com\/DiarioDigitaFemenino\/","article_published_time":"2020-05-25T20:33:43+00:00","og_image":[{"width":810,"height":450,"url":"https:\/\/diariofemenino.com.ar\/df\/wp-content\/uploads\/2020\/05\/varon.jpg","type":"image\/jpeg"}],"author":"Admin","twitter_card":"summary_large_image","twitter_creator":"@DiarioFemenino1","twitter_site":"@DiarioFemenino1","twitter_misc":{"Escrito por":"Admin","Tiempo de lectura":"8 minutos"},"schema":{"@context":"https:\/\/schema.org","@graph":[{"@type":"Article","@id":"https:\/\/diariofemenino.com.ar\/df\/varones-y-tareas-del-hogar-por-que-bajo-el-rendimiento-academico-femenino\/#article","isPartOf":{"@id":"https:\/\/diariofemenino.com.ar\/df\/varones-y-tareas-del-hogar-por-que-bajo-el-rendimiento-academico-femenino\/"},"author":{"name":"Admin","@id":"https:\/\/diariofemenino.com.ar\/df\/#\/schema\/person\/1c36bc3bf394d8ec320814298b4fdd3f"},"headline":"Varones y tareas del hogar: \u00bfpor qu\u00e9 baj\u00f3 el rendimiento acad\u00e9mico femenino?","datePublished":"2020-05-25T20:33:43+00:00","mainEntityOfPage":{"@id":"https:\/\/diariofemenino.com.ar\/df\/varones-y-tareas-del-hogar-por-que-bajo-el-rendimiento-academico-femenino\/"},"wordCount":1632,"commentCount":0,"publisher":{"@id":"https:\/\/diariofemenino.com.ar\/df\/#organization"},"image":{"@id":"https:\/\/diariofemenino.com.ar\/df\/varones-y-tareas-del-hogar-por-que-bajo-el-rendimiento-academico-femenino\/#primaryimage"},"thumbnailUrl":"https:\/\/diariofemenino.com.ar\/df\/wp-content\/uploads\/2020\/05\/varon.jpg","keywords":["carga mental","Mujeres","roles de cuidado","Trabajo","varones y paternidad"],"articleSection":["Informes"],"inLanguage":"es","potentialAction":[{"@type":"CommentAction","name":"Comment","target":["https:\/\/diariofemenino.com.ar\/df\/varones-y-tareas-del-hogar-por-que-bajo-el-rendimiento-academico-femenino\/#respond"]}]},{"@type":"WebPage","@id":"https:\/\/diariofemenino.com.ar\/df\/varones-y-tareas-del-hogar-por-que-bajo-el-rendimiento-academico-femenino\/","url":"https:\/\/diariofemenino.com.ar\/df\/varones-y-tareas-del-hogar-por-que-bajo-el-rendimiento-academico-femenino\/","name":"Varones y tareas del hogar: \u00bfpor qu\u00e9 baj\u00f3 el rendimiento acad\u00e9mico femenino? - Diario Digital Femenino","isPartOf":{"@id":"https:\/\/diariofemenino.com.ar\/df\/#website"},"primaryImageOfPage":{"@id":"https:\/\/diariofemenino.com.ar\/df\/varones-y-tareas-del-hogar-por-que-bajo-el-rendimiento-academico-femenino\/#primaryimage"},"image":{"@id":"https:\/\/diariofemenino.com.ar\/df\/varones-y-tareas-del-hogar-por-que-bajo-el-rendimiento-academico-femenino\/#primaryimage"},"thumbnailUrl":"https:\/\/diariofemenino.com.ar\/df\/wp-content\/uploads\/2020\/05\/varon.jpg","datePublished":"2020-05-25T20:33:43+00:00","description":"Varones y tareas del hogar: \u00bfpor qu\u00e9 baj\u00f3 el rendimiento acad\u00e9mico femenino?La crisis del coronavirus est\u00e1 exacerbando las disparidades de g\u00e9nero. Los","breadcrumb":{"@id":"https:\/\/diariofemenino.com.ar\/df\/varones-y-tareas-del-hogar-por-que-bajo-el-rendimiento-academico-femenino\/#breadcrumb"},"inLanguage":"es","potentialAction":[{"@type":"ReadAction","target":["https:\/\/diariofemenino.com.ar\/df\/varones-y-tareas-del-hogar-por-que-bajo-el-rendimiento-academico-femenino\/"]}]},{"@type":"ImageObject","inLanguage":"es","@id":"https:\/\/diariofemenino.com.ar\/df\/varones-y-tareas-del-hogar-por-que-bajo-el-rendimiento-academico-femenino\/#primaryimage","url":"https:\/\/diariofemenino.com.ar\/df\/wp-content\/uploads\/2020\/05\/varon.jpg","contentUrl":"https:\/\/diariofemenino.com.ar\/df\/wp-content\/uploads\/2020\/05\/varon.jpg","width":810,"height":450},{"@type":"BreadcrumbList","@id":"https:\/\/diariofemenino.com.ar\/df\/varones-y-tareas-del-hogar-por-que-bajo-el-rendimiento-academico-femenino\/#breadcrumb","itemListElement":[{"@type":"ListItem","position":1,"name":"Portada","item":"https:\/\/diariofemenino.com.ar\/df\/"},{"@type":"ListItem","position":2,"name":"Varones y tareas del hogar: \u00bfpor qu\u00e9 baj\u00f3 el rendimiento acad\u00e9mico femenino?"}]},{"@type":"WebSite","@id":"https:\/\/diariofemenino.com.ar\/df\/#website","url":"https:\/\/diariofemenino.com.ar\/df\/","name":"Diario Digital Femenino","description":"Cuesti\u00f3n de G\u00e9nero","publisher":{"@id":"https:\/\/diariofemenino.com.ar\/df\/#organization"},"potentialAction":[{"@type":"SearchAction","target":{"@type":"EntryPoint","urlTemplate":"https:\/\/diariofemenino.com.ar\/df\/?s={search_term_string}"},"query-input":{"@type":"PropertyValueSpecification","valueRequired":true,"valueName":"search_term_string"}}],"inLanguage":"es"},{"@type":"Organization","@id":"https:\/\/diariofemenino.com.ar\/df\/#organization","name":"Diario Femenino","url":"https:\/\/diariofemenino.com.ar\/df\/","logo":{"@type":"ImageObject","inLanguage":"es","@id":"https:\/\/diariofemenino.com.ar\/df\/#\/schema\/logo\/image\/","url":"https:\/\/diariofemenino.com.ar\/df\/wp-content\/uploads\/2018\/10\/logo.png","contentUrl":"https:\/\/diariofemenino.com.ar\/df\/wp-content\/uploads\/2018\/10\/logo.png","width":500,"height":92,"caption":"Diario Femenino"},"image":{"@id":"https:\/\/diariofemenino.com.ar\/df\/#\/schema\/logo\/image\/"},"sameAs":["https:\/\/www.facebook.com\/DiarioDigitaFemenino\/","https:\/\/x.com\/DiarioFemenino1"]},{"@type":"Person","@id":"https:\/\/diariofemenino.com.ar\/df\/#\/schema\/person\/1c36bc3bf394d8ec320814298b4fdd3f","name":"Admin","image":{"@type":"ImageObject","inLanguage":"es","@id":"https:\/\/diariofemenino.com.ar\/df\/wp-content\/uploads\/2018\/12\/favicon-150x150.jpg","url":"https:\/\/diariofemenino.com.ar\/df\/wp-content\/uploads\/2018\/12\/favicon-150x150.jpg","contentUrl":"https:\/\/diariofemenino.com.ar\/df\/wp-content\/uploads\/2018\/12\/favicon-150x150.jpg","caption":"Admin"},"url":"https:\/\/diariofemenino.com.ar\/df\/author\/sofiperez\/"}]}},"jetpack_featured_media_url":"https:\/\/diariofemenino.com.ar\/df\/wp-content\/uploads\/2020\/05\/varon.jpg","jetpack_sharing_enabled":true,"rttpg_featured_image_url":{"full":["https:\/\/diariofemenino.com.ar\/df\/wp-content\/uploads\/2020\/05\/varon.jpg",810,450,false],"landscape":["https:\/\/diariofemenino.com.ar\/df\/wp-content\/uploads\/2020\/05\/varon.jpg",810,450,false],"portraits":["https:\/\/diariofemenino.com.ar\/df\/wp-content\/uploads\/2020\/05\/varon.jpg",810,450,false],"thumbnail":["https:\/\/diariofemenino.com.ar\/df\/wp-content\/uploads\/2020\/05\/varon-150x150.jpg",150,150,true],"medium":["https:\/\/diariofemenino.com.ar\/df\/wp-content\/uploads\/2020\/05\/varon-300x167.jpg",300,167,true],"large":["https:\/\/diariofemenino.com.ar\/df\/wp-content\/uploads\/2020\/05\/varon.jpg",810,450,false],"1536x1536":["https:\/\/diariofemenino.com.ar\/df\/wp-content\/uploads\/2020\/05\/varon.jpg",810,450,false],"2048x2048":["https:\/\/diariofemenino.com.ar\/df\/wp-content\/uploads\/2020\/05\/varon.jpg",810,450,false]},"rttpg_author":{"display_name":"Admin","author_link":"https:\/\/diariofemenino.com.ar\/df\/author\/sofiperez\/"},"rttpg_comment":0,"rttpg_category":"<a href=\"https:\/\/diariofemenino.com.ar\/df\/category\/informes\/\" rel=\"category tag\">Informes<\/a>","rttpg_excerpt":"Varones y tareas del hogar: \u00bfpor qu\u00e9 baj\u00f3 el rendimiento acad\u00e9mico femenino? La crisis del coronavirus est\u00e1 exacerbando las disparidades de g\u00e9nero. Los quehaceres dom\u00e9sticos, ligados desde d\u00e9cadas al rol femenino, juegan un papel que complejiza\u00a0el aislamiento. En la academia la entrega de papers de las investigadoras se redujo y crece la preocupaci\u00f3n. \u201cEl silencio&hellip;","_links":{"self":[{"href":"https:\/\/diariofemenino.com.ar\/df\/wp-json\/wp\/v2\/posts\/48905","targetHints":{"allow":["GET"]}}],"collection":[{"href":"https:\/\/diariofemenino.com.ar\/df\/wp-json\/wp\/v2\/posts"}],"about":[{"href":"https:\/\/diariofemenino.com.ar\/df\/wp-json\/wp\/v2\/types\/post"}],"author":[{"embeddable":true,"href":"https:\/\/diariofemenino.com.ar\/df\/wp-json\/wp\/v2\/users\/3"}],"replies":[{"embeddable":true,"href":"https:\/\/diariofemenino.com.ar\/df\/wp-json\/wp\/v2\/comments?post=48905"}],"version-history":[{"count":0,"href":"https:\/\/diariofemenino.com.ar\/df\/wp-json\/wp\/v2\/posts\/48905\/revisions"}],"wp:featuredmedia":[{"embeddable":true,"href":"https:\/\/diariofemenino.com.ar\/df\/wp-json\/wp\/v2\/media\/48912"}],"wp:attachment":[{"href":"https:\/\/diariofemenino.com.ar\/df\/wp-json\/wp\/v2\/media?parent=48905"}],"wp:term":[{"taxonomy":"category","embeddable":true,"href":"https:\/\/diariofemenino.com.ar\/df\/wp-json\/wp\/v2\/categories?post=48905"},{"taxonomy":"post_tag","embeddable":true,"href":"https:\/\/diariofemenino.com.ar\/df\/wp-json\/wp\/v2\/tags?post=48905"}],"curies":[{"name":"wp","href":"https:\/\/api.w.org\/{rel}","templated":true}]}}