{"id":4888,"date":"2012-11-16T23:43:38","date_gmt":"2012-11-17T02:43:38","guid":{"rendered":"http:\/\/www.diariofemenino.com.ar\/?p=4888"},"modified":"2012-11-16T23:43:38","modified_gmt":"2012-11-17T02:43:38","slug":"amicus-por-maria-ovando","status":"publish","type":"post","link":"https:\/\/diariofemenino.com.ar\/df\/amicus-por-maria-ovando\/","title":{"rendered":"Amicus por Mar\u00eda Ovando"},"content":{"rendered":"<p>&nbsp;<br \/>\n&nbsp;<br \/>\n&nbsp;<br \/>\n&nbsp;<br \/>\nLas doctoras Norma Graciela Chiapparrone y Soledad Deza presentaron, a los abogados de la defensa de Mar\u00eda Ovando, el amicus que como Asociaci\u00f3n Argentina de Carreras Jur\u00eddicas elaboraron para hacer conocer su opini\u00f3n: \u201cComo ciudadanas argentinas, e integrantes de la AAMCJ, nos presentamos como Amigas del Tribunal a los efectos de dar a conocer nuestra opini\u00f3n sobre algunos aspectos que consideramos centrales en el debate de la presente causa, poni\u00e9ndonos a disposici\u00f3n del Tribunal a todos sus efectos, y con el compromiso de comparecer a ratificar nuestros dichos, si as\u00ed lo dispusiere el mismo. Dada nuestra especial versaci\u00f3n en la defensa de los derechos humanos de las mujeres,\u00a0 pedimos en m\u00e9rito a cuanto aqu\u00ed se expone, la absoluci\u00f3n de Mar\u00eda Ramona Ovando por el delito que se le imputa.\u201d<br \/>\nLos extensos fundamentos de la presentaci\u00f3n se basan espec\u00edficamente en la <em>violencia estructural<\/em> padecida por Mar\u00eda Ovando, al respecto, entre otros puntos, se\u00f1alan: \u201cLa pobreza y la exclusi\u00f3n social son formas de violencia estructural que pueden y deben ser evitadas y erradicadas.\u00a0 Las personas que carecen de oportunidades para su desarrollo personal y social sufren distintas formas de violencia directa que afectan directamente a su calidad de vida, violencia que se debe a la injusticia social perpetrada por el resto del grupo social que s\u00ed dispone de las oportunidades necesarias para su desarrollo humano. A su vez, la pobreza y la exclusi\u00f3n social son factores de inestabilidad econ\u00f3mica, pol\u00edtica, social y cultural que pueden generar violencia f\u00edsica, siendo una amenaza real para las personas, tal como se est\u00e1 constatando en todo el mundo. No es de extra\u00f1ar que las personas que se encuentran sin oportunidades o inseguros ante su futuro inmediato act\u00faen violentamente cuando observan el contraste de las condiciones de vida de otras personas que, por tener poder de decisi\u00f3n, disponen de mucho m\u00e1s de lo necesario.<br \/>\nLa respuesta ante este aumento de la violencia desde las pol\u00edticas p\u00fablicas y las \u00e9lites de la sociedad no ha sido, hasta hace pocos a\u00f1os, un cambio en las pol\u00edticas macroecon\u00f3micas con el fin de mejorar la situaci\u00f3n de las personas en situaci\u00f3n de pobreza o exclusi\u00f3n social y prevenir el empeoramiento del problema. Por el contrario, salvando la \u00faltima d\u00e9cada, se ha venido respondiendo a la violencia con m\u00e1s violencia desde las fuerzas de seguridad e incluso aumentando estas, en vez de atacar las causas que han generado esa ola de inseguridad personal a la que la gente sin acceso\u00a0 al poder no tiene m\u00e1s armas para responder que con la propia violencia. Las \u00e9lites sociales reaccionan recurriendo a cuerpos privados de seguridad y exigiendo a los poderes p\u00fablicos mayor represi\u00f3n y control de las fuerzas de seguridad p\u00fablica.<br \/>\nHay que recordar que, el verdadero desarrollo social no es posible, si no se favorece la plena integraci\u00f3n social de TODAS las personas y que la exclusi\u00f3n y la discriminaci\u00f3n no se producen solamente por problemas econ\u00f3micos sino tambi\u00e9n por diferencias de g\u00e9nero, raciales, \u00e9tnicas, f\u00edsicas, psicol\u00f3gicas, sensoriales, etc.\u201d<br \/>\n&nbsp;<br \/>\nFinalmente realizan y se realizan la pregunta<strong>: Qui\u00e9n abandon\u00f3 a qui\u00e9n?<\/strong> Mar\u00eda Ovando o el Estado, y expresan: \u201cComo mujeres y abogadas, nos llama la atenci\u00f3n la minuciosidad con que el poder punitivo del Estado descalifica a Mar\u00eda Ovando como madre proveedora de bienestar para sus hijos a la hora de juzgar su derecho a arresto domiciliario,\u00a0 y la indiferencia con que el mismo Estado se ha mostrado antes de su desafortunado acceso a la justicia,\u00a0 frente a una situaci\u00f3n igualmente desesperante.<br \/>\nN\u00f3tese en tal sentido,\u00a0 que la situaci\u00f3n de Mar\u00eda Ovando parec\u00eda ser conocida por muchas personas, inclusive por agentes sanitarios, con lo cual no se\u00a0 comprende c\u00f3mo es que no se intent\u00f3 ayuda previa y auxilio para toda esa familia excluida de los par\u00e1metros de m\u00ednima que definen una vida digna.<br \/>\nEs posible entonces que el Estado, principal responsable de la implementaci\u00f3n de pol\u00edticas sociales efectivas que tiendan a combatir las inequidades estructurales propias de los sectores m\u00e1s desaventajados (o de la falta de capacidades en t\u00e9rminos de Nussbaum),\u00a0 en vez de reconocer su condici\u00f3n de deudor como punto de partida \u201csolidario\u201d al cambio, opte por castigar a sus acreedores m\u00e1s vulnerables y desprotegidos?<br \/>\nCreemos que la selectividad con que opera el sistema penal que persigue en general a los vulnerables y condena a quienes cuentan con menos recursos para defenderse, es una situaci\u00f3n que adem\u00e1s de abrir una brecha de an\u00e1lisis profundo sobre la efectividad de una pol\u00edtica criminal como recurso estatal de orden, debe conducirnos a interrogarnos sobre la moralidad de las penas impuestas desde el lugar de deudor.<br \/>\nPuntualmente en este caso, la calidad de deudor de bienes b\u00e1sicos que ostenta un Estado provincial ante toda persona en situaci\u00f3n de pobreza estructural, pensamos que debilita los consensos morales que subyacen a la herramienta penal. Por lo mismo, creemos que un Estado que ha desahuciado a una mujer y a toda su familia, no puede acordarse de ella al s\u00f3lo efecto de un juicio de reprochabilidad sobre un obrar casi inevitable, o lo que es igual altamente probable y sin embargo convalidado desde la propia institucionalidad\u201d<br \/>\nCierran el documento con el siguiente petitorio: \u201cPresentadas en\u00a0 forma individual, en nombre y representaci\u00f3n de la Asociaci\u00f3n\u00a0 Argentina\u00a0 de\u00a0 Mujeres\u00a0 de\u00a0 Carreras Jur\u00eddicas como Amigo del Tribunal, y en atenci\u00f3n al inter\u00e9s inequ\u00edvoco que expresamos en la resoluci\u00f3n final del caso, se tomen en consideraci\u00f3n los argumentos esgrimidos para la decisi\u00f3n del asunto.\u201d<br \/>\n\u00a0<a href=\"https:\/\/diariofemenino.com.ar\/documentos\/presenta_amicus.pdf\">Documento completo en PDF<\/a><\/p>\n","protected":false},"excerpt":{"rendered":"<p>&nbsp; &nbsp; &nbsp; &nbsp; Las doctoras Norma Graciela Chiapparrone y Soledad Deza presentaron, a los abogados de la defensa de Mar\u00eda Ovando, el amicus que como Asociaci\u00f3n Argentina de Carreras Jur\u00eddicas elaboraron para hacer conocer su opini\u00f3n: \u201cComo ciudadanas argentinas, e integrantes de la AAMCJ, nos presentamos como Amigas del Tribunal a los efectos de [&hellip;]<\/p>\n","protected":false},"author":1,"featured_media":0,"comment_status":"open","ping_status":"open","sticky":false,"template":"","format":"standard","meta":{"iawp_total_views":2,"footnotes":""},"categories":[4,21],"tags":[],"class_list":["post-4888","post","type-post","status-publish","format-standard","hentry","category-medios","category-noticias"],"nelio_content":{"autoShareEndMode":"never","automationSources":{"useCustomSentences":false,"customSentences":[]},"efiAlt":"","efiUrl":"","followers":[],"highlights":[],"isAutoShareEnabled":true,"networkImageIds":[],"permalinkQueryArgs":[],"series":[],"suggestedReferences":[]},"yoast_head":"<!-- This site is optimized with the Yoast SEO plugin v27.4 - https:\/\/yoast.com\/product\/yoast-seo-wordpress\/ -->\n<title>Amicus por Mar\u00eda Ovando - Diario Digital Femenino<\/title>\n<meta name=\"robots\" content=\"index, follow, max-snippet:-1, max-image-preview:large, max-video-preview:-1\" \/>\n<link rel=\"canonical\" href=\"https:\/\/diariofemenino.com.ar\/df\/amicus-por-maria-ovando\/\" \/>\n<meta property=\"og:locale\" content=\"es_ES\" \/>\n<meta property=\"og:type\" content=\"article\" \/>\n<meta property=\"og:title\" content=\"Amicus por Mar\u00eda Ovando - Diario Digital Femenino\" \/>\n<meta property=\"og:description\" content=\"&nbsp; &nbsp; &nbsp; &nbsp; Las doctoras Norma Graciela Chiapparrone y Soledad Deza presentaron, a los abogados de la defensa de Mar\u00eda Ovando, el amicus que como Asociaci\u00f3n Argentina de Carreras Jur\u00eddicas elaboraron para hacer conocer su opini\u00f3n: \u201cComo ciudadanas argentinas, e integrantes de la AAMCJ, nos presentamos como Amigas del Tribunal a los efectos de [&hellip;]\" \/>\n<meta property=\"og:url\" content=\"https:\/\/diariofemenino.com.ar\/df\/amicus-por-maria-ovando\/\" \/>\n<meta property=\"og:site_name\" content=\"Diario Digital Femenino\" \/>\n<meta property=\"article:publisher\" content=\"https:\/\/www.facebook.com\/DiarioDigitaFemenino\/\" \/>\n<meta property=\"article:published_time\" content=\"2012-11-17T02:43:38+00:00\" \/>\n<meta property=\"og:image\" content=\"https:\/\/diariofemenino.com.ar\/df\/wp-content\/uploads\/2016\/10\/logo-negro.png\" \/>\n\t<meta property=\"og:image:width\" content=\"855\" \/>\n\t<meta property=\"og:image:height\" content=\"319\" \/>\n\t<meta property=\"og:image:type\" content=\"image\/png\" \/>\n<meta name=\"author\" content=\"Admin\" \/>\n<meta name=\"twitter:card\" content=\"summary_large_image\" \/>\n<meta name=\"twitter:creator\" content=\"@DiarioFemenino1\" \/>\n<meta name=\"twitter:site\" content=\"@DiarioFemenino1\" \/>\n<meta name=\"twitter:label1\" content=\"Escrito por\" \/>\n\t<meta name=\"twitter:data1\" content=\"Admin\" \/>\n\t<meta name=\"twitter:label2\" content=\"Tiempo de lectura\" \/>\n\t<meta name=\"twitter:data2\" content=\"5 minutos\" \/>\n<script type=\"application\/ld+json\" class=\"yoast-schema-graph\">{\"@context\":\"https:\\\/\\\/schema.org\",\"@graph\":[{\"@type\":\"Article\",\"@id\":\"https:\\\/\\\/diariofemenino.com.ar\\\/df\\\/amicus-por-maria-ovando\\\/#article\",\"isPartOf\":{\"@id\":\"https:\\\/\\\/diariofemenino.com.ar\\\/df\\\/amicus-por-maria-ovando\\\/\"},\"author\":{\"name\":\"Admin\",\"@id\":\"https:\\\/\\\/diariofemenino.com.ar\\\/df\\\/#\\\/schema\\\/person\\\/38f54b3bfd13f561de2460ba95c169c6\"},\"headline\":\"Amicus por Mar\u00eda Ovando\",\"datePublished\":\"2012-11-17T02:43:38+00:00\",\"mainEntityOfPage\":{\"@id\":\"https:\\\/\\\/diariofemenino.com.ar\\\/df\\\/amicus-por-maria-ovando\\\/\"},\"wordCount\":995,\"commentCount\":0,\"publisher\":{\"@id\":\"https:\\\/\\\/diariofemenino.com.ar\\\/df\\\/#organization\"},\"articleSection\":[\"Medios\",\"Noticias\"],\"inLanguage\":\"es\",\"potentialAction\":[{\"@type\":\"CommentAction\",\"name\":\"Comment\",\"target\":[\"https:\\\/\\\/diariofemenino.com.ar\\\/df\\\/amicus-por-maria-ovando\\\/#respond\"]}]},{\"@type\":\"WebPage\",\"@id\":\"https:\\\/\\\/diariofemenino.com.ar\\\/df\\\/amicus-por-maria-ovando\\\/\",\"url\":\"https:\\\/\\\/diariofemenino.com.ar\\\/df\\\/amicus-por-maria-ovando\\\/\",\"name\":\"Amicus por Mar\u00eda Ovando - Diario Digital Femenino\",\"isPartOf\":{\"@id\":\"https:\\\/\\\/diariofemenino.com.ar\\\/df\\\/#website\"},\"datePublished\":\"2012-11-17T02:43:38+00:00\",\"breadcrumb\":{\"@id\":\"https:\\\/\\\/diariofemenino.com.ar\\\/df\\\/amicus-por-maria-ovando\\\/#breadcrumb\"},\"inLanguage\":\"es\",\"potentialAction\":[{\"@type\":\"ReadAction\",\"target\":[\"https:\\\/\\\/diariofemenino.com.ar\\\/df\\\/amicus-por-maria-ovando\\\/\"]}]},{\"@type\":\"BreadcrumbList\",\"@id\":\"https:\\\/\\\/diariofemenino.com.ar\\\/df\\\/amicus-por-maria-ovando\\\/#breadcrumb\",\"itemListElement\":[{\"@type\":\"ListItem\",\"position\":1,\"name\":\"Portada\",\"item\":\"https:\\\/\\\/diariofemenino.com.ar\\\/df\\\/\"},{\"@type\":\"ListItem\",\"position\":2,\"name\":\"Amicus por Mar\u00eda Ovando\"}]},{\"@type\":\"WebSite\",\"@id\":\"https:\\\/\\\/diariofemenino.com.ar\\\/df\\\/#website\",\"url\":\"https:\\\/\\\/diariofemenino.com.ar\\\/df\\\/\",\"name\":\"Diario Digital Femenino\",\"description\":\"Cuesti\u00f3n de G\u00e9nero\",\"publisher\":{\"@id\":\"https:\\\/\\\/diariofemenino.com.ar\\\/df\\\/#organization\"},\"potentialAction\":[{\"@type\":\"SearchAction\",\"target\":{\"@type\":\"EntryPoint\",\"urlTemplate\":\"https:\\\/\\\/diariofemenino.com.ar\\\/df\\\/?s={search_term_string}\"},\"query-input\":{\"@type\":\"PropertyValueSpecification\",\"valueRequired\":true,\"valueName\":\"search_term_string\"}}],\"inLanguage\":\"es\"},{\"@type\":\"Organization\",\"@id\":\"https:\\\/\\\/diariofemenino.com.ar\\\/df\\\/#organization\",\"name\":\"Diario Femenino\",\"url\":\"https:\\\/\\\/diariofemenino.com.ar\\\/df\\\/\",\"logo\":{\"@type\":\"ImageObject\",\"inLanguage\":\"es\",\"@id\":\"https:\\\/\\\/diariofemenino.com.ar\\\/df\\\/#\\\/schema\\\/logo\\\/image\\\/\",\"url\":\"https:\\\/\\\/diariofemenino.com.ar\\\/df\\\/wp-content\\\/uploads\\\/2018\\\/10\\\/logo.png\",\"contentUrl\":\"https:\\\/\\\/diariofemenino.com.ar\\\/df\\\/wp-content\\\/uploads\\\/2018\\\/10\\\/logo.png\",\"width\":500,\"height\":92,\"caption\":\"Diario Femenino\"},\"image\":{\"@id\":\"https:\\\/\\\/diariofemenino.com.ar\\\/df\\\/#\\\/schema\\\/logo\\\/image\\\/\"},\"sameAs\":[\"https:\\\/\\\/www.facebook.com\\\/DiarioDigitaFemenino\\\/\",\"https:\\\/\\\/x.com\\\/DiarioFemenino1\"]},{\"@type\":\"Person\",\"@id\":\"https:\\\/\\\/diariofemenino.com.ar\\\/df\\\/#\\\/schema\\\/person\\\/38f54b3bfd13f561de2460ba95c169c6\",\"name\":\"Admin\",\"image\":{\"@type\":\"ImageObject\",\"inLanguage\":\"es\",\"@id\":\"https:\\\/\\\/diariofemenino.com.ar\\\/df\\\/wp-content\\\/uploads\\\/2018\\\/12\\\/favicon-150x150.jpg\",\"url\":\"https:\\\/\\\/diariofemenino.com.ar\\\/df\\\/wp-content\\\/uploads\\\/2018\\\/12\\\/favicon-150x150.jpg\",\"contentUrl\":\"https:\\\/\\\/diariofemenino.com.ar\\\/df\\\/wp-content\\\/uploads\\\/2018\\\/12\\\/favicon-150x150.jpg\",\"caption\":\"Admin\"},\"url\":\"https:\\\/\\\/diariofemenino.com.ar\\\/df\\\/author\\\/adm18df\\\/\"}]}<\/script>\n<!-- \/ Yoast SEO plugin. -->","yoast_head_json":{"title":"Amicus por Mar\u00eda Ovando - Diario Digital Femenino","robots":{"index":"index","follow":"follow","max-snippet":"max-snippet:-1","max-image-preview":"max-image-preview:large","max-video-preview":"max-video-preview:-1"},"canonical":"https:\/\/diariofemenino.com.ar\/df\/amicus-por-maria-ovando\/","og_locale":"es_ES","og_type":"article","og_title":"Amicus por Mar\u00eda Ovando - Diario Digital Femenino","og_description":"&nbsp; &nbsp; &nbsp; &nbsp; Las doctoras Norma Graciela Chiapparrone y Soledad Deza presentaron, a los abogados de la defensa de Mar\u00eda Ovando, el amicus que como Asociaci\u00f3n Argentina de Carreras Jur\u00eddicas elaboraron para hacer conocer su opini\u00f3n: \u201cComo ciudadanas argentinas, e integrantes de la AAMCJ, nos presentamos como Amigas del Tribunal a los efectos de [&hellip;]","og_url":"https:\/\/diariofemenino.com.ar\/df\/amicus-por-maria-ovando\/","og_site_name":"Diario Digital Femenino","article_publisher":"https:\/\/www.facebook.com\/DiarioDigitaFemenino\/","article_published_time":"2012-11-17T02:43:38+00:00","og_image":[{"width":855,"height":319,"url":"https:\/\/diariofemenino.com.ar\/df\/wp-content\/uploads\/2016\/10\/logo-negro.png","type":"image\/png"}],"author":"Admin","twitter_card":"summary_large_image","twitter_creator":"@DiarioFemenino1","twitter_site":"@DiarioFemenino1","twitter_misc":{"Escrito por":"Admin","Tiempo de lectura":"5 minutos"},"schema":{"@context":"https:\/\/schema.org","@graph":[{"@type":"Article","@id":"https:\/\/diariofemenino.com.ar\/df\/amicus-por-maria-ovando\/#article","isPartOf":{"@id":"https:\/\/diariofemenino.com.ar\/df\/amicus-por-maria-ovando\/"},"author":{"name":"Admin","@id":"https:\/\/diariofemenino.com.ar\/df\/#\/schema\/person\/38f54b3bfd13f561de2460ba95c169c6"},"headline":"Amicus por Mar\u00eda Ovando","datePublished":"2012-11-17T02:43:38+00:00","mainEntityOfPage":{"@id":"https:\/\/diariofemenino.com.ar\/df\/amicus-por-maria-ovando\/"},"wordCount":995,"commentCount":0,"publisher":{"@id":"https:\/\/diariofemenino.com.ar\/df\/#organization"},"articleSection":["Medios","Noticias"],"inLanguage":"es","potentialAction":[{"@type":"CommentAction","name":"Comment","target":["https:\/\/diariofemenino.com.ar\/df\/amicus-por-maria-ovando\/#respond"]}]},{"@type":"WebPage","@id":"https:\/\/diariofemenino.com.ar\/df\/amicus-por-maria-ovando\/","url":"https:\/\/diariofemenino.com.ar\/df\/amicus-por-maria-ovando\/","name":"Amicus por Mar\u00eda Ovando - Diario Digital Femenino","isPartOf":{"@id":"https:\/\/diariofemenino.com.ar\/df\/#website"},"datePublished":"2012-11-17T02:43:38+00:00","breadcrumb":{"@id":"https:\/\/diariofemenino.com.ar\/df\/amicus-por-maria-ovando\/#breadcrumb"},"inLanguage":"es","potentialAction":[{"@type":"ReadAction","target":["https:\/\/diariofemenino.com.ar\/df\/amicus-por-maria-ovando\/"]}]},{"@type":"BreadcrumbList","@id":"https:\/\/diariofemenino.com.ar\/df\/amicus-por-maria-ovando\/#breadcrumb","itemListElement":[{"@type":"ListItem","position":1,"name":"Portada","item":"https:\/\/diariofemenino.com.ar\/df\/"},{"@type":"ListItem","position":2,"name":"Amicus por Mar\u00eda Ovando"}]},{"@type":"WebSite","@id":"https:\/\/diariofemenino.com.ar\/df\/#website","url":"https:\/\/diariofemenino.com.ar\/df\/","name":"Diario Digital Femenino","description":"Cuesti\u00f3n de G\u00e9nero","publisher":{"@id":"https:\/\/diariofemenino.com.ar\/df\/#organization"},"potentialAction":[{"@type":"SearchAction","target":{"@type":"EntryPoint","urlTemplate":"https:\/\/diariofemenino.com.ar\/df\/?s={search_term_string}"},"query-input":{"@type":"PropertyValueSpecification","valueRequired":true,"valueName":"search_term_string"}}],"inLanguage":"es"},{"@type":"Organization","@id":"https:\/\/diariofemenino.com.ar\/df\/#organization","name":"Diario Femenino","url":"https:\/\/diariofemenino.com.ar\/df\/","logo":{"@type":"ImageObject","inLanguage":"es","@id":"https:\/\/diariofemenino.com.ar\/df\/#\/schema\/logo\/image\/","url":"https:\/\/diariofemenino.com.ar\/df\/wp-content\/uploads\/2018\/10\/logo.png","contentUrl":"https:\/\/diariofemenino.com.ar\/df\/wp-content\/uploads\/2018\/10\/logo.png","width":500,"height":92,"caption":"Diario Femenino"},"image":{"@id":"https:\/\/diariofemenino.com.ar\/df\/#\/schema\/logo\/image\/"},"sameAs":["https:\/\/www.facebook.com\/DiarioDigitaFemenino\/","https:\/\/x.com\/DiarioFemenino1"]},{"@type":"Person","@id":"https:\/\/diariofemenino.com.ar\/df\/#\/schema\/person\/38f54b3bfd13f561de2460ba95c169c6","name":"Admin","image":{"@type":"ImageObject","inLanguage":"es","@id":"https:\/\/diariofemenino.com.ar\/df\/wp-content\/uploads\/2018\/12\/favicon-150x150.jpg","url":"https:\/\/diariofemenino.com.ar\/df\/wp-content\/uploads\/2018\/12\/favicon-150x150.jpg","contentUrl":"https:\/\/diariofemenino.com.ar\/df\/wp-content\/uploads\/2018\/12\/favicon-150x150.jpg","caption":"Admin"},"url":"https:\/\/diariofemenino.com.ar\/df\/author\/adm18df\/"}]}},"jetpack_featured_media_url":"","jetpack_sharing_enabled":true,"rttpg_featured_image_url":null,"rttpg_author":{"display_name":"Admin","author_link":"https:\/\/diariofemenino.com.ar\/df\/author\/adm18df\/"},"rttpg_comment":0,"rttpg_category":"<a href=\"https:\/\/diariofemenino.com.ar\/df\/category\/medios\/\" rel=\"category tag\">Medios<\/a> <a href=\"https:\/\/diariofemenino.com.ar\/df\/category\/noticias\/\" rel=\"category tag\">Noticias<\/a>","rttpg_excerpt":"&nbsp; &nbsp; &nbsp; &nbsp; Las doctoras Norma Graciela Chiapparrone y Soledad Deza presentaron, a los abogados de la defensa de Mar\u00eda Ovando, el amicus que como Asociaci\u00f3n Argentina de Carreras Jur\u00eddicas elaboraron para hacer conocer su opini\u00f3n: \u201cComo ciudadanas argentinas, e integrantes de la AAMCJ, nos presentamos como Amigas del Tribunal a los efectos de&hellip;","_links":{"self":[{"href":"https:\/\/diariofemenino.com.ar\/df\/wp-json\/wp\/v2\/posts\/4888","targetHints":{"allow":["GET"]}}],"collection":[{"href":"https:\/\/diariofemenino.com.ar\/df\/wp-json\/wp\/v2\/posts"}],"about":[{"href":"https:\/\/diariofemenino.com.ar\/df\/wp-json\/wp\/v2\/types\/post"}],"author":[{"embeddable":true,"href":"https:\/\/diariofemenino.com.ar\/df\/wp-json\/wp\/v2\/users\/1"}],"replies":[{"embeddable":true,"href":"https:\/\/diariofemenino.com.ar\/df\/wp-json\/wp\/v2\/comments?post=4888"}],"version-history":[{"count":0,"href":"https:\/\/diariofemenino.com.ar\/df\/wp-json\/wp\/v2\/posts\/4888\/revisions"}],"wp:attachment":[{"href":"https:\/\/diariofemenino.com.ar\/df\/wp-json\/wp\/v2\/media?parent=4888"}],"wp:term":[{"taxonomy":"category","embeddable":true,"href":"https:\/\/diariofemenino.com.ar\/df\/wp-json\/wp\/v2\/categories?post=4888"},{"taxonomy":"post_tag","embeddable":true,"href":"https:\/\/diariofemenino.com.ar\/df\/wp-json\/wp\/v2\/tags?post=4888"}],"curies":[{"name":"wp","href":"https:\/\/api.w.org\/{rel}","templated":true}]}}