{"id":48878,"date":"2020-05-24T09:55:27","date_gmt":"2020-05-24T12:55:27","guid":{"rendered":"https:\/\/diariofemenino.com.ar\/?p=48878"},"modified":"2020-05-24T09:55:27","modified_gmt":"2020-05-24T12:55:27","slug":"ciclo-de-encuentros-feministas-28-de-mayo-dia-internacional-de-accion-por-la-salud-de-las-mujeres","status":"publish","type":"post","link":"https:\/\/diariofemenino.com.ar\/df\/ciclo-de-encuentros-feministas-28-de-mayo-dia-internacional-de-accion-por-la-salud-de-las-mujeres\/","title":{"rendered":"Ciclo de Encuentros feministas &#8211; 28 de Mayo: D\u00eda Internacional de Acci\u00f3n por la salud de las Mujeres"},"content":{"rendered":"<p><strong>Ciclo de Encuentros feministas<\/strong><\/p>\n<p>Desde ADEM San Luis en la <a href=\"http:\/\/www.abortolegal.com.ar\/\">Campa\u00f1a Nacional por el Derecho al Aborto Legal, Seguro y Gratuito<\/a> (CNDALSyG) impulsan un ciclo de encuentros para fortalecer los argumentos por el derecho al aborto legal y para sostener la vigencia de nuestra demanda.<\/p>\n<p>La actividad se realiza en el marco del \u00a0<strong>28 de mayo: D\u00eda Internacional de la Acci\u00f3n por la Salud de las Mujeres<\/strong>, un a\u00f1o de la presentaci\u00f3n de nuestro proyecto de ley de IVE en el Congreso y 15\u00b0 aniversario de ADEM y de la Campa\u00f1a. Cada encuentro contar\u00e1 con tres panelistas que compartir\u00e1n sus experiencias colectivas, recorridos y argumentos en esta lucha, para luego dejar paso a las preguntas y el debate.<\/p>\n<p>Todos los encuentros ser\u00e1n a las 18 hs por la plataforma virtual Zoom, cuyo enlace de acceso ser\u00e1 publicado en el facebook @ADEMSanLuis. Las panelistas son \u00a0integrantes de la Campa\u00f1ana Nacional por el Derecho al Aborto Legal, Seguro y Gratuito, de diferentes regionales, redes y colectivas que trabajan articuladamente por el triple lema: Educaci\u00f3n sexual para decidir, Anticonceptivos para no abortar y Aborto Legal para no morir.<\/p>\n<p>Esta iniciativa cuenta con el respaldo de la Red de Salud de las mujeres Latinoamericanas y del Caribe.<\/p>\n<p>Cronograma<\/p>\n<p><strong>26 de mayo a las \u00a018 HS. ZOOM<\/strong><\/p>\n<p><strong><span style=\"color: #008000;\">EL DERECHO AL ABORTO LEGAL COMO UNA CUESTI\u00d3N DE DERECHOS HUMANOS<\/span> <\/strong><\/p>\n<p><strong>Solange Ver\u00f3n<\/strong>: CNDALSyG Tierra del Fuego, Colectiva Feminista La Hoguera.<br \/>\n<strong>Sandra Hoyos<\/strong>: CNDALSyG Conurbano Noroeste, Identidad Marr\u00f3n.<br \/>\n<strong>Cristina Ercoli<\/strong>: Foro pampeano por el Derecho al Aborto Legal, Seguro y Gratuito.<br \/>\nCIERRE MUSICAL DE <strong>BITCH RAMONA<\/strong><\/p>\n<figure id=\"attachment_48883\" aria-describedby=\"caption-attachment-48883\" style=\"width: 960px\" class=\"wp-caption alignnone\"><img loading=\"lazy\" decoding=\"async\" class=\"size-full wp-image-48883\" src=\"https:\/\/diariofemenino.com.ar\/df\/wp-content\/uploads\/2020\/05\/100600061_3000565946689153_8419380749186105344_n.jpg\" alt=\"Ciclo de Encuentros feministas - 28 de Mayo: D\u00eda Internacional de Acci\u00f3n por la salud de las Mujeres\" width=\"960\" height=\"960\" srcset=\"https:\/\/diariofemenino.com.ar\/df\/wp-content\/uploads\/2020\/05\/100600061_3000565946689153_8419380749186105344_n.jpg 960w, https:\/\/diariofemenino.com.ar\/df\/wp-content\/uploads\/2020\/05\/100600061_3000565946689153_8419380749186105344_n-150x150.jpg 150w, https:\/\/diariofemenino.com.ar\/df\/wp-content\/uploads\/2020\/05\/100600061_3000565946689153_8419380749186105344_n-300x300.jpg 300w, https:\/\/diariofemenino.com.ar\/df\/wp-content\/uploads\/2020\/05\/100600061_3000565946689153_8419380749186105344_n-768x768.jpg 768w\" sizes=\"auto, (max-width: 960px) 100vw, 960px\" \/><figcaption id=\"caption-attachment-48883\" class=\"wp-caption-text\">Ciclo de Encuentros feministas &#8211; 28 de Mayo: D\u00eda Internacional de Acci\u00f3n por la salud de las Mujeres<\/figcaption><\/figure>\n<p><strong>28 de mayo a las \u00a018 HS. ZOOM<\/strong><\/p>\n<p><strong><span style=\"color: #008000;\">EL DERECHO AL ABORTO COMO UNA DEUDA DE LA SALUD P\u00daBLICA<\/span><\/strong><\/p>\n<p><strong>Elsa Schvartzman<\/strong>: pionera de la CNDALSyG, soci\u00f3loga, CABA.<br \/>\n<strong>Stella Maris Manzano<\/strong>: CNDALSyG Chubut, m\u00e9dica del fallo F.A.L.<br \/>\n<strong>Eugenia Ferrario<\/strong>: Socorristas en red: feministas que abortamos, Necochea.<\/p>\n<p>CIERRE MUSICAL DE <strong>BITCH RAMONA<\/strong><\/p>\n<figure id=\"attachment_48882\" aria-describedby=\"caption-attachment-48882\" style=\"width: 960px\" class=\"wp-caption alignnone\"><img loading=\"lazy\" decoding=\"async\" class=\"size-full wp-image-48882\" src=\"https:\/\/diariofemenino.com.ar\/df\/wp-content\/uploads\/2020\/05\/100100790_3000566240022457_433677351981678592_n.jpg\" alt=\"Ciclo de Encuentros feministas - 28 de Mayo: D\u00eda Internacional de Acci\u00f3n por la salud de las Mujeres\" width=\"960\" height=\"960\" srcset=\"https:\/\/diariofemenino.com.ar\/df\/wp-content\/uploads\/2020\/05\/100100790_3000566240022457_433677351981678592_n.jpg 960w, https:\/\/diariofemenino.com.ar\/df\/wp-content\/uploads\/2020\/05\/100100790_3000566240022457_433677351981678592_n-150x150.jpg 150w, https:\/\/diariofemenino.com.ar\/df\/wp-content\/uploads\/2020\/05\/100100790_3000566240022457_433677351981678592_n-300x300.jpg 300w, https:\/\/diariofemenino.com.ar\/df\/wp-content\/uploads\/2020\/05\/100100790_3000566240022457_433677351981678592_n-768x768.jpg 768w\" sizes=\"auto, (max-width: 960px) 100vw, 960px\" \/><figcaption id=\"caption-attachment-48882\" class=\"wp-caption-text\">Ciclo de Encuentros feministas &#8211; 28 de Mayo: D\u00eda Internacional de Acci\u00f3n por la salud de las Mujeres<\/figcaption><\/figure>\n<p>_______________________________________________________________________________<\/p>\n<h3 id=\"parent-fieldname-title\" class=\"documentFirstHeading\">28 de Mayo: D\u00eda Internacional de Acci\u00f3n por la Salud de la Mujer<\/h3>\n<p><strong><a href=\"https:\/\/www.rosario.gob.ar\/mr\/epidemiologia\/copy_of_efemerides\/mayo\/28-de-mayo-dia-internacional-de-la-salud-de-las-mujeres\">Campa\u00f1a<\/a> (Permanente) por la salud integral y los DDSS y DDRR de mujeres y ni\u00f1as<br \/>\n<\/strong>El derecho de las mujeres a gozar de salud integral a lo largo de todo su ciclo vital, es un derecho humano universal consagrado por el sistema internacional de derechos humanos. La salud integral, por su parte, no es un hecho meramente biol\u00f3gico, sino que responde m\u00e1s bien a factores biopsicosociales, y depende del lugar que las mujeres ocupan en la sociedad (determinantes sociales de la salud), de su capacidad de acceder a los recursos materiales y simb\u00f3licos para vivir una vida digna, con igualdad de oportunidades, exenta de violencias. Una vida en la cual la sexualidad y la reproducci\u00f3n se ejerzan desde la autonom\u00eda y la libertad.<\/p>\n<p>Hoy esto no ocurre para millones de <a href=\"https:\/\/diariofemenino.com.ar\/cuerpos-y-territorios-28-de-mayo-dia-internacional-de-accion-por-la-salud-de-las-mujer\/\">mujeres<\/a>, en especial para las m\u00e1s pobres y las m\u00e1s j\u00f3venes, para mujeres que aman a otras mujeres, para quienes son inmigrantes o desplazadas, para aquellas que habitan zonas rurales o urbano marginales, para mujeres de distintas razas o etnias, para quienes tienen capacidades diferentes, entre otras condiciones. Para ellas, el cruce de discriminaciones, violencias y exclusiones las aleja cada d\u00eda del goce de los derechos humanos consagrados, en especial, del derecho a la salud integral y los derechos sexuales y reproductivos.<\/p>\n<p>En 1987, la Red de Salud de las Mujeres Latinoamericanas y del Caribe, RSMLAC, hizo la propuesta de instaurar un d\u00eda de acci\u00f3n global a favor de la salud de las mujeres, y en 1988 se conmemor\u00f3 el primer 28 de Mayo con el lanzamiento de la Campa\u00f1a para la Prevenci\u00f3n de la Morbilidad y Mortalidad Materna, coordinada por la Red Mundial de Mujeres por los Derechos Reproductivos, RMMDR, y la Red de Salud. Las muertes a causa de la gestaci\u00f3n eran y contin\u00faan siendo uno de los indicadores m\u00e1s dram\u00e1ticos de la inequidad en salud, en tanto afectan abrumadoramente a mujeres de los pa\u00edses m\u00e1s pobres para quienes ser madres a menudo es un riesgo de vida.<\/p>\n<p>En 1996, la Red Mundial de Mujeres por los Derechos Reproductivos inici\u00f3 un proceso de evaluaci\u00f3n de esta Campa\u00f1a para ampliar su enfoque tem\u00e1tico a la luz de nuevas problem\u00e1ticas que afectan negativamente la salud de las mujeres. Las organizaciones latinoamericanas y caribe\u00f1as se reunieron en Cuenca, Ecuador, y decidieron desde entonces impulsar en la regi\u00f3n la Campa\u00f1a por el Ejercicio de los Derechos Sexuales y Reproductivos, bajo la coordinaci\u00f3n de la RSMLAC.<\/p>\n<p>Desde esa fecha hasta ahora, la RSMLAC ha coordinado cada <a href=\"https:\/\/diariofemenino.com.ar\/28-de-mayo\/\">28 de Mayo<\/a> llamados a la acci\u00f3n, priorizando temas como la calidad de la atenci\u00f3n, los servicios de salud sexual y reproductiva para adolescentes, la ciudadan\u00eda en salud, el grave impacto del aborto inseguro, la agenda de la Conferencia de El Cairo y los derechos sexuales y reproductivos, e incluso retom\u00f3 la tem\u00e1tica de la mortalidad materna como una demanda de justicia social, considerando que no se ha avanzado sustancialmente en erradicarla.<\/p>\n<p>Centenares de grupos afiliados han respondido a estas convocatorias, desarrollando acciones variadas y creativas \u2013desde capacitaciones hasta instalaciones art\u00edsticas, desde interlocuci\u00f3n con profesionales de la salud hasta marchas p\u00fablicas\u2013 destinadas a incidir tanto en la sociedad en general como en tomadores de decisi\u00f3n, para sensibilizarlos y exhortarlos a reconocer y proteger la salud de las mujeres como un derecho. Asimismo, en estos procesos las organizaciones de mujeres han ido fortaleciendo sus liderazgos y su capacidad de incidencia frente a los poderes p\u00fablicos.<\/p>\n<p>Hoy la <a href=\"https:\/\/reddesalud.org\/es\/novedades\">Red de Salud de las Mujeres<\/a> Latinoamericanas y del Caribe propone un nueva modalidad para conmemorar esta fecha hist\u00f3rica y emblem\u00e1tica, iniciando a partir de 2011 una Campa\u00f1a (Permanente) por la Salud Integral y los Derechos Sexuales y Derechos Reproductivos de las Mujeres y Ni\u00f1as la cual, como lo dice su nombre, enfatizar\u00e1 en la salud integral de las mujeres, tomando en cuenta la definici\u00f3n hol\u00edstica e inclusiva de la Organizaci\u00f3n Mundial de la Salud que se\u00f1ala: \u201cEl derecho a la salud implica gozar del m\u00e1s \u00f3ptimo estado de bienestar f\u00edsico, mental y social, y no solamente la ausencia de enfermedad o malestar\u201d. Y tambi\u00e9n continuar\u00e1 impulsando en este marco, la plena vigencia de los derechos sexuales y derechos reproductivos como derechos humanos, en tanto avanzan en la conceptualizaci\u00f3n del espacio corporal como un territorio de autonom\u00eda y libertad de opciones.<\/p>\n","protected":false},"excerpt":{"rendered":"<p>Ciclo de Encuentros feministas Desde ADEM San Luis en la Campa\u00f1a Nacional por el Derecho al Aborto Legal, Seguro y Gratuito (CNDALSyG) impulsan un ciclo de encuentros para fortalecer los argumentos por el derecho al aborto legal y para sostener la vigencia de nuestra demanda. La actividad se realiza en el marco del \u00a028 de [&hellip;]<\/p>\n","protected":false},"author":4,"featured_media":48885,"comment_status":"open","ping_status":"open","sticky":false,"template":"","format":"standard","meta":{"iawp_total_views":5,"footnotes":""},"categories":[22,1067,21,23],"tags":[408,3171],"class_list":["post-48878","post","type-post","status-publish","format-standard","has-post-thumbnail","hentry","category-aborto","category-agenda-feminista","category-noticias","category-salud","tag-28-de-mayo-dia-internacional-de-accion-por-la-salud-de-la-mujer","tag-ciclo-de-encuentros-feministas"],"nelio_content":{"autoShareEndMode":"never","automationSources":{"useCustomSentences":false,"customSentences":[]},"efiAlt":"","efiUrl":"","followers":[4],"highlights":[],"isAutoShareEnabled":true,"networkImageIds":[],"permalinkQueryArgs":[],"series":[],"suggestedReferences":[]},"yoast_head":"<!-- This site is optimized with the Yoast SEO plugin v27.5 - https:\/\/yoast.com\/product\/yoast-seo-wordpress\/ -->\n<title>Ciclo de Encuentros feministas - 28 de Mayo: D\u00eda Internacional de Acci\u00f3n por la salud de las Mujeres - Diario Digital Femenino<\/title>\n<meta name=\"description\" content=\"Ciclo de Encuentros feministas.ADEM San Luis en la CNDALSyG impulsa un ciclo de encuentros para fortalecer los argumentos por el derecho al aborto legal\" \/>\n<meta name=\"robots\" content=\"index, follow, max-snippet:-1, max-image-preview:large, max-video-preview:-1\" \/>\n<link rel=\"canonical\" href=\"https:\/\/diariofemenino.com.ar\/df\/ciclo-de-encuentros-feministas-28-de-mayo-dia-internacional-de-accion-por-la-salud-de-las-mujeres\/\" \/>\n<meta property=\"og:locale\" content=\"es_ES\" \/>\n<meta property=\"og:type\" content=\"article\" \/>\n<meta property=\"og:title\" content=\"Ciclo de Encuentros feministas - 28 de Mayo: D\u00eda Internacional de Acci\u00f3n por la salud de las Mujeres - Diario Digital Femenino\" \/>\n<meta property=\"og:description\" content=\"Ciclo de Encuentros feministas.ADEM San Luis en la CNDALSyG impulsa un ciclo de encuentros para fortalecer los argumentos por el derecho al aborto legal\" \/>\n<meta property=\"og:url\" content=\"https:\/\/diariofemenino.com.ar\/df\/ciclo-de-encuentros-feministas-28-de-mayo-dia-internacional-de-accion-por-la-salud-de-las-mujeres\/\" \/>\n<meta property=\"og:site_name\" content=\"Diario Digital Femenino\" \/>\n<meta property=\"article:publisher\" content=\"https:\/\/www.facebook.com\/DiarioDigitaFemenino\/\" \/>\n<meta property=\"article:published_time\" content=\"2020-05-24T12:55:27+00:00\" \/>\n<meta property=\"og:image\" content=\"https:\/\/diariofemenino.com.ar\/df\/wp-content\/uploads\/2020\/05\/100045472_3000566290022452_5979571774365368320_n1.jpg\" \/>\n\t<meta property=\"og:image:width\" content=\"713\" \/>\n\t<meta property=\"og:image:height\" content=\"501\" \/>\n\t<meta property=\"og:image:type\" content=\"image\/jpeg\" \/>\n<meta name=\"author\" content=\"Admin\" \/>\n<meta name=\"twitter:card\" content=\"summary_large_image\" \/>\n<meta name=\"twitter:creator\" content=\"@DiarioFemenino1\" \/>\n<meta name=\"twitter:site\" content=\"@DiarioFemenino1\" \/>\n<meta name=\"twitter:label1\" content=\"Escrito por\" \/>\n\t<meta name=\"twitter:data1\" content=\"Admin\" \/>\n\t<meta name=\"twitter:label2\" content=\"Tiempo de lectura\" \/>\n\t<meta name=\"twitter:data2\" content=\"6 minutos\" \/>\n<script type=\"application\/ld+json\" class=\"yoast-schema-graph\">{\"@context\":\"https:\\\/\\\/schema.org\",\"@graph\":[{\"@type\":\"Article\",\"@id\":\"https:\\\/\\\/diariofemenino.com.ar\\\/df\\\/ciclo-de-encuentros-feministas-28-de-mayo-dia-internacional-de-accion-por-la-salud-de-las-mujeres\\\/#article\",\"isPartOf\":{\"@id\":\"https:\\\/\\\/diariofemenino.com.ar\\\/df\\\/ciclo-de-encuentros-feministas-28-de-mayo-dia-internacional-de-accion-por-la-salud-de-las-mujeres\\\/\"},\"author\":{\"name\":\"Admin\",\"@id\":\"https:\\\/\\\/diariofemenino.com.ar\\\/df\\\/#\\\/schema\\\/person\\\/bf6199e8158c657ea6f789b11ec85509\"},\"headline\":\"Ciclo de Encuentros feministas &#8211; 28 de Mayo: D\u00eda Internacional de Acci\u00f3n por la salud de las Mujeres\",\"datePublished\":\"2020-05-24T12:55:27+00:00\",\"mainEntityOfPage\":{\"@id\":\"https:\\\/\\\/diariofemenino.com.ar\\\/df\\\/ciclo-de-encuentros-feministas-28-de-mayo-dia-internacional-de-accion-por-la-salud-de-las-mujeres\\\/\"},\"wordCount\":1159,\"commentCount\":0,\"publisher\":{\"@id\":\"https:\\\/\\\/diariofemenino.com.ar\\\/df\\\/#organization\"},\"image\":{\"@id\":\"https:\\\/\\\/diariofemenino.com.ar\\\/df\\\/ciclo-de-encuentros-feministas-28-de-mayo-dia-internacional-de-accion-por-la-salud-de-las-mujeres\\\/#primaryimage\"},\"thumbnailUrl\":\"https:\\\/\\\/diariofemenino.com.ar\\\/df\\\/wp-content\\\/uploads\\\/2020\\\/05\\\/100045472_3000566290022452_5979571774365368320_n1.jpg\",\"keywords\":[\"28 de Mayo D\u00eda Internacional de Acci\u00f3n por la Salud de la Mujer\",\"Ciclo de Encuentros feministas\"],\"articleSection\":[\"Aborto\",\"Agenda Feminista\",\"Noticias\",\"Salud\"],\"inLanguage\":\"es\",\"potentialAction\":[{\"@type\":\"CommentAction\",\"name\":\"Comment\",\"target\":[\"https:\\\/\\\/diariofemenino.com.ar\\\/df\\\/ciclo-de-encuentros-feministas-28-de-mayo-dia-internacional-de-accion-por-la-salud-de-las-mujeres\\\/#respond\"]}]},{\"@type\":\"WebPage\",\"@id\":\"https:\\\/\\\/diariofemenino.com.ar\\\/df\\\/ciclo-de-encuentros-feministas-28-de-mayo-dia-internacional-de-accion-por-la-salud-de-las-mujeres\\\/\",\"url\":\"https:\\\/\\\/diariofemenino.com.ar\\\/df\\\/ciclo-de-encuentros-feministas-28-de-mayo-dia-internacional-de-accion-por-la-salud-de-las-mujeres\\\/\",\"name\":\"Ciclo de Encuentros feministas - 28 de Mayo: D\u00eda Internacional de Acci\u00f3n por la salud de las Mujeres - Diario Digital Femenino\",\"isPartOf\":{\"@id\":\"https:\\\/\\\/diariofemenino.com.ar\\\/df\\\/#website\"},\"primaryImageOfPage\":{\"@id\":\"https:\\\/\\\/diariofemenino.com.ar\\\/df\\\/ciclo-de-encuentros-feministas-28-de-mayo-dia-internacional-de-accion-por-la-salud-de-las-mujeres\\\/#primaryimage\"},\"image\":{\"@id\":\"https:\\\/\\\/diariofemenino.com.ar\\\/df\\\/ciclo-de-encuentros-feministas-28-de-mayo-dia-internacional-de-accion-por-la-salud-de-las-mujeres\\\/#primaryimage\"},\"thumbnailUrl\":\"https:\\\/\\\/diariofemenino.com.ar\\\/df\\\/wp-content\\\/uploads\\\/2020\\\/05\\\/100045472_3000566290022452_5979571774365368320_n1.jpg\",\"datePublished\":\"2020-05-24T12:55:27+00:00\",\"description\":\"Ciclo de Encuentros feministas.ADEM San Luis en la CNDALSyG impulsa un ciclo de encuentros para fortalecer los argumentos por el derecho al aborto legal\",\"breadcrumb\":{\"@id\":\"https:\\\/\\\/diariofemenino.com.ar\\\/df\\\/ciclo-de-encuentros-feministas-28-de-mayo-dia-internacional-de-accion-por-la-salud-de-las-mujeres\\\/#breadcrumb\"},\"inLanguage\":\"es\",\"potentialAction\":[{\"@type\":\"ReadAction\",\"target\":[\"https:\\\/\\\/diariofemenino.com.ar\\\/df\\\/ciclo-de-encuentros-feministas-28-de-mayo-dia-internacional-de-accion-por-la-salud-de-las-mujeres\\\/\"]}]},{\"@type\":\"ImageObject\",\"inLanguage\":\"es\",\"@id\":\"https:\\\/\\\/diariofemenino.com.ar\\\/df\\\/ciclo-de-encuentros-feministas-28-de-mayo-dia-internacional-de-accion-por-la-salud-de-las-mujeres\\\/#primaryimage\",\"url\":\"https:\\\/\\\/diariofemenino.com.ar\\\/df\\\/wp-content\\\/uploads\\\/2020\\\/05\\\/100045472_3000566290022452_5979571774365368320_n1.jpg\",\"contentUrl\":\"https:\\\/\\\/diariofemenino.com.ar\\\/df\\\/wp-content\\\/uploads\\\/2020\\\/05\\\/100045472_3000566290022452_5979571774365368320_n1.jpg\",\"width\":713,\"height\":501,\"caption\":\"Ciclo de Encuentros feministas - 28 de Mayo: D\u00eda Internacional de Acci\u00f3n por la salud de las Mujeres\"},{\"@type\":\"BreadcrumbList\",\"@id\":\"https:\\\/\\\/diariofemenino.com.ar\\\/df\\\/ciclo-de-encuentros-feministas-28-de-mayo-dia-internacional-de-accion-por-la-salud-de-las-mujeres\\\/#breadcrumb\",\"itemListElement\":[{\"@type\":\"ListItem\",\"position\":1,\"name\":\"Portada\",\"item\":\"https:\\\/\\\/diariofemenino.com.ar\\\/df\\\/\"},{\"@type\":\"ListItem\",\"position\":2,\"name\":\"Ciclo de Encuentros feministas &#8211; 28 de Mayo: D\u00eda Internacional de Acci\u00f3n por la salud de las Mujeres\"}]},{\"@type\":\"WebSite\",\"@id\":\"https:\\\/\\\/diariofemenino.com.ar\\\/df\\\/#website\",\"url\":\"https:\\\/\\\/diariofemenino.com.ar\\\/df\\\/\",\"name\":\"Diario Digital Femenino\",\"description\":\"Cuesti\u00f3n de G\u00e9nero\",\"publisher\":{\"@id\":\"https:\\\/\\\/diariofemenino.com.ar\\\/df\\\/#organization\"},\"potentialAction\":[{\"@type\":\"SearchAction\",\"target\":{\"@type\":\"EntryPoint\",\"urlTemplate\":\"https:\\\/\\\/diariofemenino.com.ar\\\/df\\\/?s={search_term_string}\"},\"query-input\":{\"@type\":\"PropertyValueSpecification\",\"valueRequired\":true,\"valueName\":\"search_term_string\"}}],\"inLanguage\":\"es\"},{\"@type\":\"Organization\",\"@id\":\"https:\\\/\\\/diariofemenino.com.ar\\\/df\\\/#organization\",\"name\":\"Diario Femenino\",\"url\":\"https:\\\/\\\/diariofemenino.com.ar\\\/df\\\/\",\"logo\":{\"@type\":\"ImageObject\",\"inLanguage\":\"es\",\"@id\":\"https:\\\/\\\/diariofemenino.com.ar\\\/df\\\/#\\\/schema\\\/logo\\\/image\\\/\",\"url\":\"https:\\\/\\\/diariofemenino.com.ar\\\/df\\\/wp-content\\\/uploads\\\/2018\\\/10\\\/logo.png\",\"contentUrl\":\"https:\\\/\\\/diariofemenino.com.ar\\\/df\\\/wp-content\\\/uploads\\\/2018\\\/10\\\/logo.png\",\"width\":500,\"height\":92,\"caption\":\"Diario Femenino\"},\"image\":{\"@id\":\"https:\\\/\\\/diariofemenino.com.ar\\\/df\\\/#\\\/schema\\\/logo\\\/image\\\/\"},\"sameAs\":[\"https:\\\/\\\/www.facebook.com\\\/DiarioDigitaFemenino\\\/\",\"https:\\\/\\\/x.com\\\/DiarioFemenino1\"]},{\"@type\":\"Person\",\"@id\":\"https:\\\/\\\/diariofemenino.com.ar\\\/df\\\/#\\\/schema\\\/person\\\/bf6199e8158c657ea6f789b11ec85509\",\"name\":\"Admin\",\"image\":{\"@type\":\"ImageObject\",\"inLanguage\":\"es\",\"@id\":\"https:\\\/\\\/diariofemenino.com.ar\\\/df\\\/wp-content\\\/uploads\\\/2018\\\/12\\\/favicon-150x150.jpg\",\"url\":\"https:\\\/\\\/diariofemenino.com.ar\\\/df\\\/wp-content\\\/uploads\\\/2018\\\/12\\\/favicon-150x150.jpg\",\"contentUrl\":\"https:\\\/\\\/diariofemenino.com.ar\\\/df\\\/wp-content\\\/uploads\\\/2018\\\/12\\\/favicon-150x150.jpg\",\"caption\":\"Admin\"},\"url\":\"https:\\\/\\\/diariofemenino.com.ar\\\/df\\\/author\\\/lenny\\\/\"}]}<\/script>\n<!-- \/ Yoast SEO plugin. -->","yoast_head_json":{"title":"Ciclo de Encuentros feministas - 28 de Mayo: D\u00eda Internacional de Acci\u00f3n por la salud de las Mujeres - Diario Digital Femenino","description":"Ciclo de Encuentros feministas.ADEM San Luis en la CNDALSyG impulsa un ciclo de encuentros para fortalecer los argumentos por el derecho al aborto legal","robots":{"index":"index","follow":"follow","max-snippet":"max-snippet:-1","max-image-preview":"max-image-preview:large","max-video-preview":"max-video-preview:-1"},"canonical":"https:\/\/diariofemenino.com.ar\/df\/ciclo-de-encuentros-feministas-28-de-mayo-dia-internacional-de-accion-por-la-salud-de-las-mujeres\/","og_locale":"es_ES","og_type":"article","og_title":"Ciclo de Encuentros feministas - 28 de Mayo: D\u00eda Internacional de Acci\u00f3n por la salud de las Mujeres - Diario Digital Femenino","og_description":"Ciclo de Encuentros feministas.ADEM San Luis en la CNDALSyG impulsa un ciclo de encuentros para fortalecer los argumentos por el derecho al aborto legal","og_url":"https:\/\/diariofemenino.com.ar\/df\/ciclo-de-encuentros-feministas-28-de-mayo-dia-internacional-de-accion-por-la-salud-de-las-mujeres\/","og_site_name":"Diario Digital Femenino","article_publisher":"https:\/\/www.facebook.com\/DiarioDigitaFemenino\/","article_published_time":"2020-05-24T12:55:27+00:00","og_image":[{"width":713,"height":501,"url":"https:\/\/diariofemenino.com.ar\/df\/wp-content\/uploads\/2020\/05\/100045472_3000566290022452_5979571774365368320_n1.jpg","type":"image\/jpeg"}],"author":"Admin","twitter_card":"summary_large_image","twitter_creator":"@DiarioFemenino1","twitter_site":"@DiarioFemenino1","twitter_misc":{"Escrito por":"Admin","Tiempo de lectura":"6 minutos"},"schema":{"@context":"https:\/\/schema.org","@graph":[{"@type":"Article","@id":"https:\/\/diariofemenino.com.ar\/df\/ciclo-de-encuentros-feministas-28-de-mayo-dia-internacional-de-accion-por-la-salud-de-las-mujeres\/#article","isPartOf":{"@id":"https:\/\/diariofemenino.com.ar\/df\/ciclo-de-encuentros-feministas-28-de-mayo-dia-internacional-de-accion-por-la-salud-de-las-mujeres\/"},"author":{"name":"Admin","@id":"https:\/\/diariofemenino.com.ar\/df\/#\/schema\/person\/bf6199e8158c657ea6f789b11ec85509"},"headline":"Ciclo de Encuentros feministas &#8211; 28 de Mayo: D\u00eda Internacional de Acci\u00f3n por la salud de las Mujeres","datePublished":"2020-05-24T12:55:27+00:00","mainEntityOfPage":{"@id":"https:\/\/diariofemenino.com.ar\/df\/ciclo-de-encuentros-feministas-28-de-mayo-dia-internacional-de-accion-por-la-salud-de-las-mujeres\/"},"wordCount":1159,"commentCount":0,"publisher":{"@id":"https:\/\/diariofemenino.com.ar\/df\/#organization"},"image":{"@id":"https:\/\/diariofemenino.com.ar\/df\/ciclo-de-encuentros-feministas-28-de-mayo-dia-internacional-de-accion-por-la-salud-de-las-mujeres\/#primaryimage"},"thumbnailUrl":"https:\/\/diariofemenino.com.ar\/df\/wp-content\/uploads\/2020\/05\/100045472_3000566290022452_5979571774365368320_n1.jpg","keywords":["28 de Mayo D\u00eda Internacional de Acci\u00f3n por la Salud de la Mujer","Ciclo de Encuentros feministas"],"articleSection":["Aborto","Agenda Feminista","Noticias","Salud"],"inLanguage":"es","potentialAction":[{"@type":"CommentAction","name":"Comment","target":["https:\/\/diariofemenino.com.ar\/df\/ciclo-de-encuentros-feministas-28-de-mayo-dia-internacional-de-accion-por-la-salud-de-las-mujeres\/#respond"]}]},{"@type":"WebPage","@id":"https:\/\/diariofemenino.com.ar\/df\/ciclo-de-encuentros-feministas-28-de-mayo-dia-internacional-de-accion-por-la-salud-de-las-mujeres\/","url":"https:\/\/diariofemenino.com.ar\/df\/ciclo-de-encuentros-feministas-28-de-mayo-dia-internacional-de-accion-por-la-salud-de-las-mujeres\/","name":"Ciclo de Encuentros feministas - 28 de Mayo: D\u00eda Internacional de Acci\u00f3n por la salud de las Mujeres - Diario Digital Femenino","isPartOf":{"@id":"https:\/\/diariofemenino.com.ar\/df\/#website"},"primaryImageOfPage":{"@id":"https:\/\/diariofemenino.com.ar\/df\/ciclo-de-encuentros-feministas-28-de-mayo-dia-internacional-de-accion-por-la-salud-de-las-mujeres\/#primaryimage"},"image":{"@id":"https:\/\/diariofemenino.com.ar\/df\/ciclo-de-encuentros-feministas-28-de-mayo-dia-internacional-de-accion-por-la-salud-de-las-mujeres\/#primaryimage"},"thumbnailUrl":"https:\/\/diariofemenino.com.ar\/df\/wp-content\/uploads\/2020\/05\/100045472_3000566290022452_5979571774365368320_n1.jpg","datePublished":"2020-05-24T12:55:27+00:00","description":"Ciclo de Encuentros feministas.ADEM San Luis en la CNDALSyG impulsa un ciclo de encuentros para fortalecer los argumentos por el derecho al aborto legal","breadcrumb":{"@id":"https:\/\/diariofemenino.com.ar\/df\/ciclo-de-encuentros-feministas-28-de-mayo-dia-internacional-de-accion-por-la-salud-de-las-mujeres\/#breadcrumb"},"inLanguage":"es","potentialAction":[{"@type":"ReadAction","target":["https:\/\/diariofemenino.com.ar\/df\/ciclo-de-encuentros-feministas-28-de-mayo-dia-internacional-de-accion-por-la-salud-de-las-mujeres\/"]}]},{"@type":"ImageObject","inLanguage":"es","@id":"https:\/\/diariofemenino.com.ar\/df\/ciclo-de-encuentros-feministas-28-de-mayo-dia-internacional-de-accion-por-la-salud-de-las-mujeres\/#primaryimage","url":"https:\/\/diariofemenino.com.ar\/df\/wp-content\/uploads\/2020\/05\/100045472_3000566290022452_5979571774365368320_n1.jpg","contentUrl":"https:\/\/diariofemenino.com.ar\/df\/wp-content\/uploads\/2020\/05\/100045472_3000566290022452_5979571774365368320_n1.jpg","width":713,"height":501,"caption":"Ciclo de Encuentros feministas - 28 de Mayo: D\u00eda Internacional de Acci\u00f3n por la salud de las Mujeres"},{"@type":"BreadcrumbList","@id":"https:\/\/diariofemenino.com.ar\/df\/ciclo-de-encuentros-feministas-28-de-mayo-dia-internacional-de-accion-por-la-salud-de-las-mujeres\/#breadcrumb","itemListElement":[{"@type":"ListItem","position":1,"name":"Portada","item":"https:\/\/diariofemenino.com.ar\/df\/"},{"@type":"ListItem","position":2,"name":"Ciclo de Encuentros feministas &#8211; 28 de Mayo: D\u00eda Internacional de Acci\u00f3n por la salud de las Mujeres"}]},{"@type":"WebSite","@id":"https:\/\/diariofemenino.com.ar\/df\/#website","url":"https:\/\/diariofemenino.com.ar\/df\/","name":"Diario Digital Femenino","description":"Cuesti\u00f3n de G\u00e9nero","publisher":{"@id":"https:\/\/diariofemenino.com.ar\/df\/#organization"},"potentialAction":[{"@type":"SearchAction","target":{"@type":"EntryPoint","urlTemplate":"https:\/\/diariofemenino.com.ar\/df\/?s={search_term_string}"},"query-input":{"@type":"PropertyValueSpecification","valueRequired":true,"valueName":"search_term_string"}}],"inLanguage":"es"},{"@type":"Organization","@id":"https:\/\/diariofemenino.com.ar\/df\/#organization","name":"Diario Femenino","url":"https:\/\/diariofemenino.com.ar\/df\/","logo":{"@type":"ImageObject","inLanguage":"es","@id":"https:\/\/diariofemenino.com.ar\/df\/#\/schema\/logo\/image\/","url":"https:\/\/diariofemenino.com.ar\/df\/wp-content\/uploads\/2018\/10\/logo.png","contentUrl":"https:\/\/diariofemenino.com.ar\/df\/wp-content\/uploads\/2018\/10\/logo.png","width":500,"height":92,"caption":"Diario Femenino"},"image":{"@id":"https:\/\/diariofemenino.com.ar\/df\/#\/schema\/logo\/image\/"},"sameAs":["https:\/\/www.facebook.com\/DiarioDigitaFemenino\/","https:\/\/x.com\/DiarioFemenino1"]},{"@type":"Person","@id":"https:\/\/diariofemenino.com.ar\/df\/#\/schema\/person\/bf6199e8158c657ea6f789b11ec85509","name":"Admin","image":{"@type":"ImageObject","inLanguage":"es","@id":"https:\/\/diariofemenino.com.ar\/df\/wp-content\/uploads\/2018\/12\/favicon-150x150.jpg","url":"https:\/\/diariofemenino.com.ar\/df\/wp-content\/uploads\/2018\/12\/favicon-150x150.jpg","contentUrl":"https:\/\/diariofemenino.com.ar\/df\/wp-content\/uploads\/2018\/12\/favicon-150x150.jpg","caption":"Admin"},"url":"https:\/\/diariofemenino.com.ar\/df\/author\/lenny\/"}]}},"jetpack_featured_media_url":"https:\/\/diariofemenino.com.ar\/df\/wp-content\/uploads\/2020\/05\/100045472_3000566290022452_5979571774365368320_n1.jpg","jetpack_sharing_enabled":true,"rttpg_featured_image_url":{"full":["https:\/\/diariofemenino.com.ar\/df\/wp-content\/uploads\/2020\/05\/100045472_3000566290022452_5979571774365368320_n1.jpg",713,501,false],"landscape":["https:\/\/diariofemenino.com.ar\/df\/wp-content\/uploads\/2020\/05\/100045472_3000566290022452_5979571774365368320_n1.jpg",713,501,false],"portraits":["https:\/\/diariofemenino.com.ar\/df\/wp-content\/uploads\/2020\/05\/100045472_3000566290022452_5979571774365368320_n1.jpg",713,501,false],"thumbnail":["https:\/\/diariofemenino.com.ar\/df\/wp-content\/uploads\/2020\/05\/100045472_3000566290022452_5979571774365368320_n1-150x150.jpg",150,150,true],"medium":["https:\/\/diariofemenino.com.ar\/df\/wp-content\/uploads\/2020\/05\/100045472_3000566290022452_5979571774365368320_n1-300x211.jpg",300,211,true],"large":["https:\/\/diariofemenino.com.ar\/df\/wp-content\/uploads\/2020\/05\/100045472_3000566290022452_5979571774365368320_n1.jpg",713,501,false],"1536x1536":["https:\/\/diariofemenino.com.ar\/df\/wp-content\/uploads\/2020\/05\/100045472_3000566290022452_5979571774365368320_n1.jpg",713,501,false],"2048x2048":["https:\/\/diariofemenino.com.ar\/df\/wp-content\/uploads\/2020\/05\/100045472_3000566290022452_5979571774365368320_n1.jpg",713,501,false]},"rttpg_author":{"display_name":"Admin","author_link":"https:\/\/diariofemenino.com.ar\/df\/author\/lenny\/"},"rttpg_comment":0,"rttpg_category":"<a href=\"https:\/\/diariofemenino.com.ar\/df\/category\/aborto\/\" rel=\"category tag\">Aborto<\/a> <a href=\"https:\/\/diariofemenino.com.ar\/df\/category\/agenda-feminista\/\" rel=\"category tag\">Agenda Feminista<\/a> <a href=\"https:\/\/diariofemenino.com.ar\/df\/category\/noticias\/\" rel=\"category tag\">Noticias<\/a> <a href=\"https:\/\/diariofemenino.com.ar\/df\/category\/salud\/\" rel=\"category tag\">Salud<\/a>","rttpg_excerpt":"Ciclo de Encuentros feministas Desde ADEM San Luis en la Campa\u00f1a Nacional por el Derecho al Aborto Legal, Seguro y Gratuito (CNDALSyG) impulsan un ciclo de encuentros para fortalecer los argumentos por el derecho al aborto legal y para sostener la vigencia de nuestra demanda. La actividad se realiza en el marco del \u00a028 de&hellip;","_links":{"self":[{"href":"https:\/\/diariofemenino.com.ar\/df\/wp-json\/wp\/v2\/posts\/48878","targetHints":{"allow":["GET"]}}],"collection":[{"href":"https:\/\/diariofemenino.com.ar\/df\/wp-json\/wp\/v2\/posts"}],"about":[{"href":"https:\/\/diariofemenino.com.ar\/df\/wp-json\/wp\/v2\/types\/post"}],"author":[{"embeddable":true,"href":"https:\/\/diariofemenino.com.ar\/df\/wp-json\/wp\/v2\/users\/4"}],"replies":[{"embeddable":true,"href":"https:\/\/diariofemenino.com.ar\/df\/wp-json\/wp\/v2\/comments?post=48878"}],"version-history":[{"count":0,"href":"https:\/\/diariofemenino.com.ar\/df\/wp-json\/wp\/v2\/posts\/48878\/revisions"}],"wp:featuredmedia":[{"embeddable":true,"href":"https:\/\/diariofemenino.com.ar\/df\/wp-json\/wp\/v2\/media\/48885"}],"wp:attachment":[{"href":"https:\/\/diariofemenino.com.ar\/df\/wp-json\/wp\/v2\/media?parent=48878"}],"wp:term":[{"taxonomy":"category","embeddable":true,"href":"https:\/\/diariofemenino.com.ar\/df\/wp-json\/wp\/v2\/categories?post=48878"},{"taxonomy":"post_tag","embeddable":true,"href":"https:\/\/diariofemenino.com.ar\/df\/wp-json\/wp\/v2\/tags?post=48878"}],"curies":[{"name":"wp","href":"https:\/\/api.w.org\/{rel}","templated":true}]}}