{"id":4883,"date":"2012-11-16T22:09:22","date_gmt":"2012-11-17T01:09:22","guid":{"rendered":"http:\/\/www.diariofemenino.com.ar\/?p=4883"},"modified":"2012-11-16T22:09:22","modified_gmt":"2012-11-17T01:09:22","slug":"sin-voluntad-politica-para-acatar-observaciones-de-cedaw","status":"publish","type":"post","link":"https:\/\/diariofemenino.com.ar\/df\/sin-voluntad-politica-para-acatar-observaciones-de-cedaw\/","title":{"rendered":"Sin \u201cvoluntad pol\u00edtica\u201d para acatar observaciones de CEDAW"},"content":{"rendered":"<p>&nbsp;<br \/>\n&nbsp;<br \/>\n&nbsp;<\/p>\n<div id=\"noticiaIntro\"><em>Ya hay marco legal que permite garantizar derechos femeninos<\/em><\/div>\n<div><em><a href=\"http:\/\/www.diariofemenino.com.ar\/wp-content\/uploads\/0.jpg\"><img loading=\"lazy\" decoding=\"async\" class=\"alignnone size-full wp-image-4884\" title=\"0\" src=\"http:\/\/www.diariofemenino.com.ar\/wp-content\/uploads\/0.jpg\" alt=\"\" width=\"574\" height=\"256\" \/><\/a><\/em><\/div>\n<div><em><\/em>\u00a0<\/div>\n<div id=\"noticiaText\"><em><\/em><\/p>\n<div>M\u00e9xico, DF.- Al Estado mexicano le falta voluntad pol\u00edtica para cumplir las recientes recomendaciones del Comit\u00e9 de la Convenci\u00f3n sobre la Eliminaci\u00f3n de Todas las Formas de Discriminaci\u00f3n Contra la Mujer (CEDAW, por sus siglas en ingl\u00e9s), orientadas al respeto de los derechos de las mujeres, toda vez que el pa\u00eds ya cuenta con los mecanismos jur\u00eddicos necesarios para llevarlas a cabo.<\/div>\n<div>\u00a0<\/div>\n<div>As\u00ed lo inform\u00f3 en entrevista Patricia Bedolla, coordinadora nacional del Comit\u00e9 de Am\u00e9rica Latina y el Caribe para la Defensa de los Derechos Humanos de la Mujer (Cladem) en M\u00e9xico, durante la \u201cMesa de discusi\u00f3n sobre las recomendaciones del Comit\u00e9 de la CEDAW\u201d, que se realiz\u00f3 hoy en el Museo de la Mujer.\u00a0<\/div>\n<div>\u00a0<\/div>\n<div>La activista indic\u00f3 que el Estado mexicano s\u00f3lo necesita \u201cvoluntad pol\u00edtica\u201d para cumplir los se\u00f1alamientos emitidos por el Comit\u00e9. \u201cSi hay voluntad los problemas se resuelven\u201d porque hay un marco legal adecuado luego de la aprobaci\u00f3n de la reforma constitucional de Derechos Humanos (DH), entre otras leyes, explic\u00f3.\u00a0<\/div>\n<div>\u00a0<\/div>\n<div>Bedolla apunt\u00f3 que la administraci\u00f3n entrante debe asumir este compromiso, pues est\u00e1 obligada por la Constituci\u00f3n.\u00a0<\/div>\n<div>\u00a0<\/div>\n<div>Algunas de las recomendaciones del Comit\u00e9 de la CEDAW al Estado mexicano est\u00e1n encaminadas a erradicar la violencia contra las mujeres, as\u00ed como la desaparici\u00f3n forzada y la trata de personas, delitos en los que ellas son las principales v\u00edctimas.\u00a0<\/div>\n<div>\u00a0<\/div>\n<div>Las expertas del Comit\u00e9, luego de que en julio pasado recibieron y analizaron dos reportes del Estado mexicano e informes \u201csombra\u201d o alternos de organizaciones civiles, urgieron a las autoridades a cumplir con las recomendaciones.\u00a0<\/div>\n<div>\u00a0<\/div>\n<div>Durante la mesa de discusi\u00f3n, Guadalupe Ramos, investigadora de la Universidad de Guadalajara y coordinadora de Cladem en Jalisco, expuso que los pendientes tienen que ver con la obligaci\u00f3n del Estado de garantizar derechos m\u00ednimos de las mujeres para abatir la desigualdad de g\u00e9nero.\u00a0<\/div>\n<div>\u00a0<\/div>\n<div>Ramos recalc\u00f3 que las observaciones finales del Comit\u00e9 de la CEDAW a M\u00e9xico van dirigidas a que las mujeres vivan sin violencia, accedan a la participaci\u00f3n pol\u00edtica, educaci\u00f3n y empleo digno, as\u00ed como a gozar de salud sexual y reproductiva.\u00a0<\/div>\n<div>\u00a0<\/div>\n<div>Patricia Bedolla destac\u00f3 que durante la siguiente administraci\u00f3n, las organizaciones civiles afrontar\u00e1n el reto de empujar a las autoridades locales y federales a revertir las reformas que criminalizan el aborto en 17 estados del pa\u00eds, al haber estipulado la \u201cprotecci\u00f3n de la vida desde la concepci\u00f3n-fecundaci\u00f3n\u201d.<\/div>\n<div>\u00a0<\/div>\n<div>Apunt\u00f3 que hay estados como Morelos, donde se abre una \u201cventana de esperanza\u201d, pues luego de que la entidad reform\u00f3 su constituci\u00f3n local para penalizar la interrupci\u00f3n del embarazo, el nuevo gobernador Graco Ram\u00edrez \u201chabla del derecho de las mujeres a decidir sobre su cuerpo\u201d.\u00a0<\/div>\n<div>\u00a0<\/div>\n<div>Entre sus observaciones, el Comit\u00e9 de la CEDAW menciona que es preocupante que la salud de las mujeres se coloque en riesgo por la criminalizaci\u00f3n de la interrupci\u00f3n del embarazo derivada de las reformas a 17 constituciones locales, aun cuando las modificaciones no est\u00e1n en los c\u00f3digos penales de esos estados.\u00a0<\/div>\n<div>\u00a0<\/div>\n<div>Para hacer valer el derecho a decidir y el resto de las garant\u00edas fundamentales de las mujeres, la coordinadora nacional de Cladem en M\u00e9xico anunci\u00f3 que la campa\u00f1a \u201cYa es tiempo, ya es hora\u201d, que comenz\u00f3 a principios de este a\u00f1o, tendr\u00e1 una segunda etapa en 2013.\u00a0<\/div>\n<div>\u00a0<\/div>\n<div>La campa\u00f1a consistir\u00e1 en el monitoreo del cumplimiento de los DH de las mujeres y di\u00e1logo con autoridades para generar pol\u00edticas favorables a los DH femeninos.\u00a0<\/div>\n<div>\u00a0<\/div>\n<div>\u00a0<\/div>\n<div>\u00a0<\/div>\n<div>\u00a0<\/div>\n<div>\u00a0<\/div>\n<div>Fuente: CIMAC<\/div>\n<\/div>\n","protected":false},"excerpt":{"rendered":"<p>&nbsp; &nbsp; &nbsp; Ya hay marco legal que permite garantizar derechos femeninos \u00a0 M\u00e9xico, DF.- Al Estado mexicano le falta voluntad pol\u00edtica para cumplir las recientes recomendaciones del Comit\u00e9 de la Convenci\u00f3n sobre la Eliminaci\u00f3n de Todas las Formas de Discriminaci\u00f3n Contra la Mujer (CEDAW, por sus siglas en ingl\u00e9s), orientadas al respeto de los [&hellip;]<\/p>\n","protected":false},"author":1,"featured_media":0,"comment_status":"open","ping_status":"open","sticky":false,"template":"","format":"standard","meta":{"iawp_total_views":2,"footnotes":""},"categories":[3,4],"tags":[],"class_list":["post-4883","post","type-post","status-publish","format-standard","hentry","category-de-la-revolucion-al-reaprendizaje","category-medios"],"nelio_content":{"autoShareEndMode":"never","automationSources":{"useCustomSentences":false,"customSentences":[]},"efiAlt":"","efiUrl":"","followers":[],"highlights":[],"isAutoShareEnabled":true,"networkImageIds":[],"permalinkQueryArgs":[],"series":[],"suggestedReferences":[]},"yoast_head":"<!-- This site is optimized with the Yoast SEO plugin v27.4 - https:\/\/yoast.com\/product\/yoast-seo-wordpress\/ -->\n<title>Sin \u201cvoluntad pol\u00edtica\u201d para acatar observaciones de CEDAW - Diario Digital Femenino<\/title>\n<meta name=\"robots\" content=\"index, follow, max-snippet:-1, max-image-preview:large, max-video-preview:-1\" \/>\n<link rel=\"canonical\" href=\"https:\/\/diariofemenino.com.ar\/df\/sin-voluntad-politica-para-acatar-observaciones-de-cedaw\/\" \/>\n<meta property=\"og:locale\" content=\"es_ES\" \/>\n<meta property=\"og:type\" content=\"article\" \/>\n<meta property=\"og:title\" content=\"Sin \u201cvoluntad pol\u00edtica\u201d para acatar observaciones de CEDAW - Diario Digital Femenino\" \/>\n<meta property=\"og:description\" content=\"&nbsp; &nbsp; &nbsp; Ya hay marco legal que permite garantizar derechos femeninos \u00a0 M\u00e9xico, DF.- Al Estado mexicano le falta voluntad pol\u00edtica para cumplir las recientes recomendaciones del Comit\u00e9 de la Convenci\u00f3n sobre la Eliminaci\u00f3n de Todas las Formas de Discriminaci\u00f3n Contra la Mujer (CEDAW, por sus siglas en ingl\u00e9s), orientadas al respeto de los [&hellip;]\" \/>\n<meta property=\"og:url\" content=\"https:\/\/diariofemenino.com.ar\/df\/sin-voluntad-politica-para-acatar-observaciones-de-cedaw\/\" \/>\n<meta property=\"og:site_name\" content=\"Diario Digital Femenino\" \/>\n<meta property=\"article:publisher\" content=\"https:\/\/www.facebook.com\/DiarioDigitaFemenino\/\" \/>\n<meta property=\"article:published_time\" content=\"2012-11-17T01:09:22+00:00\" \/>\n<meta property=\"og:image\" content=\"http:\/\/www.diariofemenino.com.ar\/wp-content\/uploads\/0.jpg\" \/>\n<meta name=\"author\" content=\"Admin\" \/>\n<meta name=\"twitter:card\" content=\"summary_large_image\" \/>\n<meta name=\"twitter:creator\" content=\"@DiarioFemenino1\" \/>\n<meta name=\"twitter:site\" content=\"@DiarioFemenino1\" \/>\n<meta name=\"twitter:label1\" content=\"Escrito por\" \/>\n\t<meta name=\"twitter:data1\" content=\"Admin\" \/>\n\t<meta name=\"twitter:label2\" content=\"Tiempo de lectura\" \/>\n\t<meta name=\"twitter:data2\" content=\"3 minutos\" \/>\n<script type=\"application\/ld+json\" class=\"yoast-schema-graph\">{\"@context\":\"https:\\\/\\\/schema.org\",\"@graph\":[{\"@type\":\"Article\",\"@id\":\"https:\\\/\\\/diariofemenino.com.ar\\\/df\\\/sin-voluntad-politica-para-acatar-observaciones-de-cedaw\\\/#article\",\"isPartOf\":{\"@id\":\"https:\\\/\\\/diariofemenino.com.ar\\\/df\\\/sin-voluntad-politica-para-acatar-observaciones-de-cedaw\\\/\"},\"author\":{\"name\":\"Admin\",\"@id\":\"https:\\\/\\\/diariofemenino.com.ar\\\/df\\\/#\\\/schema\\\/person\\\/38f54b3bfd13f561de2460ba95c169c6\"},\"headline\":\"Sin \u201cvoluntad pol\u00edtica\u201d para acatar observaciones de CEDAW\",\"datePublished\":\"2012-11-17T01:09:22+00:00\",\"mainEntityOfPage\":{\"@id\":\"https:\\\/\\\/diariofemenino.com.ar\\\/df\\\/sin-voluntad-politica-para-acatar-observaciones-de-cedaw\\\/\"},\"wordCount\":622,\"commentCount\":0,\"publisher\":{\"@id\":\"https:\\\/\\\/diariofemenino.com.ar\\\/df\\\/#organization\"},\"image\":{\"@id\":\"https:\\\/\\\/diariofemenino.com.ar\\\/df\\\/sin-voluntad-politica-para-acatar-observaciones-de-cedaw\\\/#primaryimage\"},\"thumbnailUrl\":\"http:\\\/\\\/www.diariofemenino.com.ar\\\/wp-content\\\/uploads\\\/0.jpg\",\"articleSection\":[\"De la Revoluci\u00f3n al Reaprendizaje\",\"Medios\"],\"inLanguage\":\"es\",\"potentialAction\":[{\"@type\":\"CommentAction\",\"name\":\"Comment\",\"target\":[\"https:\\\/\\\/diariofemenino.com.ar\\\/df\\\/sin-voluntad-politica-para-acatar-observaciones-de-cedaw\\\/#respond\"]}]},{\"@type\":\"WebPage\",\"@id\":\"https:\\\/\\\/diariofemenino.com.ar\\\/df\\\/sin-voluntad-politica-para-acatar-observaciones-de-cedaw\\\/\",\"url\":\"https:\\\/\\\/diariofemenino.com.ar\\\/df\\\/sin-voluntad-politica-para-acatar-observaciones-de-cedaw\\\/\",\"name\":\"Sin \u201cvoluntad pol\u00edtica\u201d para acatar observaciones de CEDAW - Diario Digital Femenino\",\"isPartOf\":{\"@id\":\"https:\\\/\\\/diariofemenino.com.ar\\\/df\\\/#website\"},\"primaryImageOfPage\":{\"@id\":\"https:\\\/\\\/diariofemenino.com.ar\\\/df\\\/sin-voluntad-politica-para-acatar-observaciones-de-cedaw\\\/#primaryimage\"},\"image\":{\"@id\":\"https:\\\/\\\/diariofemenino.com.ar\\\/df\\\/sin-voluntad-politica-para-acatar-observaciones-de-cedaw\\\/#primaryimage\"},\"thumbnailUrl\":\"http:\\\/\\\/www.diariofemenino.com.ar\\\/wp-content\\\/uploads\\\/0.jpg\",\"datePublished\":\"2012-11-17T01:09:22+00:00\",\"breadcrumb\":{\"@id\":\"https:\\\/\\\/diariofemenino.com.ar\\\/df\\\/sin-voluntad-politica-para-acatar-observaciones-de-cedaw\\\/#breadcrumb\"},\"inLanguage\":\"es\",\"potentialAction\":[{\"@type\":\"ReadAction\",\"target\":[\"https:\\\/\\\/diariofemenino.com.ar\\\/df\\\/sin-voluntad-politica-para-acatar-observaciones-de-cedaw\\\/\"]}]},{\"@type\":\"ImageObject\",\"inLanguage\":\"es\",\"@id\":\"https:\\\/\\\/diariofemenino.com.ar\\\/df\\\/sin-voluntad-politica-para-acatar-observaciones-de-cedaw\\\/#primaryimage\",\"url\":\"http:\\\/\\\/www.diariofemenino.com.ar\\\/wp-content\\\/uploads\\\/0.jpg\",\"contentUrl\":\"http:\\\/\\\/www.diariofemenino.com.ar\\\/wp-content\\\/uploads\\\/0.jpg\"},{\"@type\":\"BreadcrumbList\",\"@id\":\"https:\\\/\\\/diariofemenino.com.ar\\\/df\\\/sin-voluntad-politica-para-acatar-observaciones-de-cedaw\\\/#breadcrumb\",\"itemListElement\":[{\"@type\":\"ListItem\",\"position\":1,\"name\":\"Portada\",\"item\":\"https:\\\/\\\/diariofemenino.com.ar\\\/df\\\/\"},{\"@type\":\"ListItem\",\"position\":2,\"name\":\"Sin \u201cvoluntad pol\u00edtica\u201d para acatar observaciones de CEDAW\"}]},{\"@type\":\"WebSite\",\"@id\":\"https:\\\/\\\/diariofemenino.com.ar\\\/df\\\/#website\",\"url\":\"https:\\\/\\\/diariofemenino.com.ar\\\/df\\\/\",\"name\":\"Diario Digital Femenino\",\"description\":\"Cuesti\u00f3n de G\u00e9nero\",\"publisher\":{\"@id\":\"https:\\\/\\\/diariofemenino.com.ar\\\/df\\\/#organization\"},\"potentialAction\":[{\"@type\":\"SearchAction\",\"target\":{\"@type\":\"EntryPoint\",\"urlTemplate\":\"https:\\\/\\\/diariofemenino.com.ar\\\/df\\\/?s={search_term_string}\"},\"query-input\":{\"@type\":\"PropertyValueSpecification\",\"valueRequired\":true,\"valueName\":\"search_term_string\"}}],\"inLanguage\":\"es\"},{\"@type\":\"Organization\",\"@id\":\"https:\\\/\\\/diariofemenino.com.ar\\\/df\\\/#organization\",\"name\":\"Diario Femenino\",\"url\":\"https:\\\/\\\/diariofemenino.com.ar\\\/df\\\/\",\"logo\":{\"@type\":\"ImageObject\",\"inLanguage\":\"es\",\"@id\":\"https:\\\/\\\/diariofemenino.com.ar\\\/df\\\/#\\\/schema\\\/logo\\\/image\\\/\",\"url\":\"https:\\\/\\\/diariofemenino.com.ar\\\/df\\\/wp-content\\\/uploads\\\/2018\\\/10\\\/logo.png\",\"contentUrl\":\"https:\\\/\\\/diariofemenino.com.ar\\\/df\\\/wp-content\\\/uploads\\\/2018\\\/10\\\/logo.png\",\"width\":500,\"height\":92,\"caption\":\"Diario Femenino\"},\"image\":{\"@id\":\"https:\\\/\\\/diariofemenino.com.ar\\\/df\\\/#\\\/schema\\\/logo\\\/image\\\/\"},\"sameAs\":[\"https:\\\/\\\/www.facebook.com\\\/DiarioDigitaFemenino\\\/\",\"https:\\\/\\\/x.com\\\/DiarioFemenino1\"]},{\"@type\":\"Person\",\"@id\":\"https:\\\/\\\/diariofemenino.com.ar\\\/df\\\/#\\\/schema\\\/person\\\/38f54b3bfd13f561de2460ba95c169c6\",\"name\":\"Admin\",\"image\":{\"@type\":\"ImageObject\",\"inLanguage\":\"es\",\"@id\":\"https:\\\/\\\/diariofemenino.com.ar\\\/df\\\/wp-content\\\/uploads\\\/2018\\\/12\\\/favicon-150x150.jpg\",\"url\":\"https:\\\/\\\/diariofemenino.com.ar\\\/df\\\/wp-content\\\/uploads\\\/2018\\\/12\\\/favicon-150x150.jpg\",\"contentUrl\":\"https:\\\/\\\/diariofemenino.com.ar\\\/df\\\/wp-content\\\/uploads\\\/2018\\\/12\\\/favicon-150x150.jpg\",\"caption\":\"Admin\"},\"url\":\"https:\\\/\\\/diariofemenino.com.ar\\\/df\\\/author\\\/adm18df\\\/\"}]}<\/script>\n<!-- \/ Yoast SEO plugin. -->","yoast_head_json":{"title":"Sin \u201cvoluntad pol\u00edtica\u201d para acatar observaciones de CEDAW - Diario Digital Femenino","robots":{"index":"index","follow":"follow","max-snippet":"max-snippet:-1","max-image-preview":"max-image-preview:large","max-video-preview":"max-video-preview:-1"},"canonical":"https:\/\/diariofemenino.com.ar\/df\/sin-voluntad-politica-para-acatar-observaciones-de-cedaw\/","og_locale":"es_ES","og_type":"article","og_title":"Sin \u201cvoluntad pol\u00edtica\u201d para acatar observaciones de CEDAW - Diario Digital Femenino","og_description":"&nbsp; &nbsp; &nbsp; Ya hay marco legal que permite garantizar derechos femeninos \u00a0 M\u00e9xico, DF.- Al Estado mexicano le falta voluntad pol\u00edtica para cumplir las recientes recomendaciones del Comit\u00e9 de la Convenci\u00f3n sobre la Eliminaci\u00f3n de Todas las Formas de Discriminaci\u00f3n Contra la Mujer (CEDAW, por sus siglas en ingl\u00e9s), orientadas al respeto de los [&hellip;]","og_url":"https:\/\/diariofemenino.com.ar\/df\/sin-voluntad-politica-para-acatar-observaciones-de-cedaw\/","og_site_name":"Diario Digital Femenino","article_publisher":"https:\/\/www.facebook.com\/DiarioDigitaFemenino\/","article_published_time":"2012-11-17T01:09:22+00:00","og_image":[{"url":"http:\/\/www.diariofemenino.com.ar\/wp-content\/uploads\/0.jpg","type":"","width":"","height":""}],"author":"Admin","twitter_card":"summary_large_image","twitter_creator":"@DiarioFemenino1","twitter_site":"@DiarioFemenino1","twitter_misc":{"Escrito por":"Admin","Tiempo de lectura":"3 minutos"},"schema":{"@context":"https:\/\/schema.org","@graph":[{"@type":"Article","@id":"https:\/\/diariofemenino.com.ar\/df\/sin-voluntad-politica-para-acatar-observaciones-de-cedaw\/#article","isPartOf":{"@id":"https:\/\/diariofemenino.com.ar\/df\/sin-voluntad-politica-para-acatar-observaciones-de-cedaw\/"},"author":{"name":"Admin","@id":"https:\/\/diariofemenino.com.ar\/df\/#\/schema\/person\/38f54b3bfd13f561de2460ba95c169c6"},"headline":"Sin \u201cvoluntad pol\u00edtica\u201d para acatar observaciones de CEDAW","datePublished":"2012-11-17T01:09:22+00:00","mainEntityOfPage":{"@id":"https:\/\/diariofemenino.com.ar\/df\/sin-voluntad-politica-para-acatar-observaciones-de-cedaw\/"},"wordCount":622,"commentCount":0,"publisher":{"@id":"https:\/\/diariofemenino.com.ar\/df\/#organization"},"image":{"@id":"https:\/\/diariofemenino.com.ar\/df\/sin-voluntad-politica-para-acatar-observaciones-de-cedaw\/#primaryimage"},"thumbnailUrl":"http:\/\/www.diariofemenino.com.ar\/wp-content\/uploads\/0.jpg","articleSection":["De la Revoluci\u00f3n al Reaprendizaje","Medios"],"inLanguage":"es","potentialAction":[{"@type":"CommentAction","name":"Comment","target":["https:\/\/diariofemenino.com.ar\/df\/sin-voluntad-politica-para-acatar-observaciones-de-cedaw\/#respond"]}]},{"@type":"WebPage","@id":"https:\/\/diariofemenino.com.ar\/df\/sin-voluntad-politica-para-acatar-observaciones-de-cedaw\/","url":"https:\/\/diariofemenino.com.ar\/df\/sin-voluntad-politica-para-acatar-observaciones-de-cedaw\/","name":"Sin \u201cvoluntad pol\u00edtica\u201d para acatar observaciones de CEDAW - Diario Digital Femenino","isPartOf":{"@id":"https:\/\/diariofemenino.com.ar\/df\/#website"},"primaryImageOfPage":{"@id":"https:\/\/diariofemenino.com.ar\/df\/sin-voluntad-politica-para-acatar-observaciones-de-cedaw\/#primaryimage"},"image":{"@id":"https:\/\/diariofemenino.com.ar\/df\/sin-voluntad-politica-para-acatar-observaciones-de-cedaw\/#primaryimage"},"thumbnailUrl":"http:\/\/www.diariofemenino.com.ar\/wp-content\/uploads\/0.jpg","datePublished":"2012-11-17T01:09:22+00:00","breadcrumb":{"@id":"https:\/\/diariofemenino.com.ar\/df\/sin-voluntad-politica-para-acatar-observaciones-de-cedaw\/#breadcrumb"},"inLanguage":"es","potentialAction":[{"@type":"ReadAction","target":["https:\/\/diariofemenino.com.ar\/df\/sin-voluntad-politica-para-acatar-observaciones-de-cedaw\/"]}]},{"@type":"ImageObject","inLanguage":"es","@id":"https:\/\/diariofemenino.com.ar\/df\/sin-voluntad-politica-para-acatar-observaciones-de-cedaw\/#primaryimage","url":"http:\/\/www.diariofemenino.com.ar\/wp-content\/uploads\/0.jpg","contentUrl":"http:\/\/www.diariofemenino.com.ar\/wp-content\/uploads\/0.jpg"},{"@type":"BreadcrumbList","@id":"https:\/\/diariofemenino.com.ar\/df\/sin-voluntad-politica-para-acatar-observaciones-de-cedaw\/#breadcrumb","itemListElement":[{"@type":"ListItem","position":1,"name":"Portada","item":"https:\/\/diariofemenino.com.ar\/df\/"},{"@type":"ListItem","position":2,"name":"Sin \u201cvoluntad pol\u00edtica\u201d para acatar observaciones de CEDAW"}]},{"@type":"WebSite","@id":"https:\/\/diariofemenino.com.ar\/df\/#website","url":"https:\/\/diariofemenino.com.ar\/df\/","name":"Diario Digital Femenino","description":"Cuesti\u00f3n de G\u00e9nero","publisher":{"@id":"https:\/\/diariofemenino.com.ar\/df\/#organization"},"potentialAction":[{"@type":"SearchAction","target":{"@type":"EntryPoint","urlTemplate":"https:\/\/diariofemenino.com.ar\/df\/?s={search_term_string}"},"query-input":{"@type":"PropertyValueSpecification","valueRequired":true,"valueName":"search_term_string"}}],"inLanguage":"es"},{"@type":"Organization","@id":"https:\/\/diariofemenino.com.ar\/df\/#organization","name":"Diario Femenino","url":"https:\/\/diariofemenino.com.ar\/df\/","logo":{"@type":"ImageObject","inLanguage":"es","@id":"https:\/\/diariofemenino.com.ar\/df\/#\/schema\/logo\/image\/","url":"https:\/\/diariofemenino.com.ar\/df\/wp-content\/uploads\/2018\/10\/logo.png","contentUrl":"https:\/\/diariofemenino.com.ar\/df\/wp-content\/uploads\/2018\/10\/logo.png","width":500,"height":92,"caption":"Diario Femenino"},"image":{"@id":"https:\/\/diariofemenino.com.ar\/df\/#\/schema\/logo\/image\/"},"sameAs":["https:\/\/www.facebook.com\/DiarioDigitaFemenino\/","https:\/\/x.com\/DiarioFemenino1"]},{"@type":"Person","@id":"https:\/\/diariofemenino.com.ar\/df\/#\/schema\/person\/38f54b3bfd13f561de2460ba95c169c6","name":"Admin","image":{"@type":"ImageObject","inLanguage":"es","@id":"https:\/\/diariofemenino.com.ar\/df\/wp-content\/uploads\/2018\/12\/favicon-150x150.jpg","url":"https:\/\/diariofemenino.com.ar\/df\/wp-content\/uploads\/2018\/12\/favicon-150x150.jpg","contentUrl":"https:\/\/diariofemenino.com.ar\/df\/wp-content\/uploads\/2018\/12\/favicon-150x150.jpg","caption":"Admin"},"url":"https:\/\/diariofemenino.com.ar\/df\/author\/adm18df\/"}]}},"jetpack_featured_media_url":"","jetpack_sharing_enabled":true,"rttpg_featured_image_url":null,"rttpg_author":{"display_name":"Admin","author_link":"https:\/\/diariofemenino.com.ar\/df\/author\/adm18df\/"},"rttpg_comment":0,"rttpg_category":"<a href=\"https:\/\/diariofemenino.com.ar\/df\/category\/de-la-revolucion-al-reaprendizaje\/\" rel=\"category tag\">De la Revoluci\u00f3n al Reaprendizaje<\/a> <a href=\"https:\/\/diariofemenino.com.ar\/df\/category\/medios\/\" rel=\"category tag\">Medios<\/a>","rttpg_excerpt":"&nbsp; &nbsp; &nbsp; Ya hay marco legal que permite garantizar derechos femeninos \u00a0 M\u00e9xico, DF.- Al Estado mexicano le falta voluntad pol\u00edtica para cumplir las recientes recomendaciones del Comit\u00e9 de la Convenci\u00f3n sobre la Eliminaci\u00f3n de Todas las Formas de Discriminaci\u00f3n Contra la Mujer (CEDAW, por sus siglas en ingl\u00e9s), orientadas al respeto de los&hellip;","_links":{"self":[{"href":"https:\/\/diariofemenino.com.ar\/df\/wp-json\/wp\/v2\/posts\/4883","targetHints":{"allow":["GET"]}}],"collection":[{"href":"https:\/\/diariofemenino.com.ar\/df\/wp-json\/wp\/v2\/posts"}],"about":[{"href":"https:\/\/diariofemenino.com.ar\/df\/wp-json\/wp\/v2\/types\/post"}],"author":[{"embeddable":true,"href":"https:\/\/diariofemenino.com.ar\/df\/wp-json\/wp\/v2\/users\/1"}],"replies":[{"embeddable":true,"href":"https:\/\/diariofemenino.com.ar\/df\/wp-json\/wp\/v2\/comments?post=4883"}],"version-history":[{"count":0,"href":"https:\/\/diariofemenino.com.ar\/df\/wp-json\/wp\/v2\/posts\/4883\/revisions"}],"wp:attachment":[{"href":"https:\/\/diariofemenino.com.ar\/df\/wp-json\/wp\/v2\/media?parent=4883"}],"wp:term":[{"taxonomy":"category","embeddable":true,"href":"https:\/\/diariofemenino.com.ar\/df\/wp-json\/wp\/v2\/categories?post=4883"},{"taxonomy":"post_tag","embeddable":true,"href":"https:\/\/diariofemenino.com.ar\/df\/wp-json\/wp\/v2\/tags?post=4883"}],"curies":[{"name":"wp","href":"https:\/\/api.w.org\/{rel}","templated":true}]}}