{"id":48793,"date":"2020-05-20T18:44:41","date_gmt":"2020-05-20T21:44:41","guid":{"rendered":"https:\/\/diariofemenino.com.ar\/?p=48793"},"modified":"2020-05-20T18:44:41","modified_gmt":"2020-05-20T21:44:41","slug":"nina-torturada-en-santiago-del-estero-el-estado-es-responsable","status":"publish","type":"post","link":"https:\/\/diariofemenino.com.ar\/df\/nina-torturada-en-santiago-del-estero-el-estado-es-responsable\/","title":{"rendered":"Ni\u00f1a torturada en Santiago del Estero. \u00a1El Estado es responsable!"},"content":{"rendered":"<p><strong>Ni\u00f1a torturada en Santiago del Estero<\/strong><\/p>\n<p style=\"text-align: right;\">Santiago del Estero, 20 de mayo de 2020<\/p>\n<figure id=\"attachment_48795\" aria-describedby=\"caption-attachment-48795\" style=\"width: 306px\" class=\"wp-caption alignleft\"><img loading=\"lazy\" decoding=\"async\" class=\"size-full wp-image-48795\" src=\"https:\/\/diariofemenino.com.ar\/df\/wp-content\/uploads\/2020\/05\/IleSantiago1.jpg\" alt=\"Ni\u00f1a torturada en Santiago del Estero. \u00a1El Estado es responsable!\" width=\"306\" height=\"153\" srcset=\"https:\/\/diariofemenino.com.ar\/df\/wp-content\/uploads\/2020\/05\/IleSantiago1.jpg 306w, https:\/\/diariofemenino.com.ar\/df\/wp-content\/uploads\/2020\/05\/IleSantiago1-300x150.jpg 300w\" sizes=\"auto, (max-width: 306px) 100vw, 306px\" \/><figcaption id=\"caption-attachment-48795\" class=\"wp-caption-text\">Ni\u00f1a torturada en Santiago del Estero. \u00a1El Estado es responsable!<\/figcaption><\/figure>\n<p>En 1921 la segunda reforma del C\u00f3digo Penal habilit\u00f3 la posibilidad de interrumpir embarazos que fueran consecuencia de una violaci\u00f3n. Actualmente, de acuerdo con el art\u00edculo 86 del C\u00f3digo Penal y la sentencia de la Corte Suprema de Justicia de la Naci\u00f3n en el caso \u201cF.A.L\u201d de 2012, las personas tienen derecho a la interrupci\u00f3n legal del embarazo en 3 casos:<\/p>\n<p>-Si el embarazo representa un peligro para la vida de la mujer y este peligro no puede ser evitado por otros medios;<\/p>\n<p>-Si el embarazo representa un peligro para la salud de la mujer (entendida la salud como el bienestar f\u00edsico, mental-emocional y social)<\/p>\n<p>-Si el embarazo proviene de una violaci\u00f3n.<\/p>\n<p>A nivel internacional, en 1984, la ONU calific\u00f3 a la obligaci\u00f3n a gestar y parir como trato degradante, inhumano y tortura.<\/p>\n<p>Asimismo, el abuso sexual contra la infancia, es considerado como una vulneraci\u00f3n grave de los Derechos Humanos. En Argentina, seg\u00fan datos de Ministerio de Salud, el 47% de las ni\u00f1as v\u00edctimas de abuso sexual tienen entre 5 y 12 a\u00f1os. Mar\u00eda, la ni\u00f1a a la que negaron sus derechos en el sistema de salud de Santiago del Estero, tiene 12 a\u00f1os.<\/p>\n<p>Estos datos, son apenas algunos de los que permiten ver que una ni\u00f1a de 12 a\u00f1os embarazada no es un caso aislado, ni un problema personal, individual o privado. Con todos estos antecedentes resulta impensable e indignante la inacci\u00f3n y desidia en las reparticiones p\u00fablicas.<\/p>\n<p>Sin embargo, <strong>a Mar\u00eda y a su madre les mintieron sobre la edad gestacional de su feto para poder proceder sin problema a la hora de justificar por qu\u00e9 no accionaron c\u00f3mo correspond\u00eda seg\u00fan la ley.<\/strong><\/p>\n<p><strong>Los\/las agentes del Estado tienen la obligaci\u00f3n de conocer y hacer cumplir la ley sin dilaciones, pero eso no sucede en el hospital Maternidad e Infancia de Santiago con el Dr. Pedro Carrizo, objetor de que se practique las interrupciones a ni\u00f1as que sufrieron abusos sexuales.<\/strong><\/p>\n<p><strong>Exponer, demorar y no informar debidamente sobre los derechos que asisten a las ciudadanas, es una falta grave a sus obligaciones. Y el Ministerio de Salud de la Provincia deber\u00eda dar respuestas inmediatas y hacerse cargo de este pedido ante este caso tan atroz.<\/strong><\/p>\n<p>Desde la <a href=\"http:\/\/www.abortolegal.com.ar\/proyecto-de-ley-presentado-por-la-campana\/\">Campa\u00f1a<\/a> Nacional por el Aborto Legal, Seguro y Gratuito exigimos que haya consecuencias para quienes han bloqueado el acceso a los derechos de la ni\u00f1a.<\/p>\n<p>Para acceder a la interrupci\u00f3n legal del embarazo es necesaria una consulta con un profesional de la salud, en un \u00e1mbito confidencial. A Mar\u00eda, se lo negaron. Le mintieron, y la revictimizaron. En el caso de una violaci\u00f3n no es necesaria una denuncia policial. Mar\u00eda ten\u00eda 2 de 3 causales.<\/p>\n<p>En 2015, el Ministerio de Salud de la Naci\u00f3n public\u00f3 el Protocolo para la Atenci\u00f3n Integral de las Personas con Derecho a la Interrupci\u00f3n Legal del Embarazo (Protocolo ILE) con el fin de estandarizar pr\u00e1cticas y garantizar el acceso a este derecho, el mismo fue actualizado a fines del 2019 por el actual Ministro de Salud, pero Santiago del Estero a\u00fan no adhiri\u00f3 al mismo.<\/p>\n<p>En este contexto, <strong>el reclamo por aborto legal, seguro y gratuito es m\u00e1s actual que nunca. Es evidente la necesidad de que este derecho est\u00e9 al alcance de todas las mujeres argentinas. Someter a una ni\u00f1a pobre a continuar un embarazo producto de una violaci\u00f3n, es reproducir esas mismas condiciones y expectativas de vida a las generaciones futuras. <\/strong><\/p>\n<p>Nuestros reclamos son m\u00e1s fuertes que nunca. Seguiremos levantando la voz por Mar\u00eda, por Luc\u00eda, por Bel\u00e9n y por todas las mujeres que son obligadas a poner su cuerpo para satisfacer deseos ajenos.<\/p>\n<p>Recordamos y expresamos enf\u00e1ticamente la exigencia de que <strong>la Provincia de Santiago del Estero debe adherir y garantizar el <a href=\"https:\/\/diariofemenino.com.ar\/protocolo-ile-actualizacion-2019\/\">Protocolo<\/a> para la Atenci\u00f3n Integral de las Personas con Derecho a la Interrupci\u00f3n Legal del Embarazo, como as\u00ed tambi\u00e9n, respetar la Convenci\u00f3n sobre los derechos de ni\u00f1as, ni\u00f1os y adolescentes<\/strong>, en tanto en 2018 reafirm\u00f3 el pedido a nuestro pa\u00eds: \u201cArgentina debe asegurar el acceso a servicios de aborto seguro y atenci\u00f3n posaborto para ni\u00f1as adolescentes, garantizando que sus opiniones siempre se escuchen y se tengan debidamente en cuenta como parte del proceso de toma de decisiones\u201d.<\/p>\n<p>No queremos m\u00e1s ni\u00f1as v\u00edctimas de violaci\u00f3n, ni obligadas a gestar embarazos no deseados.<\/p>\n<p>#Ni\u00f1asNoMadres<br \/>\n#Adhesi\u00f3nAlProcoloILEYa!<\/p>\n<p>&nbsp;<\/p>\n<p style=\"text-align: center;\"><span style=\"color: #008000;\">#<strong>Educaci\u00f3n Sexual para Decidir,<br \/>\n<\/strong><strong>#Anticonceptivos para no abortar,<br \/>\n<\/strong><strong>#Aborto legal para no morir.<\/strong><\/span><\/p>\n<p style=\"text-align: center;\"><span style=\"color: #008000;\"><strong>*<a href=\"http:\/\/www.abortolegal.com.ar\/\">Campa\u00f1a Nacional por el Derecho al aborto legal, seguro y gratuito<\/a><\/strong><\/span><\/p>\n<p>&nbsp;<\/p>\n<p><a href=\"https:\/\/diariofemenino.com.ar\/\">Diario Digital Femenino<\/a><\/p>\n","protected":false},"excerpt":{"rendered":"<p>Ni\u00f1a torturada en Santiago del Estero Santiago del Estero, 20 de mayo de 2020 En 1921 la segunda reforma del C\u00f3digo Penal habilit\u00f3 la posibilidad de interrumpir embarazos que fueran consecuencia de una violaci\u00f3n. Actualmente, de acuerdo con el art\u00edculo 86 del C\u00f3digo Penal y la sentencia de la Corte Suprema de Justicia de la [&hellip;]<\/p>\n","protected":false},"author":4,"featured_media":48794,"comment_status":"open","ping_status":"open","sticky":false,"template":"","format":"standard","meta":{"iawp_total_views":3,"footnotes":""},"categories":[22,1067,627,21,23],"tags":[397,890,802,962],"class_list":["post-48793","post","type-post","status-publish","format-standard","has-post-thumbnail","hentry","category-aborto","category-agenda-feminista","category-genero-y-derechos-humanos","category-noticias","category-salud","tag-derechos","tag-ninasnomadres","tag-campana-nacional-por-el-derecho-al-aborto-legal","tag-protocolo-ile"],"nelio_content":{"autoShareEndMode":"never","automationSources":{"useCustomSentences":false,"customSentences":[]},"efiAlt":"","efiUrl":"","followers":[4],"highlights":[],"isAutoShareEnabled":true,"networkImageIds":[],"permalinkQueryArgs":[],"series":[],"suggestedReferences":[]},"yoast_head":"<!-- This site is optimized with the Yoast SEO plugin v27.5 - https:\/\/yoast.com\/product\/yoast-seo-wordpress\/ -->\n<title>Ni\u00f1a torturada en Santiago del Estero. \u00a1El Estado es responsable! - Diario Digital Femenino<\/title>\n<meta name=\"description\" content=\"Ni\u00f1a torturada en Santiago del Estero. El abuso sexual contra la infancia, es considerado como una vulneraci\u00f3n grave de los Derechos Humanos.\" \/>\n<meta name=\"robots\" content=\"index, follow, max-snippet:-1, max-image-preview:large, max-video-preview:-1\" \/>\n<link rel=\"canonical\" href=\"https:\/\/diariofemenino.com.ar\/df\/nina-torturada-en-santiago-del-estero-el-estado-es-responsable\/\" \/>\n<meta property=\"og:locale\" content=\"es_ES\" \/>\n<meta property=\"og:type\" content=\"article\" \/>\n<meta property=\"og:title\" content=\"Ni\u00f1a torturada en Santiago del Estero. \u00a1El Estado es responsable! - Diario Digital Femenino\" \/>\n<meta property=\"og:description\" content=\"Ni\u00f1a torturada en Santiago del Estero. El abuso sexual contra la infancia, es considerado como una vulneraci\u00f3n grave de los Derechos Humanos.\" \/>\n<meta property=\"og:url\" content=\"https:\/\/diariofemenino.com.ar\/df\/nina-torturada-en-santiago-del-estero-el-estado-es-responsable\/\" \/>\n<meta property=\"og:site_name\" content=\"Diario Digital Femenino\" \/>\n<meta property=\"article:publisher\" content=\"https:\/\/www.facebook.com\/DiarioDigitaFemenino\/\" \/>\n<meta property=\"article:published_time\" content=\"2020-05-20T21:44:41+00:00\" \/>\n<meta property=\"og:image\" content=\"https:\/\/diariofemenino.com.ar\/df\/wp-content\/uploads\/2020\/05\/IleSantiago.jpg\" \/>\n\t<meta property=\"og:image:width\" content=\"976\" \/>\n\t<meta property=\"og:image:height\" content=\"356\" \/>\n\t<meta property=\"og:image:type\" content=\"image\/jpeg\" \/>\n<meta name=\"author\" content=\"Admin\" \/>\n<meta name=\"twitter:card\" content=\"summary_large_image\" \/>\n<meta name=\"twitter:creator\" content=\"@DiarioFemenino1\" \/>\n<meta name=\"twitter:site\" content=\"@DiarioFemenino1\" \/>\n<meta name=\"twitter:label1\" content=\"Escrito por\" \/>\n\t<meta name=\"twitter:data1\" content=\"Admin\" \/>\n\t<meta name=\"twitter:label2\" content=\"Tiempo de lectura\" \/>\n\t<meta name=\"twitter:data2\" content=\"4 minutos\" \/>\n<script type=\"application\/ld+json\" class=\"yoast-schema-graph\">{\"@context\":\"https:\\\/\\\/schema.org\",\"@graph\":[{\"@type\":\"Article\",\"@id\":\"https:\\\/\\\/diariofemenino.com.ar\\\/df\\\/nina-torturada-en-santiago-del-estero-el-estado-es-responsable\\\/#article\",\"isPartOf\":{\"@id\":\"https:\\\/\\\/diariofemenino.com.ar\\\/df\\\/nina-torturada-en-santiago-del-estero-el-estado-es-responsable\\\/\"},\"author\":{\"name\":\"Admin\",\"@id\":\"https:\\\/\\\/diariofemenino.com.ar\\\/df\\\/#\\\/schema\\\/person\\\/bf6199e8158c657ea6f789b11ec85509\"},\"headline\":\"Ni\u00f1a torturada en Santiago del Estero. \u00a1El Estado es responsable!\",\"datePublished\":\"2020-05-20T21:44:41+00:00\",\"mainEntityOfPage\":{\"@id\":\"https:\\\/\\\/diariofemenino.com.ar\\\/df\\\/nina-torturada-en-santiago-del-estero-el-estado-es-responsable\\\/\"},\"wordCount\":834,\"commentCount\":0,\"publisher\":{\"@id\":\"https:\\\/\\\/diariofemenino.com.ar\\\/df\\\/#organization\"},\"image\":{\"@id\":\"https:\\\/\\\/diariofemenino.com.ar\\\/df\\\/nina-torturada-en-santiago-del-estero-el-estado-es-responsable\\\/#primaryimage\"},\"thumbnailUrl\":\"https:\\\/\\\/diariofemenino.com.ar\\\/df\\\/wp-content\\\/uploads\\\/2020\\\/05\\\/IleSantiago.jpg\",\"keywords\":[\"#derechos\",\"#Ni\u00f1asNoMadres\",\"Campa\u00f1a Nacional por el Derecho al Aborto Legal\",\"Protocolo ILE\"],\"articleSection\":[\"Aborto\",\"Agenda Feminista\",\"G\u00e9nero y Derechos Humanos\",\"Noticias\",\"Salud\"],\"inLanguage\":\"es\",\"potentialAction\":[{\"@type\":\"CommentAction\",\"name\":\"Comment\",\"target\":[\"https:\\\/\\\/diariofemenino.com.ar\\\/df\\\/nina-torturada-en-santiago-del-estero-el-estado-es-responsable\\\/#respond\"]}]},{\"@type\":\"WebPage\",\"@id\":\"https:\\\/\\\/diariofemenino.com.ar\\\/df\\\/nina-torturada-en-santiago-del-estero-el-estado-es-responsable\\\/\",\"url\":\"https:\\\/\\\/diariofemenino.com.ar\\\/df\\\/nina-torturada-en-santiago-del-estero-el-estado-es-responsable\\\/\",\"name\":\"Ni\u00f1a torturada en Santiago del Estero. \u00a1El Estado es responsable! - Diario Digital Femenino\",\"isPartOf\":{\"@id\":\"https:\\\/\\\/diariofemenino.com.ar\\\/df\\\/#website\"},\"primaryImageOfPage\":{\"@id\":\"https:\\\/\\\/diariofemenino.com.ar\\\/df\\\/nina-torturada-en-santiago-del-estero-el-estado-es-responsable\\\/#primaryimage\"},\"image\":{\"@id\":\"https:\\\/\\\/diariofemenino.com.ar\\\/df\\\/nina-torturada-en-santiago-del-estero-el-estado-es-responsable\\\/#primaryimage\"},\"thumbnailUrl\":\"https:\\\/\\\/diariofemenino.com.ar\\\/df\\\/wp-content\\\/uploads\\\/2020\\\/05\\\/IleSantiago.jpg\",\"datePublished\":\"2020-05-20T21:44:41+00:00\",\"description\":\"Ni\u00f1a torturada en Santiago del Estero. El abuso sexual contra la infancia, es considerado como una vulneraci\u00f3n grave de los Derechos Humanos.\",\"breadcrumb\":{\"@id\":\"https:\\\/\\\/diariofemenino.com.ar\\\/df\\\/nina-torturada-en-santiago-del-estero-el-estado-es-responsable\\\/#breadcrumb\"},\"inLanguage\":\"es\",\"potentialAction\":[{\"@type\":\"ReadAction\",\"target\":[\"https:\\\/\\\/diariofemenino.com.ar\\\/df\\\/nina-torturada-en-santiago-del-estero-el-estado-es-responsable\\\/\"]}]},{\"@type\":\"ImageObject\",\"inLanguage\":\"es\",\"@id\":\"https:\\\/\\\/diariofemenino.com.ar\\\/df\\\/nina-torturada-en-santiago-del-estero-el-estado-es-responsable\\\/#primaryimage\",\"url\":\"https:\\\/\\\/diariofemenino.com.ar\\\/df\\\/wp-content\\\/uploads\\\/2020\\\/05\\\/IleSantiago.jpg\",\"contentUrl\":\"https:\\\/\\\/diariofemenino.com.ar\\\/df\\\/wp-content\\\/uploads\\\/2020\\\/05\\\/IleSantiago.jpg\",\"width\":976,\"height\":356,\"caption\":\"Ni\u00f1a torturada en Santiago del Estero. \u00a1El Estado es responsable!\"},{\"@type\":\"BreadcrumbList\",\"@id\":\"https:\\\/\\\/diariofemenino.com.ar\\\/df\\\/nina-torturada-en-santiago-del-estero-el-estado-es-responsable\\\/#breadcrumb\",\"itemListElement\":[{\"@type\":\"ListItem\",\"position\":1,\"name\":\"Portada\",\"item\":\"https:\\\/\\\/diariofemenino.com.ar\\\/df\\\/\"},{\"@type\":\"ListItem\",\"position\":2,\"name\":\"Ni\u00f1a torturada en Santiago del Estero. \u00a1El Estado es responsable!\"}]},{\"@type\":\"WebSite\",\"@id\":\"https:\\\/\\\/diariofemenino.com.ar\\\/df\\\/#website\",\"url\":\"https:\\\/\\\/diariofemenino.com.ar\\\/df\\\/\",\"name\":\"Diario Digital Femenino\",\"description\":\"Cuesti\u00f3n de G\u00e9nero\",\"publisher\":{\"@id\":\"https:\\\/\\\/diariofemenino.com.ar\\\/df\\\/#organization\"},\"potentialAction\":[{\"@type\":\"SearchAction\",\"target\":{\"@type\":\"EntryPoint\",\"urlTemplate\":\"https:\\\/\\\/diariofemenino.com.ar\\\/df\\\/?s={search_term_string}\"},\"query-input\":{\"@type\":\"PropertyValueSpecification\",\"valueRequired\":true,\"valueName\":\"search_term_string\"}}],\"inLanguage\":\"es\"},{\"@type\":\"Organization\",\"@id\":\"https:\\\/\\\/diariofemenino.com.ar\\\/df\\\/#organization\",\"name\":\"Diario Femenino\",\"url\":\"https:\\\/\\\/diariofemenino.com.ar\\\/df\\\/\",\"logo\":{\"@type\":\"ImageObject\",\"inLanguage\":\"es\",\"@id\":\"https:\\\/\\\/diariofemenino.com.ar\\\/df\\\/#\\\/schema\\\/logo\\\/image\\\/\",\"url\":\"https:\\\/\\\/diariofemenino.com.ar\\\/df\\\/wp-content\\\/uploads\\\/2018\\\/10\\\/logo.png\",\"contentUrl\":\"https:\\\/\\\/diariofemenino.com.ar\\\/df\\\/wp-content\\\/uploads\\\/2018\\\/10\\\/logo.png\",\"width\":500,\"height\":92,\"caption\":\"Diario Femenino\"},\"image\":{\"@id\":\"https:\\\/\\\/diariofemenino.com.ar\\\/df\\\/#\\\/schema\\\/logo\\\/image\\\/\"},\"sameAs\":[\"https:\\\/\\\/www.facebook.com\\\/DiarioDigitaFemenino\\\/\",\"https:\\\/\\\/x.com\\\/DiarioFemenino1\"]},{\"@type\":\"Person\",\"@id\":\"https:\\\/\\\/diariofemenino.com.ar\\\/df\\\/#\\\/schema\\\/person\\\/bf6199e8158c657ea6f789b11ec85509\",\"name\":\"Admin\",\"image\":{\"@type\":\"ImageObject\",\"inLanguage\":\"es\",\"@id\":\"https:\\\/\\\/diariofemenino.com.ar\\\/df\\\/wp-content\\\/uploads\\\/2018\\\/12\\\/favicon-150x150.jpg\",\"url\":\"https:\\\/\\\/diariofemenino.com.ar\\\/df\\\/wp-content\\\/uploads\\\/2018\\\/12\\\/favicon-150x150.jpg\",\"contentUrl\":\"https:\\\/\\\/diariofemenino.com.ar\\\/df\\\/wp-content\\\/uploads\\\/2018\\\/12\\\/favicon-150x150.jpg\",\"caption\":\"Admin\"},\"url\":\"https:\\\/\\\/diariofemenino.com.ar\\\/df\\\/author\\\/lenny\\\/\"}]}<\/script>\n<!-- \/ Yoast SEO plugin. -->","yoast_head_json":{"title":"Ni\u00f1a torturada en Santiago del Estero. \u00a1El Estado es responsable! - Diario Digital Femenino","description":"Ni\u00f1a torturada en Santiago del Estero. El abuso sexual contra la infancia, es considerado como una vulneraci\u00f3n grave de los Derechos Humanos.","robots":{"index":"index","follow":"follow","max-snippet":"max-snippet:-1","max-image-preview":"max-image-preview:large","max-video-preview":"max-video-preview:-1"},"canonical":"https:\/\/diariofemenino.com.ar\/df\/nina-torturada-en-santiago-del-estero-el-estado-es-responsable\/","og_locale":"es_ES","og_type":"article","og_title":"Ni\u00f1a torturada en Santiago del Estero. \u00a1El Estado es responsable! - Diario Digital Femenino","og_description":"Ni\u00f1a torturada en Santiago del Estero. El abuso sexual contra la infancia, es considerado como una vulneraci\u00f3n grave de los Derechos Humanos.","og_url":"https:\/\/diariofemenino.com.ar\/df\/nina-torturada-en-santiago-del-estero-el-estado-es-responsable\/","og_site_name":"Diario Digital Femenino","article_publisher":"https:\/\/www.facebook.com\/DiarioDigitaFemenino\/","article_published_time":"2020-05-20T21:44:41+00:00","og_image":[{"width":976,"height":356,"url":"https:\/\/diariofemenino.com.ar\/df\/wp-content\/uploads\/2020\/05\/IleSantiago.jpg","type":"image\/jpeg"}],"author":"Admin","twitter_card":"summary_large_image","twitter_creator":"@DiarioFemenino1","twitter_site":"@DiarioFemenino1","twitter_misc":{"Escrito por":"Admin","Tiempo de lectura":"4 minutos"},"schema":{"@context":"https:\/\/schema.org","@graph":[{"@type":"Article","@id":"https:\/\/diariofemenino.com.ar\/df\/nina-torturada-en-santiago-del-estero-el-estado-es-responsable\/#article","isPartOf":{"@id":"https:\/\/diariofemenino.com.ar\/df\/nina-torturada-en-santiago-del-estero-el-estado-es-responsable\/"},"author":{"name":"Admin","@id":"https:\/\/diariofemenino.com.ar\/df\/#\/schema\/person\/bf6199e8158c657ea6f789b11ec85509"},"headline":"Ni\u00f1a torturada en Santiago del Estero. \u00a1El Estado es responsable!","datePublished":"2020-05-20T21:44:41+00:00","mainEntityOfPage":{"@id":"https:\/\/diariofemenino.com.ar\/df\/nina-torturada-en-santiago-del-estero-el-estado-es-responsable\/"},"wordCount":834,"commentCount":0,"publisher":{"@id":"https:\/\/diariofemenino.com.ar\/df\/#organization"},"image":{"@id":"https:\/\/diariofemenino.com.ar\/df\/nina-torturada-en-santiago-del-estero-el-estado-es-responsable\/#primaryimage"},"thumbnailUrl":"https:\/\/diariofemenino.com.ar\/df\/wp-content\/uploads\/2020\/05\/IleSantiago.jpg","keywords":["#derechos","#Ni\u00f1asNoMadres","Campa\u00f1a Nacional por el Derecho al Aborto Legal","Protocolo ILE"],"articleSection":["Aborto","Agenda Feminista","G\u00e9nero y Derechos Humanos","Noticias","Salud"],"inLanguage":"es","potentialAction":[{"@type":"CommentAction","name":"Comment","target":["https:\/\/diariofemenino.com.ar\/df\/nina-torturada-en-santiago-del-estero-el-estado-es-responsable\/#respond"]}]},{"@type":"WebPage","@id":"https:\/\/diariofemenino.com.ar\/df\/nina-torturada-en-santiago-del-estero-el-estado-es-responsable\/","url":"https:\/\/diariofemenino.com.ar\/df\/nina-torturada-en-santiago-del-estero-el-estado-es-responsable\/","name":"Ni\u00f1a torturada en Santiago del Estero. \u00a1El Estado es responsable! - Diario Digital Femenino","isPartOf":{"@id":"https:\/\/diariofemenino.com.ar\/df\/#website"},"primaryImageOfPage":{"@id":"https:\/\/diariofemenino.com.ar\/df\/nina-torturada-en-santiago-del-estero-el-estado-es-responsable\/#primaryimage"},"image":{"@id":"https:\/\/diariofemenino.com.ar\/df\/nina-torturada-en-santiago-del-estero-el-estado-es-responsable\/#primaryimage"},"thumbnailUrl":"https:\/\/diariofemenino.com.ar\/df\/wp-content\/uploads\/2020\/05\/IleSantiago.jpg","datePublished":"2020-05-20T21:44:41+00:00","description":"Ni\u00f1a torturada en Santiago del Estero. El abuso sexual contra la infancia, es considerado como una vulneraci\u00f3n grave de los Derechos Humanos.","breadcrumb":{"@id":"https:\/\/diariofemenino.com.ar\/df\/nina-torturada-en-santiago-del-estero-el-estado-es-responsable\/#breadcrumb"},"inLanguage":"es","potentialAction":[{"@type":"ReadAction","target":["https:\/\/diariofemenino.com.ar\/df\/nina-torturada-en-santiago-del-estero-el-estado-es-responsable\/"]}]},{"@type":"ImageObject","inLanguage":"es","@id":"https:\/\/diariofemenino.com.ar\/df\/nina-torturada-en-santiago-del-estero-el-estado-es-responsable\/#primaryimage","url":"https:\/\/diariofemenino.com.ar\/df\/wp-content\/uploads\/2020\/05\/IleSantiago.jpg","contentUrl":"https:\/\/diariofemenino.com.ar\/df\/wp-content\/uploads\/2020\/05\/IleSantiago.jpg","width":976,"height":356,"caption":"Ni\u00f1a torturada en Santiago del Estero. \u00a1El Estado es responsable!"},{"@type":"BreadcrumbList","@id":"https:\/\/diariofemenino.com.ar\/df\/nina-torturada-en-santiago-del-estero-el-estado-es-responsable\/#breadcrumb","itemListElement":[{"@type":"ListItem","position":1,"name":"Portada","item":"https:\/\/diariofemenino.com.ar\/df\/"},{"@type":"ListItem","position":2,"name":"Ni\u00f1a torturada en Santiago del Estero. \u00a1El Estado es responsable!"}]},{"@type":"WebSite","@id":"https:\/\/diariofemenino.com.ar\/df\/#website","url":"https:\/\/diariofemenino.com.ar\/df\/","name":"Diario Digital Femenino","description":"Cuesti\u00f3n de G\u00e9nero","publisher":{"@id":"https:\/\/diariofemenino.com.ar\/df\/#organization"},"potentialAction":[{"@type":"SearchAction","target":{"@type":"EntryPoint","urlTemplate":"https:\/\/diariofemenino.com.ar\/df\/?s={search_term_string}"},"query-input":{"@type":"PropertyValueSpecification","valueRequired":true,"valueName":"search_term_string"}}],"inLanguage":"es"},{"@type":"Organization","@id":"https:\/\/diariofemenino.com.ar\/df\/#organization","name":"Diario Femenino","url":"https:\/\/diariofemenino.com.ar\/df\/","logo":{"@type":"ImageObject","inLanguage":"es","@id":"https:\/\/diariofemenino.com.ar\/df\/#\/schema\/logo\/image\/","url":"https:\/\/diariofemenino.com.ar\/df\/wp-content\/uploads\/2018\/10\/logo.png","contentUrl":"https:\/\/diariofemenino.com.ar\/df\/wp-content\/uploads\/2018\/10\/logo.png","width":500,"height":92,"caption":"Diario Femenino"},"image":{"@id":"https:\/\/diariofemenino.com.ar\/df\/#\/schema\/logo\/image\/"},"sameAs":["https:\/\/www.facebook.com\/DiarioDigitaFemenino\/","https:\/\/x.com\/DiarioFemenino1"]},{"@type":"Person","@id":"https:\/\/diariofemenino.com.ar\/df\/#\/schema\/person\/bf6199e8158c657ea6f789b11ec85509","name":"Admin","image":{"@type":"ImageObject","inLanguage":"es","@id":"https:\/\/diariofemenino.com.ar\/df\/wp-content\/uploads\/2018\/12\/favicon-150x150.jpg","url":"https:\/\/diariofemenino.com.ar\/df\/wp-content\/uploads\/2018\/12\/favicon-150x150.jpg","contentUrl":"https:\/\/diariofemenino.com.ar\/df\/wp-content\/uploads\/2018\/12\/favicon-150x150.jpg","caption":"Admin"},"url":"https:\/\/diariofemenino.com.ar\/df\/author\/lenny\/"}]}},"jetpack_featured_media_url":"https:\/\/diariofemenino.com.ar\/df\/wp-content\/uploads\/2020\/05\/IleSantiago.jpg","jetpack_sharing_enabled":true,"rttpg_featured_image_url":{"full":["https:\/\/diariofemenino.com.ar\/df\/wp-content\/uploads\/2020\/05\/IleSantiago.jpg",976,356,false],"landscape":["https:\/\/diariofemenino.com.ar\/df\/wp-content\/uploads\/2020\/05\/IleSantiago.jpg",976,356,false],"portraits":["https:\/\/diariofemenino.com.ar\/df\/wp-content\/uploads\/2020\/05\/IleSantiago.jpg",976,356,false],"thumbnail":["https:\/\/diariofemenino.com.ar\/df\/wp-content\/uploads\/2020\/05\/IleSantiago-150x150.jpg",150,150,true],"medium":["https:\/\/diariofemenino.com.ar\/df\/wp-content\/uploads\/2020\/05\/IleSantiago-300x109.jpg",300,109,true],"large":["https:\/\/diariofemenino.com.ar\/df\/wp-content\/uploads\/2020\/05\/IleSantiago.jpg",976,356,false],"1536x1536":["https:\/\/diariofemenino.com.ar\/df\/wp-content\/uploads\/2020\/05\/IleSantiago.jpg",976,356,false],"2048x2048":["https:\/\/diariofemenino.com.ar\/df\/wp-content\/uploads\/2020\/05\/IleSantiago.jpg",976,356,false]},"rttpg_author":{"display_name":"Admin","author_link":"https:\/\/diariofemenino.com.ar\/df\/author\/lenny\/"},"rttpg_comment":0,"rttpg_category":"<a href=\"https:\/\/diariofemenino.com.ar\/df\/category\/aborto\/\" rel=\"category tag\">Aborto<\/a> <a href=\"https:\/\/diariofemenino.com.ar\/df\/category\/agenda-feminista\/\" rel=\"category tag\">Agenda Feminista<\/a> <a href=\"https:\/\/diariofemenino.com.ar\/df\/category\/genero-y-derechos-humanos\/\" rel=\"category tag\">G\u00e9nero y Derechos Humanos<\/a> <a href=\"https:\/\/diariofemenino.com.ar\/df\/category\/noticias\/\" rel=\"category tag\">Noticias<\/a> <a href=\"https:\/\/diariofemenino.com.ar\/df\/category\/salud\/\" rel=\"category tag\">Salud<\/a>","rttpg_excerpt":"Ni\u00f1a torturada en Santiago del Estero Santiago del Estero, 20 de mayo de 2020 En 1921 la segunda reforma del C\u00f3digo Penal habilit\u00f3 la posibilidad de interrumpir embarazos que fueran consecuencia de una violaci\u00f3n. Actualmente, de acuerdo con el art\u00edculo 86 del C\u00f3digo Penal y la sentencia de la Corte Suprema de Justicia de la&hellip;","_links":{"self":[{"href":"https:\/\/diariofemenino.com.ar\/df\/wp-json\/wp\/v2\/posts\/48793","targetHints":{"allow":["GET"]}}],"collection":[{"href":"https:\/\/diariofemenino.com.ar\/df\/wp-json\/wp\/v2\/posts"}],"about":[{"href":"https:\/\/diariofemenino.com.ar\/df\/wp-json\/wp\/v2\/types\/post"}],"author":[{"embeddable":true,"href":"https:\/\/diariofemenino.com.ar\/df\/wp-json\/wp\/v2\/users\/4"}],"replies":[{"embeddable":true,"href":"https:\/\/diariofemenino.com.ar\/df\/wp-json\/wp\/v2\/comments?post=48793"}],"version-history":[{"count":0,"href":"https:\/\/diariofemenino.com.ar\/df\/wp-json\/wp\/v2\/posts\/48793\/revisions"}],"wp:featuredmedia":[{"embeddable":true,"href":"https:\/\/diariofemenino.com.ar\/df\/wp-json\/wp\/v2\/media\/48794"}],"wp:attachment":[{"href":"https:\/\/diariofemenino.com.ar\/df\/wp-json\/wp\/v2\/media?parent=48793"}],"wp:term":[{"taxonomy":"category","embeddable":true,"href":"https:\/\/diariofemenino.com.ar\/df\/wp-json\/wp\/v2\/categories?post=48793"},{"taxonomy":"post_tag","embeddable":true,"href":"https:\/\/diariofemenino.com.ar\/df\/wp-json\/wp\/v2\/tags?post=48793"}],"curies":[{"name":"wp","href":"https:\/\/api.w.org\/{rel}","templated":true}]}}