{"id":4871,"date":"2012-11-16T21:48:21","date_gmt":"2012-11-17T00:48:21","guid":{"rendered":"http:\/\/www.diariofemenino.com.ar\/?p=4871"},"modified":"2012-11-16T21:48:21","modified_gmt":"2012-11-17T00:48:21","slug":"realizaron-un-taller-de-salud-sexual-en-la-cta-regional-zarate-campana","status":"publish","type":"post","link":"https:\/\/diariofemenino.com.ar\/df\/realizaron-un-taller-de-salud-sexual-en-la-cta-regional-zarate-campana\/","title":{"rendered":"Realizaron un taller de salud sexual en la CTA regional Z\u00e1rate-Campana"},"content":{"rendered":"<p>&nbsp;<br \/>\n&nbsp;<br \/>\n&nbsp;<br \/>\nLa CTA Regional realiz\u00f3 ayer un taller de salud sexual y reproductiva con perspectiva de g\u00e9nero. Se reunieron m\u00e1s de 60 personas, docentes, integrantes de los Equipos de Orientaci\u00f3n Escolar, agentes sanitarios, integrantes de organizaciones sociales y pol\u00edticas.<br \/>\nSe trabaj\u00f3 arduamente en la capacitaci\u00f3n para aportar al cumplimiento de los derechos sexuales y reproductivos. La actividad fue presentada por la compa\u00f1era Pilar Sosa, Secretaria de G\u00e9nero de la CTA Regional, y recibi\u00f3 el saludo del Secretario Adjunto Christian Poli quien valor\u00f3 los avances en la participaci\u00f3n de las compa\u00f1eras de la Central en las propuestas locales que promueven la igualdad de derechos, entre ellas el Consejo Municipal de la Mujer.\u00a0<br \/>\nLa actividad estuvo a cargo de Flavia Delmas, Andrea Barcaglioni, Julia Gatica, Andrea Pineda de CTA Provincial. A trav\u00e9s de la exposici\u00f3n oral y t\u00e9cnicas participativas grupales, se realiz\u00f3 un recorrido del origen del concepto de g\u00e9nero, los roles de g\u00e9nero, la sexualidad y los derechos sexuales y reproductivos. A partir de la problem\u00e1tica de nuestro pa\u00eds en la mortalidad materna por abortos inseguros, se present\u00f3 la iniciativa de trabajar las Consejer\u00edas Territoriales en Salud Sexual y se convoc\u00f3 al Encuentro de G\u00e9nero de CTA Provincial, para profundizar la capacitaci\u00f3n el pr\u00f3ximo 27 de noviembre en la Ciudad de La Plata.<br \/>\n&nbsp;<br \/>\n&nbsp;<br \/>\n&nbsp;<br \/>\nFuente: El Debate<\/p>\n","protected":false},"excerpt":{"rendered":"<p>&nbsp; &nbsp; &nbsp; La CTA Regional realiz\u00f3 ayer un taller de salud sexual y reproductiva con perspectiva de g\u00e9nero. Se reunieron m\u00e1s de 60 personas, docentes, integrantes de los Equipos de Orientaci\u00f3n Escolar, agentes sanitarios, integrantes de organizaciones sociales y pol\u00edticas. Se trabaj\u00f3 arduamente en la capacitaci\u00f3n para aportar al cumplimiento de los derechos sexuales [&hellip;]<\/p>\n","protected":false},"author":1,"featured_media":0,"comment_status":"open","ping_status":"open","sticky":false,"template":"","format":"standard","meta":{"iawp_total_views":2,"footnotes":""},"categories":[7,4,580],"tags":[],"class_list":["post-4871","post","type-post","status-publish","format-standard","hentry","category-actividades","category-medios","category-resistencia-verdevioleta"],"nelio_content":{"autoShareEndMode":"never","automationSources":{"useCustomSentences":false,"customSentences":[]},"efiAlt":"","efiUrl":"","followers":[],"highlights":[],"isAutoShareEnabled":true,"networkImageIds":[],"permalinkQueryArgs":[],"series":[],"suggestedReferences":[]},"yoast_head":"<!-- This site is optimized with the Yoast SEO plugin v27.4 - https:\/\/yoast.com\/product\/yoast-seo-wordpress\/ -->\n<title>Realizaron un taller de salud sexual en la CTA regional Z\u00e1rate-Campana - Diario Digital Femenino<\/title>\n<meta name=\"robots\" content=\"index, follow, max-snippet:-1, max-image-preview:large, max-video-preview:-1\" \/>\n<link rel=\"canonical\" href=\"https:\/\/diariofemenino.com.ar\/df\/realizaron-un-taller-de-salud-sexual-en-la-cta-regional-zarate-campana\/\" \/>\n<meta property=\"og:locale\" content=\"es_ES\" \/>\n<meta property=\"og:type\" content=\"article\" \/>\n<meta property=\"og:title\" content=\"Realizaron un taller de salud sexual en la CTA regional Z\u00e1rate-Campana - Diario Digital Femenino\" \/>\n<meta property=\"og:description\" content=\"&nbsp; &nbsp; &nbsp; La CTA Regional realiz\u00f3 ayer un taller de salud sexual y reproductiva con perspectiva de g\u00e9nero. Se reunieron m\u00e1s de 60 personas, docentes, integrantes de los Equipos de Orientaci\u00f3n Escolar, agentes sanitarios, integrantes de organizaciones sociales y pol\u00edticas. Se trabaj\u00f3 arduamente en la capacitaci\u00f3n para aportar al cumplimiento de los derechos sexuales [&hellip;]\" \/>\n<meta property=\"og:url\" content=\"https:\/\/diariofemenino.com.ar\/df\/realizaron-un-taller-de-salud-sexual-en-la-cta-regional-zarate-campana\/\" \/>\n<meta property=\"og:site_name\" content=\"Diario Digital Femenino\" \/>\n<meta property=\"article:publisher\" content=\"https:\/\/www.facebook.com\/DiarioDigitaFemenino\/\" \/>\n<meta property=\"article:published_time\" content=\"2012-11-17T00:48:21+00:00\" \/>\n<meta property=\"og:image\" content=\"https:\/\/diariofemenino.com.ar\/df\/wp-content\/uploads\/2016\/10\/logo-negro.png\" \/>\n\t<meta property=\"og:image:width\" content=\"855\" \/>\n\t<meta property=\"og:image:height\" content=\"319\" \/>\n\t<meta property=\"og:image:type\" content=\"image\/png\" \/>\n<meta name=\"author\" content=\"Admin\" \/>\n<meta name=\"twitter:card\" content=\"summary_large_image\" \/>\n<meta name=\"twitter:creator\" content=\"@DiarioFemenino1\" \/>\n<meta name=\"twitter:site\" content=\"@DiarioFemenino1\" \/>\n<meta name=\"twitter:label1\" content=\"Escrito por\" \/>\n\t<meta name=\"twitter:data1\" content=\"Admin\" \/>\n\t<meta name=\"twitter:label2\" content=\"Tiempo de lectura\" \/>\n\t<meta name=\"twitter:data2\" content=\"1 minuto\" \/>\n<script type=\"application\/ld+json\" class=\"yoast-schema-graph\">{\"@context\":\"https:\\\/\\\/schema.org\",\"@graph\":[{\"@type\":\"Article\",\"@id\":\"https:\\\/\\\/diariofemenino.com.ar\\\/df\\\/realizaron-un-taller-de-salud-sexual-en-la-cta-regional-zarate-campana\\\/#article\",\"isPartOf\":{\"@id\":\"https:\\\/\\\/diariofemenino.com.ar\\\/df\\\/realizaron-un-taller-de-salud-sexual-en-la-cta-regional-zarate-campana\\\/\"},\"author\":{\"name\":\"Admin\",\"@id\":\"https:\\\/\\\/diariofemenino.com.ar\\\/df\\\/#\\\/schema\\\/person\\\/38f54b3bfd13f561de2460ba95c169c6\"},\"headline\":\"Realizaron un taller de salud sexual en la CTA regional Z\u00e1rate-Campana\",\"datePublished\":\"2012-11-17T00:48:21+00:00\",\"mainEntityOfPage\":{\"@id\":\"https:\\\/\\\/diariofemenino.com.ar\\\/df\\\/realizaron-un-taller-de-salud-sexual-en-la-cta-regional-zarate-campana\\\/\"},\"wordCount\":250,\"commentCount\":0,\"publisher\":{\"@id\":\"https:\\\/\\\/diariofemenino.com.ar\\\/df\\\/#organization\"},\"articleSection\":[\"Actividades\",\"Medios\",\"Resistencia VerdeVioleta\"],\"inLanguage\":\"es\",\"potentialAction\":[{\"@type\":\"CommentAction\",\"name\":\"Comment\",\"target\":[\"https:\\\/\\\/diariofemenino.com.ar\\\/df\\\/realizaron-un-taller-de-salud-sexual-en-la-cta-regional-zarate-campana\\\/#respond\"]}]},{\"@type\":\"WebPage\",\"@id\":\"https:\\\/\\\/diariofemenino.com.ar\\\/df\\\/realizaron-un-taller-de-salud-sexual-en-la-cta-regional-zarate-campana\\\/\",\"url\":\"https:\\\/\\\/diariofemenino.com.ar\\\/df\\\/realizaron-un-taller-de-salud-sexual-en-la-cta-regional-zarate-campana\\\/\",\"name\":\"Realizaron un taller de salud sexual en la CTA regional Z\u00e1rate-Campana - Diario Digital Femenino\",\"isPartOf\":{\"@id\":\"https:\\\/\\\/diariofemenino.com.ar\\\/df\\\/#website\"},\"datePublished\":\"2012-11-17T00:48:21+00:00\",\"breadcrumb\":{\"@id\":\"https:\\\/\\\/diariofemenino.com.ar\\\/df\\\/realizaron-un-taller-de-salud-sexual-en-la-cta-regional-zarate-campana\\\/#breadcrumb\"},\"inLanguage\":\"es\",\"potentialAction\":[{\"@type\":\"ReadAction\",\"target\":[\"https:\\\/\\\/diariofemenino.com.ar\\\/df\\\/realizaron-un-taller-de-salud-sexual-en-la-cta-regional-zarate-campana\\\/\"]}]},{\"@type\":\"BreadcrumbList\",\"@id\":\"https:\\\/\\\/diariofemenino.com.ar\\\/df\\\/realizaron-un-taller-de-salud-sexual-en-la-cta-regional-zarate-campana\\\/#breadcrumb\",\"itemListElement\":[{\"@type\":\"ListItem\",\"position\":1,\"name\":\"Portada\",\"item\":\"https:\\\/\\\/diariofemenino.com.ar\\\/df\\\/\"},{\"@type\":\"ListItem\",\"position\":2,\"name\":\"Realizaron un taller de salud sexual en la CTA regional Z\u00e1rate-Campana\"}]},{\"@type\":\"WebSite\",\"@id\":\"https:\\\/\\\/diariofemenino.com.ar\\\/df\\\/#website\",\"url\":\"https:\\\/\\\/diariofemenino.com.ar\\\/df\\\/\",\"name\":\"Diario Digital Femenino\",\"description\":\"Cuesti\u00f3n de G\u00e9nero\",\"publisher\":{\"@id\":\"https:\\\/\\\/diariofemenino.com.ar\\\/df\\\/#organization\"},\"potentialAction\":[{\"@type\":\"SearchAction\",\"target\":{\"@type\":\"EntryPoint\",\"urlTemplate\":\"https:\\\/\\\/diariofemenino.com.ar\\\/df\\\/?s={search_term_string}\"},\"query-input\":{\"@type\":\"PropertyValueSpecification\",\"valueRequired\":true,\"valueName\":\"search_term_string\"}}],\"inLanguage\":\"es\"},{\"@type\":\"Organization\",\"@id\":\"https:\\\/\\\/diariofemenino.com.ar\\\/df\\\/#organization\",\"name\":\"Diario Femenino\",\"url\":\"https:\\\/\\\/diariofemenino.com.ar\\\/df\\\/\",\"logo\":{\"@type\":\"ImageObject\",\"inLanguage\":\"es\",\"@id\":\"https:\\\/\\\/diariofemenino.com.ar\\\/df\\\/#\\\/schema\\\/logo\\\/image\\\/\",\"url\":\"https:\\\/\\\/diariofemenino.com.ar\\\/df\\\/wp-content\\\/uploads\\\/2018\\\/10\\\/logo.png\",\"contentUrl\":\"https:\\\/\\\/diariofemenino.com.ar\\\/df\\\/wp-content\\\/uploads\\\/2018\\\/10\\\/logo.png\",\"width\":500,\"height\":92,\"caption\":\"Diario Femenino\"},\"image\":{\"@id\":\"https:\\\/\\\/diariofemenino.com.ar\\\/df\\\/#\\\/schema\\\/logo\\\/image\\\/\"},\"sameAs\":[\"https:\\\/\\\/www.facebook.com\\\/DiarioDigitaFemenino\\\/\",\"https:\\\/\\\/x.com\\\/DiarioFemenino1\"]},{\"@type\":\"Person\",\"@id\":\"https:\\\/\\\/diariofemenino.com.ar\\\/df\\\/#\\\/schema\\\/person\\\/38f54b3bfd13f561de2460ba95c169c6\",\"name\":\"Admin\",\"image\":{\"@type\":\"ImageObject\",\"inLanguage\":\"es\",\"@id\":\"https:\\\/\\\/diariofemenino.com.ar\\\/df\\\/wp-content\\\/uploads\\\/2018\\\/12\\\/favicon-150x150.jpg\",\"url\":\"https:\\\/\\\/diariofemenino.com.ar\\\/df\\\/wp-content\\\/uploads\\\/2018\\\/12\\\/favicon-150x150.jpg\",\"contentUrl\":\"https:\\\/\\\/diariofemenino.com.ar\\\/df\\\/wp-content\\\/uploads\\\/2018\\\/12\\\/favicon-150x150.jpg\",\"caption\":\"Admin\"},\"url\":\"https:\\\/\\\/diariofemenino.com.ar\\\/df\\\/author\\\/adm18df\\\/\"}]}<\/script>\n<!-- \/ Yoast SEO plugin. -->","yoast_head_json":{"title":"Realizaron un taller de salud sexual en la CTA regional Z\u00e1rate-Campana - Diario Digital Femenino","robots":{"index":"index","follow":"follow","max-snippet":"max-snippet:-1","max-image-preview":"max-image-preview:large","max-video-preview":"max-video-preview:-1"},"canonical":"https:\/\/diariofemenino.com.ar\/df\/realizaron-un-taller-de-salud-sexual-en-la-cta-regional-zarate-campana\/","og_locale":"es_ES","og_type":"article","og_title":"Realizaron un taller de salud sexual en la CTA regional Z\u00e1rate-Campana - Diario Digital Femenino","og_description":"&nbsp; &nbsp; &nbsp; La CTA Regional realiz\u00f3 ayer un taller de salud sexual y reproductiva con perspectiva de g\u00e9nero. Se reunieron m\u00e1s de 60 personas, docentes, integrantes de los Equipos de Orientaci\u00f3n Escolar, agentes sanitarios, integrantes de organizaciones sociales y pol\u00edticas. Se trabaj\u00f3 arduamente en la capacitaci\u00f3n para aportar al cumplimiento de los derechos sexuales [&hellip;]","og_url":"https:\/\/diariofemenino.com.ar\/df\/realizaron-un-taller-de-salud-sexual-en-la-cta-regional-zarate-campana\/","og_site_name":"Diario Digital Femenino","article_publisher":"https:\/\/www.facebook.com\/DiarioDigitaFemenino\/","article_published_time":"2012-11-17T00:48:21+00:00","og_image":[{"width":855,"height":319,"url":"https:\/\/diariofemenino.com.ar\/df\/wp-content\/uploads\/2016\/10\/logo-negro.png","type":"image\/png"}],"author":"Admin","twitter_card":"summary_large_image","twitter_creator":"@DiarioFemenino1","twitter_site":"@DiarioFemenino1","twitter_misc":{"Escrito por":"Admin","Tiempo de lectura":"1 minuto"},"schema":{"@context":"https:\/\/schema.org","@graph":[{"@type":"Article","@id":"https:\/\/diariofemenino.com.ar\/df\/realizaron-un-taller-de-salud-sexual-en-la-cta-regional-zarate-campana\/#article","isPartOf":{"@id":"https:\/\/diariofemenino.com.ar\/df\/realizaron-un-taller-de-salud-sexual-en-la-cta-regional-zarate-campana\/"},"author":{"name":"Admin","@id":"https:\/\/diariofemenino.com.ar\/df\/#\/schema\/person\/38f54b3bfd13f561de2460ba95c169c6"},"headline":"Realizaron un taller de salud sexual en la CTA regional Z\u00e1rate-Campana","datePublished":"2012-11-17T00:48:21+00:00","mainEntityOfPage":{"@id":"https:\/\/diariofemenino.com.ar\/df\/realizaron-un-taller-de-salud-sexual-en-la-cta-regional-zarate-campana\/"},"wordCount":250,"commentCount":0,"publisher":{"@id":"https:\/\/diariofemenino.com.ar\/df\/#organization"},"articleSection":["Actividades","Medios","Resistencia VerdeVioleta"],"inLanguage":"es","potentialAction":[{"@type":"CommentAction","name":"Comment","target":["https:\/\/diariofemenino.com.ar\/df\/realizaron-un-taller-de-salud-sexual-en-la-cta-regional-zarate-campana\/#respond"]}]},{"@type":"WebPage","@id":"https:\/\/diariofemenino.com.ar\/df\/realizaron-un-taller-de-salud-sexual-en-la-cta-regional-zarate-campana\/","url":"https:\/\/diariofemenino.com.ar\/df\/realizaron-un-taller-de-salud-sexual-en-la-cta-regional-zarate-campana\/","name":"Realizaron un taller de salud sexual en la CTA regional Z\u00e1rate-Campana - Diario Digital Femenino","isPartOf":{"@id":"https:\/\/diariofemenino.com.ar\/df\/#website"},"datePublished":"2012-11-17T00:48:21+00:00","breadcrumb":{"@id":"https:\/\/diariofemenino.com.ar\/df\/realizaron-un-taller-de-salud-sexual-en-la-cta-regional-zarate-campana\/#breadcrumb"},"inLanguage":"es","potentialAction":[{"@type":"ReadAction","target":["https:\/\/diariofemenino.com.ar\/df\/realizaron-un-taller-de-salud-sexual-en-la-cta-regional-zarate-campana\/"]}]},{"@type":"BreadcrumbList","@id":"https:\/\/diariofemenino.com.ar\/df\/realizaron-un-taller-de-salud-sexual-en-la-cta-regional-zarate-campana\/#breadcrumb","itemListElement":[{"@type":"ListItem","position":1,"name":"Portada","item":"https:\/\/diariofemenino.com.ar\/df\/"},{"@type":"ListItem","position":2,"name":"Realizaron un taller de salud sexual en la CTA regional Z\u00e1rate-Campana"}]},{"@type":"WebSite","@id":"https:\/\/diariofemenino.com.ar\/df\/#website","url":"https:\/\/diariofemenino.com.ar\/df\/","name":"Diario Digital Femenino","description":"Cuesti\u00f3n de G\u00e9nero","publisher":{"@id":"https:\/\/diariofemenino.com.ar\/df\/#organization"},"potentialAction":[{"@type":"SearchAction","target":{"@type":"EntryPoint","urlTemplate":"https:\/\/diariofemenino.com.ar\/df\/?s={search_term_string}"},"query-input":{"@type":"PropertyValueSpecification","valueRequired":true,"valueName":"search_term_string"}}],"inLanguage":"es"},{"@type":"Organization","@id":"https:\/\/diariofemenino.com.ar\/df\/#organization","name":"Diario Femenino","url":"https:\/\/diariofemenino.com.ar\/df\/","logo":{"@type":"ImageObject","inLanguage":"es","@id":"https:\/\/diariofemenino.com.ar\/df\/#\/schema\/logo\/image\/","url":"https:\/\/diariofemenino.com.ar\/df\/wp-content\/uploads\/2018\/10\/logo.png","contentUrl":"https:\/\/diariofemenino.com.ar\/df\/wp-content\/uploads\/2018\/10\/logo.png","width":500,"height":92,"caption":"Diario Femenino"},"image":{"@id":"https:\/\/diariofemenino.com.ar\/df\/#\/schema\/logo\/image\/"},"sameAs":["https:\/\/www.facebook.com\/DiarioDigitaFemenino\/","https:\/\/x.com\/DiarioFemenino1"]},{"@type":"Person","@id":"https:\/\/diariofemenino.com.ar\/df\/#\/schema\/person\/38f54b3bfd13f561de2460ba95c169c6","name":"Admin","image":{"@type":"ImageObject","inLanguage":"es","@id":"https:\/\/diariofemenino.com.ar\/df\/wp-content\/uploads\/2018\/12\/favicon-150x150.jpg","url":"https:\/\/diariofemenino.com.ar\/df\/wp-content\/uploads\/2018\/12\/favicon-150x150.jpg","contentUrl":"https:\/\/diariofemenino.com.ar\/df\/wp-content\/uploads\/2018\/12\/favicon-150x150.jpg","caption":"Admin"},"url":"https:\/\/diariofemenino.com.ar\/df\/author\/adm18df\/"}]}},"jetpack_featured_media_url":"","jetpack_sharing_enabled":true,"rttpg_featured_image_url":null,"rttpg_author":{"display_name":"Admin","author_link":"https:\/\/diariofemenino.com.ar\/df\/author\/adm18df\/"},"rttpg_comment":0,"rttpg_category":"<a href=\"https:\/\/diariofemenino.com.ar\/df\/category\/actividades\/\" rel=\"category tag\">Actividades<\/a> <a href=\"https:\/\/diariofemenino.com.ar\/df\/category\/medios\/\" rel=\"category tag\">Medios<\/a> <a href=\"https:\/\/diariofemenino.com.ar\/df\/category\/resistencia-verdevioleta\/\" rel=\"category tag\">Resistencia VerdeVioleta<\/a>","rttpg_excerpt":"&nbsp; &nbsp; &nbsp; La CTA Regional realiz\u00f3 ayer un taller de salud sexual y reproductiva con perspectiva de g\u00e9nero. Se reunieron m\u00e1s de 60 personas, docentes, integrantes de los Equipos de Orientaci\u00f3n Escolar, agentes sanitarios, integrantes de organizaciones sociales y pol\u00edticas. Se trabaj\u00f3 arduamente en la capacitaci\u00f3n para aportar al cumplimiento de los derechos sexuales&hellip;","_links":{"self":[{"href":"https:\/\/diariofemenino.com.ar\/df\/wp-json\/wp\/v2\/posts\/4871","targetHints":{"allow":["GET"]}}],"collection":[{"href":"https:\/\/diariofemenino.com.ar\/df\/wp-json\/wp\/v2\/posts"}],"about":[{"href":"https:\/\/diariofemenino.com.ar\/df\/wp-json\/wp\/v2\/types\/post"}],"author":[{"embeddable":true,"href":"https:\/\/diariofemenino.com.ar\/df\/wp-json\/wp\/v2\/users\/1"}],"replies":[{"embeddable":true,"href":"https:\/\/diariofemenino.com.ar\/df\/wp-json\/wp\/v2\/comments?post=4871"}],"version-history":[{"count":0,"href":"https:\/\/diariofemenino.com.ar\/df\/wp-json\/wp\/v2\/posts\/4871\/revisions"}],"wp:attachment":[{"href":"https:\/\/diariofemenino.com.ar\/df\/wp-json\/wp\/v2\/media?parent=4871"}],"wp:term":[{"taxonomy":"category","embeddable":true,"href":"https:\/\/diariofemenino.com.ar\/df\/wp-json\/wp\/v2\/categories?post=4871"},{"taxonomy":"post_tag","embeddable":true,"href":"https:\/\/diariofemenino.com.ar\/df\/wp-json\/wp\/v2\/tags?post=4871"}],"curies":[{"name":"wp","href":"https:\/\/api.w.org\/{rel}","templated":true}]}}