{"id":48657,"date":"2020-05-16T12:17:49","date_gmt":"2020-05-16T15:17:49","guid":{"rendered":"https:\/\/diariofemenino.com.ar\/?p=48657"},"modified":"2020-05-16T12:17:49","modified_gmt":"2020-05-16T15:17:49","slug":"luz-marina-lardone-directora-de-ciencia-y-tecnologia-de-la-pampa-al-directorio-de-conicet","status":"publish","type":"post","link":"https:\/\/diariofemenino.com.ar\/df\/luz-marina-lardone-directora-de-ciencia-y-tecnologia-de-la-pampa-al-directorio-de-conicet\/","title":{"rendered":"Luz Marina Lardone, directora de Ciencia y Tecnolog\u00eda de La Pampa al directorio de CONICET"},"content":{"rendered":"<p>Luz Marina Lardone, qued\u00f3 primera -y por unanimidad- en el orden de m\u00e9rito de la terna que vot\u00f3 la Asamblea General del Consejo Federal de Ciencia y Tecnolog\u00eda (COFECyT), para ocupar un lugar de representaci\u00f3n de las provincia en el directorio del <a href=\"https:\/\/www.conicet.gov.ar\/\">CONICET<\/a>.<\/p>\n<figure id=\"attachment_48659\" aria-describedby=\"caption-attachment-48659\" style=\"width: 512px\" class=\"wp-caption aligncenter\"><img loading=\"lazy\" decoding=\"async\" class=\"size-full wp-image-48659\" src=\"https:\/\/diariofemenino.com.ar\/df\/wp-content\/uploads\/2020\/05\/unnamed-23.jpg\" alt=\"Luz Marina Lardone, directora de Ciencia y Tecnolog\u00eda de La Pampa al directorio de CONICET\" width=\"512\" height=\"362\" srcset=\"https:\/\/diariofemenino.com.ar\/df\/wp-content\/uploads\/2020\/05\/unnamed-23.jpg 512w, https:\/\/diariofemenino.com.ar\/df\/wp-content\/uploads\/2020\/05\/unnamed-23-300x212.jpg 300w\" sizes=\"auto, (max-width: 512px) 100vw, 512px\" \/><figcaption id=\"caption-attachment-48659\" class=\"wp-caption-text\">Luz Marina Lardone, directora de <a href=\"https:\/\/produccion.lapampa.gob.ar\/normativa\/57-subsecretaria-de-asuntos-agrarios\/direccion-de-agricultura-y-ganaderia\/ciencia-y-tecnologia.html\">Ciencia y Tecnolog\u00eda de La Pampa<\/a> al directorio de CONICET<\/figcaption><\/figure>\n<p>Con la presencia del ministro, Roberto Salvarezza y por videoconferencia, La Pampa particip\u00f3, junto al resto de las jurisdicciones del pa\u00eds y funcionarios de las carteras de ciencia, tecnolog\u00eda e innovaci\u00f3n, para designar a las autoridades 2020 del Consejo Federal -CoFECyT-, y establecer l\u00edneas estrat\u00e9gicas de acci\u00f3n.<\/p>\n<p>Como cada a\u00f1o, se llev\u00f3 a cabo la Asamblea General del Consejo Federal de Ciencia y Tecnolog\u00eda -COFECyT-, un cuerpo de elaboraci\u00f3n, asesoramiento y articulaci\u00f3n de pol\u00edticas y prioridades nacionales y regionales que promueve el desarrollo arm\u00f3nico de las actividades cient\u00edficas, tecnol\u00f3gicas e innovadoras en todo el pa\u00eds. En esta oportunidad, dada la emergencia sanitaria, el encuentro se realiz\u00f3 de manera virtual.<\/p>\n<p>Por La Pampa participaron las autoridades designadas por el Ejecutivo Provincial ante el COFECyT, su titular Luz Lardone, directora general de Ciencia y Tecnolog\u00eda del Ministerio de la Producci\u00f3n -cartera a cargo de Ricardo Moralejo-, y Gabriel Rodrigo, subdirector general de Ciencia y Tecnolog\u00eda Aplicada y alterno de la misma dependencia oficial.<\/p>\n<p>El encuentro fue presidido por el ministro de Ciencia, Tecnolog\u00eda e Innovaci\u00f3n y presidente del COFECYT, Roberto Salvarezza, quien expres\u00f3 algunas de las prioridades de la nueva gesti\u00f3n. \u00abPara comenzar con esta nueva etapa, hemos delineado tres ejes fundamentales sobre los cuales nos comprometemos a trabajar: la transferencia de conocimiento hacia la sociedad, la articulaci\u00f3n entre los organismos de ciencia y a trav\u00e9s de \u00e9stos con las necesidades del Estado; y la federalizaci\u00f3n del conocimiento\u00bb, y agreg\u00f3 \u00abcreemos que la clave para trabajar estos tres temas es la apertura de la ciencia, creando un canal de demandas entre los ministerios, las distintas \u00e1reas del propio Gobierno, con los Estados provinciales y los municipios, para el aporte de conocimiento, de nuevas tecnolog\u00edas e innovaci\u00f3n\u00bb.<\/p>\n<p>Seg\u00fan Ricardo Moralejo, \u201cen La Pampa consideramos a las ciencias, las tecnolog\u00edas y las innovaciones, como herramientas fundamentales para acceder a una econom\u00eda de bienestar, basada en la innovaci\u00f3n, el conocimiento, la competitividad, la inclusi\u00f3n y la diversidad\u201d.<\/p>\n<p>De la asamblea tambi\u00e9n participaron, por parte de la cartera de Ciencia, el secretario de Planeamiento y Pol\u00edticas en Ciencia, Tecnolog\u00eda e Innovaci\u00f3n, Diego Hurtado; la subsecretaria de Pol\u00edticas en Ciencia, Tecnolog\u00eda e Innovaci\u00f3n, Mar\u00eda Cecilia Sleiman; el subsecretario de Estudios y Prospectiva, Eduardo Ernesto Mallo; el secretario de Articulaci\u00f3n Cient\u00edfico Tecnol\u00f3gica, Juan Pablo Paz; el subsecretario de Evaluaci\u00f3n Institucional, Humberto Osvaldo Cisale; el subsecretario de Coordinaci\u00f3n Institucional, Pablo Alfredo N\u00fa\u00f1ez; la titular de la Unidad Gabinete de Asesores, Carolina Susana Vera; la subsecretaria de Gesti\u00f3n Administrativa, Mar\u00eda Laura Gonz\u00e1lez; el presidente de la Agencia Nacional de Promoci\u00f3n de la Investigaci\u00f3n, el Desarrollo Tecnol\u00f3gico y la Innovaci\u00f3n, Fernando Peirano; el director Ejecutivo y T\u00e9cnico de CONAE, Ra\u00fal Kulichevsky; la presidenta del CONICET, Ana Mar\u00eda Franchi; y la directora del Banco Nacional de Datos Gen\u00e9ticos, Mariana Herrera Pi\u00f1ero.<\/p>\n<p><strong>Posicionamiento<\/strong><\/p>\n<p>Los representantes de las 24 jurisdicciones escucharon la posici\u00f3n de la subsecretaria de Federalizaci\u00f3n de la Ciencia, la Tecnolog\u00eda y la Innovaci\u00f3n, Elisa Colombo, quien asegur\u00f3 que \u00abtenemos un camino por delante bastante largo. Hay un tema fundamental en el pa\u00eds que es acortar las distancias y asimetr\u00edas regionales. Esto no se logra de un d\u00eda para el otro. El Ministerio de Ciencia, Tecnolog\u00eda e Innovaci\u00f3n ha puesto a la federalizaci\u00f3n como un eje estrat\u00e9gico y a este eje se lo potencia con articulaci\u00f3n, no s\u00f3lo cient\u00edfica, sino entre Naci\u00f3n, Provincias y municipios\u00bb.<\/p>\n<p>Por su parte Lardone, en estrecha concordancia con lo expresado por Salvarezza y Colombo, manifest\u00f3 que \u201cexiste una necesidad compartida entre las provincias y la naci\u00f3n, y tambi\u00e9n una gran oportunidad, para llenar de contenido con acciones muchos conceptos\u201d.<\/p>\n<p>Bajo este marco la directora destac\u00f3, \u201cc\u00f3mo desde distintas \u00e1reas del ejecutivo provincial, se ha buscado y se busca la transformaci\u00f3n socio-productiva, que contribuya con un modelo de provincia y de pa\u00eds socialmente justo, econ\u00f3micamente viable, ambientalmente sostenible y tecnol\u00f3gicamente soberano, en estrecha concordancia con los Objetivos de Desarrollo Sostenible\u201d.<\/p>\n<p><strong>La Pampa al Directorio del CONICET<\/strong><\/p>\n<p>Es de destacar que la provincia de La Pampa, en la figura de Luz Lardone, qued\u00f3 primera -y por unanimidad- en el orden de m\u00e9rito de la terna que vot\u00f3 la asamblea para tener un lugar, en representaci\u00f3n de las provincias, en el directorio del CONICET. En la actualidad, esta representaci\u00f3n est\u00e1 en la provincia de San Juan en la persona del ingeniero Tulio Del Bono. Dicha terna propuesta qued\u00f3 de la siguiente manera:<\/p>\n<p>Consejo Nacional de Investigaciones Cient\u00edficas y T\u00e9cnicas (CONICET) (dura 4 a\u00f1os en la gesti\u00f3n). Se propone la siguiente terna: Candidata 1: Luz Marina Lardone \u2013 La Pampa, Candidata 2: Mar\u00eda Eugenia Rosales \u2013 Catamarca Candidato 3: Orlando Macci\u00f3 \u2013 Corrientes.<\/p>\n<p>&nbsp;<\/p>\n<p><a href=\"https:\/\/diariofemenino.com.ar\/category\/mujeres-de-la-pampa\/\">Mujeres de La Pampa<\/a><br \/>\n<a href=\"https:\/\/diariofemenino.com.ar\/\">Diario Digital Femenino<\/a><\/p>\n","protected":false},"excerpt":{"rendered":"<p>Luz Marina Lardone, qued\u00f3 primera -y por unanimidad- en el orden de m\u00e9rito de la terna que vot\u00f3 la Asamblea General del Consejo Federal de Ciencia y Tecnolog\u00eda (COFECyT), para ocupar un lugar de representaci\u00f3n de las provincia en el directorio del CONICET. Con la presencia del ministro, Roberto Salvarezza y por videoconferencia, La Pampa [&hellip;]<\/p>\n","protected":false},"author":4,"featured_media":48658,"comment_status":"open","ping_status":"open","sticky":false,"template":"","format":"standard","meta":{"iawp_total_views":28,"footnotes":""},"categories":[1067,1251,21],"tags":[1171,439,3131,184],"class_list":["post-48657","post","type-post","status-publish","format-standard","has-post-thumbnail","hentry","category-agenda-feminista","category-mujeres-de-la-pampa","category-noticias","tag-conicet","tag-la-pampa","tag-luz-marina-lardone","tag-mujeres-y-ciencia"],"nelio_content":{"autoShareEndMode":"never","automationSources":{"useCustomSentences":false,"customSentences":[]},"efiAlt":"","efiUrl":"","followers":[4],"highlights":[],"isAutoShareEnabled":true,"networkImageIds":[],"permalinkQueryArgs":[],"series":[],"suggestedReferences":[]},"yoast_head":"<!-- This site is optimized with the Yoast SEO plugin v27.5 - https:\/\/yoast.com\/product\/yoast-seo-wordpress\/ -->\n<title>Luz Marina Lardone, directora de Ciencia y Tecnolog\u00eda de La Pampa al directorio de CONICET - Diario Digital Femenino<\/title>\n<meta name=\"description\" content=\"Luz Marina Lardone qued\u00f3 primera -y por unanimidad- en el orden de m\u00e9rito de la terna que vot\u00f3 el Consejo Federal de Ciencia y Tecnolog\u00eda (COFECyT)\" \/>\n<meta name=\"robots\" content=\"index, follow, max-snippet:-1, max-image-preview:large, max-video-preview:-1\" \/>\n<link rel=\"canonical\" href=\"https:\/\/diariofemenino.com.ar\/df\/luz-marina-lardone-directora-de-ciencia-y-tecnologia-de-la-pampa-al-directorio-de-conicet\/\" \/>\n<meta property=\"og:locale\" content=\"es_ES\" \/>\n<meta property=\"og:type\" content=\"article\" \/>\n<meta property=\"og:title\" content=\"Luz Marina Lardone, directora de Ciencia y Tecnolog\u00eda de La Pampa al directorio de CONICET - Diario Digital Femenino\" \/>\n<meta property=\"og:description\" content=\"Luz Marina Lardone qued\u00f3 primera -y por unanimidad- en el orden de m\u00e9rito de la terna que vot\u00f3 el Consejo Federal de Ciencia y Tecnolog\u00eda (COFECyT)\" \/>\n<meta property=\"og:url\" content=\"https:\/\/diariofemenino.com.ar\/df\/luz-marina-lardone-directora-de-ciencia-y-tecnologia-de-la-pampa-al-directorio-de-conicet\/\" \/>\n<meta property=\"og:site_name\" content=\"Diario Digital Femenino\" \/>\n<meta property=\"article:publisher\" content=\"https:\/\/www.facebook.com\/DiarioDigitaFemenino\/\" \/>\n<meta property=\"article:published_time\" content=\"2020-05-16T15:17:49+00:00\" \/>\n<meta property=\"og:image\" content=\"https:\/\/diariofemenino.com.ar\/df\/wp-content\/uploads\/2020\/05\/luz-lardone-ciencia-y-tecnica.jpg\" \/>\n\t<meta property=\"og:image:width\" content=\"545\" \/>\n\t<meta property=\"og:image:height\" content=\"462\" \/>\n\t<meta property=\"og:image:type\" content=\"image\/jpeg\" \/>\n<meta name=\"author\" content=\"Admin\" \/>\n<meta name=\"twitter:card\" content=\"summary_large_image\" \/>\n<meta name=\"twitter:creator\" content=\"@DiarioFemenino1\" \/>\n<meta name=\"twitter:site\" content=\"@DiarioFemenino1\" \/>\n<meta name=\"twitter:label1\" content=\"Escrito por\" \/>\n\t<meta name=\"twitter:data1\" content=\"Admin\" \/>\n\t<meta name=\"twitter:label2\" content=\"Tiempo de lectura\" \/>\n\t<meta name=\"twitter:data2\" content=\"5 minutos\" \/>\n<script type=\"application\/ld+json\" class=\"yoast-schema-graph\">{\"@context\":\"https:\\\/\\\/schema.org\",\"@graph\":[{\"@type\":\"Article\",\"@id\":\"https:\\\/\\\/diariofemenino.com.ar\\\/df\\\/luz-marina-lardone-directora-de-ciencia-y-tecnologia-de-la-pampa-al-directorio-de-conicet\\\/#article\",\"isPartOf\":{\"@id\":\"https:\\\/\\\/diariofemenino.com.ar\\\/df\\\/luz-marina-lardone-directora-de-ciencia-y-tecnologia-de-la-pampa-al-directorio-de-conicet\\\/\"},\"author\":{\"name\":\"Admin\",\"@id\":\"https:\\\/\\\/diariofemenino.com.ar\\\/df\\\/#\\\/schema\\\/person\\\/bf6199e8158c657ea6f789b11ec85509\"},\"headline\":\"Luz Marina Lardone, directora de Ciencia y Tecnolog\u00eda de La Pampa al directorio de CONICET\",\"datePublished\":\"2020-05-16T15:17:49+00:00\",\"mainEntityOfPage\":{\"@id\":\"https:\\\/\\\/diariofemenino.com.ar\\\/df\\\/luz-marina-lardone-directora-de-ciencia-y-tecnologia-de-la-pampa-al-directorio-de-conicet\\\/\"},\"wordCount\":933,\"commentCount\":0,\"publisher\":{\"@id\":\"https:\\\/\\\/diariofemenino.com.ar\\\/df\\\/#organization\"},\"image\":{\"@id\":\"https:\\\/\\\/diariofemenino.com.ar\\\/df\\\/luz-marina-lardone-directora-de-ciencia-y-tecnologia-de-la-pampa-al-directorio-de-conicet\\\/#primaryimage\"},\"thumbnailUrl\":\"https:\\\/\\\/diariofemenino.com.ar\\\/df\\\/wp-content\\\/uploads\\\/2020\\\/05\\\/luz-lardone-ciencia-y-tecnica.jpg\",\"keywords\":[\"CONICET\",\"La Pampa\",\"Luz Marina Lardone\",\"Mujeres y Ciencia\"],\"articleSection\":[\"Agenda Feminista\",\"Mujeres de La Pampa\",\"Noticias\"],\"inLanguage\":\"es\",\"potentialAction\":[{\"@type\":\"CommentAction\",\"name\":\"Comment\",\"target\":[\"https:\\\/\\\/diariofemenino.com.ar\\\/df\\\/luz-marina-lardone-directora-de-ciencia-y-tecnologia-de-la-pampa-al-directorio-de-conicet\\\/#respond\"]}]},{\"@type\":\"WebPage\",\"@id\":\"https:\\\/\\\/diariofemenino.com.ar\\\/df\\\/luz-marina-lardone-directora-de-ciencia-y-tecnologia-de-la-pampa-al-directorio-de-conicet\\\/\",\"url\":\"https:\\\/\\\/diariofemenino.com.ar\\\/df\\\/luz-marina-lardone-directora-de-ciencia-y-tecnologia-de-la-pampa-al-directorio-de-conicet\\\/\",\"name\":\"Luz Marina Lardone, directora de Ciencia y Tecnolog\u00eda de La Pampa al directorio de CONICET - Diario Digital Femenino\",\"isPartOf\":{\"@id\":\"https:\\\/\\\/diariofemenino.com.ar\\\/df\\\/#website\"},\"primaryImageOfPage\":{\"@id\":\"https:\\\/\\\/diariofemenino.com.ar\\\/df\\\/luz-marina-lardone-directora-de-ciencia-y-tecnologia-de-la-pampa-al-directorio-de-conicet\\\/#primaryimage\"},\"image\":{\"@id\":\"https:\\\/\\\/diariofemenino.com.ar\\\/df\\\/luz-marina-lardone-directora-de-ciencia-y-tecnologia-de-la-pampa-al-directorio-de-conicet\\\/#primaryimage\"},\"thumbnailUrl\":\"https:\\\/\\\/diariofemenino.com.ar\\\/df\\\/wp-content\\\/uploads\\\/2020\\\/05\\\/luz-lardone-ciencia-y-tecnica.jpg\",\"datePublished\":\"2020-05-16T15:17:49+00:00\",\"description\":\"Luz Marina Lardone qued\u00f3 primera -y por unanimidad- en el orden de m\u00e9rito de la terna que vot\u00f3 el Consejo Federal de Ciencia y Tecnolog\u00eda (COFECyT)\",\"breadcrumb\":{\"@id\":\"https:\\\/\\\/diariofemenino.com.ar\\\/df\\\/luz-marina-lardone-directora-de-ciencia-y-tecnologia-de-la-pampa-al-directorio-de-conicet\\\/#breadcrumb\"},\"inLanguage\":\"es\",\"potentialAction\":[{\"@type\":\"ReadAction\",\"target\":[\"https:\\\/\\\/diariofemenino.com.ar\\\/df\\\/luz-marina-lardone-directora-de-ciencia-y-tecnologia-de-la-pampa-al-directorio-de-conicet\\\/\"]}]},{\"@type\":\"ImageObject\",\"inLanguage\":\"es\",\"@id\":\"https:\\\/\\\/diariofemenino.com.ar\\\/df\\\/luz-marina-lardone-directora-de-ciencia-y-tecnologia-de-la-pampa-al-directorio-de-conicet\\\/#primaryimage\",\"url\":\"https:\\\/\\\/diariofemenino.com.ar\\\/df\\\/wp-content\\\/uploads\\\/2020\\\/05\\\/luz-lardone-ciencia-y-tecnica.jpg\",\"contentUrl\":\"https:\\\/\\\/diariofemenino.com.ar\\\/df\\\/wp-content\\\/uploads\\\/2020\\\/05\\\/luz-lardone-ciencia-y-tecnica.jpg\",\"width\":545,\"height\":462,\"caption\":\"Luz Marina Lardone, directora de Ciencia y Tecnolog\u00eda de La Pampa al directorio de CONICET\"},{\"@type\":\"BreadcrumbList\",\"@id\":\"https:\\\/\\\/diariofemenino.com.ar\\\/df\\\/luz-marina-lardone-directora-de-ciencia-y-tecnologia-de-la-pampa-al-directorio-de-conicet\\\/#breadcrumb\",\"itemListElement\":[{\"@type\":\"ListItem\",\"position\":1,\"name\":\"Portada\",\"item\":\"https:\\\/\\\/diariofemenino.com.ar\\\/df\\\/\"},{\"@type\":\"ListItem\",\"position\":2,\"name\":\"Luz Marina Lardone, directora de Ciencia y Tecnolog\u00eda de La Pampa al directorio de CONICET\"}]},{\"@type\":\"WebSite\",\"@id\":\"https:\\\/\\\/diariofemenino.com.ar\\\/df\\\/#website\",\"url\":\"https:\\\/\\\/diariofemenino.com.ar\\\/df\\\/\",\"name\":\"Diario Digital Femenino\",\"description\":\"Cuesti\u00f3n de G\u00e9nero\",\"publisher\":{\"@id\":\"https:\\\/\\\/diariofemenino.com.ar\\\/df\\\/#organization\"},\"potentialAction\":[{\"@type\":\"SearchAction\",\"target\":{\"@type\":\"EntryPoint\",\"urlTemplate\":\"https:\\\/\\\/diariofemenino.com.ar\\\/df\\\/?s={search_term_string}\"},\"query-input\":{\"@type\":\"PropertyValueSpecification\",\"valueRequired\":true,\"valueName\":\"search_term_string\"}}],\"inLanguage\":\"es\"},{\"@type\":\"Organization\",\"@id\":\"https:\\\/\\\/diariofemenino.com.ar\\\/df\\\/#organization\",\"name\":\"Diario Femenino\",\"url\":\"https:\\\/\\\/diariofemenino.com.ar\\\/df\\\/\",\"logo\":{\"@type\":\"ImageObject\",\"inLanguage\":\"es\",\"@id\":\"https:\\\/\\\/diariofemenino.com.ar\\\/df\\\/#\\\/schema\\\/logo\\\/image\\\/\",\"url\":\"https:\\\/\\\/diariofemenino.com.ar\\\/df\\\/wp-content\\\/uploads\\\/2018\\\/10\\\/logo.png\",\"contentUrl\":\"https:\\\/\\\/diariofemenino.com.ar\\\/df\\\/wp-content\\\/uploads\\\/2018\\\/10\\\/logo.png\",\"width\":500,\"height\":92,\"caption\":\"Diario Femenino\"},\"image\":{\"@id\":\"https:\\\/\\\/diariofemenino.com.ar\\\/df\\\/#\\\/schema\\\/logo\\\/image\\\/\"},\"sameAs\":[\"https:\\\/\\\/www.facebook.com\\\/DiarioDigitaFemenino\\\/\",\"https:\\\/\\\/x.com\\\/DiarioFemenino1\"]},{\"@type\":\"Person\",\"@id\":\"https:\\\/\\\/diariofemenino.com.ar\\\/df\\\/#\\\/schema\\\/person\\\/bf6199e8158c657ea6f789b11ec85509\",\"name\":\"Admin\",\"image\":{\"@type\":\"ImageObject\",\"inLanguage\":\"es\",\"@id\":\"https:\\\/\\\/diariofemenino.com.ar\\\/df\\\/wp-content\\\/uploads\\\/2018\\\/12\\\/favicon-150x150.jpg\",\"url\":\"https:\\\/\\\/diariofemenino.com.ar\\\/df\\\/wp-content\\\/uploads\\\/2018\\\/12\\\/favicon-150x150.jpg\",\"contentUrl\":\"https:\\\/\\\/diariofemenino.com.ar\\\/df\\\/wp-content\\\/uploads\\\/2018\\\/12\\\/favicon-150x150.jpg\",\"caption\":\"Admin\"},\"url\":\"https:\\\/\\\/diariofemenino.com.ar\\\/df\\\/author\\\/lenny\\\/\"}]}<\/script>\n<!-- \/ Yoast SEO plugin. -->","yoast_head_json":{"title":"Luz Marina Lardone, directora de Ciencia y Tecnolog\u00eda de La Pampa al directorio de CONICET - Diario Digital Femenino","description":"Luz Marina Lardone qued\u00f3 primera -y por unanimidad- en el orden de m\u00e9rito de la terna que vot\u00f3 el Consejo Federal de Ciencia y Tecnolog\u00eda (COFECyT)","robots":{"index":"index","follow":"follow","max-snippet":"max-snippet:-1","max-image-preview":"max-image-preview:large","max-video-preview":"max-video-preview:-1"},"canonical":"https:\/\/diariofemenino.com.ar\/df\/luz-marina-lardone-directora-de-ciencia-y-tecnologia-de-la-pampa-al-directorio-de-conicet\/","og_locale":"es_ES","og_type":"article","og_title":"Luz Marina Lardone, directora de Ciencia y Tecnolog\u00eda de La Pampa al directorio de CONICET - Diario Digital Femenino","og_description":"Luz Marina Lardone qued\u00f3 primera -y por unanimidad- en el orden de m\u00e9rito de la terna que vot\u00f3 el Consejo Federal de Ciencia y Tecnolog\u00eda (COFECyT)","og_url":"https:\/\/diariofemenino.com.ar\/df\/luz-marina-lardone-directora-de-ciencia-y-tecnologia-de-la-pampa-al-directorio-de-conicet\/","og_site_name":"Diario Digital Femenino","article_publisher":"https:\/\/www.facebook.com\/DiarioDigitaFemenino\/","article_published_time":"2020-05-16T15:17:49+00:00","og_image":[{"width":545,"height":462,"url":"https:\/\/diariofemenino.com.ar\/df\/wp-content\/uploads\/2020\/05\/luz-lardone-ciencia-y-tecnica.jpg","type":"image\/jpeg"}],"author":"Admin","twitter_card":"summary_large_image","twitter_creator":"@DiarioFemenino1","twitter_site":"@DiarioFemenino1","twitter_misc":{"Escrito por":"Admin","Tiempo de lectura":"5 minutos"},"schema":{"@context":"https:\/\/schema.org","@graph":[{"@type":"Article","@id":"https:\/\/diariofemenino.com.ar\/df\/luz-marina-lardone-directora-de-ciencia-y-tecnologia-de-la-pampa-al-directorio-de-conicet\/#article","isPartOf":{"@id":"https:\/\/diariofemenino.com.ar\/df\/luz-marina-lardone-directora-de-ciencia-y-tecnologia-de-la-pampa-al-directorio-de-conicet\/"},"author":{"name":"Admin","@id":"https:\/\/diariofemenino.com.ar\/df\/#\/schema\/person\/bf6199e8158c657ea6f789b11ec85509"},"headline":"Luz Marina Lardone, directora de Ciencia y Tecnolog\u00eda de La Pampa al directorio de CONICET","datePublished":"2020-05-16T15:17:49+00:00","mainEntityOfPage":{"@id":"https:\/\/diariofemenino.com.ar\/df\/luz-marina-lardone-directora-de-ciencia-y-tecnologia-de-la-pampa-al-directorio-de-conicet\/"},"wordCount":933,"commentCount":0,"publisher":{"@id":"https:\/\/diariofemenino.com.ar\/df\/#organization"},"image":{"@id":"https:\/\/diariofemenino.com.ar\/df\/luz-marina-lardone-directora-de-ciencia-y-tecnologia-de-la-pampa-al-directorio-de-conicet\/#primaryimage"},"thumbnailUrl":"https:\/\/diariofemenino.com.ar\/df\/wp-content\/uploads\/2020\/05\/luz-lardone-ciencia-y-tecnica.jpg","keywords":["CONICET","La Pampa","Luz Marina Lardone","Mujeres y Ciencia"],"articleSection":["Agenda Feminista","Mujeres de La Pampa","Noticias"],"inLanguage":"es","potentialAction":[{"@type":"CommentAction","name":"Comment","target":["https:\/\/diariofemenino.com.ar\/df\/luz-marina-lardone-directora-de-ciencia-y-tecnologia-de-la-pampa-al-directorio-de-conicet\/#respond"]}]},{"@type":"WebPage","@id":"https:\/\/diariofemenino.com.ar\/df\/luz-marina-lardone-directora-de-ciencia-y-tecnologia-de-la-pampa-al-directorio-de-conicet\/","url":"https:\/\/diariofemenino.com.ar\/df\/luz-marina-lardone-directora-de-ciencia-y-tecnologia-de-la-pampa-al-directorio-de-conicet\/","name":"Luz Marina Lardone, directora de Ciencia y Tecnolog\u00eda de La Pampa al directorio de CONICET - Diario Digital Femenino","isPartOf":{"@id":"https:\/\/diariofemenino.com.ar\/df\/#website"},"primaryImageOfPage":{"@id":"https:\/\/diariofemenino.com.ar\/df\/luz-marina-lardone-directora-de-ciencia-y-tecnologia-de-la-pampa-al-directorio-de-conicet\/#primaryimage"},"image":{"@id":"https:\/\/diariofemenino.com.ar\/df\/luz-marina-lardone-directora-de-ciencia-y-tecnologia-de-la-pampa-al-directorio-de-conicet\/#primaryimage"},"thumbnailUrl":"https:\/\/diariofemenino.com.ar\/df\/wp-content\/uploads\/2020\/05\/luz-lardone-ciencia-y-tecnica.jpg","datePublished":"2020-05-16T15:17:49+00:00","description":"Luz Marina Lardone qued\u00f3 primera -y por unanimidad- en el orden de m\u00e9rito de la terna que vot\u00f3 el Consejo Federal de Ciencia y Tecnolog\u00eda (COFECyT)","breadcrumb":{"@id":"https:\/\/diariofemenino.com.ar\/df\/luz-marina-lardone-directora-de-ciencia-y-tecnologia-de-la-pampa-al-directorio-de-conicet\/#breadcrumb"},"inLanguage":"es","potentialAction":[{"@type":"ReadAction","target":["https:\/\/diariofemenino.com.ar\/df\/luz-marina-lardone-directora-de-ciencia-y-tecnologia-de-la-pampa-al-directorio-de-conicet\/"]}]},{"@type":"ImageObject","inLanguage":"es","@id":"https:\/\/diariofemenino.com.ar\/df\/luz-marina-lardone-directora-de-ciencia-y-tecnologia-de-la-pampa-al-directorio-de-conicet\/#primaryimage","url":"https:\/\/diariofemenino.com.ar\/df\/wp-content\/uploads\/2020\/05\/luz-lardone-ciencia-y-tecnica.jpg","contentUrl":"https:\/\/diariofemenino.com.ar\/df\/wp-content\/uploads\/2020\/05\/luz-lardone-ciencia-y-tecnica.jpg","width":545,"height":462,"caption":"Luz Marina Lardone, directora de Ciencia y Tecnolog\u00eda de La Pampa al directorio de CONICET"},{"@type":"BreadcrumbList","@id":"https:\/\/diariofemenino.com.ar\/df\/luz-marina-lardone-directora-de-ciencia-y-tecnologia-de-la-pampa-al-directorio-de-conicet\/#breadcrumb","itemListElement":[{"@type":"ListItem","position":1,"name":"Portada","item":"https:\/\/diariofemenino.com.ar\/df\/"},{"@type":"ListItem","position":2,"name":"Luz Marina Lardone, directora de Ciencia y Tecnolog\u00eda de La Pampa al directorio de CONICET"}]},{"@type":"WebSite","@id":"https:\/\/diariofemenino.com.ar\/df\/#website","url":"https:\/\/diariofemenino.com.ar\/df\/","name":"Diario Digital Femenino","description":"Cuesti\u00f3n de G\u00e9nero","publisher":{"@id":"https:\/\/diariofemenino.com.ar\/df\/#organization"},"potentialAction":[{"@type":"SearchAction","target":{"@type":"EntryPoint","urlTemplate":"https:\/\/diariofemenino.com.ar\/df\/?s={search_term_string}"},"query-input":{"@type":"PropertyValueSpecification","valueRequired":true,"valueName":"search_term_string"}}],"inLanguage":"es"},{"@type":"Organization","@id":"https:\/\/diariofemenino.com.ar\/df\/#organization","name":"Diario Femenino","url":"https:\/\/diariofemenino.com.ar\/df\/","logo":{"@type":"ImageObject","inLanguage":"es","@id":"https:\/\/diariofemenino.com.ar\/df\/#\/schema\/logo\/image\/","url":"https:\/\/diariofemenino.com.ar\/df\/wp-content\/uploads\/2018\/10\/logo.png","contentUrl":"https:\/\/diariofemenino.com.ar\/df\/wp-content\/uploads\/2018\/10\/logo.png","width":500,"height":92,"caption":"Diario Femenino"},"image":{"@id":"https:\/\/diariofemenino.com.ar\/df\/#\/schema\/logo\/image\/"},"sameAs":["https:\/\/www.facebook.com\/DiarioDigitaFemenino\/","https:\/\/x.com\/DiarioFemenino1"]},{"@type":"Person","@id":"https:\/\/diariofemenino.com.ar\/df\/#\/schema\/person\/bf6199e8158c657ea6f789b11ec85509","name":"Admin","image":{"@type":"ImageObject","inLanguage":"es","@id":"https:\/\/diariofemenino.com.ar\/df\/wp-content\/uploads\/2018\/12\/favicon-150x150.jpg","url":"https:\/\/diariofemenino.com.ar\/df\/wp-content\/uploads\/2018\/12\/favicon-150x150.jpg","contentUrl":"https:\/\/diariofemenino.com.ar\/df\/wp-content\/uploads\/2018\/12\/favicon-150x150.jpg","caption":"Admin"},"url":"https:\/\/diariofemenino.com.ar\/df\/author\/lenny\/"}]}},"jetpack_featured_media_url":"https:\/\/diariofemenino.com.ar\/df\/wp-content\/uploads\/2020\/05\/luz-lardone-ciencia-y-tecnica.jpg","jetpack_sharing_enabled":true,"rttpg_featured_image_url":{"full":["https:\/\/diariofemenino.com.ar\/df\/wp-content\/uploads\/2020\/05\/luz-lardone-ciencia-y-tecnica.jpg",545,462,false],"landscape":["https:\/\/diariofemenino.com.ar\/df\/wp-content\/uploads\/2020\/05\/luz-lardone-ciencia-y-tecnica.jpg",545,462,false],"portraits":["https:\/\/diariofemenino.com.ar\/df\/wp-content\/uploads\/2020\/05\/luz-lardone-ciencia-y-tecnica.jpg",545,462,false],"thumbnail":["https:\/\/diariofemenino.com.ar\/df\/wp-content\/uploads\/2020\/05\/luz-lardone-ciencia-y-tecnica-150x150.jpg",150,150,true],"medium":["https:\/\/diariofemenino.com.ar\/df\/wp-content\/uploads\/2020\/05\/luz-lardone-ciencia-y-tecnica-300x254.jpg",300,254,true],"large":["https:\/\/diariofemenino.com.ar\/df\/wp-content\/uploads\/2020\/05\/luz-lardone-ciencia-y-tecnica.jpg",545,462,false],"1536x1536":["https:\/\/diariofemenino.com.ar\/df\/wp-content\/uploads\/2020\/05\/luz-lardone-ciencia-y-tecnica.jpg",545,462,false],"2048x2048":["https:\/\/diariofemenino.com.ar\/df\/wp-content\/uploads\/2020\/05\/luz-lardone-ciencia-y-tecnica.jpg",545,462,false]},"rttpg_author":{"display_name":"Admin","author_link":"https:\/\/diariofemenino.com.ar\/df\/author\/lenny\/"},"rttpg_comment":0,"rttpg_category":"<a href=\"https:\/\/diariofemenino.com.ar\/df\/category\/agenda-feminista\/\" rel=\"category tag\">Agenda Feminista<\/a> <a href=\"https:\/\/diariofemenino.com.ar\/df\/category\/mujeres-de-la-pampa\/\" rel=\"category tag\">Mujeres de La Pampa<\/a> <a href=\"https:\/\/diariofemenino.com.ar\/df\/category\/noticias\/\" rel=\"category tag\">Noticias<\/a>","rttpg_excerpt":"Luz Marina Lardone, qued\u00f3 primera -y por unanimidad- en el orden de m\u00e9rito de la terna que vot\u00f3 la Asamblea General del Consejo Federal de Ciencia y Tecnolog\u00eda (COFECyT), para ocupar un lugar de representaci\u00f3n de las provincia en el directorio del CONICET. Con la presencia del ministro, Roberto Salvarezza y por videoconferencia, La Pampa&hellip;","_links":{"self":[{"href":"https:\/\/diariofemenino.com.ar\/df\/wp-json\/wp\/v2\/posts\/48657","targetHints":{"allow":["GET"]}}],"collection":[{"href":"https:\/\/diariofemenino.com.ar\/df\/wp-json\/wp\/v2\/posts"}],"about":[{"href":"https:\/\/diariofemenino.com.ar\/df\/wp-json\/wp\/v2\/types\/post"}],"author":[{"embeddable":true,"href":"https:\/\/diariofemenino.com.ar\/df\/wp-json\/wp\/v2\/users\/4"}],"replies":[{"embeddable":true,"href":"https:\/\/diariofemenino.com.ar\/df\/wp-json\/wp\/v2\/comments?post=48657"}],"version-history":[{"count":0,"href":"https:\/\/diariofemenino.com.ar\/df\/wp-json\/wp\/v2\/posts\/48657\/revisions"}],"wp:featuredmedia":[{"embeddable":true,"href":"https:\/\/diariofemenino.com.ar\/df\/wp-json\/wp\/v2\/media\/48658"}],"wp:attachment":[{"href":"https:\/\/diariofemenino.com.ar\/df\/wp-json\/wp\/v2\/media?parent=48657"}],"wp:term":[{"taxonomy":"category","embeddable":true,"href":"https:\/\/diariofemenino.com.ar\/df\/wp-json\/wp\/v2\/categories?post=48657"},{"taxonomy":"post_tag","embeddable":true,"href":"https:\/\/diariofemenino.com.ar\/df\/wp-json\/wp\/v2\/tags?post=48657"}],"curies":[{"name":"wp","href":"https:\/\/api.w.org\/{rel}","templated":true}]}}