{"id":4862,"date":"2012-11-16T17:38:04","date_gmt":"2012-11-16T20:38:04","guid":{"rendered":"http:\/\/www.diariofemenino.com.ar\/?p=4862"},"modified":"2012-11-16T17:38:04","modified_gmt":"2012-11-16T20:38:04","slug":"crearon-centro-de-estudiantes-y-una-travesti-sera-la-presidenta","status":"publish","type":"post","link":"https:\/\/diariofemenino.com.ar\/df\/crearon-centro-de-estudiantes-y-una-travesti-sera-la-presidenta\/","title":{"rendered":"Crearon Centro de Estudiantes y una travesti ser\u00e1 la presidenta"},"content":{"rendered":"<p>&nbsp;<br \/>\n&nbsp;<br \/>\n&nbsp;<br \/>\n&nbsp;<br \/>\nEs la <strong>primera vez que se forma el Centro de Estudiantes en el Instituto Superior de Formaci\u00f3n Docente<\/strong>. A <strong>Milagros Andrada,<\/strong> en 2010, la hab\u00edan discriminado en una escuela por su condici\u00f3n sexual y le impidieron continuar all\u00ed las pr\u00e1cticas. Ahora, ser\u00e1 presidenta del Centro y ya est\u00e1 dando clases.<br \/>\n<a href=\"http:\/\/www.diariofemenino.com.ar\/wp-content\/uploads\/milagros.jpg\"><img loading=\"lazy\" decoding=\"async\" class=\"alignnone  wp-image-4864\" title=\"milagros\" src=\"http:\/\/www.diariofemenino.com.ar\/wp-content\/uploads\/milagros.jpg\" alt=\"\" width=\"590\" height=\"378\" \/><\/a><br \/>\nEl mi\u00e9rcoles pasado se conform\u00f3 el centro de estudiantes, por primera vez, en el Instituto Superior de Formaci\u00f3n Docente que funciona en el edificio de 1\u00ba de Mayo y Salta, y <strong>gan\u00f3 la elecci\u00f3n la lista que encabeza la estudiante Milagros Agostina Andrada.<\/strong> La flamante presidenta del Centro de Estudiantes hab\u00eda protagonizado un caso de repercusi\u00f3n nacional, a fines de 2010, cuando en un colegio santarrose\u00f1o fue discriminada por la directora, que no le permiti\u00f3 seguir con sus pr\u00e1cticas en la instituci\u00f3n por su orientaci\u00f3n sexual.<br \/>\nMilagros denunci\u00f3 el caso en el INADI, d\u00f3nde la directora de la Escuela N\u00ba 105, que no le hab\u00eda permitido seguir l\u00e1s pr\u00e1cticas cuando descubri\u00f3 que era \u201ctravesti\u201d, finalmente pidi\u00f3 disculpas en una audiencia de conciliaci\u00f3n. <strong>El a\u00f1o pasado, Andrada logr\u00f3, luego de litigar judicialmente, el cambio de indentidad en su documento, en el Registro Civil de Santa Rosa. Adem\u00e1s, este a\u00f1o, tambi\u00e9n da clases en la Unidad Educativa N\u00ba 4.<\/strong><br \/>\n\u00a0En aquel momento, Andrada hab\u00eda dicho que \u201cla sociedad estigmatiza\u00bb y confi\u00f3 que quer\u00eda \u201cser un ejemplo para las personas que van a hacer un cambio, que sepan que se puede luchar y ser travesti no te impide trabajar, ser maestra y tener los mismos derechos que todos\u201d.<br \/>\nEn las elecciones del pasado 14 de noviembre se presentaron dos listas y votaron 500 estudiantes. Gan\u00f3 la Agrupaci\u00f3n Frente Estudiantil. La nueva presidenta es Milagros Agostina Andrada. La acompa\u00f1an como vice, Eliana Pastrana; como secretaria, Ivana Arce; y como tesorera Tatiana Beascochea. Como vocales fueron elegidas Yoana Ull\u00faa, Maria Recher, Mabel Garc\u00eda, Tania Torres, Vanesa Eleno y Mariana F\u00e1brega. Son estudiantes dle profesorado de Educaci\u00f3n Primaria y del Profesorado de Educaci\u00f3n Inicial.<br \/>\nEntre las propuestas de la lista, el Frente sostuvo que \u201ces necesario el aumento de promociones en ambas carreras, vamos a seguir insistiendo para que las promociones sean una costumbre y no una excepci\u00f3n\u201d.<br \/>\nTambi\u00e9n invitaron a los estudiantes \u201ca realizar tareas comunitarias y de inclusi\u00f3n social para de esta manera devolver un poco al pueblo la instituci\u00f3n publica que tenemos. Proponemos una universidad inclusiva, que genere profesionales con conciencia social\u201d.<br \/>\nPropusieron creaci\u00f3n de tutor\u00edas y pasant\u00edas, foros-debate para discutir temas actuales de la sociedad y \u201cas\u00ed fomentar la cr\u00edtica, argumentaci\u00f3n, el di\u00e1logo\u201d.<br \/>\nSobre el servicio de fotocopiadora, a corto plazo proponen e impulsar\u00e1n una licitaci\u00f3n para que se brinde el servicio con calidad y en tiempo y forma. \u201cA largo plazo, pensamos que este es un servicio que indudablemente pertenece a los estudiantes y por ende debe estar en sus manos para ser ofrecido por y para los estudiantes\u201d, dijeron.<br \/>\n\u201cTrabajaremos para que el instituto sea cada vez m\u00e1s inclusivo, por eso buscamos un proyecto de ordenanza para que el boleto de colectivo sea gratuito para aquellas personas que deben tomarlo y viven lejos\u201d, a\u00f1adieron.<br \/>\nFinalmente, proponen luchar por un edificio propio para el Instituto y la creaci\u00f3n de un jard\u00edn maternal.<br \/>\n&nbsp;<br \/>\n&nbsp;<br \/>\n&nbsp;<br \/>\nFuente: <a href=\"http:\/\/www.eldiariodelapampa.com.ar\/index.php?option=com_content&amp;view=article&amp;id=122163:crearon-centro-de-estudiantes-y-una-travesti-sera-la-presidenta&amp;catid=61:locales&amp;Itemid=2\">El\u00a0Diario de La Pampa<\/a><\/p>\n","protected":false},"excerpt":{"rendered":"<p>&nbsp; &nbsp; &nbsp; &nbsp; Es la primera vez que se forma el Centro de Estudiantes en el Instituto Superior de Formaci\u00f3n Docente. A Milagros Andrada, en 2010, la hab\u00edan discriminado en una escuela por su condici\u00f3n sexual y le impidieron continuar all\u00ed las pr\u00e1cticas. Ahora, ser\u00e1 presidenta del Centro y ya est\u00e1 dando clases. El [&hellip;]<\/p>\n","protected":false},"author":1,"featured_media":0,"comment_status":"open","ping_status":"open","sticky":false,"template":"","format":"standard","meta":{"iawp_total_views":7,"footnotes":""},"categories":[4,6,21],"tags":[],"class_list":["post-4862","post","type-post","status-publish","format-standard","hentry","category-medios","category-articulos","category-noticias"],"nelio_content":{"autoShareEndMode":"never","automationSources":{"useCustomSentences":false,"customSentences":[]},"efiAlt":"","efiUrl":"","followers":[],"highlights":[],"isAutoShareEnabled":true,"networkImageIds":[],"permalinkQueryArgs":[],"series":[],"suggestedReferences":[]},"yoast_head":"<!-- This site is optimized with the Yoast SEO plugin v27.4 - https:\/\/yoast.com\/product\/yoast-seo-wordpress\/ -->\n<title>Crearon Centro de Estudiantes y una travesti ser\u00e1 la presidenta - Diario Digital Femenino<\/title>\n<meta name=\"robots\" content=\"index, follow, max-snippet:-1, max-image-preview:large, max-video-preview:-1\" \/>\n<link rel=\"canonical\" href=\"https:\/\/diariofemenino.com.ar\/df\/crearon-centro-de-estudiantes-y-una-travesti-sera-la-presidenta\/\" \/>\n<meta property=\"og:locale\" content=\"es_ES\" \/>\n<meta property=\"og:type\" content=\"article\" \/>\n<meta property=\"og:title\" content=\"Crearon Centro de Estudiantes y una travesti ser\u00e1 la presidenta - Diario Digital Femenino\" \/>\n<meta property=\"og:description\" content=\"&nbsp; &nbsp; &nbsp; &nbsp; Es la primera vez que se forma el Centro de Estudiantes en el Instituto Superior de Formaci\u00f3n Docente. A Milagros Andrada, en 2010, la hab\u00edan discriminado en una escuela por su condici\u00f3n sexual y le impidieron continuar all\u00ed las pr\u00e1cticas. Ahora, ser\u00e1 presidenta del Centro y ya est\u00e1 dando clases. El [&hellip;]\" \/>\n<meta property=\"og:url\" content=\"https:\/\/diariofemenino.com.ar\/df\/crearon-centro-de-estudiantes-y-una-travesti-sera-la-presidenta\/\" \/>\n<meta property=\"og:site_name\" content=\"Diario Digital Femenino\" \/>\n<meta property=\"article:publisher\" content=\"https:\/\/www.facebook.com\/DiarioDigitaFemenino\/\" \/>\n<meta property=\"article:published_time\" content=\"2012-11-16T20:38:04+00:00\" \/>\n<meta property=\"og:image\" content=\"http:\/\/www.diariofemenino.com.ar\/wp-content\/uploads\/milagros.jpg\" \/>\n<meta name=\"author\" content=\"Admin\" \/>\n<meta name=\"twitter:card\" content=\"summary_large_image\" \/>\n<meta name=\"twitter:creator\" content=\"@DiarioFemenino1\" \/>\n<meta name=\"twitter:site\" content=\"@DiarioFemenino1\" \/>\n<meta name=\"twitter:label1\" content=\"Escrito por\" \/>\n\t<meta name=\"twitter:data1\" content=\"Admin\" \/>\n\t<meta name=\"twitter:label2\" content=\"Tiempo de lectura\" \/>\n\t<meta name=\"twitter:data2\" content=\"3 minutos\" \/>\n<script type=\"application\/ld+json\" class=\"yoast-schema-graph\">{\"@context\":\"https:\\\/\\\/schema.org\",\"@graph\":[{\"@type\":\"Article\",\"@id\":\"https:\\\/\\\/diariofemenino.com.ar\\\/df\\\/crearon-centro-de-estudiantes-y-una-travesti-sera-la-presidenta\\\/#article\",\"isPartOf\":{\"@id\":\"https:\\\/\\\/diariofemenino.com.ar\\\/df\\\/crearon-centro-de-estudiantes-y-una-travesti-sera-la-presidenta\\\/\"},\"author\":{\"name\":\"Admin\",\"@id\":\"https:\\\/\\\/diariofemenino.com.ar\\\/df\\\/#\\\/schema\\\/person\\\/38f54b3bfd13f561de2460ba95c169c6\"},\"headline\":\"Crearon Centro de Estudiantes y una travesti ser\u00e1 la presidenta\",\"datePublished\":\"2012-11-16T20:38:04+00:00\",\"mainEntityOfPage\":{\"@id\":\"https:\\\/\\\/diariofemenino.com.ar\\\/df\\\/crearon-centro-de-estudiantes-y-una-travesti-sera-la-presidenta\\\/\"},\"wordCount\":594,\"commentCount\":0,\"publisher\":{\"@id\":\"https:\\\/\\\/diariofemenino.com.ar\\\/df\\\/#organization\"},\"image\":{\"@id\":\"https:\\\/\\\/diariofemenino.com.ar\\\/df\\\/crearon-centro-de-estudiantes-y-una-travesti-sera-la-presidenta\\\/#primaryimage\"},\"thumbnailUrl\":\"http:\\\/\\\/www.diariofemenino.com.ar\\\/wp-content\\\/uploads\\\/milagros.jpg\",\"articleSection\":[\"Medios\",\"Mujeres en Palabras\",\"Noticias\"],\"inLanguage\":\"es\",\"potentialAction\":[{\"@type\":\"CommentAction\",\"name\":\"Comment\",\"target\":[\"https:\\\/\\\/diariofemenino.com.ar\\\/df\\\/crearon-centro-de-estudiantes-y-una-travesti-sera-la-presidenta\\\/#respond\"]}]},{\"@type\":\"WebPage\",\"@id\":\"https:\\\/\\\/diariofemenino.com.ar\\\/df\\\/crearon-centro-de-estudiantes-y-una-travesti-sera-la-presidenta\\\/\",\"url\":\"https:\\\/\\\/diariofemenino.com.ar\\\/df\\\/crearon-centro-de-estudiantes-y-una-travesti-sera-la-presidenta\\\/\",\"name\":\"Crearon Centro de Estudiantes y una travesti ser\u00e1 la presidenta - Diario Digital Femenino\",\"isPartOf\":{\"@id\":\"https:\\\/\\\/diariofemenino.com.ar\\\/df\\\/#website\"},\"primaryImageOfPage\":{\"@id\":\"https:\\\/\\\/diariofemenino.com.ar\\\/df\\\/crearon-centro-de-estudiantes-y-una-travesti-sera-la-presidenta\\\/#primaryimage\"},\"image\":{\"@id\":\"https:\\\/\\\/diariofemenino.com.ar\\\/df\\\/crearon-centro-de-estudiantes-y-una-travesti-sera-la-presidenta\\\/#primaryimage\"},\"thumbnailUrl\":\"http:\\\/\\\/www.diariofemenino.com.ar\\\/wp-content\\\/uploads\\\/milagros.jpg\",\"datePublished\":\"2012-11-16T20:38:04+00:00\",\"breadcrumb\":{\"@id\":\"https:\\\/\\\/diariofemenino.com.ar\\\/df\\\/crearon-centro-de-estudiantes-y-una-travesti-sera-la-presidenta\\\/#breadcrumb\"},\"inLanguage\":\"es\",\"potentialAction\":[{\"@type\":\"ReadAction\",\"target\":[\"https:\\\/\\\/diariofemenino.com.ar\\\/df\\\/crearon-centro-de-estudiantes-y-una-travesti-sera-la-presidenta\\\/\"]}]},{\"@type\":\"ImageObject\",\"inLanguage\":\"es\",\"@id\":\"https:\\\/\\\/diariofemenino.com.ar\\\/df\\\/crearon-centro-de-estudiantes-y-una-travesti-sera-la-presidenta\\\/#primaryimage\",\"url\":\"http:\\\/\\\/www.diariofemenino.com.ar\\\/wp-content\\\/uploads\\\/milagros.jpg\",\"contentUrl\":\"http:\\\/\\\/www.diariofemenino.com.ar\\\/wp-content\\\/uploads\\\/milagros.jpg\"},{\"@type\":\"BreadcrumbList\",\"@id\":\"https:\\\/\\\/diariofemenino.com.ar\\\/df\\\/crearon-centro-de-estudiantes-y-una-travesti-sera-la-presidenta\\\/#breadcrumb\",\"itemListElement\":[{\"@type\":\"ListItem\",\"position\":1,\"name\":\"Portada\",\"item\":\"https:\\\/\\\/diariofemenino.com.ar\\\/df\\\/\"},{\"@type\":\"ListItem\",\"position\":2,\"name\":\"Crearon Centro de Estudiantes y una travesti ser\u00e1 la presidenta\"}]},{\"@type\":\"WebSite\",\"@id\":\"https:\\\/\\\/diariofemenino.com.ar\\\/df\\\/#website\",\"url\":\"https:\\\/\\\/diariofemenino.com.ar\\\/df\\\/\",\"name\":\"Diario Digital Femenino\",\"description\":\"Cuesti\u00f3n de G\u00e9nero\",\"publisher\":{\"@id\":\"https:\\\/\\\/diariofemenino.com.ar\\\/df\\\/#organization\"},\"potentialAction\":[{\"@type\":\"SearchAction\",\"target\":{\"@type\":\"EntryPoint\",\"urlTemplate\":\"https:\\\/\\\/diariofemenino.com.ar\\\/df\\\/?s={search_term_string}\"},\"query-input\":{\"@type\":\"PropertyValueSpecification\",\"valueRequired\":true,\"valueName\":\"search_term_string\"}}],\"inLanguage\":\"es\"},{\"@type\":\"Organization\",\"@id\":\"https:\\\/\\\/diariofemenino.com.ar\\\/df\\\/#organization\",\"name\":\"Diario Femenino\",\"url\":\"https:\\\/\\\/diariofemenino.com.ar\\\/df\\\/\",\"logo\":{\"@type\":\"ImageObject\",\"inLanguage\":\"es\",\"@id\":\"https:\\\/\\\/diariofemenino.com.ar\\\/df\\\/#\\\/schema\\\/logo\\\/image\\\/\",\"url\":\"https:\\\/\\\/diariofemenino.com.ar\\\/df\\\/wp-content\\\/uploads\\\/2018\\\/10\\\/logo.png\",\"contentUrl\":\"https:\\\/\\\/diariofemenino.com.ar\\\/df\\\/wp-content\\\/uploads\\\/2018\\\/10\\\/logo.png\",\"width\":500,\"height\":92,\"caption\":\"Diario Femenino\"},\"image\":{\"@id\":\"https:\\\/\\\/diariofemenino.com.ar\\\/df\\\/#\\\/schema\\\/logo\\\/image\\\/\"},\"sameAs\":[\"https:\\\/\\\/www.facebook.com\\\/DiarioDigitaFemenino\\\/\",\"https:\\\/\\\/x.com\\\/DiarioFemenino1\"]},{\"@type\":\"Person\",\"@id\":\"https:\\\/\\\/diariofemenino.com.ar\\\/df\\\/#\\\/schema\\\/person\\\/38f54b3bfd13f561de2460ba95c169c6\",\"name\":\"Admin\",\"image\":{\"@type\":\"ImageObject\",\"inLanguage\":\"es\",\"@id\":\"https:\\\/\\\/diariofemenino.com.ar\\\/df\\\/wp-content\\\/uploads\\\/2018\\\/12\\\/favicon-150x150.jpg\",\"url\":\"https:\\\/\\\/diariofemenino.com.ar\\\/df\\\/wp-content\\\/uploads\\\/2018\\\/12\\\/favicon-150x150.jpg\",\"contentUrl\":\"https:\\\/\\\/diariofemenino.com.ar\\\/df\\\/wp-content\\\/uploads\\\/2018\\\/12\\\/favicon-150x150.jpg\",\"caption\":\"Admin\"},\"url\":\"https:\\\/\\\/diariofemenino.com.ar\\\/df\\\/author\\\/adm18df\\\/\"}]}<\/script>\n<!-- \/ Yoast SEO plugin. -->","yoast_head_json":{"title":"Crearon Centro de Estudiantes y una travesti ser\u00e1 la presidenta - Diario Digital Femenino","robots":{"index":"index","follow":"follow","max-snippet":"max-snippet:-1","max-image-preview":"max-image-preview:large","max-video-preview":"max-video-preview:-1"},"canonical":"https:\/\/diariofemenino.com.ar\/df\/crearon-centro-de-estudiantes-y-una-travesti-sera-la-presidenta\/","og_locale":"es_ES","og_type":"article","og_title":"Crearon Centro de Estudiantes y una travesti ser\u00e1 la presidenta - Diario Digital Femenino","og_description":"&nbsp; &nbsp; &nbsp; &nbsp; Es la primera vez que se forma el Centro de Estudiantes en el Instituto Superior de Formaci\u00f3n Docente. A Milagros Andrada, en 2010, la hab\u00edan discriminado en una escuela por su condici\u00f3n sexual y le impidieron continuar all\u00ed las pr\u00e1cticas. Ahora, ser\u00e1 presidenta del Centro y ya est\u00e1 dando clases. El [&hellip;]","og_url":"https:\/\/diariofemenino.com.ar\/df\/crearon-centro-de-estudiantes-y-una-travesti-sera-la-presidenta\/","og_site_name":"Diario Digital Femenino","article_publisher":"https:\/\/www.facebook.com\/DiarioDigitaFemenino\/","article_published_time":"2012-11-16T20:38:04+00:00","og_image":[{"url":"http:\/\/www.diariofemenino.com.ar\/wp-content\/uploads\/milagros.jpg","type":"","width":"","height":""}],"author":"Admin","twitter_card":"summary_large_image","twitter_creator":"@DiarioFemenino1","twitter_site":"@DiarioFemenino1","twitter_misc":{"Escrito por":"Admin","Tiempo de lectura":"3 minutos"},"schema":{"@context":"https:\/\/schema.org","@graph":[{"@type":"Article","@id":"https:\/\/diariofemenino.com.ar\/df\/crearon-centro-de-estudiantes-y-una-travesti-sera-la-presidenta\/#article","isPartOf":{"@id":"https:\/\/diariofemenino.com.ar\/df\/crearon-centro-de-estudiantes-y-una-travesti-sera-la-presidenta\/"},"author":{"name":"Admin","@id":"https:\/\/diariofemenino.com.ar\/df\/#\/schema\/person\/38f54b3bfd13f561de2460ba95c169c6"},"headline":"Crearon Centro de Estudiantes y una travesti ser\u00e1 la presidenta","datePublished":"2012-11-16T20:38:04+00:00","mainEntityOfPage":{"@id":"https:\/\/diariofemenino.com.ar\/df\/crearon-centro-de-estudiantes-y-una-travesti-sera-la-presidenta\/"},"wordCount":594,"commentCount":0,"publisher":{"@id":"https:\/\/diariofemenino.com.ar\/df\/#organization"},"image":{"@id":"https:\/\/diariofemenino.com.ar\/df\/crearon-centro-de-estudiantes-y-una-travesti-sera-la-presidenta\/#primaryimage"},"thumbnailUrl":"http:\/\/www.diariofemenino.com.ar\/wp-content\/uploads\/milagros.jpg","articleSection":["Medios","Mujeres en Palabras","Noticias"],"inLanguage":"es","potentialAction":[{"@type":"CommentAction","name":"Comment","target":["https:\/\/diariofemenino.com.ar\/df\/crearon-centro-de-estudiantes-y-una-travesti-sera-la-presidenta\/#respond"]}]},{"@type":"WebPage","@id":"https:\/\/diariofemenino.com.ar\/df\/crearon-centro-de-estudiantes-y-una-travesti-sera-la-presidenta\/","url":"https:\/\/diariofemenino.com.ar\/df\/crearon-centro-de-estudiantes-y-una-travesti-sera-la-presidenta\/","name":"Crearon Centro de Estudiantes y una travesti ser\u00e1 la presidenta - Diario Digital Femenino","isPartOf":{"@id":"https:\/\/diariofemenino.com.ar\/df\/#website"},"primaryImageOfPage":{"@id":"https:\/\/diariofemenino.com.ar\/df\/crearon-centro-de-estudiantes-y-una-travesti-sera-la-presidenta\/#primaryimage"},"image":{"@id":"https:\/\/diariofemenino.com.ar\/df\/crearon-centro-de-estudiantes-y-una-travesti-sera-la-presidenta\/#primaryimage"},"thumbnailUrl":"http:\/\/www.diariofemenino.com.ar\/wp-content\/uploads\/milagros.jpg","datePublished":"2012-11-16T20:38:04+00:00","breadcrumb":{"@id":"https:\/\/diariofemenino.com.ar\/df\/crearon-centro-de-estudiantes-y-una-travesti-sera-la-presidenta\/#breadcrumb"},"inLanguage":"es","potentialAction":[{"@type":"ReadAction","target":["https:\/\/diariofemenino.com.ar\/df\/crearon-centro-de-estudiantes-y-una-travesti-sera-la-presidenta\/"]}]},{"@type":"ImageObject","inLanguage":"es","@id":"https:\/\/diariofemenino.com.ar\/df\/crearon-centro-de-estudiantes-y-una-travesti-sera-la-presidenta\/#primaryimage","url":"http:\/\/www.diariofemenino.com.ar\/wp-content\/uploads\/milagros.jpg","contentUrl":"http:\/\/www.diariofemenino.com.ar\/wp-content\/uploads\/milagros.jpg"},{"@type":"BreadcrumbList","@id":"https:\/\/diariofemenino.com.ar\/df\/crearon-centro-de-estudiantes-y-una-travesti-sera-la-presidenta\/#breadcrumb","itemListElement":[{"@type":"ListItem","position":1,"name":"Portada","item":"https:\/\/diariofemenino.com.ar\/df\/"},{"@type":"ListItem","position":2,"name":"Crearon Centro de Estudiantes y una travesti ser\u00e1 la presidenta"}]},{"@type":"WebSite","@id":"https:\/\/diariofemenino.com.ar\/df\/#website","url":"https:\/\/diariofemenino.com.ar\/df\/","name":"Diario Digital Femenino","description":"Cuesti\u00f3n de G\u00e9nero","publisher":{"@id":"https:\/\/diariofemenino.com.ar\/df\/#organization"},"potentialAction":[{"@type":"SearchAction","target":{"@type":"EntryPoint","urlTemplate":"https:\/\/diariofemenino.com.ar\/df\/?s={search_term_string}"},"query-input":{"@type":"PropertyValueSpecification","valueRequired":true,"valueName":"search_term_string"}}],"inLanguage":"es"},{"@type":"Organization","@id":"https:\/\/diariofemenino.com.ar\/df\/#organization","name":"Diario Femenino","url":"https:\/\/diariofemenino.com.ar\/df\/","logo":{"@type":"ImageObject","inLanguage":"es","@id":"https:\/\/diariofemenino.com.ar\/df\/#\/schema\/logo\/image\/","url":"https:\/\/diariofemenino.com.ar\/df\/wp-content\/uploads\/2018\/10\/logo.png","contentUrl":"https:\/\/diariofemenino.com.ar\/df\/wp-content\/uploads\/2018\/10\/logo.png","width":500,"height":92,"caption":"Diario Femenino"},"image":{"@id":"https:\/\/diariofemenino.com.ar\/df\/#\/schema\/logo\/image\/"},"sameAs":["https:\/\/www.facebook.com\/DiarioDigitaFemenino\/","https:\/\/x.com\/DiarioFemenino1"]},{"@type":"Person","@id":"https:\/\/diariofemenino.com.ar\/df\/#\/schema\/person\/38f54b3bfd13f561de2460ba95c169c6","name":"Admin","image":{"@type":"ImageObject","inLanguage":"es","@id":"https:\/\/diariofemenino.com.ar\/df\/wp-content\/uploads\/2018\/12\/favicon-150x150.jpg","url":"https:\/\/diariofemenino.com.ar\/df\/wp-content\/uploads\/2018\/12\/favicon-150x150.jpg","contentUrl":"https:\/\/diariofemenino.com.ar\/df\/wp-content\/uploads\/2018\/12\/favicon-150x150.jpg","caption":"Admin"},"url":"https:\/\/diariofemenino.com.ar\/df\/author\/adm18df\/"}]}},"jetpack_featured_media_url":"","jetpack_sharing_enabled":true,"rttpg_featured_image_url":null,"rttpg_author":{"display_name":"Admin","author_link":"https:\/\/diariofemenino.com.ar\/df\/author\/adm18df\/"},"rttpg_comment":0,"rttpg_category":"<a href=\"https:\/\/diariofemenino.com.ar\/df\/category\/medios\/\" rel=\"category tag\">Medios<\/a> <a href=\"https:\/\/diariofemenino.com.ar\/df\/category\/articulos\/\" rel=\"category tag\">Mujeres en Palabras<\/a> <a href=\"https:\/\/diariofemenino.com.ar\/df\/category\/noticias\/\" rel=\"category tag\">Noticias<\/a>","rttpg_excerpt":"&nbsp; &nbsp; &nbsp; &nbsp; Es la primera vez que se forma el Centro de Estudiantes en el Instituto Superior de Formaci\u00f3n Docente. A Milagros Andrada, en 2010, la hab\u00edan discriminado en una escuela por su condici\u00f3n sexual y le impidieron continuar all\u00ed las pr\u00e1cticas. Ahora, ser\u00e1 presidenta del Centro y ya est\u00e1 dando clases. El&hellip;","_links":{"self":[{"href":"https:\/\/diariofemenino.com.ar\/df\/wp-json\/wp\/v2\/posts\/4862","targetHints":{"allow":["GET"]}}],"collection":[{"href":"https:\/\/diariofemenino.com.ar\/df\/wp-json\/wp\/v2\/posts"}],"about":[{"href":"https:\/\/diariofemenino.com.ar\/df\/wp-json\/wp\/v2\/types\/post"}],"author":[{"embeddable":true,"href":"https:\/\/diariofemenino.com.ar\/df\/wp-json\/wp\/v2\/users\/1"}],"replies":[{"embeddable":true,"href":"https:\/\/diariofemenino.com.ar\/df\/wp-json\/wp\/v2\/comments?post=4862"}],"version-history":[{"count":0,"href":"https:\/\/diariofemenino.com.ar\/df\/wp-json\/wp\/v2\/posts\/4862\/revisions"}],"wp:attachment":[{"href":"https:\/\/diariofemenino.com.ar\/df\/wp-json\/wp\/v2\/media?parent=4862"}],"wp:term":[{"taxonomy":"category","embeddable":true,"href":"https:\/\/diariofemenino.com.ar\/df\/wp-json\/wp\/v2\/categories?post=4862"},{"taxonomy":"post_tag","embeddable":true,"href":"https:\/\/diariofemenino.com.ar\/df\/wp-json\/wp\/v2\/tags?post=4862"}],"curies":[{"name":"wp","href":"https:\/\/api.w.org\/{rel}","templated":true}]}}