{"id":48504,"date":"2020-05-06T19:10:53","date_gmt":"2020-05-06T22:10:53","guid":{"rendered":"https:\/\/diariofemenino.com.ar\/?p=48504"},"modified":"2020-05-06T19:10:53","modified_gmt":"2020-05-06T22:10:53","slug":"violencia-caras-y-caretas","status":"publish","type":"post","link":"https:\/\/diariofemenino.com.ar\/df\/violencia-caras-y-caretas\/","title":{"rendered":"Violencia. Caras y caretas"},"content":{"rendered":"<p><strong>\u00cdNDICE<\/strong><\/p>\n<p>CAP\u00cdTULO I. El hombre como actor libre frente a la violencia<\/p>\n<p>CAP\u00cdTULO II. Violencia y Posmodernidad<\/p>\n<p>CAP\u00cdTULO III. Los medios \u00bfespejos o detonadores de la violencia social?<\/p>\n<p>CAP\u00cdTULO IV. La autoafirmaci\u00f3n juvenil a trav\u00e9s de la violencia<\/p>\n<p>CAP\u00cdTULO V. La violencia desdibuja la escuela<\/p>\n<p>CAP\u00cdTULO VI. La escuela como espacio de convivencia \u00bfun hecho o una construcci\u00f3n?<\/p>\n<p>CAP\u00cdTULO VII. La violencia de g\u00e9nero<\/p>\n<p>CAP\u00cdTULO VIII. El lugar del ni\u00f1o en la violencia familiar<\/p>\n<p>CAP\u00cdTULO IX. Vicisitudes del impulso agresivo en el desarrollo evolutivo del sujeto<\/p>\n<p>CAP\u00cdTULO X. Discriminaci\u00f3n vs. Dignidad humana<\/p>\n<p>CAP\u00cdTULO XI. El acto discriminatorio en el \u00e1mbito laboral<\/p>\n<p>CAP\u00cdTULO XII. Recursos did\u00e1cticos para abordar la discriminaci\u00f3n<\/p>\n<h3><strong>Introducci\u00f3n<\/strong><\/h3>\n<p>(Descargar libro completo en portada)<\/p>\n<figure id=\"attachment_48506\" aria-describedby=\"caption-attachment-48506\" style=\"width: 360px\" class=\"wp-caption alignleft\"><a href=\"https:\/\/diariofemenino.com.ar\/df\/wp-content\/uploads\/2020\/05\/Violencia.-Caras-y-caretas.pdf\"><img loading=\"lazy\" decoding=\"async\" class=\"wp-image-48506 size-full\" src=\"https:\/\/diariofemenino.com.ar\/df\/wp-content\/uploads\/2020\/05\/5a0cac6458c76154528b4568.__RS360x360__.jpg\" alt=\"Violencia. Caras y caretas\" width=\"360\" height=\"360\" srcset=\"https:\/\/diariofemenino.com.ar\/df\/wp-content\/uploads\/2020\/05\/5a0cac6458c76154528b4568.__RS360x360__.jpg 360w, https:\/\/diariofemenino.com.ar\/df\/wp-content\/uploads\/2020\/05\/5a0cac6458c76154528b4568.__RS360x360__-150x150.jpg 150w, https:\/\/diariofemenino.com.ar\/df\/wp-content\/uploads\/2020\/05\/5a0cac6458c76154528b4568.__RS360x360__-300x300.jpg 300w\" sizes=\"auto, (max-width: 360px) 100vw, 360px\" \/><\/a><figcaption id=\"caption-attachment-48506\" class=\"wp-caption-text\">Violencia. Caras y caretas<\/figcaption><\/figure>\n<p>Esta obra es el resultado de un proceso de an\u00e1lisis bibliogr\u00e1fico de diferentes autores y de aportes personales, todos ellos referidos a las distintas caras de la violencia, algunas expl\u00edcitas y f\u00e1cilmente detectables por su crudeza y descarnada exposici\u00f3n y otras disfrazadas o solapadas, innombrables o no consideradas como pertinentes al t\u00e9rmino, de all\u00ed el agregado de \u201ccaretas\u201d al t\u00edtulo de este libro.<\/p>\n<p>A partir de la distinci\u00f3n de los t\u00e9rminos violencia y agresividad y haciendo hincapi\u00e9 en la especificidad humana de la violencia, intentaremos responder a las siguientes preguntas \u00bfes cient\u00edficamente correcto decir que los humanos tienen un cerebro violento? \u00bfEs el hombre un actor libre frente a la violencia?<\/p>\n<p>Plantearemos a continuaci\u00f3n la mirada de la violencia desde la cosmovisi\u00f3n posmoderna, vincul\u00e1ndola luego con el papel que desempe\u00f1an los <a href=\"http:\/\/servicios.infoleg.gob.ar\/infolegInternet\/anexos\/150000-154999\/152155\/norma.htm\">medios<\/a> masivos de comunicaci\u00f3n actuales \u00bfson espejos o detonadores de la violencia social o en muchos casos, desempe\u00f1an ambos papeles?<\/p>\n<p>Luego analizaremos c\u00f3mo en muchos casos la afirmaci\u00f3n juvenil se realiza a trav\u00e9s de la violencia, apareciendo en la sociedad las tribus urbanas, las pandillas, las barras bravas, las maras.<\/p>\n<p>Desde una mirada psicopedag\u00f3gica, no pod\u00edamos obviar el an\u00e1lisis del impacto de la infiltraci\u00f3n de la violencia social en la escuela y su papel en la aparici\u00f3n de los desorganizadores institucionales. Los docentes, ser\u00e1n analizados como actores que vivencian la violencia con sus cuerpos y tiempos atrapados, munidos de ideas y argumentos que, en muchos casos, no les ayudan a posicionarse adecuadamente frente a ella. \u00bfSer\u00e1 que la disciplina escolar contin\u00faa siendo una represi\u00f3n en vez de una producci\u00f3n? \u00bfEs dable mencionar que se persiste en \u201ccontrolar\u201d a los alumnos en vez de \u201corientar\u201d su conducta? \u00bfEn qu\u00e9 medida se utiliza la palabra como mediadora para desplazar la violencia? \u00bfQu\u00e9 es el fen\u00f3meno del bullying que tanto aparece hoy en los espacios escolares?<\/p>\n<p>Plantearemos despu\u00e9s qu\u00e9 entendemos por violencia de g\u00e9nero y cu\u00e1les son sus efectos devastadores, para pasar luego al lugar que ocupa el ni\u00f1o, el adolescente y el joven en la violencia familiar y social, posicion\u00e1ndome desde un lugar que le otorga a la violencia el valor de \u201cs\u00edntoma\u201d.<\/p>\n<p>Indudablemente que el impulso agresivo sufre vicisitudes en el desarrollo evolutivo del sujeto. Analizaremos tambi\u00e9n esta tem\u00e1tica desde la mirada psicoanal\u00edtica.<\/p>\n<p>Cu\u00e1les son las <a href=\"https:\/\/es.wikipedia.org\/wiki\/Violencia_de_g%C3%A9nero\">violencias<\/a> solapadas que existen en el entramado social del que somos part\u00edcipes de manera inevitable? \u00bfEs la discriminaci\u00f3n una de ellas? \u00bfC\u00f3mo aparece el acto discriminatorio en el \u00e1mbito laboral? Qu\u00e9 otros tipos de discriminaciones se observan en nuestra sociedad \u00bfc\u00f3mo enfrento esas situaciones y cu\u00e1n comprometido estoy en la lucha antidiscriminatoria? \u00bfQu\u00e9 recursos did\u00e1cticos puedo utilizar para ello en la escuela u otros grupos sociales?<\/p>\n<p>Dado que consideramos a la violencia como una producci\u00f3n humana que se aprende en los distintos \u00e1mbitos en los que participamos, \u00bfdesde qu\u00e9 lugar se pueden intentar respuestas esperanzadoras?<\/p>\n<p>&nbsp;<\/p>\n<p><a href=\"https:\/\/diariofemenino.com.ar\/category\/biblioteca\/\">Biblioteca virtual<\/a><\/p>\n<p><a href=\"https:\/\/diariofemenino.com.ar\/\">Diario Digital Femenino<\/a><\/p>\n<p>&nbsp;<\/p>\n<p>&nbsp;<\/p>\n","protected":false},"excerpt":{"rendered":"<p>\u00cdNDICE CAP\u00cdTULO I. El hombre como actor libre frente a la violencia CAP\u00cdTULO II. Violencia y Posmodernidad CAP\u00cdTULO III. Los medios \u00bfespejos o detonadores de la violencia social? CAP\u00cdTULO IV. La autoafirmaci\u00f3n juvenil a trav\u00e9s de la violencia CAP\u00cdTULO V. La violencia desdibuja la escuela CAP\u00cdTULO VI. La escuela como espacio de convivencia \u00bfun hecho [&hellip;]<\/p>\n","protected":false},"author":4,"featured_media":48507,"comment_status":"open","ping_status":"open","sticky":false,"template":"","format":"standard","meta":{"iawp_total_views":13,"footnotes":""},"categories":[19,4,592],"tags":[3120,138],"class_list":["post-48504","post","type-post","status-publish","format-standard","has-post-thumbnail","hentry","category-biblioteca","category-medios","category-violencias","tag-caras-y-caretas","tag-violencia"],"nelio_content":{"autoShareEndMode":"never","automationSources":{"useCustomSentences":false,"customSentences":[]},"efiAlt":"","efiUrl":"","followers":[4],"highlights":[],"isAutoShareEnabled":true,"networkImageIds":[],"permalinkQueryArgs":[],"series":[],"suggestedReferences":[]},"yoast_head":"<!-- This site is optimized with the Yoast SEO plugin v27.5 - https:\/\/yoast.com\/product\/yoast-seo-wordpress\/ -->\n<title>Violencia. Caras y caretas - Diario Digital Femenino<\/title>\n<meta name=\"description\" content=\"Violencia. Caras y caretas.An\u00e1lisis bibliogr\u00e1fico de diferentes autores y de aportes personales, todos ellos referidos a las distintas caras de la violencia\" \/>\n<meta name=\"robots\" content=\"index, follow, max-snippet:-1, max-image-preview:large, max-video-preview:-1\" \/>\n<link rel=\"canonical\" href=\"https:\/\/diariofemenino.com.ar\/df\/violencia-caras-y-caretas\/\" \/>\n<meta property=\"og:locale\" content=\"es_ES\" \/>\n<meta property=\"og:type\" content=\"article\" \/>\n<meta property=\"og:title\" content=\"Violencia. Caras y caretas - Diario Digital Femenino\" \/>\n<meta property=\"og:description\" content=\"Violencia. Caras y caretas.An\u00e1lisis bibliogr\u00e1fico de diferentes autores y de aportes personales, todos ellos referidos a las distintas caras de la violencia\" \/>\n<meta property=\"og:url\" content=\"https:\/\/diariofemenino.com.ar\/df\/violencia-caras-y-caretas\/\" \/>\n<meta property=\"og:site_name\" content=\"Diario Digital Femenino\" \/>\n<meta property=\"article:publisher\" content=\"https:\/\/www.facebook.com\/DiarioDigitaFemenino\/\" \/>\n<meta property=\"article:published_time\" content=\"2020-05-06T22:10:53+00:00\" \/>\n<meta property=\"og:image\" content=\"https:\/\/diariofemenino.com.ar\/df\/wp-content\/uploads\/2020\/05\/violencia-caras-y-caretas-D_NQ_NP_753300-MLA32468957415_102019-F.jpg\" \/>\n\t<meta property=\"og:image:width\" content=\"779\" \/>\n\t<meta property=\"og:image:height\" content=\"1200\" \/>\n\t<meta property=\"og:image:type\" content=\"image\/jpeg\" \/>\n<meta name=\"author\" content=\"Admin\" \/>\n<meta name=\"twitter:card\" content=\"summary_large_image\" \/>\n<meta name=\"twitter:creator\" content=\"@DiarioFemenino1\" \/>\n<meta name=\"twitter:site\" content=\"@DiarioFemenino1\" \/>\n<meta name=\"twitter:label1\" content=\"Escrito por\" \/>\n\t<meta name=\"twitter:data1\" content=\"Admin\" \/>\n\t<meta name=\"twitter:label2\" content=\"Tiempo de lectura\" \/>\n\t<meta name=\"twitter:data2\" content=\"3 minutos\" \/>\n<script type=\"application\/ld+json\" class=\"yoast-schema-graph\">{\"@context\":\"https:\\\/\\\/schema.org\",\"@graph\":[{\"@type\":\"Article\",\"@id\":\"https:\\\/\\\/diariofemenino.com.ar\\\/df\\\/violencia-caras-y-caretas\\\/#article\",\"isPartOf\":{\"@id\":\"https:\\\/\\\/diariofemenino.com.ar\\\/df\\\/violencia-caras-y-caretas\\\/\"},\"author\":{\"name\":\"Admin\",\"@id\":\"https:\\\/\\\/diariofemenino.com.ar\\\/df\\\/#\\\/schema\\\/person\\\/bf6199e8158c657ea6f789b11ec85509\"},\"headline\":\"Violencia. Caras y caretas\",\"datePublished\":\"2020-05-06T22:10:53+00:00\",\"mainEntityOfPage\":{\"@id\":\"https:\\\/\\\/diariofemenino.com.ar\\\/df\\\/violencia-caras-y-caretas\\\/\"},\"wordCount\":676,\"commentCount\":0,\"publisher\":{\"@id\":\"https:\\\/\\\/diariofemenino.com.ar\\\/df\\\/#organization\"},\"image\":{\"@id\":\"https:\\\/\\\/diariofemenino.com.ar\\\/df\\\/violencia-caras-y-caretas\\\/#primaryimage\"},\"thumbnailUrl\":\"https:\\\/\\\/diariofemenino.com.ar\\\/df\\\/wp-content\\\/uploads\\\/2020\\\/05\\\/violencia-caras-y-caretas-D_NQ_NP_753300-MLA32468957415_102019-F.jpg\",\"keywords\":[\"Caras y Caretas\",\"Violencia\"],\"articleSection\":[\"Biblioteca Virtual\",\"Medios\",\"Violencias\"],\"inLanguage\":\"es\",\"potentialAction\":[{\"@type\":\"CommentAction\",\"name\":\"Comment\",\"target\":[\"https:\\\/\\\/diariofemenino.com.ar\\\/df\\\/violencia-caras-y-caretas\\\/#respond\"]}]},{\"@type\":\"WebPage\",\"@id\":\"https:\\\/\\\/diariofemenino.com.ar\\\/df\\\/violencia-caras-y-caretas\\\/\",\"url\":\"https:\\\/\\\/diariofemenino.com.ar\\\/df\\\/violencia-caras-y-caretas\\\/\",\"name\":\"Violencia. Caras y caretas - Diario Digital Femenino\",\"isPartOf\":{\"@id\":\"https:\\\/\\\/diariofemenino.com.ar\\\/df\\\/#website\"},\"primaryImageOfPage\":{\"@id\":\"https:\\\/\\\/diariofemenino.com.ar\\\/df\\\/violencia-caras-y-caretas\\\/#primaryimage\"},\"image\":{\"@id\":\"https:\\\/\\\/diariofemenino.com.ar\\\/df\\\/violencia-caras-y-caretas\\\/#primaryimage\"},\"thumbnailUrl\":\"https:\\\/\\\/diariofemenino.com.ar\\\/df\\\/wp-content\\\/uploads\\\/2020\\\/05\\\/violencia-caras-y-caretas-D_NQ_NP_753300-MLA32468957415_102019-F.jpg\",\"datePublished\":\"2020-05-06T22:10:53+00:00\",\"description\":\"Violencia. Caras y caretas.An\u00e1lisis bibliogr\u00e1fico de diferentes autores y de aportes personales, todos ellos referidos a las distintas caras de la violencia\",\"breadcrumb\":{\"@id\":\"https:\\\/\\\/diariofemenino.com.ar\\\/df\\\/violencia-caras-y-caretas\\\/#breadcrumb\"},\"inLanguage\":\"es\",\"potentialAction\":[{\"@type\":\"ReadAction\",\"target\":[\"https:\\\/\\\/diariofemenino.com.ar\\\/df\\\/violencia-caras-y-caretas\\\/\"]}]},{\"@type\":\"ImageObject\",\"inLanguage\":\"es\",\"@id\":\"https:\\\/\\\/diariofemenino.com.ar\\\/df\\\/violencia-caras-y-caretas\\\/#primaryimage\",\"url\":\"https:\\\/\\\/diariofemenino.com.ar\\\/df\\\/wp-content\\\/uploads\\\/2020\\\/05\\\/violencia-caras-y-caretas-D_NQ_NP_753300-MLA32468957415_102019-F.jpg\",\"contentUrl\":\"https:\\\/\\\/diariofemenino.com.ar\\\/df\\\/wp-content\\\/uploads\\\/2020\\\/05\\\/violencia-caras-y-caretas-D_NQ_NP_753300-MLA32468957415_102019-F.jpg\",\"width\":779,\"height\":1200,\"caption\":\"Violencia. Caras y caretas\"},{\"@type\":\"BreadcrumbList\",\"@id\":\"https:\\\/\\\/diariofemenino.com.ar\\\/df\\\/violencia-caras-y-caretas\\\/#breadcrumb\",\"itemListElement\":[{\"@type\":\"ListItem\",\"position\":1,\"name\":\"Portada\",\"item\":\"https:\\\/\\\/diariofemenino.com.ar\\\/df\\\/\"},{\"@type\":\"ListItem\",\"position\":2,\"name\":\"Violencia. Caras y caretas\"}]},{\"@type\":\"WebSite\",\"@id\":\"https:\\\/\\\/diariofemenino.com.ar\\\/df\\\/#website\",\"url\":\"https:\\\/\\\/diariofemenino.com.ar\\\/df\\\/\",\"name\":\"Diario Digital Femenino\",\"description\":\"Cuesti\u00f3n de G\u00e9nero\",\"publisher\":{\"@id\":\"https:\\\/\\\/diariofemenino.com.ar\\\/df\\\/#organization\"},\"potentialAction\":[{\"@type\":\"SearchAction\",\"target\":{\"@type\":\"EntryPoint\",\"urlTemplate\":\"https:\\\/\\\/diariofemenino.com.ar\\\/df\\\/?s={search_term_string}\"},\"query-input\":{\"@type\":\"PropertyValueSpecification\",\"valueRequired\":true,\"valueName\":\"search_term_string\"}}],\"inLanguage\":\"es\"},{\"@type\":\"Organization\",\"@id\":\"https:\\\/\\\/diariofemenino.com.ar\\\/df\\\/#organization\",\"name\":\"Diario Femenino\",\"url\":\"https:\\\/\\\/diariofemenino.com.ar\\\/df\\\/\",\"logo\":{\"@type\":\"ImageObject\",\"inLanguage\":\"es\",\"@id\":\"https:\\\/\\\/diariofemenino.com.ar\\\/df\\\/#\\\/schema\\\/logo\\\/image\\\/\",\"url\":\"https:\\\/\\\/diariofemenino.com.ar\\\/df\\\/wp-content\\\/uploads\\\/2018\\\/10\\\/logo.png\",\"contentUrl\":\"https:\\\/\\\/diariofemenino.com.ar\\\/df\\\/wp-content\\\/uploads\\\/2018\\\/10\\\/logo.png\",\"width\":500,\"height\":92,\"caption\":\"Diario Femenino\"},\"image\":{\"@id\":\"https:\\\/\\\/diariofemenino.com.ar\\\/df\\\/#\\\/schema\\\/logo\\\/image\\\/\"},\"sameAs\":[\"https:\\\/\\\/www.facebook.com\\\/DiarioDigitaFemenino\\\/\",\"https:\\\/\\\/x.com\\\/DiarioFemenino1\"]},{\"@type\":\"Person\",\"@id\":\"https:\\\/\\\/diariofemenino.com.ar\\\/df\\\/#\\\/schema\\\/person\\\/bf6199e8158c657ea6f789b11ec85509\",\"name\":\"Admin\",\"image\":{\"@type\":\"ImageObject\",\"inLanguage\":\"es\",\"@id\":\"https:\\\/\\\/diariofemenino.com.ar\\\/df\\\/wp-content\\\/uploads\\\/2018\\\/12\\\/favicon-150x150.jpg\",\"url\":\"https:\\\/\\\/diariofemenino.com.ar\\\/df\\\/wp-content\\\/uploads\\\/2018\\\/12\\\/favicon-150x150.jpg\",\"contentUrl\":\"https:\\\/\\\/diariofemenino.com.ar\\\/df\\\/wp-content\\\/uploads\\\/2018\\\/12\\\/favicon-150x150.jpg\",\"caption\":\"Admin\"},\"url\":\"https:\\\/\\\/diariofemenino.com.ar\\\/df\\\/author\\\/lenny\\\/\"}]}<\/script>\n<!-- \/ Yoast SEO plugin. -->","yoast_head_json":{"title":"Violencia. Caras y caretas - Diario Digital Femenino","description":"Violencia. Caras y caretas.An\u00e1lisis bibliogr\u00e1fico de diferentes autores y de aportes personales, todos ellos referidos a las distintas caras de la violencia","robots":{"index":"index","follow":"follow","max-snippet":"max-snippet:-1","max-image-preview":"max-image-preview:large","max-video-preview":"max-video-preview:-1"},"canonical":"https:\/\/diariofemenino.com.ar\/df\/violencia-caras-y-caretas\/","og_locale":"es_ES","og_type":"article","og_title":"Violencia. Caras y caretas - Diario Digital Femenino","og_description":"Violencia. Caras y caretas.An\u00e1lisis bibliogr\u00e1fico de diferentes autores y de aportes personales, todos ellos referidos a las distintas caras de la violencia","og_url":"https:\/\/diariofemenino.com.ar\/df\/violencia-caras-y-caretas\/","og_site_name":"Diario Digital Femenino","article_publisher":"https:\/\/www.facebook.com\/DiarioDigitaFemenino\/","article_published_time":"2020-05-06T22:10:53+00:00","og_image":[{"width":779,"height":1200,"url":"https:\/\/diariofemenino.com.ar\/df\/wp-content\/uploads\/2020\/05\/violencia-caras-y-caretas-D_NQ_NP_753300-MLA32468957415_102019-F.jpg","type":"image\/jpeg"}],"author":"Admin","twitter_card":"summary_large_image","twitter_creator":"@DiarioFemenino1","twitter_site":"@DiarioFemenino1","twitter_misc":{"Escrito por":"Admin","Tiempo de lectura":"3 minutos"},"schema":{"@context":"https:\/\/schema.org","@graph":[{"@type":"Article","@id":"https:\/\/diariofemenino.com.ar\/df\/violencia-caras-y-caretas\/#article","isPartOf":{"@id":"https:\/\/diariofemenino.com.ar\/df\/violencia-caras-y-caretas\/"},"author":{"name":"Admin","@id":"https:\/\/diariofemenino.com.ar\/df\/#\/schema\/person\/bf6199e8158c657ea6f789b11ec85509"},"headline":"Violencia. Caras y caretas","datePublished":"2020-05-06T22:10:53+00:00","mainEntityOfPage":{"@id":"https:\/\/diariofemenino.com.ar\/df\/violencia-caras-y-caretas\/"},"wordCount":676,"commentCount":0,"publisher":{"@id":"https:\/\/diariofemenino.com.ar\/df\/#organization"},"image":{"@id":"https:\/\/diariofemenino.com.ar\/df\/violencia-caras-y-caretas\/#primaryimage"},"thumbnailUrl":"https:\/\/diariofemenino.com.ar\/df\/wp-content\/uploads\/2020\/05\/violencia-caras-y-caretas-D_NQ_NP_753300-MLA32468957415_102019-F.jpg","keywords":["Caras y Caretas","Violencia"],"articleSection":["Biblioteca Virtual","Medios","Violencias"],"inLanguage":"es","potentialAction":[{"@type":"CommentAction","name":"Comment","target":["https:\/\/diariofemenino.com.ar\/df\/violencia-caras-y-caretas\/#respond"]}]},{"@type":"WebPage","@id":"https:\/\/diariofemenino.com.ar\/df\/violencia-caras-y-caretas\/","url":"https:\/\/diariofemenino.com.ar\/df\/violencia-caras-y-caretas\/","name":"Violencia. Caras y caretas - Diario Digital Femenino","isPartOf":{"@id":"https:\/\/diariofemenino.com.ar\/df\/#website"},"primaryImageOfPage":{"@id":"https:\/\/diariofemenino.com.ar\/df\/violencia-caras-y-caretas\/#primaryimage"},"image":{"@id":"https:\/\/diariofemenino.com.ar\/df\/violencia-caras-y-caretas\/#primaryimage"},"thumbnailUrl":"https:\/\/diariofemenino.com.ar\/df\/wp-content\/uploads\/2020\/05\/violencia-caras-y-caretas-D_NQ_NP_753300-MLA32468957415_102019-F.jpg","datePublished":"2020-05-06T22:10:53+00:00","description":"Violencia. Caras y caretas.An\u00e1lisis bibliogr\u00e1fico de diferentes autores y de aportes personales, todos ellos referidos a las distintas caras de la violencia","breadcrumb":{"@id":"https:\/\/diariofemenino.com.ar\/df\/violencia-caras-y-caretas\/#breadcrumb"},"inLanguage":"es","potentialAction":[{"@type":"ReadAction","target":["https:\/\/diariofemenino.com.ar\/df\/violencia-caras-y-caretas\/"]}]},{"@type":"ImageObject","inLanguage":"es","@id":"https:\/\/diariofemenino.com.ar\/df\/violencia-caras-y-caretas\/#primaryimage","url":"https:\/\/diariofemenino.com.ar\/df\/wp-content\/uploads\/2020\/05\/violencia-caras-y-caretas-D_NQ_NP_753300-MLA32468957415_102019-F.jpg","contentUrl":"https:\/\/diariofemenino.com.ar\/df\/wp-content\/uploads\/2020\/05\/violencia-caras-y-caretas-D_NQ_NP_753300-MLA32468957415_102019-F.jpg","width":779,"height":1200,"caption":"Violencia. Caras y caretas"},{"@type":"BreadcrumbList","@id":"https:\/\/diariofemenino.com.ar\/df\/violencia-caras-y-caretas\/#breadcrumb","itemListElement":[{"@type":"ListItem","position":1,"name":"Portada","item":"https:\/\/diariofemenino.com.ar\/df\/"},{"@type":"ListItem","position":2,"name":"Violencia. Caras y caretas"}]},{"@type":"WebSite","@id":"https:\/\/diariofemenino.com.ar\/df\/#website","url":"https:\/\/diariofemenino.com.ar\/df\/","name":"Diario Digital Femenino","description":"Cuesti\u00f3n de G\u00e9nero","publisher":{"@id":"https:\/\/diariofemenino.com.ar\/df\/#organization"},"potentialAction":[{"@type":"SearchAction","target":{"@type":"EntryPoint","urlTemplate":"https:\/\/diariofemenino.com.ar\/df\/?s={search_term_string}"},"query-input":{"@type":"PropertyValueSpecification","valueRequired":true,"valueName":"search_term_string"}}],"inLanguage":"es"},{"@type":"Organization","@id":"https:\/\/diariofemenino.com.ar\/df\/#organization","name":"Diario Femenino","url":"https:\/\/diariofemenino.com.ar\/df\/","logo":{"@type":"ImageObject","inLanguage":"es","@id":"https:\/\/diariofemenino.com.ar\/df\/#\/schema\/logo\/image\/","url":"https:\/\/diariofemenino.com.ar\/df\/wp-content\/uploads\/2018\/10\/logo.png","contentUrl":"https:\/\/diariofemenino.com.ar\/df\/wp-content\/uploads\/2018\/10\/logo.png","width":500,"height":92,"caption":"Diario Femenino"},"image":{"@id":"https:\/\/diariofemenino.com.ar\/df\/#\/schema\/logo\/image\/"},"sameAs":["https:\/\/www.facebook.com\/DiarioDigitaFemenino\/","https:\/\/x.com\/DiarioFemenino1"]},{"@type":"Person","@id":"https:\/\/diariofemenino.com.ar\/df\/#\/schema\/person\/bf6199e8158c657ea6f789b11ec85509","name":"Admin","image":{"@type":"ImageObject","inLanguage":"es","@id":"https:\/\/diariofemenino.com.ar\/df\/wp-content\/uploads\/2018\/12\/favicon-150x150.jpg","url":"https:\/\/diariofemenino.com.ar\/df\/wp-content\/uploads\/2018\/12\/favicon-150x150.jpg","contentUrl":"https:\/\/diariofemenino.com.ar\/df\/wp-content\/uploads\/2018\/12\/favicon-150x150.jpg","caption":"Admin"},"url":"https:\/\/diariofemenino.com.ar\/df\/author\/lenny\/"}]}},"jetpack_featured_media_url":"https:\/\/diariofemenino.com.ar\/df\/wp-content\/uploads\/2020\/05\/violencia-caras-y-caretas-D_NQ_NP_753300-MLA32468957415_102019-F.jpg","jetpack_sharing_enabled":true,"rttpg_featured_image_url":{"full":["https:\/\/diariofemenino.com.ar\/df\/wp-content\/uploads\/2020\/05\/violencia-caras-y-caretas-D_NQ_NP_753300-MLA32468957415_102019-F.jpg",779,1200,false],"landscape":["https:\/\/diariofemenino.com.ar\/df\/wp-content\/uploads\/2020\/05\/violencia-caras-y-caretas-D_NQ_NP_753300-MLA32468957415_102019-F.jpg",779,1200,false],"portraits":["https:\/\/diariofemenino.com.ar\/df\/wp-content\/uploads\/2020\/05\/violencia-caras-y-caretas-D_NQ_NP_753300-MLA32468957415_102019-F.jpg",779,1200,false],"thumbnail":["https:\/\/diariofemenino.com.ar\/df\/wp-content\/uploads\/2020\/05\/violencia-caras-y-caretas-D_NQ_NP_753300-MLA32468957415_102019-F-150x150.jpg",150,150,true],"medium":["https:\/\/diariofemenino.com.ar\/df\/wp-content\/uploads\/2020\/05\/violencia-caras-y-caretas-D_NQ_NP_753300-MLA32468957415_102019-F-195x300.jpg",195,300,true],"large":["https:\/\/diariofemenino.com.ar\/df\/wp-content\/uploads\/2020\/05\/violencia-caras-y-caretas-D_NQ_NP_753300-MLA32468957415_102019-F-665x1024.jpg",665,1024,true],"1536x1536":["https:\/\/diariofemenino.com.ar\/df\/wp-content\/uploads\/2020\/05\/violencia-caras-y-caretas-D_NQ_NP_753300-MLA32468957415_102019-F.jpg",779,1200,false],"2048x2048":["https:\/\/diariofemenino.com.ar\/df\/wp-content\/uploads\/2020\/05\/violencia-caras-y-caretas-D_NQ_NP_753300-MLA32468957415_102019-F.jpg",779,1200,false]},"rttpg_author":{"display_name":"Admin","author_link":"https:\/\/diariofemenino.com.ar\/df\/author\/lenny\/"},"rttpg_comment":0,"rttpg_category":"<a href=\"https:\/\/diariofemenino.com.ar\/df\/category\/biblioteca\/\" rel=\"category tag\">Biblioteca Virtual<\/a> <a href=\"https:\/\/diariofemenino.com.ar\/df\/category\/medios\/\" rel=\"category tag\">Medios<\/a> <a href=\"https:\/\/diariofemenino.com.ar\/df\/category\/violencias\/\" rel=\"category tag\">Violencias<\/a>","rttpg_excerpt":"\u00cdNDICE CAP\u00cdTULO I. El hombre como actor libre frente a la violencia CAP\u00cdTULO II. Violencia y Posmodernidad CAP\u00cdTULO III. Los medios \u00bfespejos o detonadores de la violencia social? CAP\u00cdTULO IV. La autoafirmaci\u00f3n juvenil a trav\u00e9s de la violencia CAP\u00cdTULO V. La violencia desdibuja la escuela CAP\u00cdTULO VI. La escuela como espacio de convivencia \u00bfun hecho&hellip;","_links":{"self":[{"href":"https:\/\/diariofemenino.com.ar\/df\/wp-json\/wp\/v2\/posts\/48504","targetHints":{"allow":["GET"]}}],"collection":[{"href":"https:\/\/diariofemenino.com.ar\/df\/wp-json\/wp\/v2\/posts"}],"about":[{"href":"https:\/\/diariofemenino.com.ar\/df\/wp-json\/wp\/v2\/types\/post"}],"author":[{"embeddable":true,"href":"https:\/\/diariofemenino.com.ar\/df\/wp-json\/wp\/v2\/users\/4"}],"replies":[{"embeddable":true,"href":"https:\/\/diariofemenino.com.ar\/df\/wp-json\/wp\/v2\/comments?post=48504"}],"version-history":[{"count":0,"href":"https:\/\/diariofemenino.com.ar\/df\/wp-json\/wp\/v2\/posts\/48504\/revisions"}],"wp:featuredmedia":[{"embeddable":true,"href":"https:\/\/diariofemenino.com.ar\/df\/wp-json\/wp\/v2\/media\/48507"}],"wp:attachment":[{"href":"https:\/\/diariofemenino.com.ar\/df\/wp-json\/wp\/v2\/media?parent=48504"}],"wp:term":[{"taxonomy":"category","embeddable":true,"href":"https:\/\/diariofemenino.com.ar\/df\/wp-json\/wp\/v2\/categories?post=48504"},{"taxonomy":"post_tag","embeddable":true,"href":"https:\/\/diariofemenino.com.ar\/df\/wp-json\/wp\/v2\/tags?post=48504"}],"curies":[{"name":"wp","href":"https:\/\/api.w.org\/{rel}","templated":true}]}}