{"id":4850,"date":"2012-11-16T16:51:33","date_gmt":"2012-11-16T19:51:33","guid":{"rendered":"http:\/\/www.diariofemenino.com.ar\/?p=4850"},"modified":"2012-11-16T16:51:33","modified_gmt":"2012-11-16T19:51:33","slug":"actuacion-policial-en-violencia-de-genero","status":"publish","type":"post","link":"https:\/\/diariofemenino.com.ar\/df\/actuacion-policial-en-violencia-de-genero\/","title":{"rendered":"Actuaci\u00f3n Policial en Violencia de G\u00e9nero"},"content":{"rendered":"<p>&nbsp;<br \/>\n&nbsp;<br \/>\n&nbsp;<br \/>\n&nbsp;<br \/>\n&nbsp;<br \/>\n<em>A ra\u00edz de las inquietudes que surgen en torno a la imposibilidad de arribar a actuaciones que realmente mitiguen o terminen con la escalada de violencia hacia las mujeres, entendiendo que las recientes campa\u00f1as impulsan a denunciar y de hecho las denuncias se realizan, creemos que hace falta algo m\u00e1s\u2026 \u00bfQu\u00e9 es? \u00a0<\/em><br \/>\n<em>\u00a0En este aspecto no nos referimos a casos puntuales o de p\u00fablico conocimiento donde las actuaciones judiciales, al menos en La Pampa, han contribuido a terminar con la vida de estas mujeres, sino al d\u00eda a d\u00eda y la cantidad de ayuda que solicitan al respecto.<\/em><br \/>\n<em>\u00a0En dialogo con la titular de la Unidad Funcional de G\u00e9nero, Ni\u00f1ez y Adolescencia (com\u00fanmente denominada Comisar\u00eda de la Mujer) de la Polic\u00eda de La Pampa, comisaria inspectora, Sonia Mart\u00edn, confirmamos que no solo se realizan las denuncias sino que en algunos casos se repiten en cuatro o m\u00e1s de una misma persona.<\/em><br \/>\n<em>\u00a0Con el fin de responder a estas y otras inquietudes la Unidad Funcional elabor\u00f3 un informe sobre la actuaci\u00f3n, desde su puesta en funciones a la fecha, donde encontramos las dificultades que se presentan a la hora de actuar en casos de Violencia.<\/em><br \/>\n&nbsp;<br \/>\n<strong>Actuaci\u00f3n Policial en Violencia de G\u00e9nero<\/strong><br \/>\n<strong>\u00a0<\/strong>Como todos saben,la Unidad Funcionalde G\u00e9nero, Ni\u00f1ez y Adolescencia, situada en la calle Chile 592 de esta ciudad capital, comenz\u00f3 a funcionar en el mes de Diciembre del a\u00f1o 2010.<br \/>\nDesde aquel momento, el Gobierno dela ProvinciadeLa Pampa, a trav\u00e9s dela\u00a0 Jefaturadela Polic\u00eda, puso a disposici\u00f3n de la poblaci\u00f3n un servicio m\u00e1s, \u00a0no s\u00f3lo para dar una respuesta a los conflictos donde se encuentran involucrados ni\u00f1os\/as \u00a0y adolescentes, \u00a0sino tambi\u00e9n a todas las mujeres que sufren el flagelo de la Violencia.<br \/>\nA partir de all\u00ed, \u00a0distintas situaciones se han venido abordando con la intervenci\u00f3n del personal policial que conforma el \u00c1rea dela Mujer.<br \/>\nCon la toma de las denuncias, con el abordaje social y psicol\u00f3gico y con la intervenci\u00f3n del equipo m\u00e9dico del Servicio de Sanidad Policial, se le da respuesta a la mujer que es maltratada f\u00edsica y psicol\u00f3gicamente, entre otras.<br \/>\nTodo ello con la debida intervenci\u00f3n de los Organismos Judiciales competentes como son las Fiscal\u00edas y las Defensor\u00edas Civiles.<br \/>\nCada mujer que se \u201canima\u201d a denunciar la violencia que ejerce su pareja hacia ella, \u00a0\u00a0acarrea una historia de vida que se observa con mayor amplitud cuando los profesionales realizan la entrevista.<br \/>\nDesde este Organismo, \u00a0se la orienta a resolver su problem\u00e1tica.<br \/>\nConcientes de la situaci\u00f3n por la que atraviesa cada una de ellas,\u00a0 cuando acuden \u00a0en b\u00fasqueda de respuesta a su problem\u00e1tica, observamos que muchas se encuentran \u201cdesorientadas\u201d en cuanto a lo legal.<br \/>\nPor lo tanto, a trav\u00e9s de los mismos profesionales que conforman el Equipo de Trabajo (oficiales, trabajadoras sociales, psic\u00f3logos, abogada) las asesoramos en situaciones que tienen que ver tambi\u00e9n con lo que est\u00e1n atravesando.<br \/>\nEn consecuencia, se mantienen contactos semanales con los distintos Organismos Judiciales para interiorizarnos de la situaci\u00f3n en la que se intervino.<br \/>\nRealizamos un seguimiento de aquellos casos en particular que consideramos merecen ser tenidos en cuenta por las caracter\u00edsticas del mismo, por ejemplo: si luego de haberse retirado de esta Dependencia, la mujer comenz\u00f3 a gestionar la cuota alimentaria para sus hijos y el r\u00e9gimen de visitas, pues estas dos situaciones son las que, muchas veces, lleven a que su ex &#8211; pareja la agreda y por ende, se ponga en marcha el proceso penal.<br \/>\nSi realizamos un an\u00e1lisis de las situaciones en las que hemos intervenido,\u00a0 tomando el segundo bimestre del a\u00f1o pr\u00f3ximo pasado compar\u00e1ndolo con el primer bimestre del a\u00f1o en curso, podemos decir que, se realizaron 798 intervenciones en el primer nombrado y 867 en el restante.<br \/>\nSe derivaron 240 casos en el transcurso del per\u00edodo anterior y 275 en este a\u00f1o.<br \/>\nDe esos 240, treinta (30) mujeres iniciaron el tr\u00e1mite sugerido antela Defensor\u00eda.<br \/>\nEn tanto de los 275 casos atendidos en este a\u00f1o 2012, fueron 44 femeninas las que iniciaron las actuaciones legales en aqu\u00e9l Organismo.<br \/>\nSe puede observar que no ha existido diferencia significativa. No obstante, estamos en condiciones de asegurar que en cuanto a las derivaciones realizadas, tenemos un 3% m\u00e1s \u00a0con respecto al semestre anterior.<br \/>\nEs importante destacar que ese alto porcentaje de mujeres v\u00edctimas que no concurre ala Defensor\u00edaCivila peticionar por su situaci\u00f3n particular,\u00a0 reincide en su presentaci\u00f3n en esta Unidad, donde plasman nuevamente lo denunciado oportunamente y, en muchos casos,\u00a0 con agravamiento de lo inicial.<br \/>\n&nbsp;<br \/>\n<strong>SEGUNDO SEMESTRE A\u00d1O 2011<\/strong><strong>.-<\/strong><br \/>\n&#8211;\u00a0SE INICIARON 798 TR\u00c1MITES EN ESTA UNIDAD<br \/>\n-SE DERIVARON A DEFENSORIA 240 SITUACIONES<br \/>\n-INICIARON TR\u00c1MITES EN DEFENSORIA 30 SITUACIONES<br \/>\n<a href=\"http:\/\/www.diariofemenino.com.ar\/wp-content\/uploads\/1P.jpg\"><img loading=\"lazy\" decoding=\"async\" class=\"alignnone size-full wp-image-4851\" title=\"1P\" src=\"http:\/\/www.diariofemenino.com.ar\/wp-content\/uploads\/1P.jpg\" alt=\"\" width=\"493\" height=\"356\" \/><\/a><br \/>\n<a href=\"http:\/\/www.diariofemenino.com.ar\/wp-content\/uploads\/2p.jpg\"><img loading=\"lazy\" decoding=\"async\" class=\"alignnone size-full wp-image-4852\" title=\"2p\" src=\"http:\/\/www.diariofemenino.com.ar\/wp-content\/uploads\/2p.jpg\" alt=\"\" width=\"561\" height=\"378\" \/><\/a><br \/>\n<strong><\/strong><br \/>\n<strong>PRIMER SEMESTRE A\u00d1O 2012<\/strong><strong>.-<\/strong><br \/>\n-SE INICIARON 867 TR\u00c1MITES EN ESTA UNIDAD<br \/>\n-SE DERIVARON A DEFENSORIA 275 SITUACIONES<br \/>\n-INICIARON TR\u00c1MITES EN DEFENSORIA 44 SITUACIONES<br \/>\n<a href=\"http:\/\/www.diariofemenino.com.ar\/wp-content\/uploads\/3P.jpg\"><img loading=\"lazy\" decoding=\"async\" class=\"alignnone size-full wp-image-4853\" title=\"3P\" src=\"http:\/\/www.diariofemenino.com.ar\/wp-content\/uploads\/3P.jpg\" alt=\"\" width=\"525\" height=\"380\" \/><\/a><br \/>\n<a href=\"http:\/\/www.diariofemenino.com.ar\/wp-content\/uploads\/P4.jpg\"><img loading=\"lazy\" decoding=\"async\" class=\"alignnone size-full wp-image-4857\" title=\"P4\" src=\"http:\/\/www.diariofemenino.com.ar\/wp-content\/uploads\/P4.jpg\" alt=\"\" width=\"490\" height=\"437\" \/><\/a><br \/>\n&nbsp;<br \/>\n&nbsp;<br \/>\n&nbsp;<br \/>\n&nbsp;<br \/>\n&nbsp;<br \/>\n&nbsp;<br \/>\n&nbsp;<\/p>\n","protected":false},"excerpt":{"rendered":"<p>&nbsp; &nbsp; &nbsp; &nbsp; &nbsp; A ra\u00edz de las inquietudes que surgen en torno a la imposibilidad de arribar a actuaciones que realmente mitiguen o terminen con la escalada de violencia hacia las mujeres, entendiendo que las recientes campa\u00f1as impulsan a denunciar y de hecho las denuncias se realizan, creemos que hace falta algo m\u00e1s\u2026 [&hellip;]<\/p>\n","protected":false},"author":1,"featured_media":0,"comment_status":"open","ping_status":"open","sticky":false,"template":"","format":"standard","meta":{"iawp_total_views":2,"footnotes":""},"categories":[4,6,13],"tags":[],"class_list":["post-4850","post","type-post","status-publish","format-standard","hentry","category-medios","category-articulos","category-mujeres-sindicalistas"],"nelio_content":{"autoShareEndMode":"never","automationSources":{"useCustomSentences":false,"customSentences":[]},"efiAlt":"","efiUrl":"","followers":[],"highlights":[],"isAutoShareEnabled":true,"networkImageIds":[],"permalinkQueryArgs":[],"series":[],"suggestedReferences":[]},"yoast_head":"<!-- This site is optimized with the Yoast SEO plugin v27.4 - https:\/\/yoast.com\/product\/yoast-seo-wordpress\/ -->\n<title>Actuaci\u00f3n Policial en Violencia de G\u00e9nero - Diario Digital Femenino<\/title>\n<meta name=\"robots\" content=\"index, follow, max-snippet:-1, max-image-preview:large, max-video-preview:-1\" \/>\n<link rel=\"canonical\" href=\"https:\/\/diariofemenino.com.ar\/df\/actuacion-policial-en-violencia-de-genero\/\" \/>\n<meta property=\"og:locale\" content=\"es_ES\" \/>\n<meta property=\"og:type\" content=\"article\" \/>\n<meta property=\"og:title\" content=\"Actuaci\u00f3n Policial en Violencia de G\u00e9nero - Diario Digital Femenino\" \/>\n<meta property=\"og:description\" content=\"&nbsp; &nbsp; &nbsp; &nbsp; &nbsp; A ra\u00edz de las inquietudes que surgen en torno a la imposibilidad de arribar a actuaciones que realmente mitiguen o terminen con la escalada de violencia hacia las mujeres, entendiendo que las recientes campa\u00f1as impulsan a denunciar y de hecho las denuncias se realizan, creemos que hace falta algo m\u00e1s\u2026 [&hellip;]\" \/>\n<meta property=\"og:url\" content=\"https:\/\/diariofemenino.com.ar\/df\/actuacion-policial-en-violencia-de-genero\/\" \/>\n<meta property=\"og:site_name\" content=\"Diario Digital Femenino\" \/>\n<meta property=\"article:publisher\" content=\"https:\/\/www.facebook.com\/DiarioDigitaFemenino\/\" \/>\n<meta property=\"article:published_time\" content=\"2012-11-16T19:51:33+00:00\" \/>\n<meta property=\"og:image\" content=\"http:\/\/www.diariofemenino.com.ar\/wp-content\/uploads\/1P.jpg\" \/>\n<meta name=\"author\" content=\"Admin\" \/>\n<meta name=\"twitter:card\" content=\"summary_large_image\" \/>\n<meta name=\"twitter:creator\" content=\"@DiarioFemenino1\" \/>\n<meta name=\"twitter:site\" content=\"@DiarioFemenino1\" \/>\n<meta name=\"twitter:label1\" content=\"Escrito por\" \/>\n\t<meta name=\"twitter:data1\" content=\"Admin\" \/>\n\t<meta name=\"twitter:label2\" content=\"Tiempo de lectura\" \/>\n\t<meta name=\"twitter:data2\" content=\"4 minutos\" \/>\n<script type=\"application\/ld+json\" class=\"yoast-schema-graph\">{\"@context\":\"https:\\\/\\\/schema.org\",\"@graph\":[{\"@type\":\"Article\",\"@id\":\"https:\\\/\\\/diariofemenino.com.ar\\\/df\\\/actuacion-policial-en-violencia-de-genero\\\/#article\",\"isPartOf\":{\"@id\":\"https:\\\/\\\/diariofemenino.com.ar\\\/df\\\/actuacion-policial-en-violencia-de-genero\\\/\"},\"author\":{\"name\":\"Admin\",\"@id\":\"https:\\\/\\\/diariofemenino.com.ar\\\/df\\\/#\\\/schema\\\/person\\\/38f54b3bfd13f561de2460ba95c169c6\"},\"headline\":\"Actuaci\u00f3n Policial en Violencia de G\u00e9nero\",\"datePublished\":\"2012-11-16T19:51:33+00:00\",\"mainEntityOfPage\":{\"@id\":\"https:\\\/\\\/diariofemenino.com.ar\\\/df\\\/actuacion-policial-en-violencia-de-genero\\\/\"},\"wordCount\":855,\"commentCount\":0,\"publisher\":{\"@id\":\"https:\\\/\\\/diariofemenino.com.ar\\\/df\\\/#organization\"},\"image\":{\"@id\":\"https:\\\/\\\/diariofemenino.com.ar\\\/df\\\/actuacion-policial-en-violencia-de-genero\\\/#primaryimage\"},\"thumbnailUrl\":\"http:\\\/\\\/www.diariofemenino.com.ar\\\/wp-content\\\/uploads\\\/1P.jpg\",\"articleSection\":[\"Medios\",\"Mujeres en Palabras\",\"Mujeres Sindicalistas\"],\"inLanguage\":\"es\",\"potentialAction\":[{\"@type\":\"CommentAction\",\"name\":\"Comment\",\"target\":[\"https:\\\/\\\/diariofemenino.com.ar\\\/df\\\/actuacion-policial-en-violencia-de-genero\\\/#respond\"]}]},{\"@type\":\"WebPage\",\"@id\":\"https:\\\/\\\/diariofemenino.com.ar\\\/df\\\/actuacion-policial-en-violencia-de-genero\\\/\",\"url\":\"https:\\\/\\\/diariofemenino.com.ar\\\/df\\\/actuacion-policial-en-violencia-de-genero\\\/\",\"name\":\"Actuaci\u00f3n Policial en Violencia de G\u00e9nero - Diario Digital Femenino\",\"isPartOf\":{\"@id\":\"https:\\\/\\\/diariofemenino.com.ar\\\/df\\\/#website\"},\"primaryImageOfPage\":{\"@id\":\"https:\\\/\\\/diariofemenino.com.ar\\\/df\\\/actuacion-policial-en-violencia-de-genero\\\/#primaryimage\"},\"image\":{\"@id\":\"https:\\\/\\\/diariofemenino.com.ar\\\/df\\\/actuacion-policial-en-violencia-de-genero\\\/#primaryimage\"},\"thumbnailUrl\":\"http:\\\/\\\/www.diariofemenino.com.ar\\\/wp-content\\\/uploads\\\/1P.jpg\",\"datePublished\":\"2012-11-16T19:51:33+00:00\",\"breadcrumb\":{\"@id\":\"https:\\\/\\\/diariofemenino.com.ar\\\/df\\\/actuacion-policial-en-violencia-de-genero\\\/#breadcrumb\"},\"inLanguage\":\"es\",\"potentialAction\":[{\"@type\":\"ReadAction\",\"target\":[\"https:\\\/\\\/diariofemenino.com.ar\\\/df\\\/actuacion-policial-en-violencia-de-genero\\\/\"]}]},{\"@type\":\"ImageObject\",\"inLanguage\":\"es\",\"@id\":\"https:\\\/\\\/diariofemenino.com.ar\\\/df\\\/actuacion-policial-en-violencia-de-genero\\\/#primaryimage\",\"url\":\"http:\\\/\\\/www.diariofemenino.com.ar\\\/wp-content\\\/uploads\\\/1P.jpg\",\"contentUrl\":\"http:\\\/\\\/www.diariofemenino.com.ar\\\/wp-content\\\/uploads\\\/1P.jpg\"},{\"@type\":\"BreadcrumbList\",\"@id\":\"https:\\\/\\\/diariofemenino.com.ar\\\/df\\\/actuacion-policial-en-violencia-de-genero\\\/#breadcrumb\",\"itemListElement\":[{\"@type\":\"ListItem\",\"position\":1,\"name\":\"Portada\",\"item\":\"https:\\\/\\\/diariofemenino.com.ar\\\/df\\\/\"},{\"@type\":\"ListItem\",\"position\":2,\"name\":\"Actuaci\u00f3n Policial en Violencia de G\u00e9nero\"}]},{\"@type\":\"WebSite\",\"@id\":\"https:\\\/\\\/diariofemenino.com.ar\\\/df\\\/#website\",\"url\":\"https:\\\/\\\/diariofemenino.com.ar\\\/df\\\/\",\"name\":\"Diario Digital Femenino\",\"description\":\"Cuesti\u00f3n de G\u00e9nero\",\"publisher\":{\"@id\":\"https:\\\/\\\/diariofemenino.com.ar\\\/df\\\/#organization\"},\"potentialAction\":[{\"@type\":\"SearchAction\",\"target\":{\"@type\":\"EntryPoint\",\"urlTemplate\":\"https:\\\/\\\/diariofemenino.com.ar\\\/df\\\/?s={search_term_string}\"},\"query-input\":{\"@type\":\"PropertyValueSpecification\",\"valueRequired\":true,\"valueName\":\"search_term_string\"}}],\"inLanguage\":\"es\"},{\"@type\":\"Organization\",\"@id\":\"https:\\\/\\\/diariofemenino.com.ar\\\/df\\\/#organization\",\"name\":\"Diario Femenino\",\"url\":\"https:\\\/\\\/diariofemenino.com.ar\\\/df\\\/\",\"logo\":{\"@type\":\"ImageObject\",\"inLanguage\":\"es\",\"@id\":\"https:\\\/\\\/diariofemenino.com.ar\\\/df\\\/#\\\/schema\\\/logo\\\/image\\\/\",\"url\":\"https:\\\/\\\/diariofemenino.com.ar\\\/df\\\/wp-content\\\/uploads\\\/2018\\\/10\\\/logo.png\",\"contentUrl\":\"https:\\\/\\\/diariofemenino.com.ar\\\/df\\\/wp-content\\\/uploads\\\/2018\\\/10\\\/logo.png\",\"width\":500,\"height\":92,\"caption\":\"Diario Femenino\"},\"image\":{\"@id\":\"https:\\\/\\\/diariofemenino.com.ar\\\/df\\\/#\\\/schema\\\/logo\\\/image\\\/\"},\"sameAs\":[\"https:\\\/\\\/www.facebook.com\\\/DiarioDigitaFemenino\\\/\",\"https:\\\/\\\/x.com\\\/DiarioFemenino1\"]},{\"@type\":\"Person\",\"@id\":\"https:\\\/\\\/diariofemenino.com.ar\\\/df\\\/#\\\/schema\\\/person\\\/38f54b3bfd13f561de2460ba95c169c6\",\"name\":\"Admin\",\"image\":{\"@type\":\"ImageObject\",\"inLanguage\":\"es\",\"@id\":\"https:\\\/\\\/diariofemenino.com.ar\\\/df\\\/wp-content\\\/uploads\\\/2018\\\/12\\\/favicon-150x150.jpg\",\"url\":\"https:\\\/\\\/diariofemenino.com.ar\\\/df\\\/wp-content\\\/uploads\\\/2018\\\/12\\\/favicon-150x150.jpg\",\"contentUrl\":\"https:\\\/\\\/diariofemenino.com.ar\\\/df\\\/wp-content\\\/uploads\\\/2018\\\/12\\\/favicon-150x150.jpg\",\"caption\":\"Admin\"},\"url\":\"https:\\\/\\\/diariofemenino.com.ar\\\/df\\\/author\\\/adm18df\\\/\"}]}<\/script>\n<!-- \/ Yoast SEO plugin. -->","yoast_head_json":{"title":"Actuaci\u00f3n Policial en Violencia de G\u00e9nero - Diario Digital Femenino","robots":{"index":"index","follow":"follow","max-snippet":"max-snippet:-1","max-image-preview":"max-image-preview:large","max-video-preview":"max-video-preview:-1"},"canonical":"https:\/\/diariofemenino.com.ar\/df\/actuacion-policial-en-violencia-de-genero\/","og_locale":"es_ES","og_type":"article","og_title":"Actuaci\u00f3n Policial en Violencia de G\u00e9nero - Diario Digital Femenino","og_description":"&nbsp; &nbsp; &nbsp; &nbsp; &nbsp; A ra\u00edz de las inquietudes que surgen en torno a la imposibilidad de arribar a actuaciones que realmente mitiguen o terminen con la escalada de violencia hacia las mujeres, entendiendo que las recientes campa\u00f1as impulsan a denunciar y de hecho las denuncias se realizan, creemos que hace falta algo m\u00e1s\u2026 [&hellip;]","og_url":"https:\/\/diariofemenino.com.ar\/df\/actuacion-policial-en-violencia-de-genero\/","og_site_name":"Diario Digital Femenino","article_publisher":"https:\/\/www.facebook.com\/DiarioDigitaFemenino\/","article_published_time":"2012-11-16T19:51:33+00:00","og_image":[{"url":"http:\/\/www.diariofemenino.com.ar\/wp-content\/uploads\/1P.jpg","type":"","width":"","height":""}],"author":"Admin","twitter_card":"summary_large_image","twitter_creator":"@DiarioFemenino1","twitter_site":"@DiarioFemenino1","twitter_misc":{"Escrito por":"Admin","Tiempo de lectura":"4 minutos"},"schema":{"@context":"https:\/\/schema.org","@graph":[{"@type":"Article","@id":"https:\/\/diariofemenino.com.ar\/df\/actuacion-policial-en-violencia-de-genero\/#article","isPartOf":{"@id":"https:\/\/diariofemenino.com.ar\/df\/actuacion-policial-en-violencia-de-genero\/"},"author":{"name":"Admin","@id":"https:\/\/diariofemenino.com.ar\/df\/#\/schema\/person\/38f54b3bfd13f561de2460ba95c169c6"},"headline":"Actuaci\u00f3n Policial en Violencia de G\u00e9nero","datePublished":"2012-11-16T19:51:33+00:00","mainEntityOfPage":{"@id":"https:\/\/diariofemenino.com.ar\/df\/actuacion-policial-en-violencia-de-genero\/"},"wordCount":855,"commentCount":0,"publisher":{"@id":"https:\/\/diariofemenino.com.ar\/df\/#organization"},"image":{"@id":"https:\/\/diariofemenino.com.ar\/df\/actuacion-policial-en-violencia-de-genero\/#primaryimage"},"thumbnailUrl":"http:\/\/www.diariofemenino.com.ar\/wp-content\/uploads\/1P.jpg","articleSection":["Medios","Mujeres en Palabras","Mujeres Sindicalistas"],"inLanguage":"es","potentialAction":[{"@type":"CommentAction","name":"Comment","target":["https:\/\/diariofemenino.com.ar\/df\/actuacion-policial-en-violencia-de-genero\/#respond"]}]},{"@type":"WebPage","@id":"https:\/\/diariofemenino.com.ar\/df\/actuacion-policial-en-violencia-de-genero\/","url":"https:\/\/diariofemenino.com.ar\/df\/actuacion-policial-en-violencia-de-genero\/","name":"Actuaci\u00f3n Policial en Violencia de G\u00e9nero - Diario Digital Femenino","isPartOf":{"@id":"https:\/\/diariofemenino.com.ar\/df\/#website"},"primaryImageOfPage":{"@id":"https:\/\/diariofemenino.com.ar\/df\/actuacion-policial-en-violencia-de-genero\/#primaryimage"},"image":{"@id":"https:\/\/diariofemenino.com.ar\/df\/actuacion-policial-en-violencia-de-genero\/#primaryimage"},"thumbnailUrl":"http:\/\/www.diariofemenino.com.ar\/wp-content\/uploads\/1P.jpg","datePublished":"2012-11-16T19:51:33+00:00","breadcrumb":{"@id":"https:\/\/diariofemenino.com.ar\/df\/actuacion-policial-en-violencia-de-genero\/#breadcrumb"},"inLanguage":"es","potentialAction":[{"@type":"ReadAction","target":["https:\/\/diariofemenino.com.ar\/df\/actuacion-policial-en-violencia-de-genero\/"]}]},{"@type":"ImageObject","inLanguage":"es","@id":"https:\/\/diariofemenino.com.ar\/df\/actuacion-policial-en-violencia-de-genero\/#primaryimage","url":"http:\/\/www.diariofemenino.com.ar\/wp-content\/uploads\/1P.jpg","contentUrl":"http:\/\/www.diariofemenino.com.ar\/wp-content\/uploads\/1P.jpg"},{"@type":"BreadcrumbList","@id":"https:\/\/diariofemenino.com.ar\/df\/actuacion-policial-en-violencia-de-genero\/#breadcrumb","itemListElement":[{"@type":"ListItem","position":1,"name":"Portada","item":"https:\/\/diariofemenino.com.ar\/df\/"},{"@type":"ListItem","position":2,"name":"Actuaci\u00f3n Policial en Violencia de G\u00e9nero"}]},{"@type":"WebSite","@id":"https:\/\/diariofemenino.com.ar\/df\/#website","url":"https:\/\/diariofemenino.com.ar\/df\/","name":"Diario Digital Femenino","description":"Cuesti\u00f3n de G\u00e9nero","publisher":{"@id":"https:\/\/diariofemenino.com.ar\/df\/#organization"},"potentialAction":[{"@type":"SearchAction","target":{"@type":"EntryPoint","urlTemplate":"https:\/\/diariofemenino.com.ar\/df\/?s={search_term_string}"},"query-input":{"@type":"PropertyValueSpecification","valueRequired":true,"valueName":"search_term_string"}}],"inLanguage":"es"},{"@type":"Organization","@id":"https:\/\/diariofemenino.com.ar\/df\/#organization","name":"Diario Femenino","url":"https:\/\/diariofemenino.com.ar\/df\/","logo":{"@type":"ImageObject","inLanguage":"es","@id":"https:\/\/diariofemenino.com.ar\/df\/#\/schema\/logo\/image\/","url":"https:\/\/diariofemenino.com.ar\/df\/wp-content\/uploads\/2018\/10\/logo.png","contentUrl":"https:\/\/diariofemenino.com.ar\/df\/wp-content\/uploads\/2018\/10\/logo.png","width":500,"height":92,"caption":"Diario Femenino"},"image":{"@id":"https:\/\/diariofemenino.com.ar\/df\/#\/schema\/logo\/image\/"},"sameAs":["https:\/\/www.facebook.com\/DiarioDigitaFemenino\/","https:\/\/x.com\/DiarioFemenino1"]},{"@type":"Person","@id":"https:\/\/diariofemenino.com.ar\/df\/#\/schema\/person\/38f54b3bfd13f561de2460ba95c169c6","name":"Admin","image":{"@type":"ImageObject","inLanguage":"es","@id":"https:\/\/diariofemenino.com.ar\/df\/wp-content\/uploads\/2018\/12\/favicon-150x150.jpg","url":"https:\/\/diariofemenino.com.ar\/df\/wp-content\/uploads\/2018\/12\/favicon-150x150.jpg","contentUrl":"https:\/\/diariofemenino.com.ar\/df\/wp-content\/uploads\/2018\/12\/favicon-150x150.jpg","caption":"Admin"},"url":"https:\/\/diariofemenino.com.ar\/df\/author\/adm18df\/"}]}},"jetpack_featured_media_url":"","jetpack_sharing_enabled":true,"rttpg_featured_image_url":null,"rttpg_author":{"display_name":"Admin","author_link":"https:\/\/diariofemenino.com.ar\/df\/author\/adm18df\/"},"rttpg_comment":0,"rttpg_category":"<a href=\"https:\/\/diariofemenino.com.ar\/df\/category\/medios\/\" rel=\"category tag\">Medios<\/a> <a href=\"https:\/\/diariofemenino.com.ar\/df\/category\/articulos\/\" rel=\"category tag\">Mujeres en Palabras<\/a> <a href=\"https:\/\/diariofemenino.com.ar\/df\/category\/mujeres-sindicalistas\/\" rel=\"category tag\">Mujeres Sindicalistas<\/a>","rttpg_excerpt":"&nbsp; &nbsp; &nbsp; &nbsp; &nbsp; A ra\u00edz de las inquietudes que surgen en torno a la imposibilidad de arribar a actuaciones que realmente mitiguen o terminen con la escalada de violencia hacia las mujeres, entendiendo que las recientes campa\u00f1as impulsan a denunciar y de hecho las denuncias se realizan, creemos que hace falta algo m\u00e1s\u2026&hellip;","_links":{"self":[{"href":"https:\/\/diariofemenino.com.ar\/df\/wp-json\/wp\/v2\/posts\/4850","targetHints":{"allow":["GET"]}}],"collection":[{"href":"https:\/\/diariofemenino.com.ar\/df\/wp-json\/wp\/v2\/posts"}],"about":[{"href":"https:\/\/diariofemenino.com.ar\/df\/wp-json\/wp\/v2\/types\/post"}],"author":[{"embeddable":true,"href":"https:\/\/diariofemenino.com.ar\/df\/wp-json\/wp\/v2\/users\/1"}],"replies":[{"embeddable":true,"href":"https:\/\/diariofemenino.com.ar\/df\/wp-json\/wp\/v2\/comments?post=4850"}],"version-history":[{"count":0,"href":"https:\/\/diariofemenino.com.ar\/df\/wp-json\/wp\/v2\/posts\/4850\/revisions"}],"wp:attachment":[{"href":"https:\/\/diariofemenino.com.ar\/df\/wp-json\/wp\/v2\/media?parent=4850"}],"wp:term":[{"taxonomy":"category","embeddable":true,"href":"https:\/\/diariofemenino.com.ar\/df\/wp-json\/wp\/v2\/categories?post=4850"},{"taxonomy":"post_tag","embeddable":true,"href":"https:\/\/diariofemenino.com.ar\/df\/wp-json\/wp\/v2\/tags?post=4850"}],"curies":[{"name":"wp","href":"https:\/\/api.w.org\/{rel}","templated":true}]}}