{"id":48491,"date":"2020-05-06T12:10:53","date_gmt":"2020-05-06T15:10:53","guid":{"rendered":"https:\/\/diariofemenino.com.ar\/?p=48491"},"modified":"2020-05-06T13:13:30","modified_gmt":"2020-05-06T16:13:30","slug":"somos-responsables-al-interpretar-y-decidir-que-informar","status":"publish","type":"post","link":"https:\/\/diariofemenino.com.ar\/df\/somos-responsables-al-interpretar-y-decidir-que-informar\/","title":{"rendered":"Somos responsables al interpretar y decidir qu\u00e9 informar"},"content":{"rendered":"<p>Somos responsables al interpretar y decidir qu\u00e9 informar<\/p>\n<p><b>La Red de Comunicadoras de Bah\u00eda Blanca enciende un alerta dado el retroceso en materia de las formas de informar sobre las violencias, en los \u00faltimos d\u00edas hemos visto innumerables comunicaciones con exceso de detalles e im\u00e1genes\u00a0de las personas en situaci\u00f3n de violencia,\u00a0 \u00abnos cuestionamos y repensamos la tarea de comunicar. Hacer del sensacionalismo y la exposici\u00f3n truculenta de hechos violentos y personas violentadas, la l\u00ednea editorial de un medio o de un relato, es una elecci\u00f3n. No es la nuestra\u00bb.\u00a0 Al respecto emitieron un comunicado donde expresan:<\/b><\/p>\n<p>\u00abEn un contexto de aislamiento a ra\u00edz del COVID-19, en el que el ministerio de Mujeres, G\u00e9neros y Diversidad anunci\u00f3 que aumentaron m\u00e1s de un 30 % los llamados a la l\u00ednea 144 producto de mujeres que conviven con sus agresores, en Bah\u00eda Blanca hubo un femicidio y un intento de femicidio durante la cuarentena.<\/p>\n<p>Susana Melo fue asesinada por su pareja Gregorio Ra\u00fal Costa, denunciado por la familia de la v\u00edctima en varias oportunidades. D\u00edas atr\u00e1s, Maximiliano Cayu\u00f1ir prendi\u00f3 fuego a su novia, qui\u00e9n se encuentra gravemente herida.<\/p>\n<p>En momentos donde los medios de comunicaci\u00f3n son una actividad esencial, se vuelve fundamental <a href=\"https:\/\/diariofemenino.com.ar\/guia-para-el-tratamiento-mediatico-responsable-de-casos-de-violencia-contra-las-mujeres-2\/\">contar las violencias<\/a> a las que nos vemos sometidas y que recrudecen ante el aislamiento. Sin embargo, no podemos ni debemos reproducir informaci\u00f3n de cualquier manera.<\/p>\n<p>Somos muchas\/os colegas que en esta ciudad nos cuestionamos y repensamos la tarea de comunicar. Hacer del sensacionalismo y la exposici\u00f3n truculenta de hechos violentos y personas violentadas, la l\u00ednea editorial de un medio o de un relato, es una elecci\u00f3n. No es la nuestra.<\/p>\n<figure id=\"attachment_48493\" aria-describedby=\"caption-attachment-48493\" style=\"width: 230px\" class=\"wp-caption alignleft\"><img loading=\"lazy\" decoding=\"async\" class=\" wp-image-48493\" src=\"https:\/\/diariofemenino.com.ar\/df\/wp-content\/uploads\/2020\/05\/WhatsApp-Image-2020-05-06-at-11.47.11-1024x976.jpeg\" alt=\"Somos responsables al interpretar y decidir qu\u00e9 informar\" width=\"230\" height=\"219\" srcset=\"https:\/\/diariofemenino.com.ar\/df\/wp-content\/uploads\/2020\/05\/WhatsApp-Image-2020-05-06-at-11.47.11-1024x976.jpeg 1024w, https:\/\/diariofemenino.com.ar\/df\/wp-content\/uploads\/2020\/05\/WhatsApp-Image-2020-05-06-at-11.47.11-300x286.jpeg 300w, https:\/\/diariofemenino.com.ar\/df\/wp-content\/uploads\/2020\/05\/WhatsApp-Image-2020-05-06-at-11.47.11-768x732.jpeg 768w, https:\/\/diariofemenino.com.ar\/df\/wp-content\/uploads\/2020\/05\/WhatsApp-Image-2020-05-06-at-11.47.11.jpeg 1072w\" sizes=\"auto, (max-width: 230px) 100vw, 230px\" \/><figcaption id=\"caption-attachment-48493\" class=\"wp-caption-text\">Somos responsables al interpretar y decidir qu\u00e9 informar<\/figcaption><\/figure>\n<p>Desde la <strong>Red de Comunicadoras Bah\u00eda Blanca<\/strong> apostamos a capacitarnos y por eso mismo tambi\u00e9n revisamos d\u00eda a d\u00eda nuestras pr\u00e1cticas, las observamos, nos observamos y nos enriquecemos con el aporte de colegas y audiencias.<\/p>\n<p>Es por eso que entendemos que cuestionarnos y debatir nos hace mejores profesionales, m\u00e1s responsables y respetuosas, respetuosos de los derechos de las personas.<\/p>\n<p>La ley <a href=\"http:\/\/servicios.infoleg.gob.ar\/infolegInternet\/anexos\/150000-154999\/152155\/norma.htm\">26.485<\/a>, Ley de Protecci\u00f3n Integral a las Mujeres, sancionada en el a\u00f1o 2009, en su art. 5 establece los tipos de violencia contra la mujer entre los que se encuentra la Violencia Simb\u00f3lica que es aquella que, a trav\u00e9s de patrones estereotipados, mensajes, valores, iconos o signos transmita y reproduzca dominaci\u00f3n, desigualdad y discriminaci\u00f3n en las relaciones sociales, naturalizando la subordinaci\u00f3n de la mujer en la sociedad.<\/p>\n<p>La misma Ley hace referencia a las modalidades, es decir a las formas en que se manifiestan los distintos tipos de violencia contra las mujeres en los diferentes \u00e1mbitos y se nombra a la Violencia Medi\u00e1tica que comprende \u201caquella publicaci\u00f3n o difusi\u00f3n de mensajes e im\u00e1genes estereotipados a trav\u00e9s de cualquier medio masivo de comunicaci\u00f3n, que de manera directa o indirecta promueva la explotaci\u00f3n de mujeres o sus im\u00e1genes, injurie, difame, discrimine, deshonre, humille o atente contra la dignidad de las mujeres, (\u2026)\u201d.<\/p>\n<p>Como comunicadoras y responsables de medios de comunicaci\u00f3n debemos prestar especial atenci\u00f3n a<a href=\"https:\/\/es.wikipedia.org\/wiki\/Perspectiva_de_g%C3%A9nero\"> c\u00f3mo difundimos y producimos<\/a> el relato, sabemos que NO debemos develar la identidad de las v\u00edctimas, no hay que exponer sus datos como nombre y domicilio, tampoco hay que publicar im\u00e1genes ni realizar preguntas estigmatizantes para no volver revictimizante el abordaje.<\/p>\n<p>En el caso que la mujer que est\u00e1 en situaci\u00f3n de violencia decida difundir su historia en medios de comunicaci\u00f3n, es parte de nuestra tarea profesional informarla y prevenirla sobre las implicancias de mediatizar su situaci\u00f3n.<\/p>\n<p>En el ejercicio de nuestra profesi\u00f3n, debemos observar si la persona est\u00e1 en plena autonom\u00eda, si est\u00e1 contenida y protegida, para resguardar la de las amenazas que se reiteran en estos casos.<\/p>\n<p>Al mismo tiempo, creemos que darle micr\u00f3fono a quienes violentan no es pluralidad de voces. No hay dos campanas en los casos de violencia machista. Las y los comunicadoras\/es \u00a0tenemos que evitar caer en estas pr\u00e1cticas.<\/p>\n<p>Instamos a las empresas period\u00edsticas locales, en especial a quienes tienen decisi\u00f3n sobre contenidos y a sus trabajadoras y trabajadores a generar el desarrollo de coberturas respetuosas que visibilicen y concienticen a la comunidad sobre la problem\u00e1tica de la violencia hacia las mujeres.<\/p>\n<p>Es necesario que en los medios de comunicaci\u00f3n locales se promueva el respeto por los derechos humanos de las mujeres y el tratamiento de la violencia desde la perspectiva de g\u00e9nero. Sabemos tambi\u00e9n, que es transcendental que se brinden capacitaciones en estas tem\u00e1ticas.\u00bb<\/p>\n<p>&nbsp;<\/p>\n<p><a href=\"https:\/\/diariofemenino.com.ar\/\">Diario Digital Femenino<\/a><\/p>\n","protected":false},"excerpt":{"rendered":"<p>Somos responsables al interpretar y decidir qu\u00e9 informar La Red de Comunicadoras de Bah\u00eda Blanca enciende un alerta dado el retroceso en materia de las formas de informar sobre las violencias, en los \u00faltimos d\u00edas hemos visto innumerables comunicaciones con exceso de detalles e im\u00e1genes\u00a0de las personas en situaci\u00f3n de violencia,\u00a0 \u00abnos cuestionamos y repensamos [&hellip;]<\/p>\n","protected":false},"author":4,"featured_media":48492,"comment_status":"open","ping_status":"open","sticky":false,"template":"","format":"standard","meta":{"iawp_total_views":3,"footnotes":""},"categories":[1067,4,32,592],"tags":[162,2418,819],"class_list":["post-48491","post","type-post","status-publish","format-standard","has-post-thumbnail","hentry","category-agenda-feminista","category-medios","category-mujeres","category-violencias","tag-medios-de-comunicacion","tag-red-de-comunicadoras-bahia-blanca","tag-violencias"],"nelio_content":{"autoShareEndMode":"never","automationSources":{"useCustomSentences":false,"customSentences":[]},"efiAlt":"","efiUrl":"","followers":[4],"highlights":[],"isAutoShareEnabled":true,"networkImageIds":[],"permalinkQueryArgs":[],"series":[],"suggestedReferences":[]},"yoast_head":"<!-- This site is optimized with the Yoast SEO plugin v27.5 - https:\/\/yoast.com\/product\/yoast-seo-wordpress\/ -->\n<title>Somos responsables al interpretar y decidir qu\u00e9 informar - Diario Digital Femenino<\/title>\n<meta name=\"description\" content=\"Somos responsables al interpretar y decidir qu\u00e9 informar. Desde la Red de Comunicadoras Bah\u00eda Blanca se cuestionan y repiensan las formas de comunicar\" \/>\n<meta name=\"robots\" content=\"index, follow, max-snippet:-1, max-image-preview:large, max-video-preview:-1\" \/>\n<link rel=\"canonical\" href=\"https:\/\/diariofemenino.com.ar\/df\/somos-responsables-al-interpretar-y-decidir-que-informar\/\" \/>\n<meta property=\"og:locale\" content=\"es_ES\" \/>\n<meta property=\"og:type\" content=\"article\" \/>\n<meta property=\"og:title\" content=\"Somos responsables al interpretar y decidir qu\u00e9 informar - Diario Digital Femenino\" \/>\n<meta property=\"og:description\" content=\"Somos responsables al interpretar y decidir qu\u00e9 informar. Desde la Red de Comunicadoras Bah\u00eda Blanca se cuestionan y repiensan las formas de comunicar\" \/>\n<meta property=\"og:url\" content=\"https:\/\/diariofemenino.com.ar\/df\/somos-responsables-al-interpretar-y-decidir-que-informar\/\" \/>\n<meta property=\"og:site_name\" content=\"Diario Digital Femenino\" \/>\n<meta property=\"article:publisher\" content=\"https:\/\/www.facebook.com\/DiarioDigitaFemenino\/\" \/>\n<meta property=\"article:published_time\" content=\"2020-05-06T15:10:53+00:00\" \/>\n<meta property=\"article:modified_time\" content=\"2020-05-06T16:13:30+00:00\" \/>\n<meta property=\"og:image\" content=\"https:\/\/diariofemenino.com.ar\/df\/wp-content\/uploads\/2020\/05\/WhatsApp-Image-2020-05-06-at-11.43.28.jpeg\" \/>\n\t<meta property=\"og:image:width\" content=\"1280\" \/>\n\t<meta property=\"og:image:height\" content=\"853\" \/>\n\t<meta property=\"og:image:type\" content=\"image\/jpeg\" \/>\n<meta name=\"author\" content=\"Admin\" \/>\n<meta name=\"twitter:card\" content=\"summary_large_image\" \/>\n<meta name=\"twitter:creator\" content=\"@DiarioFemenino1\" \/>\n<meta name=\"twitter:site\" content=\"@DiarioFemenino1\" \/>\n<meta name=\"twitter:label1\" content=\"Escrito por\" \/>\n\t<meta name=\"twitter:data1\" content=\"Admin\" \/>\n\t<meta name=\"twitter:label2\" content=\"Tiempo de lectura\" \/>\n\t<meta name=\"twitter:data2\" content=\"4 minutos\" \/>\n<script type=\"application\/ld+json\" class=\"yoast-schema-graph\">{\"@context\":\"https:\\\/\\\/schema.org\",\"@graph\":[{\"@type\":\"Article\",\"@id\":\"https:\\\/\\\/diariofemenino.com.ar\\\/df\\\/somos-responsables-al-interpretar-y-decidir-que-informar\\\/#article\",\"isPartOf\":{\"@id\":\"https:\\\/\\\/diariofemenino.com.ar\\\/df\\\/somos-responsables-al-interpretar-y-decidir-que-informar\\\/\"},\"author\":{\"name\":\"Admin\",\"@id\":\"https:\\\/\\\/diariofemenino.com.ar\\\/df\\\/#\\\/schema\\\/person\\\/bf6199e8158c657ea6f789b11ec85509\"},\"headline\":\"Somos responsables al interpretar y decidir qu\u00e9 informar\",\"datePublished\":\"2020-05-06T15:10:53+00:00\",\"dateModified\":\"2020-05-06T16:13:30+00:00\",\"mainEntityOfPage\":{\"@id\":\"https:\\\/\\\/diariofemenino.com.ar\\\/df\\\/somos-responsables-al-interpretar-y-decidir-que-informar\\\/\"},\"wordCount\":811,\"commentCount\":0,\"publisher\":{\"@id\":\"https:\\\/\\\/diariofemenino.com.ar\\\/df\\\/#organization\"},\"image\":{\"@id\":\"https:\\\/\\\/diariofemenino.com.ar\\\/df\\\/somos-responsables-al-interpretar-y-decidir-que-informar\\\/#primaryimage\"},\"thumbnailUrl\":\"https:\\\/\\\/diariofemenino.com.ar\\\/df\\\/wp-content\\\/uploads\\\/2020\\\/05\\\/WhatsApp-Image-2020-05-06-at-11.43.28.jpeg\",\"keywords\":[\"Medios de Comunicaci\u00f3n\",\"Red de Comunicadoras Bah\u00eda Blanca\",\"Violencias\"],\"articleSection\":[\"Agenda Feminista\",\"Medios\",\"Mujeres\",\"Violencias\"],\"inLanguage\":\"es\",\"potentialAction\":[{\"@type\":\"CommentAction\",\"name\":\"Comment\",\"target\":[\"https:\\\/\\\/diariofemenino.com.ar\\\/df\\\/somos-responsables-al-interpretar-y-decidir-que-informar\\\/#respond\"]}]},{\"@type\":\"WebPage\",\"@id\":\"https:\\\/\\\/diariofemenino.com.ar\\\/df\\\/somos-responsables-al-interpretar-y-decidir-que-informar\\\/\",\"url\":\"https:\\\/\\\/diariofemenino.com.ar\\\/df\\\/somos-responsables-al-interpretar-y-decidir-que-informar\\\/\",\"name\":\"Somos responsables al interpretar y decidir qu\u00e9 informar - Diario Digital Femenino\",\"isPartOf\":{\"@id\":\"https:\\\/\\\/diariofemenino.com.ar\\\/df\\\/#website\"},\"primaryImageOfPage\":{\"@id\":\"https:\\\/\\\/diariofemenino.com.ar\\\/df\\\/somos-responsables-al-interpretar-y-decidir-que-informar\\\/#primaryimage\"},\"image\":{\"@id\":\"https:\\\/\\\/diariofemenino.com.ar\\\/df\\\/somos-responsables-al-interpretar-y-decidir-que-informar\\\/#primaryimage\"},\"thumbnailUrl\":\"https:\\\/\\\/diariofemenino.com.ar\\\/df\\\/wp-content\\\/uploads\\\/2020\\\/05\\\/WhatsApp-Image-2020-05-06-at-11.43.28.jpeg\",\"datePublished\":\"2020-05-06T15:10:53+00:00\",\"dateModified\":\"2020-05-06T16:13:30+00:00\",\"description\":\"Somos responsables al interpretar y decidir qu\u00e9 informar. Desde la Red de Comunicadoras Bah\u00eda Blanca se cuestionan y repiensan las formas de comunicar\",\"breadcrumb\":{\"@id\":\"https:\\\/\\\/diariofemenino.com.ar\\\/df\\\/somos-responsables-al-interpretar-y-decidir-que-informar\\\/#breadcrumb\"},\"inLanguage\":\"es\",\"potentialAction\":[{\"@type\":\"ReadAction\",\"target\":[\"https:\\\/\\\/diariofemenino.com.ar\\\/df\\\/somos-responsables-al-interpretar-y-decidir-que-informar\\\/\"]}]},{\"@type\":\"ImageObject\",\"inLanguage\":\"es\",\"@id\":\"https:\\\/\\\/diariofemenino.com.ar\\\/df\\\/somos-responsables-al-interpretar-y-decidir-que-informar\\\/#primaryimage\",\"url\":\"https:\\\/\\\/diariofemenino.com.ar\\\/df\\\/wp-content\\\/uploads\\\/2020\\\/05\\\/WhatsApp-Image-2020-05-06-at-11.43.28.jpeg\",\"contentUrl\":\"https:\\\/\\\/diariofemenino.com.ar\\\/df\\\/wp-content\\\/uploads\\\/2020\\\/05\\\/WhatsApp-Image-2020-05-06-at-11.43.28.jpeg\",\"width\":1280,\"height\":853,\"caption\":\"Somos responsables al interpretar y decidir qu\u00e9 informar\"},{\"@type\":\"BreadcrumbList\",\"@id\":\"https:\\\/\\\/diariofemenino.com.ar\\\/df\\\/somos-responsables-al-interpretar-y-decidir-que-informar\\\/#breadcrumb\",\"itemListElement\":[{\"@type\":\"ListItem\",\"position\":1,\"name\":\"Portada\",\"item\":\"https:\\\/\\\/diariofemenino.com.ar\\\/df\\\/\"},{\"@type\":\"ListItem\",\"position\":2,\"name\":\"Somos responsables al interpretar y decidir qu\u00e9 informar\"}]},{\"@type\":\"WebSite\",\"@id\":\"https:\\\/\\\/diariofemenino.com.ar\\\/df\\\/#website\",\"url\":\"https:\\\/\\\/diariofemenino.com.ar\\\/df\\\/\",\"name\":\"Diario Digital Femenino\",\"description\":\"Cuesti\u00f3n de G\u00e9nero\",\"publisher\":{\"@id\":\"https:\\\/\\\/diariofemenino.com.ar\\\/df\\\/#organization\"},\"potentialAction\":[{\"@type\":\"SearchAction\",\"target\":{\"@type\":\"EntryPoint\",\"urlTemplate\":\"https:\\\/\\\/diariofemenino.com.ar\\\/df\\\/?s={search_term_string}\"},\"query-input\":{\"@type\":\"PropertyValueSpecification\",\"valueRequired\":true,\"valueName\":\"search_term_string\"}}],\"inLanguage\":\"es\"},{\"@type\":\"Organization\",\"@id\":\"https:\\\/\\\/diariofemenino.com.ar\\\/df\\\/#organization\",\"name\":\"Diario Femenino\",\"url\":\"https:\\\/\\\/diariofemenino.com.ar\\\/df\\\/\",\"logo\":{\"@type\":\"ImageObject\",\"inLanguage\":\"es\",\"@id\":\"https:\\\/\\\/diariofemenino.com.ar\\\/df\\\/#\\\/schema\\\/logo\\\/image\\\/\",\"url\":\"https:\\\/\\\/diariofemenino.com.ar\\\/df\\\/wp-content\\\/uploads\\\/2018\\\/10\\\/logo.png\",\"contentUrl\":\"https:\\\/\\\/diariofemenino.com.ar\\\/df\\\/wp-content\\\/uploads\\\/2018\\\/10\\\/logo.png\",\"width\":500,\"height\":92,\"caption\":\"Diario Femenino\"},\"image\":{\"@id\":\"https:\\\/\\\/diariofemenino.com.ar\\\/df\\\/#\\\/schema\\\/logo\\\/image\\\/\"},\"sameAs\":[\"https:\\\/\\\/www.facebook.com\\\/DiarioDigitaFemenino\\\/\",\"https:\\\/\\\/x.com\\\/DiarioFemenino1\"]},{\"@type\":\"Person\",\"@id\":\"https:\\\/\\\/diariofemenino.com.ar\\\/df\\\/#\\\/schema\\\/person\\\/bf6199e8158c657ea6f789b11ec85509\",\"name\":\"Admin\",\"image\":{\"@type\":\"ImageObject\",\"inLanguage\":\"es\",\"@id\":\"https:\\\/\\\/diariofemenino.com.ar\\\/df\\\/wp-content\\\/uploads\\\/2018\\\/12\\\/favicon-150x150.jpg\",\"url\":\"https:\\\/\\\/diariofemenino.com.ar\\\/df\\\/wp-content\\\/uploads\\\/2018\\\/12\\\/favicon-150x150.jpg\",\"contentUrl\":\"https:\\\/\\\/diariofemenino.com.ar\\\/df\\\/wp-content\\\/uploads\\\/2018\\\/12\\\/favicon-150x150.jpg\",\"caption\":\"Admin\"},\"url\":\"https:\\\/\\\/diariofemenino.com.ar\\\/df\\\/author\\\/lenny\\\/\"}]}<\/script>\n<!-- \/ Yoast SEO plugin. -->","yoast_head_json":{"title":"Somos responsables al interpretar y decidir qu\u00e9 informar - Diario Digital Femenino","description":"Somos responsables al interpretar y decidir qu\u00e9 informar. Desde la Red de Comunicadoras Bah\u00eda Blanca se cuestionan y repiensan las formas de comunicar","robots":{"index":"index","follow":"follow","max-snippet":"max-snippet:-1","max-image-preview":"max-image-preview:large","max-video-preview":"max-video-preview:-1"},"canonical":"https:\/\/diariofemenino.com.ar\/df\/somos-responsables-al-interpretar-y-decidir-que-informar\/","og_locale":"es_ES","og_type":"article","og_title":"Somos responsables al interpretar y decidir qu\u00e9 informar - Diario Digital Femenino","og_description":"Somos responsables al interpretar y decidir qu\u00e9 informar. Desde la Red de Comunicadoras Bah\u00eda Blanca se cuestionan y repiensan las formas de comunicar","og_url":"https:\/\/diariofemenino.com.ar\/df\/somos-responsables-al-interpretar-y-decidir-que-informar\/","og_site_name":"Diario Digital Femenino","article_publisher":"https:\/\/www.facebook.com\/DiarioDigitaFemenino\/","article_published_time":"2020-05-06T15:10:53+00:00","article_modified_time":"2020-05-06T16:13:30+00:00","og_image":[{"width":1280,"height":853,"url":"https:\/\/diariofemenino.com.ar\/df\/wp-content\/uploads\/2020\/05\/WhatsApp-Image-2020-05-06-at-11.43.28.jpeg","type":"image\/jpeg"}],"author":"Admin","twitter_card":"summary_large_image","twitter_creator":"@DiarioFemenino1","twitter_site":"@DiarioFemenino1","twitter_misc":{"Escrito por":"Admin","Tiempo de lectura":"4 minutos"},"schema":{"@context":"https:\/\/schema.org","@graph":[{"@type":"Article","@id":"https:\/\/diariofemenino.com.ar\/df\/somos-responsables-al-interpretar-y-decidir-que-informar\/#article","isPartOf":{"@id":"https:\/\/diariofemenino.com.ar\/df\/somos-responsables-al-interpretar-y-decidir-que-informar\/"},"author":{"name":"Admin","@id":"https:\/\/diariofemenino.com.ar\/df\/#\/schema\/person\/bf6199e8158c657ea6f789b11ec85509"},"headline":"Somos responsables al interpretar y decidir qu\u00e9 informar","datePublished":"2020-05-06T15:10:53+00:00","dateModified":"2020-05-06T16:13:30+00:00","mainEntityOfPage":{"@id":"https:\/\/diariofemenino.com.ar\/df\/somos-responsables-al-interpretar-y-decidir-que-informar\/"},"wordCount":811,"commentCount":0,"publisher":{"@id":"https:\/\/diariofemenino.com.ar\/df\/#organization"},"image":{"@id":"https:\/\/diariofemenino.com.ar\/df\/somos-responsables-al-interpretar-y-decidir-que-informar\/#primaryimage"},"thumbnailUrl":"https:\/\/diariofemenino.com.ar\/df\/wp-content\/uploads\/2020\/05\/WhatsApp-Image-2020-05-06-at-11.43.28.jpeg","keywords":["Medios de Comunicaci\u00f3n","Red de Comunicadoras Bah\u00eda Blanca","Violencias"],"articleSection":["Agenda Feminista","Medios","Mujeres","Violencias"],"inLanguage":"es","potentialAction":[{"@type":"CommentAction","name":"Comment","target":["https:\/\/diariofemenino.com.ar\/df\/somos-responsables-al-interpretar-y-decidir-que-informar\/#respond"]}]},{"@type":"WebPage","@id":"https:\/\/diariofemenino.com.ar\/df\/somos-responsables-al-interpretar-y-decidir-que-informar\/","url":"https:\/\/diariofemenino.com.ar\/df\/somos-responsables-al-interpretar-y-decidir-que-informar\/","name":"Somos responsables al interpretar y decidir qu\u00e9 informar - Diario Digital Femenino","isPartOf":{"@id":"https:\/\/diariofemenino.com.ar\/df\/#website"},"primaryImageOfPage":{"@id":"https:\/\/diariofemenino.com.ar\/df\/somos-responsables-al-interpretar-y-decidir-que-informar\/#primaryimage"},"image":{"@id":"https:\/\/diariofemenino.com.ar\/df\/somos-responsables-al-interpretar-y-decidir-que-informar\/#primaryimage"},"thumbnailUrl":"https:\/\/diariofemenino.com.ar\/df\/wp-content\/uploads\/2020\/05\/WhatsApp-Image-2020-05-06-at-11.43.28.jpeg","datePublished":"2020-05-06T15:10:53+00:00","dateModified":"2020-05-06T16:13:30+00:00","description":"Somos responsables al interpretar y decidir qu\u00e9 informar. Desde la Red de Comunicadoras Bah\u00eda Blanca se cuestionan y repiensan las formas de comunicar","breadcrumb":{"@id":"https:\/\/diariofemenino.com.ar\/df\/somos-responsables-al-interpretar-y-decidir-que-informar\/#breadcrumb"},"inLanguage":"es","potentialAction":[{"@type":"ReadAction","target":["https:\/\/diariofemenino.com.ar\/df\/somos-responsables-al-interpretar-y-decidir-que-informar\/"]}]},{"@type":"ImageObject","inLanguage":"es","@id":"https:\/\/diariofemenino.com.ar\/df\/somos-responsables-al-interpretar-y-decidir-que-informar\/#primaryimage","url":"https:\/\/diariofemenino.com.ar\/df\/wp-content\/uploads\/2020\/05\/WhatsApp-Image-2020-05-06-at-11.43.28.jpeg","contentUrl":"https:\/\/diariofemenino.com.ar\/df\/wp-content\/uploads\/2020\/05\/WhatsApp-Image-2020-05-06-at-11.43.28.jpeg","width":1280,"height":853,"caption":"Somos responsables al interpretar y decidir qu\u00e9 informar"},{"@type":"BreadcrumbList","@id":"https:\/\/diariofemenino.com.ar\/df\/somos-responsables-al-interpretar-y-decidir-que-informar\/#breadcrumb","itemListElement":[{"@type":"ListItem","position":1,"name":"Portada","item":"https:\/\/diariofemenino.com.ar\/df\/"},{"@type":"ListItem","position":2,"name":"Somos responsables al interpretar y decidir qu\u00e9 informar"}]},{"@type":"WebSite","@id":"https:\/\/diariofemenino.com.ar\/df\/#website","url":"https:\/\/diariofemenino.com.ar\/df\/","name":"Diario Digital Femenino","description":"Cuesti\u00f3n de G\u00e9nero","publisher":{"@id":"https:\/\/diariofemenino.com.ar\/df\/#organization"},"potentialAction":[{"@type":"SearchAction","target":{"@type":"EntryPoint","urlTemplate":"https:\/\/diariofemenino.com.ar\/df\/?s={search_term_string}"},"query-input":{"@type":"PropertyValueSpecification","valueRequired":true,"valueName":"search_term_string"}}],"inLanguage":"es"},{"@type":"Organization","@id":"https:\/\/diariofemenino.com.ar\/df\/#organization","name":"Diario Femenino","url":"https:\/\/diariofemenino.com.ar\/df\/","logo":{"@type":"ImageObject","inLanguage":"es","@id":"https:\/\/diariofemenino.com.ar\/df\/#\/schema\/logo\/image\/","url":"https:\/\/diariofemenino.com.ar\/df\/wp-content\/uploads\/2018\/10\/logo.png","contentUrl":"https:\/\/diariofemenino.com.ar\/df\/wp-content\/uploads\/2018\/10\/logo.png","width":500,"height":92,"caption":"Diario Femenino"},"image":{"@id":"https:\/\/diariofemenino.com.ar\/df\/#\/schema\/logo\/image\/"},"sameAs":["https:\/\/www.facebook.com\/DiarioDigitaFemenino\/","https:\/\/x.com\/DiarioFemenino1"]},{"@type":"Person","@id":"https:\/\/diariofemenino.com.ar\/df\/#\/schema\/person\/bf6199e8158c657ea6f789b11ec85509","name":"Admin","image":{"@type":"ImageObject","inLanguage":"es","@id":"https:\/\/diariofemenino.com.ar\/df\/wp-content\/uploads\/2018\/12\/favicon-150x150.jpg","url":"https:\/\/diariofemenino.com.ar\/df\/wp-content\/uploads\/2018\/12\/favicon-150x150.jpg","contentUrl":"https:\/\/diariofemenino.com.ar\/df\/wp-content\/uploads\/2018\/12\/favicon-150x150.jpg","caption":"Admin"},"url":"https:\/\/diariofemenino.com.ar\/df\/author\/lenny\/"}]}},"jetpack_featured_media_url":"https:\/\/diariofemenino.com.ar\/df\/wp-content\/uploads\/2020\/05\/WhatsApp-Image-2020-05-06-at-11.43.28.jpeg","jetpack_sharing_enabled":true,"rttpg_featured_image_url":{"full":["https:\/\/diariofemenino.com.ar\/df\/wp-content\/uploads\/2020\/05\/WhatsApp-Image-2020-05-06-at-11.43.28.jpeg",1280,853,false],"landscape":["https:\/\/diariofemenino.com.ar\/df\/wp-content\/uploads\/2020\/05\/WhatsApp-Image-2020-05-06-at-11.43.28.jpeg",1280,853,false],"portraits":["https:\/\/diariofemenino.com.ar\/df\/wp-content\/uploads\/2020\/05\/WhatsApp-Image-2020-05-06-at-11.43.28.jpeg",1280,853,false],"thumbnail":["https:\/\/diariofemenino.com.ar\/df\/wp-content\/uploads\/2020\/05\/WhatsApp-Image-2020-05-06-at-11.43.28-150x150.jpeg",150,150,true],"medium":["https:\/\/diariofemenino.com.ar\/df\/wp-content\/uploads\/2020\/05\/WhatsApp-Image-2020-05-06-at-11.43.28-300x200.jpeg",300,200,true],"large":["https:\/\/diariofemenino.com.ar\/df\/wp-content\/uploads\/2020\/05\/WhatsApp-Image-2020-05-06-at-11.43.28-1024x682.jpeg",1024,682,true],"1536x1536":["https:\/\/diariofemenino.com.ar\/df\/wp-content\/uploads\/2020\/05\/WhatsApp-Image-2020-05-06-at-11.43.28.jpeg",1280,853,false],"2048x2048":["https:\/\/diariofemenino.com.ar\/df\/wp-content\/uploads\/2020\/05\/WhatsApp-Image-2020-05-06-at-11.43.28.jpeg",1280,853,false]},"rttpg_author":{"display_name":"Admin","author_link":"https:\/\/diariofemenino.com.ar\/df\/author\/lenny\/"},"rttpg_comment":0,"rttpg_category":"<a href=\"https:\/\/diariofemenino.com.ar\/df\/category\/agenda-feminista\/\" rel=\"category tag\">Agenda Feminista<\/a> <a href=\"https:\/\/diariofemenino.com.ar\/df\/category\/medios\/\" rel=\"category tag\">Medios<\/a> <a href=\"https:\/\/diariofemenino.com.ar\/df\/category\/mujeres\/\" rel=\"category tag\">Mujeres<\/a> <a href=\"https:\/\/diariofemenino.com.ar\/df\/category\/violencias\/\" rel=\"category tag\">Violencias<\/a>","rttpg_excerpt":"Somos responsables al interpretar y decidir qu\u00e9 informar La Red de Comunicadoras de Bah\u00eda Blanca enciende un alerta dado el retroceso en materia de las formas de informar sobre las violencias, en los \u00faltimos d\u00edas hemos visto innumerables comunicaciones con exceso de detalles e im\u00e1genes\u00a0de las personas en situaci\u00f3n de violencia,\u00a0 \u00abnos cuestionamos y repensamos&hellip;","_links":{"self":[{"href":"https:\/\/diariofemenino.com.ar\/df\/wp-json\/wp\/v2\/posts\/48491","targetHints":{"allow":["GET"]}}],"collection":[{"href":"https:\/\/diariofemenino.com.ar\/df\/wp-json\/wp\/v2\/posts"}],"about":[{"href":"https:\/\/diariofemenino.com.ar\/df\/wp-json\/wp\/v2\/types\/post"}],"author":[{"embeddable":true,"href":"https:\/\/diariofemenino.com.ar\/df\/wp-json\/wp\/v2\/users\/4"}],"replies":[{"embeddable":true,"href":"https:\/\/diariofemenino.com.ar\/df\/wp-json\/wp\/v2\/comments?post=48491"}],"version-history":[{"count":0,"href":"https:\/\/diariofemenino.com.ar\/df\/wp-json\/wp\/v2\/posts\/48491\/revisions"}],"wp:featuredmedia":[{"embeddable":true,"href":"https:\/\/diariofemenino.com.ar\/df\/wp-json\/wp\/v2\/media\/48492"}],"wp:attachment":[{"href":"https:\/\/diariofemenino.com.ar\/df\/wp-json\/wp\/v2\/media?parent=48491"}],"wp:term":[{"taxonomy":"category","embeddable":true,"href":"https:\/\/diariofemenino.com.ar\/df\/wp-json\/wp\/v2\/categories?post=48491"},{"taxonomy":"post_tag","embeddable":true,"href":"https:\/\/diariofemenino.com.ar\/df\/wp-json\/wp\/v2\/tags?post=48491"}],"curies":[{"name":"wp","href":"https:\/\/api.w.org\/{rel}","templated":true}]}}