{"id":48482,"date":"2020-05-06T11:23:12","date_gmt":"2020-05-06T14:23:12","guid":{"rendered":"https:\/\/diariofemenino.com.ar\/?p=48482"},"modified":"2020-05-06T11:28:49","modified_gmt":"2020-05-06T14:28:49","slug":"matria-red-comunitaria-en-salud","status":"publish","type":"post","link":"https:\/\/diariofemenino.com.ar\/df\/matria-red-comunitaria-en-salud\/","title":{"rendered":"Matria &#8211; Red Comunitaria en Salud"},"content":{"rendered":"<p>Matria &#8211; Red Comunitaria en Salud surge en el oto\u00f1o de 2019 tras observar durante a\u00f1os desigualdades e incumplimientos en el campo de los derechos sexuales y reproductivos. Somos un grupo de mujeres de variadas profesiones que decidimos juntarnos y armar esta asociaci\u00f3n civil centrada en las personas con capacidad de gestar o transitando el puerperio, focaliz\u00e1ndonos en las que se encuentran en situaciones m\u00e1s desfavorecidas.<\/p>\n<figure id=\"attachment_48484\" aria-describedby=\"caption-attachment-48484\" style=\"width: 225px\" class=\"wp-caption alignleft\"><img loading=\"lazy\" decoding=\"async\" class=\"size-full wp-image-48484\" src=\"https:\/\/diariofemenino.com.ar\/df\/wp-content\/uploads\/2020\/05\/descarga-14.jpg\" alt=\"Matria - Red Comunitaria en Salud \" width=\"225\" height=\"225\" srcset=\"https:\/\/diariofemenino.com.ar\/df\/wp-content\/uploads\/2020\/05\/descarga-14.jpg 225w, https:\/\/diariofemenino.com.ar\/df\/wp-content\/uploads\/2020\/05\/descarga-14-150x150.jpg 150w\" sizes=\"auto, (max-width: 225px) 100vw, 225px\" \/><figcaption id=\"caption-attachment-48484\" class=\"wp-caption-text\">Matria &#8211; Red Comunitaria en Salud<\/figcaption><\/figure>\n<p>Tenemos cuatro pilares fundamentales sobre los cuales nos enfocamos: la salud, lo pol\u00edtico, lo social y lo cultural reivindicados desde una perspectiva de g\u00e9nero y derechos humanos, contemplando las variables socioecon\u00f3micas de la poblaci\u00f3n y acentuando el marco de respeto hacia las decisiones individuales de cada persona gestante de c\u00f3mo transitar su vida sexual y reproductiva. Priorizando el empoderamiento y autonom\u00eda de la mujer y el combate de la violencia obst\u00e9trica.<\/p>\n<p>El objetivo de Matria &#8211; Red Comunitaria en Salud es desarrollar asistencia, prevenci\u00f3n, cursos de capacitaci\u00f3n y contenci\u00f3n, proyectos y otras actividades que tiendan a garantizar la igualdad de derechos, oportunidades y acceso a una salud sexual y reproductiva digna, incluyendo parto humanizado\/respetado.<\/p>\n<p>Asimismo, buscamos articular con los sectores sociales, comunitarios, municipales y el Estado con el prop\u00f3sito de mejorar el acceso de las mujeres -personas gestantes- al derecho a un trato digno y respetuoso en los mencionados \u00e1mbitos de la salud.<\/p>\n<p>Para ello el trabajo se lleva a cabo con un equipo interdisciplinario con una mirada de g\u00e9nero donde predomina la autonom\u00eda, independencia y libertad de la mujer a decidir sobre su salud Dicho equipo re\u00fane medicina, obstetricia, psicolog\u00eda, enfermer\u00eda, puericultura, trabajo social, <a href=\"https:\/\/diariofemenino.com.ar\/embarazo-consciente-doulas-y-parto-respetado-como-vive-la-mujer-de-hoy-los-9-meses-de-gestacion\/\">doula<\/a> entre otras esferas.<\/p>\n<p>El 18 de marzo de 2020 nos pusimos a disposici\u00f3n, por medio de las redes sociales, tel\u00e9fonos y email, para responder consultas vinculadas a la poblaci\u00f3n de mujeres embarazadas, pu\u00e9rperas y lactantes prioritariamente a fin de evitar consultas en guardias hospitalarias innecesarias y contribuir con #quedateencasa.<\/p>\n<p>En este momento, en el que el sistema de salud est\u00e1 abocado a la pandemia, venimos evidenciando incumplimientos y falencias institucionales y estatales que arrebatan derechos ya conquistados utilizando como pretexto la prevenci\u00f3n integral de la salud. Todo ello en contra de lo reglamentado en las correspondientes leyes vigentes (25.929, 26.485 y 26.873*), recomendaciones del Ministerio de Salud actualizadas, y recomendaciones internacionales de la Organizaci\u00f3n Mundial de la Salud.<\/p>\n<p>Entre las problem\u00e1ticas compiladas en las consultas destacamos:<\/p>\n<ol>\n<li>Suspensi\u00f3n de turnos de control de embarazos de bajo y alto riesgo.<\/li>\n<li>Suspensi\u00f3n de an\u00e1lisis cl\u00ednicos y estudios ecogr\u00e1ficos.<\/li>\n<li>Consultas sobre c\u00f3mo ser\u00e1 parir en el contexto del coronavirus.<\/li>\n<li>Temor y reclamos por el impedimento a parir acompa\u00f1adas<\/li>\n<li>Aumento de violencia obst\u00e9trica tanto en guardias hospitalarias como en los partos. Rechazo a la atenci\u00f3n o atenci\u00f3n incompleta en guardias hospitalarias.<\/li>\n<li>Aumento de ces\u00e1reas innecesarias. Reprogramaci\u00f3n de ces\u00e1reas.<\/li>\n<li>Falta de informaci\u00f3n sobre c\u00f3mo llegar a una consulta o guardia y problemas econ\u00f3micos para acceder a las mismas<\/li>\n<li>Falta de informaci\u00f3n sobre instituciones donde dirigirse para guardia, vacunaci\u00f3n, anticoncepci\u00f3n y medicaci\u00f3n.<\/li>\n<li>Consultas sobre c\u00f3mo parir domiciliariamente sin atenci\u00f3n profesional<\/li>\n<\/ol>\n<p>Este \u00faltimo punto nos preocupa particularmente, mujeres con miedo al contagio de COVID-19 y a no poder estar acompa\u00f1adas est\u00e1n optando por parir en sus casas sin asistencia profesional con todos los riesgos que esto conlleva.<\/p>\n<p>Por estas razones tomamos estas iniciativas y redactamos las siguientes recomendaciones:<\/p>\n<p>Recomendaciones:<\/p>\n<ol>\n<li>Campa\u00f1as de informaci\u00f3n<\/li>\n<li>Infograf\u00eda y geolocalizaci\u00f3n sobre lugares de atenci\u00f3n y guardias obst\u00e9tricas<\/li>\n<li>Centro de atenci\u00f3n telef\u00f3nica y en l\u00ednea de consultas obst\u00e9tricas, puerperales y de lactantes, por parte de profesionales Obst\u00e9tricas, obstetras, puericultoras y psic\u00f3logas perinatales seg\u00fan corresponda, triage y derivaci\u00f3n.<\/li>\n<li>Atenci\u00f3n domiciliaria de m\u00e9dicos obstetras para embarazos de alto riesgo y de lic. Obst\u00e9tricas en embarazos de bajo riesgo para mujeres que por diferentes circunstancias no puedan acceder a una consulta.<\/li>\n<li>Armado de instalaciones extrahospitalarias para atenci\u00f3n de partos de bajo riesgo (simil casa de parto anexa o cercana a hospital de referencia). Esta alternativa permitir\u00eda:<\/li>\n<\/ol>\n<ul>\n<li>Alentar a las mujeres a parir en lugares seguros sin temor a contagiarse.<\/li>\n<li>Disminuir el riesgo de contagio intrahospitalario.<\/li>\n<li>Optimizar los recursos humanos de salud, direccion\u00e1ndolos a la pandemia y a embarazos de alto riesgo.<\/li>\n<li>Disminuir la estad\u00eda de internaci\u00f3n hospitalaria.<\/li>\n<li>Permitir el acompa\u00f1amiento en todo el proceso.<\/li>\n<\/ul>\n<ol start=\"6\">\n<li>Distribuci\u00f3n gratuita o bajo costo en farmacias de anticonceptivos orales y preservativos.<\/li>\n<li>Recomendaciones precisas sobre c\u00f3mo actuar en embarazo de bajo y alto riesgo respecto a controles y an\u00e1lisis pendientes.<\/li>\n<\/ol>\n<p>Iniciativas<\/p>\n<p>&#x2714; Atenci\u00f3n interdisciplinaria por medio de las redes sociales, tel\u00e9fonos y email, para responder consultas vinculadas a la poblaci\u00f3n de mujeres embarazadas, pu\u00e9rperas y lactantes.<\/p>\n<p>&#x2714; Se realizaron dos informes reflejando las problem\u00e1ticas observadas y las respectivas recomendaciones que fueron elevados a autoridades de salud nacionales y de la provincia de Buenos Aires.<\/p>\n<p>&#x2714; Campa\u00f1a en redes sociales #queremosparirsegurasyacompa\u00f1adas<\/p>\n<p>&#x2714; Recomendaciones escritas y audiovisuales sobre c\u00f3mo sobrellevar la cuarentena en diversos aspectos de salud y sociales.<\/p>\n<p>&#x2714; Grupos virtuales semanales de acompa\u00f1amiento y apoyo mutuo para gestantes y pu\u00e9rperas<\/p>\n<p>&#x2714; Confeccionamos una carta de solicitud para parir acompa\u00f1adas a la cual adjuntamos los documentos que avalan dicha solicitud que pusimos a disposici\u00f3n de la poblaci\u00f3n.<\/p>\n<p>&nbsp;<\/p>\n<p>* Ley N\u00b0\u00a0<a href=\"http:\/\/servicios.infoleg.gob.ar\/infolegInternet\/anexos\/95000-99999\/98805\/norma.htm\">25.929<\/a>. Parto humanizado, Ley N\u00b0 <a href=\"http:\/\/servicios.infoleg.gob.ar\/infolegInternet\/anexos\/150000-154999\/152155\/norma.htm\">26.485<\/a>. Proteccion Integral para Prevenir, Sancionar y Erradicar la violencia contra las Mujeres en los \u00e1mbitos en qu\u00e9 se Desarrollen sus Relaciones Interpersonales, Ley N\u00b0 <a href=\"http:\/\/servicios.infoleg.gob.ar\/infolegInternet\/anexos\/215000-219999\/218212\/norma.htm\">26.873<\/a> Promoci\u00f3n y concientizaci\u00f3n p\u00fablica acerca de la importancia de la lactancia materna y de las pr\u00e1cticas \u00f3ptimas de nutrici\u00f3n segura para lactantes y ni\u00f1os de hasta dos (2) a\u00f1os.<\/p>\n<p>&nbsp;<\/p>\n<p><a href=\"https:\/\/diariofemenino.com.ar\/\">Diario Digital Femenino<\/a><\/p>\n<p>&nbsp;<\/p>\n","protected":false},"excerpt":{"rendered":"<p>Matria &#8211; Red Comunitaria en Salud surge en el oto\u00f1o de 2019 tras observar durante a\u00f1os desigualdades e incumplimientos en el campo de los derechos sexuales y reproductivos. Somos un grupo de mujeres de variadas profesiones que decidimos juntarnos y armar esta asociaci\u00f3n civil centrada en las personas con capacidad de gestar o transitando el [&hellip;]<\/p>\n","protected":false},"author":4,"featured_media":48485,"comment_status":"open","ping_status":"open","sticky":false,"template":"","format":"standard","meta":{"iawp_total_views":16,"footnotes":""},"categories":[21,23],"tags":[596,1203,3119,14],"class_list":["post-48482","post","type-post","status-publish","format-standard","has-post-thumbnail","hentry","category-noticias","category-salud","tag-matria","tag-parto-respetado","tag-red-de-salud","tag-salud-sexual-y-reproductiva"],"nelio_content":{"autoShareEndMode":"never","automationSources":{"useCustomSentences":false,"customSentences":[]},"efiAlt":"","efiUrl":"","followers":[4],"highlights":[],"isAutoShareEnabled":true,"networkImageIds":[],"permalinkQueryArgs":[],"series":[],"suggestedReferences":[]},"yoast_head":"<!-- This site is optimized with the Yoast SEO plugin v27.5 - https:\/\/yoast.com\/product\/yoast-seo-wordpress\/ -->\n<title>Matria - Red Comunitaria en Salud - Diario Digital Femenino<\/title>\n<meta name=\"description\" content=\"Matria - Red Comunitaria en Salud. El objetivo de Matria - Red Comunitaria en Salud es desarrollar asistencia, prevenci\u00f3n, capacitaci\u00f3n y contenci\u00f3n\" \/>\n<meta name=\"robots\" content=\"index, follow, max-snippet:-1, max-image-preview:large, max-video-preview:-1\" \/>\n<link rel=\"canonical\" href=\"https:\/\/diariofemenino.com.ar\/df\/matria-red-comunitaria-en-salud\/\" \/>\n<meta property=\"og:locale\" content=\"es_ES\" \/>\n<meta property=\"og:type\" content=\"article\" \/>\n<meta property=\"og:title\" content=\"Matria - Red Comunitaria en Salud - Diario Digital Femenino\" \/>\n<meta property=\"og:description\" content=\"Matria - Red Comunitaria en Salud. El objetivo de Matria - Red Comunitaria en Salud es desarrollar asistencia, prevenci\u00f3n, capacitaci\u00f3n y contenci\u00f3n\" \/>\n<meta property=\"og:url\" content=\"https:\/\/diariofemenino.com.ar\/df\/matria-red-comunitaria-en-salud\/\" \/>\n<meta property=\"og:site_name\" content=\"Diario Digital Femenino\" \/>\n<meta property=\"article:publisher\" content=\"https:\/\/www.facebook.com\/DiarioDigitaFemenino\/\" \/>\n<meta property=\"article:published_time\" content=\"2020-05-06T14:23:12+00:00\" \/>\n<meta property=\"article:modified_time\" content=\"2020-05-06T14:28:49+00:00\" \/>\n<meta property=\"og:image\" content=\"https:\/\/diariofemenino.com.ar\/df\/wp-content\/uploads\/2020\/05\/66264140_685945525197949_4537338463791349760_n.png\" \/>\n\t<meta property=\"og:image:width\" content=\"820\" \/>\n\t<meta property=\"og:image:height\" content=\"312\" \/>\n\t<meta property=\"og:image:type\" content=\"image\/png\" \/>\n<meta name=\"author\" content=\"Admin\" \/>\n<meta name=\"twitter:card\" content=\"summary_large_image\" \/>\n<meta name=\"twitter:creator\" content=\"@DiarioFemenino1\" \/>\n<meta name=\"twitter:site\" content=\"@DiarioFemenino1\" \/>\n<meta name=\"twitter:label1\" content=\"Escrito por\" \/>\n\t<meta name=\"twitter:data1\" content=\"Admin\" \/>\n\t<meta name=\"twitter:label2\" content=\"Tiempo de lectura\" \/>\n\t<meta name=\"twitter:data2\" content=\"5 minutos\" \/>\n<script type=\"application\/ld+json\" class=\"yoast-schema-graph\">{\"@context\":\"https:\\\/\\\/schema.org\",\"@graph\":[{\"@type\":\"Article\",\"@id\":\"https:\\\/\\\/diariofemenino.com.ar\\\/df\\\/matria-red-comunitaria-en-salud\\\/#article\",\"isPartOf\":{\"@id\":\"https:\\\/\\\/diariofemenino.com.ar\\\/df\\\/matria-red-comunitaria-en-salud\\\/\"},\"author\":{\"name\":\"Admin\",\"@id\":\"https:\\\/\\\/diariofemenino.com.ar\\\/df\\\/#\\\/schema\\\/person\\\/bf6199e8158c657ea6f789b11ec85509\"},\"headline\":\"Matria &#8211; Red Comunitaria en Salud\",\"datePublished\":\"2020-05-06T14:23:12+00:00\",\"dateModified\":\"2020-05-06T14:28:49+00:00\",\"mainEntityOfPage\":{\"@id\":\"https:\\\/\\\/diariofemenino.com.ar\\\/df\\\/matria-red-comunitaria-en-salud\\\/\"},\"wordCount\":1011,\"commentCount\":0,\"publisher\":{\"@id\":\"https:\\\/\\\/diariofemenino.com.ar\\\/df\\\/#organization\"},\"image\":{\"@id\":\"https:\\\/\\\/diariofemenino.com.ar\\\/df\\\/matria-red-comunitaria-en-salud\\\/#primaryimage\"},\"thumbnailUrl\":\"https:\\\/\\\/diariofemenino.com.ar\\\/df\\\/wp-content\\\/uploads\\\/2020\\\/05\\\/66264140_685945525197949_4537338463791349760_n.png\",\"keywords\":[\"Matria\",\"parto respetado\",\"Red de Salud\",\"Salud Sexual y Reproductiva\"],\"articleSection\":[\"Noticias\",\"Salud\"],\"inLanguage\":\"es\",\"potentialAction\":[{\"@type\":\"CommentAction\",\"name\":\"Comment\",\"target\":[\"https:\\\/\\\/diariofemenino.com.ar\\\/df\\\/matria-red-comunitaria-en-salud\\\/#respond\"]}]},{\"@type\":\"WebPage\",\"@id\":\"https:\\\/\\\/diariofemenino.com.ar\\\/df\\\/matria-red-comunitaria-en-salud\\\/\",\"url\":\"https:\\\/\\\/diariofemenino.com.ar\\\/df\\\/matria-red-comunitaria-en-salud\\\/\",\"name\":\"Matria - Red Comunitaria en Salud - Diario Digital Femenino\",\"isPartOf\":{\"@id\":\"https:\\\/\\\/diariofemenino.com.ar\\\/df\\\/#website\"},\"primaryImageOfPage\":{\"@id\":\"https:\\\/\\\/diariofemenino.com.ar\\\/df\\\/matria-red-comunitaria-en-salud\\\/#primaryimage\"},\"image\":{\"@id\":\"https:\\\/\\\/diariofemenino.com.ar\\\/df\\\/matria-red-comunitaria-en-salud\\\/#primaryimage\"},\"thumbnailUrl\":\"https:\\\/\\\/diariofemenino.com.ar\\\/df\\\/wp-content\\\/uploads\\\/2020\\\/05\\\/66264140_685945525197949_4537338463791349760_n.png\",\"datePublished\":\"2020-05-06T14:23:12+00:00\",\"dateModified\":\"2020-05-06T14:28:49+00:00\",\"description\":\"Matria - Red Comunitaria en Salud. El objetivo de Matria - Red Comunitaria en Salud es desarrollar asistencia, prevenci\u00f3n, capacitaci\u00f3n y contenci\u00f3n\",\"breadcrumb\":{\"@id\":\"https:\\\/\\\/diariofemenino.com.ar\\\/df\\\/matria-red-comunitaria-en-salud\\\/#breadcrumb\"},\"inLanguage\":\"es\",\"potentialAction\":[{\"@type\":\"ReadAction\",\"target\":[\"https:\\\/\\\/diariofemenino.com.ar\\\/df\\\/matria-red-comunitaria-en-salud\\\/\"]}]},{\"@type\":\"ImageObject\",\"inLanguage\":\"es\",\"@id\":\"https:\\\/\\\/diariofemenino.com.ar\\\/df\\\/matria-red-comunitaria-en-salud\\\/#primaryimage\",\"url\":\"https:\\\/\\\/diariofemenino.com.ar\\\/df\\\/wp-content\\\/uploads\\\/2020\\\/05\\\/66264140_685945525197949_4537338463791349760_n.png\",\"contentUrl\":\"https:\\\/\\\/diariofemenino.com.ar\\\/df\\\/wp-content\\\/uploads\\\/2020\\\/05\\\/66264140_685945525197949_4537338463791349760_n.png\",\"width\":820,\"height\":312,\"caption\":\"Matria - Red Comunitaria en Salud\"},{\"@type\":\"BreadcrumbList\",\"@id\":\"https:\\\/\\\/diariofemenino.com.ar\\\/df\\\/matria-red-comunitaria-en-salud\\\/#breadcrumb\",\"itemListElement\":[{\"@type\":\"ListItem\",\"position\":1,\"name\":\"Portada\",\"item\":\"https:\\\/\\\/diariofemenino.com.ar\\\/df\\\/\"},{\"@type\":\"ListItem\",\"position\":2,\"name\":\"Matria &#8211; Red Comunitaria en Salud\"}]},{\"@type\":\"WebSite\",\"@id\":\"https:\\\/\\\/diariofemenino.com.ar\\\/df\\\/#website\",\"url\":\"https:\\\/\\\/diariofemenino.com.ar\\\/df\\\/\",\"name\":\"Diario Digital Femenino\",\"description\":\"Cuesti\u00f3n de G\u00e9nero\",\"publisher\":{\"@id\":\"https:\\\/\\\/diariofemenino.com.ar\\\/df\\\/#organization\"},\"potentialAction\":[{\"@type\":\"SearchAction\",\"target\":{\"@type\":\"EntryPoint\",\"urlTemplate\":\"https:\\\/\\\/diariofemenino.com.ar\\\/df\\\/?s={search_term_string}\"},\"query-input\":{\"@type\":\"PropertyValueSpecification\",\"valueRequired\":true,\"valueName\":\"search_term_string\"}}],\"inLanguage\":\"es\"},{\"@type\":\"Organization\",\"@id\":\"https:\\\/\\\/diariofemenino.com.ar\\\/df\\\/#organization\",\"name\":\"Diario Femenino\",\"url\":\"https:\\\/\\\/diariofemenino.com.ar\\\/df\\\/\",\"logo\":{\"@type\":\"ImageObject\",\"inLanguage\":\"es\",\"@id\":\"https:\\\/\\\/diariofemenino.com.ar\\\/df\\\/#\\\/schema\\\/logo\\\/image\\\/\",\"url\":\"https:\\\/\\\/diariofemenino.com.ar\\\/df\\\/wp-content\\\/uploads\\\/2018\\\/10\\\/logo.png\",\"contentUrl\":\"https:\\\/\\\/diariofemenino.com.ar\\\/df\\\/wp-content\\\/uploads\\\/2018\\\/10\\\/logo.png\",\"width\":500,\"height\":92,\"caption\":\"Diario Femenino\"},\"image\":{\"@id\":\"https:\\\/\\\/diariofemenino.com.ar\\\/df\\\/#\\\/schema\\\/logo\\\/image\\\/\"},\"sameAs\":[\"https:\\\/\\\/www.facebook.com\\\/DiarioDigitaFemenino\\\/\",\"https:\\\/\\\/x.com\\\/DiarioFemenino1\"]},{\"@type\":\"Person\",\"@id\":\"https:\\\/\\\/diariofemenino.com.ar\\\/df\\\/#\\\/schema\\\/person\\\/bf6199e8158c657ea6f789b11ec85509\",\"name\":\"Admin\",\"image\":{\"@type\":\"ImageObject\",\"inLanguage\":\"es\",\"@id\":\"https:\\\/\\\/diariofemenino.com.ar\\\/df\\\/wp-content\\\/uploads\\\/2018\\\/12\\\/favicon-150x150.jpg\",\"url\":\"https:\\\/\\\/diariofemenino.com.ar\\\/df\\\/wp-content\\\/uploads\\\/2018\\\/12\\\/favicon-150x150.jpg\",\"contentUrl\":\"https:\\\/\\\/diariofemenino.com.ar\\\/df\\\/wp-content\\\/uploads\\\/2018\\\/12\\\/favicon-150x150.jpg\",\"caption\":\"Admin\"},\"url\":\"https:\\\/\\\/diariofemenino.com.ar\\\/df\\\/author\\\/lenny\\\/\"}]}<\/script>\n<!-- \/ Yoast SEO plugin. -->","yoast_head_json":{"title":"Matria - Red Comunitaria en Salud - Diario Digital Femenino","description":"Matria - Red Comunitaria en Salud. El objetivo de Matria - Red Comunitaria en Salud es desarrollar asistencia, prevenci\u00f3n, capacitaci\u00f3n y contenci\u00f3n","robots":{"index":"index","follow":"follow","max-snippet":"max-snippet:-1","max-image-preview":"max-image-preview:large","max-video-preview":"max-video-preview:-1"},"canonical":"https:\/\/diariofemenino.com.ar\/df\/matria-red-comunitaria-en-salud\/","og_locale":"es_ES","og_type":"article","og_title":"Matria - Red Comunitaria en Salud - Diario Digital Femenino","og_description":"Matria - Red Comunitaria en Salud. El objetivo de Matria - Red Comunitaria en Salud es desarrollar asistencia, prevenci\u00f3n, capacitaci\u00f3n y contenci\u00f3n","og_url":"https:\/\/diariofemenino.com.ar\/df\/matria-red-comunitaria-en-salud\/","og_site_name":"Diario Digital Femenino","article_publisher":"https:\/\/www.facebook.com\/DiarioDigitaFemenino\/","article_published_time":"2020-05-06T14:23:12+00:00","article_modified_time":"2020-05-06T14:28:49+00:00","og_image":[{"width":820,"height":312,"url":"https:\/\/diariofemenino.com.ar\/df\/wp-content\/uploads\/2020\/05\/66264140_685945525197949_4537338463791349760_n.png","type":"image\/png"}],"author":"Admin","twitter_card":"summary_large_image","twitter_creator":"@DiarioFemenino1","twitter_site":"@DiarioFemenino1","twitter_misc":{"Escrito por":"Admin","Tiempo de lectura":"5 minutos"},"schema":{"@context":"https:\/\/schema.org","@graph":[{"@type":"Article","@id":"https:\/\/diariofemenino.com.ar\/df\/matria-red-comunitaria-en-salud\/#article","isPartOf":{"@id":"https:\/\/diariofemenino.com.ar\/df\/matria-red-comunitaria-en-salud\/"},"author":{"name":"Admin","@id":"https:\/\/diariofemenino.com.ar\/df\/#\/schema\/person\/bf6199e8158c657ea6f789b11ec85509"},"headline":"Matria &#8211; Red Comunitaria en Salud","datePublished":"2020-05-06T14:23:12+00:00","dateModified":"2020-05-06T14:28:49+00:00","mainEntityOfPage":{"@id":"https:\/\/diariofemenino.com.ar\/df\/matria-red-comunitaria-en-salud\/"},"wordCount":1011,"commentCount":0,"publisher":{"@id":"https:\/\/diariofemenino.com.ar\/df\/#organization"},"image":{"@id":"https:\/\/diariofemenino.com.ar\/df\/matria-red-comunitaria-en-salud\/#primaryimage"},"thumbnailUrl":"https:\/\/diariofemenino.com.ar\/df\/wp-content\/uploads\/2020\/05\/66264140_685945525197949_4537338463791349760_n.png","keywords":["Matria","parto respetado","Red de Salud","Salud Sexual y Reproductiva"],"articleSection":["Noticias","Salud"],"inLanguage":"es","potentialAction":[{"@type":"CommentAction","name":"Comment","target":["https:\/\/diariofemenino.com.ar\/df\/matria-red-comunitaria-en-salud\/#respond"]}]},{"@type":"WebPage","@id":"https:\/\/diariofemenino.com.ar\/df\/matria-red-comunitaria-en-salud\/","url":"https:\/\/diariofemenino.com.ar\/df\/matria-red-comunitaria-en-salud\/","name":"Matria - Red Comunitaria en Salud - Diario Digital Femenino","isPartOf":{"@id":"https:\/\/diariofemenino.com.ar\/df\/#website"},"primaryImageOfPage":{"@id":"https:\/\/diariofemenino.com.ar\/df\/matria-red-comunitaria-en-salud\/#primaryimage"},"image":{"@id":"https:\/\/diariofemenino.com.ar\/df\/matria-red-comunitaria-en-salud\/#primaryimage"},"thumbnailUrl":"https:\/\/diariofemenino.com.ar\/df\/wp-content\/uploads\/2020\/05\/66264140_685945525197949_4537338463791349760_n.png","datePublished":"2020-05-06T14:23:12+00:00","dateModified":"2020-05-06T14:28:49+00:00","description":"Matria - Red Comunitaria en Salud. El objetivo de Matria - Red Comunitaria en Salud es desarrollar asistencia, prevenci\u00f3n, capacitaci\u00f3n y contenci\u00f3n","breadcrumb":{"@id":"https:\/\/diariofemenino.com.ar\/df\/matria-red-comunitaria-en-salud\/#breadcrumb"},"inLanguage":"es","potentialAction":[{"@type":"ReadAction","target":["https:\/\/diariofemenino.com.ar\/df\/matria-red-comunitaria-en-salud\/"]}]},{"@type":"ImageObject","inLanguage":"es","@id":"https:\/\/diariofemenino.com.ar\/df\/matria-red-comunitaria-en-salud\/#primaryimage","url":"https:\/\/diariofemenino.com.ar\/df\/wp-content\/uploads\/2020\/05\/66264140_685945525197949_4537338463791349760_n.png","contentUrl":"https:\/\/diariofemenino.com.ar\/df\/wp-content\/uploads\/2020\/05\/66264140_685945525197949_4537338463791349760_n.png","width":820,"height":312,"caption":"Matria - Red Comunitaria en Salud"},{"@type":"BreadcrumbList","@id":"https:\/\/diariofemenino.com.ar\/df\/matria-red-comunitaria-en-salud\/#breadcrumb","itemListElement":[{"@type":"ListItem","position":1,"name":"Portada","item":"https:\/\/diariofemenino.com.ar\/df\/"},{"@type":"ListItem","position":2,"name":"Matria &#8211; Red Comunitaria en Salud"}]},{"@type":"WebSite","@id":"https:\/\/diariofemenino.com.ar\/df\/#website","url":"https:\/\/diariofemenino.com.ar\/df\/","name":"Diario Digital Femenino","description":"Cuesti\u00f3n de G\u00e9nero","publisher":{"@id":"https:\/\/diariofemenino.com.ar\/df\/#organization"},"potentialAction":[{"@type":"SearchAction","target":{"@type":"EntryPoint","urlTemplate":"https:\/\/diariofemenino.com.ar\/df\/?s={search_term_string}"},"query-input":{"@type":"PropertyValueSpecification","valueRequired":true,"valueName":"search_term_string"}}],"inLanguage":"es"},{"@type":"Organization","@id":"https:\/\/diariofemenino.com.ar\/df\/#organization","name":"Diario Femenino","url":"https:\/\/diariofemenino.com.ar\/df\/","logo":{"@type":"ImageObject","inLanguage":"es","@id":"https:\/\/diariofemenino.com.ar\/df\/#\/schema\/logo\/image\/","url":"https:\/\/diariofemenino.com.ar\/df\/wp-content\/uploads\/2018\/10\/logo.png","contentUrl":"https:\/\/diariofemenino.com.ar\/df\/wp-content\/uploads\/2018\/10\/logo.png","width":500,"height":92,"caption":"Diario Femenino"},"image":{"@id":"https:\/\/diariofemenino.com.ar\/df\/#\/schema\/logo\/image\/"},"sameAs":["https:\/\/www.facebook.com\/DiarioDigitaFemenino\/","https:\/\/x.com\/DiarioFemenino1"]},{"@type":"Person","@id":"https:\/\/diariofemenino.com.ar\/df\/#\/schema\/person\/bf6199e8158c657ea6f789b11ec85509","name":"Admin","image":{"@type":"ImageObject","inLanguage":"es","@id":"https:\/\/diariofemenino.com.ar\/df\/wp-content\/uploads\/2018\/12\/favicon-150x150.jpg","url":"https:\/\/diariofemenino.com.ar\/df\/wp-content\/uploads\/2018\/12\/favicon-150x150.jpg","contentUrl":"https:\/\/diariofemenino.com.ar\/df\/wp-content\/uploads\/2018\/12\/favicon-150x150.jpg","caption":"Admin"},"url":"https:\/\/diariofemenino.com.ar\/df\/author\/lenny\/"}]}},"jetpack_featured_media_url":"https:\/\/diariofemenino.com.ar\/df\/wp-content\/uploads\/2020\/05\/66264140_685945525197949_4537338463791349760_n.png","jetpack_sharing_enabled":true,"rttpg_featured_image_url":{"full":["https:\/\/diariofemenino.com.ar\/df\/wp-content\/uploads\/2020\/05\/66264140_685945525197949_4537338463791349760_n.png",820,312,false],"landscape":["https:\/\/diariofemenino.com.ar\/df\/wp-content\/uploads\/2020\/05\/66264140_685945525197949_4537338463791349760_n.png",820,312,false],"portraits":["https:\/\/diariofemenino.com.ar\/df\/wp-content\/uploads\/2020\/05\/66264140_685945525197949_4537338463791349760_n.png",820,312,false],"thumbnail":["https:\/\/diariofemenino.com.ar\/df\/wp-content\/uploads\/2020\/05\/66264140_685945525197949_4537338463791349760_n-150x150.png",150,150,true],"medium":["https:\/\/diariofemenino.com.ar\/df\/wp-content\/uploads\/2020\/05\/66264140_685945525197949_4537338463791349760_n-300x114.png",300,114,true],"large":["https:\/\/diariofemenino.com.ar\/df\/wp-content\/uploads\/2020\/05\/66264140_685945525197949_4537338463791349760_n.png",820,312,false],"1536x1536":["https:\/\/diariofemenino.com.ar\/df\/wp-content\/uploads\/2020\/05\/66264140_685945525197949_4537338463791349760_n.png",820,312,false],"2048x2048":["https:\/\/diariofemenino.com.ar\/df\/wp-content\/uploads\/2020\/05\/66264140_685945525197949_4537338463791349760_n.png",820,312,false]},"rttpg_author":{"display_name":"Admin","author_link":"https:\/\/diariofemenino.com.ar\/df\/author\/lenny\/"},"rttpg_comment":0,"rttpg_category":"<a href=\"https:\/\/diariofemenino.com.ar\/df\/category\/noticias\/\" rel=\"category tag\">Noticias<\/a> <a href=\"https:\/\/diariofemenino.com.ar\/df\/category\/salud\/\" rel=\"category tag\">Salud<\/a>","rttpg_excerpt":"Matria &#8211; Red Comunitaria en Salud surge en el oto\u00f1o de 2019 tras observar durante a\u00f1os desigualdades e incumplimientos en el campo de los derechos sexuales y reproductivos. Somos un grupo de mujeres de variadas profesiones que decidimos juntarnos y armar esta asociaci\u00f3n civil centrada en las personas con capacidad de gestar o transitando el&hellip;","_links":{"self":[{"href":"https:\/\/diariofemenino.com.ar\/df\/wp-json\/wp\/v2\/posts\/48482","targetHints":{"allow":["GET"]}}],"collection":[{"href":"https:\/\/diariofemenino.com.ar\/df\/wp-json\/wp\/v2\/posts"}],"about":[{"href":"https:\/\/diariofemenino.com.ar\/df\/wp-json\/wp\/v2\/types\/post"}],"author":[{"embeddable":true,"href":"https:\/\/diariofemenino.com.ar\/df\/wp-json\/wp\/v2\/users\/4"}],"replies":[{"embeddable":true,"href":"https:\/\/diariofemenino.com.ar\/df\/wp-json\/wp\/v2\/comments?post=48482"}],"version-history":[{"count":0,"href":"https:\/\/diariofemenino.com.ar\/df\/wp-json\/wp\/v2\/posts\/48482\/revisions"}],"wp:featuredmedia":[{"embeddable":true,"href":"https:\/\/diariofemenino.com.ar\/df\/wp-json\/wp\/v2\/media\/48485"}],"wp:attachment":[{"href":"https:\/\/diariofemenino.com.ar\/df\/wp-json\/wp\/v2\/media?parent=48482"}],"wp:term":[{"taxonomy":"category","embeddable":true,"href":"https:\/\/diariofemenino.com.ar\/df\/wp-json\/wp\/v2\/categories?post=48482"},{"taxonomy":"post_tag","embeddable":true,"href":"https:\/\/diariofemenino.com.ar\/df\/wp-json\/wp\/v2\/tags?post=48482"}],"curies":[{"name":"wp","href":"https:\/\/api.w.org\/{rel}","templated":true}]}}