{"id":48471,"date":"2020-05-05T16:04:26","date_gmt":"2020-05-05T19:04:26","guid":{"rendered":"https:\/\/diariofemenino.com.ar\/?p=48471"},"modified":"2020-05-05T16:04:26","modified_gmt":"2020-05-05T19:04:26","slug":"lenguaje-inclusivo-no-sexista-en-tiempos-del-covid-19","status":"publish","type":"post","link":"https:\/\/diariofemenino.com.ar\/df\/lenguaje-inclusivo-no-sexista-en-tiempos-del-covid-19\/","title":{"rendered":"Lenguaje Inclusivo no sexista en tiempos del COVID 19"},"content":{"rendered":"<p>Cuando empez\u00f3 el confinamiento a causa del COVID 19, la romantizaci\u00f3n hab\u00eda llegado a tanto que hasta se animaron a decir: \u201c<em>Esta pandemia nos har\u00e1 mejores personas\u201d.\u00a0<\/em>Pero no, no fue as\u00ed porque el odio busca cualquier excusa para lucirse.<\/p>\n<p><strong>Por <a href=\"https:\/\/www.semmexico.mx\/?p=20196\">Norma Loto<\/a>*<\/strong><\/p>\n<figure id=\"attachment_48475\" aria-describedby=\"caption-attachment-48475\" style=\"width: 395px\" class=\"wp-caption aligncenter\"><img loading=\"lazy\" decoding=\"async\" class=\" wp-image-48475\" src=\"https:\/\/diariofemenino.com.ar\/df\/wp-content\/uploads\/2020\/05\/lengNosexista4.jpg\" alt=\"Lenguaje Inclusivo no sexista en tiempos del COVID 19\" width=\"395\" height=\"384\" srcset=\"https:\/\/diariofemenino.com.ar\/df\/wp-content\/uploads\/2020\/05\/lengNosexista4.jpg 980w, https:\/\/diariofemenino.com.ar\/df\/wp-content\/uploads\/2020\/05\/lengNosexista4-300x291.jpg 300w, https:\/\/diariofemenino.com.ar\/df\/wp-content\/uploads\/2020\/05\/lengNosexista4-768x746.jpg 768w\" sizes=\"auto, (max-width: 395px) 100vw, 395px\" \/><figcaption id=\"caption-attachment-48475\" class=\"wp-caption-text\">Lenguaje Inclusivo no sexista en tiempos del COVID 19<\/figcaption><\/figure>\n<p>Ayer, en 4 horas elHashtag #LenguajeInclusivo fue TT en Twitter. El motivo: d\u00edas atr\u00e1s se conoci\u00f3 la intervenci\u00f3n de un pasaje de la Mart\u00edn Fierro de Jos\u00e9 Hern\u00e1ndez por parte del fil\u00f3sofo Dar\u00edo Sztajnszrajber. Esta obra es considerada un valor criollo, nacional. Algo que parece una digresi\u00f3n en el actual contexto de pandemia, no lo es al menos en Argentina que en los \u00faltimos d\u00edas se cacerolea desde los balcones para manifestarse a favor de empresarios, en contra de la prisi\u00f3n domiciliaria a la poblaci\u00f3n carcelaria y la lista podr\u00eda seguir.<\/p>\n<p>Es decir, ni la pandemia que parec\u00eda que hab\u00eda llegado para aleccionarnos humanamente impide que el odio explote como ma\u00edz pisingallo al convertir\u00e9 en poror\u00f3. Cualquier excusa es raz\u00f3n para atacar y hoy le toc\u00f3 al lenguaje inclusivo no sexista.<\/p>\n<p>Hace muchos a\u00f1os que estudio el lenguaje inclusivo no sexista. Lo ense\u00f1o y materno con \u00e9l en todas sus variantes, porque creo que su peso es mucho mayor de la discusi\u00f3n gramatical. No uso solo la E para incluir, soy de la generaci\u00f3n que luch\u00f3 porque nos nombren con la A, y no creo necesario desaparecerla ni englobarla en la E. Politizar es nombrarnos y por eso uso la E y la A, para politizarnos todo el tiempo. Digo esto a riesgo de ganarme enemigues. Y, digo bien: enemiguEs.<\/p>\n<p>Por lo dem\u00e1s, no creo en el determinismo <a href=\"https:\/\/diariofemenino.com.ar\/para-contarla-mejor\/\">ling\u00fc\u00edstico<\/a>, pero s\u00ed puedo dar fe que el lenguaje influye en un encuadre de la realidad.<\/p>\n<p>Sin embargo, es m\u00e1s, los medios de comunicaci\u00f3n recurren a lo que en ret\u00f3rica llamamos\u00a0<em>Falacia ad populum<\/em>. Es decir, tirar informaci\u00f3n err\u00f3nea para alimentar algunos idearios que se basan no s\u00f3lo en el odio sino en la falta de conocimiento por parte de la sociedad. Algunas de las falacias que circularon fueron por ejemplo que: una docente calific\u00f3 con un\u00a0<strong><em>une<\/em><\/strong>\u00a0a un examen de un estudiante que estaba escrito en inclusivo no sexista; otra fue la publicaci\u00f3n que asevera que la RAE puso fin al uso de la E. Y no fue as\u00ed, la Academia solo se pronunci\u00f3 y recomend\u00f3; no prohibi\u00f3 y no puede prohibirlo.<\/p>\n<p>En medio del aislamiento social y obligatorio el lenguaje inclusivo no sexista tuvo su momento. Y fue entonces cuando record\u00e9 al poeta y escritor brasilero Luis F. Verissimo que hace tiempo escribi\u00f3 un microrelato llamado SEXA, y trataba de un ni\u00f1o que interrogaba a su padre:<\/p>\n<p>\u2013\u00bfC\u00f3mo es el femenino de sexo?<\/p>\n<p>\u2013No tiene.<\/p>\n<p>(\u2026)<\/p>\n<p>\u2013\u00bfSexo no tiene femenino?<\/p>\n<p>\u2013No.<\/p>\n<p>\u2013\u00bfS\u00f3lo hay sexo masculino?<\/p>\n<p>\u2013S\u00ed. Es decir, no. Existen dos sexos. Masculino y femenino.<\/p>\n<p>\u2013\u00bfY c\u00f3mo es el femenino de sexo?<\/p>\n<p>\u2013No tiene femenino. Sexo es siempre masculino.<\/p>\n<p>\u2013Pero vos mismo dijiste que hay sexo masculino y femenino.<\/p>\n<p>\u2013El sexo puede ser masculino o femenino. La palabra \u00absexo\u00bb es masculina. El sexo masculino, el sexo femenino.<\/p>\n<p>\u2013\u00bfNo deber\u00eda ser \u00abla sexa\u00bb?<\/p>\n<p>\u2013No.<\/p>\n<p>Y luego de un engorroso ida y vuelta, el padre se cansa y dice al hijo: \u2013\u00a1Basta! And\u00e1 a jugar.El muchacho sale y la madre entra. El padre comenta: \u2013Tenemos que vigilar a este chico\u2026<\/p>\n<p>\u2013\u00bfPor qu\u00e9?, pregunta la madre.<\/p>\n<p>\u2013S\u00f3lo piensa en gram\u00e1tica.<\/p>\n<p>Record\u00e9 a la Saxa, lo rele\u00ed y rememor\u00e9 un encuentro previo al aislamiento #COVID19 con #Se\u00f1oraHater de mi barrio. Ella me saluda amablemente en el gimnasio y me pregunta:<\/p>\n<p>-\u00bfC\u00f3mo es el inclusivo de sexo?<\/p>\n<p>\u2013 Hmmm. Sexe<\/p>\n<p>\u2013 No, usted se equivoca.<\/p>\n<p>\u2013 El sexo es masculino o femenino<\/p>\n<p>\u2013 Habito en una realidad no binaria. Pero si lo desea puede decir: sexa.<\/p>\n<p>\u2013 Pero usted me dijo que el inclusivo de sexo es sexe.<\/p>\n<p>\u2013 Sexe, sexa, sexo; d\u00edgalo como quiera.<\/p>\n<p>\u2013 Ah, querida vos con sexe te refer\u00eds a esa cosa feminista, de los gays y todo eso. Odio el \u201ctodes\u201d. La RAE lo prohibi\u00f3.<\/p>\n<p><em>La vecina se retira enojada y entra amigx<\/em><\/p>\n<p>-Tenemos que cuidarnos de la vecina.<\/p>\n<p>\u2013 \u00bfPor qu\u00e9? Ignorala, s\u00f3lo piensa en la gram\u00e1tica.<\/p>\n<p>\u2013 No, ella piensa con odio.<\/p>\n<p>&nbsp;<\/p>\n<p>*<strong><a href=\"https:\/\/www.semmexico.mx\/\">SemM\u00e9xico\/SEMlac<\/a>. Buenos Aires. 5 de mayo de 2020.<\/strong><\/p>\n<p>&nbsp;<\/p>\n<p><a href=\"https:\/\/diariofemenino.com.ar\/\">Diario Digital Femenino<\/a><\/p>\n","protected":false},"excerpt":{"rendered":"<p>Cuando empez\u00f3 el confinamiento a causa del COVID 19, la romantizaci\u00f3n hab\u00eda llegado a tanto que hasta se animaron a decir: \u201cEsta pandemia nos har\u00e1 mejores personas\u201d.\u00a0Pero no, no fue as\u00ed porque el odio busca cualquier excusa para lucirse. Por Norma Loto* Ayer, en 4 horas elHashtag #LenguajeInclusivo fue TT en Twitter. El motivo: d\u00edas [&hellip;]<\/p>\n","protected":false},"author":4,"featured_media":48473,"comment_status":"open","ping_status":"open","sticky":false,"template":"","format":"standard","meta":{"iawp_total_views":29,"footnotes":""},"categories":[7,1067,9,3],"tags":[11,2366,1672,1572],"class_list":["post-48471","post","type-post","status-publish","format-standard","has-post-thumbnail","hentry","category-actividades","category-agenda-feminista","category-de-esi-si-se-habla","category-de-la-revolucion-al-reaprendizaje","tag-educacion","tag-lenguaje-inclusivo-no-sexista","tag-norma-loto","tag-twitter"],"nelio_content":{"autoShareEndMode":"never","automationSources":{"useCustomSentences":false,"customSentences":[]},"efiAlt":"","efiUrl":"","followers":[4],"highlights":[],"isAutoShareEnabled":true,"networkImageIds":[],"permalinkQueryArgs":[],"series":[],"suggestedReferences":[]},"yoast_head":"<!-- This site is optimized with the Yoast SEO plugin v27.5 - https:\/\/yoast.com\/product\/yoast-seo-wordpress\/ -->\n<title>Lenguaje Inclusivo no sexista en tiempos del COVID 19 - Diario Digital Femenino<\/title>\n<meta name=\"description\" content=\"Lenguaje Inclusivo no sexista. Por Norma Loto. El lunes 4 de mayo en 4 horas elHashtag #LenguajeInclusivo fue TT en Twitter.\" \/>\n<meta name=\"robots\" content=\"index, follow, max-snippet:-1, max-image-preview:large, max-video-preview:-1\" \/>\n<link rel=\"canonical\" href=\"https:\/\/diariofemenino.com.ar\/df\/lenguaje-inclusivo-no-sexista-en-tiempos-del-covid-19\/\" \/>\n<meta property=\"og:locale\" content=\"es_ES\" \/>\n<meta property=\"og:type\" content=\"article\" \/>\n<meta property=\"og:title\" content=\"Lenguaje Inclusivo no sexista en tiempos del COVID 19 - Diario Digital Femenino\" \/>\n<meta property=\"og:description\" content=\"Lenguaje Inclusivo no sexista. Por Norma Loto. El lunes 4 de mayo en 4 horas elHashtag #LenguajeInclusivo fue TT en Twitter.\" \/>\n<meta property=\"og:url\" content=\"https:\/\/diariofemenino.com.ar\/df\/lenguaje-inclusivo-no-sexista-en-tiempos-del-covid-19\/\" \/>\n<meta property=\"og:site_name\" content=\"Diario Digital Femenino\" \/>\n<meta property=\"article:publisher\" content=\"https:\/\/www.facebook.com\/DiarioDigitaFemenino\/\" \/>\n<meta property=\"article:published_time\" content=\"2020-05-05T19:04:26+00:00\" \/>\n<meta property=\"og:image\" content=\"https:\/\/diariofemenino.com.ar\/df\/wp-content\/uploads\/2020\/05\/4701c27fd6cf1bae4b718218d1e7c7b6_XL.jpg\" \/>\n\t<meta property=\"og:image:width\" content=\"900\" \/>\n\t<meta property=\"og:image:height\" content=\"478\" \/>\n\t<meta property=\"og:image:type\" content=\"image\/jpeg\" \/>\n<meta name=\"author\" content=\"Admin\" \/>\n<meta name=\"twitter:card\" content=\"summary_large_image\" \/>\n<meta name=\"twitter:creator\" content=\"@DiarioFemenino1\" \/>\n<meta name=\"twitter:site\" content=\"@DiarioFemenino1\" \/>\n<meta name=\"twitter:label1\" content=\"Escrito por\" \/>\n\t<meta name=\"twitter:data1\" content=\"Admin\" \/>\n\t<meta name=\"twitter:label2\" content=\"Tiempo de lectura\" \/>\n\t<meta name=\"twitter:data2\" content=\"4 minutos\" \/>\n<script type=\"application\/ld+json\" class=\"yoast-schema-graph\">{\"@context\":\"https:\\\/\\\/schema.org\",\"@graph\":[{\"@type\":\"Article\",\"@id\":\"https:\\\/\\\/diariofemenino.com.ar\\\/df\\\/lenguaje-inclusivo-no-sexista-en-tiempos-del-covid-19\\\/#article\",\"isPartOf\":{\"@id\":\"https:\\\/\\\/diariofemenino.com.ar\\\/df\\\/lenguaje-inclusivo-no-sexista-en-tiempos-del-covid-19\\\/\"},\"author\":{\"name\":\"Admin\",\"@id\":\"https:\\\/\\\/diariofemenino.com.ar\\\/df\\\/#\\\/schema\\\/person\\\/bf6199e8158c657ea6f789b11ec85509\"},\"headline\":\"Lenguaje Inclusivo no sexista en tiempos del COVID 19\",\"datePublished\":\"2020-05-05T19:04:26+00:00\",\"mainEntityOfPage\":{\"@id\":\"https:\\\/\\\/diariofemenino.com.ar\\\/df\\\/lenguaje-inclusivo-no-sexista-en-tiempos-del-covid-19\\\/\"},\"wordCount\":768,\"commentCount\":0,\"publisher\":{\"@id\":\"https:\\\/\\\/diariofemenino.com.ar\\\/df\\\/#organization\"},\"image\":{\"@id\":\"https:\\\/\\\/diariofemenino.com.ar\\\/df\\\/lenguaje-inclusivo-no-sexista-en-tiempos-del-covid-19\\\/#primaryimage\"},\"thumbnailUrl\":\"https:\\\/\\\/diariofemenino.com.ar\\\/df\\\/wp-content\\\/uploads\\\/2020\\\/05\\\/4701c27fd6cf1bae4b718218d1e7c7b6_XL.jpg\",\"keywords\":[\"Educaci\u00f3n\",\"Lenguaje inclusivo no sexista\",\"Norma Loto\",\"Twitter\"],\"articleSection\":[\"Actividades\",\"Agenda Feminista\",\"De ESI S\u00ed Se Habla\",\"De la Revoluci\u00f3n al Reaprendizaje\"],\"inLanguage\":\"es\",\"potentialAction\":[{\"@type\":\"CommentAction\",\"name\":\"Comment\",\"target\":[\"https:\\\/\\\/diariofemenino.com.ar\\\/df\\\/lenguaje-inclusivo-no-sexista-en-tiempos-del-covid-19\\\/#respond\"]}]},{\"@type\":\"WebPage\",\"@id\":\"https:\\\/\\\/diariofemenino.com.ar\\\/df\\\/lenguaje-inclusivo-no-sexista-en-tiempos-del-covid-19\\\/\",\"url\":\"https:\\\/\\\/diariofemenino.com.ar\\\/df\\\/lenguaje-inclusivo-no-sexista-en-tiempos-del-covid-19\\\/\",\"name\":\"Lenguaje Inclusivo no sexista en tiempos del COVID 19 - Diario Digital Femenino\",\"isPartOf\":{\"@id\":\"https:\\\/\\\/diariofemenino.com.ar\\\/df\\\/#website\"},\"primaryImageOfPage\":{\"@id\":\"https:\\\/\\\/diariofemenino.com.ar\\\/df\\\/lenguaje-inclusivo-no-sexista-en-tiempos-del-covid-19\\\/#primaryimage\"},\"image\":{\"@id\":\"https:\\\/\\\/diariofemenino.com.ar\\\/df\\\/lenguaje-inclusivo-no-sexista-en-tiempos-del-covid-19\\\/#primaryimage\"},\"thumbnailUrl\":\"https:\\\/\\\/diariofemenino.com.ar\\\/df\\\/wp-content\\\/uploads\\\/2020\\\/05\\\/4701c27fd6cf1bae4b718218d1e7c7b6_XL.jpg\",\"datePublished\":\"2020-05-05T19:04:26+00:00\",\"description\":\"Lenguaje Inclusivo no sexista. Por Norma Loto. El lunes 4 de mayo en 4 horas elHashtag #LenguajeInclusivo fue TT en Twitter.\",\"breadcrumb\":{\"@id\":\"https:\\\/\\\/diariofemenino.com.ar\\\/df\\\/lenguaje-inclusivo-no-sexista-en-tiempos-del-covid-19\\\/#breadcrumb\"},\"inLanguage\":\"es\",\"potentialAction\":[{\"@type\":\"ReadAction\",\"target\":[\"https:\\\/\\\/diariofemenino.com.ar\\\/df\\\/lenguaje-inclusivo-no-sexista-en-tiempos-del-covid-19\\\/\"]}]},{\"@type\":\"ImageObject\",\"inLanguage\":\"es\",\"@id\":\"https:\\\/\\\/diariofemenino.com.ar\\\/df\\\/lenguaje-inclusivo-no-sexista-en-tiempos-del-covid-19\\\/#primaryimage\",\"url\":\"https:\\\/\\\/diariofemenino.com.ar\\\/df\\\/wp-content\\\/uploads\\\/2020\\\/05\\\/4701c27fd6cf1bae4b718218d1e7c7b6_XL.jpg\",\"contentUrl\":\"https:\\\/\\\/diariofemenino.com.ar\\\/df\\\/wp-content\\\/uploads\\\/2020\\\/05\\\/4701c27fd6cf1bae4b718218d1e7c7b6_XL.jpg\",\"width\":900,\"height\":478,\"caption\":\"Lenguaje Inclusivo no sexista en tiempos del COVID 19\"},{\"@type\":\"BreadcrumbList\",\"@id\":\"https:\\\/\\\/diariofemenino.com.ar\\\/df\\\/lenguaje-inclusivo-no-sexista-en-tiempos-del-covid-19\\\/#breadcrumb\",\"itemListElement\":[{\"@type\":\"ListItem\",\"position\":1,\"name\":\"Portada\",\"item\":\"https:\\\/\\\/diariofemenino.com.ar\\\/df\\\/\"},{\"@type\":\"ListItem\",\"position\":2,\"name\":\"Lenguaje Inclusivo no sexista en tiempos del COVID 19\"}]},{\"@type\":\"WebSite\",\"@id\":\"https:\\\/\\\/diariofemenino.com.ar\\\/df\\\/#website\",\"url\":\"https:\\\/\\\/diariofemenino.com.ar\\\/df\\\/\",\"name\":\"Diario Digital Femenino\",\"description\":\"Cuesti\u00f3n de G\u00e9nero\",\"publisher\":{\"@id\":\"https:\\\/\\\/diariofemenino.com.ar\\\/df\\\/#organization\"},\"potentialAction\":[{\"@type\":\"SearchAction\",\"target\":{\"@type\":\"EntryPoint\",\"urlTemplate\":\"https:\\\/\\\/diariofemenino.com.ar\\\/df\\\/?s={search_term_string}\"},\"query-input\":{\"@type\":\"PropertyValueSpecification\",\"valueRequired\":true,\"valueName\":\"search_term_string\"}}],\"inLanguage\":\"es\"},{\"@type\":\"Organization\",\"@id\":\"https:\\\/\\\/diariofemenino.com.ar\\\/df\\\/#organization\",\"name\":\"Diario Femenino\",\"url\":\"https:\\\/\\\/diariofemenino.com.ar\\\/df\\\/\",\"logo\":{\"@type\":\"ImageObject\",\"inLanguage\":\"es\",\"@id\":\"https:\\\/\\\/diariofemenino.com.ar\\\/df\\\/#\\\/schema\\\/logo\\\/image\\\/\",\"url\":\"https:\\\/\\\/diariofemenino.com.ar\\\/df\\\/wp-content\\\/uploads\\\/2018\\\/10\\\/logo.png\",\"contentUrl\":\"https:\\\/\\\/diariofemenino.com.ar\\\/df\\\/wp-content\\\/uploads\\\/2018\\\/10\\\/logo.png\",\"width\":500,\"height\":92,\"caption\":\"Diario Femenino\"},\"image\":{\"@id\":\"https:\\\/\\\/diariofemenino.com.ar\\\/df\\\/#\\\/schema\\\/logo\\\/image\\\/\"},\"sameAs\":[\"https:\\\/\\\/www.facebook.com\\\/DiarioDigitaFemenino\\\/\",\"https:\\\/\\\/x.com\\\/DiarioFemenino1\"]},{\"@type\":\"Person\",\"@id\":\"https:\\\/\\\/diariofemenino.com.ar\\\/df\\\/#\\\/schema\\\/person\\\/bf6199e8158c657ea6f789b11ec85509\",\"name\":\"Admin\",\"image\":{\"@type\":\"ImageObject\",\"inLanguage\":\"es\",\"@id\":\"https:\\\/\\\/diariofemenino.com.ar\\\/df\\\/wp-content\\\/uploads\\\/2018\\\/12\\\/favicon-150x150.jpg\",\"url\":\"https:\\\/\\\/diariofemenino.com.ar\\\/df\\\/wp-content\\\/uploads\\\/2018\\\/12\\\/favicon-150x150.jpg\",\"contentUrl\":\"https:\\\/\\\/diariofemenino.com.ar\\\/df\\\/wp-content\\\/uploads\\\/2018\\\/12\\\/favicon-150x150.jpg\",\"caption\":\"Admin\"},\"url\":\"https:\\\/\\\/diariofemenino.com.ar\\\/df\\\/author\\\/lenny\\\/\"}]}<\/script>\n<!-- \/ Yoast SEO plugin. -->","yoast_head_json":{"title":"Lenguaje Inclusivo no sexista en tiempos del COVID 19 - Diario Digital Femenino","description":"Lenguaje Inclusivo no sexista. Por Norma Loto. El lunes 4 de mayo en 4 horas elHashtag #LenguajeInclusivo fue TT en Twitter.","robots":{"index":"index","follow":"follow","max-snippet":"max-snippet:-1","max-image-preview":"max-image-preview:large","max-video-preview":"max-video-preview:-1"},"canonical":"https:\/\/diariofemenino.com.ar\/df\/lenguaje-inclusivo-no-sexista-en-tiempos-del-covid-19\/","og_locale":"es_ES","og_type":"article","og_title":"Lenguaje Inclusivo no sexista en tiempos del COVID 19 - Diario Digital Femenino","og_description":"Lenguaje Inclusivo no sexista. Por Norma Loto. El lunes 4 de mayo en 4 horas elHashtag #LenguajeInclusivo fue TT en Twitter.","og_url":"https:\/\/diariofemenino.com.ar\/df\/lenguaje-inclusivo-no-sexista-en-tiempos-del-covid-19\/","og_site_name":"Diario Digital Femenino","article_publisher":"https:\/\/www.facebook.com\/DiarioDigitaFemenino\/","article_published_time":"2020-05-05T19:04:26+00:00","og_image":[{"width":900,"height":478,"url":"https:\/\/diariofemenino.com.ar\/df\/wp-content\/uploads\/2020\/05\/4701c27fd6cf1bae4b718218d1e7c7b6_XL.jpg","type":"image\/jpeg"}],"author":"Admin","twitter_card":"summary_large_image","twitter_creator":"@DiarioFemenino1","twitter_site":"@DiarioFemenino1","twitter_misc":{"Escrito por":"Admin","Tiempo de lectura":"4 minutos"},"schema":{"@context":"https:\/\/schema.org","@graph":[{"@type":"Article","@id":"https:\/\/diariofemenino.com.ar\/df\/lenguaje-inclusivo-no-sexista-en-tiempos-del-covid-19\/#article","isPartOf":{"@id":"https:\/\/diariofemenino.com.ar\/df\/lenguaje-inclusivo-no-sexista-en-tiempos-del-covid-19\/"},"author":{"name":"Admin","@id":"https:\/\/diariofemenino.com.ar\/df\/#\/schema\/person\/bf6199e8158c657ea6f789b11ec85509"},"headline":"Lenguaje Inclusivo no sexista en tiempos del COVID 19","datePublished":"2020-05-05T19:04:26+00:00","mainEntityOfPage":{"@id":"https:\/\/diariofemenino.com.ar\/df\/lenguaje-inclusivo-no-sexista-en-tiempos-del-covid-19\/"},"wordCount":768,"commentCount":0,"publisher":{"@id":"https:\/\/diariofemenino.com.ar\/df\/#organization"},"image":{"@id":"https:\/\/diariofemenino.com.ar\/df\/lenguaje-inclusivo-no-sexista-en-tiempos-del-covid-19\/#primaryimage"},"thumbnailUrl":"https:\/\/diariofemenino.com.ar\/df\/wp-content\/uploads\/2020\/05\/4701c27fd6cf1bae4b718218d1e7c7b6_XL.jpg","keywords":["Educaci\u00f3n","Lenguaje inclusivo no sexista","Norma Loto","Twitter"],"articleSection":["Actividades","Agenda Feminista","De ESI S\u00ed Se Habla","De la Revoluci\u00f3n al Reaprendizaje"],"inLanguage":"es","potentialAction":[{"@type":"CommentAction","name":"Comment","target":["https:\/\/diariofemenino.com.ar\/df\/lenguaje-inclusivo-no-sexista-en-tiempos-del-covid-19\/#respond"]}]},{"@type":"WebPage","@id":"https:\/\/diariofemenino.com.ar\/df\/lenguaje-inclusivo-no-sexista-en-tiempos-del-covid-19\/","url":"https:\/\/diariofemenino.com.ar\/df\/lenguaje-inclusivo-no-sexista-en-tiempos-del-covid-19\/","name":"Lenguaje Inclusivo no sexista en tiempos del COVID 19 - Diario Digital Femenino","isPartOf":{"@id":"https:\/\/diariofemenino.com.ar\/df\/#website"},"primaryImageOfPage":{"@id":"https:\/\/diariofemenino.com.ar\/df\/lenguaje-inclusivo-no-sexista-en-tiempos-del-covid-19\/#primaryimage"},"image":{"@id":"https:\/\/diariofemenino.com.ar\/df\/lenguaje-inclusivo-no-sexista-en-tiempos-del-covid-19\/#primaryimage"},"thumbnailUrl":"https:\/\/diariofemenino.com.ar\/df\/wp-content\/uploads\/2020\/05\/4701c27fd6cf1bae4b718218d1e7c7b6_XL.jpg","datePublished":"2020-05-05T19:04:26+00:00","description":"Lenguaje Inclusivo no sexista. Por Norma Loto. El lunes 4 de mayo en 4 horas elHashtag #LenguajeInclusivo fue TT en Twitter.","breadcrumb":{"@id":"https:\/\/diariofemenino.com.ar\/df\/lenguaje-inclusivo-no-sexista-en-tiempos-del-covid-19\/#breadcrumb"},"inLanguage":"es","potentialAction":[{"@type":"ReadAction","target":["https:\/\/diariofemenino.com.ar\/df\/lenguaje-inclusivo-no-sexista-en-tiempos-del-covid-19\/"]}]},{"@type":"ImageObject","inLanguage":"es","@id":"https:\/\/diariofemenino.com.ar\/df\/lenguaje-inclusivo-no-sexista-en-tiempos-del-covid-19\/#primaryimage","url":"https:\/\/diariofemenino.com.ar\/df\/wp-content\/uploads\/2020\/05\/4701c27fd6cf1bae4b718218d1e7c7b6_XL.jpg","contentUrl":"https:\/\/diariofemenino.com.ar\/df\/wp-content\/uploads\/2020\/05\/4701c27fd6cf1bae4b718218d1e7c7b6_XL.jpg","width":900,"height":478,"caption":"Lenguaje Inclusivo no sexista en tiempos del COVID 19"},{"@type":"BreadcrumbList","@id":"https:\/\/diariofemenino.com.ar\/df\/lenguaje-inclusivo-no-sexista-en-tiempos-del-covid-19\/#breadcrumb","itemListElement":[{"@type":"ListItem","position":1,"name":"Portada","item":"https:\/\/diariofemenino.com.ar\/df\/"},{"@type":"ListItem","position":2,"name":"Lenguaje Inclusivo no sexista en tiempos del COVID 19"}]},{"@type":"WebSite","@id":"https:\/\/diariofemenino.com.ar\/df\/#website","url":"https:\/\/diariofemenino.com.ar\/df\/","name":"Diario Digital Femenino","description":"Cuesti\u00f3n de G\u00e9nero","publisher":{"@id":"https:\/\/diariofemenino.com.ar\/df\/#organization"},"potentialAction":[{"@type":"SearchAction","target":{"@type":"EntryPoint","urlTemplate":"https:\/\/diariofemenino.com.ar\/df\/?s={search_term_string}"},"query-input":{"@type":"PropertyValueSpecification","valueRequired":true,"valueName":"search_term_string"}}],"inLanguage":"es"},{"@type":"Organization","@id":"https:\/\/diariofemenino.com.ar\/df\/#organization","name":"Diario Femenino","url":"https:\/\/diariofemenino.com.ar\/df\/","logo":{"@type":"ImageObject","inLanguage":"es","@id":"https:\/\/diariofemenino.com.ar\/df\/#\/schema\/logo\/image\/","url":"https:\/\/diariofemenino.com.ar\/df\/wp-content\/uploads\/2018\/10\/logo.png","contentUrl":"https:\/\/diariofemenino.com.ar\/df\/wp-content\/uploads\/2018\/10\/logo.png","width":500,"height":92,"caption":"Diario Femenino"},"image":{"@id":"https:\/\/diariofemenino.com.ar\/df\/#\/schema\/logo\/image\/"},"sameAs":["https:\/\/www.facebook.com\/DiarioDigitaFemenino\/","https:\/\/x.com\/DiarioFemenino1"]},{"@type":"Person","@id":"https:\/\/diariofemenino.com.ar\/df\/#\/schema\/person\/bf6199e8158c657ea6f789b11ec85509","name":"Admin","image":{"@type":"ImageObject","inLanguage":"es","@id":"https:\/\/diariofemenino.com.ar\/df\/wp-content\/uploads\/2018\/12\/favicon-150x150.jpg","url":"https:\/\/diariofemenino.com.ar\/df\/wp-content\/uploads\/2018\/12\/favicon-150x150.jpg","contentUrl":"https:\/\/diariofemenino.com.ar\/df\/wp-content\/uploads\/2018\/12\/favicon-150x150.jpg","caption":"Admin"},"url":"https:\/\/diariofemenino.com.ar\/df\/author\/lenny\/"}]}},"jetpack_featured_media_url":"https:\/\/diariofemenino.com.ar\/df\/wp-content\/uploads\/2020\/05\/4701c27fd6cf1bae4b718218d1e7c7b6_XL.jpg","jetpack_sharing_enabled":true,"rttpg_featured_image_url":{"full":["https:\/\/diariofemenino.com.ar\/df\/wp-content\/uploads\/2020\/05\/4701c27fd6cf1bae4b718218d1e7c7b6_XL.jpg",900,478,false],"landscape":["https:\/\/diariofemenino.com.ar\/df\/wp-content\/uploads\/2020\/05\/4701c27fd6cf1bae4b718218d1e7c7b6_XL.jpg",900,478,false],"portraits":["https:\/\/diariofemenino.com.ar\/df\/wp-content\/uploads\/2020\/05\/4701c27fd6cf1bae4b718218d1e7c7b6_XL.jpg",900,478,false],"thumbnail":["https:\/\/diariofemenino.com.ar\/df\/wp-content\/uploads\/2020\/05\/4701c27fd6cf1bae4b718218d1e7c7b6_XL-150x150.jpg",150,150,true],"medium":["https:\/\/diariofemenino.com.ar\/df\/wp-content\/uploads\/2020\/05\/4701c27fd6cf1bae4b718218d1e7c7b6_XL-300x159.jpg",300,159,true],"large":["https:\/\/diariofemenino.com.ar\/df\/wp-content\/uploads\/2020\/05\/4701c27fd6cf1bae4b718218d1e7c7b6_XL.jpg",900,478,false],"1536x1536":["https:\/\/diariofemenino.com.ar\/df\/wp-content\/uploads\/2020\/05\/4701c27fd6cf1bae4b718218d1e7c7b6_XL.jpg",900,478,false],"2048x2048":["https:\/\/diariofemenino.com.ar\/df\/wp-content\/uploads\/2020\/05\/4701c27fd6cf1bae4b718218d1e7c7b6_XL.jpg",900,478,false]},"rttpg_author":{"display_name":"Admin","author_link":"https:\/\/diariofemenino.com.ar\/df\/author\/lenny\/"},"rttpg_comment":0,"rttpg_category":"<a href=\"https:\/\/diariofemenino.com.ar\/df\/category\/actividades\/\" rel=\"category tag\">Actividades<\/a> <a href=\"https:\/\/diariofemenino.com.ar\/df\/category\/agenda-feminista\/\" rel=\"category tag\">Agenda Feminista<\/a> <a href=\"https:\/\/diariofemenino.com.ar\/df\/category\/de-esi-si-se-habla\/\" rel=\"category tag\">De ESI S\u00ed Se Habla<\/a> <a href=\"https:\/\/diariofemenino.com.ar\/df\/category\/de-la-revolucion-al-reaprendizaje\/\" rel=\"category tag\">De la Revoluci\u00f3n al Reaprendizaje<\/a>","rttpg_excerpt":"Cuando empez\u00f3 el confinamiento a causa del COVID 19, la romantizaci\u00f3n hab\u00eda llegado a tanto que hasta se animaron a decir: \u201cEsta pandemia nos har\u00e1 mejores personas\u201d.\u00a0Pero no, no fue as\u00ed porque el odio busca cualquier excusa para lucirse. Por Norma Loto* Ayer, en 4 horas elHashtag #LenguajeInclusivo fue TT en Twitter. El motivo: d\u00edas&hellip;","_links":{"self":[{"href":"https:\/\/diariofemenino.com.ar\/df\/wp-json\/wp\/v2\/posts\/48471","targetHints":{"allow":["GET"]}}],"collection":[{"href":"https:\/\/diariofemenino.com.ar\/df\/wp-json\/wp\/v2\/posts"}],"about":[{"href":"https:\/\/diariofemenino.com.ar\/df\/wp-json\/wp\/v2\/types\/post"}],"author":[{"embeddable":true,"href":"https:\/\/diariofemenino.com.ar\/df\/wp-json\/wp\/v2\/users\/4"}],"replies":[{"embeddable":true,"href":"https:\/\/diariofemenino.com.ar\/df\/wp-json\/wp\/v2\/comments?post=48471"}],"version-history":[{"count":0,"href":"https:\/\/diariofemenino.com.ar\/df\/wp-json\/wp\/v2\/posts\/48471\/revisions"}],"wp:featuredmedia":[{"embeddable":true,"href":"https:\/\/diariofemenino.com.ar\/df\/wp-json\/wp\/v2\/media\/48473"}],"wp:attachment":[{"href":"https:\/\/diariofemenino.com.ar\/df\/wp-json\/wp\/v2\/media?parent=48471"}],"wp:term":[{"taxonomy":"category","embeddable":true,"href":"https:\/\/diariofemenino.com.ar\/df\/wp-json\/wp\/v2\/categories?post=48471"},{"taxonomy":"post_tag","embeddable":true,"href":"https:\/\/diariofemenino.com.ar\/df\/wp-json\/wp\/v2\/tags?post=48471"}],"curies":[{"name":"wp","href":"https:\/\/api.w.org\/{rel}","templated":true}]}}