{"id":4830,"date":"2012-11-15T00:16:09","date_gmt":"2012-11-15T03:16:09","guid":{"rendered":"http:\/\/www.diariofemenino.com.ar\/?p=4830"},"modified":"2012-11-15T00:16:09","modified_gmt":"2012-11-15T03:16:09","slug":"la-camara-baja-sanciono-el-proyecto-original-para-penalizar-el-femicidio","status":"publish","type":"post","link":"https:\/\/diariofemenino.com.ar\/df\/la-camara-baja-sanciono-el-proyecto-original-para-penalizar-el-femicidio\/","title":{"rendered":"La C\u00e1mara baja sancion\u00f3 el proyecto original para penalizar el femicidio"},"content":{"rendered":"<p>&nbsp;<br \/>\n<strong>14 de noviembre de 2012. Diputados convirti\u00f3 en ley, por unanimidad, el texto all\u00ed aprobado en abril, que hab\u00eda sido modificado en el Senado. El texto aprobado agrava las penas por el asesinato \u201ca una mujer cuando el hecho sea perpetrado por un hombre y mediare violencia de g\u00e9nero\u201d.<\/strong><br \/>\n<a href=\"http:\/\/www.diariofemenino.com.ar\/wp-content\/uploads\/diputados_fpv_votacion.jpg\"><img loading=\"lazy\" decoding=\"async\" class=\"alignleft size-full wp-image-4831\" src=\"http:\/\/www.diariofemenino.com.ar\/wp-content\/uploads\/diputados_fpv_votacion.jpg\" alt=\"\" width=\"298\" height=\"200\" \/><\/a><br \/>\n&nbsp;<br \/>\n&nbsp;<br \/>\n&nbsp;<br \/>\n&nbsp;<br \/>\n&nbsp;<br \/>\n&nbsp;<br \/>\n&nbsp;<\/p>\n<div>De manera un\u00e1nime, la C\u00e1mara de Diputados sancion\u00f3, con su redacci\u00f3n original, el proyecto venido del Senado que agrava las penas por casos de femicidio o asesinatos cometidos por violencia de g\u00e9nero.<br \/>\nSe trata del mismo proyecto aprobado por este cuerpo en abril, pero que los senadores hab\u00edan modificado al dedicarle al delito un art\u00edculo particular en el C\u00f3digo Penal \u2013el 80 bis-, cuando la C\u00e1mara baja propon\u00eda incorporarlo como agravante.<br \/>\nAnte la opci\u00f3n de tomar partida por una de las versiones, en la C\u00e1mara de origen acordaron insistir y sancionar el primer texto, para lo cual necesitaban el voto favorable de los dos tercios de los presentes.<br \/>\nAs\u00ed, se buscan agravar las penas por homicidios cometidos por \u201codio de g\u00e9nero o a la orientaci\u00f3n sexual, identidad de g\u00e9nero o su expresi\u00f3n\u201d, ya que hasta el momento s\u00f3lo se contemplan los delitos \u201cpor placer, codicia, odio racial o religioso\u201d. Frente a estos casos, se impondr\u00e1 reclusi\u00f3n o prisi\u00f3n perpetua.<br \/>\nEn lo que hace al femicidio, el proyecto de Diputados crea el inciso 11 del art\u00edculo 80, para agravar las penas por el asesinato \u201ca una mujer cuando el hecho sea perpetrado por un hombre y mediare violencia de g\u00e9nero\u201d.<br \/>\nAsimismo, se contempla -adem\u00e1s del c\u00f3nyuge- el delito contra el \u201cex c\u00f3nyuge, o a la persona con quien mantiene o ha mantenido una relaci\u00f3n de pareja, mediare o no convivencia\u201d, con el prop\u00f3sito de equiparar a quienes han formalizado el v\u00ednculo con aquellos que no lo han formalizado. Esta modificaci\u00f3n va en l\u00ednea con la reforma del C\u00f3digo Civil, en el sentido de contemplar nuevas formas de familia.<br \/>\nPor otra parte, se reforzar\u00e1n las penas para los casos de \u201chomicidio vinculado\u201d; esto es, el homicidio de otra persona con el fin de causar sufrimiento a una persona con la que ha mantenido o mantiene una relaci\u00f3n afectiva.<br \/>\nEl proyecto establece que, cuando en los casos de relaciones de pareja \u201cmediaren circunstancias extraordinarias de atenuaci\u00f3n, el juez podr\u00e1 aplicar prisi\u00f3n o reclusi\u00f3n de 8 a 25 a\u00f1os\u201d, lo que \u201cno ser\u00e1 aplicable a quien anteriormente hubiera realizado actos de violencia contra la mujer v\u00edctima\u201d.<\/div>\n<div>\n<\/div>\n<div><\/div>\n<div><\/div>\n<div><\/div>\n<div><\/div>\n<div><\/div>\n<div>Fuente:<a href=\"http:\/\/www.parlamentario.com\/noticia-50100.html\" target=\"_blank\"> Parlamentario.com<\/a><\/div>\n<p>&nbsp;<\/p>\n","protected":false},"excerpt":{"rendered":"<p>&nbsp; 14 de noviembre de 2012. Diputados convirti\u00f3 en ley, por unanimidad, el texto all\u00ed aprobado en abril, que hab\u00eda sido modificado en el Senado. El texto aprobado agrava las penas por el asesinato \u201ca una mujer cuando el hecho sea perpetrado por un hombre y mediare violencia de g\u00e9nero\u201d. &nbsp; &nbsp; &nbsp; &nbsp; &nbsp; [&hellip;]<\/p>\n","protected":false},"author":1,"featured_media":0,"comment_status":"open","ping_status":"open","sticky":false,"template":"","format":"standard","meta":{"iawp_total_views":2,"footnotes":""},"categories":[5,4,21],"tags":[],"class_list":["post-4830","post","type-post","status-publish","format-standard","hentry","category-historias-de-vida","category-medios","category-noticias"],"nelio_content":{"autoShareEndMode":"never","automationSources":{"useCustomSentences":false,"customSentences":[]},"efiAlt":"","efiUrl":"","followers":[],"highlights":[],"isAutoShareEnabled":true,"networkImageIds":[],"permalinkQueryArgs":[],"series":[],"suggestedReferences":[]},"yoast_head":"<!-- This site is optimized with the Yoast SEO plugin v27.4 - https:\/\/yoast.com\/product\/yoast-seo-wordpress\/ -->\n<title>La C\u00e1mara baja sancion\u00f3 el proyecto original para penalizar el femicidio - Diario Digital Femenino<\/title>\n<meta name=\"robots\" content=\"index, follow, max-snippet:-1, max-image-preview:large, max-video-preview:-1\" \/>\n<link rel=\"canonical\" href=\"https:\/\/diariofemenino.com.ar\/df\/la-camara-baja-sanciono-el-proyecto-original-para-penalizar-el-femicidio\/\" \/>\n<meta property=\"og:locale\" content=\"es_ES\" \/>\n<meta property=\"og:type\" content=\"article\" \/>\n<meta property=\"og:title\" content=\"La C\u00e1mara baja sancion\u00f3 el proyecto original para penalizar el femicidio - Diario Digital Femenino\" \/>\n<meta property=\"og:description\" content=\"&nbsp; 14 de noviembre de 2012. Diputados convirti\u00f3 en ley, por unanimidad, el texto all\u00ed aprobado en abril, que hab\u00eda sido modificado en el Senado. El texto aprobado agrava las penas por el asesinato \u201ca una mujer cuando el hecho sea perpetrado por un hombre y mediare violencia de g\u00e9nero\u201d. &nbsp; &nbsp; &nbsp; &nbsp; &nbsp; [&hellip;]\" \/>\n<meta property=\"og:url\" content=\"https:\/\/diariofemenino.com.ar\/df\/la-camara-baja-sanciono-el-proyecto-original-para-penalizar-el-femicidio\/\" \/>\n<meta property=\"og:site_name\" content=\"Diario Digital Femenino\" \/>\n<meta property=\"article:publisher\" content=\"https:\/\/www.facebook.com\/DiarioDigitaFemenino\/\" \/>\n<meta property=\"article:published_time\" content=\"2012-11-15T03:16:09+00:00\" \/>\n<meta property=\"og:image\" content=\"http:\/\/www.diariofemenino.com.ar\/wp-content\/uploads\/diputados_fpv_votacion.jpg\" \/>\n<meta name=\"author\" content=\"Admin\" \/>\n<meta name=\"twitter:card\" content=\"summary_large_image\" \/>\n<meta name=\"twitter:creator\" content=\"@DiarioFemenino1\" \/>\n<meta name=\"twitter:site\" content=\"@DiarioFemenino1\" \/>\n<meta name=\"twitter:label1\" content=\"Escrito por\" \/>\n\t<meta name=\"twitter:data1\" content=\"Admin\" \/>\n\t<meta name=\"twitter:label2\" content=\"Tiempo de lectura\" \/>\n\t<meta name=\"twitter:data2\" content=\"2 minutos\" \/>\n<script type=\"application\/ld+json\" class=\"yoast-schema-graph\">{\"@context\":\"https:\\\/\\\/schema.org\",\"@graph\":[{\"@type\":\"Article\",\"@id\":\"https:\\\/\\\/diariofemenino.com.ar\\\/df\\\/la-camara-baja-sanciono-el-proyecto-original-para-penalizar-el-femicidio\\\/#article\",\"isPartOf\":{\"@id\":\"https:\\\/\\\/diariofemenino.com.ar\\\/df\\\/la-camara-baja-sanciono-el-proyecto-original-para-penalizar-el-femicidio\\\/\"},\"author\":{\"name\":\"Admin\",\"@id\":\"https:\\\/\\\/diariofemenino.com.ar\\\/df\\\/#\\\/schema\\\/person\\\/38f54b3bfd13f561de2460ba95c169c6\"},\"headline\":\"La C\u00e1mara baja sancion\u00f3 el proyecto original para penalizar el femicidio\",\"datePublished\":\"2012-11-15T03:16:09+00:00\",\"mainEntityOfPage\":{\"@id\":\"https:\\\/\\\/diariofemenino.com.ar\\\/df\\\/la-camara-baja-sanciono-el-proyecto-original-para-penalizar-el-femicidio\\\/\"},\"wordCount\":456,\"commentCount\":0,\"publisher\":{\"@id\":\"https:\\\/\\\/diariofemenino.com.ar\\\/df\\\/#organization\"},\"image\":{\"@id\":\"https:\\\/\\\/diariofemenino.com.ar\\\/df\\\/la-camara-baja-sanciono-el-proyecto-original-para-penalizar-el-femicidio\\\/#primaryimage\"},\"thumbnailUrl\":\"http:\\\/\\\/www.diariofemenino.com.ar\\\/wp-content\\\/uploads\\\/diputados_fpv_votacion.jpg\",\"articleSection\":[\"Historias de vida\",\"Medios\",\"Noticias\"],\"inLanguage\":\"es\",\"potentialAction\":[{\"@type\":\"CommentAction\",\"name\":\"Comment\",\"target\":[\"https:\\\/\\\/diariofemenino.com.ar\\\/df\\\/la-camara-baja-sanciono-el-proyecto-original-para-penalizar-el-femicidio\\\/#respond\"]}]},{\"@type\":\"WebPage\",\"@id\":\"https:\\\/\\\/diariofemenino.com.ar\\\/df\\\/la-camara-baja-sanciono-el-proyecto-original-para-penalizar-el-femicidio\\\/\",\"url\":\"https:\\\/\\\/diariofemenino.com.ar\\\/df\\\/la-camara-baja-sanciono-el-proyecto-original-para-penalizar-el-femicidio\\\/\",\"name\":\"La C\u00e1mara baja sancion\u00f3 el proyecto original para penalizar el femicidio - Diario Digital Femenino\",\"isPartOf\":{\"@id\":\"https:\\\/\\\/diariofemenino.com.ar\\\/df\\\/#website\"},\"primaryImageOfPage\":{\"@id\":\"https:\\\/\\\/diariofemenino.com.ar\\\/df\\\/la-camara-baja-sanciono-el-proyecto-original-para-penalizar-el-femicidio\\\/#primaryimage\"},\"image\":{\"@id\":\"https:\\\/\\\/diariofemenino.com.ar\\\/df\\\/la-camara-baja-sanciono-el-proyecto-original-para-penalizar-el-femicidio\\\/#primaryimage\"},\"thumbnailUrl\":\"http:\\\/\\\/www.diariofemenino.com.ar\\\/wp-content\\\/uploads\\\/diputados_fpv_votacion.jpg\",\"datePublished\":\"2012-11-15T03:16:09+00:00\",\"breadcrumb\":{\"@id\":\"https:\\\/\\\/diariofemenino.com.ar\\\/df\\\/la-camara-baja-sanciono-el-proyecto-original-para-penalizar-el-femicidio\\\/#breadcrumb\"},\"inLanguage\":\"es\",\"potentialAction\":[{\"@type\":\"ReadAction\",\"target\":[\"https:\\\/\\\/diariofemenino.com.ar\\\/df\\\/la-camara-baja-sanciono-el-proyecto-original-para-penalizar-el-femicidio\\\/\"]}]},{\"@type\":\"ImageObject\",\"inLanguage\":\"es\",\"@id\":\"https:\\\/\\\/diariofemenino.com.ar\\\/df\\\/la-camara-baja-sanciono-el-proyecto-original-para-penalizar-el-femicidio\\\/#primaryimage\",\"url\":\"http:\\\/\\\/www.diariofemenino.com.ar\\\/wp-content\\\/uploads\\\/diputados_fpv_votacion.jpg\",\"contentUrl\":\"http:\\\/\\\/www.diariofemenino.com.ar\\\/wp-content\\\/uploads\\\/diputados_fpv_votacion.jpg\"},{\"@type\":\"BreadcrumbList\",\"@id\":\"https:\\\/\\\/diariofemenino.com.ar\\\/df\\\/la-camara-baja-sanciono-el-proyecto-original-para-penalizar-el-femicidio\\\/#breadcrumb\",\"itemListElement\":[{\"@type\":\"ListItem\",\"position\":1,\"name\":\"Portada\",\"item\":\"https:\\\/\\\/diariofemenino.com.ar\\\/df\\\/\"},{\"@type\":\"ListItem\",\"position\":2,\"name\":\"La C\u00e1mara baja sancion\u00f3 el proyecto original para penalizar el femicidio\"}]},{\"@type\":\"WebSite\",\"@id\":\"https:\\\/\\\/diariofemenino.com.ar\\\/df\\\/#website\",\"url\":\"https:\\\/\\\/diariofemenino.com.ar\\\/df\\\/\",\"name\":\"Diario Digital Femenino\",\"description\":\"Cuesti\u00f3n de G\u00e9nero\",\"publisher\":{\"@id\":\"https:\\\/\\\/diariofemenino.com.ar\\\/df\\\/#organization\"},\"potentialAction\":[{\"@type\":\"SearchAction\",\"target\":{\"@type\":\"EntryPoint\",\"urlTemplate\":\"https:\\\/\\\/diariofemenino.com.ar\\\/df\\\/?s={search_term_string}\"},\"query-input\":{\"@type\":\"PropertyValueSpecification\",\"valueRequired\":true,\"valueName\":\"search_term_string\"}}],\"inLanguage\":\"es\"},{\"@type\":\"Organization\",\"@id\":\"https:\\\/\\\/diariofemenino.com.ar\\\/df\\\/#organization\",\"name\":\"Diario Femenino\",\"url\":\"https:\\\/\\\/diariofemenino.com.ar\\\/df\\\/\",\"logo\":{\"@type\":\"ImageObject\",\"inLanguage\":\"es\",\"@id\":\"https:\\\/\\\/diariofemenino.com.ar\\\/df\\\/#\\\/schema\\\/logo\\\/image\\\/\",\"url\":\"https:\\\/\\\/diariofemenino.com.ar\\\/df\\\/wp-content\\\/uploads\\\/2018\\\/10\\\/logo.png\",\"contentUrl\":\"https:\\\/\\\/diariofemenino.com.ar\\\/df\\\/wp-content\\\/uploads\\\/2018\\\/10\\\/logo.png\",\"width\":500,\"height\":92,\"caption\":\"Diario Femenino\"},\"image\":{\"@id\":\"https:\\\/\\\/diariofemenino.com.ar\\\/df\\\/#\\\/schema\\\/logo\\\/image\\\/\"},\"sameAs\":[\"https:\\\/\\\/www.facebook.com\\\/DiarioDigitaFemenino\\\/\",\"https:\\\/\\\/x.com\\\/DiarioFemenino1\"]},{\"@type\":\"Person\",\"@id\":\"https:\\\/\\\/diariofemenino.com.ar\\\/df\\\/#\\\/schema\\\/person\\\/38f54b3bfd13f561de2460ba95c169c6\",\"name\":\"Admin\",\"image\":{\"@type\":\"ImageObject\",\"inLanguage\":\"es\",\"@id\":\"https:\\\/\\\/diariofemenino.com.ar\\\/df\\\/wp-content\\\/uploads\\\/2018\\\/12\\\/favicon-150x150.jpg\",\"url\":\"https:\\\/\\\/diariofemenino.com.ar\\\/df\\\/wp-content\\\/uploads\\\/2018\\\/12\\\/favicon-150x150.jpg\",\"contentUrl\":\"https:\\\/\\\/diariofemenino.com.ar\\\/df\\\/wp-content\\\/uploads\\\/2018\\\/12\\\/favicon-150x150.jpg\",\"caption\":\"Admin\"},\"url\":\"https:\\\/\\\/diariofemenino.com.ar\\\/df\\\/author\\\/adm18df\\\/\"}]}<\/script>\n<!-- \/ Yoast SEO plugin. -->","yoast_head_json":{"title":"La C\u00e1mara baja sancion\u00f3 el proyecto original para penalizar el femicidio - Diario Digital Femenino","robots":{"index":"index","follow":"follow","max-snippet":"max-snippet:-1","max-image-preview":"max-image-preview:large","max-video-preview":"max-video-preview:-1"},"canonical":"https:\/\/diariofemenino.com.ar\/df\/la-camara-baja-sanciono-el-proyecto-original-para-penalizar-el-femicidio\/","og_locale":"es_ES","og_type":"article","og_title":"La C\u00e1mara baja sancion\u00f3 el proyecto original para penalizar el femicidio - Diario Digital Femenino","og_description":"&nbsp; 14 de noviembre de 2012. Diputados convirti\u00f3 en ley, por unanimidad, el texto all\u00ed aprobado en abril, que hab\u00eda sido modificado en el Senado. El texto aprobado agrava las penas por el asesinato \u201ca una mujer cuando el hecho sea perpetrado por un hombre y mediare violencia de g\u00e9nero\u201d. &nbsp; &nbsp; &nbsp; &nbsp; &nbsp; [&hellip;]","og_url":"https:\/\/diariofemenino.com.ar\/df\/la-camara-baja-sanciono-el-proyecto-original-para-penalizar-el-femicidio\/","og_site_name":"Diario Digital Femenino","article_publisher":"https:\/\/www.facebook.com\/DiarioDigitaFemenino\/","article_published_time":"2012-11-15T03:16:09+00:00","og_image":[{"url":"http:\/\/www.diariofemenino.com.ar\/wp-content\/uploads\/diputados_fpv_votacion.jpg","type":"","width":"","height":""}],"author":"Admin","twitter_card":"summary_large_image","twitter_creator":"@DiarioFemenino1","twitter_site":"@DiarioFemenino1","twitter_misc":{"Escrito por":"Admin","Tiempo de lectura":"2 minutos"},"schema":{"@context":"https:\/\/schema.org","@graph":[{"@type":"Article","@id":"https:\/\/diariofemenino.com.ar\/df\/la-camara-baja-sanciono-el-proyecto-original-para-penalizar-el-femicidio\/#article","isPartOf":{"@id":"https:\/\/diariofemenino.com.ar\/df\/la-camara-baja-sanciono-el-proyecto-original-para-penalizar-el-femicidio\/"},"author":{"name":"Admin","@id":"https:\/\/diariofemenino.com.ar\/df\/#\/schema\/person\/38f54b3bfd13f561de2460ba95c169c6"},"headline":"La C\u00e1mara baja sancion\u00f3 el proyecto original para penalizar el femicidio","datePublished":"2012-11-15T03:16:09+00:00","mainEntityOfPage":{"@id":"https:\/\/diariofemenino.com.ar\/df\/la-camara-baja-sanciono-el-proyecto-original-para-penalizar-el-femicidio\/"},"wordCount":456,"commentCount":0,"publisher":{"@id":"https:\/\/diariofemenino.com.ar\/df\/#organization"},"image":{"@id":"https:\/\/diariofemenino.com.ar\/df\/la-camara-baja-sanciono-el-proyecto-original-para-penalizar-el-femicidio\/#primaryimage"},"thumbnailUrl":"http:\/\/www.diariofemenino.com.ar\/wp-content\/uploads\/diputados_fpv_votacion.jpg","articleSection":["Historias de vida","Medios","Noticias"],"inLanguage":"es","potentialAction":[{"@type":"CommentAction","name":"Comment","target":["https:\/\/diariofemenino.com.ar\/df\/la-camara-baja-sanciono-el-proyecto-original-para-penalizar-el-femicidio\/#respond"]}]},{"@type":"WebPage","@id":"https:\/\/diariofemenino.com.ar\/df\/la-camara-baja-sanciono-el-proyecto-original-para-penalizar-el-femicidio\/","url":"https:\/\/diariofemenino.com.ar\/df\/la-camara-baja-sanciono-el-proyecto-original-para-penalizar-el-femicidio\/","name":"La C\u00e1mara baja sancion\u00f3 el proyecto original para penalizar el femicidio - Diario Digital Femenino","isPartOf":{"@id":"https:\/\/diariofemenino.com.ar\/df\/#website"},"primaryImageOfPage":{"@id":"https:\/\/diariofemenino.com.ar\/df\/la-camara-baja-sanciono-el-proyecto-original-para-penalizar-el-femicidio\/#primaryimage"},"image":{"@id":"https:\/\/diariofemenino.com.ar\/df\/la-camara-baja-sanciono-el-proyecto-original-para-penalizar-el-femicidio\/#primaryimage"},"thumbnailUrl":"http:\/\/www.diariofemenino.com.ar\/wp-content\/uploads\/diputados_fpv_votacion.jpg","datePublished":"2012-11-15T03:16:09+00:00","breadcrumb":{"@id":"https:\/\/diariofemenino.com.ar\/df\/la-camara-baja-sanciono-el-proyecto-original-para-penalizar-el-femicidio\/#breadcrumb"},"inLanguage":"es","potentialAction":[{"@type":"ReadAction","target":["https:\/\/diariofemenino.com.ar\/df\/la-camara-baja-sanciono-el-proyecto-original-para-penalizar-el-femicidio\/"]}]},{"@type":"ImageObject","inLanguage":"es","@id":"https:\/\/diariofemenino.com.ar\/df\/la-camara-baja-sanciono-el-proyecto-original-para-penalizar-el-femicidio\/#primaryimage","url":"http:\/\/www.diariofemenino.com.ar\/wp-content\/uploads\/diputados_fpv_votacion.jpg","contentUrl":"http:\/\/www.diariofemenino.com.ar\/wp-content\/uploads\/diputados_fpv_votacion.jpg"},{"@type":"BreadcrumbList","@id":"https:\/\/diariofemenino.com.ar\/df\/la-camara-baja-sanciono-el-proyecto-original-para-penalizar-el-femicidio\/#breadcrumb","itemListElement":[{"@type":"ListItem","position":1,"name":"Portada","item":"https:\/\/diariofemenino.com.ar\/df\/"},{"@type":"ListItem","position":2,"name":"La C\u00e1mara baja sancion\u00f3 el proyecto original para penalizar el femicidio"}]},{"@type":"WebSite","@id":"https:\/\/diariofemenino.com.ar\/df\/#website","url":"https:\/\/diariofemenino.com.ar\/df\/","name":"Diario Digital Femenino","description":"Cuesti\u00f3n de G\u00e9nero","publisher":{"@id":"https:\/\/diariofemenino.com.ar\/df\/#organization"},"potentialAction":[{"@type":"SearchAction","target":{"@type":"EntryPoint","urlTemplate":"https:\/\/diariofemenino.com.ar\/df\/?s={search_term_string}"},"query-input":{"@type":"PropertyValueSpecification","valueRequired":true,"valueName":"search_term_string"}}],"inLanguage":"es"},{"@type":"Organization","@id":"https:\/\/diariofemenino.com.ar\/df\/#organization","name":"Diario Femenino","url":"https:\/\/diariofemenino.com.ar\/df\/","logo":{"@type":"ImageObject","inLanguage":"es","@id":"https:\/\/diariofemenino.com.ar\/df\/#\/schema\/logo\/image\/","url":"https:\/\/diariofemenino.com.ar\/df\/wp-content\/uploads\/2018\/10\/logo.png","contentUrl":"https:\/\/diariofemenino.com.ar\/df\/wp-content\/uploads\/2018\/10\/logo.png","width":500,"height":92,"caption":"Diario Femenino"},"image":{"@id":"https:\/\/diariofemenino.com.ar\/df\/#\/schema\/logo\/image\/"},"sameAs":["https:\/\/www.facebook.com\/DiarioDigitaFemenino\/","https:\/\/x.com\/DiarioFemenino1"]},{"@type":"Person","@id":"https:\/\/diariofemenino.com.ar\/df\/#\/schema\/person\/38f54b3bfd13f561de2460ba95c169c6","name":"Admin","image":{"@type":"ImageObject","inLanguage":"es","@id":"https:\/\/diariofemenino.com.ar\/df\/wp-content\/uploads\/2018\/12\/favicon-150x150.jpg","url":"https:\/\/diariofemenino.com.ar\/df\/wp-content\/uploads\/2018\/12\/favicon-150x150.jpg","contentUrl":"https:\/\/diariofemenino.com.ar\/df\/wp-content\/uploads\/2018\/12\/favicon-150x150.jpg","caption":"Admin"},"url":"https:\/\/diariofemenino.com.ar\/df\/author\/adm18df\/"}]}},"jetpack_featured_media_url":"","jetpack_sharing_enabled":true,"rttpg_featured_image_url":null,"rttpg_author":{"display_name":"Admin","author_link":"https:\/\/diariofemenino.com.ar\/df\/author\/adm18df\/"},"rttpg_comment":0,"rttpg_category":"<a href=\"https:\/\/diariofemenino.com.ar\/df\/category\/historias-de-vida\/\" rel=\"category tag\">Historias de vida<\/a> <a href=\"https:\/\/diariofemenino.com.ar\/df\/category\/medios\/\" rel=\"category tag\">Medios<\/a> <a href=\"https:\/\/diariofemenino.com.ar\/df\/category\/noticias\/\" rel=\"category tag\">Noticias<\/a>","rttpg_excerpt":"&nbsp; 14 de noviembre de 2012. Diputados convirti\u00f3 en ley, por unanimidad, el texto all\u00ed aprobado en abril, que hab\u00eda sido modificado en el Senado. El texto aprobado agrava las penas por el asesinato \u201ca una mujer cuando el hecho sea perpetrado por un hombre y mediare violencia de g\u00e9nero\u201d. &nbsp; &nbsp; &nbsp; &nbsp; &nbsp;&hellip;","_links":{"self":[{"href":"https:\/\/diariofemenino.com.ar\/df\/wp-json\/wp\/v2\/posts\/4830","targetHints":{"allow":["GET"]}}],"collection":[{"href":"https:\/\/diariofemenino.com.ar\/df\/wp-json\/wp\/v2\/posts"}],"about":[{"href":"https:\/\/diariofemenino.com.ar\/df\/wp-json\/wp\/v2\/types\/post"}],"author":[{"embeddable":true,"href":"https:\/\/diariofemenino.com.ar\/df\/wp-json\/wp\/v2\/users\/1"}],"replies":[{"embeddable":true,"href":"https:\/\/diariofemenino.com.ar\/df\/wp-json\/wp\/v2\/comments?post=4830"}],"version-history":[{"count":0,"href":"https:\/\/diariofemenino.com.ar\/df\/wp-json\/wp\/v2\/posts\/4830\/revisions"}],"wp:attachment":[{"href":"https:\/\/diariofemenino.com.ar\/df\/wp-json\/wp\/v2\/media?parent=4830"}],"wp:term":[{"taxonomy":"category","embeddable":true,"href":"https:\/\/diariofemenino.com.ar\/df\/wp-json\/wp\/v2\/categories?post=4830"},{"taxonomy":"post_tag","embeddable":true,"href":"https:\/\/diariofemenino.com.ar\/df\/wp-json\/wp\/v2\/tags?post=4830"}],"curies":[{"name":"wp","href":"https:\/\/api.w.org\/{rel}","templated":true}]}}