{"id":48266,"date":"2020-04-21T20:36:30","date_gmt":"2020-04-21T23:36:30","guid":{"rendered":"https:\/\/diariofemenino.com.ar\/?p=48266"},"modified":"2020-04-21T20:36:30","modified_gmt":"2020-04-21T23:36:30","slug":"menos-denuncias-por-trata-y-nuevas-formas-de-explotacion-sexual","status":"publish","type":"post","link":"https:\/\/diariofemenino.com.ar\/df\/menos-denuncias-por-trata-y-nuevas-formas-de-explotacion-sexual\/","title":{"rendered":"Menos denuncias por trata y nuevas formas de explotaci\u00f3n sexual"},"content":{"rendered":"<p>Desde la Procuradur\u00eda de Trata y Explotaci\u00f3n de Personas, consideraron que el aislamiento \u00abreduce de manera notoria la posibilidad de detectar o advertir alg\u00fan caso que en definitiva culmine con un llamado a la l\u00ednea\u00bb, como una primera explicaci\u00f3n a la reducci\u00f3n de llamados.<\/p>\n<div class=\"author clearfix\">\n<h4>Por <a href=\"https:\/\/diariofemenino.com.ar\/ministras-coinciden-con-petitorio-de-la-sociedad-civil-los-violentos-tienen-que-irse-del-hogar\/\">Silvina Molina<\/a><\/h4>\n<p>En el primer mes de aislamiento por coronavirus en Argentina, la l\u00ednea 145 de asistencia para casos de trata de personas recibi\u00f3 s\u00f3lo 73 denuncias, una cifra \u00abconsiderablemente menor\u00bb a la del a\u00f1o pasado en igual per\u00edodo, lo que revela \u00abnuevas modalidades de explotaci\u00f3n sexual\u00bb.<\/p>\n<p>Los datos surgieron de un\u00a0<strong>informe elaborado por la Procuradur\u00eda de Trata y Explotaci\u00f3n de Personas (Protex)<\/strong>\u00a0a partir de datos suministrados por el Programa Nacional de Rescate y Acompa\u00f1amiento a las Personas Damnificadas por el Delito de Trata del Ministerio de Justicia y Derechos Humanos, organismo del cual depende el 145, y al que tuvo acceso <a href=\"https:\/\/www.telam.com.ar\/notas\/202004\/454557-menos-denuncias-trata-nuevas-formas-explotacion-sexual-aislamiento.html\">T\u00e9lam<\/a>.<\/p>\n<p>El relevamiento de llamados se hizo desde el 19 de marzo \u00faltimo, fecha en la que se public\u00f3 en el Bolet\u00edn Oficial el decreto 297\/2020 que determin\u00f3 el aislamiento social, preventivo y obligatorio, y abarca hasta el 19 de este mes.<\/p>\n<div class=\"image-right\"><img decoding=\"async\" title=\"\" src=\"https:\/\/www.telam.com.ar\/advf\/imagenes\/editadas\/5e9f691725766_324x324.jpg\" alt=\"\" \/><\/div>\n<p>A partir de la estad\u00edstica, Protex, que est\u00e1 a cargo de los fiscales Marcelo Colombo y Mar\u00eda Alejandra M\u00e1ngano, elabor\u00f3 el informe &#8216;An\u00e1lisis del impacto del coronavirus en la l\u00ednea 145&#8217;.<\/p>\n<p>All\u00ed\u00a0<strong>se revel\u00f3 que las 73 denuncias recibidas en el \u00faltimo mes \u00abson considerablemente menores al n\u00famero que ingres\u00f3 el a\u00f1o pasado para la misma fecha<\/strong>, siendo aproximadamente un total de 177 denuncias las que ingresaron en el a\u00f1o 2019 durante ese mismo periodo de tiempo\u00bb.<\/p>\n<p><strong>La l\u00ednea 145 recibe denuncias de v\u00edctimas y de cualquier persona que sospeche o tenga certezas sobre el delito de trata de personas.<\/strong><\/p>\n<p>La Procuraci\u00f3n consider\u00f3 que el aislamiento \u00abreduce de manera notoria la posibilidad de detectar o advertir alg\u00fan caso que en definitiva culmine con un llamado a la l\u00ednea\u00bb, como una primera explicaci\u00f3n a la reducci\u00f3n de llamados.<\/p>\n<p>El otro aspecto es que de ese total de 73 denuncias se recibieron 29 por trata de personas con fines de explotaci\u00f3n sexual.<\/p>\n<p>\u00abDel an\u00e1lisis de esas denuncias se puede obtener un dato de relevancia y es que en aquellas en las que se indic\u00f3 que los denominados &#8216;privados&#8217; o &#8216;prost\u00edbulos&#8217;, si bien hab\u00edan dejado de funcionar como tales debido al aislamiento, la situaci\u00f3n de explotaci\u00f3n continuaba d\u00e1ndose, pero bajo una modalidad de turnos en los domicilios particulares de las v\u00edctimas o en los inmuebles de los &#8216;clientes'\u00bb, indica el infome.<\/p>\n<p>Sobre esta situaci\u00f3n, la Protex consider\u00f3 que, al dejar de funcionar la mayor\u00eda de estos lugares, \u00abprovoc\u00f3 que disminuyera el n\u00famero de denuncias por este tipo de finalidad de explotaci\u00f3n\u00bb.<\/p>\n<p>Otra explicaci\u00f3n \u00abest\u00e1 vinculada con la\u00a0<strong>nueva modalidad que se est\u00e1 utilizando para continuar desarrollando la maniobra delictiva y que debe ser considera eventualmente para investigaciones venideras en este contexto de pandemia<\/strong>\u00ab, subray\u00f3 el organismo.<\/p>\n<p>Sobre las denuncias de<strong>\u00a0trata de personas con fines de explotaci\u00f3n laboral, se recibieron en total 19, y 9 fueron por situaciones en campos en las provincias de San Juan, Neuqu\u00e9n, R\u00edo Negro, Mendoza, Corrientes y Santa Fe, y todas \u00abfueron judicializadas\u00bb<\/strong>, detall\u00f3 el informe.<\/p>\n<p>Asimismo, hubo 3 denuncias por existencia de talleres \u201cclandestinos\u201d en la provincia de Buenos Aires, sum\u00e1ndose a esta provincia 2 m\u00e1s por explotaci\u00f3n laboral relacionadas con el funcionamiento de un supermercado y un caso relacionado con una potencial v\u00edctima que ejerc\u00eda labores como trabajadora de casa particular.<\/p>\n<p>Y en Mendoza, adem\u00e1s, se tom\u00f3 conocimiento a trav\u00e9s de 2 alertas, de un caso de explotaci\u00f3n laboral, relacionado al rubro de la construcci\u00f3n.<\/p>\n<blockquote class=\"small-left\"><p>Este a\u00f1o el 26% de las denuncias recibidas en el per\u00edodo contemplado fueron por explotaci\u00f3n laboral<span class=\"comilla\">\u201d<\/span><\/p><\/blockquote>\n<p>Estas cifras s\u00ed aumentaron, \u00abtoda vez que si comparamos la cantidad que ingresaron para el mismo periodo durante el a\u00f1o 2019, los resultados arrojan un resultado de 22 denuncias de un total de 177\u00bb.<\/p>\n<p>\u00abEsto demuestra que este a\u00f1o el 26% de las denuncias recibidas en el per\u00edodo contemplado fueron por explotaci\u00f3n laboral, mientras que durante el 2019, el 12% fueron recibidas por esa finalidad\u00bb, detall\u00f3 el documento de Protex.<\/p>\n<p>Adem\u00e1s, hubo 6 denuncias relacionadas con desapariciones de personas: \u00abEs decir, la l\u00ednea contin\u00faa siendo un medio elegido por las personas a trav\u00e9s del cual se canalizan las denuncias por desapariciones\u00bb, afirm\u00f3 la Procuraci\u00f3n.<\/p>\n<p>La Protex \u00abtuvo intervenci\u00f3n en 43 de las 73 denuncias recibidas\u00bb, concluy\u00f3 el informe.<\/p>\n<p><strong>*Linea 145 gratuita, an\u00f3nima y nacional para denunciar trata de personas<\/strong><\/p>\n<\/div>\n<p><a href=\"https:\/\/www.telam.com.ar\/\">T\u00e9lam<\/a><\/p>\n<p>&nbsp;<\/p>\n<p><a href=\"https:\/\/diariofemenino.com.ar\/\">Diario Digital Femenino<\/a><\/p>\n","protected":false},"excerpt":{"rendered":"<p>Desde la Procuradur\u00eda de Trata y Explotaci\u00f3n de Personas, consideraron que el aislamiento \u00abreduce de manera notoria la posibilidad de detectar o advertir alg\u00fan caso que en definitiva culmine con un llamado a la l\u00ednea\u00bb, como una primera explicaci\u00f3n a la reducci\u00f3n de llamados. Por Silvina Molina En el primer mes de aislamiento por coronavirus [&hellip;]<\/p>\n","protected":false},"author":4,"featured_media":48269,"comment_status":"open","ping_status":"open","sticky":false,"template":"","format":"standard","meta":{"iawp_total_views":3,"footnotes":""},"categories":[1067,21,15,592],"tags":[970,52,3090,613],"class_list":["post-48266","post","type-post","status-publish","format-standard","has-post-thumbnail","hentry","category-agenda-feminista","category-noticias","category-trata-de-personas","category-violencias","tag-denuncias","tag-explotacion-sexual","tag-protex","tag-trata-de-personas"],"nelio_content":{"autoShareEndMode":"never","automationSources":{"useCustomSentences":false,"customSentences":[]},"efiAlt":"","efiUrl":"","followers":[4],"highlights":[],"isAutoShareEnabled":true,"networkImageIds":[],"permalinkQueryArgs":[],"series":[],"suggestedReferences":[]},"yoast_head":"<!-- This site is optimized with the Yoast SEO plugin v27.5 - https:\/\/yoast.com\/product\/yoast-seo-wordpress\/ -->\n<title>Menos denuncias por trata y nuevas formas de explotaci\u00f3n sexual - Diario Digital Femenino<\/title>\n<meta name=\"description\" content=\"Menos denuncias por trata. El aislamiento reduce la posibilidad de detectar o advertir alg\u00fan caso que en definitiva culmine con un llamado a la l\u00ednea\" \/>\n<meta name=\"robots\" content=\"index, follow, max-snippet:-1, max-image-preview:large, max-video-preview:-1\" \/>\n<link rel=\"canonical\" href=\"https:\/\/diariofemenino.com.ar\/df\/menos-denuncias-por-trata-y-nuevas-formas-de-explotacion-sexual\/\" \/>\n<meta property=\"og:locale\" content=\"es_ES\" \/>\n<meta property=\"og:type\" content=\"article\" \/>\n<meta property=\"og:title\" content=\"Menos denuncias por trata y nuevas formas de explotaci\u00f3n sexual - Diario Digital Femenino\" \/>\n<meta property=\"og:description\" content=\"Menos denuncias por trata. El aislamiento reduce la posibilidad de detectar o advertir alg\u00fan caso que en definitiva culmine con un llamado a la l\u00ednea\" \/>\n<meta property=\"og:url\" content=\"https:\/\/diariofemenino.com.ar\/df\/menos-denuncias-por-trata-y-nuevas-formas-de-explotacion-sexual\/\" \/>\n<meta property=\"og:site_name\" content=\"Diario Digital Femenino\" \/>\n<meta property=\"article:publisher\" content=\"https:\/\/www.facebook.com\/DiarioDigitaFemenino\/\" \/>\n<meta property=\"article:published_time\" content=\"2020-04-21T23:36:30+00:00\" \/>\n<meta property=\"og:image\" content=\"https:\/\/diariofemenino.com.ar\/df\/wp-content\/uploads\/2020\/04\/5e9f664a327d2_1004x565.jpg\" \/>\n\t<meta property=\"og:image:width\" content=\"1004\" \/>\n\t<meta property=\"og:image:height\" content=\"565\" \/>\n\t<meta property=\"og:image:type\" content=\"image\/jpeg\" \/>\n<meta name=\"author\" content=\"Admin\" \/>\n<meta name=\"twitter:card\" content=\"summary_large_image\" \/>\n<meta name=\"twitter:creator\" content=\"@DiarioFemenino1\" \/>\n<meta name=\"twitter:site\" content=\"@DiarioFemenino1\" \/>\n<meta name=\"twitter:label1\" content=\"Escrito por\" \/>\n\t<meta name=\"twitter:data1\" content=\"Admin\" \/>\n\t<meta name=\"twitter:label2\" content=\"Tiempo de lectura\" \/>\n\t<meta name=\"twitter:data2\" content=\"4 minutos\" \/>\n<script type=\"application\/ld+json\" class=\"yoast-schema-graph\">{\"@context\":\"https:\\\/\\\/schema.org\",\"@graph\":[{\"@type\":\"Article\",\"@id\":\"https:\\\/\\\/diariofemenino.com.ar\\\/df\\\/menos-denuncias-por-trata-y-nuevas-formas-de-explotacion-sexual\\\/#article\",\"isPartOf\":{\"@id\":\"https:\\\/\\\/diariofemenino.com.ar\\\/df\\\/menos-denuncias-por-trata-y-nuevas-formas-de-explotacion-sexual\\\/\"},\"author\":{\"name\":\"Admin\",\"@id\":\"https:\\\/\\\/diariofemenino.com.ar\\\/df\\\/#\\\/schema\\\/person\\\/bf6199e8158c657ea6f789b11ec85509\"},\"headline\":\"Menos denuncias por trata y nuevas formas de explotaci\u00f3n sexual\",\"datePublished\":\"2020-04-21T23:36:30+00:00\",\"mainEntityOfPage\":{\"@id\":\"https:\\\/\\\/diariofemenino.com.ar\\\/df\\\/menos-denuncias-por-trata-y-nuevas-formas-de-explotacion-sexual\\\/\"},\"wordCount\":803,\"commentCount\":0,\"publisher\":{\"@id\":\"https:\\\/\\\/diariofemenino.com.ar\\\/df\\\/#organization\"},\"image\":{\"@id\":\"https:\\\/\\\/diariofemenino.com.ar\\\/df\\\/menos-denuncias-por-trata-y-nuevas-formas-de-explotacion-sexual\\\/#primaryimage\"},\"thumbnailUrl\":\"https:\\\/\\\/diariofemenino.com.ar\\\/df\\\/wp-content\\\/uploads\\\/2020\\\/04\\\/5e9f664a327d2_1004x565.jpg\",\"keywords\":[\"denuncias\",\"Explotaci\u00f3n sexual\",\"PROTEX\",\"Trata de Personas\"],\"articleSection\":[\"Agenda Feminista\",\"Noticias\",\"Trata de Pers.\",\"Violencias\"],\"inLanguage\":\"es\",\"potentialAction\":[{\"@type\":\"CommentAction\",\"name\":\"Comment\",\"target\":[\"https:\\\/\\\/diariofemenino.com.ar\\\/df\\\/menos-denuncias-por-trata-y-nuevas-formas-de-explotacion-sexual\\\/#respond\"]}]},{\"@type\":\"WebPage\",\"@id\":\"https:\\\/\\\/diariofemenino.com.ar\\\/df\\\/menos-denuncias-por-trata-y-nuevas-formas-de-explotacion-sexual\\\/\",\"url\":\"https:\\\/\\\/diariofemenino.com.ar\\\/df\\\/menos-denuncias-por-trata-y-nuevas-formas-de-explotacion-sexual\\\/\",\"name\":\"Menos denuncias por trata y nuevas formas de explotaci\u00f3n sexual - Diario Digital Femenino\",\"isPartOf\":{\"@id\":\"https:\\\/\\\/diariofemenino.com.ar\\\/df\\\/#website\"},\"primaryImageOfPage\":{\"@id\":\"https:\\\/\\\/diariofemenino.com.ar\\\/df\\\/menos-denuncias-por-trata-y-nuevas-formas-de-explotacion-sexual\\\/#primaryimage\"},\"image\":{\"@id\":\"https:\\\/\\\/diariofemenino.com.ar\\\/df\\\/menos-denuncias-por-trata-y-nuevas-formas-de-explotacion-sexual\\\/#primaryimage\"},\"thumbnailUrl\":\"https:\\\/\\\/diariofemenino.com.ar\\\/df\\\/wp-content\\\/uploads\\\/2020\\\/04\\\/5e9f664a327d2_1004x565.jpg\",\"datePublished\":\"2020-04-21T23:36:30+00:00\",\"description\":\"Menos denuncias por trata. El aislamiento reduce la posibilidad de detectar o advertir alg\u00fan caso que en definitiva culmine con un llamado a la l\u00ednea\",\"breadcrumb\":{\"@id\":\"https:\\\/\\\/diariofemenino.com.ar\\\/df\\\/menos-denuncias-por-trata-y-nuevas-formas-de-explotacion-sexual\\\/#breadcrumb\"},\"inLanguage\":\"es\",\"potentialAction\":[{\"@type\":\"ReadAction\",\"target\":[\"https:\\\/\\\/diariofemenino.com.ar\\\/df\\\/menos-denuncias-por-trata-y-nuevas-formas-de-explotacion-sexual\\\/\"]}]},{\"@type\":\"ImageObject\",\"inLanguage\":\"es\",\"@id\":\"https:\\\/\\\/diariofemenino.com.ar\\\/df\\\/menos-denuncias-por-trata-y-nuevas-formas-de-explotacion-sexual\\\/#primaryimage\",\"url\":\"https:\\\/\\\/diariofemenino.com.ar\\\/df\\\/wp-content\\\/uploads\\\/2020\\\/04\\\/5e9f664a327d2_1004x565.jpg\",\"contentUrl\":\"https:\\\/\\\/diariofemenino.com.ar\\\/df\\\/wp-content\\\/uploads\\\/2020\\\/04\\\/5e9f664a327d2_1004x565.jpg\",\"width\":1004,\"height\":565,\"caption\":\"Menos denuncias por trata y nuevas formas de explotaci\u00f3n sexual\"},{\"@type\":\"BreadcrumbList\",\"@id\":\"https:\\\/\\\/diariofemenino.com.ar\\\/df\\\/menos-denuncias-por-trata-y-nuevas-formas-de-explotacion-sexual\\\/#breadcrumb\",\"itemListElement\":[{\"@type\":\"ListItem\",\"position\":1,\"name\":\"Portada\",\"item\":\"https:\\\/\\\/diariofemenino.com.ar\\\/df\\\/\"},{\"@type\":\"ListItem\",\"position\":2,\"name\":\"Menos denuncias por trata y nuevas formas de explotaci\u00f3n sexual\"}]},{\"@type\":\"WebSite\",\"@id\":\"https:\\\/\\\/diariofemenino.com.ar\\\/df\\\/#website\",\"url\":\"https:\\\/\\\/diariofemenino.com.ar\\\/df\\\/\",\"name\":\"Diario Digital Femenino\",\"description\":\"Cuesti\u00f3n de G\u00e9nero\",\"publisher\":{\"@id\":\"https:\\\/\\\/diariofemenino.com.ar\\\/df\\\/#organization\"},\"potentialAction\":[{\"@type\":\"SearchAction\",\"target\":{\"@type\":\"EntryPoint\",\"urlTemplate\":\"https:\\\/\\\/diariofemenino.com.ar\\\/df\\\/?s={search_term_string}\"},\"query-input\":{\"@type\":\"PropertyValueSpecification\",\"valueRequired\":true,\"valueName\":\"search_term_string\"}}],\"inLanguage\":\"es\"},{\"@type\":\"Organization\",\"@id\":\"https:\\\/\\\/diariofemenino.com.ar\\\/df\\\/#organization\",\"name\":\"Diario Femenino\",\"url\":\"https:\\\/\\\/diariofemenino.com.ar\\\/df\\\/\",\"logo\":{\"@type\":\"ImageObject\",\"inLanguage\":\"es\",\"@id\":\"https:\\\/\\\/diariofemenino.com.ar\\\/df\\\/#\\\/schema\\\/logo\\\/image\\\/\",\"url\":\"https:\\\/\\\/diariofemenino.com.ar\\\/df\\\/wp-content\\\/uploads\\\/2018\\\/10\\\/logo.png\",\"contentUrl\":\"https:\\\/\\\/diariofemenino.com.ar\\\/df\\\/wp-content\\\/uploads\\\/2018\\\/10\\\/logo.png\",\"width\":500,\"height\":92,\"caption\":\"Diario Femenino\"},\"image\":{\"@id\":\"https:\\\/\\\/diariofemenino.com.ar\\\/df\\\/#\\\/schema\\\/logo\\\/image\\\/\"},\"sameAs\":[\"https:\\\/\\\/www.facebook.com\\\/DiarioDigitaFemenino\\\/\",\"https:\\\/\\\/x.com\\\/DiarioFemenino1\"]},{\"@type\":\"Person\",\"@id\":\"https:\\\/\\\/diariofemenino.com.ar\\\/df\\\/#\\\/schema\\\/person\\\/bf6199e8158c657ea6f789b11ec85509\",\"name\":\"Admin\",\"image\":{\"@type\":\"ImageObject\",\"inLanguage\":\"es\",\"@id\":\"https:\\\/\\\/diariofemenino.com.ar\\\/df\\\/wp-content\\\/uploads\\\/2018\\\/12\\\/favicon-150x150.jpg\",\"url\":\"https:\\\/\\\/diariofemenino.com.ar\\\/df\\\/wp-content\\\/uploads\\\/2018\\\/12\\\/favicon-150x150.jpg\",\"contentUrl\":\"https:\\\/\\\/diariofemenino.com.ar\\\/df\\\/wp-content\\\/uploads\\\/2018\\\/12\\\/favicon-150x150.jpg\",\"caption\":\"Admin\"},\"url\":\"https:\\\/\\\/diariofemenino.com.ar\\\/df\\\/author\\\/lenny\\\/\"}]}<\/script>\n<!-- \/ Yoast SEO plugin. -->","yoast_head_json":{"title":"Menos denuncias por trata y nuevas formas de explotaci\u00f3n sexual - Diario Digital Femenino","description":"Menos denuncias por trata. El aislamiento reduce la posibilidad de detectar o advertir alg\u00fan caso que en definitiva culmine con un llamado a la l\u00ednea","robots":{"index":"index","follow":"follow","max-snippet":"max-snippet:-1","max-image-preview":"max-image-preview:large","max-video-preview":"max-video-preview:-1"},"canonical":"https:\/\/diariofemenino.com.ar\/df\/menos-denuncias-por-trata-y-nuevas-formas-de-explotacion-sexual\/","og_locale":"es_ES","og_type":"article","og_title":"Menos denuncias por trata y nuevas formas de explotaci\u00f3n sexual - Diario Digital Femenino","og_description":"Menos denuncias por trata. El aislamiento reduce la posibilidad de detectar o advertir alg\u00fan caso que en definitiva culmine con un llamado a la l\u00ednea","og_url":"https:\/\/diariofemenino.com.ar\/df\/menos-denuncias-por-trata-y-nuevas-formas-de-explotacion-sexual\/","og_site_name":"Diario Digital Femenino","article_publisher":"https:\/\/www.facebook.com\/DiarioDigitaFemenino\/","article_published_time":"2020-04-21T23:36:30+00:00","og_image":[{"width":1004,"height":565,"url":"https:\/\/diariofemenino.com.ar\/df\/wp-content\/uploads\/2020\/04\/5e9f664a327d2_1004x565.jpg","type":"image\/jpeg"}],"author":"Admin","twitter_card":"summary_large_image","twitter_creator":"@DiarioFemenino1","twitter_site":"@DiarioFemenino1","twitter_misc":{"Escrito por":"Admin","Tiempo de lectura":"4 minutos"},"schema":{"@context":"https:\/\/schema.org","@graph":[{"@type":"Article","@id":"https:\/\/diariofemenino.com.ar\/df\/menos-denuncias-por-trata-y-nuevas-formas-de-explotacion-sexual\/#article","isPartOf":{"@id":"https:\/\/diariofemenino.com.ar\/df\/menos-denuncias-por-trata-y-nuevas-formas-de-explotacion-sexual\/"},"author":{"name":"Admin","@id":"https:\/\/diariofemenino.com.ar\/df\/#\/schema\/person\/bf6199e8158c657ea6f789b11ec85509"},"headline":"Menos denuncias por trata y nuevas formas de explotaci\u00f3n sexual","datePublished":"2020-04-21T23:36:30+00:00","mainEntityOfPage":{"@id":"https:\/\/diariofemenino.com.ar\/df\/menos-denuncias-por-trata-y-nuevas-formas-de-explotacion-sexual\/"},"wordCount":803,"commentCount":0,"publisher":{"@id":"https:\/\/diariofemenino.com.ar\/df\/#organization"},"image":{"@id":"https:\/\/diariofemenino.com.ar\/df\/menos-denuncias-por-trata-y-nuevas-formas-de-explotacion-sexual\/#primaryimage"},"thumbnailUrl":"https:\/\/diariofemenino.com.ar\/df\/wp-content\/uploads\/2020\/04\/5e9f664a327d2_1004x565.jpg","keywords":["denuncias","Explotaci\u00f3n sexual","PROTEX","Trata de Personas"],"articleSection":["Agenda Feminista","Noticias","Trata de Pers.","Violencias"],"inLanguage":"es","potentialAction":[{"@type":"CommentAction","name":"Comment","target":["https:\/\/diariofemenino.com.ar\/df\/menos-denuncias-por-trata-y-nuevas-formas-de-explotacion-sexual\/#respond"]}]},{"@type":"WebPage","@id":"https:\/\/diariofemenino.com.ar\/df\/menos-denuncias-por-trata-y-nuevas-formas-de-explotacion-sexual\/","url":"https:\/\/diariofemenino.com.ar\/df\/menos-denuncias-por-trata-y-nuevas-formas-de-explotacion-sexual\/","name":"Menos denuncias por trata y nuevas formas de explotaci\u00f3n sexual - Diario Digital Femenino","isPartOf":{"@id":"https:\/\/diariofemenino.com.ar\/df\/#website"},"primaryImageOfPage":{"@id":"https:\/\/diariofemenino.com.ar\/df\/menos-denuncias-por-trata-y-nuevas-formas-de-explotacion-sexual\/#primaryimage"},"image":{"@id":"https:\/\/diariofemenino.com.ar\/df\/menos-denuncias-por-trata-y-nuevas-formas-de-explotacion-sexual\/#primaryimage"},"thumbnailUrl":"https:\/\/diariofemenino.com.ar\/df\/wp-content\/uploads\/2020\/04\/5e9f664a327d2_1004x565.jpg","datePublished":"2020-04-21T23:36:30+00:00","description":"Menos denuncias por trata. El aislamiento reduce la posibilidad de detectar o advertir alg\u00fan caso que en definitiva culmine con un llamado a la l\u00ednea","breadcrumb":{"@id":"https:\/\/diariofemenino.com.ar\/df\/menos-denuncias-por-trata-y-nuevas-formas-de-explotacion-sexual\/#breadcrumb"},"inLanguage":"es","potentialAction":[{"@type":"ReadAction","target":["https:\/\/diariofemenino.com.ar\/df\/menos-denuncias-por-trata-y-nuevas-formas-de-explotacion-sexual\/"]}]},{"@type":"ImageObject","inLanguage":"es","@id":"https:\/\/diariofemenino.com.ar\/df\/menos-denuncias-por-trata-y-nuevas-formas-de-explotacion-sexual\/#primaryimage","url":"https:\/\/diariofemenino.com.ar\/df\/wp-content\/uploads\/2020\/04\/5e9f664a327d2_1004x565.jpg","contentUrl":"https:\/\/diariofemenino.com.ar\/df\/wp-content\/uploads\/2020\/04\/5e9f664a327d2_1004x565.jpg","width":1004,"height":565,"caption":"Menos denuncias por trata y nuevas formas de explotaci\u00f3n sexual"},{"@type":"BreadcrumbList","@id":"https:\/\/diariofemenino.com.ar\/df\/menos-denuncias-por-trata-y-nuevas-formas-de-explotacion-sexual\/#breadcrumb","itemListElement":[{"@type":"ListItem","position":1,"name":"Portada","item":"https:\/\/diariofemenino.com.ar\/df\/"},{"@type":"ListItem","position":2,"name":"Menos denuncias por trata y nuevas formas de explotaci\u00f3n sexual"}]},{"@type":"WebSite","@id":"https:\/\/diariofemenino.com.ar\/df\/#website","url":"https:\/\/diariofemenino.com.ar\/df\/","name":"Diario Digital Femenino","description":"Cuesti\u00f3n de G\u00e9nero","publisher":{"@id":"https:\/\/diariofemenino.com.ar\/df\/#organization"},"potentialAction":[{"@type":"SearchAction","target":{"@type":"EntryPoint","urlTemplate":"https:\/\/diariofemenino.com.ar\/df\/?s={search_term_string}"},"query-input":{"@type":"PropertyValueSpecification","valueRequired":true,"valueName":"search_term_string"}}],"inLanguage":"es"},{"@type":"Organization","@id":"https:\/\/diariofemenino.com.ar\/df\/#organization","name":"Diario Femenino","url":"https:\/\/diariofemenino.com.ar\/df\/","logo":{"@type":"ImageObject","inLanguage":"es","@id":"https:\/\/diariofemenino.com.ar\/df\/#\/schema\/logo\/image\/","url":"https:\/\/diariofemenino.com.ar\/df\/wp-content\/uploads\/2018\/10\/logo.png","contentUrl":"https:\/\/diariofemenino.com.ar\/df\/wp-content\/uploads\/2018\/10\/logo.png","width":500,"height":92,"caption":"Diario Femenino"},"image":{"@id":"https:\/\/diariofemenino.com.ar\/df\/#\/schema\/logo\/image\/"},"sameAs":["https:\/\/www.facebook.com\/DiarioDigitaFemenino\/","https:\/\/x.com\/DiarioFemenino1"]},{"@type":"Person","@id":"https:\/\/diariofemenino.com.ar\/df\/#\/schema\/person\/bf6199e8158c657ea6f789b11ec85509","name":"Admin","image":{"@type":"ImageObject","inLanguage":"es","@id":"https:\/\/diariofemenino.com.ar\/df\/wp-content\/uploads\/2018\/12\/favicon-150x150.jpg","url":"https:\/\/diariofemenino.com.ar\/df\/wp-content\/uploads\/2018\/12\/favicon-150x150.jpg","contentUrl":"https:\/\/diariofemenino.com.ar\/df\/wp-content\/uploads\/2018\/12\/favicon-150x150.jpg","caption":"Admin"},"url":"https:\/\/diariofemenino.com.ar\/df\/author\/lenny\/"}]}},"jetpack_featured_media_url":"https:\/\/diariofemenino.com.ar\/df\/wp-content\/uploads\/2020\/04\/5e9f664a327d2_1004x565.jpg","jetpack_sharing_enabled":true,"rttpg_featured_image_url":{"full":["https:\/\/diariofemenino.com.ar\/df\/wp-content\/uploads\/2020\/04\/5e9f664a327d2_1004x565.jpg",1004,565,false],"landscape":["https:\/\/diariofemenino.com.ar\/df\/wp-content\/uploads\/2020\/04\/5e9f664a327d2_1004x565.jpg",1004,565,false],"portraits":["https:\/\/diariofemenino.com.ar\/df\/wp-content\/uploads\/2020\/04\/5e9f664a327d2_1004x565.jpg",1004,565,false],"thumbnail":["https:\/\/diariofemenino.com.ar\/df\/wp-content\/uploads\/2020\/04\/5e9f664a327d2_1004x565-150x150.jpg",150,150,true],"medium":["https:\/\/diariofemenino.com.ar\/df\/wp-content\/uploads\/2020\/04\/5e9f664a327d2_1004x565-300x169.jpg",300,169,true],"large":["https:\/\/diariofemenino.com.ar\/df\/wp-content\/uploads\/2020\/04\/5e9f664a327d2_1004x565.jpg",1004,565,false],"1536x1536":["https:\/\/diariofemenino.com.ar\/df\/wp-content\/uploads\/2020\/04\/5e9f664a327d2_1004x565.jpg",1004,565,false],"2048x2048":["https:\/\/diariofemenino.com.ar\/df\/wp-content\/uploads\/2020\/04\/5e9f664a327d2_1004x565.jpg",1004,565,false]},"rttpg_author":{"display_name":"Admin","author_link":"https:\/\/diariofemenino.com.ar\/df\/author\/lenny\/"},"rttpg_comment":0,"rttpg_category":"<a href=\"https:\/\/diariofemenino.com.ar\/df\/category\/agenda-feminista\/\" rel=\"category tag\">Agenda Feminista<\/a> <a href=\"https:\/\/diariofemenino.com.ar\/df\/category\/noticias\/\" rel=\"category tag\">Noticias<\/a> <a href=\"https:\/\/diariofemenino.com.ar\/df\/category\/trata-de-personas\/\" rel=\"category tag\">Trata de Pers.<\/a> <a href=\"https:\/\/diariofemenino.com.ar\/df\/category\/violencias\/\" rel=\"category tag\">Violencias<\/a>","rttpg_excerpt":"Desde la Procuradur\u00eda de Trata y Explotaci\u00f3n de Personas, consideraron que el aislamiento \u00abreduce de manera notoria la posibilidad de detectar o advertir alg\u00fan caso que en definitiva culmine con un llamado a la l\u00ednea\u00bb, como una primera explicaci\u00f3n a la reducci\u00f3n de llamados. Por Silvina Molina En el primer mes de aislamiento por coronavirus&hellip;","_links":{"self":[{"href":"https:\/\/diariofemenino.com.ar\/df\/wp-json\/wp\/v2\/posts\/48266","targetHints":{"allow":["GET"]}}],"collection":[{"href":"https:\/\/diariofemenino.com.ar\/df\/wp-json\/wp\/v2\/posts"}],"about":[{"href":"https:\/\/diariofemenino.com.ar\/df\/wp-json\/wp\/v2\/types\/post"}],"author":[{"embeddable":true,"href":"https:\/\/diariofemenino.com.ar\/df\/wp-json\/wp\/v2\/users\/4"}],"replies":[{"embeddable":true,"href":"https:\/\/diariofemenino.com.ar\/df\/wp-json\/wp\/v2\/comments?post=48266"}],"version-history":[{"count":0,"href":"https:\/\/diariofemenino.com.ar\/df\/wp-json\/wp\/v2\/posts\/48266\/revisions"}],"wp:featuredmedia":[{"embeddable":true,"href":"https:\/\/diariofemenino.com.ar\/df\/wp-json\/wp\/v2\/media\/48269"}],"wp:attachment":[{"href":"https:\/\/diariofemenino.com.ar\/df\/wp-json\/wp\/v2\/media?parent=48266"}],"wp:term":[{"taxonomy":"category","embeddable":true,"href":"https:\/\/diariofemenino.com.ar\/df\/wp-json\/wp\/v2\/categories?post=48266"},{"taxonomy":"post_tag","embeddable":true,"href":"https:\/\/diariofemenino.com.ar\/df\/wp-json\/wp\/v2\/tags?post=48266"}],"curies":[{"name":"wp","href":"https:\/\/api.w.org\/{rel}","templated":true}]}}