{"id":48254,"date":"2020-04-21T05:49:25","date_gmt":"2020-04-21T08:49:25","guid":{"rendered":"https:\/\/diariofemenino.com.ar\/?p=48254"},"modified":"2020-04-21T05:49:25","modified_gmt":"2020-04-21T08:49:25","slug":"pandemia-y-derechos-humanos-en-las-americas","status":"publish","type":"post","link":"https:\/\/diariofemenino.com.ar\/df\/pandemia-y-derechos-humanos-en-las-americas\/","title":{"rendered":"Pandemia y Derechos Humanos en las Am\u00e9ricas"},"content":{"rendered":"<p style=\"text-align: center;\"><strong>RESOLUCI\u00d3N NO. 1\/2020<\/strong><br \/>\n<strong>PANDEMIA Y DERECHOS HUMANOS EN LAS AM\u00c9RICAS<\/strong><br \/>\n<strong>(Adoptado por la <a href=\"http:\/\/www.oas.org\/es\/cidh\/\">CIDH<\/a> el 10 de abril de 2020)<\/strong><\/p>\n<p><strong>Introducci\u00f3n<br \/>\n<\/strong>(descargar en portada)<\/p>\n<p><a href=\"https:\/\/diariofemenino.com.ar\/df\/wp-content\/uploads\/2020\/04\/Resolucion-1-20-es.pdf\"><img loading=\"lazy\" decoding=\"async\" class=\"alignleft size-full wp-image-48248\" src=\"https:\/\/diariofemenino.com.ar\/df\/wp-content\/uploads\/2020\/04\/NotaDan3.jpg\" alt=\"\" width=\"401\" height=\"519\" srcset=\"https:\/\/diariofemenino.com.ar\/df\/wp-content\/uploads\/2020\/04\/NotaDan3.jpg 401w, https:\/\/diariofemenino.com.ar\/df\/wp-content\/uploads\/2020\/04\/NotaDan3-232x300.jpg 232w\" sizes=\"auto, (max-width: 401px) 100vw, 401px\" \/><\/a>Las Am\u00e9ricas y el mundo se enfrentan actualmente a una emergencia sanitaria global sin precedentes ocasionada por la pandemia del virus que causa el COVID-19, ante la cual las medidas adoptadas por los Estados en la atenci\u00f3n y contenci\u00f3n del virus deben tener como centro el pleno respeto de los derechos humanos.<\/p>\n<p>La pandemia del COVID-19 puede afectar gravemente la plena vigencia de los derechos humanos de la poblaci\u00f3n en virtud de los serios riesgos para la vida, salud e integridad personal que supone el COVID-19; as\u00ed como sus impactos de inmediato, mediano y largo plazo sobre las sociedades en general, y sobre las personas y grupos en situaci\u00f3n de especial vulnerabilidad.<\/p>\n<p>Las Am\u00e9ricas es la regi\u00f3n m\u00e1s desigual del planeta, caracterizada por profundas brechas sociales en que la pobreza y la pobreza extrema constituyen un problema transversal a todos los Estados de la regi\u00f3n; as\u00ed como por la falta o precariedad en el acceso al agua potable y al saneamiento; la inseguridad alimentaria, las situaciones de contaminaci\u00f3n ambiental y la falta de viviendas o de h\u00e1bitat adecuado. A lo que se suman altas tasas de informalidad laboral y de trabajo e ingresos precarios que afectan a un gran n\u00famero de personas en la regi\u00f3n y que hacen a\u00fan m\u00e1s preocupante el impacto socioecon\u00f3mico del COVID-19. Todo esto dificulta o impide a millones de personas tomar medidas b\u00e1sicas de prevenci\u00f3n contra la enfermedad, en particular cuando afecta a grupos en situaci\u00f3n de especial vulnerabilidad.<\/p>\n<p>Adem\u00e1s, la regi\u00f3n se caracteriza por altos \u00edndices de violencia generalizada y especialmente violencia por razones de g\u00e9nero, de raza o etnia; as\u00ed como por la persistencia de flagelos tales como la corrupci\u00f3n y la impunidad. Asimismo, en la regi\u00f3n prevalece por parte de los ciudadanos y ciudadanas el ejercicio del derecho a la protesta social, en un contexto de represi\u00f3n mediante el uso desproporcionado de la fuerza, as\u00ed como de actos de violencia y vandalismo; graves crisis penitenciarias que afectan a la gran mayor\u00eda de los pa\u00edses; y la profundamente preocupante extensi\u00f3n del fen\u00f3meno de la migraci\u00f3n, del desplazamiento forzado interno, de personas refugiadas y ap\u00e1tridas; as\u00ed como la discriminaci\u00f3n estructural en contra de grupos en situaci\u00f3n de especial vulnerabilidad.<\/p>\n<p>En este contexto, la pandemia supone desaf\u00edos a\u00fan mayores para los Estados de las Am\u00e9ricas, tanto en t\u00e9rminos de pol\u00edticas y medidas sanitarias, como en capacidades econ\u00f3micas, que permitan poner en marcha medidas de atenci\u00f3n y contenci\u00f3n que resultan urgentes y necesarias para proteger efectivamente a sus poblaciones, acordes con el Derecho Internacional de los Derechos Humanos.<\/p>\n<p>A su vez, la pandemia genera impactos diferenciados e interseccionales sobre la realizaci\u00f3n de los derechos econ\u00f3micos, sociales, culturales y ambientales (DESCA) para ciertos colectivos y poblaciones en especial situaci\u00f3n de vulnerabilidad, por lo que se torna esencial la adopci\u00f3n de pol\u00edticas para prevenir eficazmente el contagio, as\u00ed como de medidas de seguridad social y el acceso a sistemas de salud p\u00fablica que faciliten el diagn\u00f3stico y tratamiento oportuno y asequible; a fin de brindar a las poblaciones en situaci\u00f3n de vulnerabilidad la atenci\u00f3n integral de la salud f\u00edsica y mental, sin discriminaci\u00f3n.<\/p>\n<p>Asimismo, los sistemas de salud de los Estados de la regi\u00f3n se han visto o pueden verse, a\u00fan m\u00e1s, desbordados frente a la magnitud de la pandemia del COVID-19, en particular respecto de quienes viven en la pobreza y para quienes no tienen cobertura m\u00e9dica, en caso de que necesiten atenci\u00f3n m\u00e9dica u hospitalizaci\u00f3n.<\/p>\n<p>A la fecha no se tiene conocimiento de intervenciones farmac\u00e9uticas viables para luchar contra el COVID-19 y muchos pa\u00edses han introducido medidas de contenci\u00f3n que incluyen cuarentena, distanciamiento o aislamiento social, cierre de escuelas y negocios, limitaciones de circulaci\u00f3n a nivel nacional e internacional, as\u00ed como orientaciones preventivas de higiene personal y comunitaria.<\/p>\n<p>En cuanto a las medidas de contenci\u00f3n con el fin de enfrentar y prevenir los efectos de la pandemia, la CIDH ha observado que se han suspendido y restringido algunos derechos, y en otros casos se han declarado \u201cestados de emergencia\u201d, \u201cestados de excepci\u00f3n\u201d, \u201cestados de cat\u00e1strofe por calamidad p\u00fablica\u201d, o \u201cemergencia sanitaria\u201d, a trav\u00e9s de decretos presidenciales y normativa de diversa naturaleza jur\u00eddica con el fin de proteger la salud p\u00fablica y evitar el incremento de contagios. Asimismo, se han establecido medidas de distinta naturaleza que restringen los derechos de la libertad de expresi\u00f3n, el derecho de acceso a la informaci\u00f3n p\u00fablica, la libertad personal, la inviolabilidad del domicilio, el derecho a la propiedad privada; y se ha recurrido al uso de tecnolog\u00eda de vigilancia para rastrear la propagaci\u00f3n del coronavirus, y al almacenamiento de datos de forma masiva.<\/p>\n<p>La Comisi\u00f3n Interamericana de Derechos Humanos (CIDH), con el apoyo de sus Relator\u00edas Especiales sobre los Derechos Econ\u00f3micos, Sociales, Culturales y Ambientales y sobre Libertad de Expresi\u00f3n, en ejercicio de su mandato, adopta la presente resoluci\u00f3n con est\u00e1ndares y recomendaciones bajo la convicci\u00f3n de que las medidas adoptadas por los Estados en la atenci\u00f3n y contenci\u00f3n de la pandemia deben tener como centro el pleno respeto de los derechos humanos.<\/p>\n<p>&nbsp;<\/p>\n<p><a href=\"http:\/\/www.oas.org\/es\/\">Comisi\u00f3n Interamericana de Derechos Humanos<\/a><\/p>\n<p>Biblioteca virtual<br \/>\n<a href=\"https:\/\/diariofemenino.com.ar\/\">Diario Digital Femenino<\/a><\/p>\n<p>&nbsp;<\/p>\n","protected":false},"excerpt":{"rendered":"<p>RESOLUCI\u00d3N NO. 1\/2020 PANDEMIA Y DERECHOS HUMANOS EN LAS AM\u00c9RICAS (Adoptado por la CIDH el 10 de abril de 2020) Introducci\u00f3n (descargar en portada) Las Am\u00e9ricas y el mundo se enfrentan actualmente a una emergencia sanitaria global sin precedentes ocasionada por la pandemia del virus que causa el COVID-19, ante la cual las medidas adoptadas [&hellip;]<\/p>\n","protected":false},"author":4,"featured_media":48256,"comment_status":"open","ping_status":"open","sticky":false,"template":"","format":"standard","meta":{"iawp_total_views":4,"footnotes":""},"categories":[1067,19],"tags":[3089,30,2998],"class_list":["post-48254","post","type-post","status-publish","format-standard","has-post-thumbnail","hentry","category-agenda-feminista","category-biblioteca","tag-americas","tag-derechos-humanos","tag-pandemia"],"nelio_content":{"autoShareEndMode":"never","automationSources":{"useCustomSentences":false,"customSentences":[]},"efiAlt":"","efiUrl":"","followers":[4],"highlights":[],"isAutoShareEnabled":true,"networkImageIds":[],"permalinkQueryArgs":[],"series":[],"suggestedReferences":[]},"yoast_head":"<!-- This site is optimized with the Yoast SEO plugin v27.5 - https:\/\/yoast.com\/product\/yoast-seo-wordpress\/ -->\n<title>Pandemia y Derechos Humanos en las Am\u00e9ricas - Diario Digital Femenino<\/title>\n<meta name=\"description\" content=\"Pandemia y Derechos Humanos. Las Am\u00e9ricas y el mundo se enfrentan actualmente a una emergencia sanitaria global sin precedentes ocasionada por el COVID-19\" \/>\n<meta name=\"robots\" content=\"index, follow, max-snippet:-1, max-image-preview:large, max-video-preview:-1\" \/>\n<link rel=\"canonical\" href=\"https:\/\/diariofemenino.com.ar\/df\/pandemia-y-derechos-humanos-en-las-americas\/\" \/>\n<meta property=\"og:locale\" content=\"es_ES\" \/>\n<meta property=\"og:type\" content=\"article\" \/>\n<meta property=\"og:title\" content=\"Pandemia y Derechos Humanos en las Am\u00e9ricas - Diario Digital Femenino\" \/>\n<meta property=\"og:description\" content=\"Pandemia y Derechos Humanos. Las Am\u00e9ricas y el mundo se enfrentan actualmente a una emergencia sanitaria global sin precedentes ocasionada por el COVID-19\" \/>\n<meta property=\"og:url\" content=\"https:\/\/diariofemenino.com.ar\/df\/pandemia-y-derechos-humanos-en-las-americas\/\" \/>\n<meta property=\"og:site_name\" content=\"Diario Digital Femenino\" \/>\n<meta property=\"article:publisher\" content=\"https:\/\/www.facebook.com\/DiarioDigitaFemenino\/\" \/>\n<meta property=\"article:published_time\" content=\"2020-04-21T08:49:25+00:00\" \/>\n<meta property=\"og:image\" content=\"https:\/\/diariofemenino.com.ar\/df\/wp-content\/uploads\/2020\/04\/Pandemia.jpg\" \/>\n\t<meta property=\"og:image:width\" content=\"812\" \/>\n\t<meta property=\"og:image:height\" content=\"350\" \/>\n\t<meta property=\"og:image:type\" content=\"image\/jpeg\" \/>\n<meta name=\"author\" content=\"Admin\" \/>\n<meta name=\"twitter:card\" content=\"summary_large_image\" \/>\n<meta name=\"twitter:creator\" content=\"@DiarioFemenino1\" \/>\n<meta name=\"twitter:site\" content=\"@DiarioFemenino1\" \/>\n<meta name=\"twitter:label1\" content=\"Escrito por\" \/>\n\t<meta name=\"twitter:data1\" content=\"Admin\" \/>\n\t<meta name=\"twitter:label2\" content=\"Tiempo de lectura\" \/>\n\t<meta name=\"twitter:data2\" content=\"5 minutos\" \/>\n<script type=\"application\/ld+json\" class=\"yoast-schema-graph\">{\"@context\":\"https:\\\/\\\/schema.org\",\"@graph\":[{\"@type\":\"Article\",\"@id\":\"https:\\\/\\\/diariofemenino.com.ar\\\/df\\\/pandemia-y-derechos-humanos-en-las-americas\\\/#article\",\"isPartOf\":{\"@id\":\"https:\\\/\\\/diariofemenino.com.ar\\\/df\\\/pandemia-y-derechos-humanos-en-las-americas\\\/\"},\"author\":{\"name\":\"Admin\",\"@id\":\"https:\\\/\\\/diariofemenino.com.ar\\\/df\\\/#\\\/schema\\\/person\\\/bf6199e8158c657ea6f789b11ec85509\"},\"headline\":\"Pandemia y Derechos Humanos en las Am\u00e9ricas\",\"datePublished\":\"2020-04-21T08:49:25+00:00\",\"mainEntityOfPage\":{\"@id\":\"https:\\\/\\\/diariofemenino.com.ar\\\/df\\\/pandemia-y-derechos-humanos-en-las-americas\\\/\"},\"wordCount\":961,\"commentCount\":0,\"publisher\":{\"@id\":\"https:\\\/\\\/diariofemenino.com.ar\\\/df\\\/#organization\"},\"image\":{\"@id\":\"https:\\\/\\\/diariofemenino.com.ar\\\/df\\\/pandemia-y-derechos-humanos-en-las-americas\\\/#primaryimage\"},\"thumbnailUrl\":\"https:\\\/\\\/diariofemenino.com.ar\\\/df\\\/wp-content\\\/uploads\\\/2020\\\/04\\\/Pandemia.jpg\",\"keywords\":[\"Am\u00e9ricas\",\"Derechos Humanos\",\"Pandemia\"],\"articleSection\":[\"Agenda Feminista\",\"Biblioteca Virtual\"],\"inLanguage\":\"es\",\"potentialAction\":[{\"@type\":\"CommentAction\",\"name\":\"Comment\",\"target\":[\"https:\\\/\\\/diariofemenino.com.ar\\\/df\\\/pandemia-y-derechos-humanos-en-las-americas\\\/#respond\"]}]},{\"@type\":\"WebPage\",\"@id\":\"https:\\\/\\\/diariofemenino.com.ar\\\/df\\\/pandemia-y-derechos-humanos-en-las-americas\\\/\",\"url\":\"https:\\\/\\\/diariofemenino.com.ar\\\/df\\\/pandemia-y-derechos-humanos-en-las-americas\\\/\",\"name\":\"Pandemia y Derechos Humanos en las Am\u00e9ricas - Diario Digital Femenino\",\"isPartOf\":{\"@id\":\"https:\\\/\\\/diariofemenino.com.ar\\\/df\\\/#website\"},\"primaryImageOfPage\":{\"@id\":\"https:\\\/\\\/diariofemenino.com.ar\\\/df\\\/pandemia-y-derechos-humanos-en-las-americas\\\/#primaryimage\"},\"image\":{\"@id\":\"https:\\\/\\\/diariofemenino.com.ar\\\/df\\\/pandemia-y-derechos-humanos-en-las-americas\\\/#primaryimage\"},\"thumbnailUrl\":\"https:\\\/\\\/diariofemenino.com.ar\\\/df\\\/wp-content\\\/uploads\\\/2020\\\/04\\\/Pandemia.jpg\",\"datePublished\":\"2020-04-21T08:49:25+00:00\",\"description\":\"Pandemia y Derechos Humanos. Las Am\u00e9ricas y el mundo se enfrentan actualmente a una emergencia sanitaria global sin precedentes ocasionada por el COVID-19\",\"breadcrumb\":{\"@id\":\"https:\\\/\\\/diariofemenino.com.ar\\\/df\\\/pandemia-y-derechos-humanos-en-las-americas\\\/#breadcrumb\"},\"inLanguage\":\"es\",\"potentialAction\":[{\"@type\":\"ReadAction\",\"target\":[\"https:\\\/\\\/diariofemenino.com.ar\\\/df\\\/pandemia-y-derechos-humanos-en-las-americas\\\/\"]}]},{\"@type\":\"ImageObject\",\"inLanguage\":\"es\",\"@id\":\"https:\\\/\\\/diariofemenino.com.ar\\\/df\\\/pandemia-y-derechos-humanos-en-las-americas\\\/#primaryimage\",\"url\":\"https:\\\/\\\/diariofemenino.com.ar\\\/df\\\/wp-content\\\/uploads\\\/2020\\\/04\\\/Pandemia.jpg\",\"contentUrl\":\"https:\\\/\\\/diariofemenino.com.ar\\\/df\\\/wp-content\\\/uploads\\\/2020\\\/04\\\/Pandemia.jpg\",\"width\":812,\"height\":350,\"caption\":\"Pandemia y Derechos Humanos en las Am\u00e9ricas\"},{\"@type\":\"BreadcrumbList\",\"@id\":\"https:\\\/\\\/diariofemenino.com.ar\\\/df\\\/pandemia-y-derechos-humanos-en-las-americas\\\/#breadcrumb\",\"itemListElement\":[{\"@type\":\"ListItem\",\"position\":1,\"name\":\"Portada\",\"item\":\"https:\\\/\\\/diariofemenino.com.ar\\\/df\\\/\"},{\"@type\":\"ListItem\",\"position\":2,\"name\":\"Pandemia y Derechos Humanos en las Am\u00e9ricas\"}]},{\"@type\":\"WebSite\",\"@id\":\"https:\\\/\\\/diariofemenino.com.ar\\\/df\\\/#website\",\"url\":\"https:\\\/\\\/diariofemenino.com.ar\\\/df\\\/\",\"name\":\"Diario Digital Femenino\",\"description\":\"Cuesti\u00f3n de G\u00e9nero\",\"publisher\":{\"@id\":\"https:\\\/\\\/diariofemenino.com.ar\\\/df\\\/#organization\"},\"potentialAction\":[{\"@type\":\"SearchAction\",\"target\":{\"@type\":\"EntryPoint\",\"urlTemplate\":\"https:\\\/\\\/diariofemenino.com.ar\\\/df\\\/?s={search_term_string}\"},\"query-input\":{\"@type\":\"PropertyValueSpecification\",\"valueRequired\":true,\"valueName\":\"search_term_string\"}}],\"inLanguage\":\"es\"},{\"@type\":\"Organization\",\"@id\":\"https:\\\/\\\/diariofemenino.com.ar\\\/df\\\/#organization\",\"name\":\"Diario Femenino\",\"url\":\"https:\\\/\\\/diariofemenino.com.ar\\\/df\\\/\",\"logo\":{\"@type\":\"ImageObject\",\"inLanguage\":\"es\",\"@id\":\"https:\\\/\\\/diariofemenino.com.ar\\\/df\\\/#\\\/schema\\\/logo\\\/image\\\/\",\"url\":\"https:\\\/\\\/diariofemenino.com.ar\\\/df\\\/wp-content\\\/uploads\\\/2018\\\/10\\\/logo.png\",\"contentUrl\":\"https:\\\/\\\/diariofemenino.com.ar\\\/df\\\/wp-content\\\/uploads\\\/2018\\\/10\\\/logo.png\",\"width\":500,\"height\":92,\"caption\":\"Diario Femenino\"},\"image\":{\"@id\":\"https:\\\/\\\/diariofemenino.com.ar\\\/df\\\/#\\\/schema\\\/logo\\\/image\\\/\"},\"sameAs\":[\"https:\\\/\\\/www.facebook.com\\\/DiarioDigitaFemenino\\\/\",\"https:\\\/\\\/x.com\\\/DiarioFemenino1\"]},{\"@type\":\"Person\",\"@id\":\"https:\\\/\\\/diariofemenino.com.ar\\\/df\\\/#\\\/schema\\\/person\\\/bf6199e8158c657ea6f789b11ec85509\",\"name\":\"Admin\",\"image\":{\"@type\":\"ImageObject\",\"inLanguage\":\"es\",\"@id\":\"https:\\\/\\\/diariofemenino.com.ar\\\/df\\\/wp-content\\\/uploads\\\/2018\\\/12\\\/favicon-150x150.jpg\",\"url\":\"https:\\\/\\\/diariofemenino.com.ar\\\/df\\\/wp-content\\\/uploads\\\/2018\\\/12\\\/favicon-150x150.jpg\",\"contentUrl\":\"https:\\\/\\\/diariofemenino.com.ar\\\/df\\\/wp-content\\\/uploads\\\/2018\\\/12\\\/favicon-150x150.jpg\",\"caption\":\"Admin\"},\"url\":\"https:\\\/\\\/diariofemenino.com.ar\\\/df\\\/author\\\/lenny\\\/\"}]}<\/script>\n<!-- \/ Yoast SEO plugin. -->","yoast_head_json":{"title":"Pandemia y Derechos Humanos en las Am\u00e9ricas - Diario Digital Femenino","description":"Pandemia y Derechos Humanos. Las Am\u00e9ricas y el mundo se enfrentan actualmente a una emergencia sanitaria global sin precedentes ocasionada por el COVID-19","robots":{"index":"index","follow":"follow","max-snippet":"max-snippet:-1","max-image-preview":"max-image-preview:large","max-video-preview":"max-video-preview:-1"},"canonical":"https:\/\/diariofemenino.com.ar\/df\/pandemia-y-derechos-humanos-en-las-americas\/","og_locale":"es_ES","og_type":"article","og_title":"Pandemia y Derechos Humanos en las Am\u00e9ricas - Diario Digital Femenino","og_description":"Pandemia y Derechos Humanos. Las Am\u00e9ricas y el mundo se enfrentan actualmente a una emergencia sanitaria global sin precedentes ocasionada por el COVID-19","og_url":"https:\/\/diariofemenino.com.ar\/df\/pandemia-y-derechos-humanos-en-las-americas\/","og_site_name":"Diario Digital Femenino","article_publisher":"https:\/\/www.facebook.com\/DiarioDigitaFemenino\/","article_published_time":"2020-04-21T08:49:25+00:00","og_image":[{"width":812,"height":350,"url":"https:\/\/diariofemenino.com.ar\/df\/wp-content\/uploads\/2020\/04\/Pandemia.jpg","type":"image\/jpeg"}],"author":"Admin","twitter_card":"summary_large_image","twitter_creator":"@DiarioFemenino1","twitter_site":"@DiarioFemenino1","twitter_misc":{"Escrito por":"Admin","Tiempo de lectura":"5 minutos"},"schema":{"@context":"https:\/\/schema.org","@graph":[{"@type":"Article","@id":"https:\/\/diariofemenino.com.ar\/df\/pandemia-y-derechos-humanos-en-las-americas\/#article","isPartOf":{"@id":"https:\/\/diariofemenino.com.ar\/df\/pandemia-y-derechos-humanos-en-las-americas\/"},"author":{"name":"Admin","@id":"https:\/\/diariofemenino.com.ar\/df\/#\/schema\/person\/bf6199e8158c657ea6f789b11ec85509"},"headline":"Pandemia y Derechos Humanos en las Am\u00e9ricas","datePublished":"2020-04-21T08:49:25+00:00","mainEntityOfPage":{"@id":"https:\/\/diariofemenino.com.ar\/df\/pandemia-y-derechos-humanos-en-las-americas\/"},"wordCount":961,"commentCount":0,"publisher":{"@id":"https:\/\/diariofemenino.com.ar\/df\/#organization"},"image":{"@id":"https:\/\/diariofemenino.com.ar\/df\/pandemia-y-derechos-humanos-en-las-americas\/#primaryimage"},"thumbnailUrl":"https:\/\/diariofemenino.com.ar\/df\/wp-content\/uploads\/2020\/04\/Pandemia.jpg","keywords":["Am\u00e9ricas","Derechos Humanos","Pandemia"],"articleSection":["Agenda Feminista","Biblioteca Virtual"],"inLanguage":"es","potentialAction":[{"@type":"CommentAction","name":"Comment","target":["https:\/\/diariofemenino.com.ar\/df\/pandemia-y-derechos-humanos-en-las-americas\/#respond"]}]},{"@type":"WebPage","@id":"https:\/\/diariofemenino.com.ar\/df\/pandemia-y-derechos-humanos-en-las-americas\/","url":"https:\/\/diariofemenino.com.ar\/df\/pandemia-y-derechos-humanos-en-las-americas\/","name":"Pandemia y Derechos Humanos en las Am\u00e9ricas - Diario Digital Femenino","isPartOf":{"@id":"https:\/\/diariofemenino.com.ar\/df\/#website"},"primaryImageOfPage":{"@id":"https:\/\/diariofemenino.com.ar\/df\/pandemia-y-derechos-humanos-en-las-americas\/#primaryimage"},"image":{"@id":"https:\/\/diariofemenino.com.ar\/df\/pandemia-y-derechos-humanos-en-las-americas\/#primaryimage"},"thumbnailUrl":"https:\/\/diariofemenino.com.ar\/df\/wp-content\/uploads\/2020\/04\/Pandemia.jpg","datePublished":"2020-04-21T08:49:25+00:00","description":"Pandemia y Derechos Humanos. Las Am\u00e9ricas y el mundo se enfrentan actualmente a una emergencia sanitaria global sin precedentes ocasionada por el COVID-19","breadcrumb":{"@id":"https:\/\/diariofemenino.com.ar\/df\/pandemia-y-derechos-humanos-en-las-americas\/#breadcrumb"},"inLanguage":"es","potentialAction":[{"@type":"ReadAction","target":["https:\/\/diariofemenino.com.ar\/df\/pandemia-y-derechos-humanos-en-las-americas\/"]}]},{"@type":"ImageObject","inLanguage":"es","@id":"https:\/\/diariofemenino.com.ar\/df\/pandemia-y-derechos-humanos-en-las-americas\/#primaryimage","url":"https:\/\/diariofemenino.com.ar\/df\/wp-content\/uploads\/2020\/04\/Pandemia.jpg","contentUrl":"https:\/\/diariofemenino.com.ar\/df\/wp-content\/uploads\/2020\/04\/Pandemia.jpg","width":812,"height":350,"caption":"Pandemia y Derechos Humanos en las Am\u00e9ricas"},{"@type":"BreadcrumbList","@id":"https:\/\/diariofemenino.com.ar\/df\/pandemia-y-derechos-humanos-en-las-americas\/#breadcrumb","itemListElement":[{"@type":"ListItem","position":1,"name":"Portada","item":"https:\/\/diariofemenino.com.ar\/df\/"},{"@type":"ListItem","position":2,"name":"Pandemia y Derechos Humanos en las Am\u00e9ricas"}]},{"@type":"WebSite","@id":"https:\/\/diariofemenino.com.ar\/df\/#website","url":"https:\/\/diariofemenino.com.ar\/df\/","name":"Diario Digital Femenino","description":"Cuesti\u00f3n de G\u00e9nero","publisher":{"@id":"https:\/\/diariofemenino.com.ar\/df\/#organization"},"potentialAction":[{"@type":"SearchAction","target":{"@type":"EntryPoint","urlTemplate":"https:\/\/diariofemenino.com.ar\/df\/?s={search_term_string}"},"query-input":{"@type":"PropertyValueSpecification","valueRequired":true,"valueName":"search_term_string"}}],"inLanguage":"es"},{"@type":"Organization","@id":"https:\/\/diariofemenino.com.ar\/df\/#organization","name":"Diario Femenino","url":"https:\/\/diariofemenino.com.ar\/df\/","logo":{"@type":"ImageObject","inLanguage":"es","@id":"https:\/\/diariofemenino.com.ar\/df\/#\/schema\/logo\/image\/","url":"https:\/\/diariofemenino.com.ar\/df\/wp-content\/uploads\/2018\/10\/logo.png","contentUrl":"https:\/\/diariofemenino.com.ar\/df\/wp-content\/uploads\/2018\/10\/logo.png","width":500,"height":92,"caption":"Diario Femenino"},"image":{"@id":"https:\/\/diariofemenino.com.ar\/df\/#\/schema\/logo\/image\/"},"sameAs":["https:\/\/www.facebook.com\/DiarioDigitaFemenino\/","https:\/\/x.com\/DiarioFemenino1"]},{"@type":"Person","@id":"https:\/\/diariofemenino.com.ar\/df\/#\/schema\/person\/bf6199e8158c657ea6f789b11ec85509","name":"Admin","image":{"@type":"ImageObject","inLanguage":"es","@id":"https:\/\/diariofemenino.com.ar\/df\/wp-content\/uploads\/2018\/12\/favicon-150x150.jpg","url":"https:\/\/diariofemenino.com.ar\/df\/wp-content\/uploads\/2018\/12\/favicon-150x150.jpg","contentUrl":"https:\/\/diariofemenino.com.ar\/df\/wp-content\/uploads\/2018\/12\/favicon-150x150.jpg","caption":"Admin"},"url":"https:\/\/diariofemenino.com.ar\/df\/author\/lenny\/"}]}},"jetpack_featured_media_url":"https:\/\/diariofemenino.com.ar\/df\/wp-content\/uploads\/2020\/04\/Pandemia.jpg","jetpack_sharing_enabled":true,"rttpg_featured_image_url":{"full":["https:\/\/diariofemenino.com.ar\/df\/wp-content\/uploads\/2020\/04\/Pandemia.jpg",812,350,false],"landscape":["https:\/\/diariofemenino.com.ar\/df\/wp-content\/uploads\/2020\/04\/Pandemia.jpg",812,350,false],"portraits":["https:\/\/diariofemenino.com.ar\/df\/wp-content\/uploads\/2020\/04\/Pandemia.jpg",812,350,false],"thumbnail":["https:\/\/diariofemenino.com.ar\/df\/wp-content\/uploads\/2020\/04\/Pandemia-150x150.jpg",150,150,true],"medium":["https:\/\/diariofemenino.com.ar\/df\/wp-content\/uploads\/2020\/04\/Pandemia-300x129.jpg",300,129,true],"large":["https:\/\/diariofemenino.com.ar\/df\/wp-content\/uploads\/2020\/04\/Pandemia.jpg",812,350,false],"1536x1536":["https:\/\/diariofemenino.com.ar\/df\/wp-content\/uploads\/2020\/04\/Pandemia.jpg",812,350,false],"2048x2048":["https:\/\/diariofemenino.com.ar\/df\/wp-content\/uploads\/2020\/04\/Pandemia.jpg",812,350,false]},"rttpg_author":{"display_name":"Admin","author_link":"https:\/\/diariofemenino.com.ar\/df\/author\/lenny\/"},"rttpg_comment":0,"rttpg_category":"<a href=\"https:\/\/diariofemenino.com.ar\/df\/category\/agenda-feminista\/\" rel=\"category tag\">Agenda Feminista<\/a> <a href=\"https:\/\/diariofemenino.com.ar\/df\/category\/biblioteca\/\" rel=\"category tag\">Biblioteca Virtual<\/a>","rttpg_excerpt":"RESOLUCI\u00d3N NO. 1\/2020 PANDEMIA Y DERECHOS HUMANOS EN LAS AM\u00c9RICAS (Adoptado por la CIDH el 10 de abril de 2020) Introducci\u00f3n (descargar en portada) Las Am\u00e9ricas y el mundo se enfrentan actualmente a una emergencia sanitaria global sin precedentes ocasionada por la pandemia del virus que causa el COVID-19, ante la cual las medidas adoptadas&hellip;","_links":{"self":[{"href":"https:\/\/diariofemenino.com.ar\/df\/wp-json\/wp\/v2\/posts\/48254","targetHints":{"allow":["GET"]}}],"collection":[{"href":"https:\/\/diariofemenino.com.ar\/df\/wp-json\/wp\/v2\/posts"}],"about":[{"href":"https:\/\/diariofemenino.com.ar\/df\/wp-json\/wp\/v2\/types\/post"}],"author":[{"embeddable":true,"href":"https:\/\/diariofemenino.com.ar\/df\/wp-json\/wp\/v2\/users\/4"}],"replies":[{"embeddable":true,"href":"https:\/\/diariofemenino.com.ar\/df\/wp-json\/wp\/v2\/comments?post=48254"}],"version-history":[{"count":0,"href":"https:\/\/diariofemenino.com.ar\/df\/wp-json\/wp\/v2\/posts\/48254\/revisions"}],"wp:featuredmedia":[{"embeddable":true,"href":"https:\/\/diariofemenino.com.ar\/df\/wp-json\/wp\/v2\/media\/48256"}],"wp:attachment":[{"href":"https:\/\/diariofemenino.com.ar\/df\/wp-json\/wp\/v2\/media?parent=48254"}],"wp:term":[{"taxonomy":"category","embeddable":true,"href":"https:\/\/diariofemenino.com.ar\/df\/wp-json\/wp\/v2\/categories?post=48254"},{"taxonomy":"post_tag","embeddable":true,"href":"https:\/\/diariofemenino.com.ar\/df\/wp-json\/wp\/v2\/tags?post=48254"}],"curies":[{"name":"wp","href":"https:\/\/api.w.org\/{rel}","templated":true}]}}