{"id":4822,"date":"2012-11-14T21:15:07","date_gmt":"2012-11-15T00:15:07","guid":{"rendered":"http:\/\/www.diariofemenino.com.ar\/?p=4822"},"modified":"2012-11-14T21:15:07","modified_gmt":"2012-11-15T00:15:07","slug":"expropiacion-de-la-casa-de-barreda","status":"publish","type":"post","link":"https:\/\/diariofemenino.com.ar\/df\/expropiacion-de-la-casa-de-barreda\/","title":{"rendered":"Expropiaci\u00f3n de la casa de Barreda"},"content":{"rendered":"<p>&nbsp;<\/p>\n<div id=\"yui_3_7_2_1_1352937008004_349\">\n<div id=\"yui_3_7_2_1_1352937008004_347\">\n<div id=\"yiv717408560\">\n<div id=\"yui_3_7_2_1_1352937008004_345\">\n<div id=\"yui_3_7_2_1_1352937008004_343\">\n<div id=\"yui_3_7_2_1_1352937008004_341\">\n<div id=\"yui_3_7_2_1_1352937008004_339\">\n<div id=\"yiv717408560\">\n<div id=\"yui_3_7_2_1_1352937008004_337\">\n<div id=\"yui_3_7_2_1_1352937008004_335\">\n<div id=\"yui_3_7_2_1_1352937008004_333\">\n<div id=\"yui_3_7_2_1_1352937008004_331\">\n<div id=\"yiv717408560\">\n<div id=\"yui_3_7_2_1_1352937008004_329\">\n<div id=\"yui_3_7_2_1_1352937008004_327\">\n<div id=\"yui_3_7_2_1_1352937008004_325\">\n<div id=\"yui_3_7_2_1_1352937008004_323\">\n<div id=\"yiv717408560\">\n<div id=\"yui_3_7_2_1_1352937008004_321\">\n<div id=\"yui_3_7_2_1_1352937008004_319\">\n<div id=\"yui_3_7_2_1_1352937008004_317\">\n<div id=\"yui_3_7_2_1_1352937008004_315\">\n<div id=\"yiv717408560\">\n<div id=\"yui_3_7_2_1_1352937008004_313\">\n<div id=\"yui_3_7_2_1_1352937008004_311\">\n<div id=\"yui_3_7_2_1_1352937008004_309\">\n<div id=\"yui_3_7_2_1_1352937008004_307\">\n<div id=\"yiv717408560\">\n<div id=\"yui_3_7_2_1_1352937008004_305\">\n<div id=\"yui_3_7_2_1_1352937008004_303\">\n<div id=\"yui_3_7_2_1_1352937008004_301\">\n<div id=\"yui_3_7_2_1_1352937008004_299\">\n<div id=\"yiv717408560\">\n<div id=\"yui_3_7_2_1_1352937008004_297\">\n<div id=\"yui_3_7_2_1_1352937008004_295\">\n<div id=\"yui_3_7_2_1_1352937008004_293\">\n<div id=\"yui_3_7_2_1_1352937008004_291\">\n<div id=\"yiv717408560\">\n<div id=\"yui_3_7_2_1_1352937008004_289\">\n<div id=\"yui_3_7_2_1_1352937008004_287\">\n<div id=\"yui_3_7_2_1_1352937008004_285\">\n<div id=\"yui_3_7_2_1_1352937008004_283\">\n<div id=\"yiv717408560\">\n<div id=\"yui_3_7_2_1_1352937008004_281\">\n<div id=\"yui_3_7_2_1_1352937008004_279\">\n<div id=\"yui_3_7_2_1_1352937008004_277\">\n<div id=\"yui_3_7_2_1_1352937008004_275\">\n<div id=\"yiv717408560\">\n<div id=\"yui_3_7_2_1_1352937008004_273\">\n<div id=\"yui_3_7_2_1_1352937008004_271\">\n<div id=\"yui_3_7_2_1_1352937008004_269\">\n<div id=\"yui_3_7_2_1_1352937008004_267\">\n<div id=\"yiv717408560\">\n<div id=\"yui_3_7_2_1_1352937008004_265\">\n<div id=\"yui_3_7_2_1_1352937008004_263\">\n<div id=\"yui_3_7_2_1_1352937008004_261\">\n<div id=\"yui_3_7_2_1_1352937008004_259\">\n<div id=\"yiv717408560\">\n<div id=\"yui_3_7_2_1_1352937008004_257\">\n<div id=\"yui_3_7_2_1_1352937008004_255\">\n<div id=\"yui_3_7_2_1_1352937008004_253\">\n<div id=\"yui_3_7_2_1_1352937008004_251\">\n<div id=\"yiv717408560\">\n<div id=\"yui_3_7_2_1_1352937008004_249\">\n<div id=\"yui_3_7_2_1_1352937008004_247\">\n<div id=\"yui_3_7_2_1_1352937008004_245\">\n<div id=\"yui_3_7_2_1_1352937008004_243\">\n<div id=\"yiv717408560\">\n<div id=\"yui_3_7_2_1_1352937008004_241\">\n<div id=\"yui_3_7_2_1_1352937008004_239\">\n<div id=\"yui_3_7_2_1_1352937008004_237\">\n<div id=\"yui_3_7_2_1_1352937008004_235\">\n<div id=\"yiv717408560\">\n<div id=\"yui_3_7_2_1_1352937008004_233\">\n<div id=\"yui_3_7_2_1_1352937008004_231\">\n<div id=\"yui_3_7_2_1_1352937008004_229\">\n<div id=\"yui_3_7_2_1_1352937008004_227\">\n<div id=\"yiv717408560\">\n<div id=\"yui_3_7_2_1_1352937008004_225\">\n<div id=\"yui_3_7_2_1_1352937008004_223\">\n<div id=\"yui_3_7_2_1_1352937008004_221\">\n<div id=\"yui_3_7_2_1_1352937008004_219\">\n<div id=\"yiv717408560\">\n<div id=\"yui_3_7_2_1_1352937008004_217\">\n<div id=\"yui_3_7_2_1_1352937008004_215\">\n<div id=\"yui_3_7_2_1_1352937008004_213\">\n<div id=\"yui_3_7_2_1_1352937008004_211\">\n<div id=\"yiv717408560\">\n<div id=\"yui_3_7_2_1_1352937008004_209\">\n<div id=\"yui_3_7_2_1_1352937008004_207\">\n<div id=\"yui_3_7_2_1_1352937008004_205\">\n<div id=\"yui_3_7_2_1_1352937008004_203\">\n<div id=\"yiv717408560\">\n<div id=\"yui_3_7_2_1_1352937008004_201\">\n<div id=\"yui_3_7_2_1_1352937008004_199\">\n<div id=\"yui_3_7_2_1_1352937008004_197\">\n<div id=\"yui_3_7_2_1_1352937008004_195\">\n<div id=\"yiv717408560\">\n<div id=\"yui_3_7_2_1_1352937008004_193\">\n<div id=\"yui_3_7_2_1_1352937008004_191\">\n<div id=\"yui_3_7_2_1_1352937008004_189\">\n<div id=\"yui_3_7_2_1_1352937008004_187\">\n<div id=\"yiv717408560\">\n<div id=\"yui_3_7_2_1_1352937008004_185\">\n<div id=\"yui_3_7_2_1_1352937008004_183\">\n<div id=\"yui_3_7_2_1_1352937008004_181\">\n<div id=\"yui_3_7_2_1_1352937008004_179\">\n<div id=\"yiv717408560\">\n<div id=\"yui_3_7_2_1_1352937008004_177\">\n<div id=\"yui_3_7_2_1_1352937008004_175\">\n<div id=\"yui_3_7_2_1_1352937008004_173\">\n<div id=\"yui_3_7_2_1_1352937008004_171\">\n<div id=\"yiv717408560\">\n<div id=\"yui_3_7_2_1_1352937008004_169\">\n<div id=\"yui_3_7_2_1_1352937008004_167\">\n<div id=\"yui_3_7_2_1_1352937008004_165\">\n<div id=\"yui_3_7_2_1_1352937008004_163\">\n<div id=\"yiv717408560\">\n<div id=\"yui_3_7_2_1_1352937008004_161\">\n<div id=\"yui_3_7_2_1_1352937008004_159\">\n<div id=\"yui_3_7_2_1_1352937008004_157\">\n<div id=\"yui_3_7_2_1_1352937008004_155\">\n<div id=\"yiv717408560\">\n<div id=\"yui_3_7_2_1_1352937008004_153\">\n<div id=\"yui_3_7_2_1_1352937008004_151\">\n<div id=\"yiv717408560\">\n<div id=\"yui_3_7_2_1_1352937008004_149\">\n<div><\/div>\n<div><\/div>\n<div><\/div>\n<div><\/div>\n<div>\nVersiones period\u00edsticas indican que ma\u00f1ana, jueves 15 de noviembre, la C\u00e1mara de Senadores bonaerense aprobar\u00eda la expropiaci\u00f3n de la casa donde el femicida Ricardo Barreda asesin\u00f3 a su esposa, su suegra y sus hijas.<br \/>\nOrganizaciones de mujeres, feministas, han manifestado su posici\u00f3n al respecto y expresaron este posicionamiento al autor del proyecto (diputado Gabriel Bruera) as\u00ed como a integrantes de la Comisi\u00f3n de Organizaci\u00f3n Territorial y Vivienda (primera comisi\u00f3n del Senado a la que lleg\u00f3 el proyecto aprobado por diputados y hasta el momento en la que permanece. Es decir no fue tratado por las comisiones de Igualdad de Trato y Oportunidades, Presupuesto e Impuestos y Asuntos Constitucionales como estaba previsto. Es factible que sea tratado sobre tablas)<br \/>\nLas organizaciones que integramos la Campa\u00f1a Nacional contra las Violencias hacia las Mujeres y la Red de Monitoreo para Prevenir, Sancionar y Erradicar la Violencia contra las Mujeres de la Provincia de Buenos Aires.<br \/>\n<strong><\/strong><br \/>\n<strong>Ante el posible tratamiento dicen:<\/strong><br \/>\n&nbsp;<br \/>\n<strong>-NO QUEREMOS MUSEOS DE FEMICIDIO. QUEREMOS POL\u00cdTICAS P\u00daBLICAS QUE PROTEJAN A LAS MUJERES.<\/strong><br \/>\n<strong>-NO A LAS CONMEMORACIONES P\u00d3STUMAS. S\u00cd A LAS POL\u00cdTICAS P\u00daBLICAS QUE PROMUEVAN UNA VIDA LIBRE DE VIOLENCIAS PARA TODAS Y TODOS.<\/strong><strong><\/strong><br \/>\n<strong>-NO A LOS QUE HABLAN Y NEGOCIAN EN NUESTRO NOMBRE. BASTA DE NEGOCIAR CON NUESTROS<\/strong><strong> CUERPOS, NUESTROS DESTINOS, NUESTRAS VIDAS. . <\/strong><br \/>\n<strong>\u00a0<\/strong><strong>-MUCHOS A\u00d1OS DE CONSTRUCCI\u00d3N EN LA LUCHA COTIDIANA POR EL RECONOCIMIENTO DE NUESTROS<\/strong><strong> DERECHOS SOSTIENEN NUESTROS RECLAMOS<\/strong><strong><\/strong><br \/>\n&nbsp;\n<\/div>\n<div><\/div>\n<div><\/div>\n<div><\/div>\n<div>Fuente: Gabriela Barcaglioni &#8211; Periodista<\/div>\n<\/div>\n<\/div>\n<\/div>\n<\/div>\n<\/div>\n<\/div>\n<\/div>\n<\/div>\n<\/div>\n<\/div>\n<\/div>\n<\/div>\n<\/div>\n<\/div>\n<\/div>\n<\/div>\n<\/div>\n<\/div>\n<\/div>\n<\/div>\n<\/div>\n<\/div>\n<\/div>\n<\/div>\n<\/div>\n<\/div>\n<\/div>\n<\/div>\n<\/div>\n<\/div>\n<\/div>\n<\/div>\n<\/div>\n<\/div>\n<\/div>\n<\/div>\n<\/div>\n<\/div>\n<\/div>\n<\/div>\n<\/div>\n<\/div>\n<\/div>\n<\/div>\n<\/div>\n<\/div>\n<\/div>\n<\/div>\n<\/div>\n<\/div>\n<\/div>\n<\/div>\n<\/div>\n<\/div>\n<\/div>\n<\/div>\n<\/div>\n<\/div>\n<\/div>\n<\/div>\n<\/div>\n<\/div>\n<\/div>\n<\/div>\n<\/div>\n<\/div>\n<\/div>\n<\/div>\n<\/div>\n<\/div>\n<\/div>\n<\/div>\n<\/div>\n<\/div>\n<\/div>\n<\/div>\n<\/div>\n<\/div>\n<\/div>\n<\/div>\n<\/div>\n<\/div>\n<\/div>\n<\/div>\n<\/div>\n<\/div>\n<\/div>\n<\/div>\n<\/div>\n<\/div>\n<\/div>\n<\/div>\n<\/div>\n<\/div>\n<\/div>\n<\/div>\n<\/div>\n<\/div>\n<\/div>\n<\/div>\n<\/div>\n<\/div>\n<\/div>\n<\/div>\n<\/div>\n<\/div>\n<\/div>\n<\/div>\n<\/div>\n<\/div>\n<\/div>\n<\/div>\n<\/div>\n<\/div>\n<\/div>\n<\/div>\n<\/div>\n<\/div>\n<\/div>\n<\/div>\n<\/div>\n<\/div>\n<\/div>\n<\/div>\n<\/div>\n<\/div>\n<\/div>\n","protected":false},"excerpt":{"rendered":"<p>&nbsp; Versiones period\u00edsticas indican que ma\u00f1ana, jueves 15 de noviembre, la C\u00e1mara de Senadores bonaerense aprobar\u00eda la expropiaci\u00f3n de la casa donde el femicida Ricardo Barreda asesin\u00f3 a su esposa, su suegra y sus hijas. Organizaciones de mujeres, feministas, han manifestado su posici\u00f3n al respecto y expresaron este posicionamiento al autor del proyecto (diputado Gabriel [&hellip;]<\/p>\n","protected":false},"author":1,"featured_media":0,"comment_status":"open","ping_status":"open","sticky":false,"template":"","format":"standard","meta":{"iawp_total_views":2,"footnotes":""},"categories":[2],"tags":[],"class_list":["post-4822","post","type-post","status-publish","format-standard","hentry","category-sin-categoria"],"nelio_content":{"autoShareEndMode":"never","automationSources":{"useCustomSentences":false,"customSentences":[]},"efiAlt":"","efiUrl":"","followers":[],"highlights":[],"isAutoShareEnabled":true,"networkImageIds":[],"permalinkQueryArgs":[],"series":[],"suggestedReferences":[]},"yoast_head":"<!-- This site is optimized with the Yoast SEO plugin v27.4 - https:\/\/yoast.com\/product\/yoast-seo-wordpress\/ -->\n<title>Expropiaci\u00f3n de la casa de Barreda - Diario Digital Femenino<\/title>\n<meta name=\"robots\" content=\"index, follow, max-snippet:-1, max-image-preview:large, max-video-preview:-1\" \/>\n<link rel=\"canonical\" href=\"https:\/\/diariofemenino.com.ar\/df\/expropiacion-de-la-casa-de-barreda\/\" \/>\n<meta property=\"og:locale\" content=\"es_ES\" \/>\n<meta property=\"og:type\" content=\"article\" \/>\n<meta property=\"og:title\" content=\"Expropiaci\u00f3n de la casa de Barreda - Diario Digital Femenino\" \/>\n<meta property=\"og:description\" content=\"&nbsp; Versiones period\u00edsticas indican que ma\u00f1ana, jueves 15 de noviembre, la C\u00e1mara de Senadores bonaerense aprobar\u00eda la expropiaci\u00f3n de la casa donde el femicida Ricardo Barreda asesin\u00f3 a su esposa, su suegra y sus hijas. Organizaciones de mujeres, feministas, han manifestado su posici\u00f3n al respecto y expresaron este posicionamiento al autor del proyecto (diputado Gabriel [&hellip;]\" \/>\n<meta property=\"og:url\" content=\"https:\/\/diariofemenino.com.ar\/df\/expropiacion-de-la-casa-de-barreda\/\" \/>\n<meta property=\"og:site_name\" content=\"Diario Digital Femenino\" \/>\n<meta property=\"article:publisher\" content=\"https:\/\/www.facebook.com\/DiarioDigitaFemenino\/\" \/>\n<meta property=\"article:published_time\" content=\"2012-11-15T00:15:07+00:00\" \/>\n<meta property=\"og:image\" content=\"https:\/\/diariofemenino.com.ar\/df\/wp-content\/uploads\/2016\/10\/logo-negro.png\" \/>\n\t<meta property=\"og:image:width\" content=\"855\" \/>\n\t<meta property=\"og:image:height\" content=\"319\" \/>\n\t<meta property=\"og:image:type\" content=\"image\/png\" \/>\n<meta name=\"author\" content=\"Admin\" \/>\n<meta name=\"twitter:card\" content=\"summary_large_image\" \/>\n<meta name=\"twitter:creator\" content=\"@DiarioFemenino1\" \/>\n<meta name=\"twitter:site\" content=\"@DiarioFemenino1\" \/>\n<meta name=\"twitter:label1\" content=\"Escrito por\" \/>\n\t<meta name=\"twitter:data1\" content=\"Admin\" \/>\n\t<meta name=\"twitter:label2\" content=\"Tiempo de lectura\" \/>\n\t<meta name=\"twitter:data2\" content=\"1 minuto\" \/>\n<script type=\"application\/ld+json\" class=\"yoast-schema-graph\">{\"@context\":\"https:\\\/\\\/schema.org\",\"@graph\":[{\"@type\":\"Article\",\"@id\":\"https:\\\/\\\/diariofemenino.com.ar\\\/df\\\/expropiacion-de-la-casa-de-barreda\\\/#article\",\"isPartOf\":{\"@id\":\"https:\\\/\\\/diariofemenino.com.ar\\\/df\\\/expropiacion-de-la-casa-de-barreda\\\/\"},\"author\":{\"name\":\"Admin\",\"@id\":\"https:\\\/\\\/diariofemenino.com.ar\\\/df\\\/#\\\/schema\\\/person\\\/38f54b3bfd13f561de2460ba95c169c6\"},\"headline\":\"Expropiaci\u00f3n de la casa de Barreda\",\"datePublished\":\"2012-11-15T00:15:07+00:00\",\"mainEntityOfPage\":{\"@id\":\"https:\\\/\\\/diariofemenino.com.ar\\\/df\\\/expropiacion-de-la-casa-de-barreda\\\/\"},\"wordCount\":259,\"commentCount\":0,\"publisher\":{\"@id\":\"https:\\\/\\\/diariofemenino.com.ar\\\/df\\\/#organization\"},\"inLanguage\":\"es\",\"potentialAction\":[{\"@type\":\"CommentAction\",\"name\":\"Comment\",\"target\":[\"https:\\\/\\\/diariofemenino.com.ar\\\/df\\\/expropiacion-de-la-casa-de-barreda\\\/#respond\"]}]},{\"@type\":\"WebPage\",\"@id\":\"https:\\\/\\\/diariofemenino.com.ar\\\/df\\\/expropiacion-de-la-casa-de-barreda\\\/\",\"url\":\"https:\\\/\\\/diariofemenino.com.ar\\\/df\\\/expropiacion-de-la-casa-de-barreda\\\/\",\"name\":\"Expropiaci\u00f3n de la casa de Barreda - Diario Digital Femenino\",\"isPartOf\":{\"@id\":\"https:\\\/\\\/diariofemenino.com.ar\\\/df\\\/#website\"},\"datePublished\":\"2012-11-15T00:15:07+00:00\",\"breadcrumb\":{\"@id\":\"https:\\\/\\\/diariofemenino.com.ar\\\/df\\\/expropiacion-de-la-casa-de-barreda\\\/#breadcrumb\"},\"inLanguage\":\"es\",\"potentialAction\":[{\"@type\":\"ReadAction\",\"target\":[\"https:\\\/\\\/diariofemenino.com.ar\\\/df\\\/expropiacion-de-la-casa-de-barreda\\\/\"]}]},{\"@type\":\"BreadcrumbList\",\"@id\":\"https:\\\/\\\/diariofemenino.com.ar\\\/df\\\/expropiacion-de-la-casa-de-barreda\\\/#breadcrumb\",\"itemListElement\":[{\"@type\":\"ListItem\",\"position\":1,\"name\":\"Portada\",\"item\":\"https:\\\/\\\/diariofemenino.com.ar\\\/df\\\/\"},{\"@type\":\"ListItem\",\"position\":2,\"name\":\"Expropiaci\u00f3n de la casa de Barreda\"}]},{\"@type\":\"WebSite\",\"@id\":\"https:\\\/\\\/diariofemenino.com.ar\\\/df\\\/#website\",\"url\":\"https:\\\/\\\/diariofemenino.com.ar\\\/df\\\/\",\"name\":\"Diario Digital Femenino\",\"description\":\"Cuesti\u00f3n de G\u00e9nero\",\"publisher\":{\"@id\":\"https:\\\/\\\/diariofemenino.com.ar\\\/df\\\/#organization\"},\"potentialAction\":[{\"@type\":\"SearchAction\",\"target\":{\"@type\":\"EntryPoint\",\"urlTemplate\":\"https:\\\/\\\/diariofemenino.com.ar\\\/df\\\/?s={search_term_string}\"},\"query-input\":{\"@type\":\"PropertyValueSpecification\",\"valueRequired\":true,\"valueName\":\"search_term_string\"}}],\"inLanguage\":\"es\"},{\"@type\":\"Organization\",\"@id\":\"https:\\\/\\\/diariofemenino.com.ar\\\/df\\\/#organization\",\"name\":\"Diario Femenino\",\"url\":\"https:\\\/\\\/diariofemenino.com.ar\\\/df\\\/\",\"logo\":{\"@type\":\"ImageObject\",\"inLanguage\":\"es\",\"@id\":\"https:\\\/\\\/diariofemenino.com.ar\\\/df\\\/#\\\/schema\\\/logo\\\/image\\\/\",\"url\":\"https:\\\/\\\/diariofemenino.com.ar\\\/df\\\/wp-content\\\/uploads\\\/2018\\\/10\\\/logo.png\",\"contentUrl\":\"https:\\\/\\\/diariofemenino.com.ar\\\/df\\\/wp-content\\\/uploads\\\/2018\\\/10\\\/logo.png\",\"width\":500,\"height\":92,\"caption\":\"Diario Femenino\"},\"image\":{\"@id\":\"https:\\\/\\\/diariofemenino.com.ar\\\/df\\\/#\\\/schema\\\/logo\\\/image\\\/\"},\"sameAs\":[\"https:\\\/\\\/www.facebook.com\\\/DiarioDigitaFemenino\\\/\",\"https:\\\/\\\/x.com\\\/DiarioFemenino1\"]},{\"@type\":\"Person\",\"@id\":\"https:\\\/\\\/diariofemenino.com.ar\\\/df\\\/#\\\/schema\\\/person\\\/38f54b3bfd13f561de2460ba95c169c6\",\"name\":\"Admin\",\"image\":{\"@type\":\"ImageObject\",\"inLanguage\":\"es\",\"@id\":\"https:\\\/\\\/diariofemenino.com.ar\\\/df\\\/wp-content\\\/uploads\\\/2018\\\/12\\\/favicon-150x150.jpg\",\"url\":\"https:\\\/\\\/diariofemenino.com.ar\\\/df\\\/wp-content\\\/uploads\\\/2018\\\/12\\\/favicon-150x150.jpg\",\"contentUrl\":\"https:\\\/\\\/diariofemenino.com.ar\\\/df\\\/wp-content\\\/uploads\\\/2018\\\/12\\\/favicon-150x150.jpg\",\"caption\":\"Admin\"},\"url\":\"https:\\\/\\\/diariofemenino.com.ar\\\/df\\\/author\\\/adm18df\\\/\"}]}<\/script>\n<!-- \/ Yoast SEO plugin. -->","yoast_head_json":{"title":"Expropiaci\u00f3n de la casa de Barreda - Diario Digital Femenino","robots":{"index":"index","follow":"follow","max-snippet":"max-snippet:-1","max-image-preview":"max-image-preview:large","max-video-preview":"max-video-preview:-1"},"canonical":"https:\/\/diariofemenino.com.ar\/df\/expropiacion-de-la-casa-de-barreda\/","og_locale":"es_ES","og_type":"article","og_title":"Expropiaci\u00f3n de la casa de Barreda - Diario Digital Femenino","og_description":"&nbsp; Versiones period\u00edsticas indican que ma\u00f1ana, jueves 15 de noviembre, la C\u00e1mara de Senadores bonaerense aprobar\u00eda la expropiaci\u00f3n de la casa donde el femicida Ricardo Barreda asesin\u00f3 a su esposa, su suegra y sus hijas. Organizaciones de mujeres, feministas, han manifestado su posici\u00f3n al respecto y expresaron este posicionamiento al autor del proyecto (diputado Gabriel [&hellip;]","og_url":"https:\/\/diariofemenino.com.ar\/df\/expropiacion-de-la-casa-de-barreda\/","og_site_name":"Diario Digital Femenino","article_publisher":"https:\/\/www.facebook.com\/DiarioDigitaFemenino\/","article_published_time":"2012-11-15T00:15:07+00:00","og_image":[{"width":855,"height":319,"url":"https:\/\/diariofemenino.com.ar\/df\/wp-content\/uploads\/2016\/10\/logo-negro.png","type":"image\/png"}],"author":"Admin","twitter_card":"summary_large_image","twitter_creator":"@DiarioFemenino1","twitter_site":"@DiarioFemenino1","twitter_misc":{"Escrito por":"Admin","Tiempo de lectura":"1 minuto"},"schema":{"@context":"https:\/\/schema.org","@graph":[{"@type":"Article","@id":"https:\/\/diariofemenino.com.ar\/df\/expropiacion-de-la-casa-de-barreda\/#article","isPartOf":{"@id":"https:\/\/diariofemenino.com.ar\/df\/expropiacion-de-la-casa-de-barreda\/"},"author":{"name":"Admin","@id":"https:\/\/diariofemenino.com.ar\/df\/#\/schema\/person\/38f54b3bfd13f561de2460ba95c169c6"},"headline":"Expropiaci\u00f3n de la casa de Barreda","datePublished":"2012-11-15T00:15:07+00:00","mainEntityOfPage":{"@id":"https:\/\/diariofemenino.com.ar\/df\/expropiacion-de-la-casa-de-barreda\/"},"wordCount":259,"commentCount":0,"publisher":{"@id":"https:\/\/diariofemenino.com.ar\/df\/#organization"},"inLanguage":"es","potentialAction":[{"@type":"CommentAction","name":"Comment","target":["https:\/\/diariofemenino.com.ar\/df\/expropiacion-de-la-casa-de-barreda\/#respond"]}]},{"@type":"WebPage","@id":"https:\/\/diariofemenino.com.ar\/df\/expropiacion-de-la-casa-de-barreda\/","url":"https:\/\/diariofemenino.com.ar\/df\/expropiacion-de-la-casa-de-barreda\/","name":"Expropiaci\u00f3n de la casa de Barreda - Diario Digital Femenino","isPartOf":{"@id":"https:\/\/diariofemenino.com.ar\/df\/#website"},"datePublished":"2012-11-15T00:15:07+00:00","breadcrumb":{"@id":"https:\/\/diariofemenino.com.ar\/df\/expropiacion-de-la-casa-de-barreda\/#breadcrumb"},"inLanguage":"es","potentialAction":[{"@type":"ReadAction","target":["https:\/\/diariofemenino.com.ar\/df\/expropiacion-de-la-casa-de-barreda\/"]}]},{"@type":"BreadcrumbList","@id":"https:\/\/diariofemenino.com.ar\/df\/expropiacion-de-la-casa-de-barreda\/#breadcrumb","itemListElement":[{"@type":"ListItem","position":1,"name":"Portada","item":"https:\/\/diariofemenino.com.ar\/df\/"},{"@type":"ListItem","position":2,"name":"Expropiaci\u00f3n de la casa de Barreda"}]},{"@type":"WebSite","@id":"https:\/\/diariofemenino.com.ar\/df\/#website","url":"https:\/\/diariofemenino.com.ar\/df\/","name":"Diario Digital Femenino","description":"Cuesti\u00f3n de G\u00e9nero","publisher":{"@id":"https:\/\/diariofemenino.com.ar\/df\/#organization"},"potentialAction":[{"@type":"SearchAction","target":{"@type":"EntryPoint","urlTemplate":"https:\/\/diariofemenino.com.ar\/df\/?s={search_term_string}"},"query-input":{"@type":"PropertyValueSpecification","valueRequired":true,"valueName":"search_term_string"}}],"inLanguage":"es"},{"@type":"Organization","@id":"https:\/\/diariofemenino.com.ar\/df\/#organization","name":"Diario Femenino","url":"https:\/\/diariofemenino.com.ar\/df\/","logo":{"@type":"ImageObject","inLanguage":"es","@id":"https:\/\/diariofemenino.com.ar\/df\/#\/schema\/logo\/image\/","url":"https:\/\/diariofemenino.com.ar\/df\/wp-content\/uploads\/2018\/10\/logo.png","contentUrl":"https:\/\/diariofemenino.com.ar\/df\/wp-content\/uploads\/2018\/10\/logo.png","width":500,"height":92,"caption":"Diario Femenino"},"image":{"@id":"https:\/\/diariofemenino.com.ar\/df\/#\/schema\/logo\/image\/"},"sameAs":["https:\/\/www.facebook.com\/DiarioDigitaFemenino\/","https:\/\/x.com\/DiarioFemenino1"]},{"@type":"Person","@id":"https:\/\/diariofemenino.com.ar\/df\/#\/schema\/person\/38f54b3bfd13f561de2460ba95c169c6","name":"Admin","image":{"@type":"ImageObject","inLanguage":"es","@id":"https:\/\/diariofemenino.com.ar\/df\/wp-content\/uploads\/2018\/12\/favicon-150x150.jpg","url":"https:\/\/diariofemenino.com.ar\/df\/wp-content\/uploads\/2018\/12\/favicon-150x150.jpg","contentUrl":"https:\/\/diariofemenino.com.ar\/df\/wp-content\/uploads\/2018\/12\/favicon-150x150.jpg","caption":"Admin"},"url":"https:\/\/diariofemenino.com.ar\/df\/author\/adm18df\/"}]}},"jetpack_featured_media_url":"","jetpack_sharing_enabled":true,"rttpg_featured_image_url":null,"rttpg_author":{"display_name":"Admin","author_link":"https:\/\/diariofemenino.com.ar\/df\/author\/adm18df\/"},"rttpg_comment":0,"rttpg_category":"<a href=\"https:\/\/diariofemenino.com.ar\/df\/category\/sin-categoria\/\" rel=\"category tag\">Sin categor\u00eda<\/a>","rttpg_excerpt":"&nbsp; Versiones period\u00edsticas indican que ma\u00f1ana, jueves 15 de noviembre, la C\u00e1mara de Senadores bonaerense aprobar\u00eda la expropiaci\u00f3n de la casa donde el femicida Ricardo Barreda asesin\u00f3 a su esposa, su suegra y sus hijas. Organizaciones de mujeres, feministas, han manifestado su posici\u00f3n al respecto y expresaron este posicionamiento al autor del proyecto (diputado Gabriel&hellip;","_links":{"self":[{"href":"https:\/\/diariofemenino.com.ar\/df\/wp-json\/wp\/v2\/posts\/4822","targetHints":{"allow":["GET"]}}],"collection":[{"href":"https:\/\/diariofemenino.com.ar\/df\/wp-json\/wp\/v2\/posts"}],"about":[{"href":"https:\/\/diariofemenino.com.ar\/df\/wp-json\/wp\/v2\/types\/post"}],"author":[{"embeddable":true,"href":"https:\/\/diariofemenino.com.ar\/df\/wp-json\/wp\/v2\/users\/1"}],"replies":[{"embeddable":true,"href":"https:\/\/diariofemenino.com.ar\/df\/wp-json\/wp\/v2\/comments?post=4822"}],"version-history":[{"count":0,"href":"https:\/\/diariofemenino.com.ar\/df\/wp-json\/wp\/v2\/posts\/4822\/revisions"}],"wp:attachment":[{"href":"https:\/\/diariofemenino.com.ar\/df\/wp-json\/wp\/v2\/media?parent=4822"}],"wp:term":[{"taxonomy":"category","embeddable":true,"href":"https:\/\/diariofemenino.com.ar\/df\/wp-json\/wp\/v2\/categories?post=4822"},{"taxonomy":"post_tag","embeddable":true,"href":"https:\/\/diariofemenino.com.ar\/df\/wp-json\/wp\/v2\/tags?post=4822"}],"curies":[{"name":"wp","href":"https:\/\/api.w.org\/{rel}","templated":true}]}}