{"id":47983,"date":"2020-04-08T14:49:34","date_gmt":"2020-04-08T17:49:34","guid":{"rendered":"https:\/\/diariofemenino.com.ar\/?p=47983"},"modified":"2020-04-08T18:26:37","modified_gmt":"2020-04-08T21:26:37","slug":"el-cuidado-desde-una-perspectiva-de-genero","status":"publish","type":"post","link":"https:\/\/diariofemenino.com.ar\/df\/el-cuidado-desde-una-perspectiva-de-genero\/","title":{"rendered":"El cuidado desde una perspectiva de g\u00e9nero"},"content":{"rendered":"<p>El #QuedateEnCasa ha obligado a todos los integrantes de las familias a realizar tareas y compartir cuidados, habitualmente a cargo de las <a href=\"https:\/\/diariofemenino.com.ar\/emergencia-sanitaria\/\">mujeres<\/a>.<\/p>\n<p>Por <a href=\"http:\/\/www.laarena.com.ar\/opinion-el-cuidado-desde-una-perspectiva-de-genero-2106680-111.html\">Irina Santesteban<\/a><\/p>\n<p>La semana pasada abordamos en esta columna el agravamiento en la situaci\u00f3n de las mujeres v\u00edctimas de violencia de g\u00e9nero, a ra\u00edz del aislamiento social preventivo y obligatorio dispuesto para combatir la pandemia del Covid-19. Ello se evidenci\u00f3 en un n\u00famero alto de femicidios, y paradojalmente en una disminuci\u00f3n de las denuncias, por el control que el violento ejerce sobre su v\u00edctima, al estar todo el d\u00eda en su domicilio. Esa situaci\u00f3n se revirti\u00f3 parcialmente por las estrategias desplegadas desde el ministerio de las Mujeres y Diversidades, con reforzamiento de la l\u00ednea 144 y la apertura de n\u00fameros de whatsapp para formular denuncias; as\u00ed como la campa\u00f1a del \u00abbarbijo rojo\u00bb en las farmacias, para alertar sobre esas situaciones.<\/p>\n<p><strong>Las tareas de cuidado<\/strong><br \/>\nAl abordar la actual situaci\u00f3n generada por la pandemia del Covid-19 desde una perspectiva de g\u00e9nero, tenemos que hablar de las tareas de cuidado para la prevenci\u00f3n del virus.<\/p>\n<p>Si hay algo que el avance en el reconocimiento de los derechos de las mujeres, gracias a la sostenida lucha de las organizaciones feministas, no ha podido todav\u00eda erradicar, es la feminizaci\u00f3n de las tareas de cuidado en los hogares, denominadas tambi\u00e9n \u00abtareas dom\u00e9sticas\u00bb.<\/p>\n<figure id=\"attachment_47985\" aria-describedby=\"caption-attachment-47985\" style=\"width: 871px\" class=\"wp-caption alignnone\"><img loading=\"lazy\" decoding=\"async\" class=\"size-full wp-image-47985\" src=\"https:\/\/diariofemenino.com.ar\/df\/wp-content\/uploads\/2020\/04\/cuidado.jpg\" alt=\"El cuidado desde una perspectiva de g\u00e9nero\" width=\"871\" height=\"253\" srcset=\"https:\/\/diariofemenino.com.ar\/df\/wp-content\/uploads\/2020\/04\/cuidado.jpg 871w, https:\/\/diariofemenino.com.ar\/df\/wp-content\/uploads\/2020\/04\/cuidado-300x87.jpg 300w, https:\/\/diariofemenino.com.ar\/df\/wp-content\/uploads\/2020\/04\/cuidado-768x223.jpg 768w\" sizes=\"auto, (max-width: 871px) 100vw, 871px\" \/><figcaption id=\"caption-attachment-47985\" class=\"wp-caption-text\">El cuidado desde una perspectiva de g\u00e9nero<\/figcaption><\/figure>\n<p>La atenci\u00f3n de los hijos e hijas y de sus tareas escolares, as\u00ed como de las personas enfermas o con discapacidad, hacer las compras de alimentos y de otros elementos necesarios para la higiene de la casa y el cuidado personal que hoy es m\u00e1s exigente, etc., son parte de las tareas que hist\u00f3ricamente han realizado las mujeres, sea en familias nucleares, ensambladas o uniparentales.<\/p>\n<p>Un estudio de la consultora Opinaia sobre 3.400 personas de ambos sexos en todo el pa\u00eds, publicada hace un a\u00f1o, revel\u00f3 que las mujeres dedican un 50% m\u00e1s de tiempo a la limpieza de la casa que los varones, sea en familia o sea que vivan solos o solas. En las familias nucleares (familia constituida por pareja var\u00f3n y mujer, m\u00e1s hijos e hijas) el 70% de las tareas de cuidado las realiza la mujer; sin embargo, seg\u00fan la encuesta, el 97% tanto de varones o mujeres consider\u00f3 \u00abmuy importante\u00bb que la casa \u00abest\u00e9 limpia\u00bb.<\/p>\n<p><strong>Redistribuci\u00f3n de tareas<\/strong><br \/>\nEste aislamiento social o \u00abcuarentena\u00bb que est\u00e1 cumpliendo la poblaci\u00f3n en todo el territorio argentino, est\u00e1 produciendo como nunca antes, en la sociedad en general y en los varones en particular, una percepci\u00f3n del llamado \u00abtrabajo invisible\u00bb que durante siglos recay\u00f3 en las mujeres.<br \/>\nEl tener que pasar largas horas en el hogar, ha producido una obligada distribuci\u00f3n de tareas, como hacer las compras, compartir la cocina, el cuidado de los chicos y ayudarlos con las tareas escolares que hoy se brindan a trav\u00e9s de herramientas inform\u00e1ticas, la higiene del hogar que hoy requiere mayor cuidado, etc. Todo ello ha involucrado necesariamente a quienes hasta hace d\u00edas nom\u00e1s dedicaban muy poco tiempo a esos menesteres, y hasta ten\u00edan una actitud de subestimaci\u00f3n sobre ese trabajo. Tener una noci\u00f3n del tiempo que llevan estas tareas y de lo pesadas y tediosas que son, deber\u00e1 llevar -es deseable que as\u00ed sea- a un cambio posterior en cuanto a la valoraci\u00f3n social y familiar de esas tareas.<\/p>\n<p><strong>Tambi\u00e9n en la salud<\/strong><br \/>\nAunque hoy las mujeres tienen presencia en todas las especialidades m\u00e9dicas y \u00e1mbitos de la sanidad, la medicina sigue siendo predominantemente patriarcal, sobre todo en las instituciones y en los organismos p\u00fablicos.<br \/>\nLas tareas de cuidado por excelencia en el \u00e1mbito sanitario las realizan quienes trabajan en el sector enfermer\u00eda, una ocupaci\u00f3n casi exclusivamente femenina, al punto que hasta hace poco en todos los hospitales se ve\u00eda una imagen de una enfermera con el dedo en la boca indicando \u00abSilencio\u00bb. Adem\u00e1s, la enfermer\u00eda es un trabajo con remuneraciones bajas, reproduciendo el estereotipo sociocultural en el \u00e1mbito laboral, donde los trabajos peor pagos son realizados mayoritariamente por mujeres.<\/p>\n<p>El reporte diario del Ministerio de Salud, del pasado lunes 6 de abril, tuvo un espacio importante a lo relacionado con la enfermer\u00eda, destacando que es el sector que m\u00e1s tiene que ver con los \u00abcuidados\u00bb en el sistema sanitario. La funcionaria que se refiri\u00f3 al tema tuvo palabras elogiosas para los trabajadores y trabajadoras de la enfermer\u00eda, calificando de \u00abesencial\u00bb esta tarea. Afirm\u00f3 que el Ministerio de Salud est\u00e1 acompa\u00f1ando de diferentes maneras, incluso con capacitaciones y formaci\u00f3n, las gestiones de enfermer\u00eda en los hospitales, en los planes de contingencia y en los espacios de aislamiento, los de cuidado y los m\u00e1s cr\u00edticos.<\/p>\n<p>Ser\u00eda esperable que este reconocimiento tuviera su correlato en un mejoramiento de los salarios del sector, en todos los \u00e1mbitos de la salud (nacional, provincial y municipal) as\u00ed como a reforzar los planteles, tomando m\u00e1s personal, y as\u00ed evitar la sobrecarga y la gran exposici\u00f3n de esos trabajadores al contagio del virus. Tambi\u00e9n es una buena oportunidad para formalizar trabajadores, ya que la enfermer\u00eda, tanto en el \u00e1mbito p\u00fablico como en el privado, donde la flexibilizaci\u00f3n laboral est\u00e1 muy presente, con personal con contratos precarios, monotributistas, concurrentes, pasantes, etc\u00e9tera.<\/p>\n<p><strong>El discurso sanitario<\/strong><br \/>\nD\u00e9bora Tajer, doctora en Psicolog\u00eda Cl\u00ednica de la Universidad de Buenos Aires, en una reciente publicaci\u00f3n, ha elogiado la estrategia del gobierno nacional del #Qu\u00e9dateEnCasa, porque justamente es una \u00abestrategia sanitaria de cuidado\u00bb, que no ha sido la elegida por otros pa\u00edses, en los que s\u00f3lo se ha protegido a los grupos de m\u00e1s riesgo y se dej\u00f3 a los dem\u00e1s expuestos al contagien. Para Tajer fue muy importante haber dispuesto que la poblaci\u00f3n se resguarde en sus casas, que no haya circulaci\u00f3n incluso antes de que haya tantas personas contagiadas o enfermas, aunque reconoce y advierte que no todas las personas ni todas las familias est\u00e1n en condiciones de aislarse en condiciones de seguridad. Es que los cuidados no s\u00f3lo est\u00e1n atravesados por una perspectiva de g\u00e9nero, sino tambi\u00e9n de clase.<\/p>\n<p>&nbsp;<\/p>\n<p>Opini\u00f3n <a href=\"http:\/\/www.laarena.com.ar\/\">La Arena<\/a><\/p>\n<p>&nbsp;<\/p>\n<p><a href=\"https:\/\/diariofemenino.com.ar\/\">Diario Digital Femenino<\/a><\/p>\n","protected":false},"excerpt":{"rendered":"<p>El #QuedateEnCasa ha obligado a todos los integrantes de las familias a realizar tareas y compartir cuidados, habitualmente a cargo de las mujeres. Por Irina Santesteban La semana pasada abordamos en esta columna el agravamiento en la situaci\u00f3n de las mujeres v\u00edctimas de violencia de g\u00e9nero, a ra\u00edz del aislamiento social preventivo y obligatorio dispuesto [&hellip;]<\/p>\n","protected":false},"author":4,"featured_media":47986,"comment_status":"open","ping_status":"open","sticky":false,"template":"","format":"standard","meta":{"iawp_total_views":58,"footnotes":""},"categories":[1067,178,32,6],"tags":[3027,2986,2404,3055,3056,188],"class_list":["post-47983","post","type-post","status-publish","format-standard","has-post-thumbnail","hentry","category-agenda-feminista","category-articulos-y-comunicados","category-mujeres","category-articulos","tag-aislamiento","tag-covid-19","tag-cuidado","tag-emergencia-sanitaria","tag-irina-santesteban","tag-perspectiva-de-genero"],"nelio_content":{"autoShareEndMode":"never","automationSources":{"useCustomSentences":false,"customSentences":[]},"efiAlt":"","efiUrl":"","followers":[4],"highlights":[],"isAutoShareEnabled":true,"networkImageIds":[],"permalinkQueryArgs":[],"series":[],"suggestedReferences":[]},"yoast_head":"<!-- This site is optimized with the Yoast SEO plugin v27.5 - https:\/\/yoast.com\/product\/yoast-seo-wordpress\/ -->\n<title>El cuidado desde una perspectiva de g\u00e9nero - Diario Digital Femenino<\/title>\n<meta name=\"description\" content=\"El #QuedateEnCasa ha obligado a todos los integrantes de las familias a realizar tareas y compartir cuidados, habitualmente a cargo de las mujeres.\" \/>\n<meta name=\"robots\" content=\"index, follow, max-snippet:-1, max-image-preview:large, max-video-preview:-1\" \/>\n<link rel=\"canonical\" href=\"https:\/\/diariofemenino.com.ar\/df\/el-cuidado-desde-una-perspectiva-de-genero\/\" \/>\n<meta property=\"og:locale\" content=\"es_ES\" \/>\n<meta property=\"og:type\" content=\"article\" \/>\n<meta property=\"og:title\" content=\"El cuidado desde una perspectiva de g\u00e9nero - Diario Digital Femenino\" \/>\n<meta property=\"og:description\" content=\"El #QuedateEnCasa ha obligado a todos los integrantes de las familias a realizar tareas y compartir cuidados, habitualmente a cargo de las mujeres.\" \/>\n<meta property=\"og:url\" content=\"https:\/\/diariofemenino.com.ar\/df\/el-cuidado-desde-una-perspectiva-de-genero\/\" \/>\n<meta property=\"og:site_name\" content=\"Diario Digital Femenino\" \/>\n<meta property=\"article:publisher\" content=\"https:\/\/www.facebook.com\/DiarioDigitaFemenino\/\" \/>\n<meta property=\"article:published_time\" content=\"2020-04-08T17:49:34+00:00\" \/>\n<meta property=\"article:modified_time\" content=\"2020-04-08T21:26:37+00:00\" \/>\n<meta property=\"og:image\" content=\"https:\/\/diariofemenino.com.ar\/df\/wp-content\/uploads\/2020\/04\/tareas-domesticas-familiares-composicion-plana-abuela-madre-pequena-hija-aspiradora-limpieza-primavera-sala-ilustracion_1284-29280.jpg\" \/>\n\t<meta property=\"og:image:width\" content=\"625\" \/>\n\t<meta property=\"og:image:height\" content=\"315\" \/>\n\t<meta property=\"og:image:type\" content=\"image\/jpeg\" \/>\n<meta name=\"author\" content=\"Admin\" \/>\n<meta name=\"twitter:card\" content=\"summary_large_image\" \/>\n<meta name=\"twitter:creator\" content=\"@DiarioFemenino1\" \/>\n<meta name=\"twitter:site\" content=\"@DiarioFemenino1\" \/>\n<meta name=\"twitter:label1\" content=\"Escrito por\" \/>\n\t<meta name=\"twitter:data1\" content=\"Admin\" \/>\n\t<meta name=\"twitter:label2\" content=\"Tiempo de lectura\" \/>\n\t<meta name=\"twitter:data2\" content=\"5 minutos\" \/>\n<script type=\"application\/ld+json\" class=\"yoast-schema-graph\">{\"@context\":\"https:\\\/\\\/schema.org\",\"@graph\":[{\"@type\":\"Article\",\"@id\":\"https:\\\/\\\/diariofemenino.com.ar\\\/df\\\/el-cuidado-desde-una-perspectiva-de-genero\\\/#article\",\"isPartOf\":{\"@id\":\"https:\\\/\\\/diariofemenino.com.ar\\\/df\\\/el-cuidado-desde-una-perspectiva-de-genero\\\/\"},\"author\":{\"name\":\"Admin\",\"@id\":\"https:\\\/\\\/diariofemenino.com.ar\\\/df\\\/#\\\/schema\\\/person\\\/bf6199e8158c657ea6f789b11ec85509\"},\"headline\":\"El cuidado desde una perspectiva de g\u00e9nero\",\"datePublished\":\"2020-04-08T17:49:34+00:00\",\"dateModified\":\"2020-04-08T21:26:37+00:00\",\"mainEntityOfPage\":{\"@id\":\"https:\\\/\\\/diariofemenino.com.ar\\\/df\\\/el-cuidado-desde-una-perspectiva-de-genero\\\/\"},\"wordCount\":1093,\"commentCount\":0,\"publisher\":{\"@id\":\"https:\\\/\\\/diariofemenino.com.ar\\\/df\\\/#organization\"},\"image\":{\"@id\":\"https:\\\/\\\/diariofemenino.com.ar\\\/df\\\/el-cuidado-desde-una-perspectiva-de-genero\\\/#primaryimage\"},\"thumbnailUrl\":\"https:\\\/\\\/diariofemenino.com.ar\\\/df\\\/wp-content\\\/uploads\\\/2020\\\/04\\\/tareas-domesticas-familiares-composicion-plana-abuela-madre-pequena-hija-aspiradora-limpieza-primavera-sala-ilustracion_1284-29280.jpg\",\"keywords\":[\"Aislamiento\",\"COVID-19\",\"Cuidado\",\"Emergencia sanitaria\",\"Irina Santesteban\",\"Perspectiva de g\u00e9nero\"],\"articleSection\":[\"Agenda Feminista\",\"Art\u00edculos y Comunicados\",\"Mujeres\",\"Mujeres en Palabras\"],\"inLanguage\":\"es\",\"potentialAction\":[{\"@type\":\"CommentAction\",\"name\":\"Comment\",\"target\":[\"https:\\\/\\\/diariofemenino.com.ar\\\/df\\\/el-cuidado-desde-una-perspectiva-de-genero\\\/#respond\"]}]},{\"@type\":\"WebPage\",\"@id\":\"https:\\\/\\\/diariofemenino.com.ar\\\/df\\\/el-cuidado-desde-una-perspectiva-de-genero\\\/\",\"url\":\"https:\\\/\\\/diariofemenino.com.ar\\\/df\\\/el-cuidado-desde-una-perspectiva-de-genero\\\/\",\"name\":\"El cuidado desde una perspectiva de g\u00e9nero - Diario Digital Femenino\",\"isPartOf\":{\"@id\":\"https:\\\/\\\/diariofemenino.com.ar\\\/df\\\/#website\"},\"primaryImageOfPage\":{\"@id\":\"https:\\\/\\\/diariofemenino.com.ar\\\/df\\\/el-cuidado-desde-una-perspectiva-de-genero\\\/#primaryimage\"},\"image\":{\"@id\":\"https:\\\/\\\/diariofemenino.com.ar\\\/df\\\/el-cuidado-desde-una-perspectiva-de-genero\\\/#primaryimage\"},\"thumbnailUrl\":\"https:\\\/\\\/diariofemenino.com.ar\\\/df\\\/wp-content\\\/uploads\\\/2020\\\/04\\\/tareas-domesticas-familiares-composicion-plana-abuela-madre-pequena-hija-aspiradora-limpieza-primavera-sala-ilustracion_1284-29280.jpg\",\"datePublished\":\"2020-04-08T17:49:34+00:00\",\"dateModified\":\"2020-04-08T21:26:37+00:00\",\"description\":\"El #QuedateEnCasa ha obligado a todos los integrantes de las familias a realizar tareas y compartir cuidados, habitualmente a cargo de las mujeres.\",\"breadcrumb\":{\"@id\":\"https:\\\/\\\/diariofemenino.com.ar\\\/df\\\/el-cuidado-desde-una-perspectiva-de-genero\\\/#breadcrumb\"},\"inLanguage\":\"es\",\"potentialAction\":[{\"@type\":\"ReadAction\",\"target\":[\"https:\\\/\\\/diariofemenino.com.ar\\\/df\\\/el-cuidado-desde-una-perspectiva-de-genero\\\/\"]}]},{\"@type\":\"ImageObject\",\"inLanguage\":\"es\",\"@id\":\"https:\\\/\\\/diariofemenino.com.ar\\\/df\\\/el-cuidado-desde-una-perspectiva-de-genero\\\/#primaryimage\",\"url\":\"https:\\\/\\\/diariofemenino.com.ar\\\/df\\\/wp-content\\\/uploads\\\/2020\\\/04\\\/tareas-domesticas-familiares-composicion-plana-abuela-madre-pequena-hija-aspiradora-limpieza-primavera-sala-ilustracion_1284-29280.jpg\",\"contentUrl\":\"https:\\\/\\\/diariofemenino.com.ar\\\/df\\\/wp-content\\\/uploads\\\/2020\\\/04\\\/tareas-domesticas-familiares-composicion-plana-abuela-madre-pequena-hija-aspiradora-limpieza-primavera-sala-ilustracion_1284-29280.jpg\",\"width\":625,\"height\":315},{\"@type\":\"BreadcrumbList\",\"@id\":\"https:\\\/\\\/diariofemenino.com.ar\\\/df\\\/el-cuidado-desde-una-perspectiva-de-genero\\\/#breadcrumb\",\"itemListElement\":[{\"@type\":\"ListItem\",\"position\":1,\"name\":\"Portada\",\"item\":\"https:\\\/\\\/diariofemenino.com.ar\\\/df\\\/\"},{\"@type\":\"ListItem\",\"position\":2,\"name\":\"El cuidado desde una perspectiva de g\u00e9nero\"}]},{\"@type\":\"WebSite\",\"@id\":\"https:\\\/\\\/diariofemenino.com.ar\\\/df\\\/#website\",\"url\":\"https:\\\/\\\/diariofemenino.com.ar\\\/df\\\/\",\"name\":\"Diario Digital Femenino\",\"description\":\"Cuesti\u00f3n de G\u00e9nero\",\"publisher\":{\"@id\":\"https:\\\/\\\/diariofemenino.com.ar\\\/df\\\/#organization\"},\"potentialAction\":[{\"@type\":\"SearchAction\",\"target\":{\"@type\":\"EntryPoint\",\"urlTemplate\":\"https:\\\/\\\/diariofemenino.com.ar\\\/df\\\/?s={search_term_string}\"},\"query-input\":{\"@type\":\"PropertyValueSpecification\",\"valueRequired\":true,\"valueName\":\"search_term_string\"}}],\"inLanguage\":\"es\"},{\"@type\":\"Organization\",\"@id\":\"https:\\\/\\\/diariofemenino.com.ar\\\/df\\\/#organization\",\"name\":\"Diario Femenino\",\"url\":\"https:\\\/\\\/diariofemenino.com.ar\\\/df\\\/\",\"logo\":{\"@type\":\"ImageObject\",\"inLanguage\":\"es\",\"@id\":\"https:\\\/\\\/diariofemenino.com.ar\\\/df\\\/#\\\/schema\\\/logo\\\/image\\\/\",\"url\":\"https:\\\/\\\/diariofemenino.com.ar\\\/df\\\/wp-content\\\/uploads\\\/2018\\\/10\\\/logo.png\",\"contentUrl\":\"https:\\\/\\\/diariofemenino.com.ar\\\/df\\\/wp-content\\\/uploads\\\/2018\\\/10\\\/logo.png\",\"width\":500,\"height\":92,\"caption\":\"Diario Femenino\"},\"image\":{\"@id\":\"https:\\\/\\\/diariofemenino.com.ar\\\/df\\\/#\\\/schema\\\/logo\\\/image\\\/\"},\"sameAs\":[\"https:\\\/\\\/www.facebook.com\\\/DiarioDigitaFemenino\\\/\",\"https:\\\/\\\/x.com\\\/DiarioFemenino1\"]},{\"@type\":\"Person\",\"@id\":\"https:\\\/\\\/diariofemenino.com.ar\\\/df\\\/#\\\/schema\\\/person\\\/bf6199e8158c657ea6f789b11ec85509\",\"name\":\"Admin\",\"image\":{\"@type\":\"ImageObject\",\"inLanguage\":\"es\",\"@id\":\"https:\\\/\\\/diariofemenino.com.ar\\\/df\\\/wp-content\\\/uploads\\\/2018\\\/12\\\/favicon-150x150.jpg\",\"url\":\"https:\\\/\\\/diariofemenino.com.ar\\\/df\\\/wp-content\\\/uploads\\\/2018\\\/12\\\/favicon-150x150.jpg\",\"contentUrl\":\"https:\\\/\\\/diariofemenino.com.ar\\\/df\\\/wp-content\\\/uploads\\\/2018\\\/12\\\/favicon-150x150.jpg\",\"caption\":\"Admin\"},\"url\":\"https:\\\/\\\/diariofemenino.com.ar\\\/df\\\/author\\\/lenny\\\/\"}]}<\/script>\n<!-- \/ Yoast SEO plugin. -->","yoast_head_json":{"title":"El cuidado desde una perspectiva de g\u00e9nero - Diario Digital Femenino","description":"El #QuedateEnCasa ha obligado a todos los integrantes de las familias a realizar tareas y compartir cuidados, habitualmente a cargo de las mujeres.","robots":{"index":"index","follow":"follow","max-snippet":"max-snippet:-1","max-image-preview":"max-image-preview:large","max-video-preview":"max-video-preview:-1"},"canonical":"https:\/\/diariofemenino.com.ar\/df\/el-cuidado-desde-una-perspectiva-de-genero\/","og_locale":"es_ES","og_type":"article","og_title":"El cuidado desde una perspectiva de g\u00e9nero - Diario Digital Femenino","og_description":"El #QuedateEnCasa ha obligado a todos los integrantes de las familias a realizar tareas y compartir cuidados, habitualmente a cargo de las mujeres.","og_url":"https:\/\/diariofemenino.com.ar\/df\/el-cuidado-desde-una-perspectiva-de-genero\/","og_site_name":"Diario Digital Femenino","article_publisher":"https:\/\/www.facebook.com\/DiarioDigitaFemenino\/","article_published_time":"2020-04-08T17:49:34+00:00","article_modified_time":"2020-04-08T21:26:37+00:00","og_image":[{"width":625,"height":315,"url":"https:\/\/diariofemenino.com.ar\/df\/wp-content\/uploads\/2020\/04\/tareas-domesticas-familiares-composicion-plana-abuela-madre-pequena-hija-aspiradora-limpieza-primavera-sala-ilustracion_1284-29280.jpg","type":"image\/jpeg"}],"author":"Admin","twitter_card":"summary_large_image","twitter_creator":"@DiarioFemenino1","twitter_site":"@DiarioFemenino1","twitter_misc":{"Escrito por":"Admin","Tiempo de lectura":"5 minutos"},"schema":{"@context":"https:\/\/schema.org","@graph":[{"@type":"Article","@id":"https:\/\/diariofemenino.com.ar\/df\/el-cuidado-desde-una-perspectiva-de-genero\/#article","isPartOf":{"@id":"https:\/\/diariofemenino.com.ar\/df\/el-cuidado-desde-una-perspectiva-de-genero\/"},"author":{"name":"Admin","@id":"https:\/\/diariofemenino.com.ar\/df\/#\/schema\/person\/bf6199e8158c657ea6f789b11ec85509"},"headline":"El cuidado desde una perspectiva de g\u00e9nero","datePublished":"2020-04-08T17:49:34+00:00","dateModified":"2020-04-08T21:26:37+00:00","mainEntityOfPage":{"@id":"https:\/\/diariofemenino.com.ar\/df\/el-cuidado-desde-una-perspectiva-de-genero\/"},"wordCount":1093,"commentCount":0,"publisher":{"@id":"https:\/\/diariofemenino.com.ar\/df\/#organization"},"image":{"@id":"https:\/\/diariofemenino.com.ar\/df\/el-cuidado-desde-una-perspectiva-de-genero\/#primaryimage"},"thumbnailUrl":"https:\/\/diariofemenino.com.ar\/df\/wp-content\/uploads\/2020\/04\/tareas-domesticas-familiares-composicion-plana-abuela-madre-pequena-hija-aspiradora-limpieza-primavera-sala-ilustracion_1284-29280.jpg","keywords":["Aislamiento","COVID-19","Cuidado","Emergencia sanitaria","Irina Santesteban","Perspectiva de g\u00e9nero"],"articleSection":["Agenda Feminista","Art\u00edculos y Comunicados","Mujeres","Mujeres en Palabras"],"inLanguage":"es","potentialAction":[{"@type":"CommentAction","name":"Comment","target":["https:\/\/diariofemenino.com.ar\/df\/el-cuidado-desde-una-perspectiva-de-genero\/#respond"]}]},{"@type":"WebPage","@id":"https:\/\/diariofemenino.com.ar\/df\/el-cuidado-desde-una-perspectiva-de-genero\/","url":"https:\/\/diariofemenino.com.ar\/df\/el-cuidado-desde-una-perspectiva-de-genero\/","name":"El cuidado desde una perspectiva de g\u00e9nero - Diario Digital Femenino","isPartOf":{"@id":"https:\/\/diariofemenino.com.ar\/df\/#website"},"primaryImageOfPage":{"@id":"https:\/\/diariofemenino.com.ar\/df\/el-cuidado-desde-una-perspectiva-de-genero\/#primaryimage"},"image":{"@id":"https:\/\/diariofemenino.com.ar\/df\/el-cuidado-desde-una-perspectiva-de-genero\/#primaryimage"},"thumbnailUrl":"https:\/\/diariofemenino.com.ar\/df\/wp-content\/uploads\/2020\/04\/tareas-domesticas-familiares-composicion-plana-abuela-madre-pequena-hija-aspiradora-limpieza-primavera-sala-ilustracion_1284-29280.jpg","datePublished":"2020-04-08T17:49:34+00:00","dateModified":"2020-04-08T21:26:37+00:00","description":"El #QuedateEnCasa ha obligado a todos los integrantes de las familias a realizar tareas y compartir cuidados, habitualmente a cargo de las mujeres.","breadcrumb":{"@id":"https:\/\/diariofemenino.com.ar\/df\/el-cuidado-desde-una-perspectiva-de-genero\/#breadcrumb"},"inLanguage":"es","potentialAction":[{"@type":"ReadAction","target":["https:\/\/diariofemenino.com.ar\/df\/el-cuidado-desde-una-perspectiva-de-genero\/"]}]},{"@type":"ImageObject","inLanguage":"es","@id":"https:\/\/diariofemenino.com.ar\/df\/el-cuidado-desde-una-perspectiva-de-genero\/#primaryimage","url":"https:\/\/diariofemenino.com.ar\/df\/wp-content\/uploads\/2020\/04\/tareas-domesticas-familiares-composicion-plana-abuela-madre-pequena-hija-aspiradora-limpieza-primavera-sala-ilustracion_1284-29280.jpg","contentUrl":"https:\/\/diariofemenino.com.ar\/df\/wp-content\/uploads\/2020\/04\/tareas-domesticas-familiares-composicion-plana-abuela-madre-pequena-hija-aspiradora-limpieza-primavera-sala-ilustracion_1284-29280.jpg","width":625,"height":315},{"@type":"BreadcrumbList","@id":"https:\/\/diariofemenino.com.ar\/df\/el-cuidado-desde-una-perspectiva-de-genero\/#breadcrumb","itemListElement":[{"@type":"ListItem","position":1,"name":"Portada","item":"https:\/\/diariofemenino.com.ar\/df\/"},{"@type":"ListItem","position":2,"name":"El cuidado desde una perspectiva de g\u00e9nero"}]},{"@type":"WebSite","@id":"https:\/\/diariofemenino.com.ar\/df\/#website","url":"https:\/\/diariofemenino.com.ar\/df\/","name":"Diario Digital Femenino","description":"Cuesti\u00f3n de G\u00e9nero","publisher":{"@id":"https:\/\/diariofemenino.com.ar\/df\/#organization"},"potentialAction":[{"@type":"SearchAction","target":{"@type":"EntryPoint","urlTemplate":"https:\/\/diariofemenino.com.ar\/df\/?s={search_term_string}"},"query-input":{"@type":"PropertyValueSpecification","valueRequired":true,"valueName":"search_term_string"}}],"inLanguage":"es"},{"@type":"Organization","@id":"https:\/\/diariofemenino.com.ar\/df\/#organization","name":"Diario Femenino","url":"https:\/\/diariofemenino.com.ar\/df\/","logo":{"@type":"ImageObject","inLanguage":"es","@id":"https:\/\/diariofemenino.com.ar\/df\/#\/schema\/logo\/image\/","url":"https:\/\/diariofemenino.com.ar\/df\/wp-content\/uploads\/2018\/10\/logo.png","contentUrl":"https:\/\/diariofemenino.com.ar\/df\/wp-content\/uploads\/2018\/10\/logo.png","width":500,"height":92,"caption":"Diario Femenino"},"image":{"@id":"https:\/\/diariofemenino.com.ar\/df\/#\/schema\/logo\/image\/"},"sameAs":["https:\/\/www.facebook.com\/DiarioDigitaFemenino\/","https:\/\/x.com\/DiarioFemenino1"]},{"@type":"Person","@id":"https:\/\/diariofemenino.com.ar\/df\/#\/schema\/person\/bf6199e8158c657ea6f789b11ec85509","name":"Admin","image":{"@type":"ImageObject","inLanguage":"es","@id":"https:\/\/diariofemenino.com.ar\/df\/wp-content\/uploads\/2018\/12\/favicon-150x150.jpg","url":"https:\/\/diariofemenino.com.ar\/df\/wp-content\/uploads\/2018\/12\/favicon-150x150.jpg","contentUrl":"https:\/\/diariofemenino.com.ar\/df\/wp-content\/uploads\/2018\/12\/favicon-150x150.jpg","caption":"Admin"},"url":"https:\/\/diariofemenino.com.ar\/df\/author\/lenny\/"}]}},"jetpack_featured_media_url":"https:\/\/diariofemenino.com.ar\/df\/wp-content\/uploads\/2020\/04\/tareas-domesticas-familiares-composicion-plana-abuela-madre-pequena-hija-aspiradora-limpieza-primavera-sala-ilustracion_1284-29280.jpg","jetpack_sharing_enabled":true,"rttpg_featured_image_url":{"full":["https:\/\/diariofemenino.com.ar\/df\/wp-content\/uploads\/2020\/04\/tareas-domesticas-familiares-composicion-plana-abuela-madre-pequena-hija-aspiradora-limpieza-primavera-sala-ilustracion_1284-29280.jpg",625,315,false],"landscape":["https:\/\/diariofemenino.com.ar\/df\/wp-content\/uploads\/2020\/04\/tareas-domesticas-familiares-composicion-plana-abuela-madre-pequena-hija-aspiradora-limpieza-primavera-sala-ilustracion_1284-29280.jpg",625,315,false],"portraits":["https:\/\/diariofemenino.com.ar\/df\/wp-content\/uploads\/2020\/04\/tareas-domesticas-familiares-composicion-plana-abuela-madre-pequena-hija-aspiradora-limpieza-primavera-sala-ilustracion_1284-29280.jpg",625,315,false],"thumbnail":["https:\/\/diariofemenino.com.ar\/df\/wp-content\/uploads\/2020\/04\/tareas-domesticas-familiares-composicion-plana-abuela-madre-pequena-hija-aspiradora-limpieza-primavera-sala-ilustracion_1284-29280-150x150.jpg",150,150,true],"medium":["https:\/\/diariofemenino.com.ar\/df\/wp-content\/uploads\/2020\/04\/tareas-domesticas-familiares-composicion-plana-abuela-madre-pequena-hija-aspiradora-limpieza-primavera-sala-ilustracion_1284-29280-300x151.jpg",300,151,true],"large":["https:\/\/diariofemenino.com.ar\/df\/wp-content\/uploads\/2020\/04\/tareas-domesticas-familiares-composicion-plana-abuela-madre-pequena-hija-aspiradora-limpieza-primavera-sala-ilustracion_1284-29280.jpg",625,315,false],"1536x1536":["https:\/\/diariofemenino.com.ar\/df\/wp-content\/uploads\/2020\/04\/tareas-domesticas-familiares-composicion-plana-abuela-madre-pequena-hija-aspiradora-limpieza-primavera-sala-ilustracion_1284-29280.jpg",625,315,false],"2048x2048":["https:\/\/diariofemenino.com.ar\/df\/wp-content\/uploads\/2020\/04\/tareas-domesticas-familiares-composicion-plana-abuela-madre-pequena-hija-aspiradora-limpieza-primavera-sala-ilustracion_1284-29280.jpg",625,315,false]},"rttpg_author":{"display_name":"Admin","author_link":"https:\/\/diariofemenino.com.ar\/df\/author\/lenny\/"},"rttpg_comment":0,"rttpg_category":"<a href=\"https:\/\/diariofemenino.com.ar\/df\/category\/agenda-feminista\/\" rel=\"category tag\">Agenda Feminista<\/a> <a href=\"https:\/\/diariofemenino.com.ar\/df\/category\/articulos-y-comunicados\/\" rel=\"category tag\">Art\u00edculos y Comunicados<\/a> <a href=\"https:\/\/diariofemenino.com.ar\/df\/category\/mujeres\/\" rel=\"category tag\">Mujeres<\/a> <a href=\"https:\/\/diariofemenino.com.ar\/df\/category\/articulos\/\" rel=\"category tag\">Mujeres en Palabras<\/a>","rttpg_excerpt":"El #QuedateEnCasa ha obligado a todos los integrantes de las familias a realizar tareas y compartir cuidados, habitualmente a cargo de las mujeres. Por Irina Santesteban La semana pasada abordamos en esta columna el agravamiento en la situaci\u00f3n de las mujeres v\u00edctimas de violencia de g\u00e9nero, a ra\u00edz del aislamiento social preventivo y obligatorio dispuesto&hellip;","_links":{"self":[{"href":"https:\/\/diariofemenino.com.ar\/df\/wp-json\/wp\/v2\/posts\/47983","targetHints":{"allow":["GET"]}}],"collection":[{"href":"https:\/\/diariofemenino.com.ar\/df\/wp-json\/wp\/v2\/posts"}],"about":[{"href":"https:\/\/diariofemenino.com.ar\/df\/wp-json\/wp\/v2\/types\/post"}],"author":[{"embeddable":true,"href":"https:\/\/diariofemenino.com.ar\/df\/wp-json\/wp\/v2\/users\/4"}],"replies":[{"embeddable":true,"href":"https:\/\/diariofemenino.com.ar\/df\/wp-json\/wp\/v2\/comments?post=47983"}],"version-history":[{"count":0,"href":"https:\/\/diariofemenino.com.ar\/df\/wp-json\/wp\/v2\/posts\/47983\/revisions"}],"wp:featuredmedia":[{"embeddable":true,"href":"https:\/\/diariofemenino.com.ar\/df\/wp-json\/wp\/v2\/media\/47986"}],"wp:attachment":[{"href":"https:\/\/diariofemenino.com.ar\/df\/wp-json\/wp\/v2\/media?parent=47983"}],"wp:term":[{"taxonomy":"category","embeddable":true,"href":"https:\/\/diariofemenino.com.ar\/df\/wp-json\/wp\/v2\/categories?post=47983"},{"taxonomy":"post_tag","embeddable":true,"href":"https:\/\/diariofemenino.com.ar\/df\/wp-json\/wp\/v2\/tags?post=47983"}],"curies":[{"name":"wp","href":"https:\/\/api.w.org\/{rel}","templated":true}]}}