{"id":47976,"date":"2020-04-08T12:48:40","date_gmt":"2020-04-08T15:48:40","guid":{"rendered":"https:\/\/diariofemenino.com.ar\/?p=47976"},"modified":"2020-04-08T12:48:40","modified_gmt":"2020-04-08T15:48:40","slug":"emergencia-sanitaria","status":"publish","type":"post","link":"https:\/\/diariofemenino.com.ar\/df\/emergencia-sanitaria\/","title":{"rendered":"Emergencia sanitaria \u00bfC\u00f3mo afecta a las familias con madres y padres separados?"},"content":{"rendered":"<div class=\"article-header\">\n<div>Emergencia sanitaria<\/div>\n<div><\/div>\n<div class=\"article-date-author\"><strong>Ante la ausencia de una normativa que regule las visitas, especialistas aconsejan que la resoluci\u00f3n surja de acuerdos extrajudiciales entre las partes.<\/strong><\/div>\n<\/div>\n<p>Por\u00a0\u00a0<span class=\"small\"><a href=\"https:\/\/ladiaria.com.uy\/periodista\/323\/\">Stephanie Demirdjian<\/a><br \/>\nFoto*: Mariana Greif<br \/>\n<\/span><\/p>\n<div class=\"article-body paywalled-content\">\n<p>Las medidas sanitarias anunciadas por el gobierno para evitar la propagaci\u00f3n del\u00a0<a href=\"https:\/\/ladiaria.com.uy\/seccion\/coronavirus\/\">coronavirus<\/a>\u00a0cambiaron la din\u00e1mica diaria de la mayor\u00eda de las familias, que entre la suspensi\u00f3n de las clases presenciales y la exhortaci\u00f3n a quedarse en casa adaptan las rutinas a la convivencia de tiempo completo.<\/p>\n<p>Las dificultades econ\u00f3micas vinculadas al impacto de la crisis en el empleo y\u00a0<a href=\"https:\/\/feminismos.ladiaria.com.uy\/articulo\/2020\/3\/coronavirus-y-cuidados-el-pais-se-paraliza-pero-las-mujeres-sostienen-y-aumentan-el-trabajo-no-pago-en-casa\/\">la sobrecarga de las tareas de cuidados en las mujeres<\/a>\u00a0son algunas de las problem\u00e1ticas que emergen del nuevo escenario. Las familias con <a href=\"https:\/\/diariofemenino.com.ar\/covid-19-en-america-latina-y-el-caribe\/\">madres<\/a> y padres separados tienen, adem\u00e1s, el desaf\u00edo de mantener un r\u00e9gimen de visitas que cumpla con las recomendaciones sanitarias, tenga en cuenta los deseos de la ni\u00f1a o el ni\u00f1o y sea lo m\u00e1s igualitario posible.<\/p>\n<p>En pa\u00edses en los que se declar\u00f3 la cuarentena total y obligatoria se han dispuesto soluciones espec\u00edficas para estos casos. En Argentina, por ejemplo, el gobierno decret\u00f3 la suspensi\u00f3n de los reg\u00edmenes de visitas, al entender que la prioridad es la salud de las y los ni\u00f1os. La resoluci\u00f3n, que entr\u00f3 en vigencia el 21 de marzo, s\u00f3lo establece tres excepciones para el traslado de ni\u00f1as y ni\u00f1os de una casa a la otra: si el aislamiento obligatorio empez\u00f3 a regir cuando la ni\u00f1a o el ni\u00f1o se encontraba en un \u201cdomicilio distinto al de su centro de vida\u201d, cuando el progenitor a cargo \u201cpor razones laborales, de asistencia a terceros u otras causas de fuerza mayor deba ausentarse del hogar\u201d o en caso de que la madre o el padre que est\u00e9 con esa ni\u00f1a o ni\u00f1o se enferme y no pueda seguir ejerciendo el cuidado.<\/p>\n<p>En Uruguay todav\u00eda no rige la cuarentena obligatoria, por lo que no hay ninguna norma o decreto que limite o suspenda las visitas durante la emergencia sanitaria. Sin embargo, s\u00ed hay una exhortaci\u00f3n del gobierno a quedarse en casa para evitar que se multipliquen los contagios. Sin imposiciones normativas concretas, \u00bfc\u00f3mo deber\u00edan manejar el r\u00e9gimen de visitas las madres y los padres separados? Abogadas, activistas y organizaciones dedicadas a la defensa de los derechos de las infancias coinciden en que se trata de facilitar acuerdos que prioricen el bienestar de las ni\u00f1as y los ni\u00f1os y est\u00e9n basados en el sentido com\u00fan.<\/p>\n<h3 id=\"lo-primero-es-adaptarse\">Lo primero es adaptarse<\/h3>\n<p>La declaraci\u00f3n de la emergencia sanitaria el 13 de marzo dispar\u00f3 el n\u00famero de consultas que reciben abogadas y abogados sobre los reg\u00edmenes de visitas, porque el nuevo panorama obliga en muchos casos a modificar los acuerdos legales preestablecidos. \u201cNuestro pico de trabajo es durante los fines de semana, porque la gente no sabe qu\u00e9 hacer y hay mucha incertidumbre sobre el tema\u201d, asegur\u00f3 en ese sentido a\u00a0<em>la diaria<\/em>\u00a0la abogada Mar\u00eda Eugenia Cal, responsable del \u00e1rea Familia del estudio jur\u00eddico Ferrere.<\/p>\n<p>\u201cEs un momento en el que se han multiplicado especialmente las consultas sobre los reg\u00edmenes de visita, porque eran reg\u00edmenes pensados, por ejemplo, sobre la base de que uno de los padres va a buscar a los nenes a la escuela por la tarde y los devuelve a la ma\u00f1ana, y todo eso en la pr\u00e1ctica no puede ser m\u00e1s\u201d, explic\u00f3. Este es el \u201ct\u00edpico caso\u201d, dijo Cal, pero hay otras consultas que se repiten, como cuando uno de los padres vive con los abuelos del ni\u00f1o o la ni\u00f1a o tiene alg\u00fan problema de salud \u201cque hace que el r\u00e9gimen de visitas pueda significar alg\u00fan riesgo, ya que los ni\u00f1os pueden ser portadores y transmisores del virus\u201d.<\/p>\n<p>La recomendaci\u00f3n principal de la abogada es adaptarse a la excepcionalidad de la situaci\u00f3n para priorizar el bienestar de las ni\u00f1as y los ni\u00f1os. \u201cY adaptarse implica cambiar lo que est\u00e1 previsto, si es necesario, para adecuarlo a la realidad de hoy. Si nosotros nos quedamos siguiendo al pie de la letra un acuerdo que fue pensado para una normalidad en la que los nenes van a la escuela y hay otro contexto, puede ser que el acuerdo termine resultando inaplicable en los hechos\u201d, asegur\u00f3.<\/p>\n<p>Lo segundo es tratar de llegar a acuerdos para evitar la judicializaci\u00f3n. \u201cEstamos en feria judicial sanitaria, y esto implica que los tiempos de la Justicia son m\u00e1s lentos. Si no buscamos acuerdos las soluciones no van a llegar, y si llegan no necesariamente van a llegar a tiempo\u201d, explic\u00f3 Cal.<\/p>\n<p>Si la tenencia la tiene uno de los padres, la abogada recomienda que durante la emergencia sanitaria se pase a un r\u00e9gimen de tenencia compartida. Este acuerdo establecer\u00eda que la ni\u00f1a o el ni\u00f1o est\u00e9 una semana con cada progenitor o que, por ejemplo, todos los fines de semana se quede en la casa del padre con el que no convive. Otra opci\u00f3n es que las visitas sean en la casa de esa ni\u00f1a o ni\u00f1o, para que no tenga que trasladarse. En cualquier caso, lo que se busca evitar con estos acuerdos \u2013por cuestiones sanitarias\u2013 son los traslados constantes. Seg\u00fan la especialista, el acuerdo siempre es la mejor v\u00eda porque adem\u00e1s implica \u201cuna sensaci\u00f3n de familia que al ni\u00f1o le hace bien, le suma un poco de certidumbre en un momento tan raro\u201d.<\/p>\n<p>Si el acuerdo no es posible, la alternativa es la v\u00eda judicial, que en este caso consistir\u00e1 en \u201cpedir una habilitaci\u00f3n de feria y plantearle al juez el caso concreto para que resuelva\u201d. Cal insiste en evitarla: \u201cLo que tiene el juicio es que nunca s\u00e9 cu\u00e1l va a ser la sentencia del juez, por m\u00e1s buenos argumentos que ponga. Un acuerdo, en cambio, siempre termina tomando un poco de cada uno, entonces algo de mi voluntad va a quedar plasmado\u201d.<\/p>\n<p>Al final, se trata de apelar al sentido com\u00fan para cuidar a esa ni\u00f1a o ese ni\u00f1o. \u201cLos padres tienen que dejar de lado las diferencias que puedan tener y que en alg\u00fan momento derivaron en la separaci\u00f3n para intentar sobreponer ante todo el inter\u00e9s y el bienestar de los hijos, que est\u00e1n viviendo situaciones de vulnerabilidad al no poder estar en la escuela o con las dem\u00e1s redes de contenci\u00f3n\u201d, afirm\u00f3 Cal. \u201cEso se logra llegando a acuerdos\u201d.<\/p>\n<h3 id=\"lo-que-las-ninas-y-los-ninos-quieren\">Lo que las ni\u00f1as y los ni\u00f1os quieren<\/h3>\n<div class=\"inline-image-wrap article_body_image-BG\">\n<figure class=\"principal\">\n<div class=\"material-placeholder\">\n<figure id=\"attachment_47979\" aria-describedby=\"caption-attachment-47979\" style=\"width: 900px\" class=\"wp-caption alignnone\"><img loading=\"lazy\" decoding=\"async\" class=\"size-large wp-image-47979\" src=\"https:\/\/diariofemenino.com.ar\/df\/wp-content\/uploads\/2020\/04\/p12-13f2__rs17992_20200401_mg_50_1200w-1024x683.jpg\" alt=\"\u00bfC\u00f3mo afecta la emergencia sanitaria a las familias con madres y padres separados?\" width=\"900\" height=\"600\" srcset=\"https:\/\/diariofemenino.com.ar\/df\/wp-content\/uploads\/2020\/04\/p12-13f2__rs17992_20200401_mg_50_1200w-1024x683.jpg 1024w, https:\/\/diariofemenino.com.ar\/df\/wp-content\/uploads\/2020\/04\/p12-13f2__rs17992_20200401_mg_50_1200w-300x200.jpg 300w, https:\/\/diariofemenino.com.ar\/df\/wp-content\/uploads\/2020\/04\/p12-13f2__rs17992_20200401_mg_50_1200w-768x512.jpg 768w, https:\/\/diariofemenino.com.ar\/df\/wp-content\/uploads\/2020\/04\/p12-13f2__rs17992_20200401_mg_50_1200w.jpg 1200w\" sizes=\"auto, (max-width: 900px) 100vw, 900px\" \/><figcaption id=\"caption-attachment-47979\" class=\"wp-caption-text\">Emergencia sanitaria \u00bfC\u00f3mo afecta la emergencia sanitaria a las familias con madres y padres separados?<\/figcaption><\/figure>\n<\/div>\n<\/figure>\n<\/div>\n<p>La mejor v\u00eda para resolver el dilema de las familias con madres y padres separados en este momento in\u00e9dito parece ser entonces el acuerdo entre las dos partes, pero \u00bfen qu\u00e9 lugar queda la voz de las hijas y los hijos?<\/p>\n<p>Para Andrea Tuana, activista y directora de la organizaci\u00f3n civil El Paso, su opini\u00f3n es la que tiene que estar en la base del intercambio entre los adultos. \u201cCreo que no hay una norma y una regla frente a una emergencia sanitaria, pero s\u00ed me parece que ac\u00e1 no es ni lo que le quede mejor a la madre ni lo que le quede mejor al padre, sino poner en el centro lo que es mejor para esa ni\u00f1a o para ese ni\u00f1o\u201d, asegur\u00f3 en di\u00e1logo con\u00a0<em>la diaria<\/em>. Para eso, propuso \u201cbuscar el mejor lugar para que permanezca la mayor parte del tiempo\u201d.<\/p>\n<p>Los par\u00e1metros para definir cu\u00e1l es el \u201cmejor lugar\u201d tienen que surgir de los propios ni\u00f1os y sus necesidades emocionales. \u201cEs donde ellos se sientan m\u00e1s seguros, con m\u00e1s confianza, m\u00e1s contenidos; donde sientan que es su lugar de referencia\u201d, explic\u00f3 Tuana. Puede ser que se sientan de la misma manera en las dos casas, y en ese caso se puede llegar a la soluci\u00f3n de \u201cuna semana con uno y una semana con otro\u201d.<\/p>\n<p>\u201cTenemos que pensar que estamos en una situaci\u00f3n de confinamiento, que las ni\u00f1as y los ni\u00f1os est\u00e1n fuera de su rutina, y que hay un nivel de alerta y ansiedad general que tambi\u00e9n les llega a ellos: el temor al virus, a enfermarse, a morir, a perder a un ser querido. Todo eso tiene un impacto en la salud mental de los gurises\u201d, dijo Tuana. \u201cEl padre que est\u00e9 en mejores condiciones para dar seguridad, contenci\u00f3n, tranquilidad, calma y sobre todo contener a esa ni\u00f1a y a ese ni\u00f1o en este momento deber\u00eda ser el que pueda permanecer con ellos el mayor tiempo posible. Son cosas que tienen que ver con el sentido com\u00fan o con lo que es atender el desarrollo de una ni\u00f1a o un ni\u00f1o\u201d, agreg\u00f3.<\/p>\n<p>Por eso lo material tampoco es lo m\u00e1s importante en este debate. \u201cPorque uno puede decir \u2018bueno, que se queden en la casa de su mam\u00e1, que tiene un fondo enorme y pueden correr al aire libre\u2019, pero de repente no es la mam\u00e1 la que les da la seguridad y la contenci\u00f3n que necesitan en este momento\u201d, ilustr\u00f3 Tuana.<\/p>\n<p>Contribuir a que las ni\u00f1as y los ni\u00f1os se sientan seguros en esta situaci\u00f3n es, tambi\u00e9n, transmitirles de manera clara qu\u00e9 es lo que est\u00e1 pasando a su alrededor: qu\u00e9 es el coronavirus, qu\u00e9 s\u00edntomas provoca, cu\u00e1les son los cuidados sanitarios necesarios, por qu\u00e9 hay que quedarse en casa. A esto apuntan las recomendaciones de Luc\u00eda Vernazza, oficial de Protecci\u00f3n de la Ni\u00f1ez de UNICEF Uruguay: \u201cPara los padres separados, me parece que lo m\u00e1s importante es primero ponerse de acuerdo y despu\u00e9s tratar de construir un discurso articulado de la situaci\u00f3n para acordar qu\u00e9 van a responder cuando la ni\u00f1a o el ni\u00f1o haga preguntas sobre la covid-19\u201d.<\/p>\n<p>La otra clave es que se faciliten medios electr\u00f3nicos para que las ni\u00f1as y los ni\u00f1os puedan comunicarse con el padre que tienen lejos. En esa l\u00ednea, Cal recomend\u00f3 \u201cpotenciar\u201d y \u201caprovechar\u201d la accesibilidad a las herramientas digitales \u201cen beneficio del desarrollo de la familia\u201d, a trav\u00e9s de videollamadas diarias, por ejemplo. \u201cNo s\u00f3lo con el padre no conviviente, que es lo m\u00e1s importante, pero tambi\u00e9n con los abuelos o con los t\u00edos\u201d, afirm\u00f3 la abogada. \u201cIntentar que los ni\u00f1os, en esa situaci\u00f3n de anormalidad en la que est\u00e1n, puedan igual mantener v\u00ednculos, aunque sean virtuales, con sus padres y el resto de la familia\u201d.<\/p>\n<h3 id=\"con-derechos-y-sin-violencia\">Con derechos y sin violencia<\/h3>\n<p>El \u00e9nfasis en poner el bienestar f\u00edsico y emocional de las ni\u00f1as y los ni\u00f1os en el centro del di\u00e1logo deja planteada otra cuesti\u00f3n, que es la de identificar en qu\u00e9 escenario se estar\u00edan vulnerando sus derechos. Es decir, \u00bfqu\u00e9 habr\u00eda que evitar en este contexto?<\/p>\n<p>Vernazza consider\u00f3 que mientras las autoridades uruguayas no proh\u00edban la circulaci\u00f3n de personas en la calle \u201chay que garantizar que los ni\u00f1os puedan estar con su familia\u201d. Por lo tanto, si la madre o el padre que tiene la tenencia no permite que la hija o el hijo vaya a visitar al otro progenitor \u201cporque hay emergencia sanitaria\u201d, est\u00e1 vulnerando un derecho. \u201cEso es as\u00ed porque, en realidad, pod\u00e9s tomar muchas medidas para garantizar que est\u00e9n todos los cuidados y pueda ir a la otra casa\u201d, explic\u00f3 la representante de UNICEF.<\/p>\n<p>Otra situaci\u00f3n a evitar es que todos los cuidados recaigan en uno de los padres, algo que adem\u00e1s de injusto puede provocar tensiones o situaciones de estr\u00e9s que \u201cimpactan tambi\u00e9n en los ni\u00f1os\u201d. Seg\u00fan Vernazza, es fundamental ejercitar la corresponsabilidad, incluso si no viven bajo el mismo techo.<\/p>\n<p>Por otra parte, Tuana insisti\u00f3 en la importancia de prevenir posibles situaciones de violencia intrafamiliar. En ese sentido, la activista recomend\u00f3 que las ni\u00f1as y los ni\u00f1os queden a cargo de la madre o el padre que no haya ejercido antes la violencia, incluso si tiene las visitas aprobadas: \u201cSi hubo un antecedente de violencia, una denuncia previa y ahora est\u00e1 en el r\u00e9gimen de visitas porque esa situaci\u00f3n qued\u00f3 atr\u00e1s, lo mejor es que la cuarentena la pase con la madre o el padre que no haya ejercido la violencia\u201d.<\/p>\n<p><a href=\"https:\/\/feminismos.ladiaria.com.uy\/articulo\/2020\/4\/como-afecta-la-emergencia-sanitaria-a-las-familias-con-madres-y-padres-separados\/?utm_source=newsletter&amp;utm_medium=email&amp;utm_campaign=feminismos\">La Diaria<\/a><\/p>\n<\/div>\n<p>*Carolina V\u00e1zquez y su hija Emma D\u00edaz. Carolina ayuda a Emma a encontrar las tareas en la plataforma CREA.<\/p>\n<p><a href=\"https:\/\/diariofemenino.com.ar\/\">Diario Digital Femenino<\/a><\/p>\n","protected":false},"excerpt":{"rendered":"<p>Emergencia sanitaria Ante la ausencia de una normativa que regule las visitas, especialistas aconsejan que la resoluci\u00f3n surja de acuerdos extrajudiciales entre las partes. Por\u00a0\u00a0Stephanie Demirdjian Foto*: Mariana Greif Las medidas sanitarias anunciadas por el gobierno para evitar la propagaci\u00f3n del\u00a0coronavirus\u00a0cambiaron la din\u00e1mica diaria de la mayor\u00eda de las familias, que entre la suspensi\u00f3n de [&hellip;]<\/p>\n","protected":false},"author":4,"featured_media":47981,"comment_status":"open","ping_status":"open","sticky":false,"template":"","format":"standard","meta":{"iawp_total_views":5,"footnotes":""},"categories":[7,1067,581,23],"tags":[2986,3055,1710],"class_list":["post-47976","post","type-post","status-publish","format-standard","has-post-thumbnail","hentry","category-actividades","category-agenda-feminista","category-azul-profundo","category-salud","tag-covid-19","tag-emergencia-sanitaria","tag-stephanie-demirdjian"],"nelio_content":{"autoShareEndMode":"never","automationSources":{"useCustomSentences":false,"customSentences":[]},"efiAlt":"","efiUrl":"","followers":[4],"highlights":[],"isAutoShareEnabled":true,"networkImageIds":[],"permalinkQueryArgs":[],"series":[],"suggestedReferences":[]},"yoast_head":"<!-- This site is optimized with the Yoast SEO plugin v27.5 - https:\/\/yoast.com\/product\/yoast-seo-wordpress\/ -->\n<title>Emergencia sanitaria \u00bfC\u00f3mo afecta a las familias con madres y padres separados? - Diario Digital Femenino<\/title>\n<meta name=\"description\" content=\"Emergencia sanitaria. Ante la ausencia de una normativa, especialistas aconsejan que la resoluci\u00f3n surja de acuerdos extrajudiciales entre las partes.\" \/>\n<meta name=\"robots\" content=\"index, follow, max-snippet:-1, max-image-preview:large, max-video-preview:-1\" \/>\n<link rel=\"canonical\" href=\"https:\/\/diariofemenino.com.ar\/df\/emergencia-sanitaria\/\" \/>\n<meta property=\"og:locale\" content=\"es_ES\" \/>\n<meta property=\"og:type\" content=\"article\" \/>\n<meta property=\"og:title\" content=\"Emergencia sanitaria \u00bfC\u00f3mo afecta a las familias con madres y padres separados? - Diario Digital Femenino\" \/>\n<meta property=\"og:description\" content=\"Emergencia sanitaria. Ante la ausencia de una normativa, especialistas aconsejan que la resoluci\u00f3n surja de acuerdos extrajudiciales entre las partes.\" \/>\n<meta property=\"og:url\" content=\"https:\/\/diariofemenino.com.ar\/df\/emergencia-sanitaria\/\" \/>\n<meta property=\"og:site_name\" content=\"Diario Digital Femenino\" \/>\n<meta property=\"article:publisher\" content=\"https:\/\/www.facebook.com\/DiarioDigitaFemenino\/\" \/>\n<meta property=\"article:published_time\" content=\"2020-04-08T15:48:40+00:00\" \/>\n<meta property=\"og:image\" content=\"https:\/\/diariofemenino.com.ar\/df\/wp-content\/uploads\/2020\/04\/p12f1_rs17996_20200401_mg_46_1200w.jpg\" \/>\n\t<meta property=\"og:image:width\" content=\"1200\" \/>\n\t<meta property=\"og:image:height\" content=\"800\" \/>\n\t<meta property=\"og:image:type\" content=\"image\/jpeg\" \/>\n<meta name=\"author\" content=\"Admin\" \/>\n<meta name=\"twitter:card\" content=\"summary_large_image\" \/>\n<meta name=\"twitter:creator\" content=\"@DiarioFemenino1\" \/>\n<meta name=\"twitter:site\" content=\"@DiarioFemenino1\" \/>\n<meta name=\"twitter:label1\" content=\"Escrito por\" \/>\n\t<meta name=\"twitter:data1\" content=\"Admin\" \/>\n\t<meta name=\"twitter:label2\" content=\"Tiempo de lectura\" \/>\n\t<meta name=\"twitter:data2\" content=\"11 minutos\" \/>\n<script type=\"application\/ld+json\" class=\"yoast-schema-graph\">{\"@context\":\"https:\\\/\\\/schema.org\",\"@graph\":[{\"@type\":\"Article\",\"@id\":\"https:\\\/\\\/diariofemenino.com.ar\\\/df\\\/emergencia-sanitaria\\\/#article\",\"isPartOf\":{\"@id\":\"https:\\\/\\\/diariofemenino.com.ar\\\/df\\\/emergencia-sanitaria\\\/\"},\"author\":{\"name\":\"Admin\",\"@id\":\"https:\\\/\\\/diariofemenino.com.ar\\\/df\\\/#\\\/schema\\\/person\\\/bf6199e8158c657ea6f789b11ec85509\"},\"headline\":\"Emergencia sanitaria \u00bfC\u00f3mo afecta a las familias con madres y padres separados?\",\"datePublished\":\"2020-04-08T15:48:40+00:00\",\"mainEntityOfPage\":{\"@id\":\"https:\\\/\\\/diariofemenino.com.ar\\\/df\\\/emergencia-sanitaria\\\/\"},\"wordCount\":2170,\"commentCount\":0,\"publisher\":{\"@id\":\"https:\\\/\\\/diariofemenino.com.ar\\\/df\\\/#organization\"},\"image\":{\"@id\":\"https:\\\/\\\/diariofemenino.com.ar\\\/df\\\/emergencia-sanitaria\\\/#primaryimage\"},\"thumbnailUrl\":\"https:\\\/\\\/diariofemenino.com.ar\\\/df\\\/wp-content\\\/uploads\\\/2020\\\/04\\\/p12f1_rs17996_20200401_mg_46_1200w.jpg\",\"keywords\":[\"COVID-19\",\"Emergencia sanitaria\",\"Stephanie Demirdjian\"],\"articleSection\":[\"Actividades\",\"Agenda Feminista\",\"Azul Profundo\",\"Salud\"],\"inLanguage\":\"es\",\"potentialAction\":[{\"@type\":\"CommentAction\",\"name\":\"Comment\",\"target\":[\"https:\\\/\\\/diariofemenino.com.ar\\\/df\\\/emergencia-sanitaria\\\/#respond\"]}]},{\"@type\":\"WebPage\",\"@id\":\"https:\\\/\\\/diariofemenino.com.ar\\\/df\\\/emergencia-sanitaria\\\/\",\"url\":\"https:\\\/\\\/diariofemenino.com.ar\\\/df\\\/emergencia-sanitaria\\\/\",\"name\":\"Emergencia sanitaria \u00bfC\u00f3mo afecta a las familias con madres y padres separados? - Diario Digital Femenino\",\"isPartOf\":{\"@id\":\"https:\\\/\\\/diariofemenino.com.ar\\\/df\\\/#website\"},\"primaryImageOfPage\":{\"@id\":\"https:\\\/\\\/diariofemenino.com.ar\\\/df\\\/emergencia-sanitaria\\\/#primaryimage\"},\"image\":{\"@id\":\"https:\\\/\\\/diariofemenino.com.ar\\\/df\\\/emergencia-sanitaria\\\/#primaryimage\"},\"thumbnailUrl\":\"https:\\\/\\\/diariofemenino.com.ar\\\/df\\\/wp-content\\\/uploads\\\/2020\\\/04\\\/p12f1_rs17996_20200401_mg_46_1200w.jpg\",\"datePublished\":\"2020-04-08T15:48:40+00:00\",\"description\":\"Emergencia sanitaria. Ante la ausencia de una normativa, especialistas aconsejan que la resoluci\u00f3n surja de acuerdos extrajudiciales entre las partes.\",\"breadcrumb\":{\"@id\":\"https:\\\/\\\/diariofemenino.com.ar\\\/df\\\/emergencia-sanitaria\\\/#breadcrumb\"},\"inLanguage\":\"es\",\"potentialAction\":[{\"@type\":\"ReadAction\",\"target\":[\"https:\\\/\\\/diariofemenino.com.ar\\\/df\\\/emergencia-sanitaria\\\/\"]}]},{\"@type\":\"ImageObject\",\"inLanguage\":\"es\",\"@id\":\"https:\\\/\\\/diariofemenino.com.ar\\\/df\\\/emergencia-sanitaria\\\/#primaryimage\",\"url\":\"https:\\\/\\\/diariofemenino.com.ar\\\/df\\\/wp-content\\\/uploads\\\/2020\\\/04\\\/p12f1_rs17996_20200401_mg_46_1200w.jpg\",\"contentUrl\":\"https:\\\/\\\/diariofemenino.com.ar\\\/df\\\/wp-content\\\/uploads\\\/2020\\\/04\\\/p12f1_rs17996_20200401_mg_46_1200w.jpg\",\"width\":1200,\"height\":800,\"caption\":\"\u00bfC\u00f3mo afecta la emergencia sanitaria a las familias con madres y padres separados?\"},{\"@type\":\"BreadcrumbList\",\"@id\":\"https:\\\/\\\/diariofemenino.com.ar\\\/df\\\/emergencia-sanitaria\\\/#breadcrumb\",\"itemListElement\":[{\"@type\":\"ListItem\",\"position\":1,\"name\":\"Portada\",\"item\":\"https:\\\/\\\/diariofemenino.com.ar\\\/df\\\/\"},{\"@type\":\"ListItem\",\"position\":2,\"name\":\"Emergencia sanitaria \u00bfC\u00f3mo afecta a las familias con madres y padres separados?\"}]},{\"@type\":\"WebSite\",\"@id\":\"https:\\\/\\\/diariofemenino.com.ar\\\/df\\\/#website\",\"url\":\"https:\\\/\\\/diariofemenino.com.ar\\\/df\\\/\",\"name\":\"Diario Digital Femenino\",\"description\":\"Cuesti\u00f3n de G\u00e9nero\",\"publisher\":{\"@id\":\"https:\\\/\\\/diariofemenino.com.ar\\\/df\\\/#organization\"},\"potentialAction\":[{\"@type\":\"SearchAction\",\"target\":{\"@type\":\"EntryPoint\",\"urlTemplate\":\"https:\\\/\\\/diariofemenino.com.ar\\\/df\\\/?s={search_term_string}\"},\"query-input\":{\"@type\":\"PropertyValueSpecification\",\"valueRequired\":true,\"valueName\":\"search_term_string\"}}],\"inLanguage\":\"es\"},{\"@type\":\"Organization\",\"@id\":\"https:\\\/\\\/diariofemenino.com.ar\\\/df\\\/#organization\",\"name\":\"Diario Femenino\",\"url\":\"https:\\\/\\\/diariofemenino.com.ar\\\/df\\\/\",\"logo\":{\"@type\":\"ImageObject\",\"inLanguage\":\"es\",\"@id\":\"https:\\\/\\\/diariofemenino.com.ar\\\/df\\\/#\\\/schema\\\/logo\\\/image\\\/\",\"url\":\"https:\\\/\\\/diariofemenino.com.ar\\\/df\\\/wp-content\\\/uploads\\\/2018\\\/10\\\/logo.png\",\"contentUrl\":\"https:\\\/\\\/diariofemenino.com.ar\\\/df\\\/wp-content\\\/uploads\\\/2018\\\/10\\\/logo.png\",\"width\":500,\"height\":92,\"caption\":\"Diario Femenino\"},\"image\":{\"@id\":\"https:\\\/\\\/diariofemenino.com.ar\\\/df\\\/#\\\/schema\\\/logo\\\/image\\\/\"},\"sameAs\":[\"https:\\\/\\\/www.facebook.com\\\/DiarioDigitaFemenino\\\/\",\"https:\\\/\\\/x.com\\\/DiarioFemenino1\"]},{\"@type\":\"Person\",\"@id\":\"https:\\\/\\\/diariofemenino.com.ar\\\/df\\\/#\\\/schema\\\/person\\\/bf6199e8158c657ea6f789b11ec85509\",\"name\":\"Admin\",\"image\":{\"@type\":\"ImageObject\",\"inLanguage\":\"es\",\"@id\":\"https:\\\/\\\/diariofemenino.com.ar\\\/df\\\/wp-content\\\/uploads\\\/2018\\\/12\\\/favicon-150x150.jpg\",\"url\":\"https:\\\/\\\/diariofemenino.com.ar\\\/df\\\/wp-content\\\/uploads\\\/2018\\\/12\\\/favicon-150x150.jpg\",\"contentUrl\":\"https:\\\/\\\/diariofemenino.com.ar\\\/df\\\/wp-content\\\/uploads\\\/2018\\\/12\\\/favicon-150x150.jpg\",\"caption\":\"Admin\"},\"url\":\"https:\\\/\\\/diariofemenino.com.ar\\\/df\\\/author\\\/lenny\\\/\"}]}<\/script>\n<!-- \/ Yoast SEO plugin. -->","yoast_head_json":{"title":"Emergencia sanitaria \u00bfC\u00f3mo afecta a las familias con madres y padres separados? - Diario Digital Femenino","description":"Emergencia sanitaria. Ante la ausencia de una normativa, especialistas aconsejan que la resoluci\u00f3n surja de acuerdos extrajudiciales entre las partes.","robots":{"index":"index","follow":"follow","max-snippet":"max-snippet:-1","max-image-preview":"max-image-preview:large","max-video-preview":"max-video-preview:-1"},"canonical":"https:\/\/diariofemenino.com.ar\/df\/emergencia-sanitaria\/","og_locale":"es_ES","og_type":"article","og_title":"Emergencia sanitaria \u00bfC\u00f3mo afecta a las familias con madres y padres separados? - Diario Digital Femenino","og_description":"Emergencia sanitaria. Ante la ausencia de una normativa, especialistas aconsejan que la resoluci\u00f3n surja de acuerdos extrajudiciales entre las partes.","og_url":"https:\/\/diariofemenino.com.ar\/df\/emergencia-sanitaria\/","og_site_name":"Diario Digital Femenino","article_publisher":"https:\/\/www.facebook.com\/DiarioDigitaFemenino\/","article_published_time":"2020-04-08T15:48:40+00:00","og_image":[{"width":1200,"height":800,"url":"https:\/\/diariofemenino.com.ar\/df\/wp-content\/uploads\/2020\/04\/p12f1_rs17996_20200401_mg_46_1200w.jpg","type":"image\/jpeg"}],"author":"Admin","twitter_card":"summary_large_image","twitter_creator":"@DiarioFemenino1","twitter_site":"@DiarioFemenino1","twitter_misc":{"Escrito por":"Admin","Tiempo de lectura":"11 minutos"},"schema":{"@context":"https:\/\/schema.org","@graph":[{"@type":"Article","@id":"https:\/\/diariofemenino.com.ar\/df\/emergencia-sanitaria\/#article","isPartOf":{"@id":"https:\/\/diariofemenino.com.ar\/df\/emergencia-sanitaria\/"},"author":{"name":"Admin","@id":"https:\/\/diariofemenino.com.ar\/df\/#\/schema\/person\/bf6199e8158c657ea6f789b11ec85509"},"headline":"Emergencia sanitaria \u00bfC\u00f3mo afecta a las familias con madres y padres separados?","datePublished":"2020-04-08T15:48:40+00:00","mainEntityOfPage":{"@id":"https:\/\/diariofemenino.com.ar\/df\/emergencia-sanitaria\/"},"wordCount":2170,"commentCount":0,"publisher":{"@id":"https:\/\/diariofemenino.com.ar\/df\/#organization"},"image":{"@id":"https:\/\/diariofemenino.com.ar\/df\/emergencia-sanitaria\/#primaryimage"},"thumbnailUrl":"https:\/\/diariofemenino.com.ar\/df\/wp-content\/uploads\/2020\/04\/p12f1_rs17996_20200401_mg_46_1200w.jpg","keywords":["COVID-19","Emergencia sanitaria","Stephanie Demirdjian"],"articleSection":["Actividades","Agenda Feminista","Azul Profundo","Salud"],"inLanguage":"es","potentialAction":[{"@type":"CommentAction","name":"Comment","target":["https:\/\/diariofemenino.com.ar\/df\/emergencia-sanitaria\/#respond"]}]},{"@type":"WebPage","@id":"https:\/\/diariofemenino.com.ar\/df\/emergencia-sanitaria\/","url":"https:\/\/diariofemenino.com.ar\/df\/emergencia-sanitaria\/","name":"Emergencia sanitaria \u00bfC\u00f3mo afecta a las familias con madres y padres separados? - Diario Digital Femenino","isPartOf":{"@id":"https:\/\/diariofemenino.com.ar\/df\/#website"},"primaryImageOfPage":{"@id":"https:\/\/diariofemenino.com.ar\/df\/emergencia-sanitaria\/#primaryimage"},"image":{"@id":"https:\/\/diariofemenino.com.ar\/df\/emergencia-sanitaria\/#primaryimage"},"thumbnailUrl":"https:\/\/diariofemenino.com.ar\/df\/wp-content\/uploads\/2020\/04\/p12f1_rs17996_20200401_mg_46_1200w.jpg","datePublished":"2020-04-08T15:48:40+00:00","description":"Emergencia sanitaria. Ante la ausencia de una normativa, especialistas aconsejan que la resoluci\u00f3n surja de acuerdos extrajudiciales entre las partes.","breadcrumb":{"@id":"https:\/\/diariofemenino.com.ar\/df\/emergencia-sanitaria\/#breadcrumb"},"inLanguage":"es","potentialAction":[{"@type":"ReadAction","target":["https:\/\/diariofemenino.com.ar\/df\/emergencia-sanitaria\/"]}]},{"@type":"ImageObject","inLanguage":"es","@id":"https:\/\/diariofemenino.com.ar\/df\/emergencia-sanitaria\/#primaryimage","url":"https:\/\/diariofemenino.com.ar\/df\/wp-content\/uploads\/2020\/04\/p12f1_rs17996_20200401_mg_46_1200w.jpg","contentUrl":"https:\/\/diariofemenino.com.ar\/df\/wp-content\/uploads\/2020\/04\/p12f1_rs17996_20200401_mg_46_1200w.jpg","width":1200,"height":800,"caption":"\u00bfC\u00f3mo afecta la emergencia sanitaria a las familias con madres y padres separados?"},{"@type":"BreadcrumbList","@id":"https:\/\/diariofemenino.com.ar\/df\/emergencia-sanitaria\/#breadcrumb","itemListElement":[{"@type":"ListItem","position":1,"name":"Portada","item":"https:\/\/diariofemenino.com.ar\/df\/"},{"@type":"ListItem","position":2,"name":"Emergencia sanitaria \u00bfC\u00f3mo afecta a las familias con madres y padres separados?"}]},{"@type":"WebSite","@id":"https:\/\/diariofemenino.com.ar\/df\/#website","url":"https:\/\/diariofemenino.com.ar\/df\/","name":"Diario Digital Femenino","description":"Cuesti\u00f3n de G\u00e9nero","publisher":{"@id":"https:\/\/diariofemenino.com.ar\/df\/#organization"},"potentialAction":[{"@type":"SearchAction","target":{"@type":"EntryPoint","urlTemplate":"https:\/\/diariofemenino.com.ar\/df\/?s={search_term_string}"},"query-input":{"@type":"PropertyValueSpecification","valueRequired":true,"valueName":"search_term_string"}}],"inLanguage":"es"},{"@type":"Organization","@id":"https:\/\/diariofemenino.com.ar\/df\/#organization","name":"Diario Femenino","url":"https:\/\/diariofemenino.com.ar\/df\/","logo":{"@type":"ImageObject","inLanguage":"es","@id":"https:\/\/diariofemenino.com.ar\/df\/#\/schema\/logo\/image\/","url":"https:\/\/diariofemenino.com.ar\/df\/wp-content\/uploads\/2018\/10\/logo.png","contentUrl":"https:\/\/diariofemenino.com.ar\/df\/wp-content\/uploads\/2018\/10\/logo.png","width":500,"height":92,"caption":"Diario Femenino"},"image":{"@id":"https:\/\/diariofemenino.com.ar\/df\/#\/schema\/logo\/image\/"},"sameAs":["https:\/\/www.facebook.com\/DiarioDigitaFemenino\/","https:\/\/x.com\/DiarioFemenino1"]},{"@type":"Person","@id":"https:\/\/diariofemenino.com.ar\/df\/#\/schema\/person\/bf6199e8158c657ea6f789b11ec85509","name":"Admin","image":{"@type":"ImageObject","inLanguage":"es","@id":"https:\/\/diariofemenino.com.ar\/df\/wp-content\/uploads\/2018\/12\/favicon-150x150.jpg","url":"https:\/\/diariofemenino.com.ar\/df\/wp-content\/uploads\/2018\/12\/favicon-150x150.jpg","contentUrl":"https:\/\/diariofemenino.com.ar\/df\/wp-content\/uploads\/2018\/12\/favicon-150x150.jpg","caption":"Admin"},"url":"https:\/\/diariofemenino.com.ar\/df\/author\/lenny\/"}]}},"jetpack_featured_media_url":"https:\/\/diariofemenino.com.ar\/df\/wp-content\/uploads\/2020\/04\/p12f1_rs17996_20200401_mg_46_1200w.jpg","jetpack_sharing_enabled":true,"rttpg_featured_image_url":{"full":["https:\/\/diariofemenino.com.ar\/df\/wp-content\/uploads\/2020\/04\/p12f1_rs17996_20200401_mg_46_1200w.jpg",1200,800,false],"landscape":["https:\/\/diariofemenino.com.ar\/df\/wp-content\/uploads\/2020\/04\/p12f1_rs17996_20200401_mg_46_1200w.jpg",1200,800,false],"portraits":["https:\/\/diariofemenino.com.ar\/df\/wp-content\/uploads\/2020\/04\/p12f1_rs17996_20200401_mg_46_1200w.jpg",1200,800,false],"thumbnail":["https:\/\/diariofemenino.com.ar\/df\/wp-content\/uploads\/2020\/04\/p12f1_rs17996_20200401_mg_46_1200w-150x150.jpg",150,150,true],"medium":["https:\/\/diariofemenino.com.ar\/df\/wp-content\/uploads\/2020\/04\/p12f1_rs17996_20200401_mg_46_1200w-300x200.jpg",300,200,true],"large":["https:\/\/diariofemenino.com.ar\/df\/wp-content\/uploads\/2020\/04\/p12f1_rs17996_20200401_mg_46_1200w-1024x683.jpg",1024,683,true],"1536x1536":["https:\/\/diariofemenino.com.ar\/df\/wp-content\/uploads\/2020\/04\/p12f1_rs17996_20200401_mg_46_1200w.jpg",1200,800,false],"2048x2048":["https:\/\/diariofemenino.com.ar\/df\/wp-content\/uploads\/2020\/04\/p12f1_rs17996_20200401_mg_46_1200w.jpg",1200,800,false]},"rttpg_author":{"display_name":"Admin","author_link":"https:\/\/diariofemenino.com.ar\/df\/author\/lenny\/"},"rttpg_comment":0,"rttpg_category":"<a href=\"https:\/\/diariofemenino.com.ar\/df\/category\/actividades\/\" rel=\"category tag\">Actividades<\/a> <a href=\"https:\/\/diariofemenino.com.ar\/df\/category\/agenda-feminista\/\" rel=\"category tag\">Agenda Feminista<\/a> <a href=\"https:\/\/diariofemenino.com.ar\/df\/category\/azul-profundo\/\" rel=\"category tag\">Azul Profundo<\/a> <a href=\"https:\/\/diariofemenino.com.ar\/df\/category\/salud\/\" rel=\"category tag\">Salud<\/a>","rttpg_excerpt":"Emergencia sanitaria Ante la ausencia de una normativa que regule las visitas, especialistas aconsejan que la resoluci\u00f3n surja de acuerdos extrajudiciales entre las partes. Por\u00a0\u00a0Stephanie Demirdjian Foto*: Mariana Greif Las medidas sanitarias anunciadas por el gobierno para evitar la propagaci\u00f3n del\u00a0coronavirus\u00a0cambiaron la din\u00e1mica diaria de la mayor\u00eda de las familias, que entre la suspensi\u00f3n de&hellip;","_links":{"self":[{"href":"https:\/\/diariofemenino.com.ar\/df\/wp-json\/wp\/v2\/posts\/47976","targetHints":{"allow":["GET"]}}],"collection":[{"href":"https:\/\/diariofemenino.com.ar\/df\/wp-json\/wp\/v2\/posts"}],"about":[{"href":"https:\/\/diariofemenino.com.ar\/df\/wp-json\/wp\/v2\/types\/post"}],"author":[{"embeddable":true,"href":"https:\/\/diariofemenino.com.ar\/df\/wp-json\/wp\/v2\/users\/4"}],"replies":[{"embeddable":true,"href":"https:\/\/diariofemenino.com.ar\/df\/wp-json\/wp\/v2\/comments?post=47976"}],"version-history":[{"count":0,"href":"https:\/\/diariofemenino.com.ar\/df\/wp-json\/wp\/v2\/posts\/47976\/revisions"}],"wp:featuredmedia":[{"embeddable":true,"href":"https:\/\/diariofemenino.com.ar\/df\/wp-json\/wp\/v2\/media\/47981"}],"wp:attachment":[{"href":"https:\/\/diariofemenino.com.ar\/df\/wp-json\/wp\/v2\/media?parent=47976"}],"wp:term":[{"taxonomy":"category","embeddable":true,"href":"https:\/\/diariofemenino.com.ar\/df\/wp-json\/wp\/v2\/categories?post=47976"},{"taxonomy":"post_tag","embeddable":true,"href":"https:\/\/diariofemenino.com.ar\/df\/wp-json\/wp\/v2\/tags?post=47976"}],"curies":[{"name":"wp","href":"https:\/\/api.w.org\/{rel}","templated":true}]}}