{"id":47970,"date":"2020-04-07T20:46:26","date_gmt":"2020-04-07T23:46:26","guid":{"rendered":"https:\/\/diariofemenino.com.ar\/?p=47970"},"modified":"2020-04-07T20:46:26","modified_gmt":"2020-04-07T23:46:26","slug":"y-dale-con-lullo-que-espera-la-suprema-corte","status":"publish","type":"post","link":"https:\/\/diariofemenino.com.ar\/df\/y-dale-con-lullo-que-espera-la-suprema-corte\/","title":{"rendered":"Y dale con Lullo \u00bfQu\u00e9 espera la Suprema Corte?"},"content":{"rendered":"<p>La<a href=\"https:\/\/www.ajb.org.ar\/otro-juez-de-familia-denunciando-por-violento\/\"> Asociaci\u00f3n Judicial Bonaerense<\/a> se suma al reclamo de medidas sobre los probados actos de violencia ejercidos por el\u00a0Gustavo Dami\u00e1n Lullo, actual titular del Juzgado de Familia N\u00b05 del Departamento Judicial de Lomas de Zamora. Al respecto publicaron este comunicado.<\/p>\n<h3 style=\"text-align: center;\">Otro Juez de Familia denunciado por violento<\/h3>\n<div class=\"bajada\">\n<figure id=\"attachment_47971\" aria-describedby=\"caption-attachment-47971\" style=\"width: 431px\" class=\"wp-caption alignleft\"><img loading=\"lazy\" decoding=\"async\" class=\"size-full wp-image-47971\" src=\"https:\/\/diariofemenino.com.ar\/df\/wp-content\/uploads\/2020\/04\/ajb_marca.png\" alt=\"Y dale con Lullo \u00bfQu\u00e9 espera la Corte Suprema?\" width=\"431\" height=\"157\" srcset=\"https:\/\/diariofemenino.com.ar\/df\/wp-content\/uploads\/2020\/04\/ajb_marca.png 431w, https:\/\/diariofemenino.com.ar\/df\/wp-content\/uploads\/2020\/04\/ajb_marca-300x109.png 300w\" sizes=\"auto, (max-width: 431px) 100vw, 431px\" \/><figcaption id=\"caption-attachment-47971\" class=\"wp-caption-text\">Y dale con Lullo \u00bfQu\u00e9 espera la Corte Suprema?<\/figcaption><\/figure>\n<p>La <a href=\"https:\/\/www.ajb.org.ar\/\">AJB<\/a> le exige a la Suprema Corte el apartamiento de su cargo del juez Gustavo Lullo, el inicio de las actuaciones disciplinarias y el juicio pol\u00edtico por mediar violencia de g\u00e9nero.<\/p>\n<p>Hace pocos d\u00edas tom\u00f3 estado p\u00fablico la <a href=\"https:\/\/diariofemenino.com.ar\/abofem-argentina\/\">denuncia<\/a> por violencia de g\u00e9nero efectuada en 2019 por una funcionaria judicial contra e<a href=\"https:\/\/diariofemenino.com.ar\/un-juez-de-familia-de-lomas\/\">l juez Gustavo Dami\u00e1n Lullo<\/a>, actual titular del Juzgado de Familia N\u00b05 del Departamento Judicial de Lomas de Zamora.<\/p>\n<p>El magistrado fue denunciado por su ex pareja por ejercer actos brutales de violencia f\u00edsica y ps\u00edquica, que incluso han sido perpetrados por el juez encontr\u00e1ndose la trabajadora judicial embarazada y delante de lxs ni\u00f1xs de la familia. Seg\u00fan surge de los hechos denunciados, adem\u00e1s el magistrado se vali\u00f3 de su cargo para amenazar a la v\u00edctima e invocar v\u00ednculos que le brindar\u00edan impunidad. Tambi\u00e9n fue denunciado que Lullo viol\u00f3 la medida de restricci\u00f3n de acercamiento impuesta por el juez de garant\u00edas, al haberse presentado impunemente en un festejo del \u00e1mbito judicial en que se encontraba presente la denunciante. El juez Lullo ya hab\u00eda sido denunciado con anterioridad en su primer matrimonio por violencia f\u00edsica y maltrato.<\/p>\n<p>\u201cExigimos a la Suprema Corte que disponga una licencia compulsiva al juez Lullo mientras se lleve a cabo la investigaci\u00f3n, y las correspondientes medidas de protecci\u00f3n para la trabajadora. No podemos permitir que permanezcan en funciones magistrados que se encuentran denunciados por hechos tan aberrantes, y que adem\u00e1s contin\u00faen interviniendo en causas que involucran violencia de g\u00e9nero, siendo ellos mismos agresores. Hay una incompatibilidad manifiesta entre su funci\u00f3n de juez y los hechos denunciados\u201d, expres\u00f3 D\u00e9bora Bertone, secretaria de G\u00e9neros e Igualdad de Oportunidades de la AJB.<\/p>\n<p>Por su parte, Gustavo Lullo es actualmente coordinador de la Comisi\u00f3n de Ni\u00f1ez y Adolescencia de la Uni\u00f3n de Magistrados de Lomas de Zamora. Frente a la gravedad de los hechos denunciados, la AJB insta a esta entidad a disponer la separaci\u00f3n preventiva del magistrado de ese rol y garantizar la observancia de esas conductas con una actitud de denuncia y sanci\u00f3n.<\/p>\n<p>Otra vez nos encontramos frente a un magistrado que ejerce violencia de g\u00e9nero. Inevitablemente, nos remite al caso de Claudio Garc\u00eda, recientemente destituido luego de haber sido denunciado por el sindicato por haber incurrido en hechos de acoso sexual y violencia laboral.<\/p>\n<p>No s\u00f3lo eso, Lullo es uno de los magistrados que sostiene la instalaci\u00f3n en los tribunales de la provincia de Buenos Aires del falso s\u00edndrome de alienaci\u00f3n parental (falso SAP) utilizado como defensa por ped\u00f3filos en causa judiciales de abuso, motivo por el cual pesa sobre \u00e9l una denuncia en el Jurado de Enjuiciamiento.<\/p>\n<p>La repetici\u00f3n de estos hechos cometidos por altos funcionarios del Poder Judicial pone de manifiesto la necesidad urgente de modificar el sistema de selecci\u00f3n de magistrados en la provincia de Buenos Aires. Este reclamo hist\u00f3rico del gremio judicial apunta a la inclusi\u00f3n de mecanismos por los que la selecci\u00f3n de jueces se desarrolle de manera transparente y democr\u00e1tica, con participaci\u00f3n de la ciudadan\u00eda y perspectiva de g\u00e9nero.<\/p>\n<p>A lo que se le agrega la necesidad imperiosa de que se cumpla efectivamente con la capacitaci\u00f3n obligatoria estipulada por la Ley Micaela, que tal como lo establece la propia norma debe contar con la participaci\u00f3n del sindicato y la creaci\u00f3n de un \u00e1rea de pol\u00edticas de g\u00e9nero en el \u00e1mbito de la Suprema Corte.<\/p>\n<\/div>\n<p>&nbsp;<\/p>\n","protected":false},"excerpt":{"rendered":"<p>La Asociaci\u00f3n Judicial Bonaerense se suma al reclamo de medidas sobre los probados actos de violencia ejercidos por el\u00a0Gustavo Dami\u00e1n Lullo, actual titular del Juzgado de Familia N\u00b05 del Departamento Judicial de Lomas de Zamora. Al respecto publicaron este comunicado. Otro Juez de Familia denunciado por violento La AJB le exige a la Suprema Corte [&hellip;]<\/p>\n","protected":false},"author":4,"featured_media":47972,"comment_status":"open","ping_status":"open","sticky":false,"template":"","format":"standard","meta":{"iawp_total_views":4,"footnotes":""},"categories":[1067,32,592],"tags":[3053,3036,3054],"class_list":["post-47970","post","type-post","status-publish","format-standard","has-post-thumbnail","hentry","category-agenda-feminista","category-mujeres","category-violencias","tag-asociacion-judicial-bonaerense","tag-gustavo-damian-lullo","tag-suprema-corte"],"nelio_content":{"autoShareEndMode":"never","automationSources":{"useCustomSentences":false,"customSentences":[]},"efiAlt":"","efiUrl":"","followers":[4],"highlights":[],"isAutoShareEnabled":true,"networkImageIds":[],"permalinkQueryArgs":[],"series":[],"suggestedReferences":[]},"yoast_head":"<!-- This site is optimized with the Yoast SEO plugin v27.5 - https:\/\/yoast.com\/product\/yoast-seo-wordpress\/ -->\n<title>Y dale con Lullo \u00bfQu\u00e9 espera la Suprema Corte? - Diario Digital Femenino<\/title>\n<meta name=\"description\" content=\"Y dale con Lullo \u00bfQu\u00e9 espera la Suprema Corte? Muchas voces se han escuchado solicitando medidas urgentes y concretas por el accionar violento de este juez\" \/>\n<meta name=\"robots\" content=\"index, follow, max-snippet:-1, max-image-preview:large, max-video-preview:-1\" \/>\n<link rel=\"canonical\" href=\"https:\/\/diariofemenino.com.ar\/df\/y-dale-con-lullo-que-espera-la-suprema-corte\/\" \/>\n<meta property=\"og:locale\" content=\"es_ES\" \/>\n<meta property=\"og:type\" content=\"article\" \/>\n<meta property=\"og:title\" content=\"Y dale con Lullo \u00bfQu\u00e9 espera la Suprema Corte? - Diario Digital Femenino\" \/>\n<meta property=\"og:description\" content=\"Y dale con Lullo \u00bfQu\u00e9 espera la Suprema Corte? Muchas voces se han escuchado solicitando medidas urgentes y concretas por el accionar violento de este juez\" \/>\n<meta property=\"og:url\" content=\"https:\/\/diariofemenino.com.ar\/df\/y-dale-con-lullo-que-espera-la-suprema-corte\/\" \/>\n<meta property=\"og:site_name\" content=\"Diario Digital Femenino\" \/>\n<meta property=\"article:publisher\" content=\"https:\/\/www.facebook.com\/DiarioDigitaFemenino\/\" \/>\n<meta property=\"article:published_time\" content=\"2020-04-07T23:46:26+00:00\" \/>\n<meta property=\"og:image\" content=\"https:\/\/diariofemenino.com.ar\/df\/wp-content\/uploads\/2020\/04\/baseBb.jpg\" \/>\n\t<meta property=\"og:image:width\" content=\"600\" \/>\n\t<meta property=\"og:image:height\" content=\"271\" \/>\n\t<meta property=\"og:image:type\" content=\"image\/jpeg\" \/>\n<meta name=\"author\" content=\"Admin\" \/>\n<meta name=\"twitter:card\" content=\"summary_large_image\" \/>\n<meta name=\"twitter:creator\" content=\"@DiarioFemenino1\" \/>\n<meta name=\"twitter:site\" content=\"@DiarioFemenino1\" \/>\n<meta name=\"twitter:label1\" content=\"Escrito por\" \/>\n\t<meta name=\"twitter:data1\" content=\"Admin\" \/>\n\t<meta name=\"twitter:label2\" content=\"Tiempo de lectura\" \/>\n\t<meta name=\"twitter:data2\" content=\"3 minutos\" \/>\n<script type=\"application\/ld+json\" class=\"yoast-schema-graph\">{\"@context\":\"https:\\\/\\\/schema.org\",\"@graph\":[{\"@type\":\"Article\",\"@id\":\"https:\\\/\\\/diariofemenino.com.ar\\\/df\\\/y-dale-con-lullo-que-espera-la-suprema-corte\\\/#article\",\"isPartOf\":{\"@id\":\"https:\\\/\\\/diariofemenino.com.ar\\\/df\\\/y-dale-con-lullo-que-espera-la-suprema-corte\\\/\"},\"author\":{\"name\":\"Admin\",\"@id\":\"https:\\\/\\\/diariofemenino.com.ar\\\/df\\\/#\\\/schema\\\/person\\\/bf6199e8158c657ea6f789b11ec85509\"},\"headline\":\"Y dale con Lullo \u00bfQu\u00e9 espera la Suprema Corte?\",\"datePublished\":\"2020-04-07T23:46:26+00:00\",\"mainEntityOfPage\":{\"@id\":\"https:\\\/\\\/diariofemenino.com.ar\\\/df\\\/y-dale-con-lullo-que-espera-la-suprema-corte\\\/\"},\"wordCount\":684,\"commentCount\":0,\"publisher\":{\"@id\":\"https:\\\/\\\/diariofemenino.com.ar\\\/df\\\/#organization\"},\"image\":{\"@id\":\"https:\\\/\\\/diariofemenino.com.ar\\\/df\\\/y-dale-con-lullo-que-espera-la-suprema-corte\\\/#primaryimage\"},\"thumbnailUrl\":\"https:\\\/\\\/diariofemenino.com.ar\\\/df\\\/wp-content\\\/uploads\\\/2020\\\/04\\\/baseBb.jpg\",\"keywords\":[\"Asociaci\u00f3n Judicial Bonaerense\",\"Gustavo Dami\u00e1n Lullo\",\"Suprema Corte\"],\"articleSection\":[\"Agenda Feminista\",\"Mujeres\",\"Violencias\"],\"inLanguage\":\"es\",\"potentialAction\":[{\"@type\":\"CommentAction\",\"name\":\"Comment\",\"target\":[\"https:\\\/\\\/diariofemenino.com.ar\\\/df\\\/y-dale-con-lullo-que-espera-la-suprema-corte\\\/#respond\"]}]},{\"@type\":\"WebPage\",\"@id\":\"https:\\\/\\\/diariofemenino.com.ar\\\/df\\\/y-dale-con-lullo-que-espera-la-suprema-corte\\\/\",\"url\":\"https:\\\/\\\/diariofemenino.com.ar\\\/df\\\/y-dale-con-lullo-que-espera-la-suprema-corte\\\/\",\"name\":\"Y dale con Lullo \u00bfQu\u00e9 espera la Suprema Corte? - Diario Digital Femenino\",\"isPartOf\":{\"@id\":\"https:\\\/\\\/diariofemenino.com.ar\\\/df\\\/#website\"},\"primaryImageOfPage\":{\"@id\":\"https:\\\/\\\/diariofemenino.com.ar\\\/df\\\/y-dale-con-lullo-que-espera-la-suprema-corte\\\/#primaryimage\"},\"image\":{\"@id\":\"https:\\\/\\\/diariofemenino.com.ar\\\/df\\\/y-dale-con-lullo-que-espera-la-suprema-corte\\\/#primaryimage\"},\"thumbnailUrl\":\"https:\\\/\\\/diariofemenino.com.ar\\\/df\\\/wp-content\\\/uploads\\\/2020\\\/04\\\/baseBb.jpg\",\"datePublished\":\"2020-04-07T23:46:26+00:00\",\"description\":\"Y dale con Lullo \u00bfQu\u00e9 espera la Suprema Corte? Muchas voces se han escuchado solicitando medidas urgentes y concretas por el accionar violento de este juez\",\"breadcrumb\":{\"@id\":\"https:\\\/\\\/diariofemenino.com.ar\\\/df\\\/y-dale-con-lullo-que-espera-la-suprema-corte\\\/#breadcrumb\"},\"inLanguage\":\"es\",\"potentialAction\":[{\"@type\":\"ReadAction\",\"target\":[\"https:\\\/\\\/diariofemenino.com.ar\\\/df\\\/y-dale-con-lullo-que-espera-la-suprema-corte\\\/\"]}]},{\"@type\":\"ImageObject\",\"inLanguage\":\"es\",\"@id\":\"https:\\\/\\\/diariofemenino.com.ar\\\/df\\\/y-dale-con-lullo-que-espera-la-suprema-corte\\\/#primaryimage\",\"url\":\"https:\\\/\\\/diariofemenino.com.ar\\\/df\\\/wp-content\\\/uploads\\\/2020\\\/04\\\/baseBb.jpg\",\"contentUrl\":\"https:\\\/\\\/diariofemenino.com.ar\\\/df\\\/wp-content\\\/uploads\\\/2020\\\/04\\\/baseBb.jpg\",\"width\":600,\"height\":271,\"caption\":\"Y dale con Lullo \u00bfQu\u00e9 espera la Suprema Corte?\"},{\"@type\":\"BreadcrumbList\",\"@id\":\"https:\\\/\\\/diariofemenino.com.ar\\\/df\\\/y-dale-con-lullo-que-espera-la-suprema-corte\\\/#breadcrumb\",\"itemListElement\":[{\"@type\":\"ListItem\",\"position\":1,\"name\":\"Portada\",\"item\":\"https:\\\/\\\/diariofemenino.com.ar\\\/df\\\/\"},{\"@type\":\"ListItem\",\"position\":2,\"name\":\"Y dale con Lullo \u00bfQu\u00e9 espera la Suprema Corte?\"}]},{\"@type\":\"WebSite\",\"@id\":\"https:\\\/\\\/diariofemenino.com.ar\\\/df\\\/#website\",\"url\":\"https:\\\/\\\/diariofemenino.com.ar\\\/df\\\/\",\"name\":\"Diario Digital Femenino\",\"description\":\"Cuesti\u00f3n de G\u00e9nero\",\"publisher\":{\"@id\":\"https:\\\/\\\/diariofemenino.com.ar\\\/df\\\/#organization\"},\"potentialAction\":[{\"@type\":\"SearchAction\",\"target\":{\"@type\":\"EntryPoint\",\"urlTemplate\":\"https:\\\/\\\/diariofemenino.com.ar\\\/df\\\/?s={search_term_string}\"},\"query-input\":{\"@type\":\"PropertyValueSpecification\",\"valueRequired\":true,\"valueName\":\"search_term_string\"}}],\"inLanguage\":\"es\"},{\"@type\":\"Organization\",\"@id\":\"https:\\\/\\\/diariofemenino.com.ar\\\/df\\\/#organization\",\"name\":\"Diario Femenino\",\"url\":\"https:\\\/\\\/diariofemenino.com.ar\\\/df\\\/\",\"logo\":{\"@type\":\"ImageObject\",\"inLanguage\":\"es\",\"@id\":\"https:\\\/\\\/diariofemenino.com.ar\\\/df\\\/#\\\/schema\\\/logo\\\/image\\\/\",\"url\":\"https:\\\/\\\/diariofemenino.com.ar\\\/df\\\/wp-content\\\/uploads\\\/2018\\\/10\\\/logo.png\",\"contentUrl\":\"https:\\\/\\\/diariofemenino.com.ar\\\/df\\\/wp-content\\\/uploads\\\/2018\\\/10\\\/logo.png\",\"width\":500,\"height\":92,\"caption\":\"Diario Femenino\"},\"image\":{\"@id\":\"https:\\\/\\\/diariofemenino.com.ar\\\/df\\\/#\\\/schema\\\/logo\\\/image\\\/\"},\"sameAs\":[\"https:\\\/\\\/www.facebook.com\\\/DiarioDigitaFemenino\\\/\",\"https:\\\/\\\/x.com\\\/DiarioFemenino1\"]},{\"@type\":\"Person\",\"@id\":\"https:\\\/\\\/diariofemenino.com.ar\\\/df\\\/#\\\/schema\\\/person\\\/bf6199e8158c657ea6f789b11ec85509\",\"name\":\"Admin\",\"image\":{\"@type\":\"ImageObject\",\"inLanguage\":\"es\",\"@id\":\"https:\\\/\\\/diariofemenino.com.ar\\\/df\\\/wp-content\\\/uploads\\\/2018\\\/12\\\/favicon-150x150.jpg\",\"url\":\"https:\\\/\\\/diariofemenino.com.ar\\\/df\\\/wp-content\\\/uploads\\\/2018\\\/12\\\/favicon-150x150.jpg\",\"contentUrl\":\"https:\\\/\\\/diariofemenino.com.ar\\\/df\\\/wp-content\\\/uploads\\\/2018\\\/12\\\/favicon-150x150.jpg\",\"caption\":\"Admin\"},\"url\":\"https:\\\/\\\/diariofemenino.com.ar\\\/df\\\/author\\\/lenny\\\/\"}]}<\/script>\n<!-- \/ Yoast SEO plugin. -->","yoast_head_json":{"title":"Y dale con Lullo \u00bfQu\u00e9 espera la Suprema Corte? - Diario Digital Femenino","description":"Y dale con Lullo \u00bfQu\u00e9 espera la Suprema Corte? Muchas voces se han escuchado solicitando medidas urgentes y concretas por el accionar violento de este juez","robots":{"index":"index","follow":"follow","max-snippet":"max-snippet:-1","max-image-preview":"max-image-preview:large","max-video-preview":"max-video-preview:-1"},"canonical":"https:\/\/diariofemenino.com.ar\/df\/y-dale-con-lullo-que-espera-la-suprema-corte\/","og_locale":"es_ES","og_type":"article","og_title":"Y dale con Lullo \u00bfQu\u00e9 espera la Suprema Corte? - Diario Digital Femenino","og_description":"Y dale con Lullo \u00bfQu\u00e9 espera la Suprema Corte? Muchas voces se han escuchado solicitando medidas urgentes y concretas por el accionar violento de este juez","og_url":"https:\/\/diariofemenino.com.ar\/df\/y-dale-con-lullo-que-espera-la-suprema-corte\/","og_site_name":"Diario Digital Femenino","article_publisher":"https:\/\/www.facebook.com\/DiarioDigitaFemenino\/","article_published_time":"2020-04-07T23:46:26+00:00","og_image":[{"width":600,"height":271,"url":"https:\/\/diariofemenino.com.ar\/df\/wp-content\/uploads\/2020\/04\/baseBb.jpg","type":"image\/jpeg"}],"author":"Admin","twitter_card":"summary_large_image","twitter_creator":"@DiarioFemenino1","twitter_site":"@DiarioFemenino1","twitter_misc":{"Escrito por":"Admin","Tiempo de lectura":"3 minutos"},"schema":{"@context":"https:\/\/schema.org","@graph":[{"@type":"Article","@id":"https:\/\/diariofemenino.com.ar\/df\/y-dale-con-lullo-que-espera-la-suprema-corte\/#article","isPartOf":{"@id":"https:\/\/diariofemenino.com.ar\/df\/y-dale-con-lullo-que-espera-la-suprema-corte\/"},"author":{"name":"Admin","@id":"https:\/\/diariofemenino.com.ar\/df\/#\/schema\/person\/bf6199e8158c657ea6f789b11ec85509"},"headline":"Y dale con Lullo \u00bfQu\u00e9 espera la Suprema Corte?","datePublished":"2020-04-07T23:46:26+00:00","mainEntityOfPage":{"@id":"https:\/\/diariofemenino.com.ar\/df\/y-dale-con-lullo-que-espera-la-suprema-corte\/"},"wordCount":684,"commentCount":0,"publisher":{"@id":"https:\/\/diariofemenino.com.ar\/df\/#organization"},"image":{"@id":"https:\/\/diariofemenino.com.ar\/df\/y-dale-con-lullo-que-espera-la-suprema-corte\/#primaryimage"},"thumbnailUrl":"https:\/\/diariofemenino.com.ar\/df\/wp-content\/uploads\/2020\/04\/baseBb.jpg","keywords":["Asociaci\u00f3n Judicial Bonaerense","Gustavo Dami\u00e1n Lullo","Suprema Corte"],"articleSection":["Agenda Feminista","Mujeres","Violencias"],"inLanguage":"es","potentialAction":[{"@type":"CommentAction","name":"Comment","target":["https:\/\/diariofemenino.com.ar\/df\/y-dale-con-lullo-que-espera-la-suprema-corte\/#respond"]}]},{"@type":"WebPage","@id":"https:\/\/diariofemenino.com.ar\/df\/y-dale-con-lullo-que-espera-la-suprema-corte\/","url":"https:\/\/diariofemenino.com.ar\/df\/y-dale-con-lullo-que-espera-la-suprema-corte\/","name":"Y dale con Lullo \u00bfQu\u00e9 espera la Suprema Corte? - Diario Digital Femenino","isPartOf":{"@id":"https:\/\/diariofemenino.com.ar\/df\/#website"},"primaryImageOfPage":{"@id":"https:\/\/diariofemenino.com.ar\/df\/y-dale-con-lullo-que-espera-la-suprema-corte\/#primaryimage"},"image":{"@id":"https:\/\/diariofemenino.com.ar\/df\/y-dale-con-lullo-que-espera-la-suprema-corte\/#primaryimage"},"thumbnailUrl":"https:\/\/diariofemenino.com.ar\/df\/wp-content\/uploads\/2020\/04\/baseBb.jpg","datePublished":"2020-04-07T23:46:26+00:00","description":"Y dale con Lullo \u00bfQu\u00e9 espera la Suprema Corte? Muchas voces se han escuchado solicitando medidas urgentes y concretas por el accionar violento de este juez","breadcrumb":{"@id":"https:\/\/diariofemenino.com.ar\/df\/y-dale-con-lullo-que-espera-la-suprema-corte\/#breadcrumb"},"inLanguage":"es","potentialAction":[{"@type":"ReadAction","target":["https:\/\/diariofemenino.com.ar\/df\/y-dale-con-lullo-que-espera-la-suprema-corte\/"]}]},{"@type":"ImageObject","inLanguage":"es","@id":"https:\/\/diariofemenino.com.ar\/df\/y-dale-con-lullo-que-espera-la-suprema-corte\/#primaryimage","url":"https:\/\/diariofemenino.com.ar\/df\/wp-content\/uploads\/2020\/04\/baseBb.jpg","contentUrl":"https:\/\/diariofemenino.com.ar\/df\/wp-content\/uploads\/2020\/04\/baseBb.jpg","width":600,"height":271,"caption":"Y dale con Lullo \u00bfQu\u00e9 espera la Suprema Corte?"},{"@type":"BreadcrumbList","@id":"https:\/\/diariofemenino.com.ar\/df\/y-dale-con-lullo-que-espera-la-suprema-corte\/#breadcrumb","itemListElement":[{"@type":"ListItem","position":1,"name":"Portada","item":"https:\/\/diariofemenino.com.ar\/df\/"},{"@type":"ListItem","position":2,"name":"Y dale con Lullo \u00bfQu\u00e9 espera la Suprema Corte?"}]},{"@type":"WebSite","@id":"https:\/\/diariofemenino.com.ar\/df\/#website","url":"https:\/\/diariofemenino.com.ar\/df\/","name":"Diario Digital Femenino","description":"Cuesti\u00f3n de G\u00e9nero","publisher":{"@id":"https:\/\/diariofemenino.com.ar\/df\/#organization"},"potentialAction":[{"@type":"SearchAction","target":{"@type":"EntryPoint","urlTemplate":"https:\/\/diariofemenino.com.ar\/df\/?s={search_term_string}"},"query-input":{"@type":"PropertyValueSpecification","valueRequired":true,"valueName":"search_term_string"}}],"inLanguage":"es"},{"@type":"Organization","@id":"https:\/\/diariofemenino.com.ar\/df\/#organization","name":"Diario Femenino","url":"https:\/\/diariofemenino.com.ar\/df\/","logo":{"@type":"ImageObject","inLanguage":"es","@id":"https:\/\/diariofemenino.com.ar\/df\/#\/schema\/logo\/image\/","url":"https:\/\/diariofemenino.com.ar\/df\/wp-content\/uploads\/2018\/10\/logo.png","contentUrl":"https:\/\/diariofemenino.com.ar\/df\/wp-content\/uploads\/2018\/10\/logo.png","width":500,"height":92,"caption":"Diario Femenino"},"image":{"@id":"https:\/\/diariofemenino.com.ar\/df\/#\/schema\/logo\/image\/"},"sameAs":["https:\/\/www.facebook.com\/DiarioDigitaFemenino\/","https:\/\/x.com\/DiarioFemenino1"]},{"@type":"Person","@id":"https:\/\/diariofemenino.com.ar\/df\/#\/schema\/person\/bf6199e8158c657ea6f789b11ec85509","name":"Admin","image":{"@type":"ImageObject","inLanguage":"es","@id":"https:\/\/diariofemenino.com.ar\/df\/wp-content\/uploads\/2018\/12\/favicon-150x150.jpg","url":"https:\/\/diariofemenino.com.ar\/df\/wp-content\/uploads\/2018\/12\/favicon-150x150.jpg","contentUrl":"https:\/\/diariofemenino.com.ar\/df\/wp-content\/uploads\/2018\/12\/favicon-150x150.jpg","caption":"Admin"},"url":"https:\/\/diariofemenino.com.ar\/df\/author\/lenny\/"}]}},"jetpack_featured_media_url":"https:\/\/diariofemenino.com.ar\/df\/wp-content\/uploads\/2020\/04\/baseBb.jpg","jetpack_sharing_enabled":true,"rttpg_featured_image_url":{"full":["https:\/\/diariofemenino.com.ar\/df\/wp-content\/uploads\/2020\/04\/baseBb.jpg",600,271,false],"landscape":["https:\/\/diariofemenino.com.ar\/df\/wp-content\/uploads\/2020\/04\/baseBb.jpg",600,271,false],"portraits":["https:\/\/diariofemenino.com.ar\/df\/wp-content\/uploads\/2020\/04\/baseBb.jpg",600,271,false],"thumbnail":["https:\/\/diariofemenino.com.ar\/df\/wp-content\/uploads\/2020\/04\/baseBb-150x150.jpg",150,150,true],"medium":["https:\/\/diariofemenino.com.ar\/df\/wp-content\/uploads\/2020\/04\/baseBb-300x136.jpg",300,136,true],"large":["https:\/\/diariofemenino.com.ar\/df\/wp-content\/uploads\/2020\/04\/baseBb.jpg",600,271,false],"1536x1536":["https:\/\/diariofemenino.com.ar\/df\/wp-content\/uploads\/2020\/04\/baseBb.jpg",600,271,false],"2048x2048":["https:\/\/diariofemenino.com.ar\/df\/wp-content\/uploads\/2020\/04\/baseBb.jpg",600,271,false]},"rttpg_author":{"display_name":"Admin","author_link":"https:\/\/diariofemenino.com.ar\/df\/author\/lenny\/"},"rttpg_comment":0,"rttpg_category":"<a href=\"https:\/\/diariofemenino.com.ar\/df\/category\/agenda-feminista\/\" rel=\"category tag\">Agenda Feminista<\/a> <a href=\"https:\/\/diariofemenino.com.ar\/df\/category\/mujeres\/\" rel=\"category tag\">Mujeres<\/a> <a href=\"https:\/\/diariofemenino.com.ar\/df\/category\/violencias\/\" rel=\"category tag\">Violencias<\/a>","rttpg_excerpt":"La Asociaci\u00f3n Judicial Bonaerense se suma al reclamo de medidas sobre los probados actos de violencia ejercidos por el\u00a0Gustavo Dami\u00e1n Lullo, actual titular del Juzgado de Familia N\u00b05 del Departamento Judicial de Lomas de Zamora. Al respecto publicaron este comunicado. Otro Juez de Familia denunciado por violento La AJB le exige a la Suprema Corte&hellip;","_links":{"self":[{"href":"https:\/\/diariofemenino.com.ar\/df\/wp-json\/wp\/v2\/posts\/47970","targetHints":{"allow":["GET"]}}],"collection":[{"href":"https:\/\/diariofemenino.com.ar\/df\/wp-json\/wp\/v2\/posts"}],"about":[{"href":"https:\/\/diariofemenino.com.ar\/df\/wp-json\/wp\/v2\/types\/post"}],"author":[{"embeddable":true,"href":"https:\/\/diariofemenino.com.ar\/df\/wp-json\/wp\/v2\/users\/4"}],"replies":[{"embeddable":true,"href":"https:\/\/diariofemenino.com.ar\/df\/wp-json\/wp\/v2\/comments?post=47970"}],"version-history":[{"count":0,"href":"https:\/\/diariofemenino.com.ar\/df\/wp-json\/wp\/v2\/posts\/47970\/revisions"}],"wp:featuredmedia":[{"embeddable":true,"href":"https:\/\/diariofemenino.com.ar\/df\/wp-json\/wp\/v2\/media\/47972"}],"wp:attachment":[{"href":"https:\/\/diariofemenino.com.ar\/df\/wp-json\/wp\/v2\/media?parent=47970"}],"wp:term":[{"taxonomy":"category","embeddable":true,"href":"https:\/\/diariofemenino.com.ar\/df\/wp-json\/wp\/v2\/categories?post=47970"},{"taxonomy":"post_tag","embeddable":true,"href":"https:\/\/diariofemenino.com.ar\/df\/wp-json\/wp\/v2\/tags?post=47970"}],"curies":[{"name":"wp","href":"https:\/\/api.w.org\/{rel}","templated":true}]}}