{"id":47740,"date":"2020-03-29T09:34:24","date_gmt":"2020-03-29T12:34:24","guid":{"rendered":"https:\/\/diariofemenino.com.ar\/?p=47740"},"modified":"2020-03-29T09:57:12","modified_gmt":"2020-03-29T12:57:12","slug":"musicos-y-musicas-desaparecidos-durante-la-ultima-dictadura-civica-eclesiastica-militar","status":"publish","type":"post","link":"https:\/\/diariofemenino.com.ar\/df\/musicos-y-musicas-desaparecidos-durante-la-ultima-dictadura-civica-eclesiastica-militar\/","title":{"rendered":"M\u00fasicos y M\u00fasicas desaparecidos durante la \u00faltima dictadura c\u00edvica eclesi\u00e1stica militar"},"content":{"rendered":"<p><strong>Mariela Milstein<\/strong>* realiz\u00f3 una investigaci\u00f3n con el objetivo de \u201cvisibilizar a las y los desaparecidos\u201d,\u00a0durante la \u00faltima dictadura c\u00edvica eclesi\u00e1stica militar en Argentina.<\/p>\n<p>En di\u00e1logo con <strong>Diario Digital Femenino<\/strong>, cont\u00f3 que tambi\u00e9n la realiz\u00f3 \u201ccon el criterio de incluir a profesionales de la m\u00fasica y docentes, como as\u00ed tambi\u00e9n a quienes su entorno consideren m\u00fasicos m\u00e1s all\u00e1 de sus trabajos cotidianos\u201d.<br \/>\nEn relaci\u00f3n a la investigaci\u00f3n, coment\u00f3 que \u201cgenerar este archivo me fue llevando por varias emociones, primero miedo de encontrarme nuevamente cara a cara con el horror que significa un genocidio, en este caso con colegas o personas que se hab\u00edan sensibilizado y expresado con la m\u00fasica, igual que yo\u201d.<\/p>\n<p>\u201cCuando empec\u00e9 ya no pude dejar de buscarlos, de conocer sus rostros, algo de su historia y c\u00f3mo fue su secuestro o asesinato y despu\u00e9s sus m\u00fasicas y la idea de que sus m\u00fasicas puedan sonar hoy, es lo que m\u00e1s me emociona y entusiasma\u201d, agreg\u00f3 y sostuvo que espera que \u201csus familiares y amigues puedan sumar m\u00e1s links para poder o\u00edrlos\u201d.<\/p>\n<p>El Plan C\u00f3ndor.<br \/>\nEn la investigaci\u00f3n realizada por Milstein, se evidencia \u201cel P<a href=\"https:\/\/es.wikipedia.org\/wiki\/Plan_C%C3%B3ndor\">lan C\u00f3ndor<\/a>, el robo de beb\u00e9s, con cinco mujeres m\u00fasicas embarazadas y la pareja de un m\u00fasico tambi\u00e9n embarazada\u201d. En ese sentido, en cuatro casos \u201cse busca la identidad del beb\u00e9 y en dos casos fueron asesinadas con tres y cinco meses de embarazo\u201d.<br \/>\n\u201cSe evidencia la impunidad con la que actuaron, la simulaci\u00f3n de situaciones para asesinar en supuestos enfrentamientos y el horror de que vengan a buscarte a la madrugada (o a cualquier hora) a tu casa, a tu hogar, a tu cama\u201d, a\u00f1adi\u00f3.<\/p>\n<p>Causas.<br \/>\nEn la investigaci\u00f3n tambi\u00e9n se revela que la edad de les detenides promedio es de 26 a\u00f1os, habiendo 28 menores de 25 a\u00f1os y 35 mayores. Las edades oscilan de 18 a 44 a\u00f1os.<\/p>\n<p>En relaci\u00f3n a la impunidad, de estos 65 casos s\u00f3lo 22 tienen causas juzgadas, 48 siguen <a href=\"https:\/\/es.wikipedia.org\/wiki\/Detenidos_desaparecidos_por_el_terrorismo_de_Estado_en_Argentina\">desaparecidos<\/a> (se sigue cometiendo el crimen de la desaparici\u00f3n cada d\u00eda), nueve cuerpos fueron hallados en exhumaciones y ocho han sido asesinados en fusilamientos, fraguando enfrentamientos y en un caso por trato negligente en un penal.<\/p>\n<p>Para quienes deseen sumar Datos u obtener informe en PDF, comunicarse a trav\u00e9s de la p\u00e1gina: <a href=\"https:\/\/www.facebook.com\/M\u00fasica-y-Derechos-Humanos-112466203732216\/\">M\u00fasica y Derechos Humanos<\/a><\/p>\n<p>&nbsp;<\/p>\n<table>\n<tbody>\n<tr>\n<td width=\"566\">\n<p><figure id=\"attachment_47746\" aria-describedby=\"caption-attachment-47746\" style=\"width: 629px\" class=\"wp-caption alignnone\"><img loading=\"lazy\" decoding=\"async\" class=\"size-full wp-image-47746\" src=\"https:\/\/diariofemenino.com.ar\/df\/wp-content\/uploads\/2020\/03\/0001.jpg\" alt=\"M\u00fasicos y M\u00fasicas desaparecidos durante la \u00faltima dictadura c\u00edvica eclesi\u00e1stica militar\" width=\"629\" height=\"719\" srcset=\"https:\/\/diariofemenino.com.ar\/df\/wp-content\/uploads\/2020\/03\/0001.jpg 629w, https:\/\/diariofemenino.com.ar\/df\/wp-content\/uploads\/2020\/03\/0001-262x300.jpg 262w\" sizes=\"auto, (max-width: 629px) 100vw, 629px\" \/><figcaption id=\"caption-attachment-47746\" class=\"wp-caption-text\">M\u00fasicos y M\u00fasicas desaparecidos durante la \u00faltima dictadura c\u00edvica eclesi\u00e1stica militar<\/figcaption><\/figure><\/td>\n<\/tr>\n<tr>\n<td width=\"566\">\n<p><figure id=\"attachment_47745\" aria-describedby=\"caption-attachment-47745\" style=\"width: 609px\" class=\"wp-caption alignnone\"><img loading=\"lazy\" decoding=\"async\" class=\"size-full wp-image-47745\" src=\"https:\/\/diariofemenino.com.ar\/df\/wp-content\/uploads\/2020\/03\/0002.jpg\" alt=\"M\u00fasicos y M\u00fasicas desaparecidos durante la \u00faltima dictadura c\u00edvica eclesi\u00e1stica militar\" width=\"609\" height=\"877\" srcset=\"https:\/\/diariofemenino.com.ar\/df\/wp-content\/uploads\/2020\/03\/0002.jpg 609w, https:\/\/diariofemenino.com.ar\/df\/wp-content\/uploads\/2020\/03\/0002-208x300.jpg 208w\" sizes=\"auto, (max-width: 609px) 100vw, 609px\" \/><figcaption id=\"caption-attachment-47745\" class=\"wp-caption-text\">M\u00fasicos y M\u00fasicas desaparecidos durante la \u00faltima dictadura c\u00edvica eclesi\u00e1stica militar<\/figcaption><\/figure><\/td>\n<\/tr>\n<tr>\n<td width=\"566\"><img loading=\"lazy\" decoding=\"async\" class=\"alignnone size-full wp-image-47744\" src=\"https:\/\/diariofemenino.com.ar\/df\/wp-content\/uploads\/2020\/03\/0003.jpg\" alt=\"\" width=\"615\" height=\"977\" srcset=\"https:\/\/diariofemenino.com.ar\/df\/wp-content\/uploads\/2020\/03\/0003.jpg 615w, https:\/\/diariofemenino.com.ar\/df\/wp-content\/uploads\/2020\/03\/0003-189x300.jpg 189w\" sizes=\"auto, (max-width: 615px) 100vw, 615px\" \/><\/td>\n<\/tr>\n<tr>\n<td width=\"566\"><img loading=\"lazy\" decoding=\"async\" class=\"alignnone size-full wp-image-47750\" src=\"https:\/\/diariofemenino.com.ar\/df\/wp-content\/uploads\/2020\/03\/0004.jpg\" alt=\"\" width=\"605\" height=\"935\" srcset=\"https:\/\/diariofemenino.com.ar\/df\/wp-content\/uploads\/2020\/03\/0004.jpg 605w, https:\/\/diariofemenino.com.ar\/df\/wp-content\/uploads\/2020\/03\/0004-194x300.jpg 194w\" sizes=\"auto, (max-width: 605px) 100vw, 605px\" \/><\/td>\n<\/tr>\n<tr>\n<td width=\"566\"><img loading=\"lazy\" decoding=\"async\" class=\"alignnone size-full wp-image-47749\" src=\"https:\/\/diariofemenino.com.ar\/df\/wp-content\/uploads\/2020\/03\/0005.jpg\" alt=\"\" width=\"607\" height=\"1013\" srcset=\"https:\/\/diariofemenino.com.ar\/df\/wp-content\/uploads\/2020\/03\/0005.jpg 607w, https:\/\/diariofemenino.com.ar\/df\/wp-content\/uploads\/2020\/03\/0005-180x300.jpg 180w\" sizes=\"auto, (max-width: 607px) 100vw, 607px\" \/><\/td>\n<\/tr>\n<tr>\n<td width=\"566\"><img loading=\"lazy\" decoding=\"async\" class=\"alignnone size-full wp-image-47748\" src=\"https:\/\/diariofemenino.com.ar\/df\/wp-content\/uploads\/2020\/03\/0006.jpg\" alt=\"\" width=\"611\" height=\"749\" srcset=\"https:\/\/diariofemenino.com.ar\/df\/wp-content\/uploads\/2020\/03\/0006.jpg 611w, https:\/\/diariofemenino.com.ar\/df\/wp-content\/uploads\/2020\/03\/0006-245x300.jpg 245w\" sizes=\"auto, (max-width: 611px) 100vw, 611px\" \/><\/td>\n<\/tr>\n<tr>\n<td width=\"566\"><img loading=\"lazy\" decoding=\"async\" class=\"alignnone size-full wp-image-47747\" src=\"https:\/\/diariofemenino.com.ar\/df\/wp-content\/uploads\/2020\/03\/0007.jpg\" alt=\"\" width=\"610\" height=\"926\" srcset=\"https:\/\/diariofemenino.com.ar\/df\/wp-content\/uploads\/2020\/03\/0007.jpg 610w, https:\/\/diariofemenino.com.ar\/df\/wp-content\/uploads\/2020\/03\/0007-198x300.jpg 198w\" sizes=\"auto, (max-width: 610px) 100vw, 610px\" \/><\/td>\n<\/tr>\n<tr>\n<td width=\"566\">\n<p><figure id=\"attachment_47755\" aria-describedby=\"caption-attachment-47755\" style=\"width: 607px\" class=\"wp-caption alignnone\"><img loading=\"lazy\" decoding=\"async\" class=\"size-full wp-image-47755\" src=\"https:\/\/diariofemenino.com.ar\/df\/wp-content\/uploads\/2020\/03\/0008.jpg\" alt=\"M\u00fasicos y M\u00fasicas desaparecidos durante la \u00faltima dictadura c\u00edvica eclesi\u00e1stica militar\" width=\"607\" height=\"939\" srcset=\"https:\/\/diariofemenino.com.ar\/df\/wp-content\/uploads\/2020\/03\/0008.jpg 607w, https:\/\/diariofemenino.com.ar\/df\/wp-content\/uploads\/2020\/03\/0008-194x300.jpg 194w\" sizes=\"auto, (max-width: 607px) 100vw, 607px\" \/><figcaption id=\"caption-attachment-47755\" class=\"wp-caption-text\">M\u00fasicos y M\u00fasicas desaparecidos durante la \u00faltima dictadura c\u00edvica eclesi\u00e1stica militar<\/figcaption><\/figure><\/td>\n<\/tr>\n<tr>\n<td width=\"566\"><img loading=\"lazy\" decoding=\"async\" class=\"alignnone size-full wp-image-47754\" src=\"https:\/\/diariofemenino.com.ar\/df\/wp-content\/uploads\/2020\/03\/0009.jpg\" alt=\"\" width=\"613\" height=\"881\" srcset=\"https:\/\/diariofemenino.com.ar\/df\/wp-content\/uploads\/2020\/03\/0009.jpg 613w, https:\/\/diariofemenino.com.ar\/df\/wp-content\/uploads\/2020\/03\/0009-209x300.jpg 209w\" sizes=\"auto, (max-width: 613px) 100vw, 613px\" \/><\/td>\n<\/tr>\n<tr>\n<td width=\"566\">\n<p><figure id=\"attachment_47753\" aria-describedby=\"caption-attachment-47753\" style=\"width: 609px\" class=\"wp-caption alignnone\"><img loading=\"lazy\" decoding=\"async\" class=\"size-full wp-image-47753\" src=\"https:\/\/diariofemenino.com.ar\/df\/wp-content\/uploads\/2020\/03\/0010.jpg\" alt=\"M\u00fasicos y M\u00fasicas desaparecidos durante la \u00faltima dictadura c\u00edvica eclesi\u00e1stica militar\" width=\"609\" height=\"887\" srcset=\"https:\/\/diariofemenino.com.ar\/df\/wp-content\/uploads\/2020\/03\/0010.jpg 609w, https:\/\/diariofemenino.com.ar\/df\/wp-content\/uploads\/2020\/03\/0010-206x300.jpg 206w\" sizes=\"auto, (max-width: 609px) 100vw, 609px\" \/><figcaption id=\"caption-attachment-47753\" class=\"wp-caption-text\">M\u00fasicos y M\u00fasicas desaparecidos durante la \u00faltima dictadura c\u00edvica eclesi\u00e1stica militar<\/figcaption><\/figure><\/td>\n<\/tr>\n<tr>\n<td width=\"566\"><img loading=\"lazy\" decoding=\"async\" class=\"alignnone size-full wp-image-47752\" src=\"https:\/\/diariofemenino.com.ar\/df\/wp-content\/uploads\/2020\/03\/0011.jpg\" alt=\"\" width=\"611\" height=\"967\" srcset=\"https:\/\/diariofemenino.com.ar\/df\/wp-content\/uploads\/2020\/03\/0011.jpg 611w, https:\/\/diariofemenino.com.ar\/df\/wp-content\/uploads\/2020\/03\/0011-190x300.jpg 190w\" sizes=\"auto, (max-width: 611px) 100vw, 611px\" \/><\/td>\n<\/tr>\n<tr>\n<td width=\"566\"><img loading=\"lazy\" decoding=\"async\" class=\"alignnone size-full wp-image-47751\" src=\"https:\/\/diariofemenino.com.ar\/df\/wp-content\/uploads\/2020\/03\/0012.jpg\" alt=\"\" width=\"609\" height=\"945\" srcset=\"https:\/\/diariofemenino.com.ar\/df\/wp-content\/uploads\/2020\/03\/0012.jpg 609w, https:\/\/diariofemenino.com.ar\/df\/wp-content\/uploads\/2020\/03\/0012-193x300.jpg 193w\" sizes=\"auto, (max-width: 609px) 100vw, 609px\" \/><\/td>\n<\/tr>\n<tr>\n<td width=\"566\"><img loading=\"lazy\" decoding=\"async\" class=\"alignnone size-full wp-image-47756\" src=\"https:\/\/diariofemenino.com.ar\/df\/wp-content\/uploads\/2020\/03\/0015.jpg\" alt=\"\" width=\"609\" height=\"927\" srcset=\"https:\/\/diariofemenino.com.ar\/df\/wp-content\/uploads\/2020\/03\/0015.jpg 609w, https:\/\/diariofemenino.com.ar\/df\/wp-content\/uploads\/2020\/03\/0015-197x300.jpg 197w\" sizes=\"auto, (max-width: 609px) 100vw, 609px\" \/> <img loading=\"lazy\" decoding=\"async\" class=\"alignnone size-large wp-image-47757\" src=\"https:\/\/diariofemenino.com.ar\/df\/wp-content\/uploads\/2020\/03\/0014.jpg\" alt=\"\" width=\"611\" height=\"875\" srcset=\"https:\/\/diariofemenino.com.ar\/df\/wp-content\/uploads\/2020\/03\/0014.jpg 611w, https:\/\/diariofemenino.com.ar\/df\/wp-content\/uploads\/2020\/03\/0014-209x300.jpg 209w\" sizes=\"auto, (max-width: 611px) 100vw, 611px\" \/><\/p>\n<p><figure id=\"attachment_47758\" aria-describedby=\"caption-attachment-47758\" style=\"width: 611px\" class=\"wp-caption alignnone\"><img loading=\"lazy\" decoding=\"async\" class=\"size-full wp-image-47758\" src=\"https:\/\/diariofemenino.com.ar\/df\/wp-content\/uploads\/2020\/03\/0013.jpg\" alt=\"M\u00fasicos y M\u00fasicas desaparecidos durante la \u00faltima dictadura c\u00edvica eclesi\u00e1stica militar\" width=\"611\" height=\"895\" srcset=\"https:\/\/diariofemenino.com.ar\/df\/wp-content\/uploads\/2020\/03\/0013.jpg 611w, https:\/\/diariofemenino.com.ar\/df\/wp-content\/uploads\/2020\/03\/0013-205x300.jpg 205w\" sizes=\"auto, (max-width: 611px) 100vw, 611px\" \/><figcaption id=\"caption-attachment-47758\" class=\"wp-caption-text\">M\u00fasicos y M\u00fasicas desaparecidos durante la \u00faltima dictadura c\u00edvica eclesi\u00e1stica militar<\/figcaption><\/figure><\/td>\n<\/tr>\n<tr>\n<td width=\"566\"><img loading=\"lazy\" decoding=\"async\" class=\"alignnone size-full wp-image-47757\" src=\"https:\/\/diariofemenino.com.ar\/df\/wp-content\/uploads\/2020\/03\/0014.jpg\" alt=\"\" width=\"611\" height=\"875\" srcset=\"https:\/\/diariofemenino.com.ar\/df\/wp-content\/uploads\/2020\/03\/0014.jpg 611w, https:\/\/diariofemenino.com.ar\/df\/wp-content\/uploads\/2020\/03\/0014-209x300.jpg 209w\" sizes=\"auto, (max-width: 611px) 100vw, 611px\" \/><\/td>\n<\/tr>\n<tr>\n<td width=\"566\"><img loading=\"lazy\" decoding=\"async\" class=\"alignnone size-full wp-image-47756\" src=\"https:\/\/diariofemenino.com.ar\/df\/wp-content\/uploads\/2020\/03\/0015.jpg\" alt=\"\" width=\"609\" height=\"927\" srcset=\"https:\/\/diariofemenino.com.ar\/df\/wp-content\/uploads\/2020\/03\/0015.jpg 609w, https:\/\/diariofemenino.com.ar\/df\/wp-content\/uploads\/2020\/03\/0015-197x300.jpg 197w\" sizes=\"auto, (max-width: 609px) 100vw, 609px\" \/><\/td>\n<\/tr>\n<tr>\n<td width=\"566\"><\/td>\n<\/tr>\n<\/tbody>\n<\/table>\n<p>*Es cantautora y guitarrista nacida en Buenos Aires, desde hace m\u00e1s de veinte a\u00f1os viene trabajando y recorriendo la escena local del circuito musical.<\/p>\n<p>Dentro de su discograf\u00eda, la cual ha incluido siempre sus letras y composiciones figuran: <strong><em>\u201cAh\u00ed estoy, ah\u00ed me voy\u201d<\/em><\/strong> (2005), <strong><em>\u201cIncierto Destino\u201d<\/em><\/strong> (2008) y finalmente <strong><em>\u201cVida real\u201d<\/em><\/strong>(2016), CD que cont\u00f3 con el apoyo del Fondo Nacional de las Artes, realizado con la producci\u00f3n art\u00edstica de Daniel Maza y que adem\u00e1s de su presencia en el Bajo y la de Leandro Marquesano en Teclados, cuenta con m\u00fasicos de la calidad de Franco Luciani en Arm\u00f3nica, Fabi\u00e1n Miodownik en Bater\u00eda, Patricia \u00abpiojo\u00bb Zappia en Coros, Gabriel Juncos en Flauta, Mariano Delgado en Guitarras, V\u00edctor Carri\u00f3n en Saxo, Mart\u00edn Morales Guitarra y percusi\u00f3n, Nicol\u00e1s Rossi en Violonchelo.<\/p>\n<p>En la actualidad Mariela est\u00e1 componiendo y arreglando canciones para su pr\u00f3ximo CD, mientras comienza una nueva etapa present\u00e1ndose en diversos puntos del pa\u00eds.<\/p>\n<p>&nbsp;<\/p>\n<p><a href=\"https:\/\/diariofemenino.com.ar\/category\/genero-y-derechos-humanos\/\">G\u00e9nero y Derechos Humanos<\/a><br \/>\n<a href=\"https:\/\/diariofemenino.com.ar\/\">Diario Digital Femenino<\/a><\/p>\n","protected":false},"excerpt":{"rendered":"<p>Mariela Milstein* realiz\u00f3 una investigaci\u00f3n con el objetivo de \u201cvisibilizar a las y los desaparecidos\u201d,\u00a0durante la \u00faltima dictadura c\u00edvica eclesi\u00e1stica militar en Argentina. En di\u00e1logo con Diario Digital Femenino, cont\u00f3 que tambi\u00e9n la realiz\u00f3 \u201ccon el criterio de incluir a profesionales de la m\u00fasica y docentes, como as\u00ed tambi\u00e9n a quienes su entorno consideren m\u00fasicos [&hellip;]<\/p>\n","protected":false},"author":4,"featured_media":47744,"comment_status":"open","ping_status":"open","sticky":false,"template":"","format":"standard","meta":{"iawp_total_views":2648,"footnotes":""},"categories":[7,627,182,6],"tags":[3021,3022,3023,3020],"class_list":["post-47740","post","type-post","status-publish","format-standard","has-post-thumbnail","hentry","category-actividades","category-genero-y-derechos-humanos","category-informes","category-articulos","tag-desaparecidos-as","tag-dictadura-civica-eclesiastica-militar","tag-mariela-milstein","tag-musicos-y-musicas"],"nelio_content":{"autoShareEndMode":"never","automationSources":{"useCustomSentences":false,"customSentences":[]},"efiAlt":"","efiUrl":"","followers":[4],"highlights":[],"isAutoShareEnabled":true,"networkImageIds":[],"permalinkQueryArgs":[],"series":[],"suggestedReferences":[]},"yoast_head":"<!-- This site is optimized with the Yoast SEO plugin v27.5 - https:\/\/yoast.com\/product\/yoast-seo-wordpress\/ -->\n<title>M\u00fasicos y M\u00fasicas desaparecidos durante la \u00faltima dictadura c\u00edvica eclesi\u00e1stica militar - Diario Digital Femenino<\/title>\n<meta name=\"description\" content=\"M\u00fasicos y M\u00fasicas desaparecidos. Mariela Milstein* realiz\u00f3 una investigaci\u00f3n con el objetivo de \u201cvisibilizar a las y los desaparecidos\u201d\" \/>\n<meta name=\"robots\" content=\"index, follow, max-snippet:-1, max-image-preview:large, max-video-preview:-1\" \/>\n<link rel=\"canonical\" href=\"https:\/\/diariofemenino.com.ar\/df\/musicos-y-musicas-desaparecidos-durante-la-ultima-dictadura-civica-eclesiastica-militar\/\" \/>\n<meta property=\"og:locale\" content=\"es_ES\" \/>\n<meta property=\"og:type\" content=\"article\" \/>\n<meta property=\"og:title\" content=\"M\u00fasicos y M\u00fasicas desaparecidos durante la \u00faltima dictadura c\u00edvica eclesi\u00e1stica militar - Diario Digital Femenino\" \/>\n<meta property=\"og:description\" content=\"M\u00fasicos y M\u00fasicas desaparecidos. Mariela Milstein* realiz\u00f3 una investigaci\u00f3n con el objetivo de \u201cvisibilizar a las y los desaparecidos\u201d\" \/>\n<meta property=\"og:url\" content=\"https:\/\/diariofemenino.com.ar\/df\/musicos-y-musicas-desaparecidos-durante-la-ultima-dictadura-civica-eclesiastica-militar\/\" \/>\n<meta property=\"og:site_name\" content=\"Diario Digital Femenino\" \/>\n<meta property=\"article:publisher\" content=\"https:\/\/www.facebook.com\/DiarioDigitaFemenino\/\" \/>\n<meta property=\"article:published_time\" content=\"2020-03-29T12:34:24+00:00\" \/>\n<meta property=\"article:modified_time\" content=\"2020-03-29T12:57:12+00:00\" \/>\n<meta property=\"og:image\" content=\"https:\/\/diariofemenino.com.ar\/df\/wp-content\/uploads\/2020\/03\/0003.jpg\" \/>\n\t<meta property=\"og:image:width\" content=\"615\" \/>\n\t<meta property=\"og:image:height\" content=\"977\" \/>\n\t<meta property=\"og:image:type\" content=\"image\/jpeg\" \/>\n<meta name=\"author\" content=\"Admin\" \/>\n<meta name=\"twitter:card\" content=\"summary_large_image\" \/>\n<meta name=\"twitter:creator\" content=\"@DiarioFemenino1\" \/>\n<meta name=\"twitter:site\" content=\"@DiarioFemenino1\" \/>\n<meta name=\"twitter:label1\" content=\"Escrito por\" \/>\n\t<meta name=\"twitter:data1\" content=\"Admin\" \/>\n\t<meta name=\"twitter:label2\" content=\"Tiempo de lectura\" \/>\n\t<meta name=\"twitter:data2\" content=\"3 minutos\" \/>\n<script type=\"application\/ld+json\" class=\"yoast-schema-graph\">{\"@context\":\"https:\\\/\\\/schema.org\",\"@graph\":[{\"@type\":\"Article\",\"@id\":\"https:\\\/\\\/diariofemenino.com.ar\\\/df\\\/musicos-y-musicas-desaparecidos-durante-la-ultima-dictadura-civica-eclesiastica-militar\\\/#article\",\"isPartOf\":{\"@id\":\"https:\\\/\\\/diariofemenino.com.ar\\\/df\\\/musicos-y-musicas-desaparecidos-durante-la-ultima-dictadura-civica-eclesiastica-militar\\\/\"},\"author\":{\"name\":\"Admin\",\"@id\":\"https:\\\/\\\/diariofemenino.com.ar\\\/df\\\/#\\\/schema\\\/person\\\/bf6199e8158c657ea6f789b11ec85509\"},\"headline\":\"M\u00fasicos y M\u00fasicas desaparecidos durante la \u00faltima dictadura c\u00edvica eclesi\u00e1stica militar\",\"datePublished\":\"2020-03-29T12:34:24+00:00\",\"dateModified\":\"2020-03-29T12:57:12+00:00\",\"mainEntityOfPage\":{\"@id\":\"https:\\\/\\\/diariofemenino.com.ar\\\/df\\\/musicos-y-musicas-desaparecidos-durante-la-ultima-dictadura-civica-eclesiastica-militar\\\/\"},\"wordCount\":714,\"commentCount\":0,\"publisher\":{\"@id\":\"https:\\\/\\\/diariofemenino.com.ar\\\/df\\\/#organization\"},\"image\":{\"@id\":\"https:\\\/\\\/diariofemenino.com.ar\\\/df\\\/musicos-y-musicas-desaparecidos-durante-la-ultima-dictadura-civica-eclesiastica-militar\\\/#primaryimage\"},\"thumbnailUrl\":\"https:\\\/\\\/diariofemenino.com.ar\\\/df\\\/wp-content\\\/uploads\\\/2020\\\/03\\\/0003.jpg\",\"keywords\":[\"Desaparecidos\\\/as\",\"Dictadura c\u00edvica eclesi\u00e1stica militar\",\"Mariela Milstein\",\"M\u00fasicos y M\u00fasicas\"],\"articleSection\":[\"Actividades\",\"G\u00e9nero y Derechos Humanos\",\"Informes\",\"Mujeres en Palabras\"],\"inLanguage\":\"es\",\"potentialAction\":[{\"@type\":\"CommentAction\",\"name\":\"Comment\",\"target\":[\"https:\\\/\\\/diariofemenino.com.ar\\\/df\\\/musicos-y-musicas-desaparecidos-durante-la-ultima-dictadura-civica-eclesiastica-militar\\\/#respond\"]}]},{\"@type\":\"WebPage\",\"@id\":\"https:\\\/\\\/diariofemenino.com.ar\\\/df\\\/musicos-y-musicas-desaparecidos-durante-la-ultima-dictadura-civica-eclesiastica-militar\\\/\",\"url\":\"https:\\\/\\\/diariofemenino.com.ar\\\/df\\\/musicos-y-musicas-desaparecidos-durante-la-ultima-dictadura-civica-eclesiastica-militar\\\/\",\"name\":\"M\u00fasicos y M\u00fasicas desaparecidos durante la \u00faltima dictadura c\u00edvica eclesi\u00e1stica militar - Diario Digital Femenino\",\"isPartOf\":{\"@id\":\"https:\\\/\\\/diariofemenino.com.ar\\\/df\\\/#website\"},\"primaryImageOfPage\":{\"@id\":\"https:\\\/\\\/diariofemenino.com.ar\\\/df\\\/musicos-y-musicas-desaparecidos-durante-la-ultima-dictadura-civica-eclesiastica-militar\\\/#primaryimage\"},\"image\":{\"@id\":\"https:\\\/\\\/diariofemenino.com.ar\\\/df\\\/musicos-y-musicas-desaparecidos-durante-la-ultima-dictadura-civica-eclesiastica-militar\\\/#primaryimage\"},\"thumbnailUrl\":\"https:\\\/\\\/diariofemenino.com.ar\\\/df\\\/wp-content\\\/uploads\\\/2020\\\/03\\\/0003.jpg\",\"datePublished\":\"2020-03-29T12:34:24+00:00\",\"dateModified\":\"2020-03-29T12:57:12+00:00\",\"description\":\"M\u00fasicos y M\u00fasicas desaparecidos. Mariela Milstein* realiz\u00f3 una investigaci\u00f3n con el objetivo de \u201cvisibilizar a las y los desaparecidos\u201d\",\"breadcrumb\":{\"@id\":\"https:\\\/\\\/diariofemenino.com.ar\\\/df\\\/musicos-y-musicas-desaparecidos-durante-la-ultima-dictadura-civica-eclesiastica-militar\\\/#breadcrumb\"},\"inLanguage\":\"es\",\"potentialAction\":[{\"@type\":\"ReadAction\",\"target\":[\"https:\\\/\\\/diariofemenino.com.ar\\\/df\\\/musicos-y-musicas-desaparecidos-durante-la-ultima-dictadura-civica-eclesiastica-militar\\\/\"]}]},{\"@type\":\"ImageObject\",\"inLanguage\":\"es\",\"@id\":\"https:\\\/\\\/diariofemenino.com.ar\\\/df\\\/musicos-y-musicas-desaparecidos-durante-la-ultima-dictadura-civica-eclesiastica-militar\\\/#primaryimage\",\"url\":\"https:\\\/\\\/diariofemenino.com.ar\\\/df\\\/wp-content\\\/uploads\\\/2020\\\/03\\\/0003.jpg\",\"contentUrl\":\"https:\\\/\\\/diariofemenino.com.ar\\\/df\\\/wp-content\\\/uploads\\\/2020\\\/03\\\/0003.jpg\",\"width\":615,\"height\":977,\"caption\":\"M\u00fasicos y M\u00fasicas desaparecidos durante la \u00faltima dictadura c\u00edvica eclesi\u00e1stica militar\"},{\"@type\":\"BreadcrumbList\",\"@id\":\"https:\\\/\\\/diariofemenino.com.ar\\\/df\\\/musicos-y-musicas-desaparecidos-durante-la-ultima-dictadura-civica-eclesiastica-militar\\\/#breadcrumb\",\"itemListElement\":[{\"@type\":\"ListItem\",\"position\":1,\"name\":\"Portada\",\"item\":\"https:\\\/\\\/diariofemenino.com.ar\\\/df\\\/\"},{\"@type\":\"ListItem\",\"position\":2,\"name\":\"M\u00fasicos y M\u00fasicas desaparecidos durante la \u00faltima dictadura c\u00edvica eclesi\u00e1stica militar\"}]},{\"@type\":\"WebSite\",\"@id\":\"https:\\\/\\\/diariofemenino.com.ar\\\/df\\\/#website\",\"url\":\"https:\\\/\\\/diariofemenino.com.ar\\\/df\\\/\",\"name\":\"Diario Digital Femenino\",\"description\":\"Cuesti\u00f3n de G\u00e9nero\",\"publisher\":{\"@id\":\"https:\\\/\\\/diariofemenino.com.ar\\\/df\\\/#organization\"},\"potentialAction\":[{\"@type\":\"SearchAction\",\"target\":{\"@type\":\"EntryPoint\",\"urlTemplate\":\"https:\\\/\\\/diariofemenino.com.ar\\\/df\\\/?s={search_term_string}\"},\"query-input\":{\"@type\":\"PropertyValueSpecification\",\"valueRequired\":true,\"valueName\":\"search_term_string\"}}],\"inLanguage\":\"es\"},{\"@type\":\"Organization\",\"@id\":\"https:\\\/\\\/diariofemenino.com.ar\\\/df\\\/#organization\",\"name\":\"Diario Femenino\",\"url\":\"https:\\\/\\\/diariofemenino.com.ar\\\/df\\\/\",\"logo\":{\"@type\":\"ImageObject\",\"inLanguage\":\"es\",\"@id\":\"https:\\\/\\\/diariofemenino.com.ar\\\/df\\\/#\\\/schema\\\/logo\\\/image\\\/\",\"url\":\"https:\\\/\\\/diariofemenino.com.ar\\\/df\\\/wp-content\\\/uploads\\\/2018\\\/10\\\/logo.png\",\"contentUrl\":\"https:\\\/\\\/diariofemenino.com.ar\\\/df\\\/wp-content\\\/uploads\\\/2018\\\/10\\\/logo.png\",\"width\":500,\"height\":92,\"caption\":\"Diario Femenino\"},\"image\":{\"@id\":\"https:\\\/\\\/diariofemenino.com.ar\\\/df\\\/#\\\/schema\\\/logo\\\/image\\\/\"},\"sameAs\":[\"https:\\\/\\\/www.facebook.com\\\/DiarioDigitaFemenino\\\/\",\"https:\\\/\\\/x.com\\\/DiarioFemenino1\"]},{\"@type\":\"Person\",\"@id\":\"https:\\\/\\\/diariofemenino.com.ar\\\/df\\\/#\\\/schema\\\/person\\\/bf6199e8158c657ea6f789b11ec85509\",\"name\":\"Admin\",\"image\":{\"@type\":\"ImageObject\",\"inLanguage\":\"es\",\"@id\":\"https:\\\/\\\/diariofemenino.com.ar\\\/df\\\/wp-content\\\/uploads\\\/2018\\\/12\\\/favicon-150x150.jpg\",\"url\":\"https:\\\/\\\/diariofemenino.com.ar\\\/df\\\/wp-content\\\/uploads\\\/2018\\\/12\\\/favicon-150x150.jpg\",\"contentUrl\":\"https:\\\/\\\/diariofemenino.com.ar\\\/df\\\/wp-content\\\/uploads\\\/2018\\\/12\\\/favicon-150x150.jpg\",\"caption\":\"Admin\"},\"url\":\"https:\\\/\\\/diariofemenino.com.ar\\\/df\\\/author\\\/lenny\\\/\"}]}<\/script>\n<!-- \/ Yoast SEO plugin. -->","yoast_head_json":{"title":"M\u00fasicos y M\u00fasicas desaparecidos durante la \u00faltima dictadura c\u00edvica eclesi\u00e1stica militar - Diario Digital Femenino","description":"M\u00fasicos y M\u00fasicas desaparecidos. Mariela Milstein* realiz\u00f3 una investigaci\u00f3n con el objetivo de \u201cvisibilizar a las y los desaparecidos\u201d","robots":{"index":"index","follow":"follow","max-snippet":"max-snippet:-1","max-image-preview":"max-image-preview:large","max-video-preview":"max-video-preview:-1"},"canonical":"https:\/\/diariofemenino.com.ar\/df\/musicos-y-musicas-desaparecidos-durante-la-ultima-dictadura-civica-eclesiastica-militar\/","og_locale":"es_ES","og_type":"article","og_title":"M\u00fasicos y M\u00fasicas desaparecidos durante la \u00faltima dictadura c\u00edvica eclesi\u00e1stica militar - Diario Digital Femenino","og_description":"M\u00fasicos y M\u00fasicas desaparecidos. Mariela Milstein* realiz\u00f3 una investigaci\u00f3n con el objetivo de \u201cvisibilizar a las y los desaparecidos\u201d","og_url":"https:\/\/diariofemenino.com.ar\/df\/musicos-y-musicas-desaparecidos-durante-la-ultima-dictadura-civica-eclesiastica-militar\/","og_site_name":"Diario Digital Femenino","article_publisher":"https:\/\/www.facebook.com\/DiarioDigitaFemenino\/","article_published_time":"2020-03-29T12:34:24+00:00","article_modified_time":"2020-03-29T12:57:12+00:00","og_image":[{"width":615,"height":977,"url":"https:\/\/diariofemenino.com.ar\/df\/wp-content\/uploads\/2020\/03\/0003.jpg","type":"image\/jpeg"}],"author":"Admin","twitter_card":"summary_large_image","twitter_creator":"@DiarioFemenino1","twitter_site":"@DiarioFemenino1","twitter_misc":{"Escrito por":"Admin","Tiempo de lectura":"3 minutos"},"schema":{"@context":"https:\/\/schema.org","@graph":[{"@type":"Article","@id":"https:\/\/diariofemenino.com.ar\/df\/musicos-y-musicas-desaparecidos-durante-la-ultima-dictadura-civica-eclesiastica-militar\/#article","isPartOf":{"@id":"https:\/\/diariofemenino.com.ar\/df\/musicos-y-musicas-desaparecidos-durante-la-ultima-dictadura-civica-eclesiastica-militar\/"},"author":{"name":"Admin","@id":"https:\/\/diariofemenino.com.ar\/df\/#\/schema\/person\/bf6199e8158c657ea6f789b11ec85509"},"headline":"M\u00fasicos y M\u00fasicas desaparecidos durante la \u00faltima dictadura c\u00edvica eclesi\u00e1stica militar","datePublished":"2020-03-29T12:34:24+00:00","dateModified":"2020-03-29T12:57:12+00:00","mainEntityOfPage":{"@id":"https:\/\/diariofemenino.com.ar\/df\/musicos-y-musicas-desaparecidos-durante-la-ultima-dictadura-civica-eclesiastica-militar\/"},"wordCount":714,"commentCount":0,"publisher":{"@id":"https:\/\/diariofemenino.com.ar\/df\/#organization"},"image":{"@id":"https:\/\/diariofemenino.com.ar\/df\/musicos-y-musicas-desaparecidos-durante-la-ultima-dictadura-civica-eclesiastica-militar\/#primaryimage"},"thumbnailUrl":"https:\/\/diariofemenino.com.ar\/df\/wp-content\/uploads\/2020\/03\/0003.jpg","keywords":["Desaparecidos\/as","Dictadura c\u00edvica eclesi\u00e1stica militar","Mariela Milstein","M\u00fasicos y M\u00fasicas"],"articleSection":["Actividades","G\u00e9nero y Derechos Humanos","Informes","Mujeres en Palabras"],"inLanguage":"es","potentialAction":[{"@type":"CommentAction","name":"Comment","target":["https:\/\/diariofemenino.com.ar\/df\/musicos-y-musicas-desaparecidos-durante-la-ultima-dictadura-civica-eclesiastica-militar\/#respond"]}]},{"@type":"WebPage","@id":"https:\/\/diariofemenino.com.ar\/df\/musicos-y-musicas-desaparecidos-durante-la-ultima-dictadura-civica-eclesiastica-militar\/","url":"https:\/\/diariofemenino.com.ar\/df\/musicos-y-musicas-desaparecidos-durante-la-ultima-dictadura-civica-eclesiastica-militar\/","name":"M\u00fasicos y M\u00fasicas desaparecidos durante la \u00faltima dictadura c\u00edvica eclesi\u00e1stica militar - Diario Digital Femenino","isPartOf":{"@id":"https:\/\/diariofemenino.com.ar\/df\/#website"},"primaryImageOfPage":{"@id":"https:\/\/diariofemenino.com.ar\/df\/musicos-y-musicas-desaparecidos-durante-la-ultima-dictadura-civica-eclesiastica-militar\/#primaryimage"},"image":{"@id":"https:\/\/diariofemenino.com.ar\/df\/musicos-y-musicas-desaparecidos-durante-la-ultima-dictadura-civica-eclesiastica-militar\/#primaryimage"},"thumbnailUrl":"https:\/\/diariofemenino.com.ar\/df\/wp-content\/uploads\/2020\/03\/0003.jpg","datePublished":"2020-03-29T12:34:24+00:00","dateModified":"2020-03-29T12:57:12+00:00","description":"M\u00fasicos y M\u00fasicas desaparecidos. Mariela Milstein* realiz\u00f3 una investigaci\u00f3n con el objetivo de \u201cvisibilizar a las y los desaparecidos\u201d","breadcrumb":{"@id":"https:\/\/diariofemenino.com.ar\/df\/musicos-y-musicas-desaparecidos-durante-la-ultima-dictadura-civica-eclesiastica-militar\/#breadcrumb"},"inLanguage":"es","potentialAction":[{"@type":"ReadAction","target":["https:\/\/diariofemenino.com.ar\/df\/musicos-y-musicas-desaparecidos-durante-la-ultima-dictadura-civica-eclesiastica-militar\/"]}]},{"@type":"ImageObject","inLanguage":"es","@id":"https:\/\/diariofemenino.com.ar\/df\/musicos-y-musicas-desaparecidos-durante-la-ultima-dictadura-civica-eclesiastica-militar\/#primaryimage","url":"https:\/\/diariofemenino.com.ar\/df\/wp-content\/uploads\/2020\/03\/0003.jpg","contentUrl":"https:\/\/diariofemenino.com.ar\/df\/wp-content\/uploads\/2020\/03\/0003.jpg","width":615,"height":977,"caption":"M\u00fasicos y M\u00fasicas desaparecidos durante la \u00faltima dictadura c\u00edvica eclesi\u00e1stica militar"},{"@type":"BreadcrumbList","@id":"https:\/\/diariofemenino.com.ar\/df\/musicos-y-musicas-desaparecidos-durante-la-ultima-dictadura-civica-eclesiastica-militar\/#breadcrumb","itemListElement":[{"@type":"ListItem","position":1,"name":"Portada","item":"https:\/\/diariofemenino.com.ar\/df\/"},{"@type":"ListItem","position":2,"name":"M\u00fasicos y M\u00fasicas desaparecidos durante la \u00faltima dictadura c\u00edvica eclesi\u00e1stica militar"}]},{"@type":"WebSite","@id":"https:\/\/diariofemenino.com.ar\/df\/#website","url":"https:\/\/diariofemenino.com.ar\/df\/","name":"Diario Digital Femenino","description":"Cuesti\u00f3n de G\u00e9nero","publisher":{"@id":"https:\/\/diariofemenino.com.ar\/df\/#organization"},"potentialAction":[{"@type":"SearchAction","target":{"@type":"EntryPoint","urlTemplate":"https:\/\/diariofemenino.com.ar\/df\/?s={search_term_string}"},"query-input":{"@type":"PropertyValueSpecification","valueRequired":true,"valueName":"search_term_string"}}],"inLanguage":"es"},{"@type":"Organization","@id":"https:\/\/diariofemenino.com.ar\/df\/#organization","name":"Diario Femenino","url":"https:\/\/diariofemenino.com.ar\/df\/","logo":{"@type":"ImageObject","inLanguage":"es","@id":"https:\/\/diariofemenino.com.ar\/df\/#\/schema\/logo\/image\/","url":"https:\/\/diariofemenino.com.ar\/df\/wp-content\/uploads\/2018\/10\/logo.png","contentUrl":"https:\/\/diariofemenino.com.ar\/df\/wp-content\/uploads\/2018\/10\/logo.png","width":500,"height":92,"caption":"Diario Femenino"},"image":{"@id":"https:\/\/diariofemenino.com.ar\/df\/#\/schema\/logo\/image\/"},"sameAs":["https:\/\/www.facebook.com\/DiarioDigitaFemenino\/","https:\/\/x.com\/DiarioFemenino1"]},{"@type":"Person","@id":"https:\/\/diariofemenino.com.ar\/df\/#\/schema\/person\/bf6199e8158c657ea6f789b11ec85509","name":"Admin","image":{"@type":"ImageObject","inLanguage":"es","@id":"https:\/\/diariofemenino.com.ar\/df\/wp-content\/uploads\/2018\/12\/favicon-150x150.jpg","url":"https:\/\/diariofemenino.com.ar\/df\/wp-content\/uploads\/2018\/12\/favicon-150x150.jpg","contentUrl":"https:\/\/diariofemenino.com.ar\/df\/wp-content\/uploads\/2018\/12\/favicon-150x150.jpg","caption":"Admin"},"url":"https:\/\/diariofemenino.com.ar\/df\/author\/lenny\/"}]}},"jetpack_featured_media_url":"https:\/\/diariofemenino.com.ar\/df\/wp-content\/uploads\/2020\/03\/0003.jpg","jetpack_sharing_enabled":true,"rttpg_featured_image_url":{"full":["https:\/\/diariofemenino.com.ar\/df\/wp-content\/uploads\/2020\/03\/0003.jpg",615,977,false],"landscape":["https:\/\/diariofemenino.com.ar\/df\/wp-content\/uploads\/2020\/03\/0003.jpg",615,977,false],"portraits":["https:\/\/diariofemenino.com.ar\/df\/wp-content\/uploads\/2020\/03\/0003.jpg",615,977,false],"thumbnail":["https:\/\/diariofemenino.com.ar\/df\/wp-content\/uploads\/2020\/03\/0003-150x150.jpg",150,150,true],"medium":["https:\/\/diariofemenino.com.ar\/df\/wp-content\/uploads\/2020\/03\/0003-189x300.jpg",189,300,true],"large":["https:\/\/diariofemenino.com.ar\/df\/wp-content\/uploads\/2020\/03\/0003.jpg",615,977,false],"1536x1536":["https:\/\/diariofemenino.com.ar\/df\/wp-content\/uploads\/2020\/03\/0003.jpg",615,977,false],"2048x2048":["https:\/\/diariofemenino.com.ar\/df\/wp-content\/uploads\/2020\/03\/0003.jpg",615,977,false]},"rttpg_author":{"display_name":"Admin","author_link":"https:\/\/diariofemenino.com.ar\/df\/author\/lenny\/"},"rttpg_comment":0,"rttpg_category":"<a href=\"https:\/\/diariofemenino.com.ar\/df\/category\/actividades\/\" rel=\"category tag\">Actividades<\/a> <a href=\"https:\/\/diariofemenino.com.ar\/df\/category\/genero-y-derechos-humanos\/\" rel=\"category tag\">G\u00e9nero y Derechos Humanos<\/a> <a href=\"https:\/\/diariofemenino.com.ar\/df\/category\/informes\/\" rel=\"category tag\">Informes<\/a> <a href=\"https:\/\/diariofemenino.com.ar\/df\/category\/articulos\/\" rel=\"category tag\">Mujeres en Palabras<\/a>","rttpg_excerpt":"Mariela Milstein* realiz\u00f3 una investigaci\u00f3n con el objetivo de \u201cvisibilizar a las y los desaparecidos\u201d,\u00a0durante la \u00faltima dictadura c\u00edvica eclesi\u00e1stica militar en Argentina. En di\u00e1logo con Diario Digital Femenino, cont\u00f3 que tambi\u00e9n la realiz\u00f3 \u201ccon el criterio de incluir a profesionales de la m\u00fasica y docentes, como as\u00ed tambi\u00e9n a quienes su entorno consideren m\u00fasicos&hellip;","_links":{"self":[{"href":"https:\/\/diariofemenino.com.ar\/df\/wp-json\/wp\/v2\/posts\/47740","targetHints":{"allow":["GET"]}}],"collection":[{"href":"https:\/\/diariofemenino.com.ar\/df\/wp-json\/wp\/v2\/posts"}],"about":[{"href":"https:\/\/diariofemenino.com.ar\/df\/wp-json\/wp\/v2\/types\/post"}],"author":[{"embeddable":true,"href":"https:\/\/diariofemenino.com.ar\/df\/wp-json\/wp\/v2\/users\/4"}],"replies":[{"embeddable":true,"href":"https:\/\/diariofemenino.com.ar\/df\/wp-json\/wp\/v2\/comments?post=47740"}],"version-history":[{"count":0,"href":"https:\/\/diariofemenino.com.ar\/df\/wp-json\/wp\/v2\/posts\/47740\/revisions"}],"wp:featuredmedia":[{"embeddable":true,"href":"https:\/\/diariofemenino.com.ar\/df\/wp-json\/wp\/v2\/media\/47744"}],"wp:attachment":[{"href":"https:\/\/diariofemenino.com.ar\/df\/wp-json\/wp\/v2\/media?parent=47740"}],"wp:term":[{"taxonomy":"category","embeddable":true,"href":"https:\/\/diariofemenino.com.ar\/df\/wp-json\/wp\/v2\/categories?post=47740"},{"taxonomy":"post_tag","embeddable":true,"href":"https:\/\/diariofemenino.com.ar\/df\/wp-json\/wp\/v2\/tags?post=47740"}],"curies":[{"name":"wp","href":"https:\/\/api.w.org\/{rel}","templated":true}]}}