{"id":47068,"date":"2020-03-01T19:43:51","date_gmt":"2020-03-01T22:43:51","guid":{"rendered":"https:\/\/diariofemenino.com.ar\/?p=47068"},"modified":"2020-03-01T20:20:24","modified_gmt":"2020-03-01T23:20:24","slug":"malena-galmarini","status":"publish","type":"post","link":"https:\/\/diariofemenino.com.ar\/df\/malena-galmarini\/","title":{"rendered":"Malena Galmarini luego del discurso de Alberto Fern\u00e1ndez en la Asamblea Legislativa"},"content":{"rendered":"<p>MALENA GALMARINI LUEGO DEL DISCURSO DE ALBERTO FERNANDEZ EN LA ASAMBLEA LEGISLATIVA<\/p>\n<p>Consultada por la prensa que asisti\u00f3 al lugar, la titular de <a href=\"https:\/\/www.aysa.com.ar\/\">AySA<\/a>, Malena Galmarini respondi\u00f3 a la gran cantidad de medios que requer\u00edan su palabra.<\/p>\n<figure id=\"attachment_47080\" aria-describedby=\"caption-attachment-47080\" style=\"width: 489px\" class=\"wp-caption aligncenter\"><img loading=\"lazy\" decoding=\"async\" class=\" wp-image-47080\" src=\"https:\/\/diariofemenino.com.ar\/df\/wp-content\/uploads\/2020\/03\/WhatsApp-Image-2020-03-01-at-19.18.18.jpeg\" alt=\"Malena Galmarini luego del discurso de Alberto Fern\u00e1ndez en la Asamblea Legislativa\" width=\"489\" height=\"367\" srcset=\"https:\/\/diariofemenino.com.ar\/df\/wp-content\/uploads\/2020\/03\/WhatsApp-Image-2020-03-01-at-19.18.18.jpeg 1280w, https:\/\/diariofemenino.com.ar\/df\/wp-content\/uploads\/2020\/03\/WhatsApp-Image-2020-03-01-at-19.18.18-300x225.jpeg 300w, https:\/\/diariofemenino.com.ar\/df\/wp-content\/uploads\/2020\/03\/WhatsApp-Image-2020-03-01-at-19.18.18-768x576.jpeg 768w, https:\/\/diariofemenino.com.ar\/df\/wp-content\/uploads\/2020\/03\/WhatsApp-Image-2020-03-01-at-19.18.18-1024x768.jpeg 1024w\" sizes=\"auto, (max-width: 489px) 100vw, 489px\" \/><figcaption id=\"caption-attachment-47080\" class=\"wp-caption-text\">Malena Galmarini luego del discurso de Alberto Fern\u00e1ndez en la Asamblea Legislativa<\/figcaption><\/figure>\n<p>En ese sentido, sobre el discurso del presidente de la Naci\u00f3n donde se la vio muy emocionada,\u00a0 expres\u00f3,\u00bbViv\u00ed todo con mucha emoci\u00f3n y admiraci\u00f3n por Alberto Fern\u00e1ndez, \u00e9l puede comprender la realidad de las mujeres en Argentina. Debemos comprender que va a a ser la primera vez que el Poder Ejecutivo env\u00ede un proyecto de estas caracter\u00edsticas. Hoy tenemos la responsabilidad de encontrar los consensos para que el proyecto finalmente sea ley.\u00bb<\/p>\n<figure id=\"attachment_47083\" aria-describedby=\"caption-attachment-47083\" style=\"width: 559px\" class=\"wp-caption alignnone\"><img loading=\"lazy\" decoding=\"async\" class=\" wp-image-47083\" src=\"https:\/\/diariofemenino.com.ar\/df\/wp-content\/uploads\/2020\/03\/WhatsApp-Image-2020-03-01-at-19.20.58-1.jpeg\" alt=\"\" width=\"559\" height=\"745\" srcset=\"https:\/\/diariofemenino.com.ar\/df\/wp-content\/uploads\/2020\/03\/WhatsApp-Image-2020-03-01-at-19.20.58-1.jpeg 768w, https:\/\/diariofemenino.com.ar\/df\/wp-content\/uploads\/2020\/03\/WhatsApp-Image-2020-03-01-at-19.20.58-1-225x300.jpeg 225w\" sizes=\"auto, (max-width: 559px) 100vw, 559px\" \/><figcaption id=\"caption-attachment-47083\" class=\"wp-caption-text\">Malena Galmarini luego del discurso de Alberto Fern\u00e1ndez en la Asamblea Legislativa<\/figcaption><\/figure>\n<p>Los medios presentes aprovecharon para profundizar en todos los temas en agenda que competen a su gesti\u00f3n, as\u00ed respondi\u00f3 sobre Obra p\u00fablica, la gesti\u00f3n del Gobierno nacional y uno de los temas m\u00e1s preocupantes en la actualidad, las tarifas<\/p>\n<p><strong>OBRA PUBLICA<\/strong><\/p>\n<p>Sobre la Obra p\u00fablica explic\u00f3 como lo viene haciendo desde el inicio de su gesti\u00f3n,\u00a0 \u00abla obra p\u00fablica es la mayor \u00e1rea econ\u00f3mica que puede poner en marcha la econom\u00eda de la Argentina. La obra p\u00fablica tiene que ser central de manera transparente y eficiente, determinando c\u00f3mo y con quienes es la mejor forma de hacerlo.\u00bb<\/p>\n<p><strong>GOBIERNO<\/strong><\/p>\n<p>Sobre la acciones del ejecutivo nacional la funcionaria volvi\u00f3 a manifestar su confianza en la gesti\u00f3n y sobre todo en la figura del Presidente de la Naci\u00f3n, Alberto Fern\u00e1ndez, al respecto puntualiz\u00f3, \u00abcuando escucho a nuestro presidente con los conceptos tan claros, y con las prioridades tan puestas en el coraz\u00f3n de los argentinos, la verdad es que me voy cada vez m\u00e1s contenta de ser parte de este gobierno, de este Frente de Todos.\u00bb<\/p>\n<p><strong>TARIFAS<\/strong><\/p>\n<p>Sobre el controvertido y preocupante tema de las tarifas, expres\u00f3\u00a0\u00abHay que esperar 180 d\u00edas que dispuso el presidente para cuidar las econom\u00edas familiares. Si bien el incremento de la tarifa de agua fue muy fuerte en 2018, luego en relaci\u00f3n a las tarifas de energ\u00edas el\u00e9ctricas, peajes y a las tarifas vinculadas a las empresas amigas de aquel entonces, las de agua quedaron muy retrasadas. Hoy hay que recomponer el trabajo de las familias para poner a las Argentina, y luego discutiremos un cuadro de tarifas lo m\u00e1s progresivo posible, donde quienes podamos paguemos y lo que menos tienen paguen menos.\u00bb finaliz\u00f3<\/p>\n<hr \/>\n<p><strong>Malena Galmarini<\/strong><\/p>\n<p>Polit\u00f3loga argentina, fue concejal y secretaria de Pol\u00edtica Sanitaria del\u00a0partido de Tigre\u00a0entre 2008 y 2019. Actualmente se desempe\u00f1a como\u00a0Diputada de la Provincia de Buenos Aires\u00a0y actual presidenta de\u00a0<a title=\"Agua y Saneamientos Argentinos\" href=\"https:\/\/es.wikipedia.org\/wiki\/Agua_y_Saneamientos_Argentinos\">Agua y Saneamientos Argentinos<\/a><\/p>\n<p>Malena Galmarini naci\u00f3 en San Isidro en 1975, hija de Marcela Durrieu y Fernando Galmarini, esposa del exjefe de Gabinete\u00a0Sergio Massa\u00a0y hermana de\u00a0Sebasti\u00e1n\u00a0Galmarini (pol\u00edtico del partido de San Isidro) y\u00a0Mart\u00edn Galmarini\u00a0(futbolista que se desempe\u00f1a en el club Tigre de la primera divisi\u00f3n de Argentina). Realiz\u00f3 los primeros a\u00f1os de la carrera de Medicina pero finalmente se recibi\u00f3 de licenciada en Ciencias Pol\u00edticas. A los 18 a\u00f1os se afili\u00f3 al Partido Justicialista.\u00a0<sup id=\"cite_ref-1\" class=\"reference separada\"><\/sup>A principios de 1998 fue designada subdirectora de la Juventud dentro del Ministerio de Salud y Acci\u00f3n Social de la Naci\u00f3n Argentina.<sup id=\"cite_ref-4\" class=\"reference separada\"><\/sup>\u00a0Conoci\u00f3 a\u00a0Sergio Massa\u00a0cuando ten\u00eda 21 a\u00f1os, en abril de 1996.\u00a0<sup id=\"cite_ref-5\" class=\"reference separada\"><\/sup>Fue concejal del partido de Tigre (2009-2019) y secretaria de Pol\u00edtica Sanitaria y Desarrollo Humano de Tigre (2008-2017).<sup id=\"cite_ref-6\" class=\"reference separada\"><\/sup><\/p>\n<p><img loading=\"lazy\" decoding=\"async\" class=\"wp-image-47084 aligncenter\" src=\"https:\/\/diariofemenino.com.ar\/df\/wp-content\/uploads\/2020\/03\/WhatsApp-Image-2020-03-01-at-19.20.57.jpeg\" alt=\"\" width=\"492\" height=\"656\" srcset=\"https:\/\/diariofemenino.com.ar\/df\/wp-content\/uploads\/2020\/03\/WhatsApp-Image-2020-03-01-at-19.20.57.jpeg 768w, https:\/\/diariofemenino.com.ar\/df\/wp-content\/uploads\/2020\/03\/WhatsApp-Image-2020-03-01-at-19.20.57-225x300.jpeg 225w\" sizes=\"auto, (max-width: 492px) 100vw, 492px\" \/><\/p>\n<p><a href=\"https:\/\/diariofemenino.com.ar\/category\/agenda-feminista\/\">Agenda Feminista<\/a><br \/>\n<a href=\"https:\/\/diariofemenino.com.ar\/\">Diario Digital Femenino<\/a><\/p>\n","protected":false},"excerpt":{"rendered":"<p>MALENA GALMARINI LUEGO DEL DISCURSO DE ALBERTO FERNANDEZ EN LA ASAMBLEA LEGISLATIVA Consultada por la prensa que asisti\u00f3 al lugar, la titular de AySA, Malena Galmarini respondi\u00f3 a la gran cantidad de medios que requer\u00edan su palabra. En ese sentido, sobre el discurso del presidente de la Naci\u00f3n donde se la vio muy emocionada,\u00a0 expres\u00f3,\u00bbViv\u00ed [&hellip;]<\/p>\n","protected":false},"author":4,"featured_media":47081,"comment_status":"open","ping_status":"open","sticky":false,"template":"","format":"standard","meta":{"iawp_total_views":7,"footnotes":""},"categories":[1067,32,6],"tags":[1937],"class_list":["post-47068","post","type-post","status-publish","format-standard","has-post-thumbnail","hentry","category-agenda-feminista","category-mujeres","category-articulos","tag-malena-galmarini"],"nelio_content":{"autoShareEndMode":"never","automationSources":{"useCustomSentences":false,"customSentences":[]},"efiAlt":"","efiUrl":"","followers":[4],"highlights":[],"isAutoShareEnabled":true,"networkImageIds":[],"permalinkQueryArgs":[],"series":[],"suggestedReferences":[]},"yoast_head":"<!-- This site is optimized with the Yoast SEO plugin v27.5 - https:\/\/yoast.com\/product\/yoast-seo-wordpress\/ -->\n<title>Malena Galmarini luego del discurso de Alberto Fern\u00e1ndez en la Asamblea Legislativa - Diario Digital Femenino<\/title>\n<meta name=\"description\" content=\"Malena Galmarini.\" \/>\n<meta name=\"robots\" content=\"index, follow, max-snippet:-1, max-image-preview:large, max-video-preview:-1\" \/>\n<link rel=\"canonical\" href=\"https:\/\/diariofemenino.com.ar\/df\/malena-galmarini\/\" \/>\n<meta property=\"og:locale\" content=\"es_ES\" \/>\n<meta property=\"og:type\" content=\"article\" \/>\n<meta property=\"og:title\" content=\"Malena Galmarini luego del discurso de Alberto Fern\u00e1ndez en la Asamblea Legislativa - Diario Digital Femenino\" \/>\n<meta property=\"og:description\" content=\"Malena Galmarini.\" \/>\n<meta property=\"og:url\" content=\"https:\/\/diariofemenino.com.ar\/df\/malena-galmarini\/\" \/>\n<meta property=\"og:site_name\" content=\"Diario Digital Femenino\" \/>\n<meta property=\"article:publisher\" content=\"https:\/\/www.facebook.com\/DiarioDigitaFemenino\/\" \/>\n<meta property=\"article:published_time\" content=\"2020-03-01T22:43:51+00:00\" \/>\n<meta property=\"article:modified_time\" content=\"2020-03-01T23:20:24+00:00\" \/>\n<meta property=\"og:image\" content=\"https:\/\/diariofemenino.com.ar\/df\/wp-content\/uploads\/2020\/03\/WhatsApp-Image-2020-03-01-at-19.20.58.jpg\" \/>\n\t<meta property=\"og:image:width\" content=\"759\" \/>\n\t<meta property=\"og:image:height\" content=\"833\" \/>\n\t<meta property=\"og:image:type\" content=\"image\/jpeg\" \/>\n<meta name=\"author\" content=\"Admin\" \/>\n<meta name=\"twitter:card\" content=\"summary_large_image\" \/>\n<meta name=\"twitter:creator\" content=\"@DiarioFemenino1\" \/>\n<meta name=\"twitter:site\" content=\"@DiarioFemenino1\" \/>\n<meta name=\"twitter:label1\" content=\"Escrito por\" \/>\n\t<meta name=\"twitter:data1\" content=\"Admin\" \/>\n\t<meta name=\"twitter:label2\" content=\"Tiempo de lectura\" \/>\n\t<meta name=\"twitter:data2\" content=\"3 minutos\" \/>\n<script type=\"application\/ld+json\" class=\"yoast-schema-graph\">{\"@context\":\"https:\\\/\\\/schema.org\",\"@graph\":[{\"@type\":\"Article\",\"@id\":\"https:\\\/\\\/diariofemenino.com.ar\\\/df\\\/malena-galmarini\\\/#article\",\"isPartOf\":{\"@id\":\"https:\\\/\\\/diariofemenino.com.ar\\\/df\\\/malena-galmarini\\\/\"},\"author\":{\"name\":\"Admin\",\"@id\":\"https:\\\/\\\/diariofemenino.com.ar\\\/df\\\/#\\\/schema\\\/person\\\/bf6199e8158c657ea6f789b11ec85509\"},\"headline\":\"Malena Galmarini luego del discurso de Alberto Fern\u00e1ndez en la Asamblea Legislativa\",\"datePublished\":\"2020-03-01T22:43:51+00:00\",\"dateModified\":\"2020-03-01T23:20:24+00:00\",\"mainEntityOfPage\":{\"@id\":\"https:\\\/\\\/diariofemenino.com.ar\\\/df\\\/malena-galmarini\\\/\"},\"wordCount\":648,\"commentCount\":0,\"publisher\":{\"@id\":\"https:\\\/\\\/diariofemenino.com.ar\\\/df\\\/#organization\"},\"image\":{\"@id\":\"https:\\\/\\\/diariofemenino.com.ar\\\/df\\\/malena-galmarini\\\/#primaryimage\"},\"thumbnailUrl\":\"https:\\\/\\\/diariofemenino.com.ar\\\/df\\\/wp-content\\\/uploads\\\/2020\\\/03\\\/WhatsApp-Image-2020-03-01-at-19.20.58.jpg\",\"keywords\":[\"Malena Galmarini\"],\"articleSection\":[\"Agenda Feminista\",\"Mujeres\",\"Mujeres en Palabras\"],\"inLanguage\":\"es\",\"potentialAction\":[{\"@type\":\"CommentAction\",\"name\":\"Comment\",\"target\":[\"https:\\\/\\\/diariofemenino.com.ar\\\/df\\\/malena-galmarini\\\/#respond\"]}]},{\"@type\":\"WebPage\",\"@id\":\"https:\\\/\\\/diariofemenino.com.ar\\\/df\\\/malena-galmarini\\\/\",\"url\":\"https:\\\/\\\/diariofemenino.com.ar\\\/df\\\/malena-galmarini\\\/\",\"name\":\"Malena Galmarini luego del discurso de Alberto Fern\u00e1ndez en la Asamblea Legislativa - Diario Digital Femenino\",\"isPartOf\":{\"@id\":\"https:\\\/\\\/diariofemenino.com.ar\\\/df\\\/#website\"},\"primaryImageOfPage\":{\"@id\":\"https:\\\/\\\/diariofemenino.com.ar\\\/df\\\/malena-galmarini\\\/#primaryimage\"},\"image\":{\"@id\":\"https:\\\/\\\/diariofemenino.com.ar\\\/df\\\/malena-galmarini\\\/#primaryimage\"},\"thumbnailUrl\":\"https:\\\/\\\/diariofemenino.com.ar\\\/df\\\/wp-content\\\/uploads\\\/2020\\\/03\\\/WhatsApp-Image-2020-03-01-at-19.20.58.jpg\",\"datePublished\":\"2020-03-01T22:43:51+00:00\",\"dateModified\":\"2020-03-01T23:20:24+00:00\",\"description\":\"Malena Galmarini.\",\"breadcrumb\":{\"@id\":\"https:\\\/\\\/diariofemenino.com.ar\\\/df\\\/malena-galmarini\\\/#breadcrumb\"},\"inLanguage\":\"es\",\"potentialAction\":[{\"@type\":\"ReadAction\",\"target\":[\"https:\\\/\\\/diariofemenino.com.ar\\\/df\\\/malena-galmarini\\\/\"]}]},{\"@type\":\"ImageObject\",\"inLanguage\":\"es\",\"@id\":\"https:\\\/\\\/diariofemenino.com.ar\\\/df\\\/malena-galmarini\\\/#primaryimage\",\"url\":\"https:\\\/\\\/diariofemenino.com.ar\\\/df\\\/wp-content\\\/uploads\\\/2020\\\/03\\\/WhatsApp-Image-2020-03-01-at-19.20.58.jpg\",\"contentUrl\":\"https:\\\/\\\/diariofemenino.com.ar\\\/df\\\/wp-content\\\/uploads\\\/2020\\\/03\\\/WhatsApp-Image-2020-03-01-at-19.20.58.jpg\",\"width\":759,\"height\":833,\"caption\":\"Malena Galmarini luego del discurso de Alberto Fern\u00e1ndez en la Asamblea Legislativa\"},{\"@type\":\"BreadcrumbList\",\"@id\":\"https:\\\/\\\/diariofemenino.com.ar\\\/df\\\/malena-galmarini\\\/#breadcrumb\",\"itemListElement\":[{\"@type\":\"ListItem\",\"position\":1,\"name\":\"Portada\",\"item\":\"https:\\\/\\\/diariofemenino.com.ar\\\/df\\\/\"},{\"@type\":\"ListItem\",\"position\":2,\"name\":\"Malena Galmarini luego del discurso de Alberto Fern\u00e1ndez en la Asamblea Legislativa\"}]},{\"@type\":\"WebSite\",\"@id\":\"https:\\\/\\\/diariofemenino.com.ar\\\/df\\\/#website\",\"url\":\"https:\\\/\\\/diariofemenino.com.ar\\\/df\\\/\",\"name\":\"Diario Digital Femenino\",\"description\":\"Cuesti\u00f3n de G\u00e9nero\",\"publisher\":{\"@id\":\"https:\\\/\\\/diariofemenino.com.ar\\\/df\\\/#organization\"},\"potentialAction\":[{\"@type\":\"SearchAction\",\"target\":{\"@type\":\"EntryPoint\",\"urlTemplate\":\"https:\\\/\\\/diariofemenino.com.ar\\\/df\\\/?s={search_term_string}\"},\"query-input\":{\"@type\":\"PropertyValueSpecification\",\"valueRequired\":true,\"valueName\":\"search_term_string\"}}],\"inLanguage\":\"es\"},{\"@type\":\"Organization\",\"@id\":\"https:\\\/\\\/diariofemenino.com.ar\\\/df\\\/#organization\",\"name\":\"Diario Femenino\",\"url\":\"https:\\\/\\\/diariofemenino.com.ar\\\/df\\\/\",\"logo\":{\"@type\":\"ImageObject\",\"inLanguage\":\"es\",\"@id\":\"https:\\\/\\\/diariofemenino.com.ar\\\/df\\\/#\\\/schema\\\/logo\\\/image\\\/\",\"url\":\"https:\\\/\\\/diariofemenino.com.ar\\\/df\\\/wp-content\\\/uploads\\\/2018\\\/10\\\/logo.png\",\"contentUrl\":\"https:\\\/\\\/diariofemenino.com.ar\\\/df\\\/wp-content\\\/uploads\\\/2018\\\/10\\\/logo.png\",\"width\":500,\"height\":92,\"caption\":\"Diario Femenino\"},\"image\":{\"@id\":\"https:\\\/\\\/diariofemenino.com.ar\\\/df\\\/#\\\/schema\\\/logo\\\/image\\\/\"},\"sameAs\":[\"https:\\\/\\\/www.facebook.com\\\/DiarioDigitaFemenino\\\/\",\"https:\\\/\\\/x.com\\\/DiarioFemenino1\"]},{\"@type\":\"Person\",\"@id\":\"https:\\\/\\\/diariofemenino.com.ar\\\/df\\\/#\\\/schema\\\/person\\\/bf6199e8158c657ea6f789b11ec85509\",\"name\":\"Admin\",\"image\":{\"@type\":\"ImageObject\",\"inLanguage\":\"es\",\"@id\":\"https:\\\/\\\/diariofemenino.com.ar\\\/df\\\/wp-content\\\/uploads\\\/2018\\\/12\\\/favicon-150x150.jpg\",\"url\":\"https:\\\/\\\/diariofemenino.com.ar\\\/df\\\/wp-content\\\/uploads\\\/2018\\\/12\\\/favicon-150x150.jpg\",\"contentUrl\":\"https:\\\/\\\/diariofemenino.com.ar\\\/df\\\/wp-content\\\/uploads\\\/2018\\\/12\\\/favicon-150x150.jpg\",\"caption\":\"Admin\"},\"url\":\"https:\\\/\\\/diariofemenino.com.ar\\\/df\\\/author\\\/lenny\\\/\"}]}<\/script>\n<!-- \/ Yoast SEO plugin. -->","yoast_head_json":{"title":"Malena Galmarini luego del discurso de Alberto Fern\u00e1ndez en la Asamblea Legislativa - Diario Digital Femenino","description":"Malena Galmarini.","robots":{"index":"index","follow":"follow","max-snippet":"max-snippet:-1","max-image-preview":"max-image-preview:large","max-video-preview":"max-video-preview:-1"},"canonical":"https:\/\/diariofemenino.com.ar\/df\/malena-galmarini\/","og_locale":"es_ES","og_type":"article","og_title":"Malena Galmarini luego del discurso de Alberto Fern\u00e1ndez en la Asamblea Legislativa - Diario Digital Femenino","og_description":"Malena Galmarini.","og_url":"https:\/\/diariofemenino.com.ar\/df\/malena-galmarini\/","og_site_name":"Diario Digital Femenino","article_publisher":"https:\/\/www.facebook.com\/DiarioDigitaFemenino\/","article_published_time":"2020-03-01T22:43:51+00:00","article_modified_time":"2020-03-01T23:20:24+00:00","og_image":[{"width":759,"height":833,"url":"https:\/\/diariofemenino.com.ar\/df\/wp-content\/uploads\/2020\/03\/WhatsApp-Image-2020-03-01-at-19.20.58.jpg","type":"image\/jpeg"}],"author":"Admin","twitter_card":"summary_large_image","twitter_creator":"@DiarioFemenino1","twitter_site":"@DiarioFemenino1","twitter_misc":{"Escrito por":"Admin","Tiempo de lectura":"3 minutos"},"schema":{"@context":"https:\/\/schema.org","@graph":[{"@type":"Article","@id":"https:\/\/diariofemenino.com.ar\/df\/malena-galmarini\/#article","isPartOf":{"@id":"https:\/\/diariofemenino.com.ar\/df\/malena-galmarini\/"},"author":{"name":"Admin","@id":"https:\/\/diariofemenino.com.ar\/df\/#\/schema\/person\/bf6199e8158c657ea6f789b11ec85509"},"headline":"Malena Galmarini luego del discurso de Alberto Fern\u00e1ndez en la Asamblea Legislativa","datePublished":"2020-03-01T22:43:51+00:00","dateModified":"2020-03-01T23:20:24+00:00","mainEntityOfPage":{"@id":"https:\/\/diariofemenino.com.ar\/df\/malena-galmarini\/"},"wordCount":648,"commentCount":0,"publisher":{"@id":"https:\/\/diariofemenino.com.ar\/df\/#organization"},"image":{"@id":"https:\/\/diariofemenino.com.ar\/df\/malena-galmarini\/#primaryimage"},"thumbnailUrl":"https:\/\/diariofemenino.com.ar\/df\/wp-content\/uploads\/2020\/03\/WhatsApp-Image-2020-03-01-at-19.20.58.jpg","keywords":["Malena Galmarini"],"articleSection":["Agenda Feminista","Mujeres","Mujeres en Palabras"],"inLanguage":"es","potentialAction":[{"@type":"CommentAction","name":"Comment","target":["https:\/\/diariofemenino.com.ar\/df\/malena-galmarini\/#respond"]}]},{"@type":"WebPage","@id":"https:\/\/diariofemenino.com.ar\/df\/malena-galmarini\/","url":"https:\/\/diariofemenino.com.ar\/df\/malena-galmarini\/","name":"Malena Galmarini luego del discurso de Alberto Fern\u00e1ndez en la Asamblea Legislativa - Diario Digital Femenino","isPartOf":{"@id":"https:\/\/diariofemenino.com.ar\/df\/#website"},"primaryImageOfPage":{"@id":"https:\/\/diariofemenino.com.ar\/df\/malena-galmarini\/#primaryimage"},"image":{"@id":"https:\/\/diariofemenino.com.ar\/df\/malena-galmarini\/#primaryimage"},"thumbnailUrl":"https:\/\/diariofemenino.com.ar\/df\/wp-content\/uploads\/2020\/03\/WhatsApp-Image-2020-03-01-at-19.20.58.jpg","datePublished":"2020-03-01T22:43:51+00:00","dateModified":"2020-03-01T23:20:24+00:00","description":"Malena Galmarini.","breadcrumb":{"@id":"https:\/\/diariofemenino.com.ar\/df\/malena-galmarini\/#breadcrumb"},"inLanguage":"es","potentialAction":[{"@type":"ReadAction","target":["https:\/\/diariofemenino.com.ar\/df\/malena-galmarini\/"]}]},{"@type":"ImageObject","inLanguage":"es","@id":"https:\/\/diariofemenino.com.ar\/df\/malena-galmarini\/#primaryimage","url":"https:\/\/diariofemenino.com.ar\/df\/wp-content\/uploads\/2020\/03\/WhatsApp-Image-2020-03-01-at-19.20.58.jpg","contentUrl":"https:\/\/diariofemenino.com.ar\/df\/wp-content\/uploads\/2020\/03\/WhatsApp-Image-2020-03-01-at-19.20.58.jpg","width":759,"height":833,"caption":"Malena Galmarini luego del discurso de Alberto Fern\u00e1ndez en la Asamblea Legislativa"},{"@type":"BreadcrumbList","@id":"https:\/\/diariofemenino.com.ar\/df\/malena-galmarini\/#breadcrumb","itemListElement":[{"@type":"ListItem","position":1,"name":"Portada","item":"https:\/\/diariofemenino.com.ar\/df\/"},{"@type":"ListItem","position":2,"name":"Malena Galmarini luego del discurso de Alberto Fern\u00e1ndez en la Asamblea Legislativa"}]},{"@type":"WebSite","@id":"https:\/\/diariofemenino.com.ar\/df\/#website","url":"https:\/\/diariofemenino.com.ar\/df\/","name":"Diario Digital Femenino","description":"Cuesti\u00f3n de G\u00e9nero","publisher":{"@id":"https:\/\/diariofemenino.com.ar\/df\/#organization"},"potentialAction":[{"@type":"SearchAction","target":{"@type":"EntryPoint","urlTemplate":"https:\/\/diariofemenino.com.ar\/df\/?s={search_term_string}"},"query-input":{"@type":"PropertyValueSpecification","valueRequired":true,"valueName":"search_term_string"}}],"inLanguage":"es"},{"@type":"Organization","@id":"https:\/\/diariofemenino.com.ar\/df\/#organization","name":"Diario Femenino","url":"https:\/\/diariofemenino.com.ar\/df\/","logo":{"@type":"ImageObject","inLanguage":"es","@id":"https:\/\/diariofemenino.com.ar\/df\/#\/schema\/logo\/image\/","url":"https:\/\/diariofemenino.com.ar\/df\/wp-content\/uploads\/2018\/10\/logo.png","contentUrl":"https:\/\/diariofemenino.com.ar\/df\/wp-content\/uploads\/2018\/10\/logo.png","width":500,"height":92,"caption":"Diario Femenino"},"image":{"@id":"https:\/\/diariofemenino.com.ar\/df\/#\/schema\/logo\/image\/"},"sameAs":["https:\/\/www.facebook.com\/DiarioDigitaFemenino\/","https:\/\/x.com\/DiarioFemenino1"]},{"@type":"Person","@id":"https:\/\/diariofemenino.com.ar\/df\/#\/schema\/person\/bf6199e8158c657ea6f789b11ec85509","name":"Admin","image":{"@type":"ImageObject","inLanguage":"es","@id":"https:\/\/diariofemenino.com.ar\/df\/wp-content\/uploads\/2018\/12\/favicon-150x150.jpg","url":"https:\/\/diariofemenino.com.ar\/df\/wp-content\/uploads\/2018\/12\/favicon-150x150.jpg","contentUrl":"https:\/\/diariofemenino.com.ar\/df\/wp-content\/uploads\/2018\/12\/favicon-150x150.jpg","caption":"Admin"},"url":"https:\/\/diariofemenino.com.ar\/df\/author\/lenny\/"}]}},"jetpack_featured_media_url":"https:\/\/diariofemenino.com.ar\/df\/wp-content\/uploads\/2020\/03\/WhatsApp-Image-2020-03-01-at-19.20.58.jpg","jetpack_sharing_enabled":true,"rttpg_featured_image_url":{"full":["https:\/\/diariofemenino.com.ar\/df\/wp-content\/uploads\/2020\/03\/WhatsApp-Image-2020-03-01-at-19.20.58.jpg",759,833,false],"landscape":["https:\/\/diariofemenino.com.ar\/df\/wp-content\/uploads\/2020\/03\/WhatsApp-Image-2020-03-01-at-19.20.58.jpg",759,833,false],"portraits":["https:\/\/diariofemenino.com.ar\/df\/wp-content\/uploads\/2020\/03\/WhatsApp-Image-2020-03-01-at-19.20.58.jpg",759,833,false],"thumbnail":["https:\/\/diariofemenino.com.ar\/df\/wp-content\/uploads\/2020\/03\/WhatsApp-Image-2020-03-01-at-19.20.58-150x150.jpg",150,150,true],"medium":["https:\/\/diariofemenino.com.ar\/df\/wp-content\/uploads\/2020\/03\/WhatsApp-Image-2020-03-01-at-19.20.58-273x300.jpg",273,300,true],"large":["https:\/\/diariofemenino.com.ar\/df\/wp-content\/uploads\/2020\/03\/WhatsApp-Image-2020-03-01-at-19.20.58.jpg",759,833,false],"1536x1536":["https:\/\/diariofemenino.com.ar\/df\/wp-content\/uploads\/2020\/03\/WhatsApp-Image-2020-03-01-at-19.20.58.jpg",759,833,false],"2048x2048":["https:\/\/diariofemenino.com.ar\/df\/wp-content\/uploads\/2020\/03\/WhatsApp-Image-2020-03-01-at-19.20.58.jpg",759,833,false]},"rttpg_author":{"display_name":"Admin","author_link":"https:\/\/diariofemenino.com.ar\/df\/author\/lenny\/"},"rttpg_comment":0,"rttpg_category":"<a href=\"https:\/\/diariofemenino.com.ar\/df\/category\/agenda-feminista\/\" rel=\"category tag\">Agenda Feminista<\/a> <a href=\"https:\/\/diariofemenino.com.ar\/df\/category\/mujeres\/\" rel=\"category tag\">Mujeres<\/a> <a href=\"https:\/\/diariofemenino.com.ar\/df\/category\/articulos\/\" rel=\"category tag\">Mujeres en Palabras<\/a>","rttpg_excerpt":"MALENA GALMARINI LUEGO DEL DISCURSO DE ALBERTO FERNANDEZ EN LA ASAMBLEA LEGISLATIVA Consultada por la prensa que asisti\u00f3 al lugar, la titular de AySA, Malena Galmarini respondi\u00f3 a la gran cantidad de medios que requer\u00edan su palabra. En ese sentido, sobre el discurso del presidente de la Naci\u00f3n donde se la vio muy emocionada,\u00a0 expres\u00f3,\u00bbViv\u00ed&hellip;","_links":{"self":[{"href":"https:\/\/diariofemenino.com.ar\/df\/wp-json\/wp\/v2\/posts\/47068","targetHints":{"allow":["GET"]}}],"collection":[{"href":"https:\/\/diariofemenino.com.ar\/df\/wp-json\/wp\/v2\/posts"}],"about":[{"href":"https:\/\/diariofemenino.com.ar\/df\/wp-json\/wp\/v2\/types\/post"}],"author":[{"embeddable":true,"href":"https:\/\/diariofemenino.com.ar\/df\/wp-json\/wp\/v2\/users\/4"}],"replies":[{"embeddable":true,"href":"https:\/\/diariofemenino.com.ar\/df\/wp-json\/wp\/v2\/comments?post=47068"}],"version-history":[{"count":0,"href":"https:\/\/diariofemenino.com.ar\/df\/wp-json\/wp\/v2\/posts\/47068\/revisions"}],"wp:featuredmedia":[{"embeddable":true,"href":"https:\/\/diariofemenino.com.ar\/df\/wp-json\/wp\/v2\/media\/47081"}],"wp:attachment":[{"href":"https:\/\/diariofemenino.com.ar\/df\/wp-json\/wp\/v2\/media?parent=47068"}],"wp:term":[{"taxonomy":"category","embeddable":true,"href":"https:\/\/diariofemenino.com.ar\/df\/wp-json\/wp\/v2\/categories?post=47068"},{"taxonomy":"post_tag","embeddable":true,"href":"https:\/\/diariofemenino.com.ar\/df\/wp-json\/wp\/v2\/tags?post=47068"}],"curies":[{"name":"wp","href":"https:\/\/api.w.org\/{rel}","templated":true}]}}