{"id":46576,"date":"2020-02-20T10:26:41","date_gmt":"2020-02-20T13:26:41","guid":{"rendered":"https:\/\/diariofemenino.com.ar\/?p=46576"},"modified":"2020-02-20T10:36:22","modified_gmt":"2020-02-20T13:36:22","slug":"llamado-a-la-huelga-mundial-de-mujeres-por-el-8-de-marzo-de-2020-toda-la-informacion","status":"publish","type":"post","link":"https:\/\/diariofemenino.com.ar\/df\/llamado-a-la-huelga-mundial-de-mujeres-por-el-8-de-marzo-de-2020-toda-la-informacion\/","title":{"rendered":"Llamado a la Huelga Mundial de Mujeres por el 8 de marzo de 2020. Toda la informaci\u00f3n"},"content":{"rendered":"<p>La<a class=\"ext\" href=\"https:\/\/womensglobalstrike.com\/es\/\" target=\"_blank\" rel=\"noopener noreferrer\">\u00a0Huelga Mundial de Mujeres<\/a>, una campa\u00f1a mundial respaldada actualmente por m\u00e1s de 90 organizaciones y movimientos sociales de todo el mundo, es una respuesta a las promesas incumplidas hechas hace 25 a\u00f1os en la Declaraci\u00f3n de Beijing por nuestros gobiernos para promover la igualdad, el desarrollo y la paz para todas las mujeres.<\/p>\n<p>Esta huelga hace un llamado a las mujeres de todas partes a detener\/ralentizar el trabajo formal y\/o el trabajo de cuidado, y tomar medidas para exigir los derechos de las mujeres, con el objetivo de mostrarle al mundo que\u00a0<em>cuando las mujeres paran, el mundo se detiene<\/em>. La intenci\u00f3n es rendir homenaje a la historia del poder colectivo de las mujeres para exigir sus derechos humanos y revivirla con ocasi\u00f3n del D\u00eda Internacional de la Mujer, fecha en la que durante generaciones las mujeres se han levantado en defensa de la igualdad. Esta campa\u00f1a conecta diversas luchas en torno a los derechos econ\u00f3micos, sociales y culturales de las mujeres: sindicalistas, ind\u00edgenas, campesinas, comunidades de pescadores que defienden sus tierras, activistas que promueven la justicia clim\u00e1tica y muchas otras mujeres en todo el mundo que se est\u00e1n movilizando.<\/p>\n<p>La huelga fue concebida inicialmente en Asia por<a href=\"https:\/\/www.escr-net.org\/es\/miembro\/asia-pacific-forum-women-law-and-development-apwld\">\u00a0APWLD<\/a>, miembro de la Red-DESC, y la Red est\u00e1 ampliando esta campa\u00f1a a otras regiones a trav\u00e9s de la solidaridad y el gran liderazgo de sus miembros en todo el mundo (por ejemplo\u00a0<a href=\"https:\/\/www.escr-net.org\/es\/miembro\/national-union-domestic-employees-nude\">Nacional Union of Domestic Employees<\/a>\u00a0en la regi\u00f3n del Caribe o\u00a0<a href=\"http:\/\/www.escr-net.org\/es\/miembro\/coordinadora-andina-organizaciones-indigenas-caoi\">Coordinadora Andina de Organizaciones Ind\u00edgenas<\/a>\u00a0en Am\u00e9rica Latina). Muchos miembros se est\u00e1n uniendo a esta campa\u00f1a y han comenzado a promocionarla en sus pa\u00edses. \u00a1\u00danase a nosotros y detenga el mundo por los derechos de las mujeres!<\/p>\n<p>+ Para m\u00e1s informaci\u00f3n consulte la\u00a0<a class=\"ext\" href=\"http:\/\/womensglobalstrike.com\/es\/\" target=\"_blank\" rel=\"noopener noreferrer\">p\u00e1gina web<\/a>\u00a0de la Huelga Mundial de Mujeres y lea su\u00a0<a class=\"ext\" href=\"https:\/\/womensglobalstrike.com\/our-political-statement\/spanish\/\" target=\"_blank\" rel=\"noopener noreferrer\">Declaraci\u00f3n Pol\u00edtica<\/a>\u00a0(disponible en 8 idiomas).<\/p>\n<hr \/>\n<h3><strong>\u00bfC\u00f3mo puede unirse y apoyar\u00a0la campa\u00f1a?<\/strong><\/h3>\n<ul>\n<li><strong>Respaldando la declaraci\u00f3n pol\u00edtica<\/strong>\u00a0y rellenando este formulario como<a class=\"ext\" href=\"https:\/\/docs.google.com\/forms\/d\/e\/1FAIpQLSfk2JpJwhDxZl1nghiU8LvqVMfv_83hHrdkVcM07Zs6zvW-wg\/viewform\" target=\"_blank\" rel=\"noopener noreferrer\">\u00a0organizaci\u00f3n<\/a>\u00a0o a t\u00edtulo\u00a0<a class=\"ext\" href=\"http:\/\/docs.google.com\/forms\/d\/e\/1FAIpQLScRs9BJbsoy81e6gBg5JqS3MYTlmSSFlTYvHZSkP5MY_OZ_-Q\/viewform\" target=\"_blank\" rel=\"noopener noreferrer\">individual<\/a>.\u00a0Ser\u00e1 agregado a la<a class=\"ext\" href=\"https:\/\/womensglobalstrike.com\/es\/who-we-are\/\" target=\"_blank\" rel=\"noopener noreferrer\">\u00a0lista de defensores y defensoras<\/a>\u00a0de la campa\u00f1a.<\/li>\n<li><strong>Descargando, difundiendo, compartiendo y utilizando los recursos del<\/strong><a class=\"ext\" href=\"https:\/\/womensglobalstrike.com\/es\/campaign-kit\/\" target=\"_blank\" rel=\"noopener noreferrer\">\u00a0Kit de Campa\u00f1a<\/a>:<\/li>\n<\/ul>\n<p class=\"rteindent2\"><strong>&gt; Folleto informativo<\/strong>: publique y comparta el folleto con otros miembros de su organizaci\u00f3n, comunidad y aliados. El folleto contiene la Declaraci\u00f3n Conjunta para la campa\u00f1a y otra informaci\u00f3n relevante.<br \/>\n<strong>&gt; Logotipo:\u00a0<\/strong>Incluya el logotipo de la campa\u00f1a en su firma de correo electr\u00f3nico, en su foto de perfil en redes sociales u otras plataformas de comunicaci\u00f3n.<br \/>\n<strong>&gt; \u00a1Si las mujeres paran, el mundo se detiene!<\/strong>\u00a0Utilice el eslogan de la campa\u00f1a para destacar la presencia de la campa\u00f1a en las redes sociales, en los comunicados de prensa y otros materiales. Disponible en 23 idiomas.<\/p>\n<p class=\"rteindent2\"><a class=\"ext\" href=\"https:\/\/womensglobalstrike.com\/campaign-kit\/\" target=\"_blank\" rel=\"noopener noreferrer\">+ Descargue aqu\u00ed el Kit de la Campa\u00f1a &gt;&gt;<\/a><\/p>\n<hr \/>\n<h3><strong>En sus acciones relacionadas con la Huelga:<\/strong><\/h3>\n<ul>\n<li><strong>Inscriba su evento o actividad:<\/strong><a class=\"ext\" href=\"https:\/\/womensglobalstrike.com\/es\/events\/\" target=\"_blank\" rel=\"noopener noreferrer\">\u00a0Haga clic aqu\u00ed<\/a>\u00a0para informarnos sobre el cu\u00e1ndo y d\u00f3nde y le agregaremos a nuestra<a class=\"ext\" href=\"https:\/\/womensglobalstrike.com\/es\/events\/\" target=\"_blank\" rel=\"noopener noreferrer\">\u00a0lista de eventos<\/a>.<br \/>\n<em>\u00bfQu\u00e9 hacer el 8 de marzo?<\/em>\u00a0La campa\u00f1a es completamente flexible en cuanto a lo que hacer espec\u00edficamente el 8 de marzo. Independientemente de las actividades que est\u00e9 planeando su movimiento u organizaci\u00f3n (ya sea una protesta, un foro, una visita art\u00edstica entre las miles de actividades posibles), le alentamos a que lo vincule con la Huelga y utilice todos los materiales disponibles en el sitio web.<\/li>\n<li><strong>Env\u00edenos fotos, videos o cualquier otro material<\/strong>\u00a0sobre sus actividades relacionadas con la Huelga a la siguiente direcci\u00f3n:\u00a0<a href=\"mailto:info@womensglobalstrike.com\">info@womensglobalstrike.com<\/a>. Lo difundiremos v\u00eda el sitio web de la campa\u00f1a.<\/li>\n<li><strong>Mencione la campa\u00f1a en redes sociales:<\/strong><\/li>\n<\/ul>\n<p class=\"rteindent2\">Facebook: @WomensGlobalStrike<br \/>\nTwitter @WomensGblStrike<br \/>\nInstagram @womensglobalstrike<br \/>\nHashtags: #IfWomenStopTheWorldStops #WomensGlobalStrike<\/p>\n<hr \/>\n<p><strong>\u00a1Convi\u00e9rtase en impulsor\/a!<\/strong><\/p>\n<p>Cont\u00e1ctenos si desea ayudar a propagar el fuego de nuestra resistencia y servir como punto focal regional\/ nacional\/global de la campa\u00f1a.<\/p>\n<hr \/>\n<h3><strong>Pr\u00f3ximas actividades:<\/strong><\/h3>\n<ul>\n<li><strong>Enviar comentarios sobre la<\/strong><a href=\"https:\/\/womensglobalstrike.com\/es\/our-political-statement\/\"><strong>Declaraci\u00f3n pol\u00edtica<\/strong><\/a>\u00a0(fecha l\u00edmite 5 de febrero de 2020). Solicitamos que las modificaciones se realicen en la versi\u00f3n en ingl\u00e9s. M\u00e1s informaci\u00f3n de c\u00f3mo enviar comentarios\u00a0<a href=\"mailto:info@womensglobalstrike.com\"><strong>aqu\u00ed<\/strong><\/a>.<\/li>\n<li><strong>Llamado de nominaciones para puntos focales nacionales\/regionales<\/strong>y el\u00a0<strong>Grupo Directivo Global<\/strong>\u00a0de la campa\u00f1a (31 de enero de 2020. Esta convocatoria permanecer\u00e1 abierta en los pa\u00edses y regiones donde a\u00fan se necesitan puntos focales).<\/li>\n<li><strong>8 de marzo: Huelga Mundial de Mujeres<\/strong>\u00a1Detendremos el mundo!<\/li>\n<li><strong>11 de marzo: Evento p\u00fablico\u00a0<\/strong><em>Intensificando las huelgas mundiales: conectar luchas y construir solidaridad para un futuro feminista<\/em>.\u00a0<strong>D\u00f3nde<\/strong>:\u00a0The People\u2019s Forum (320 West 37th Street, Nueva York) de 18:00h a 21:00h. Organizadoras y participantes de la Huelga Mundial de Mujeres, mujeres l\u00edderes en todas las regiones, luchas y movimientos sociales, compartir\u00e1n sus experiencias, la inspiraci\u00f3n de la movilizaci\u00f3n y el poder de \u201cla huelga como arma de amor\u201d para hacer posible una realidad feminista.<\/li>\n<\/ul>\n<p>&nbsp;<\/p>\n<hr \/>\n<p><strong>M\u00e1s informaci\u00f3n:<\/strong><br \/>\nViviana Osorio, coordinadora del Grupo de Trabajo sobre Mujeres y DESC,\u00a0<a href=\"mailto:vosorio@escr-net.org\">vosorio@escr-net.org<\/a><br \/>\nEsther de la Rosa, coordinadora de comunicaci\u00f3n,\u00a0<a href=\"mailto:edelarosa@escr-net.org\">edelarosa@escr-net.org<\/a><br \/>\n<a class=\"ext\" href=\"https:\/\/womensglobalstrike.com\/es\/\" target=\"_blank\" rel=\"noopener noreferrer\">https:\/\/womensglobalstrike.com\/es\/<\/a><\/p>\n<p>&gt;&gt;\u00a0<a class=\"ext\" href=\"https:\/\/docs.google.com\/forms\/d\/e\/1FAIpQLSdkK4iAVCSFDL7ui_dZUkGtbIHlRnJrxfn57fvkXrnCxHkCNw\/viewform\" target=\"_blank\" rel=\"noopener noreferrer\"><strong>Inscr\u00edbase aqu\u00ed<\/strong><\/a><strong>\u00a0para recibir actualizaciones de prensa.<\/strong><\/p>\n<div class=\"media media-element-container media-full_width\">\n<div id=\"file-37778--2\" class=\"file file-image file-image-png\">\n<h2 class=\"element-invisible\"><\/h2>\n<div class=\"content\"><img decoding=\"async\" class=\"adaptive-image\" src=\"https:\/\/www.escr-net.org\/sites\/default\/files\/styles\/page_wide_940\/adaptive-image\/public\/media\/wgs-logo-horizontal-english_0.png?itok=K4dVsDGA\" alt=\"\" data-delta=\"1\" \/><\/div>\n<\/div>\n<\/div>\n<div><\/div>\n<div><\/div>\n<div><\/div>\n<div><a href=\"https:\/\/www.escr-net.org\/es\/noticias\/2020\/llamado-huelga-mundial-mujeres-8-marzo-2020\">Red-DESC<\/a><\/div>\n","protected":false},"excerpt":{"rendered":"<p>La\u00a0Huelga Mundial de Mujeres, una campa\u00f1a mundial respaldada actualmente por m\u00e1s de 90 organizaciones y movimientos sociales de todo el mundo, es una respuesta a las promesas incumplidas hechas hace 25 a\u00f1os en la Declaraci\u00f3n de Beijing por nuestros gobiernos para promover la igualdad, el desarrollo y la paz para todas las mujeres. Esta huelga [&hellip;]<\/p>\n","protected":false},"author":4,"featured_media":46586,"comment_status":"open","ping_status":"open","sticky":false,"template":"","format":"standard","meta":{"iawp_total_views":2,"footnotes":""},"categories":[1067,32,23],"tags":[41,150,2920,382,45],"class_list":["post-46576","post","type-post","status-publish","format-standard","has-post-thumbnail","hentry","category-agenda-feminista","category-mujeres","category-salud","tag-8-de-marzo","tag-economia","tag-huelga-mundial-de-mujeres","tag-salud","tag-trabajo"],"nelio_content":{"autoShareEndMode":"never","automationSources":{"useCustomSentences":false,"customSentences":[]},"efiAlt":"","efiUrl":"","followers":[4],"highlights":[],"isAutoShareEnabled":true,"networkImageIds":[],"permalinkQueryArgs":[],"series":[],"suggestedReferences":[]},"yoast_head":"<!-- This site is optimized with the Yoast SEO plugin v27.5 - https:\/\/yoast.com\/product\/yoast-seo-wordpress\/ -->\n<title>Llamado a la Huelga Mundial de Mujeres por el 8 de marzo de 2020. Toda la informaci\u00f3n - Diario Digital Femenino<\/title>\n<meta name=\"description\" content=\"Llamado a la Huelga Mundial de Mujeres. \u00bfC\u00f3mo puede unirse y apoyar\u00a0la campa\u00f1a? Toda la informaci\u00f3n y contacto de Prensa en esta nota\" \/>\n<meta name=\"robots\" content=\"index, follow, max-snippet:-1, max-image-preview:large, max-video-preview:-1\" \/>\n<link rel=\"canonical\" href=\"https:\/\/diariofemenino.com.ar\/df\/llamado-a-la-huelga-mundial-de-mujeres-por-el-8-de-marzo-de-2020-toda-la-informacion\/\" \/>\n<meta property=\"og:locale\" content=\"es_ES\" \/>\n<meta property=\"og:type\" content=\"article\" \/>\n<meta property=\"og:title\" content=\"Llamado a la Huelga Mundial de Mujeres por el 8 de marzo de 2020. Toda la informaci\u00f3n - Diario Digital Femenino\" \/>\n<meta property=\"og:description\" content=\"Llamado a la Huelga Mundial de Mujeres. \u00bfC\u00f3mo puede unirse y apoyar\u00a0la campa\u00f1a? Toda la informaci\u00f3n y contacto de Prensa en esta nota\" \/>\n<meta property=\"og:url\" content=\"https:\/\/diariofemenino.com.ar\/df\/llamado-a-la-huelga-mundial-de-mujeres-por-el-8-de-marzo-de-2020-toda-la-informacion\/\" \/>\n<meta property=\"og:site_name\" content=\"Diario Digital Femenino\" \/>\n<meta property=\"article:publisher\" content=\"https:\/\/www.facebook.com\/DiarioDigitaFemenino\/\" \/>\n<meta property=\"article:published_time\" content=\"2020-02-20T13:26:41+00:00\" \/>\n<meta property=\"article:modified_time\" content=\"2020-02-20T13:36:22+00:00\" \/>\n<meta property=\"og:image\" content=\"https:\/\/diariofemenino.com.ar\/df\/wp-content\/uploads\/2020\/02\/fph_0.jpg\" \/>\n\t<meta property=\"og:image:width\" content=\"940\" \/>\n\t<meta property=\"og:image:height\" content=\"768\" \/>\n\t<meta property=\"og:image:type\" content=\"image\/jpeg\" \/>\n<meta name=\"author\" content=\"Admin\" \/>\n<meta name=\"twitter:card\" content=\"summary_large_image\" \/>\n<meta name=\"twitter:creator\" content=\"@DiarioFemenino1\" \/>\n<meta name=\"twitter:site\" content=\"@DiarioFemenino1\" \/>\n<meta name=\"twitter:label1\" content=\"Escrito por\" \/>\n\t<meta name=\"twitter:data1\" content=\"Admin\" \/>\n\t<meta name=\"twitter:label2\" content=\"Tiempo de lectura\" \/>\n\t<meta name=\"twitter:data2\" content=\"4 minutos\" \/>\n<script type=\"application\/ld+json\" class=\"yoast-schema-graph\">{\"@context\":\"https:\\\/\\\/schema.org\",\"@graph\":[{\"@type\":\"Article\",\"@id\":\"https:\\\/\\\/diariofemenino.com.ar\\\/df\\\/llamado-a-la-huelga-mundial-de-mujeres-por-el-8-de-marzo-de-2020-toda-la-informacion\\\/#article\",\"isPartOf\":{\"@id\":\"https:\\\/\\\/diariofemenino.com.ar\\\/df\\\/llamado-a-la-huelga-mundial-de-mujeres-por-el-8-de-marzo-de-2020-toda-la-informacion\\\/\"},\"author\":{\"name\":\"Admin\",\"@id\":\"https:\\\/\\\/diariofemenino.com.ar\\\/df\\\/#\\\/schema\\\/person\\\/bf6199e8158c657ea6f789b11ec85509\"},\"headline\":\"Llamado a la Huelga Mundial de Mujeres por el 8 de marzo de 2020. Toda la informaci\u00f3n\",\"datePublished\":\"2020-02-20T13:26:41+00:00\",\"dateModified\":\"2020-02-20T13:36:22+00:00\",\"mainEntityOfPage\":{\"@id\":\"https:\\\/\\\/diariofemenino.com.ar\\\/df\\\/llamado-a-la-huelga-mundial-de-mujeres-por-el-8-de-marzo-de-2020-toda-la-informacion\\\/\"},\"wordCount\":897,\"commentCount\":0,\"publisher\":{\"@id\":\"https:\\\/\\\/diariofemenino.com.ar\\\/df\\\/#organization\"},\"image\":{\"@id\":\"https:\\\/\\\/diariofemenino.com.ar\\\/df\\\/llamado-a-la-huelga-mundial-de-mujeres-por-el-8-de-marzo-de-2020-toda-la-informacion\\\/#primaryimage\"},\"thumbnailUrl\":\"https:\\\/\\\/diariofemenino.com.ar\\\/df\\\/wp-content\\\/uploads\\\/2020\\\/02\\\/fph_0.jpg\",\"keywords\":[\"8 de Marzo\",\"Econom\u00eda\",\"Huelga Mundial de Mujeres\",\"Salud\",\"Trabajo\"],\"articleSection\":[\"Agenda Feminista\",\"Mujeres\",\"Salud\"],\"inLanguage\":\"es\",\"potentialAction\":[{\"@type\":\"CommentAction\",\"name\":\"Comment\",\"target\":[\"https:\\\/\\\/diariofemenino.com.ar\\\/df\\\/llamado-a-la-huelga-mundial-de-mujeres-por-el-8-de-marzo-de-2020-toda-la-informacion\\\/#respond\"]}]},{\"@type\":\"WebPage\",\"@id\":\"https:\\\/\\\/diariofemenino.com.ar\\\/df\\\/llamado-a-la-huelga-mundial-de-mujeres-por-el-8-de-marzo-de-2020-toda-la-informacion\\\/\",\"url\":\"https:\\\/\\\/diariofemenino.com.ar\\\/df\\\/llamado-a-la-huelga-mundial-de-mujeres-por-el-8-de-marzo-de-2020-toda-la-informacion\\\/\",\"name\":\"Llamado a la Huelga Mundial de Mujeres por el 8 de marzo de 2020. Toda la informaci\u00f3n - Diario Digital Femenino\",\"isPartOf\":{\"@id\":\"https:\\\/\\\/diariofemenino.com.ar\\\/df\\\/#website\"},\"primaryImageOfPage\":{\"@id\":\"https:\\\/\\\/diariofemenino.com.ar\\\/df\\\/llamado-a-la-huelga-mundial-de-mujeres-por-el-8-de-marzo-de-2020-toda-la-informacion\\\/#primaryimage\"},\"image\":{\"@id\":\"https:\\\/\\\/diariofemenino.com.ar\\\/df\\\/llamado-a-la-huelga-mundial-de-mujeres-por-el-8-de-marzo-de-2020-toda-la-informacion\\\/#primaryimage\"},\"thumbnailUrl\":\"https:\\\/\\\/diariofemenino.com.ar\\\/df\\\/wp-content\\\/uploads\\\/2020\\\/02\\\/fph_0.jpg\",\"datePublished\":\"2020-02-20T13:26:41+00:00\",\"dateModified\":\"2020-02-20T13:36:22+00:00\",\"description\":\"Llamado a la Huelga Mundial de Mujeres. \u00bfC\u00f3mo puede unirse y apoyar\u00a0la campa\u00f1a? Toda la informaci\u00f3n y contacto de Prensa en esta nota\",\"breadcrumb\":{\"@id\":\"https:\\\/\\\/diariofemenino.com.ar\\\/df\\\/llamado-a-la-huelga-mundial-de-mujeres-por-el-8-de-marzo-de-2020-toda-la-informacion\\\/#breadcrumb\"},\"inLanguage\":\"es\",\"potentialAction\":[{\"@type\":\"ReadAction\",\"target\":[\"https:\\\/\\\/diariofemenino.com.ar\\\/df\\\/llamado-a-la-huelga-mundial-de-mujeres-por-el-8-de-marzo-de-2020-toda-la-informacion\\\/\"]}]},{\"@type\":\"ImageObject\",\"inLanguage\":\"es\",\"@id\":\"https:\\\/\\\/diariofemenino.com.ar\\\/df\\\/llamado-a-la-huelga-mundial-de-mujeres-por-el-8-de-marzo-de-2020-toda-la-informacion\\\/#primaryimage\",\"url\":\"https:\\\/\\\/diariofemenino.com.ar\\\/df\\\/wp-content\\\/uploads\\\/2020\\\/02\\\/fph_0.jpg\",\"contentUrl\":\"https:\\\/\\\/diariofemenino.com.ar\\\/df\\\/wp-content\\\/uploads\\\/2020\\\/02\\\/fph_0.jpg\",\"width\":940,\"height\":768,\"caption\":\"Llamado a la Huelga Mundial de Mujeres por el 8 de marzo de 2020\"},{\"@type\":\"BreadcrumbList\",\"@id\":\"https:\\\/\\\/diariofemenino.com.ar\\\/df\\\/llamado-a-la-huelga-mundial-de-mujeres-por-el-8-de-marzo-de-2020-toda-la-informacion\\\/#breadcrumb\",\"itemListElement\":[{\"@type\":\"ListItem\",\"position\":1,\"name\":\"Portada\",\"item\":\"https:\\\/\\\/diariofemenino.com.ar\\\/df\\\/\"},{\"@type\":\"ListItem\",\"position\":2,\"name\":\"Llamado a la Huelga Mundial de Mujeres por el 8 de marzo de 2020. Toda la informaci\u00f3n\"}]},{\"@type\":\"WebSite\",\"@id\":\"https:\\\/\\\/diariofemenino.com.ar\\\/df\\\/#website\",\"url\":\"https:\\\/\\\/diariofemenino.com.ar\\\/df\\\/\",\"name\":\"Diario Digital Femenino\",\"description\":\"Cuesti\u00f3n de G\u00e9nero\",\"publisher\":{\"@id\":\"https:\\\/\\\/diariofemenino.com.ar\\\/df\\\/#organization\"},\"potentialAction\":[{\"@type\":\"SearchAction\",\"target\":{\"@type\":\"EntryPoint\",\"urlTemplate\":\"https:\\\/\\\/diariofemenino.com.ar\\\/df\\\/?s={search_term_string}\"},\"query-input\":{\"@type\":\"PropertyValueSpecification\",\"valueRequired\":true,\"valueName\":\"search_term_string\"}}],\"inLanguage\":\"es\"},{\"@type\":\"Organization\",\"@id\":\"https:\\\/\\\/diariofemenino.com.ar\\\/df\\\/#organization\",\"name\":\"Diario Femenino\",\"url\":\"https:\\\/\\\/diariofemenino.com.ar\\\/df\\\/\",\"logo\":{\"@type\":\"ImageObject\",\"inLanguage\":\"es\",\"@id\":\"https:\\\/\\\/diariofemenino.com.ar\\\/df\\\/#\\\/schema\\\/logo\\\/image\\\/\",\"url\":\"https:\\\/\\\/diariofemenino.com.ar\\\/df\\\/wp-content\\\/uploads\\\/2018\\\/10\\\/logo.png\",\"contentUrl\":\"https:\\\/\\\/diariofemenino.com.ar\\\/df\\\/wp-content\\\/uploads\\\/2018\\\/10\\\/logo.png\",\"width\":500,\"height\":92,\"caption\":\"Diario Femenino\"},\"image\":{\"@id\":\"https:\\\/\\\/diariofemenino.com.ar\\\/df\\\/#\\\/schema\\\/logo\\\/image\\\/\"},\"sameAs\":[\"https:\\\/\\\/www.facebook.com\\\/DiarioDigitaFemenino\\\/\",\"https:\\\/\\\/x.com\\\/DiarioFemenino1\"]},{\"@type\":\"Person\",\"@id\":\"https:\\\/\\\/diariofemenino.com.ar\\\/df\\\/#\\\/schema\\\/person\\\/bf6199e8158c657ea6f789b11ec85509\",\"name\":\"Admin\",\"image\":{\"@type\":\"ImageObject\",\"inLanguage\":\"es\",\"@id\":\"https:\\\/\\\/diariofemenino.com.ar\\\/df\\\/wp-content\\\/uploads\\\/2018\\\/12\\\/favicon-150x150.jpg\",\"url\":\"https:\\\/\\\/diariofemenino.com.ar\\\/df\\\/wp-content\\\/uploads\\\/2018\\\/12\\\/favicon-150x150.jpg\",\"contentUrl\":\"https:\\\/\\\/diariofemenino.com.ar\\\/df\\\/wp-content\\\/uploads\\\/2018\\\/12\\\/favicon-150x150.jpg\",\"caption\":\"Admin\"},\"url\":\"https:\\\/\\\/diariofemenino.com.ar\\\/df\\\/author\\\/lenny\\\/\"}]}<\/script>\n<!-- \/ Yoast SEO plugin. -->","yoast_head_json":{"title":"Llamado a la Huelga Mundial de Mujeres por el 8 de marzo de 2020. Toda la informaci\u00f3n - Diario Digital Femenino","description":"Llamado a la Huelga Mundial de Mujeres. \u00bfC\u00f3mo puede unirse y apoyar\u00a0la campa\u00f1a? Toda la informaci\u00f3n y contacto de Prensa en esta nota","robots":{"index":"index","follow":"follow","max-snippet":"max-snippet:-1","max-image-preview":"max-image-preview:large","max-video-preview":"max-video-preview:-1"},"canonical":"https:\/\/diariofemenino.com.ar\/df\/llamado-a-la-huelga-mundial-de-mujeres-por-el-8-de-marzo-de-2020-toda-la-informacion\/","og_locale":"es_ES","og_type":"article","og_title":"Llamado a la Huelga Mundial de Mujeres por el 8 de marzo de 2020. Toda la informaci\u00f3n - Diario Digital Femenino","og_description":"Llamado a la Huelga Mundial de Mujeres. \u00bfC\u00f3mo puede unirse y apoyar\u00a0la campa\u00f1a? Toda la informaci\u00f3n y contacto de Prensa en esta nota","og_url":"https:\/\/diariofemenino.com.ar\/df\/llamado-a-la-huelga-mundial-de-mujeres-por-el-8-de-marzo-de-2020-toda-la-informacion\/","og_site_name":"Diario Digital Femenino","article_publisher":"https:\/\/www.facebook.com\/DiarioDigitaFemenino\/","article_published_time":"2020-02-20T13:26:41+00:00","article_modified_time":"2020-02-20T13:36:22+00:00","og_image":[{"width":940,"height":768,"url":"https:\/\/diariofemenino.com.ar\/df\/wp-content\/uploads\/2020\/02\/fph_0.jpg","type":"image\/jpeg"}],"author":"Admin","twitter_card":"summary_large_image","twitter_creator":"@DiarioFemenino1","twitter_site":"@DiarioFemenino1","twitter_misc":{"Escrito por":"Admin","Tiempo de lectura":"4 minutos"},"schema":{"@context":"https:\/\/schema.org","@graph":[{"@type":"Article","@id":"https:\/\/diariofemenino.com.ar\/df\/llamado-a-la-huelga-mundial-de-mujeres-por-el-8-de-marzo-de-2020-toda-la-informacion\/#article","isPartOf":{"@id":"https:\/\/diariofemenino.com.ar\/df\/llamado-a-la-huelga-mundial-de-mujeres-por-el-8-de-marzo-de-2020-toda-la-informacion\/"},"author":{"name":"Admin","@id":"https:\/\/diariofemenino.com.ar\/df\/#\/schema\/person\/bf6199e8158c657ea6f789b11ec85509"},"headline":"Llamado a la Huelga Mundial de Mujeres por el 8 de marzo de 2020. Toda la informaci\u00f3n","datePublished":"2020-02-20T13:26:41+00:00","dateModified":"2020-02-20T13:36:22+00:00","mainEntityOfPage":{"@id":"https:\/\/diariofemenino.com.ar\/df\/llamado-a-la-huelga-mundial-de-mujeres-por-el-8-de-marzo-de-2020-toda-la-informacion\/"},"wordCount":897,"commentCount":0,"publisher":{"@id":"https:\/\/diariofemenino.com.ar\/df\/#organization"},"image":{"@id":"https:\/\/diariofemenino.com.ar\/df\/llamado-a-la-huelga-mundial-de-mujeres-por-el-8-de-marzo-de-2020-toda-la-informacion\/#primaryimage"},"thumbnailUrl":"https:\/\/diariofemenino.com.ar\/df\/wp-content\/uploads\/2020\/02\/fph_0.jpg","keywords":["8 de Marzo","Econom\u00eda","Huelga Mundial de Mujeres","Salud","Trabajo"],"articleSection":["Agenda Feminista","Mujeres","Salud"],"inLanguage":"es","potentialAction":[{"@type":"CommentAction","name":"Comment","target":["https:\/\/diariofemenino.com.ar\/df\/llamado-a-la-huelga-mundial-de-mujeres-por-el-8-de-marzo-de-2020-toda-la-informacion\/#respond"]}]},{"@type":"WebPage","@id":"https:\/\/diariofemenino.com.ar\/df\/llamado-a-la-huelga-mundial-de-mujeres-por-el-8-de-marzo-de-2020-toda-la-informacion\/","url":"https:\/\/diariofemenino.com.ar\/df\/llamado-a-la-huelga-mundial-de-mujeres-por-el-8-de-marzo-de-2020-toda-la-informacion\/","name":"Llamado a la Huelga Mundial de Mujeres por el 8 de marzo de 2020. Toda la informaci\u00f3n - Diario Digital Femenino","isPartOf":{"@id":"https:\/\/diariofemenino.com.ar\/df\/#website"},"primaryImageOfPage":{"@id":"https:\/\/diariofemenino.com.ar\/df\/llamado-a-la-huelga-mundial-de-mujeres-por-el-8-de-marzo-de-2020-toda-la-informacion\/#primaryimage"},"image":{"@id":"https:\/\/diariofemenino.com.ar\/df\/llamado-a-la-huelga-mundial-de-mujeres-por-el-8-de-marzo-de-2020-toda-la-informacion\/#primaryimage"},"thumbnailUrl":"https:\/\/diariofemenino.com.ar\/df\/wp-content\/uploads\/2020\/02\/fph_0.jpg","datePublished":"2020-02-20T13:26:41+00:00","dateModified":"2020-02-20T13:36:22+00:00","description":"Llamado a la Huelga Mundial de Mujeres. \u00bfC\u00f3mo puede unirse y apoyar\u00a0la campa\u00f1a? Toda la informaci\u00f3n y contacto de Prensa en esta nota","breadcrumb":{"@id":"https:\/\/diariofemenino.com.ar\/df\/llamado-a-la-huelga-mundial-de-mujeres-por-el-8-de-marzo-de-2020-toda-la-informacion\/#breadcrumb"},"inLanguage":"es","potentialAction":[{"@type":"ReadAction","target":["https:\/\/diariofemenino.com.ar\/df\/llamado-a-la-huelga-mundial-de-mujeres-por-el-8-de-marzo-de-2020-toda-la-informacion\/"]}]},{"@type":"ImageObject","inLanguage":"es","@id":"https:\/\/diariofemenino.com.ar\/df\/llamado-a-la-huelga-mundial-de-mujeres-por-el-8-de-marzo-de-2020-toda-la-informacion\/#primaryimage","url":"https:\/\/diariofemenino.com.ar\/df\/wp-content\/uploads\/2020\/02\/fph_0.jpg","contentUrl":"https:\/\/diariofemenino.com.ar\/df\/wp-content\/uploads\/2020\/02\/fph_0.jpg","width":940,"height":768,"caption":"Llamado a la Huelga Mundial de Mujeres por el 8 de marzo de 2020"},{"@type":"BreadcrumbList","@id":"https:\/\/diariofemenino.com.ar\/df\/llamado-a-la-huelga-mundial-de-mujeres-por-el-8-de-marzo-de-2020-toda-la-informacion\/#breadcrumb","itemListElement":[{"@type":"ListItem","position":1,"name":"Portada","item":"https:\/\/diariofemenino.com.ar\/df\/"},{"@type":"ListItem","position":2,"name":"Llamado a la Huelga Mundial de Mujeres por el 8 de marzo de 2020. Toda la informaci\u00f3n"}]},{"@type":"WebSite","@id":"https:\/\/diariofemenino.com.ar\/df\/#website","url":"https:\/\/diariofemenino.com.ar\/df\/","name":"Diario Digital Femenino","description":"Cuesti\u00f3n de G\u00e9nero","publisher":{"@id":"https:\/\/diariofemenino.com.ar\/df\/#organization"},"potentialAction":[{"@type":"SearchAction","target":{"@type":"EntryPoint","urlTemplate":"https:\/\/diariofemenino.com.ar\/df\/?s={search_term_string}"},"query-input":{"@type":"PropertyValueSpecification","valueRequired":true,"valueName":"search_term_string"}}],"inLanguage":"es"},{"@type":"Organization","@id":"https:\/\/diariofemenino.com.ar\/df\/#organization","name":"Diario Femenino","url":"https:\/\/diariofemenino.com.ar\/df\/","logo":{"@type":"ImageObject","inLanguage":"es","@id":"https:\/\/diariofemenino.com.ar\/df\/#\/schema\/logo\/image\/","url":"https:\/\/diariofemenino.com.ar\/df\/wp-content\/uploads\/2018\/10\/logo.png","contentUrl":"https:\/\/diariofemenino.com.ar\/df\/wp-content\/uploads\/2018\/10\/logo.png","width":500,"height":92,"caption":"Diario Femenino"},"image":{"@id":"https:\/\/diariofemenino.com.ar\/df\/#\/schema\/logo\/image\/"},"sameAs":["https:\/\/www.facebook.com\/DiarioDigitaFemenino\/","https:\/\/x.com\/DiarioFemenino1"]},{"@type":"Person","@id":"https:\/\/diariofemenino.com.ar\/df\/#\/schema\/person\/bf6199e8158c657ea6f789b11ec85509","name":"Admin","image":{"@type":"ImageObject","inLanguage":"es","@id":"https:\/\/diariofemenino.com.ar\/df\/wp-content\/uploads\/2018\/12\/favicon-150x150.jpg","url":"https:\/\/diariofemenino.com.ar\/df\/wp-content\/uploads\/2018\/12\/favicon-150x150.jpg","contentUrl":"https:\/\/diariofemenino.com.ar\/df\/wp-content\/uploads\/2018\/12\/favicon-150x150.jpg","caption":"Admin"},"url":"https:\/\/diariofemenino.com.ar\/df\/author\/lenny\/"}]}},"jetpack_featured_media_url":"https:\/\/diariofemenino.com.ar\/df\/wp-content\/uploads\/2020\/02\/fph_0.jpg","jetpack_sharing_enabled":true,"rttpg_featured_image_url":{"full":["https:\/\/diariofemenino.com.ar\/df\/wp-content\/uploads\/2020\/02\/fph_0.jpg",940,768,false],"landscape":["https:\/\/diariofemenino.com.ar\/df\/wp-content\/uploads\/2020\/02\/fph_0.jpg",940,768,false],"portraits":["https:\/\/diariofemenino.com.ar\/df\/wp-content\/uploads\/2020\/02\/fph_0.jpg",940,768,false],"thumbnail":["https:\/\/diariofemenino.com.ar\/df\/wp-content\/uploads\/2020\/02\/fph_0-150x150.jpg",150,150,true],"medium":["https:\/\/diariofemenino.com.ar\/df\/wp-content\/uploads\/2020\/02\/fph_0-300x245.jpg",300,245,true],"large":["https:\/\/diariofemenino.com.ar\/df\/wp-content\/uploads\/2020\/02\/fph_0.jpg",940,768,false],"1536x1536":["https:\/\/diariofemenino.com.ar\/df\/wp-content\/uploads\/2020\/02\/fph_0.jpg",940,768,false],"2048x2048":["https:\/\/diariofemenino.com.ar\/df\/wp-content\/uploads\/2020\/02\/fph_0.jpg",940,768,false]},"rttpg_author":{"display_name":"Admin","author_link":"https:\/\/diariofemenino.com.ar\/df\/author\/lenny\/"},"rttpg_comment":0,"rttpg_category":"<a href=\"https:\/\/diariofemenino.com.ar\/df\/category\/agenda-feminista\/\" rel=\"category tag\">Agenda Feminista<\/a> <a href=\"https:\/\/diariofemenino.com.ar\/df\/category\/mujeres\/\" rel=\"category tag\">Mujeres<\/a> <a href=\"https:\/\/diariofemenino.com.ar\/df\/category\/salud\/\" rel=\"category tag\">Salud<\/a>","rttpg_excerpt":"La\u00a0Huelga Mundial de Mujeres, una campa\u00f1a mundial respaldada actualmente por m\u00e1s de 90 organizaciones y movimientos sociales de todo el mundo, es una respuesta a las promesas incumplidas hechas hace 25 a\u00f1os en la Declaraci\u00f3n de Beijing por nuestros gobiernos para promover la igualdad, el desarrollo y la paz para todas las mujeres. Esta huelga&hellip;","_links":{"self":[{"href":"https:\/\/diariofemenino.com.ar\/df\/wp-json\/wp\/v2\/posts\/46576","targetHints":{"allow":["GET"]}}],"collection":[{"href":"https:\/\/diariofemenino.com.ar\/df\/wp-json\/wp\/v2\/posts"}],"about":[{"href":"https:\/\/diariofemenino.com.ar\/df\/wp-json\/wp\/v2\/types\/post"}],"author":[{"embeddable":true,"href":"https:\/\/diariofemenino.com.ar\/df\/wp-json\/wp\/v2\/users\/4"}],"replies":[{"embeddable":true,"href":"https:\/\/diariofemenino.com.ar\/df\/wp-json\/wp\/v2\/comments?post=46576"}],"version-history":[{"count":0,"href":"https:\/\/diariofemenino.com.ar\/df\/wp-json\/wp\/v2\/posts\/46576\/revisions"}],"wp:featuredmedia":[{"embeddable":true,"href":"https:\/\/diariofemenino.com.ar\/df\/wp-json\/wp\/v2\/media\/46586"}],"wp:attachment":[{"href":"https:\/\/diariofemenino.com.ar\/df\/wp-json\/wp\/v2\/media?parent=46576"}],"wp:term":[{"taxonomy":"category","embeddable":true,"href":"https:\/\/diariofemenino.com.ar\/df\/wp-json\/wp\/v2\/categories?post=46576"},{"taxonomy":"post_tag","embeddable":true,"href":"https:\/\/diariofemenino.com.ar\/df\/wp-json\/wp\/v2\/tags?post=46576"}],"curies":[{"name":"wp","href":"https:\/\/api.w.org\/{rel}","templated":true}]}}