{"id":46569,"date":"2020-02-20T09:52:23","date_gmt":"2020-02-20T12:52:23","guid":{"rendered":"https:\/\/diariofemenino.com.ar\/?p=46569"},"modified":"2020-02-20T09:52:23","modified_gmt":"2020-02-20T12:52:23","slug":"la-palabra-feminazi-expresion-de-ignorancia","status":"publish","type":"post","link":"https:\/\/diariofemenino.com.ar\/df\/la-palabra-feminazi-expresion-de-ignorancia\/","title":{"rendered":"La palabra \u201cFeminazi\u201d = expresi\u00f3n de ignorancia"},"content":{"rendered":"<p>Ante esta ola de violencia es natural que el movimiento feminista haya cobrado fuerza&#8230;<\/p>\n<figure id=\"attachment_46574\" aria-describedby=\"caption-attachment-46574\" style=\"width: 800px\" class=\"wp-caption aligncenter\"><img loading=\"lazy\" decoding=\"async\" class=\"size-full wp-image-46574\" src=\"https:\/\/diariofemenino.com.ar\/df\/wp-content\/uploads\/2020\/02\/mujeres-1.jpg\" alt=\"La palabra \u201cFeminazi\u201d = expresi\u00f3n de ignorancia\" width=\"800\" height=\"517\" srcset=\"https:\/\/diariofemenino.com.ar\/df\/wp-content\/uploads\/2020\/02\/mujeres-1.jpg 800w, https:\/\/diariofemenino.com.ar\/df\/wp-content\/uploads\/2020\/02\/mujeres-1-300x194.jpg 300w, https:\/\/diariofemenino.com.ar\/df\/wp-content\/uploads\/2020\/02\/mujeres-1-768x496.jpg 768w\" sizes=\"auto, (max-width: 800px) 100vw, 800px\" \/><figcaption id=\"caption-attachment-46574\" class=\"wp-caption-text\">La palabra \u201cFeminazi\u201d = expresi\u00f3n de ignorancia<\/figcaption><\/figure>\n<p>Por\u00a0<a href=\"https:\/\/diariofemenino.com.ar\/feminismo-un-llamado-social\/\">Laura Carreto Tirado<\/a><br \/>\nFoto de Portada: cuartoscuro archivo<\/p>\n<p>Seg\u00fan el Observatorio Ciudadano Nacional de Feminicidio, en voz de su asesora jur\u00eddica Ana Yeli P\u00e9rez, en M\u00e9xico han sido asesinadas 8,904 mujeres en un lapso de 2014 y 2017; 1,420 de estos asesinatos ocurrieron en el Estado de M\u00e9xico, siendo Ecatepec el municipio con mayor n\u00famero de cr\u00edmenes. \u00a0El Fiscal General de la Republica: Alejandro Gertz Manero asever\u00f3 que los feminicidios en M\u00e9xico se han disparado de manera preocupante: al aumentar 137% en los cinco a\u00f1os recientes, esto es cuatro veces m\u00e1s que el homicidio (La Jornada, 2020). Diariamente son asesinadas 10 mujeres (El Pa\u00eds, 2020).<\/p>\n<p>Ante esta ola de violencia es natural que el movimiento feminista haya cobrado fuerza durante estos \u00faltimos a\u00f1os, exigiendo justicia para los feminicidios y violencia de g\u00e9nero, adem\u00e1s de estar resistiendo los embates y agresiones del mundo machista en el que vivimos todas y todos: en este sistema en el que ambos g\u00e9neros salimos perdiendo por la estructura patriarcal que nos ha dominado durante siglos.<\/p>\n<p>El concepto \u201cfeminazi\u201d es usado intencionalmente para <a href=\"https:\/\/es.wikipedia.org\/wiki\/Feminazi\">desacreditar<\/a> el movimiento feminista, enjuiciando a quienes luchan contra la violencia de g\u00e9nero, feminicidios y en general contra el sistema machista que domina a las instituciones; y por lo cual a\u00fan en nuestro pa\u00eds no se ha consolidado el derecho a decidir, a excepci\u00f3n de la Ciudad de M\u00e9xico y Oaxaca. Esta palabra tan peyorativa es igualmente utilizada tanto por hombres como mujeres, es una forma de expresi\u00f3n mis\u00f3gina, as\u00ed como la violencia; ya el extremo de esta enfermedad social es la violaci\u00f3n y el feminicidio.<\/p>\n<p>La palabra \u201cfeminazi\u201d tiene como ra\u00edces \u201cfeminismo\u201d, un movimiento pol\u00edtico y social que busca conseguir la igualdad de mujeres y hombres en lo econ\u00f3mico, social y cultural. Adem\u00e1s de luchar en contra de la violencia de g\u00e9nero y a favor del derecho a decidir. \u201cNazi\u201d viene del \u201cnazismo\u201d que es una doctrina pol\u00edtica que enaltece el racismo (y la idea de \u201cuna raza pura\u201d) y el totalitarismo, su m\u00e1ximo exponente fue Adolf Hitler responsable de la muerte de millones de personas a quienes consideraba inferiores (Milenio, 2018).<\/p>\n<p>Este t\u00e9rmino fue inventado por Rush Limbaugh, un conductor de televisi\u00f3n estadunidense del Partido Republicano con la clara intenci\u00f3n de denostar la lucha feminista.\u00a0 Recientemente, a principios de febrero del a\u00f1o en curso, el presidente de Estados Unidos Donald Trump condecor\u00f3 a Limbaugh con la Medalla Presidencial de la Libertad. El hombre que casi es un h\u00e9roe en ese pa\u00eds ha sido acusado en diversas ocasiones de realizar actos xen\u00f3fobos, racistas, discriminatorios y fanatistas. En su libro \u201cThe things ought to be\u201d (\u201cComo deber\u00edan ser las cosas\u201d) en 1992, fue donde utiliz\u00f3 por primera vez el t\u00e9rmino \u201cfeminazi\u201d. Posteriormente dijo que el hombre que lo acu\u00f1\u00f3 fue el profesor de econom\u00eda de la Universidad de California: Tom Hazlett y que \u00e9l s\u00f3lo se hab\u00eda encargado de difundirlo (Infobae, 2020).<\/p>\n<p>La gente que lo utiliza, se confunde al creer que las feministas somos autoritarias como Hitler, quien impuso una dictadura que cancel\u00f3 todas las libertades y que a las mujeres alemanas blancas las orient\u00f3 a una vida dom\u00e9stica. Lo m\u00e1s \u201ccurioso\u201d es que a las \u201cfeminazis\u201d (como nos hacen llamar) son a las que nos est\u00e1n matando, como ejemplo est\u00e1 el feminicidio de la activista chihuahuense: Isabel Cabanillas el pasado 19 de enero; la misma Marisela Escobedo, asesinada en el mismo estado en 2010, despu\u00e9s de dos a\u00f1os de buscar al asesino de su hija. Esto no es m\u00e1s que la expresi\u00f3n de la misma sociedad en la que vivimos, en las que todas las mujeres estamos expuestas a la misma forma de discriminaci\u00f3n y odio, ninguna se salva de este rencor social.<\/p>\n<p>Las personas que lo usan dentro de su vocabulario creen exageradas a las feministas que leg\u00edtimamente y con toda raz\u00f3n exigen un alto a todas estas expresiones de odio y violencia; ignoran y minimizan los miles de feminicidios y violencia de g\u00e9nero que han ocurrido. Ser\u00eda interesante crear una breve entrevista a quienes lo tienen registrado en su l\u00e9xico para saber cu\u00e1les son sus argumentos para utilizarlo, posiblemente si les pregunt\u00e1ramos m\u00e1s a fondo no tendr\u00edan m\u00e1s que decir que son las mujeres que odian a los hombres, o que destruyen el patrimonio, lo cual es una generalizaci\u00f3n, una afirmaci\u00f3n llena de estereotipos que descontextualizan el motivo de ser del feminismo.<\/p>\n<p>Las expresiones de rencor contra las feministas en las redes sociales son tan evidentes como en la vida cotidiana: Un \u201ctweet reciente\u201d al usar el hashtag \u201cfeminazi\u201d en twitter (valga la redundancia) remite al texto del usuario @mediterraneoDGT fechado el 9 de febrero de este a\u00f1o, 2020, quien pregunta \u201c\u00bfQu\u00e9 prefieres: darle un beso a una feminazi o a un chino?\u201d con el hashtag: \u201ccoronavirus\u201d. El mensaje es discriminatorio en todos los sentidos. Los memes evidencian la imagen distorsionada y estereotipada que hay de las feministas; uno de cientos dice textualmente: \u201ccosas que les gustan hacer a las feminazis: odio a los hombres, matar beb\u00e9s y hacerse las v\u00edstimas\u201d. Estos dos ejemplos son suficientes para evidenciar los prejuicios, el rechazo y la ignorancia.<\/p>\n<p>Para la fil\u00f3sofa feminista Eli Bartra, el feminismo, es una sola lucha que engloba a todas las mujeres: afroamericanas, ind\u00edgenas, lesbianas, etc. Pero, definitivamente, desde mi perspectiva, s\u00ed hay una \u201ccara\u201d m\u00e1s radical y separatista del feminismo, como por ejemplo una manifestaci\u00f3n ocurrida el 17 de septiembre de 2017 en memoria de Mara Castilla, (asesinada en Puebla por un conductor de Cabify) donde se les exigi\u00f3 a los hombres ir atr\u00e1s del contingente, el periodista Jenaro Villamil fue sacado sin raz\u00f3n alguna de manera hostil, mientras hacia su trabajo grabando y atestiguando los hechos. No hay duda que para cambiar el sistema social que nos ha dominado durante toda la historia de la humanidad se requiere urgentemente la participaci\u00f3n masculina, no debe haber cabida para la intolerancia y discriminaci\u00f3n en este tipo de luchas colectivas.<\/p>\n<p>Y es que se entiende la molestia de las feministas en contra de los medios de comunicaci\u00f3n, pero no justifica que se agreda a quienes simpatizan con la causa. Precisamente las televisoras tienen mucho que ver en esta imagen distorsionada del feminismo, pues el d\u00eda de las manifestaciones contra la no violencia de g\u00e9nero el pasado 25 de noviembre en la Ciudad de M\u00e9xico, las televisoras nacionales les dieron mucho mayor difusi\u00f3n a los monumentos grafiteados y no al motivo de las protestas.<\/p>\n<p>Las pintas en las manifestaciones son muestra de un descontento por la violencia generalizada y un sistema patriarcal que domina desde el estado, con la p\u00e9sima impartici\u00f3n de justicia, un mediocre funcionamiento de los ministerios p\u00fablicos y la corrupci\u00f3n que domina a los jueces y todo el sistema responsable de la justicia. Es razonable que durante estos \u00faltimos a\u00f1os han aumentado las manifestaciones por el creciente n\u00famero de feminicidios y violencia contra las mujeres.<\/p>\n<p>Para muchos lo mejor es que las feministas muestren su descontento sin \u201cda\u00f1ar\u201d el patrimonio, sin embargo, por muchos a\u00f1os las manifestaciones feministas se han realizado en tranquilidad y paz y aun as\u00ed los feminicidios siguen, la violencia ejercida desde el estado no ha cambiado.<\/p>\n<p>El reciente feminicidio de Ingrid Escamilla el fin de semana pasado, caus\u00f3 conmoci\u00f3n entre la sociedad mexicana por la violencia extrema utilizada por su esposo, un hombre que casi le doblaba la edad. Este caso expuso el sistema de justica patriarcal, mis\u00f3gino e insensible, al filtrarse las im\u00e1genes de su cuerpo desollado en el peri\u00f3dico \u201cLa Prensa\u201d (famoso por tener poca \u00e9tica y lucrar con las im\u00e1genes de nota roja); y en las redes sociales con un \u201chashtag\u201d en espec\u00edfico que no vale la pena mencionar. La pregunta es: \u00bfQui\u00e9nes tomaron las fotograf\u00edas? Seguramente personal del Servicio M\u00e9dico Forense (SEMEFO), igual de insensibles quienes las compartieron, mostrando nulo respeto a la memoria de Ingrid.<\/p>\n<p>Igualmente, este lunes 17 de febrero una noticia cimbr\u00f3 a la sociedad mexicana: \u201cF\u00e1tima\u201d, una ni\u00f1a de apenas 7 a\u00f1os fue torturada y asesinada en la colonia Los Reyes, al sur de la Ciudad de M\u00e9xico. Despu\u00e9s de d\u00edas de b\u00fasqueda encontraron su cuerpo en una bolsa de basura. El hecho se da bajo circunstancias extra\u00f1as, seg\u00fan versiones difundidas por los medios de comunicaci\u00f3n: 6 d\u00edas antes, el d\u00eda de su desaparici\u00f3n, su madre lleg\u00f3 tarde por ella y la escuela se la entreg\u00f3 a una mujer ajena a la familia, quien la tom\u00f3 de la mano y se la llev\u00f3. Este caso est\u00e1 lleno de preguntas, pues en un video difundido la ni\u00f1a se va con mucha familiaridad con la se\u00f1ora. Lo ocurrido tambi\u00e9n evidencia negligencia por parte del estado ya que la t\u00eda de F\u00e1tima hab\u00eda reportado en 2017 al Desarrollo Integral de la Familia: DIF (instancia gubernamental encargada de la integridad de los ni\u00f1os) falta de atenci\u00f3n por parte de la madre y el padrastro. Estas circunstancias tan lamentables, las de Ingrid y F\u00e1tima han \u201curgido\u201d al gobierno federal poner m\u00e1s atenci\u00f3n en los casos de femicidios; a mi parecer el gobierno de L\u00f3pez Obrador ha actuado con pasividad ante esta ola de violencia.<\/p>\n<p>El rencor e ignorancia es lo m\u00e1s natural hacia el movimiento feminista, repetir lo que se dice y no investigar acerca de este movimiento no debe de tener cabida en esta sociedad. Si se pudiera resumir en una frase lo que ocurre en M\u00e9xico: feminicidios, violencia, desapariciones hacia mujeres y ni\u00f1as: \u201cSer\u00eda odio hacia la mujer\u201d, por eso es muy com\u00fan la expresi\u00f3n \u201cfeminazi\u201d, retrata a la perfecci\u00f3n la aversi\u00f3n social a nuestro g\u00e9nero.<\/p>\n<p>Es importante reflexionar sobre la responsabilidad de los medios de comunicaci\u00f3n en el manejo de los casos de feminicidios, violencia de g\u00e9nero y marchas feministas. Definitivamente son parte de la mirada masculina que domina en nuestra sociedad, buena parte de la prensa es insensible ante estos casos. Como ejemplo est\u00e1 el de Ingrid Escamilla y su irresponsabilidad al difundir las fotos; pero tampoco se quedan atr\u00e1s con sus \u201can\u00e1lisis\u201d en las marchas feministas. La mayor\u00eda de los directores de los peri\u00f3dicos, due\u00f1os de televisoras y columnistas en los medios de comunicaci\u00f3n nacionales son hombres \u00bfqu\u00e9 podemos esperar de las noticias? Se tendr\u00eda que poner en marcha un curso de capacitaci\u00f3n para que las \u00e9lites de los medios dejen atr\u00e1s sus patrones mis\u00f3ginos y analicen las noticias con perspectiva de g\u00e9nero y sensibilidad.<\/p>\n<p>Concluyo con esta frase: \u201c\u00bfPor qu\u00e9 se escandalizan por las que luchan y no por las que mueren?\u201d.<\/p>\n<p>En paz descansen Ingrid Escamilla y F\u00e1tima.<\/p>\n<p><a href=\"https:\/\/diariofemenino.com.ar\/\">Diario Digital Femenino\u00a0<\/a><\/p>\n<p>Publicada en <a href=\"https:\/\/m.e-consulta.com\/\">m.e-consulta<\/a><\/p>\n","protected":false},"excerpt":{"rendered":"<p>Ante esta ola de violencia es natural que el movimiento feminista haya cobrado fuerza&#8230; Por\u00a0Laura Carreto Tirado Foto de Portada: cuartoscuro archivo Seg\u00fan el Observatorio Ciudadano Nacional de Feminicidio, en voz de su asesora jur\u00eddica Ana Yeli P\u00e9rez, en M\u00e9xico han sido asesinadas 8,904 mujeres en un lapso de 2014 y 2017; 1,420 de estos [&hellip;]<\/p>\n","protected":false},"author":4,"featured_media":46572,"comment_status":"open","ping_status":"open","sticky":false,"template":"","format":"standard","meta":{"iawp_total_views":148,"footnotes":""},"categories":[7,1067,19,6,580],"tags":[2918,2917,2919],"class_list":["post-46569","post","type-post","status-publish","format-standard","has-post-thumbnail","hentry","category-actividades","category-agenda-feminista","category-biblioteca","category-articulos","category-resistencia-verdevioleta","tag-expresion","tag-feminazi","tag-ignorancia"],"nelio_content":{"autoShareEndMode":"never","automationSources":{"useCustomSentences":false,"customSentences":[]},"efiAlt":"","efiUrl":"","followers":[4],"highlights":[],"isAutoShareEnabled":true,"networkImageIds":[],"permalinkQueryArgs":[],"series":[],"suggestedReferences":[]},"yoast_head":"<!-- This site is optimized with the Yoast SEO plugin v27.5 - https:\/\/yoast.com\/product\/yoast-seo-wordpress\/ -->\n<title>La palabra \u201cFeminazi\u201d = expresi\u00f3n de ignorancia - Diario Digital Femenino<\/title>\n<meta name=\"description\" content=\"La palabra \u201cFeminazi\u201d. Ante esta ola de violencia es natural que el movimiento feminista haya cobrado fuerza...Por Laura Carreto Tirado\" \/>\n<meta name=\"robots\" content=\"index, follow, max-snippet:-1, max-image-preview:large, max-video-preview:-1\" \/>\n<link rel=\"canonical\" href=\"https:\/\/diariofemenino.com.ar\/df\/la-palabra-feminazi-expresion-de-ignorancia\/\" \/>\n<meta property=\"og:locale\" content=\"es_ES\" \/>\n<meta property=\"og:type\" content=\"article\" \/>\n<meta property=\"og:title\" content=\"La palabra \u201cFeminazi\u201d = expresi\u00f3n de ignorancia - Diario Digital Femenino\" \/>\n<meta property=\"og:description\" content=\"La palabra \u201cFeminazi\u201d. Ante esta ola de violencia es natural que el movimiento feminista haya cobrado fuerza...Por Laura Carreto Tirado\" \/>\n<meta property=\"og:url\" content=\"https:\/\/diariofemenino.com.ar\/df\/la-palabra-feminazi-expresion-de-ignorancia\/\" \/>\n<meta property=\"og:site_name\" content=\"Diario Digital Femenino\" \/>\n<meta property=\"article:publisher\" content=\"https:\/\/www.facebook.com\/DiarioDigitaFemenino\/\" \/>\n<meta property=\"article:published_time\" content=\"2020-02-20T12:52:23+00:00\" \/>\n<meta property=\"og:image\" content=\"https:\/\/diariofemenino.com.ar\/df\/wp-content\/uploads\/2020\/02\/nofeminazi-focus-0-0-983-557.jpg\" \/>\n\t<meta property=\"og:image:width\" content=\"983\" \/>\n\t<meta property=\"og:image:height\" content=\"557\" \/>\n\t<meta property=\"og:image:type\" content=\"image\/jpeg\" \/>\n<meta name=\"author\" content=\"Admin\" \/>\n<meta name=\"twitter:card\" content=\"summary_large_image\" \/>\n<meta name=\"twitter:creator\" content=\"@DiarioFemenino1\" \/>\n<meta name=\"twitter:site\" content=\"@DiarioFemenino1\" \/>\n<meta name=\"twitter:label1\" content=\"Escrito por\" \/>\n\t<meta name=\"twitter:data1\" content=\"Admin\" \/>\n\t<meta name=\"twitter:label2\" content=\"Tiempo de lectura\" \/>\n\t<meta name=\"twitter:data2\" content=\"9 minutos\" \/>\n<script type=\"application\/ld+json\" class=\"yoast-schema-graph\">{\"@context\":\"https:\\\/\\\/schema.org\",\"@graph\":[{\"@type\":\"Article\",\"@id\":\"https:\\\/\\\/diariofemenino.com.ar\\\/df\\\/la-palabra-feminazi-expresion-de-ignorancia\\\/#article\",\"isPartOf\":{\"@id\":\"https:\\\/\\\/diariofemenino.com.ar\\\/df\\\/la-palabra-feminazi-expresion-de-ignorancia\\\/\"},\"author\":{\"name\":\"Admin\",\"@id\":\"https:\\\/\\\/diariofemenino.com.ar\\\/df\\\/#\\\/schema\\\/person\\\/bf6199e8158c657ea6f789b11ec85509\"},\"headline\":\"La palabra \u201cFeminazi\u201d = expresi\u00f3n de ignorancia\",\"datePublished\":\"2020-02-20T12:52:23+00:00\",\"mainEntityOfPage\":{\"@id\":\"https:\\\/\\\/diariofemenino.com.ar\\\/df\\\/la-palabra-feminazi-expresion-de-ignorancia\\\/\"},\"wordCount\":1899,\"commentCount\":0,\"publisher\":{\"@id\":\"https:\\\/\\\/diariofemenino.com.ar\\\/df\\\/#organization\"},\"image\":{\"@id\":\"https:\\\/\\\/diariofemenino.com.ar\\\/df\\\/la-palabra-feminazi-expresion-de-ignorancia\\\/#primaryimage\"},\"thumbnailUrl\":\"https:\\\/\\\/diariofemenino.com.ar\\\/df\\\/wp-content\\\/uploads\\\/2020\\\/02\\\/nofeminazi-focus-0-0-983-557.jpg\",\"keywords\":[\"expresi\u00f3n\",\"Feminazi\",\"ignorancia\"],\"articleSection\":[\"Actividades\",\"Agenda Feminista\",\"Biblioteca Virtual\",\"Mujeres en Palabras\",\"Resistencia VerdeVioleta\"],\"inLanguage\":\"es\",\"potentialAction\":[{\"@type\":\"CommentAction\",\"name\":\"Comment\",\"target\":[\"https:\\\/\\\/diariofemenino.com.ar\\\/df\\\/la-palabra-feminazi-expresion-de-ignorancia\\\/#respond\"]}]},{\"@type\":\"WebPage\",\"@id\":\"https:\\\/\\\/diariofemenino.com.ar\\\/df\\\/la-palabra-feminazi-expresion-de-ignorancia\\\/\",\"url\":\"https:\\\/\\\/diariofemenino.com.ar\\\/df\\\/la-palabra-feminazi-expresion-de-ignorancia\\\/\",\"name\":\"La palabra \u201cFeminazi\u201d = expresi\u00f3n de ignorancia - Diario Digital Femenino\",\"isPartOf\":{\"@id\":\"https:\\\/\\\/diariofemenino.com.ar\\\/df\\\/#website\"},\"primaryImageOfPage\":{\"@id\":\"https:\\\/\\\/diariofemenino.com.ar\\\/df\\\/la-palabra-feminazi-expresion-de-ignorancia\\\/#primaryimage\"},\"image\":{\"@id\":\"https:\\\/\\\/diariofemenino.com.ar\\\/df\\\/la-palabra-feminazi-expresion-de-ignorancia\\\/#primaryimage\"},\"thumbnailUrl\":\"https:\\\/\\\/diariofemenino.com.ar\\\/df\\\/wp-content\\\/uploads\\\/2020\\\/02\\\/nofeminazi-focus-0-0-983-557.jpg\",\"datePublished\":\"2020-02-20T12:52:23+00:00\",\"description\":\"La palabra \u201cFeminazi\u201d. Ante esta ola de violencia es natural que el movimiento feminista haya cobrado fuerza...Por Laura Carreto Tirado\",\"breadcrumb\":{\"@id\":\"https:\\\/\\\/diariofemenino.com.ar\\\/df\\\/la-palabra-feminazi-expresion-de-ignorancia\\\/#breadcrumb\"},\"inLanguage\":\"es\",\"potentialAction\":[{\"@type\":\"ReadAction\",\"target\":[\"https:\\\/\\\/diariofemenino.com.ar\\\/df\\\/la-palabra-feminazi-expresion-de-ignorancia\\\/\"]}]},{\"@type\":\"ImageObject\",\"inLanguage\":\"es\",\"@id\":\"https:\\\/\\\/diariofemenino.com.ar\\\/df\\\/la-palabra-feminazi-expresion-de-ignorancia\\\/#primaryimage\",\"url\":\"https:\\\/\\\/diariofemenino.com.ar\\\/df\\\/wp-content\\\/uploads\\\/2020\\\/02\\\/nofeminazi-focus-0-0-983-557.jpg\",\"contentUrl\":\"https:\\\/\\\/diariofemenino.com.ar\\\/df\\\/wp-content\\\/uploads\\\/2020\\\/02\\\/nofeminazi-focus-0-0-983-557.jpg\",\"width\":983,\"height\":557,\"caption\":\"La palabra \u201cFeminazi\u201d = expresi\u00f3n de ignorancia\"},{\"@type\":\"BreadcrumbList\",\"@id\":\"https:\\\/\\\/diariofemenino.com.ar\\\/df\\\/la-palabra-feminazi-expresion-de-ignorancia\\\/#breadcrumb\",\"itemListElement\":[{\"@type\":\"ListItem\",\"position\":1,\"name\":\"Portada\",\"item\":\"https:\\\/\\\/diariofemenino.com.ar\\\/df\\\/\"},{\"@type\":\"ListItem\",\"position\":2,\"name\":\"La palabra \u201cFeminazi\u201d = expresi\u00f3n de ignorancia\"}]},{\"@type\":\"WebSite\",\"@id\":\"https:\\\/\\\/diariofemenino.com.ar\\\/df\\\/#website\",\"url\":\"https:\\\/\\\/diariofemenino.com.ar\\\/df\\\/\",\"name\":\"Diario Digital Femenino\",\"description\":\"Cuesti\u00f3n de G\u00e9nero\",\"publisher\":{\"@id\":\"https:\\\/\\\/diariofemenino.com.ar\\\/df\\\/#organization\"},\"potentialAction\":[{\"@type\":\"SearchAction\",\"target\":{\"@type\":\"EntryPoint\",\"urlTemplate\":\"https:\\\/\\\/diariofemenino.com.ar\\\/df\\\/?s={search_term_string}\"},\"query-input\":{\"@type\":\"PropertyValueSpecification\",\"valueRequired\":true,\"valueName\":\"search_term_string\"}}],\"inLanguage\":\"es\"},{\"@type\":\"Organization\",\"@id\":\"https:\\\/\\\/diariofemenino.com.ar\\\/df\\\/#organization\",\"name\":\"Diario Femenino\",\"url\":\"https:\\\/\\\/diariofemenino.com.ar\\\/df\\\/\",\"logo\":{\"@type\":\"ImageObject\",\"inLanguage\":\"es\",\"@id\":\"https:\\\/\\\/diariofemenino.com.ar\\\/df\\\/#\\\/schema\\\/logo\\\/image\\\/\",\"url\":\"https:\\\/\\\/diariofemenino.com.ar\\\/df\\\/wp-content\\\/uploads\\\/2018\\\/10\\\/logo.png\",\"contentUrl\":\"https:\\\/\\\/diariofemenino.com.ar\\\/df\\\/wp-content\\\/uploads\\\/2018\\\/10\\\/logo.png\",\"width\":500,\"height\":92,\"caption\":\"Diario Femenino\"},\"image\":{\"@id\":\"https:\\\/\\\/diariofemenino.com.ar\\\/df\\\/#\\\/schema\\\/logo\\\/image\\\/\"},\"sameAs\":[\"https:\\\/\\\/www.facebook.com\\\/DiarioDigitaFemenino\\\/\",\"https:\\\/\\\/x.com\\\/DiarioFemenino1\"]},{\"@type\":\"Person\",\"@id\":\"https:\\\/\\\/diariofemenino.com.ar\\\/df\\\/#\\\/schema\\\/person\\\/bf6199e8158c657ea6f789b11ec85509\",\"name\":\"Admin\",\"image\":{\"@type\":\"ImageObject\",\"inLanguage\":\"es\",\"@id\":\"https:\\\/\\\/diariofemenino.com.ar\\\/df\\\/wp-content\\\/uploads\\\/2018\\\/12\\\/favicon-150x150.jpg\",\"url\":\"https:\\\/\\\/diariofemenino.com.ar\\\/df\\\/wp-content\\\/uploads\\\/2018\\\/12\\\/favicon-150x150.jpg\",\"contentUrl\":\"https:\\\/\\\/diariofemenino.com.ar\\\/df\\\/wp-content\\\/uploads\\\/2018\\\/12\\\/favicon-150x150.jpg\",\"caption\":\"Admin\"},\"url\":\"https:\\\/\\\/diariofemenino.com.ar\\\/df\\\/author\\\/lenny\\\/\"}]}<\/script>\n<!-- \/ Yoast SEO plugin. -->","yoast_head_json":{"title":"La palabra \u201cFeminazi\u201d = expresi\u00f3n de ignorancia - Diario Digital Femenino","description":"La palabra \u201cFeminazi\u201d. Ante esta ola de violencia es natural que el movimiento feminista haya cobrado fuerza...Por Laura Carreto Tirado","robots":{"index":"index","follow":"follow","max-snippet":"max-snippet:-1","max-image-preview":"max-image-preview:large","max-video-preview":"max-video-preview:-1"},"canonical":"https:\/\/diariofemenino.com.ar\/df\/la-palabra-feminazi-expresion-de-ignorancia\/","og_locale":"es_ES","og_type":"article","og_title":"La palabra \u201cFeminazi\u201d = expresi\u00f3n de ignorancia - Diario Digital Femenino","og_description":"La palabra \u201cFeminazi\u201d. Ante esta ola de violencia es natural que el movimiento feminista haya cobrado fuerza...Por Laura Carreto Tirado","og_url":"https:\/\/diariofemenino.com.ar\/df\/la-palabra-feminazi-expresion-de-ignorancia\/","og_site_name":"Diario Digital Femenino","article_publisher":"https:\/\/www.facebook.com\/DiarioDigitaFemenino\/","article_published_time":"2020-02-20T12:52:23+00:00","og_image":[{"width":983,"height":557,"url":"https:\/\/diariofemenino.com.ar\/df\/wp-content\/uploads\/2020\/02\/nofeminazi-focus-0-0-983-557.jpg","type":"image\/jpeg"}],"author":"Admin","twitter_card":"summary_large_image","twitter_creator":"@DiarioFemenino1","twitter_site":"@DiarioFemenino1","twitter_misc":{"Escrito por":"Admin","Tiempo de lectura":"9 minutos"},"schema":{"@context":"https:\/\/schema.org","@graph":[{"@type":"Article","@id":"https:\/\/diariofemenino.com.ar\/df\/la-palabra-feminazi-expresion-de-ignorancia\/#article","isPartOf":{"@id":"https:\/\/diariofemenino.com.ar\/df\/la-palabra-feminazi-expresion-de-ignorancia\/"},"author":{"name":"Admin","@id":"https:\/\/diariofemenino.com.ar\/df\/#\/schema\/person\/bf6199e8158c657ea6f789b11ec85509"},"headline":"La palabra \u201cFeminazi\u201d = expresi\u00f3n de ignorancia","datePublished":"2020-02-20T12:52:23+00:00","mainEntityOfPage":{"@id":"https:\/\/diariofemenino.com.ar\/df\/la-palabra-feminazi-expresion-de-ignorancia\/"},"wordCount":1899,"commentCount":0,"publisher":{"@id":"https:\/\/diariofemenino.com.ar\/df\/#organization"},"image":{"@id":"https:\/\/diariofemenino.com.ar\/df\/la-palabra-feminazi-expresion-de-ignorancia\/#primaryimage"},"thumbnailUrl":"https:\/\/diariofemenino.com.ar\/df\/wp-content\/uploads\/2020\/02\/nofeminazi-focus-0-0-983-557.jpg","keywords":["expresi\u00f3n","Feminazi","ignorancia"],"articleSection":["Actividades","Agenda Feminista","Biblioteca Virtual","Mujeres en Palabras","Resistencia VerdeVioleta"],"inLanguage":"es","potentialAction":[{"@type":"CommentAction","name":"Comment","target":["https:\/\/diariofemenino.com.ar\/df\/la-palabra-feminazi-expresion-de-ignorancia\/#respond"]}]},{"@type":"WebPage","@id":"https:\/\/diariofemenino.com.ar\/df\/la-palabra-feminazi-expresion-de-ignorancia\/","url":"https:\/\/diariofemenino.com.ar\/df\/la-palabra-feminazi-expresion-de-ignorancia\/","name":"La palabra \u201cFeminazi\u201d = expresi\u00f3n de ignorancia - Diario Digital Femenino","isPartOf":{"@id":"https:\/\/diariofemenino.com.ar\/df\/#website"},"primaryImageOfPage":{"@id":"https:\/\/diariofemenino.com.ar\/df\/la-palabra-feminazi-expresion-de-ignorancia\/#primaryimage"},"image":{"@id":"https:\/\/diariofemenino.com.ar\/df\/la-palabra-feminazi-expresion-de-ignorancia\/#primaryimage"},"thumbnailUrl":"https:\/\/diariofemenino.com.ar\/df\/wp-content\/uploads\/2020\/02\/nofeminazi-focus-0-0-983-557.jpg","datePublished":"2020-02-20T12:52:23+00:00","description":"La palabra \u201cFeminazi\u201d. Ante esta ola de violencia es natural que el movimiento feminista haya cobrado fuerza...Por Laura Carreto Tirado","breadcrumb":{"@id":"https:\/\/diariofemenino.com.ar\/df\/la-palabra-feminazi-expresion-de-ignorancia\/#breadcrumb"},"inLanguage":"es","potentialAction":[{"@type":"ReadAction","target":["https:\/\/diariofemenino.com.ar\/df\/la-palabra-feminazi-expresion-de-ignorancia\/"]}]},{"@type":"ImageObject","inLanguage":"es","@id":"https:\/\/diariofemenino.com.ar\/df\/la-palabra-feminazi-expresion-de-ignorancia\/#primaryimage","url":"https:\/\/diariofemenino.com.ar\/df\/wp-content\/uploads\/2020\/02\/nofeminazi-focus-0-0-983-557.jpg","contentUrl":"https:\/\/diariofemenino.com.ar\/df\/wp-content\/uploads\/2020\/02\/nofeminazi-focus-0-0-983-557.jpg","width":983,"height":557,"caption":"La palabra \u201cFeminazi\u201d = expresi\u00f3n de ignorancia"},{"@type":"BreadcrumbList","@id":"https:\/\/diariofemenino.com.ar\/df\/la-palabra-feminazi-expresion-de-ignorancia\/#breadcrumb","itemListElement":[{"@type":"ListItem","position":1,"name":"Portada","item":"https:\/\/diariofemenino.com.ar\/df\/"},{"@type":"ListItem","position":2,"name":"La palabra \u201cFeminazi\u201d = expresi\u00f3n de ignorancia"}]},{"@type":"WebSite","@id":"https:\/\/diariofemenino.com.ar\/df\/#website","url":"https:\/\/diariofemenino.com.ar\/df\/","name":"Diario Digital Femenino","description":"Cuesti\u00f3n de G\u00e9nero","publisher":{"@id":"https:\/\/diariofemenino.com.ar\/df\/#organization"},"potentialAction":[{"@type":"SearchAction","target":{"@type":"EntryPoint","urlTemplate":"https:\/\/diariofemenino.com.ar\/df\/?s={search_term_string}"},"query-input":{"@type":"PropertyValueSpecification","valueRequired":true,"valueName":"search_term_string"}}],"inLanguage":"es"},{"@type":"Organization","@id":"https:\/\/diariofemenino.com.ar\/df\/#organization","name":"Diario Femenino","url":"https:\/\/diariofemenino.com.ar\/df\/","logo":{"@type":"ImageObject","inLanguage":"es","@id":"https:\/\/diariofemenino.com.ar\/df\/#\/schema\/logo\/image\/","url":"https:\/\/diariofemenino.com.ar\/df\/wp-content\/uploads\/2018\/10\/logo.png","contentUrl":"https:\/\/diariofemenino.com.ar\/df\/wp-content\/uploads\/2018\/10\/logo.png","width":500,"height":92,"caption":"Diario Femenino"},"image":{"@id":"https:\/\/diariofemenino.com.ar\/df\/#\/schema\/logo\/image\/"},"sameAs":["https:\/\/www.facebook.com\/DiarioDigitaFemenino\/","https:\/\/x.com\/DiarioFemenino1"]},{"@type":"Person","@id":"https:\/\/diariofemenino.com.ar\/df\/#\/schema\/person\/bf6199e8158c657ea6f789b11ec85509","name":"Admin","image":{"@type":"ImageObject","inLanguage":"es","@id":"https:\/\/diariofemenino.com.ar\/df\/wp-content\/uploads\/2018\/12\/favicon-150x150.jpg","url":"https:\/\/diariofemenino.com.ar\/df\/wp-content\/uploads\/2018\/12\/favicon-150x150.jpg","contentUrl":"https:\/\/diariofemenino.com.ar\/df\/wp-content\/uploads\/2018\/12\/favicon-150x150.jpg","caption":"Admin"},"url":"https:\/\/diariofemenino.com.ar\/df\/author\/lenny\/"}]}},"jetpack_featured_media_url":"https:\/\/diariofemenino.com.ar\/df\/wp-content\/uploads\/2020\/02\/nofeminazi-focus-0-0-983-557.jpg","jetpack_sharing_enabled":true,"rttpg_featured_image_url":{"full":["https:\/\/diariofemenino.com.ar\/df\/wp-content\/uploads\/2020\/02\/nofeminazi-focus-0-0-983-557.jpg",983,557,false],"landscape":["https:\/\/diariofemenino.com.ar\/df\/wp-content\/uploads\/2020\/02\/nofeminazi-focus-0-0-983-557.jpg",983,557,false],"portraits":["https:\/\/diariofemenino.com.ar\/df\/wp-content\/uploads\/2020\/02\/nofeminazi-focus-0-0-983-557.jpg",983,557,false],"thumbnail":["https:\/\/diariofemenino.com.ar\/df\/wp-content\/uploads\/2020\/02\/nofeminazi-focus-0-0-983-557-150x150.jpg",150,150,true],"medium":["https:\/\/diariofemenino.com.ar\/df\/wp-content\/uploads\/2020\/02\/nofeminazi-focus-0-0-983-557-300x170.jpg",300,170,true],"large":["https:\/\/diariofemenino.com.ar\/df\/wp-content\/uploads\/2020\/02\/nofeminazi-focus-0-0-983-557.jpg",983,557,false],"1536x1536":["https:\/\/diariofemenino.com.ar\/df\/wp-content\/uploads\/2020\/02\/nofeminazi-focus-0-0-983-557.jpg",983,557,false],"2048x2048":["https:\/\/diariofemenino.com.ar\/df\/wp-content\/uploads\/2020\/02\/nofeminazi-focus-0-0-983-557.jpg",983,557,false]},"rttpg_author":{"display_name":"Admin","author_link":"https:\/\/diariofemenino.com.ar\/df\/author\/lenny\/"},"rttpg_comment":0,"rttpg_category":"<a href=\"https:\/\/diariofemenino.com.ar\/df\/category\/actividades\/\" rel=\"category tag\">Actividades<\/a> <a href=\"https:\/\/diariofemenino.com.ar\/df\/category\/agenda-feminista\/\" rel=\"category tag\">Agenda Feminista<\/a> <a href=\"https:\/\/diariofemenino.com.ar\/df\/category\/biblioteca\/\" rel=\"category tag\">Biblioteca Virtual<\/a> <a href=\"https:\/\/diariofemenino.com.ar\/df\/category\/articulos\/\" rel=\"category tag\">Mujeres en Palabras<\/a> <a href=\"https:\/\/diariofemenino.com.ar\/df\/category\/resistencia-verdevioleta\/\" rel=\"category tag\">Resistencia VerdeVioleta<\/a>","rttpg_excerpt":"Ante esta ola de violencia es natural que el movimiento feminista haya cobrado fuerza&#8230; Por\u00a0Laura Carreto Tirado Foto de Portada: cuartoscuro archivo Seg\u00fan el Observatorio Ciudadano Nacional de Feminicidio, en voz de su asesora jur\u00eddica Ana Yeli P\u00e9rez, en M\u00e9xico han sido asesinadas 8,904 mujeres en un lapso de 2014 y 2017; 1,420 de estos&hellip;","_links":{"self":[{"href":"https:\/\/diariofemenino.com.ar\/df\/wp-json\/wp\/v2\/posts\/46569","targetHints":{"allow":["GET"]}}],"collection":[{"href":"https:\/\/diariofemenino.com.ar\/df\/wp-json\/wp\/v2\/posts"}],"about":[{"href":"https:\/\/diariofemenino.com.ar\/df\/wp-json\/wp\/v2\/types\/post"}],"author":[{"embeddable":true,"href":"https:\/\/diariofemenino.com.ar\/df\/wp-json\/wp\/v2\/users\/4"}],"replies":[{"embeddable":true,"href":"https:\/\/diariofemenino.com.ar\/df\/wp-json\/wp\/v2\/comments?post=46569"}],"version-history":[{"count":0,"href":"https:\/\/diariofemenino.com.ar\/df\/wp-json\/wp\/v2\/posts\/46569\/revisions"}],"wp:featuredmedia":[{"embeddable":true,"href":"https:\/\/diariofemenino.com.ar\/df\/wp-json\/wp\/v2\/media\/46572"}],"wp:attachment":[{"href":"https:\/\/diariofemenino.com.ar\/df\/wp-json\/wp\/v2\/media?parent=46569"}],"wp:term":[{"taxonomy":"category","embeddable":true,"href":"https:\/\/diariofemenino.com.ar\/df\/wp-json\/wp\/v2\/categories?post=46569"},{"taxonomy":"post_tag","embeddable":true,"href":"https:\/\/diariofemenino.com.ar\/df\/wp-json\/wp\/v2\/tags?post=46569"}],"curies":[{"name":"wp","href":"https:\/\/api.w.org\/{rel}","templated":true}]}}